{"id":10052,"date":"2022-10-12T14:15:02","date_gmt":"2022-10-12T11:15:02","guid":{"rendered":"https:\/\/blogit.lab.fi\/labfocus\/?p=10052"},"modified":"2022-10-12T14:15:03","modified_gmt":"2022-10-12T11:15:03","slug":"podcasteista-lisaboostia-amk-hankkeiden-viestintaan","status":"publish","type":"post","link":"https:\/\/blogit.lab.fi\/labfocus\/podcasteista-lisaboostia-amk-hankkeiden-viestintaan\/","title":{"rendered":"Podcasteista lis\u00e4boostia amk-hankkeiden viestint\u00e4\u00e4n\u00a0"},"content":{"rendered":"\n<p>Podcastien tekemisest\u00e4 on tullut olennainen osa hankeviestint\u00e4\u00e4 monissa ammattikorkeakouluissa (Varis 2019). Nykyisin jopa joka viides suomalainen kuuntelee podcasteja viikoittain (Varis 2019). My\u00f6s LAB- ja Laurea-ammattikorkeakoulujen Vihre\u00e4 tilinp\u00e4\u00e4t\u00f6s ja vastuullisuus osana vihre\u00e4\u00e4 tilinp\u00e4\u00e4t\u00f6st\u00e4 &#8211; Vihre\u00e4 vastuu -hankkeessa (Vihre\u00e4 vastuu 2022; LAB 2022) tuotetaan parhaillaan hankkeeseen liittyv\u00e4\u00e4 podcast-sarjaa, joka keskittyy pienten ja keskisuurten yritysten vastuullisuuteen liittyviin ajankohtaisiin kysymyksiin erityisesti pk-tilitoimistoissa ja heid\u00e4n asiakaskunnassaan.<\/p>\n\n\n\n<figure class=\"wp-block-image size-large\"><img loading=\"lazy\" decoding=\"async\" width=\"1024\" height=\"609\" src=\"https:\/\/blogit.lab.fi\/labfocus\/wp-content\/uploads\/sites\/8\/2022\/10\/609_2022_Podcasteista-lisaboostia-amk-hankkeiden-viestintaan-1024x609.jpg\" alt=\"\" class=\"wp-image-10053\" srcset=\"https:\/\/blogit.lab.fi\/labfocus\/wp-content\/uploads\/sites\/8\/2022\/10\/609_2022_Podcasteista-lisaboostia-amk-hankkeiden-viestintaan-1024x609.jpg 1024w, https:\/\/blogit.lab.fi\/labfocus\/wp-content\/uploads\/sites\/8\/2022\/10\/609_2022_Podcasteista-lisaboostia-amk-hankkeiden-viestintaan-300x178.jpg 300w, https:\/\/blogit.lab.fi\/labfocus\/wp-content\/uploads\/sites\/8\/2022\/10\/609_2022_Podcasteista-lisaboostia-amk-hankkeiden-viestintaan-768x457.jpg 768w, https:\/\/blogit.lab.fi\/labfocus\/wp-content\/uploads\/sites\/8\/2022\/10\/609_2022_Podcasteista-lisaboostia-amk-hankkeiden-viestintaan-570x339.jpg 570w, https:\/\/blogit.lab.fi\/labfocus\/wp-content\/uploads\/sites\/8\/2022\/10\/609_2022_Podcasteista-lisaboostia-amk-hankkeiden-viestintaan.jpg 1280w\" sizes=\"auto, (max-width: 1024px) 100vw, 1024px\" \/><figcaption><a>Kuva 1. Podcastit tuovat vetovoimaisuutta: moni kuuntelee mielell\u00e4\u00e4n laadukasta \u00e4\u00e4nisis\u00e4lt\u00f6\u00e4. (florantevaldez 2017)<\/a>\u00a0<\/figcaption><\/figure>\n\n\n\n<p>Ensimm\u00e4isess\u00e4 podcastissa <a>Terhi Tuominen, Jaakko Gr\u00f6nmark ja Arto Lindeberg <\/a>keskustelevat hankkeen idean syntymisest\u00e4, hankkeen mahdollistajista, tavoitteista, kohderyhmist\u00e4 ja hankkeen toimenpiteist\u00e4 (<a>Lindeberg ym. 2022<\/a><a href=\"#_msocom_6\">;<\/a>\u00a0Linkki 1); <a href=\"https:\/\/soundcloud.com\/laurea-ammattikorkeakoulu\/miksi-nyt-on-oikea-aika-pk-yrityksissa-miettia-vastuullisuutta\">Linkki podcast-sarjan avausjaksoon<\/a>.<\/p>\n\n\n\n<h2 class=\"wp-block-heading\"><a>K<\/a>\u00e4sikirjoitukseen kannattaa panostaa<\/h2>\n\n\n\n<p><a><\/a><a>Kirjoittajille podcastin tekeminen tuntui aluksi hieman vieraalta ajatukselta, koska he eiv\u00e4t olleet tehneet podcasteja aiemmin. Podcastien tekemiseen he perehtyiv\u00e4t Laurea-ammattikorkeakoulun 3amk-podcastkoulutuksen ohjeista.<\/a><\/p>\n\n\n\n<p>Kirjoittajat laativat yhdess\u00e4 selke\u00e4n k\u00e4sikirjoituksen, jossa he suunnittelivat puheenvuorot ja keskustelun aiheet. Kirjoittajat valitsivat nauhoituksen tekoa varten hiljaisen huoneen h\u00e4iri\u00f6iden minimoimiseksi. Julkaisun j\u00e4lkeen hanketiimi viestitti podcastista muun muassa LinkedIniss\u00e4 saadakseen parhaan mahdollisen n\u00e4kyvyyden.<\/p>\n\n\n\n<p>Kaksi viikkoa ensimm\u00e4isen podcastjakson julkaisemisen j\u00e4lkeen johdantojaksoa oli kuunneltu Laurean SoundCloudissa jo 79 kertaa, mit\u00e4 voi pit\u00e4\u00e4 varsin hyv\u00e4n\u00e4 saavutuksena. Kirjoittajien mielest\u00e4 podcasteja voisi hy\u00f6dynt\u00e4\u00e4 hankeviestinn\u00e4n lis\u00e4ksi opetuksessakin, koska ne voivat parhaimmillaan tuoda mukavaa vaihtelua perinteisiin luentoihin.<\/p>\n\n\n\n<p><a>Podcastit ovat kuunneltavissa my\u00f6s Vihre\u00e4 vastuu -hankkeiden nettisivuilta.<\/a>\u00a0<\/p>\n\n\n\n<div class=\"wp-block-group has-background\" style=\"background-color:#8dd2fc96\"><div class=\"wp-block-group__inner-container is-layout-flow wp-block-group-is-layout-flow\">\n<p>Kirjoittajat<\/p>\n\n\n\n<p><strong>Arto Lindeberg<\/strong> (KTM) toimii hankeasiantuntijana Laurea Ammattikorkeakoulun Vihre\u00e4 tilinp\u00e4\u00e4t\u00f6s ja vastuullisuus osana Vihre\u00e4\u00e4 siirtym\u00e4\u00e4 \u2012 Vihre\u00e4 Vastuu -hankkeessa.<\/p>\n\n\n\n<p><strong>Jaakko Gr\u00f6nmark<\/strong> (Tradenomi amk) toimii Laurea-ammattikorkeakoulussa hankety\u00f6ntekij\u00e4n\u00e4 Vihre\u00e4 tilinp\u00e4\u00e4t\u00f6s ja vastuullisuus osana Vihre\u00e4\u00e4 siirtym\u00e4\u00e4 \u2013 Vihre\u00e4 Vastuu -hankkeessa sek\u00e4 El\u00e4in on -yritysryhm\u00e4hankkeen projektip\u00e4\u00e4llikk\u00f6n\u00e4.<\/p>\n\n\n\n<p><strong>Terhi Tuominen<\/strong> (KTT, KTM) toimii TKI-asiantuntijana ja projektip\u00e4\u00e4llikk\u00f6n\u00e4 LAB-ammattikorkeakoulun Vihre\u00e4 tilinp\u00e4\u00e4t\u00f6s ja vastuullisuus osana Vihre\u00e4\u00e4 siirtym\u00e4\u00e4 \u2013 Vihre\u00e4 Vastuu -hankkeessa.<\/p>\n<\/div><\/div>\n\n\n\n<h2 class=\"wp-block-heading\"><a>L\u00e4hteet<\/a>\u00a0<\/h2>\n\n\n\n<p>florantevaldez. 2017. Valdez, F. Podcast, audio, \u00e4\u00e4nite, mikrofoni. Pixabay. Viitattu 10.10.2022. Saatavissa <a href=\"https:\/\/pixabay.com\/fi\/photos\/podcast-audio-%c3%a4%c3%a4nite-mikrofoni-2170045\/\" target=\"_blank\" rel=\"noreferrer noopener\">https:\/\/pixabay.com\/fi\/photos\/podcast-audio-%c3%a4%c3%a4nite-mikrofoni-2170045\/<\/a><\/p>\n\n\n\n<p>LAB. 2022. Vihre\u00e4 tilinp\u00e4\u00e4t\u00f6s ja vastuullisuus osana vihre\u00e4\u00e4 siirtym\u00e4\u00e4 \u2013 Vihre\u00e4 vastuu. Hanke. Viitattu 10.10.2022. Saatavissa <a href=\"https:\/\/www.lab.fi\/fi\/projekti\/vihrea-tilinpaatos-ja-vastuullisuus-osana-vihreaa-siirtymaa-vihrea-vastuu\" target=\"_blank\" rel=\"noreferrer noopener\">https:\/\/www.lab.fi\/fi\/projekti\/vihrea-tilinpaatos-ja-vastuullisuus-osana-vihreaa-siirtymaa-vihrea-vastuu<\/a><\/p>\n\n\n\n<p>Lindeberg, A., Tuominen, T. &amp; Gr\u00f6nmark, J. 2022. <a>Yritysvastuuraportoinnin ABC: Miksi nyt on oikea aika pk-yrityksiss\u00e4 mietti\u00e4 vastuullisuutta? Podcast. Laurea-ammattikorkeakoulu. Viitattu 27.9.2022. Saatavissa <\/a><a href=\"https:\/\/soundcloud.com\/laurea-ammattikorkeakoulu\/miksi-nyt-on-oikea-aika-pk-yrityksissa-miettia-vastuullisuutta\" target=\"_blank\" rel=\"noreferrer noopener\">https:\/\/soundcloud.com\/laurea-ammattikorkeakoulu\/miksi-nyt-on-oikea-aika-pk-yrityksissa-miettia-vastuullisuutta<\/a>\u00a0<\/p>\n\n\n\n<p>Varis, K. 2019. Podcastit tulevat korkeakouluihin. VASU. Karelia-ammattikorkeakoulujen verkkojulkaisu. Viitattu 27.9.2022. Saatavissa <a href=\"https:\/\/vasu.karelia.fi\/2019\/09\/19\/podcastit-tulevat-korkeakouluihin\/\" target=\"_blank\" rel=\"noreferrer noopener\">https:\/\/vasu.karelia.fi\/2019\/09\/19\/podcastit-tulevat-korkeakouluihin\/<\/a><\/p>\n\n\n\n<p>Vihre\u00e4 vastuu. 2022. Hankkeen internetsivut. Viitattu 07.09.2022. Saatavissa <a href=\"http:\/\/www.vihreavastuu.fi\" target=\"_blank\" rel=\"noreferrer noopener\">www.vihreavastuu.fi<\/a><\/p>\n\n\n\n<h2 class=\"wp-block-heading\">Linkit<\/h2>\n\n\n\n<p>Linkki 1. Lindeberg, A., Tuominen, T. &amp; Gr\u00f6nmark, J. 2022. Yritysvastuuraportoinnin ABC: Miksi nyt on oikea aika pk-yrityksiss\u00e4 mietti\u00e4 vastuullisuutta? Podcast. Laurea-ammattikorkeakoulu. Viitattu 27.9.2022 Saatavissa <a href=\"https:\/\/soundcloud.com\/laurea-ammattikorkeakoulu\/miksi-nyt-on-oikea-aika-pk-yrityksissa-miettia-vastuullisuutta\" target=\"_blank\" rel=\"noreferrer noopener\">https:\/\/soundcloud.com\/laurea-ammattikorkeakoulu\/miksi-nyt-on-oikea-aika-pk-yrityksissa-miettia-vastuullisuutta<\/a><\/p>\n\n\n\n<p><a id=\"_msocom_1\"><\/a><\/p>\n\n\n\n<p>\u00a0<\/p>\n\n\n\n<p><a id=\"_msocom_11\"><\/a><\/p>\n\n\n\n<p><\/p>\n\n\n\n<p><a id=\"_msocom_12\"><\/a><\/p>\n\n\n\n<p>\u00a0<\/p>\n","protected":false},"excerpt":{"rendered":"<p>Podcastien tekemisest\u00e4 on tullut olennainen osa hankeviestint\u00e4\u00e4 monissa ammattikorkeakouluissa (Varis 2019). Nykyisin jopa joka viides suomalainen kuuntelee podcasteja viikoittain (Varis 2019). My\u00f6s LAB- ja Laurea-ammattikorkeakoulujen Vihre\u00e4 tilinp\u00e4\u00e4t\u00f6s ja vastuullisuus osana vihre\u00e4\u00e4 tilinp\u00e4\u00e4t\u00f6st\u00e4 &#8211; Vihre\u00e4 vastuu -hankkeessa (Vihre\u00e4 vastuu 2022; LAB 2022) tuotetaan parhaillaan hankkeeseen liittyv\u00e4\u00e4 podcast-sarjaa, joka keskittyy pienten ja keskisuurten yritysten vastuullisuuteen liittyviin ajankohtaisiin [&hellip;]<\/p>\n","protected":false},"author":17,"featured_media":10053,"comment_status":"closed","ping_status":"open","sticky":false,"template":"","format":"standard","meta":{"footnotes":""},"categories":[19,403],"tags":[4678,29,4676,3756,2881],"class_list":{"0":"post-10052","1":"post","2":"type-post","3":"status-publish","4":"format-standard","5":"has-post-thumbnail","7":"category-innovations_fi","8":"category-liiketoiminnan-muotoilu-ja-runsas-arvo","9":"tag-ammattikorkeakoulu-fi","10":"tag-artikkeli-e1","11":"tag-hankeviestinta-fi","12":"tag-podcast","13":"tag-vihrea-vastuu","14":"czr-hentry"},"yoast_head":"<!-- This site is optimized with the Yoast SEO plugin v27.4 - https:\/\/yoast.com\/product\/yoast-seo-wordpress\/ -->\n<title>Podcasteista lis\u00e4boostia amk-hankkeiden viestint\u00e4\u00e4n\u00a0 - LAB Focus<\/title>\n<meta name=\"description\" content=\"Vihre\u00e4 vastuu on LABin ja Laurean yhteinen hanke, joka t\u00e4ht\u00e4\u00e4 pk-yritysten vastuullisuustietoisuuteen. Hankkeessa tuotetaan sarja podcasteja.\" \/>\n<meta name=\"robots\" content=\"index, follow, max-snippet:-1, max-image-preview:large, max-video-preview:-1\" \/>\n<link rel=\"canonical\" href=\"https:\/\/blogit.lab.fi\/labfocus\/podcasteista-lisaboostia-amk-hankkeiden-viestintaan\/\" \/>\n<meta property=\"og:locale\" content=\"fi_FI\" \/>\n<meta property=\"og:type\" content=\"article\" \/>\n<meta property=\"og:title\" content=\"Podcasteista lis\u00e4boostia amk-hankkeiden viestint\u00e4\u00e4n\u00a0 - LAB Focus\" \/>\n<meta property=\"og:description\" content=\"Vihre\u00e4 vastuu on LABin ja Laurean yhteinen hanke, joka t\u00e4ht\u00e4\u00e4 pk-yritysten vastuullisuustietoisuuteen. Hankkeessa tuotetaan sarja podcasteja.\" \/>\n<meta property=\"og:url\" content=\"https:\/\/blogit.lab.fi\/labfocus\/podcasteista-lisaboostia-amk-hankkeiden-viestintaan\/\" \/>\n<meta property=\"og:site_name\" content=\"LAB Focus\" \/>\n<meta property=\"article:published_time\" content=\"2022-10-12T11:15:02+00:00\" \/>\n<meta property=\"article:modified_time\" content=\"2022-10-12T11:15:03+00:00\" \/>\n<meta property=\"og:image\" content=\"https:\/\/blogit.lab.fi\/labfocus\/wp-content\/uploads\/sites\/8\/2022\/10\/609_2022_Podcasteista-lisaboostia-amk-hankkeiden-viestintaan.jpg\" \/>\n\t<meta property=\"og:image:width\" content=\"1280\" \/>\n\t<meta property=\"og:image:height\" content=\"761\" \/>\n\t<meta property=\"og:image:type\" content=\"image\/jpeg\" \/>\n<meta name=\"author\" content=\"tainask\" \/>\n<meta name=\"twitter:card\" content=\"summary_large_image\" \/>\n<meta name=\"twitter:creator\" content=\"@LABfinland\" \/>\n<meta name=\"twitter:site\" content=\"@LABfinland\" \/>\n<meta name=\"twitter:label1\" content=\"Kirjoittanut\" \/>\n\t<meta name=\"twitter:data1\" content=\"tainask\" \/>\n\t<meta name=\"twitter:label2\" content=\"Arvioitu lukuaika\" \/>\n\t<meta name=\"twitter:data2\" content=\"3 minuuttia\" \/>\n<script type=\"application\/ld+json\" class=\"yoast-schema-graph\">{\"@context\":\"https:\\\/\\\/schema.org\",\"@graph\":[{\"@type\":\"Article\",\"@id\":\"https:\\\/\\\/blogit.lab.fi\\\/labfocus\\\/podcasteista-lisaboostia-amk-hankkeiden-viestintaan\\\/#article\",\"isPartOf\":{\"@id\":\"https:\\\/\\\/blogit.lab.fi\\\/labfocus\\\/podcasteista-lisaboostia-amk-hankkeiden-viestintaan\\\/\"},\"author\":{\"name\":\"tainask\",\"@id\":\"https:\\\/\\\/blogit.lab.fi\\\/labfocus\\\/#\\\/schema\\\/person\\\/da729f65c4a2fb9fd8f0b1ec7a2ab7d0\"},\"headline\":\"Podcasteista lis\u00e4boostia amk-hankkeiden viestint\u00e4\u00e4n\u00a0\",\"datePublished\":\"2022-10-12T11:15:02+00:00\",\"dateModified\":\"2022-10-12T11:15:03+00:00\",\"mainEntityOfPage\":{\"@id\":\"https:\\\/\\\/blogit.lab.fi\\\/labfocus\\\/podcasteista-lisaboostia-amk-hankkeiden-viestintaan\\\/\"},\"wordCount\":426,\"publisher\":{\"@id\":\"https:\\\/\\\/blogit.lab.fi\\\/labfocus\\\/#organization\"},\"image\":{\"@id\":\"https:\\\/\\\/blogit.lab.fi\\\/labfocus\\\/podcasteista-lisaboostia-amk-hankkeiden-viestintaan\\\/#primaryimage\"},\"thumbnailUrl\":\"https:\\\/\\\/blogit.lab.fi\\\/labfocus\\\/wp-content\\\/uploads\\\/sites\\\/8\\\/2022\\\/10\\\/609_2022_Podcasteista-lisaboostia-amk-hankkeiden-viestintaan.jpg\",\"keywords\":[\"ammattikorkeakoulu\",\"Artikkeli E1\",\"hankeviestint\u00e4\",\"podcast\",\"Vihre\u00e4 vastuu\"],\"articleSection\":[\"Innovations\",\"Liiketoiminnan muotoilu ja runsas arvo\"],\"inLanguage\":\"fi\"},{\"@type\":\"WebPage\",\"@id\":\"https:\\\/\\\/blogit.lab.fi\\\/labfocus\\\/podcasteista-lisaboostia-amk-hankkeiden-viestintaan\\\/\",\"url\":\"https:\\\/\\\/blogit.lab.fi\\\/labfocus\\\/podcasteista-lisaboostia-amk-hankkeiden-viestintaan\\\/\",\"name\":\"Podcasteista lis\u00e4boostia amk-hankkeiden viestint\u00e4\u00e4n\u00a0 - LAB Focus\",\"isPartOf\":{\"@id\":\"https:\\\/\\\/blogit.lab.fi\\\/labfocus\\\/#website\"},\"primaryImageOfPage\":{\"@id\":\"https:\\\/\\\/blogit.lab.fi\\\/labfocus\\\/podcasteista-lisaboostia-amk-hankkeiden-viestintaan\\\/#primaryimage\"},\"image\":{\"@id\":\"https:\\\/\\\/blogit.lab.fi\\\/labfocus\\\/podcasteista-lisaboostia-amk-hankkeiden-viestintaan\\\/#primaryimage\"},\"thumbnailUrl\":\"https:\\\/\\\/blogit.lab.fi\\\/labfocus\\\/wp-content\\\/uploads\\\/sites\\\/8\\\/2022\\\/10\\\/609_2022_Podcasteista-lisaboostia-amk-hankkeiden-viestintaan.jpg\",\"datePublished\":\"2022-10-12T11:15:02+00:00\",\"dateModified\":\"2022-10-12T11:15:03+00:00\",\"description\":\"Vihre\u00e4 vastuu on LABin ja Laurean yhteinen hanke, joka t\u00e4ht\u00e4\u00e4 pk-yritysten vastuullisuustietoisuuteen. Hankkeessa tuotetaan sarja podcasteja.\",\"breadcrumb\":{\"@id\":\"https:\\\/\\\/blogit.lab.fi\\\/labfocus\\\/podcasteista-lisaboostia-amk-hankkeiden-viestintaan\\\/#breadcrumb\"},\"inLanguage\":\"fi\",\"potentialAction\":[{\"@type\":\"ReadAction\",\"target\":[\"https:\\\/\\\/blogit.lab.fi\\\/labfocus\\\/podcasteista-lisaboostia-amk-hankkeiden-viestintaan\\\/\"]}]},{\"@type\":\"ImageObject\",\"inLanguage\":\"fi\",\"@id\":\"https:\\\/\\\/blogit.lab.fi\\\/labfocus\\\/podcasteista-lisaboostia-amk-hankkeiden-viestintaan\\\/#primaryimage\",\"url\":\"https:\\\/\\\/blogit.lab.fi\\\/labfocus\\\/wp-content\\\/uploads\\\/sites\\\/8\\\/2022\\\/10\\\/609_2022_Podcasteista-lisaboostia-amk-hankkeiden-viestintaan.jpg\",\"contentUrl\":\"https:\\\/\\\/blogit.lab.fi\\\/labfocus\\\/wp-content\\\/uploads\\\/sites\\\/8\\\/2022\\\/10\\\/609_2022_Podcasteista-lisaboostia-amk-hankkeiden-viestintaan.jpg\",\"width\":1280,\"height\":761},{\"@type\":\"BreadcrumbList\",\"@id\":\"https:\\\/\\\/blogit.lab.fi\\\/labfocus\\\/podcasteista-lisaboostia-amk-hankkeiden-viestintaan\\\/#breadcrumb\",\"itemListElement\":[{\"@type\":\"ListItem\",\"position\":1,\"name\":\"Home\",\"item\":\"https:\\\/\\\/blogit.lab.fi\\\/labfocus\\\/\"},{\"@type\":\"ListItem\",\"position\":2,\"name\":\"Podcasteista lis\u00e4boostia amk-hankkeiden viestint\u00e4\u00e4n\u00a0\"}]},{\"@type\":\"WebSite\",\"@id\":\"https:\\\/\\\/blogit.lab.fi\\\/labfocus\\\/#website\",\"url\":\"https:\\\/\\\/blogit.lab.fi\\\/labfocus\\\/\",\"name\":\"LAB Focus\",\"description\":\"Focus Area blog | LAB University of Applied Sciences\",\"publisher\":{\"@id\":\"https:\\\/\\\/blogit.lab.fi\\\/labfocus\\\/#organization\"},\"potentialAction\":[{\"@type\":\"SearchAction\",\"target\":{\"@type\":\"EntryPoint\",\"urlTemplate\":\"https:\\\/\\\/blogit.lab.fi\\\/labfocus\\\/?s={search_term_string}\"},\"query-input\":{\"@type\":\"PropertyValueSpecification\",\"valueRequired\":true,\"valueName\":\"search_term_string\"}}],\"inLanguage\":\"fi\"},{\"@type\":\"Organization\",\"@id\":\"https:\\\/\\\/blogit.lab.fi\\\/labfocus\\\/#organization\",\"name\":\"LAB Focus\",\"url\":\"https:\\\/\\\/blogit.lab.fi\\\/labfocus\\\/\",\"logo\":{\"@type\":\"ImageObject\",\"inLanguage\":\"fi\",\"@id\":\"https:\\\/\\\/blogit.lab.fi\\\/labfocus\\\/#\\\/schema\\\/logo\\\/image\\\/\",\"url\":\"https:\\\/\\\/blogit.lab.fi\\\/labfocus\\\/wp-content\\\/uploads\\\/sites\\\/8\\\/2020\\\/04\\\/cropped-cropped-tunnus_blogi-01.png\",\"contentUrl\":\"https:\\\/\\\/blogit.lab.fi\\\/labfocus\\\/wp-content\\\/uploads\\\/sites\\\/8\\\/2020\\\/04\\\/cropped-cropped-tunnus_blogi-01.png\",\"width\":1342,\"height\":288,\"caption\":\"LAB Focus\"},\"image\":{\"@id\":\"https:\\\/\\\/blogit.lab.fi\\\/labfocus\\\/#\\\/schema\\\/logo\\\/image\\\/\"},\"sameAs\":[\"https:\\\/\\\/x.com\\\/LABfinland\"]},{\"@type\":\"Person\",\"@id\":\"https:\\\/\\\/blogit.lab.fi\\\/labfocus\\\/#\\\/schema\\\/person\\\/da729f65c4a2fb9fd8f0b1ec7a2ab7d0\",\"name\":\"tainask\",\"image\":{\"@type\":\"ImageObject\",\"inLanguage\":\"fi\",\"@id\":\"https:\\\/\\\/secure.gravatar.com\\\/avatar\\\/4a96427877ef826b76e80c27f60b266128094f522551459346efcf14282febb3?s=96&d=mm&r=g\",\"url\":\"https:\\\/\\\/secure.gravatar.com\\\/avatar\\\/4a96427877ef826b76e80c27f60b266128094f522551459346efcf14282febb3?s=96&d=mm&r=g\",\"contentUrl\":\"https:\\\/\\\/secure.gravatar.com\\\/avatar\\\/4a96427877ef826b76e80c27f60b266128094f522551459346efcf14282febb3?s=96&d=mm&r=g\",\"caption\":\"tainask\"},\"url\":\"https:\\\/\\\/blogit.lab.fi\\\/labfocus\\\/author\\\/tainask\\\/\"}]}<\/script>\n<!-- \/ Yoast SEO plugin. -->","yoast_head_json":{"title":"Podcasteista lis\u00e4boostia amk-hankkeiden viestint\u00e4\u00e4n\u00a0 - LAB Focus","description":"Vihre\u00e4 vastuu on LABin ja Laurean yhteinen hanke, joka t\u00e4ht\u00e4\u00e4 pk-yritysten vastuullisuustietoisuuteen. Hankkeessa tuotetaan sarja podcasteja.","robots":{"index":"index","follow":"follow","max-snippet":"max-snippet:-1","max-image-preview":"max-image-preview:large","max-video-preview":"max-video-preview:-1"},"canonical":"https:\/\/blogit.lab.fi\/labfocus\/podcasteista-lisaboostia-amk-hankkeiden-viestintaan\/","og_locale":"fi_FI","og_type":"article","og_title":"Podcasteista lis\u00e4boostia amk-hankkeiden viestint\u00e4\u00e4n\u00a0 - LAB Focus","og_description":"Vihre\u00e4 vastuu on LABin ja Laurean yhteinen hanke, joka t\u00e4ht\u00e4\u00e4 pk-yritysten vastuullisuustietoisuuteen. Hankkeessa tuotetaan sarja podcasteja.","og_url":"https:\/\/blogit.lab.fi\/labfocus\/podcasteista-lisaboostia-amk-hankkeiden-viestintaan\/","og_site_name":"LAB Focus","article_published_time":"2022-10-12T11:15:02+00:00","article_modified_time":"2022-10-12T11:15:03+00:00","og_image":[{"width":1280,"height":761,"url":"https:\/\/blogit.lab.fi\/labfocus\/wp-content\/uploads\/sites\/8\/2022\/10\/609_2022_Podcasteista-lisaboostia-amk-hankkeiden-viestintaan.jpg","type":"image\/jpeg"}],"author":"tainask","twitter_card":"summary_large_image","twitter_creator":"@LABfinland","twitter_site":"@LABfinland","twitter_misc":{"Kirjoittanut":"tainask","Arvioitu lukuaika":"3 minuuttia"},"schema":{"@context":"https:\/\/schema.org","@graph":[{"@type":"Article","@id":"https:\/\/blogit.lab.fi\/labfocus\/podcasteista-lisaboostia-amk-hankkeiden-viestintaan\/#article","isPartOf":{"@id":"https:\/\/blogit.lab.fi\/labfocus\/podcasteista-lisaboostia-amk-hankkeiden-viestintaan\/"},"author":{"name":"tainask","@id":"https:\/\/blogit.lab.fi\/labfocus\/#\/schema\/person\/da729f65c4a2fb9fd8f0b1ec7a2ab7d0"},"headline":"Podcasteista lis\u00e4boostia amk-hankkeiden viestint\u00e4\u00e4n\u00a0","datePublished":"2022-10-12T11:15:02+00:00","dateModified":"2022-10-12T11:15:03+00:00","mainEntityOfPage":{"@id":"https:\/\/blogit.lab.fi\/labfocus\/podcasteista-lisaboostia-amk-hankkeiden-viestintaan\/"},"wordCount":426,"publisher":{"@id":"https:\/\/blogit.lab.fi\/labfocus\/#organization"},"image":{"@id":"https:\/\/blogit.lab.fi\/labfocus\/podcasteista-lisaboostia-amk-hankkeiden-viestintaan\/#primaryimage"},"thumbnailUrl":"https:\/\/blogit.lab.fi\/labfocus\/wp-content\/uploads\/sites\/8\/2022\/10\/609_2022_Podcasteista-lisaboostia-amk-hankkeiden-viestintaan.jpg","keywords":["ammattikorkeakoulu","Artikkeli E1","hankeviestint\u00e4","podcast","Vihre\u00e4 vastuu"],"articleSection":["Innovations","Liiketoiminnan muotoilu ja runsas arvo"],"inLanguage":"fi"},{"@type":"WebPage","@id":"https:\/\/blogit.lab.fi\/labfocus\/podcasteista-lisaboostia-amk-hankkeiden-viestintaan\/","url":"https:\/\/blogit.lab.fi\/labfocus\/podcasteista-lisaboostia-amk-hankkeiden-viestintaan\/","name":"Podcasteista lis\u00e4boostia amk-hankkeiden viestint\u00e4\u00e4n\u00a0 - LAB Focus","isPartOf":{"@id":"https:\/\/blogit.lab.fi\/labfocus\/#website"},"primaryImageOfPage":{"@id":"https:\/\/blogit.lab.fi\/labfocus\/podcasteista-lisaboostia-amk-hankkeiden-viestintaan\/#primaryimage"},"image":{"@id":"https:\/\/blogit.lab.fi\/labfocus\/podcasteista-lisaboostia-amk-hankkeiden-viestintaan\/#primaryimage"},"thumbnailUrl":"https:\/\/blogit.lab.fi\/labfocus\/wp-content\/uploads\/sites\/8\/2022\/10\/609_2022_Podcasteista-lisaboostia-amk-hankkeiden-viestintaan.jpg","datePublished":"2022-10-12T11:15:02+00:00","dateModified":"2022-10-12T11:15:03+00:00","description":"Vihre\u00e4 vastuu on LABin ja Laurean yhteinen hanke, joka t\u00e4ht\u00e4\u00e4 pk-yritysten vastuullisuustietoisuuteen. Hankkeessa tuotetaan sarja podcasteja.","breadcrumb":{"@id":"https:\/\/blogit.lab.fi\/labfocus\/podcasteista-lisaboostia-amk-hankkeiden-viestintaan\/#breadcrumb"},"inLanguage":"fi","potentialAction":[{"@type":"ReadAction","target":["https:\/\/blogit.lab.fi\/labfocus\/podcasteista-lisaboostia-amk-hankkeiden-viestintaan\/"]}]},{"@type":"ImageObject","inLanguage":"fi","@id":"https:\/\/blogit.lab.fi\/labfocus\/podcasteista-lisaboostia-amk-hankkeiden-viestintaan\/#primaryimage","url":"https:\/\/blogit.lab.fi\/labfocus\/wp-content\/uploads\/sites\/8\/2022\/10\/609_2022_Podcasteista-lisaboostia-amk-hankkeiden-viestintaan.jpg","contentUrl":"https:\/\/blogit.lab.fi\/labfocus\/wp-content\/uploads\/sites\/8\/2022\/10\/609_2022_Podcasteista-lisaboostia-amk-hankkeiden-viestintaan.jpg","width":1280,"height":761},{"@type":"BreadcrumbList","@id":"https:\/\/blogit.lab.fi\/labfocus\/podcasteista-lisaboostia-amk-hankkeiden-viestintaan\/#breadcrumb","itemListElement":[{"@type":"ListItem","position":1,"name":"Home","item":"https:\/\/blogit.lab.fi\/labfocus\/"},{"@type":"ListItem","position":2,"name":"Podcasteista lis\u00e4boostia amk-hankkeiden viestint\u00e4\u00e4n\u00a0"}]},{"@type":"WebSite","@id":"https:\/\/blogit.lab.fi\/labfocus\/#website","url":"https:\/\/blogit.lab.fi\/labfocus\/","name":"LAB Focus","description":"Focus Area blog | LAB University of Applied Sciences","publisher":{"@id":"https:\/\/blogit.lab.fi\/labfocus\/#organization"},"potentialAction":[{"@type":"SearchAction","target":{"@type":"EntryPoint","urlTemplate":"https:\/\/blogit.lab.fi\/labfocus\/?s={search_term_string}"},"query-input":{"@type":"PropertyValueSpecification","valueRequired":true,"valueName":"search_term_string"}}],"inLanguage":"fi"},{"@type":"Organization","@id":"https:\/\/blogit.lab.fi\/labfocus\/#organization","name":"LAB Focus","url":"https:\/\/blogit.lab.fi\/labfocus\/","logo":{"@type":"ImageObject","inLanguage":"fi","@id":"https:\/\/blogit.lab.fi\/labfocus\/#\/schema\/logo\/image\/","url":"https:\/\/blogit.lab.fi\/labfocus\/wp-content\/uploads\/sites\/8\/2020\/04\/cropped-cropped-tunnus_blogi-01.png","contentUrl":"https:\/\/blogit.lab.fi\/labfocus\/wp-content\/uploads\/sites\/8\/2020\/04\/cropped-cropped-tunnus_blogi-01.png","width":1342,"height":288,"caption":"LAB Focus"},"image":{"@id":"https:\/\/blogit.lab.fi\/labfocus\/#\/schema\/logo\/image\/"},"sameAs":["https:\/\/x.com\/LABfinland"]},{"@type":"Person","@id":"https:\/\/blogit.lab.fi\/labfocus\/#\/schema\/person\/da729f65c4a2fb9fd8f0b1ec7a2ab7d0","name":"tainask","image":{"@type":"ImageObject","inLanguage":"fi","@id":"https:\/\/secure.gravatar.com\/avatar\/4a96427877ef826b76e80c27f60b266128094f522551459346efcf14282febb3?s=96&d=mm&r=g","url":"https:\/\/secure.gravatar.com\/avatar\/4a96427877ef826b76e80c27f60b266128094f522551459346efcf14282febb3?s=96&d=mm&r=g","contentUrl":"https:\/\/secure.gravatar.com\/avatar\/4a96427877ef826b76e80c27f60b266128094f522551459346efcf14282febb3?s=96&d=mm&r=g","caption":"tainask"},"url":"https:\/\/blogit.lab.fi\/labfocus\/author\/tainask\/"}]}},"_links":{"self":[{"href":"https:\/\/blogit.lab.fi\/labfocus\/wp-json\/wp\/v2\/posts\/10052","targetHints":{"allow":["GET"]}}],"collection":[{"href":"https:\/\/blogit.lab.fi\/labfocus\/wp-json\/wp\/v2\/posts"}],"about":[{"href":"https:\/\/blogit.lab.fi\/labfocus\/wp-json\/wp\/v2\/types\/post"}],"author":[{"embeddable":true,"href":"https:\/\/blogit.lab.fi\/labfocus\/wp-json\/wp\/v2\/users\/17"}],"replies":[{"embeddable":true,"href":"https:\/\/blogit.lab.fi\/labfocus\/wp-json\/wp\/v2\/comments?post=10052"}],"version-history":[{"count":3,"href":"https:\/\/blogit.lab.fi\/labfocus\/wp-json\/wp\/v2\/posts\/10052\/revisions"}],"predecessor-version":[{"id":10056,"href":"https:\/\/blogit.lab.fi\/labfocus\/wp-json\/wp\/v2\/posts\/10052\/revisions\/10056"}],"wp:featuredmedia":[{"embeddable":true,"href":"https:\/\/blogit.lab.fi\/labfocus\/wp-json\/wp\/v2\/media\/10053"}],"wp:attachment":[{"href":"https:\/\/blogit.lab.fi\/labfocus\/wp-json\/wp\/v2\/media?parent=10052"}],"wp:term":[{"taxonomy":"category","embeddable":true,"href":"https:\/\/blogit.lab.fi\/labfocus\/wp-json\/wp\/v2\/categories?post=10052"},{"taxonomy":"post_tag","embeddable":true,"href":"https:\/\/blogit.lab.fi\/labfocus\/wp-json\/wp\/v2\/tags?post=10052"}],"curies":[{"name":"wp","href":"https:\/\/api.w.org\/{rel}","templated":true}]}}