{"id":10062,"date":"2022-10-13T09:02:54","date_gmt":"2022-10-13T06:02:54","guid":{"rendered":"https:\/\/blogit.lab.fi\/labfocus\/?p=10062"},"modified":"2022-10-13T09:02:55","modified_gmt":"2022-10-13T06:02:55","slug":"digitaalinen-kompassi-suuntaa-myos-opetuksen-ja-tki-toiminnan-tavoitteita","status":"publish","type":"post","link":"https:\/\/blogit.lab.fi\/labfocus\/digitaalinen-kompassi-suuntaa-myos-opetuksen-ja-tki-toiminnan-tavoitteita\/","title":{"rendered":"Digitaalinen kompassi suuntaa my\u00f6s opetuksen ja TKI-toiminnan tavoitteita"},"content":{"rendered":"\n<p>Syyskuun lopussa Suomen Telel\u00e4\u00e4ketieteen ja e-Health seura (STeHS 2022) j\u00e4rjesti kansainv\u00e4lisen konferenssin, jossa k\u00e4siteltiin digitaalisen terveydenhuollon uusinta tietoa, kehityst\u00e4 ja ratkaisuja. Teemat k\u00e4sitteliv\u00e4t muuan muassa terveyden ja hyvinvoinnin edist\u00e4mist\u00e4, et\u00e4vastaanottojen kehitt\u00e4mist\u00e4 sek\u00e4 uusia digitaalisia sovelluksia. Konferenssin teemoista, puheenvuoroista sek\u00e4 esittelyist\u00e4 on n\u00e4ht\u00e4vill\u00e4 yhdenmukaisuutta EU:n digitaalisen vuosikymmenen tavoitteiden kanssa.<\/p>\n\n\n\n<p>Konferenssin aloituspuheenvuoroissa korostettiin EU:n digitaalisen vuosikymmenen tavoitteita niin sanotun digitaalisen kompassin n\u00e4k\u00f6kulmista. EU:n digitaalinen kompassi havainnollistaa EU:n digitaalisen vuosikymmenen nelj\u00e4\u00e4 p\u00e4\u00e4tavoitetta, jotka kohdistuvat hallintaan, osaamiseen, yrityksiin ja infrastruktuuriin (EU 2021). Suomen digikompassin tavoitteissa korostuu pyrkimys kehitt\u00e4\u00e4 digitaalisia palveluita kansainv\u00e4lisesti alan etujoukossa ottamalla huomioon erityisesti sosiaaliset, ekologiset ja ekonomiset tekij\u00e4t (VM 2022).<\/p>\n\n\n\n<figure class=\"wp-block-image size-large\"><img loading=\"lazy\" decoding=\"async\" width=\"1024\" height=\"454\" src=\"https:\/\/blogit.lab.fi\/labfocus\/wp-content\/uploads\/sites\/8\/2022\/10\/607_2022_Digitaalinen-kompassi-suuntaa_1-1024x454.png\" alt=\"[Alt-teksti: niin sanottu digitaalinen kompassi. Sen osat eli ilmansuunnat ovat pohjoisesta my\u00f6t\u00e4p\u00e4iv\u00e4\u00e4n lukien: skills, infrastructures, business ja government, eli taidot, infrastruktuurit, liiketoiminta ja hallinto.]\" class=\"wp-image-10064\" srcset=\"https:\/\/blogit.lab.fi\/labfocus\/wp-content\/uploads\/sites\/8\/2022\/10\/607_2022_Digitaalinen-kompassi-suuntaa_1-1024x454.png 1024w, https:\/\/blogit.lab.fi\/labfocus\/wp-content\/uploads\/sites\/8\/2022\/10\/607_2022_Digitaalinen-kompassi-suuntaa_1-300x133.png 300w, https:\/\/blogit.lab.fi\/labfocus\/wp-content\/uploads\/sites\/8\/2022\/10\/607_2022_Digitaalinen-kompassi-suuntaa_1-768x341.png 768w, https:\/\/blogit.lab.fi\/labfocus\/wp-content\/uploads\/sites\/8\/2022\/10\/607_2022_Digitaalinen-kompassi-suuntaa_1-570x253.png 570w, https:\/\/blogit.lab.fi\/labfocus\/wp-content\/uploads\/sites\/8\/2022\/10\/607_2022_Digitaalinen-kompassi-suuntaa_1.png 1280w\" sizes=\"auto, (max-width: 1024px) 100vw, 1024px\" \/><\/figure>\n\n\n\n<figure class=\"wp-block-image size-large\"><img loading=\"lazy\" decoding=\"async\" width=\"1024\" height=\"628\" src=\"https:\/\/blogit.lab.fi\/labfocus\/wp-content\/uploads\/sites\/8\/2022\/10\/607_2022_Digitaalinen-kompassi-suuntaa_2-1024x628.png\" alt=\"[Alt-teksti: Kaavakuva, joka kertoo EU:n digitaalisen vuosikymmenen nelj\u00e4 p\u00e4\u00e4tavoitetta. Ne ovat: osaaminen, suojatut ja kest\u00e4v\u00e4t digitaaliset infrastruktuurit, yritysten digitaalinen muutos sek\u00e4 julkisten palvelujen digitalisointi.]\" class=\"wp-image-10065\" srcset=\"https:\/\/blogit.lab.fi\/labfocus\/wp-content\/uploads\/sites\/8\/2022\/10\/607_2022_Digitaalinen-kompassi-suuntaa_2-1024x628.png 1024w, https:\/\/blogit.lab.fi\/labfocus\/wp-content\/uploads\/sites\/8\/2022\/10\/607_2022_Digitaalinen-kompassi-suuntaa_2-300x184.png 300w, https:\/\/blogit.lab.fi\/labfocus\/wp-content\/uploads\/sites\/8\/2022\/10\/607_2022_Digitaalinen-kompassi-suuntaa_2-768x471.png 768w, https:\/\/blogit.lab.fi\/labfocus\/wp-content\/uploads\/sites\/8\/2022\/10\/607_2022_Digitaalinen-kompassi-suuntaa_2-570x350.png 570w, https:\/\/blogit.lab.fi\/labfocus\/wp-content\/uploads\/sites\/8\/2022\/10\/607_2022_Digitaalinen-kompassi-suuntaa_2.png 1280w\" sizes=\"auto, (max-width: 1024px) 100vw, 1024px\" \/><figcaption>Kuvat 1 &amp; 2. Digitaalinen kompassi sek\u00e4 EU:n digitaalisen vuosikymmenen nelj\u00e4 p\u00e4\u00e4tavoitetta (EU 2021).<\/figcaption><\/figure>\n\n\n\n<h2 class=\"wp-block-heading\">Strategial\u00e4ht\u00f6inen digitalisaation kehitt\u00e4minen<\/h2>\n\n\n\n<p>Ammattikorkeakoulun opetuksella ja TKI-toiminnalla on n\u00e4ht\u00e4viss\u00e4 luonteva rooli digikompassin mukaisten tavoitteiden saavuttamista. Digitaalisen kompassin osaamisen tavoitealueeseen yhdistyy digitaalisen kansalaisuuden periaatteita. Niiss\u00e4 korostuvat ihmisoikeudet, valinnanvapaus, turvallisuus, osallisuus, osallistuminen ja kest\u00e4vyys (EU 2021; EU 2022), joissa on n\u00e4ht\u00e4vill\u00e4 yhdenmukaisuutta YK:n kest\u00e4v\u00e4n kehityksen tavoitteiden kanssa (UN 2015).<\/p>\n\n\n\n<p>Kansalaisten n\u00e4k\u00f6kulmasta haasteeksi n\u00e4ytt\u00e4ytyy digitaalinen eriarvoisuus p\u00e4\u00e4syss\u00e4 palveluihin. Eriarvoisuuden taustalta on tunnistettu haavoittuvassa asemassa olevia ryhmi\u00e4, joihin on yhdistetty muun muassa matala sosioekonominen asema, ik\u00e4\u00e4ntymiseen liitetyt aistien ja kognitiivisten toimintojen heikentyminen.<\/p>\n\n\n\n<p>Ilmi\u00f6n merkitys on korostunut siirrytt\u00e4ess\u00e4 julkisissa palveluissa tarjoamaan yh\u00e4 enemm\u00e4n et\u00e4palveluita potilaille. Covid-pandemian aikana otettu niin sanottu digiloikka kuitenkin n\u00e4ytt\u00e4\u00e4 synnytt\u00e4neen uusia digitaalisen syrj\u00e4ytymisen potilasryhmi\u00e4. Sote-palveluj\u00e4rjestelm\u00e4n resilienssin johtamisen ja kansalaisille tuotettavan arvon luonnin n\u00e4k\u00f6kulmasta t\u00e4m\u00e4 ilmi\u00f6 n\u00e4ytt\u00e4ytyy uhkana, jos yh\u00e4 suurempi osa v\u00e4est\u00f6st\u00e4 j\u00e4\u00e4 palvelujen ulkopuolelle. Digitaalisella palvelumuotoilulla sek\u00e4 virtuaalivastaanottojen tutkiminen sek\u00e4 kehitt\u00e4minen asiakasn\u00e4k\u00f6kulmasta voi tuottaa ratkaisuja idulla olevan ongelman ylitt\u00e4miseen (Malin 2022).<\/p>\n\n\n\n<p>Ammattikorkeakoulun opetuksen ja opinn\u00e4ytet\u00f6iden integrointi osaamisen, infrastruktuurien, digitalisaation ja digitaalisen muutoksen (EU 2021) edist\u00e4miseen voikin tuottaa uusia innovatiivisia avauksia yritysten, yhteiskunnan ja kansalaisten n\u00e4k\u00f6kulmista. T\u00e4ll\u00f6in my\u00f6s toteutetaan LAB- ammattikorkeakoulun strategiaa (LAB 2022).<\/p>\n\n\n\n<div class=\"wp-block-group has-background\" style=\"background-color:#b3edfb\"><div class=\"wp-block-group__inner-container is-layout-flow wp-block-group-is-layout-flow\">\n<p>Kirjoittaja<\/p>\n\n\n\n<p><strong>Arja-Tuulikki Malin<\/strong>, HTT, KL, VM, on LAB-ammattikorkeakoulun lehtori, joka opettaa johtamista hyvinvointialan YAMK-koulutuksissa. H\u00e4n on my\u00f6s johtamisen tutkija ja kehitt\u00e4j\u00e4.<\/p>\n<\/div><\/div>\n\n\n\n<h2 class=\"wp-block-heading\">L\u00e4hteet<\/h2>\n\n\n\n<p>EU. 2021. Euroopan digitaalinen vuosikymmen: digitavoitteet vuodelle 2030. Euroopan Unioni. Viitattu 1.10.2022. Saatavissa <a href=\"https:\/\/ec.europa.eu\/info\/strategy\/priorities-2019-2024\/europe-fit-digital-age\/europes-digital-decade-digital-targets-2030_fi\" target=\"_blank\" rel=\"noreferrer noopener\">https:\/\/ec.europa.eu\/info\/strategy\/priorities-2019-2024\/europe-fit-digital-age\/europes-digital-decade-digital-targets-2030_fi<\/a><\/p>\n\n\n\n<p>EU. 2022. Declaration on European Digital Rights and Principles. Euroopan Unioni. Viitattu 1.10.2022. Saatavissa <a href=\"https:\/\/digital-strategy.ec.europa.eu\/en\/library\/declaration-european-digital-rights-and-principles\" target=\"_blank\" rel=\"noreferrer noopener\">https:\/\/digital-strategy.ec.europa.eu\/en\/library\/declaration-european-digital-rights-and-principles<\/a><\/p>\n\n\n\n<p>LAB. 2022. The Best of Both Worlds \u2013 LAB Strategy 2030. Viitattu 1.10.2022. Saatavissa <a href=\"https:\/\/lab.fi\/sites\/default\/files\/2020-08\/LAB%20Strategy%202030.pdf\" target=\"_blank\" rel=\"noreferrer noopener\">https:\/\/lab.fi\/sites\/default\/files\/2020-08\/LAB%20Strategy%202030.pdf<\/a><\/p>\n\n\n\n<p>Malin, A-T. 2022. Virtual appointments \u2013 Value co-creation and challenges with accessibility. Presentation at the International conference on telemedicine and eHealth. 29.9.2022.<\/p>\n\n\n\n<p>STHeS. 2022. Suomen Telel\u00e4\u00e4ketieteen ja eHealth -seura. Viitattu 1.10.2022. Saatavissa <a href=\"https:\/\/www.telemedicine.fi\/fi\/\" target=\"_blank\" rel=\"noreferrer noopener\">https:\/\/www.telemedicine.fi\/fi\/<\/a><\/p>\n\n\n\n<p>UN. 2015. Sustainable development goals. The SDGS in action. Viitattu 1.10.2022. Saatavissa <a href=\"https:\/\/www.undp.org\/sustainable-development-goals?utm_source=EN&amp;utm_medium=GSR&amp;utm_content=US_UNDP_PaidSearch_Brand_English&amp;utm_campaign=CENTRAL&amp;c_src=CENTRAL&amp;c_src2=GSR&amp;gclid=EAIaIQobChMI0M3HgMK--gIVjeh3Ch15XQVjEAAYASAAEgIIxPD_BwE\" target=\"_blank\" rel=\"noreferrer noopener\">https:\/\/www.undp.org\/sustainable-development-goals?utm_source=EN&amp;utm_medium=GSR&amp;utm_content=US_UNDP_PaidSearch_Brand_English&amp;utm_campaign=CENTRAL&amp;c_src=CENTRAL&amp;c_src2=GSR&amp;gclid=EAIaIQobChMI0M3HgMK&#8211;gIVjeh3Ch15XQVjEAAYASAAEgIIxPD_BwE<\/a><\/p>\n\n\n\n<p>VM. 2022. Luonnos Suomen digitaaliseksi kompassiksi lausuntokierrokselle. Viitattu 1.10.2022. Saatavissa <a href=\"https:\/\/vm.fi\/-\/1410877\/luonnos-suomen-digitaaliseksi-kompassiksi-lausuntokierrokselle-\" target=\"_blank\" rel=\"noreferrer noopener\">https:\/\/vm.fi\/-\/\/1410877\/luonnos-suomen-digitaaliseksi-kompassiksi-lausuntokierrokselle-<\/a><\/p>\n","protected":false},"excerpt":{"rendered":"<p>Syyskuun lopussa Suomen Telel\u00e4\u00e4ketieteen ja e-Health seura (STeHS 2022) j\u00e4rjesti kansainv\u00e4lisen konferenssin, jossa k\u00e4siteltiin digitaalisen terveydenhuollon uusinta tietoa, kehityst\u00e4 ja ratkaisuja. Teemat k\u00e4sitteliv\u00e4t muuan muassa terveyden ja hyvinvoinnin edist\u00e4mist\u00e4, et\u00e4vastaanottojen kehitt\u00e4mist\u00e4 sek\u00e4 uusia digitaalisia sovelluksia. Konferenssin teemoista, puheenvuoroista sek\u00e4 esittelyist\u00e4 on n\u00e4ht\u00e4vill\u00e4 yhdenmukaisuutta EU:n digitaalisen vuosikymmenen tavoitteiden kanssa. Konferenssin aloituspuheenvuoroissa korostettiin EU:n digitaalisen vuosikymmenen tavoitteita [&hellip;]<\/p>\n","protected":false},"author":17,"featured_media":10064,"comment_status":"closed","ping_status":"open","sticky":false,"template":"","format":"standard","meta":{"footnotes":""},"categories":[15],"tags":[29,4680,4684,4682],"class_list":{"0":"post-10062","1":"post","2":"type-post","3":"status-publish","4":"format-standard","5":"has-post-thumbnail","7":"category-health_fi","8":"tag-artikkeli-e1","9":"tag-digitaalinen-kompassi","10":"tag-euroopan-unioni","11":"tag-tki-toiminta","12":"czr-hentry"},"yoast_head":"<!-- This site is optimized with the Yoast SEO plugin v27.5 - https:\/\/yoast.com\/product\/yoast-seo-wordpress\/ -->\n<title>Digitaalinen kompassi suuntaa my\u00f6s opetuksen ja TKI-toiminnan tavoitteita - LAB Focus<\/title>\n<meta name=\"robots\" content=\"index, follow, max-snippet:-1, max-image-preview:large, max-video-preview:-1\" \/>\n<link rel=\"canonical\" href=\"https:\/\/blogit.lab.fi\/labfocus\/digitaalinen-kompassi-suuntaa-myos-opetuksen-ja-tki-toiminnan-tavoitteita\/\" \/>\n<meta property=\"og:locale\" content=\"fi_FI\" \/>\n<meta property=\"og:type\" content=\"article\" \/>\n<meta property=\"og:title\" content=\"Digitaalinen kompassi suuntaa my\u00f6s opetuksen ja TKI-toiminnan tavoitteita - LAB Focus\" \/>\n<meta property=\"og:description\" content=\"Syyskuun lopussa Suomen Telel\u00e4\u00e4ketieteen ja e-Health seura (STeHS 2022) j\u00e4rjesti kansainv\u00e4lisen konferenssin, jossa k\u00e4siteltiin digitaalisen terveydenhuollon uusinta tietoa, kehityst\u00e4 ja ratkaisuja. Teemat k\u00e4sitteliv\u00e4t muuan muassa terveyden ja hyvinvoinnin edist\u00e4mist\u00e4, et\u00e4vastaanottojen kehitt\u00e4mist\u00e4 sek\u00e4 uusia digitaalisia sovelluksia. Konferenssin teemoista, puheenvuoroista sek\u00e4 esittelyist\u00e4 on n\u00e4ht\u00e4vill\u00e4 yhdenmukaisuutta EU:n digitaalisen vuosikymmenen tavoitteiden kanssa. Konferenssin aloituspuheenvuoroissa korostettiin EU:n digitaalisen vuosikymmenen tavoitteita [&hellip;]\" \/>\n<meta property=\"og:url\" content=\"https:\/\/blogit.lab.fi\/labfocus\/digitaalinen-kompassi-suuntaa-myos-opetuksen-ja-tki-toiminnan-tavoitteita\/\" \/>\n<meta property=\"og:site_name\" content=\"LAB Focus\" \/>\n<meta property=\"article:published_time\" content=\"2022-10-13T06:02:54+00:00\" \/>\n<meta property=\"article:modified_time\" content=\"2022-10-13T06:02:55+00:00\" \/>\n<meta property=\"og:image\" content=\"https:\/\/blogit.lab.fi\/labfocus\/wp-content\/uploads\/sites\/8\/2022\/10\/607_2022_Digitaalinen-kompassi-suuntaa_1.png\" \/>\n\t<meta property=\"og:image:width\" content=\"1280\" \/>\n\t<meta property=\"og:image:height\" content=\"568\" \/>\n\t<meta property=\"og:image:type\" content=\"image\/png\" \/>\n<meta name=\"author\" content=\"tainask\" \/>\n<meta name=\"twitter:card\" content=\"summary_large_image\" \/>\n<meta name=\"twitter:creator\" content=\"@LABfinland\" \/>\n<meta name=\"twitter:site\" content=\"@LABfinland\" \/>\n<meta name=\"twitter:label1\" content=\"Kirjoittanut\" \/>\n\t<meta name=\"twitter:data1\" content=\"tainask\" \/>\n\t<meta name=\"twitter:label2\" content=\"Arvioitu lukuaika\" \/>\n\t<meta name=\"twitter:data2\" content=\"3 minuuttia\" \/>\n<script type=\"application\/ld+json\" class=\"yoast-schema-graph\">{\"@context\":\"https:\\\/\\\/schema.org\",\"@graph\":[{\"@type\":\"Article\",\"@id\":\"https:\\\/\\\/blogit.lab.fi\\\/labfocus\\\/digitaalinen-kompassi-suuntaa-myos-opetuksen-ja-tki-toiminnan-tavoitteita\\\/#article\",\"isPartOf\":{\"@id\":\"https:\\\/\\\/blogit.lab.fi\\\/labfocus\\\/digitaalinen-kompassi-suuntaa-myos-opetuksen-ja-tki-toiminnan-tavoitteita\\\/\"},\"author\":{\"name\":\"tainask\",\"@id\":\"https:\\\/\\\/blogit.lab.fi\\\/labfocus\\\/#\\\/schema\\\/person\\\/da729f65c4a2fb9fd8f0b1ec7a2ab7d0\"},\"headline\":\"Digitaalinen kompassi suuntaa my\u00f6s opetuksen ja TKI-toiminnan tavoitteita\",\"datePublished\":\"2022-10-13T06:02:54+00:00\",\"dateModified\":\"2022-10-13T06:02:55+00:00\",\"mainEntityOfPage\":{\"@id\":\"https:\\\/\\\/blogit.lab.fi\\\/labfocus\\\/digitaalinen-kompassi-suuntaa-myos-opetuksen-ja-tki-toiminnan-tavoitteita\\\/\"},\"wordCount\":533,\"publisher\":{\"@id\":\"https:\\\/\\\/blogit.lab.fi\\\/labfocus\\\/#organization\"},\"image\":{\"@id\":\"https:\\\/\\\/blogit.lab.fi\\\/labfocus\\\/digitaalinen-kompassi-suuntaa-myos-opetuksen-ja-tki-toiminnan-tavoitteita\\\/#primaryimage\"},\"thumbnailUrl\":\"https:\\\/\\\/blogit.lab.fi\\\/labfocus\\\/wp-content\\\/uploads\\\/sites\\\/8\\\/2022\\\/10\\\/607_2022_Digitaalinen-kompassi-suuntaa_1.png\",\"keywords\":[\"Artikkeli E1\",\"digitaalinen kompassi\",\"Euroopan Unioni\",\"TKI-toiminta\"],\"articleSection\":[\"Health\"],\"inLanguage\":\"fi\"},{\"@type\":\"WebPage\",\"@id\":\"https:\\\/\\\/blogit.lab.fi\\\/labfocus\\\/digitaalinen-kompassi-suuntaa-myos-opetuksen-ja-tki-toiminnan-tavoitteita\\\/\",\"url\":\"https:\\\/\\\/blogit.lab.fi\\\/labfocus\\\/digitaalinen-kompassi-suuntaa-myos-opetuksen-ja-tki-toiminnan-tavoitteita\\\/\",\"name\":\"Digitaalinen kompassi suuntaa my\u00f6s opetuksen ja TKI-toiminnan tavoitteita - LAB Focus\",\"isPartOf\":{\"@id\":\"https:\\\/\\\/blogit.lab.fi\\\/labfocus\\\/#website\"},\"primaryImageOfPage\":{\"@id\":\"https:\\\/\\\/blogit.lab.fi\\\/labfocus\\\/digitaalinen-kompassi-suuntaa-myos-opetuksen-ja-tki-toiminnan-tavoitteita\\\/#primaryimage\"},\"image\":{\"@id\":\"https:\\\/\\\/blogit.lab.fi\\\/labfocus\\\/digitaalinen-kompassi-suuntaa-myos-opetuksen-ja-tki-toiminnan-tavoitteita\\\/#primaryimage\"},\"thumbnailUrl\":\"https:\\\/\\\/blogit.lab.fi\\\/labfocus\\\/wp-content\\\/uploads\\\/sites\\\/8\\\/2022\\\/10\\\/607_2022_Digitaalinen-kompassi-suuntaa_1.png\",\"datePublished\":\"2022-10-13T06:02:54+00:00\",\"dateModified\":\"2022-10-13T06:02:55+00:00\",\"breadcrumb\":{\"@id\":\"https:\\\/\\\/blogit.lab.fi\\\/labfocus\\\/digitaalinen-kompassi-suuntaa-myos-opetuksen-ja-tki-toiminnan-tavoitteita\\\/#breadcrumb\"},\"inLanguage\":\"fi\",\"potentialAction\":[{\"@type\":\"ReadAction\",\"target\":[\"https:\\\/\\\/blogit.lab.fi\\\/labfocus\\\/digitaalinen-kompassi-suuntaa-myos-opetuksen-ja-tki-toiminnan-tavoitteita\\\/\"]}]},{\"@type\":\"ImageObject\",\"inLanguage\":\"fi\",\"@id\":\"https:\\\/\\\/blogit.lab.fi\\\/labfocus\\\/digitaalinen-kompassi-suuntaa-myos-opetuksen-ja-tki-toiminnan-tavoitteita\\\/#primaryimage\",\"url\":\"https:\\\/\\\/blogit.lab.fi\\\/labfocus\\\/wp-content\\\/uploads\\\/sites\\\/8\\\/2022\\\/10\\\/607_2022_Digitaalinen-kompassi-suuntaa_1.png\",\"contentUrl\":\"https:\\\/\\\/blogit.lab.fi\\\/labfocus\\\/wp-content\\\/uploads\\\/sites\\\/8\\\/2022\\\/10\\\/607_2022_Digitaalinen-kompassi-suuntaa_1.png\",\"width\":1280,\"height\":568},{\"@type\":\"BreadcrumbList\",\"@id\":\"https:\\\/\\\/blogit.lab.fi\\\/labfocus\\\/digitaalinen-kompassi-suuntaa-myos-opetuksen-ja-tki-toiminnan-tavoitteita\\\/#breadcrumb\",\"itemListElement\":[{\"@type\":\"ListItem\",\"position\":1,\"name\":\"Home\",\"item\":\"https:\\\/\\\/blogit.lab.fi\\\/labfocus\\\/\"},{\"@type\":\"ListItem\",\"position\":2,\"name\":\"Digitaalinen kompassi suuntaa my\u00f6s opetuksen ja TKI-toiminnan tavoitteita\"}]},{\"@type\":\"WebSite\",\"@id\":\"https:\\\/\\\/blogit.lab.fi\\\/labfocus\\\/#website\",\"url\":\"https:\\\/\\\/blogit.lab.fi\\\/labfocus\\\/\",\"name\":\"LAB Focus\",\"description\":\"Focus Area blog | LAB University of Applied Sciences\",\"publisher\":{\"@id\":\"https:\\\/\\\/blogit.lab.fi\\\/labfocus\\\/#organization\"},\"potentialAction\":[{\"@type\":\"SearchAction\",\"target\":{\"@type\":\"EntryPoint\",\"urlTemplate\":\"https:\\\/\\\/blogit.lab.fi\\\/labfocus\\\/?s={search_term_string}\"},\"query-input\":{\"@type\":\"PropertyValueSpecification\",\"valueRequired\":true,\"valueName\":\"search_term_string\"}}],\"inLanguage\":\"fi\"},{\"@type\":\"Organization\",\"@id\":\"https:\\\/\\\/blogit.lab.fi\\\/labfocus\\\/#organization\",\"name\":\"LAB Focus\",\"url\":\"https:\\\/\\\/blogit.lab.fi\\\/labfocus\\\/\",\"logo\":{\"@type\":\"ImageObject\",\"inLanguage\":\"fi\",\"@id\":\"https:\\\/\\\/blogit.lab.fi\\\/labfocus\\\/#\\\/schema\\\/logo\\\/image\\\/\",\"url\":\"https:\\\/\\\/blogit.lab.fi\\\/labfocus\\\/wp-content\\\/uploads\\\/sites\\\/8\\\/2020\\\/04\\\/cropped-cropped-tunnus_blogi-01.png\",\"contentUrl\":\"https:\\\/\\\/blogit.lab.fi\\\/labfocus\\\/wp-content\\\/uploads\\\/sites\\\/8\\\/2020\\\/04\\\/cropped-cropped-tunnus_blogi-01.png\",\"width\":1342,\"height\":288,\"caption\":\"LAB Focus\"},\"image\":{\"@id\":\"https:\\\/\\\/blogit.lab.fi\\\/labfocus\\\/#\\\/schema\\\/logo\\\/image\\\/\"},\"sameAs\":[\"https:\\\/\\\/x.com\\\/LABfinland\"]},{\"@type\":\"Person\",\"@id\":\"https:\\\/\\\/blogit.lab.fi\\\/labfocus\\\/#\\\/schema\\\/person\\\/da729f65c4a2fb9fd8f0b1ec7a2ab7d0\",\"name\":\"tainask\",\"image\":{\"@type\":\"ImageObject\",\"inLanguage\":\"fi\",\"@id\":\"https:\\\/\\\/secure.gravatar.com\\\/avatar\\\/4a96427877ef826b76e80c27f60b266128094f522551459346efcf14282febb3?s=96&d=mm&r=g\",\"url\":\"https:\\\/\\\/secure.gravatar.com\\\/avatar\\\/4a96427877ef826b76e80c27f60b266128094f522551459346efcf14282febb3?s=96&d=mm&r=g\",\"contentUrl\":\"https:\\\/\\\/secure.gravatar.com\\\/avatar\\\/4a96427877ef826b76e80c27f60b266128094f522551459346efcf14282febb3?s=96&d=mm&r=g\",\"caption\":\"tainask\"},\"url\":\"https:\\\/\\\/blogit.lab.fi\\\/labfocus\\\/author\\\/tainask\\\/\"}]}<\/script>\n<!-- \/ Yoast SEO plugin. -->","yoast_head_json":{"title":"Digitaalinen kompassi suuntaa my\u00f6s opetuksen ja TKI-toiminnan tavoitteita - LAB Focus","robots":{"index":"index","follow":"follow","max-snippet":"max-snippet:-1","max-image-preview":"max-image-preview:large","max-video-preview":"max-video-preview:-1"},"canonical":"https:\/\/blogit.lab.fi\/labfocus\/digitaalinen-kompassi-suuntaa-myos-opetuksen-ja-tki-toiminnan-tavoitteita\/","og_locale":"fi_FI","og_type":"article","og_title":"Digitaalinen kompassi suuntaa my\u00f6s opetuksen ja TKI-toiminnan tavoitteita - LAB Focus","og_description":"Syyskuun lopussa Suomen Telel\u00e4\u00e4ketieteen ja e-Health seura (STeHS 2022) j\u00e4rjesti kansainv\u00e4lisen konferenssin, jossa k\u00e4siteltiin digitaalisen terveydenhuollon uusinta tietoa, kehityst\u00e4 ja ratkaisuja. Teemat k\u00e4sitteliv\u00e4t muuan muassa terveyden ja hyvinvoinnin edist\u00e4mist\u00e4, et\u00e4vastaanottojen kehitt\u00e4mist\u00e4 sek\u00e4 uusia digitaalisia sovelluksia. Konferenssin teemoista, puheenvuoroista sek\u00e4 esittelyist\u00e4 on n\u00e4ht\u00e4vill\u00e4 yhdenmukaisuutta EU:n digitaalisen vuosikymmenen tavoitteiden kanssa. Konferenssin aloituspuheenvuoroissa korostettiin EU:n digitaalisen vuosikymmenen tavoitteita [&hellip;]","og_url":"https:\/\/blogit.lab.fi\/labfocus\/digitaalinen-kompassi-suuntaa-myos-opetuksen-ja-tki-toiminnan-tavoitteita\/","og_site_name":"LAB Focus","article_published_time":"2022-10-13T06:02:54+00:00","article_modified_time":"2022-10-13T06:02:55+00:00","og_image":[{"width":1280,"height":568,"url":"https:\/\/blogit.lab.fi\/labfocus\/wp-content\/uploads\/sites\/8\/2022\/10\/607_2022_Digitaalinen-kompassi-suuntaa_1.png","type":"image\/png"}],"author":"tainask","twitter_card":"summary_large_image","twitter_creator":"@LABfinland","twitter_site":"@LABfinland","twitter_misc":{"Kirjoittanut":"tainask","Arvioitu lukuaika":"3 minuuttia"},"schema":{"@context":"https:\/\/schema.org","@graph":[{"@type":"Article","@id":"https:\/\/blogit.lab.fi\/labfocus\/digitaalinen-kompassi-suuntaa-myos-opetuksen-ja-tki-toiminnan-tavoitteita\/#article","isPartOf":{"@id":"https:\/\/blogit.lab.fi\/labfocus\/digitaalinen-kompassi-suuntaa-myos-opetuksen-ja-tki-toiminnan-tavoitteita\/"},"author":{"name":"tainask","@id":"https:\/\/blogit.lab.fi\/labfocus\/#\/schema\/person\/da729f65c4a2fb9fd8f0b1ec7a2ab7d0"},"headline":"Digitaalinen kompassi suuntaa my\u00f6s opetuksen ja TKI-toiminnan tavoitteita","datePublished":"2022-10-13T06:02:54+00:00","dateModified":"2022-10-13T06:02:55+00:00","mainEntityOfPage":{"@id":"https:\/\/blogit.lab.fi\/labfocus\/digitaalinen-kompassi-suuntaa-myos-opetuksen-ja-tki-toiminnan-tavoitteita\/"},"wordCount":533,"publisher":{"@id":"https:\/\/blogit.lab.fi\/labfocus\/#organization"},"image":{"@id":"https:\/\/blogit.lab.fi\/labfocus\/digitaalinen-kompassi-suuntaa-myos-opetuksen-ja-tki-toiminnan-tavoitteita\/#primaryimage"},"thumbnailUrl":"https:\/\/blogit.lab.fi\/labfocus\/wp-content\/uploads\/sites\/8\/2022\/10\/607_2022_Digitaalinen-kompassi-suuntaa_1.png","keywords":["Artikkeli E1","digitaalinen kompassi","Euroopan Unioni","TKI-toiminta"],"articleSection":["Health"],"inLanguage":"fi"},{"@type":"WebPage","@id":"https:\/\/blogit.lab.fi\/labfocus\/digitaalinen-kompassi-suuntaa-myos-opetuksen-ja-tki-toiminnan-tavoitteita\/","url":"https:\/\/blogit.lab.fi\/labfocus\/digitaalinen-kompassi-suuntaa-myos-opetuksen-ja-tki-toiminnan-tavoitteita\/","name":"Digitaalinen kompassi suuntaa my\u00f6s opetuksen ja TKI-toiminnan tavoitteita - LAB Focus","isPartOf":{"@id":"https:\/\/blogit.lab.fi\/labfocus\/#website"},"primaryImageOfPage":{"@id":"https:\/\/blogit.lab.fi\/labfocus\/digitaalinen-kompassi-suuntaa-myos-opetuksen-ja-tki-toiminnan-tavoitteita\/#primaryimage"},"image":{"@id":"https:\/\/blogit.lab.fi\/labfocus\/digitaalinen-kompassi-suuntaa-myos-opetuksen-ja-tki-toiminnan-tavoitteita\/#primaryimage"},"thumbnailUrl":"https:\/\/blogit.lab.fi\/labfocus\/wp-content\/uploads\/sites\/8\/2022\/10\/607_2022_Digitaalinen-kompassi-suuntaa_1.png","datePublished":"2022-10-13T06:02:54+00:00","dateModified":"2022-10-13T06:02:55+00:00","breadcrumb":{"@id":"https:\/\/blogit.lab.fi\/labfocus\/digitaalinen-kompassi-suuntaa-myos-opetuksen-ja-tki-toiminnan-tavoitteita\/#breadcrumb"},"inLanguage":"fi","potentialAction":[{"@type":"ReadAction","target":["https:\/\/blogit.lab.fi\/labfocus\/digitaalinen-kompassi-suuntaa-myos-opetuksen-ja-tki-toiminnan-tavoitteita\/"]}]},{"@type":"ImageObject","inLanguage":"fi","@id":"https:\/\/blogit.lab.fi\/labfocus\/digitaalinen-kompassi-suuntaa-myos-opetuksen-ja-tki-toiminnan-tavoitteita\/#primaryimage","url":"https:\/\/blogit.lab.fi\/labfocus\/wp-content\/uploads\/sites\/8\/2022\/10\/607_2022_Digitaalinen-kompassi-suuntaa_1.png","contentUrl":"https:\/\/blogit.lab.fi\/labfocus\/wp-content\/uploads\/sites\/8\/2022\/10\/607_2022_Digitaalinen-kompassi-suuntaa_1.png","width":1280,"height":568},{"@type":"BreadcrumbList","@id":"https:\/\/blogit.lab.fi\/labfocus\/digitaalinen-kompassi-suuntaa-myos-opetuksen-ja-tki-toiminnan-tavoitteita\/#breadcrumb","itemListElement":[{"@type":"ListItem","position":1,"name":"Home","item":"https:\/\/blogit.lab.fi\/labfocus\/"},{"@type":"ListItem","position":2,"name":"Digitaalinen kompassi suuntaa my\u00f6s opetuksen ja TKI-toiminnan tavoitteita"}]},{"@type":"WebSite","@id":"https:\/\/blogit.lab.fi\/labfocus\/#website","url":"https:\/\/blogit.lab.fi\/labfocus\/","name":"LAB Focus","description":"Focus Area blog | LAB University of Applied Sciences","publisher":{"@id":"https:\/\/blogit.lab.fi\/labfocus\/#organization"},"potentialAction":[{"@type":"SearchAction","target":{"@type":"EntryPoint","urlTemplate":"https:\/\/blogit.lab.fi\/labfocus\/?s={search_term_string}"},"query-input":{"@type":"PropertyValueSpecification","valueRequired":true,"valueName":"search_term_string"}}],"inLanguage":"fi"},{"@type":"Organization","@id":"https:\/\/blogit.lab.fi\/labfocus\/#organization","name":"LAB Focus","url":"https:\/\/blogit.lab.fi\/labfocus\/","logo":{"@type":"ImageObject","inLanguage":"fi","@id":"https:\/\/blogit.lab.fi\/labfocus\/#\/schema\/logo\/image\/","url":"https:\/\/blogit.lab.fi\/labfocus\/wp-content\/uploads\/sites\/8\/2020\/04\/cropped-cropped-tunnus_blogi-01.png","contentUrl":"https:\/\/blogit.lab.fi\/labfocus\/wp-content\/uploads\/sites\/8\/2020\/04\/cropped-cropped-tunnus_blogi-01.png","width":1342,"height":288,"caption":"LAB Focus"},"image":{"@id":"https:\/\/blogit.lab.fi\/labfocus\/#\/schema\/logo\/image\/"},"sameAs":["https:\/\/x.com\/LABfinland"]},{"@type":"Person","@id":"https:\/\/blogit.lab.fi\/labfocus\/#\/schema\/person\/da729f65c4a2fb9fd8f0b1ec7a2ab7d0","name":"tainask","image":{"@type":"ImageObject","inLanguage":"fi","@id":"https:\/\/secure.gravatar.com\/avatar\/4a96427877ef826b76e80c27f60b266128094f522551459346efcf14282febb3?s=96&d=mm&r=g","url":"https:\/\/secure.gravatar.com\/avatar\/4a96427877ef826b76e80c27f60b266128094f522551459346efcf14282febb3?s=96&d=mm&r=g","contentUrl":"https:\/\/secure.gravatar.com\/avatar\/4a96427877ef826b76e80c27f60b266128094f522551459346efcf14282febb3?s=96&d=mm&r=g","caption":"tainask"},"url":"https:\/\/blogit.lab.fi\/labfocus\/author\/tainask\/"}]}},"_links":{"self":[{"href":"https:\/\/blogit.lab.fi\/labfocus\/wp-json\/wp\/v2\/posts\/10062","targetHints":{"allow":["GET"]}}],"collection":[{"href":"https:\/\/blogit.lab.fi\/labfocus\/wp-json\/wp\/v2\/posts"}],"about":[{"href":"https:\/\/blogit.lab.fi\/labfocus\/wp-json\/wp\/v2\/types\/post"}],"author":[{"embeddable":true,"href":"https:\/\/blogit.lab.fi\/labfocus\/wp-json\/wp\/v2\/users\/17"}],"replies":[{"embeddable":true,"href":"https:\/\/blogit.lab.fi\/labfocus\/wp-json\/wp\/v2\/comments?post=10062"}],"version-history":[{"count":1,"href":"https:\/\/blogit.lab.fi\/labfocus\/wp-json\/wp\/v2\/posts\/10062\/revisions"}],"predecessor-version":[{"id":10066,"href":"https:\/\/blogit.lab.fi\/labfocus\/wp-json\/wp\/v2\/posts\/10062\/revisions\/10066"}],"wp:featuredmedia":[{"embeddable":true,"href":"https:\/\/blogit.lab.fi\/labfocus\/wp-json\/wp\/v2\/media\/10064"}],"wp:attachment":[{"href":"https:\/\/blogit.lab.fi\/labfocus\/wp-json\/wp\/v2\/media?parent=10062"}],"wp:term":[{"taxonomy":"category","embeddable":true,"href":"https:\/\/blogit.lab.fi\/labfocus\/wp-json\/wp\/v2\/categories?post=10062"},{"taxonomy":"post_tag","embeddable":true,"href":"https:\/\/blogit.lab.fi\/labfocus\/wp-json\/wp\/v2\/tags?post=10062"}],"curies":[{"name":"wp","href":"https:\/\/api.w.org\/{rel}","templated":true}]}}