{"id":10275,"date":"2022-10-26T14:18:19","date_gmt":"2022-10-26T11:18:19","guid":{"rendered":"https:\/\/blogit.lab.fi\/labfocus\/?p=10275"},"modified":"2022-10-26T14:18:21","modified_gmt":"2022-10-26T11:18:21","slug":"vahvuuksien-tunnistaminen-ja-osaamisen-sanoittaminen-tyoelamataitoina","status":"publish","type":"post","link":"https:\/\/blogit.lab.fi\/labfocus\/vahvuuksien-tunnistaminen-ja-osaamisen-sanoittaminen-tyoelamataitoina\/","title":{"rendered":"Vahvuuksien tunnistaminen ja osaamisen sanoittaminen ty\u00f6el\u00e4m\u00e4taitoina"},"content":{"rendered":"\n<p>Tulevaisuuden (ty\u00f6)el\u00e4m\u00e4n inhimillinen strategiointi on ajankohtaista elinik\u00e4isen oppimisen keskustelun k\u00e4ydess\u00e4 vilkkaana. On merkityksellist\u00e4, ett\u00e4 jokainen p\u00e4\u00e4see loistamaan vahvuuksillaan, osaamisillaan ja kompetenssillaan. Samaan aikaan ilmassa on kuitenkin kysymysmerkkej\u00e4 siit\u00e4, kuinka vahvuuksia voi tunnistaa, kuinka kokemukset voi valjastaa voimavaraksi sek\u00e4 kuinka sanoittaa osaamista. Erityisesti, kuinka valjastaa n\u00e4m\u00e4 kaikki geneerisiksi ty\u00f6el\u00e4m\u00e4taidoiksi.\u00a0\u00a0<\/p>\n\n\n\n<figure class=\"wp-block-image size-full\"><img loading=\"lazy\" decoding=\"async\" width=\"640\" height=\"320\" src=\"https:\/\/blogit.lab.fi\/labfocus\/wp-content\/uploads\/sites\/8\/2022\/10\/581_2022_kuva1.jpg\" alt=\"Muistikirja, jonka keskiaukeammalla on mustekyn\u00e4.\" class=\"wp-image-10276\" srcset=\"https:\/\/blogit.lab.fi\/labfocus\/wp-content\/uploads\/sites\/8\/2022\/10\/581_2022_kuva1.jpg 640w, https:\/\/blogit.lab.fi\/labfocus\/wp-content\/uploads\/sites\/8\/2022\/10\/581_2022_kuva1-300x150.jpg 300w, https:\/\/blogit.lab.fi\/labfocus\/wp-content\/uploads\/sites\/8\/2022\/10\/581_2022_kuva1-570x285.jpg 570w\" sizes=\"auto, (max-width: 640px) 100vw, 640px\" \/><figcaption>Kuva 1. Osaamisen p\u00e4iv\u00e4kirja. (Lischka 2019)<\/figcaption><\/figure>\n\n\n\n<p>Tulevaisuuden tekij\u00e4t, ty\u00f6nhakijat, p\u00e4hk\u00e4ilev\u00e4t kuinka laatia kiinnostava teksti hakemukseen, vakuuttava CV ja markkinoiva esittelyvideo. Ja kuinka saada haastattelijat vakuutettua omasta erinomaisuudesta? Useat ovat pohtineet hakemuksien sanavalintoja, jotta lukija pit\u00e4isi hakemusta akateemisesti vakuuttavana. Useat ovat j\u00e4nnitt\u00e4neet haastattelua, jotta pystyisiv\u00e4t artikuloimaan ajatukset selke\u00e4sti. Useat ovat hermoilleet \u201dosaamisen n\u00e4yt\u00f6ss\u00e4\u201d alisuoriutumista oletettujen odotusten edess\u00e4. Osaamisen p\u00e4iv\u00e4kirja on hyv\u00e4 ty\u00f6kalu ammatillisen itseluottamuksen reflektointiin ja manifestointiin. P\u00e4iv\u00e4kirjaan voi kirjata vahvuuksia ja osaamista, kokemuksia ja oivalluksia ty\u00f6el\u00e4m\u00e4n varrelta ja kasvunvaraa kohti kompetenssia. Puutteita ei pid\u00e4 peitell\u00e4, vaan kannustan kirjaamaan ja kertomaan ratkaisuideoita sek\u00e4 tulevaisuuden toiveita. Kerro luonteesta, arvoista ja asenteesta ensin p\u00e4iv\u00e4kirjalle.\u00a0<\/p>\n\n\n\n<p>Parhaimmillaan ty\u00f6haastattelu on avoin ja arvostava keskustelu, jossa turhat tittelit ja p\u00e4temistarpeet loistavat.\u00a0Ei tarvitse olla aina akateemisin, eik\u00e4 tarvitse k\u00e4ytt\u00e4\u00e4 jargon-sanoja. Ratkaisevaa tulee olla asenne, valmiudet ja omata oikeat vahvuudet ja osaaminen. Kasvunvara ja kehittymishalukkuus tulevat olla optimaaliset ty\u00f6teht\u00e4v\u00e4\u00e4n.<\/p>\n\n\n\n<h2 class=\"wp-block-heading\">\u00c4l\u00e4 mahdu muottiin<\/h2>\n\n\n\n<p>Tulevaisuuden ty\u00f6el\u00e4m\u00e4taitoja kehitt\u00e4ess\u00e4, omaa paikkaa haettaessa, tulee uskoa ja luottaa ja muotoilla oma ty\u00f6el\u00e4m\u00e4muotti. Kokeilla rajoja, tunnistaa vahvuuksia, sanoittaa osaamista ja keri\u00e4 niist\u00e4 kompetenssin ker\u00e4.\u00a0Vahvuuksien tunnistamiseen ja osaamisen sanoittamiseen itsereflektio on merkitt\u00e4v\u00e4 ja vaikuttava menetelm\u00e4. Sen kautta voi kasvattaa\u00a0ammatillista itseluottamusta. K\u00e4simalli voi olla tehokas ty\u00f6kalu. Pohdi jokaisen sormen kohdalla seuraavia sis\u00e4lt\u00f6j\u00e4:\u00a0<\/p>\n\n\n\n<ul class=\"wp-block-list\"><li>Peukalo &#8211; Tunnelma: peukku yl\u00f6s vai alas?<\/li><li>Etusormi &#8211; Nime\u00e4 yksi onnistuminen, joka j\u00e4i mieleen.<\/li><li>Keskisormi &#8211; Nime\u00e4 asia, joka oli haastavaa.<\/li><li>Nimet\u00f6n &#8211; Pohdi omaa sitoutuneisuuttasi.<\/li><li>Pikkusormi &#8211; Mit\u00e4 viet kokemastasi ja oppimastasi arkeen?<\/li><\/ul>\n\n\n\n<figure class=\"wp-block-image size-large\"><img loading=\"lazy\" decoding=\"async\" width=\"1024\" height=\"512\" src=\"https:\/\/blogit.lab.fi\/labfocus\/wp-content\/uploads\/sites\/8\/2022\/10\/581_2022_kuva2-1024x512.jpg\" alt=\"ALT: Kuva kyyn\u00e4rvarresta, k\u00e4mmenest\u00e4 ja sormista.\" class=\"wp-image-10277\" srcset=\"https:\/\/blogit.lab.fi\/labfocus\/wp-content\/uploads\/sites\/8\/2022\/10\/581_2022_kuva2-1024x512.jpg 1024w, https:\/\/blogit.lab.fi\/labfocus\/wp-content\/uploads\/sites\/8\/2022\/10\/581_2022_kuva2-300x150.jpg 300w, https:\/\/blogit.lab.fi\/labfocus\/wp-content\/uploads\/sites\/8\/2022\/10\/581_2022_kuva2-768x384.jpg 768w, https:\/\/blogit.lab.fi\/labfocus\/wp-content\/uploads\/sites\/8\/2022\/10\/581_2022_kuva2-1536x768.jpg 1536w, https:\/\/blogit.lab.fi\/labfocus\/wp-content\/uploads\/sites\/8\/2022\/10\/581_2022_kuva2-2048x1024.jpg 2048w, https:\/\/blogit.lab.fi\/labfocus\/wp-content\/uploads\/sites\/8\/2022\/10\/581_2022_kuva2-570x285.jpg 570w\" sizes=\"auto, (max-width: 1024px) 100vw, 1024px\" \/><figcaption>Kuva 2. K\u00e4simalli osaamisen reflektointiin. (Danylchenko 2022)<\/figcaption><\/figure>\n\n\n\n<p>Ty\u00f6el\u00e4m\u00e4 tarvitsee erilaisin vahvuuksin varustettuja osaajia, erilaisiin ja monimuotoisiin tilanteisiin ja tarpeisiin. Tulevaisuuden tekij\u00f6iden ei tule olla menneisyyden klooneja tai toimia yleisen kiiltokuvamallin mukaan. Merkityksellist\u00e4 on ideoida, innostua ja uskaltaa. Olennaista on markkinoida asennetta, osaamista, sek\u00e4 kiteytt\u00e4\u00e4 kilpailukyky ja -etu.\u00a0<\/p>\n\n\n\n<p><a href=\"https:\/\/lab.fi\/fi\/projekti\/jatko-muotoilukoulutuksen-ja-tyoelaman-jatkuva-vuorovaikutus-ja-oppiminen\">JATKO-hankkeen<\/a>\u00a0Tulevaisuuden ty\u00f6el\u00e4m\u00e4 -koulutuspilotissa teemapuheenvuoron pit\u00e4nyt Marjut Suokas k\u00e4sitteli vahvuuksien tunnistamista, osaamisen sanoittamista, ammatillisen kilpailukyvyn ja -edun markkinointia.\u00a0<\/p>\n\n\n\n<p class=\"has-background\" style=\"background-color:#b3edfb\">Kirjoittaja<br><br><strong>Marjut Suokas<\/strong> toimii LAB-ammattikorkeakoulun Muotoiluinstituutissa tuntiopettajana ja JATKO-hankkeessa palvelumuotoilun asiantuntijana.<\/p>\n\n\n\n<h3 class=\"wp-block-heading\">L\u00e4hteet<\/h3>\n\n\n\n<p>Danylchenko, Y. 2022. Freepik. Viitattu 25.10.2022. Saatavissa&nbsp;<a href=\"https:\/\/www.freepik.com\/free-photo\/handshake-reaching-male-hand_27332475.htm#query=hand&amp;position=26&amp;from_view=search&amp;track=sph\">https:\/\/www.freepik.com\/free-photo\/handshake-reaching-male-hand_27332475.htm#query=hand&amp;position=26&amp;from_view=search&amp;track=sph<\/a><\/p>\n\n\n\n<p>Lischka, A. 2019. Pixabay. Viitattu 25.10.2022. Saatavissa\u00a0<a href=\"https:\/\/pixabay.com\/fi\/photos\/huomautus-muistikirja-kirjoittaa-3990712\/\">https:\/\/pixabay.com\/fi\/photos\/huomautus-muistikirja-kirjoittaa-3990712\/<\/a><\/p>\n\n\n\n<h3 class=\"wp-block-heading\">Linkit<\/h3>\n\n\n\n<p>Linkki 1.\u00a0Muotoilukoulutuksen ja ty\u00f6el\u00e4m\u00e4n jatkuva vuorovaikutus ja oppiminen -projektisivu.\u00a0Viitattu 25.10.2022. Saatavissa\u00a0<a href=\"https:\/\/lab.fi\/fi\/projekti\/jatko-muotoilukoulutuksen-ja-tyoelaman-jatkuva-vuorovaikutus-ja-oppiminen\">https:\/\/lab.fi\/fi\/projekti\/jatko-muotoilukoulutuksen-ja-tyoelaman-jatkuva-vuorovaikutus-ja-oppiminen\u00a0<\/a>\u00a0<\/p>\n","protected":false},"excerpt":{"rendered":"<p>Tulevaisuuden (ty\u00f6)el\u00e4m\u00e4n inhimillinen strategiointi on ajankohtaista elinik\u00e4isen oppimisen keskustelun k\u00e4ydess\u00e4 vilkkaana. On merkityksellist\u00e4, ett\u00e4 jokainen p\u00e4\u00e4see loistamaan vahvuuksillaan, osaamisillaan ja kompetenssillaan. Samaan aikaan ilmassa on kuitenkin kysymysmerkkej\u00e4 siit\u00e4, kuinka vahvuuksia voi tunnistaa, kuinka kokemukset voi valjastaa voimavaraksi sek\u00e4 kuinka sanoittaa osaamista. Erityisesti, kuinka valjastaa n\u00e4m\u00e4 kaikki geneerisiksi ty\u00f6el\u00e4m\u00e4taidoiksi.\u00a0\u00a0 Tulevaisuuden tekij\u00e4t, ty\u00f6nhakijat, p\u00e4hk\u00e4ilev\u00e4t kuinka laatia kiinnostava [&hellip;]<\/p>\n","protected":false},"author":20,"featured_media":10276,"comment_status":"open","ping_status":"open","sticky":false,"template":"","format":"standard","meta":{"footnotes":""},"categories":[4297,11],"tags":[29,786,2039,509,3946],"class_list":{"0":"post-10275","1":"post","2":"type-post","3":"status-publish","4":"format-standard","5":"has-post-thumbnail","7":"category-asiakaskokemus-ja-ihmislahtoinen-muotoilu","8":"category-design_fi","9":"tag-artikkeli-e1","10":"tag-osaaminen","11":"tag-taydennyskoulutus","12":"tag-tyoelama","13":"tag-tyoelamataidot-fi","14":"czr-hentry"},"yoast_head":"<!-- This site is optimized with the Yoast SEO plugin v27.4 - https:\/\/yoast.com\/product\/yoast-seo-wordpress\/ -->\n<title>Vahvuuksien tunnistaminen ja osaamisen sanoittaminen ty\u00f6el\u00e4m\u00e4taitoina - LAB Focus<\/title>\n<meta name=\"robots\" content=\"index, follow, max-snippet:-1, max-image-preview:large, max-video-preview:-1\" \/>\n<link rel=\"canonical\" href=\"https:\/\/blogit.lab.fi\/labfocus\/vahvuuksien-tunnistaminen-ja-osaamisen-sanoittaminen-tyoelamataitoina\/\" \/>\n<meta property=\"og:locale\" content=\"fi_FI\" \/>\n<meta property=\"og:type\" content=\"article\" \/>\n<meta property=\"og:title\" content=\"Vahvuuksien tunnistaminen ja osaamisen sanoittaminen ty\u00f6el\u00e4m\u00e4taitoina - LAB Focus\" \/>\n<meta property=\"og:description\" content=\"Tulevaisuuden (ty\u00f6)el\u00e4m\u00e4n inhimillinen strategiointi on ajankohtaista elinik\u00e4isen oppimisen keskustelun k\u00e4ydess\u00e4 vilkkaana. On merkityksellist\u00e4, ett\u00e4 jokainen p\u00e4\u00e4see loistamaan vahvuuksillaan, osaamisillaan ja kompetenssillaan. Samaan aikaan ilmassa on kuitenkin kysymysmerkkej\u00e4 siit\u00e4, kuinka vahvuuksia voi tunnistaa, kuinka kokemukset voi valjastaa voimavaraksi sek\u00e4 kuinka sanoittaa osaamista. Erityisesti, kuinka valjastaa n\u00e4m\u00e4 kaikki geneerisiksi ty\u00f6el\u00e4m\u00e4taidoiksi.\u00a0\u00a0 Tulevaisuuden tekij\u00e4t, ty\u00f6nhakijat, p\u00e4hk\u00e4ilev\u00e4t kuinka laatia kiinnostava [&hellip;]\" \/>\n<meta property=\"og:url\" content=\"https:\/\/blogit.lab.fi\/labfocus\/vahvuuksien-tunnistaminen-ja-osaamisen-sanoittaminen-tyoelamataitoina\/\" \/>\n<meta property=\"og:site_name\" content=\"LAB Focus\" \/>\n<meta property=\"article:published_time\" content=\"2022-10-26T11:18:19+00:00\" \/>\n<meta property=\"article:modified_time\" content=\"2022-10-26T11:18:21+00:00\" \/>\n<meta property=\"og:image\" content=\"https:\/\/blogit.lab.fi\/labfocus\/wp-content\/uploads\/sites\/8\/2022\/10\/581_2022_kuva1.jpg\" \/>\n\t<meta property=\"og:image:width\" content=\"640\" \/>\n\t<meta property=\"og:image:height\" content=\"320\" \/>\n\t<meta property=\"og:image:type\" content=\"image\/jpeg\" \/>\n<meta name=\"author\" content=\"seesamtsokkinen\" \/>\n<meta name=\"twitter:card\" content=\"summary_large_image\" \/>\n<meta name=\"twitter:creator\" content=\"@LABfinland\" \/>\n<meta name=\"twitter:site\" content=\"@LABfinland\" \/>\n<meta name=\"twitter:label1\" content=\"Kirjoittanut\" \/>\n\t<meta name=\"twitter:data1\" content=\"seesamtsokkinen\" \/>\n\t<meta name=\"twitter:label2\" content=\"Arvioitu lukuaika\" \/>\n\t<meta name=\"twitter:data2\" content=\"3 minuuttia\" \/>\n<script type=\"application\/ld+json\" class=\"yoast-schema-graph\">{\"@context\":\"https:\\\/\\\/schema.org\",\"@graph\":[{\"@type\":\"Article\",\"@id\":\"https:\\\/\\\/blogit.lab.fi\\\/labfocus\\\/vahvuuksien-tunnistaminen-ja-osaamisen-sanoittaminen-tyoelamataitoina\\\/#article\",\"isPartOf\":{\"@id\":\"https:\\\/\\\/blogit.lab.fi\\\/labfocus\\\/vahvuuksien-tunnistaminen-ja-osaamisen-sanoittaminen-tyoelamataitoina\\\/\"},\"author\":{\"name\":\"seesamtsokkinen\",\"@id\":\"https:\\\/\\\/blogit.lab.fi\\\/labfocus\\\/#\\\/schema\\\/person\\\/78ee8f54a597d45f79ecd57455ddeddf\"},\"headline\":\"Vahvuuksien tunnistaminen ja osaamisen sanoittaminen ty\u00f6el\u00e4m\u00e4taitoina\",\"datePublished\":\"2022-10-26T11:18:19+00:00\",\"dateModified\":\"2022-10-26T11:18:21+00:00\",\"mainEntityOfPage\":{\"@id\":\"https:\\\/\\\/blogit.lab.fi\\\/labfocus\\\/vahvuuksien-tunnistaminen-ja-osaamisen-sanoittaminen-tyoelamataitoina\\\/\"},\"wordCount\":482,\"commentCount\":0,\"publisher\":{\"@id\":\"https:\\\/\\\/blogit.lab.fi\\\/labfocus\\\/#organization\"},\"image\":{\"@id\":\"https:\\\/\\\/blogit.lab.fi\\\/labfocus\\\/vahvuuksien-tunnistaminen-ja-osaamisen-sanoittaminen-tyoelamataitoina\\\/#primaryimage\"},\"thumbnailUrl\":\"https:\\\/\\\/blogit.lab.fi\\\/labfocus\\\/wp-content\\\/uploads\\\/sites\\\/8\\\/2022\\\/10\\\/581_2022_kuva1.jpg\",\"keywords\":[\"Artikkeli E1\",\"osaaminen\",\"t\u00e4ydennyskoulutus\",\"ty\u00f6el\u00e4m\u00e4\",\"ty\u00f6el\u00e4m\u00e4taidot\"],\"articleSection\":[\"Asiakaskokemus ja ihmisl\u00e4ht\u00f6inen muotoilu\",\"Design\"],\"inLanguage\":\"fi\",\"potentialAction\":[{\"@type\":\"CommentAction\",\"name\":\"Comment\",\"target\":[\"https:\\\/\\\/blogit.lab.fi\\\/labfocus\\\/vahvuuksien-tunnistaminen-ja-osaamisen-sanoittaminen-tyoelamataitoina\\\/#respond\"]}]},{\"@type\":\"WebPage\",\"@id\":\"https:\\\/\\\/blogit.lab.fi\\\/labfocus\\\/vahvuuksien-tunnistaminen-ja-osaamisen-sanoittaminen-tyoelamataitoina\\\/\",\"url\":\"https:\\\/\\\/blogit.lab.fi\\\/labfocus\\\/vahvuuksien-tunnistaminen-ja-osaamisen-sanoittaminen-tyoelamataitoina\\\/\",\"name\":\"Vahvuuksien tunnistaminen ja osaamisen sanoittaminen ty\u00f6el\u00e4m\u00e4taitoina - LAB Focus\",\"isPartOf\":{\"@id\":\"https:\\\/\\\/blogit.lab.fi\\\/labfocus\\\/#website\"},\"primaryImageOfPage\":{\"@id\":\"https:\\\/\\\/blogit.lab.fi\\\/labfocus\\\/vahvuuksien-tunnistaminen-ja-osaamisen-sanoittaminen-tyoelamataitoina\\\/#primaryimage\"},\"image\":{\"@id\":\"https:\\\/\\\/blogit.lab.fi\\\/labfocus\\\/vahvuuksien-tunnistaminen-ja-osaamisen-sanoittaminen-tyoelamataitoina\\\/#primaryimage\"},\"thumbnailUrl\":\"https:\\\/\\\/blogit.lab.fi\\\/labfocus\\\/wp-content\\\/uploads\\\/sites\\\/8\\\/2022\\\/10\\\/581_2022_kuva1.jpg\",\"datePublished\":\"2022-10-26T11:18:19+00:00\",\"dateModified\":\"2022-10-26T11:18:21+00:00\",\"breadcrumb\":{\"@id\":\"https:\\\/\\\/blogit.lab.fi\\\/labfocus\\\/vahvuuksien-tunnistaminen-ja-osaamisen-sanoittaminen-tyoelamataitoina\\\/#breadcrumb\"},\"inLanguage\":\"fi\",\"potentialAction\":[{\"@type\":\"ReadAction\",\"target\":[\"https:\\\/\\\/blogit.lab.fi\\\/labfocus\\\/vahvuuksien-tunnistaminen-ja-osaamisen-sanoittaminen-tyoelamataitoina\\\/\"]}]},{\"@type\":\"ImageObject\",\"inLanguage\":\"fi\",\"@id\":\"https:\\\/\\\/blogit.lab.fi\\\/labfocus\\\/vahvuuksien-tunnistaminen-ja-osaamisen-sanoittaminen-tyoelamataitoina\\\/#primaryimage\",\"url\":\"https:\\\/\\\/blogit.lab.fi\\\/labfocus\\\/wp-content\\\/uploads\\\/sites\\\/8\\\/2022\\\/10\\\/581_2022_kuva1.jpg\",\"contentUrl\":\"https:\\\/\\\/blogit.lab.fi\\\/labfocus\\\/wp-content\\\/uploads\\\/sites\\\/8\\\/2022\\\/10\\\/581_2022_kuva1.jpg\",\"width\":640,\"height\":320},{\"@type\":\"BreadcrumbList\",\"@id\":\"https:\\\/\\\/blogit.lab.fi\\\/labfocus\\\/vahvuuksien-tunnistaminen-ja-osaamisen-sanoittaminen-tyoelamataitoina\\\/#breadcrumb\",\"itemListElement\":[{\"@type\":\"ListItem\",\"position\":1,\"name\":\"Home\",\"item\":\"https:\\\/\\\/blogit.lab.fi\\\/labfocus\\\/\"},{\"@type\":\"ListItem\",\"position\":2,\"name\":\"Vahvuuksien tunnistaminen ja osaamisen sanoittaminen ty\u00f6el\u00e4m\u00e4taitoina\"}]},{\"@type\":\"WebSite\",\"@id\":\"https:\\\/\\\/blogit.lab.fi\\\/labfocus\\\/#website\",\"url\":\"https:\\\/\\\/blogit.lab.fi\\\/labfocus\\\/\",\"name\":\"LAB Focus\",\"description\":\"Focus Area blog | LAB University of Applied Sciences\",\"publisher\":{\"@id\":\"https:\\\/\\\/blogit.lab.fi\\\/labfocus\\\/#organization\"},\"potentialAction\":[{\"@type\":\"SearchAction\",\"target\":{\"@type\":\"EntryPoint\",\"urlTemplate\":\"https:\\\/\\\/blogit.lab.fi\\\/labfocus\\\/?s={search_term_string}\"},\"query-input\":{\"@type\":\"PropertyValueSpecification\",\"valueRequired\":true,\"valueName\":\"search_term_string\"}}],\"inLanguage\":\"fi\"},{\"@type\":\"Organization\",\"@id\":\"https:\\\/\\\/blogit.lab.fi\\\/labfocus\\\/#organization\",\"name\":\"LAB Focus\",\"url\":\"https:\\\/\\\/blogit.lab.fi\\\/labfocus\\\/\",\"logo\":{\"@type\":\"ImageObject\",\"inLanguage\":\"fi\",\"@id\":\"https:\\\/\\\/blogit.lab.fi\\\/labfocus\\\/#\\\/schema\\\/logo\\\/image\\\/\",\"url\":\"https:\\\/\\\/blogit.lab.fi\\\/labfocus\\\/wp-content\\\/uploads\\\/sites\\\/8\\\/2020\\\/04\\\/cropped-cropped-tunnus_blogi-01.png\",\"contentUrl\":\"https:\\\/\\\/blogit.lab.fi\\\/labfocus\\\/wp-content\\\/uploads\\\/sites\\\/8\\\/2020\\\/04\\\/cropped-cropped-tunnus_blogi-01.png\",\"width\":1342,\"height\":288,\"caption\":\"LAB Focus\"},\"image\":{\"@id\":\"https:\\\/\\\/blogit.lab.fi\\\/labfocus\\\/#\\\/schema\\\/logo\\\/image\\\/\"},\"sameAs\":[\"https:\\\/\\\/x.com\\\/LABfinland\"]},{\"@type\":\"Person\",\"@id\":\"https:\\\/\\\/blogit.lab.fi\\\/labfocus\\\/#\\\/schema\\\/person\\\/78ee8f54a597d45f79ecd57455ddeddf\",\"name\":\"seesamtsokkinen\",\"image\":{\"@type\":\"ImageObject\",\"inLanguage\":\"fi\",\"@id\":\"https:\\\/\\\/secure.gravatar.com\\\/avatar\\\/316626c4c5176c0acf305fc50c9852f7ea0933edba8fbf921d804a8c76f0e404?s=96&d=mm&r=g\",\"url\":\"https:\\\/\\\/secure.gravatar.com\\\/avatar\\\/316626c4c5176c0acf305fc50c9852f7ea0933edba8fbf921d804a8c76f0e404?s=96&d=mm&r=g\",\"contentUrl\":\"https:\\\/\\\/secure.gravatar.com\\\/avatar\\\/316626c4c5176c0acf305fc50c9852f7ea0933edba8fbf921d804a8c76f0e404?s=96&d=mm&r=g\",\"caption\":\"seesamtsokkinen\"},\"url\":\"https:\\\/\\\/blogit.lab.fi\\\/labfocus\\\/author\\\/seesamtsokkinen\\\/\"}]}<\/script>\n<!-- \/ Yoast SEO plugin. -->","yoast_head_json":{"title":"Vahvuuksien tunnistaminen ja osaamisen sanoittaminen ty\u00f6el\u00e4m\u00e4taitoina - LAB Focus","robots":{"index":"index","follow":"follow","max-snippet":"max-snippet:-1","max-image-preview":"max-image-preview:large","max-video-preview":"max-video-preview:-1"},"canonical":"https:\/\/blogit.lab.fi\/labfocus\/vahvuuksien-tunnistaminen-ja-osaamisen-sanoittaminen-tyoelamataitoina\/","og_locale":"fi_FI","og_type":"article","og_title":"Vahvuuksien tunnistaminen ja osaamisen sanoittaminen ty\u00f6el\u00e4m\u00e4taitoina - LAB Focus","og_description":"Tulevaisuuden (ty\u00f6)el\u00e4m\u00e4n inhimillinen strategiointi on ajankohtaista elinik\u00e4isen oppimisen keskustelun k\u00e4ydess\u00e4 vilkkaana. On merkityksellist\u00e4, ett\u00e4 jokainen p\u00e4\u00e4see loistamaan vahvuuksillaan, osaamisillaan ja kompetenssillaan. Samaan aikaan ilmassa on kuitenkin kysymysmerkkej\u00e4 siit\u00e4, kuinka vahvuuksia voi tunnistaa, kuinka kokemukset voi valjastaa voimavaraksi sek\u00e4 kuinka sanoittaa osaamista. Erityisesti, kuinka valjastaa n\u00e4m\u00e4 kaikki geneerisiksi ty\u00f6el\u00e4m\u00e4taidoiksi.\u00a0\u00a0 Tulevaisuuden tekij\u00e4t, ty\u00f6nhakijat, p\u00e4hk\u00e4ilev\u00e4t kuinka laatia kiinnostava [&hellip;]","og_url":"https:\/\/blogit.lab.fi\/labfocus\/vahvuuksien-tunnistaminen-ja-osaamisen-sanoittaminen-tyoelamataitoina\/","og_site_name":"LAB Focus","article_published_time":"2022-10-26T11:18:19+00:00","article_modified_time":"2022-10-26T11:18:21+00:00","og_image":[{"width":640,"height":320,"url":"https:\/\/blogit.lab.fi\/labfocus\/wp-content\/uploads\/sites\/8\/2022\/10\/581_2022_kuva1.jpg","type":"image\/jpeg"}],"author":"seesamtsokkinen","twitter_card":"summary_large_image","twitter_creator":"@LABfinland","twitter_site":"@LABfinland","twitter_misc":{"Kirjoittanut":"seesamtsokkinen","Arvioitu lukuaika":"3 minuuttia"},"schema":{"@context":"https:\/\/schema.org","@graph":[{"@type":"Article","@id":"https:\/\/blogit.lab.fi\/labfocus\/vahvuuksien-tunnistaminen-ja-osaamisen-sanoittaminen-tyoelamataitoina\/#article","isPartOf":{"@id":"https:\/\/blogit.lab.fi\/labfocus\/vahvuuksien-tunnistaminen-ja-osaamisen-sanoittaminen-tyoelamataitoina\/"},"author":{"name":"seesamtsokkinen","@id":"https:\/\/blogit.lab.fi\/labfocus\/#\/schema\/person\/78ee8f54a597d45f79ecd57455ddeddf"},"headline":"Vahvuuksien tunnistaminen ja osaamisen sanoittaminen ty\u00f6el\u00e4m\u00e4taitoina","datePublished":"2022-10-26T11:18:19+00:00","dateModified":"2022-10-26T11:18:21+00:00","mainEntityOfPage":{"@id":"https:\/\/blogit.lab.fi\/labfocus\/vahvuuksien-tunnistaminen-ja-osaamisen-sanoittaminen-tyoelamataitoina\/"},"wordCount":482,"commentCount":0,"publisher":{"@id":"https:\/\/blogit.lab.fi\/labfocus\/#organization"},"image":{"@id":"https:\/\/blogit.lab.fi\/labfocus\/vahvuuksien-tunnistaminen-ja-osaamisen-sanoittaminen-tyoelamataitoina\/#primaryimage"},"thumbnailUrl":"https:\/\/blogit.lab.fi\/labfocus\/wp-content\/uploads\/sites\/8\/2022\/10\/581_2022_kuva1.jpg","keywords":["Artikkeli E1","osaaminen","t\u00e4ydennyskoulutus","ty\u00f6el\u00e4m\u00e4","ty\u00f6el\u00e4m\u00e4taidot"],"articleSection":["Asiakaskokemus ja ihmisl\u00e4ht\u00f6inen muotoilu","Design"],"inLanguage":"fi","potentialAction":[{"@type":"CommentAction","name":"Comment","target":["https:\/\/blogit.lab.fi\/labfocus\/vahvuuksien-tunnistaminen-ja-osaamisen-sanoittaminen-tyoelamataitoina\/#respond"]}]},{"@type":"WebPage","@id":"https:\/\/blogit.lab.fi\/labfocus\/vahvuuksien-tunnistaminen-ja-osaamisen-sanoittaminen-tyoelamataitoina\/","url":"https:\/\/blogit.lab.fi\/labfocus\/vahvuuksien-tunnistaminen-ja-osaamisen-sanoittaminen-tyoelamataitoina\/","name":"Vahvuuksien tunnistaminen ja osaamisen sanoittaminen ty\u00f6el\u00e4m\u00e4taitoina - LAB Focus","isPartOf":{"@id":"https:\/\/blogit.lab.fi\/labfocus\/#website"},"primaryImageOfPage":{"@id":"https:\/\/blogit.lab.fi\/labfocus\/vahvuuksien-tunnistaminen-ja-osaamisen-sanoittaminen-tyoelamataitoina\/#primaryimage"},"image":{"@id":"https:\/\/blogit.lab.fi\/labfocus\/vahvuuksien-tunnistaminen-ja-osaamisen-sanoittaminen-tyoelamataitoina\/#primaryimage"},"thumbnailUrl":"https:\/\/blogit.lab.fi\/labfocus\/wp-content\/uploads\/sites\/8\/2022\/10\/581_2022_kuva1.jpg","datePublished":"2022-10-26T11:18:19+00:00","dateModified":"2022-10-26T11:18:21+00:00","breadcrumb":{"@id":"https:\/\/blogit.lab.fi\/labfocus\/vahvuuksien-tunnistaminen-ja-osaamisen-sanoittaminen-tyoelamataitoina\/#breadcrumb"},"inLanguage":"fi","potentialAction":[{"@type":"ReadAction","target":["https:\/\/blogit.lab.fi\/labfocus\/vahvuuksien-tunnistaminen-ja-osaamisen-sanoittaminen-tyoelamataitoina\/"]}]},{"@type":"ImageObject","inLanguage":"fi","@id":"https:\/\/blogit.lab.fi\/labfocus\/vahvuuksien-tunnistaminen-ja-osaamisen-sanoittaminen-tyoelamataitoina\/#primaryimage","url":"https:\/\/blogit.lab.fi\/labfocus\/wp-content\/uploads\/sites\/8\/2022\/10\/581_2022_kuva1.jpg","contentUrl":"https:\/\/blogit.lab.fi\/labfocus\/wp-content\/uploads\/sites\/8\/2022\/10\/581_2022_kuva1.jpg","width":640,"height":320},{"@type":"BreadcrumbList","@id":"https:\/\/blogit.lab.fi\/labfocus\/vahvuuksien-tunnistaminen-ja-osaamisen-sanoittaminen-tyoelamataitoina\/#breadcrumb","itemListElement":[{"@type":"ListItem","position":1,"name":"Home","item":"https:\/\/blogit.lab.fi\/labfocus\/"},{"@type":"ListItem","position":2,"name":"Vahvuuksien tunnistaminen ja osaamisen sanoittaminen ty\u00f6el\u00e4m\u00e4taitoina"}]},{"@type":"WebSite","@id":"https:\/\/blogit.lab.fi\/labfocus\/#website","url":"https:\/\/blogit.lab.fi\/labfocus\/","name":"LAB Focus","description":"Focus Area blog | LAB University of Applied Sciences","publisher":{"@id":"https:\/\/blogit.lab.fi\/labfocus\/#organization"},"potentialAction":[{"@type":"SearchAction","target":{"@type":"EntryPoint","urlTemplate":"https:\/\/blogit.lab.fi\/labfocus\/?s={search_term_string}"},"query-input":{"@type":"PropertyValueSpecification","valueRequired":true,"valueName":"search_term_string"}}],"inLanguage":"fi"},{"@type":"Organization","@id":"https:\/\/blogit.lab.fi\/labfocus\/#organization","name":"LAB Focus","url":"https:\/\/blogit.lab.fi\/labfocus\/","logo":{"@type":"ImageObject","inLanguage":"fi","@id":"https:\/\/blogit.lab.fi\/labfocus\/#\/schema\/logo\/image\/","url":"https:\/\/blogit.lab.fi\/labfocus\/wp-content\/uploads\/sites\/8\/2020\/04\/cropped-cropped-tunnus_blogi-01.png","contentUrl":"https:\/\/blogit.lab.fi\/labfocus\/wp-content\/uploads\/sites\/8\/2020\/04\/cropped-cropped-tunnus_blogi-01.png","width":1342,"height":288,"caption":"LAB Focus"},"image":{"@id":"https:\/\/blogit.lab.fi\/labfocus\/#\/schema\/logo\/image\/"},"sameAs":["https:\/\/x.com\/LABfinland"]},{"@type":"Person","@id":"https:\/\/blogit.lab.fi\/labfocus\/#\/schema\/person\/78ee8f54a597d45f79ecd57455ddeddf","name":"seesamtsokkinen","image":{"@type":"ImageObject","inLanguage":"fi","@id":"https:\/\/secure.gravatar.com\/avatar\/316626c4c5176c0acf305fc50c9852f7ea0933edba8fbf921d804a8c76f0e404?s=96&d=mm&r=g","url":"https:\/\/secure.gravatar.com\/avatar\/316626c4c5176c0acf305fc50c9852f7ea0933edba8fbf921d804a8c76f0e404?s=96&d=mm&r=g","contentUrl":"https:\/\/secure.gravatar.com\/avatar\/316626c4c5176c0acf305fc50c9852f7ea0933edba8fbf921d804a8c76f0e404?s=96&d=mm&r=g","caption":"seesamtsokkinen"},"url":"https:\/\/blogit.lab.fi\/labfocus\/author\/seesamtsokkinen\/"}]}},"_links":{"self":[{"href":"https:\/\/blogit.lab.fi\/labfocus\/wp-json\/wp\/v2\/posts\/10275","targetHints":{"allow":["GET"]}}],"collection":[{"href":"https:\/\/blogit.lab.fi\/labfocus\/wp-json\/wp\/v2\/posts"}],"about":[{"href":"https:\/\/blogit.lab.fi\/labfocus\/wp-json\/wp\/v2\/types\/post"}],"author":[{"embeddable":true,"href":"https:\/\/blogit.lab.fi\/labfocus\/wp-json\/wp\/v2\/users\/20"}],"replies":[{"embeddable":true,"href":"https:\/\/blogit.lab.fi\/labfocus\/wp-json\/wp\/v2\/comments?post=10275"}],"version-history":[{"count":1,"href":"https:\/\/blogit.lab.fi\/labfocus\/wp-json\/wp\/v2\/posts\/10275\/revisions"}],"predecessor-version":[{"id":10278,"href":"https:\/\/blogit.lab.fi\/labfocus\/wp-json\/wp\/v2\/posts\/10275\/revisions\/10278"}],"wp:featuredmedia":[{"embeddable":true,"href":"https:\/\/blogit.lab.fi\/labfocus\/wp-json\/wp\/v2\/media\/10276"}],"wp:attachment":[{"href":"https:\/\/blogit.lab.fi\/labfocus\/wp-json\/wp\/v2\/media?parent=10275"}],"wp:term":[{"taxonomy":"category","embeddable":true,"href":"https:\/\/blogit.lab.fi\/labfocus\/wp-json\/wp\/v2\/categories?post=10275"},{"taxonomy":"post_tag","embeddable":true,"href":"https:\/\/blogit.lab.fi\/labfocus\/wp-json\/wp\/v2\/tags?post=10275"}],"curies":[{"name":"wp","href":"https:\/\/api.w.org\/{rel}","templated":true}]}}