{"id":10475,"date":"2022-11-10T11:27:44","date_gmt":"2022-11-10T09:27:44","guid":{"rendered":"https:\/\/blogit.lab.fi\/labfocus\/?p=10475"},"modified":"2022-11-10T11:27:45","modified_gmt":"2022-11-10T09:27:45","slug":"sosionomin-erityisosaaminen-varhaiskasvatuksen-moniammatillisessa-tyossa","status":"publish","type":"post","link":"https:\/\/blogit.lab.fi\/labfocus\/sosionomin-erityisosaaminen-varhaiskasvatuksen-moniammatillisessa-tyossa\/","title":{"rendered":"Sosionomin erityisosaaminen varhaiskasvatuksen moniammatillisessa ty\u00f6ss\u00e4"},"content":{"rendered":"\n<p>Kansallisen lapsistrategian p\u00e4\u00e4tavoitteena on lapsen hyv\u00e4 el\u00e4m\u00e4. Keskeist\u00e4 tavoitteen saavuttamisessa on toimiva lapsi- ja perhepalveluiden j\u00e4rjestelm\u00e4 sek\u00e4 erilaisten palveluiden, tuen muotojen ja osallisuuden kanavien yhdenvertainen saatavuus. Tarkoituksena on vahvistaa moniammatillisen ty\u00f6n k\u00e4yt\u00e4nteit\u00e4 ja yhteisty\u00f6n rakenteita. (Valtioneuvosto 2021.) Varhaiskasvatus on merkitt\u00e4v\u00e4 osa palveluj\u00e4rjestelm\u00e4\u00e4, ja peruspalveluna se tavoittaa ensimm\u00e4isen\u00e4 l\u00e4hes kaikki yhteiskunnan perheet ja lapset. Varhaiskasvatuksen merkitys palveluiden saatavuuden, yhdenvertaisuuden, varhaisen tuen ja osallisuuden kannalta on ratkaiseva.<\/p>\n\n\n\n<p>Varhaiskasvatuksen henkil\u00f6st\u00f6rakenteeseen ja nimikkeisiin on tehty muutoksia lakiuudistuksen kautta ja tarkoituksena on nostaa henkil\u00f6st\u00f6n koulutustasoa. Varhaiskasvatuksen sosionomi ei kuitenkaan ole kiinte\u00e4 osa henkil\u00f6st\u00f6mitoitusta, vaan kunnat voivat paikallisesti p\u00e4\u00e4tt\u00e4\u00e4 t\u00e4st\u00e4 tarpeesta. (Karila ym. 2017, Varhaiskasvatuslaki 540\/2018.) Moniammatillisen yhteisty\u00f6n vahvistaminen on keskeisen\u00e4 osana sek\u00e4 lapsistrategiassa, varhaiskasvatuslaissa ett\u00e4 varhaiskasvatusta ohjaavissa asiakirjoissa (Valtakunnallinen varhaiskasvatussuunnitelma 2022, Valtioneuvosto 2021, Varhaiskasvatuslaki 540\/2018). Mik\u00e4li varhaiskasvatuksen sosionomi ei ole kiinte\u00e4 osa varhaiskasvatuksen moniammatillista tiimi\u00e4, her\u00e4\u00e4 huoli yhden ammattiryhm\u00e4n tuoman erityisosaamisen menett\u00e4misest\u00e4 varhaiskasvatuksessa. &nbsp;<\/p>\n\n\n\n<figure class=\"wp-block-image size-large\"><img loading=\"lazy\" decoding=\"async\" width=\"1024\" height=\"678\" src=\"https:\/\/blogit.lab.fi\/labfocus\/wp-content\/uploads\/sites\/8\/2022\/11\/673_2022_Sosionomin-erityisosaaminen-varhaiskasvatuksen-moniammatillisessa-tyossa-1024x678.jpg\" alt=\"\" class=\"wp-image-10476\" srcset=\"https:\/\/blogit.lab.fi\/labfocus\/wp-content\/uploads\/sites\/8\/2022\/11\/673_2022_Sosionomin-erityisosaaminen-varhaiskasvatuksen-moniammatillisessa-tyossa-1024x678.jpg 1024w, https:\/\/blogit.lab.fi\/labfocus\/wp-content\/uploads\/sites\/8\/2022\/11\/673_2022_Sosionomin-erityisosaaminen-varhaiskasvatuksen-moniammatillisessa-tyossa-300x199.jpg 300w, https:\/\/blogit.lab.fi\/labfocus\/wp-content\/uploads\/sites\/8\/2022\/11\/673_2022_Sosionomin-erityisosaaminen-varhaiskasvatuksen-moniammatillisessa-tyossa-768x509.jpg 768w, https:\/\/blogit.lab.fi\/labfocus\/wp-content\/uploads\/sites\/8\/2022\/11\/673_2022_Sosionomin-erityisosaaminen-varhaiskasvatuksen-moniammatillisessa-tyossa-570x378.jpg 570w, https:\/\/blogit.lab.fi\/labfocus\/wp-content\/uploads\/sites\/8\/2022\/11\/673_2022_Sosionomin-erityisosaaminen-varhaiskasvatuksen-moniammatillisessa-tyossa.jpg 1280w\" sizes=\"auto, (max-width: 1024px) 100vw, 1024px\" \/><figcaption class=\"wp-element-caption\">Kuva 1. Varhaisen tuen toteutuminen edist\u00e4\u00e4 laaja-alaisesti lasten ja perheiden el\u00e4m\u00e4nlaatua. (Alexandra_Koch 2022)<\/figcaption><\/figure>\n\n\n\n<h2 class=\"wp-block-heading\">Tavoitteena palvelujen saavutettavuus ja laatu<\/h2>\n\n\n\n<p>Varhaiskasvatuksessa olisi keskeist\u00e4 vahvistaa moniammatillisen ty\u00f6n k\u00e4yt\u00e4nteit\u00e4 yhdess\u00e4 eri toimijoiden kanssa, jotta voitaisiin turvata palveluiden yhdenvertaisuus ja varhainen tuki. Varhaiskasvatuksen sosionomin ty\u00f6nkuvaa on luonnosteltu ainakin ammattij\u00e4rjest\u00f6 Talentian toimesta: ydinosaamisena ovat perheiden kanssa teht\u00e4v\u00e4 yhteisty\u00f6, monialainen yhteisty\u00f6, verkostoty\u00f6, varhainen tuki, osallisuuden vahvistaminen, palveluj\u00e4rjestelm\u00e4n tuntemus ja palveluohjaus sek\u00e4 yhteis\u00f6n toimintakulttuurin kehitt\u00e4minen (Talentia ry 2022).<\/p>\n\n\n\n<p>Varhaiskasvatuksen sosionomin ty\u00f6nkuvan selkeytt\u00e4minen on t\u00e4rke\u00e4\u00e4<em>. <\/em>Siten pystyt\u00e4\u00e4n vastaamaan moniammatillisen yhteisty\u00f6n ja varhaisen tuen tarpeeseen p\u00e4iv\u00e4kodeissa<em>.<\/em> Parhaimmillaan sosionomi toimisi ty\u00f6yhteis\u00f6ss\u00e4 perhety\u00f6n ja varhaisen tuen asioissa koordinaattorina: ty\u00f6teht\u00e4viin kuuluisi olennaisesti palveluverkoston tuntemus, palveluohjaus ja moniammatillinen ty\u00f6skentely. Ty\u00f6nkuvan keskeinen osaamisalue olisi toimiminen yhteyshenkil\u00f6n\u00e4 eri lapsiperheiden palveluiden ja varhaiskasvatuksen v\u00e4lill\u00e4. Lis\u00e4ksi sosionomi pit\u00e4isi yll\u00e4 varhaisen tuen keskustelua ty\u00f6yhteis\u00f6ss\u00e4. Raitakari ym. (2019) nostavat esiin palveluiden yhteensovittamisen ja monialaisen yhteisty\u00f6n t\u00e4rkeyden, jotta voitaisiin ehk\u00e4ist\u00e4 palveluj\u00e4rjestelm\u00e4n pirstaleisuutta, asiakasprosessien hajanaisuutta ja tarjota varhaista tukea.<\/p>\n\n\n\n<p>Lapsistrategiassa (Valtioneuvosto 2021) todetaan, ett\u00e4 l\u00e4ht\u00f6kohtana palveluj\u00e4rjestelm\u00e4ss\u00e4 tulisi olla saavutettavuus, riitt\u00e4vyys, asiakasl\u00e4ht\u00f6isyys ja laatu. Varhainen tuki sek\u00e4 hyvinvoinnin edist\u00e4minen ovat merkitt\u00e4v\u00e4ss\u00e4 roolissa, jotta pystyt\u00e4\u00e4n ehk\u00e4isem\u00e4\u00e4n raskaampien palveluiden tarvetta sek\u00e4 pitk\u00e4ll\u00e4 t\u00e4ht\u00e4imell\u00e4 edist\u00e4m\u00e4\u00e4n lasten ja perheiden el\u00e4m\u00e4nlaatua sek\u00e4 arkea.<\/p>\n\n\n\n<div class=\"wp-block-group has-background\" style=\"background-color:#b3edfb\"><div class=\"wp-block-group__inner-container is-layout-constrained wp-block-group-is-layout-constrained\">\n<p>Kirjoittajat<\/p>\n\n\n\n<p><strong>Linda Kaltio<\/strong> on sosionomi (AMK) ja LAB-ammattikorkeakoulun sosionomi YAMK -opiskelija lapsi- ja perhepalveluiden kehitt\u00e4misen koulutuksesta. H\u00e4n toimii varhaiskasvatuksen opettajana Helsingin kaupungissa.&nbsp;<\/p>\n\n\n\n<p><strong>Elina Kosonen<\/strong> on LAB-ammattikorkeakoulun sosiaali- ja terveysalan lehtori, jota kiinnostaa lapsi- ja perhepalveluiden kehitt\u00e4minen.&nbsp;<\/p>\n<\/div><\/div>\n\n\n\n<h2 class=\"wp-block-heading\">L\u00e4hteet<\/h2>\n\n\n\n<p>Alexandra_Koch. 2022. Tiimi, yhten\u00e4inen, yhdess\u00e4. Pixabay. Viitattu 2.11.2022. Saatavissa \u00a0<a href=\"https:\/\/pixabay.com\/fi\/illustrations\/tiimi-yhten%c3%a4inen-yhdess%c3%a4-yksikk%c3%b6-6974882\/\" target=\"_blank\" rel=\"noreferrer noopener\">https:\/\/pixabay.com\/fi\/illustrations\/tiimi-yhten%c3%a4inen-yhdess%c3%a4-yksikk%c3%b6-6974882\/<\/a><\/p>\n\n\n\n<p>Karila, K., Kosonen, T. &amp; J\u00e4rvenkallas, S. 2017. Varhaiskasvatuksen kehitt\u00e4misen tiekartta vuosille 2017\u20132030. Suuntaviivat varhaiskasvatukseen osallistumisasteen nostamiseen sek\u00e4 p\u00e4iv\u00e4kotien henkil\u00f6st\u00f6n osaamisen, henkil\u00f6st\u00f6rakenteen ja koulutuksen kehitt\u00e4miseen. Opetus- ja kulttuuriministeri\u00f6n julkaisuja 2017:30. Viitattu 25.10.2022. Saatavissa \u00a0<a href=\"https:\/\/julkaisut.valtioneuvosto.fi\/bitstream\/handle\/10024\/80221\/okm30.pdf?sequence=1&amp;isAllowed=y\" target=\"_blank\" rel=\"noreferrer noopener\">https:\/\/julkaisut.valtioneuvosto.fi\/bitstream\/handle\/10024\/80221\/okm30.pdf?sequence=1&amp;isAllowed=y<\/a><\/p>\n\n\n\n<p>Raitakari, S., R\u00e4s\u00e4nen, J-M., Kostiainen, T. &amp; Juhila, K. 2019. Integroiva ty\u00f6tapa muotoutuvassa perhekeskuskontekstissa. Kriittisten tekij\u00f6iden tarkastelua. Tampere: Tampereen yliopistopaino. Viitattu 26.10.2022 Saatavissa <a href=\"https:\/\/trepo.tuni.fi\/bitstream\/handle\/10024\/105437\/978-952-03-1020-2.pdf?sequence=1&amp;isAllowed=y\" target=\"_blank\" rel=\"noreferrer noopener\">https:\/\/trepo.tuni.fi\/bitstream\/handle\/10024\/105437\/978-952-03-1020-2.pdf?sequence=1&amp;isAllowed=y<\/a><\/p>\n\n\n\n<p>Talentia ry. 2022. Varhaiskasvatuksen sosionomin teht\u00e4v\u00e4nkuva. Viitattu 24.10.2022. Saatavissa <a href=\"https:\/\/www.talentia.fi\/talentia\/talentian-tavoitteet\/talentia-vaikuttaa-varhaiskasvatuksessa\/varhaiskasvatuksen-sosionomin-tehtavakuva\/\">https:\/\/www.talentia.fi\/talentia\/talentian-tavoitteet\/talentia-vaikuttaa-varhaiskasvatuksessa\/varhaiskasv<\/a><a href=\"https:\/\/www.talentia.fi\/talentia\/talentian-tavoitteet\/talentia-vaikuttaa-varhaiskasvatuksessa\/varhaiskasvatuksen-sosionomin-tehtavakuva\/\" target=\"_blank\" rel=\"noreferrer noopener\">a<\/a><a href=\"https:\/\/www.talentia.fi\/talentia\/talentian-tavoitteet\/talentia-vaikuttaa-varhaiskasvatuksessa\/varhaiskasvatuksen-sosionomin-tehtavakuva\/\">tuksen-sosionomin-tehtavakuva\/<\/a><\/p>\n\n\n\n<p>Valtioneuvosto. 2021. Kansallinen lapsistrategia. Komiteamietint\u00f6. Kansallisen lapsistrategian parlamentaarinen komitea. Valtioneuvoston julkaisuja 2021:8. Helsinki: Valtioneuvosto. Viitattu 26.10.2022. Saatavissa \u00a0<a href=\"https:\/\/julkaisut.valtioneuvosto.fi\/bitstream\/handle\/10024\/162864\/VN_2021_8.pdf?sequence=4&amp;isAllowed=y\" target=\"_blank\" rel=\"noreferrer noopener\">https:\/\/julkaisut.valtioneuvosto.fi\/bitstream\/handle\/10024\/162864\/VN_2021_8.pdf?sequence=4&amp;isAllowed=y<\/a><\/p>\n\n\n\n<p>Varhaiskasvatuslaki 540\/2018. Finlex. Viitattu 24.10.2022. Saatavissa <a href=\"https:\/\/www.finlex.fi\/fi\/laki\/alkup\/2018\/20180540#Pidm45237815174992\" target=\"_blank\" rel=\"noreferrer noopener\">https:\/\/www.finlex.fi\/fi\/laki\/alkup\/2018\/20180540#Pidm45237815174992<\/a><\/p>\n\n\n\n<p>Varhaiskasvatussuunnitelman perusteet. 2022. Opetushallitus. Viitattu 24.10.2022. Saatavissa <a href=\"https:\/\/www.oph.fi\/sites\/default\/files\/documents\/Varhaiskasvatussuunnitelman_perusteet_2022_0.pdf\" target=\"_blank\" rel=\"noreferrer noopener\">https:\/\/www.oph.fi\/sites\/default\/files\/documents\/Varhaiskasvatussuunnitelman_perusteet_2022_0.pdf<\/a><\/p>\n","protected":false},"excerpt":{"rendered":"<p>Kansallisen lapsistrategian p\u00e4\u00e4tavoitteena on lapsen hyv\u00e4 el\u00e4m\u00e4. Keskeist\u00e4 tavoitteen saavuttamisessa on toimiva lapsi- ja perhepalveluiden j\u00e4rjestelm\u00e4 sek\u00e4 erilaisten palveluiden, tuen muotojen ja osallisuuden kanavien yhdenvertainen saatavuus. Tarkoituksena on vahvistaa moniammatillisen ty\u00f6n k\u00e4yt\u00e4nteit\u00e4 ja yhteisty\u00f6n rakenteita. (Valtioneuvosto 2021.) Varhaiskasvatus on merkitt\u00e4v\u00e4 osa palveluj\u00e4rjestelm\u00e4\u00e4, ja peruspalveluna se tavoittaa ensimm\u00e4isen\u00e4 l\u00e4hes kaikki yhteiskunnan perheet ja lapset. Varhaiskasvatuksen merkitys [&hellip;]<\/p>\n","protected":false},"author":17,"featured_media":10476,"comment_status":"closed","ping_status":"open","sticky":false,"template":"","format":"standard","meta":{"footnotes":""},"categories":[15],"tags":[29,750,3672,263],"class_list":{"0":"post-10475","1":"post","2":"type-post","3":"status-publish","4":"format-standard","5":"has-post-thumbnail","7":"category-health_fi","8":"tag-artikkeli-e1","9":"tag-moniammatillisuus","10":"tag-varhaiskasvatuksen-sosionomi-fi","11":"tag-varhaiskasvatus","12":"czr-hentry"},"yoast_head":"<!-- This site is optimized with the Yoast SEO plugin v27.5 - https:\/\/yoast.com\/product\/yoast-seo-wordpress\/ -->\n<title>Sosionomin erityisosaaminen varhaiskasvatuksen moniammatillisessa ty\u00f6ss\u00e4 - LAB Focus<\/title>\n<meta name=\"description\" content=\"Uudet varhaiskasvatuksen sosionomit voivat tuoda t\u00e4rke\u00e4n panoksen varhaiskasvatuksen moniammatilliseen yhteisty\u00f6h\u00f6n.\" \/>\n<meta name=\"robots\" content=\"index, follow, max-snippet:-1, max-image-preview:large, max-video-preview:-1\" \/>\n<link rel=\"canonical\" href=\"https:\/\/blogit.lab.fi\/labfocus\/sosionomin-erityisosaaminen-varhaiskasvatuksen-moniammatillisessa-tyossa\/\" \/>\n<meta property=\"og:locale\" content=\"fi_FI\" \/>\n<meta property=\"og:type\" content=\"article\" \/>\n<meta property=\"og:title\" content=\"Sosionomin erityisosaaminen varhaiskasvatuksen moniammatillisessa ty\u00f6ss\u00e4 - LAB Focus\" \/>\n<meta property=\"og:description\" content=\"Uudet varhaiskasvatuksen sosionomit voivat tuoda t\u00e4rke\u00e4n panoksen varhaiskasvatuksen moniammatilliseen yhteisty\u00f6h\u00f6n.\" \/>\n<meta property=\"og:url\" content=\"https:\/\/blogit.lab.fi\/labfocus\/sosionomin-erityisosaaminen-varhaiskasvatuksen-moniammatillisessa-tyossa\/\" \/>\n<meta property=\"og:site_name\" content=\"LAB Focus\" \/>\n<meta property=\"article:published_time\" content=\"2022-11-10T09:27:44+00:00\" \/>\n<meta property=\"article:modified_time\" content=\"2022-11-10T09:27:45+00:00\" \/>\n<meta property=\"og:image\" content=\"https:\/\/blogit.lab.fi\/labfocus\/wp-content\/uploads\/sites\/8\/2022\/11\/673_2022_Sosionomin-erityisosaaminen-varhaiskasvatuksen-moniammatillisessa-tyossa.jpg\" \/>\n\t<meta property=\"og:image:width\" content=\"1280\" \/>\n\t<meta property=\"og:image:height\" content=\"848\" \/>\n\t<meta property=\"og:image:type\" content=\"image\/jpeg\" \/>\n<meta name=\"author\" content=\"tainask\" \/>\n<meta name=\"twitter:card\" content=\"summary_large_image\" \/>\n<meta name=\"twitter:creator\" content=\"@LABfinland\" \/>\n<meta name=\"twitter:site\" content=\"@LABfinland\" \/>\n<meta name=\"twitter:label1\" content=\"Kirjoittanut\" \/>\n\t<meta name=\"twitter:data1\" content=\"tainask\" \/>\n\t<meta name=\"twitter:label2\" content=\"Arvioitu lukuaika\" \/>\n\t<meta name=\"twitter:data2\" content=\"4 minuuttia\" \/>\n<script type=\"application\/ld+json\" class=\"yoast-schema-graph\">{\"@context\":\"https:\\\/\\\/schema.org\",\"@graph\":[{\"@type\":\"Article\",\"@id\":\"https:\\\/\\\/blogit.lab.fi\\\/labfocus\\\/sosionomin-erityisosaaminen-varhaiskasvatuksen-moniammatillisessa-tyossa\\\/#article\",\"isPartOf\":{\"@id\":\"https:\\\/\\\/blogit.lab.fi\\\/labfocus\\\/sosionomin-erityisosaaminen-varhaiskasvatuksen-moniammatillisessa-tyossa\\\/\"},\"author\":{\"name\":\"tainask\",\"@id\":\"https:\\\/\\\/blogit.lab.fi\\\/labfocus\\\/#\\\/schema\\\/person\\\/da729f65c4a2fb9fd8f0b1ec7a2ab7d0\"},\"headline\":\"Sosionomin erityisosaaminen varhaiskasvatuksen moniammatillisessa ty\u00f6ss\u00e4\",\"datePublished\":\"2022-11-10T09:27:44+00:00\",\"dateModified\":\"2022-11-10T09:27:45+00:00\",\"mainEntityOfPage\":{\"@id\":\"https:\\\/\\\/blogit.lab.fi\\\/labfocus\\\/sosionomin-erityisosaaminen-varhaiskasvatuksen-moniammatillisessa-tyossa\\\/\"},\"wordCount\":631,\"publisher\":{\"@id\":\"https:\\\/\\\/blogit.lab.fi\\\/labfocus\\\/#organization\"},\"image\":{\"@id\":\"https:\\\/\\\/blogit.lab.fi\\\/labfocus\\\/sosionomin-erityisosaaminen-varhaiskasvatuksen-moniammatillisessa-tyossa\\\/#primaryimage\"},\"thumbnailUrl\":\"https:\\\/\\\/blogit.lab.fi\\\/labfocus\\\/wp-content\\\/uploads\\\/sites\\\/8\\\/2022\\\/11\\\/673_2022_Sosionomin-erityisosaaminen-varhaiskasvatuksen-moniammatillisessa-tyossa.jpg\",\"keywords\":[\"Artikkeli E1\",\"Moniammatillisuus\",\"varhaiskasvatuksen sosionomi\",\"varhaiskasvatus\"],\"articleSection\":[\"Health\"],\"inLanguage\":\"fi\"},{\"@type\":\"WebPage\",\"@id\":\"https:\\\/\\\/blogit.lab.fi\\\/labfocus\\\/sosionomin-erityisosaaminen-varhaiskasvatuksen-moniammatillisessa-tyossa\\\/\",\"url\":\"https:\\\/\\\/blogit.lab.fi\\\/labfocus\\\/sosionomin-erityisosaaminen-varhaiskasvatuksen-moniammatillisessa-tyossa\\\/\",\"name\":\"Sosionomin erityisosaaminen varhaiskasvatuksen moniammatillisessa ty\u00f6ss\u00e4 - LAB Focus\",\"isPartOf\":{\"@id\":\"https:\\\/\\\/blogit.lab.fi\\\/labfocus\\\/#website\"},\"primaryImageOfPage\":{\"@id\":\"https:\\\/\\\/blogit.lab.fi\\\/labfocus\\\/sosionomin-erityisosaaminen-varhaiskasvatuksen-moniammatillisessa-tyossa\\\/#primaryimage\"},\"image\":{\"@id\":\"https:\\\/\\\/blogit.lab.fi\\\/labfocus\\\/sosionomin-erityisosaaminen-varhaiskasvatuksen-moniammatillisessa-tyossa\\\/#primaryimage\"},\"thumbnailUrl\":\"https:\\\/\\\/blogit.lab.fi\\\/labfocus\\\/wp-content\\\/uploads\\\/sites\\\/8\\\/2022\\\/11\\\/673_2022_Sosionomin-erityisosaaminen-varhaiskasvatuksen-moniammatillisessa-tyossa.jpg\",\"datePublished\":\"2022-11-10T09:27:44+00:00\",\"dateModified\":\"2022-11-10T09:27:45+00:00\",\"description\":\"Uudet varhaiskasvatuksen sosionomit voivat tuoda t\u00e4rke\u00e4n panoksen varhaiskasvatuksen moniammatilliseen yhteisty\u00f6h\u00f6n.\",\"breadcrumb\":{\"@id\":\"https:\\\/\\\/blogit.lab.fi\\\/labfocus\\\/sosionomin-erityisosaaminen-varhaiskasvatuksen-moniammatillisessa-tyossa\\\/#breadcrumb\"},\"inLanguage\":\"fi\",\"potentialAction\":[{\"@type\":\"ReadAction\",\"target\":[\"https:\\\/\\\/blogit.lab.fi\\\/labfocus\\\/sosionomin-erityisosaaminen-varhaiskasvatuksen-moniammatillisessa-tyossa\\\/\"]}]},{\"@type\":\"ImageObject\",\"inLanguage\":\"fi\",\"@id\":\"https:\\\/\\\/blogit.lab.fi\\\/labfocus\\\/sosionomin-erityisosaaminen-varhaiskasvatuksen-moniammatillisessa-tyossa\\\/#primaryimage\",\"url\":\"https:\\\/\\\/blogit.lab.fi\\\/labfocus\\\/wp-content\\\/uploads\\\/sites\\\/8\\\/2022\\\/11\\\/673_2022_Sosionomin-erityisosaaminen-varhaiskasvatuksen-moniammatillisessa-tyossa.jpg\",\"contentUrl\":\"https:\\\/\\\/blogit.lab.fi\\\/labfocus\\\/wp-content\\\/uploads\\\/sites\\\/8\\\/2022\\\/11\\\/673_2022_Sosionomin-erityisosaaminen-varhaiskasvatuksen-moniammatillisessa-tyossa.jpg\",\"width\":1280,\"height\":848},{\"@type\":\"BreadcrumbList\",\"@id\":\"https:\\\/\\\/blogit.lab.fi\\\/labfocus\\\/sosionomin-erityisosaaminen-varhaiskasvatuksen-moniammatillisessa-tyossa\\\/#breadcrumb\",\"itemListElement\":[{\"@type\":\"ListItem\",\"position\":1,\"name\":\"Home\",\"item\":\"https:\\\/\\\/blogit.lab.fi\\\/labfocus\\\/\"},{\"@type\":\"ListItem\",\"position\":2,\"name\":\"Sosionomin erityisosaaminen varhaiskasvatuksen moniammatillisessa ty\u00f6ss\u00e4\"}]},{\"@type\":\"WebSite\",\"@id\":\"https:\\\/\\\/blogit.lab.fi\\\/labfocus\\\/#website\",\"url\":\"https:\\\/\\\/blogit.lab.fi\\\/labfocus\\\/\",\"name\":\"LAB Focus\",\"description\":\"Focus Area blog | LAB University of Applied Sciences\",\"publisher\":{\"@id\":\"https:\\\/\\\/blogit.lab.fi\\\/labfocus\\\/#organization\"},\"potentialAction\":[{\"@type\":\"SearchAction\",\"target\":{\"@type\":\"EntryPoint\",\"urlTemplate\":\"https:\\\/\\\/blogit.lab.fi\\\/labfocus\\\/?s={search_term_string}\"},\"query-input\":{\"@type\":\"PropertyValueSpecification\",\"valueRequired\":true,\"valueName\":\"search_term_string\"}}],\"inLanguage\":\"fi\"},{\"@type\":\"Organization\",\"@id\":\"https:\\\/\\\/blogit.lab.fi\\\/labfocus\\\/#organization\",\"name\":\"LAB Focus\",\"url\":\"https:\\\/\\\/blogit.lab.fi\\\/labfocus\\\/\",\"logo\":{\"@type\":\"ImageObject\",\"inLanguage\":\"fi\",\"@id\":\"https:\\\/\\\/blogit.lab.fi\\\/labfocus\\\/#\\\/schema\\\/logo\\\/image\\\/\",\"url\":\"https:\\\/\\\/blogit.lab.fi\\\/labfocus\\\/wp-content\\\/uploads\\\/sites\\\/8\\\/2020\\\/04\\\/cropped-cropped-tunnus_blogi-01.png\",\"contentUrl\":\"https:\\\/\\\/blogit.lab.fi\\\/labfocus\\\/wp-content\\\/uploads\\\/sites\\\/8\\\/2020\\\/04\\\/cropped-cropped-tunnus_blogi-01.png\",\"width\":1342,\"height\":288,\"caption\":\"LAB Focus\"},\"image\":{\"@id\":\"https:\\\/\\\/blogit.lab.fi\\\/labfocus\\\/#\\\/schema\\\/logo\\\/image\\\/\"},\"sameAs\":[\"https:\\\/\\\/x.com\\\/LABfinland\"]},{\"@type\":\"Person\",\"@id\":\"https:\\\/\\\/blogit.lab.fi\\\/labfocus\\\/#\\\/schema\\\/person\\\/da729f65c4a2fb9fd8f0b1ec7a2ab7d0\",\"name\":\"tainask\",\"image\":{\"@type\":\"ImageObject\",\"inLanguage\":\"fi\",\"@id\":\"https:\\\/\\\/secure.gravatar.com\\\/avatar\\\/4a96427877ef826b76e80c27f60b266128094f522551459346efcf14282febb3?s=96&d=mm&r=g\",\"url\":\"https:\\\/\\\/secure.gravatar.com\\\/avatar\\\/4a96427877ef826b76e80c27f60b266128094f522551459346efcf14282febb3?s=96&d=mm&r=g\",\"contentUrl\":\"https:\\\/\\\/secure.gravatar.com\\\/avatar\\\/4a96427877ef826b76e80c27f60b266128094f522551459346efcf14282febb3?s=96&d=mm&r=g\",\"caption\":\"tainask\"},\"url\":\"https:\\\/\\\/blogit.lab.fi\\\/labfocus\\\/author\\\/tainask\\\/\"}]}<\/script>\n<!-- \/ Yoast SEO plugin. -->","yoast_head_json":{"title":"Sosionomin erityisosaaminen varhaiskasvatuksen moniammatillisessa ty\u00f6ss\u00e4 - LAB Focus","description":"Uudet varhaiskasvatuksen sosionomit voivat tuoda t\u00e4rke\u00e4n panoksen varhaiskasvatuksen moniammatilliseen yhteisty\u00f6h\u00f6n.","robots":{"index":"index","follow":"follow","max-snippet":"max-snippet:-1","max-image-preview":"max-image-preview:large","max-video-preview":"max-video-preview:-1"},"canonical":"https:\/\/blogit.lab.fi\/labfocus\/sosionomin-erityisosaaminen-varhaiskasvatuksen-moniammatillisessa-tyossa\/","og_locale":"fi_FI","og_type":"article","og_title":"Sosionomin erityisosaaminen varhaiskasvatuksen moniammatillisessa ty\u00f6ss\u00e4 - LAB Focus","og_description":"Uudet varhaiskasvatuksen sosionomit voivat tuoda t\u00e4rke\u00e4n panoksen varhaiskasvatuksen moniammatilliseen yhteisty\u00f6h\u00f6n.","og_url":"https:\/\/blogit.lab.fi\/labfocus\/sosionomin-erityisosaaminen-varhaiskasvatuksen-moniammatillisessa-tyossa\/","og_site_name":"LAB Focus","article_published_time":"2022-11-10T09:27:44+00:00","article_modified_time":"2022-11-10T09:27:45+00:00","og_image":[{"width":1280,"height":848,"url":"https:\/\/blogit.lab.fi\/labfocus\/wp-content\/uploads\/sites\/8\/2022\/11\/673_2022_Sosionomin-erityisosaaminen-varhaiskasvatuksen-moniammatillisessa-tyossa.jpg","type":"image\/jpeg"}],"author":"tainask","twitter_card":"summary_large_image","twitter_creator":"@LABfinland","twitter_site":"@LABfinland","twitter_misc":{"Kirjoittanut":"tainask","Arvioitu lukuaika":"4 minuuttia"},"schema":{"@context":"https:\/\/schema.org","@graph":[{"@type":"Article","@id":"https:\/\/blogit.lab.fi\/labfocus\/sosionomin-erityisosaaminen-varhaiskasvatuksen-moniammatillisessa-tyossa\/#article","isPartOf":{"@id":"https:\/\/blogit.lab.fi\/labfocus\/sosionomin-erityisosaaminen-varhaiskasvatuksen-moniammatillisessa-tyossa\/"},"author":{"name":"tainask","@id":"https:\/\/blogit.lab.fi\/labfocus\/#\/schema\/person\/da729f65c4a2fb9fd8f0b1ec7a2ab7d0"},"headline":"Sosionomin erityisosaaminen varhaiskasvatuksen moniammatillisessa ty\u00f6ss\u00e4","datePublished":"2022-11-10T09:27:44+00:00","dateModified":"2022-11-10T09:27:45+00:00","mainEntityOfPage":{"@id":"https:\/\/blogit.lab.fi\/labfocus\/sosionomin-erityisosaaminen-varhaiskasvatuksen-moniammatillisessa-tyossa\/"},"wordCount":631,"publisher":{"@id":"https:\/\/blogit.lab.fi\/labfocus\/#organization"},"image":{"@id":"https:\/\/blogit.lab.fi\/labfocus\/sosionomin-erityisosaaminen-varhaiskasvatuksen-moniammatillisessa-tyossa\/#primaryimage"},"thumbnailUrl":"https:\/\/blogit.lab.fi\/labfocus\/wp-content\/uploads\/sites\/8\/2022\/11\/673_2022_Sosionomin-erityisosaaminen-varhaiskasvatuksen-moniammatillisessa-tyossa.jpg","keywords":["Artikkeli E1","Moniammatillisuus","varhaiskasvatuksen sosionomi","varhaiskasvatus"],"articleSection":["Health"],"inLanguage":"fi"},{"@type":"WebPage","@id":"https:\/\/blogit.lab.fi\/labfocus\/sosionomin-erityisosaaminen-varhaiskasvatuksen-moniammatillisessa-tyossa\/","url":"https:\/\/blogit.lab.fi\/labfocus\/sosionomin-erityisosaaminen-varhaiskasvatuksen-moniammatillisessa-tyossa\/","name":"Sosionomin erityisosaaminen varhaiskasvatuksen moniammatillisessa ty\u00f6ss\u00e4 - LAB Focus","isPartOf":{"@id":"https:\/\/blogit.lab.fi\/labfocus\/#website"},"primaryImageOfPage":{"@id":"https:\/\/blogit.lab.fi\/labfocus\/sosionomin-erityisosaaminen-varhaiskasvatuksen-moniammatillisessa-tyossa\/#primaryimage"},"image":{"@id":"https:\/\/blogit.lab.fi\/labfocus\/sosionomin-erityisosaaminen-varhaiskasvatuksen-moniammatillisessa-tyossa\/#primaryimage"},"thumbnailUrl":"https:\/\/blogit.lab.fi\/labfocus\/wp-content\/uploads\/sites\/8\/2022\/11\/673_2022_Sosionomin-erityisosaaminen-varhaiskasvatuksen-moniammatillisessa-tyossa.jpg","datePublished":"2022-11-10T09:27:44+00:00","dateModified":"2022-11-10T09:27:45+00:00","description":"Uudet varhaiskasvatuksen sosionomit voivat tuoda t\u00e4rke\u00e4n panoksen varhaiskasvatuksen moniammatilliseen yhteisty\u00f6h\u00f6n.","breadcrumb":{"@id":"https:\/\/blogit.lab.fi\/labfocus\/sosionomin-erityisosaaminen-varhaiskasvatuksen-moniammatillisessa-tyossa\/#breadcrumb"},"inLanguage":"fi","potentialAction":[{"@type":"ReadAction","target":["https:\/\/blogit.lab.fi\/labfocus\/sosionomin-erityisosaaminen-varhaiskasvatuksen-moniammatillisessa-tyossa\/"]}]},{"@type":"ImageObject","inLanguage":"fi","@id":"https:\/\/blogit.lab.fi\/labfocus\/sosionomin-erityisosaaminen-varhaiskasvatuksen-moniammatillisessa-tyossa\/#primaryimage","url":"https:\/\/blogit.lab.fi\/labfocus\/wp-content\/uploads\/sites\/8\/2022\/11\/673_2022_Sosionomin-erityisosaaminen-varhaiskasvatuksen-moniammatillisessa-tyossa.jpg","contentUrl":"https:\/\/blogit.lab.fi\/labfocus\/wp-content\/uploads\/sites\/8\/2022\/11\/673_2022_Sosionomin-erityisosaaminen-varhaiskasvatuksen-moniammatillisessa-tyossa.jpg","width":1280,"height":848},{"@type":"BreadcrumbList","@id":"https:\/\/blogit.lab.fi\/labfocus\/sosionomin-erityisosaaminen-varhaiskasvatuksen-moniammatillisessa-tyossa\/#breadcrumb","itemListElement":[{"@type":"ListItem","position":1,"name":"Home","item":"https:\/\/blogit.lab.fi\/labfocus\/"},{"@type":"ListItem","position":2,"name":"Sosionomin erityisosaaminen varhaiskasvatuksen moniammatillisessa ty\u00f6ss\u00e4"}]},{"@type":"WebSite","@id":"https:\/\/blogit.lab.fi\/labfocus\/#website","url":"https:\/\/blogit.lab.fi\/labfocus\/","name":"LAB Focus","description":"Focus Area blog | LAB University of Applied Sciences","publisher":{"@id":"https:\/\/blogit.lab.fi\/labfocus\/#organization"},"potentialAction":[{"@type":"SearchAction","target":{"@type":"EntryPoint","urlTemplate":"https:\/\/blogit.lab.fi\/labfocus\/?s={search_term_string}"},"query-input":{"@type":"PropertyValueSpecification","valueRequired":true,"valueName":"search_term_string"}}],"inLanguage":"fi"},{"@type":"Organization","@id":"https:\/\/blogit.lab.fi\/labfocus\/#organization","name":"LAB Focus","url":"https:\/\/blogit.lab.fi\/labfocus\/","logo":{"@type":"ImageObject","inLanguage":"fi","@id":"https:\/\/blogit.lab.fi\/labfocus\/#\/schema\/logo\/image\/","url":"https:\/\/blogit.lab.fi\/labfocus\/wp-content\/uploads\/sites\/8\/2020\/04\/cropped-cropped-tunnus_blogi-01.png","contentUrl":"https:\/\/blogit.lab.fi\/labfocus\/wp-content\/uploads\/sites\/8\/2020\/04\/cropped-cropped-tunnus_blogi-01.png","width":1342,"height":288,"caption":"LAB Focus"},"image":{"@id":"https:\/\/blogit.lab.fi\/labfocus\/#\/schema\/logo\/image\/"},"sameAs":["https:\/\/x.com\/LABfinland"]},{"@type":"Person","@id":"https:\/\/blogit.lab.fi\/labfocus\/#\/schema\/person\/da729f65c4a2fb9fd8f0b1ec7a2ab7d0","name":"tainask","image":{"@type":"ImageObject","inLanguage":"fi","@id":"https:\/\/secure.gravatar.com\/avatar\/4a96427877ef826b76e80c27f60b266128094f522551459346efcf14282febb3?s=96&d=mm&r=g","url":"https:\/\/secure.gravatar.com\/avatar\/4a96427877ef826b76e80c27f60b266128094f522551459346efcf14282febb3?s=96&d=mm&r=g","contentUrl":"https:\/\/secure.gravatar.com\/avatar\/4a96427877ef826b76e80c27f60b266128094f522551459346efcf14282febb3?s=96&d=mm&r=g","caption":"tainask"},"url":"https:\/\/blogit.lab.fi\/labfocus\/author\/tainask\/"}]}},"_links":{"self":[{"href":"https:\/\/blogit.lab.fi\/labfocus\/wp-json\/wp\/v2\/posts\/10475","targetHints":{"allow":["GET"]}}],"collection":[{"href":"https:\/\/blogit.lab.fi\/labfocus\/wp-json\/wp\/v2\/posts"}],"about":[{"href":"https:\/\/blogit.lab.fi\/labfocus\/wp-json\/wp\/v2\/types\/post"}],"author":[{"embeddable":true,"href":"https:\/\/blogit.lab.fi\/labfocus\/wp-json\/wp\/v2\/users\/17"}],"replies":[{"embeddable":true,"href":"https:\/\/blogit.lab.fi\/labfocus\/wp-json\/wp\/v2\/comments?post=10475"}],"version-history":[{"count":2,"href":"https:\/\/blogit.lab.fi\/labfocus\/wp-json\/wp\/v2\/posts\/10475\/revisions"}],"predecessor-version":[{"id":10478,"href":"https:\/\/blogit.lab.fi\/labfocus\/wp-json\/wp\/v2\/posts\/10475\/revisions\/10478"}],"wp:featuredmedia":[{"embeddable":true,"href":"https:\/\/blogit.lab.fi\/labfocus\/wp-json\/wp\/v2\/media\/10476"}],"wp:attachment":[{"href":"https:\/\/blogit.lab.fi\/labfocus\/wp-json\/wp\/v2\/media?parent=10475"}],"wp:term":[{"taxonomy":"category","embeddable":true,"href":"https:\/\/blogit.lab.fi\/labfocus\/wp-json\/wp\/v2\/categories?post=10475"},{"taxonomy":"post_tag","embeddable":true,"href":"https:\/\/blogit.lab.fi\/labfocus\/wp-json\/wp\/v2\/tags?post=10475"}],"curies":[{"name":"wp","href":"https:\/\/api.w.org\/{rel}","templated":true}]}}