{"id":10500,"date":"2022-11-11T07:31:33","date_gmt":"2022-11-11T05:31:33","guid":{"rendered":"https:\/\/blogit.lab.fi\/labfocus\/?p=10500"},"modified":"2022-11-11T07:31:35","modified_gmt":"2022-11-11T05:31:35","slug":"milta-festivaalimajoitus-nayttaa-tulevaisuudessa","status":"publish","type":"post","link":"https:\/\/blogit.lab.fi\/labfocus\/milta-festivaalimajoitus-nayttaa-tulevaisuudessa\/","title":{"rendered":"Milt\u00e4 festivaalimajoitus n\u00e4ytt\u00e4\u00e4 tulevaisuudessa?&nbsp;"},"content":{"rendered":"\n<p>Perinteisesti musiikkifestivaaleille menij\u00e4t ovat majoittautuneet telttaleiriin, mutta muut vaihtoehdot valtaavat jatkuvasti alaa. Siihen, mit\u00e4 tulevaisuuden festivaalimajoitus sis\u00e4lt\u00e4\u00e4, vaikuttavat maailmalla vallitsevat trendit ja ilmi\u00f6t sek\u00e4 asiakkaiden kokemukset ja toiveet.<\/p>\n\n\n\n<p>Tyypillisen festivaaliasiakkaan k\u00e4ytt\u00e4ytymist\u00e4 voi mallintaa palvelupolulla, joka kuvaa, miten asiakas kulkee ja kokee tietyn palvelun aika-akselilla. Eri palvelupolun vaiheet muodostavat asiakkaalle arvon koetusta palvelusta. (Tuulaniemi 2011, 79.) Asiakkaalle muodostunut arvo vaikuttaa puolestaan asiakaskokemukseen, jonka Kortesuo &amp; L\u00f6yt\u00e4n\u00e4 (2011) m\u00e4\u00e4rittelev\u00e4t niiden kohtaamisten, mielikuvien ja tunteiden summaksi, jonka asiakas muodostaa yrityksen toimintatavoista ja palveluista.<\/p>\n\n\n\n<figure class=\"wp-block-image size-large\"><img loading=\"lazy\" decoding=\"async\" width=\"1024\" height=\"618\" src=\"https:\/\/blogit.lab.fi\/labfocus\/wp-content\/uploads\/sites\/8\/2022\/11\/655_2022_Milta-festivaalimajoitus-nayttaa-tulevaisuudessa_1-1024x618.jpg\" alt=\"\" class=\"wp-image-10501\" srcset=\"https:\/\/blogit.lab.fi\/labfocus\/wp-content\/uploads\/sites\/8\/2022\/11\/655_2022_Milta-festivaalimajoitus-nayttaa-tulevaisuudessa_1-1024x618.jpg 1024w, https:\/\/blogit.lab.fi\/labfocus\/wp-content\/uploads\/sites\/8\/2022\/11\/655_2022_Milta-festivaalimajoitus-nayttaa-tulevaisuudessa_1-300x181.jpg 300w, https:\/\/blogit.lab.fi\/labfocus\/wp-content\/uploads\/sites\/8\/2022\/11\/655_2022_Milta-festivaalimajoitus-nayttaa-tulevaisuudessa_1-768x463.jpg 768w, https:\/\/blogit.lab.fi\/labfocus\/wp-content\/uploads\/sites\/8\/2022\/11\/655_2022_Milta-festivaalimajoitus-nayttaa-tulevaisuudessa_1-570x344.jpg 570w, https:\/\/blogit.lab.fi\/labfocus\/wp-content\/uploads\/sites\/8\/2022\/11\/655_2022_Milta-festivaalimajoitus-nayttaa-tulevaisuudessa_1.jpg 1280w\" sizes=\"auto, (max-width: 1024px) 100vw, 1024px\" \/><figcaption class=\"wp-element-caption\">Kuva 1. Iskelm\u00e4festivaali Himoksen BOX-majoitusta. (Kuva: Petri Saarelainen)<\/figcaption><\/figure>\n\n\n\n<p>Futuristi Elina Hiltunen (2017) luonnehtii trendi\u00e4 tulevaisuuden suuntana, joka on yleinen kehitys tai muutos tilanteessa, tai ihmisten k\u00e4ytt\u00e4ytymisess\u00e4. Muutoksen ensimm\u00e4inen merkki on heikko signaali, joka kertoo uusista nousevista ilmi\u00f6ist\u00e4. Se voi olla esimerkiksi arkip\u00e4iv\u00e4inen havainto uudesta k\u00e4yt\u00e4nteest\u00e4 tai pieni lehtijuttu. Trendit ja heikot signaalit ovat tulevaisuuden ennustamisen ty\u00f6kaluja, joiden avulla voidaan luoda tai kehitt\u00e4\u00e4 jotain uutta. (Hiltunen 2017.)<\/p>\n\n\n\n<figure class=\"wp-block-image size-large\"><img loading=\"lazy\" decoding=\"async\" width=\"1024\" height=\"590\" src=\"https:\/\/blogit.lab.fi\/labfocus\/wp-content\/uploads\/sites\/8\/2022\/11\/655_2022_Milta-festivaalimajoitus-nayttaa-tulevaisuudessa_2-1024x590.jpg\" alt=\"\" class=\"wp-image-10502\" srcset=\"https:\/\/blogit.lab.fi\/labfocus\/wp-content\/uploads\/sites\/8\/2022\/11\/655_2022_Milta-festivaalimajoitus-nayttaa-tulevaisuudessa_2-1024x590.jpg 1024w, https:\/\/blogit.lab.fi\/labfocus\/wp-content\/uploads\/sites\/8\/2022\/11\/655_2022_Milta-festivaalimajoitus-nayttaa-tulevaisuudessa_2-300x173.jpg 300w, https:\/\/blogit.lab.fi\/labfocus\/wp-content\/uploads\/sites\/8\/2022\/11\/655_2022_Milta-festivaalimajoitus-nayttaa-tulevaisuudessa_2-768x443.jpg 768w, https:\/\/blogit.lab.fi\/labfocus\/wp-content\/uploads\/sites\/8\/2022\/11\/655_2022_Milta-festivaalimajoitus-nayttaa-tulevaisuudessa_2-570x329.jpg 570w, https:\/\/blogit.lab.fi\/labfocus\/wp-content\/uploads\/sites\/8\/2022\/11\/655_2022_Milta-festivaalimajoitus-nayttaa-tulevaisuudessa_2.jpg 1280w\" sizes=\"auto, (max-width: 1024px) 100vw, 1024px\" \/><figcaption class=\"wp-element-caption\">Kuva 2. \u00a0Heikoista signaaleista saattaa synty\u00e4 trendej\u00e4. (Kuva: Hanna Lepp\u00e4nen)<\/figcaption><\/figure>\n\n\n\n<h2 class=\"wp-block-heading\">Tutkimus kehitt\u00e4misen apuna<\/h2>\n\n\n\n<p>Nelonen Media Liven festivaalimajoituksen kehitt\u00e4mist\u00e4 tutkittiin toimeksiantona opinn\u00e4ytety\u00f6ss\u00e4. Tutkimus osoitti festivaalimajoituksen olevan kattava kokonaisuus, jonka kehitt\u00e4miselle l\u00f6ytyy useita mahdollisuuksia. Tutkimuskyselyn tulokset osoittivat asiakkaiden olevan tyytyv\u00e4isi\u00e4 nykyiseen majoitukseen, mutta he osoittivat mielenkiintoa my\u00f6s majoituspalveluiden kehitt\u00e4mist\u00e4 kohtaan. Uudistamisen rinnalla vanhat majoituspalvelut pitiv\u00e4t kuitenkin vankan suosionsa. (Lepp\u00e4nen 2022, 40\u201341.)<\/p>\n\n\n\n<p>Tutkimushaastattelussa tuli esiin trendien seuraamisen, el\u00e4myksien luomisen sek\u00e4 jatkuvan kehitt\u00e4misen t\u00e4rkeys festivaalimajoituksessa. Benchmarking toi puolestaan esille n\u00e4k\u00f6kulmia festivaalimajoituksen lukemattomista kehitt\u00e4mismahdollisuuksista, kun tarkastelun kohteeksi otettiin muiden tapahtumaj\u00e4rjest\u00e4jien festivaalimajoitus. Tutkimustulokset tukevat festivaalimajoituksen kehitt\u00e4mist\u00e4 ja uusien palvelujen sek\u00e4 tuotteiden tuomista markkinoille. (Lepp\u00e4nen 2022, 25\u201329.)<\/p>\n\n\n\n<h2 class=\"wp-block-heading\">Uusi on tervetullut, unohtamatta vanhaa<\/h2>\n\n\n\n<p>T\u00e4ll\u00e4 hetkell\u00e4 festivaalimajoituksen asiakkaat ovat kiinnostuneita majoitustuotteiden uudistamisesta, mutta odottavat my\u00f6s vanhojen, hyv\u00e4ksi todettujen palvelujen s\u00e4ilyv\u00e4n laadukkaina. K\u00e4yt\u00e4nn\u00f6t tulevat siis todenn\u00e4k\u00f6isesti joiltain osin muuttumaan tulevaisuudessa. Festivaalimajoitusta koskevassa kehitysty\u00f6ss\u00e4 tulee huomioida sen vahvuudet, heikkoudet sek\u00e4 mahdollisuudet. Niiden muodostama kokonaisuus ohjaa festivaalimajoituksen kehityst\u00e4 ja m\u00e4\u00e4rittelee lopulta, milt\u00e4 se tulevaisuudessa n\u00e4ytt\u00e4\u00e4.<\/p>\n\n\n\n<div class=\"wp-block-group has-background\" style=\"background-color:#b3edfb\"><div class=\"wp-block-group__inner-container is-layout-constrained wp-block-group-is-layout-constrained\">\n<p>Kirjoittajat<\/p>\n\n\n\n<p><strong>Hanna Lepp\u00e4nen<\/strong> valmistuu syksyll\u00e4 2022 matkailuliiketoiminnan restonomiksi (AMK) LAB-ammattikorkeakoulusta.<\/p>\n\n\n\n<p><strong>Jaana Loipponen <\/strong>ty\u00f6skentelee Kielikeskuksen lehtorina LAB-ammattikorkeakoulussa.<\/p>\n<\/div><\/div>\n\n\n\n<h2 class=\"wp-block-heading\">L\u00e4hteet<\/h2>\n\n\n\n<p>Hiltunen, E. 2017. Mit\u00e4 tulevaisuuden asiakas haluaa: trendit ja ilmi\u00f6t. E-kirja. Docendo Oy: Jyv\u00e4skyl\u00e4.<\/p>\n\n\n\n<p>Kortesuo, K. &amp; L\u00f6yt\u00e4n\u00e4, J. 2011. Asiakaskokemus \u2013 Palvelubisneksest\u00e4 kokemusbisnekseen. E-kirja. Helsinki: Talentum.<\/p>\n\n\n\n<p>Lepp\u00e4nen, H. 2022. Festivaalimajoituksen kehitt\u00e4minen. Opinn\u00e4ytety\u00f6. LAB-ammattikorkeakoulu, hotelli-, ravintola- ja matkailuala. Viitattu 24.10.2022. Saatavissa <a href=\"https:\/\/urn.fi\/URN:NBN:fi:amk-2022110922324\">https:\/\/urn.fi\/URN:NBN:fi:amk-2022110922324<\/a><\/p>\n\n\n\n<p>Tuulaniemi, J. 2011. Palvelumuotoilu. E-kirja. Talentum Media Oy: Helsinki.<\/p>\n","protected":false},"excerpt":{"rendered":"<p>Perinteisesti musiikkifestivaaleille menij\u00e4t ovat majoittautuneet telttaleiriin, mutta muut vaihtoehdot valtaavat jatkuvasti alaa. Siihen, mit\u00e4 tulevaisuuden festivaalimajoitus sis\u00e4lt\u00e4\u00e4, vaikuttavat maailmalla vallitsevat trendit ja ilmi\u00f6t sek\u00e4 asiakkaiden kokemukset ja toiveet. Tyypillisen festivaaliasiakkaan k\u00e4ytt\u00e4ytymist\u00e4 voi mallintaa palvelupolulla, joka kuvaa, miten asiakas kulkee ja kokee tietyn palvelun aika-akselilla. Eri palvelupolun vaiheet muodostavat asiakkaalle arvon koetusta palvelusta. (Tuulaniemi 2011, 79.) [&hellip;]<\/p>\n","protected":false},"author":17,"featured_media":10501,"comment_status":"closed","ping_status":"open","sticky":false,"template":"","format":"standard","meta":{"footnotes":""},"categories":[19,399],"tags":[29,4857,3962,4861,4859],"class_list":{"0":"post-10500","1":"post","2":"type-post","3":"status-publish","4":"format-standard","5":"has-post-thumbnail","7":"category-innovations_fi","8":"category-radikaalit-uudet-avaukset","9":"tag-artikkeli-e1","10":"tag-festivaalimajoitus","11":"tag-matkailupalvelut","12":"tag-musiikkifestivaali","13":"tag-palvelujen-kehittaminen-fi","14":"czr-hentry"},"yoast_head":"<!-- This site is optimized with the Yoast SEO plugin v27.5 - https:\/\/yoast.com\/product\/yoast-seo-wordpress\/ -->\n<title>Milt\u00e4 festivaalimajoitus n\u00e4ytt\u00e4\u00e4 tulevaisuudessa?&nbsp; - LAB Focus<\/title>\n<meta name=\"description\" content=\"Festivaalimajoituksessa puhaltavat uudet tuulet. Opinn\u00e4ytety\u00f6n tekij\u00e4 selvitti asiakkaiden odotuksia.\" \/>\n<meta name=\"robots\" content=\"index, follow, max-snippet:-1, max-image-preview:large, max-video-preview:-1\" \/>\n<link rel=\"canonical\" href=\"https:\/\/blogit.lab.fi\/labfocus\/milta-festivaalimajoitus-nayttaa-tulevaisuudessa\/\" \/>\n<meta property=\"og:locale\" content=\"fi_FI\" \/>\n<meta property=\"og:type\" content=\"article\" \/>\n<meta property=\"og:title\" content=\"Milt\u00e4 festivaalimajoitus n\u00e4ytt\u00e4\u00e4 tulevaisuudessa?&nbsp; - LAB Focus\" \/>\n<meta property=\"og:description\" content=\"Festivaalimajoituksessa puhaltavat uudet tuulet. Opinn\u00e4ytety\u00f6n tekij\u00e4 selvitti asiakkaiden odotuksia.\" \/>\n<meta property=\"og:url\" content=\"https:\/\/blogit.lab.fi\/labfocus\/milta-festivaalimajoitus-nayttaa-tulevaisuudessa\/\" \/>\n<meta property=\"og:site_name\" content=\"LAB Focus\" \/>\n<meta property=\"article:published_time\" content=\"2022-11-11T05:31:33+00:00\" \/>\n<meta property=\"article:modified_time\" content=\"2022-11-11T05:31:35+00:00\" \/>\n<meta property=\"og:image\" content=\"https:\/\/blogit.lab.fi\/labfocus\/wp-content\/uploads\/sites\/8\/2022\/11\/655_2022_Milta-festivaalimajoitus-nayttaa-tulevaisuudessa_1.jpg\" \/>\n\t<meta property=\"og:image:width\" content=\"1280\" \/>\n\t<meta property=\"og:image:height\" content=\"772\" \/>\n\t<meta property=\"og:image:type\" content=\"image\/jpeg\" \/>\n<meta name=\"author\" content=\"tainask\" \/>\n<meta name=\"twitter:card\" content=\"summary_large_image\" \/>\n<meta name=\"twitter:creator\" content=\"@LABfinland\" \/>\n<meta name=\"twitter:site\" content=\"@LABfinland\" \/>\n<meta name=\"twitter:label1\" content=\"Kirjoittanut\" \/>\n\t<meta name=\"twitter:data1\" content=\"tainask\" \/>\n\t<meta name=\"twitter:label2\" content=\"Arvioitu lukuaika\" \/>\n\t<meta name=\"twitter:data2\" content=\"3 minuuttia\" \/>\n<script type=\"application\/ld+json\" class=\"yoast-schema-graph\">{\"@context\":\"https:\\\/\\\/schema.org\",\"@graph\":[{\"@type\":\"Article\",\"@id\":\"https:\\\/\\\/blogit.lab.fi\\\/labfocus\\\/milta-festivaalimajoitus-nayttaa-tulevaisuudessa\\\/#article\",\"isPartOf\":{\"@id\":\"https:\\\/\\\/blogit.lab.fi\\\/labfocus\\\/milta-festivaalimajoitus-nayttaa-tulevaisuudessa\\\/\"},\"author\":{\"name\":\"tainask\",\"@id\":\"https:\\\/\\\/blogit.lab.fi\\\/labfocus\\\/#\\\/schema\\\/person\\\/da729f65c4a2fb9fd8f0b1ec7a2ab7d0\"},\"headline\":\"Milt\u00e4 festivaalimajoitus n\u00e4ytt\u00e4\u00e4 tulevaisuudessa?&nbsp;\",\"datePublished\":\"2022-11-11T05:31:33+00:00\",\"dateModified\":\"2022-11-11T05:31:35+00:00\",\"mainEntityOfPage\":{\"@id\":\"https:\\\/\\\/blogit.lab.fi\\\/labfocus\\\/milta-festivaalimajoitus-nayttaa-tulevaisuudessa\\\/\"},\"wordCount\":425,\"publisher\":{\"@id\":\"https:\\\/\\\/blogit.lab.fi\\\/labfocus\\\/#organization\"},\"image\":{\"@id\":\"https:\\\/\\\/blogit.lab.fi\\\/labfocus\\\/milta-festivaalimajoitus-nayttaa-tulevaisuudessa\\\/#primaryimage\"},\"thumbnailUrl\":\"https:\\\/\\\/blogit.lab.fi\\\/labfocus\\\/wp-content\\\/uploads\\\/sites\\\/8\\\/2022\\\/11\\\/655_2022_Milta-festivaalimajoitus-nayttaa-tulevaisuudessa_1.jpg\",\"keywords\":[\"Artikkeli E1\",\"festivaalimajoitus\",\"matkailupalvelut\",\"musiikkifestivaali\",\"palvelujen kehitt\u00e4minen\"],\"articleSection\":[\"Innovations\",\"Radikaalit uudet avaukset\"],\"inLanguage\":\"fi\"},{\"@type\":\"WebPage\",\"@id\":\"https:\\\/\\\/blogit.lab.fi\\\/labfocus\\\/milta-festivaalimajoitus-nayttaa-tulevaisuudessa\\\/\",\"url\":\"https:\\\/\\\/blogit.lab.fi\\\/labfocus\\\/milta-festivaalimajoitus-nayttaa-tulevaisuudessa\\\/\",\"name\":\"Milt\u00e4 festivaalimajoitus n\u00e4ytt\u00e4\u00e4 tulevaisuudessa?&nbsp; - LAB Focus\",\"isPartOf\":{\"@id\":\"https:\\\/\\\/blogit.lab.fi\\\/labfocus\\\/#website\"},\"primaryImageOfPage\":{\"@id\":\"https:\\\/\\\/blogit.lab.fi\\\/labfocus\\\/milta-festivaalimajoitus-nayttaa-tulevaisuudessa\\\/#primaryimage\"},\"image\":{\"@id\":\"https:\\\/\\\/blogit.lab.fi\\\/labfocus\\\/milta-festivaalimajoitus-nayttaa-tulevaisuudessa\\\/#primaryimage\"},\"thumbnailUrl\":\"https:\\\/\\\/blogit.lab.fi\\\/labfocus\\\/wp-content\\\/uploads\\\/sites\\\/8\\\/2022\\\/11\\\/655_2022_Milta-festivaalimajoitus-nayttaa-tulevaisuudessa_1.jpg\",\"datePublished\":\"2022-11-11T05:31:33+00:00\",\"dateModified\":\"2022-11-11T05:31:35+00:00\",\"description\":\"Festivaalimajoituksessa puhaltavat uudet tuulet. Opinn\u00e4ytety\u00f6n tekij\u00e4 selvitti asiakkaiden odotuksia.\",\"breadcrumb\":{\"@id\":\"https:\\\/\\\/blogit.lab.fi\\\/labfocus\\\/milta-festivaalimajoitus-nayttaa-tulevaisuudessa\\\/#breadcrumb\"},\"inLanguage\":\"fi\",\"potentialAction\":[{\"@type\":\"ReadAction\",\"target\":[\"https:\\\/\\\/blogit.lab.fi\\\/labfocus\\\/milta-festivaalimajoitus-nayttaa-tulevaisuudessa\\\/\"]}]},{\"@type\":\"ImageObject\",\"inLanguage\":\"fi\",\"@id\":\"https:\\\/\\\/blogit.lab.fi\\\/labfocus\\\/milta-festivaalimajoitus-nayttaa-tulevaisuudessa\\\/#primaryimage\",\"url\":\"https:\\\/\\\/blogit.lab.fi\\\/labfocus\\\/wp-content\\\/uploads\\\/sites\\\/8\\\/2022\\\/11\\\/655_2022_Milta-festivaalimajoitus-nayttaa-tulevaisuudessa_1.jpg\",\"contentUrl\":\"https:\\\/\\\/blogit.lab.fi\\\/labfocus\\\/wp-content\\\/uploads\\\/sites\\\/8\\\/2022\\\/11\\\/655_2022_Milta-festivaalimajoitus-nayttaa-tulevaisuudessa_1.jpg\",\"width\":1280,\"height\":772},{\"@type\":\"BreadcrumbList\",\"@id\":\"https:\\\/\\\/blogit.lab.fi\\\/labfocus\\\/milta-festivaalimajoitus-nayttaa-tulevaisuudessa\\\/#breadcrumb\",\"itemListElement\":[{\"@type\":\"ListItem\",\"position\":1,\"name\":\"Home\",\"item\":\"https:\\\/\\\/blogit.lab.fi\\\/labfocus\\\/\"},{\"@type\":\"ListItem\",\"position\":2,\"name\":\"Milt\u00e4 festivaalimajoitus n\u00e4ytt\u00e4\u00e4 tulevaisuudessa?&nbsp;\"}]},{\"@type\":\"WebSite\",\"@id\":\"https:\\\/\\\/blogit.lab.fi\\\/labfocus\\\/#website\",\"url\":\"https:\\\/\\\/blogit.lab.fi\\\/labfocus\\\/\",\"name\":\"LAB Focus\",\"description\":\"Focus Area blog | LAB University of Applied Sciences\",\"publisher\":{\"@id\":\"https:\\\/\\\/blogit.lab.fi\\\/labfocus\\\/#organization\"},\"potentialAction\":[{\"@type\":\"SearchAction\",\"target\":{\"@type\":\"EntryPoint\",\"urlTemplate\":\"https:\\\/\\\/blogit.lab.fi\\\/labfocus\\\/?s={search_term_string}\"},\"query-input\":{\"@type\":\"PropertyValueSpecification\",\"valueRequired\":true,\"valueName\":\"search_term_string\"}}],\"inLanguage\":\"fi\"},{\"@type\":\"Organization\",\"@id\":\"https:\\\/\\\/blogit.lab.fi\\\/labfocus\\\/#organization\",\"name\":\"LAB Focus\",\"url\":\"https:\\\/\\\/blogit.lab.fi\\\/labfocus\\\/\",\"logo\":{\"@type\":\"ImageObject\",\"inLanguage\":\"fi\",\"@id\":\"https:\\\/\\\/blogit.lab.fi\\\/labfocus\\\/#\\\/schema\\\/logo\\\/image\\\/\",\"url\":\"https:\\\/\\\/blogit.lab.fi\\\/labfocus\\\/wp-content\\\/uploads\\\/sites\\\/8\\\/2020\\\/04\\\/cropped-cropped-tunnus_blogi-01.png\",\"contentUrl\":\"https:\\\/\\\/blogit.lab.fi\\\/labfocus\\\/wp-content\\\/uploads\\\/sites\\\/8\\\/2020\\\/04\\\/cropped-cropped-tunnus_blogi-01.png\",\"width\":1342,\"height\":288,\"caption\":\"LAB Focus\"},\"image\":{\"@id\":\"https:\\\/\\\/blogit.lab.fi\\\/labfocus\\\/#\\\/schema\\\/logo\\\/image\\\/\"},\"sameAs\":[\"https:\\\/\\\/x.com\\\/LABfinland\"]},{\"@type\":\"Person\",\"@id\":\"https:\\\/\\\/blogit.lab.fi\\\/labfocus\\\/#\\\/schema\\\/person\\\/da729f65c4a2fb9fd8f0b1ec7a2ab7d0\",\"name\":\"tainask\",\"image\":{\"@type\":\"ImageObject\",\"inLanguage\":\"fi\",\"@id\":\"https:\\\/\\\/secure.gravatar.com\\\/avatar\\\/4a96427877ef826b76e80c27f60b266128094f522551459346efcf14282febb3?s=96&d=mm&r=g\",\"url\":\"https:\\\/\\\/secure.gravatar.com\\\/avatar\\\/4a96427877ef826b76e80c27f60b266128094f522551459346efcf14282febb3?s=96&d=mm&r=g\",\"contentUrl\":\"https:\\\/\\\/secure.gravatar.com\\\/avatar\\\/4a96427877ef826b76e80c27f60b266128094f522551459346efcf14282febb3?s=96&d=mm&r=g\",\"caption\":\"tainask\"},\"url\":\"https:\\\/\\\/blogit.lab.fi\\\/labfocus\\\/author\\\/tainask\\\/\"}]}<\/script>\n<!-- \/ Yoast SEO plugin. -->","yoast_head_json":{"title":"Milt\u00e4 festivaalimajoitus n\u00e4ytt\u00e4\u00e4 tulevaisuudessa?&nbsp; - LAB Focus","description":"Festivaalimajoituksessa puhaltavat uudet tuulet. Opinn\u00e4ytety\u00f6n tekij\u00e4 selvitti asiakkaiden odotuksia.","robots":{"index":"index","follow":"follow","max-snippet":"max-snippet:-1","max-image-preview":"max-image-preview:large","max-video-preview":"max-video-preview:-1"},"canonical":"https:\/\/blogit.lab.fi\/labfocus\/milta-festivaalimajoitus-nayttaa-tulevaisuudessa\/","og_locale":"fi_FI","og_type":"article","og_title":"Milt\u00e4 festivaalimajoitus n\u00e4ytt\u00e4\u00e4 tulevaisuudessa?&nbsp; - LAB Focus","og_description":"Festivaalimajoituksessa puhaltavat uudet tuulet. Opinn\u00e4ytety\u00f6n tekij\u00e4 selvitti asiakkaiden odotuksia.","og_url":"https:\/\/blogit.lab.fi\/labfocus\/milta-festivaalimajoitus-nayttaa-tulevaisuudessa\/","og_site_name":"LAB Focus","article_published_time":"2022-11-11T05:31:33+00:00","article_modified_time":"2022-11-11T05:31:35+00:00","og_image":[{"width":1280,"height":772,"url":"https:\/\/blogit.lab.fi\/labfocus\/wp-content\/uploads\/sites\/8\/2022\/11\/655_2022_Milta-festivaalimajoitus-nayttaa-tulevaisuudessa_1.jpg","type":"image\/jpeg"}],"author":"tainask","twitter_card":"summary_large_image","twitter_creator":"@LABfinland","twitter_site":"@LABfinland","twitter_misc":{"Kirjoittanut":"tainask","Arvioitu lukuaika":"3 minuuttia"},"schema":{"@context":"https:\/\/schema.org","@graph":[{"@type":"Article","@id":"https:\/\/blogit.lab.fi\/labfocus\/milta-festivaalimajoitus-nayttaa-tulevaisuudessa\/#article","isPartOf":{"@id":"https:\/\/blogit.lab.fi\/labfocus\/milta-festivaalimajoitus-nayttaa-tulevaisuudessa\/"},"author":{"name":"tainask","@id":"https:\/\/blogit.lab.fi\/labfocus\/#\/schema\/person\/da729f65c4a2fb9fd8f0b1ec7a2ab7d0"},"headline":"Milt\u00e4 festivaalimajoitus n\u00e4ytt\u00e4\u00e4 tulevaisuudessa?&nbsp;","datePublished":"2022-11-11T05:31:33+00:00","dateModified":"2022-11-11T05:31:35+00:00","mainEntityOfPage":{"@id":"https:\/\/blogit.lab.fi\/labfocus\/milta-festivaalimajoitus-nayttaa-tulevaisuudessa\/"},"wordCount":425,"publisher":{"@id":"https:\/\/blogit.lab.fi\/labfocus\/#organization"},"image":{"@id":"https:\/\/blogit.lab.fi\/labfocus\/milta-festivaalimajoitus-nayttaa-tulevaisuudessa\/#primaryimage"},"thumbnailUrl":"https:\/\/blogit.lab.fi\/labfocus\/wp-content\/uploads\/sites\/8\/2022\/11\/655_2022_Milta-festivaalimajoitus-nayttaa-tulevaisuudessa_1.jpg","keywords":["Artikkeli E1","festivaalimajoitus","matkailupalvelut","musiikkifestivaali","palvelujen kehitt\u00e4minen"],"articleSection":["Innovations","Radikaalit uudet avaukset"],"inLanguage":"fi"},{"@type":"WebPage","@id":"https:\/\/blogit.lab.fi\/labfocus\/milta-festivaalimajoitus-nayttaa-tulevaisuudessa\/","url":"https:\/\/blogit.lab.fi\/labfocus\/milta-festivaalimajoitus-nayttaa-tulevaisuudessa\/","name":"Milt\u00e4 festivaalimajoitus n\u00e4ytt\u00e4\u00e4 tulevaisuudessa?&nbsp; - LAB Focus","isPartOf":{"@id":"https:\/\/blogit.lab.fi\/labfocus\/#website"},"primaryImageOfPage":{"@id":"https:\/\/blogit.lab.fi\/labfocus\/milta-festivaalimajoitus-nayttaa-tulevaisuudessa\/#primaryimage"},"image":{"@id":"https:\/\/blogit.lab.fi\/labfocus\/milta-festivaalimajoitus-nayttaa-tulevaisuudessa\/#primaryimage"},"thumbnailUrl":"https:\/\/blogit.lab.fi\/labfocus\/wp-content\/uploads\/sites\/8\/2022\/11\/655_2022_Milta-festivaalimajoitus-nayttaa-tulevaisuudessa_1.jpg","datePublished":"2022-11-11T05:31:33+00:00","dateModified":"2022-11-11T05:31:35+00:00","description":"Festivaalimajoituksessa puhaltavat uudet tuulet. Opinn\u00e4ytety\u00f6n tekij\u00e4 selvitti asiakkaiden odotuksia.","breadcrumb":{"@id":"https:\/\/blogit.lab.fi\/labfocus\/milta-festivaalimajoitus-nayttaa-tulevaisuudessa\/#breadcrumb"},"inLanguage":"fi","potentialAction":[{"@type":"ReadAction","target":["https:\/\/blogit.lab.fi\/labfocus\/milta-festivaalimajoitus-nayttaa-tulevaisuudessa\/"]}]},{"@type":"ImageObject","inLanguage":"fi","@id":"https:\/\/blogit.lab.fi\/labfocus\/milta-festivaalimajoitus-nayttaa-tulevaisuudessa\/#primaryimage","url":"https:\/\/blogit.lab.fi\/labfocus\/wp-content\/uploads\/sites\/8\/2022\/11\/655_2022_Milta-festivaalimajoitus-nayttaa-tulevaisuudessa_1.jpg","contentUrl":"https:\/\/blogit.lab.fi\/labfocus\/wp-content\/uploads\/sites\/8\/2022\/11\/655_2022_Milta-festivaalimajoitus-nayttaa-tulevaisuudessa_1.jpg","width":1280,"height":772},{"@type":"BreadcrumbList","@id":"https:\/\/blogit.lab.fi\/labfocus\/milta-festivaalimajoitus-nayttaa-tulevaisuudessa\/#breadcrumb","itemListElement":[{"@type":"ListItem","position":1,"name":"Home","item":"https:\/\/blogit.lab.fi\/labfocus\/"},{"@type":"ListItem","position":2,"name":"Milt\u00e4 festivaalimajoitus n\u00e4ytt\u00e4\u00e4 tulevaisuudessa?&nbsp;"}]},{"@type":"WebSite","@id":"https:\/\/blogit.lab.fi\/labfocus\/#website","url":"https:\/\/blogit.lab.fi\/labfocus\/","name":"LAB Focus","description":"Focus Area blog | LAB University of Applied Sciences","publisher":{"@id":"https:\/\/blogit.lab.fi\/labfocus\/#organization"},"potentialAction":[{"@type":"SearchAction","target":{"@type":"EntryPoint","urlTemplate":"https:\/\/blogit.lab.fi\/labfocus\/?s={search_term_string}"},"query-input":{"@type":"PropertyValueSpecification","valueRequired":true,"valueName":"search_term_string"}}],"inLanguage":"fi"},{"@type":"Organization","@id":"https:\/\/blogit.lab.fi\/labfocus\/#organization","name":"LAB Focus","url":"https:\/\/blogit.lab.fi\/labfocus\/","logo":{"@type":"ImageObject","inLanguage":"fi","@id":"https:\/\/blogit.lab.fi\/labfocus\/#\/schema\/logo\/image\/","url":"https:\/\/blogit.lab.fi\/labfocus\/wp-content\/uploads\/sites\/8\/2020\/04\/cropped-cropped-tunnus_blogi-01.png","contentUrl":"https:\/\/blogit.lab.fi\/labfocus\/wp-content\/uploads\/sites\/8\/2020\/04\/cropped-cropped-tunnus_blogi-01.png","width":1342,"height":288,"caption":"LAB Focus"},"image":{"@id":"https:\/\/blogit.lab.fi\/labfocus\/#\/schema\/logo\/image\/"},"sameAs":["https:\/\/x.com\/LABfinland"]},{"@type":"Person","@id":"https:\/\/blogit.lab.fi\/labfocus\/#\/schema\/person\/da729f65c4a2fb9fd8f0b1ec7a2ab7d0","name":"tainask","image":{"@type":"ImageObject","inLanguage":"fi","@id":"https:\/\/secure.gravatar.com\/avatar\/4a96427877ef826b76e80c27f60b266128094f522551459346efcf14282febb3?s=96&d=mm&r=g","url":"https:\/\/secure.gravatar.com\/avatar\/4a96427877ef826b76e80c27f60b266128094f522551459346efcf14282febb3?s=96&d=mm&r=g","contentUrl":"https:\/\/secure.gravatar.com\/avatar\/4a96427877ef826b76e80c27f60b266128094f522551459346efcf14282febb3?s=96&d=mm&r=g","caption":"tainask"},"url":"https:\/\/blogit.lab.fi\/labfocus\/author\/tainask\/"}]}},"_links":{"self":[{"href":"https:\/\/blogit.lab.fi\/labfocus\/wp-json\/wp\/v2\/posts\/10500","targetHints":{"allow":["GET"]}}],"collection":[{"href":"https:\/\/blogit.lab.fi\/labfocus\/wp-json\/wp\/v2\/posts"}],"about":[{"href":"https:\/\/blogit.lab.fi\/labfocus\/wp-json\/wp\/v2\/types\/post"}],"author":[{"embeddable":true,"href":"https:\/\/blogit.lab.fi\/labfocus\/wp-json\/wp\/v2\/users\/17"}],"replies":[{"embeddable":true,"href":"https:\/\/blogit.lab.fi\/labfocus\/wp-json\/wp\/v2\/comments?post=10500"}],"version-history":[{"count":1,"href":"https:\/\/blogit.lab.fi\/labfocus\/wp-json\/wp\/v2\/posts\/10500\/revisions"}],"predecessor-version":[{"id":10503,"href":"https:\/\/blogit.lab.fi\/labfocus\/wp-json\/wp\/v2\/posts\/10500\/revisions\/10503"}],"wp:featuredmedia":[{"embeddable":true,"href":"https:\/\/blogit.lab.fi\/labfocus\/wp-json\/wp\/v2\/media\/10501"}],"wp:attachment":[{"href":"https:\/\/blogit.lab.fi\/labfocus\/wp-json\/wp\/v2\/media?parent=10500"}],"wp:term":[{"taxonomy":"category","embeddable":true,"href":"https:\/\/blogit.lab.fi\/labfocus\/wp-json\/wp\/v2\/categories?post=10500"},{"taxonomy":"post_tag","embeddable":true,"href":"https:\/\/blogit.lab.fi\/labfocus\/wp-json\/wp\/v2\/tags?post=10500"}],"curies":[{"name":"wp","href":"https:\/\/api.w.org\/{rel}","templated":true}]}}