{"id":11039,"date":"2022-12-14T09:15:46","date_gmt":"2022-12-14T07:15:46","guid":{"rendered":"https:\/\/blogit.lab.fi\/labfocus\/?p=11039"},"modified":"2022-12-14T09:15:48","modified_gmt":"2022-12-14T07:15:48","slug":"ihanan-pakollinen-omavalvonta","status":"publish","type":"post","link":"https:\/\/blogit.lab.fi\/labfocus\/ihanan-pakollinen-omavalvonta\/","title":{"rendered":"Ihanan pakollinen omavalvonta"},"content":{"rendered":"\n<p>Sosiaali- ja terveydenhuollon j\u00e4rjest\u00e4minen siirtyy ensi vuoden alusta uusille hyvinvointialueille. Taas kerran on tullut aika sosiaalihuollon yksik\u00f6iden esihenkil\u00f6iden tarkistaa omavalvontasuunnitelman ajantasaisuus ja tehd\u00e4 tarvittavat p\u00e4ivitykset.<\/p>\n\n\n\n<p>Omavalvonta on valvonnan t\u00e4rkein muoto. Sosiaalihuollon yksik\u00f6n on toteutettava omavalvontaa sosiaalihuollon laadun, turvallisuuden ja asianmukaisuuden varmistamiseksi. (Sosiaalihuoltolaki 1301\/2014, 47\u00a7.) Omavalvonnan toimenpiteiden tulee olla kirjattuna yksik\u00f6n omavalvontasuunnitelmaan. Lis\u00e4ksi omavalvontasuunnitelmassa tulee olla kirjattuna kattavasti palvelun kuvaus, toiminnan arvot sek\u00e4 toimintaohjeita ty\u00f6ntekij\u00f6ille ja asiakkaille (Valvira 2022a). Jos omavalvonta ei ole riitt\u00e4v\u00e4\u00e4, voivat valvontaviranomaiset astua kuvioon mukaan (Valvira 2022b).<\/p>\n\n\n\n<p>Ensivaikutelma omavalvonnasta voi kuulostaa kovalta, mutta asia ei v\u00e4ltt\u00e4m\u00e4tt\u00e4 n\u00e4in ole. Omavalvonta voi olla sosiaalihuollon yksik\u00f6iss\u00e4 jopa mukavaa ja sellaista, josta ei synny valvotuksi tullut olo. Laki sosiaalihuollon asiakkaan asemasta ja oikeuksista (812\/2000, 4\u00a7) pit\u00e4\u00e4 osaltaan huolen siit\u00e4, millaista palvelun tulee olla. Lain mukaan asiakkaalla on oikeus laadultaan hyv\u00e4\u00e4n sosiaalihuoltoon ja kohteluun. N\u00e4it\u00e4 arvoja tulee olla kirjattuna my\u00f6s omavalvontasuunnitelmaan. Sama laki (812\/2000, 4\u00a7) vaatii, ett\u00e4 asiakkaan toivomukset, mielipide ja yksil\u00f6lliset tarpeet sek\u00e4 kulttuuri ja kielitausta on otettava huomioon.<\/p>\n\n\n\n<p>Lastensuojelun keskusliiton opas (Hoikkala &amp; Pollari 2019, 19) nostaa esille nuorten osallisuuden omavalvontaty\u00f6h\u00f6n. Yksik\u00f6iden esihenkil\u00f6ille oppaassa on arvokasta tietoa siit\u00e4, kuinka suunnitelma kirjataan asiakasl\u00e4ht\u00f6isesti. Oppaan viesti on, ett\u00e4 omavalvontasuunnitelman sis\u00e4ll\u00f6n tulee olla ymm\u00e4rrett\u00e4v\u00e4\u00e4 palvelun asiakkaille.&nbsp;&nbsp; &nbsp;<\/p>\n\n\n\n<figure class=\"wp-block-image size-large is-resized\"><img loading=\"lazy\" decoding=\"async\" src=\"https:\/\/blogit.lab.fi\/labfocus\/wp-content\/uploads\/sites\/8\/2022\/12\/765_2022_Ihanan-pakollinen-omavalvonta-1024x570.jpg\" alt=\"\" class=\"wp-image-11041\" width=\"730\" height=\"406\" srcset=\"https:\/\/blogit.lab.fi\/labfocus\/wp-content\/uploads\/sites\/8\/2022\/12\/765_2022_Ihanan-pakollinen-omavalvonta-1024x570.jpg 1024w, https:\/\/blogit.lab.fi\/labfocus\/wp-content\/uploads\/sites\/8\/2022\/12\/765_2022_Ihanan-pakollinen-omavalvonta-300x167.jpg 300w, https:\/\/blogit.lab.fi\/labfocus\/wp-content\/uploads\/sites\/8\/2022\/12\/765_2022_Ihanan-pakollinen-omavalvonta-768x428.jpg 768w, https:\/\/blogit.lab.fi\/labfocus\/wp-content\/uploads\/sites\/8\/2022\/12\/765_2022_Ihanan-pakollinen-omavalvonta-570x318.jpg 570w, https:\/\/blogit.lab.fi\/labfocus\/wp-content\/uploads\/sites\/8\/2022\/12\/765_2022_Ihanan-pakollinen-omavalvonta.jpg 1280w\" sizes=\"auto, (max-width: 730px) 100vw, 730px\" \/><figcaption class=\"wp-element-caption\">Kuva 1. Omavalvontasuunnitelmassa vuosikello auttaa. (Furtado 2018)<\/figcaption><\/figure>\n\n\n\n<h2 class=\"wp-block-heading\">Omavalvonnan suunta<\/h2>\n\n\n\n<p>Sosiaali- ja terveydenhuollon valtakunnallinen valvontaohjelma nostaa esille omavalvonnan kehitt\u00e4misen vaatimuksen ja my\u00f6s sen, miten yksik\u00f6ss\u00e4 varmistetaan omavalvonnan toimeenpanoa. (Valvira 2019, 9.) Omavalvontasuunnitelman p\u00e4ivitt\u00e4misess\u00e4 toimeenpanon vastuut tulee kirjata selkeiksi ja yksik\u00f6iss\u00e4 tuleekin olla selke\u00e4 kuva siit\u00e4, kuka vastaa toimeenpanosta.<\/p>\n\n\n\n<p>Oikeuskanslerin kertomuksessa vuodelta 2020 todettiin, ett\u00e4 omavalvonnan suunnitelmat eiv\u00e4t tue k\u00e4yt\u00e4nn\u00f6n ty\u00f6t\u00e4, koska niit\u00e4 ei ole luotu kyseisen yksik\u00f6n toimintaa palveleviksi. My\u00f6s toimeenpanossa on kehitett\u00e4v\u00e4\u00e4. Omavalvontasuunnitelmien laatuun ja toimivuuteen on kiinnitett\u00e4v\u00e4 huomiota, samoin kuin omavalvonnan tarkoituksen ymm\u00e4rt\u00e4miseen. (Oikeuskanslerinvirasto 2021, 199, 202.)<\/p>\n\n\n\n<p>Ahonen (2022) pyrki opinn\u00e4ytety\u00f6ss\u00e4\u00e4n edist\u00e4m\u00e4\u00e4n omavalvontasuunnitelman implementointia kotihoidon palveluesimiesten ty\u00f6ss\u00e4. Kotihoidon yksik\u00f6iden palveluesimiesten kanssa muodostettiin implementoinnin ty\u00f6v\u00e4lineeksi vuosikello.&nbsp;&nbsp;<\/p>\n\n\n\n<div class=\"wp-block-group has-background\" style=\"background-color:#b3edfb\"><div class=\"wp-block-group__inner-container is-layout-constrained wp-block-group-is-layout-constrained\">\n<p>Kirjoittajat<\/p>\n\n\n\n<p><strong>Ossi Ahonen<\/strong> opiskelee LAB-ammattikorkeakoulussa sosiaalialan ylemp\u00e4\u00e4 ammattikorkeakoulututkintoa ja ty\u00f6skentelee lastensuojelun laitospalveluissa.<\/p>\n\n\n\n<p><strong>Pirjo Vaittinen<\/strong> (TtT) toimii LAB-ammattikorkeakoulussa Hyvinvointi-yksik\u00f6ss\u00e4 tuntiopettajana.<\/p>\n<\/div><\/div>\n\n\n\n<h2 class=\"wp-block-heading\">L\u00e4hteet<\/h2>\n\n\n\n<p>Ahonen, O. 2022. Omavalvonnan vuosikello. Implementoinnin ty\u00f6v\u00e4line palveluesimiehille. Opinn\u00e4ytety\u00f6. LAB-ammattikorkeakoulu. Viitattu 28.11.2022. Saatavissa <a href=\"https:\/\/urn.fi\/URN:NBN:fi:amk-2022112924874\" target=\"_blank\" rel=\"noreferrer noopener\">https:\/\/urn.fi\/URN:NBN:fi:amk-2022112924874<\/a><\/p>\n\n\n\n<p>Furtado, F. 2018. Sticky notes on paper document. Unsplash. Viitattu 27.11.2022.\u00a0 Saatavissa <a href=\"https:\/\/unsplash.com\/photos\/2zDXqgTzEFE\" target=\"_blank\" rel=\"noreferrer noopener\">https:\/\/unsplash.com\/photos\/2zDXqgTzEFE<\/a><\/p>\n\n\n\n<p>Hoikkala, S. &amp; Pollari, P. 2019. Meid\u00e4n oma valvontasuunnitelma. Opas nuorten osallisuutta tukevaan omavalvontaty\u00f6h\u00f6n lastenkodeissa. Lastensuojelun Keskusliiton verkkojulkaisu 4\/2019. Helsinki. Viitattu 24.11.2022. Saatavissa <a href=\"https:\/\/www.lskl.fi\/wp-content\/uploads\/Meidan_oma_valvontasuunnitelma.pdf\" target=\"_blank\" rel=\"noreferrer noopener\">https:\/\/www.lskl.fi\/wp-content\/uploads\/Meidan_oma_valvontasuunnitelma.pdf<\/a><\/p>\n\n\n\n<p>Laki sosiaalihuollon asiakkaan asemasta ja oikeuksista 812\/2000. Finlex. Viitattu 24.11.2022. Saatavissa <a href=\"https:\/\/www.finlex.fi\/fi\/laki\/ajantasa\/2000\/20000812#L2P10\" target=\"_blank\" rel=\"noreferrer noopener\">https:\/\/www.finlex.fi\/fi\/laki\/ajantasa\/2000\/20000812#L2P10<\/a><\/p>\n\n\n\n<p>Oikeuskanslerinvirasto. 2021. Valtioneuvoston oikeuskanslerin kertomus 2020. Viitattu 25.11.2022. Saatavissa <a href=\"https:\/\/oikeuskansleri.fi\/documents\/1428954\/98543495\/oikeuskanslerin_kertomus_2020.pdf\/aec869aa-9021-a8d4-c854-daa3f1c5dffb\/oikeuskanslerin_kertomus_2020.pdf?t=1637062178951\" target=\"_blank\" rel=\"noreferrer noopener\">https:\/\/oikeuskansleri.fi\/documents\/1428954\/98543495\/oikeuskanslerin_kertomus_2020.pdf\/aec869aa-9021-a8d4-c854-daa3f1c5dffb\/oikeuskanslerin_kertomus_2020.pdf?t=1637062178951<\/a><\/p>\n\n\n\n<p>Sosiaalihuoltolaki 1301\/2014. Finlex. Viitattu 28.11.2022. Saatavissa \u00a0<a href=\"https:\/\/finlex.fi\/fi\/laki\/ajantasa\/2014\/20141301\" target=\"_blank\" rel=\"noreferrer noopener\">https:\/\/finlex.fi\/fi\/laki\/ajantasa\/2014\/20141301<\/a><\/p>\n\n\n\n<p>Valvira. 2019. Sosiaali- ja terveydenhuollon valtakunnallinen valvontaohjelmavuosille 2020\u20132023. P\u00e4ivitys vuodelle 2022. Helsinki. Viitattu 24.11.2022. Saatavissa <a href=\"https:\/\/www.valvira.fi\/documents\/14444\/1006217\/Sote_valvontaohjelma_2022.pdf\/17510e6d-f327-a84b-b9c8-d8fb9379ef96?t=1642579372128\" target=\"_blank\" rel=\"noreferrer noopener\">https:\/\/www.valvira.fi\/documents\/14444\/1006217\/Sote_valvontaohjelma_2022.pdf\/17510e6d-f327-a84b-b9c8-d8fb9379ef96?t=1642579372128<\/a><\/p>\n\n\n\n<p>Valvira. 2022a. Omavalvonta on laatu- ja turvallisuusty\u00f6t\u00e4. Viitattu 25.11.2022. Saatavissa <a href=\"https:\/\/www.valvira.fi\/valvira\/omavalvonta\" target=\"_blank\" rel=\"noreferrer noopener\">https:\/\/www.valvira.fi\/valvira\/omavalvonta<\/a><\/p>\n\n\n\n<p>Valvira. 2022b. Omavalvonta sosiaalipalveluissa. Viitattu 25.11.2022. Saatavissa <a href=\"https:\/\/www.valvira.fi\/sosiaalihuolto\/sosiaalihuollon-valvonta\/omavalvonta\" target=\"_blank\" rel=\"noreferrer noopener\">https:\/\/www.valvira.fi\/sosiaalihuolto\/sosiaalihuollon-valvonta\/omavalvonta<\/a><\/p>\n\n\n\n<p>.<\/p>\n","protected":false},"excerpt":{"rendered":"<p>Sosiaali- ja terveydenhuollon j\u00e4rjest\u00e4minen siirtyy ensi vuoden alusta uusille hyvinvointialueille. Taas kerran on tullut aika sosiaalihuollon yksik\u00f6iden esihenkil\u00f6iden tarkistaa omavalvontasuunnitelman ajantasaisuus ja tehd\u00e4 tarvittavat p\u00e4ivitykset. Omavalvonta on valvonnan t\u00e4rkein muoto. Sosiaalihuollon yksik\u00f6n on toteutettava omavalvontaa sosiaalihuollon laadun, turvallisuuden ja asianmukaisuuden varmistamiseksi. (Sosiaalihuoltolaki 1301\/2014, 47\u00a7.) Omavalvonnan toimenpiteiden tulee olla kirjattuna yksik\u00f6n omavalvontasuunnitelmaan. Lis\u00e4ksi omavalvontasuunnitelmassa tulee olla [&hellip;]<\/p>\n","protected":false},"author":17,"featured_media":11041,"comment_status":"closed","ping_status":"open","sticky":false,"template":"","format":"standard","meta":{"footnotes":""},"categories":[15],"tags":[29,5173,211,5177,5175,3812],"class_list":{"0":"post-11039","1":"post","2":"type-post","3":"status-publish","4":"format-standard","5":"has-post-thumbnail","7":"category-health_fi","8":"tag-artikkeli-e1","9":"tag-implementointi","10":"tag-kotihoito","11":"tag-omavalvonta-fi","12":"tag-palveluesimies","13":"tag-vuosikello","14":"czr-hentry"},"yoast_head":"<!-- This site is optimized with the Yoast SEO plugin v27.4 - https:\/\/yoast.com\/product\/yoast-seo-wordpress\/ -->\n<title>Ihanan pakollinen omavalvonta - LAB Focus<\/title>\n<meta name=\"description\" content=\"Omavalvonta on v\u00e4ltt\u00e4m\u00e4t\u00f6nt\u00e4 ja lakis\u00e4\u00e4teist\u00e4 sote-alan toimijoille. Opinn\u00e4ytety\u00f6.\" \/>\n<meta name=\"robots\" content=\"index, follow, max-snippet:-1, max-image-preview:large, max-video-preview:-1\" \/>\n<link rel=\"canonical\" href=\"https:\/\/blogit.lab.fi\/labfocus\/ihanan-pakollinen-omavalvonta\/\" \/>\n<meta property=\"og:locale\" content=\"fi_FI\" \/>\n<meta property=\"og:type\" content=\"article\" \/>\n<meta property=\"og:title\" content=\"Ihanan pakollinen omavalvonta - LAB Focus\" \/>\n<meta property=\"og:description\" content=\"Omavalvonta on v\u00e4ltt\u00e4m\u00e4t\u00f6nt\u00e4 ja lakis\u00e4\u00e4teist\u00e4 sote-alan toimijoille. Opinn\u00e4ytety\u00f6.\" \/>\n<meta property=\"og:url\" content=\"https:\/\/blogit.lab.fi\/labfocus\/ihanan-pakollinen-omavalvonta\/\" \/>\n<meta property=\"og:site_name\" content=\"LAB Focus\" \/>\n<meta property=\"article:published_time\" content=\"2022-12-14T07:15:46+00:00\" \/>\n<meta property=\"article:modified_time\" content=\"2022-12-14T07:15:48+00:00\" \/>\n<meta property=\"og:image\" content=\"https:\/\/blogit.lab.fi\/labfocus\/wp-content\/uploads\/sites\/8\/2022\/12\/765_2022_Ihanan-pakollinen-omavalvonta.jpg\" \/>\n\t<meta property=\"og:image:width\" content=\"1280\" \/>\n\t<meta property=\"og:image:height\" content=\"713\" \/>\n\t<meta property=\"og:image:type\" content=\"image\/jpeg\" \/>\n<meta name=\"author\" content=\"tainask\" \/>\n<meta name=\"twitter:card\" content=\"summary_large_image\" \/>\n<meta name=\"twitter:creator\" content=\"@LABfinland\" \/>\n<meta name=\"twitter:site\" content=\"@LABfinland\" \/>\n<meta name=\"twitter:label1\" content=\"Kirjoittanut\" \/>\n\t<meta name=\"twitter:data1\" content=\"tainask\" \/>\n\t<meta name=\"twitter:label2\" content=\"Arvioitu lukuaika\" \/>\n\t<meta name=\"twitter:data2\" content=\"3 minuuttia\" \/>\n<script type=\"application\/ld+json\" class=\"yoast-schema-graph\">{\"@context\":\"https:\\\/\\\/schema.org\",\"@graph\":[{\"@type\":\"Article\",\"@id\":\"https:\\\/\\\/blogit.lab.fi\\\/labfocus\\\/ihanan-pakollinen-omavalvonta\\\/#article\",\"isPartOf\":{\"@id\":\"https:\\\/\\\/blogit.lab.fi\\\/labfocus\\\/ihanan-pakollinen-omavalvonta\\\/\"},\"author\":{\"name\":\"tainask\",\"@id\":\"https:\\\/\\\/blogit.lab.fi\\\/labfocus\\\/#\\\/schema\\\/person\\\/da729f65c4a2fb9fd8f0b1ec7a2ab7d0\"},\"headline\":\"Ihanan pakollinen omavalvonta\",\"datePublished\":\"2022-12-14T07:15:46+00:00\",\"dateModified\":\"2022-12-14T07:15:48+00:00\",\"mainEntityOfPage\":{\"@id\":\"https:\\\/\\\/blogit.lab.fi\\\/labfocus\\\/ihanan-pakollinen-omavalvonta\\\/\"},\"wordCount\":551,\"publisher\":{\"@id\":\"https:\\\/\\\/blogit.lab.fi\\\/labfocus\\\/#organization\"},\"image\":{\"@id\":\"https:\\\/\\\/blogit.lab.fi\\\/labfocus\\\/ihanan-pakollinen-omavalvonta\\\/#primaryimage\"},\"thumbnailUrl\":\"https:\\\/\\\/blogit.lab.fi\\\/labfocus\\\/wp-content\\\/uploads\\\/sites\\\/8\\\/2022\\\/12\\\/765_2022_Ihanan-pakollinen-omavalvonta.jpg\",\"keywords\":[\"Artikkeli E1\",\"implementointi\",\"kotihoito\",\"omavalvonta\",\"palveluesimies\",\"vuosikello\"],\"articleSection\":[\"Health\"],\"inLanguage\":\"fi\"},{\"@type\":\"WebPage\",\"@id\":\"https:\\\/\\\/blogit.lab.fi\\\/labfocus\\\/ihanan-pakollinen-omavalvonta\\\/\",\"url\":\"https:\\\/\\\/blogit.lab.fi\\\/labfocus\\\/ihanan-pakollinen-omavalvonta\\\/\",\"name\":\"Ihanan pakollinen omavalvonta - LAB Focus\",\"isPartOf\":{\"@id\":\"https:\\\/\\\/blogit.lab.fi\\\/labfocus\\\/#website\"},\"primaryImageOfPage\":{\"@id\":\"https:\\\/\\\/blogit.lab.fi\\\/labfocus\\\/ihanan-pakollinen-omavalvonta\\\/#primaryimage\"},\"image\":{\"@id\":\"https:\\\/\\\/blogit.lab.fi\\\/labfocus\\\/ihanan-pakollinen-omavalvonta\\\/#primaryimage\"},\"thumbnailUrl\":\"https:\\\/\\\/blogit.lab.fi\\\/labfocus\\\/wp-content\\\/uploads\\\/sites\\\/8\\\/2022\\\/12\\\/765_2022_Ihanan-pakollinen-omavalvonta.jpg\",\"datePublished\":\"2022-12-14T07:15:46+00:00\",\"dateModified\":\"2022-12-14T07:15:48+00:00\",\"description\":\"Omavalvonta on v\u00e4ltt\u00e4m\u00e4t\u00f6nt\u00e4 ja lakis\u00e4\u00e4teist\u00e4 sote-alan toimijoille. Opinn\u00e4ytety\u00f6.\",\"breadcrumb\":{\"@id\":\"https:\\\/\\\/blogit.lab.fi\\\/labfocus\\\/ihanan-pakollinen-omavalvonta\\\/#breadcrumb\"},\"inLanguage\":\"fi\",\"potentialAction\":[{\"@type\":\"ReadAction\",\"target\":[\"https:\\\/\\\/blogit.lab.fi\\\/labfocus\\\/ihanan-pakollinen-omavalvonta\\\/\"]}]},{\"@type\":\"ImageObject\",\"inLanguage\":\"fi\",\"@id\":\"https:\\\/\\\/blogit.lab.fi\\\/labfocus\\\/ihanan-pakollinen-omavalvonta\\\/#primaryimage\",\"url\":\"https:\\\/\\\/blogit.lab.fi\\\/labfocus\\\/wp-content\\\/uploads\\\/sites\\\/8\\\/2022\\\/12\\\/765_2022_Ihanan-pakollinen-omavalvonta.jpg\",\"contentUrl\":\"https:\\\/\\\/blogit.lab.fi\\\/labfocus\\\/wp-content\\\/uploads\\\/sites\\\/8\\\/2022\\\/12\\\/765_2022_Ihanan-pakollinen-omavalvonta.jpg\",\"width\":1280,\"height\":713},{\"@type\":\"BreadcrumbList\",\"@id\":\"https:\\\/\\\/blogit.lab.fi\\\/labfocus\\\/ihanan-pakollinen-omavalvonta\\\/#breadcrumb\",\"itemListElement\":[{\"@type\":\"ListItem\",\"position\":1,\"name\":\"Home\",\"item\":\"https:\\\/\\\/blogit.lab.fi\\\/labfocus\\\/\"},{\"@type\":\"ListItem\",\"position\":2,\"name\":\"Ihanan pakollinen omavalvonta\"}]},{\"@type\":\"WebSite\",\"@id\":\"https:\\\/\\\/blogit.lab.fi\\\/labfocus\\\/#website\",\"url\":\"https:\\\/\\\/blogit.lab.fi\\\/labfocus\\\/\",\"name\":\"LAB Focus\",\"description\":\"Focus Area blog | LAB University of Applied Sciences\",\"publisher\":{\"@id\":\"https:\\\/\\\/blogit.lab.fi\\\/labfocus\\\/#organization\"},\"potentialAction\":[{\"@type\":\"SearchAction\",\"target\":{\"@type\":\"EntryPoint\",\"urlTemplate\":\"https:\\\/\\\/blogit.lab.fi\\\/labfocus\\\/?s={search_term_string}\"},\"query-input\":{\"@type\":\"PropertyValueSpecification\",\"valueRequired\":true,\"valueName\":\"search_term_string\"}}],\"inLanguage\":\"fi\"},{\"@type\":\"Organization\",\"@id\":\"https:\\\/\\\/blogit.lab.fi\\\/labfocus\\\/#organization\",\"name\":\"LAB Focus\",\"url\":\"https:\\\/\\\/blogit.lab.fi\\\/labfocus\\\/\",\"logo\":{\"@type\":\"ImageObject\",\"inLanguage\":\"fi\",\"@id\":\"https:\\\/\\\/blogit.lab.fi\\\/labfocus\\\/#\\\/schema\\\/logo\\\/image\\\/\",\"url\":\"https:\\\/\\\/blogit.lab.fi\\\/labfocus\\\/wp-content\\\/uploads\\\/sites\\\/8\\\/2020\\\/04\\\/cropped-cropped-tunnus_blogi-01.png\",\"contentUrl\":\"https:\\\/\\\/blogit.lab.fi\\\/labfocus\\\/wp-content\\\/uploads\\\/sites\\\/8\\\/2020\\\/04\\\/cropped-cropped-tunnus_blogi-01.png\",\"width\":1342,\"height\":288,\"caption\":\"LAB Focus\"},\"image\":{\"@id\":\"https:\\\/\\\/blogit.lab.fi\\\/labfocus\\\/#\\\/schema\\\/logo\\\/image\\\/\"},\"sameAs\":[\"https:\\\/\\\/x.com\\\/LABfinland\"]},{\"@type\":\"Person\",\"@id\":\"https:\\\/\\\/blogit.lab.fi\\\/labfocus\\\/#\\\/schema\\\/person\\\/da729f65c4a2fb9fd8f0b1ec7a2ab7d0\",\"name\":\"tainask\",\"image\":{\"@type\":\"ImageObject\",\"inLanguage\":\"fi\",\"@id\":\"https:\\\/\\\/secure.gravatar.com\\\/avatar\\\/4a96427877ef826b76e80c27f60b266128094f522551459346efcf14282febb3?s=96&d=mm&r=g\",\"url\":\"https:\\\/\\\/secure.gravatar.com\\\/avatar\\\/4a96427877ef826b76e80c27f60b266128094f522551459346efcf14282febb3?s=96&d=mm&r=g\",\"contentUrl\":\"https:\\\/\\\/secure.gravatar.com\\\/avatar\\\/4a96427877ef826b76e80c27f60b266128094f522551459346efcf14282febb3?s=96&d=mm&r=g\",\"caption\":\"tainask\"},\"url\":\"https:\\\/\\\/blogit.lab.fi\\\/labfocus\\\/author\\\/tainask\\\/\"}]}<\/script>\n<!-- \/ Yoast SEO plugin. -->","yoast_head_json":{"title":"Ihanan pakollinen omavalvonta - LAB Focus","description":"Omavalvonta on v\u00e4ltt\u00e4m\u00e4t\u00f6nt\u00e4 ja lakis\u00e4\u00e4teist\u00e4 sote-alan toimijoille. Opinn\u00e4ytety\u00f6.","robots":{"index":"index","follow":"follow","max-snippet":"max-snippet:-1","max-image-preview":"max-image-preview:large","max-video-preview":"max-video-preview:-1"},"canonical":"https:\/\/blogit.lab.fi\/labfocus\/ihanan-pakollinen-omavalvonta\/","og_locale":"fi_FI","og_type":"article","og_title":"Ihanan pakollinen omavalvonta - LAB Focus","og_description":"Omavalvonta on v\u00e4ltt\u00e4m\u00e4t\u00f6nt\u00e4 ja lakis\u00e4\u00e4teist\u00e4 sote-alan toimijoille. Opinn\u00e4ytety\u00f6.","og_url":"https:\/\/blogit.lab.fi\/labfocus\/ihanan-pakollinen-omavalvonta\/","og_site_name":"LAB Focus","article_published_time":"2022-12-14T07:15:46+00:00","article_modified_time":"2022-12-14T07:15:48+00:00","og_image":[{"width":1280,"height":713,"url":"https:\/\/blogit.lab.fi\/labfocus\/wp-content\/uploads\/sites\/8\/2022\/12\/765_2022_Ihanan-pakollinen-omavalvonta.jpg","type":"image\/jpeg"}],"author":"tainask","twitter_card":"summary_large_image","twitter_creator":"@LABfinland","twitter_site":"@LABfinland","twitter_misc":{"Kirjoittanut":"tainask","Arvioitu lukuaika":"3 minuuttia"},"schema":{"@context":"https:\/\/schema.org","@graph":[{"@type":"Article","@id":"https:\/\/blogit.lab.fi\/labfocus\/ihanan-pakollinen-omavalvonta\/#article","isPartOf":{"@id":"https:\/\/blogit.lab.fi\/labfocus\/ihanan-pakollinen-omavalvonta\/"},"author":{"name":"tainask","@id":"https:\/\/blogit.lab.fi\/labfocus\/#\/schema\/person\/da729f65c4a2fb9fd8f0b1ec7a2ab7d0"},"headline":"Ihanan pakollinen omavalvonta","datePublished":"2022-12-14T07:15:46+00:00","dateModified":"2022-12-14T07:15:48+00:00","mainEntityOfPage":{"@id":"https:\/\/blogit.lab.fi\/labfocus\/ihanan-pakollinen-omavalvonta\/"},"wordCount":551,"publisher":{"@id":"https:\/\/blogit.lab.fi\/labfocus\/#organization"},"image":{"@id":"https:\/\/blogit.lab.fi\/labfocus\/ihanan-pakollinen-omavalvonta\/#primaryimage"},"thumbnailUrl":"https:\/\/blogit.lab.fi\/labfocus\/wp-content\/uploads\/sites\/8\/2022\/12\/765_2022_Ihanan-pakollinen-omavalvonta.jpg","keywords":["Artikkeli E1","implementointi","kotihoito","omavalvonta","palveluesimies","vuosikello"],"articleSection":["Health"],"inLanguage":"fi"},{"@type":"WebPage","@id":"https:\/\/blogit.lab.fi\/labfocus\/ihanan-pakollinen-omavalvonta\/","url":"https:\/\/blogit.lab.fi\/labfocus\/ihanan-pakollinen-omavalvonta\/","name":"Ihanan pakollinen omavalvonta - LAB Focus","isPartOf":{"@id":"https:\/\/blogit.lab.fi\/labfocus\/#website"},"primaryImageOfPage":{"@id":"https:\/\/blogit.lab.fi\/labfocus\/ihanan-pakollinen-omavalvonta\/#primaryimage"},"image":{"@id":"https:\/\/blogit.lab.fi\/labfocus\/ihanan-pakollinen-omavalvonta\/#primaryimage"},"thumbnailUrl":"https:\/\/blogit.lab.fi\/labfocus\/wp-content\/uploads\/sites\/8\/2022\/12\/765_2022_Ihanan-pakollinen-omavalvonta.jpg","datePublished":"2022-12-14T07:15:46+00:00","dateModified":"2022-12-14T07:15:48+00:00","description":"Omavalvonta on v\u00e4ltt\u00e4m\u00e4t\u00f6nt\u00e4 ja lakis\u00e4\u00e4teist\u00e4 sote-alan toimijoille. Opinn\u00e4ytety\u00f6.","breadcrumb":{"@id":"https:\/\/blogit.lab.fi\/labfocus\/ihanan-pakollinen-omavalvonta\/#breadcrumb"},"inLanguage":"fi","potentialAction":[{"@type":"ReadAction","target":["https:\/\/blogit.lab.fi\/labfocus\/ihanan-pakollinen-omavalvonta\/"]}]},{"@type":"ImageObject","inLanguage":"fi","@id":"https:\/\/blogit.lab.fi\/labfocus\/ihanan-pakollinen-omavalvonta\/#primaryimage","url":"https:\/\/blogit.lab.fi\/labfocus\/wp-content\/uploads\/sites\/8\/2022\/12\/765_2022_Ihanan-pakollinen-omavalvonta.jpg","contentUrl":"https:\/\/blogit.lab.fi\/labfocus\/wp-content\/uploads\/sites\/8\/2022\/12\/765_2022_Ihanan-pakollinen-omavalvonta.jpg","width":1280,"height":713},{"@type":"BreadcrumbList","@id":"https:\/\/blogit.lab.fi\/labfocus\/ihanan-pakollinen-omavalvonta\/#breadcrumb","itemListElement":[{"@type":"ListItem","position":1,"name":"Home","item":"https:\/\/blogit.lab.fi\/labfocus\/"},{"@type":"ListItem","position":2,"name":"Ihanan pakollinen omavalvonta"}]},{"@type":"WebSite","@id":"https:\/\/blogit.lab.fi\/labfocus\/#website","url":"https:\/\/blogit.lab.fi\/labfocus\/","name":"LAB Focus","description":"Focus Area blog | LAB University of Applied Sciences","publisher":{"@id":"https:\/\/blogit.lab.fi\/labfocus\/#organization"},"potentialAction":[{"@type":"SearchAction","target":{"@type":"EntryPoint","urlTemplate":"https:\/\/blogit.lab.fi\/labfocus\/?s={search_term_string}"},"query-input":{"@type":"PropertyValueSpecification","valueRequired":true,"valueName":"search_term_string"}}],"inLanguage":"fi"},{"@type":"Organization","@id":"https:\/\/blogit.lab.fi\/labfocus\/#organization","name":"LAB Focus","url":"https:\/\/blogit.lab.fi\/labfocus\/","logo":{"@type":"ImageObject","inLanguage":"fi","@id":"https:\/\/blogit.lab.fi\/labfocus\/#\/schema\/logo\/image\/","url":"https:\/\/blogit.lab.fi\/labfocus\/wp-content\/uploads\/sites\/8\/2020\/04\/cropped-cropped-tunnus_blogi-01.png","contentUrl":"https:\/\/blogit.lab.fi\/labfocus\/wp-content\/uploads\/sites\/8\/2020\/04\/cropped-cropped-tunnus_blogi-01.png","width":1342,"height":288,"caption":"LAB Focus"},"image":{"@id":"https:\/\/blogit.lab.fi\/labfocus\/#\/schema\/logo\/image\/"},"sameAs":["https:\/\/x.com\/LABfinland"]},{"@type":"Person","@id":"https:\/\/blogit.lab.fi\/labfocus\/#\/schema\/person\/da729f65c4a2fb9fd8f0b1ec7a2ab7d0","name":"tainask","image":{"@type":"ImageObject","inLanguage":"fi","@id":"https:\/\/secure.gravatar.com\/avatar\/4a96427877ef826b76e80c27f60b266128094f522551459346efcf14282febb3?s=96&d=mm&r=g","url":"https:\/\/secure.gravatar.com\/avatar\/4a96427877ef826b76e80c27f60b266128094f522551459346efcf14282febb3?s=96&d=mm&r=g","contentUrl":"https:\/\/secure.gravatar.com\/avatar\/4a96427877ef826b76e80c27f60b266128094f522551459346efcf14282febb3?s=96&d=mm&r=g","caption":"tainask"},"url":"https:\/\/blogit.lab.fi\/labfocus\/author\/tainask\/"}]}},"_links":{"self":[{"href":"https:\/\/blogit.lab.fi\/labfocus\/wp-json\/wp\/v2\/posts\/11039","targetHints":{"allow":["GET"]}}],"collection":[{"href":"https:\/\/blogit.lab.fi\/labfocus\/wp-json\/wp\/v2\/posts"}],"about":[{"href":"https:\/\/blogit.lab.fi\/labfocus\/wp-json\/wp\/v2\/types\/post"}],"author":[{"embeddable":true,"href":"https:\/\/blogit.lab.fi\/labfocus\/wp-json\/wp\/v2\/users\/17"}],"replies":[{"embeddable":true,"href":"https:\/\/blogit.lab.fi\/labfocus\/wp-json\/wp\/v2\/comments?post=11039"}],"version-history":[{"count":1,"href":"https:\/\/blogit.lab.fi\/labfocus\/wp-json\/wp\/v2\/posts\/11039\/revisions"}],"predecessor-version":[{"id":11042,"href":"https:\/\/blogit.lab.fi\/labfocus\/wp-json\/wp\/v2\/posts\/11039\/revisions\/11042"}],"wp:featuredmedia":[{"embeddable":true,"href":"https:\/\/blogit.lab.fi\/labfocus\/wp-json\/wp\/v2\/media\/11041"}],"wp:attachment":[{"href":"https:\/\/blogit.lab.fi\/labfocus\/wp-json\/wp\/v2\/media?parent=11039"}],"wp:term":[{"taxonomy":"category","embeddable":true,"href":"https:\/\/blogit.lab.fi\/labfocus\/wp-json\/wp\/v2\/categories?post=11039"},{"taxonomy":"post_tag","embeddable":true,"href":"https:\/\/blogit.lab.fi\/labfocus\/wp-json\/wp\/v2\/tags?post=11039"}],"curies":[{"name":"wp","href":"https:\/\/api.w.org\/{rel}","templated":true}]}}