{"id":11069,"date":"2022-12-14T11:23:20","date_gmt":"2022-12-14T09:23:20","guid":{"rendered":"https:\/\/blogit.lab.fi\/labfocus\/?p=11069"},"modified":"2022-12-14T11:23:21","modified_gmt":"2022-12-14T09:23:21","slug":"tasmatyokykyisten-tyollistymiseen-tukea-ja-tietoa","status":"publish","type":"post","link":"https:\/\/blogit.lab.fi\/labfocus\/tasmatyokykyisten-tyollistymiseen-tukea-ja-tietoa\/","title":{"rendered":"T\u00e4sm\u00e4ty\u00f6kykyisten ty\u00f6llistymiseen tukea ja tietoa"},"content":{"rendered":"\n<p>Hallituksen ty\u00f6llisyystavoitteiden saavuttaminen edellytt\u00e4\u00e4, ett\u00e4 t\u00e4sm\u00e4ty\u00f6kykyisten henkil\u00f6iden ty\u00f6llistymist\u00e4 edistet\u00e4\u00e4n. Sosiaali- ja terveysministeri\u00f6n ja ty\u00f6- ja elinkeinoministeri\u00f6n yhteisen ty\u00f6kykyohjelman tavoitteena on muun muassa kehitt\u00e4\u00e4 palveluja ty\u00f6nantajille t\u00e4sm\u00e4ty\u00f6kykyisten ty\u00f6llist\u00e4misen helpottamiseksi sek\u00e4 hakea ratkaisuja t\u00e4sm\u00e4ty\u00f6kykyisten rekrytointikynnyksen madaltamiseksi. (STM 2022.)<\/p>\n\n\n\n<p>T\u00e4sm\u00e4ty\u00f6kykyinen on termi, joka suuntaa huomion ty\u00f6kyvyn rajoitteiden sijaan ty\u00f6ntekij\u00e4n olemassa olevaan ty\u00f6- ja toimintakykyyn sek\u00e4 osaamiseen ja vahvuuksiin. Ammatillisten erityisoppilaitosten kumppanuusverkosto AMEO (2021) on t\u00e4sm\u00e4ty\u00f6kyvyn puolestapuhuja ja m\u00e4\u00e4rittelee t\u00e4sm\u00e4ty\u00f6kykyiseksi henkil\u00f6n, jonka ty\u00f6kyky on riitt\u00e4v\u00e4 h\u00e4nelle sopivaksi r\u00e4\u00e4t\u00e4l\u00f6idyn ty\u00f6teht\u00e4v\u00e4n hoitamiseen. T\u00e4sm\u00e4ty\u00f6ss\u00e4 ty\u00f6n vaatimukset ovat oikein mitoitettuja ty\u00f6ntekij\u00e4n ty\u00f6- ja toimintakykyyn n\u00e4hden.<\/p>\n\n\n\n<p>Ala-Kauhaluoman ym. (2017, 52, 84) tutkimuksessa k\u00e4vi ilmi, ett\u00e4 tarjoamalla ty\u00f6nantajille lis\u00e4\u00e4 tietoa t\u00e4sm\u00e4ty\u00f6kykyisten ty\u00f6llist\u00e4misest\u00e4 voitaisiin vaikuttaa heid\u00e4n halukkuuteensa ty\u00f6llist\u00e4\u00e4 t\u00e4sm\u00e4ty\u00f6kykyisi\u00e4. T\u00e4sm\u00e4ty\u00f6kykyisten ty\u00f6llist\u00e4miseen saatavissa olevien rahallisten tukien lis\u00e4ksi ty\u00f6nantajat kaipaavat lis\u00e4\u00e4 tietoa erityisesti t\u00e4sm\u00e4ty\u00f6kykyisten osaamisesta ja vahvuuksista sek\u00e4 tosiasiallisista rajoitteista ja ty\u00f6kyvyst\u00e4.<\/p>\n\n\n\n<p>LAB-ammattikorkeakoulun sosionomiopiskelijat tekiv\u00e4t syksyll\u00e4 2022 yhteisty\u00f6ss\u00e4 <a href=\"https:\/\/lab.fi\/fi\/projekti\/askelmat\" target=\"_blank\" rel=\"noreferrer noopener\">ASKELMAT \u2013 Askel askeleelta osallisuuspolku P\u00e4ij\u00e4t-H\u00e4meess\u00e4<\/a> -hankkeen kanssa opinn\u00e4ytety\u00f6n, jonka tavoitteena oli koota ty\u00f6nantajille hy\u00f6dyllist\u00e4 tietoa t\u00e4sm\u00e4ty\u00f6kykyisten ty\u00f6llist\u00e4misest\u00e4. Toiminnallisen opinn\u00e4ytety\u00f6n tuotoksena syntyiv\u00e4t digitaaliset julkaisut, jotka julkaistiin ASKELMAT-hankkeen YouTube-tilill\u00e4 videomuodossa. Julkaisujen aiheet ovat t\u00e4sm\u00e4ty\u00f6kyvyn k\u00e4site, ty\u00f6yhteis\u00f6n moninaisuus, sosiaalinen vastuu, ty\u00f6n muokkaus sek\u00e4 etuudet, tuet ja palvelut t\u00e4sm\u00e4ty\u00f6kykyisen ty\u00f6llist\u00e4miseen. (H\u00f6rkk\u00f6 &amp; Vilkki 2022.)<\/p>\n\n\n\n<figure class=\"wp-block-image size-large\"><img loading=\"lazy\" decoding=\"async\" width=\"1024\" height=\"598\" src=\"https:\/\/blogit.lab.fi\/labfocus\/wp-content\/uploads\/sites\/8\/2022\/12\/788_2022_Tasmatyokykyisten-tyollistymiseen-tukea-ja-tietoa-1024x598.png\" alt=\"\" class=\"wp-image-11071\" srcset=\"https:\/\/blogit.lab.fi\/labfocus\/wp-content\/uploads\/sites\/8\/2022\/12\/788_2022_Tasmatyokykyisten-tyollistymiseen-tukea-ja-tietoa-1024x598.png 1024w, https:\/\/blogit.lab.fi\/labfocus\/wp-content\/uploads\/sites\/8\/2022\/12\/788_2022_Tasmatyokykyisten-tyollistymiseen-tukea-ja-tietoa-300x175.png 300w, https:\/\/blogit.lab.fi\/labfocus\/wp-content\/uploads\/sites\/8\/2022\/12\/788_2022_Tasmatyokykyisten-tyollistymiseen-tukea-ja-tietoa-768x449.png 768w, https:\/\/blogit.lab.fi\/labfocus\/wp-content\/uploads\/sites\/8\/2022\/12\/788_2022_Tasmatyokykyisten-tyollistymiseen-tukea-ja-tietoa-570x333.png 570w, https:\/\/blogit.lab.fi\/labfocus\/wp-content\/uploads\/sites\/8\/2022\/12\/788_2022_Tasmatyokykyisten-tyollistymiseen-tukea-ja-tietoa.png 1280w\" sizes=\"auto, (max-width: 1024px) 100vw, 1024px\" \/><figcaption class=\"wp-element-caption\">Kuva 1. Ty\u00f6kykykoordinaattori auttaa sopivien ty\u00f6teht\u00e4vien r\u00e4\u00e4t\u00e4l\u00f6inniss\u00e4. (Alexas_Fotos 2017)<\/figcaption><\/figure>\n\n\n\n<h2 class=\"wp-block-heading\">Mahdollisuuksien kartoittamista<\/h2>\n\n\n\n<p>T\u00e4sm\u00e4ty\u00f6kykyisten ty\u00f6llistymisen edist\u00e4miseksi ty\u00f6- ja elinkeinoministeri\u00f6 on ilmoittanut, ett\u00e4 TE-toimistoissa ty\u00f6skentelevien ty\u00f6kykykoordinaattorien m\u00e4\u00e4r\u00e4\u00e4 lis\u00e4t\u00e4\u00e4n vuosina 2020\u20122022 (TEM 2022). Ty\u00f6kykykoordinaattori on yksi mahdollinen tuen muoto ja voi auttaa ty\u00f6nantajaa hahmottamaan t\u00e4sm\u00e4ty\u00f6kykyisen mahdollisuudet kyseisell\u00e4 ty\u00f6paikalla ja muokkaamaan ty\u00f6n ty\u00f6ntekij\u00e4lle sopivaksi (TE-palvelut 2022).<\/p>\n\n\n\n<p>TE-toimistojen lis\u00e4ksi my\u00f6s joissain organisaatioissa on otettu k\u00e4ytt\u00f6\u00f6n ty\u00f6kykykoordinaattorin ty\u00f6nkuva. Ty\u00f6kykykoordinaattorit voivat ty\u00f6skennell\u00e4 yhteisty\u00f6ss\u00e4 henkil\u00f6st\u00f6hallinnon, ty\u00f6terveyshuollon ja esimiesten kanssa toimien ty\u00f6kykyasioissa asiantuntijoina. Voidaankin sanoa, ett\u00e4 ty\u00f6kykykoordinaattoreita rekrytoivat organisaatiot ovat edell\u00e4k\u00e4vijoit\u00e4 ty\u00f6kykyjohtamisessa. (Valtioneuvosto 2018; Keva 2022.)<\/p>\n\n\n\n<p>Sek\u00e4 t\u00e4sm\u00e4ty\u00f6kykyinen ett\u00e4 ty\u00f6nantaja hy\u00f6tyv\u00e4t ty\u00f6kykykoordinaattorin osaamisesta ja tuesta. Ty\u00f6kykykoordinaattori tukee t\u00e4sm\u00e4ty\u00f6kykyist\u00e4 ty\u00f6nhakuprosessissa ja ty\u00f6yhteis\u00f6\u00f6n integroitumisessa. Ty\u00f6nantaja puolestaan saa tukea ja osaamista ty\u00f6llist\u00e4miseen ja ty\u00f6kykyasioihin. (Nevala ym. 2015, 23\u201325, 39.)<\/p>\n\n\n\n<div class=\"wp-block-group has-background\" style=\"background-color:#b3edfb\"><div class=\"wp-block-group__inner-container is-layout-constrained wp-block-group-is-layout-constrained\">\n<p>Kirjoittajat<\/p>\n\n\n\n<p><strong>Emmaliina Vilkki<\/strong> on jouluna 2022 valmistuva sosionomiopiskelija LAB-ammattikorkeakoulusta.<\/p>\n\n\n\n<p><strong>Helena Hatakka<\/strong> toimii yliopettajana LAB-ammattikorkeakoulussa Hyvinvointi-yksik\u00f6ss\u00e4. H\u00e4n on my\u00f6s ollut mukana ASKELMAT-hankkeen valmistelussa.<\/p>\n<\/div><\/div>\n\n\n\n<h2 class=\"wp-block-heading\">L\u00e4hteet<\/h2>\n\n\n\n<p>Ala-Kauhaluoma, M., Kes\u00e4, M., Lehikoinen, T., Pitk\u00e4nen, S. &amp; Ylikojola, P. 2017. Osaty\u00f6kykyisist\u00e4 osaavaa ty\u00f6voimaa. Osaty\u00f6kykyisen ty\u00f6voiman kysynt\u00e4\u00e4 ja sen kehitt\u00e4mist\u00e4 koskeva tutkimus. Ty\u00f6- ja elinkeinoministeri\u00f6n julkaisuja 42\/2017. Viitattu 15.11.2022. Saatavissa <a href=\"https:\/\/julkaisut.valtioneuvosto.fi\/bitstream\/handle\/10024\/160229\/TEMjul_42_2017_verkkojulkaisu.pdf?sequence=1&amp;isAllowed=y\" target=\"_blank\" rel=\"noreferrer noopener\">https:\/\/julkaisut.valtioneuvosto.fi\/bitstream\/handle\/10024\/160229\/TEMjul_42_2017_verkkojulkaisu.pdf?sequence=1&amp;isAllowed=y<\/a><\/p>\n\n\n\n<p>Alexas_Fotos. 2022. Liit\u00e4, yhteys, yhteisty\u00f6t\u00e4, k\u00e4det. Pixabay. Viitattu 15.11.2022. Saatavissa <a href=\"https:\/\/pixabay.com\/fi\/photos\/liit%c3%a4-yhteys-yhteisty%c3%b6t%c3%a4-k%c3%a4det-2777620\/\" target=\"_blank\" rel=\"noreferrer noopener\">https:\/\/pixabay.com\/fi\/photos\/liit%c3%a4-yhteys-yhteisty%c3%b6t%c3%a4-k%c3%a4det-2777620\/<\/a><\/p>\n\n\n\n<p>AMEO. 2021. Ammatillisten erityisoppilaitosten kumppanuusverkosto. Kannanotot: Olemme t\u00e4sm\u00e4ty\u00f6n puolestapuhujia! Viitattu 15.11.2022. Saatavissa: <a href=\"https:\/\/ameo.fi\/vaikuttaminen\/kannanotot\/\" target=\"_blank\" rel=\"noreferrer noopener\">https:\/\/ameo.fi\/vaikuttaminen\/kannanotot\/<\/a><\/p>\n\n\n\n<p>H\u00f6rkk\u00f6, N. &amp; Vilkki, E. 2022. T\u00e4sm\u00e4ty\u00f6kykyiset ty\u00f6el\u00e4m\u00e4\u00e4n \u2012 Digitaaliset julkaisut ty\u00f6nantajille. AMK-opinn\u00e4ytety\u00f6. LAB-ammattikorkeakoulu, sosiaali- ja terveysala.<\/p>\n\n\n\n<p>Keva. 2022. Ty\u00f6kykykoordinaattori on investointi henkil\u00f6st\u00f6n hyvinvointiin. Viitattu 15.11.2022. Saatavissa <a href=\"https:\/\/www.keva.fi\/uutiset-ja-artikkelit\/tyokykykoordinaattori-on-investointi-henkiloston-hyvinvointiin\/\" target=\"_blank\" rel=\"noreferrer noopener\">https:\/\/www.keva.fi\/uutiset-ja-artikkelit\/tyokykykoordinaattori-on-investointi-henkiloston-hyvinvointiin\/<\/a><\/p>\n\n\n\n<p>Nevala, N., Turunen, J., Tiainen, R. &amp; Mattila-Wiro, P. 2015. Osaty\u00f6kykyiset ty\u00f6ss\u00e4 -toimintamallin (Osku) toteutuminen ja hy\u00f6dyt erilaisissa toimintaymp\u00e4rist\u00f6iss\u00e4. Sosiaali- ja 39 terveysministeri\u00f6n raportteja ja muistioita 48\/2015b. Viitattu 19.9.2022. Saatavissa <a href=\"https:\/\/julkaisut.valtioneuvosto.fi\/bitstream\/handle\/10024\/74728\/Tutkimusraportti2015-Osaty%c3%b6kykyiset-ty%c3%b6ss%c3%a4-toimintamallin.pdf?sequence=1&amp;isAllowed=y\" target=\"_blank\" rel=\"noreferrer noopener\">https:\/\/julkaisut.valtioneuvosto.fi\/bitstream\/handle\/10024\/74728\/Tutkimusraportti2015-Osaty%c3%b6kykyiset-ty%c3%b6ss%c3%a4-toimintamallin.pdf?sequence=1&amp;isAllowed=y<\/a><\/p>\n\n\n\n<p>STM. 2022. Ty\u00f6kykyohjelma. Viitattu 15.11.2022. Saatavissa <a href=\"https:\/\/stm.fi\/tyokykyohjelma\" target=\"_blank\" rel=\"noreferrer noopener\">https:\/\/stm.fi\/tyokykyohjelma<\/a><\/p>\n\n\n\n<p>TEM. 2022. Ty\u00f6kykykoordinaattorien m\u00e4\u00e4r\u00e4\u00e4 lis\u00e4t\u00e4\u00e4n. Viitattu 15.11.2022. Saatavissa <a href=\"https:\/\/tem.fi\/tyokykykoordinaattorien-maaraa-lisataan\" target=\"_blank\" rel=\"noreferrer noopener\">https:\/\/tem.fi\/tyokykykoordinaattorien-maaraa-lisataan<\/a><\/p>\n\n\n\n<p>TE-palvelut. 2022. Ty\u00f6kykykoordinaattori tukenasi. Viitattu 15.11.2022. Saatavissa <a href=\"https:\/\/toimistot.te-palvelut.fi\/etela-savo\/tyokykykoordinaattori\" target=\"_blank\" rel=\"noreferrer noopener\">https:\/\/toimistot.te-palvelut.fi\/etela-savo\/tyokykykoordinaattori<\/a><\/p>\n\n\n\n<p>Valtioneuvosto. 2018. Ty\u00f6kykykoordinaattori on sote- ja ty\u00f6el\u00e4m\u00e4palvelujen asiantuntija. Viitattu 15.11.2022. Saatavissa <a href=\"https:\/\/valtioneuvosto.fi\/-\/1271139\/tyokykykoordinaattori-on-sote-ja-tyoelamapalvelujen-asiantuntija\" target=\"_blank\" rel=\"noreferrer noopener\">https:\/\/valtioneuvosto.fi\/-\/\/1271139\/tyokykykoordinaattori-on-sote-ja-tyoelamapalvelujen-asiantuntija<\/a><\/p>\n\n\n\n<h2 class=\"wp-block-heading\">Linkit<\/h2>\n\n\n\n<p>LAB. 2022. ASKELMAT \u2013 Askel askeleelta osallisuuspolku P\u00e4ij\u00e4t-H\u00e4meess\u00e4. Hanke. Viitattu 16.11.2022. Saatavissa <a href=\"https:\/\/lab.fi\/fi\/projekti\/askelmat\" target=\"_blank\" rel=\"noreferrer noopener\">https:\/\/lab.fi\/fi\/projekti\/askelmat<\/a><\/p>\n","protected":false},"excerpt":{"rendered":"<p>Hallituksen ty\u00f6llisyystavoitteiden saavuttaminen edellytt\u00e4\u00e4, ett\u00e4 t\u00e4sm\u00e4ty\u00f6kykyisten henkil\u00f6iden ty\u00f6llistymist\u00e4 edistet\u00e4\u00e4n. Sosiaali- ja terveysministeri\u00f6n ja ty\u00f6- ja elinkeinoministeri\u00f6n yhteisen ty\u00f6kykyohjelman tavoitteena on muun muassa kehitt\u00e4\u00e4 palveluja ty\u00f6nantajille t\u00e4sm\u00e4ty\u00f6kykyisten ty\u00f6llist\u00e4misen helpottamiseksi sek\u00e4 hakea ratkaisuja t\u00e4sm\u00e4ty\u00f6kykyisten rekrytointikynnyksen madaltamiseksi. (STM 2022.) T\u00e4sm\u00e4ty\u00f6kykyinen on termi, joka suuntaa huomion ty\u00f6kyvyn rajoitteiden sijaan ty\u00f6ntekij\u00e4n olemassa olevaan ty\u00f6- ja toimintakykyyn sek\u00e4 osaamiseen ja vahvuuksiin. [&hellip;]<\/p>\n","protected":false},"author":17,"featured_media":11071,"comment_status":"closed","ping_status":"open","sticky":false,"template":"","format":"standard","meta":{"footnotes":""},"categories":[15,119],"tags":[29,4624,4617,5199,5197],"class_list":{"0":"post-11069","1":"post","2":"type-post","3":"status-publish","4":"format-standard","5":"has-post-thumbnail","7":"category-health_fi","8":"category-osallisuuden-edistaminen-ja-turvallinen-arki","9":"tag-artikkeli-e1","10":"tag-askelmat","11":"tag-tasmatyokyky-fi","12":"tag-tyokykykoordinaattori","13":"tag-tyokykyohjelma","14":"czr-hentry"},"yoast_head":"<!-- This site is optimized with the Yoast SEO plugin v27.4 - https:\/\/yoast.com\/product\/yoast-seo-wordpress\/ -->\n<title>T\u00e4sm\u00e4ty\u00f6kykyisten ty\u00f6llistymiseen tukea ja tietoa - LAB Focus<\/title>\n<meta name=\"description\" content=\"T\u00e4sm\u00e4ty\u00f6kykyisten avuksi on tulossa t\u00e4sm\u00e4ty\u00f6kykykoordinaattoreita, jotka auttavat ty\u00f6llistym\u00e4\u00e4n.\" \/>\n<meta name=\"robots\" content=\"index, follow, max-snippet:-1, max-image-preview:large, max-video-preview:-1\" \/>\n<link rel=\"canonical\" href=\"https:\/\/blogit.lab.fi\/labfocus\/tasmatyokykyisten-tyollistymiseen-tukea-ja-tietoa\/\" \/>\n<meta property=\"og:locale\" content=\"fi_FI\" \/>\n<meta property=\"og:type\" content=\"article\" \/>\n<meta property=\"og:title\" content=\"T\u00e4sm\u00e4ty\u00f6kykyisten ty\u00f6llistymiseen tukea ja tietoa - LAB Focus\" \/>\n<meta property=\"og:description\" content=\"T\u00e4sm\u00e4ty\u00f6kykyisten avuksi on tulossa t\u00e4sm\u00e4ty\u00f6kykykoordinaattoreita, jotka auttavat ty\u00f6llistym\u00e4\u00e4n.\" \/>\n<meta property=\"og:url\" content=\"https:\/\/blogit.lab.fi\/labfocus\/tasmatyokykyisten-tyollistymiseen-tukea-ja-tietoa\/\" \/>\n<meta property=\"og:site_name\" content=\"LAB Focus\" \/>\n<meta property=\"article:published_time\" content=\"2022-12-14T09:23:20+00:00\" \/>\n<meta property=\"article:modified_time\" content=\"2022-12-14T09:23:21+00:00\" \/>\n<meta property=\"og:image\" content=\"https:\/\/blogit.lab.fi\/labfocus\/wp-content\/uploads\/sites\/8\/2022\/12\/788_2022_Tasmatyokykyisten-tyollistymiseen-tukea-ja-tietoa.png\" \/>\n\t<meta property=\"og:image:width\" content=\"1280\" \/>\n\t<meta property=\"og:image:height\" content=\"748\" \/>\n\t<meta property=\"og:image:type\" content=\"image\/png\" \/>\n<meta name=\"author\" content=\"tainask\" \/>\n<meta name=\"twitter:card\" content=\"summary_large_image\" \/>\n<meta name=\"twitter:creator\" content=\"@LABfinland\" \/>\n<meta name=\"twitter:site\" content=\"@LABfinland\" \/>\n<meta name=\"twitter:label1\" content=\"Kirjoittanut\" \/>\n\t<meta name=\"twitter:data1\" content=\"tainask\" \/>\n\t<meta name=\"twitter:label2\" content=\"Arvioitu lukuaika\" \/>\n\t<meta name=\"twitter:data2\" content=\"4 minuuttia\" \/>\n<script type=\"application\/ld+json\" class=\"yoast-schema-graph\">{\"@context\":\"https:\\\/\\\/schema.org\",\"@graph\":[{\"@type\":\"Article\",\"@id\":\"https:\\\/\\\/blogit.lab.fi\\\/labfocus\\\/tasmatyokykyisten-tyollistymiseen-tukea-ja-tietoa\\\/#article\",\"isPartOf\":{\"@id\":\"https:\\\/\\\/blogit.lab.fi\\\/labfocus\\\/tasmatyokykyisten-tyollistymiseen-tukea-ja-tietoa\\\/\"},\"author\":{\"name\":\"tainask\",\"@id\":\"https:\\\/\\\/blogit.lab.fi\\\/labfocus\\\/#\\\/schema\\\/person\\\/da729f65c4a2fb9fd8f0b1ec7a2ab7d0\"},\"headline\":\"T\u00e4sm\u00e4ty\u00f6kykyisten ty\u00f6llistymiseen tukea ja tietoa\",\"datePublished\":\"2022-12-14T09:23:20+00:00\",\"dateModified\":\"2022-12-14T09:23:21+00:00\",\"mainEntityOfPage\":{\"@id\":\"https:\\\/\\\/blogit.lab.fi\\\/labfocus\\\/tasmatyokykyisten-tyollistymiseen-tukea-ja-tietoa\\\/\"},\"wordCount\":750,\"publisher\":{\"@id\":\"https:\\\/\\\/blogit.lab.fi\\\/labfocus\\\/#organization\"},\"image\":{\"@id\":\"https:\\\/\\\/blogit.lab.fi\\\/labfocus\\\/tasmatyokykyisten-tyollistymiseen-tukea-ja-tietoa\\\/#primaryimage\"},\"thumbnailUrl\":\"https:\\\/\\\/blogit.lab.fi\\\/labfocus\\\/wp-content\\\/uploads\\\/sites\\\/8\\\/2022\\\/12\\\/788_2022_Tasmatyokykyisten-tyollistymiseen-tukea-ja-tietoa.png\",\"keywords\":[\"Artikkeli E1\",\"ASKELMAT\",\"t\u00e4sm\u00e4ty\u00f6kyky\",\"ty\u00f6kykykoordinaattori\",\"ty\u00f6kykyohjelma\"],\"articleSection\":[\"Health\",\"Osallisuus, ty\u00f6el\u00e4m\u00e4 ja turvallinen arki\"],\"inLanguage\":\"fi\"},{\"@type\":\"WebPage\",\"@id\":\"https:\\\/\\\/blogit.lab.fi\\\/labfocus\\\/tasmatyokykyisten-tyollistymiseen-tukea-ja-tietoa\\\/\",\"url\":\"https:\\\/\\\/blogit.lab.fi\\\/labfocus\\\/tasmatyokykyisten-tyollistymiseen-tukea-ja-tietoa\\\/\",\"name\":\"T\u00e4sm\u00e4ty\u00f6kykyisten ty\u00f6llistymiseen tukea ja tietoa - LAB Focus\",\"isPartOf\":{\"@id\":\"https:\\\/\\\/blogit.lab.fi\\\/labfocus\\\/#website\"},\"primaryImageOfPage\":{\"@id\":\"https:\\\/\\\/blogit.lab.fi\\\/labfocus\\\/tasmatyokykyisten-tyollistymiseen-tukea-ja-tietoa\\\/#primaryimage\"},\"image\":{\"@id\":\"https:\\\/\\\/blogit.lab.fi\\\/labfocus\\\/tasmatyokykyisten-tyollistymiseen-tukea-ja-tietoa\\\/#primaryimage\"},\"thumbnailUrl\":\"https:\\\/\\\/blogit.lab.fi\\\/labfocus\\\/wp-content\\\/uploads\\\/sites\\\/8\\\/2022\\\/12\\\/788_2022_Tasmatyokykyisten-tyollistymiseen-tukea-ja-tietoa.png\",\"datePublished\":\"2022-12-14T09:23:20+00:00\",\"dateModified\":\"2022-12-14T09:23:21+00:00\",\"description\":\"T\u00e4sm\u00e4ty\u00f6kykyisten avuksi on tulossa t\u00e4sm\u00e4ty\u00f6kykykoordinaattoreita, jotka auttavat ty\u00f6llistym\u00e4\u00e4n.\",\"breadcrumb\":{\"@id\":\"https:\\\/\\\/blogit.lab.fi\\\/labfocus\\\/tasmatyokykyisten-tyollistymiseen-tukea-ja-tietoa\\\/#breadcrumb\"},\"inLanguage\":\"fi\",\"potentialAction\":[{\"@type\":\"ReadAction\",\"target\":[\"https:\\\/\\\/blogit.lab.fi\\\/labfocus\\\/tasmatyokykyisten-tyollistymiseen-tukea-ja-tietoa\\\/\"]}]},{\"@type\":\"ImageObject\",\"inLanguage\":\"fi\",\"@id\":\"https:\\\/\\\/blogit.lab.fi\\\/labfocus\\\/tasmatyokykyisten-tyollistymiseen-tukea-ja-tietoa\\\/#primaryimage\",\"url\":\"https:\\\/\\\/blogit.lab.fi\\\/labfocus\\\/wp-content\\\/uploads\\\/sites\\\/8\\\/2022\\\/12\\\/788_2022_Tasmatyokykyisten-tyollistymiseen-tukea-ja-tietoa.png\",\"contentUrl\":\"https:\\\/\\\/blogit.lab.fi\\\/labfocus\\\/wp-content\\\/uploads\\\/sites\\\/8\\\/2022\\\/12\\\/788_2022_Tasmatyokykyisten-tyollistymiseen-tukea-ja-tietoa.png\",\"width\":1280,\"height\":748},{\"@type\":\"BreadcrumbList\",\"@id\":\"https:\\\/\\\/blogit.lab.fi\\\/labfocus\\\/tasmatyokykyisten-tyollistymiseen-tukea-ja-tietoa\\\/#breadcrumb\",\"itemListElement\":[{\"@type\":\"ListItem\",\"position\":1,\"name\":\"Home\",\"item\":\"https:\\\/\\\/blogit.lab.fi\\\/labfocus\\\/\"},{\"@type\":\"ListItem\",\"position\":2,\"name\":\"T\u00e4sm\u00e4ty\u00f6kykyisten ty\u00f6llistymiseen tukea ja tietoa\"}]},{\"@type\":\"WebSite\",\"@id\":\"https:\\\/\\\/blogit.lab.fi\\\/labfocus\\\/#website\",\"url\":\"https:\\\/\\\/blogit.lab.fi\\\/labfocus\\\/\",\"name\":\"LAB Focus\",\"description\":\"Focus Area blog | LAB University of Applied Sciences\",\"publisher\":{\"@id\":\"https:\\\/\\\/blogit.lab.fi\\\/labfocus\\\/#organization\"},\"potentialAction\":[{\"@type\":\"SearchAction\",\"target\":{\"@type\":\"EntryPoint\",\"urlTemplate\":\"https:\\\/\\\/blogit.lab.fi\\\/labfocus\\\/?s={search_term_string}\"},\"query-input\":{\"@type\":\"PropertyValueSpecification\",\"valueRequired\":true,\"valueName\":\"search_term_string\"}}],\"inLanguage\":\"fi\"},{\"@type\":\"Organization\",\"@id\":\"https:\\\/\\\/blogit.lab.fi\\\/labfocus\\\/#organization\",\"name\":\"LAB Focus\",\"url\":\"https:\\\/\\\/blogit.lab.fi\\\/labfocus\\\/\",\"logo\":{\"@type\":\"ImageObject\",\"inLanguage\":\"fi\",\"@id\":\"https:\\\/\\\/blogit.lab.fi\\\/labfocus\\\/#\\\/schema\\\/logo\\\/image\\\/\",\"url\":\"https:\\\/\\\/blogit.lab.fi\\\/labfocus\\\/wp-content\\\/uploads\\\/sites\\\/8\\\/2020\\\/04\\\/cropped-cropped-tunnus_blogi-01.png\",\"contentUrl\":\"https:\\\/\\\/blogit.lab.fi\\\/labfocus\\\/wp-content\\\/uploads\\\/sites\\\/8\\\/2020\\\/04\\\/cropped-cropped-tunnus_blogi-01.png\",\"width\":1342,\"height\":288,\"caption\":\"LAB Focus\"},\"image\":{\"@id\":\"https:\\\/\\\/blogit.lab.fi\\\/labfocus\\\/#\\\/schema\\\/logo\\\/image\\\/\"},\"sameAs\":[\"https:\\\/\\\/x.com\\\/LABfinland\"]},{\"@type\":\"Person\",\"@id\":\"https:\\\/\\\/blogit.lab.fi\\\/labfocus\\\/#\\\/schema\\\/person\\\/da729f65c4a2fb9fd8f0b1ec7a2ab7d0\",\"name\":\"tainask\",\"image\":{\"@type\":\"ImageObject\",\"inLanguage\":\"fi\",\"@id\":\"https:\\\/\\\/secure.gravatar.com\\\/avatar\\\/4a96427877ef826b76e80c27f60b266128094f522551459346efcf14282febb3?s=96&d=mm&r=g\",\"url\":\"https:\\\/\\\/secure.gravatar.com\\\/avatar\\\/4a96427877ef826b76e80c27f60b266128094f522551459346efcf14282febb3?s=96&d=mm&r=g\",\"contentUrl\":\"https:\\\/\\\/secure.gravatar.com\\\/avatar\\\/4a96427877ef826b76e80c27f60b266128094f522551459346efcf14282febb3?s=96&d=mm&r=g\",\"caption\":\"tainask\"},\"url\":\"https:\\\/\\\/blogit.lab.fi\\\/labfocus\\\/author\\\/tainask\\\/\"}]}<\/script>\n<!-- \/ Yoast SEO plugin. -->","yoast_head_json":{"title":"T\u00e4sm\u00e4ty\u00f6kykyisten ty\u00f6llistymiseen tukea ja tietoa - LAB Focus","description":"T\u00e4sm\u00e4ty\u00f6kykyisten avuksi on tulossa t\u00e4sm\u00e4ty\u00f6kykykoordinaattoreita, jotka auttavat ty\u00f6llistym\u00e4\u00e4n.","robots":{"index":"index","follow":"follow","max-snippet":"max-snippet:-1","max-image-preview":"max-image-preview:large","max-video-preview":"max-video-preview:-1"},"canonical":"https:\/\/blogit.lab.fi\/labfocus\/tasmatyokykyisten-tyollistymiseen-tukea-ja-tietoa\/","og_locale":"fi_FI","og_type":"article","og_title":"T\u00e4sm\u00e4ty\u00f6kykyisten ty\u00f6llistymiseen tukea ja tietoa - LAB Focus","og_description":"T\u00e4sm\u00e4ty\u00f6kykyisten avuksi on tulossa t\u00e4sm\u00e4ty\u00f6kykykoordinaattoreita, jotka auttavat ty\u00f6llistym\u00e4\u00e4n.","og_url":"https:\/\/blogit.lab.fi\/labfocus\/tasmatyokykyisten-tyollistymiseen-tukea-ja-tietoa\/","og_site_name":"LAB Focus","article_published_time":"2022-12-14T09:23:20+00:00","article_modified_time":"2022-12-14T09:23:21+00:00","og_image":[{"width":1280,"height":748,"url":"https:\/\/blogit.lab.fi\/labfocus\/wp-content\/uploads\/sites\/8\/2022\/12\/788_2022_Tasmatyokykyisten-tyollistymiseen-tukea-ja-tietoa.png","type":"image\/png"}],"author":"tainask","twitter_card":"summary_large_image","twitter_creator":"@LABfinland","twitter_site":"@LABfinland","twitter_misc":{"Kirjoittanut":"tainask","Arvioitu lukuaika":"4 minuuttia"},"schema":{"@context":"https:\/\/schema.org","@graph":[{"@type":"Article","@id":"https:\/\/blogit.lab.fi\/labfocus\/tasmatyokykyisten-tyollistymiseen-tukea-ja-tietoa\/#article","isPartOf":{"@id":"https:\/\/blogit.lab.fi\/labfocus\/tasmatyokykyisten-tyollistymiseen-tukea-ja-tietoa\/"},"author":{"name":"tainask","@id":"https:\/\/blogit.lab.fi\/labfocus\/#\/schema\/person\/da729f65c4a2fb9fd8f0b1ec7a2ab7d0"},"headline":"T\u00e4sm\u00e4ty\u00f6kykyisten ty\u00f6llistymiseen tukea ja tietoa","datePublished":"2022-12-14T09:23:20+00:00","dateModified":"2022-12-14T09:23:21+00:00","mainEntityOfPage":{"@id":"https:\/\/blogit.lab.fi\/labfocus\/tasmatyokykyisten-tyollistymiseen-tukea-ja-tietoa\/"},"wordCount":750,"publisher":{"@id":"https:\/\/blogit.lab.fi\/labfocus\/#organization"},"image":{"@id":"https:\/\/blogit.lab.fi\/labfocus\/tasmatyokykyisten-tyollistymiseen-tukea-ja-tietoa\/#primaryimage"},"thumbnailUrl":"https:\/\/blogit.lab.fi\/labfocus\/wp-content\/uploads\/sites\/8\/2022\/12\/788_2022_Tasmatyokykyisten-tyollistymiseen-tukea-ja-tietoa.png","keywords":["Artikkeli E1","ASKELMAT","t\u00e4sm\u00e4ty\u00f6kyky","ty\u00f6kykykoordinaattori","ty\u00f6kykyohjelma"],"articleSection":["Health","Osallisuus, ty\u00f6el\u00e4m\u00e4 ja turvallinen arki"],"inLanguage":"fi"},{"@type":"WebPage","@id":"https:\/\/blogit.lab.fi\/labfocus\/tasmatyokykyisten-tyollistymiseen-tukea-ja-tietoa\/","url":"https:\/\/blogit.lab.fi\/labfocus\/tasmatyokykyisten-tyollistymiseen-tukea-ja-tietoa\/","name":"T\u00e4sm\u00e4ty\u00f6kykyisten ty\u00f6llistymiseen tukea ja tietoa - LAB Focus","isPartOf":{"@id":"https:\/\/blogit.lab.fi\/labfocus\/#website"},"primaryImageOfPage":{"@id":"https:\/\/blogit.lab.fi\/labfocus\/tasmatyokykyisten-tyollistymiseen-tukea-ja-tietoa\/#primaryimage"},"image":{"@id":"https:\/\/blogit.lab.fi\/labfocus\/tasmatyokykyisten-tyollistymiseen-tukea-ja-tietoa\/#primaryimage"},"thumbnailUrl":"https:\/\/blogit.lab.fi\/labfocus\/wp-content\/uploads\/sites\/8\/2022\/12\/788_2022_Tasmatyokykyisten-tyollistymiseen-tukea-ja-tietoa.png","datePublished":"2022-12-14T09:23:20+00:00","dateModified":"2022-12-14T09:23:21+00:00","description":"T\u00e4sm\u00e4ty\u00f6kykyisten avuksi on tulossa t\u00e4sm\u00e4ty\u00f6kykykoordinaattoreita, jotka auttavat ty\u00f6llistym\u00e4\u00e4n.","breadcrumb":{"@id":"https:\/\/blogit.lab.fi\/labfocus\/tasmatyokykyisten-tyollistymiseen-tukea-ja-tietoa\/#breadcrumb"},"inLanguage":"fi","potentialAction":[{"@type":"ReadAction","target":["https:\/\/blogit.lab.fi\/labfocus\/tasmatyokykyisten-tyollistymiseen-tukea-ja-tietoa\/"]}]},{"@type":"ImageObject","inLanguage":"fi","@id":"https:\/\/blogit.lab.fi\/labfocus\/tasmatyokykyisten-tyollistymiseen-tukea-ja-tietoa\/#primaryimage","url":"https:\/\/blogit.lab.fi\/labfocus\/wp-content\/uploads\/sites\/8\/2022\/12\/788_2022_Tasmatyokykyisten-tyollistymiseen-tukea-ja-tietoa.png","contentUrl":"https:\/\/blogit.lab.fi\/labfocus\/wp-content\/uploads\/sites\/8\/2022\/12\/788_2022_Tasmatyokykyisten-tyollistymiseen-tukea-ja-tietoa.png","width":1280,"height":748},{"@type":"BreadcrumbList","@id":"https:\/\/blogit.lab.fi\/labfocus\/tasmatyokykyisten-tyollistymiseen-tukea-ja-tietoa\/#breadcrumb","itemListElement":[{"@type":"ListItem","position":1,"name":"Home","item":"https:\/\/blogit.lab.fi\/labfocus\/"},{"@type":"ListItem","position":2,"name":"T\u00e4sm\u00e4ty\u00f6kykyisten ty\u00f6llistymiseen tukea ja tietoa"}]},{"@type":"WebSite","@id":"https:\/\/blogit.lab.fi\/labfocus\/#website","url":"https:\/\/blogit.lab.fi\/labfocus\/","name":"LAB Focus","description":"Focus Area blog | LAB University of Applied Sciences","publisher":{"@id":"https:\/\/blogit.lab.fi\/labfocus\/#organization"},"potentialAction":[{"@type":"SearchAction","target":{"@type":"EntryPoint","urlTemplate":"https:\/\/blogit.lab.fi\/labfocus\/?s={search_term_string}"},"query-input":{"@type":"PropertyValueSpecification","valueRequired":true,"valueName":"search_term_string"}}],"inLanguage":"fi"},{"@type":"Organization","@id":"https:\/\/blogit.lab.fi\/labfocus\/#organization","name":"LAB Focus","url":"https:\/\/blogit.lab.fi\/labfocus\/","logo":{"@type":"ImageObject","inLanguage":"fi","@id":"https:\/\/blogit.lab.fi\/labfocus\/#\/schema\/logo\/image\/","url":"https:\/\/blogit.lab.fi\/labfocus\/wp-content\/uploads\/sites\/8\/2020\/04\/cropped-cropped-tunnus_blogi-01.png","contentUrl":"https:\/\/blogit.lab.fi\/labfocus\/wp-content\/uploads\/sites\/8\/2020\/04\/cropped-cropped-tunnus_blogi-01.png","width":1342,"height":288,"caption":"LAB Focus"},"image":{"@id":"https:\/\/blogit.lab.fi\/labfocus\/#\/schema\/logo\/image\/"},"sameAs":["https:\/\/x.com\/LABfinland"]},{"@type":"Person","@id":"https:\/\/blogit.lab.fi\/labfocus\/#\/schema\/person\/da729f65c4a2fb9fd8f0b1ec7a2ab7d0","name":"tainask","image":{"@type":"ImageObject","inLanguage":"fi","@id":"https:\/\/secure.gravatar.com\/avatar\/4a96427877ef826b76e80c27f60b266128094f522551459346efcf14282febb3?s=96&d=mm&r=g","url":"https:\/\/secure.gravatar.com\/avatar\/4a96427877ef826b76e80c27f60b266128094f522551459346efcf14282febb3?s=96&d=mm&r=g","contentUrl":"https:\/\/secure.gravatar.com\/avatar\/4a96427877ef826b76e80c27f60b266128094f522551459346efcf14282febb3?s=96&d=mm&r=g","caption":"tainask"},"url":"https:\/\/blogit.lab.fi\/labfocus\/author\/tainask\/"}]}},"_links":{"self":[{"href":"https:\/\/blogit.lab.fi\/labfocus\/wp-json\/wp\/v2\/posts\/11069","targetHints":{"allow":["GET"]}}],"collection":[{"href":"https:\/\/blogit.lab.fi\/labfocus\/wp-json\/wp\/v2\/posts"}],"about":[{"href":"https:\/\/blogit.lab.fi\/labfocus\/wp-json\/wp\/v2\/types\/post"}],"author":[{"embeddable":true,"href":"https:\/\/blogit.lab.fi\/labfocus\/wp-json\/wp\/v2\/users\/17"}],"replies":[{"embeddable":true,"href":"https:\/\/blogit.lab.fi\/labfocus\/wp-json\/wp\/v2\/comments?post=11069"}],"version-history":[{"count":1,"href":"https:\/\/blogit.lab.fi\/labfocus\/wp-json\/wp\/v2\/posts\/11069\/revisions"}],"predecessor-version":[{"id":11072,"href":"https:\/\/blogit.lab.fi\/labfocus\/wp-json\/wp\/v2\/posts\/11069\/revisions\/11072"}],"wp:featuredmedia":[{"embeddable":true,"href":"https:\/\/blogit.lab.fi\/labfocus\/wp-json\/wp\/v2\/media\/11071"}],"wp:attachment":[{"href":"https:\/\/blogit.lab.fi\/labfocus\/wp-json\/wp\/v2\/media?parent=11069"}],"wp:term":[{"taxonomy":"category","embeddable":true,"href":"https:\/\/blogit.lab.fi\/labfocus\/wp-json\/wp\/v2\/categories?post=11069"},{"taxonomy":"post_tag","embeddable":true,"href":"https:\/\/blogit.lab.fi\/labfocus\/wp-json\/wp\/v2\/tags?post=11069"}],"curies":[{"name":"wp","href":"https:\/\/api.w.org\/{rel}","templated":true}]}}