{"id":1152,"date":"2020-05-27T13:24:30","date_gmt":"2020-05-27T10:24:30","guid":{"rendered":"https:\/\/blogit.lab.fi\/labfocus\/?p=1152"},"modified":"2025-04-16T08:45:14","modified_gmt":"2025-04-16T05:45:14","slug":"terveytta-voi-edistaa-digitaalisestikin","status":"publish","type":"post","link":"https:\/\/blogit.lab.fi\/labfocus\/terveytta-voi-edistaa-digitaalisestikin\/","title":{"rendered":"Terveytt\u00e4 voi edist\u00e4\u00e4 digitaalisestikin"},"content":{"rendered":"\n<p>Terveyden edist\u00e4minen ja sairauksien ennaltaehk\u00e4isy ovat kustannustehokkaita tapoja parantaa sek\u00e4 kansanterveytt\u00e4 ett\u00e4 kansantaloutta (STM 2019; THL 2019). Digitaalisilla terveydenedist\u00e4mismenetelmill\u00e4, kuten mobiilisovelluksilla ja verkkoalustoilla, on tutkitusti vaikutusta k\u00e4ytt\u00e4j\u00e4ns\u00e4 terveydelle, ja ne toimivat oivallisina apuv\u00e4linein\u00e4 el\u00e4m\u00e4ntapamuutoksessa ja terveydentilan seurannassa.<strong> <\/strong>Terveysk\u00e4ytt\u00e4ytymisen muutokseen, kuten liikunnan lis\u00e4\u00e4miseen tai tupakoinnin lopettamiseen, t\u00e4ht\u00e4\u00e4vi\u00e4 digipalveluita on maailmanlaajuisesti k\u00e4yt\u00f6ss\u00e4 jo satojatuhansia. (Walsh &amp; Groarke 2019; Marcolino ym. 2018.)<\/p>\n\n\n\n<p><a href=\"http:\/\/urn.fi\/URN:NBN:fi:amk-202005149110\">Palosen (2020) YAMK-opinn\u00e4ytety\u00f6ss\u00e4<\/a>&nbsp;<strong> s<\/strong>elvitettiin, miten yksil\u00f6n el\u00e4m\u00e4ntapoja voidaan parantaa digitaalisen palvelun avulla, millaisia ohjelmia on olemassa ja miten ne vaikuttavat. Kirjallisuuskatsauksen tulokset osoittavat, ett\u00e4 asiakasl\u00e4ht\u00f6iset digitaaliset terveyspalvelut edist\u00e4v\u00e4t terveytt\u00e4 ja vahvistavat kansalaisen vastuunottoa omasta terveydest\u00e4\u00e4n lis\u00e4\u00e4m\u00e4ll\u00e4 tietoa ja tietoisuutta sek\u00e4 vahvistamalla yksil\u00f6n voimaantumista ja autonomiaa. Digitaalisilla palveluilla on siis loistava potentiaali suomalaisten terveyden edist\u00e4misess\u00e4, mutta nykytilanteessa j\u00e4\u00e4 paljon tietoa hy\u00f6dynt\u00e4m\u00e4tt\u00e4.<\/p>\n\n\n\n<h2 class=\"wp-block-heading\"><strong>Terveysdata on toistaiseksi hy\u00f6dynt\u00e4m\u00e4t\u00f6n potentiaali<\/strong><\/h2>\n\n\n\n<p>Tutkimusten mukaan omien arvojen sek\u00e4 mittausten seuraaminen (Kuva 1) edist\u00e4\u00e4 terveytt\u00e4 ja vahvistaa hallinnan tunnetta sek\u00e4 vastuunottoa omasta terveydest\u00e4 (Burns ym. 2019; Rozenblum ym. 2015, 13). Yksitt\u00e4iset sovellukset ja laitteet ker\u00e4\u00e4v\u00e4t k\u00e4ytt\u00e4j\u00e4st\u00e4\u00e4n jo nyt valtavia m\u00e4\u00e4ri\u00e4 terveysdataa, kuten aktiivisuus- tai unitietoja, joita voitaisiin hy\u00f6dynt\u00e4\u00e4 my\u00f6s terveydenhuollossa. Esimerkiksi ty\u00f6terveystarkastuksessa voitaisi k\u00e4sitell\u00e4 \u00e4lykellon seuraamaa unen laatua ja tunnistaa ongelmia jo varhaisessa vaiheessa. Kanta-palveluiden Omatietovarantoon voi jo tallentaa esimerkiksi verenpainearvojaan, mutta lains\u00e4\u00e4d\u00e4nt\u00f6 ei viel\u00e4 salli tietojen jakamista terveydenhuoltoon. Uutta lakia kuitenkin valmistellaan. (Kanta-palvelut 2020, Kanta-palvelut 2019.)<\/p>\n\n\n\n<p>Tulevaisuudessa kansalainen voi halutessaan luovuttaa tietojaan terveydenhuollon k\u00e4ytt\u00f6\u00f6n. Kansallista terveystietovarantoa voisi, suostumus ja tietosuoja huomioiden, hy\u00f6dynt\u00e4\u00e4 tutkimuksessa, tietojohtamisessa ja uusien innovaatioiden rakentamisessa. Valtakunnallinen digitaalinen terveyden edist\u00e4minen edellytt\u00e4\u00e4kin kokonaisvaltaista asiakasl\u00e4ht\u00f6ist\u00e4 uudistamista, laeista ja rakenteista l\u00e4htien. (Terveyden tekij\u00e4t 2019).<\/p>\n\n\n\n<figure class=\"wp-block-image size-large\"><img loading=\"lazy\" decoding=\"async\" width=\"1024\" height=\"575\" src=\"https:\/\/blogit.lab.fi\/labfocus\/wp-content\/uploads\/sites\/8\/2020\/05\/0_2020_terveytt\u00e4-voi-edist\u00e4\u00e4-digitaalisestikin-1024x575.jpg\" alt=\"\" class=\"wp-image-1176\" srcset=\"https:\/\/blogit.lab.fi\/labfocus\/wp-content\/uploads\/sites\/8\/2020\/05\/0_2020_terveytt\u00e4-voi-edist\u00e4\u00e4-digitaalisestikin-1024x575.jpg 1024w, https:\/\/blogit.lab.fi\/labfocus\/wp-content\/uploads\/sites\/8\/2020\/05\/0_2020_terveytt\u00e4-voi-edist\u00e4\u00e4-digitaalisestikin-300x169.jpg 300w, https:\/\/blogit.lab.fi\/labfocus\/wp-content\/uploads\/sites\/8\/2020\/05\/0_2020_terveytt\u00e4-voi-edist\u00e4\u00e4-digitaalisestikin-768x432.jpg 768w, https:\/\/blogit.lab.fi\/labfocus\/wp-content\/uploads\/sites\/8\/2020\/05\/0_2020_terveytt\u00e4-voi-edist\u00e4\u00e4-digitaalisestikin-1536x863.jpg 1536w, https:\/\/blogit.lab.fi\/labfocus\/wp-content\/uploads\/sites\/8\/2020\/05\/0_2020_terveytt\u00e4-voi-edist\u00e4\u00e4-digitaalisestikin-1110x624.jpg 1110w, https:\/\/blogit.lab.fi\/labfocus\/wp-content\/uploads\/sites\/8\/2020\/05\/0_2020_terveytt\u00e4-voi-edist\u00e4\u00e4-digitaalisestikin-528x297.jpg 528w, https:\/\/blogit.lab.fi\/labfocus\/wp-content\/uploads\/sites\/8\/2020\/05\/0_2020_terveytt\u00e4-voi-edist\u00e4\u00e4-digitaalisestikin.jpg 1600w\" sizes=\"auto, (max-width: 1024px) 100vw, 1024px\" \/><figcaption>  Kuva 1. Muun muassa t\u00e4llaisia terveyssovelluksia l\u00f6ytyy Google Play -kaupasta toukokuussa 2020 (Palonen 2020).  <\/figcaption><\/figure>\n\n\n\n<p style=\"background-color:#b3edfb\" class=\"has-background\"> Kirjoittajat <br><br><strong>Veera Palonen<\/strong> on s\u00e4hk\u00f6isist\u00e4 terveyspalveluista kiinnostunut, pian valmistuva sairaanhoitaja YAMK sosiaali- ja terveysalan digitalisaatio ja liiketoimintaosaaminen -koulutusohjelmasta.<br><br><strong>P\u00e4ivikki Lahtinen<\/strong> on LAB-ammattikorkeakoulun lehtori, joka on toiminut opinn\u00e4ytety\u00f6n ohjaajana.<\/p>\n\n\n\n<h3 class=\"wp-block-heading\">L\u00e4hteet<\/h3>\n\n\n\n<p>Burns, K., Mcbride, CA., Patel, B., Fitzgerald,\nG., Mathews, S. &amp; Drennan, J. 2019. Creating Consumer-Generated Health\nData: Interviews and a Pilot Trial Exploring How and Why Patients Engage. Journal of Medical Internet Research\n2019. Vol.21 (6): e12367. [Viitattu 11.5.2019]. Saatavissa: &lt;<a href=\"https:\/\/www.jmir.org\/2019\/6\/e12367\/\">https:\/\/www.jmir.org\/2019\/6\/e12367\/<\/a>&gt;<\/p>\n\n\n\n<p>Kanta-palvelut. 2019. Mit\u00e4\nKanta-palvelut ovat? [Viitattu 11.5.2020]. Saatavissa: &lt;<a href=\"https:\/\/www.kanta.fi\/mita-kanta-palvelut-ovat\">https:\/\/www.kanta.fi\/mita-kanta-palvelut-ovat<\/a>&gt;<\/p>\n\n\n\n<p>Kanta-palvelut. 2020.\nOmatietovaranto [Viitattu 11.5.2020]. Saatavissa: &lt;<a href=\"https:\/\/www.kanta.fi\/ammattilaiset\/omatietovaranto\">https:\/\/www.kanta.fi\/ammattilaiset\/omatietovaranto<\/a>&gt;<\/p>\n\n\n\n<p>Marcolino, MS., Oliveira, JAQ.,\nD&#8217;Agostino, M., Ribeiro, AL., Alkmim, MBM. &amp; Novillo-Ortiz, D. 2018. The Impact of mHealth Interventions:\nSystematic Review of Systematic Reviews. JMIR Mhealth and Uhealth\n2018;6(1):e23. [Viitattu 11.5.2019]. Saatavissa: &lt;<a href=\"https:\/\/mhealth.jmir.org\/2018\/1\/e23\/\">https:\/\/mhealth.jmir.org\/2018\/1\/e23\/<\/a>\n&gt;<\/p>\n\n\n\n<p>Palonen, V. 2020. Terveysk\u00e4ytt\u00e4ytymisen tukeminen s\u00e4hk\u00f6isen\nterveyspalvelun keinoin. Integroiva kirjallisuuskatsaus. YAMK-opinn\u00e4ytety\u00f6.\nLAB-ammattikorkeakoulu. [Viitattu 13.5.2019]. Saatavissa: &lt;<a href=\"http:\/\/urn.fi\/URN:NBN:fi:amk-202005149110\">http:\/\/urn.fi\/URN:NBN:fi:amk-202005149110<\/a>&gt;<\/p>\n\n\n\n<p>Rozenblum, R. Miller, P., Pearson, D. &amp;\nMarelli, A. 2015. Patient-centered healthcare, patient engagement and health\ninformation technology: the perfect storm. Teoksessa: Grando, M. A., Rozenblum,\nR. &amp; Bates, D. W. Information technology for patient empowerment in healthcare.\nBerliini, Saksa: Walter de Gruyter inc.<\/p>\n\n\n\n<p>Sosiaali- ja terveysministeri\u00f6.\n2019. Terveyden edist\u00e4minen [Viitattu 11.5.2020]. Saatavissa: &lt;<a href=\"https:\/\/stm.fi\/terveyden-edistaminen\">https:\/\/stm.fi\/terveyden-edistaminen<\/a>&gt;<\/p>\n\n\n\n<p>Terveyden ja hyvinvoinnin\nlaitos. 2019. Kansantaudit. Yleistietoa kansantaudeista [Viitattu 11.5.2020].\nSaatavissa: &lt;<a href=\"https:\/\/thl.fi\/fi\/web\/kansantaudit\/yleistietoa-kansantaudeista\">https:\/\/thl.fi\/fi\/web\/kansantaudit\/yleistietoa-kansantaudeista<\/a>&gt;<\/p>\n\n\n\n<p>Terveyden tekij\u00e4t. 2019.\nElinkeinoel\u00e4m\u00e4n keskusliitto EK, L\u00e4\u00e4keteollisuus ry, Terveysteknologia ry,\nHyvinvointiala HALI ry, L\u00e4\u00e4k\u00e4ripalveluyritykset ry ja Sailab \u2013 MedTech Finland\nry [Viitattu 11.5.2020]. Saatavissa: &lt;<a href=\"https:\/\/ek.fi\/wp-content\/uploads\/Terveyden_tekijat_raportti_FINAL_ok.pdf\">https:\/\/ek.fi\/wp-content\/uploads\/Terveyden_tekijat_raportti_FINAL_ok.pdf<\/a>&gt;<\/p>\n\n\n\n<p>Walsh, JC.\n&amp; Groarke, JM. 2019. Integrating Behavioral Science With Mobile (mHealth)\nTechnology to Optimize Health Behavior Change Interventions. Hogrefe\nPublishing. European Psychologist 2019. 24, 38-48. [Viitattu 11.5.2020].\nSaatavissa: &lt;<a href=\"https:\/\/doi.org\/10.1027\/1016-9040\/a000351\">https:\/\/doi.org\/10.1027\/1016-9040\/a000351<\/a>&gt;&nbsp; <\/p>\n","protected":false},"excerpt":{"rendered":"<p>Terveyden edist\u00e4minen ja sairauksien ennaltaehk\u00e4isy ovat kustannustehokkaita tapoja parantaa sek\u00e4 kansanterveytt\u00e4 ett\u00e4 kansantaloutta (STM 2019; THL 2019). Digitaalisilla terveydenedist\u00e4mismenetelmill\u00e4, kuten mobiilisovelluksilla ja verkkoalustoilla, on tutkitusti vaikutusta k\u00e4ytt\u00e4j\u00e4ns\u00e4 terveydelle, ja ne toimivat oivallisina apuv\u00e4linein\u00e4 el\u00e4m\u00e4ntapamuutoksessa ja terveydentilan seurannassa. Terveysk\u00e4ytt\u00e4ytymisen muutokseen, kuten liikunnan lis\u00e4\u00e4miseen tai tupakoinnin lopettamiseen, t\u00e4ht\u00e4\u00e4vi\u00e4 digipalveluita on maailmanlaajuisesti k\u00e4yt\u00f6ss\u00e4 jo satojatuhansia. (Walsh &amp; Groarke [&hellip;]<\/p>\n","protected":false},"author":9,"featured_media":1176,"comment_status":"open","ping_status":"open","sticky":false,"template":"","format":"standard","meta":{"footnotes":""},"categories":[15],"tags":[29,597,596,598],"class_list":{"0":"post-1152","1":"post","2":"type-post","3":"status-publish","4":"format-standard","5":"has-post-thumbnail","7":"category-health_fi","8":"tag-artikkeli-e1","9":"tag-digitaaliset-terveyspalvelut","10":"tag-terveyden-edistaminen","11":"tag-terveyden-seuranta","12":"czr-hentry"},"yoast_head":"<!-- This site is optimized with the Yoast SEO plugin v27.5 - https:\/\/yoast.com\/product\/yoast-seo-wordpress\/ -->\n<title>Terveytt\u00e4 voi edist\u00e4\u00e4 digitaalisestikin - LAB Focus<\/title>\n<meta name=\"robots\" content=\"index, follow, max-snippet:-1, max-image-preview:large, max-video-preview:-1\" \/>\n<link rel=\"canonical\" href=\"https:\/\/blogit.lab.fi\/labfocus\/terveytta-voi-edistaa-digitaalisestikin\/\" \/>\n<meta property=\"og:locale\" content=\"fi_FI\" \/>\n<meta property=\"og:type\" content=\"article\" \/>\n<meta property=\"og:title\" content=\"Terveytt\u00e4 voi edist\u00e4\u00e4 digitaalisestikin - LAB Focus\" \/>\n<meta property=\"og:description\" content=\"Terveyden edist\u00e4minen ja sairauksien ennaltaehk\u00e4isy ovat kustannustehokkaita tapoja parantaa sek\u00e4 kansanterveytt\u00e4 ett\u00e4 kansantaloutta (STM 2019; THL 2019). Digitaalisilla terveydenedist\u00e4mismenetelmill\u00e4, kuten mobiilisovelluksilla ja verkkoalustoilla, on tutkitusti vaikutusta k\u00e4ytt\u00e4j\u00e4ns\u00e4 terveydelle, ja ne toimivat oivallisina apuv\u00e4linein\u00e4 el\u00e4m\u00e4ntapamuutoksessa ja terveydentilan seurannassa. Terveysk\u00e4ytt\u00e4ytymisen muutokseen, kuten liikunnan lis\u00e4\u00e4miseen tai tupakoinnin lopettamiseen, t\u00e4ht\u00e4\u00e4vi\u00e4 digipalveluita on maailmanlaajuisesti k\u00e4yt\u00f6ss\u00e4 jo satojatuhansia. (Walsh &amp; Groarke [&hellip;]\" \/>\n<meta property=\"og:url\" content=\"https:\/\/blogit.lab.fi\/labfocus\/terveytta-voi-edistaa-digitaalisestikin\/\" \/>\n<meta property=\"og:site_name\" content=\"LAB Focus\" \/>\n<meta property=\"article:published_time\" content=\"2020-05-27T10:24:30+00:00\" \/>\n<meta property=\"article:modified_time\" content=\"2025-04-16T05:45:14+00:00\" \/>\n<meta property=\"og:image\" content=\"https:\/\/blogit.lab.fi\/labfocus\/wp-content\/uploads\/sites\/8\/2020\/05\/0_2020_terveytt\u00e4-voi-edist\u00e4\u00e4-digitaalisestikin.jpg\" \/>\n\t<meta property=\"og:image:width\" content=\"1600\" \/>\n\t<meta property=\"og:image:height\" content=\"899\" \/>\n\t<meta property=\"og:image:type\" content=\"image\/jpeg\" \/>\n<meta name=\"author\" content=\"anniinahar\" \/>\n<meta name=\"twitter:card\" content=\"summary_large_image\" \/>\n<meta name=\"twitter:creator\" content=\"@LABfinland\" \/>\n<meta name=\"twitter:site\" content=\"@LABfinland\" \/>\n<meta name=\"twitter:label1\" content=\"Kirjoittanut\" \/>\n\t<meta name=\"twitter:data1\" content=\"anniinahar\" \/>\n\t<meta name=\"twitter:label2\" content=\"Arvioitu lukuaika\" \/>\n\t<meta name=\"twitter:data2\" content=\"4 minuuttia\" \/>\n<script type=\"application\/ld+json\" class=\"yoast-schema-graph\">{\"@context\":\"https:\\\/\\\/schema.org\",\"@graph\":[{\"@type\":\"Article\",\"@id\":\"https:\\\/\\\/blogit.lab.fi\\\/labfocus\\\/terveytta-voi-edistaa-digitaalisestikin\\\/#article\",\"isPartOf\":{\"@id\":\"https:\\\/\\\/blogit.lab.fi\\\/labfocus\\\/terveytta-voi-edistaa-digitaalisestikin\\\/\"},\"author\":{\"name\":\"anniinahar\",\"@id\":\"https:\\\/\\\/blogit.lab.fi\\\/labfocus\\\/#\\\/schema\\\/person\\\/ffd2011d171b67ec63a881aabd314a78\"},\"headline\":\"Terveytt\u00e4 voi edist\u00e4\u00e4 digitaalisestikin\",\"datePublished\":\"2020-05-27T10:24:30+00:00\",\"dateModified\":\"2025-04-16T05:45:14+00:00\",\"mainEntityOfPage\":{\"@id\":\"https:\\\/\\\/blogit.lab.fi\\\/labfocus\\\/terveytta-voi-edistaa-digitaalisestikin\\\/\"},\"wordCount\":627,\"commentCount\":0,\"publisher\":{\"@id\":\"https:\\\/\\\/blogit.lab.fi\\\/labfocus\\\/#organization\"},\"image\":{\"@id\":\"https:\\\/\\\/blogit.lab.fi\\\/labfocus\\\/terveytta-voi-edistaa-digitaalisestikin\\\/#primaryimage\"},\"thumbnailUrl\":\"https:\\\/\\\/blogit.lab.fi\\\/labfocus\\\/wp-content\\\/uploads\\\/sites\\\/8\\\/2020\\\/05\\\/0_2020_terveytt\u00e4-voi-edist\u00e4\u00e4-digitaalisestikin.jpg\",\"keywords\":[\"Artikkeli E1\",\"Digitaaliset terveyspalvelut\",\"Terveyden edist\u00e4minen\",\"Terveyden seuranta\"],\"articleSection\":[\"Health\"],\"inLanguage\":\"fi\",\"potentialAction\":[{\"@type\":\"CommentAction\",\"name\":\"Comment\",\"target\":[\"https:\\\/\\\/blogit.lab.fi\\\/labfocus\\\/terveytta-voi-edistaa-digitaalisestikin\\\/#respond\"]}]},{\"@type\":\"WebPage\",\"@id\":\"https:\\\/\\\/blogit.lab.fi\\\/labfocus\\\/terveytta-voi-edistaa-digitaalisestikin\\\/\",\"url\":\"https:\\\/\\\/blogit.lab.fi\\\/labfocus\\\/terveytta-voi-edistaa-digitaalisestikin\\\/\",\"name\":\"Terveytt\u00e4 voi edist\u00e4\u00e4 digitaalisestikin - LAB Focus\",\"isPartOf\":{\"@id\":\"https:\\\/\\\/blogit.lab.fi\\\/labfocus\\\/#website\"},\"primaryImageOfPage\":{\"@id\":\"https:\\\/\\\/blogit.lab.fi\\\/labfocus\\\/terveytta-voi-edistaa-digitaalisestikin\\\/#primaryimage\"},\"image\":{\"@id\":\"https:\\\/\\\/blogit.lab.fi\\\/labfocus\\\/terveytta-voi-edistaa-digitaalisestikin\\\/#primaryimage\"},\"thumbnailUrl\":\"https:\\\/\\\/blogit.lab.fi\\\/labfocus\\\/wp-content\\\/uploads\\\/sites\\\/8\\\/2020\\\/05\\\/0_2020_terveytt\u00e4-voi-edist\u00e4\u00e4-digitaalisestikin.jpg\",\"datePublished\":\"2020-05-27T10:24:30+00:00\",\"dateModified\":\"2025-04-16T05:45:14+00:00\",\"breadcrumb\":{\"@id\":\"https:\\\/\\\/blogit.lab.fi\\\/labfocus\\\/terveytta-voi-edistaa-digitaalisestikin\\\/#breadcrumb\"},\"inLanguage\":\"fi\",\"potentialAction\":[{\"@type\":\"ReadAction\",\"target\":[\"https:\\\/\\\/blogit.lab.fi\\\/labfocus\\\/terveytta-voi-edistaa-digitaalisestikin\\\/\"]}]},{\"@type\":\"ImageObject\",\"inLanguage\":\"fi\",\"@id\":\"https:\\\/\\\/blogit.lab.fi\\\/labfocus\\\/terveytta-voi-edistaa-digitaalisestikin\\\/#primaryimage\",\"url\":\"https:\\\/\\\/blogit.lab.fi\\\/labfocus\\\/wp-content\\\/uploads\\\/sites\\\/8\\\/2020\\\/05\\\/0_2020_terveytt\u00e4-voi-edist\u00e4\u00e4-digitaalisestikin.jpg\",\"contentUrl\":\"https:\\\/\\\/blogit.lab.fi\\\/labfocus\\\/wp-content\\\/uploads\\\/sites\\\/8\\\/2020\\\/05\\\/0_2020_terveytt\u00e4-voi-edist\u00e4\u00e4-digitaalisestikin.jpg\",\"width\":1600,\"height\":899},{\"@type\":\"BreadcrumbList\",\"@id\":\"https:\\\/\\\/blogit.lab.fi\\\/labfocus\\\/terveytta-voi-edistaa-digitaalisestikin\\\/#breadcrumb\",\"itemListElement\":[{\"@type\":\"ListItem\",\"position\":1,\"name\":\"Home\",\"item\":\"https:\\\/\\\/blogit.lab.fi\\\/labfocus\\\/\"},{\"@type\":\"ListItem\",\"position\":2,\"name\":\"Terveytt\u00e4 voi edist\u00e4\u00e4 digitaalisestikin\"}]},{\"@type\":\"WebSite\",\"@id\":\"https:\\\/\\\/blogit.lab.fi\\\/labfocus\\\/#website\",\"url\":\"https:\\\/\\\/blogit.lab.fi\\\/labfocus\\\/\",\"name\":\"LAB Focus\",\"description\":\"Focus Area blog | LAB University of Applied Sciences\",\"publisher\":{\"@id\":\"https:\\\/\\\/blogit.lab.fi\\\/labfocus\\\/#organization\"},\"potentialAction\":[{\"@type\":\"SearchAction\",\"target\":{\"@type\":\"EntryPoint\",\"urlTemplate\":\"https:\\\/\\\/blogit.lab.fi\\\/labfocus\\\/?s={search_term_string}\"},\"query-input\":{\"@type\":\"PropertyValueSpecification\",\"valueRequired\":true,\"valueName\":\"search_term_string\"}}],\"inLanguage\":\"fi\"},{\"@type\":\"Organization\",\"@id\":\"https:\\\/\\\/blogit.lab.fi\\\/labfocus\\\/#organization\",\"name\":\"LAB Focus\",\"url\":\"https:\\\/\\\/blogit.lab.fi\\\/labfocus\\\/\",\"logo\":{\"@type\":\"ImageObject\",\"inLanguage\":\"fi\",\"@id\":\"https:\\\/\\\/blogit.lab.fi\\\/labfocus\\\/#\\\/schema\\\/logo\\\/image\\\/\",\"url\":\"https:\\\/\\\/blogit.lab.fi\\\/labfocus\\\/wp-content\\\/uploads\\\/sites\\\/8\\\/2020\\\/04\\\/cropped-cropped-tunnus_blogi-01.png\",\"contentUrl\":\"https:\\\/\\\/blogit.lab.fi\\\/labfocus\\\/wp-content\\\/uploads\\\/sites\\\/8\\\/2020\\\/04\\\/cropped-cropped-tunnus_blogi-01.png\",\"width\":1342,\"height\":288,\"caption\":\"LAB Focus\"},\"image\":{\"@id\":\"https:\\\/\\\/blogit.lab.fi\\\/labfocus\\\/#\\\/schema\\\/logo\\\/image\\\/\"},\"sameAs\":[\"https:\\\/\\\/x.com\\\/LABfinland\"]},{\"@type\":\"Person\",\"@id\":\"https:\\\/\\\/blogit.lab.fi\\\/labfocus\\\/#\\\/schema\\\/person\\\/ffd2011d171b67ec63a881aabd314a78\",\"name\":\"anniinahar\",\"image\":{\"@type\":\"ImageObject\",\"inLanguage\":\"fi\",\"@id\":\"https:\\\/\\\/secure.gravatar.com\\\/avatar\\\/a3f0fc52bbe429cfd5795e4b2039590fcb0d61a1dad5f14a308893d1b49ed80e?s=96&d=mm&r=g\",\"url\":\"https:\\\/\\\/secure.gravatar.com\\\/avatar\\\/a3f0fc52bbe429cfd5795e4b2039590fcb0d61a1dad5f14a308893d1b49ed80e?s=96&d=mm&r=g\",\"contentUrl\":\"https:\\\/\\\/secure.gravatar.com\\\/avatar\\\/a3f0fc52bbe429cfd5795e4b2039590fcb0d61a1dad5f14a308893d1b49ed80e?s=96&d=mm&r=g\",\"caption\":\"anniinahar\"},\"url\":\"https:\\\/\\\/blogit.lab.fi\\\/labfocus\\\/author\\\/anniinahar\\\/\"}]}<\/script>\n<!-- \/ Yoast SEO plugin. -->","yoast_head_json":{"title":"Terveytt\u00e4 voi edist\u00e4\u00e4 digitaalisestikin - LAB Focus","robots":{"index":"index","follow":"follow","max-snippet":"max-snippet:-1","max-image-preview":"max-image-preview:large","max-video-preview":"max-video-preview:-1"},"canonical":"https:\/\/blogit.lab.fi\/labfocus\/terveytta-voi-edistaa-digitaalisestikin\/","og_locale":"fi_FI","og_type":"article","og_title":"Terveytt\u00e4 voi edist\u00e4\u00e4 digitaalisestikin - LAB Focus","og_description":"Terveyden edist\u00e4minen ja sairauksien ennaltaehk\u00e4isy ovat kustannustehokkaita tapoja parantaa sek\u00e4 kansanterveytt\u00e4 ett\u00e4 kansantaloutta (STM 2019; THL 2019). Digitaalisilla terveydenedist\u00e4mismenetelmill\u00e4, kuten mobiilisovelluksilla ja verkkoalustoilla, on tutkitusti vaikutusta k\u00e4ytt\u00e4j\u00e4ns\u00e4 terveydelle, ja ne toimivat oivallisina apuv\u00e4linein\u00e4 el\u00e4m\u00e4ntapamuutoksessa ja terveydentilan seurannassa. Terveysk\u00e4ytt\u00e4ytymisen muutokseen, kuten liikunnan lis\u00e4\u00e4miseen tai tupakoinnin lopettamiseen, t\u00e4ht\u00e4\u00e4vi\u00e4 digipalveluita on maailmanlaajuisesti k\u00e4yt\u00f6ss\u00e4 jo satojatuhansia. (Walsh &amp; Groarke [&hellip;]","og_url":"https:\/\/blogit.lab.fi\/labfocus\/terveytta-voi-edistaa-digitaalisestikin\/","og_site_name":"LAB Focus","article_published_time":"2020-05-27T10:24:30+00:00","article_modified_time":"2025-04-16T05:45:14+00:00","og_image":[{"width":1600,"height":899,"url":"https:\/\/blogit.lab.fi\/labfocus\/wp-content\/uploads\/sites\/8\/2020\/05\/0_2020_terveytt\u00e4-voi-edist\u00e4\u00e4-digitaalisestikin.jpg","type":"image\/jpeg"}],"author":"anniinahar","twitter_card":"summary_large_image","twitter_creator":"@LABfinland","twitter_site":"@LABfinland","twitter_misc":{"Kirjoittanut":"anniinahar","Arvioitu lukuaika":"4 minuuttia"},"schema":{"@context":"https:\/\/schema.org","@graph":[{"@type":"Article","@id":"https:\/\/blogit.lab.fi\/labfocus\/terveytta-voi-edistaa-digitaalisestikin\/#article","isPartOf":{"@id":"https:\/\/blogit.lab.fi\/labfocus\/terveytta-voi-edistaa-digitaalisestikin\/"},"author":{"name":"anniinahar","@id":"https:\/\/blogit.lab.fi\/labfocus\/#\/schema\/person\/ffd2011d171b67ec63a881aabd314a78"},"headline":"Terveytt\u00e4 voi edist\u00e4\u00e4 digitaalisestikin","datePublished":"2020-05-27T10:24:30+00:00","dateModified":"2025-04-16T05:45:14+00:00","mainEntityOfPage":{"@id":"https:\/\/blogit.lab.fi\/labfocus\/terveytta-voi-edistaa-digitaalisestikin\/"},"wordCount":627,"commentCount":0,"publisher":{"@id":"https:\/\/blogit.lab.fi\/labfocus\/#organization"},"image":{"@id":"https:\/\/blogit.lab.fi\/labfocus\/terveytta-voi-edistaa-digitaalisestikin\/#primaryimage"},"thumbnailUrl":"https:\/\/blogit.lab.fi\/labfocus\/wp-content\/uploads\/sites\/8\/2020\/05\/0_2020_terveytt\u00e4-voi-edist\u00e4\u00e4-digitaalisestikin.jpg","keywords":["Artikkeli E1","Digitaaliset terveyspalvelut","Terveyden edist\u00e4minen","Terveyden seuranta"],"articleSection":["Health"],"inLanguage":"fi","potentialAction":[{"@type":"CommentAction","name":"Comment","target":["https:\/\/blogit.lab.fi\/labfocus\/terveytta-voi-edistaa-digitaalisestikin\/#respond"]}]},{"@type":"WebPage","@id":"https:\/\/blogit.lab.fi\/labfocus\/terveytta-voi-edistaa-digitaalisestikin\/","url":"https:\/\/blogit.lab.fi\/labfocus\/terveytta-voi-edistaa-digitaalisestikin\/","name":"Terveytt\u00e4 voi edist\u00e4\u00e4 digitaalisestikin - LAB Focus","isPartOf":{"@id":"https:\/\/blogit.lab.fi\/labfocus\/#website"},"primaryImageOfPage":{"@id":"https:\/\/blogit.lab.fi\/labfocus\/terveytta-voi-edistaa-digitaalisestikin\/#primaryimage"},"image":{"@id":"https:\/\/blogit.lab.fi\/labfocus\/terveytta-voi-edistaa-digitaalisestikin\/#primaryimage"},"thumbnailUrl":"https:\/\/blogit.lab.fi\/labfocus\/wp-content\/uploads\/sites\/8\/2020\/05\/0_2020_terveytt\u00e4-voi-edist\u00e4\u00e4-digitaalisestikin.jpg","datePublished":"2020-05-27T10:24:30+00:00","dateModified":"2025-04-16T05:45:14+00:00","breadcrumb":{"@id":"https:\/\/blogit.lab.fi\/labfocus\/terveytta-voi-edistaa-digitaalisestikin\/#breadcrumb"},"inLanguage":"fi","potentialAction":[{"@type":"ReadAction","target":["https:\/\/blogit.lab.fi\/labfocus\/terveytta-voi-edistaa-digitaalisestikin\/"]}]},{"@type":"ImageObject","inLanguage":"fi","@id":"https:\/\/blogit.lab.fi\/labfocus\/terveytta-voi-edistaa-digitaalisestikin\/#primaryimage","url":"https:\/\/blogit.lab.fi\/labfocus\/wp-content\/uploads\/sites\/8\/2020\/05\/0_2020_terveytt\u00e4-voi-edist\u00e4\u00e4-digitaalisestikin.jpg","contentUrl":"https:\/\/blogit.lab.fi\/labfocus\/wp-content\/uploads\/sites\/8\/2020\/05\/0_2020_terveytt\u00e4-voi-edist\u00e4\u00e4-digitaalisestikin.jpg","width":1600,"height":899},{"@type":"BreadcrumbList","@id":"https:\/\/blogit.lab.fi\/labfocus\/terveytta-voi-edistaa-digitaalisestikin\/#breadcrumb","itemListElement":[{"@type":"ListItem","position":1,"name":"Home","item":"https:\/\/blogit.lab.fi\/labfocus\/"},{"@type":"ListItem","position":2,"name":"Terveytt\u00e4 voi edist\u00e4\u00e4 digitaalisestikin"}]},{"@type":"WebSite","@id":"https:\/\/blogit.lab.fi\/labfocus\/#website","url":"https:\/\/blogit.lab.fi\/labfocus\/","name":"LAB Focus","description":"Focus Area blog | LAB University of Applied Sciences","publisher":{"@id":"https:\/\/blogit.lab.fi\/labfocus\/#organization"},"potentialAction":[{"@type":"SearchAction","target":{"@type":"EntryPoint","urlTemplate":"https:\/\/blogit.lab.fi\/labfocus\/?s={search_term_string}"},"query-input":{"@type":"PropertyValueSpecification","valueRequired":true,"valueName":"search_term_string"}}],"inLanguage":"fi"},{"@type":"Organization","@id":"https:\/\/blogit.lab.fi\/labfocus\/#organization","name":"LAB Focus","url":"https:\/\/blogit.lab.fi\/labfocus\/","logo":{"@type":"ImageObject","inLanguage":"fi","@id":"https:\/\/blogit.lab.fi\/labfocus\/#\/schema\/logo\/image\/","url":"https:\/\/blogit.lab.fi\/labfocus\/wp-content\/uploads\/sites\/8\/2020\/04\/cropped-cropped-tunnus_blogi-01.png","contentUrl":"https:\/\/blogit.lab.fi\/labfocus\/wp-content\/uploads\/sites\/8\/2020\/04\/cropped-cropped-tunnus_blogi-01.png","width":1342,"height":288,"caption":"LAB Focus"},"image":{"@id":"https:\/\/blogit.lab.fi\/labfocus\/#\/schema\/logo\/image\/"},"sameAs":["https:\/\/x.com\/LABfinland"]},{"@type":"Person","@id":"https:\/\/blogit.lab.fi\/labfocus\/#\/schema\/person\/ffd2011d171b67ec63a881aabd314a78","name":"anniinahar","image":{"@type":"ImageObject","inLanguage":"fi","@id":"https:\/\/secure.gravatar.com\/avatar\/a3f0fc52bbe429cfd5795e4b2039590fcb0d61a1dad5f14a308893d1b49ed80e?s=96&d=mm&r=g","url":"https:\/\/secure.gravatar.com\/avatar\/a3f0fc52bbe429cfd5795e4b2039590fcb0d61a1dad5f14a308893d1b49ed80e?s=96&d=mm&r=g","contentUrl":"https:\/\/secure.gravatar.com\/avatar\/a3f0fc52bbe429cfd5795e4b2039590fcb0d61a1dad5f14a308893d1b49ed80e?s=96&d=mm&r=g","caption":"anniinahar"},"url":"https:\/\/blogit.lab.fi\/labfocus\/author\/anniinahar\/"}]}},"_links":{"self":[{"href":"https:\/\/blogit.lab.fi\/labfocus\/wp-json\/wp\/v2\/posts\/1152","targetHints":{"allow":["GET"]}}],"collection":[{"href":"https:\/\/blogit.lab.fi\/labfocus\/wp-json\/wp\/v2\/posts"}],"about":[{"href":"https:\/\/blogit.lab.fi\/labfocus\/wp-json\/wp\/v2\/types\/post"}],"author":[{"embeddable":true,"href":"https:\/\/blogit.lab.fi\/labfocus\/wp-json\/wp\/v2\/users\/9"}],"replies":[{"embeddable":true,"href":"https:\/\/blogit.lab.fi\/labfocus\/wp-json\/wp\/v2\/comments?post=1152"}],"version-history":[{"count":5,"href":"https:\/\/blogit.lab.fi\/labfocus\/wp-json\/wp\/v2\/posts\/1152\/revisions"}],"predecessor-version":[{"id":1177,"href":"https:\/\/blogit.lab.fi\/labfocus\/wp-json\/wp\/v2\/posts\/1152\/revisions\/1177"}],"wp:featuredmedia":[{"embeddable":true,"href":"https:\/\/blogit.lab.fi\/labfocus\/wp-json\/wp\/v2\/media\/1176"}],"wp:attachment":[{"href":"https:\/\/blogit.lab.fi\/labfocus\/wp-json\/wp\/v2\/media?parent=1152"}],"wp:term":[{"taxonomy":"category","embeddable":true,"href":"https:\/\/blogit.lab.fi\/labfocus\/wp-json\/wp\/v2\/categories?post=1152"},{"taxonomy":"post_tag","embeddable":true,"href":"https:\/\/blogit.lab.fi\/labfocus\/wp-json\/wp\/v2\/tags?post=1152"}],"curies":[{"name":"wp","href":"https:\/\/api.w.org\/{rel}","templated":true}]}}