{"id":11621,"date":"2023-01-09T14:38:54","date_gmt":"2023-01-09T12:38:54","guid":{"rendered":"https:\/\/blogit.lab.fi\/labfocus\/?p=11621"},"modified":"2023-01-09T14:38:55","modified_gmt":"2023-01-09T12:38:55","slug":"vastuullista-muutosta-kannattaa-ennakoida","status":"publish","type":"post","link":"https:\/\/blogit.lab.fi\/labfocus\/vastuullista-muutosta-kannattaa-ennakoida\/","title":{"rendered":"Vastuullista muutosta kannattaa ennakoida"},"content":{"rendered":"\n<p>VPKE Vastuullisen palvelu- ja tuotekehityksen ennakointi -hanke (LAB 2022a) sai k\u00e4yt\u00e4nn\u00f6n toimilleen hyv\u00e4n alun 1.12.2022 j\u00e4rjestetyss\u00e4 after work -tapahtumassa. Hankkeen keski\u00f6ss\u00e4 on etel\u00e4karjalaisten yritysten osaamisen lis\u00e4\u00e4minen ymp\u00e4rist\u00f6vastuullisesta palvelu- ja tuotekehitt\u00e4misest\u00e4 asiakkaan n\u00e4k\u00f6kulmasta. Tulevaa muutosta on t\u00e4rke\u00e4\u00e4 ennakoida jo t\u00e4ss\u00e4 vaiheessa, sill\u00e4 sopeutuminen 1,5 asteen l\u00e4mpenemisen aiheuttamiin toimiin on tulevaisuudessa kaikilla yrityksill\u00e4kin edess\u00e4.<\/p>\n\n\n\n<p>VPKE on sisarhanke P\u00e4ij\u00e4t-H\u00e4meen alueella toimivalle Vastuullinen tuote- ja palvelukehitys \u2013 VPK -hankkeelle (LAB 2022b). L\u00e4heinen yhteisty\u00f6 hankkeiden v\u00e4lill\u00e4 mahdollistaa tulosten hy\u00f6dynt\u00e4misen kummallakin alueella ja takaa hankkeiden tuloksina syntyvien t\u00e4ydennyskoulutusten yhteensopivuuden.<\/p>\n\n\n\n<h2 class=\"wp-block-heading\">After workit k\u00e4ynnistiv\u00e4t k\u00e4yt\u00e4nn\u00f6n toimet Etel\u00e4-Karjalassa<\/h2>\n\n\n\n<p>LUT-yliopiston rantasaunalle Lappeenrantaan ker\u00e4\u00e4ntyi joukko yritt\u00e4ji\u00e4, joiden v\u00e4lille muodostui illan aikana hyv\u00e4 yhteishenki. Yritt\u00e4ji\u00e4 oli monialaisesti, ja edustettuina olivat autoala, matkailu, graafinen suunnittelu, sisustussuunnittelu ja virtuaalitodellisuus.<\/p>\n\n\n\n<figure class=\"wp-block-image size-large\"><img loading=\"lazy\" decoding=\"async\" width=\"1024\" height=\"553\" src=\"https:\/\/blogit.lab.fi\/labfocus\/wp-content\/uploads\/sites\/8\/2023\/01\/855_2022_Vastuullista-muutosta-kannattaa-ennakoida_1-1024x553.png\" alt=\"[Alt-teksti: Kaksiosainen kuva. Vasemmalla henkil\u00f6it\u00e4 istumassa pieness\u00e4 seminaarihuoneessa. Oikealla n\u00e4kym\u00e4 talvisesta j\u00e4rvenrannasta h\u00e4m\u00e4r\u00e4ss\u00e4, paljon lunta.]\" class=\"wp-image-11623\" srcset=\"https:\/\/blogit.lab.fi\/labfocus\/wp-content\/uploads\/sites\/8\/2023\/01\/855_2022_Vastuullista-muutosta-kannattaa-ennakoida_1-1024x553.png 1024w, https:\/\/blogit.lab.fi\/labfocus\/wp-content\/uploads\/sites\/8\/2023\/01\/855_2022_Vastuullista-muutosta-kannattaa-ennakoida_1-300x162.png 300w, https:\/\/blogit.lab.fi\/labfocus\/wp-content\/uploads\/sites\/8\/2023\/01\/855_2022_Vastuullista-muutosta-kannattaa-ennakoida_1-768x415.png 768w, https:\/\/blogit.lab.fi\/labfocus\/wp-content\/uploads\/sites\/8\/2023\/01\/855_2022_Vastuullista-muutosta-kannattaa-ennakoida_1-570x308.png 570w, https:\/\/blogit.lab.fi\/labfocus\/wp-content\/uploads\/sites\/8\/2023\/01\/855_2022_Vastuullista-muutosta-kannattaa-ennakoida_1.png 1280w\" sizes=\"auto, (max-width: 1024px) 100vw, 1024px\" \/><figcaption class=\"wp-element-caption\">Kuva 1. After work -tapahtuman tunnelmaa. (Kuva: Antti Tykkyl\u00e4inen)<\/figcaption><\/figure>\n\n\n\n<p><a>Tapahtumassa kuultiin <\/a>ajankohtaista tietoa P\u00e4ij\u00e4t-H\u00e4meest\u00e4; alueen tilanteesta, yritysten motivaatiotekij\u00f6ist\u00e4 ja haasteista. VPK-ty\u00f6pajoista v\u00e4litettiin my\u00f6s tietoa (Kumpulainen 2022). P\u00e4ij\u00e4t-H\u00e4meest\u00e4 saatua tietoa ja kokemusta hy\u00f6dynnet\u00e4\u00e4n nyt tuoreeltaan Etel\u00e4-Karjalan alueen toiminnan k\u00e4ynnistyess\u00e4.<\/p>\n\n\n\n<p>VPKE-hankkeen projektip\u00e4\u00e4llikk\u00f6 Anna Palokangas k\u00e4sitteli ymp\u00e4rist\u00f6vastuullisen ja asiakasl\u00e4ht\u00f6isen palvelu- ja tuotekehitt\u00e4misen ajatusmallia sek\u00e4 tutustutti yritt\u00e4j\u00e4t k\u00e4yt\u00e4nn\u00f6n menetelmiin, joilla voi kehitt\u00e4\u00e4 t\u00e4t\u00e4 monitahoista aihetta. Uusimpana ty\u00f6pohjanaesiteltiin VPK-hankkeessa luotu kaksoissilmukka, joka kuvaa yritysten tuotanto- ja jakelutoiminnan ja toisaalta asiakkaiden toiminnan yhdess\u00e4 muodostamaan systeemi\u00e4 (Palokangas 2022).<\/p>\n\n\n\n<figure class=\"wp-block-image size-large\"><img loading=\"lazy\" decoding=\"async\" width=\"1024\" height=\"583\" src=\"https:\/\/blogit.lab.fi\/labfocus\/wp-content\/uploads\/sites\/8\/2023\/01\/855_2022_Vastuullista-muutosta-kannattaa-ennakoida_2-1024x583.png\" alt=\"[Alt-teksti: Kaksoissilmukan vasemmassa lenkiss\u00e4 on yritys ja oikealla asiakas. N\u00e4iden kahden ymp\u00e4rille ryhmittyy lukuisia muuttujia, kuten tuotanto, myynti, kulkeminen, viestint\u00e4, k\u00e4ytt\u00f6 ja niin edelleen.]\" class=\"wp-image-11624\" srcset=\"https:\/\/blogit.lab.fi\/labfocus\/wp-content\/uploads\/sites\/8\/2023\/01\/855_2022_Vastuullista-muutosta-kannattaa-ennakoida_2-1024x583.png 1024w, https:\/\/blogit.lab.fi\/labfocus\/wp-content\/uploads\/sites\/8\/2023\/01\/855_2022_Vastuullista-muutosta-kannattaa-ennakoida_2-300x171.png 300w, https:\/\/blogit.lab.fi\/labfocus\/wp-content\/uploads\/sites\/8\/2023\/01\/855_2022_Vastuullista-muutosta-kannattaa-ennakoida_2-768x437.png 768w, https:\/\/blogit.lab.fi\/labfocus\/wp-content\/uploads\/sites\/8\/2023\/01\/855_2022_Vastuullista-muutosta-kannattaa-ennakoida_2-570x325.png 570w, https:\/\/blogit.lab.fi\/labfocus\/wp-content\/uploads\/sites\/8\/2023\/01\/855_2022_Vastuullista-muutosta-kannattaa-ennakoida_2.png 1280w\" sizes=\"auto, (max-width: 1024px) 100vw, 1024px\" \/><figcaption class=\"wp-element-caption\">Kuva 2. VPK-projektin kaksoissilmukka. (Kuva: Anna Palokangas)<\/figcaption><\/figure>\n\n\n\n<p>Yritt\u00e4j\u00e4t kokivat alueella tehdyt l\u00e4ht\u00f6tilannehaastattelut mielenkiintoisiksi, ja haastattelujen pohjalta tehdyist\u00e4 sanapilvist\u00e4 annettiin paljon kommentteja. Lopuksi k\u00e4ytiin l\u00e4pi, mit\u00e4 toimenpiteit\u00e4 <a>hankkeella on kev\u00e4\u00e4lle 2023<\/a>. Tulossa on muun muassa pienryhm\u00e4ty\u00f6skentely\u00e4, yritysten toimeksiantojen edist\u00e4mist\u00e4, verkkokurssin sparrausta sek\u00e4 lis\u00e4\u00e4 yritysten haastatteluja.<\/p>\n\n\n\n<p>Esitysten aiheet her\u00e4ttiv\u00e4t osallistujissa runsasta keskustelua, hyv\u00e4\u00e4 haastamista ja paljon kommentointia. Tunnelma rantasaunalla oli rento, yritt\u00e4j\u00e4t kokivat aiheen t\u00e4rke\u00e4ksi ja olivat kiinnostuneita jatkamaan yhdess\u00e4 kehitt\u00e4mist\u00e4.<\/p>\n\n\n\n<figure class=\"wp-block-image size-large\"><img loading=\"lazy\" decoding=\"async\" width=\"1024\" height=\"470\" src=\"https:\/\/blogit.lab.fi\/labfocus\/wp-content\/uploads\/sites\/8\/2023\/01\/855_2022_Vastuullista-muutosta-kannattaa-ennakoida_3-1024x470.png\" alt=\"[Alt-teksti: tietokonen\u00e4yt\u00f6lt\u00e4 kaapattu kuva osallistujien kokoamasta sanapilvest\u00e4, joka sis\u00e4lt\u00e4\u00e4 suurimpina sanat energiatehokkuus, greenrealitys, kotimaisuus ja satokausi.]\" class=\"wp-image-11625\" srcset=\"https:\/\/blogit.lab.fi\/labfocus\/wp-content\/uploads\/sites\/8\/2023\/01\/855_2022_Vastuullista-muutosta-kannattaa-ennakoida_3-1024x470.png 1024w, https:\/\/blogit.lab.fi\/labfocus\/wp-content\/uploads\/sites\/8\/2023\/01\/855_2022_Vastuullista-muutosta-kannattaa-ennakoida_3-300x138.png 300w, https:\/\/blogit.lab.fi\/labfocus\/wp-content\/uploads\/sites\/8\/2023\/01\/855_2022_Vastuullista-muutosta-kannattaa-ennakoida_3-768x352.png 768w, https:\/\/blogit.lab.fi\/labfocus\/wp-content\/uploads\/sites\/8\/2023\/01\/855_2022_Vastuullista-muutosta-kannattaa-ennakoida_3-570x261.png 570w, https:\/\/blogit.lab.fi\/labfocus\/wp-content\/uploads\/sites\/8\/2023\/01\/855_2022_Vastuullista-muutosta-kannattaa-ennakoida_3.png 1280w\" sizes=\"auto, (max-width: 1024px) 100vw, 1024px\" \/><figcaption class=\"wp-element-caption\">Kuva 3. Ymp\u00e4rist\u00f6vastuullisuuden merkitys yritysten toiminnassa sanapilven\u00e4. (Kuva: Antti Tykkyl\u00e4inen)<\/figcaption><\/figure>\n\n\n\n<p>T<a>apahtumapaikka osoittautui hyv\u00e4ksi valinnaksi, sill\u00e4 rento saunarakennuksen ymp\u00e4rist\u00f6 loi otolliset olosuhteet keskustelulle. Tapahtuman tarjoilut olivat teeman mukaisesti kasvisruokaa, josta vastasi LAB-ammattikorkeakoulun Gastrobar Saimaa. Kokonaisuutena tapahtuma oli onnistunut ja j\u00e4tti osallistujille odottavan tunteen jatkosta.<\/a><\/p>\n\n\n\n<div class=\"wp-block-group has-background\" style=\"background-color:#b3edfb\"><div class=\"wp-block-group__inner-container is-layout-constrained wp-block-group-is-layout-constrained\">\n<p>Kirjoittaja<\/p>\n\n\n\n<p><strong>Antti Tykkyl\u00e4inen<\/strong> ty\u00f6skentelee projektisuunnittelijana LAB-ammattikorkeakoulun Liiketalous-yksik\u00f6ss\u00e4 VPKE Vastuullisen palvelu- ja tuotekehityksen ennakointi -hankkeessa (LAB 2022a).<\/p>\n<\/div><\/div>\n\n\n<div class=\"wp-block-image\">\n<figure class=\"aligncenter size-full is-resized\"><img loading=\"lazy\" decoding=\"async\" src=\"https:\/\/blogit.lab.fi\/labfocus\/wp-content\/uploads\/sites\/8\/2023\/01\/ESRvipu_217x100px-3.png\" alt=\"\" class=\"wp-image-11626\" width=\"323\" height=\"150\" \/><\/figure>\n<\/div>\n\n\n<h2 class=\"wp-block-heading\">L\u00e4hteet<\/h2>\n\n\n\n<p>Kumpulainen, K. 2022. Terveiset ja opit P\u00e4ij\u00e4t-H\u00e4meest\u00e4. Esitys VPKE after work -tapahtumassa. Lappeenranta. 1.12.2022.<\/p>\n\n\n\n<p>LAB. 2022a. VPKE. Vastuullisen palvelu- ja tuotekehityksen ennakointi. Hanke. Viitattu 8.12.2022. Saatavissa <a href=\"https:\/\/lab.fi\/fi\/projekti\/vpke-vastuullisen-palvelu-ja-tuotekehityksen-ennakointi\" target=\"_blank\" rel=\"noreferrer noopener\">https:\/\/lab.fi\/fi\/projekti\/vpke-vastuullisen-palvelu-ja-tuotekehityksen-ennakointi<\/a><\/p>\n\n\n\n<p>LAB. 2022b. VPK. Vastuullinen palvelu- ja tuotekehitys. Hanke. Viitattu 8.12.2022. Saatavissa <a href=\"https:\/\/lab.fi\/fi\/projekti\/vastuullinen-palvelu-ja-tuotekehitys-vpk\" target=\"_blank\" rel=\"noreferrer noopener\">https:\/\/lab.fi\/fi\/projekti\/vastuullinen-palvelu-ja-tuotekehitys-vpk<\/a><\/p>\n\n\n\n<p>Palokangas, A. 2022. Asiakkaat haluaa \u2013 joko te tarjoatte? Esitys VPKE after work -tapahtumassa. Lappeenranta. 1.12.2022.<\/p>\n\n\n\n<p><a id=\"_msocom_1\"><\/a><\/p>\n\n\n\n<p><a id=\"_msocom_3\"><\/a><\/p>\n\n\n\n<p>\u00a0<\/p>\n","protected":false},"excerpt":{"rendered":"<p>VPKE Vastuullisen palvelu- ja tuotekehityksen ennakointi -hanke (LAB 2022a) sai k\u00e4yt\u00e4nn\u00f6n toimilleen hyv\u00e4n alun 1.12.2022 j\u00e4rjestetyss\u00e4 after work -tapahtumassa. Hankkeen keski\u00f6ss\u00e4 on etel\u00e4karjalaisten yritysten osaamisen lis\u00e4\u00e4minen ymp\u00e4rist\u00f6vastuullisesta palvelu- ja tuotekehitt\u00e4misest\u00e4 asiakkaan n\u00e4k\u00f6kulmasta. Tulevaa muutosta on t\u00e4rke\u00e4\u00e4 ennakoida jo t\u00e4ss\u00e4 vaiheessa, sill\u00e4 sopeutuminen 1,5 asteen l\u00e4mpenemisen aiheuttamiin toimiin on tulevaisuudessa kaikilla yrityksill\u00e4kin edess\u00e4. VPKE on sisarhanke [&hellip;]<\/p>\n","protected":false},"author":17,"featured_media":11625,"comment_status":"closed","ping_status":"open","sticky":false,"template":"","format":"standard","meta":{"footnotes":""},"categories":[19,407],"tags":[29,313,329,504],"class_list":{"0":"post-11621","1":"post","2":"type-post","3":"status-publish","4":"format-standard","5":"has-post-thumbnail","7":"category-innovations_fi","8":"category-uudistuva-ja-kehittyva-yrittajyys","9":"tag-artikkeli-e1","10":"tag-asiakaslahtoisyys","11":"tag-palvelumuotoilu","12":"tag-ymparistovastuullisuus","13":"czr-hentry"},"yoast_head":"<!-- This site is optimized with the Yoast SEO plugin v27.5 - https:\/\/yoast.com\/product\/yoast-seo-wordpress\/ -->\n<title>Vastuullista muutosta kannattaa ennakoida - LAB Focus<\/title>\n<meta name=\"description\" content=\"Vastuullista yritysmuutosta ennakoivan projektin toimijat tapasivat rantasaunalla ja ideoivat uutta. LAB-ammattikorkeakoulun hanke.\" \/>\n<meta name=\"robots\" content=\"index, follow, max-snippet:-1, max-image-preview:large, max-video-preview:-1\" \/>\n<link rel=\"canonical\" href=\"https:\/\/blogit.lab.fi\/labfocus\/vastuullista-muutosta-kannattaa-ennakoida\/\" \/>\n<meta property=\"og:locale\" content=\"fi_FI\" \/>\n<meta property=\"og:type\" content=\"article\" \/>\n<meta property=\"og:title\" content=\"Vastuullista muutosta kannattaa ennakoida - LAB Focus\" \/>\n<meta property=\"og:description\" content=\"Vastuullista yritysmuutosta ennakoivan projektin toimijat tapasivat rantasaunalla ja ideoivat uutta. LAB-ammattikorkeakoulun hanke.\" \/>\n<meta property=\"og:url\" content=\"https:\/\/blogit.lab.fi\/labfocus\/vastuullista-muutosta-kannattaa-ennakoida\/\" \/>\n<meta property=\"og:site_name\" content=\"LAB Focus\" \/>\n<meta property=\"article:published_time\" content=\"2023-01-09T12:38:54+00:00\" \/>\n<meta property=\"article:modified_time\" content=\"2023-01-09T12:38:55+00:00\" \/>\n<meta property=\"og:image\" content=\"https:\/\/blogit.lab.fi\/labfocus\/wp-content\/uploads\/sites\/8\/2023\/01\/855_2022_Vastuullista-muutosta-kannattaa-ennakoida_3.png\" \/>\n\t<meta property=\"og:image:width\" content=\"1280\" \/>\n\t<meta property=\"og:image:height\" content=\"587\" \/>\n\t<meta property=\"og:image:type\" content=\"image\/png\" \/>\n<meta name=\"author\" content=\"tainask\" \/>\n<meta name=\"twitter:card\" content=\"summary_large_image\" \/>\n<meta name=\"twitter:creator\" content=\"@LABfinland\" \/>\n<meta name=\"twitter:site\" content=\"@LABfinland\" \/>\n<meta name=\"twitter:label1\" content=\"Kirjoittanut\" \/>\n\t<meta name=\"twitter:data1\" content=\"tainask\" \/>\n\t<meta name=\"twitter:label2\" content=\"Arvioitu lukuaika\" \/>\n\t<meta name=\"twitter:data2\" content=\"4 minuuttia\" \/>\n<script type=\"application\/ld+json\" class=\"yoast-schema-graph\">{\"@context\":\"https:\\\/\\\/schema.org\",\"@graph\":[{\"@type\":\"Article\",\"@id\":\"https:\\\/\\\/blogit.lab.fi\\\/labfocus\\\/vastuullista-muutosta-kannattaa-ennakoida\\\/#article\",\"isPartOf\":{\"@id\":\"https:\\\/\\\/blogit.lab.fi\\\/labfocus\\\/vastuullista-muutosta-kannattaa-ennakoida\\\/\"},\"author\":{\"name\":\"tainask\",\"@id\":\"https:\\\/\\\/blogit.lab.fi\\\/labfocus\\\/#\\\/schema\\\/person\\\/da729f65c4a2fb9fd8f0b1ec7a2ab7d0\"},\"headline\":\"Vastuullista muutosta kannattaa ennakoida\",\"datePublished\":\"2023-01-09T12:38:54+00:00\",\"dateModified\":\"2023-01-09T12:38:55+00:00\",\"mainEntityOfPage\":{\"@id\":\"https:\\\/\\\/blogit.lab.fi\\\/labfocus\\\/vastuullista-muutosta-kannattaa-ennakoida\\\/\"},\"wordCount\":472,\"publisher\":{\"@id\":\"https:\\\/\\\/blogit.lab.fi\\\/labfocus\\\/#organization\"},\"image\":{\"@id\":\"https:\\\/\\\/blogit.lab.fi\\\/labfocus\\\/vastuullista-muutosta-kannattaa-ennakoida\\\/#primaryimage\"},\"thumbnailUrl\":\"https:\\\/\\\/blogit.lab.fi\\\/labfocus\\\/wp-content\\\/uploads\\\/sites\\\/8\\\/2023\\\/01\\\/855_2022_Vastuullista-muutosta-kannattaa-ennakoida_3.png\",\"keywords\":[\"Artikkeli E1\",\"asiakasl\u00e4ht\u00f6isyys\",\"palvelumuotoilu\",\"ymp\u00e4rist\u00f6vastuullisuus\"],\"articleSection\":[\"Innovations\",\"Uudistuva ja kehittyv\u00e4 yritt\u00e4jyys\"],\"inLanguage\":\"fi\"},{\"@type\":\"WebPage\",\"@id\":\"https:\\\/\\\/blogit.lab.fi\\\/labfocus\\\/vastuullista-muutosta-kannattaa-ennakoida\\\/\",\"url\":\"https:\\\/\\\/blogit.lab.fi\\\/labfocus\\\/vastuullista-muutosta-kannattaa-ennakoida\\\/\",\"name\":\"Vastuullista muutosta kannattaa ennakoida - LAB Focus\",\"isPartOf\":{\"@id\":\"https:\\\/\\\/blogit.lab.fi\\\/labfocus\\\/#website\"},\"primaryImageOfPage\":{\"@id\":\"https:\\\/\\\/blogit.lab.fi\\\/labfocus\\\/vastuullista-muutosta-kannattaa-ennakoida\\\/#primaryimage\"},\"image\":{\"@id\":\"https:\\\/\\\/blogit.lab.fi\\\/labfocus\\\/vastuullista-muutosta-kannattaa-ennakoida\\\/#primaryimage\"},\"thumbnailUrl\":\"https:\\\/\\\/blogit.lab.fi\\\/labfocus\\\/wp-content\\\/uploads\\\/sites\\\/8\\\/2023\\\/01\\\/855_2022_Vastuullista-muutosta-kannattaa-ennakoida_3.png\",\"datePublished\":\"2023-01-09T12:38:54+00:00\",\"dateModified\":\"2023-01-09T12:38:55+00:00\",\"description\":\"Vastuullista yritysmuutosta ennakoivan projektin toimijat tapasivat rantasaunalla ja ideoivat uutta. LAB-ammattikorkeakoulun hanke.\",\"breadcrumb\":{\"@id\":\"https:\\\/\\\/blogit.lab.fi\\\/labfocus\\\/vastuullista-muutosta-kannattaa-ennakoida\\\/#breadcrumb\"},\"inLanguage\":\"fi\",\"potentialAction\":[{\"@type\":\"ReadAction\",\"target\":[\"https:\\\/\\\/blogit.lab.fi\\\/labfocus\\\/vastuullista-muutosta-kannattaa-ennakoida\\\/\"]}]},{\"@type\":\"ImageObject\",\"inLanguage\":\"fi\",\"@id\":\"https:\\\/\\\/blogit.lab.fi\\\/labfocus\\\/vastuullista-muutosta-kannattaa-ennakoida\\\/#primaryimage\",\"url\":\"https:\\\/\\\/blogit.lab.fi\\\/labfocus\\\/wp-content\\\/uploads\\\/sites\\\/8\\\/2023\\\/01\\\/855_2022_Vastuullista-muutosta-kannattaa-ennakoida_3.png\",\"contentUrl\":\"https:\\\/\\\/blogit.lab.fi\\\/labfocus\\\/wp-content\\\/uploads\\\/sites\\\/8\\\/2023\\\/01\\\/855_2022_Vastuullista-muutosta-kannattaa-ennakoida_3.png\",\"width\":1280,\"height\":587},{\"@type\":\"BreadcrumbList\",\"@id\":\"https:\\\/\\\/blogit.lab.fi\\\/labfocus\\\/vastuullista-muutosta-kannattaa-ennakoida\\\/#breadcrumb\",\"itemListElement\":[{\"@type\":\"ListItem\",\"position\":1,\"name\":\"Home\",\"item\":\"https:\\\/\\\/blogit.lab.fi\\\/labfocus\\\/\"},{\"@type\":\"ListItem\",\"position\":2,\"name\":\"Vastuullista muutosta kannattaa ennakoida\"}]},{\"@type\":\"WebSite\",\"@id\":\"https:\\\/\\\/blogit.lab.fi\\\/labfocus\\\/#website\",\"url\":\"https:\\\/\\\/blogit.lab.fi\\\/labfocus\\\/\",\"name\":\"LAB Focus\",\"description\":\"Focus Area blog | LAB University of Applied Sciences\",\"publisher\":{\"@id\":\"https:\\\/\\\/blogit.lab.fi\\\/labfocus\\\/#organization\"},\"potentialAction\":[{\"@type\":\"SearchAction\",\"target\":{\"@type\":\"EntryPoint\",\"urlTemplate\":\"https:\\\/\\\/blogit.lab.fi\\\/labfocus\\\/?s={search_term_string}\"},\"query-input\":{\"@type\":\"PropertyValueSpecification\",\"valueRequired\":true,\"valueName\":\"search_term_string\"}}],\"inLanguage\":\"fi\"},{\"@type\":\"Organization\",\"@id\":\"https:\\\/\\\/blogit.lab.fi\\\/labfocus\\\/#organization\",\"name\":\"LAB Focus\",\"url\":\"https:\\\/\\\/blogit.lab.fi\\\/labfocus\\\/\",\"logo\":{\"@type\":\"ImageObject\",\"inLanguage\":\"fi\",\"@id\":\"https:\\\/\\\/blogit.lab.fi\\\/labfocus\\\/#\\\/schema\\\/logo\\\/image\\\/\",\"url\":\"https:\\\/\\\/blogit.lab.fi\\\/labfocus\\\/wp-content\\\/uploads\\\/sites\\\/8\\\/2020\\\/04\\\/cropped-cropped-tunnus_blogi-01.png\",\"contentUrl\":\"https:\\\/\\\/blogit.lab.fi\\\/labfocus\\\/wp-content\\\/uploads\\\/sites\\\/8\\\/2020\\\/04\\\/cropped-cropped-tunnus_blogi-01.png\",\"width\":1342,\"height\":288,\"caption\":\"LAB Focus\"},\"image\":{\"@id\":\"https:\\\/\\\/blogit.lab.fi\\\/labfocus\\\/#\\\/schema\\\/logo\\\/image\\\/\"},\"sameAs\":[\"https:\\\/\\\/x.com\\\/LABfinland\"]},{\"@type\":\"Person\",\"@id\":\"https:\\\/\\\/blogit.lab.fi\\\/labfocus\\\/#\\\/schema\\\/person\\\/da729f65c4a2fb9fd8f0b1ec7a2ab7d0\",\"name\":\"tainask\",\"image\":{\"@type\":\"ImageObject\",\"inLanguage\":\"fi\",\"@id\":\"https:\\\/\\\/secure.gravatar.com\\\/avatar\\\/4a96427877ef826b76e80c27f60b266128094f522551459346efcf14282febb3?s=96&d=mm&r=g\",\"url\":\"https:\\\/\\\/secure.gravatar.com\\\/avatar\\\/4a96427877ef826b76e80c27f60b266128094f522551459346efcf14282febb3?s=96&d=mm&r=g\",\"contentUrl\":\"https:\\\/\\\/secure.gravatar.com\\\/avatar\\\/4a96427877ef826b76e80c27f60b266128094f522551459346efcf14282febb3?s=96&d=mm&r=g\",\"caption\":\"tainask\"},\"url\":\"https:\\\/\\\/blogit.lab.fi\\\/labfocus\\\/author\\\/tainask\\\/\"}]}<\/script>\n<!-- \/ Yoast SEO plugin. -->","yoast_head_json":{"title":"Vastuullista muutosta kannattaa ennakoida - LAB Focus","description":"Vastuullista yritysmuutosta ennakoivan projektin toimijat tapasivat rantasaunalla ja ideoivat uutta. LAB-ammattikorkeakoulun hanke.","robots":{"index":"index","follow":"follow","max-snippet":"max-snippet:-1","max-image-preview":"max-image-preview:large","max-video-preview":"max-video-preview:-1"},"canonical":"https:\/\/blogit.lab.fi\/labfocus\/vastuullista-muutosta-kannattaa-ennakoida\/","og_locale":"fi_FI","og_type":"article","og_title":"Vastuullista muutosta kannattaa ennakoida - LAB Focus","og_description":"Vastuullista yritysmuutosta ennakoivan projektin toimijat tapasivat rantasaunalla ja ideoivat uutta. LAB-ammattikorkeakoulun hanke.","og_url":"https:\/\/blogit.lab.fi\/labfocus\/vastuullista-muutosta-kannattaa-ennakoida\/","og_site_name":"LAB Focus","article_published_time":"2023-01-09T12:38:54+00:00","article_modified_time":"2023-01-09T12:38:55+00:00","og_image":[{"width":1280,"height":587,"url":"https:\/\/blogit.lab.fi\/labfocus\/wp-content\/uploads\/sites\/8\/2023\/01\/855_2022_Vastuullista-muutosta-kannattaa-ennakoida_3.png","type":"image\/png"}],"author":"tainask","twitter_card":"summary_large_image","twitter_creator":"@LABfinland","twitter_site":"@LABfinland","twitter_misc":{"Kirjoittanut":"tainask","Arvioitu lukuaika":"4 minuuttia"},"schema":{"@context":"https:\/\/schema.org","@graph":[{"@type":"Article","@id":"https:\/\/blogit.lab.fi\/labfocus\/vastuullista-muutosta-kannattaa-ennakoida\/#article","isPartOf":{"@id":"https:\/\/blogit.lab.fi\/labfocus\/vastuullista-muutosta-kannattaa-ennakoida\/"},"author":{"name":"tainask","@id":"https:\/\/blogit.lab.fi\/labfocus\/#\/schema\/person\/da729f65c4a2fb9fd8f0b1ec7a2ab7d0"},"headline":"Vastuullista muutosta kannattaa ennakoida","datePublished":"2023-01-09T12:38:54+00:00","dateModified":"2023-01-09T12:38:55+00:00","mainEntityOfPage":{"@id":"https:\/\/blogit.lab.fi\/labfocus\/vastuullista-muutosta-kannattaa-ennakoida\/"},"wordCount":472,"publisher":{"@id":"https:\/\/blogit.lab.fi\/labfocus\/#organization"},"image":{"@id":"https:\/\/blogit.lab.fi\/labfocus\/vastuullista-muutosta-kannattaa-ennakoida\/#primaryimage"},"thumbnailUrl":"https:\/\/blogit.lab.fi\/labfocus\/wp-content\/uploads\/sites\/8\/2023\/01\/855_2022_Vastuullista-muutosta-kannattaa-ennakoida_3.png","keywords":["Artikkeli E1","asiakasl\u00e4ht\u00f6isyys","palvelumuotoilu","ymp\u00e4rist\u00f6vastuullisuus"],"articleSection":["Innovations","Uudistuva ja kehittyv\u00e4 yritt\u00e4jyys"],"inLanguage":"fi"},{"@type":"WebPage","@id":"https:\/\/blogit.lab.fi\/labfocus\/vastuullista-muutosta-kannattaa-ennakoida\/","url":"https:\/\/blogit.lab.fi\/labfocus\/vastuullista-muutosta-kannattaa-ennakoida\/","name":"Vastuullista muutosta kannattaa ennakoida - LAB Focus","isPartOf":{"@id":"https:\/\/blogit.lab.fi\/labfocus\/#website"},"primaryImageOfPage":{"@id":"https:\/\/blogit.lab.fi\/labfocus\/vastuullista-muutosta-kannattaa-ennakoida\/#primaryimage"},"image":{"@id":"https:\/\/blogit.lab.fi\/labfocus\/vastuullista-muutosta-kannattaa-ennakoida\/#primaryimage"},"thumbnailUrl":"https:\/\/blogit.lab.fi\/labfocus\/wp-content\/uploads\/sites\/8\/2023\/01\/855_2022_Vastuullista-muutosta-kannattaa-ennakoida_3.png","datePublished":"2023-01-09T12:38:54+00:00","dateModified":"2023-01-09T12:38:55+00:00","description":"Vastuullista yritysmuutosta ennakoivan projektin toimijat tapasivat rantasaunalla ja ideoivat uutta. LAB-ammattikorkeakoulun hanke.","breadcrumb":{"@id":"https:\/\/blogit.lab.fi\/labfocus\/vastuullista-muutosta-kannattaa-ennakoida\/#breadcrumb"},"inLanguage":"fi","potentialAction":[{"@type":"ReadAction","target":["https:\/\/blogit.lab.fi\/labfocus\/vastuullista-muutosta-kannattaa-ennakoida\/"]}]},{"@type":"ImageObject","inLanguage":"fi","@id":"https:\/\/blogit.lab.fi\/labfocus\/vastuullista-muutosta-kannattaa-ennakoida\/#primaryimage","url":"https:\/\/blogit.lab.fi\/labfocus\/wp-content\/uploads\/sites\/8\/2023\/01\/855_2022_Vastuullista-muutosta-kannattaa-ennakoida_3.png","contentUrl":"https:\/\/blogit.lab.fi\/labfocus\/wp-content\/uploads\/sites\/8\/2023\/01\/855_2022_Vastuullista-muutosta-kannattaa-ennakoida_3.png","width":1280,"height":587},{"@type":"BreadcrumbList","@id":"https:\/\/blogit.lab.fi\/labfocus\/vastuullista-muutosta-kannattaa-ennakoida\/#breadcrumb","itemListElement":[{"@type":"ListItem","position":1,"name":"Home","item":"https:\/\/blogit.lab.fi\/labfocus\/"},{"@type":"ListItem","position":2,"name":"Vastuullista muutosta kannattaa ennakoida"}]},{"@type":"WebSite","@id":"https:\/\/blogit.lab.fi\/labfocus\/#website","url":"https:\/\/blogit.lab.fi\/labfocus\/","name":"LAB Focus","description":"Focus Area blog | LAB University of Applied Sciences","publisher":{"@id":"https:\/\/blogit.lab.fi\/labfocus\/#organization"},"potentialAction":[{"@type":"SearchAction","target":{"@type":"EntryPoint","urlTemplate":"https:\/\/blogit.lab.fi\/labfocus\/?s={search_term_string}"},"query-input":{"@type":"PropertyValueSpecification","valueRequired":true,"valueName":"search_term_string"}}],"inLanguage":"fi"},{"@type":"Organization","@id":"https:\/\/blogit.lab.fi\/labfocus\/#organization","name":"LAB Focus","url":"https:\/\/blogit.lab.fi\/labfocus\/","logo":{"@type":"ImageObject","inLanguage":"fi","@id":"https:\/\/blogit.lab.fi\/labfocus\/#\/schema\/logo\/image\/","url":"https:\/\/blogit.lab.fi\/labfocus\/wp-content\/uploads\/sites\/8\/2020\/04\/cropped-cropped-tunnus_blogi-01.png","contentUrl":"https:\/\/blogit.lab.fi\/labfocus\/wp-content\/uploads\/sites\/8\/2020\/04\/cropped-cropped-tunnus_blogi-01.png","width":1342,"height":288,"caption":"LAB Focus"},"image":{"@id":"https:\/\/blogit.lab.fi\/labfocus\/#\/schema\/logo\/image\/"},"sameAs":["https:\/\/x.com\/LABfinland"]},{"@type":"Person","@id":"https:\/\/blogit.lab.fi\/labfocus\/#\/schema\/person\/da729f65c4a2fb9fd8f0b1ec7a2ab7d0","name":"tainask","image":{"@type":"ImageObject","inLanguage":"fi","@id":"https:\/\/secure.gravatar.com\/avatar\/4a96427877ef826b76e80c27f60b266128094f522551459346efcf14282febb3?s=96&d=mm&r=g","url":"https:\/\/secure.gravatar.com\/avatar\/4a96427877ef826b76e80c27f60b266128094f522551459346efcf14282febb3?s=96&d=mm&r=g","contentUrl":"https:\/\/secure.gravatar.com\/avatar\/4a96427877ef826b76e80c27f60b266128094f522551459346efcf14282febb3?s=96&d=mm&r=g","caption":"tainask"},"url":"https:\/\/blogit.lab.fi\/labfocus\/author\/tainask\/"}]}},"_links":{"self":[{"href":"https:\/\/blogit.lab.fi\/labfocus\/wp-json\/wp\/v2\/posts\/11621","targetHints":{"allow":["GET"]}}],"collection":[{"href":"https:\/\/blogit.lab.fi\/labfocus\/wp-json\/wp\/v2\/posts"}],"about":[{"href":"https:\/\/blogit.lab.fi\/labfocus\/wp-json\/wp\/v2\/types\/post"}],"author":[{"embeddable":true,"href":"https:\/\/blogit.lab.fi\/labfocus\/wp-json\/wp\/v2\/users\/17"}],"replies":[{"embeddable":true,"href":"https:\/\/blogit.lab.fi\/labfocus\/wp-json\/wp\/v2\/comments?post=11621"}],"version-history":[{"count":1,"href":"https:\/\/blogit.lab.fi\/labfocus\/wp-json\/wp\/v2\/posts\/11621\/revisions"}],"predecessor-version":[{"id":11627,"href":"https:\/\/blogit.lab.fi\/labfocus\/wp-json\/wp\/v2\/posts\/11621\/revisions\/11627"}],"wp:featuredmedia":[{"embeddable":true,"href":"https:\/\/blogit.lab.fi\/labfocus\/wp-json\/wp\/v2\/media\/11625"}],"wp:attachment":[{"href":"https:\/\/blogit.lab.fi\/labfocus\/wp-json\/wp\/v2\/media?parent=11621"}],"wp:term":[{"taxonomy":"category","embeddable":true,"href":"https:\/\/blogit.lab.fi\/labfocus\/wp-json\/wp\/v2\/categories?post=11621"},{"taxonomy":"post_tag","embeddable":true,"href":"https:\/\/blogit.lab.fi\/labfocus\/wp-json\/wp\/v2\/tags?post=11621"}],"curies":[{"name":"wp","href":"https:\/\/api.w.org\/{rel}","templated":true}]}}