{"id":12253,"date":"2023-03-13T12:57:43","date_gmt":"2023-03-13T10:57:43","guid":{"rendered":"https:\/\/blogit.lab.fi\/labfocus\/?p=12253"},"modified":"2023-03-13T12:57:44","modified_gmt":"2023-03-13T10:57:44","slug":"vetovoimaisuutta-ja-pitoa-lahtelaisiin-yrityksiin","status":"publish","type":"post","link":"https:\/\/blogit.lab.fi\/labfocus\/vetovoimaisuutta-ja-pitoa-lahtelaisiin-yrityksiin\/","title":{"rendered":"Vetovoimaisuutta ja pitoa lahtelaisiin yrityksiin"},"content":{"rendered":"\n<p>Mit\u00e4 kaikkea lahtelaisilla yrityksill\u00e4 on tarjota opiskelijoiden urapoluille? Eri alojen yritysten ty\u00f6el\u00e4m\u00e4yhteisty\u00f6n mahdollisuuksista ja monenlaisista ty\u00f6nkuvista kerrotaan helmikuussa DuuniExpossa ensiesityksens\u00e4 saaneella Lahtelaisten yritysten terveiset alueen opiskelijoille -videolla (Linkki 1). Videon voit katsoa <a href=\"https:\/\/youtu.be\/eCIKsgKOLlE\" target=\"_blank\" rel=\"noreferrer noopener\">t\u00e4\u00e4lt\u00e4<\/a>.<\/p>\n\n\n\n<figure class=\"wp-block-image size-large\"><img loading=\"lazy\" decoding=\"async\" width=\"1024\" height=\"577\" src=\"https:\/\/blogit.lab.fi\/labfocus\/wp-content\/uploads\/sites\/8\/2023\/03\/132_2023_Vetovoimaisuutta-ja-pitoa-lahtelaisiin-yrityksiin-1024x577.jpg\" alt=\"[Alt-teksti: videon\u00e4kym\u00e4, vierekk\u00e4in istumassa mies ja nainen, mies kasvot kohti kameraa.]\" class=\"wp-image-12255\" srcset=\"https:\/\/blogit.lab.fi\/labfocus\/wp-content\/uploads\/sites\/8\/2023\/03\/132_2023_Vetovoimaisuutta-ja-pitoa-lahtelaisiin-yrityksiin-1024x577.jpg 1024w, https:\/\/blogit.lab.fi\/labfocus\/wp-content\/uploads\/sites\/8\/2023\/03\/132_2023_Vetovoimaisuutta-ja-pitoa-lahtelaisiin-yrityksiin-300x169.jpg 300w, https:\/\/blogit.lab.fi\/labfocus\/wp-content\/uploads\/sites\/8\/2023\/03\/132_2023_Vetovoimaisuutta-ja-pitoa-lahtelaisiin-yrityksiin-768x433.jpg 768w, https:\/\/blogit.lab.fi\/labfocus\/wp-content\/uploads\/sites\/8\/2023\/03\/132_2023_Vetovoimaisuutta-ja-pitoa-lahtelaisiin-yrityksiin-570x321.jpg 570w, https:\/\/blogit.lab.fi\/labfocus\/wp-content\/uploads\/sites\/8\/2023\/03\/132_2023_Vetovoimaisuutta-ja-pitoa-lahtelaisiin-yrityksiin-1110x624.jpg 1110w, https:\/\/blogit.lab.fi\/labfocus\/wp-content\/uploads\/sites\/8\/2023\/03\/132_2023_Vetovoimaisuutta-ja-pitoa-lahtelaisiin-yrityksiin-528x297.jpg 528w, https:\/\/blogit.lab.fi\/labfocus\/wp-content\/uploads\/sites\/8\/2023\/03\/132_2023_Vetovoimaisuutta-ja-pitoa-lahtelaisiin-yrityksiin.jpg 1280w\" sizes=\"auto, (max-width: 1024px) 100vw, 1024px\" \/><figcaption class=\"wp-element-caption\">Kuva 1.Kuvakaappaus videolta Lahtelaisten yritysten terveiset alueen opiskelijoille. (Linkki 1)<\/figcaption><\/figure>\n\n\n\n<p>Yritysten edustajat kohdentavat viestins\u00e4 LAB-ammattikorkeakoulun, LUT-yliopiston, Helsingin yliopiston ja Koulutuskeskus Salpauksen opiskelijoille ja kannustavat olemaan rohkeasti yhteydess\u00e4.<\/p>\n\n\n\n<p>Videon tavoitteena on lis\u00e4t\u00e4 lahtelaisten yritysten tunnettuutta alueen opiskelijoiden keskuudessa sek\u00e4 toimia keinona houkutella osaavaa ty\u00f6voimaa alueen yrityksiin.<\/p>\n\n\n\n<p>Tarkoituksena on saada opiskelijat n\u00e4kem\u00e4\u00e4n Lahti potentiaalisena kotikaupunkina, miss\u00e4 tarjoutuu edellytyksi\u00e4 saada hyv\u00e4\u00e4 ty\u00f6kokemusta sek\u00e4 l\u00f6ytyy tulevaisuuden ty\u00f6llistymis- ja uramahdollisuuksia.<\/p>\n\n\n\n<h2 class=\"wp-block-heading\">Paikallinen ty\u00f6llisyydenhoito on sosiaalista vastuunkantoa<\/h2>\n\n\n\n<p>Videolla halutaan tuoda n\u00e4kyv\u00e4ksi my\u00f6s alueen ty\u00f6yhteis\u00f6jen monimuotoisuutta. Videon sanoman voi n\u00e4hd\u00e4 vastuullisuustekona sek\u00e4 moninaisen ty\u00f6yhteis\u00f6n ett\u00e4 opiskelijoiden ja vastavalmistuneiden ty\u00f6llist\u00e4misen n\u00e4k\u00f6kulmasta. Yksi sosiaalisen vastuunkantamisen tapa onkin osallistua paikalliseen ty\u00f6llisyydenhoitoon (Mielonen &amp; Laurila 2020). T\u00e4m\u00e4 tarkoittaa kaikille avointen ja osallistavien ty\u00f6markkinoiden mahdollistamista.<\/p>\n\n\n\n<p>Suomalaisen yhteiskunnan v\u00e4est\u00f6- ja ik\u00e4pohjan muutokset edellytt\u00e4v\u00e4t, ett\u00e4 moninaisten ihmisten ty\u00f6h\u00f6n osallistumista tuetaan (Jyrkinen 2021). Ket\u00e4\u00e4n ei ole vara menett\u00e4\u00e4 ty\u00f6markkinoiden ulkopuolelle. Yritysten paikallinen opiskelijayhteisty\u00f6 voidaan n\u00e4hd\u00e4 paikallisena ty\u00f6llisyydenhoitona, mik\u00e4 tarkoittaa my\u00f6s ty\u00f6yhteis\u00f6n yhteiskunnallista vastuunkantoa. &nbsp;<\/p>\n\n\n\n<h2 class=\"wp-block-heading\">Mielek\u00e4s ty\u00f6 lis\u00e4\u00e4 alueen veto- ja pitovoimaa<\/h2>\n\n\n\n<p>Kuvassa 1 esiintyv\u00e4t yritysten edustajat puhuvat videolla siit\u00e4, kuinka aidosti ylpeit\u00e4 he ovat voidessaan ty\u00f6skennell\u00e4 kotikaupungissaan. Mielek\u00e4s ty\u00f6 ja hyv\u00e4t uramahdollisuudet ruokkivat kaupungin veto- ja pitovoimaa. &nbsp;<\/p>\n\n\n\n<p>Lahden seutukunta nousi sijalle 8 sijalta 11 tuoreessa Elinkeinoel\u00e4m\u00e4n keskusliiton Kuntaranking-tutkimuksessa. Tutkimus mittaa kahden vuoden v\u00e4lein Suomen eri alueiden vetovoimaisuutta yritystoiminnan kannalta. (Elinkeinoel\u00e4m\u00e4n keskusliitto 2023.) Positiiviseen nousuun voi n\u00e4hd\u00e4 vaikuttaneen Lahden kaupungin asema johtavana ymp\u00e4rist\u00f6kaupunkina ja uutena yliopistokaupunkina (Lahden kaupunki 2023). &nbsp;&nbsp;<\/p>\n\n\n\n<p>Itse\u00e4\u00e4n tukeva positiivinen keh\u00e4 alueen elinvoiman hyv\u00e4ksi syntyy monen osatekij\u00e4n summana. Yksi t\u00e4rke\u00e4 osatekij\u00e4 on opiskelijoiden ja osaajien j\u00e4\u00e4minen alueelle. Yrityksill\u00e4 on oma t\u00e4rke\u00e4 roolinsa t\u00e4m\u00e4n ty\u00f6n tukemisessa. T\u00e4st\u00e4 t\u00e4rke\u00e4st\u00e4 roolista ja aktiivisesta toimijuudesta on osoituksena videolla esiintyvien yritysten puheenvuorot ja osallistuminen osaltaan yhteiskunnalliseen vastuunkantoon yhteisty\u00f6ss\u00e4 alueen oppilaitosten kanssa.&nbsp; &nbsp;<\/p>\n\n\n\n<div class=\"wp-block-group has-background\" style=\"background-color:#b3edfb\"><div class=\"wp-block-group__inner-container is-layout-constrained wp-block-group-is-layout-constrained\">\n<p>Kirjoittaja<\/p>\n\n\n\n<p><strong>Niina Ihalainen<\/strong> (VTM, MBA) ty\u00f6skentelee TKI-asiantuntijana ja Yritys-Hunter-hankkeen projektip\u00e4\u00e4llikk\u00f6n\u00e4 LAB-ammattikorkeakoulussa. &nbsp;&nbsp;&nbsp;<\/p>\n<\/div><\/div>\n\n\n\n<h2 class=\"wp-block-heading\">L\u00e4hteet<\/h2>\n\n\n\n<p><a>Elinkeinoel\u00e4m\u00e4n keskusliitto. 2023. EK:n Kuntaranking 2023: Sein\u00e4joen, Rauman ja Salon alueet j\u00e4lleen mitalisijoilla, Tampere l\u00e4hestyy k\u00e4rkikolmikkoa. Viitattu 2.3.2023. Saatavissa <\/a><a href=\"https:\/\/ek.fi\/ajankohtaista\/tiedotteet\/ekn-kuntaranking-2023-seinajoen-rauman-ja-salon-alueet-jalleen-mitalisijoilla-tampere-lahestyy-karkikolmikkoa\/\" target=\"_blank\" rel=\"noreferrer noopener\">https:\/\/ek.fi\/ajankohtaista\/tiedotteet\/ekn-kuntaranking-2023-seinajoen-rauman-ja-salon-alueet-jalleen-mitalisijoilla-tampere-lahestyy-karkikolmikkoa\/<\/a><\/p>\n\n\n\n<p>Jyrkinen, M. 2021. Tasa-arvon ja yhdenvertaisuuden edist\u00e4minen luovat pohjan kest\u00e4v\u00e4lle ty\u00f6el\u00e4m\u00e4lle. Viitattu 17.2.2023. Saatavissa\u00a0 <a href=\"https:\/\/www.helsinki.fi\/fi\/uutiset\/tasa-arvo\/tasa-arvon-ja-yhdenvertaisuuden-edistaminen-luovat-pohjan-kestavalle-tyoelamalle\" target=\"_blank\" rel=\"noreferrer noopener\">https:\/\/www.helsinki.fi\/fi\/uutiset\/tasa-arvo\/tasa-arvon-ja-yhdenvertaisuuden-edistaminen-luovat-pohjan-kestavalle-tyoelamalle<\/a><\/p>\n\n\n\n<p>Lahden kaupunki. 2023. Lahti kiilasi kymmenen k\u00e4rkijoukkoon EK:n kuntarankingissa. Viitattu 5.3.2023. Saatavissa <a href=\"https:\/\/www.lahti.fi\/uutiset\/lahti-kiilasi-kymmenen-karkijoukkoon-ekn-kuntarankingissa\/\" target=\"_blank\" rel=\"noreferrer noopener\">https:\/\/www.lahti.fi\/uutiset\/lahti-kiilasi-kymmenen-karkijoukkoon-ekn-kuntarankingissa\/<\/a><\/p>\n\n\n\n<p>Mielonen, E. &amp; Laurila, V. 2020. T\u00e4m\u00e4 aika vaatii poikkeuksellista vastuunkantoa ty\u00f6llisyydest\u00e4. THL-blogi. Viitattu 17.2.2023. Saatavissa <a href=\"https:\/\/blogi.thl.fi\/tama-aika-vaatii-poikkeuksellista-vastuunkantoa-tyollisyydesta\/\" target=\"_blank\" rel=\"noreferrer noopener\">https:\/\/blogi.thl.fi\/tama-aika-vaatii-poikkeuksellista-vastuunkantoa-tyollisyydesta\/<\/a><\/p>\n\n\n\n<h2 class=\"wp-block-heading\">Linkit&nbsp;<\/h2>\n\n\n\n<p>Linkki 1. LAB. 2023. Lahtelaisten yritysten terveiset alueen opiskelijoille. Video. Viitattu 17.2.2023. Saatavissa <a href=\"https:\/\/youtu.be\/eCIKsgKOLlE\" target=\"_blank\" rel=\"noreferrer noopener\">https:\/\/youtu.be\/eCIKsgKOLlE<\/a><\/p>\n","protected":false},"excerpt":{"rendered":"<p>Mit\u00e4 kaikkea lahtelaisilla yrityksill\u00e4 on tarjota opiskelijoiden urapoluille? Eri alojen yritysten ty\u00f6el\u00e4m\u00e4yhteisty\u00f6n mahdollisuuksista ja monenlaisista ty\u00f6nkuvista kerrotaan helmikuussa DuuniExpossa ensiesityksens\u00e4 saaneella Lahtelaisten yritysten terveiset alueen opiskelijoille -videolla (Linkki 1). Videon voit katsoa t\u00e4\u00e4lt\u00e4. Yritysten edustajat kohdentavat viestins\u00e4 LAB-ammattikorkeakoulun, LUT-yliopiston, Helsingin yliopiston ja Koulutuskeskus Salpauksen opiskelijoille ja kannustavat olemaan rohkeasti yhteydess\u00e4. Videon tavoitteena on lis\u00e4t\u00e4 lahtelaisten [&hellip;]<\/p>\n","protected":false},"author":17,"featured_media":12255,"comment_status":"closed","ping_status":"open","sticky":false,"template":"","format":"standard","meta":{"footnotes":""},"categories":[43],"tags":[29,5694,795,3744,713,1541],"class_list":{"0":"post-12253","1":"post","2":"type-post","3":"status-publish","4":"format-standard","5":"has-post-thumbnail","7":"category-yleinen-fi","8":"tag-artikkeli-e1","9":"tag-monimuotoisuus-fi","10":"tag-opiskelijayhteistyo","11":"tag-tyoelamayhteistyo-fi","12":"tag-vetovoimaisuus","13":"tag-yhteiskuntavastuu","14":"czr-hentry"},"yoast_head":"<!-- This site is optimized with the Yoast SEO plugin v27.5 - https:\/\/yoast.com\/product\/yoast-seo-wordpress\/ -->\n<title>Vetovoimaisuutta ja pitoa lahtelaisiin yrityksiin - LAB Focus<\/title>\n<meta name=\"description\" content=\"Video kertoo lahtelaisten yritysten vetovoimatekij\u00f6ist\u00e4.\" \/>\n<meta name=\"robots\" content=\"index, follow, max-snippet:-1, max-image-preview:large, max-video-preview:-1\" \/>\n<link rel=\"canonical\" href=\"https:\/\/blogit.lab.fi\/labfocus\/vetovoimaisuutta-ja-pitoa-lahtelaisiin-yrityksiin\/\" \/>\n<meta property=\"og:locale\" content=\"fi_FI\" \/>\n<meta property=\"og:type\" content=\"article\" \/>\n<meta property=\"og:title\" content=\"Vetovoimaisuutta ja pitoa lahtelaisiin yrityksiin - LAB Focus\" \/>\n<meta property=\"og:description\" content=\"Video kertoo lahtelaisten yritysten vetovoimatekij\u00f6ist\u00e4.\" \/>\n<meta property=\"og:url\" content=\"https:\/\/blogit.lab.fi\/labfocus\/vetovoimaisuutta-ja-pitoa-lahtelaisiin-yrityksiin\/\" \/>\n<meta property=\"og:site_name\" content=\"LAB Focus\" \/>\n<meta property=\"article:published_time\" content=\"2023-03-13T10:57:43+00:00\" \/>\n<meta property=\"article:modified_time\" content=\"2023-03-13T10:57:44+00:00\" \/>\n<meta property=\"og:image\" content=\"https:\/\/blogit.lab.fi\/labfocus\/wp-content\/uploads\/sites\/8\/2023\/03\/132_2023_Vetovoimaisuutta-ja-pitoa-lahtelaisiin-yrityksiin.jpg\" \/>\n\t<meta property=\"og:image:width\" content=\"1280\" \/>\n\t<meta property=\"og:image:height\" content=\"721\" \/>\n\t<meta property=\"og:image:type\" content=\"image\/jpeg\" \/>\n<meta name=\"author\" content=\"tainask\" \/>\n<meta name=\"twitter:card\" content=\"summary_large_image\" \/>\n<meta name=\"twitter:creator\" content=\"@LABfinland\" \/>\n<meta name=\"twitter:site\" content=\"@LABfinland\" \/>\n<meta name=\"twitter:label1\" content=\"Kirjoittanut\" \/>\n\t<meta name=\"twitter:data1\" content=\"tainask\" \/>\n\t<meta name=\"twitter:label2\" content=\"Arvioitu lukuaika\" \/>\n\t<meta name=\"twitter:data2\" content=\"3 minuuttia\" \/>\n<script type=\"application\/ld+json\" class=\"yoast-schema-graph\">{\"@context\":\"https:\\\/\\\/schema.org\",\"@graph\":[{\"@type\":\"Article\",\"@id\":\"https:\\\/\\\/blogit.lab.fi\\\/labfocus\\\/vetovoimaisuutta-ja-pitoa-lahtelaisiin-yrityksiin\\\/#article\",\"isPartOf\":{\"@id\":\"https:\\\/\\\/blogit.lab.fi\\\/labfocus\\\/vetovoimaisuutta-ja-pitoa-lahtelaisiin-yrityksiin\\\/\"},\"author\":{\"name\":\"tainask\",\"@id\":\"https:\\\/\\\/blogit.lab.fi\\\/labfocus\\\/#\\\/schema\\\/person\\\/da729f65c4a2fb9fd8f0b1ec7a2ab7d0\"},\"headline\":\"Vetovoimaisuutta ja pitoa lahtelaisiin yrityksiin\",\"datePublished\":\"2023-03-13T10:57:43+00:00\",\"dateModified\":\"2023-03-13T10:57:44+00:00\",\"mainEntityOfPage\":{\"@id\":\"https:\\\/\\\/blogit.lab.fi\\\/labfocus\\\/vetovoimaisuutta-ja-pitoa-lahtelaisiin-yrityksiin\\\/\"},\"wordCount\":504,\"publisher\":{\"@id\":\"https:\\\/\\\/blogit.lab.fi\\\/labfocus\\\/#organization\"},\"image\":{\"@id\":\"https:\\\/\\\/blogit.lab.fi\\\/labfocus\\\/vetovoimaisuutta-ja-pitoa-lahtelaisiin-yrityksiin\\\/#primaryimage\"},\"thumbnailUrl\":\"https:\\\/\\\/blogit.lab.fi\\\/labfocus\\\/wp-content\\\/uploads\\\/sites\\\/8\\\/2023\\\/03\\\/132_2023_Vetovoimaisuutta-ja-pitoa-lahtelaisiin-yrityksiin.jpg\",\"keywords\":[\"Artikkeli E1\",\"monimuotoisuus\",\"opiskelijayhteisty\u00f6\",\"ty\u00f6el\u00e4m\u00e4yhteisty\u00f6\",\"Vetovoimaisuus\",\"yhteiskuntavastuu\"],\"inLanguage\":\"fi\"},{\"@type\":\"WebPage\",\"@id\":\"https:\\\/\\\/blogit.lab.fi\\\/labfocus\\\/vetovoimaisuutta-ja-pitoa-lahtelaisiin-yrityksiin\\\/\",\"url\":\"https:\\\/\\\/blogit.lab.fi\\\/labfocus\\\/vetovoimaisuutta-ja-pitoa-lahtelaisiin-yrityksiin\\\/\",\"name\":\"Vetovoimaisuutta ja pitoa lahtelaisiin yrityksiin - LAB Focus\",\"isPartOf\":{\"@id\":\"https:\\\/\\\/blogit.lab.fi\\\/labfocus\\\/#website\"},\"primaryImageOfPage\":{\"@id\":\"https:\\\/\\\/blogit.lab.fi\\\/labfocus\\\/vetovoimaisuutta-ja-pitoa-lahtelaisiin-yrityksiin\\\/#primaryimage\"},\"image\":{\"@id\":\"https:\\\/\\\/blogit.lab.fi\\\/labfocus\\\/vetovoimaisuutta-ja-pitoa-lahtelaisiin-yrityksiin\\\/#primaryimage\"},\"thumbnailUrl\":\"https:\\\/\\\/blogit.lab.fi\\\/labfocus\\\/wp-content\\\/uploads\\\/sites\\\/8\\\/2023\\\/03\\\/132_2023_Vetovoimaisuutta-ja-pitoa-lahtelaisiin-yrityksiin.jpg\",\"datePublished\":\"2023-03-13T10:57:43+00:00\",\"dateModified\":\"2023-03-13T10:57:44+00:00\",\"description\":\"Video kertoo lahtelaisten yritysten vetovoimatekij\u00f6ist\u00e4.\",\"breadcrumb\":{\"@id\":\"https:\\\/\\\/blogit.lab.fi\\\/labfocus\\\/vetovoimaisuutta-ja-pitoa-lahtelaisiin-yrityksiin\\\/#breadcrumb\"},\"inLanguage\":\"fi\",\"potentialAction\":[{\"@type\":\"ReadAction\",\"target\":[\"https:\\\/\\\/blogit.lab.fi\\\/labfocus\\\/vetovoimaisuutta-ja-pitoa-lahtelaisiin-yrityksiin\\\/\"]}]},{\"@type\":\"ImageObject\",\"inLanguage\":\"fi\",\"@id\":\"https:\\\/\\\/blogit.lab.fi\\\/labfocus\\\/vetovoimaisuutta-ja-pitoa-lahtelaisiin-yrityksiin\\\/#primaryimage\",\"url\":\"https:\\\/\\\/blogit.lab.fi\\\/labfocus\\\/wp-content\\\/uploads\\\/sites\\\/8\\\/2023\\\/03\\\/132_2023_Vetovoimaisuutta-ja-pitoa-lahtelaisiin-yrityksiin.jpg\",\"contentUrl\":\"https:\\\/\\\/blogit.lab.fi\\\/labfocus\\\/wp-content\\\/uploads\\\/sites\\\/8\\\/2023\\\/03\\\/132_2023_Vetovoimaisuutta-ja-pitoa-lahtelaisiin-yrityksiin.jpg\",\"width\":1280,\"height\":721},{\"@type\":\"BreadcrumbList\",\"@id\":\"https:\\\/\\\/blogit.lab.fi\\\/labfocus\\\/vetovoimaisuutta-ja-pitoa-lahtelaisiin-yrityksiin\\\/#breadcrumb\",\"itemListElement\":[{\"@type\":\"ListItem\",\"position\":1,\"name\":\"Home\",\"item\":\"https:\\\/\\\/blogit.lab.fi\\\/labfocus\\\/\"},{\"@type\":\"ListItem\",\"position\":2,\"name\":\"Vetovoimaisuutta ja pitoa lahtelaisiin yrityksiin\"}]},{\"@type\":\"WebSite\",\"@id\":\"https:\\\/\\\/blogit.lab.fi\\\/labfocus\\\/#website\",\"url\":\"https:\\\/\\\/blogit.lab.fi\\\/labfocus\\\/\",\"name\":\"LAB Focus\",\"description\":\"Focus Area blog | LAB University of Applied Sciences\",\"publisher\":{\"@id\":\"https:\\\/\\\/blogit.lab.fi\\\/labfocus\\\/#organization\"},\"potentialAction\":[{\"@type\":\"SearchAction\",\"target\":{\"@type\":\"EntryPoint\",\"urlTemplate\":\"https:\\\/\\\/blogit.lab.fi\\\/labfocus\\\/?s={search_term_string}\"},\"query-input\":{\"@type\":\"PropertyValueSpecification\",\"valueRequired\":true,\"valueName\":\"search_term_string\"}}],\"inLanguage\":\"fi\"},{\"@type\":\"Organization\",\"@id\":\"https:\\\/\\\/blogit.lab.fi\\\/labfocus\\\/#organization\",\"name\":\"LAB Focus\",\"url\":\"https:\\\/\\\/blogit.lab.fi\\\/labfocus\\\/\",\"logo\":{\"@type\":\"ImageObject\",\"inLanguage\":\"fi\",\"@id\":\"https:\\\/\\\/blogit.lab.fi\\\/labfocus\\\/#\\\/schema\\\/logo\\\/image\\\/\",\"url\":\"https:\\\/\\\/blogit.lab.fi\\\/labfocus\\\/wp-content\\\/uploads\\\/sites\\\/8\\\/2020\\\/04\\\/cropped-cropped-tunnus_blogi-01.png\",\"contentUrl\":\"https:\\\/\\\/blogit.lab.fi\\\/labfocus\\\/wp-content\\\/uploads\\\/sites\\\/8\\\/2020\\\/04\\\/cropped-cropped-tunnus_blogi-01.png\",\"width\":1342,\"height\":288,\"caption\":\"LAB Focus\"},\"image\":{\"@id\":\"https:\\\/\\\/blogit.lab.fi\\\/labfocus\\\/#\\\/schema\\\/logo\\\/image\\\/\"},\"sameAs\":[\"https:\\\/\\\/x.com\\\/LABfinland\"]},{\"@type\":\"Person\",\"@id\":\"https:\\\/\\\/blogit.lab.fi\\\/labfocus\\\/#\\\/schema\\\/person\\\/da729f65c4a2fb9fd8f0b1ec7a2ab7d0\",\"name\":\"tainask\",\"image\":{\"@type\":\"ImageObject\",\"inLanguage\":\"fi\",\"@id\":\"https:\\\/\\\/secure.gravatar.com\\\/avatar\\\/4a96427877ef826b76e80c27f60b266128094f522551459346efcf14282febb3?s=96&d=mm&r=g\",\"url\":\"https:\\\/\\\/secure.gravatar.com\\\/avatar\\\/4a96427877ef826b76e80c27f60b266128094f522551459346efcf14282febb3?s=96&d=mm&r=g\",\"contentUrl\":\"https:\\\/\\\/secure.gravatar.com\\\/avatar\\\/4a96427877ef826b76e80c27f60b266128094f522551459346efcf14282febb3?s=96&d=mm&r=g\",\"caption\":\"tainask\"},\"url\":\"https:\\\/\\\/blogit.lab.fi\\\/labfocus\\\/author\\\/tainask\\\/\"}]}<\/script>\n<!-- \/ Yoast SEO plugin. -->","yoast_head_json":{"title":"Vetovoimaisuutta ja pitoa lahtelaisiin yrityksiin - LAB Focus","description":"Video kertoo lahtelaisten yritysten vetovoimatekij\u00f6ist\u00e4.","robots":{"index":"index","follow":"follow","max-snippet":"max-snippet:-1","max-image-preview":"max-image-preview:large","max-video-preview":"max-video-preview:-1"},"canonical":"https:\/\/blogit.lab.fi\/labfocus\/vetovoimaisuutta-ja-pitoa-lahtelaisiin-yrityksiin\/","og_locale":"fi_FI","og_type":"article","og_title":"Vetovoimaisuutta ja pitoa lahtelaisiin yrityksiin - LAB Focus","og_description":"Video kertoo lahtelaisten yritysten vetovoimatekij\u00f6ist\u00e4.","og_url":"https:\/\/blogit.lab.fi\/labfocus\/vetovoimaisuutta-ja-pitoa-lahtelaisiin-yrityksiin\/","og_site_name":"LAB Focus","article_published_time":"2023-03-13T10:57:43+00:00","article_modified_time":"2023-03-13T10:57:44+00:00","og_image":[{"width":1280,"height":721,"url":"https:\/\/blogit.lab.fi\/labfocus\/wp-content\/uploads\/sites\/8\/2023\/03\/132_2023_Vetovoimaisuutta-ja-pitoa-lahtelaisiin-yrityksiin.jpg","type":"image\/jpeg"}],"author":"tainask","twitter_card":"summary_large_image","twitter_creator":"@LABfinland","twitter_site":"@LABfinland","twitter_misc":{"Kirjoittanut":"tainask","Arvioitu lukuaika":"3 minuuttia"},"schema":{"@context":"https:\/\/schema.org","@graph":[{"@type":"Article","@id":"https:\/\/blogit.lab.fi\/labfocus\/vetovoimaisuutta-ja-pitoa-lahtelaisiin-yrityksiin\/#article","isPartOf":{"@id":"https:\/\/blogit.lab.fi\/labfocus\/vetovoimaisuutta-ja-pitoa-lahtelaisiin-yrityksiin\/"},"author":{"name":"tainask","@id":"https:\/\/blogit.lab.fi\/labfocus\/#\/schema\/person\/da729f65c4a2fb9fd8f0b1ec7a2ab7d0"},"headline":"Vetovoimaisuutta ja pitoa lahtelaisiin yrityksiin","datePublished":"2023-03-13T10:57:43+00:00","dateModified":"2023-03-13T10:57:44+00:00","mainEntityOfPage":{"@id":"https:\/\/blogit.lab.fi\/labfocus\/vetovoimaisuutta-ja-pitoa-lahtelaisiin-yrityksiin\/"},"wordCount":504,"publisher":{"@id":"https:\/\/blogit.lab.fi\/labfocus\/#organization"},"image":{"@id":"https:\/\/blogit.lab.fi\/labfocus\/vetovoimaisuutta-ja-pitoa-lahtelaisiin-yrityksiin\/#primaryimage"},"thumbnailUrl":"https:\/\/blogit.lab.fi\/labfocus\/wp-content\/uploads\/sites\/8\/2023\/03\/132_2023_Vetovoimaisuutta-ja-pitoa-lahtelaisiin-yrityksiin.jpg","keywords":["Artikkeli E1","monimuotoisuus","opiskelijayhteisty\u00f6","ty\u00f6el\u00e4m\u00e4yhteisty\u00f6","Vetovoimaisuus","yhteiskuntavastuu"],"inLanguage":"fi"},{"@type":"WebPage","@id":"https:\/\/blogit.lab.fi\/labfocus\/vetovoimaisuutta-ja-pitoa-lahtelaisiin-yrityksiin\/","url":"https:\/\/blogit.lab.fi\/labfocus\/vetovoimaisuutta-ja-pitoa-lahtelaisiin-yrityksiin\/","name":"Vetovoimaisuutta ja pitoa lahtelaisiin yrityksiin - LAB Focus","isPartOf":{"@id":"https:\/\/blogit.lab.fi\/labfocus\/#website"},"primaryImageOfPage":{"@id":"https:\/\/blogit.lab.fi\/labfocus\/vetovoimaisuutta-ja-pitoa-lahtelaisiin-yrityksiin\/#primaryimage"},"image":{"@id":"https:\/\/blogit.lab.fi\/labfocus\/vetovoimaisuutta-ja-pitoa-lahtelaisiin-yrityksiin\/#primaryimage"},"thumbnailUrl":"https:\/\/blogit.lab.fi\/labfocus\/wp-content\/uploads\/sites\/8\/2023\/03\/132_2023_Vetovoimaisuutta-ja-pitoa-lahtelaisiin-yrityksiin.jpg","datePublished":"2023-03-13T10:57:43+00:00","dateModified":"2023-03-13T10:57:44+00:00","description":"Video kertoo lahtelaisten yritysten vetovoimatekij\u00f6ist\u00e4.","breadcrumb":{"@id":"https:\/\/blogit.lab.fi\/labfocus\/vetovoimaisuutta-ja-pitoa-lahtelaisiin-yrityksiin\/#breadcrumb"},"inLanguage":"fi","potentialAction":[{"@type":"ReadAction","target":["https:\/\/blogit.lab.fi\/labfocus\/vetovoimaisuutta-ja-pitoa-lahtelaisiin-yrityksiin\/"]}]},{"@type":"ImageObject","inLanguage":"fi","@id":"https:\/\/blogit.lab.fi\/labfocus\/vetovoimaisuutta-ja-pitoa-lahtelaisiin-yrityksiin\/#primaryimage","url":"https:\/\/blogit.lab.fi\/labfocus\/wp-content\/uploads\/sites\/8\/2023\/03\/132_2023_Vetovoimaisuutta-ja-pitoa-lahtelaisiin-yrityksiin.jpg","contentUrl":"https:\/\/blogit.lab.fi\/labfocus\/wp-content\/uploads\/sites\/8\/2023\/03\/132_2023_Vetovoimaisuutta-ja-pitoa-lahtelaisiin-yrityksiin.jpg","width":1280,"height":721},{"@type":"BreadcrumbList","@id":"https:\/\/blogit.lab.fi\/labfocus\/vetovoimaisuutta-ja-pitoa-lahtelaisiin-yrityksiin\/#breadcrumb","itemListElement":[{"@type":"ListItem","position":1,"name":"Home","item":"https:\/\/blogit.lab.fi\/labfocus\/"},{"@type":"ListItem","position":2,"name":"Vetovoimaisuutta ja pitoa lahtelaisiin yrityksiin"}]},{"@type":"WebSite","@id":"https:\/\/blogit.lab.fi\/labfocus\/#website","url":"https:\/\/blogit.lab.fi\/labfocus\/","name":"LAB Focus","description":"Focus Area blog | LAB University of Applied Sciences","publisher":{"@id":"https:\/\/blogit.lab.fi\/labfocus\/#organization"},"potentialAction":[{"@type":"SearchAction","target":{"@type":"EntryPoint","urlTemplate":"https:\/\/blogit.lab.fi\/labfocus\/?s={search_term_string}"},"query-input":{"@type":"PropertyValueSpecification","valueRequired":true,"valueName":"search_term_string"}}],"inLanguage":"fi"},{"@type":"Organization","@id":"https:\/\/blogit.lab.fi\/labfocus\/#organization","name":"LAB Focus","url":"https:\/\/blogit.lab.fi\/labfocus\/","logo":{"@type":"ImageObject","inLanguage":"fi","@id":"https:\/\/blogit.lab.fi\/labfocus\/#\/schema\/logo\/image\/","url":"https:\/\/blogit.lab.fi\/labfocus\/wp-content\/uploads\/sites\/8\/2020\/04\/cropped-cropped-tunnus_blogi-01.png","contentUrl":"https:\/\/blogit.lab.fi\/labfocus\/wp-content\/uploads\/sites\/8\/2020\/04\/cropped-cropped-tunnus_blogi-01.png","width":1342,"height":288,"caption":"LAB Focus"},"image":{"@id":"https:\/\/blogit.lab.fi\/labfocus\/#\/schema\/logo\/image\/"},"sameAs":["https:\/\/x.com\/LABfinland"]},{"@type":"Person","@id":"https:\/\/blogit.lab.fi\/labfocus\/#\/schema\/person\/da729f65c4a2fb9fd8f0b1ec7a2ab7d0","name":"tainask","image":{"@type":"ImageObject","inLanguage":"fi","@id":"https:\/\/secure.gravatar.com\/avatar\/4a96427877ef826b76e80c27f60b266128094f522551459346efcf14282febb3?s=96&d=mm&r=g","url":"https:\/\/secure.gravatar.com\/avatar\/4a96427877ef826b76e80c27f60b266128094f522551459346efcf14282febb3?s=96&d=mm&r=g","contentUrl":"https:\/\/secure.gravatar.com\/avatar\/4a96427877ef826b76e80c27f60b266128094f522551459346efcf14282febb3?s=96&d=mm&r=g","caption":"tainask"},"url":"https:\/\/blogit.lab.fi\/labfocus\/author\/tainask\/"}]}},"_links":{"self":[{"href":"https:\/\/blogit.lab.fi\/labfocus\/wp-json\/wp\/v2\/posts\/12253","targetHints":{"allow":["GET"]}}],"collection":[{"href":"https:\/\/blogit.lab.fi\/labfocus\/wp-json\/wp\/v2\/posts"}],"about":[{"href":"https:\/\/blogit.lab.fi\/labfocus\/wp-json\/wp\/v2\/types\/post"}],"author":[{"embeddable":true,"href":"https:\/\/blogit.lab.fi\/labfocus\/wp-json\/wp\/v2\/users\/17"}],"replies":[{"embeddable":true,"href":"https:\/\/blogit.lab.fi\/labfocus\/wp-json\/wp\/v2\/comments?post=12253"}],"version-history":[{"count":1,"href":"https:\/\/blogit.lab.fi\/labfocus\/wp-json\/wp\/v2\/posts\/12253\/revisions"}],"predecessor-version":[{"id":12256,"href":"https:\/\/blogit.lab.fi\/labfocus\/wp-json\/wp\/v2\/posts\/12253\/revisions\/12256"}],"wp:featuredmedia":[{"embeddable":true,"href":"https:\/\/blogit.lab.fi\/labfocus\/wp-json\/wp\/v2\/media\/12255"}],"wp:attachment":[{"href":"https:\/\/blogit.lab.fi\/labfocus\/wp-json\/wp\/v2\/media?parent=12253"}],"wp:term":[{"taxonomy":"category","embeddable":true,"href":"https:\/\/blogit.lab.fi\/labfocus\/wp-json\/wp\/v2\/categories?post=12253"},{"taxonomy":"post_tag","embeddable":true,"href":"https:\/\/blogit.lab.fi\/labfocus\/wp-json\/wp\/v2\/tags?post=12253"}],"curies":[{"name":"wp","href":"https:\/\/api.w.org\/{rel}","templated":true}]}}