{"id":13041,"date":"2023-05-10T10:47:38","date_gmt":"2023-05-10T07:47:38","guid":{"rendered":"https:\/\/blogit.lab.fi\/labfocus\/?p=13041"},"modified":"2023-05-10T11:06:53","modified_gmt":"2023-05-10T08:06:53","slug":"sahkoinen-nakyvyys-kuntoon-myos-omistajanvaihdoksissa","status":"publish","type":"post","link":"https:\/\/blogit.lab.fi\/labfocus\/sahkoinen-nakyvyys-kuntoon-myos-omistajanvaihdoksissa\/","title":{"rendered":"S\u00e4hk\u00f6inen n\u00e4kyvyys kuntoon my\u00f6s omistajanvaihdoksissa"},"content":{"rendered":"\n<p>S\u00e4hk\u00f6isen n\u00e4kyvyyden parantaminen yritysten omistajanvaihdostilanteissa ei v\u00e4ltt\u00e4m\u00e4tt\u00e4 ole yritt\u00e4j\u00e4lle se ensimm\u00e4isen\u00e4 mieleen tuleva asia. Etenkin jos itse yritystoiminnassa on p\u00e4rj\u00e4tty ilman suuria s\u00e4hk\u00f6isen n\u00e4kyvyyden toimia, kuten sosiaalisen median sivuja eri kanavissa. S\u00e4hk\u00f6isen n\u00e4kyvyyden on todettu olevan er\u00e4\u00e4nlainen yrityksen k\u00e4yntikortti, joten siihen panostaminen my\u00f6s omistajanvaihdostilanteessa on monesti perusteltua (Kokkonen 2023).<\/p>\n\n\n\n<p>LAB-ammattikorkeakoulun hallinnoima Yritysten elinkaarivalmennus ELIVA toteutti omistajavaihdosta suunnitteleville yritt\u00e4jill\u00e4 koulutusseminaarin, jossa k\u00e4siteltiin s\u00e4hk\u00f6isen n\u00e4kyvyyden nykytilannetta ja tehostamista. ELIVA-hankkeessa on tavoitteena luoda malli, jolla integroidaan LAB-ammattikorkeakoulun asiantuntemusta, opetusta ja Etel\u00e4-Karjalan alueen yrityskentt\u00e4\u00e4.<\/p>\n\n\n\n<p><a href=\"https:\/\/www.lab.fi\/fi\/projekti\/yritysten-elinkaarivalmennushanke-eliva\" target=\"_blank\" rel=\"noreferrer noopener\">T\u00e4st\u00e4 linkist\u00e4 p\u00e4\u00e4set ELIVA -hankkeen verkkosivuille<\/a>. (Linkki 1)<\/p>\n\n\n\n<p>Omistajanvaihdos-ty\u00f6pakettiin kuuluvassa S\u00e4hk\u00f6inen n\u00e4kyvyys kuntoon -koulutuksessa toimi kouluttajana ja asiantuntijana Juha-Matti Kupiainen Mainostoimisto Dominuksesta.<\/p>\n\n\n\n<h2 class=\"wp-block-heading\">Verkkosivujen t\u00e4ytyy olla aidosti toimivia ja p\u00e4ivitett\u00e4vi\u00e4<\/h2>\n\n\n\n<p>Jos ennen riitti, ett\u00e4 verkkosivut olivat kivan n\u00e4k\u00f6isi\u00e4, niin nyky\u00e4\u00e4n niill\u00e4 on paljon isompi rooli. Sivujen on oltava responsiivisi\u00e4, eli niiden on toimittavat tietokoneiden lis\u00e4ksi erityisesti mobiililaitteissa. Lis\u00e4ksi sivujen tulisi olla mahdollisimman helposti p\u00e4ivitett\u00e4vi\u00e4, jotta ne tulisi my\u00f6s p\u00e4ivitetty\u00e4 ja jotta niilt\u00e4 l\u00f6ytyisi aina ajantasainen tieto. Vanhaa tai vanhentunutta tietoa sis\u00e4lt\u00e4v\u00e4t verkkosivut antavat yrityksest\u00e4 monesti huonon kuvan. Parhaimmillaan verkkosivut v\u00e4litt\u00e4v\u00e4t my\u00f6s tunnelmaa, eli vahvistavat yrityksen br\u00e4ndi\u00e4. T\u00e4m\u00e4n vuoksi erityisesti kuviin olisi syyt\u00e4 panostaa ja harkita ammattikuvaajan k\u00e4ytt\u00e4mist\u00e4 (Kupiainen 2023).<\/p>\n\n\n\n<figure class=\"wp-block-image size-large\"><img loading=\"lazy\" decoding=\"async\" width=\"1024\" height=\"626\" src=\"https:\/\/blogit.lab.fi\/labfocus\/wp-content\/uploads\/sites\/8\/2023\/05\/284_2023_Sahkoinen-nakyvyys-kuntoon-myos-omistajanvaihdoksissa-1024x626.jpg\" alt=\"\" class=\"wp-image-13042\" srcset=\"https:\/\/blogit.lab.fi\/labfocus\/wp-content\/uploads\/sites\/8\/2023\/05\/284_2023_Sahkoinen-nakyvyys-kuntoon-myos-omistajanvaihdoksissa-1024x626.jpg 1024w, https:\/\/blogit.lab.fi\/labfocus\/wp-content\/uploads\/sites\/8\/2023\/05\/284_2023_Sahkoinen-nakyvyys-kuntoon-myos-omistajanvaihdoksissa-300x184.jpg 300w, https:\/\/blogit.lab.fi\/labfocus\/wp-content\/uploads\/sites\/8\/2023\/05\/284_2023_Sahkoinen-nakyvyys-kuntoon-myos-omistajanvaihdoksissa-768x470.jpg 768w, https:\/\/blogit.lab.fi\/labfocus\/wp-content\/uploads\/sites\/8\/2023\/05\/284_2023_Sahkoinen-nakyvyys-kuntoon-myos-omistajanvaihdoksissa-570x349.jpg 570w, https:\/\/blogit.lab.fi\/labfocus\/wp-content\/uploads\/sites\/8\/2023\/05\/284_2023_Sahkoinen-nakyvyys-kuntoon-myos-omistajanvaihdoksissa.jpg 1280w\" sizes=\"auto, (max-width: 1024px) 100vw, 1024px\" \/><figcaption class=\"wp-element-caption\">Kuva 1. S\u00e4hk\u00f6inen n\u00e4kyvyys on nykyisin eritt\u00e4in t\u00e4rke\u00e4ss\u00e4 roolissa. (Fancycrave1 2015)<\/figcaption><\/figure>\n\n\n\n<h2 class=\"wp-block-heading\">Digitaalinen viestint\u00e4 helposti mitattavissa<\/h2>\n\n\n\n<p>Vaikka keskustelussa tuli ilmi, ett\u00e4 perinteinen mainonta toimii edelleen ja esim. lehtimainonnalla on viel\u00e4 paikkansa, niin Kupiaisen (2023) mukaan digimainonnan teho on helpoiten mitattavissa. Lehti- ja muista printtimainoksista ei pystyt\u00e4 sanomaan ketk\u00e4 sen lopulta n\u00e4kiv\u00e4t, mutta digimainonta on mittavissa ja mainoksen n\u00e4kij\u00f6iden profiili pystym\u00e4\u00e4n m\u00e4\u00e4ritt\u00e4m\u00e4\u00e4n. Samoin my\u00f6s verkkosivuilla vierailevien sivuilla vietetty aika, sek\u00e4 mist\u00e4 he ovat sivuille tulleet, pystyt\u00e4\u00e4n nykykonstein n\u00e4kem\u00e4\u00e4n helposti.<\/p>\n\n\n\n<h2 class=\"wp-block-heading\">Kohderyhm\u00e4n m\u00e4\u00e4rittely t\u00e4rkeint\u00e4<\/h2>\n\n\n\n<p>Koulutusp\u00e4iv\u00e4n ehk\u00e4p\u00e4 t\u00e4rkeimm\u00e4ksi sanomaksi muodostui, ett\u00e4 yritt\u00e4j\u00e4n tulee pysty\u00e4 m\u00e4\u00e4ritt\u00e4m\u00e4\u00e4n oma kohderyhm\u00e4ns\u00e4. Kupiaisen (2023) mukaan t\u00e4m\u00e4 m\u00e4\u00e4ritt\u00e4\u00e4 sen kenelle verkkosivut on hyv\u00e4 suunnitella ja suunnata, sek\u00e4 mit\u00e4 sosiaalisen median kanavia on kunkin yrityksen kannattavaa k\u00e4ytt\u00e4\u00e4. Ja jos yrityksell\u00e4 ei ole sosiaalisen median kanavia t\u00e4ll\u00e4 hetkell\u00e4 k\u00e4yt\u00f6ss\u00e4, kannattaisi ne hankkia omistajanvaihdosta ajatellen. Uudella yritt\u00e4j\u00e4ll\u00e4 voi hyvinkin olla k\u00e4ytt\u00f6\u00e4 yrityksen kanaville tulevaisuudessa.<\/p>\n\n\n\n<p>Koulutusp\u00e4iv\u00e4n aihe koettiin eritt\u00e4in t\u00e4rke\u00e4ksi, ja p\u00e4iv\u00e4n anti her\u00e4ttikin paljon keskustelua osallistujissa.<\/p>\n\n\n\n<div class=\"wp-block-group has-background\" style=\"background-color:#b3edfb\"><div class=\"wp-block-group__inner-container is-layout-constrained wp-block-group-is-layout-constrained\">\n<p>Kirjoittaja<\/p>\n\n\n\n<p><strong>Sampo Kokkonen<\/strong> toimii asiantuntijana ELIVA-hankkeessa (Linkki 1) sek\u00e4 tiimivalmentajana ja markkinoinnin lehtorina LAB-ammattikorkeakoulussa.<\/p>\n<\/div><\/div>\n\n\n<div class=\"wp-block-image\">\n<figure class=\"aligncenter size-full is-resized\"><img loading=\"lazy\" decoding=\"async\" src=\"https:\/\/blogit.lab.fi\/labfocus\/wp-content\/uploads\/sites\/8\/2023\/05\/EAKRvipuetelakarjala_217x100px.png\" alt=\"\" class=\"wp-image-13043\" width=\"329\" height=\"152\" \/><\/figure>\n<\/div>\n\n\n<h2 class=\"wp-block-heading\">L\u00e4hteet<\/h2>\n\n\n\n<p>Fancycrave1. 2015. K\u00e4det, ipad, tabletti ,tekniikka. Pixabay. Viitattu 3.5.2023. Saatavissa <a href=\"https:\/\/pixabay.com\/fi\/photos\/k%c3%a4det-ipad-tabletti-tekniikkaa-820272\/\" target=\"_blank\" rel=\"noreferrer noopener\">https:\/\/pixabay.com\/fi\/photos\/k%c3%a4det-ipad-tabletti-tekniikkaa-820272\/<\/a><\/p>\n\n\n\n<p>Kokkonen, S. 2023. S\u00e4hk\u00f6inen n\u00e4kyvyys \u2013 tarvitaanko sit\u00e4?. LAB Focus. Viitattu 3.5.2023. Saatavissa <a href=\"https:\/\/blogit.lab.fi\/labfocus\/sahkoinen-nakyvyys-tarvitaanko-sita\/\" target=\"_blank\" rel=\"noreferrer noopener\">https:\/\/blogit.lab.fi\/labfocus\/sahkoinen-nakyvyys-tarvitaanko-sita\/<\/a><\/p>\n\n\n\n<p>Kupiainen, J. 2023. S\u00e4hk\u00f6inen n\u00e4kyvyys kuntoon. Esitys ELIVA-hankkeen Omistajanvaihdos osa 2: Kehit\u00e4 edelleen -koulutusp\u00e4iv\u00e4ss\u00e4. 3.5.2023. Lappeenranta.<\/p>\n\n\n\n<h2 class=\"wp-block-heading\">Linkit<\/h2>\n\n\n\n<p>Linkki 1. LAB. 2023. Yritysten elinkaarivalmennushanke ELIVA. Viitattu 3.5.2023. Saatavissa <a href=\"https:\/\/www.lab.fi\/fi\/projekti\/yritysten-elinkaarivalmennushanke-eliva\" target=\"_blank\" rel=\"noreferrer noopener\">https:\/\/www.lab.fi\/fi\/projekti\/yritysten-elinkaarivalmennushanke-eliva<\/a><\/p>\n","protected":false},"excerpt":{"rendered":"<p>S\u00e4hk\u00f6isen n\u00e4kyvyyden parantaminen yritysten omistajanvaihdostilanteissa ei v\u00e4ltt\u00e4m\u00e4tt\u00e4 ole yritt\u00e4j\u00e4lle se ensimm\u00e4isen\u00e4 mieleen tuleva asia. Etenkin jos itse yritystoiminnassa on p\u00e4rj\u00e4tty ilman suuria s\u00e4hk\u00f6isen n\u00e4kyvyyden toimia, kuten sosiaalisen median sivuja eri kanavissa. S\u00e4hk\u00f6isen n\u00e4kyvyyden on todettu olevan er\u00e4\u00e4nlainen yrityksen k\u00e4yntikortti, joten siihen panostaminen my\u00f6s omistajanvaihdostilanteessa on monesti perusteltua (Kokkonen 2023). LAB-ammattikorkeakoulun hallinnoima Yritysten elinkaarivalmennus ELIVA toteutti [&hellip;]<\/p>\n","protected":false},"author":17,"featured_media":13042,"comment_status":"closed","ping_status":"open","sticky":false,"template":"","format":"standard","meta":{"footnotes":""},"categories":[19,403],"tags":[29,4847,6005,1589,3660],"class_list":{"0":"post-13041","1":"post","2":"type-post","3":"status-publish","4":"format-standard","5":"has-post-thumbnail","7":"category-innovations_fi","8":"category-liiketoiminnan-muotoilu-ja-runsas-arvo","9":"tag-artikkeli-e1","10":"tag-omistajanvaihdos-fi","11":"tag-sahkoinen-nakyvyys","12":"tag-sosiaalinen-media","13":"tag-verkkosivut","14":"czr-hentry"},"yoast_head":"<!-- This site is optimized with the Yoast SEO plugin v27.5 - https:\/\/yoast.com\/product\/yoast-seo-wordpress\/ -->\n<title>S\u00e4hk\u00f6inen n\u00e4kyvyys kuntoon my\u00f6s omistajanvaihdoksissa - LAB Focus<\/title>\n<meta name=\"description\" content=\"Yritysten kannattaa kiinnitt\u00e4\u00e4 huomiota digitaaliseen n\u00e4kyvyyteen. Digik\u00e4vij\u00e4t ovat my\u00f6s helpommin seurattavissa. ELIVA-hanke, LAB-ammattikorkeakoulu.\" \/>\n<meta name=\"robots\" content=\"index, follow, max-snippet:-1, max-image-preview:large, max-video-preview:-1\" \/>\n<link rel=\"canonical\" href=\"https:\/\/blogit.lab.fi\/labfocus\/sahkoinen-nakyvyys-kuntoon-myos-omistajanvaihdoksissa\/\" \/>\n<meta property=\"og:locale\" content=\"fi_FI\" \/>\n<meta property=\"og:type\" content=\"article\" \/>\n<meta property=\"og:title\" content=\"S\u00e4hk\u00f6inen n\u00e4kyvyys kuntoon my\u00f6s omistajanvaihdoksissa - LAB Focus\" \/>\n<meta property=\"og:description\" content=\"Yritysten kannattaa kiinnitt\u00e4\u00e4 huomiota digitaaliseen n\u00e4kyvyyteen. Digik\u00e4vij\u00e4t ovat my\u00f6s helpommin seurattavissa. ELIVA-hanke, LAB-ammattikorkeakoulu.\" \/>\n<meta property=\"og:url\" content=\"https:\/\/blogit.lab.fi\/labfocus\/sahkoinen-nakyvyys-kuntoon-myos-omistajanvaihdoksissa\/\" \/>\n<meta property=\"og:site_name\" content=\"LAB Focus\" \/>\n<meta property=\"article:published_time\" content=\"2023-05-10T07:47:38+00:00\" \/>\n<meta property=\"article:modified_time\" content=\"2023-05-10T08:06:53+00:00\" \/>\n<meta property=\"og:image\" content=\"https:\/\/blogit.lab.fi\/labfocus\/wp-content\/uploads\/sites\/8\/2023\/05\/284_2023_Sahkoinen-nakyvyys-kuntoon-myos-omistajanvaihdoksissa.jpg\" \/>\n\t<meta property=\"og:image:width\" content=\"1280\" \/>\n\t<meta property=\"og:image:height\" content=\"783\" \/>\n\t<meta property=\"og:image:type\" content=\"image\/jpeg\" \/>\n<meta name=\"author\" content=\"tainask\" \/>\n<meta name=\"twitter:card\" content=\"summary_large_image\" \/>\n<meta name=\"twitter:creator\" content=\"@LABfinland\" \/>\n<meta name=\"twitter:site\" content=\"@LABfinland\" \/>\n<meta name=\"twitter:label1\" content=\"Kirjoittanut\" \/>\n\t<meta name=\"twitter:data1\" content=\"tainask\" \/>\n\t<meta name=\"twitter:label2\" content=\"Arvioitu lukuaika\" \/>\n\t<meta name=\"twitter:data2\" content=\"3 minuuttia\" \/>\n<script type=\"application\/ld+json\" class=\"yoast-schema-graph\">{\"@context\":\"https:\\\/\\\/schema.org\",\"@graph\":[{\"@type\":\"Article\",\"@id\":\"https:\\\/\\\/blogit.lab.fi\\\/labfocus\\\/sahkoinen-nakyvyys-kuntoon-myos-omistajanvaihdoksissa\\\/#article\",\"isPartOf\":{\"@id\":\"https:\\\/\\\/blogit.lab.fi\\\/labfocus\\\/sahkoinen-nakyvyys-kuntoon-myos-omistajanvaihdoksissa\\\/\"},\"author\":{\"name\":\"tainask\",\"@id\":\"https:\\\/\\\/blogit.lab.fi\\\/labfocus\\\/#\\\/schema\\\/person\\\/da729f65c4a2fb9fd8f0b1ec7a2ab7d0\"},\"headline\":\"S\u00e4hk\u00f6inen n\u00e4kyvyys kuntoon my\u00f6s omistajanvaihdoksissa\",\"datePublished\":\"2023-05-10T07:47:38+00:00\",\"dateModified\":\"2023-05-10T08:06:53+00:00\",\"mainEntityOfPage\":{\"@id\":\"https:\\\/\\\/blogit.lab.fi\\\/labfocus\\\/sahkoinen-nakyvyys-kuntoon-myos-omistajanvaihdoksissa\\\/\"},\"wordCount\":533,\"publisher\":{\"@id\":\"https:\\\/\\\/blogit.lab.fi\\\/labfocus\\\/#organization\"},\"image\":{\"@id\":\"https:\\\/\\\/blogit.lab.fi\\\/labfocus\\\/sahkoinen-nakyvyys-kuntoon-myos-omistajanvaihdoksissa\\\/#primaryimage\"},\"thumbnailUrl\":\"https:\\\/\\\/blogit.lab.fi\\\/labfocus\\\/wp-content\\\/uploads\\\/sites\\\/8\\\/2023\\\/05\\\/284_2023_Sahkoinen-nakyvyys-kuntoon-myos-omistajanvaihdoksissa.jpg\",\"keywords\":[\"Artikkeli E1\",\"omistajanvaihdos\",\"s\u00e4hk\u00f6inen n\u00e4kyvyys\",\"sosiaalinen media\",\"verkkosivut\"],\"articleSection\":[\"Innovations\",\"Liiketoiminnan muotoilu ja runsas arvo\"],\"inLanguage\":\"fi\"},{\"@type\":\"WebPage\",\"@id\":\"https:\\\/\\\/blogit.lab.fi\\\/labfocus\\\/sahkoinen-nakyvyys-kuntoon-myos-omistajanvaihdoksissa\\\/\",\"url\":\"https:\\\/\\\/blogit.lab.fi\\\/labfocus\\\/sahkoinen-nakyvyys-kuntoon-myos-omistajanvaihdoksissa\\\/\",\"name\":\"S\u00e4hk\u00f6inen n\u00e4kyvyys kuntoon my\u00f6s omistajanvaihdoksissa - LAB Focus\",\"isPartOf\":{\"@id\":\"https:\\\/\\\/blogit.lab.fi\\\/labfocus\\\/#website\"},\"primaryImageOfPage\":{\"@id\":\"https:\\\/\\\/blogit.lab.fi\\\/labfocus\\\/sahkoinen-nakyvyys-kuntoon-myos-omistajanvaihdoksissa\\\/#primaryimage\"},\"image\":{\"@id\":\"https:\\\/\\\/blogit.lab.fi\\\/labfocus\\\/sahkoinen-nakyvyys-kuntoon-myos-omistajanvaihdoksissa\\\/#primaryimage\"},\"thumbnailUrl\":\"https:\\\/\\\/blogit.lab.fi\\\/labfocus\\\/wp-content\\\/uploads\\\/sites\\\/8\\\/2023\\\/05\\\/284_2023_Sahkoinen-nakyvyys-kuntoon-myos-omistajanvaihdoksissa.jpg\",\"datePublished\":\"2023-05-10T07:47:38+00:00\",\"dateModified\":\"2023-05-10T08:06:53+00:00\",\"description\":\"Yritysten kannattaa kiinnitt\u00e4\u00e4 huomiota digitaaliseen n\u00e4kyvyyteen. Digik\u00e4vij\u00e4t ovat my\u00f6s helpommin seurattavissa. ELIVA-hanke, LAB-ammattikorkeakoulu.\",\"breadcrumb\":{\"@id\":\"https:\\\/\\\/blogit.lab.fi\\\/labfocus\\\/sahkoinen-nakyvyys-kuntoon-myos-omistajanvaihdoksissa\\\/#breadcrumb\"},\"inLanguage\":\"fi\",\"potentialAction\":[{\"@type\":\"ReadAction\",\"target\":[\"https:\\\/\\\/blogit.lab.fi\\\/labfocus\\\/sahkoinen-nakyvyys-kuntoon-myos-omistajanvaihdoksissa\\\/\"]}]},{\"@type\":\"ImageObject\",\"inLanguage\":\"fi\",\"@id\":\"https:\\\/\\\/blogit.lab.fi\\\/labfocus\\\/sahkoinen-nakyvyys-kuntoon-myos-omistajanvaihdoksissa\\\/#primaryimage\",\"url\":\"https:\\\/\\\/blogit.lab.fi\\\/labfocus\\\/wp-content\\\/uploads\\\/sites\\\/8\\\/2023\\\/05\\\/284_2023_Sahkoinen-nakyvyys-kuntoon-myos-omistajanvaihdoksissa.jpg\",\"contentUrl\":\"https:\\\/\\\/blogit.lab.fi\\\/labfocus\\\/wp-content\\\/uploads\\\/sites\\\/8\\\/2023\\\/05\\\/284_2023_Sahkoinen-nakyvyys-kuntoon-myos-omistajanvaihdoksissa.jpg\",\"width\":1280,\"height\":783},{\"@type\":\"BreadcrumbList\",\"@id\":\"https:\\\/\\\/blogit.lab.fi\\\/labfocus\\\/sahkoinen-nakyvyys-kuntoon-myos-omistajanvaihdoksissa\\\/#breadcrumb\",\"itemListElement\":[{\"@type\":\"ListItem\",\"position\":1,\"name\":\"Home\",\"item\":\"https:\\\/\\\/blogit.lab.fi\\\/labfocus\\\/\"},{\"@type\":\"ListItem\",\"position\":2,\"name\":\"S\u00e4hk\u00f6inen n\u00e4kyvyys kuntoon my\u00f6s omistajanvaihdoksissa\"}]},{\"@type\":\"WebSite\",\"@id\":\"https:\\\/\\\/blogit.lab.fi\\\/labfocus\\\/#website\",\"url\":\"https:\\\/\\\/blogit.lab.fi\\\/labfocus\\\/\",\"name\":\"LAB Focus\",\"description\":\"Focus Area blog | LAB University of Applied Sciences\",\"publisher\":{\"@id\":\"https:\\\/\\\/blogit.lab.fi\\\/labfocus\\\/#organization\"},\"potentialAction\":[{\"@type\":\"SearchAction\",\"target\":{\"@type\":\"EntryPoint\",\"urlTemplate\":\"https:\\\/\\\/blogit.lab.fi\\\/labfocus\\\/?s={search_term_string}\"},\"query-input\":{\"@type\":\"PropertyValueSpecification\",\"valueRequired\":true,\"valueName\":\"search_term_string\"}}],\"inLanguage\":\"fi\"},{\"@type\":\"Organization\",\"@id\":\"https:\\\/\\\/blogit.lab.fi\\\/labfocus\\\/#organization\",\"name\":\"LAB Focus\",\"url\":\"https:\\\/\\\/blogit.lab.fi\\\/labfocus\\\/\",\"logo\":{\"@type\":\"ImageObject\",\"inLanguage\":\"fi\",\"@id\":\"https:\\\/\\\/blogit.lab.fi\\\/labfocus\\\/#\\\/schema\\\/logo\\\/image\\\/\",\"url\":\"https:\\\/\\\/blogit.lab.fi\\\/labfocus\\\/wp-content\\\/uploads\\\/sites\\\/8\\\/2020\\\/04\\\/cropped-cropped-tunnus_blogi-01.png\",\"contentUrl\":\"https:\\\/\\\/blogit.lab.fi\\\/labfocus\\\/wp-content\\\/uploads\\\/sites\\\/8\\\/2020\\\/04\\\/cropped-cropped-tunnus_blogi-01.png\",\"width\":1342,\"height\":288,\"caption\":\"LAB Focus\"},\"image\":{\"@id\":\"https:\\\/\\\/blogit.lab.fi\\\/labfocus\\\/#\\\/schema\\\/logo\\\/image\\\/\"},\"sameAs\":[\"https:\\\/\\\/x.com\\\/LABfinland\"]},{\"@type\":\"Person\",\"@id\":\"https:\\\/\\\/blogit.lab.fi\\\/labfocus\\\/#\\\/schema\\\/person\\\/da729f65c4a2fb9fd8f0b1ec7a2ab7d0\",\"name\":\"tainask\",\"image\":{\"@type\":\"ImageObject\",\"inLanguage\":\"fi\",\"@id\":\"https:\\\/\\\/secure.gravatar.com\\\/avatar\\\/4a96427877ef826b76e80c27f60b266128094f522551459346efcf14282febb3?s=96&d=mm&r=g\",\"url\":\"https:\\\/\\\/secure.gravatar.com\\\/avatar\\\/4a96427877ef826b76e80c27f60b266128094f522551459346efcf14282febb3?s=96&d=mm&r=g\",\"contentUrl\":\"https:\\\/\\\/secure.gravatar.com\\\/avatar\\\/4a96427877ef826b76e80c27f60b266128094f522551459346efcf14282febb3?s=96&d=mm&r=g\",\"caption\":\"tainask\"},\"url\":\"https:\\\/\\\/blogit.lab.fi\\\/labfocus\\\/author\\\/tainask\\\/\"}]}<\/script>\n<!-- \/ Yoast SEO plugin. -->","yoast_head_json":{"title":"S\u00e4hk\u00f6inen n\u00e4kyvyys kuntoon my\u00f6s omistajanvaihdoksissa - LAB Focus","description":"Yritysten kannattaa kiinnitt\u00e4\u00e4 huomiota digitaaliseen n\u00e4kyvyyteen. Digik\u00e4vij\u00e4t ovat my\u00f6s helpommin seurattavissa. ELIVA-hanke, LAB-ammattikorkeakoulu.","robots":{"index":"index","follow":"follow","max-snippet":"max-snippet:-1","max-image-preview":"max-image-preview:large","max-video-preview":"max-video-preview:-1"},"canonical":"https:\/\/blogit.lab.fi\/labfocus\/sahkoinen-nakyvyys-kuntoon-myos-omistajanvaihdoksissa\/","og_locale":"fi_FI","og_type":"article","og_title":"S\u00e4hk\u00f6inen n\u00e4kyvyys kuntoon my\u00f6s omistajanvaihdoksissa - LAB Focus","og_description":"Yritysten kannattaa kiinnitt\u00e4\u00e4 huomiota digitaaliseen n\u00e4kyvyyteen. Digik\u00e4vij\u00e4t ovat my\u00f6s helpommin seurattavissa. ELIVA-hanke, LAB-ammattikorkeakoulu.","og_url":"https:\/\/blogit.lab.fi\/labfocus\/sahkoinen-nakyvyys-kuntoon-myos-omistajanvaihdoksissa\/","og_site_name":"LAB Focus","article_published_time":"2023-05-10T07:47:38+00:00","article_modified_time":"2023-05-10T08:06:53+00:00","og_image":[{"width":1280,"height":783,"url":"https:\/\/blogit.lab.fi\/labfocus\/wp-content\/uploads\/sites\/8\/2023\/05\/284_2023_Sahkoinen-nakyvyys-kuntoon-myos-omistajanvaihdoksissa.jpg","type":"image\/jpeg"}],"author":"tainask","twitter_card":"summary_large_image","twitter_creator":"@LABfinland","twitter_site":"@LABfinland","twitter_misc":{"Kirjoittanut":"tainask","Arvioitu lukuaika":"3 minuuttia"},"schema":{"@context":"https:\/\/schema.org","@graph":[{"@type":"Article","@id":"https:\/\/blogit.lab.fi\/labfocus\/sahkoinen-nakyvyys-kuntoon-myos-omistajanvaihdoksissa\/#article","isPartOf":{"@id":"https:\/\/blogit.lab.fi\/labfocus\/sahkoinen-nakyvyys-kuntoon-myos-omistajanvaihdoksissa\/"},"author":{"name":"tainask","@id":"https:\/\/blogit.lab.fi\/labfocus\/#\/schema\/person\/da729f65c4a2fb9fd8f0b1ec7a2ab7d0"},"headline":"S\u00e4hk\u00f6inen n\u00e4kyvyys kuntoon my\u00f6s omistajanvaihdoksissa","datePublished":"2023-05-10T07:47:38+00:00","dateModified":"2023-05-10T08:06:53+00:00","mainEntityOfPage":{"@id":"https:\/\/blogit.lab.fi\/labfocus\/sahkoinen-nakyvyys-kuntoon-myos-omistajanvaihdoksissa\/"},"wordCount":533,"publisher":{"@id":"https:\/\/blogit.lab.fi\/labfocus\/#organization"},"image":{"@id":"https:\/\/blogit.lab.fi\/labfocus\/sahkoinen-nakyvyys-kuntoon-myos-omistajanvaihdoksissa\/#primaryimage"},"thumbnailUrl":"https:\/\/blogit.lab.fi\/labfocus\/wp-content\/uploads\/sites\/8\/2023\/05\/284_2023_Sahkoinen-nakyvyys-kuntoon-myos-omistajanvaihdoksissa.jpg","keywords":["Artikkeli E1","omistajanvaihdos","s\u00e4hk\u00f6inen n\u00e4kyvyys","sosiaalinen media","verkkosivut"],"articleSection":["Innovations","Liiketoiminnan muotoilu ja runsas arvo"],"inLanguage":"fi"},{"@type":"WebPage","@id":"https:\/\/blogit.lab.fi\/labfocus\/sahkoinen-nakyvyys-kuntoon-myos-omistajanvaihdoksissa\/","url":"https:\/\/blogit.lab.fi\/labfocus\/sahkoinen-nakyvyys-kuntoon-myos-omistajanvaihdoksissa\/","name":"S\u00e4hk\u00f6inen n\u00e4kyvyys kuntoon my\u00f6s omistajanvaihdoksissa - LAB Focus","isPartOf":{"@id":"https:\/\/blogit.lab.fi\/labfocus\/#website"},"primaryImageOfPage":{"@id":"https:\/\/blogit.lab.fi\/labfocus\/sahkoinen-nakyvyys-kuntoon-myos-omistajanvaihdoksissa\/#primaryimage"},"image":{"@id":"https:\/\/blogit.lab.fi\/labfocus\/sahkoinen-nakyvyys-kuntoon-myos-omistajanvaihdoksissa\/#primaryimage"},"thumbnailUrl":"https:\/\/blogit.lab.fi\/labfocus\/wp-content\/uploads\/sites\/8\/2023\/05\/284_2023_Sahkoinen-nakyvyys-kuntoon-myos-omistajanvaihdoksissa.jpg","datePublished":"2023-05-10T07:47:38+00:00","dateModified":"2023-05-10T08:06:53+00:00","description":"Yritysten kannattaa kiinnitt\u00e4\u00e4 huomiota digitaaliseen n\u00e4kyvyyteen. Digik\u00e4vij\u00e4t ovat my\u00f6s helpommin seurattavissa. ELIVA-hanke, LAB-ammattikorkeakoulu.","breadcrumb":{"@id":"https:\/\/blogit.lab.fi\/labfocus\/sahkoinen-nakyvyys-kuntoon-myos-omistajanvaihdoksissa\/#breadcrumb"},"inLanguage":"fi","potentialAction":[{"@type":"ReadAction","target":["https:\/\/blogit.lab.fi\/labfocus\/sahkoinen-nakyvyys-kuntoon-myos-omistajanvaihdoksissa\/"]}]},{"@type":"ImageObject","inLanguage":"fi","@id":"https:\/\/blogit.lab.fi\/labfocus\/sahkoinen-nakyvyys-kuntoon-myos-omistajanvaihdoksissa\/#primaryimage","url":"https:\/\/blogit.lab.fi\/labfocus\/wp-content\/uploads\/sites\/8\/2023\/05\/284_2023_Sahkoinen-nakyvyys-kuntoon-myos-omistajanvaihdoksissa.jpg","contentUrl":"https:\/\/blogit.lab.fi\/labfocus\/wp-content\/uploads\/sites\/8\/2023\/05\/284_2023_Sahkoinen-nakyvyys-kuntoon-myos-omistajanvaihdoksissa.jpg","width":1280,"height":783},{"@type":"BreadcrumbList","@id":"https:\/\/blogit.lab.fi\/labfocus\/sahkoinen-nakyvyys-kuntoon-myos-omistajanvaihdoksissa\/#breadcrumb","itemListElement":[{"@type":"ListItem","position":1,"name":"Home","item":"https:\/\/blogit.lab.fi\/labfocus\/"},{"@type":"ListItem","position":2,"name":"S\u00e4hk\u00f6inen n\u00e4kyvyys kuntoon my\u00f6s omistajanvaihdoksissa"}]},{"@type":"WebSite","@id":"https:\/\/blogit.lab.fi\/labfocus\/#website","url":"https:\/\/blogit.lab.fi\/labfocus\/","name":"LAB Focus","description":"Focus Area blog | LAB University of Applied Sciences","publisher":{"@id":"https:\/\/blogit.lab.fi\/labfocus\/#organization"},"potentialAction":[{"@type":"SearchAction","target":{"@type":"EntryPoint","urlTemplate":"https:\/\/blogit.lab.fi\/labfocus\/?s={search_term_string}"},"query-input":{"@type":"PropertyValueSpecification","valueRequired":true,"valueName":"search_term_string"}}],"inLanguage":"fi"},{"@type":"Organization","@id":"https:\/\/blogit.lab.fi\/labfocus\/#organization","name":"LAB Focus","url":"https:\/\/blogit.lab.fi\/labfocus\/","logo":{"@type":"ImageObject","inLanguage":"fi","@id":"https:\/\/blogit.lab.fi\/labfocus\/#\/schema\/logo\/image\/","url":"https:\/\/blogit.lab.fi\/labfocus\/wp-content\/uploads\/sites\/8\/2020\/04\/cropped-cropped-tunnus_blogi-01.png","contentUrl":"https:\/\/blogit.lab.fi\/labfocus\/wp-content\/uploads\/sites\/8\/2020\/04\/cropped-cropped-tunnus_blogi-01.png","width":1342,"height":288,"caption":"LAB Focus"},"image":{"@id":"https:\/\/blogit.lab.fi\/labfocus\/#\/schema\/logo\/image\/"},"sameAs":["https:\/\/x.com\/LABfinland"]},{"@type":"Person","@id":"https:\/\/blogit.lab.fi\/labfocus\/#\/schema\/person\/da729f65c4a2fb9fd8f0b1ec7a2ab7d0","name":"tainask","image":{"@type":"ImageObject","inLanguage":"fi","@id":"https:\/\/secure.gravatar.com\/avatar\/4a96427877ef826b76e80c27f60b266128094f522551459346efcf14282febb3?s=96&d=mm&r=g","url":"https:\/\/secure.gravatar.com\/avatar\/4a96427877ef826b76e80c27f60b266128094f522551459346efcf14282febb3?s=96&d=mm&r=g","contentUrl":"https:\/\/secure.gravatar.com\/avatar\/4a96427877ef826b76e80c27f60b266128094f522551459346efcf14282febb3?s=96&d=mm&r=g","caption":"tainask"},"url":"https:\/\/blogit.lab.fi\/labfocus\/author\/tainask\/"}]}},"_links":{"self":[{"href":"https:\/\/blogit.lab.fi\/labfocus\/wp-json\/wp\/v2\/posts\/13041","targetHints":{"allow":["GET"]}}],"collection":[{"href":"https:\/\/blogit.lab.fi\/labfocus\/wp-json\/wp\/v2\/posts"}],"about":[{"href":"https:\/\/blogit.lab.fi\/labfocus\/wp-json\/wp\/v2\/types\/post"}],"author":[{"embeddable":true,"href":"https:\/\/blogit.lab.fi\/labfocus\/wp-json\/wp\/v2\/users\/17"}],"replies":[{"embeddable":true,"href":"https:\/\/blogit.lab.fi\/labfocus\/wp-json\/wp\/v2\/comments?post=13041"}],"version-history":[{"count":5,"href":"https:\/\/blogit.lab.fi\/labfocus\/wp-json\/wp\/v2\/posts\/13041\/revisions"}],"predecessor-version":[{"id":13049,"href":"https:\/\/blogit.lab.fi\/labfocus\/wp-json\/wp\/v2\/posts\/13041\/revisions\/13049"}],"wp:featuredmedia":[{"embeddable":true,"href":"https:\/\/blogit.lab.fi\/labfocus\/wp-json\/wp\/v2\/media\/13042"}],"wp:attachment":[{"href":"https:\/\/blogit.lab.fi\/labfocus\/wp-json\/wp\/v2\/media?parent=13041"}],"wp:term":[{"taxonomy":"category","embeddable":true,"href":"https:\/\/blogit.lab.fi\/labfocus\/wp-json\/wp\/v2\/categories?post=13041"},{"taxonomy":"post_tag","embeddable":true,"href":"https:\/\/blogit.lab.fi\/labfocus\/wp-json\/wp\/v2\/tags?post=13041"}],"curies":[{"name":"wp","href":"https:\/\/api.w.org\/{rel}","templated":true}]}}