{"id":13055,"date":"2023-05-10T11:41:14","date_gmt":"2023-05-10T08:41:14","guid":{"rendered":"https:\/\/blogit.lab.fi\/labfocus\/?p=13055"},"modified":"2023-05-10T11:41:16","modified_gmt":"2023-05-10T08:41:16","slug":"tyokaluja-globaalikasvatukseen-korkeakouluissa","status":"publish","type":"post","link":"https:\/\/blogit.lab.fi\/labfocus\/tyokaluja-globaalikasvatukseen-korkeakouluissa\/","title":{"rendered":"Ty\u00f6kaluja globaalikasvatukseen korkeakouluissa"},"content":{"rendered":"\n<p>Aktiivisen maahanmuuton ja muuttuneen ty\u00f6el\u00e4m\u00e4n my\u00f6t\u00e4 globaaleihin haasteisiin vastaamisessa tarvitaan uutta tietoa ja osaamista. N\u00e4ihin tarpeisiin pyrkii vastaamaan GLOBDIVES-hanke (LAB 2023), joka kehitt\u00e4\u00e4 viitekehyst\u00e4 maailmankansalaisuuden ja monimuotoisuuden opettamiseen.<\/p>\n\n\n\n<h2 class=\"wp-block-heading\">Globaalikasvatus<\/h2>\n\n\n\n<p>Globaalikasvatuksella tarkoitetaan tavoitteellista toimintaa, jolla pyrit\u00e4\u00e4n vastaamaan muun muassa kulttuurienv\u00e4lisen vuorovaikutuksen sek\u00e4 globalisoituneen talouden vaatimiin uusiin tavoitteisiin (Vestman 2021, 5). Siihen kuuluu keskeisesti maailmankansalaisen etiikan pohtiminen, maapallon resurssien rajallisuuden ymm\u00e4rt\u00e4minen sek\u00e4 uusien taitojen opetteleminen liittyen siihen, kuinka toimia vastuullisemmin (Opetushallitus 2023).<\/p>\n\n\n\n<p>Korkeakouluissa globaalikasvatus on v\u00e4h\u00e4ist\u00e4, vaikka juuri nuoret aikuiset ovat vastuussa esimerkiksi vasta muotoutumassa olevista kuluttamisvalinnoistaan. Globaalikasvatukseen kuuluvat vieraiden kulttuurien tunteminen ja moninaisten tiimien johtaminen eiv\u00e4t tule esiin opintojaksoina juuri ollenkaan opetussuunnitelmissa.<\/p>\n\n\n\n<p>Kest\u00e4v\u00e4n kehityksen teemoja integroidaan opintojaksoihin, mutta pakollisia monikulttuurisuuteen ja kest\u00e4v\u00e4\u00e4n kehitykseen liittyvi\u00e4 opintojaksoja on vain kansainv\u00e4lisiss\u00e4 koulutusohjelmissa ja sosiaalialan tutkinnossa. N\u00e4in ollen voidaankin kysy\u00e4, mitk\u00e4 ovat valmistuneiden opiskelijoiden valmiudet ty\u00f6skennell\u00e4 monikulttuurisilla ty\u00f6paikoilla tai koulutammeko heist\u00e4 aktiivisia ja suvaitsevia kansalaisia, jotka haluavat luoda parempaa huomista ja ratkaista globaaleja ongelmia.<\/p>\n\n\n\n<h2 class=\"wp-block-heading\">Toimeksiannon tuotokset<\/h2>\n\n\n\n<p>Kirjoittajat ideoivat GLOBDIVES-hankkeeseen nelj\u00e4 aktiviteettia globaalikasvatuksen opintojaksolla hy\u00f6dynnett\u00e4viksi. Teht\u00e4v\u00e4t ovat monipuolisia ja k\u00e4ytett\u00e4viss\u00e4 korkeakoulukontekstissa sek\u00e4 l\u00e4hi- ett\u00e4 verkko-opetuksessa. Ne pyrittiin tekem\u00e4\u00e4n eri kulttuuriymp\u00e4rist\u00f6ihin sopiviksi sek\u00e4 aikaa kest\u00e4viksi. Kaikkiin teht\u00e4viin laadittiin pedagoginen ohjeistus.<\/p>\n\n\n\n<p>Esimerkiksi unelmakarttateht\u00e4v\u00e4ss\u00e4 hahmotellaan omaa utopiaa. Teht\u00e4v\u00e4\u00e4n sis\u00e4ltyy pohdintaa siit\u00e4, miten jokainen voi omilla teoillaan vaikuttaa unelmamaailmansa toteutumiseen.<\/p>\n\n\n\n<figure class=\"wp-block-image size-large\"><img loading=\"lazy\" decoding=\"async\" width=\"1024\" height=\"576\" src=\"https:\/\/blogit.lab.fi\/labfocus\/wp-content\/uploads\/sites\/8\/2023\/05\/286_2023_Tyokaluja-globaalikasvatukseen-korkeakouluissa-1024x576.png\" alt=\"[Alt-teksti: n\u00e4kym\u00e4 esityskalvosta, sekalainen lajitelma pieni\u00e4 kuvia ja englanninkielisi\u00e4 tekstej\u00e4, keskell\u00e4 lukee suuremmalla tekstill\u00e4 my future world.]\" class=\"wp-image-13057\" srcset=\"https:\/\/blogit.lab.fi\/labfocus\/wp-content\/uploads\/sites\/8\/2023\/05\/286_2023_Tyokaluja-globaalikasvatukseen-korkeakouluissa-1024x576.png 1024w, https:\/\/blogit.lab.fi\/labfocus\/wp-content\/uploads\/sites\/8\/2023\/05\/286_2023_Tyokaluja-globaalikasvatukseen-korkeakouluissa-300x169.png 300w, https:\/\/blogit.lab.fi\/labfocus\/wp-content\/uploads\/sites\/8\/2023\/05\/286_2023_Tyokaluja-globaalikasvatukseen-korkeakouluissa-768x432.png 768w, https:\/\/blogit.lab.fi\/labfocus\/wp-content\/uploads\/sites\/8\/2023\/05\/286_2023_Tyokaluja-globaalikasvatukseen-korkeakouluissa-570x321.png 570w, https:\/\/blogit.lab.fi\/labfocus\/wp-content\/uploads\/sites\/8\/2023\/05\/286_2023_Tyokaluja-globaalikasvatukseen-korkeakouluissa-1110x624.png 1110w, https:\/\/blogit.lab.fi\/labfocus\/wp-content\/uploads\/sites\/8\/2023\/05\/286_2023_Tyokaluja-globaalikasvatukseen-korkeakouluissa-528x297.png 528w, https:\/\/blogit.lab.fi\/labfocus\/wp-content\/uploads\/sites\/8\/2023\/05\/286_2023_Tyokaluja-globaalikasvatukseen-korkeakouluissa.png 1280w\" sizes=\"auto, (max-width: 1024px) 100vw, 1024px\" \/><figcaption class=\"wp-element-caption\">Kuva 1. Esimerkkituotos unelmakarttateht\u00e4v\u00e4st\u00e4 (Heino ym. 2023).<\/figcaption><\/figure>\n\n\n\n<p>Toisessa teht\u00e4v\u00e4ss\u00e4 luotiin videot uuden, eri kulttuurista tulevan ty\u00f6ntekij\u00e4n ensikohtaamisista ty\u00f6paikalla. Pahaa tarkoittamatta kaksi vanhaa ty\u00f6ntekij\u00e4\u00e4 sanoo kommentteja, jotka ovat eri kulttuuritaustan omaavalle ty\u00f6ntekij\u00e4lle loukkaavia mikroaggressioita. Teht\u00e4v\u00e4n tavoitteena on oppia virheiden kautta, mit\u00e4 tilanteessa olisi voinut tehd\u00e4 tai sanoa toisin.<\/p>\n\n\n\n<p>Videoiden suunnittelu sis\u00e4lsi eettist\u00e4 pohdintaa. Videoissa k\u00e4ytettiin k\u00e4sinukkeja ja esimerkkin\u00e4 kulttuuristetusta, uudesta ty\u00f6ntekij\u00e4st\u00e4 koiranukkea, sill\u00e4 videolla ei haluttu vahvistaa johonkin ihmisryhm\u00e4\u00e4n liitetty\u00e4 stereotypiaa. Teht\u00e4viin laadituissa pedagogisissa suunnitelmissa korostettiin ryhm\u00e4n psykologista turvallisuutta teht\u00e4v\u00e4n toteutuksessa. Toimeksiannossa opiskelijat my\u00f6s vahvistivat omaa pedagogista ja eettist\u00e4 osaamistaan digitalisaatio-osaamiseen yhdistettyn\u00e4.<\/p>\n\n\n\n<div class=\"wp-block-group has-background\" style=\"background-color:#b3edfb\"><div class=\"wp-block-group__inner-container is-layout-constrained wp-block-group-is-layout-constrained\">\n<p>Kirjoittajat<\/p>\n\n\n\n<p><strong>Jenny Heino<\/strong>, <strong>Renna Karttunen<\/strong>, <strong>Sandra Lammensalo<\/strong> ja <strong>Janina Maukonen<\/strong> ovat kolmannen vuoden sosionomiopiskelijoita LAB-ammattikorkeakoulusta.<\/p>\n\n\n\n<p><strong>Jaana H\u00e4kli<\/strong> on LAB-ammattikorkeakoulun Kielikeskuksen lehtori ja toimii GLOBDIVES-hankkeen projektip\u00e4\u00e4llikk\u00f6n\u00e4.<\/p>\n<\/div><\/div>\n\n\n<div class=\"wp-block-image\">\n<figure class=\"aligncenter size-large is-resized\"><img loading=\"lazy\" decoding=\"async\" src=\"https:\/\/blogit.lab.fi\/labfocus\/wp-content\/uploads\/sites\/8\/2023\/05\/Funded-by-the-European-Union-logo-1024x215.jpg\" alt=\"\" class=\"wp-image-13058\" width=\"417\" height=\"88\" srcset=\"https:\/\/blogit.lab.fi\/labfocus\/wp-content\/uploads\/sites\/8\/2023\/05\/Funded-by-the-European-Union-logo-1024x215.jpg 1024w, https:\/\/blogit.lab.fi\/labfocus\/wp-content\/uploads\/sites\/8\/2023\/05\/Funded-by-the-European-Union-logo-300x63.jpg 300w, https:\/\/blogit.lab.fi\/labfocus\/wp-content\/uploads\/sites\/8\/2023\/05\/Funded-by-the-European-Union-logo-768x161.jpg 768w, https:\/\/blogit.lab.fi\/labfocus\/wp-content\/uploads\/sites\/8\/2023\/05\/Funded-by-the-European-Union-logo-1536x322.jpg 1536w, https:\/\/blogit.lab.fi\/labfocus\/wp-content\/uploads\/sites\/8\/2023\/05\/Funded-by-the-European-Union-logo-2048x430.jpg 2048w, https:\/\/blogit.lab.fi\/labfocus\/wp-content\/uploads\/sites\/8\/2023\/05\/Funded-by-the-European-Union-logo-570x120.jpg 570w\" sizes=\"auto, (max-width: 417px) 100vw, 417px\" \/><\/figure>\n<\/div>\n\n\n<h2 class=\"wp-block-heading\">L\u00e4hteet<\/h2>\n\n\n\n<p>Heino, J., Karttunen, R., Lammensalo, S. &amp; Maukonen, J. 2023. Kehitt\u00e4miskokeilun tuotos. Teknologia- ja innovaatio-osaaminen -opintojakso. Sosionomikoulutus. LAB-ammattikorkeakoulu.<\/p>\n\n\n\n<p>LAB. 2023. Global citizenship &amp; Diversity Management Skills in Higher Education. GLOBDIVES. Hanke. Viitattu 27.4.2023. Saatavissa <a href=\"https:\/\/lab.fi\/fi\/projekti\/global-citizenship-diversity-management-skills-higher-education\" target=\"_blank\" rel=\"noreferrer noopener\">https:\/\/lab.fi\/fi\/projekti\/global-citizenship-diversity-management-skills-higher-education<\/a><\/p>\n\n\n\n<p>Opetushallitus. 2023. Globaalikasvatus ja kest\u00e4v\u00e4n kehityksen tavoitteet. Viitattu 27.4.2023. Saatavissa <a href=\"https:\/\/www.oph.fi\/fi\/kehittaminen\/globaalikasvatus-ja-kestavan-kehityksen-tavoitteet\" target=\"_blank\" rel=\"noreferrer noopener\">https:\/\/www.oph.fi\/fi\/kehittaminen\/globaalikasvatus-ja-kestavan-kehityksen-tavoitteet<\/a><\/p>\n\n\n\n<p>Vestman, A. 2021. Opettajien kokemuksia toimivasta globaalikasvatuksesta ja globaalikasvatukseen soveltuvista ty\u00f6tavoista. Pro gradu -tutkielma. Jyv\u00e4skyl\u00e4n yliopisto. Viitattu 27.4.2023. Saatavissa <a href=\"https:\/\/jyx.jyu.fi\/bitstream\/handle\/123456789\/78948\/URN%3aNBN%3afi%3ajyu-202112135935.pdf?sequence=1&amp;isAllowed=y\" target=\"_blank\" rel=\"noreferrer noopener\">https:\/\/jyx.jyu.fi\/bitstream\/handle\/123456789\/78948\/URN%3aNBN%3afi%3ajyu-202112135935.pdf?sequence=1&amp;isAllowed=y<\/a><\/p>\n","protected":false},"excerpt":{"rendered":"<p>Aktiivisen maahanmuuton ja muuttuneen ty\u00f6el\u00e4m\u00e4n my\u00f6t\u00e4 globaaleihin haasteisiin vastaamisessa tarvitaan uutta tietoa ja osaamista. N\u00e4ihin tarpeisiin pyrkii vastaamaan GLOBDIVES-hanke (LAB 2023), joka kehitt\u00e4\u00e4 viitekehyst\u00e4 maailmankansalaisuuden ja monimuotoisuuden opettamiseen. Globaalikasvatus Globaalikasvatuksella tarkoitetaan tavoitteellista toimintaa, jolla pyrit\u00e4\u00e4n vastaamaan muun muassa kulttuurienv\u00e4lisen vuorovaikutuksen sek\u00e4 globalisoituneen talouden vaatimiin uusiin tavoitteisiin (Vestman 2021, 5). Siihen kuuluu keskeisesti maailmankansalaisen etiikan pohtiminen, [&hellip;]<\/p>\n","protected":false},"author":17,"featured_media":13057,"comment_status":"closed","ping_status":"open","sticky":false,"template":"","format":"standard","meta":{"footnotes":""},"categories":[15,119],"tags":[29,6230,4264,6348,323],"class_list":{"0":"post-13055","1":"post","2":"type-post","3":"status-publish","4":"format-standard","5":"has-post-thumbnail","7":"category-health_fi","8":"category-osallisuuden-edistaminen-ja-turvallinen-arki","9":"tag-artikkeli-e1","10":"tag-globaalikasvatus","11":"tag-globdives","12":"tag-maailmankansalaisuus","13":"tag-yhteisollisyys","14":"czr-hentry"},"yoast_head":"<!-- This site is optimized with the Yoast SEO plugin v27.5 - https:\/\/yoast.com\/product\/yoast-seo-wordpress\/ -->\n<title>Ty\u00f6kaluja globaalikasvatukseen korkeakouluissa - LAB Focus<\/title>\n<meta name=\"description\" content=\"Globdives-hankkeessa tehd\u00e4\u00e4n konkreettisia tekoja globaalikasvatuksen edist\u00e4miseksi. LAB-ammattikorkeakoulu.\" \/>\n<meta name=\"robots\" content=\"index, follow, max-snippet:-1, max-image-preview:large, max-video-preview:-1\" \/>\n<link rel=\"canonical\" href=\"https:\/\/blogit.lab.fi\/labfocus\/tyokaluja-globaalikasvatukseen-korkeakouluissa\/\" \/>\n<meta property=\"og:locale\" content=\"fi_FI\" \/>\n<meta property=\"og:type\" content=\"article\" \/>\n<meta property=\"og:title\" content=\"Ty\u00f6kaluja globaalikasvatukseen korkeakouluissa - LAB Focus\" \/>\n<meta property=\"og:description\" content=\"Globdives-hankkeessa tehd\u00e4\u00e4n konkreettisia tekoja globaalikasvatuksen edist\u00e4miseksi. LAB-ammattikorkeakoulu.\" \/>\n<meta property=\"og:url\" content=\"https:\/\/blogit.lab.fi\/labfocus\/tyokaluja-globaalikasvatukseen-korkeakouluissa\/\" \/>\n<meta property=\"og:site_name\" content=\"LAB Focus\" \/>\n<meta property=\"article:published_time\" content=\"2023-05-10T08:41:14+00:00\" \/>\n<meta property=\"article:modified_time\" content=\"2023-05-10T08:41:16+00:00\" \/>\n<meta property=\"og:image\" content=\"https:\/\/blogit.lab.fi\/labfocus\/wp-content\/uploads\/sites\/8\/2023\/05\/286_2023_Tyokaluja-globaalikasvatukseen-korkeakouluissa.png\" \/>\n\t<meta property=\"og:image:width\" content=\"1280\" \/>\n\t<meta property=\"og:image:height\" content=\"720\" \/>\n\t<meta property=\"og:image:type\" content=\"image\/png\" \/>\n<meta name=\"author\" content=\"tainask\" \/>\n<meta name=\"twitter:card\" content=\"summary_large_image\" \/>\n<meta name=\"twitter:creator\" content=\"@LABfinland\" \/>\n<meta name=\"twitter:site\" content=\"@LABfinland\" \/>\n<meta name=\"twitter:label1\" content=\"Kirjoittanut\" \/>\n\t<meta name=\"twitter:data1\" content=\"tainask\" \/>\n\t<meta name=\"twitter:label2\" content=\"Arvioitu lukuaika\" \/>\n\t<meta name=\"twitter:data2\" content=\"3 minuuttia\" \/>\n<script type=\"application\/ld+json\" class=\"yoast-schema-graph\">{\"@context\":\"https:\\\/\\\/schema.org\",\"@graph\":[{\"@type\":\"Article\",\"@id\":\"https:\\\/\\\/blogit.lab.fi\\\/labfocus\\\/tyokaluja-globaalikasvatukseen-korkeakouluissa\\\/#article\",\"isPartOf\":{\"@id\":\"https:\\\/\\\/blogit.lab.fi\\\/labfocus\\\/tyokaluja-globaalikasvatukseen-korkeakouluissa\\\/\"},\"author\":{\"name\":\"tainask\",\"@id\":\"https:\\\/\\\/blogit.lab.fi\\\/labfocus\\\/#\\\/schema\\\/person\\\/da729f65c4a2fb9fd8f0b1ec7a2ab7d0\"},\"headline\":\"Ty\u00f6kaluja globaalikasvatukseen korkeakouluissa\",\"datePublished\":\"2023-05-10T08:41:14+00:00\",\"dateModified\":\"2023-05-10T08:41:16+00:00\",\"mainEntityOfPage\":{\"@id\":\"https:\\\/\\\/blogit.lab.fi\\\/labfocus\\\/tyokaluja-globaalikasvatukseen-korkeakouluissa\\\/\"},\"wordCount\":469,\"publisher\":{\"@id\":\"https:\\\/\\\/blogit.lab.fi\\\/labfocus\\\/#organization\"},\"image\":{\"@id\":\"https:\\\/\\\/blogit.lab.fi\\\/labfocus\\\/tyokaluja-globaalikasvatukseen-korkeakouluissa\\\/#primaryimage\"},\"thumbnailUrl\":\"https:\\\/\\\/blogit.lab.fi\\\/labfocus\\\/wp-content\\\/uploads\\\/sites\\\/8\\\/2023\\\/05\\\/286_2023_Tyokaluja-globaalikasvatukseen-korkeakouluissa.png\",\"keywords\":[\"Artikkeli E1\",\"globaalikasvatus\",\"GLOBDIVES\",\"maailmankansalaisuus\",\"yhteis\u00f6llisyys\"],\"articleSection\":[\"Health\",\"Osallisuus, ty\u00f6el\u00e4m\u00e4 ja turvallinen arki\"],\"inLanguage\":\"fi\"},{\"@type\":\"WebPage\",\"@id\":\"https:\\\/\\\/blogit.lab.fi\\\/labfocus\\\/tyokaluja-globaalikasvatukseen-korkeakouluissa\\\/\",\"url\":\"https:\\\/\\\/blogit.lab.fi\\\/labfocus\\\/tyokaluja-globaalikasvatukseen-korkeakouluissa\\\/\",\"name\":\"Ty\u00f6kaluja globaalikasvatukseen korkeakouluissa - LAB Focus\",\"isPartOf\":{\"@id\":\"https:\\\/\\\/blogit.lab.fi\\\/labfocus\\\/#website\"},\"primaryImageOfPage\":{\"@id\":\"https:\\\/\\\/blogit.lab.fi\\\/labfocus\\\/tyokaluja-globaalikasvatukseen-korkeakouluissa\\\/#primaryimage\"},\"image\":{\"@id\":\"https:\\\/\\\/blogit.lab.fi\\\/labfocus\\\/tyokaluja-globaalikasvatukseen-korkeakouluissa\\\/#primaryimage\"},\"thumbnailUrl\":\"https:\\\/\\\/blogit.lab.fi\\\/labfocus\\\/wp-content\\\/uploads\\\/sites\\\/8\\\/2023\\\/05\\\/286_2023_Tyokaluja-globaalikasvatukseen-korkeakouluissa.png\",\"datePublished\":\"2023-05-10T08:41:14+00:00\",\"dateModified\":\"2023-05-10T08:41:16+00:00\",\"description\":\"Globdives-hankkeessa tehd\u00e4\u00e4n konkreettisia tekoja globaalikasvatuksen edist\u00e4miseksi. LAB-ammattikorkeakoulu.\",\"breadcrumb\":{\"@id\":\"https:\\\/\\\/blogit.lab.fi\\\/labfocus\\\/tyokaluja-globaalikasvatukseen-korkeakouluissa\\\/#breadcrumb\"},\"inLanguage\":\"fi\",\"potentialAction\":[{\"@type\":\"ReadAction\",\"target\":[\"https:\\\/\\\/blogit.lab.fi\\\/labfocus\\\/tyokaluja-globaalikasvatukseen-korkeakouluissa\\\/\"]}]},{\"@type\":\"ImageObject\",\"inLanguage\":\"fi\",\"@id\":\"https:\\\/\\\/blogit.lab.fi\\\/labfocus\\\/tyokaluja-globaalikasvatukseen-korkeakouluissa\\\/#primaryimage\",\"url\":\"https:\\\/\\\/blogit.lab.fi\\\/labfocus\\\/wp-content\\\/uploads\\\/sites\\\/8\\\/2023\\\/05\\\/286_2023_Tyokaluja-globaalikasvatukseen-korkeakouluissa.png\",\"contentUrl\":\"https:\\\/\\\/blogit.lab.fi\\\/labfocus\\\/wp-content\\\/uploads\\\/sites\\\/8\\\/2023\\\/05\\\/286_2023_Tyokaluja-globaalikasvatukseen-korkeakouluissa.png\",\"width\":1280,\"height\":720},{\"@type\":\"BreadcrumbList\",\"@id\":\"https:\\\/\\\/blogit.lab.fi\\\/labfocus\\\/tyokaluja-globaalikasvatukseen-korkeakouluissa\\\/#breadcrumb\",\"itemListElement\":[{\"@type\":\"ListItem\",\"position\":1,\"name\":\"Home\",\"item\":\"https:\\\/\\\/blogit.lab.fi\\\/labfocus\\\/\"},{\"@type\":\"ListItem\",\"position\":2,\"name\":\"Ty\u00f6kaluja globaalikasvatukseen korkeakouluissa\"}]},{\"@type\":\"WebSite\",\"@id\":\"https:\\\/\\\/blogit.lab.fi\\\/labfocus\\\/#website\",\"url\":\"https:\\\/\\\/blogit.lab.fi\\\/labfocus\\\/\",\"name\":\"LAB Focus\",\"description\":\"Focus Area blog | LAB University of Applied Sciences\",\"publisher\":{\"@id\":\"https:\\\/\\\/blogit.lab.fi\\\/labfocus\\\/#organization\"},\"potentialAction\":[{\"@type\":\"SearchAction\",\"target\":{\"@type\":\"EntryPoint\",\"urlTemplate\":\"https:\\\/\\\/blogit.lab.fi\\\/labfocus\\\/?s={search_term_string}\"},\"query-input\":{\"@type\":\"PropertyValueSpecification\",\"valueRequired\":true,\"valueName\":\"search_term_string\"}}],\"inLanguage\":\"fi\"},{\"@type\":\"Organization\",\"@id\":\"https:\\\/\\\/blogit.lab.fi\\\/labfocus\\\/#organization\",\"name\":\"LAB Focus\",\"url\":\"https:\\\/\\\/blogit.lab.fi\\\/labfocus\\\/\",\"logo\":{\"@type\":\"ImageObject\",\"inLanguage\":\"fi\",\"@id\":\"https:\\\/\\\/blogit.lab.fi\\\/labfocus\\\/#\\\/schema\\\/logo\\\/image\\\/\",\"url\":\"https:\\\/\\\/blogit.lab.fi\\\/labfocus\\\/wp-content\\\/uploads\\\/sites\\\/8\\\/2020\\\/04\\\/cropped-cropped-tunnus_blogi-01.png\",\"contentUrl\":\"https:\\\/\\\/blogit.lab.fi\\\/labfocus\\\/wp-content\\\/uploads\\\/sites\\\/8\\\/2020\\\/04\\\/cropped-cropped-tunnus_blogi-01.png\",\"width\":1342,\"height\":288,\"caption\":\"LAB Focus\"},\"image\":{\"@id\":\"https:\\\/\\\/blogit.lab.fi\\\/labfocus\\\/#\\\/schema\\\/logo\\\/image\\\/\"},\"sameAs\":[\"https:\\\/\\\/x.com\\\/LABfinland\"]},{\"@type\":\"Person\",\"@id\":\"https:\\\/\\\/blogit.lab.fi\\\/labfocus\\\/#\\\/schema\\\/person\\\/da729f65c4a2fb9fd8f0b1ec7a2ab7d0\",\"name\":\"tainask\",\"image\":{\"@type\":\"ImageObject\",\"inLanguage\":\"fi\",\"@id\":\"https:\\\/\\\/secure.gravatar.com\\\/avatar\\\/4a96427877ef826b76e80c27f60b266128094f522551459346efcf14282febb3?s=96&d=mm&r=g\",\"url\":\"https:\\\/\\\/secure.gravatar.com\\\/avatar\\\/4a96427877ef826b76e80c27f60b266128094f522551459346efcf14282febb3?s=96&d=mm&r=g\",\"contentUrl\":\"https:\\\/\\\/secure.gravatar.com\\\/avatar\\\/4a96427877ef826b76e80c27f60b266128094f522551459346efcf14282febb3?s=96&d=mm&r=g\",\"caption\":\"tainask\"},\"url\":\"https:\\\/\\\/blogit.lab.fi\\\/labfocus\\\/author\\\/tainask\\\/\"}]}<\/script>\n<!-- \/ Yoast SEO plugin. -->","yoast_head_json":{"title":"Ty\u00f6kaluja globaalikasvatukseen korkeakouluissa - LAB Focus","description":"Globdives-hankkeessa tehd\u00e4\u00e4n konkreettisia tekoja globaalikasvatuksen edist\u00e4miseksi. LAB-ammattikorkeakoulu.","robots":{"index":"index","follow":"follow","max-snippet":"max-snippet:-1","max-image-preview":"max-image-preview:large","max-video-preview":"max-video-preview:-1"},"canonical":"https:\/\/blogit.lab.fi\/labfocus\/tyokaluja-globaalikasvatukseen-korkeakouluissa\/","og_locale":"fi_FI","og_type":"article","og_title":"Ty\u00f6kaluja globaalikasvatukseen korkeakouluissa - LAB Focus","og_description":"Globdives-hankkeessa tehd\u00e4\u00e4n konkreettisia tekoja globaalikasvatuksen edist\u00e4miseksi. LAB-ammattikorkeakoulu.","og_url":"https:\/\/blogit.lab.fi\/labfocus\/tyokaluja-globaalikasvatukseen-korkeakouluissa\/","og_site_name":"LAB Focus","article_published_time":"2023-05-10T08:41:14+00:00","article_modified_time":"2023-05-10T08:41:16+00:00","og_image":[{"width":1280,"height":720,"url":"https:\/\/blogit.lab.fi\/labfocus\/wp-content\/uploads\/sites\/8\/2023\/05\/286_2023_Tyokaluja-globaalikasvatukseen-korkeakouluissa.png","type":"image\/png"}],"author":"tainask","twitter_card":"summary_large_image","twitter_creator":"@LABfinland","twitter_site":"@LABfinland","twitter_misc":{"Kirjoittanut":"tainask","Arvioitu lukuaika":"3 minuuttia"},"schema":{"@context":"https:\/\/schema.org","@graph":[{"@type":"Article","@id":"https:\/\/blogit.lab.fi\/labfocus\/tyokaluja-globaalikasvatukseen-korkeakouluissa\/#article","isPartOf":{"@id":"https:\/\/blogit.lab.fi\/labfocus\/tyokaluja-globaalikasvatukseen-korkeakouluissa\/"},"author":{"name":"tainask","@id":"https:\/\/blogit.lab.fi\/labfocus\/#\/schema\/person\/da729f65c4a2fb9fd8f0b1ec7a2ab7d0"},"headline":"Ty\u00f6kaluja globaalikasvatukseen korkeakouluissa","datePublished":"2023-05-10T08:41:14+00:00","dateModified":"2023-05-10T08:41:16+00:00","mainEntityOfPage":{"@id":"https:\/\/blogit.lab.fi\/labfocus\/tyokaluja-globaalikasvatukseen-korkeakouluissa\/"},"wordCount":469,"publisher":{"@id":"https:\/\/blogit.lab.fi\/labfocus\/#organization"},"image":{"@id":"https:\/\/blogit.lab.fi\/labfocus\/tyokaluja-globaalikasvatukseen-korkeakouluissa\/#primaryimage"},"thumbnailUrl":"https:\/\/blogit.lab.fi\/labfocus\/wp-content\/uploads\/sites\/8\/2023\/05\/286_2023_Tyokaluja-globaalikasvatukseen-korkeakouluissa.png","keywords":["Artikkeli E1","globaalikasvatus","GLOBDIVES","maailmankansalaisuus","yhteis\u00f6llisyys"],"articleSection":["Health","Osallisuus, ty\u00f6el\u00e4m\u00e4 ja turvallinen arki"],"inLanguage":"fi"},{"@type":"WebPage","@id":"https:\/\/blogit.lab.fi\/labfocus\/tyokaluja-globaalikasvatukseen-korkeakouluissa\/","url":"https:\/\/blogit.lab.fi\/labfocus\/tyokaluja-globaalikasvatukseen-korkeakouluissa\/","name":"Ty\u00f6kaluja globaalikasvatukseen korkeakouluissa - LAB Focus","isPartOf":{"@id":"https:\/\/blogit.lab.fi\/labfocus\/#website"},"primaryImageOfPage":{"@id":"https:\/\/blogit.lab.fi\/labfocus\/tyokaluja-globaalikasvatukseen-korkeakouluissa\/#primaryimage"},"image":{"@id":"https:\/\/blogit.lab.fi\/labfocus\/tyokaluja-globaalikasvatukseen-korkeakouluissa\/#primaryimage"},"thumbnailUrl":"https:\/\/blogit.lab.fi\/labfocus\/wp-content\/uploads\/sites\/8\/2023\/05\/286_2023_Tyokaluja-globaalikasvatukseen-korkeakouluissa.png","datePublished":"2023-05-10T08:41:14+00:00","dateModified":"2023-05-10T08:41:16+00:00","description":"Globdives-hankkeessa tehd\u00e4\u00e4n konkreettisia tekoja globaalikasvatuksen edist\u00e4miseksi. LAB-ammattikorkeakoulu.","breadcrumb":{"@id":"https:\/\/blogit.lab.fi\/labfocus\/tyokaluja-globaalikasvatukseen-korkeakouluissa\/#breadcrumb"},"inLanguage":"fi","potentialAction":[{"@type":"ReadAction","target":["https:\/\/blogit.lab.fi\/labfocus\/tyokaluja-globaalikasvatukseen-korkeakouluissa\/"]}]},{"@type":"ImageObject","inLanguage":"fi","@id":"https:\/\/blogit.lab.fi\/labfocus\/tyokaluja-globaalikasvatukseen-korkeakouluissa\/#primaryimage","url":"https:\/\/blogit.lab.fi\/labfocus\/wp-content\/uploads\/sites\/8\/2023\/05\/286_2023_Tyokaluja-globaalikasvatukseen-korkeakouluissa.png","contentUrl":"https:\/\/blogit.lab.fi\/labfocus\/wp-content\/uploads\/sites\/8\/2023\/05\/286_2023_Tyokaluja-globaalikasvatukseen-korkeakouluissa.png","width":1280,"height":720},{"@type":"BreadcrumbList","@id":"https:\/\/blogit.lab.fi\/labfocus\/tyokaluja-globaalikasvatukseen-korkeakouluissa\/#breadcrumb","itemListElement":[{"@type":"ListItem","position":1,"name":"Home","item":"https:\/\/blogit.lab.fi\/labfocus\/"},{"@type":"ListItem","position":2,"name":"Ty\u00f6kaluja globaalikasvatukseen korkeakouluissa"}]},{"@type":"WebSite","@id":"https:\/\/blogit.lab.fi\/labfocus\/#website","url":"https:\/\/blogit.lab.fi\/labfocus\/","name":"LAB Focus","description":"Focus Area blog | LAB University of Applied Sciences","publisher":{"@id":"https:\/\/blogit.lab.fi\/labfocus\/#organization"},"potentialAction":[{"@type":"SearchAction","target":{"@type":"EntryPoint","urlTemplate":"https:\/\/blogit.lab.fi\/labfocus\/?s={search_term_string}"},"query-input":{"@type":"PropertyValueSpecification","valueRequired":true,"valueName":"search_term_string"}}],"inLanguage":"fi"},{"@type":"Organization","@id":"https:\/\/blogit.lab.fi\/labfocus\/#organization","name":"LAB Focus","url":"https:\/\/blogit.lab.fi\/labfocus\/","logo":{"@type":"ImageObject","inLanguage":"fi","@id":"https:\/\/blogit.lab.fi\/labfocus\/#\/schema\/logo\/image\/","url":"https:\/\/blogit.lab.fi\/labfocus\/wp-content\/uploads\/sites\/8\/2020\/04\/cropped-cropped-tunnus_blogi-01.png","contentUrl":"https:\/\/blogit.lab.fi\/labfocus\/wp-content\/uploads\/sites\/8\/2020\/04\/cropped-cropped-tunnus_blogi-01.png","width":1342,"height":288,"caption":"LAB Focus"},"image":{"@id":"https:\/\/blogit.lab.fi\/labfocus\/#\/schema\/logo\/image\/"},"sameAs":["https:\/\/x.com\/LABfinland"]},{"@type":"Person","@id":"https:\/\/blogit.lab.fi\/labfocus\/#\/schema\/person\/da729f65c4a2fb9fd8f0b1ec7a2ab7d0","name":"tainask","image":{"@type":"ImageObject","inLanguage":"fi","@id":"https:\/\/secure.gravatar.com\/avatar\/4a96427877ef826b76e80c27f60b266128094f522551459346efcf14282febb3?s=96&d=mm&r=g","url":"https:\/\/secure.gravatar.com\/avatar\/4a96427877ef826b76e80c27f60b266128094f522551459346efcf14282febb3?s=96&d=mm&r=g","contentUrl":"https:\/\/secure.gravatar.com\/avatar\/4a96427877ef826b76e80c27f60b266128094f522551459346efcf14282febb3?s=96&d=mm&r=g","caption":"tainask"},"url":"https:\/\/blogit.lab.fi\/labfocus\/author\/tainask\/"}]}},"_links":{"self":[{"href":"https:\/\/blogit.lab.fi\/labfocus\/wp-json\/wp\/v2\/posts\/13055","targetHints":{"allow":["GET"]}}],"collection":[{"href":"https:\/\/blogit.lab.fi\/labfocus\/wp-json\/wp\/v2\/posts"}],"about":[{"href":"https:\/\/blogit.lab.fi\/labfocus\/wp-json\/wp\/v2\/types\/post"}],"author":[{"embeddable":true,"href":"https:\/\/blogit.lab.fi\/labfocus\/wp-json\/wp\/v2\/users\/17"}],"replies":[{"embeddable":true,"href":"https:\/\/blogit.lab.fi\/labfocus\/wp-json\/wp\/v2\/comments?post=13055"}],"version-history":[{"count":2,"href":"https:\/\/blogit.lab.fi\/labfocus\/wp-json\/wp\/v2\/posts\/13055\/revisions"}],"predecessor-version":[{"id":13060,"href":"https:\/\/blogit.lab.fi\/labfocus\/wp-json\/wp\/v2\/posts\/13055\/revisions\/13060"}],"wp:featuredmedia":[{"embeddable":true,"href":"https:\/\/blogit.lab.fi\/labfocus\/wp-json\/wp\/v2\/media\/13057"}],"wp:attachment":[{"href":"https:\/\/blogit.lab.fi\/labfocus\/wp-json\/wp\/v2\/media?parent=13055"}],"wp:term":[{"taxonomy":"category","embeddable":true,"href":"https:\/\/blogit.lab.fi\/labfocus\/wp-json\/wp\/v2\/categories?post=13055"},{"taxonomy":"post_tag","embeddable":true,"href":"https:\/\/blogit.lab.fi\/labfocus\/wp-json\/wp\/v2\/tags?post=13055"}],"curies":[{"name":"wp","href":"https:\/\/api.w.org\/{rel}","templated":true}]}}