{"id":13109,"date":"2023-05-11T11:06:50","date_gmt":"2023-05-11T08:06:50","guid":{"rendered":"https:\/\/blogit.lab.fi\/labfocus\/?p=13109"},"modified":"2023-05-11T11:06:52","modified_gmt":"2023-05-11T08:06:52","slug":"ikaantyneen-diabetes-ja-muistisairaus-haastava-yhtalo","status":"publish","type":"post","link":"https:\/\/blogit.lab.fi\/labfocus\/ikaantyneen-diabetes-ja-muistisairaus-haastava-yhtalo\/","title":{"rendered":"Ik\u00e4\u00e4ntyneen diabetes ja muistisairaus \u2013 haastava yht\u00e4l\u00f6"},"content":{"rendered":"\n<p>Diabeteksen hoidon kehittymisen my\u00f6t\u00e4 diabetesta sairastavien odotettavissa oleva elinik\u00e4 on noussut, mik\u00e4 on lis\u00e4nnyt my\u00f6s diabetesta sairastavien muistisairauksia. Tutkimuksissa on havaittu tyypin 1 diabetesta sairastavien ik\u00e4\u00e4ntyneiden aivoissa erityisesti verenkierron heikkenemisest\u00e4 johtuvia vaurioita. Tyypin 2 diabetesta sairastavilla on l\u00f6ydetty ohimolohkon aivokudoksen rappeumaa sek\u00e4 todettu suurempi riski sairastua verisuoniper\u00e4iseen muistisairauteen ja Alzheimerin tautiin. (J\u00e4msen 2016; Sola ym. 2019; Ekblad ym. 2019.)<\/p>\n\n\n\n<h2 class=\"wp-block-heading\">Alzheimerin tautiko tyypin 3 diabetes?<\/h2>\n\n\n\n<p>Tyypin 2 diabeteksessa ja Alzheimerin taudissa on havaittu runsaasti yht\u00e4l\u00e4isyyksi\u00e4. Alzheimerin tautia sairastavilla on todettu esimerkiksi aivojen verensokeriaineen vaihdunnan h\u00e4iri\u00f6, insuliininpuutos ja insuliiniresistenssi. Lis\u00e4ksi molempiin sairauksin liittyy samanlaisia tulehdusmuutoksia ja solujen toimintah\u00e4iri\u00f6it\u00e4. (Ekblad ym. 2019.)<\/p>\n\n\n\n<p>Tunnistamalla tyypin 2 diabetesriskiss\u00e4 olevat, ennaltaehk\u00e4isem\u00e4ll\u00e4 sairastuminen sek\u00e4 hoitamalla hyvin jo todettua diabetesta voidaan ennaltaehk\u00e4ist\u00e4 my\u00f6s muistisairauksia sek\u00e4 edist\u00e4\u00e4 ik\u00e4\u00e4ntyneen terveytt\u00e4 ja toimintakyky\u00e4. Diabetesta sairastavien elini\u00e4n pidentyminen tarkoittaa kuitenkin insuliinihoitoista diabetesta ja muistisairautta sairastavien m\u00e4\u00e4r\u00e4n lis\u00e4\u00e4ntymist\u00e4 terveydenhuollon palveluissa, niin vastaanottopalveluissa, kotihoidossa kuin tehostetun palveluasumisen yksik\u00f6iss\u00e4kin.<\/p>\n\n\n\n<figure class=\"wp-block-image size-large\"><img loading=\"lazy\" decoding=\"async\" width=\"1024\" height=\"576\" src=\"https:\/\/blogit.lab.fi\/labfocus\/wp-content\/uploads\/sites\/8\/2023\/05\/298_2023_Ikaantyneen-diabetes-ja-muistisairaus-haastava-yhtalo-1024x576.jpg\" alt=\"\" class=\"wp-image-13111\" srcset=\"https:\/\/blogit.lab.fi\/labfocus\/wp-content\/uploads\/sites\/8\/2023\/05\/298_2023_Ikaantyneen-diabetes-ja-muistisairaus-haastava-yhtalo-1024x576.jpg 1024w, https:\/\/blogit.lab.fi\/labfocus\/wp-content\/uploads\/sites\/8\/2023\/05\/298_2023_Ikaantyneen-diabetes-ja-muistisairaus-haastava-yhtalo-300x169.jpg 300w, https:\/\/blogit.lab.fi\/labfocus\/wp-content\/uploads\/sites\/8\/2023\/05\/298_2023_Ikaantyneen-diabetes-ja-muistisairaus-haastava-yhtalo-768x432.jpg 768w, https:\/\/blogit.lab.fi\/labfocus\/wp-content\/uploads\/sites\/8\/2023\/05\/298_2023_Ikaantyneen-diabetes-ja-muistisairaus-haastava-yhtalo-570x321.jpg 570w, https:\/\/blogit.lab.fi\/labfocus\/wp-content\/uploads\/sites\/8\/2023\/05\/298_2023_Ikaantyneen-diabetes-ja-muistisairaus-haastava-yhtalo-1110x624.jpg 1110w, https:\/\/blogit.lab.fi\/labfocus\/wp-content\/uploads\/sites\/8\/2023\/05\/298_2023_Ikaantyneen-diabetes-ja-muistisairaus-haastava-yhtalo-528x297.jpg 528w, https:\/\/blogit.lab.fi\/labfocus\/wp-content\/uploads\/sites\/8\/2023\/05\/298_2023_Ikaantyneen-diabetes-ja-muistisairaus-haastava-yhtalo.jpg 1280w\" sizes=\"auto, (max-width: 1024px) 100vw, 1024px\" \/><figcaption class=\"wp-element-caption\">Kuva 1. Ik\u00e4\u00e4ntyneen diabeteksen hoito kuuluu kaikille. (Zomer 2017)<\/figcaption><\/figure>\n\n\n\n<h2 class=\"wp-block-heading\">Ik\u00e4\u00e4ntyneen diabeteksen hoito kuuluu kaikille<\/h2>\n\n\n\n<p>Diabetesta sairastavan muistisairauden ensioireina voivat olla esimerkiksi vastaanottoaikojen, insuliinipistosten tai pistettyjen insuliiniannosten unohdukset sek\u00e4 vaikeus oppia uusia hoitok\u00e4yt\u00e4nt\u00f6j\u00e4 ja -ohjeita (J\u00e4msen 2019, 13). Pitk\u00e4 hoitosuhde tuttuun diabeteshoitajaan mahdollistaa muistisairauden mahdollisimman aikaisen toteamisen ja hoidon varhaisen aloituksen sek\u00e4 auttaa etsim\u00e4\u00e4n yksil\u00f6llisi\u00e4 ratkaisuja omahoidon toteuttamiseen ik\u00e4\u00e4ntyneen itsem\u00e4\u00e4r\u00e4\u00e4misoikeutta kunnioittaen. Sensoriteknologia ja \u00e4lykyn\u00e4t voivat tarjota ratkaisun insuliinihoitoa vaativan hoitoon, etenkin muistisairauden alkuvaiheessa, mutta muistisairauden etenemisen my\u00f6t\u00e4 omahoidon tuen ja hoidon tarve v\u00e4ist\u00e4m\u00e4tt\u00e4 kuitenkin lis\u00e4\u00e4ntyy.<\/p>\n\n\n\n<p>Heikentyv\u00e4 muisti ja toimintakyky aiheuttavat haasteita jatkuvaa seurantaa ja pistoshoitoa vaativan sairauden hoitoon, mik\u00e4 vuoksi diabetesta sairastava tarvitse osaavaa terveydenhuollon ammattilaista omahoitonsa tueksi. LAB-ammattikorkeakoulu tarjoaa t\u00e4ydennyskoulutusta ik\u00e4\u00e4ntyneen diabetesta sairastavan hoitoon. Ik\u00e4\u00e4ntyneen diabeteksen hoidon ABC on kahden p\u00e4iv\u00e4n t\u00e4ydennyskoulutus, jossa perehdyt\u00e4\u00e4n diabetekseen sairautena, diabeteksen kokonaisvaltaiseen hoitoon ja hoidon koordinointiin sek\u00e4 l\u00e4\u00e4kehoitoon ik\u00e4\u00e4ntyneen diabeteksen hoidon erityispiirteet huomioiden. Koulutus on tarkoitettu kaikille ik\u00e4\u00e4ntyneit\u00e4 hoitaville terveydenhuollon ammattilaisille.<\/p>\n\n\n\n<div class=\"wp-block-group has-background\" style=\"background-color:#b3edfb\"><div class=\"wp-block-group__inner-container is-layout-constrained wp-block-group-is-layout-constrained\">\n<p>Kirjoittaja<\/p>\n\n\n\n<p><strong>Heidi H\u00e4ll<\/strong> ty\u00f6skentelee hoitoty\u00f6n lehtorina LAB-ammattikorkeakoulun Hyvinvointi-yksik\u00f6ss\u00e4 Lahdessa.<\/p>\n<\/div><\/div>\n\n\n\n<h2 class=\"wp-block-heading\">L\u00e4hteet<\/h2>\n\n\n\n<p>Ekblad, L., Toppala, S., Viitanen, M. Jula, A. &amp; Rinne, J. 2019. Insuliiniresistenssi, aivot ja muistisairaus. L\u00e4\u00e4ketieteellinen aikakausikirja Duodecim. 2019; 135 (23) 2319\u201326. Viitattu 6.5.2023. Saatavissa <a href=\"https:\/\/www.duodecimlehti.fi\/duo15260\" target=\"_blank\" rel=\"noreferrer noopener\">https:\/\/www.duodecimlehti.fi\/duo15260<\/a><\/p>\n\n\n\n<p>J\u00e4msen, E. 2016. Muistisairaus ja tyypin 1 diabetes. Diabetes ja L\u00e4\u00e4k\u00e4ri. 4\/2016\/syyskuu. 45.vuosikerta. Suomen Diabetesliitto. Viitattu 6.5.2023. Saatavissa <a href=\"https:\/\/www.diabetes.fi\/files\/7469\/D_L4_2016_rinnakkainen_nettiin.pdf\" target=\"_blank\" rel=\"noreferrer noopener\">https:\/\/www.diabetes.fi\/files\/7469\/D_L4_2016_rinnakkainen_nettiin.pdf<\/a><\/p>\n\n\n\n<p>Sola, T., Pelimanni, E., Saunam\u00e4ki, T. &amp; Jehkonen, M. 2019. Tyypin 2 diabetes voi heikent\u00e4\u00e4 kognitiota jo ty\u00f6i\u00e4ss\u00e4. L\u00e4\u00e4ketieteellinen aikakausikirja Duodecim. 2019; 135 (5): 455\u201362. Viitattu 6.5.2023. Saatavissa <a href=\"https:\/\/www.duodecimlehti.fi\/duo14814\" target=\"_blank\" rel=\"noreferrer noopener\">https:\/\/www.duodecimlehti.fi\/duo14814<\/a><\/p>\n\n\n\n<p>Zomer, M. 2017. Mies, k\u00e4det, rakkaus, ihmiset. Pexels. Viitattu 6.5.2023. Saatavissa <a href=\"https:\/\/www.pexels.com\/fi-fi\/kuva\/mies-kadet-rakkaus-ihmiset-339620\/\" target=\"_blank\" rel=\"noreferrer noopener\">https:\/\/www.pexels.com\/fi-fi\/kuva\/mies-kadet-rakkaus-ihmiset-339620\/<\/a><\/p>\n","protected":false},"excerpt":{"rendered":"<p>Diabeteksen hoidon kehittymisen my\u00f6t\u00e4 diabetesta sairastavien odotettavissa oleva elinik\u00e4 on noussut, mik\u00e4 on lis\u00e4nnyt my\u00f6s diabetesta sairastavien muistisairauksia. Tutkimuksissa on havaittu tyypin 1 diabetesta sairastavien ik\u00e4\u00e4ntyneiden aivoissa erityisesti verenkierron heikkenemisest\u00e4 johtuvia vaurioita. Tyypin 2 diabetesta sairastavilla on l\u00f6ydetty ohimolohkon aivokudoksen rappeumaa sek\u00e4 todettu suurempi riski sairastua verisuoniper\u00e4iseen muistisairauteen ja Alzheimerin tautiin. (J\u00e4msen 2016; Sola ym. [&hellip;]<\/p>\n","protected":false},"author":17,"featured_media":13111,"comment_status":"closed","ping_status":"open","sticky":false,"template":"","format":"standard","meta":{"footnotes":""},"categories":[15],"tags":[29,3800,1985,4689],"class_list":{"0":"post-13109","1":"post","2":"type-post","3":"status-publish","4":"format-standard","5":"has-post-thumbnail","7":"category-health_fi","8":"tag-artikkeli-e1","9":"tag-diabetes-fi","10":"tag-ikaantyneet","11":"tag-muistisairaus","12":"czr-hentry"},"yoast_head":"<!-- This site is optimized with the Yoast SEO plugin v27.5 - https:\/\/yoast.com\/product\/yoast-seo-wordpress\/ -->\n<title>Ik\u00e4\u00e4ntyneen diabetes ja muistisairaus \u2013 haastava yht\u00e4l\u00f6 - LAB Focus<\/title>\n<meta name=\"description\" content=\"Yh\u00e4 useampi diabeetikko el\u00e4\u00e4 korkeaan ik\u00e4\u00e4n, mik\u00e4 merkitsee muistisairauden yleistymist\u00e4. LABin t\u00e4ydennyskoulutuksessa perehdyt\u00e4\u00e4n i\u00e4kk\u00e4iden diabeetikkojen hoitoon.\" \/>\n<meta name=\"robots\" content=\"index, follow, max-snippet:-1, max-image-preview:large, max-video-preview:-1\" \/>\n<link rel=\"canonical\" href=\"https:\/\/blogit.lab.fi\/labfocus\/ikaantyneen-diabetes-ja-muistisairaus-haastava-yhtalo\/\" \/>\n<meta property=\"og:locale\" content=\"fi_FI\" \/>\n<meta property=\"og:type\" content=\"article\" \/>\n<meta property=\"og:title\" content=\"Ik\u00e4\u00e4ntyneen diabetes ja muistisairaus \u2013 haastava yht\u00e4l\u00f6 - LAB Focus\" \/>\n<meta property=\"og:description\" content=\"Yh\u00e4 useampi diabeetikko el\u00e4\u00e4 korkeaan ik\u00e4\u00e4n, mik\u00e4 merkitsee muistisairauden yleistymist\u00e4. LABin t\u00e4ydennyskoulutuksessa perehdyt\u00e4\u00e4n i\u00e4kk\u00e4iden diabeetikkojen hoitoon.\" \/>\n<meta property=\"og:url\" content=\"https:\/\/blogit.lab.fi\/labfocus\/ikaantyneen-diabetes-ja-muistisairaus-haastava-yhtalo\/\" \/>\n<meta property=\"og:site_name\" content=\"LAB Focus\" \/>\n<meta property=\"article:published_time\" content=\"2023-05-11T08:06:50+00:00\" \/>\n<meta property=\"article:modified_time\" content=\"2023-05-11T08:06:52+00:00\" \/>\n<meta property=\"og:image\" content=\"https:\/\/blogit.lab.fi\/labfocus\/wp-content\/uploads\/sites\/8\/2023\/05\/298_2023_Ikaantyneen-diabetes-ja-muistisairaus-haastava-yhtalo.jpg\" \/>\n\t<meta property=\"og:image:width\" content=\"1280\" \/>\n\t<meta property=\"og:image:height\" content=\"720\" \/>\n\t<meta property=\"og:image:type\" content=\"image\/jpeg\" \/>\n<meta name=\"author\" content=\"tainask\" \/>\n<meta name=\"twitter:card\" content=\"summary_large_image\" \/>\n<meta name=\"twitter:creator\" content=\"@LABfinland\" \/>\n<meta name=\"twitter:site\" content=\"@LABfinland\" \/>\n<meta name=\"twitter:label1\" content=\"Kirjoittanut\" \/>\n\t<meta name=\"twitter:data1\" content=\"tainask\" \/>\n\t<meta name=\"twitter:label2\" content=\"Arvioitu lukuaika\" \/>\n\t<meta name=\"twitter:data2\" content=\"3 minuuttia\" \/>\n<script type=\"application\/ld+json\" class=\"yoast-schema-graph\">{\"@context\":\"https:\\\/\\\/schema.org\",\"@graph\":[{\"@type\":\"Article\",\"@id\":\"https:\\\/\\\/blogit.lab.fi\\\/labfocus\\\/ikaantyneen-diabetes-ja-muistisairaus-haastava-yhtalo\\\/#article\",\"isPartOf\":{\"@id\":\"https:\\\/\\\/blogit.lab.fi\\\/labfocus\\\/ikaantyneen-diabetes-ja-muistisairaus-haastava-yhtalo\\\/\"},\"author\":{\"name\":\"tainask\",\"@id\":\"https:\\\/\\\/blogit.lab.fi\\\/labfocus\\\/#\\\/schema\\\/person\\\/da729f65c4a2fb9fd8f0b1ec7a2ab7d0\"},\"headline\":\"Ik\u00e4\u00e4ntyneen diabetes ja muistisairaus \u2013 haastava yht\u00e4l\u00f6\",\"datePublished\":\"2023-05-11T08:06:50+00:00\",\"dateModified\":\"2023-05-11T08:06:52+00:00\",\"mainEntityOfPage\":{\"@id\":\"https:\\\/\\\/blogit.lab.fi\\\/labfocus\\\/ikaantyneen-diabetes-ja-muistisairaus-haastava-yhtalo\\\/\"},\"wordCount\":453,\"publisher\":{\"@id\":\"https:\\\/\\\/blogit.lab.fi\\\/labfocus\\\/#organization\"},\"image\":{\"@id\":\"https:\\\/\\\/blogit.lab.fi\\\/labfocus\\\/ikaantyneen-diabetes-ja-muistisairaus-haastava-yhtalo\\\/#primaryimage\"},\"thumbnailUrl\":\"https:\\\/\\\/blogit.lab.fi\\\/labfocus\\\/wp-content\\\/uploads\\\/sites\\\/8\\\/2023\\\/05\\\/298_2023_Ikaantyneen-diabetes-ja-muistisairaus-haastava-yhtalo.jpg\",\"keywords\":[\"Artikkeli E1\",\"diabetes\",\"ik\u00e4\u00e4ntyneet\",\"muistisairaus\"],\"articleSection\":[\"Health\"],\"inLanguage\":\"fi\"},{\"@type\":\"WebPage\",\"@id\":\"https:\\\/\\\/blogit.lab.fi\\\/labfocus\\\/ikaantyneen-diabetes-ja-muistisairaus-haastava-yhtalo\\\/\",\"url\":\"https:\\\/\\\/blogit.lab.fi\\\/labfocus\\\/ikaantyneen-diabetes-ja-muistisairaus-haastava-yhtalo\\\/\",\"name\":\"Ik\u00e4\u00e4ntyneen diabetes ja muistisairaus \u2013 haastava yht\u00e4l\u00f6 - LAB Focus\",\"isPartOf\":{\"@id\":\"https:\\\/\\\/blogit.lab.fi\\\/labfocus\\\/#website\"},\"primaryImageOfPage\":{\"@id\":\"https:\\\/\\\/blogit.lab.fi\\\/labfocus\\\/ikaantyneen-diabetes-ja-muistisairaus-haastava-yhtalo\\\/#primaryimage\"},\"image\":{\"@id\":\"https:\\\/\\\/blogit.lab.fi\\\/labfocus\\\/ikaantyneen-diabetes-ja-muistisairaus-haastava-yhtalo\\\/#primaryimage\"},\"thumbnailUrl\":\"https:\\\/\\\/blogit.lab.fi\\\/labfocus\\\/wp-content\\\/uploads\\\/sites\\\/8\\\/2023\\\/05\\\/298_2023_Ikaantyneen-diabetes-ja-muistisairaus-haastava-yhtalo.jpg\",\"datePublished\":\"2023-05-11T08:06:50+00:00\",\"dateModified\":\"2023-05-11T08:06:52+00:00\",\"description\":\"Yh\u00e4 useampi diabeetikko el\u00e4\u00e4 korkeaan ik\u00e4\u00e4n, mik\u00e4 merkitsee muistisairauden yleistymist\u00e4. LABin t\u00e4ydennyskoulutuksessa perehdyt\u00e4\u00e4n i\u00e4kk\u00e4iden diabeetikkojen hoitoon.\",\"breadcrumb\":{\"@id\":\"https:\\\/\\\/blogit.lab.fi\\\/labfocus\\\/ikaantyneen-diabetes-ja-muistisairaus-haastava-yhtalo\\\/#breadcrumb\"},\"inLanguage\":\"fi\",\"potentialAction\":[{\"@type\":\"ReadAction\",\"target\":[\"https:\\\/\\\/blogit.lab.fi\\\/labfocus\\\/ikaantyneen-diabetes-ja-muistisairaus-haastava-yhtalo\\\/\"]}]},{\"@type\":\"ImageObject\",\"inLanguage\":\"fi\",\"@id\":\"https:\\\/\\\/blogit.lab.fi\\\/labfocus\\\/ikaantyneen-diabetes-ja-muistisairaus-haastava-yhtalo\\\/#primaryimage\",\"url\":\"https:\\\/\\\/blogit.lab.fi\\\/labfocus\\\/wp-content\\\/uploads\\\/sites\\\/8\\\/2023\\\/05\\\/298_2023_Ikaantyneen-diabetes-ja-muistisairaus-haastava-yhtalo.jpg\",\"contentUrl\":\"https:\\\/\\\/blogit.lab.fi\\\/labfocus\\\/wp-content\\\/uploads\\\/sites\\\/8\\\/2023\\\/05\\\/298_2023_Ikaantyneen-diabetes-ja-muistisairaus-haastava-yhtalo.jpg\",\"width\":1280,\"height\":720},{\"@type\":\"BreadcrumbList\",\"@id\":\"https:\\\/\\\/blogit.lab.fi\\\/labfocus\\\/ikaantyneen-diabetes-ja-muistisairaus-haastava-yhtalo\\\/#breadcrumb\",\"itemListElement\":[{\"@type\":\"ListItem\",\"position\":1,\"name\":\"Home\",\"item\":\"https:\\\/\\\/blogit.lab.fi\\\/labfocus\\\/\"},{\"@type\":\"ListItem\",\"position\":2,\"name\":\"Ik\u00e4\u00e4ntyneen diabetes ja muistisairaus \u2013 haastava yht\u00e4l\u00f6\"}]},{\"@type\":\"WebSite\",\"@id\":\"https:\\\/\\\/blogit.lab.fi\\\/labfocus\\\/#website\",\"url\":\"https:\\\/\\\/blogit.lab.fi\\\/labfocus\\\/\",\"name\":\"LAB Focus\",\"description\":\"Focus Area blog | LAB University of Applied Sciences\",\"publisher\":{\"@id\":\"https:\\\/\\\/blogit.lab.fi\\\/labfocus\\\/#organization\"},\"potentialAction\":[{\"@type\":\"SearchAction\",\"target\":{\"@type\":\"EntryPoint\",\"urlTemplate\":\"https:\\\/\\\/blogit.lab.fi\\\/labfocus\\\/?s={search_term_string}\"},\"query-input\":{\"@type\":\"PropertyValueSpecification\",\"valueRequired\":true,\"valueName\":\"search_term_string\"}}],\"inLanguage\":\"fi\"},{\"@type\":\"Organization\",\"@id\":\"https:\\\/\\\/blogit.lab.fi\\\/labfocus\\\/#organization\",\"name\":\"LAB Focus\",\"url\":\"https:\\\/\\\/blogit.lab.fi\\\/labfocus\\\/\",\"logo\":{\"@type\":\"ImageObject\",\"inLanguage\":\"fi\",\"@id\":\"https:\\\/\\\/blogit.lab.fi\\\/labfocus\\\/#\\\/schema\\\/logo\\\/image\\\/\",\"url\":\"https:\\\/\\\/blogit.lab.fi\\\/labfocus\\\/wp-content\\\/uploads\\\/sites\\\/8\\\/2020\\\/04\\\/cropped-cropped-tunnus_blogi-01.png\",\"contentUrl\":\"https:\\\/\\\/blogit.lab.fi\\\/labfocus\\\/wp-content\\\/uploads\\\/sites\\\/8\\\/2020\\\/04\\\/cropped-cropped-tunnus_blogi-01.png\",\"width\":1342,\"height\":288,\"caption\":\"LAB Focus\"},\"image\":{\"@id\":\"https:\\\/\\\/blogit.lab.fi\\\/labfocus\\\/#\\\/schema\\\/logo\\\/image\\\/\"},\"sameAs\":[\"https:\\\/\\\/x.com\\\/LABfinland\"]},{\"@type\":\"Person\",\"@id\":\"https:\\\/\\\/blogit.lab.fi\\\/labfocus\\\/#\\\/schema\\\/person\\\/da729f65c4a2fb9fd8f0b1ec7a2ab7d0\",\"name\":\"tainask\",\"image\":{\"@type\":\"ImageObject\",\"inLanguage\":\"fi\",\"@id\":\"https:\\\/\\\/secure.gravatar.com\\\/avatar\\\/4a96427877ef826b76e80c27f60b266128094f522551459346efcf14282febb3?s=96&d=mm&r=g\",\"url\":\"https:\\\/\\\/secure.gravatar.com\\\/avatar\\\/4a96427877ef826b76e80c27f60b266128094f522551459346efcf14282febb3?s=96&d=mm&r=g\",\"contentUrl\":\"https:\\\/\\\/secure.gravatar.com\\\/avatar\\\/4a96427877ef826b76e80c27f60b266128094f522551459346efcf14282febb3?s=96&d=mm&r=g\",\"caption\":\"tainask\"},\"url\":\"https:\\\/\\\/blogit.lab.fi\\\/labfocus\\\/author\\\/tainask\\\/\"}]}<\/script>\n<!-- \/ Yoast SEO plugin. -->","yoast_head_json":{"title":"Ik\u00e4\u00e4ntyneen diabetes ja muistisairaus \u2013 haastava yht\u00e4l\u00f6 - LAB Focus","description":"Yh\u00e4 useampi diabeetikko el\u00e4\u00e4 korkeaan ik\u00e4\u00e4n, mik\u00e4 merkitsee muistisairauden yleistymist\u00e4. LABin t\u00e4ydennyskoulutuksessa perehdyt\u00e4\u00e4n i\u00e4kk\u00e4iden diabeetikkojen hoitoon.","robots":{"index":"index","follow":"follow","max-snippet":"max-snippet:-1","max-image-preview":"max-image-preview:large","max-video-preview":"max-video-preview:-1"},"canonical":"https:\/\/blogit.lab.fi\/labfocus\/ikaantyneen-diabetes-ja-muistisairaus-haastava-yhtalo\/","og_locale":"fi_FI","og_type":"article","og_title":"Ik\u00e4\u00e4ntyneen diabetes ja muistisairaus \u2013 haastava yht\u00e4l\u00f6 - LAB Focus","og_description":"Yh\u00e4 useampi diabeetikko el\u00e4\u00e4 korkeaan ik\u00e4\u00e4n, mik\u00e4 merkitsee muistisairauden yleistymist\u00e4. LABin t\u00e4ydennyskoulutuksessa perehdyt\u00e4\u00e4n i\u00e4kk\u00e4iden diabeetikkojen hoitoon.","og_url":"https:\/\/blogit.lab.fi\/labfocus\/ikaantyneen-diabetes-ja-muistisairaus-haastava-yhtalo\/","og_site_name":"LAB Focus","article_published_time":"2023-05-11T08:06:50+00:00","article_modified_time":"2023-05-11T08:06:52+00:00","og_image":[{"width":1280,"height":720,"url":"https:\/\/blogit.lab.fi\/labfocus\/wp-content\/uploads\/sites\/8\/2023\/05\/298_2023_Ikaantyneen-diabetes-ja-muistisairaus-haastava-yhtalo.jpg","type":"image\/jpeg"}],"author":"tainask","twitter_card":"summary_large_image","twitter_creator":"@LABfinland","twitter_site":"@LABfinland","twitter_misc":{"Kirjoittanut":"tainask","Arvioitu lukuaika":"3 minuuttia"},"schema":{"@context":"https:\/\/schema.org","@graph":[{"@type":"Article","@id":"https:\/\/blogit.lab.fi\/labfocus\/ikaantyneen-diabetes-ja-muistisairaus-haastava-yhtalo\/#article","isPartOf":{"@id":"https:\/\/blogit.lab.fi\/labfocus\/ikaantyneen-diabetes-ja-muistisairaus-haastava-yhtalo\/"},"author":{"name":"tainask","@id":"https:\/\/blogit.lab.fi\/labfocus\/#\/schema\/person\/da729f65c4a2fb9fd8f0b1ec7a2ab7d0"},"headline":"Ik\u00e4\u00e4ntyneen diabetes ja muistisairaus \u2013 haastava yht\u00e4l\u00f6","datePublished":"2023-05-11T08:06:50+00:00","dateModified":"2023-05-11T08:06:52+00:00","mainEntityOfPage":{"@id":"https:\/\/blogit.lab.fi\/labfocus\/ikaantyneen-diabetes-ja-muistisairaus-haastava-yhtalo\/"},"wordCount":453,"publisher":{"@id":"https:\/\/blogit.lab.fi\/labfocus\/#organization"},"image":{"@id":"https:\/\/blogit.lab.fi\/labfocus\/ikaantyneen-diabetes-ja-muistisairaus-haastava-yhtalo\/#primaryimage"},"thumbnailUrl":"https:\/\/blogit.lab.fi\/labfocus\/wp-content\/uploads\/sites\/8\/2023\/05\/298_2023_Ikaantyneen-diabetes-ja-muistisairaus-haastava-yhtalo.jpg","keywords":["Artikkeli E1","diabetes","ik\u00e4\u00e4ntyneet","muistisairaus"],"articleSection":["Health"],"inLanguage":"fi"},{"@type":"WebPage","@id":"https:\/\/blogit.lab.fi\/labfocus\/ikaantyneen-diabetes-ja-muistisairaus-haastava-yhtalo\/","url":"https:\/\/blogit.lab.fi\/labfocus\/ikaantyneen-diabetes-ja-muistisairaus-haastava-yhtalo\/","name":"Ik\u00e4\u00e4ntyneen diabetes ja muistisairaus \u2013 haastava yht\u00e4l\u00f6 - LAB Focus","isPartOf":{"@id":"https:\/\/blogit.lab.fi\/labfocus\/#website"},"primaryImageOfPage":{"@id":"https:\/\/blogit.lab.fi\/labfocus\/ikaantyneen-diabetes-ja-muistisairaus-haastava-yhtalo\/#primaryimage"},"image":{"@id":"https:\/\/blogit.lab.fi\/labfocus\/ikaantyneen-diabetes-ja-muistisairaus-haastava-yhtalo\/#primaryimage"},"thumbnailUrl":"https:\/\/blogit.lab.fi\/labfocus\/wp-content\/uploads\/sites\/8\/2023\/05\/298_2023_Ikaantyneen-diabetes-ja-muistisairaus-haastava-yhtalo.jpg","datePublished":"2023-05-11T08:06:50+00:00","dateModified":"2023-05-11T08:06:52+00:00","description":"Yh\u00e4 useampi diabeetikko el\u00e4\u00e4 korkeaan ik\u00e4\u00e4n, mik\u00e4 merkitsee muistisairauden yleistymist\u00e4. LABin t\u00e4ydennyskoulutuksessa perehdyt\u00e4\u00e4n i\u00e4kk\u00e4iden diabeetikkojen hoitoon.","breadcrumb":{"@id":"https:\/\/blogit.lab.fi\/labfocus\/ikaantyneen-diabetes-ja-muistisairaus-haastava-yhtalo\/#breadcrumb"},"inLanguage":"fi","potentialAction":[{"@type":"ReadAction","target":["https:\/\/blogit.lab.fi\/labfocus\/ikaantyneen-diabetes-ja-muistisairaus-haastava-yhtalo\/"]}]},{"@type":"ImageObject","inLanguage":"fi","@id":"https:\/\/blogit.lab.fi\/labfocus\/ikaantyneen-diabetes-ja-muistisairaus-haastava-yhtalo\/#primaryimage","url":"https:\/\/blogit.lab.fi\/labfocus\/wp-content\/uploads\/sites\/8\/2023\/05\/298_2023_Ikaantyneen-diabetes-ja-muistisairaus-haastava-yhtalo.jpg","contentUrl":"https:\/\/blogit.lab.fi\/labfocus\/wp-content\/uploads\/sites\/8\/2023\/05\/298_2023_Ikaantyneen-diabetes-ja-muistisairaus-haastava-yhtalo.jpg","width":1280,"height":720},{"@type":"BreadcrumbList","@id":"https:\/\/blogit.lab.fi\/labfocus\/ikaantyneen-diabetes-ja-muistisairaus-haastava-yhtalo\/#breadcrumb","itemListElement":[{"@type":"ListItem","position":1,"name":"Home","item":"https:\/\/blogit.lab.fi\/labfocus\/"},{"@type":"ListItem","position":2,"name":"Ik\u00e4\u00e4ntyneen diabetes ja muistisairaus \u2013 haastava yht\u00e4l\u00f6"}]},{"@type":"WebSite","@id":"https:\/\/blogit.lab.fi\/labfocus\/#website","url":"https:\/\/blogit.lab.fi\/labfocus\/","name":"LAB Focus","description":"Focus Area blog | LAB University of Applied Sciences","publisher":{"@id":"https:\/\/blogit.lab.fi\/labfocus\/#organization"},"potentialAction":[{"@type":"SearchAction","target":{"@type":"EntryPoint","urlTemplate":"https:\/\/blogit.lab.fi\/labfocus\/?s={search_term_string}"},"query-input":{"@type":"PropertyValueSpecification","valueRequired":true,"valueName":"search_term_string"}}],"inLanguage":"fi"},{"@type":"Organization","@id":"https:\/\/blogit.lab.fi\/labfocus\/#organization","name":"LAB Focus","url":"https:\/\/blogit.lab.fi\/labfocus\/","logo":{"@type":"ImageObject","inLanguage":"fi","@id":"https:\/\/blogit.lab.fi\/labfocus\/#\/schema\/logo\/image\/","url":"https:\/\/blogit.lab.fi\/labfocus\/wp-content\/uploads\/sites\/8\/2020\/04\/cropped-cropped-tunnus_blogi-01.png","contentUrl":"https:\/\/blogit.lab.fi\/labfocus\/wp-content\/uploads\/sites\/8\/2020\/04\/cropped-cropped-tunnus_blogi-01.png","width":1342,"height":288,"caption":"LAB Focus"},"image":{"@id":"https:\/\/blogit.lab.fi\/labfocus\/#\/schema\/logo\/image\/"},"sameAs":["https:\/\/x.com\/LABfinland"]},{"@type":"Person","@id":"https:\/\/blogit.lab.fi\/labfocus\/#\/schema\/person\/da729f65c4a2fb9fd8f0b1ec7a2ab7d0","name":"tainask","image":{"@type":"ImageObject","inLanguage":"fi","@id":"https:\/\/secure.gravatar.com\/avatar\/4a96427877ef826b76e80c27f60b266128094f522551459346efcf14282febb3?s=96&d=mm&r=g","url":"https:\/\/secure.gravatar.com\/avatar\/4a96427877ef826b76e80c27f60b266128094f522551459346efcf14282febb3?s=96&d=mm&r=g","contentUrl":"https:\/\/secure.gravatar.com\/avatar\/4a96427877ef826b76e80c27f60b266128094f522551459346efcf14282febb3?s=96&d=mm&r=g","caption":"tainask"},"url":"https:\/\/blogit.lab.fi\/labfocus\/author\/tainask\/"}]}},"_links":{"self":[{"href":"https:\/\/blogit.lab.fi\/labfocus\/wp-json\/wp\/v2\/posts\/13109","targetHints":{"allow":["GET"]}}],"collection":[{"href":"https:\/\/blogit.lab.fi\/labfocus\/wp-json\/wp\/v2\/posts"}],"about":[{"href":"https:\/\/blogit.lab.fi\/labfocus\/wp-json\/wp\/v2\/types\/post"}],"author":[{"embeddable":true,"href":"https:\/\/blogit.lab.fi\/labfocus\/wp-json\/wp\/v2\/users\/17"}],"replies":[{"embeddable":true,"href":"https:\/\/blogit.lab.fi\/labfocus\/wp-json\/wp\/v2\/comments?post=13109"}],"version-history":[{"count":1,"href":"https:\/\/blogit.lab.fi\/labfocus\/wp-json\/wp\/v2\/posts\/13109\/revisions"}],"predecessor-version":[{"id":13112,"href":"https:\/\/blogit.lab.fi\/labfocus\/wp-json\/wp\/v2\/posts\/13109\/revisions\/13112"}],"wp:featuredmedia":[{"embeddable":true,"href":"https:\/\/blogit.lab.fi\/labfocus\/wp-json\/wp\/v2\/media\/13111"}],"wp:attachment":[{"href":"https:\/\/blogit.lab.fi\/labfocus\/wp-json\/wp\/v2\/media?parent=13109"}],"wp:term":[{"taxonomy":"category","embeddable":true,"href":"https:\/\/blogit.lab.fi\/labfocus\/wp-json\/wp\/v2\/categories?post=13109"},{"taxonomy":"post_tag","embeddable":true,"href":"https:\/\/blogit.lab.fi\/labfocus\/wp-json\/wp\/v2\/tags?post=13109"}],"curies":[{"name":"wp","href":"https:\/\/api.w.org\/{rel}","templated":true}]}}