{"id":13523,"date":"2023-06-01T11:28:48","date_gmt":"2023-06-01T08:28:48","guid":{"rendered":"https:\/\/blogit.lab.fi\/labfocus\/?p=13523"},"modified":"2023-06-01T11:28:49","modified_gmt":"2023-06-01T08:28:49","slug":"kulttuuriperinto-ja-maiseman-tarina-tutuiksi-pyoraillen","status":"publish","type":"post","link":"https:\/\/blogit.lab.fi\/labfocus\/kulttuuriperinto-ja-maiseman-tarina-tutuiksi-pyoraillen\/","title":{"rendered":"Kulttuuriperint\u00f6 ja maiseman tarina tutuiksi py\u00f6r\u00e4illen"},"content":{"rendered":"\n<p>P\u00e4ij\u00e4t-H\u00e4meen matkailu- ja py\u00f6r\u00e4ilytoimijoiden yhdess\u00e4 ideoima py\u00f6r\u00e4ilykes\u00e4n avaustapahtuma, Salpausselk\u00e4 Bike Fest pilotoitiin toukokuun lopulla Hollolassa. LAB-ammattikorkeakoulun ja PHLU:n yhteisen Py\u00f6r\u00e4matkailijan P\u00e4ij\u00e4t-H\u00e4me -hankkeen (LAB 2023a) koordinoiman tapahtuman ohjelmarungon muodostivat opastetut py\u00f6r\u00e4retket, mutta keskuspaikalla Camping Messil\u00e4ss\u00e4 oli 27.5.2023 py\u00f6r\u00e4ilyaiheista ohjelmaa koko p\u00e4iv\u00e4n ajan. Tapahtuman p\u00e4\u00e4teemana oli reilu vuosi sitten YK:n koulutus-, tiede- ja kulttuurij\u00e4rjest\u00f6n virallisen statuksen (Lahti Region 2022) saanut Salpausselk\u00e4 UNESCO Global Geopark.<\/p>\n\n\n\n<figure class=\"wp-block-image size-large\"><img loading=\"lazy\" decoding=\"async\" width=\"1024\" height=\"640\" src=\"https:\/\/blogit.lab.fi\/labfocus\/wp-content\/uploads\/sites\/8\/2023\/06\/401_2023_Kulttuuriperinto-ja-maiseman-tarina_1-1024x640.jpg\" alt=\"[Alt-teksti: h\u00e4m\u00e4r\u00e4sti valaistu hirsirakennus, jonka sis\u00e4ll\u00e4 on tuolia ja p\u00f6yti\u00e4 sek\u00e4 ihmisten ryhm\u00e4.]\" class=\"wp-image-13525\" srcset=\"https:\/\/blogit.lab.fi\/labfocus\/wp-content\/uploads\/sites\/8\/2023\/06\/401_2023_Kulttuuriperinto-ja-maiseman-tarina_1-1024x640.jpg 1024w, https:\/\/blogit.lab.fi\/labfocus\/wp-content\/uploads\/sites\/8\/2023\/06\/401_2023_Kulttuuriperinto-ja-maiseman-tarina_1-300x188.jpg 300w, https:\/\/blogit.lab.fi\/labfocus\/wp-content\/uploads\/sites\/8\/2023\/06\/401_2023_Kulttuuriperinto-ja-maiseman-tarina_1-768x480.jpg 768w, https:\/\/blogit.lab.fi\/labfocus\/wp-content\/uploads\/sites\/8\/2023\/06\/401_2023_Kulttuuriperinto-ja-maiseman-tarina_1-570x356.jpg 570w, https:\/\/blogit.lab.fi\/labfocus\/wp-content\/uploads\/sites\/8\/2023\/06\/401_2023_Kulttuuriperinto-ja-maiseman-tarina_1.jpg 1280w\" sizes=\"auto, (max-width: 1024px) 100vw, 1024px\" \/><figcaption class=\"wp-element-caption\">Kuva 1. Lahden py\u00f6r\u00e4ilij\u00f6iden vet\u00e4m\u00e4ll\u00e4 Gravel Ride -retkell\u00e4 vierailtiin Hollolan Hirven sahtimuseossa. (Kuva: Kimmo Hirvonen)<\/figcaption><\/figure>\n\n\n\n<h2 class=\"wp-block-heading\">Gravel-retki\u00e4 maalaismaisemissa<\/h2>\n\n\n\n<p>Paikalliskulttuuri, perinteet ja kulttuuriymp\u00e4rist\u00f6t kiehtovat matkailijoita ja lis\u00e4\u00e4v\u00e4t el\u00e4myksellisyyden kokemusta luontomatkailussa (Lavia 2009). Salpausselk\u00e4 Bike Festiss\u00e4 t\u00e4t\u00e4 hy\u00f6dynnettiin n\u00e4kyvimmin kulttuuriperint\u00f6\u00f6n tuotteistetulla Gravel Ride -retkell\u00e4, joka sis\u00e4lsi opastuskierrokset Hollolan Hirven sahtimuseossa sek\u00e4 Kapatuosian linnavuorella. Kapatuosialla opastuksen tuotti LAB-ammattikorkeakoulun hallinnoima Luontokohteiden kulttuuriperint\u00f6 el\u00e4v\u00e4ksi -hanke (LAB 2023b).<\/p>\n\n\n\n<h2 class=\"wp-block-heading\">Bikepacking-retki l\u00e4pi kulttuurimaisemien<\/h2>\n\n\n\n<p>Gravel-py\u00f6r\u00e4ilyn ohella Salpausselk\u00e4 Bike Festiss\u00e4 n\u00e4kyi my\u00f6s toinen t\u00e4ll\u00e4 hetkell\u00e4 trendik\u00e4s py\u00f6r\u00e4ilyn alalaji, bikepacking (Bikeland 2023). Siin\u00e4 kyse on py\u00f6r\u00e4vaelluksesta tai retkeilyst\u00e4, jossa mukana kuljetetaan tavallisesti y\u00f6pymisvarusteita. Salpausselk\u00e4 Bike Festiss\u00e4 t\u00e4h\u00e4n teemaan johdatti Tiirismaan Latu Reppu Ride -retkell\u00e4, joka kulki H\u00e4meenkoskelta kahden luomutilan kautta Camping Messil\u00e4\u00e4n. Retki sis\u00e4lsi my\u00f6s k\u00e4ynnin milj\u00f6\u00f6lt\u00e4\u00e4n upealla Hankalan Pellavaloukulla H\u00e4meenkoskella.<\/p>\n\n\n\n<figure class=\"wp-block-image size-large\"><img loading=\"lazy\" decoding=\"async\" width=\"1024\" height=\"614\" src=\"https:\/\/blogit.lab.fi\/labfocus\/wp-content\/uploads\/sites\/8\/2023\/06\/401_2023_Kulttuuriperinto-ja-maiseman-tarina_2-1024x614.jpg\" alt=\"[Alt-teksti: vanha puinen rakennelma j\u00e4rven rannassa, sen edess\u00e4 parikymment\u00e4 py\u00f6r\u00e4ilij\u00e4\u00e4 varusteineen.]\" class=\"wp-image-13526\" srcset=\"https:\/\/blogit.lab.fi\/labfocus\/wp-content\/uploads\/sites\/8\/2023\/06\/401_2023_Kulttuuriperinto-ja-maiseman-tarina_2-1024x614.jpg 1024w, https:\/\/blogit.lab.fi\/labfocus\/wp-content\/uploads\/sites\/8\/2023\/06\/401_2023_Kulttuuriperinto-ja-maiseman-tarina_2-300x180.jpg 300w, https:\/\/blogit.lab.fi\/labfocus\/wp-content\/uploads\/sites\/8\/2023\/06\/401_2023_Kulttuuriperinto-ja-maiseman-tarina_2-768x461.jpg 768w, https:\/\/blogit.lab.fi\/labfocus\/wp-content\/uploads\/sites\/8\/2023\/06\/401_2023_Kulttuuriperinto-ja-maiseman-tarina_2-570x342.jpg 570w, https:\/\/blogit.lab.fi\/labfocus\/wp-content\/uploads\/sites\/8\/2023\/06\/401_2023_Kulttuuriperinto-ja-maiseman-tarina_2.jpg 1280w\" sizes=\"auto, (max-width: 1024px) 100vw, 1024px\" \/><figcaption class=\"wp-element-caption\">Kuva 2. Salpausselk\u00e4 Reppu Riden retki Hankalan Pellavaloukulla. (Kuva: Kimmo Hirvonen)<\/figcaption><\/figure>\n\n\n\n<h2 class=\"wp-block-heading\">Lasten py\u00f6r\u00e4koulu havainnollisti geoparkin tarinaa<\/h2>\n\n\n\n<p>Salpausselk\u00e4 Geoparkin tarina veden muovaamana maisemana oli tapahtuman keskuspaikalla esill\u00e4 messutapahtumassa sek\u00e4 lasten py\u00f6r\u00e4koulussa, joka yhdisti py\u00f6r\u00e4ilytaitojen harjoittelua ja ymp\u00e4rist\u00f6kasvatusta.<\/p>\n\n\n\n<figure class=\"wp-block-image size-large\"><img loading=\"lazy\" decoding=\"async\" width=\"1024\" height=\"631\" src=\"https:\/\/blogit.lab.fi\/labfocus\/wp-content\/uploads\/sites\/8\/2023\/06\/401_2023_Kulttuuriperinto-ja-maiseman-tarina_3-1024x631.jpg\" alt=\"[Alt-teksti: pieni lapsi pienen py\u00f6r\u00e4ns\u00e4 kanssa, ajamassa maahan asetetulle melko kapealle lankulle, vieress\u00e4 aikuinen opastamassa.]\" class=\"wp-image-13527\" srcset=\"https:\/\/blogit.lab.fi\/labfocus\/wp-content\/uploads\/sites\/8\/2023\/06\/401_2023_Kulttuuriperinto-ja-maiseman-tarina_3-1024x631.jpg 1024w, https:\/\/blogit.lab.fi\/labfocus\/wp-content\/uploads\/sites\/8\/2023\/06\/401_2023_Kulttuuriperinto-ja-maiseman-tarina_3-300x185.jpg 300w, https:\/\/blogit.lab.fi\/labfocus\/wp-content\/uploads\/sites\/8\/2023\/06\/401_2023_Kulttuuriperinto-ja-maiseman-tarina_3-768x473.jpg 768w, https:\/\/blogit.lab.fi\/labfocus\/wp-content\/uploads\/sites\/8\/2023\/06\/401_2023_Kulttuuriperinto-ja-maiseman-tarina_3-570x350.jpg 570w, https:\/\/blogit.lab.fi\/labfocus\/wp-content\/uploads\/sites\/8\/2023\/06\/401_2023_Kulttuuriperinto-ja-maiseman-tarina_3.jpg 1280w\" sizes=\"auto, (max-width: 1024px) 100vw, 1024px\" \/><figcaption class=\"wp-element-caption\">Kuva 3. Lasten py\u00f6r\u00e4koulussa perehdyttiin lapsille sopivalla tavalla Salpausselk\u00e4 Geoparkin tarinaan. (Kuva: P\u00e4ivi Tommola)<\/figcaption><\/figure>\n\n\n\n<p>Salpausselk\u00e4 Geoparkin ja Lahden py\u00f6r\u00e4koulun yhteisty\u00f6n\u00e4 tuotetussa Sepon ja Saulin geopark-py\u00f6r\u00e4koulussa lapset p\u00e4\u00e4siv\u00e4t havainnoimaan Salpausselk\u00e4 Geoparkin geologisen syntytarinan aikaj\u00e4nnett\u00e4 ja eri vaiheita sek\u00e4 perehtym\u00e4\u00e4n tarkemmin alueen maiseman syntytarinaan suppien synnyn kautta. Py\u00f6r\u00e4kouluun osallistui p\u00e4iv\u00e4n aikana noin 30 lasta.<\/p>\n\n\n\n<div class=\"wp-block-group has-background\" style=\"background-color:#b3edfb\"><div class=\"wp-block-group__inner-container is-layout-constrained wp-block-group-is-layout-constrained\">\n<p>Kirjoittaja<\/p>\n\n\n\n<p><strong>P\u00e4ivi Tommola<\/strong> toimii LAB-ammattikorkeakoulussa projektip\u00e4\u00e4llikk\u00f6n\u00e4 Py\u00f6r\u00e4matkailijan P\u00e4ij\u00e4t-H\u00e4me -hankkeessa.<\/p>\n<\/div><\/div>\n\n\n<div class=\"wp-block-image\">\n<figure class=\"aligncenter size-large is-resized\"><img loading=\"lazy\" decoding=\"async\" src=\"https:\/\/blogit.lab.fi\/labfocus\/wp-content\/uploads\/sites\/8\/2023\/06\/maatalousrahasto_2014-2020_lippu-ja-lause_fi-1024x160.jpg\" alt=\"\" class=\"wp-image-13528\" width=\"563\" height=\"88\" srcset=\"https:\/\/blogit.lab.fi\/labfocus\/wp-content\/uploads\/sites\/8\/2023\/06\/maatalousrahasto_2014-2020_lippu-ja-lause_fi-1024x160.jpg 1024w, https:\/\/blogit.lab.fi\/labfocus\/wp-content\/uploads\/sites\/8\/2023\/06\/maatalousrahasto_2014-2020_lippu-ja-lause_fi-300x47.jpg 300w, https:\/\/blogit.lab.fi\/labfocus\/wp-content\/uploads\/sites\/8\/2023\/06\/maatalousrahasto_2014-2020_lippu-ja-lause_fi-768x120.jpg 768w, https:\/\/blogit.lab.fi\/labfocus\/wp-content\/uploads\/sites\/8\/2023\/06\/maatalousrahasto_2014-2020_lippu-ja-lause_fi-570x89.jpg 570w, https:\/\/blogit.lab.fi\/labfocus\/wp-content\/uploads\/sites\/8\/2023\/06\/maatalousrahasto_2014-2020_lippu-ja-lause_fi.jpg 1200w\" sizes=\"auto, (max-width: 563px) 100vw, 563px\" \/><\/figure>\n<\/div>\n\n\n<h2 class=\"wp-block-heading\">L\u00e4hteet<\/h2>\n\n\n\n<p>LAB. 2023a. Py\u00f6r\u00e4matkailijan P\u00e4ij\u00e4t-H\u00e4me. Hanke. Viitattu 30.5.2023. Saatavissa <a href=\"https:\/\/lab.fi\/fi\/projekti\/pyoramatkailijan-paijat-hame\" target=\"_blank\" rel=\"noreferrer noopener\">https:\/\/lab.fi\/fi\/projekti\/pyoramatkailijan-paijat-hame<\/a><\/p>\n\n\n\n<p>LAB. 2023b. Luontokohteiden kulttuuriperint\u00f6 el\u00e4v\u00e4ksi. Hanke. Viitattu 30.5.2023. Saatavissa <a href=\"https:\/\/lab.fi\/fi\/projekti\/luontokohteiden-kulttuuriperinto-elavaksi\" target=\"_blank\" rel=\"noreferrer noopener\">https:\/\/lab.fi\/fi\/projekti\/luontokohteiden-kulttuuriperinto-elavaksi<\/a><\/p>\n\n\n\n<p>Lahti Region. 2022. Salpausselk\u00e4 Geopark nousi UNESCO-kohteeksi. Viitattu 30.5.2023. Saatavissa <a href=\"https:\/\/www.epressi.com\/tiedotteet\/matkailu\/salpausselka-geopark-nousi-unesco-kohteeksi.html\" target=\"_blank\" rel=\"noreferrer noopener\">https:\/\/www.epressi.com\/tiedotteet\/matkailu\/salpausselka-geopark-nousi-unesco-kohteeksi.html<\/a><\/p>\n\n\n\n<p>Lavia, A. 2009. Lappi -El\u00e4mystuottajan aarreaitta. Teoksessa: Tarssanen, S. El\u00e4mystuottajan k\u00e4sikirja. Viitattu 30.5.2023. Saatavissa <a href=\"https:\/\/tiimivalmentaja.files.wordpress.com\/2020\/03\/elc3a4mystuottajan_kc3a4sikirja.pdf\" target=\"_blank\" rel=\"noreferrer noopener\">https:\/\/tiimivalmentaja.files.wordpress.com\/2020\/03\/elc3a4mystuottajan_kc3a4sikirja.pdf<\/a><\/p>\n\n\n\n<p>Py\u00f6r\u00e4matkailukeskus. 2023. Bikepacking. Viitattu 30.5.2023. Saatavissa <a href=\"https:\/\/www.bikeland.fi\/bikepacking\" target=\"_blank\" rel=\"noreferrer noopener\">https:\/\/www.bikeland.fi\/bikepacking<\/a><\/p>\n","protected":false},"excerpt":{"rendered":"<p>P\u00e4ij\u00e4t-H\u00e4meen matkailu- ja py\u00f6r\u00e4ilytoimijoiden yhdess\u00e4 ideoima py\u00f6r\u00e4ilykes\u00e4n avaustapahtuma, Salpausselk\u00e4 Bike Fest pilotoitiin toukokuun lopulla Hollolassa. LAB-ammattikorkeakoulun ja PHLU:n yhteisen Py\u00f6r\u00e4matkailijan P\u00e4ij\u00e4t-H\u00e4me -hankkeen (LAB 2023a) koordinoiman tapahtuman ohjelmarungon muodostivat opastetut py\u00f6r\u00e4retket, mutta keskuspaikalla Camping Messil\u00e4ss\u00e4 oli 27.5.2023 py\u00f6r\u00e4ilyaiheista ohjelmaa koko p\u00e4iv\u00e4n ajan. Tapahtuman p\u00e4\u00e4teemana oli reilu vuosi sitten YK:n koulutus-, tiede- ja kulttuurij\u00e4rjest\u00f6n virallisen statuksen (Lahti [&hellip;]<\/p>\n","protected":false},"author":17,"featured_media":13527,"comment_status":"closed","ping_status":"open","sticky":false,"template":"","format":"standard","meta":{"footnotes":""},"categories":[15,147],"tags":[29,4105,6054,2808,2531],"class_list":{"0":"post-13523","1":"post","2":"type-post","3":"status-publish","4":"format-standard","5":"has-post-thumbnail","7":"category-health_fi","8":"category-hyvinvointia-liikkumisesta-ja-elinymparistosta","9":"tag-artikkeli-e1","10":"tag-kulttuuriperinto","11":"tag-pyorailytapahtumat-fi","12":"tag-pyoramatkailijan-paijat-hame","13":"tag-pyoramatkailu","14":"czr-hentry"},"yoast_head":"<!-- This site is optimized with the Yoast SEO plugin v27.4 - https:\/\/yoast.com\/product\/yoast-seo-wordpress\/ -->\n<title>Kulttuuriperint\u00f6 ja maiseman tarina tutuiksi py\u00f6r\u00e4illen - LAB Focus<\/title>\n<meta name=\"description\" content=\"Suuren py\u00f6r\u00e4ilytapahtuman kuvaus toukokuussa 2023. LAB-ammattikorkeakoulu, Py\u00f6r\u00e4matkailijan P\u00e4ij\u00e4t-H\u00e4me -hanke.\" \/>\n<meta name=\"robots\" content=\"index, follow, max-snippet:-1, max-image-preview:large, max-video-preview:-1\" \/>\n<link rel=\"canonical\" href=\"https:\/\/blogit.lab.fi\/labfocus\/kulttuuriperinto-ja-maiseman-tarina-tutuiksi-pyoraillen\/\" \/>\n<meta property=\"og:locale\" content=\"fi_FI\" \/>\n<meta property=\"og:type\" content=\"article\" \/>\n<meta property=\"og:title\" content=\"Kulttuuriperint\u00f6 ja maiseman tarina tutuiksi py\u00f6r\u00e4illen - LAB Focus\" \/>\n<meta property=\"og:description\" content=\"Suuren py\u00f6r\u00e4ilytapahtuman kuvaus toukokuussa 2023. LAB-ammattikorkeakoulu, Py\u00f6r\u00e4matkailijan P\u00e4ij\u00e4t-H\u00e4me -hanke.\" \/>\n<meta property=\"og:url\" content=\"https:\/\/blogit.lab.fi\/labfocus\/kulttuuriperinto-ja-maiseman-tarina-tutuiksi-pyoraillen\/\" \/>\n<meta property=\"og:site_name\" content=\"LAB Focus\" \/>\n<meta property=\"article:published_time\" content=\"2023-06-01T08:28:48+00:00\" \/>\n<meta property=\"article:modified_time\" content=\"2023-06-01T08:28:49+00:00\" \/>\n<meta property=\"og:image\" content=\"https:\/\/blogit.lab.fi\/labfocus\/wp-content\/uploads\/sites\/8\/2023\/06\/401_2023_Kulttuuriperinto-ja-maiseman-tarina_3.jpg\" \/>\n\t<meta property=\"og:image:width\" content=\"1280\" \/>\n\t<meta property=\"og:image:height\" content=\"789\" \/>\n\t<meta property=\"og:image:type\" content=\"image\/jpeg\" \/>\n<meta name=\"author\" content=\"tainask\" \/>\n<meta name=\"twitter:card\" content=\"summary_large_image\" \/>\n<meta name=\"twitter:creator\" content=\"@LABfinland\" \/>\n<meta name=\"twitter:site\" content=\"@LABfinland\" \/>\n<meta name=\"twitter:label1\" content=\"Kirjoittanut\" \/>\n\t<meta name=\"twitter:data1\" content=\"tainask\" \/>\n\t<meta name=\"twitter:label2\" content=\"Arvioitu lukuaika\" \/>\n\t<meta name=\"twitter:data2\" content=\"3 minuuttia\" \/>\n<script type=\"application\/ld+json\" class=\"yoast-schema-graph\">{\"@context\":\"https:\\\/\\\/schema.org\",\"@graph\":[{\"@type\":\"Article\",\"@id\":\"https:\\\/\\\/blogit.lab.fi\\\/labfocus\\\/kulttuuriperinto-ja-maiseman-tarina-tutuiksi-pyoraillen\\\/#article\",\"isPartOf\":{\"@id\":\"https:\\\/\\\/blogit.lab.fi\\\/labfocus\\\/kulttuuriperinto-ja-maiseman-tarina-tutuiksi-pyoraillen\\\/\"},\"author\":{\"name\":\"tainask\",\"@id\":\"https:\\\/\\\/blogit.lab.fi\\\/labfocus\\\/#\\\/schema\\\/person\\\/da729f65c4a2fb9fd8f0b1ec7a2ab7d0\"},\"headline\":\"Kulttuuriperint\u00f6 ja maiseman tarina tutuiksi py\u00f6r\u00e4illen\",\"datePublished\":\"2023-06-01T08:28:48+00:00\",\"dateModified\":\"2023-06-01T08:28:49+00:00\",\"mainEntityOfPage\":{\"@id\":\"https:\\\/\\\/blogit.lab.fi\\\/labfocus\\\/kulttuuriperinto-ja-maiseman-tarina-tutuiksi-pyoraillen\\\/\"},\"wordCount\":464,\"publisher\":{\"@id\":\"https:\\\/\\\/blogit.lab.fi\\\/labfocus\\\/#organization\"},\"image\":{\"@id\":\"https:\\\/\\\/blogit.lab.fi\\\/labfocus\\\/kulttuuriperinto-ja-maiseman-tarina-tutuiksi-pyoraillen\\\/#primaryimage\"},\"thumbnailUrl\":\"https:\\\/\\\/blogit.lab.fi\\\/labfocus\\\/wp-content\\\/uploads\\\/sites\\\/8\\\/2023\\\/06\\\/401_2023_Kulttuuriperinto-ja-maiseman-tarina_3.jpg\",\"keywords\":[\"Artikkeli E1\",\"kulttuuriperint\u00f6\",\"py\u00f6r\u00e4ilytapahtumat\",\"Py\u00f6r\u00e4matkailijan P\u00e4ij\u00e4t-H\u00e4me\",\"py\u00f6r\u00e4matkailu\"],\"articleSection\":[\"Health\",\"Hyvinvointia elinymp\u00e4rist\u00f6st\u00e4, liikkumisesta ja matkailusta\"],\"inLanguage\":\"fi\"},{\"@type\":\"WebPage\",\"@id\":\"https:\\\/\\\/blogit.lab.fi\\\/labfocus\\\/kulttuuriperinto-ja-maiseman-tarina-tutuiksi-pyoraillen\\\/\",\"url\":\"https:\\\/\\\/blogit.lab.fi\\\/labfocus\\\/kulttuuriperinto-ja-maiseman-tarina-tutuiksi-pyoraillen\\\/\",\"name\":\"Kulttuuriperint\u00f6 ja maiseman tarina tutuiksi py\u00f6r\u00e4illen - LAB Focus\",\"isPartOf\":{\"@id\":\"https:\\\/\\\/blogit.lab.fi\\\/labfocus\\\/#website\"},\"primaryImageOfPage\":{\"@id\":\"https:\\\/\\\/blogit.lab.fi\\\/labfocus\\\/kulttuuriperinto-ja-maiseman-tarina-tutuiksi-pyoraillen\\\/#primaryimage\"},\"image\":{\"@id\":\"https:\\\/\\\/blogit.lab.fi\\\/labfocus\\\/kulttuuriperinto-ja-maiseman-tarina-tutuiksi-pyoraillen\\\/#primaryimage\"},\"thumbnailUrl\":\"https:\\\/\\\/blogit.lab.fi\\\/labfocus\\\/wp-content\\\/uploads\\\/sites\\\/8\\\/2023\\\/06\\\/401_2023_Kulttuuriperinto-ja-maiseman-tarina_3.jpg\",\"datePublished\":\"2023-06-01T08:28:48+00:00\",\"dateModified\":\"2023-06-01T08:28:49+00:00\",\"description\":\"Suuren py\u00f6r\u00e4ilytapahtuman kuvaus toukokuussa 2023. LAB-ammattikorkeakoulu, Py\u00f6r\u00e4matkailijan P\u00e4ij\u00e4t-H\u00e4me -hanke.\",\"breadcrumb\":{\"@id\":\"https:\\\/\\\/blogit.lab.fi\\\/labfocus\\\/kulttuuriperinto-ja-maiseman-tarina-tutuiksi-pyoraillen\\\/#breadcrumb\"},\"inLanguage\":\"fi\",\"potentialAction\":[{\"@type\":\"ReadAction\",\"target\":[\"https:\\\/\\\/blogit.lab.fi\\\/labfocus\\\/kulttuuriperinto-ja-maiseman-tarina-tutuiksi-pyoraillen\\\/\"]}]},{\"@type\":\"ImageObject\",\"inLanguage\":\"fi\",\"@id\":\"https:\\\/\\\/blogit.lab.fi\\\/labfocus\\\/kulttuuriperinto-ja-maiseman-tarina-tutuiksi-pyoraillen\\\/#primaryimage\",\"url\":\"https:\\\/\\\/blogit.lab.fi\\\/labfocus\\\/wp-content\\\/uploads\\\/sites\\\/8\\\/2023\\\/06\\\/401_2023_Kulttuuriperinto-ja-maiseman-tarina_3.jpg\",\"contentUrl\":\"https:\\\/\\\/blogit.lab.fi\\\/labfocus\\\/wp-content\\\/uploads\\\/sites\\\/8\\\/2023\\\/06\\\/401_2023_Kulttuuriperinto-ja-maiseman-tarina_3.jpg\",\"width\":1280,\"height\":789},{\"@type\":\"BreadcrumbList\",\"@id\":\"https:\\\/\\\/blogit.lab.fi\\\/labfocus\\\/kulttuuriperinto-ja-maiseman-tarina-tutuiksi-pyoraillen\\\/#breadcrumb\",\"itemListElement\":[{\"@type\":\"ListItem\",\"position\":1,\"name\":\"Home\",\"item\":\"https:\\\/\\\/blogit.lab.fi\\\/labfocus\\\/\"},{\"@type\":\"ListItem\",\"position\":2,\"name\":\"Kulttuuriperint\u00f6 ja maiseman tarina tutuiksi py\u00f6r\u00e4illen\"}]},{\"@type\":\"WebSite\",\"@id\":\"https:\\\/\\\/blogit.lab.fi\\\/labfocus\\\/#website\",\"url\":\"https:\\\/\\\/blogit.lab.fi\\\/labfocus\\\/\",\"name\":\"LAB Focus\",\"description\":\"Focus Area blog | LAB University of Applied Sciences\",\"publisher\":{\"@id\":\"https:\\\/\\\/blogit.lab.fi\\\/labfocus\\\/#organization\"},\"potentialAction\":[{\"@type\":\"SearchAction\",\"target\":{\"@type\":\"EntryPoint\",\"urlTemplate\":\"https:\\\/\\\/blogit.lab.fi\\\/labfocus\\\/?s={search_term_string}\"},\"query-input\":{\"@type\":\"PropertyValueSpecification\",\"valueRequired\":true,\"valueName\":\"search_term_string\"}}],\"inLanguage\":\"fi\"},{\"@type\":\"Organization\",\"@id\":\"https:\\\/\\\/blogit.lab.fi\\\/labfocus\\\/#organization\",\"name\":\"LAB Focus\",\"url\":\"https:\\\/\\\/blogit.lab.fi\\\/labfocus\\\/\",\"logo\":{\"@type\":\"ImageObject\",\"inLanguage\":\"fi\",\"@id\":\"https:\\\/\\\/blogit.lab.fi\\\/labfocus\\\/#\\\/schema\\\/logo\\\/image\\\/\",\"url\":\"https:\\\/\\\/blogit.lab.fi\\\/labfocus\\\/wp-content\\\/uploads\\\/sites\\\/8\\\/2020\\\/04\\\/cropped-cropped-tunnus_blogi-01.png\",\"contentUrl\":\"https:\\\/\\\/blogit.lab.fi\\\/labfocus\\\/wp-content\\\/uploads\\\/sites\\\/8\\\/2020\\\/04\\\/cropped-cropped-tunnus_blogi-01.png\",\"width\":1342,\"height\":288,\"caption\":\"LAB Focus\"},\"image\":{\"@id\":\"https:\\\/\\\/blogit.lab.fi\\\/labfocus\\\/#\\\/schema\\\/logo\\\/image\\\/\"},\"sameAs\":[\"https:\\\/\\\/x.com\\\/LABfinland\"]},{\"@type\":\"Person\",\"@id\":\"https:\\\/\\\/blogit.lab.fi\\\/labfocus\\\/#\\\/schema\\\/person\\\/da729f65c4a2fb9fd8f0b1ec7a2ab7d0\",\"name\":\"tainask\",\"image\":{\"@type\":\"ImageObject\",\"inLanguage\":\"fi\",\"@id\":\"https:\\\/\\\/secure.gravatar.com\\\/avatar\\\/4a96427877ef826b76e80c27f60b266128094f522551459346efcf14282febb3?s=96&d=mm&r=g\",\"url\":\"https:\\\/\\\/secure.gravatar.com\\\/avatar\\\/4a96427877ef826b76e80c27f60b266128094f522551459346efcf14282febb3?s=96&d=mm&r=g\",\"contentUrl\":\"https:\\\/\\\/secure.gravatar.com\\\/avatar\\\/4a96427877ef826b76e80c27f60b266128094f522551459346efcf14282febb3?s=96&d=mm&r=g\",\"caption\":\"tainask\"},\"url\":\"https:\\\/\\\/blogit.lab.fi\\\/labfocus\\\/author\\\/tainask\\\/\"}]}<\/script>\n<!-- \/ Yoast SEO plugin. -->","yoast_head_json":{"title":"Kulttuuriperint\u00f6 ja maiseman tarina tutuiksi py\u00f6r\u00e4illen - LAB Focus","description":"Suuren py\u00f6r\u00e4ilytapahtuman kuvaus toukokuussa 2023. LAB-ammattikorkeakoulu, Py\u00f6r\u00e4matkailijan P\u00e4ij\u00e4t-H\u00e4me -hanke.","robots":{"index":"index","follow":"follow","max-snippet":"max-snippet:-1","max-image-preview":"max-image-preview:large","max-video-preview":"max-video-preview:-1"},"canonical":"https:\/\/blogit.lab.fi\/labfocus\/kulttuuriperinto-ja-maiseman-tarina-tutuiksi-pyoraillen\/","og_locale":"fi_FI","og_type":"article","og_title":"Kulttuuriperint\u00f6 ja maiseman tarina tutuiksi py\u00f6r\u00e4illen - LAB Focus","og_description":"Suuren py\u00f6r\u00e4ilytapahtuman kuvaus toukokuussa 2023. LAB-ammattikorkeakoulu, Py\u00f6r\u00e4matkailijan P\u00e4ij\u00e4t-H\u00e4me -hanke.","og_url":"https:\/\/blogit.lab.fi\/labfocus\/kulttuuriperinto-ja-maiseman-tarina-tutuiksi-pyoraillen\/","og_site_name":"LAB Focus","article_published_time":"2023-06-01T08:28:48+00:00","article_modified_time":"2023-06-01T08:28:49+00:00","og_image":[{"width":1280,"height":789,"url":"https:\/\/blogit.lab.fi\/labfocus\/wp-content\/uploads\/sites\/8\/2023\/06\/401_2023_Kulttuuriperinto-ja-maiseman-tarina_3.jpg","type":"image\/jpeg"}],"author":"tainask","twitter_card":"summary_large_image","twitter_creator":"@LABfinland","twitter_site":"@LABfinland","twitter_misc":{"Kirjoittanut":"tainask","Arvioitu lukuaika":"3 minuuttia"},"schema":{"@context":"https:\/\/schema.org","@graph":[{"@type":"Article","@id":"https:\/\/blogit.lab.fi\/labfocus\/kulttuuriperinto-ja-maiseman-tarina-tutuiksi-pyoraillen\/#article","isPartOf":{"@id":"https:\/\/blogit.lab.fi\/labfocus\/kulttuuriperinto-ja-maiseman-tarina-tutuiksi-pyoraillen\/"},"author":{"name":"tainask","@id":"https:\/\/blogit.lab.fi\/labfocus\/#\/schema\/person\/da729f65c4a2fb9fd8f0b1ec7a2ab7d0"},"headline":"Kulttuuriperint\u00f6 ja maiseman tarina tutuiksi py\u00f6r\u00e4illen","datePublished":"2023-06-01T08:28:48+00:00","dateModified":"2023-06-01T08:28:49+00:00","mainEntityOfPage":{"@id":"https:\/\/blogit.lab.fi\/labfocus\/kulttuuriperinto-ja-maiseman-tarina-tutuiksi-pyoraillen\/"},"wordCount":464,"publisher":{"@id":"https:\/\/blogit.lab.fi\/labfocus\/#organization"},"image":{"@id":"https:\/\/blogit.lab.fi\/labfocus\/kulttuuriperinto-ja-maiseman-tarina-tutuiksi-pyoraillen\/#primaryimage"},"thumbnailUrl":"https:\/\/blogit.lab.fi\/labfocus\/wp-content\/uploads\/sites\/8\/2023\/06\/401_2023_Kulttuuriperinto-ja-maiseman-tarina_3.jpg","keywords":["Artikkeli E1","kulttuuriperint\u00f6","py\u00f6r\u00e4ilytapahtumat","Py\u00f6r\u00e4matkailijan P\u00e4ij\u00e4t-H\u00e4me","py\u00f6r\u00e4matkailu"],"articleSection":["Health","Hyvinvointia elinymp\u00e4rist\u00f6st\u00e4, liikkumisesta ja matkailusta"],"inLanguage":"fi"},{"@type":"WebPage","@id":"https:\/\/blogit.lab.fi\/labfocus\/kulttuuriperinto-ja-maiseman-tarina-tutuiksi-pyoraillen\/","url":"https:\/\/blogit.lab.fi\/labfocus\/kulttuuriperinto-ja-maiseman-tarina-tutuiksi-pyoraillen\/","name":"Kulttuuriperint\u00f6 ja maiseman tarina tutuiksi py\u00f6r\u00e4illen - LAB Focus","isPartOf":{"@id":"https:\/\/blogit.lab.fi\/labfocus\/#website"},"primaryImageOfPage":{"@id":"https:\/\/blogit.lab.fi\/labfocus\/kulttuuriperinto-ja-maiseman-tarina-tutuiksi-pyoraillen\/#primaryimage"},"image":{"@id":"https:\/\/blogit.lab.fi\/labfocus\/kulttuuriperinto-ja-maiseman-tarina-tutuiksi-pyoraillen\/#primaryimage"},"thumbnailUrl":"https:\/\/blogit.lab.fi\/labfocus\/wp-content\/uploads\/sites\/8\/2023\/06\/401_2023_Kulttuuriperinto-ja-maiseman-tarina_3.jpg","datePublished":"2023-06-01T08:28:48+00:00","dateModified":"2023-06-01T08:28:49+00:00","description":"Suuren py\u00f6r\u00e4ilytapahtuman kuvaus toukokuussa 2023. LAB-ammattikorkeakoulu, Py\u00f6r\u00e4matkailijan P\u00e4ij\u00e4t-H\u00e4me -hanke.","breadcrumb":{"@id":"https:\/\/blogit.lab.fi\/labfocus\/kulttuuriperinto-ja-maiseman-tarina-tutuiksi-pyoraillen\/#breadcrumb"},"inLanguage":"fi","potentialAction":[{"@type":"ReadAction","target":["https:\/\/blogit.lab.fi\/labfocus\/kulttuuriperinto-ja-maiseman-tarina-tutuiksi-pyoraillen\/"]}]},{"@type":"ImageObject","inLanguage":"fi","@id":"https:\/\/blogit.lab.fi\/labfocus\/kulttuuriperinto-ja-maiseman-tarina-tutuiksi-pyoraillen\/#primaryimage","url":"https:\/\/blogit.lab.fi\/labfocus\/wp-content\/uploads\/sites\/8\/2023\/06\/401_2023_Kulttuuriperinto-ja-maiseman-tarina_3.jpg","contentUrl":"https:\/\/blogit.lab.fi\/labfocus\/wp-content\/uploads\/sites\/8\/2023\/06\/401_2023_Kulttuuriperinto-ja-maiseman-tarina_3.jpg","width":1280,"height":789},{"@type":"BreadcrumbList","@id":"https:\/\/blogit.lab.fi\/labfocus\/kulttuuriperinto-ja-maiseman-tarina-tutuiksi-pyoraillen\/#breadcrumb","itemListElement":[{"@type":"ListItem","position":1,"name":"Home","item":"https:\/\/blogit.lab.fi\/labfocus\/"},{"@type":"ListItem","position":2,"name":"Kulttuuriperint\u00f6 ja maiseman tarina tutuiksi py\u00f6r\u00e4illen"}]},{"@type":"WebSite","@id":"https:\/\/blogit.lab.fi\/labfocus\/#website","url":"https:\/\/blogit.lab.fi\/labfocus\/","name":"LAB Focus","description":"Focus Area blog | LAB University of Applied Sciences","publisher":{"@id":"https:\/\/blogit.lab.fi\/labfocus\/#organization"},"potentialAction":[{"@type":"SearchAction","target":{"@type":"EntryPoint","urlTemplate":"https:\/\/blogit.lab.fi\/labfocus\/?s={search_term_string}"},"query-input":{"@type":"PropertyValueSpecification","valueRequired":true,"valueName":"search_term_string"}}],"inLanguage":"fi"},{"@type":"Organization","@id":"https:\/\/blogit.lab.fi\/labfocus\/#organization","name":"LAB Focus","url":"https:\/\/blogit.lab.fi\/labfocus\/","logo":{"@type":"ImageObject","inLanguage":"fi","@id":"https:\/\/blogit.lab.fi\/labfocus\/#\/schema\/logo\/image\/","url":"https:\/\/blogit.lab.fi\/labfocus\/wp-content\/uploads\/sites\/8\/2020\/04\/cropped-cropped-tunnus_blogi-01.png","contentUrl":"https:\/\/blogit.lab.fi\/labfocus\/wp-content\/uploads\/sites\/8\/2020\/04\/cropped-cropped-tunnus_blogi-01.png","width":1342,"height":288,"caption":"LAB Focus"},"image":{"@id":"https:\/\/blogit.lab.fi\/labfocus\/#\/schema\/logo\/image\/"},"sameAs":["https:\/\/x.com\/LABfinland"]},{"@type":"Person","@id":"https:\/\/blogit.lab.fi\/labfocus\/#\/schema\/person\/da729f65c4a2fb9fd8f0b1ec7a2ab7d0","name":"tainask","image":{"@type":"ImageObject","inLanguage":"fi","@id":"https:\/\/secure.gravatar.com\/avatar\/4a96427877ef826b76e80c27f60b266128094f522551459346efcf14282febb3?s=96&d=mm&r=g","url":"https:\/\/secure.gravatar.com\/avatar\/4a96427877ef826b76e80c27f60b266128094f522551459346efcf14282febb3?s=96&d=mm&r=g","contentUrl":"https:\/\/secure.gravatar.com\/avatar\/4a96427877ef826b76e80c27f60b266128094f522551459346efcf14282febb3?s=96&d=mm&r=g","caption":"tainask"},"url":"https:\/\/blogit.lab.fi\/labfocus\/author\/tainask\/"}]}},"_links":{"self":[{"href":"https:\/\/blogit.lab.fi\/labfocus\/wp-json\/wp\/v2\/posts\/13523","targetHints":{"allow":["GET"]}}],"collection":[{"href":"https:\/\/blogit.lab.fi\/labfocus\/wp-json\/wp\/v2\/posts"}],"about":[{"href":"https:\/\/blogit.lab.fi\/labfocus\/wp-json\/wp\/v2\/types\/post"}],"author":[{"embeddable":true,"href":"https:\/\/blogit.lab.fi\/labfocus\/wp-json\/wp\/v2\/users\/17"}],"replies":[{"embeddable":true,"href":"https:\/\/blogit.lab.fi\/labfocus\/wp-json\/wp\/v2\/comments?post=13523"}],"version-history":[{"count":2,"href":"https:\/\/blogit.lab.fi\/labfocus\/wp-json\/wp\/v2\/posts\/13523\/revisions"}],"predecessor-version":[{"id":13530,"href":"https:\/\/blogit.lab.fi\/labfocus\/wp-json\/wp\/v2\/posts\/13523\/revisions\/13530"}],"wp:featuredmedia":[{"embeddable":true,"href":"https:\/\/blogit.lab.fi\/labfocus\/wp-json\/wp\/v2\/media\/13527"}],"wp:attachment":[{"href":"https:\/\/blogit.lab.fi\/labfocus\/wp-json\/wp\/v2\/media?parent=13523"}],"wp:term":[{"taxonomy":"category","embeddable":true,"href":"https:\/\/blogit.lab.fi\/labfocus\/wp-json\/wp\/v2\/categories?post=13523"},{"taxonomy":"post_tag","embeddable":true,"href":"https:\/\/blogit.lab.fi\/labfocus\/wp-json\/wp\/v2\/tags?post=13523"}],"curies":[{"name":"wp","href":"https:\/\/api.w.org\/{rel}","templated":true}]}}