{"id":13678,"date":"2023-06-09T10:46:23","date_gmt":"2023-06-09T07:46:23","guid":{"rendered":"https:\/\/blogit.lab.fi\/labfocus\/?p=13678"},"modified":"2023-06-09T10:46:24","modified_gmt":"2023-06-09T07:46:24","slug":"lab-esilla-fysioterapian-maailmankongressissa-dubaissa","status":"publish","type":"post","link":"https:\/\/blogit.lab.fi\/labfocus\/lab-esilla-fysioterapian-maailmankongressissa-dubaissa\/","title":{"rendered":"LAB esill\u00e4 fysioterapian maailmankongressissa Dubaissa"},"content":{"rendered":"\n<p>Fysioterapian ykk\u00f6stapahtuma maailmassa eli joka toinen vuosi j\u00e4rjestett\u00e4v\u00e4 fysioterapian maailmankongressi World Physiotherapy Congress pidettiin 2.\u20134.6.2023 Yhdistyneiden arabiemiirikuntien Dubaissa (WPC 2023). Kongressi oli j\u00e4rjestyksess\u00e4\u00e4n 21., ja siihen osallistui hieman yli 2000 fysioterapeuttia reilusta 100 eri maasta.<\/p>\n\n\n\n<p>Kolmen kongressip\u00e4iv\u00e4n aikana pidettiin noin 50 fysioterapian keskeisimpiin teemoihin keskittyv\u00e4\u00e4 kongressi-istuntoa, joissa esiteltiin viimeisimpi\u00e4 tutkimustuloksia ymp\u00e4ri maailmaa. Lis\u00e4ksi esill\u00e4 oli 380 perinteist\u00e4 paperiposteria ja 104 eposteria sek\u00e4 mahdollisuus osallistua kymmeneen erilaiseen klinikkavierailuun paikallisissa sairaaloissa ja kuntoutuslaitoksissa.<\/p>\n\n\n\n<p>LAB-ammattikorkeakoulusta kongressiin osallistui yksi fysioterapian opettaja ja kaksi joulukuussa 2022 valmistunutta fysioterapeuttia, jotka esitteliv\u00e4t opiskeluaikanaan LAB-ammattikorkeakoulun fysioterapian koulutusohjelmassa tekem\u00e4\u00e4ns\u00e4 opinn\u00e4ytety\u00f6t\u00e4\u00e4n kongressin posterin\u00e4yttelyss\u00e4. Opinn\u00e4ytety\u00f6 oli tehty vaikeimpana koronapandemian aikana, ja se k\u00e4sitteli et\u00e4n\u00e4 ohjattavia hengitysharjoituksia kroonisille kipupotilaille.<\/p>\n\n\n\n<figure class=\"wp-block-image size-large\"><img loading=\"lazy\" decoding=\"async\" width=\"1024\" height=\"647\" src=\"https:\/\/blogit.lab.fi\/labfocus\/wp-content\/uploads\/sites\/8\/2023\/06\/444_2023_LAB-esilla-fysioterapian-maailmankongressissa-Dubaissa-1024x647.jpg\" alt=\"\" class=\"wp-image-13680\" srcset=\"https:\/\/blogit.lab.fi\/labfocus\/wp-content\/uploads\/sites\/8\/2023\/06\/444_2023_LAB-esilla-fysioterapian-maailmankongressissa-Dubaissa-1024x647.jpg 1024w, https:\/\/blogit.lab.fi\/labfocus\/wp-content\/uploads\/sites\/8\/2023\/06\/444_2023_LAB-esilla-fysioterapian-maailmankongressissa-Dubaissa-300x190.jpg 300w, https:\/\/blogit.lab.fi\/labfocus\/wp-content\/uploads\/sites\/8\/2023\/06\/444_2023_LAB-esilla-fysioterapian-maailmankongressissa-Dubaissa-768x485.jpg 768w, https:\/\/blogit.lab.fi\/labfocus\/wp-content\/uploads\/sites\/8\/2023\/06\/444_2023_LAB-esilla-fysioterapian-maailmankongressissa-Dubaissa-570x360.jpg 570w, https:\/\/blogit.lab.fi\/labfocus\/wp-content\/uploads\/sites\/8\/2023\/06\/444_2023_LAB-esilla-fysioterapian-maailmankongressissa-Dubaissa.jpg 1280w\" sizes=\"auto, (max-width: 1024px) 100vw, 1024px\" \/><figcaption class=\"wp-element-caption\">Kuva 1. LAB-ammattikorkeakoulusta valmistuneet fysioterapeutit Matleena Puhakka (vas.) ja Riikka Pentti esittelem\u00e4ss\u00e4 opiskeluaikanaan tekem\u00e4\u00e4ns\u00e4 opinn\u00e4ytety\u00f6t\u00e4\u00e4n. (Kuva: Kari Kauranen)<\/figcaption><\/figure>\n\n\n\n<p>Kongressissa oli paljon esityksi\u00e4 ja tutkimustuloksia viime vuosina terveydenhuollon kantokyky\u00e4 koetelleesta Covid-19-koronaviruspandemiasta ja siihen sairastuneiden akuutista fysioterapiasta sek\u00e4 osalla sairastuneista viel\u00e4kin jatkuvista pitk\u00e4kestoisen koronan eli long covidin oireista ja hoidosta. Vaikuttava tapahtuma kongressissa oli my\u00f6s Covid-19-potilaiden hoidossa ja ty\u00f6teht\u00e4viss\u00e4 menehtyneiden fysioterapeuttien muistoksi pidetty hiljainen hetki. Toinen keskeist\u00e4 roolia esityksiss\u00e4 n\u00e4ytellyt aihepiiri oli et\u00e4-\/telefysioterapia ja sen tehokkuus ja vaikuttavuus. Koronaviruspandemia pakotti useat fysioterapiayksik\u00f6t ymp\u00e4ri maailmaa siirtym\u00e4\u00e4n et\u00e4-\/teleohjaukseen fysioterapian k\u00e4yt\u00e4nn\u00f6n toteutuksessa, mutta useimmissa tutkimuksissa t\u00e4m\u00e4n ei todettu oleellisesti laskevan fysioterapian laatua tai vaikuttavuutta.<\/p>\n\n\n\n<p>My\u00f6s viime aikoina huomiota her\u00e4tt\u00e4nytt\u00e4 teko\u00e4ly\u00e4 ja sen hy\u00f6dynt\u00e4mist\u00e4 terveydenhuollossa ja fysioterapiassa k\u00e4siteltiin useassa esityksess\u00e4. P\u00e4\u00e4asiassa teko\u00e4ly koettiin ja n\u00e4htiin terveydenhuollossa ennemmin mahdollisuutena ja lis\u00e4arvona kuin uhkana.<\/p>\n\n\n\n<h2 class=\"wp-block-heading\">Seuraava kongressi Japanissa 2025<\/h2>\n\n\n\n<p>Kongressin aikana Fysioterapian maailmanj\u00e4rjest\u00f6lle valittiin my\u00f6s uusi presidentti teht\u00e4v\u00e4\u00e4 kahdeksan vuotta hoitaneen ja siit\u00e4 v\u00e4istyv\u00e4n irlantilaisen Emma Stokesin tilalle. J\u00e4rjest\u00f6n uudeksi presidentiksi valittiin kanadalainen Michel Landry ja varapresidentiksi taiwanilainen Suh-Fang Jeng. Samalla jaettiin el\u00e4m\u00e4nty\u00f6palkinto uusiseelantilaiselle Margot Skinnerille ty\u00f6st\u00e4 fysioterapian hyv\u00e4ksi maailmanlaajuisesti. Seuraava fysioterapian maailmankongressi pidet\u00e4\u00e4n 29.-31.5.2025 Japanin Tokiossa.<\/p>\n\n\n\n<div class=\"wp-block-group has-background\" style=\"background-color:#b3edfb\"><div class=\"wp-block-group__inner-container is-layout-constrained wp-block-group-is-layout-constrained\">\n<p>Kirjoittaja<\/p>\n\n\n\n<p><strong>Kari Kauranen<\/strong> ty\u00f6skentelee kuntoutusalan yliopettajana LAB-ammattikorkeakoulussa.<\/p>\n<\/div><\/div>\n\n\n\n<h2 class=\"wp-block-heading\">L\u00e4hteet<\/h2>\n\n\n\n<p>WPC. 2023. World Physiotherapy Congress. Viitattu 9.6.2023. Saatavissa <a href=\"https:\/\/wp2023.world.physio\/?_ga=2.29496383.1499464368.1686295747-115717285.1686295747#\/home\">https:\/\/wp2023.world.physio\/?_ga=2.29496383.1499464368.1686295747-115717285.1686295747#\/home<\/a><\/p>\n","protected":false},"excerpt":{"rendered":"<p>Fysioterapian ykk\u00f6stapahtuma maailmassa eli joka toinen vuosi j\u00e4rjestett\u00e4v\u00e4 fysioterapian maailmankongressi World Physiotherapy Congress pidettiin 2.\u20134.6.2023 Yhdistyneiden arabiemiirikuntien Dubaissa (WPC 2023). Kongressi oli j\u00e4rjestyksess\u00e4\u00e4n 21., ja siihen osallistui hieman yli 2000 fysioterapeuttia reilusta 100 eri maasta. Kolmen kongressip\u00e4iv\u00e4n aikana pidettiin noin 50 fysioterapian keskeisimpiin teemoihin keskittyv\u00e4\u00e4 kongressi-istuntoa, joissa esiteltiin viimeisimpi\u00e4 tutkimustuloksia ymp\u00e4ri maailmaa. Lis\u00e4ksi esill\u00e4 oli [&hellip;]<\/p>\n","protected":false},"author":17,"featured_media":13680,"comment_status":"closed","ping_status":"open","sticky":false,"template":"","format":"standard","meta":{"footnotes":""},"categories":[15,147],"tags":[29,534,6738],"class_list":{"0":"post-13678","1":"post","2":"type-post","3":"status-publish","4":"format-standard","5":"has-post-thumbnail","7":"category-health_fi","8":"category-hyvinvointia-liikkumisesta-ja-elinymparistosta","9":"tag-artikkeli-e1","10":"tag-fysioterapia","11":"tag-world-physiotherapy-congress","12":"czr-hentry"},"yoast_head":"<!-- This site is optimized with the Yoast SEO plugin v27.4 - https:\/\/yoast.com\/product\/yoast-seo-wordpress\/ -->\n<title>LAB esill\u00e4 fysioterapian maailmankongressissa Dubaissa - LAB Focus<\/title>\n<meta name=\"description\" content=\"Fysioterapian maailmankongressissa k\u00e4siteltiin muun muassa covid-epidemian vaikutuksia ja et\u00e4kuntoutuksen mahdollisuuksia.\" \/>\n<meta name=\"robots\" content=\"index, follow, max-snippet:-1, max-image-preview:large, max-video-preview:-1\" \/>\n<link rel=\"canonical\" href=\"https:\/\/blogit.lab.fi\/labfocus\/lab-esilla-fysioterapian-maailmankongressissa-dubaissa\/\" \/>\n<meta property=\"og:locale\" content=\"fi_FI\" \/>\n<meta property=\"og:type\" content=\"article\" \/>\n<meta property=\"og:title\" content=\"LAB esill\u00e4 fysioterapian maailmankongressissa Dubaissa - LAB Focus\" \/>\n<meta property=\"og:description\" content=\"Fysioterapian maailmankongressissa k\u00e4siteltiin muun muassa covid-epidemian vaikutuksia ja et\u00e4kuntoutuksen mahdollisuuksia.\" \/>\n<meta property=\"og:url\" content=\"https:\/\/blogit.lab.fi\/labfocus\/lab-esilla-fysioterapian-maailmankongressissa-dubaissa\/\" \/>\n<meta property=\"og:site_name\" content=\"LAB Focus\" \/>\n<meta property=\"article:published_time\" content=\"2023-06-09T07:46:23+00:00\" \/>\n<meta property=\"article:modified_time\" content=\"2023-06-09T07:46:24+00:00\" \/>\n<meta property=\"og:image\" content=\"https:\/\/blogit.lab.fi\/labfocus\/wp-content\/uploads\/sites\/8\/2023\/06\/444_2023_LAB-esilla-fysioterapian-maailmankongressissa-Dubaissa.jpg\" \/>\n\t<meta property=\"og:image:width\" content=\"1280\" \/>\n\t<meta property=\"og:image:height\" content=\"809\" \/>\n\t<meta property=\"og:image:type\" content=\"image\/jpeg\" \/>\n<meta name=\"author\" content=\"tainask\" \/>\n<meta name=\"twitter:card\" content=\"summary_large_image\" \/>\n<meta name=\"twitter:creator\" content=\"@LABfinland\" \/>\n<meta name=\"twitter:site\" content=\"@LABfinland\" \/>\n<meta name=\"twitter:label1\" content=\"Kirjoittanut\" \/>\n\t<meta name=\"twitter:data1\" content=\"tainask\" \/>\n\t<meta name=\"twitter:label2\" content=\"Arvioitu lukuaika\" \/>\n\t<meta name=\"twitter:data2\" content=\"3 minuuttia\" \/>\n<script type=\"application\/ld+json\" class=\"yoast-schema-graph\">{\"@context\":\"https:\\\/\\\/schema.org\",\"@graph\":[{\"@type\":\"Article\",\"@id\":\"https:\\\/\\\/blogit.lab.fi\\\/labfocus\\\/lab-esilla-fysioterapian-maailmankongressissa-dubaissa\\\/#article\",\"isPartOf\":{\"@id\":\"https:\\\/\\\/blogit.lab.fi\\\/labfocus\\\/lab-esilla-fysioterapian-maailmankongressissa-dubaissa\\\/\"},\"author\":{\"name\":\"tainask\",\"@id\":\"https:\\\/\\\/blogit.lab.fi\\\/labfocus\\\/#\\\/schema\\\/person\\\/da729f65c4a2fb9fd8f0b1ec7a2ab7d0\"},\"headline\":\"LAB esill\u00e4 fysioterapian maailmankongressissa Dubaissa\",\"datePublished\":\"2023-06-09T07:46:23+00:00\",\"dateModified\":\"2023-06-09T07:46:24+00:00\",\"mainEntityOfPage\":{\"@id\":\"https:\\\/\\\/blogit.lab.fi\\\/labfocus\\\/lab-esilla-fysioterapian-maailmankongressissa-dubaissa\\\/\"},\"wordCount\":370,\"publisher\":{\"@id\":\"https:\\\/\\\/blogit.lab.fi\\\/labfocus\\\/#organization\"},\"image\":{\"@id\":\"https:\\\/\\\/blogit.lab.fi\\\/labfocus\\\/lab-esilla-fysioterapian-maailmankongressissa-dubaissa\\\/#primaryimage\"},\"thumbnailUrl\":\"https:\\\/\\\/blogit.lab.fi\\\/labfocus\\\/wp-content\\\/uploads\\\/sites\\\/8\\\/2023\\\/06\\\/444_2023_LAB-esilla-fysioterapian-maailmankongressissa-Dubaissa.jpg\",\"keywords\":[\"Artikkeli E1\",\"Fysioterapia\",\"World Physiotherapy Congress\"],\"articleSection\":[\"Health\",\"Hyvinvointia elinymp\u00e4rist\u00f6st\u00e4, liikkumisesta ja matkailusta\"],\"inLanguage\":\"fi\"},{\"@type\":\"WebPage\",\"@id\":\"https:\\\/\\\/blogit.lab.fi\\\/labfocus\\\/lab-esilla-fysioterapian-maailmankongressissa-dubaissa\\\/\",\"url\":\"https:\\\/\\\/blogit.lab.fi\\\/labfocus\\\/lab-esilla-fysioterapian-maailmankongressissa-dubaissa\\\/\",\"name\":\"LAB esill\u00e4 fysioterapian maailmankongressissa Dubaissa - LAB Focus\",\"isPartOf\":{\"@id\":\"https:\\\/\\\/blogit.lab.fi\\\/labfocus\\\/#website\"},\"primaryImageOfPage\":{\"@id\":\"https:\\\/\\\/blogit.lab.fi\\\/labfocus\\\/lab-esilla-fysioterapian-maailmankongressissa-dubaissa\\\/#primaryimage\"},\"image\":{\"@id\":\"https:\\\/\\\/blogit.lab.fi\\\/labfocus\\\/lab-esilla-fysioterapian-maailmankongressissa-dubaissa\\\/#primaryimage\"},\"thumbnailUrl\":\"https:\\\/\\\/blogit.lab.fi\\\/labfocus\\\/wp-content\\\/uploads\\\/sites\\\/8\\\/2023\\\/06\\\/444_2023_LAB-esilla-fysioterapian-maailmankongressissa-Dubaissa.jpg\",\"datePublished\":\"2023-06-09T07:46:23+00:00\",\"dateModified\":\"2023-06-09T07:46:24+00:00\",\"description\":\"Fysioterapian maailmankongressissa k\u00e4siteltiin muun muassa covid-epidemian vaikutuksia ja et\u00e4kuntoutuksen mahdollisuuksia.\",\"breadcrumb\":{\"@id\":\"https:\\\/\\\/blogit.lab.fi\\\/labfocus\\\/lab-esilla-fysioterapian-maailmankongressissa-dubaissa\\\/#breadcrumb\"},\"inLanguage\":\"fi\",\"potentialAction\":[{\"@type\":\"ReadAction\",\"target\":[\"https:\\\/\\\/blogit.lab.fi\\\/labfocus\\\/lab-esilla-fysioterapian-maailmankongressissa-dubaissa\\\/\"]}]},{\"@type\":\"ImageObject\",\"inLanguage\":\"fi\",\"@id\":\"https:\\\/\\\/blogit.lab.fi\\\/labfocus\\\/lab-esilla-fysioterapian-maailmankongressissa-dubaissa\\\/#primaryimage\",\"url\":\"https:\\\/\\\/blogit.lab.fi\\\/labfocus\\\/wp-content\\\/uploads\\\/sites\\\/8\\\/2023\\\/06\\\/444_2023_LAB-esilla-fysioterapian-maailmankongressissa-Dubaissa.jpg\",\"contentUrl\":\"https:\\\/\\\/blogit.lab.fi\\\/labfocus\\\/wp-content\\\/uploads\\\/sites\\\/8\\\/2023\\\/06\\\/444_2023_LAB-esilla-fysioterapian-maailmankongressissa-Dubaissa.jpg\",\"width\":1280,\"height\":809},{\"@type\":\"BreadcrumbList\",\"@id\":\"https:\\\/\\\/blogit.lab.fi\\\/labfocus\\\/lab-esilla-fysioterapian-maailmankongressissa-dubaissa\\\/#breadcrumb\",\"itemListElement\":[{\"@type\":\"ListItem\",\"position\":1,\"name\":\"Home\",\"item\":\"https:\\\/\\\/blogit.lab.fi\\\/labfocus\\\/\"},{\"@type\":\"ListItem\",\"position\":2,\"name\":\"LAB esill\u00e4 fysioterapian maailmankongressissa Dubaissa\"}]},{\"@type\":\"WebSite\",\"@id\":\"https:\\\/\\\/blogit.lab.fi\\\/labfocus\\\/#website\",\"url\":\"https:\\\/\\\/blogit.lab.fi\\\/labfocus\\\/\",\"name\":\"LAB Focus\",\"description\":\"Focus Area blog | LAB University of Applied Sciences\",\"publisher\":{\"@id\":\"https:\\\/\\\/blogit.lab.fi\\\/labfocus\\\/#organization\"},\"potentialAction\":[{\"@type\":\"SearchAction\",\"target\":{\"@type\":\"EntryPoint\",\"urlTemplate\":\"https:\\\/\\\/blogit.lab.fi\\\/labfocus\\\/?s={search_term_string}\"},\"query-input\":{\"@type\":\"PropertyValueSpecification\",\"valueRequired\":true,\"valueName\":\"search_term_string\"}}],\"inLanguage\":\"fi\"},{\"@type\":\"Organization\",\"@id\":\"https:\\\/\\\/blogit.lab.fi\\\/labfocus\\\/#organization\",\"name\":\"LAB Focus\",\"url\":\"https:\\\/\\\/blogit.lab.fi\\\/labfocus\\\/\",\"logo\":{\"@type\":\"ImageObject\",\"inLanguage\":\"fi\",\"@id\":\"https:\\\/\\\/blogit.lab.fi\\\/labfocus\\\/#\\\/schema\\\/logo\\\/image\\\/\",\"url\":\"https:\\\/\\\/blogit.lab.fi\\\/labfocus\\\/wp-content\\\/uploads\\\/sites\\\/8\\\/2020\\\/04\\\/cropped-cropped-tunnus_blogi-01.png\",\"contentUrl\":\"https:\\\/\\\/blogit.lab.fi\\\/labfocus\\\/wp-content\\\/uploads\\\/sites\\\/8\\\/2020\\\/04\\\/cropped-cropped-tunnus_blogi-01.png\",\"width\":1342,\"height\":288,\"caption\":\"LAB Focus\"},\"image\":{\"@id\":\"https:\\\/\\\/blogit.lab.fi\\\/labfocus\\\/#\\\/schema\\\/logo\\\/image\\\/\"},\"sameAs\":[\"https:\\\/\\\/x.com\\\/LABfinland\"]},{\"@type\":\"Person\",\"@id\":\"https:\\\/\\\/blogit.lab.fi\\\/labfocus\\\/#\\\/schema\\\/person\\\/da729f65c4a2fb9fd8f0b1ec7a2ab7d0\",\"name\":\"tainask\",\"image\":{\"@type\":\"ImageObject\",\"inLanguage\":\"fi\",\"@id\":\"https:\\\/\\\/secure.gravatar.com\\\/avatar\\\/4a96427877ef826b76e80c27f60b266128094f522551459346efcf14282febb3?s=96&d=mm&r=g\",\"url\":\"https:\\\/\\\/secure.gravatar.com\\\/avatar\\\/4a96427877ef826b76e80c27f60b266128094f522551459346efcf14282febb3?s=96&d=mm&r=g\",\"contentUrl\":\"https:\\\/\\\/secure.gravatar.com\\\/avatar\\\/4a96427877ef826b76e80c27f60b266128094f522551459346efcf14282febb3?s=96&d=mm&r=g\",\"caption\":\"tainask\"},\"url\":\"https:\\\/\\\/blogit.lab.fi\\\/labfocus\\\/author\\\/tainask\\\/\"}]}<\/script>\n<!-- \/ Yoast SEO plugin. -->","yoast_head_json":{"title":"LAB esill\u00e4 fysioterapian maailmankongressissa Dubaissa - LAB Focus","description":"Fysioterapian maailmankongressissa k\u00e4siteltiin muun muassa covid-epidemian vaikutuksia ja et\u00e4kuntoutuksen mahdollisuuksia.","robots":{"index":"index","follow":"follow","max-snippet":"max-snippet:-1","max-image-preview":"max-image-preview:large","max-video-preview":"max-video-preview:-1"},"canonical":"https:\/\/blogit.lab.fi\/labfocus\/lab-esilla-fysioterapian-maailmankongressissa-dubaissa\/","og_locale":"fi_FI","og_type":"article","og_title":"LAB esill\u00e4 fysioterapian maailmankongressissa Dubaissa - LAB Focus","og_description":"Fysioterapian maailmankongressissa k\u00e4siteltiin muun muassa covid-epidemian vaikutuksia ja et\u00e4kuntoutuksen mahdollisuuksia.","og_url":"https:\/\/blogit.lab.fi\/labfocus\/lab-esilla-fysioterapian-maailmankongressissa-dubaissa\/","og_site_name":"LAB Focus","article_published_time":"2023-06-09T07:46:23+00:00","article_modified_time":"2023-06-09T07:46:24+00:00","og_image":[{"width":1280,"height":809,"url":"https:\/\/blogit.lab.fi\/labfocus\/wp-content\/uploads\/sites\/8\/2023\/06\/444_2023_LAB-esilla-fysioterapian-maailmankongressissa-Dubaissa.jpg","type":"image\/jpeg"}],"author":"tainask","twitter_card":"summary_large_image","twitter_creator":"@LABfinland","twitter_site":"@LABfinland","twitter_misc":{"Kirjoittanut":"tainask","Arvioitu lukuaika":"3 minuuttia"},"schema":{"@context":"https:\/\/schema.org","@graph":[{"@type":"Article","@id":"https:\/\/blogit.lab.fi\/labfocus\/lab-esilla-fysioterapian-maailmankongressissa-dubaissa\/#article","isPartOf":{"@id":"https:\/\/blogit.lab.fi\/labfocus\/lab-esilla-fysioterapian-maailmankongressissa-dubaissa\/"},"author":{"name":"tainask","@id":"https:\/\/blogit.lab.fi\/labfocus\/#\/schema\/person\/da729f65c4a2fb9fd8f0b1ec7a2ab7d0"},"headline":"LAB esill\u00e4 fysioterapian maailmankongressissa Dubaissa","datePublished":"2023-06-09T07:46:23+00:00","dateModified":"2023-06-09T07:46:24+00:00","mainEntityOfPage":{"@id":"https:\/\/blogit.lab.fi\/labfocus\/lab-esilla-fysioterapian-maailmankongressissa-dubaissa\/"},"wordCount":370,"publisher":{"@id":"https:\/\/blogit.lab.fi\/labfocus\/#organization"},"image":{"@id":"https:\/\/blogit.lab.fi\/labfocus\/lab-esilla-fysioterapian-maailmankongressissa-dubaissa\/#primaryimage"},"thumbnailUrl":"https:\/\/blogit.lab.fi\/labfocus\/wp-content\/uploads\/sites\/8\/2023\/06\/444_2023_LAB-esilla-fysioterapian-maailmankongressissa-Dubaissa.jpg","keywords":["Artikkeli E1","Fysioterapia","World Physiotherapy Congress"],"articleSection":["Health","Hyvinvointia elinymp\u00e4rist\u00f6st\u00e4, liikkumisesta ja matkailusta"],"inLanguage":"fi"},{"@type":"WebPage","@id":"https:\/\/blogit.lab.fi\/labfocus\/lab-esilla-fysioterapian-maailmankongressissa-dubaissa\/","url":"https:\/\/blogit.lab.fi\/labfocus\/lab-esilla-fysioterapian-maailmankongressissa-dubaissa\/","name":"LAB esill\u00e4 fysioterapian maailmankongressissa Dubaissa - LAB Focus","isPartOf":{"@id":"https:\/\/blogit.lab.fi\/labfocus\/#website"},"primaryImageOfPage":{"@id":"https:\/\/blogit.lab.fi\/labfocus\/lab-esilla-fysioterapian-maailmankongressissa-dubaissa\/#primaryimage"},"image":{"@id":"https:\/\/blogit.lab.fi\/labfocus\/lab-esilla-fysioterapian-maailmankongressissa-dubaissa\/#primaryimage"},"thumbnailUrl":"https:\/\/blogit.lab.fi\/labfocus\/wp-content\/uploads\/sites\/8\/2023\/06\/444_2023_LAB-esilla-fysioterapian-maailmankongressissa-Dubaissa.jpg","datePublished":"2023-06-09T07:46:23+00:00","dateModified":"2023-06-09T07:46:24+00:00","description":"Fysioterapian maailmankongressissa k\u00e4siteltiin muun muassa covid-epidemian vaikutuksia ja et\u00e4kuntoutuksen mahdollisuuksia.","breadcrumb":{"@id":"https:\/\/blogit.lab.fi\/labfocus\/lab-esilla-fysioterapian-maailmankongressissa-dubaissa\/#breadcrumb"},"inLanguage":"fi","potentialAction":[{"@type":"ReadAction","target":["https:\/\/blogit.lab.fi\/labfocus\/lab-esilla-fysioterapian-maailmankongressissa-dubaissa\/"]}]},{"@type":"ImageObject","inLanguage":"fi","@id":"https:\/\/blogit.lab.fi\/labfocus\/lab-esilla-fysioterapian-maailmankongressissa-dubaissa\/#primaryimage","url":"https:\/\/blogit.lab.fi\/labfocus\/wp-content\/uploads\/sites\/8\/2023\/06\/444_2023_LAB-esilla-fysioterapian-maailmankongressissa-Dubaissa.jpg","contentUrl":"https:\/\/blogit.lab.fi\/labfocus\/wp-content\/uploads\/sites\/8\/2023\/06\/444_2023_LAB-esilla-fysioterapian-maailmankongressissa-Dubaissa.jpg","width":1280,"height":809},{"@type":"BreadcrumbList","@id":"https:\/\/blogit.lab.fi\/labfocus\/lab-esilla-fysioterapian-maailmankongressissa-dubaissa\/#breadcrumb","itemListElement":[{"@type":"ListItem","position":1,"name":"Home","item":"https:\/\/blogit.lab.fi\/labfocus\/"},{"@type":"ListItem","position":2,"name":"LAB esill\u00e4 fysioterapian maailmankongressissa Dubaissa"}]},{"@type":"WebSite","@id":"https:\/\/blogit.lab.fi\/labfocus\/#website","url":"https:\/\/blogit.lab.fi\/labfocus\/","name":"LAB Focus","description":"Focus Area blog | LAB University of Applied Sciences","publisher":{"@id":"https:\/\/blogit.lab.fi\/labfocus\/#organization"},"potentialAction":[{"@type":"SearchAction","target":{"@type":"EntryPoint","urlTemplate":"https:\/\/blogit.lab.fi\/labfocus\/?s={search_term_string}"},"query-input":{"@type":"PropertyValueSpecification","valueRequired":true,"valueName":"search_term_string"}}],"inLanguage":"fi"},{"@type":"Organization","@id":"https:\/\/blogit.lab.fi\/labfocus\/#organization","name":"LAB Focus","url":"https:\/\/blogit.lab.fi\/labfocus\/","logo":{"@type":"ImageObject","inLanguage":"fi","@id":"https:\/\/blogit.lab.fi\/labfocus\/#\/schema\/logo\/image\/","url":"https:\/\/blogit.lab.fi\/labfocus\/wp-content\/uploads\/sites\/8\/2020\/04\/cropped-cropped-tunnus_blogi-01.png","contentUrl":"https:\/\/blogit.lab.fi\/labfocus\/wp-content\/uploads\/sites\/8\/2020\/04\/cropped-cropped-tunnus_blogi-01.png","width":1342,"height":288,"caption":"LAB Focus"},"image":{"@id":"https:\/\/blogit.lab.fi\/labfocus\/#\/schema\/logo\/image\/"},"sameAs":["https:\/\/x.com\/LABfinland"]},{"@type":"Person","@id":"https:\/\/blogit.lab.fi\/labfocus\/#\/schema\/person\/da729f65c4a2fb9fd8f0b1ec7a2ab7d0","name":"tainask","image":{"@type":"ImageObject","inLanguage":"fi","@id":"https:\/\/secure.gravatar.com\/avatar\/4a96427877ef826b76e80c27f60b266128094f522551459346efcf14282febb3?s=96&d=mm&r=g","url":"https:\/\/secure.gravatar.com\/avatar\/4a96427877ef826b76e80c27f60b266128094f522551459346efcf14282febb3?s=96&d=mm&r=g","contentUrl":"https:\/\/secure.gravatar.com\/avatar\/4a96427877ef826b76e80c27f60b266128094f522551459346efcf14282febb3?s=96&d=mm&r=g","caption":"tainask"},"url":"https:\/\/blogit.lab.fi\/labfocus\/author\/tainask\/"}]}},"_links":{"self":[{"href":"https:\/\/blogit.lab.fi\/labfocus\/wp-json\/wp\/v2\/posts\/13678","targetHints":{"allow":["GET"]}}],"collection":[{"href":"https:\/\/blogit.lab.fi\/labfocus\/wp-json\/wp\/v2\/posts"}],"about":[{"href":"https:\/\/blogit.lab.fi\/labfocus\/wp-json\/wp\/v2\/types\/post"}],"author":[{"embeddable":true,"href":"https:\/\/blogit.lab.fi\/labfocus\/wp-json\/wp\/v2\/users\/17"}],"replies":[{"embeddable":true,"href":"https:\/\/blogit.lab.fi\/labfocus\/wp-json\/wp\/v2\/comments?post=13678"}],"version-history":[{"count":2,"href":"https:\/\/blogit.lab.fi\/labfocus\/wp-json\/wp\/v2\/posts\/13678\/revisions"}],"predecessor-version":[{"id":13682,"href":"https:\/\/blogit.lab.fi\/labfocus\/wp-json\/wp\/v2\/posts\/13678\/revisions\/13682"}],"wp:featuredmedia":[{"embeddable":true,"href":"https:\/\/blogit.lab.fi\/labfocus\/wp-json\/wp\/v2\/media\/13680"}],"wp:attachment":[{"href":"https:\/\/blogit.lab.fi\/labfocus\/wp-json\/wp\/v2\/media?parent=13678"}],"wp:term":[{"taxonomy":"category","embeddable":true,"href":"https:\/\/blogit.lab.fi\/labfocus\/wp-json\/wp\/v2\/categories?post=13678"},{"taxonomy":"post_tag","embeddable":true,"href":"https:\/\/blogit.lab.fi\/labfocus\/wp-json\/wp\/v2\/tags?post=13678"}],"curies":[{"name":"wp","href":"https:\/\/api.w.org\/{rel}","templated":true}]}}