{"id":13742,"date":"2023-06-13T11:43:54","date_gmt":"2023-06-13T08:43:54","guid":{"rendered":"https:\/\/blogit.lab.fi\/labfocus\/?p=13742"},"modified":"2023-06-13T11:43:56","modified_gmt":"2023-06-13T08:43:56","slug":"digitaaliset-ja-teknologiset-tyokalut-osaksi-aikuisten-tule-kuntoutusta","status":"publish","type":"post","link":"https:\/\/blogit.lab.fi\/labfocus\/digitaaliset-ja-teknologiset-tyokalut-osaksi-aikuisten-tule-kuntoutusta\/","title":{"rendered":"Digitaaliset ja teknologiset ty\u00f6kalut osaksi aikuisten tule-kuntoutusta"},"content":{"rendered":"\n<p>Digitaalisuuden ja teknologian kehittyminen on ilmeist\u00e4 kaikilla aloilla yhteiskunnassamme, my\u00f6s kuntoutuksessa (Valtioneuvosto 2019). Koska tuki- ja liikuntaelin- eli tule-oireet ovat yksi suurimmista sairauspoissaolojen aiheuttajista (Kela 2023), tarvitaan tehokkaita hoitomuotoja yh\u00e4 kipe\u00e4mmin. Apua vaikuttavien hoitokeinojen tuottamiseen odotetaan digitaalisista ja teknologisista ratkaisuista kuten teko\u00e4lyst\u00e4 ja robotiikasta (Hyteairo 2022). &nbsp;<\/p>\n\n\n\n<p>Vaikka digitaalisten ty\u00f6kalujen ja et\u00e4kuntoutuksen tarve ja kysynt\u00e4 kuntoutuksen toteutuksessa ottivat koronapandemian my\u00f6t\u00e4 suuren harppauksen (Sosiaali- ja terveysministeri\u00f6 2020), k\u00e4ytet\u00e4\u00e4n et\u00e4teknologiaa hy\u00f6dynt\u00e4vi\u00e4 ty\u00f6kaluja l\u00e4\u00e4kinn\u00e4llisess\u00e4 kuntoutuksessa edelleen hyvin v\u00e4h\u00e4n (Hellst\u00e9n 2022).<\/p>\n\n\n\n<h2 class=\"wp-block-heading\">Vaikutukset ovat kokonaisvaltaiset<\/h2>\n\n\n\n<p>Digitaalisten ja teknologisten ty\u00f6kalujen vaikutukset kuntoutujan toimintakykyyn ovat hyvin kokonaisvaltaiset. Digitaalisia ja teknologisia ty\u00f6kaluja hy\u00f6dynt\u00e4v\u00e4ll\u00e4 kuntoutuksella eli digikuntoutuksella voidaan v\u00e4hent\u00e4\u00e4 kuntoutujan kokemaa kipua sek\u00e4 helpottaa psyykkisi\u00e4 oireita, kuten masennusta tai ahdistusta. Digikuntoutuksella voidaan my\u00f6s lis\u00e4t\u00e4 kuntoutujan motivaatiota ja sitoutumista harjoitteluun. (Matinaho 2023.)<\/p>\n\n\n\n<figure class=\"wp-block-image size-large\"><img loading=\"lazy\" decoding=\"async\" width=\"1024\" height=\"612\" src=\"https:\/\/blogit.lab.fi\/labfocus\/wp-content\/uploads\/sites\/8\/2023\/06\/417_2023_Digitaaliset-ja-teknologiset-tyokalut-osaksi-aikuisten-tule-kuntoutusta-1024x612.jpg\" alt=\"[Alt-teksti: henkil\u00f6, jolla on p\u00e4\u00e4ss\u00e4\u00e4n virtuaalilasit ja k\u00e4dess\u00e4\u00e4n tekninen ohjain.]\" class=\"wp-image-13743\" srcset=\"https:\/\/blogit.lab.fi\/labfocus\/wp-content\/uploads\/sites\/8\/2023\/06\/417_2023_Digitaaliset-ja-teknologiset-tyokalut-osaksi-aikuisten-tule-kuntoutusta-1024x612.jpg 1024w, https:\/\/blogit.lab.fi\/labfocus\/wp-content\/uploads\/sites\/8\/2023\/06\/417_2023_Digitaaliset-ja-teknologiset-tyokalut-osaksi-aikuisten-tule-kuntoutusta-300x179.jpg 300w, https:\/\/blogit.lab.fi\/labfocus\/wp-content\/uploads\/sites\/8\/2023\/06\/417_2023_Digitaaliset-ja-teknologiset-tyokalut-osaksi-aikuisten-tule-kuntoutusta-768x459.jpg 768w, https:\/\/blogit.lab.fi\/labfocus\/wp-content\/uploads\/sites\/8\/2023\/06\/417_2023_Digitaaliset-ja-teknologiset-tyokalut-osaksi-aikuisten-tule-kuntoutusta-570x341.jpg 570w, https:\/\/blogit.lab.fi\/labfocus\/wp-content\/uploads\/sites\/8\/2023\/06\/417_2023_Digitaaliset-ja-teknologiset-tyokalut-osaksi-aikuisten-tule-kuntoutusta.jpg 1280w\" sizes=\"auto, (max-width: 1024px) 100vw, 1024px\" \/><figcaption class=\"wp-element-caption\">Kuva 1. Virtuaalitodellisuus on yksi teknologinen ty\u00f6kalu kuntoutuksessa. (dlohner 2018)<\/figcaption><\/figure>\n\n\n\n<p>Matinahon (2023) toteuttaman kirjallisuuskatsauksen mukaan aikuisten tuki- ja liikuntaelinkuntoutuksessa k\u00e4ytett\u00e4viss\u00e4 olevat digitaaliset ja teknologiset ty\u00f6kalut voidaan karkeasti jakaa k\u00e4ytett\u00e4v\u00e4n teknologian mukaan kolmeen p\u00e4\u00e4kategoriaan: et\u00e4teknologiaan, virtuaalitodellisuuteen ja robotiikkaan.<\/p>\n\n\n\n<p>Digitaalisina ja teknologisina ty\u00f6kaluina voidaan hy\u00f6dynt\u00e4\u00e4 tietokonetta, \u00e4lypuhelinta ja tablettitietokonetta sek\u00e4 niiden v\u00e4lityksell\u00e4 toimivia sovelluksia ja videoharjoitteita. Virtuaalitodellisuutta hy\u00f6dynt\u00e4v\u00e4ss\u00e4 kuntoutuksessa voidaan k\u00e4ytt\u00e4\u00e4 muun muassa VR-laseja (virtual reality), pelikonsoleita sek\u00e4 niiden k\u00e4ytt\u00f6\u00f6n yhdistettyj\u00e4 liikesensoreita hy\u00f6dynt\u00e4vi\u00e4 pelej\u00e4 ja sovelluksia. Robotiikkaa ei viel\u00e4 ole juurikaan k\u00e4yt\u00f6ss\u00e4 tule-kuntoutuksessa, ja tutkimusn\u00e4ytt\u00f6 robotiikan hy\u00f6dynt\u00e4misest\u00e4 tule-kuntoutuksessa onkin hyvin v\u00e4h\u00e4ist\u00e4. (Matinaho 2023.)<\/p>\n\n\n\n<p>Tule-kuntoutuksen digitaalisia ja teknologisia ty\u00f6kaluja hy\u00f6dynnet\u00e4\u00e4n kansainv\u00e4lisell\u00e4 tasolla viel\u00e4 v\u00e4h\u00e4n, vaikka n\u00e4ytt\u00f6\u00e4 niiden vaikutuksista on runsaasti (Matinaho 2023). Erityisesti moderneimman VR-teknologian hy\u00f6dynt\u00e4misen tuki- ja liikuntaelinkuntoutuksessa todetaan olevan hyvin v\u00e4h\u00e4ist\u00e4 (Aartolahti ym. 2022). Kuitenkin tulevaisuudessa erityisesti et\u00e4teknologiaa hy\u00f6dynt\u00e4v\u00e4n kuntoutuksen n\u00e4hd\u00e4\u00e4n integroituvan yh\u00e4 tiiviimmin osaksi kuntoutuksen monimuotoista toteuttamistapaa erilaisten teknologioiden saatavuuden ja k\u00e4ytett\u00e4vyyden lis\u00e4\u00e4ntyess\u00e4 (Salminen &amp; Hiekkala 2019).&nbsp;<\/p>\n\n\n\n<div class=\"wp-block-group has-background\" style=\"background-color:#b3edfb\"><div class=\"wp-block-group__inner-container is-layout-constrained wp-block-group-is-layout-constrained\">\n<p>Kirjoittajat<\/p>\n\n\n\n<p><strong>Julia Matinaho<\/strong> opiskelee ylemp\u00e4\u00e4 AMK-tutkintoa LAB-ammattikorkeakoulussa ja toimii ty\u00f6fysioterapeuttina.<\/p>\n\n\n\n<p><strong>P\u00e4ivi Huotari<\/strong> toimii LAB-ammattikorkeakoulussa Hyvinvointi-yksik\u00f6ss\u00e4 tuntiopettajana.<\/p>\n<\/div><\/div>\n\n\n\n<h2 class=\"wp-block-heading\">L\u00e4hteet<\/h2>\n\n\n\n<p>Aartolahti, E., K\u00f6yh\u00e4joki, A., Margaritis, M., Korpi, H., Honkanen, S., Ilves, O., Sj\u00f6gren, T. &amp; H\u00e4kkinen, A. 2022. Robotit ja virtuaalitodellisuus n\u00e4ytt\u00f6\u00f6n perustuvassa l\u00e4\u00e4kinn\u00e4llisess\u00e4 kuntoutuksessa. Teoksessa Ilves, O., Korpi, H., Honkanen, S. &amp; Aartolahti, E. (toim.) Robottien, virtuaalitodellisuuden ja lis\u00e4tyn todellisuuden vaikuttavuus ja merkityksellisyys l\u00e4\u00e4kinn\u00e4llisess\u00e4 kuntoutuksessa.\u00a0 J\u00e4rjestelm\u00e4lliset kirjallisuuskatsaukset. Sosiaali- ja terveysturvan tutkimuksia 159. Helsinki: Kela, 11\u201331. Viitattu 18.5.2023. Saatavissa <a href=\"http:\/\/urn.fi\/URN:NBN:fi-fe2022052037517\" target=\"_blank\" rel=\"noreferrer noopener\">http:\/\/urn.fi\/URN:NBN:fi-fe2022052037517<\/a>\u00a0<a href=\"http:\/\/hdl.handle.net\/10138\/344398\">http:\/\/hdl.handle.net\/10138\/344398<\/a><\/p>\n\n\n\n<p>dlohner. 2018. VR, virtuaalitodellisuus, lasit. Pixabay. Viitattu 9.5.2023. Saatavissa <a href=\"https:\/\/pixabay.com\/fi\/photos\/vr-virtuaalitodellisuus-lasit-3411378\/\" target=\"_blank\" rel=\"noreferrer noopener\">https:\/\/pixabay.com\/fi\/photos\/vr-virtuaalitodellisuus-lasit-3411378\/<\/a><\/p>\n\n\n\n<p>Hellst\u00e9n, T., Arokoski, J., Sj\u00f6gren, T., J\u00e4ppinen, A.-M. &amp; Kettunen, J. 2022. Current state of remote physiotherapy in Finland: cross-sectional web-based questionnaire study. JMIR Rehabilitation and Assistive Technologies, 9(2). Viitattu 15.5.2023. Saatavissa <a href=\"https:\/\/doi.org\/10.2196\/35569\" target=\"_blank\" rel=\"noreferrer noopener\">https:\/\/doi.org\/10.2196\/35569<\/a><\/p>\n\n\n\n<p>Hyteairo. 2022. Hyvinvoinnin teko\u00e4ly ja robotiikka -ohjelma: loppuraportti. Sosiaali- j a terveysministeri\u00f6. Viitattu 18.5.2023. Saatavissa <a href=\"https:\/\/urn.fi\/URN:NBN:fi-fe2022021619558\" target=\"_blank\" rel=\"noreferrer noopener\">https:\/\/urn.fi\/URN:NBN:fi-fe2022021619558<\/a><\/p>\n\n\n\n<p>Kela. 2023. Tietopaketti: sairauspoissaolot. Viitattu 18.5.2023. Saatavissa <a href=\"https:\/\/tietotarjotin.fi\/tietopaketti\/2699253\/tietopaketti-sairauspoissaolot?q=sairauspoissaolot\" target=\"_blank\" rel=\"noreferrer noopener\">https:\/\/tietotarjotin.fi\/tietopaketti\/2699253\/tietopaketti-sairauspoissaolot?q=sairauspoissaolot<\/a><\/p>\n\n\n\n<p>Matinaho, J. 2023. Ty\u00f6ik\u00e4isten tule-kuntoutuksen digitaaliset ja teknologiset ty\u00f6kalut. Integroiva kirjallisuuskatsaus. Ylempi AMK -opinn\u00e4ytety\u00f6. LAB-ammattikorkeakoulu, Lahti. Viitattu 18.5.2023. Saatavissa <a href=\"https:\/\/urn.fi\/URN:NBN:fi:amk-2023051811643\" target=\"_blank\" rel=\"noreferrer noopener\">https:\/\/urn.fi\/URN:NBN:fi:amk-2023051811643<\/a><\/p>\n\n\n\n<p>Salminen, A-L. &amp; Hiekkala, S. 2019. Suositukset et\u00e4kuntoutukseen. Teoksessa Salminen, A-L. &amp; Hiekkala, S. (toim.) Kokemuksia et\u00e4kuntoutuksesta. Kelan et\u00e4kuntoutushankkeen tuloksia. Helsinki: Kelan tutkimus, 9\u201312.<\/p>\n\n\n\n<p>Sosiaali- ja terveysministeri\u00f6. 2020. Kuntoutuksen uudistaminen: Kuntoutuksen uudistamisen toimintasuunnitelma vuosille 2020\u20132022. Helsinki: Sosiaali- ja terveysministeri\u00f6n julkaisuja. Viitattu 15.5.3023. Saatavissa <a href=\"http:\/\/urn.fi\/URN:ISBN:978-952-00-8443-1\" target=\"_blank\" rel=\"noreferrer noopener\">http:\/\/urn.fi\/URN:ISBN:978-952-00-8443-1<\/a><\/p>\n\n\n\n<p>Valtioneuvosto. 2019. P\u00e4\u00e4ministeri Sanna Marinin hallituksen ohjelma 10.12.2019: Osallistava ja osaava Suomi \u2013 sosiaalisesti, taloudellisesti ja ekologisesti kest\u00e4v\u00e4 yhteiskunta. Helsinki: Valtioneuvoston julkaisuja. Viitattu 18.5.2023. Saatavissa <a href=\"http:\/\/urn.fi\/URN:ISBN:978-952-287-808-3\" target=\"_blank\" rel=\"noreferrer noopener\">http:\/\/urn.fi\/URN:ISBN:978-952-287-808-3<\/a><\/p>\n","protected":false},"excerpt":{"rendered":"<p>Digitaalisuuden ja teknologian kehittyminen on ilmeist\u00e4 kaikilla aloilla yhteiskunnassamme, my\u00f6s kuntoutuksessa (Valtioneuvosto 2019). Koska tuki- ja liikuntaelin- eli tule-oireet ovat yksi suurimmista sairauspoissaolojen aiheuttajista (Kela 2023), tarvitaan tehokkaita hoitomuotoja yh\u00e4 kipe\u00e4mmin. Apua vaikuttavien hoitokeinojen tuottamiseen odotetaan digitaalisista ja teknologisista ratkaisuista kuten teko\u00e4lyst\u00e4 ja robotiikasta (Hyteairo 2022). &nbsp; Vaikka digitaalisten ty\u00f6kalujen ja et\u00e4kuntoutuksen tarve ja kysynt\u00e4 [&hellip;]<\/p>\n","protected":false},"author":17,"featured_media":13743,"comment_status":"closed","ping_status":"open","sticky":false,"template":"","format":"standard","meta":{"footnotes":""},"categories":[15],"tags":[29,137,1465,141,6340],"class_list":{"0":"post-13742","1":"post","2":"type-post","3":"status-publish","4":"format-standard","5":"has-post-thumbnail","7":"category-health_fi","8":"tag-artikkeli-e1","9":"tag-digitalisaatio","10":"tag-kuntoutus","11":"tag-teknologia","12":"tag-tule-oireet","13":"czr-hentry"},"yoast_head":"<!-- This site is optimized with the Yoast SEO plugin v27.5 - https:\/\/yoast.com\/product\/yoast-seo-wordpress\/ -->\n<title>Digitaaliset ja teknologiset ty\u00f6kalut osaksi aikuisten tule-kuntoutusta - LAB Focus<\/title>\n<meta name=\"description\" content=\"Opinn\u00e4ytety\u00f6ss\u00e4 selvitettiin, miss\u00e4 m\u00e4\u00e4rin tuki- ja liikuntaelinvaivojen kuntoutuksessa hy\u00f6dynnet\u00e4\u00e4n digitaalisia ty\u00f6kaluja: lis\u00e4\u00e4misen varaa on.\" \/>\n<meta name=\"robots\" content=\"index, follow, max-snippet:-1, max-image-preview:large, max-video-preview:-1\" \/>\n<link rel=\"canonical\" href=\"https:\/\/blogit.lab.fi\/labfocus\/digitaaliset-ja-teknologiset-tyokalut-osaksi-aikuisten-tule-kuntoutusta\/\" \/>\n<meta property=\"og:locale\" content=\"fi_FI\" \/>\n<meta property=\"og:type\" content=\"article\" \/>\n<meta property=\"og:title\" content=\"Digitaaliset ja teknologiset ty\u00f6kalut osaksi aikuisten tule-kuntoutusta - LAB Focus\" \/>\n<meta property=\"og:description\" content=\"Opinn\u00e4ytety\u00f6ss\u00e4 selvitettiin, miss\u00e4 m\u00e4\u00e4rin tuki- ja liikuntaelinvaivojen kuntoutuksessa hy\u00f6dynnet\u00e4\u00e4n digitaalisia ty\u00f6kaluja: lis\u00e4\u00e4misen varaa on.\" \/>\n<meta property=\"og:url\" content=\"https:\/\/blogit.lab.fi\/labfocus\/digitaaliset-ja-teknologiset-tyokalut-osaksi-aikuisten-tule-kuntoutusta\/\" \/>\n<meta property=\"og:site_name\" content=\"LAB Focus\" \/>\n<meta property=\"article:published_time\" content=\"2023-06-13T08:43:54+00:00\" \/>\n<meta property=\"article:modified_time\" content=\"2023-06-13T08:43:56+00:00\" \/>\n<meta property=\"og:image\" content=\"https:\/\/blogit.lab.fi\/labfocus\/wp-content\/uploads\/sites\/8\/2023\/06\/417_2023_Digitaaliset-ja-teknologiset-tyokalut-osaksi-aikuisten-tule-kuntoutusta.jpg\" \/>\n\t<meta property=\"og:image:width\" content=\"1280\" \/>\n\t<meta property=\"og:image:height\" content=\"765\" \/>\n\t<meta property=\"og:image:type\" content=\"image\/jpeg\" \/>\n<meta name=\"author\" content=\"tainask\" \/>\n<meta name=\"twitter:card\" content=\"summary_large_image\" \/>\n<meta name=\"twitter:creator\" content=\"@LABfinland\" \/>\n<meta name=\"twitter:site\" content=\"@LABfinland\" \/>\n<meta name=\"twitter:label1\" content=\"Kirjoittanut\" \/>\n\t<meta name=\"twitter:data1\" content=\"tainask\" \/>\n\t<meta name=\"twitter:label2\" content=\"Arvioitu lukuaika\" \/>\n\t<meta name=\"twitter:data2\" content=\"4 minuuttia\" \/>\n<script type=\"application\/ld+json\" class=\"yoast-schema-graph\">{\"@context\":\"https:\\\/\\\/schema.org\",\"@graph\":[{\"@type\":\"Article\",\"@id\":\"https:\\\/\\\/blogit.lab.fi\\\/labfocus\\\/digitaaliset-ja-teknologiset-tyokalut-osaksi-aikuisten-tule-kuntoutusta\\\/#article\",\"isPartOf\":{\"@id\":\"https:\\\/\\\/blogit.lab.fi\\\/labfocus\\\/digitaaliset-ja-teknologiset-tyokalut-osaksi-aikuisten-tule-kuntoutusta\\\/\"},\"author\":{\"name\":\"tainask\",\"@id\":\"https:\\\/\\\/blogit.lab.fi\\\/labfocus\\\/#\\\/schema\\\/person\\\/da729f65c4a2fb9fd8f0b1ec7a2ab7d0\"},\"headline\":\"Digitaaliset ja teknologiset ty\u00f6kalut osaksi aikuisten tule-kuntoutusta\",\"datePublished\":\"2023-06-13T08:43:54+00:00\",\"dateModified\":\"2023-06-13T08:43:56+00:00\",\"mainEntityOfPage\":{\"@id\":\"https:\\\/\\\/blogit.lab.fi\\\/labfocus\\\/digitaaliset-ja-teknologiset-tyokalut-osaksi-aikuisten-tule-kuntoutusta\\\/\"},\"wordCount\":628,\"publisher\":{\"@id\":\"https:\\\/\\\/blogit.lab.fi\\\/labfocus\\\/#organization\"},\"image\":{\"@id\":\"https:\\\/\\\/blogit.lab.fi\\\/labfocus\\\/digitaaliset-ja-teknologiset-tyokalut-osaksi-aikuisten-tule-kuntoutusta\\\/#primaryimage\"},\"thumbnailUrl\":\"https:\\\/\\\/blogit.lab.fi\\\/labfocus\\\/wp-content\\\/uploads\\\/sites\\\/8\\\/2023\\\/06\\\/417_2023_Digitaaliset-ja-teknologiset-tyokalut-osaksi-aikuisten-tule-kuntoutusta.jpg\",\"keywords\":[\"Artikkeli E1\",\"digitalisaatio\",\"kuntoutus\",\"teknologia\",\"tule-oireet\"],\"articleSection\":[\"Health\"],\"inLanguage\":\"fi\"},{\"@type\":\"WebPage\",\"@id\":\"https:\\\/\\\/blogit.lab.fi\\\/labfocus\\\/digitaaliset-ja-teknologiset-tyokalut-osaksi-aikuisten-tule-kuntoutusta\\\/\",\"url\":\"https:\\\/\\\/blogit.lab.fi\\\/labfocus\\\/digitaaliset-ja-teknologiset-tyokalut-osaksi-aikuisten-tule-kuntoutusta\\\/\",\"name\":\"Digitaaliset ja teknologiset ty\u00f6kalut osaksi aikuisten tule-kuntoutusta - LAB Focus\",\"isPartOf\":{\"@id\":\"https:\\\/\\\/blogit.lab.fi\\\/labfocus\\\/#website\"},\"primaryImageOfPage\":{\"@id\":\"https:\\\/\\\/blogit.lab.fi\\\/labfocus\\\/digitaaliset-ja-teknologiset-tyokalut-osaksi-aikuisten-tule-kuntoutusta\\\/#primaryimage\"},\"image\":{\"@id\":\"https:\\\/\\\/blogit.lab.fi\\\/labfocus\\\/digitaaliset-ja-teknologiset-tyokalut-osaksi-aikuisten-tule-kuntoutusta\\\/#primaryimage\"},\"thumbnailUrl\":\"https:\\\/\\\/blogit.lab.fi\\\/labfocus\\\/wp-content\\\/uploads\\\/sites\\\/8\\\/2023\\\/06\\\/417_2023_Digitaaliset-ja-teknologiset-tyokalut-osaksi-aikuisten-tule-kuntoutusta.jpg\",\"datePublished\":\"2023-06-13T08:43:54+00:00\",\"dateModified\":\"2023-06-13T08:43:56+00:00\",\"description\":\"Opinn\u00e4ytety\u00f6ss\u00e4 selvitettiin, miss\u00e4 m\u00e4\u00e4rin tuki- ja liikuntaelinvaivojen kuntoutuksessa hy\u00f6dynnet\u00e4\u00e4n digitaalisia ty\u00f6kaluja: lis\u00e4\u00e4misen varaa on.\",\"breadcrumb\":{\"@id\":\"https:\\\/\\\/blogit.lab.fi\\\/labfocus\\\/digitaaliset-ja-teknologiset-tyokalut-osaksi-aikuisten-tule-kuntoutusta\\\/#breadcrumb\"},\"inLanguage\":\"fi\",\"potentialAction\":[{\"@type\":\"ReadAction\",\"target\":[\"https:\\\/\\\/blogit.lab.fi\\\/labfocus\\\/digitaaliset-ja-teknologiset-tyokalut-osaksi-aikuisten-tule-kuntoutusta\\\/\"]}]},{\"@type\":\"ImageObject\",\"inLanguage\":\"fi\",\"@id\":\"https:\\\/\\\/blogit.lab.fi\\\/labfocus\\\/digitaaliset-ja-teknologiset-tyokalut-osaksi-aikuisten-tule-kuntoutusta\\\/#primaryimage\",\"url\":\"https:\\\/\\\/blogit.lab.fi\\\/labfocus\\\/wp-content\\\/uploads\\\/sites\\\/8\\\/2023\\\/06\\\/417_2023_Digitaaliset-ja-teknologiset-tyokalut-osaksi-aikuisten-tule-kuntoutusta.jpg\",\"contentUrl\":\"https:\\\/\\\/blogit.lab.fi\\\/labfocus\\\/wp-content\\\/uploads\\\/sites\\\/8\\\/2023\\\/06\\\/417_2023_Digitaaliset-ja-teknologiset-tyokalut-osaksi-aikuisten-tule-kuntoutusta.jpg\",\"width\":1280,\"height\":765},{\"@type\":\"BreadcrumbList\",\"@id\":\"https:\\\/\\\/blogit.lab.fi\\\/labfocus\\\/digitaaliset-ja-teknologiset-tyokalut-osaksi-aikuisten-tule-kuntoutusta\\\/#breadcrumb\",\"itemListElement\":[{\"@type\":\"ListItem\",\"position\":1,\"name\":\"Home\",\"item\":\"https:\\\/\\\/blogit.lab.fi\\\/labfocus\\\/\"},{\"@type\":\"ListItem\",\"position\":2,\"name\":\"Digitaaliset ja teknologiset ty\u00f6kalut osaksi aikuisten tule-kuntoutusta\"}]},{\"@type\":\"WebSite\",\"@id\":\"https:\\\/\\\/blogit.lab.fi\\\/labfocus\\\/#website\",\"url\":\"https:\\\/\\\/blogit.lab.fi\\\/labfocus\\\/\",\"name\":\"LAB Focus\",\"description\":\"Focus Area blog | LAB University of Applied Sciences\",\"publisher\":{\"@id\":\"https:\\\/\\\/blogit.lab.fi\\\/labfocus\\\/#organization\"},\"potentialAction\":[{\"@type\":\"SearchAction\",\"target\":{\"@type\":\"EntryPoint\",\"urlTemplate\":\"https:\\\/\\\/blogit.lab.fi\\\/labfocus\\\/?s={search_term_string}\"},\"query-input\":{\"@type\":\"PropertyValueSpecification\",\"valueRequired\":true,\"valueName\":\"search_term_string\"}}],\"inLanguage\":\"fi\"},{\"@type\":\"Organization\",\"@id\":\"https:\\\/\\\/blogit.lab.fi\\\/labfocus\\\/#organization\",\"name\":\"LAB Focus\",\"url\":\"https:\\\/\\\/blogit.lab.fi\\\/labfocus\\\/\",\"logo\":{\"@type\":\"ImageObject\",\"inLanguage\":\"fi\",\"@id\":\"https:\\\/\\\/blogit.lab.fi\\\/labfocus\\\/#\\\/schema\\\/logo\\\/image\\\/\",\"url\":\"https:\\\/\\\/blogit.lab.fi\\\/labfocus\\\/wp-content\\\/uploads\\\/sites\\\/8\\\/2020\\\/04\\\/cropped-cropped-tunnus_blogi-01.png\",\"contentUrl\":\"https:\\\/\\\/blogit.lab.fi\\\/labfocus\\\/wp-content\\\/uploads\\\/sites\\\/8\\\/2020\\\/04\\\/cropped-cropped-tunnus_blogi-01.png\",\"width\":1342,\"height\":288,\"caption\":\"LAB Focus\"},\"image\":{\"@id\":\"https:\\\/\\\/blogit.lab.fi\\\/labfocus\\\/#\\\/schema\\\/logo\\\/image\\\/\"},\"sameAs\":[\"https:\\\/\\\/x.com\\\/LABfinland\"]},{\"@type\":\"Person\",\"@id\":\"https:\\\/\\\/blogit.lab.fi\\\/labfocus\\\/#\\\/schema\\\/person\\\/da729f65c4a2fb9fd8f0b1ec7a2ab7d0\",\"name\":\"tainask\",\"image\":{\"@type\":\"ImageObject\",\"inLanguage\":\"fi\",\"@id\":\"https:\\\/\\\/secure.gravatar.com\\\/avatar\\\/4a96427877ef826b76e80c27f60b266128094f522551459346efcf14282febb3?s=96&d=mm&r=g\",\"url\":\"https:\\\/\\\/secure.gravatar.com\\\/avatar\\\/4a96427877ef826b76e80c27f60b266128094f522551459346efcf14282febb3?s=96&d=mm&r=g\",\"contentUrl\":\"https:\\\/\\\/secure.gravatar.com\\\/avatar\\\/4a96427877ef826b76e80c27f60b266128094f522551459346efcf14282febb3?s=96&d=mm&r=g\",\"caption\":\"tainask\"},\"url\":\"https:\\\/\\\/blogit.lab.fi\\\/labfocus\\\/author\\\/tainask\\\/\"}]}<\/script>\n<!-- \/ Yoast SEO plugin. -->","yoast_head_json":{"title":"Digitaaliset ja teknologiset ty\u00f6kalut osaksi aikuisten tule-kuntoutusta - LAB Focus","description":"Opinn\u00e4ytety\u00f6ss\u00e4 selvitettiin, miss\u00e4 m\u00e4\u00e4rin tuki- ja liikuntaelinvaivojen kuntoutuksessa hy\u00f6dynnet\u00e4\u00e4n digitaalisia ty\u00f6kaluja: lis\u00e4\u00e4misen varaa on.","robots":{"index":"index","follow":"follow","max-snippet":"max-snippet:-1","max-image-preview":"max-image-preview:large","max-video-preview":"max-video-preview:-1"},"canonical":"https:\/\/blogit.lab.fi\/labfocus\/digitaaliset-ja-teknologiset-tyokalut-osaksi-aikuisten-tule-kuntoutusta\/","og_locale":"fi_FI","og_type":"article","og_title":"Digitaaliset ja teknologiset ty\u00f6kalut osaksi aikuisten tule-kuntoutusta - LAB Focus","og_description":"Opinn\u00e4ytety\u00f6ss\u00e4 selvitettiin, miss\u00e4 m\u00e4\u00e4rin tuki- ja liikuntaelinvaivojen kuntoutuksessa hy\u00f6dynnet\u00e4\u00e4n digitaalisia ty\u00f6kaluja: lis\u00e4\u00e4misen varaa on.","og_url":"https:\/\/blogit.lab.fi\/labfocus\/digitaaliset-ja-teknologiset-tyokalut-osaksi-aikuisten-tule-kuntoutusta\/","og_site_name":"LAB Focus","article_published_time":"2023-06-13T08:43:54+00:00","article_modified_time":"2023-06-13T08:43:56+00:00","og_image":[{"width":1280,"height":765,"url":"https:\/\/blogit.lab.fi\/labfocus\/wp-content\/uploads\/sites\/8\/2023\/06\/417_2023_Digitaaliset-ja-teknologiset-tyokalut-osaksi-aikuisten-tule-kuntoutusta.jpg","type":"image\/jpeg"}],"author":"tainask","twitter_card":"summary_large_image","twitter_creator":"@LABfinland","twitter_site":"@LABfinland","twitter_misc":{"Kirjoittanut":"tainask","Arvioitu lukuaika":"4 minuuttia"},"schema":{"@context":"https:\/\/schema.org","@graph":[{"@type":"Article","@id":"https:\/\/blogit.lab.fi\/labfocus\/digitaaliset-ja-teknologiset-tyokalut-osaksi-aikuisten-tule-kuntoutusta\/#article","isPartOf":{"@id":"https:\/\/blogit.lab.fi\/labfocus\/digitaaliset-ja-teknologiset-tyokalut-osaksi-aikuisten-tule-kuntoutusta\/"},"author":{"name":"tainask","@id":"https:\/\/blogit.lab.fi\/labfocus\/#\/schema\/person\/da729f65c4a2fb9fd8f0b1ec7a2ab7d0"},"headline":"Digitaaliset ja teknologiset ty\u00f6kalut osaksi aikuisten tule-kuntoutusta","datePublished":"2023-06-13T08:43:54+00:00","dateModified":"2023-06-13T08:43:56+00:00","mainEntityOfPage":{"@id":"https:\/\/blogit.lab.fi\/labfocus\/digitaaliset-ja-teknologiset-tyokalut-osaksi-aikuisten-tule-kuntoutusta\/"},"wordCount":628,"publisher":{"@id":"https:\/\/blogit.lab.fi\/labfocus\/#organization"},"image":{"@id":"https:\/\/blogit.lab.fi\/labfocus\/digitaaliset-ja-teknologiset-tyokalut-osaksi-aikuisten-tule-kuntoutusta\/#primaryimage"},"thumbnailUrl":"https:\/\/blogit.lab.fi\/labfocus\/wp-content\/uploads\/sites\/8\/2023\/06\/417_2023_Digitaaliset-ja-teknologiset-tyokalut-osaksi-aikuisten-tule-kuntoutusta.jpg","keywords":["Artikkeli E1","digitalisaatio","kuntoutus","teknologia","tule-oireet"],"articleSection":["Health"],"inLanguage":"fi"},{"@type":"WebPage","@id":"https:\/\/blogit.lab.fi\/labfocus\/digitaaliset-ja-teknologiset-tyokalut-osaksi-aikuisten-tule-kuntoutusta\/","url":"https:\/\/blogit.lab.fi\/labfocus\/digitaaliset-ja-teknologiset-tyokalut-osaksi-aikuisten-tule-kuntoutusta\/","name":"Digitaaliset ja teknologiset ty\u00f6kalut osaksi aikuisten tule-kuntoutusta - LAB Focus","isPartOf":{"@id":"https:\/\/blogit.lab.fi\/labfocus\/#website"},"primaryImageOfPage":{"@id":"https:\/\/blogit.lab.fi\/labfocus\/digitaaliset-ja-teknologiset-tyokalut-osaksi-aikuisten-tule-kuntoutusta\/#primaryimage"},"image":{"@id":"https:\/\/blogit.lab.fi\/labfocus\/digitaaliset-ja-teknologiset-tyokalut-osaksi-aikuisten-tule-kuntoutusta\/#primaryimage"},"thumbnailUrl":"https:\/\/blogit.lab.fi\/labfocus\/wp-content\/uploads\/sites\/8\/2023\/06\/417_2023_Digitaaliset-ja-teknologiset-tyokalut-osaksi-aikuisten-tule-kuntoutusta.jpg","datePublished":"2023-06-13T08:43:54+00:00","dateModified":"2023-06-13T08:43:56+00:00","description":"Opinn\u00e4ytety\u00f6ss\u00e4 selvitettiin, miss\u00e4 m\u00e4\u00e4rin tuki- ja liikuntaelinvaivojen kuntoutuksessa hy\u00f6dynnet\u00e4\u00e4n digitaalisia ty\u00f6kaluja: lis\u00e4\u00e4misen varaa on.","breadcrumb":{"@id":"https:\/\/blogit.lab.fi\/labfocus\/digitaaliset-ja-teknologiset-tyokalut-osaksi-aikuisten-tule-kuntoutusta\/#breadcrumb"},"inLanguage":"fi","potentialAction":[{"@type":"ReadAction","target":["https:\/\/blogit.lab.fi\/labfocus\/digitaaliset-ja-teknologiset-tyokalut-osaksi-aikuisten-tule-kuntoutusta\/"]}]},{"@type":"ImageObject","inLanguage":"fi","@id":"https:\/\/blogit.lab.fi\/labfocus\/digitaaliset-ja-teknologiset-tyokalut-osaksi-aikuisten-tule-kuntoutusta\/#primaryimage","url":"https:\/\/blogit.lab.fi\/labfocus\/wp-content\/uploads\/sites\/8\/2023\/06\/417_2023_Digitaaliset-ja-teknologiset-tyokalut-osaksi-aikuisten-tule-kuntoutusta.jpg","contentUrl":"https:\/\/blogit.lab.fi\/labfocus\/wp-content\/uploads\/sites\/8\/2023\/06\/417_2023_Digitaaliset-ja-teknologiset-tyokalut-osaksi-aikuisten-tule-kuntoutusta.jpg","width":1280,"height":765},{"@type":"BreadcrumbList","@id":"https:\/\/blogit.lab.fi\/labfocus\/digitaaliset-ja-teknologiset-tyokalut-osaksi-aikuisten-tule-kuntoutusta\/#breadcrumb","itemListElement":[{"@type":"ListItem","position":1,"name":"Home","item":"https:\/\/blogit.lab.fi\/labfocus\/"},{"@type":"ListItem","position":2,"name":"Digitaaliset ja teknologiset ty\u00f6kalut osaksi aikuisten tule-kuntoutusta"}]},{"@type":"WebSite","@id":"https:\/\/blogit.lab.fi\/labfocus\/#website","url":"https:\/\/blogit.lab.fi\/labfocus\/","name":"LAB Focus","description":"Focus Area blog | LAB University of Applied Sciences","publisher":{"@id":"https:\/\/blogit.lab.fi\/labfocus\/#organization"},"potentialAction":[{"@type":"SearchAction","target":{"@type":"EntryPoint","urlTemplate":"https:\/\/blogit.lab.fi\/labfocus\/?s={search_term_string}"},"query-input":{"@type":"PropertyValueSpecification","valueRequired":true,"valueName":"search_term_string"}}],"inLanguage":"fi"},{"@type":"Organization","@id":"https:\/\/blogit.lab.fi\/labfocus\/#organization","name":"LAB Focus","url":"https:\/\/blogit.lab.fi\/labfocus\/","logo":{"@type":"ImageObject","inLanguage":"fi","@id":"https:\/\/blogit.lab.fi\/labfocus\/#\/schema\/logo\/image\/","url":"https:\/\/blogit.lab.fi\/labfocus\/wp-content\/uploads\/sites\/8\/2020\/04\/cropped-cropped-tunnus_blogi-01.png","contentUrl":"https:\/\/blogit.lab.fi\/labfocus\/wp-content\/uploads\/sites\/8\/2020\/04\/cropped-cropped-tunnus_blogi-01.png","width":1342,"height":288,"caption":"LAB Focus"},"image":{"@id":"https:\/\/blogit.lab.fi\/labfocus\/#\/schema\/logo\/image\/"},"sameAs":["https:\/\/x.com\/LABfinland"]},{"@type":"Person","@id":"https:\/\/blogit.lab.fi\/labfocus\/#\/schema\/person\/da729f65c4a2fb9fd8f0b1ec7a2ab7d0","name":"tainask","image":{"@type":"ImageObject","inLanguage":"fi","@id":"https:\/\/secure.gravatar.com\/avatar\/4a96427877ef826b76e80c27f60b266128094f522551459346efcf14282febb3?s=96&d=mm&r=g","url":"https:\/\/secure.gravatar.com\/avatar\/4a96427877ef826b76e80c27f60b266128094f522551459346efcf14282febb3?s=96&d=mm&r=g","contentUrl":"https:\/\/secure.gravatar.com\/avatar\/4a96427877ef826b76e80c27f60b266128094f522551459346efcf14282febb3?s=96&d=mm&r=g","caption":"tainask"},"url":"https:\/\/blogit.lab.fi\/labfocus\/author\/tainask\/"}]}},"_links":{"self":[{"href":"https:\/\/blogit.lab.fi\/labfocus\/wp-json\/wp\/v2\/posts\/13742","targetHints":{"allow":["GET"]}}],"collection":[{"href":"https:\/\/blogit.lab.fi\/labfocus\/wp-json\/wp\/v2\/posts"}],"about":[{"href":"https:\/\/blogit.lab.fi\/labfocus\/wp-json\/wp\/v2\/types\/post"}],"author":[{"embeddable":true,"href":"https:\/\/blogit.lab.fi\/labfocus\/wp-json\/wp\/v2\/users\/17"}],"replies":[{"embeddable":true,"href":"https:\/\/blogit.lab.fi\/labfocus\/wp-json\/wp\/v2\/comments?post=13742"}],"version-history":[{"count":2,"href":"https:\/\/blogit.lab.fi\/labfocus\/wp-json\/wp\/v2\/posts\/13742\/revisions"}],"predecessor-version":[{"id":13745,"href":"https:\/\/blogit.lab.fi\/labfocus\/wp-json\/wp\/v2\/posts\/13742\/revisions\/13745"}],"wp:featuredmedia":[{"embeddable":true,"href":"https:\/\/blogit.lab.fi\/labfocus\/wp-json\/wp\/v2\/media\/13743"}],"wp:attachment":[{"href":"https:\/\/blogit.lab.fi\/labfocus\/wp-json\/wp\/v2\/media?parent=13742"}],"wp:term":[{"taxonomy":"category","embeddable":true,"href":"https:\/\/blogit.lab.fi\/labfocus\/wp-json\/wp\/v2\/categories?post=13742"},{"taxonomy":"post_tag","embeddable":true,"href":"https:\/\/blogit.lab.fi\/labfocus\/wp-json\/wp\/v2\/tags?post=13742"}],"curies":[{"name":"wp","href":"https:\/\/api.w.org\/{rel}","templated":true}]}}