{"id":13781,"date":"2023-06-14T10:16:16","date_gmt":"2023-06-14T07:16:16","guid":{"rendered":"https:\/\/blogit.lab.fi\/labfocus\/?p=13781"},"modified":"2023-09-22T14:15:37","modified_gmt":"2023-09-22T11:15:37","slug":"ikaantymista-palvelevaa-liiketoimintaa-tarvitaan-lisaa","status":"publish","type":"post","link":"https:\/\/blogit.lab.fi\/labfocus\/ikaantymista-palvelevaa-liiketoimintaa-tarvitaan-lisaa\/","title":{"rendered":"Ik\u00e4\u00e4ntymist\u00e4 palvelevaa liiketoimintaa tarvitaan lis\u00e4\u00e4"},"content":{"rendered":"\n<p>V\u00e4est\u00f6 ik\u00e4\u00e4ntyy, mik\u00e4 lis\u00e4\u00e4 painetta hyvinvointialan palveluiden tuottamiselle. Samaan aikaan hyvinvoinnista on tullut megatrendi. Ihmisten arvostus omaa ja l\u00e4heisten hyvinvointia kohtaan on lis\u00e4\u00e4ntynyt. Hyvinvointialan palveluiden kysynt\u00e4 on kasvanut, ja sote-uudistuksen my\u00f6t\u00e4 markkinat ovat vapautuneet.<\/p>\n\n\n\n<p>Hyvinvointialan palveluita tuottavat julkinen, yksityinen ja kolmas sektori. Ne tekev\u00e4t yhteisty\u00f6t\u00e4 kesken\u00e4\u00e4n. Perinteisten palveluiden lis\u00e4ksi tarvitaan r\u00e4\u00e4t\u00e4l\u00f6ityj\u00e4 palveluita. Jokaisella sektorilla on oma, merkitt\u00e4v\u00e4 asemansa palveluiden tuottamisessa ja kehitt\u00e4misess\u00e4. (Heiskanen ym. 2007, 6.)<\/p>\n\n\n\n<h2 class=\"wp-block-heading\">Ik\u00e4\u00e4ntymisest\u00e4 liiketoimintaa<\/h2>\n\n\n\n<p>Osa Suomen t\u00e4m\u00e4n hetken kiinnostavimmista startup-yrityksist\u00e4 kehitt\u00e4\u00e4 palveluita nimenomaan ik\u00e4ihmisille (Talousel\u00e4m\u00e4 2023). My\u00f6s Helmchen ja Lampinen (2023, 24) ovat kiinnostuneita perustamaan yhteisen, hyvinvointialalle sijoittuvan yrityksen tulevaisuudessa. He selvittiv\u00e4t opinn\u00e4ytety\u00f6ss\u00e4\u00e4n p\u00e4ij\u00e4th\u00e4m\u00e4l\u00e4isi\u00e4 ik\u00e4\u00e4ntyneit\u00e4 ja heid\u00e4n l\u00e4heisi\u00e4\u00e4n palvelevan yritysideansa nykytilannetta ja jatkokehityskohteita. Idea syntyi ja konkretisoitui opintojen aikana.<\/p>\n\n\n\n<figure class=\"wp-block-image size-large\"><img loading=\"lazy\" decoding=\"async\" width=\"1024\" height=\"631\" src=\"https:\/\/blogit.lab.fi\/labfocus\/wp-content\/uploads\/sites\/8\/2023\/06\/435_2023_Ikaantymista-palvelevaa-liiketoimintaa-tarvitaan-lisaa-1024x631.jpg\" alt=\"\" class=\"wp-image-13783\" srcset=\"https:\/\/blogit.lab.fi\/labfocus\/wp-content\/uploads\/sites\/8\/2023\/06\/435_2023_Ikaantymista-palvelevaa-liiketoimintaa-tarvitaan-lisaa-1024x631.jpg 1024w, https:\/\/blogit.lab.fi\/labfocus\/wp-content\/uploads\/sites\/8\/2023\/06\/435_2023_Ikaantymista-palvelevaa-liiketoimintaa-tarvitaan-lisaa-300x185.jpg 300w, https:\/\/blogit.lab.fi\/labfocus\/wp-content\/uploads\/sites\/8\/2023\/06\/435_2023_Ikaantymista-palvelevaa-liiketoimintaa-tarvitaan-lisaa-768x473.jpg 768w, https:\/\/blogit.lab.fi\/labfocus\/wp-content\/uploads\/sites\/8\/2023\/06\/435_2023_Ikaantymista-palvelevaa-liiketoimintaa-tarvitaan-lisaa-570x350.jpg 570w, https:\/\/blogit.lab.fi\/labfocus\/wp-content\/uploads\/sites\/8\/2023\/06\/435_2023_Ikaantymista-palvelevaa-liiketoimintaa-tarvitaan-lisaa.jpg 1280w\" sizes=\"auto, (max-width: 1024px) 100vw, 1024px\" \/><figcaption class=\"wp-element-caption\">Kuva 1. Digitaaliset palvelut eiv\u00e4t korvaa aitoa l\u00e4sn\u00e4oloa. (sabinevanerp 017)<\/figcaption><\/figure>\n\n\n\n<p>Suunnitteilla olevan yrityksen tarkoituksena on palvella ik\u00e4\u00e4ntynytt\u00e4 v\u00e4est\u00f6\u00e4 tukemalla heid\u00e4n kotona el\u00e4mist\u00e4\u00e4n. Yritys huomioi asiakkaan yksil\u00f6lliset tarpeet ja palveluita toteutetaan joustavasti sek\u00e4 asiakkaan luona ett\u00e4 et\u00e4palveluina. Digitalisaatio antaa yritystoiminnalle mahdollisuuksia, mutta ei silti korvaa aitoa l\u00e4sn\u00e4oloa. Tavoitteena on r\u00e4\u00e4t\u00e4l\u00f6id\u00e4 palvelut yhteisty\u00f6ss\u00e4 asiakkaan ja h\u00e4nen l\u00e4heistens\u00e4 kanssa. Sujuvan yhteisty\u00f6n taustalla ovat avoin keskusteluyhteys, ymm\u00e4rrys ja luottamus. (Helmchen &amp; Lampinen 2023, 24\u201325, 53.)<\/p>\n\n\n\n<p>Helmchenin ja Lampisen (2023, 24) kohdalla jaettu mielenkiinto ja intohimo hyvinvointialaa ja yritt\u00e4jyytt\u00e4 kohtaan ovat yritysidean mahdollisuus ja l\u00e4ht\u00f6kohta. Perustajaj\u00e4senten arvot ohjaavat yrityksen toimintaa. T\u00e4rkeimmiksi arvoiksi palveluiden tuottamisessa ja kehitt\u00e4misess\u00e4 on valittu<\/p>\n\n\n\n<ul class=\"wp-block-list\">\n<li>vastuullisuus<\/li>\n\n\n\n<li>luotettavuus<\/li>\n\n\n\n<li>yksil\u00f6n itsem\u00e4\u00e4r\u00e4\u00e4misoikeus<\/li>\n\n\n\n<li>arvostava kohtaaminen.&nbsp;<\/li>\n<\/ul>\n\n\n\n<p>Sote-uudistuksen my\u00f6t\u00e4 P\u00e4ij\u00e4t-Sote tuottaa sosiaali- ja terveydenhuollon sek\u00e4 pelastustoimen palveluita P\u00e4ij\u00e4t-H\u00e4meen hyvinvointialueen asukkaille. Ik\u00e4\u00e4ntyvien palveluiden asiakasohjaus on keskitetty ja asiakasohjauksesta vastaa Luona. Yrityksen perustamisen j\u00e4lkeen my\u00f6s Helmchenin ja Lampisen yrityksen palvelut l\u00f6ytyv\u00e4t Luonan sivuilta.<\/p>\n\n\n\n<p><a href=\"https:\/\/luona.fi\/luona-kotona\" target=\"_blank\" rel=\"noreferrer noopener\">Linkki Luonan sivuille<\/a>. (Linkki 1)<\/p>\n\n\n\n<p>Tulevat yritt\u00e4j\u00e4t ovat sopineet, ett\u00e4 liikeidealle ja liiketoimintamallille annetaan mahdollisuus kehitty\u00e4 kokemusten my\u00f6t\u00e4.<\/p>\n\n\n\n<div class=\"wp-block-group has-background\" style=\"background-color:#b3edfb\"><div class=\"wp-block-group__inner-container is-layout-constrained wp-block-group-is-layout-constrained\">\n<p>Kirjoittajat<\/p>\n\n\n\n<p><strong>Salla Lampinen<\/strong> on valmistumassa tradenomiksi LAB-ammattikorkeakoulusta.<\/p>\n\n\n\n<p><strong>Sari Suominen<\/strong>&nbsp;toimii johtamisen ja yritt\u00e4jyyden lehtorina LAB-ammattikorkeakoulun Liiketoiminta-yksik\u00f6ss\u00e4 Lahdessa.<\/p>\n<\/div><\/div>\n\n\n\n<h2 class=\"wp-block-heading\">L\u00e4hteet<\/h2>\n\n\n\n<p>Heiskanen, U., Jumppanen, A. &amp; Tr\u00e4sk, M. 2007. Hyvinvointialan nykytila ja tulevaisuus Etel\u00e4-Pohjanmaalla \u2013 Maakunnallinen tarve- ja kehitt\u00e4misselvitys. Helsingin yliopisto, Ruralia-instituutti. Julkaisuja 11. Viitattu 26.5.2023. Saatavissa <a href=\"https:\/\/helda.helsinki.fi\/bitstream\/handle\/10138\/17923\/Julkaisuja11.pdf?sequence=1&amp;isAllowed=y\" target=\"_blank\" rel=\"noreferrer noopener\">https:\/\/helda.helsinki.fi\/bitstream\/handle\/10138\/17923\/Julkaisuja11.pdf?sequence=1&amp;isAllowed=y<\/a><\/p>\n\n\n\n<p>Helmchen, S. &amp; Lampinen, S. 2023. V\u00e4est\u00f6n ik\u00e4\u00e4ntymist\u00e4 palvelevan uuden liikeidean mahdollisuudet ja uhat. Case: Hyvinvointialan startup-yritys. AMK-opinn\u00e4ytety\u00f6. LAB-ammattikorkeakoulu, liiketalouden ala. Lahti. Viitattu 28.5.2023. Saatavissa rajoitetusti <a href=\"https:\/\/urn.fi\/URN:NBN:fi:amk-2023053116558\" target=\"_blank\" rel=\"noreferrer noopener\">https:\/\/urn.fi\/URN:NBN:fi:amk-2023053116558<\/a><\/p>\n\n\n\n<p>sabinevanerp. 2017. van Erp, S. K\u00e4det, vanha, vanhuus, vanhukset. Pixabay. Viitattu 26.5.2023. Saatavissa <a href=\"https:\/\/pixabay.com\/fi\/photos\/k%c3%a4det-vanha-vanhuus-vanhukset-2906458\/\" target=\"_blank\" rel=\"noreferrer noopener\">https:\/\/pixabay.com\/fi\/photos\/k%c3%a4det-vanha-vanhuus-vanhukset-2906458\/<\/a><\/p>\n\n\n\n<p>Talousel\u00e4m\u00e4. 2023. T\u00e4ss\u00e4 ovat Talousel\u00e4m\u00e4n 10 lupaavinta startupia \u2013 Mukana yksi tuttu ja yhdeks\u00e4n t\u00e4ysin uutta yrityst\u00e4.Viitattu 26.5.2023. Saatavissa rajoitetusti <a href=\"https:\/\/www.talouselama.fi\/uutiset\/tassa-ovat-talouselaman-10-lupaavinta-startupia-mukana-yksi-tuttu-ja-yhdeksan-taysin-uutta-yritysta\/b09366e4-b898-4bce-887a-028f5bcf15db\" target=\"_blank\" rel=\"noreferrer noopener\">https:\/\/www.talouselama.fi\/uutiset\/tassa-ovat-talouselaman-10-lupaavinta-startupia-mukana-yksi-tuttu-ja-yhdeksan-taysin-uutta-yritysta\/b09366e4-b898-4bce-887a-028f5bcf15db<\/a><\/p>\n\n\n\n<h2 class=\"wp-block-heading\">Linkit<\/h2>\n\n\n\n<p>Linkki 1. Luona Kotona. 2023. Meid\u00e4n luona ollaan hyviss\u00e4 k\u00e4siss\u00e4. Kun tarvitaan apua ja tukea. Viitattu 4.6.2023. Saatavissa <a href=\"https:\/\/luona.fi\/luona-kotona\" target=\"_blank\" rel=\"noreferrer noopener\">https:\/\/luona.fi\/luona-kotona<\/a><\/p>\n","protected":false},"excerpt":{"rendered":"<p>V\u00e4est\u00f6 ik\u00e4\u00e4ntyy, mik\u00e4 lis\u00e4\u00e4 painetta hyvinvointialan palveluiden tuottamiselle. Samaan aikaan hyvinvoinnista on tullut megatrendi. Ihmisten arvostus omaa ja l\u00e4heisten hyvinvointia kohtaan on lis\u00e4\u00e4ntynyt. Hyvinvointialan palveluiden kysynt\u00e4 on kasvanut, ja sote-uudistuksen my\u00f6t\u00e4 markkinat ovat vapautuneet. Hyvinvointialan palveluita tuottavat julkinen, yksityinen ja kolmas sektori. Ne tekev\u00e4t yhteisty\u00f6t\u00e4 kesken\u00e4\u00e4n. Perinteisten palveluiden lis\u00e4ksi tarvitaan r\u00e4\u00e4t\u00e4l\u00f6ityj\u00e4 palveluita. Jokaisella sektorilla on [&hellip;]<\/p>\n","protected":false},"author":17,"featured_media":13783,"comment_status":"closed","ping_status":"open","sticky":false,"template":"","format":"standard","meta":{"footnotes":""},"categories":[15],"tags":[29,6386,1120,203],"class_list":{"0":"post-13781","1":"post","2":"type-post","3":"status-publish","4":"format-standard","5":"has-post-thumbnail","7":"category-health_fi","8":"tag-artikkeli-e1","9":"tag-hyvinvointipalvelut","10":"tag-ikaantyminen","11":"tag-yrittajyys","12":"czr-hentry"},"yoast_head":"<!-- This site is optimized with the Yoast SEO plugin v27.4 - https:\/\/yoast.com\/product\/yoast-seo-wordpress\/ -->\n<title>Ik\u00e4\u00e4ntymist\u00e4 palvelevaa liiketoimintaa tarvitaan lis\u00e4\u00e4 - LAB Focus<\/title>\n<meta name=\"description\" content=\"Palvelua ja hoivaa tarjoavia yrityksi\u00e4 tarvitaan yh\u00e4 enemm\u00e4n. Opinn\u00e4ytety\u00f6 antoi pohjaa oman yrityksen k\u00e4ynnist\u00e4miseen. LAB-ammattikorkeakoulu.\" \/>\n<meta name=\"robots\" content=\"index, follow, max-snippet:-1, max-image-preview:large, max-video-preview:-1\" \/>\n<link rel=\"canonical\" href=\"https:\/\/blogit.lab.fi\/labfocus\/ikaantymista-palvelevaa-liiketoimintaa-tarvitaan-lisaa\/\" \/>\n<meta property=\"og:locale\" content=\"fi_FI\" \/>\n<meta property=\"og:type\" content=\"article\" \/>\n<meta property=\"og:title\" content=\"Ik\u00e4\u00e4ntymist\u00e4 palvelevaa liiketoimintaa tarvitaan lis\u00e4\u00e4 - LAB Focus\" \/>\n<meta property=\"og:description\" content=\"Palvelua ja hoivaa tarjoavia yrityksi\u00e4 tarvitaan yh\u00e4 enemm\u00e4n. Opinn\u00e4ytety\u00f6 antoi pohjaa oman yrityksen k\u00e4ynnist\u00e4miseen. LAB-ammattikorkeakoulu.\" \/>\n<meta property=\"og:url\" content=\"https:\/\/blogit.lab.fi\/labfocus\/ikaantymista-palvelevaa-liiketoimintaa-tarvitaan-lisaa\/\" \/>\n<meta property=\"og:site_name\" content=\"LAB Focus\" \/>\n<meta property=\"article:published_time\" content=\"2023-06-14T07:16:16+00:00\" \/>\n<meta property=\"article:modified_time\" content=\"2023-09-22T11:15:37+00:00\" \/>\n<meta property=\"og:image\" content=\"https:\/\/blogit.lab.fi\/labfocus\/wp-content\/uploads\/sites\/8\/2023\/06\/435_2023_Ikaantymista-palvelevaa-liiketoimintaa-tarvitaan-lisaa.jpg\" \/>\n\t<meta property=\"og:image:width\" content=\"1280\" \/>\n\t<meta property=\"og:image:height\" content=\"789\" \/>\n\t<meta property=\"og:image:type\" content=\"image\/jpeg\" \/>\n<meta name=\"author\" content=\"tainask\" \/>\n<meta name=\"twitter:card\" content=\"summary_large_image\" \/>\n<meta name=\"twitter:creator\" content=\"@LABfinland\" \/>\n<meta name=\"twitter:site\" content=\"@LABfinland\" \/>\n<meta name=\"twitter:label1\" content=\"Kirjoittanut\" \/>\n\t<meta name=\"twitter:data1\" content=\"tainask\" \/>\n\t<meta name=\"twitter:label2\" content=\"Arvioitu lukuaika\" \/>\n\t<meta name=\"twitter:data2\" content=\"3 minuuttia\" \/>\n<script type=\"application\/ld+json\" class=\"yoast-schema-graph\">{\"@context\":\"https:\\\/\\\/schema.org\",\"@graph\":[{\"@type\":\"Article\",\"@id\":\"https:\\\/\\\/blogit.lab.fi\\\/labfocus\\\/ikaantymista-palvelevaa-liiketoimintaa-tarvitaan-lisaa\\\/#article\",\"isPartOf\":{\"@id\":\"https:\\\/\\\/blogit.lab.fi\\\/labfocus\\\/ikaantymista-palvelevaa-liiketoimintaa-tarvitaan-lisaa\\\/\"},\"author\":{\"name\":\"tainask\",\"@id\":\"https:\\\/\\\/blogit.lab.fi\\\/labfocus\\\/#\\\/schema\\\/person\\\/da729f65c4a2fb9fd8f0b1ec7a2ab7d0\"},\"headline\":\"Ik\u00e4\u00e4ntymist\u00e4 palvelevaa liiketoimintaa tarvitaan lis\u00e4\u00e4\",\"datePublished\":\"2023-06-14T07:16:16+00:00\",\"dateModified\":\"2023-09-22T11:15:37+00:00\",\"mainEntityOfPage\":{\"@id\":\"https:\\\/\\\/blogit.lab.fi\\\/labfocus\\\/ikaantymista-palvelevaa-liiketoimintaa-tarvitaan-lisaa\\\/\"},\"wordCount\":520,\"publisher\":{\"@id\":\"https:\\\/\\\/blogit.lab.fi\\\/labfocus\\\/#organization\"},\"image\":{\"@id\":\"https:\\\/\\\/blogit.lab.fi\\\/labfocus\\\/ikaantymista-palvelevaa-liiketoimintaa-tarvitaan-lisaa\\\/#primaryimage\"},\"thumbnailUrl\":\"https:\\\/\\\/blogit.lab.fi\\\/labfocus\\\/wp-content\\\/uploads\\\/sites\\\/8\\\/2023\\\/06\\\/435_2023_Ikaantymista-palvelevaa-liiketoimintaa-tarvitaan-lisaa.jpg\",\"keywords\":[\"Artikkeli E1\",\"hyvinvointipalvelut\",\"ik\u00e4\u00e4ntyminen\",\"yritt\u00e4jyys\"],\"articleSection\":[\"Health\"],\"inLanguage\":\"fi\"},{\"@type\":\"WebPage\",\"@id\":\"https:\\\/\\\/blogit.lab.fi\\\/labfocus\\\/ikaantymista-palvelevaa-liiketoimintaa-tarvitaan-lisaa\\\/\",\"url\":\"https:\\\/\\\/blogit.lab.fi\\\/labfocus\\\/ikaantymista-palvelevaa-liiketoimintaa-tarvitaan-lisaa\\\/\",\"name\":\"Ik\u00e4\u00e4ntymist\u00e4 palvelevaa liiketoimintaa tarvitaan lis\u00e4\u00e4 - LAB Focus\",\"isPartOf\":{\"@id\":\"https:\\\/\\\/blogit.lab.fi\\\/labfocus\\\/#website\"},\"primaryImageOfPage\":{\"@id\":\"https:\\\/\\\/blogit.lab.fi\\\/labfocus\\\/ikaantymista-palvelevaa-liiketoimintaa-tarvitaan-lisaa\\\/#primaryimage\"},\"image\":{\"@id\":\"https:\\\/\\\/blogit.lab.fi\\\/labfocus\\\/ikaantymista-palvelevaa-liiketoimintaa-tarvitaan-lisaa\\\/#primaryimage\"},\"thumbnailUrl\":\"https:\\\/\\\/blogit.lab.fi\\\/labfocus\\\/wp-content\\\/uploads\\\/sites\\\/8\\\/2023\\\/06\\\/435_2023_Ikaantymista-palvelevaa-liiketoimintaa-tarvitaan-lisaa.jpg\",\"datePublished\":\"2023-06-14T07:16:16+00:00\",\"dateModified\":\"2023-09-22T11:15:37+00:00\",\"description\":\"Palvelua ja hoivaa tarjoavia yrityksi\u00e4 tarvitaan yh\u00e4 enemm\u00e4n. Opinn\u00e4ytety\u00f6 antoi pohjaa oman yrityksen k\u00e4ynnist\u00e4miseen. LAB-ammattikorkeakoulu.\",\"breadcrumb\":{\"@id\":\"https:\\\/\\\/blogit.lab.fi\\\/labfocus\\\/ikaantymista-palvelevaa-liiketoimintaa-tarvitaan-lisaa\\\/#breadcrumb\"},\"inLanguage\":\"fi\",\"potentialAction\":[{\"@type\":\"ReadAction\",\"target\":[\"https:\\\/\\\/blogit.lab.fi\\\/labfocus\\\/ikaantymista-palvelevaa-liiketoimintaa-tarvitaan-lisaa\\\/\"]}]},{\"@type\":\"ImageObject\",\"inLanguage\":\"fi\",\"@id\":\"https:\\\/\\\/blogit.lab.fi\\\/labfocus\\\/ikaantymista-palvelevaa-liiketoimintaa-tarvitaan-lisaa\\\/#primaryimage\",\"url\":\"https:\\\/\\\/blogit.lab.fi\\\/labfocus\\\/wp-content\\\/uploads\\\/sites\\\/8\\\/2023\\\/06\\\/435_2023_Ikaantymista-palvelevaa-liiketoimintaa-tarvitaan-lisaa.jpg\",\"contentUrl\":\"https:\\\/\\\/blogit.lab.fi\\\/labfocus\\\/wp-content\\\/uploads\\\/sites\\\/8\\\/2023\\\/06\\\/435_2023_Ikaantymista-palvelevaa-liiketoimintaa-tarvitaan-lisaa.jpg\",\"width\":1280,\"height\":789},{\"@type\":\"BreadcrumbList\",\"@id\":\"https:\\\/\\\/blogit.lab.fi\\\/labfocus\\\/ikaantymista-palvelevaa-liiketoimintaa-tarvitaan-lisaa\\\/#breadcrumb\",\"itemListElement\":[{\"@type\":\"ListItem\",\"position\":1,\"name\":\"Home\",\"item\":\"https:\\\/\\\/blogit.lab.fi\\\/labfocus\\\/\"},{\"@type\":\"ListItem\",\"position\":2,\"name\":\"Ik\u00e4\u00e4ntymist\u00e4 palvelevaa liiketoimintaa tarvitaan lis\u00e4\u00e4\"}]},{\"@type\":\"WebSite\",\"@id\":\"https:\\\/\\\/blogit.lab.fi\\\/labfocus\\\/#website\",\"url\":\"https:\\\/\\\/blogit.lab.fi\\\/labfocus\\\/\",\"name\":\"LAB Focus\",\"description\":\"Focus Area blog | LAB University of Applied Sciences\",\"publisher\":{\"@id\":\"https:\\\/\\\/blogit.lab.fi\\\/labfocus\\\/#organization\"},\"potentialAction\":[{\"@type\":\"SearchAction\",\"target\":{\"@type\":\"EntryPoint\",\"urlTemplate\":\"https:\\\/\\\/blogit.lab.fi\\\/labfocus\\\/?s={search_term_string}\"},\"query-input\":{\"@type\":\"PropertyValueSpecification\",\"valueRequired\":true,\"valueName\":\"search_term_string\"}}],\"inLanguage\":\"fi\"},{\"@type\":\"Organization\",\"@id\":\"https:\\\/\\\/blogit.lab.fi\\\/labfocus\\\/#organization\",\"name\":\"LAB Focus\",\"url\":\"https:\\\/\\\/blogit.lab.fi\\\/labfocus\\\/\",\"logo\":{\"@type\":\"ImageObject\",\"inLanguage\":\"fi\",\"@id\":\"https:\\\/\\\/blogit.lab.fi\\\/labfocus\\\/#\\\/schema\\\/logo\\\/image\\\/\",\"url\":\"https:\\\/\\\/blogit.lab.fi\\\/labfocus\\\/wp-content\\\/uploads\\\/sites\\\/8\\\/2020\\\/04\\\/cropped-cropped-tunnus_blogi-01.png\",\"contentUrl\":\"https:\\\/\\\/blogit.lab.fi\\\/labfocus\\\/wp-content\\\/uploads\\\/sites\\\/8\\\/2020\\\/04\\\/cropped-cropped-tunnus_blogi-01.png\",\"width\":1342,\"height\":288,\"caption\":\"LAB Focus\"},\"image\":{\"@id\":\"https:\\\/\\\/blogit.lab.fi\\\/labfocus\\\/#\\\/schema\\\/logo\\\/image\\\/\"},\"sameAs\":[\"https:\\\/\\\/x.com\\\/LABfinland\"]},{\"@type\":\"Person\",\"@id\":\"https:\\\/\\\/blogit.lab.fi\\\/labfocus\\\/#\\\/schema\\\/person\\\/da729f65c4a2fb9fd8f0b1ec7a2ab7d0\",\"name\":\"tainask\",\"image\":{\"@type\":\"ImageObject\",\"inLanguage\":\"fi\",\"@id\":\"https:\\\/\\\/secure.gravatar.com\\\/avatar\\\/4a96427877ef826b76e80c27f60b266128094f522551459346efcf14282febb3?s=96&d=mm&r=g\",\"url\":\"https:\\\/\\\/secure.gravatar.com\\\/avatar\\\/4a96427877ef826b76e80c27f60b266128094f522551459346efcf14282febb3?s=96&d=mm&r=g\",\"contentUrl\":\"https:\\\/\\\/secure.gravatar.com\\\/avatar\\\/4a96427877ef826b76e80c27f60b266128094f522551459346efcf14282febb3?s=96&d=mm&r=g\",\"caption\":\"tainask\"},\"url\":\"https:\\\/\\\/blogit.lab.fi\\\/labfocus\\\/author\\\/tainask\\\/\"}]}<\/script>\n<!-- \/ Yoast SEO plugin. -->","yoast_head_json":{"title":"Ik\u00e4\u00e4ntymist\u00e4 palvelevaa liiketoimintaa tarvitaan lis\u00e4\u00e4 - LAB Focus","description":"Palvelua ja hoivaa tarjoavia yrityksi\u00e4 tarvitaan yh\u00e4 enemm\u00e4n. Opinn\u00e4ytety\u00f6 antoi pohjaa oman yrityksen k\u00e4ynnist\u00e4miseen. LAB-ammattikorkeakoulu.","robots":{"index":"index","follow":"follow","max-snippet":"max-snippet:-1","max-image-preview":"max-image-preview:large","max-video-preview":"max-video-preview:-1"},"canonical":"https:\/\/blogit.lab.fi\/labfocus\/ikaantymista-palvelevaa-liiketoimintaa-tarvitaan-lisaa\/","og_locale":"fi_FI","og_type":"article","og_title":"Ik\u00e4\u00e4ntymist\u00e4 palvelevaa liiketoimintaa tarvitaan lis\u00e4\u00e4 - LAB Focus","og_description":"Palvelua ja hoivaa tarjoavia yrityksi\u00e4 tarvitaan yh\u00e4 enemm\u00e4n. Opinn\u00e4ytety\u00f6 antoi pohjaa oman yrityksen k\u00e4ynnist\u00e4miseen. LAB-ammattikorkeakoulu.","og_url":"https:\/\/blogit.lab.fi\/labfocus\/ikaantymista-palvelevaa-liiketoimintaa-tarvitaan-lisaa\/","og_site_name":"LAB Focus","article_published_time":"2023-06-14T07:16:16+00:00","article_modified_time":"2023-09-22T11:15:37+00:00","og_image":[{"width":1280,"height":789,"url":"https:\/\/blogit.lab.fi\/labfocus\/wp-content\/uploads\/sites\/8\/2023\/06\/435_2023_Ikaantymista-palvelevaa-liiketoimintaa-tarvitaan-lisaa.jpg","type":"image\/jpeg"}],"author":"tainask","twitter_card":"summary_large_image","twitter_creator":"@LABfinland","twitter_site":"@LABfinland","twitter_misc":{"Kirjoittanut":"tainask","Arvioitu lukuaika":"3 minuuttia"},"schema":{"@context":"https:\/\/schema.org","@graph":[{"@type":"Article","@id":"https:\/\/blogit.lab.fi\/labfocus\/ikaantymista-palvelevaa-liiketoimintaa-tarvitaan-lisaa\/#article","isPartOf":{"@id":"https:\/\/blogit.lab.fi\/labfocus\/ikaantymista-palvelevaa-liiketoimintaa-tarvitaan-lisaa\/"},"author":{"name":"tainask","@id":"https:\/\/blogit.lab.fi\/labfocus\/#\/schema\/person\/da729f65c4a2fb9fd8f0b1ec7a2ab7d0"},"headline":"Ik\u00e4\u00e4ntymist\u00e4 palvelevaa liiketoimintaa tarvitaan lis\u00e4\u00e4","datePublished":"2023-06-14T07:16:16+00:00","dateModified":"2023-09-22T11:15:37+00:00","mainEntityOfPage":{"@id":"https:\/\/blogit.lab.fi\/labfocus\/ikaantymista-palvelevaa-liiketoimintaa-tarvitaan-lisaa\/"},"wordCount":520,"publisher":{"@id":"https:\/\/blogit.lab.fi\/labfocus\/#organization"},"image":{"@id":"https:\/\/blogit.lab.fi\/labfocus\/ikaantymista-palvelevaa-liiketoimintaa-tarvitaan-lisaa\/#primaryimage"},"thumbnailUrl":"https:\/\/blogit.lab.fi\/labfocus\/wp-content\/uploads\/sites\/8\/2023\/06\/435_2023_Ikaantymista-palvelevaa-liiketoimintaa-tarvitaan-lisaa.jpg","keywords":["Artikkeli E1","hyvinvointipalvelut","ik\u00e4\u00e4ntyminen","yritt\u00e4jyys"],"articleSection":["Health"],"inLanguage":"fi"},{"@type":"WebPage","@id":"https:\/\/blogit.lab.fi\/labfocus\/ikaantymista-palvelevaa-liiketoimintaa-tarvitaan-lisaa\/","url":"https:\/\/blogit.lab.fi\/labfocus\/ikaantymista-palvelevaa-liiketoimintaa-tarvitaan-lisaa\/","name":"Ik\u00e4\u00e4ntymist\u00e4 palvelevaa liiketoimintaa tarvitaan lis\u00e4\u00e4 - LAB Focus","isPartOf":{"@id":"https:\/\/blogit.lab.fi\/labfocus\/#website"},"primaryImageOfPage":{"@id":"https:\/\/blogit.lab.fi\/labfocus\/ikaantymista-palvelevaa-liiketoimintaa-tarvitaan-lisaa\/#primaryimage"},"image":{"@id":"https:\/\/blogit.lab.fi\/labfocus\/ikaantymista-palvelevaa-liiketoimintaa-tarvitaan-lisaa\/#primaryimage"},"thumbnailUrl":"https:\/\/blogit.lab.fi\/labfocus\/wp-content\/uploads\/sites\/8\/2023\/06\/435_2023_Ikaantymista-palvelevaa-liiketoimintaa-tarvitaan-lisaa.jpg","datePublished":"2023-06-14T07:16:16+00:00","dateModified":"2023-09-22T11:15:37+00:00","description":"Palvelua ja hoivaa tarjoavia yrityksi\u00e4 tarvitaan yh\u00e4 enemm\u00e4n. Opinn\u00e4ytety\u00f6 antoi pohjaa oman yrityksen k\u00e4ynnist\u00e4miseen. LAB-ammattikorkeakoulu.","breadcrumb":{"@id":"https:\/\/blogit.lab.fi\/labfocus\/ikaantymista-palvelevaa-liiketoimintaa-tarvitaan-lisaa\/#breadcrumb"},"inLanguage":"fi","potentialAction":[{"@type":"ReadAction","target":["https:\/\/blogit.lab.fi\/labfocus\/ikaantymista-palvelevaa-liiketoimintaa-tarvitaan-lisaa\/"]}]},{"@type":"ImageObject","inLanguage":"fi","@id":"https:\/\/blogit.lab.fi\/labfocus\/ikaantymista-palvelevaa-liiketoimintaa-tarvitaan-lisaa\/#primaryimage","url":"https:\/\/blogit.lab.fi\/labfocus\/wp-content\/uploads\/sites\/8\/2023\/06\/435_2023_Ikaantymista-palvelevaa-liiketoimintaa-tarvitaan-lisaa.jpg","contentUrl":"https:\/\/blogit.lab.fi\/labfocus\/wp-content\/uploads\/sites\/8\/2023\/06\/435_2023_Ikaantymista-palvelevaa-liiketoimintaa-tarvitaan-lisaa.jpg","width":1280,"height":789},{"@type":"BreadcrumbList","@id":"https:\/\/blogit.lab.fi\/labfocus\/ikaantymista-palvelevaa-liiketoimintaa-tarvitaan-lisaa\/#breadcrumb","itemListElement":[{"@type":"ListItem","position":1,"name":"Home","item":"https:\/\/blogit.lab.fi\/labfocus\/"},{"@type":"ListItem","position":2,"name":"Ik\u00e4\u00e4ntymist\u00e4 palvelevaa liiketoimintaa tarvitaan lis\u00e4\u00e4"}]},{"@type":"WebSite","@id":"https:\/\/blogit.lab.fi\/labfocus\/#website","url":"https:\/\/blogit.lab.fi\/labfocus\/","name":"LAB Focus","description":"Focus Area blog | LAB University of Applied Sciences","publisher":{"@id":"https:\/\/blogit.lab.fi\/labfocus\/#organization"},"potentialAction":[{"@type":"SearchAction","target":{"@type":"EntryPoint","urlTemplate":"https:\/\/blogit.lab.fi\/labfocus\/?s={search_term_string}"},"query-input":{"@type":"PropertyValueSpecification","valueRequired":true,"valueName":"search_term_string"}}],"inLanguage":"fi"},{"@type":"Organization","@id":"https:\/\/blogit.lab.fi\/labfocus\/#organization","name":"LAB Focus","url":"https:\/\/blogit.lab.fi\/labfocus\/","logo":{"@type":"ImageObject","inLanguage":"fi","@id":"https:\/\/blogit.lab.fi\/labfocus\/#\/schema\/logo\/image\/","url":"https:\/\/blogit.lab.fi\/labfocus\/wp-content\/uploads\/sites\/8\/2020\/04\/cropped-cropped-tunnus_blogi-01.png","contentUrl":"https:\/\/blogit.lab.fi\/labfocus\/wp-content\/uploads\/sites\/8\/2020\/04\/cropped-cropped-tunnus_blogi-01.png","width":1342,"height":288,"caption":"LAB Focus"},"image":{"@id":"https:\/\/blogit.lab.fi\/labfocus\/#\/schema\/logo\/image\/"},"sameAs":["https:\/\/x.com\/LABfinland"]},{"@type":"Person","@id":"https:\/\/blogit.lab.fi\/labfocus\/#\/schema\/person\/da729f65c4a2fb9fd8f0b1ec7a2ab7d0","name":"tainask","image":{"@type":"ImageObject","inLanguage":"fi","@id":"https:\/\/secure.gravatar.com\/avatar\/4a96427877ef826b76e80c27f60b266128094f522551459346efcf14282febb3?s=96&d=mm&r=g","url":"https:\/\/secure.gravatar.com\/avatar\/4a96427877ef826b76e80c27f60b266128094f522551459346efcf14282febb3?s=96&d=mm&r=g","contentUrl":"https:\/\/secure.gravatar.com\/avatar\/4a96427877ef826b76e80c27f60b266128094f522551459346efcf14282febb3?s=96&d=mm&r=g","caption":"tainask"},"url":"https:\/\/blogit.lab.fi\/labfocus\/author\/tainask\/"}]}},"_links":{"self":[{"href":"https:\/\/blogit.lab.fi\/labfocus\/wp-json\/wp\/v2\/posts\/13781","targetHints":{"allow":["GET"]}}],"collection":[{"href":"https:\/\/blogit.lab.fi\/labfocus\/wp-json\/wp\/v2\/posts"}],"about":[{"href":"https:\/\/blogit.lab.fi\/labfocus\/wp-json\/wp\/v2\/types\/post"}],"author":[{"embeddable":true,"href":"https:\/\/blogit.lab.fi\/labfocus\/wp-json\/wp\/v2\/users\/17"}],"replies":[{"embeddable":true,"href":"https:\/\/blogit.lab.fi\/labfocus\/wp-json\/wp\/v2\/comments?post=13781"}],"version-history":[{"count":2,"href":"https:\/\/blogit.lab.fi\/labfocus\/wp-json\/wp\/v2\/posts\/13781\/revisions"}],"predecessor-version":[{"id":13785,"href":"https:\/\/blogit.lab.fi\/labfocus\/wp-json\/wp\/v2\/posts\/13781\/revisions\/13785"}],"wp:featuredmedia":[{"embeddable":true,"href":"https:\/\/blogit.lab.fi\/labfocus\/wp-json\/wp\/v2\/media\/13783"}],"wp:attachment":[{"href":"https:\/\/blogit.lab.fi\/labfocus\/wp-json\/wp\/v2\/media?parent=13781"}],"wp:term":[{"taxonomy":"category","embeddable":true,"href":"https:\/\/blogit.lab.fi\/labfocus\/wp-json\/wp\/v2\/categories?post=13781"},{"taxonomy":"post_tag","embeddable":true,"href":"https:\/\/blogit.lab.fi\/labfocus\/wp-json\/wp\/v2\/tags?post=13781"}],"curies":[{"name":"wp","href":"https:\/\/api.w.org\/{rel}","templated":true}]}}