{"id":13798,"date":"2023-06-14T11:19:39","date_gmt":"2023-06-14T08:19:39","guid":{"rendered":"https:\/\/blogit.lab.fi\/labfocus\/?p=13798"},"modified":"2023-06-14T11:19:40","modified_gmt":"2023-06-14T08:19:40","slug":"moniammatillisen-yhteistyon-merkitys-ikaantyneiden-hoivapalveluissa","status":"publish","type":"post","link":"https:\/\/blogit.lab.fi\/labfocus\/moniammatillisen-yhteistyon-merkitys-ikaantyneiden-hoivapalveluissa\/","title":{"rendered":"Moniammatillisen yhteisty\u00f6n merkitys ik\u00e4\u00e4ntyneiden hoivapalveluissa"},"content":{"rendered":"\n<p>Moniammatillinen yhteisty\u00f6 asiakkaan verkostoon kuuluvien tahojen kanssa on keskeinen osa i\u00e4kk\u00e4\u00e4n asiakkaan toimintakyvyn tukemista (Suomen fysioterapeutit 2022). Ik\u00e4\u00e4ntyneiden ymp\u00e4rivuorokautisen hoidon yksik\u00f6iss\u00e4 hyv\u00e4 hoito perustuu asiakkaan toimintakykyyn sek\u00e4 sen arviointiin ja tukemiseen. Hoidon tavoitteena on asiakkaan hyv\u00e4 el\u00e4m\u00e4nlaatu ja omann\u00e4k\u00f6inen el\u00e4m\u00e4. Ymp\u00e4rivuorokautisen hoidon yksik\u00f6iss\u00e4 ty\u00f6skentelee eri alojen ammattilaisia, kuten esimerkiksi l\u00e4hi- ja sairaanhoitajia sek\u00e4 fysioterapeutti. Lis\u00e4ksi hyv\u00e4\u00e4n k\u00e4yt\u00e4nt\u00f6\u00f6n kuuluu, ett\u00e4 l\u00e4\u00e4k\u00e4ri k\u00e4y s\u00e4\u00e4nn\u00f6llisesti yksik\u00f6iss\u00e4. Asiakkaan voimavarojen tunnistaminen ja tukeminen toimii toimintakyky\u00e4 edist\u00e4v\u00e4n hoidon pohjana. (K\u00e4yp\u00e4 hoito 2016.)<\/p>\n\n\n\n<p>Asiakkaiden toimintakyvyn edist\u00e4minen ja yll\u00e4pit\u00e4minen vaatii kuntoutushenkil\u00f6st\u00f6n erityisosaamista. Asiakkaille tarvitaan kuntoutuspalveluita, jotka ovat oikea-aikaisia. Henkil\u00f6kunnan koulutusta tarvitaan lis\u00e4\u00e4 asiakasl\u00e4ht\u00f6iseen ja ik\u00e4\u00e4ntyneiden toimintakyky\u00e4 edist\u00e4v\u00e4\u00e4n toimintaan liittyen. (STM 2020, 47, 56, 57). Moniammatillisen yhteisty\u00f6n hy\u00f6tyj\u00e4 asiakkaalle ovat asiakkaan prosessin toimivuuden parantuminen tai nopeutuminen. Onnistuneella yhteisty\u00f6ll\u00e4 voidaan my\u00f6s parantaa ty\u00f6ntekij\u00e4n tunnekokemusta sek\u00e4 ymm\u00e4rryst\u00e4 asiakkaan asioista. N\u00e4m\u00e4 tukevat ty\u00f6ntekij\u00e4n ty\u00f6ss\u00e4 jaksamista. (Helin 2016.)<\/p>\n\n\n\n<h2 class=\"wp-block-heading\">Selke\u00e4t k\u00e4yt\u00e4nn\u00f6t tukevat moniammatillista yhteisty\u00f6t\u00e4<\/h2>\n\n\n\n<p>Kev\u00e4\u00e4ll\u00e4 2023 kehitettiin osana YAMK-opinn\u00e4ytety\u00f6t\u00e4 (Heimonen 2023) moniammatillisen yhteisty\u00f6n toimintamalli asiakasl\u00e4ht\u00f6isen hoidon tueksi ik\u00e4\u00e4ntyneiden hoivapalveluissa. Kartoitettavina olivat kahdessa organisaatiossa ty\u00f6skentelev\u00e4n hoitohenkil\u00f6kunnan sek\u00e4 fysioterapeuttien kokemukset ja n\u00e4kemykset moniammatillisesta yhteisty\u00f6st\u00e4 ymp\u00e4rivuorokautisen hoidon yksik\u00f6ss\u00e4. Tavoitteena oli selkeytt\u00e4\u00e4 yhteisty\u00f6t\u00e4 sek\u00e4 siihen liittyvi\u00e4 k\u00e4yt\u00e4nt\u00f6j\u00e4. Tietoa ker\u00e4ttiin kyselyn, kokeilevan toiminnan ja arvioinnin sek\u00e4 ty\u00f6pajaty\u00f6skentelyn keinoin. Kehitt\u00e4misty\u00f6ss\u00e4 koottiin henkil\u00f6kunnan ajatusten ja kokemusten pohjalta moniammatillisen yhteisty\u00f6n toimintamalli (Kuva 1), johon oli nostettu yhteisty\u00f6h\u00f6n liittyvi\u00e4 t\u00e4rkeit\u00e4 n\u00e4k\u00f6kulmia (Heimonen 2023).<\/p>\n\n\n\n<figure class=\"wp-block-image size-large\"><img loading=\"lazy\" decoding=\"async\" width=\"1024\" height=\"574\" src=\"https:\/\/blogit.lab.fi\/labfocus\/wp-content\/uploads\/sites\/8\/2023\/06\/439_2023_Moniammatillisen-yhteistyon-merkitys-ikaantyneiden-hoivapalveluissa-1024x574.png\" alt=\"[Alt-teksti: toimintamalli kaavakuvana, osia muun muassa aktiivinen keskustelu, asiakkaan hyvinvoinnin edist\u00e4minen sek\u00e4 viestint\u00e4 ja tiedonkulku.]\" class=\"wp-image-13800\" srcset=\"https:\/\/blogit.lab.fi\/labfocus\/wp-content\/uploads\/sites\/8\/2023\/06\/439_2023_Moniammatillisen-yhteistyon-merkitys-ikaantyneiden-hoivapalveluissa-1024x574.png 1024w, https:\/\/blogit.lab.fi\/labfocus\/wp-content\/uploads\/sites\/8\/2023\/06\/439_2023_Moniammatillisen-yhteistyon-merkitys-ikaantyneiden-hoivapalveluissa-300x168.png 300w, https:\/\/blogit.lab.fi\/labfocus\/wp-content\/uploads\/sites\/8\/2023\/06\/439_2023_Moniammatillisen-yhteistyon-merkitys-ikaantyneiden-hoivapalveluissa-768x431.png 768w, https:\/\/blogit.lab.fi\/labfocus\/wp-content\/uploads\/sites\/8\/2023\/06\/439_2023_Moniammatillisen-yhteistyon-merkitys-ikaantyneiden-hoivapalveluissa-570x320.png 570w, https:\/\/blogit.lab.fi\/labfocus\/wp-content\/uploads\/sites\/8\/2023\/06\/439_2023_Moniammatillisen-yhteistyon-merkitys-ikaantyneiden-hoivapalveluissa-528x297.png 528w, https:\/\/blogit.lab.fi\/labfocus\/wp-content\/uploads\/sites\/8\/2023\/06\/439_2023_Moniammatillisen-yhteistyon-merkitys-ikaantyneiden-hoivapalveluissa.png 1280w\" sizes=\"auto, (max-width: 1024px) 100vw, 1024px\" \/><figcaption class=\"wp-element-caption\">Kuva 1. Moniammatillisen yhteisty\u00f6n toimintamalli. (Heimonen 2023, 27)<\/figcaption><\/figure>\n\n\n\n<p>Yhteisty\u00f6keskustelun avaaminen koettiin t\u00e4rke\u00e4n\u00e4 kehitt\u00e4misty\u00f6ss\u00e4. Kehitt\u00e4misty\u00f6n n\u00e4hd\u00e4\u00e4n edist\u00e4neen vuorovaikutusta toimijoiden v\u00e4lill\u00e4. Toimivan yhteisty\u00f6n avulla voidaan parantaa hoidon laatua sek\u00e4 tukea paremmin asiakkaiden hyvinvointia ja toimintakyky\u00e4. Yhteinen toimintamalli yhten\u00e4ist\u00e4\u00e4 yhteisty\u00f6n k\u00e4yt\u00e4nt\u00f6j\u00e4 ja prosessia sek\u00e4 selkeytt\u00e4\u00e4 toimintaa. Ty\u00f6ntekij\u00f6it\u00e4 tulee organisaatioissa opastaa mallin k\u00e4ytt\u00f6\u00f6n v\u00e4hitellen.<\/p>\n\n\n\n<div class=\"wp-block-group has-background\" style=\"background-color:#b3edfb\"><div class=\"wp-block-group__inner-container is-layout-constrained wp-block-group-is-layout-constrained\">\n<p>Kirjoittajat<\/p>\n\n\n\n<p><strong>Eveliina Heimonen<\/strong> on sosiaali- ja terveysalan palvelumuotoilun YAMK-opiskelija LAB-ammattikorkeakoulussa sek\u00e4 fysioterapeutti.<\/p>\n\n\n\n<p><strong>Minna Mukka<\/strong> ty\u00f6skentelee terveysalan lehtorina sek\u00e4 kuntoutuksen ja liikunnan integraatio YAMK &#8211; koulutuksen koordinaattorina LAB-ammattikorkeakoulussa.<\/p>\n<\/div><\/div>\n\n\n\n<h2 class=\"wp-block-heading\">L\u00e4hteet<\/h2>\n\n\n\n<p>Heimonen, E. 2023. Moniammatillisen yhteisty\u00f6n toimintamalli asiakasl\u00e4ht\u00f6isen hoidon tueksi ik\u00e4\u00e4ntyneiden hoivapalveluihin. YAMK-opinn\u00e4ytety\u00f6, LAB-ammattikorkeakoulu, sosiaali- ja terveysalan palvelumuotoilu. Lahti. Viitattu 4.6.2023. Saatavissa <a href=\"https:\/\/urn.fi\/URN:NBN:fi:amk-2023053116790\" target=\"_blank\" rel=\"noreferrer noopener\">https:\/\/urn.fi\/URN:NBN:fi:amk-2023053116790<\/a><\/p>\n\n\n\n<p>Helin, R. 2016. Onnistunut moniammatillinen yhteisty\u00f6 terveyssosiaality\u00f6ntekij\u00f6iden kirjoituksissa. Pro gradu -tutkielma. Tampereen yliopisto.Viitattu 4.6.2023. Saatavissa <a href=\"https:\/\/trepo.tuni.fi\/bitstream\/handle\/10024\/99089\/GRADU-1464349049.pdf?sequence=1&amp;isAllowed=y\" target=\"_blank\" rel=\"noreferrer noopener\">https:\/\/trepo.tuni.fi\/bitstream\/handle\/10024\/99089\/GRADU-1464349049.pdf?sequence=1&amp;isAllowed=y<\/a><\/p>\n\n\n\n<p>K\u00e4yp\u00e4 hoito. 2016. Hyv\u00e4 ymp\u00e4rivuorokautinen hoito. Duodecim. Viitattu 4.6.2023. Saatavissa <a href=\"https:\/\/www.kaypahoito.fi\/nix01676\" target=\"_blank\" rel=\"noreferrer noopener\">https:\/\/www.kaypahoito.fi\/nix01676<\/a><\/p>\n\n\n\n<p>STM. 2020. Laatusuositus hyv\u00e4n ik\u00e4\u00e4ntymisen turvaamiseksi ja palvelun laadun parantamiseksi 2020\u20132023. Tavoitteena ik\u00e4yst\u00e4v\u00e4llinen Suomi. Sosiaali- ja terveysministeri\u00f6n julkaisu. Viitattu 4.6.2023. Saatavissa <a href=\"https:\/\/julkaisut.valtioneuvosto.fi\/bitstream\/handle\/10024\/162455\/STM_2020_29_J.pdf?sequence=1&amp;isAllowed=y\" target=\"_blank\" rel=\"noreferrer noopener\">https:\/\/julkaisut.valtioneuvosto.fi\/bitstream\/handle\/10024\/162455\/STM_2020_29_J.pdf?sequence=1&amp;isAllowed=y<\/a><\/p>\n\n\n\n<p>Suomen Fysioterapeutit. 2022. Fysioterapia tieteen\u00e4. Viitattu 14.4.2023. Saatavissa <a href=\"http:\/\/www.suomenfysioterapeutit.com\/ydinosaaminen\/fysioterapia-ja-fysioterapeutti\/fysioterapia-tieteena.html\" target=\"_blank\" rel=\"noreferrer noopener\">http:\/\/www.suomenfysioterapeutit.com\/ydinosaaminen\/fysioterapia-ja-fysioterapeutti\/fysioterapia-tieteena.html<\/a><\/p>\n","protected":false},"excerpt":{"rendered":"<p>Moniammatillinen yhteisty\u00f6 asiakkaan verkostoon kuuluvien tahojen kanssa on keskeinen osa i\u00e4kk\u00e4\u00e4n asiakkaan toimintakyvyn tukemista (Suomen fysioterapeutit 2022). Ik\u00e4\u00e4ntyneiden ymp\u00e4rivuorokautisen hoidon yksik\u00f6iss\u00e4 hyv\u00e4 hoito perustuu asiakkaan toimintakykyyn sek\u00e4 sen arviointiin ja tukemiseen. Hoidon tavoitteena on asiakkaan hyv\u00e4 el\u00e4m\u00e4nlaatu ja omann\u00e4k\u00f6inen el\u00e4m\u00e4. Ymp\u00e4rivuorokautisen hoidon yksik\u00f6iss\u00e4 ty\u00f6skentelee eri alojen ammattilaisia, kuten esimerkiksi l\u00e4hi- ja sairaanhoitajia sek\u00e4 fysioterapeutti. Lis\u00e4ksi [&hellip;]<\/p>\n","protected":false},"author":17,"featured_media":13800,"comment_status":"closed","ping_status":"open","sticky":false,"template":"","format":"standard","meta":{"footnotes":""},"categories":[15],"tags":[29,6799,1985,6801],"class_list":{"0":"post-13798","1":"post","2":"type-post","3":"status-publish","4":"format-standard","5":"has-post-thumbnail","7":"category-health_fi","8":"tag-artikkeli-e1","9":"tag-hoivapalvelut","10":"tag-ikaantyneet","11":"tag-moniammatillinen-yhteistyo-fi","12":"czr-hentry"},"yoast_head":"<!-- This site is optimized with the Yoast SEO plugin v27.4 - https:\/\/yoast.com\/product\/yoast-seo-wordpress\/ -->\n<title>Moniammatillisen yhteisty\u00f6n merkitys ik\u00e4\u00e4ntyneiden hoivapalveluissa - LAB Focus<\/title>\n<meta name=\"description\" content=\"Toimintamalli moniammatilliseen yhteisty\u00f6h\u00f6n syntyi opinn\u00e4ytety\u00f6n\u00e4. LAB-ammattikorkeakoulu.\" \/>\n<meta name=\"robots\" content=\"index, follow, max-snippet:-1, max-image-preview:large, max-video-preview:-1\" \/>\n<link rel=\"canonical\" href=\"https:\/\/blogit.lab.fi\/labfocus\/moniammatillisen-yhteistyon-merkitys-ikaantyneiden-hoivapalveluissa\/\" \/>\n<meta property=\"og:locale\" content=\"fi_FI\" \/>\n<meta property=\"og:type\" content=\"article\" \/>\n<meta property=\"og:title\" content=\"Moniammatillisen yhteisty\u00f6n merkitys ik\u00e4\u00e4ntyneiden hoivapalveluissa - LAB Focus\" \/>\n<meta property=\"og:description\" content=\"Toimintamalli moniammatilliseen yhteisty\u00f6h\u00f6n syntyi opinn\u00e4ytety\u00f6n\u00e4. LAB-ammattikorkeakoulu.\" \/>\n<meta property=\"og:url\" content=\"https:\/\/blogit.lab.fi\/labfocus\/moniammatillisen-yhteistyon-merkitys-ikaantyneiden-hoivapalveluissa\/\" \/>\n<meta property=\"og:site_name\" content=\"LAB Focus\" \/>\n<meta property=\"article:published_time\" content=\"2023-06-14T08:19:39+00:00\" \/>\n<meta property=\"article:modified_time\" content=\"2023-06-14T08:19:40+00:00\" \/>\n<meta property=\"og:image\" content=\"https:\/\/blogit.lab.fi\/labfocus\/wp-content\/uploads\/sites\/8\/2023\/06\/439_2023_Moniammatillisen-yhteistyon-merkitys-ikaantyneiden-hoivapalveluissa.png\" \/>\n\t<meta property=\"og:image:width\" content=\"1280\" \/>\n\t<meta property=\"og:image:height\" content=\"718\" \/>\n\t<meta property=\"og:image:type\" content=\"image\/png\" \/>\n<meta name=\"author\" content=\"tainask\" \/>\n<meta name=\"twitter:card\" content=\"summary_large_image\" \/>\n<meta name=\"twitter:creator\" content=\"@LABfinland\" \/>\n<meta name=\"twitter:site\" content=\"@LABfinland\" \/>\n<meta name=\"twitter:label1\" content=\"Kirjoittanut\" \/>\n\t<meta name=\"twitter:data1\" content=\"tainask\" \/>\n\t<meta name=\"twitter:label2\" content=\"Arvioitu lukuaika\" \/>\n\t<meta name=\"twitter:data2\" content=\"3 minuuttia\" \/>\n<script type=\"application\/ld+json\" class=\"yoast-schema-graph\">{\"@context\":\"https:\\\/\\\/schema.org\",\"@graph\":[{\"@type\":\"Article\",\"@id\":\"https:\\\/\\\/blogit.lab.fi\\\/labfocus\\\/moniammatillisen-yhteistyon-merkitys-ikaantyneiden-hoivapalveluissa\\\/#article\",\"isPartOf\":{\"@id\":\"https:\\\/\\\/blogit.lab.fi\\\/labfocus\\\/moniammatillisen-yhteistyon-merkitys-ikaantyneiden-hoivapalveluissa\\\/\"},\"author\":{\"name\":\"tainask\",\"@id\":\"https:\\\/\\\/blogit.lab.fi\\\/labfocus\\\/#\\\/schema\\\/person\\\/da729f65c4a2fb9fd8f0b1ec7a2ab7d0\"},\"headline\":\"Moniammatillisen yhteisty\u00f6n merkitys ik\u00e4\u00e4ntyneiden hoivapalveluissa\",\"datePublished\":\"2023-06-14T08:19:39+00:00\",\"dateModified\":\"2023-06-14T08:19:40+00:00\",\"mainEntityOfPage\":{\"@id\":\"https:\\\/\\\/blogit.lab.fi\\\/labfocus\\\/moniammatillisen-yhteistyon-merkitys-ikaantyneiden-hoivapalveluissa\\\/\"},\"wordCount\":516,\"publisher\":{\"@id\":\"https:\\\/\\\/blogit.lab.fi\\\/labfocus\\\/#organization\"},\"image\":{\"@id\":\"https:\\\/\\\/blogit.lab.fi\\\/labfocus\\\/moniammatillisen-yhteistyon-merkitys-ikaantyneiden-hoivapalveluissa\\\/#primaryimage\"},\"thumbnailUrl\":\"https:\\\/\\\/blogit.lab.fi\\\/labfocus\\\/wp-content\\\/uploads\\\/sites\\\/8\\\/2023\\\/06\\\/439_2023_Moniammatillisen-yhteistyon-merkitys-ikaantyneiden-hoivapalveluissa.png\",\"keywords\":[\"Artikkeli E1\",\"hoivapalvelut\",\"ik\u00e4\u00e4ntyneet\",\"moniammatillinen yhteisty\u00f6\"],\"articleSection\":[\"Health\"],\"inLanguage\":\"fi\"},{\"@type\":\"WebPage\",\"@id\":\"https:\\\/\\\/blogit.lab.fi\\\/labfocus\\\/moniammatillisen-yhteistyon-merkitys-ikaantyneiden-hoivapalveluissa\\\/\",\"url\":\"https:\\\/\\\/blogit.lab.fi\\\/labfocus\\\/moniammatillisen-yhteistyon-merkitys-ikaantyneiden-hoivapalveluissa\\\/\",\"name\":\"Moniammatillisen yhteisty\u00f6n merkitys ik\u00e4\u00e4ntyneiden hoivapalveluissa - LAB Focus\",\"isPartOf\":{\"@id\":\"https:\\\/\\\/blogit.lab.fi\\\/labfocus\\\/#website\"},\"primaryImageOfPage\":{\"@id\":\"https:\\\/\\\/blogit.lab.fi\\\/labfocus\\\/moniammatillisen-yhteistyon-merkitys-ikaantyneiden-hoivapalveluissa\\\/#primaryimage\"},\"image\":{\"@id\":\"https:\\\/\\\/blogit.lab.fi\\\/labfocus\\\/moniammatillisen-yhteistyon-merkitys-ikaantyneiden-hoivapalveluissa\\\/#primaryimage\"},\"thumbnailUrl\":\"https:\\\/\\\/blogit.lab.fi\\\/labfocus\\\/wp-content\\\/uploads\\\/sites\\\/8\\\/2023\\\/06\\\/439_2023_Moniammatillisen-yhteistyon-merkitys-ikaantyneiden-hoivapalveluissa.png\",\"datePublished\":\"2023-06-14T08:19:39+00:00\",\"dateModified\":\"2023-06-14T08:19:40+00:00\",\"description\":\"Toimintamalli moniammatilliseen yhteisty\u00f6h\u00f6n syntyi opinn\u00e4ytety\u00f6n\u00e4. LAB-ammattikorkeakoulu.\",\"breadcrumb\":{\"@id\":\"https:\\\/\\\/blogit.lab.fi\\\/labfocus\\\/moniammatillisen-yhteistyon-merkitys-ikaantyneiden-hoivapalveluissa\\\/#breadcrumb\"},\"inLanguage\":\"fi\",\"potentialAction\":[{\"@type\":\"ReadAction\",\"target\":[\"https:\\\/\\\/blogit.lab.fi\\\/labfocus\\\/moniammatillisen-yhteistyon-merkitys-ikaantyneiden-hoivapalveluissa\\\/\"]}]},{\"@type\":\"ImageObject\",\"inLanguage\":\"fi\",\"@id\":\"https:\\\/\\\/blogit.lab.fi\\\/labfocus\\\/moniammatillisen-yhteistyon-merkitys-ikaantyneiden-hoivapalveluissa\\\/#primaryimage\",\"url\":\"https:\\\/\\\/blogit.lab.fi\\\/labfocus\\\/wp-content\\\/uploads\\\/sites\\\/8\\\/2023\\\/06\\\/439_2023_Moniammatillisen-yhteistyon-merkitys-ikaantyneiden-hoivapalveluissa.png\",\"contentUrl\":\"https:\\\/\\\/blogit.lab.fi\\\/labfocus\\\/wp-content\\\/uploads\\\/sites\\\/8\\\/2023\\\/06\\\/439_2023_Moniammatillisen-yhteistyon-merkitys-ikaantyneiden-hoivapalveluissa.png\",\"width\":1280,\"height\":718},{\"@type\":\"BreadcrumbList\",\"@id\":\"https:\\\/\\\/blogit.lab.fi\\\/labfocus\\\/moniammatillisen-yhteistyon-merkitys-ikaantyneiden-hoivapalveluissa\\\/#breadcrumb\",\"itemListElement\":[{\"@type\":\"ListItem\",\"position\":1,\"name\":\"Home\",\"item\":\"https:\\\/\\\/blogit.lab.fi\\\/labfocus\\\/\"},{\"@type\":\"ListItem\",\"position\":2,\"name\":\"Moniammatillisen yhteisty\u00f6n merkitys ik\u00e4\u00e4ntyneiden hoivapalveluissa\"}]},{\"@type\":\"WebSite\",\"@id\":\"https:\\\/\\\/blogit.lab.fi\\\/labfocus\\\/#website\",\"url\":\"https:\\\/\\\/blogit.lab.fi\\\/labfocus\\\/\",\"name\":\"LAB Focus\",\"description\":\"Focus Area blog | LAB University of Applied Sciences\",\"publisher\":{\"@id\":\"https:\\\/\\\/blogit.lab.fi\\\/labfocus\\\/#organization\"},\"potentialAction\":[{\"@type\":\"SearchAction\",\"target\":{\"@type\":\"EntryPoint\",\"urlTemplate\":\"https:\\\/\\\/blogit.lab.fi\\\/labfocus\\\/?s={search_term_string}\"},\"query-input\":{\"@type\":\"PropertyValueSpecification\",\"valueRequired\":true,\"valueName\":\"search_term_string\"}}],\"inLanguage\":\"fi\"},{\"@type\":\"Organization\",\"@id\":\"https:\\\/\\\/blogit.lab.fi\\\/labfocus\\\/#organization\",\"name\":\"LAB Focus\",\"url\":\"https:\\\/\\\/blogit.lab.fi\\\/labfocus\\\/\",\"logo\":{\"@type\":\"ImageObject\",\"inLanguage\":\"fi\",\"@id\":\"https:\\\/\\\/blogit.lab.fi\\\/labfocus\\\/#\\\/schema\\\/logo\\\/image\\\/\",\"url\":\"https:\\\/\\\/blogit.lab.fi\\\/labfocus\\\/wp-content\\\/uploads\\\/sites\\\/8\\\/2020\\\/04\\\/cropped-cropped-tunnus_blogi-01.png\",\"contentUrl\":\"https:\\\/\\\/blogit.lab.fi\\\/labfocus\\\/wp-content\\\/uploads\\\/sites\\\/8\\\/2020\\\/04\\\/cropped-cropped-tunnus_blogi-01.png\",\"width\":1342,\"height\":288,\"caption\":\"LAB Focus\"},\"image\":{\"@id\":\"https:\\\/\\\/blogit.lab.fi\\\/labfocus\\\/#\\\/schema\\\/logo\\\/image\\\/\"},\"sameAs\":[\"https:\\\/\\\/x.com\\\/LABfinland\"]},{\"@type\":\"Person\",\"@id\":\"https:\\\/\\\/blogit.lab.fi\\\/labfocus\\\/#\\\/schema\\\/person\\\/da729f65c4a2fb9fd8f0b1ec7a2ab7d0\",\"name\":\"tainask\",\"image\":{\"@type\":\"ImageObject\",\"inLanguage\":\"fi\",\"@id\":\"https:\\\/\\\/secure.gravatar.com\\\/avatar\\\/4a96427877ef826b76e80c27f60b266128094f522551459346efcf14282febb3?s=96&d=mm&r=g\",\"url\":\"https:\\\/\\\/secure.gravatar.com\\\/avatar\\\/4a96427877ef826b76e80c27f60b266128094f522551459346efcf14282febb3?s=96&d=mm&r=g\",\"contentUrl\":\"https:\\\/\\\/secure.gravatar.com\\\/avatar\\\/4a96427877ef826b76e80c27f60b266128094f522551459346efcf14282febb3?s=96&d=mm&r=g\",\"caption\":\"tainask\"},\"url\":\"https:\\\/\\\/blogit.lab.fi\\\/labfocus\\\/author\\\/tainask\\\/\"}]}<\/script>\n<!-- \/ Yoast SEO plugin. -->","yoast_head_json":{"title":"Moniammatillisen yhteisty\u00f6n merkitys ik\u00e4\u00e4ntyneiden hoivapalveluissa - LAB Focus","description":"Toimintamalli moniammatilliseen yhteisty\u00f6h\u00f6n syntyi opinn\u00e4ytety\u00f6n\u00e4. LAB-ammattikorkeakoulu.","robots":{"index":"index","follow":"follow","max-snippet":"max-snippet:-1","max-image-preview":"max-image-preview:large","max-video-preview":"max-video-preview:-1"},"canonical":"https:\/\/blogit.lab.fi\/labfocus\/moniammatillisen-yhteistyon-merkitys-ikaantyneiden-hoivapalveluissa\/","og_locale":"fi_FI","og_type":"article","og_title":"Moniammatillisen yhteisty\u00f6n merkitys ik\u00e4\u00e4ntyneiden hoivapalveluissa - LAB Focus","og_description":"Toimintamalli moniammatilliseen yhteisty\u00f6h\u00f6n syntyi opinn\u00e4ytety\u00f6n\u00e4. LAB-ammattikorkeakoulu.","og_url":"https:\/\/blogit.lab.fi\/labfocus\/moniammatillisen-yhteistyon-merkitys-ikaantyneiden-hoivapalveluissa\/","og_site_name":"LAB Focus","article_published_time":"2023-06-14T08:19:39+00:00","article_modified_time":"2023-06-14T08:19:40+00:00","og_image":[{"width":1280,"height":718,"url":"https:\/\/blogit.lab.fi\/labfocus\/wp-content\/uploads\/sites\/8\/2023\/06\/439_2023_Moniammatillisen-yhteistyon-merkitys-ikaantyneiden-hoivapalveluissa.png","type":"image\/png"}],"author":"tainask","twitter_card":"summary_large_image","twitter_creator":"@LABfinland","twitter_site":"@LABfinland","twitter_misc":{"Kirjoittanut":"tainask","Arvioitu lukuaika":"3 minuuttia"},"schema":{"@context":"https:\/\/schema.org","@graph":[{"@type":"Article","@id":"https:\/\/blogit.lab.fi\/labfocus\/moniammatillisen-yhteistyon-merkitys-ikaantyneiden-hoivapalveluissa\/#article","isPartOf":{"@id":"https:\/\/blogit.lab.fi\/labfocus\/moniammatillisen-yhteistyon-merkitys-ikaantyneiden-hoivapalveluissa\/"},"author":{"name":"tainask","@id":"https:\/\/blogit.lab.fi\/labfocus\/#\/schema\/person\/da729f65c4a2fb9fd8f0b1ec7a2ab7d0"},"headline":"Moniammatillisen yhteisty\u00f6n merkitys ik\u00e4\u00e4ntyneiden hoivapalveluissa","datePublished":"2023-06-14T08:19:39+00:00","dateModified":"2023-06-14T08:19:40+00:00","mainEntityOfPage":{"@id":"https:\/\/blogit.lab.fi\/labfocus\/moniammatillisen-yhteistyon-merkitys-ikaantyneiden-hoivapalveluissa\/"},"wordCount":516,"publisher":{"@id":"https:\/\/blogit.lab.fi\/labfocus\/#organization"},"image":{"@id":"https:\/\/blogit.lab.fi\/labfocus\/moniammatillisen-yhteistyon-merkitys-ikaantyneiden-hoivapalveluissa\/#primaryimage"},"thumbnailUrl":"https:\/\/blogit.lab.fi\/labfocus\/wp-content\/uploads\/sites\/8\/2023\/06\/439_2023_Moniammatillisen-yhteistyon-merkitys-ikaantyneiden-hoivapalveluissa.png","keywords":["Artikkeli E1","hoivapalvelut","ik\u00e4\u00e4ntyneet","moniammatillinen yhteisty\u00f6"],"articleSection":["Health"],"inLanguage":"fi"},{"@type":"WebPage","@id":"https:\/\/blogit.lab.fi\/labfocus\/moniammatillisen-yhteistyon-merkitys-ikaantyneiden-hoivapalveluissa\/","url":"https:\/\/blogit.lab.fi\/labfocus\/moniammatillisen-yhteistyon-merkitys-ikaantyneiden-hoivapalveluissa\/","name":"Moniammatillisen yhteisty\u00f6n merkitys ik\u00e4\u00e4ntyneiden hoivapalveluissa - LAB Focus","isPartOf":{"@id":"https:\/\/blogit.lab.fi\/labfocus\/#website"},"primaryImageOfPage":{"@id":"https:\/\/blogit.lab.fi\/labfocus\/moniammatillisen-yhteistyon-merkitys-ikaantyneiden-hoivapalveluissa\/#primaryimage"},"image":{"@id":"https:\/\/blogit.lab.fi\/labfocus\/moniammatillisen-yhteistyon-merkitys-ikaantyneiden-hoivapalveluissa\/#primaryimage"},"thumbnailUrl":"https:\/\/blogit.lab.fi\/labfocus\/wp-content\/uploads\/sites\/8\/2023\/06\/439_2023_Moniammatillisen-yhteistyon-merkitys-ikaantyneiden-hoivapalveluissa.png","datePublished":"2023-06-14T08:19:39+00:00","dateModified":"2023-06-14T08:19:40+00:00","description":"Toimintamalli moniammatilliseen yhteisty\u00f6h\u00f6n syntyi opinn\u00e4ytety\u00f6n\u00e4. LAB-ammattikorkeakoulu.","breadcrumb":{"@id":"https:\/\/blogit.lab.fi\/labfocus\/moniammatillisen-yhteistyon-merkitys-ikaantyneiden-hoivapalveluissa\/#breadcrumb"},"inLanguage":"fi","potentialAction":[{"@type":"ReadAction","target":["https:\/\/blogit.lab.fi\/labfocus\/moniammatillisen-yhteistyon-merkitys-ikaantyneiden-hoivapalveluissa\/"]}]},{"@type":"ImageObject","inLanguage":"fi","@id":"https:\/\/blogit.lab.fi\/labfocus\/moniammatillisen-yhteistyon-merkitys-ikaantyneiden-hoivapalveluissa\/#primaryimage","url":"https:\/\/blogit.lab.fi\/labfocus\/wp-content\/uploads\/sites\/8\/2023\/06\/439_2023_Moniammatillisen-yhteistyon-merkitys-ikaantyneiden-hoivapalveluissa.png","contentUrl":"https:\/\/blogit.lab.fi\/labfocus\/wp-content\/uploads\/sites\/8\/2023\/06\/439_2023_Moniammatillisen-yhteistyon-merkitys-ikaantyneiden-hoivapalveluissa.png","width":1280,"height":718},{"@type":"BreadcrumbList","@id":"https:\/\/blogit.lab.fi\/labfocus\/moniammatillisen-yhteistyon-merkitys-ikaantyneiden-hoivapalveluissa\/#breadcrumb","itemListElement":[{"@type":"ListItem","position":1,"name":"Home","item":"https:\/\/blogit.lab.fi\/labfocus\/"},{"@type":"ListItem","position":2,"name":"Moniammatillisen yhteisty\u00f6n merkitys ik\u00e4\u00e4ntyneiden hoivapalveluissa"}]},{"@type":"WebSite","@id":"https:\/\/blogit.lab.fi\/labfocus\/#website","url":"https:\/\/blogit.lab.fi\/labfocus\/","name":"LAB Focus","description":"Focus Area blog | LAB University of Applied Sciences","publisher":{"@id":"https:\/\/blogit.lab.fi\/labfocus\/#organization"},"potentialAction":[{"@type":"SearchAction","target":{"@type":"EntryPoint","urlTemplate":"https:\/\/blogit.lab.fi\/labfocus\/?s={search_term_string}"},"query-input":{"@type":"PropertyValueSpecification","valueRequired":true,"valueName":"search_term_string"}}],"inLanguage":"fi"},{"@type":"Organization","@id":"https:\/\/blogit.lab.fi\/labfocus\/#organization","name":"LAB Focus","url":"https:\/\/blogit.lab.fi\/labfocus\/","logo":{"@type":"ImageObject","inLanguage":"fi","@id":"https:\/\/blogit.lab.fi\/labfocus\/#\/schema\/logo\/image\/","url":"https:\/\/blogit.lab.fi\/labfocus\/wp-content\/uploads\/sites\/8\/2020\/04\/cropped-cropped-tunnus_blogi-01.png","contentUrl":"https:\/\/blogit.lab.fi\/labfocus\/wp-content\/uploads\/sites\/8\/2020\/04\/cropped-cropped-tunnus_blogi-01.png","width":1342,"height":288,"caption":"LAB Focus"},"image":{"@id":"https:\/\/blogit.lab.fi\/labfocus\/#\/schema\/logo\/image\/"},"sameAs":["https:\/\/x.com\/LABfinland"]},{"@type":"Person","@id":"https:\/\/blogit.lab.fi\/labfocus\/#\/schema\/person\/da729f65c4a2fb9fd8f0b1ec7a2ab7d0","name":"tainask","image":{"@type":"ImageObject","inLanguage":"fi","@id":"https:\/\/secure.gravatar.com\/avatar\/4a96427877ef826b76e80c27f60b266128094f522551459346efcf14282febb3?s=96&d=mm&r=g","url":"https:\/\/secure.gravatar.com\/avatar\/4a96427877ef826b76e80c27f60b266128094f522551459346efcf14282febb3?s=96&d=mm&r=g","contentUrl":"https:\/\/secure.gravatar.com\/avatar\/4a96427877ef826b76e80c27f60b266128094f522551459346efcf14282febb3?s=96&d=mm&r=g","caption":"tainask"},"url":"https:\/\/blogit.lab.fi\/labfocus\/author\/tainask\/"}]}},"_links":{"self":[{"href":"https:\/\/blogit.lab.fi\/labfocus\/wp-json\/wp\/v2\/posts\/13798","targetHints":{"allow":["GET"]}}],"collection":[{"href":"https:\/\/blogit.lab.fi\/labfocus\/wp-json\/wp\/v2\/posts"}],"about":[{"href":"https:\/\/blogit.lab.fi\/labfocus\/wp-json\/wp\/v2\/types\/post"}],"author":[{"embeddable":true,"href":"https:\/\/blogit.lab.fi\/labfocus\/wp-json\/wp\/v2\/users\/17"}],"replies":[{"embeddable":true,"href":"https:\/\/blogit.lab.fi\/labfocus\/wp-json\/wp\/v2\/comments?post=13798"}],"version-history":[{"count":1,"href":"https:\/\/blogit.lab.fi\/labfocus\/wp-json\/wp\/v2\/posts\/13798\/revisions"}],"predecessor-version":[{"id":13801,"href":"https:\/\/blogit.lab.fi\/labfocus\/wp-json\/wp\/v2\/posts\/13798\/revisions\/13801"}],"wp:featuredmedia":[{"embeddable":true,"href":"https:\/\/blogit.lab.fi\/labfocus\/wp-json\/wp\/v2\/media\/13800"}],"wp:attachment":[{"href":"https:\/\/blogit.lab.fi\/labfocus\/wp-json\/wp\/v2\/media?parent=13798"}],"wp:term":[{"taxonomy":"category","embeddable":true,"href":"https:\/\/blogit.lab.fi\/labfocus\/wp-json\/wp\/v2\/categories?post=13798"},{"taxonomy":"post_tag","embeddable":true,"href":"https:\/\/blogit.lab.fi\/labfocus\/wp-json\/wp\/v2\/tags?post=13798"}],"curies":[{"name":"wp","href":"https:\/\/api.w.org\/{rel}","templated":true}]}}