{"id":1383,"date":"2020-06-09T11:18:54","date_gmt":"2020-06-09T08:18:54","guid":{"rendered":"https:\/\/blogit.lab.fi\/labfocus\/?p=1383"},"modified":"2020-06-09T11:18:56","modified_gmt":"2020-06-09T08:18:56","slug":"kiertotalouden-mukainen-vaatesuunnittelu","status":"publish","type":"post","link":"https:\/\/blogit.lab.fi\/labfocus\/kiertotalouden-mukainen-vaatesuunnittelu\/","title":{"rendered":"Kiertotalouden mukainen vaatesuunnittelu"},"content":{"rendered":"\n<p><a href=\"https:\/\/telaketju.turkuamk.fi\/\">Telaketju 2<\/a> -hankkeessa on syksyn 2019 ja kev\u00e4\u00e4n 2020 aikana perehdytty tekstiilien kiertotalouteen muotoilijan n\u00e4k\u00f6kulmasta. Toukokuussa 2020 LAB-ammattikorkeakoulun Telaketju-verkostolle j\u00e4rjest\u00e4m\u00e4ss\u00e4 tuotesuunnittelup\u00e4iv\u00e4ss\u00e4 kartoitettiin muotoilijan osuutta kiertotalouden mukaisessa tuotesuunnittelussa. Yritysten edustajien lis\u00e4ksi tuotesuunnittelup\u00e4iv\u00e4n ty\u00f6pajoihin osallistui sek\u00e4 LABin ett\u00e4 Turun ammattikorkeakoulun opiskelijoita.<\/p>\n\n\n\n<h2 class=\"wp-block-heading\">Strategiset ty\u00f6kalut muotoiluprosessin apuna \u2013 ty\u00f6pajaty\u00f6skentelyn tuloksia<\/h2>\n\n\n\n<p>Tuotesuunnittelun p\u00e4iv\u00e4ss\u00e4 jokaisessa ryhm\u00e4ss\u00e4 ty\u00f6skenneltiin hy\u00f6dynt\u00e4en <a href=\"http:\/\/www.textiletoolbox.com\/media\/uploads\/resources-pdf\/ted-the-ten-cards-english.pdf\">Ted\u2019s Ten -strategiakortteja<\/a> [pdf.]. Teht\u00e4v\u00e4ss\u00e4 suunniteltiin tuotteita eri k\u00e4ytt\u00f6tarkoituksiin (ty\u00f6vaatteeksi, arkivaatteeksi ja aktiivivaatteeksi) eri strategioita hy\u00f6dynt\u00e4en. Strategioiden avulla suunniteltiin keinoja, joilla voi minimoida j\u00e4tett\u00e4, huomioida kierr\u00e4tett\u00e4vyytt\u00e4, pident\u00e4\u00e4 tuotteen elinkaarta ja v\u00e4hent\u00e4\u00e4 kulutusta.<\/p>\n\n\n\n<p>Suunnittelun strategiakortit monipuolistavat suunnitteluprosessin aikana tapahtuvaa pohdintaa, kun muotoilijan ajattelu ulottuu eri n\u00e4k\u00f6kulmiin tuotannosta kuluttamiseen, huoltoon ja tuotteen jatkojalostukseen sen elinkaaren p\u00e4\u00e4tytty\u00e4. Korttity\u00f6skentely havainnollisti, kuinka monimutkaisesta kokonaisuudesta kiertotalouden mukaisessa ja samalla k\u00e4ytt\u00f6tarkoituksen huomioivassa suunnitteluprosessissa on kyse. Strategioita hiomalla esimerkiksi selvisi, etteiv\u00e4t kaikki strategiset tavoitteet sovellu kaikkiin tuotteisiin tai k\u00e4ytt\u00f6tarkoituksiin.<\/p>\n\n\n\n<figure class=\"wp-block-image size-large\"><img loading=\"lazy\" decoding=\"async\" width=\"1024\" height=\"512\" src=\"https:\/\/blogit.lab.fi\/labfocus\/wp-content\/uploads\/sites\/8\/2020\/06\/48_2020_Tedsten1-1024x512.png\" alt=\"\" class=\"wp-image-1384\" srcset=\"https:\/\/blogit.lab.fi\/labfocus\/wp-content\/uploads\/sites\/8\/2020\/06\/48_2020_Tedsten1-1024x512.png 1024w, https:\/\/blogit.lab.fi\/labfocus\/wp-content\/uploads\/sites\/8\/2020\/06\/48_2020_Tedsten1-300x150.png 300w, https:\/\/blogit.lab.fi\/labfocus\/wp-content\/uploads\/sites\/8\/2020\/06\/48_2020_Tedsten1-768x384.png 768w, https:\/\/blogit.lab.fi\/labfocus\/wp-content\/uploads\/sites\/8\/2020\/06\/48_2020_Tedsten1.png 1280w\" sizes=\"auto, (max-width: 1024px) 100vw, 1024px\" \/><figcaption>Kuva 1. The Textile Environment Design Ted\u2019s Ten -strategiaty\u00f6kortit ohjaavat muotoilijaa muotoiluprosessissa kiertotalouden ja vastuullisen suunnittelun p\u00e4\u00e4periaatteissa. Yrityksille t\u00e4m\u00e4 strategiaty\u00f6kalu oli entuudestaan tuntematon. (Kuva: Mistra Future Fashion)<\/figcaption><\/figure>\n\n\n\n<h2 class=\"wp-block-heading\">Tekstiilij\u00e4tteen v\u00e4hent\u00e4minen ja kierr\u00e4tett\u00e4vyyden huomioiminen suunnittelussa<\/h2>\n\n\n\n<p>Suunnittelun avulla voidaan v\u00e4hent\u00e4\u00e4 tekstiilij\u00e4tett\u00e4 tuotannon alkup\u00e4\u00e4ss\u00e4 esimerkiksi leikkuuj\u00e4tteen minimoinnilla, tuotannon optimoinnilla ja huolellisella leikkuusuunnitelmalla. N\u00e4ihin kaikkiin tekij\u00f6ihin suunnittelija voi vaikuttaa jo suunnitteluprosessissa tuotemuotoilun avulla. Kierr\u00e4tett\u00e4vyyteen vaikuttaa ensisijaisesti monomateriaalisuuden tai kierr\u00e4tett\u00e4viss\u00e4 olevien sekoitemateriaalien suosiminen. Mahdollisimman yksinkertainen tuote on kierr\u00e4tett\u00e4vyyden n\u00e4k\u00f6kulmasta ihanteellisin: t\u00e4llaisessa tuotteessa on mahdollisimman v\u00e4h\u00e4n irrotettavia komponentteja, kuten nappeja, neppareita, vetoketjuja tai heijastimia. Komponentit tulee olla my\u00f6s mahdollisimman helposti irrotettavissa. Materiaalien ominaisuuksien tulisi olla helposti j\u00e4ljitett\u00e4viss\u00e4, sill\u00e4 usein pesulaput ovat kuluneet tai ne on leikattu pois. Alkuper\u00e4tieto voisi kulkea tuotteen mukana jollain muulla tavalla, esimerkiksi QR-koodin muodossa.<\/p>\n\n\n\n<h2 class=\"wp-block-heading\">Muunneltavuus osana kiertotalouden mukaista tuotesuunnittelua<\/h2>\n\n\n\n<p>Tuotesuunnittelussa pitk\u00e4ik\u00e4isyyteen voidaan laadun lis\u00e4ksi vaikuttaa niin, ett\u00e4 tuotteen k\u00e4ytt\u00e4j\u00e4 voi kehitt\u00e4\u00e4 sen k\u00e4ytett\u00e4vyytt\u00e4. Suunnittelussa voitaisiin huomioida tuotteen muunneltavuutta sen elinkaaren aikana. Monik\u00e4ytt\u00f6isten vaatteiden lis\u00e4ksi tuotteen mukana voisi kulkea jonkinlainen ohjeistus tuotteen muunteluun joko QR-koodin tai fyysisen ohjepaketin muodossa. Ty\u00f6vaatetuksessa tuotteen muunneltavuus tulee huomioida esimerkiksi mahdollisten br\u00e4ndiuudistusten varalta. Muunneltavuuteen voidaan vaikuttaa muun muassa irrotettavilla tai muunneltavilla komponenteilla, kuten logot tai muut yksityiskohdat ja yrityksen tunnusomaiset v\u00e4rit. Arki- ja aktiivivaatteen muunneltavuus voisi vaikuttaa loppuk\u00e4ytt\u00e4j\u00e4n sitoutumiseen tuotteeseensa. N\u00e4in saataisiin mahdollisesti pidennetty\u00e4 tuotteen elinkaarta sille suunnitellussa k\u00e4ytt\u00f6tarkoituksessaan.<\/p>\n\n\n\n<p style=\"background-color:#b3edfb\" class=\"has-background\">Kirjoittaja<br><br><strong>Annariina Ruokamo<\/strong> on ammatiltaan vaatesuunnittelija, joka ty\u00f6skentelee LAB-ammattikorkeakoulussa TKI-asiantuntijana ja projektip\u00e4\u00e4llikk\u00f6n\u00e4 sek\u00e4 opettaa puettavan muotoilun koulutusohjelmassa vastuulliseen vaateteollisuuteen ja suunnitteluun liittyvi\u00e4 kursseja. H\u00e4n on kiinnostunut erityisesti suunnittelijan vastuusta osana vastuullisuutta ja vaatteiden kiertotaloutta.<\/p>\n\n\n\n<h3 class=\"wp-block-heading\">Linkit<\/h3>\n\n\n\n<p>Telaketju. 2020. Telaketju-verkoston nettisivut. [Viitattu 22.5.2020]. Saatavissa:<br><a href=\"https:\/\/telaketju.turkuamk.fi\/\">https:\/\/telaketju.turkuamk.fi\/<\/a><\/p>\n\n\n\n<p>The Textile Toolbox. 2016. Ted\u2019s Ten Cards. [Viitattu 5.5.2020]. Saatavissa:<br><a href=\"http:\/\/www.textiletoolbox.com\/media\/uploads\/resources-pdf\/ted-the-ten-cards-english.pdf\">http:\/\/www.textiletoolbox.com\/media\/uploads\/resources-pdf\/ted-the-ten-cards-english.pdf<\/a><\/p>\n\n\n\n<h3 class=\"wp-block-heading\">Kuvat<\/h3>\n\n\n\n<p>Kuva 1. Mistra Future Fashion. TED\u2019S TEN. [Viitattu 5.6.2020]. Saatavissa:<br><a href=\"http:\/\/mistrafuturefashion.com\/output\/teds-ten\/\">http:\/\/mistrafuturefashion.com\/output\/teds-ten\/<\/a><\/p>\n","protected":false},"excerpt":{"rendered":"<p>Telaketju 2 -hankkeessa on syksyn 2019 ja kev\u00e4\u00e4n 2020 aikana perehdytty tekstiilien kiertotalouteen muotoilijan n\u00e4k\u00f6kulmasta. Toukokuussa 2020 LAB-ammattikorkeakoulun Telaketju-verkostolle j\u00e4rjest\u00e4m\u00e4ss\u00e4 tuotesuunnittelup\u00e4iv\u00e4ss\u00e4 kartoitettiin muotoilijan osuutta kiertotalouden mukaisessa tuotesuunnittelussa. Yritysten edustajien lis\u00e4ksi tuotesuunnittelup\u00e4iv\u00e4n ty\u00f6pajoihin osallistui sek\u00e4 LABin ett\u00e4 Turun ammattikorkeakoulun opiskelijoita. Strategiset ty\u00f6kalut muotoiluprosessin apuna \u2013 ty\u00f6pajaty\u00f6skentelyn tuloksia Tuotesuunnittelun p\u00e4iv\u00e4ss\u00e4 jokaisessa ryhm\u00e4ss\u00e4 ty\u00f6skenneltiin hy\u00f6dynt\u00e4en Ted\u2019s Ten -strategiakortteja [&hellip;]<\/p>\n","protected":false},"author":9,"featured_media":1384,"comment_status":"open","ping_status":"open","sticky":false,"template":"","format":"standard","meta":{"footnotes":""},"categories":[11,466],"tags":[29,699,698,697,700],"class_list":{"0":"post-1383","1":"post","2":"type-post","3":"status-publish","4":"format-standard","5":"has-post-thumbnail","7":"category-design_fi","8":"category-kestavien-tuotteiden-palveluiden-ja-ymparistojen-muotoilu","9":"tag-artikkeli-e1","10":"tag-design","11":"tag-kestava-muotoilu","12":"tag-muotoilu","13":"tag-sustainable-design","14":"czr-hentry"},"yoast_head":"<!-- This site is optimized with the Yoast SEO plugin v27.5 - https:\/\/yoast.com\/product\/yoast-seo-wordpress\/ -->\n<title>Kiertotalouden mukainen vaatesuunnittelu - LAB Focus<\/title>\n<meta name=\"robots\" content=\"index, follow, max-snippet:-1, max-image-preview:large, max-video-preview:-1\" \/>\n<link rel=\"canonical\" href=\"https:\/\/blogit.lab.fi\/labfocus\/kiertotalouden-mukainen-vaatesuunnittelu\/\" \/>\n<meta property=\"og:locale\" content=\"fi_FI\" \/>\n<meta property=\"og:type\" content=\"article\" \/>\n<meta property=\"og:title\" content=\"Kiertotalouden mukainen vaatesuunnittelu - LAB Focus\" \/>\n<meta property=\"og:description\" content=\"Telaketju 2 -hankkeessa on syksyn 2019 ja kev\u00e4\u00e4n 2020 aikana perehdytty tekstiilien kiertotalouteen muotoilijan n\u00e4k\u00f6kulmasta. Toukokuussa 2020 LAB-ammattikorkeakoulun Telaketju-verkostolle j\u00e4rjest\u00e4m\u00e4ss\u00e4 tuotesuunnittelup\u00e4iv\u00e4ss\u00e4 kartoitettiin muotoilijan osuutta kiertotalouden mukaisessa tuotesuunnittelussa. Yritysten edustajien lis\u00e4ksi tuotesuunnittelup\u00e4iv\u00e4n ty\u00f6pajoihin osallistui sek\u00e4 LABin ett\u00e4 Turun ammattikorkeakoulun opiskelijoita. Strategiset ty\u00f6kalut muotoiluprosessin apuna \u2013 ty\u00f6pajaty\u00f6skentelyn tuloksia Tuotesuunnittelun p\u00e4iv\u00e4ss\u00e4 jokaisessa ryhm\u00e4ss\u00e4 ty\u00f6skenneltiin hy\u00f6dynt\u00e4en Ted\u2019s Ten -strategiakortteja [&hellip;]\" \/>\n<meta property=\"og:url\" content=\"https:\/\/blogit.lab.fi\/labfocus\/kiertotalouden-mukainen-vaatesuunnittelu\/\" \/>\n<meta property=\"og:site_name\" content=\"LAB Focus\" \/>\n<meta property=\"article:published_time\" content=\"2020-06-09T08:18:54+00:00\" \/>\n<meta property=\"article:modified_time\" content=\"2020-06-09T08:18:56+00:00\" \/>\n<meta property=\"og:image\" content=\"https:\/\/blogit.lab.fi\/labfocus\/wp-content\/uploads\/sites\/8\/2020\/06\/48_2020_Tedsten1.png\" \/>\n\t<meta property=\"og:image:width\" content=\"1280\" \/>\n\t<meta property=\"og:image:height\" content=\"640\" \/>\n\t<meta property=\"og:image:type\" content=\"image\/png\" \/>\n<meta name=\"author\" content=\"anniinahar\" \/>\n<meta name=\"twitter:card\" content=\"summary_large_image\" \/>\n<meta name=\"twitter:creator\" content=\"@LABfinland\" \/>\n<meta name=\"twitter:site\" content=\"@LABfinland\" \/>\n<meta name=\"twitter:label1\" content=\"Kirjoittanut\" \/>\n\t<meta name=\"twitter:data1\" content=\"anniinahar\" \/>\n\t<meta name=\"twitter:label2\" content=\"Arvioitu lukuaika\" \/>\n\t<meta name=\"twitter:data2\" content=\"3 minuuttia\" \/>\n<script type=\"application\/ld+json\" class=\"yoast-schema-graph\">{\"@context\":\"https:\\\/\\\/schema.org\",\"@graph\":[{\"@type\":\"Article\",\"@id\":\"https:\\\/\\\/blogit.lab.fi\\\/labfocus\\\/kiertotalouden-mukainen-vaatesuunnittelu\\\/#article\",\"isPartOf\":{\"@id\":\"https:\\\/\\\/blogit.lab.fi\\\/labfocus\\\/kiertotalouden-mukainen-vaatesuunnittelu\\\/\"},\"author\":{\"name\":\"anniinahar\",\"@id\":\"https:\\\/\\\/blogit.lab.fi\\\/labfocus\\\/#\\\/schema\\\/person\\\/ffd2011d171b67ec63a881aabd314a78\"},\"headline\":\"Kiertotalouden mukainen vaatesuunnittelu\",\"datePublished\":\"2020-06-09T08:18:54+00:00\",\"dateModified\":\"2020-06-09T08:18:56+00:00\",\"mainEntityOfPage\":{\"@id\":\"https:\\\/\\\/blogit.lab.fi\\\/labfocus\\\/kiertotalouden-mukainen-vaatesuunnittelu\\\/\"},\"wordCount\":513,\"commentCount\":0,\"publisher\":{\"@id\":\"https:\\\/\\\/blogit.lab.fi\\\/labfocus\\\/#organization\"},\"image\":{\"@id\":\"https:\\\/\\\/blogit.lab.fi\\\/labfocus\\\/kiertotalouden-mukainen-vaatesuunnittelu\\\/#primaryimage\"},\"thumbnailUrl\":\"https:\\\/\\\/blogit.lab.fi\\\/labfocus\\\/wp-content\\\/uploads\\\/sites\\\/8\\\/2020\\\/06\\\/48_2020_Tedsten1.png\",\"keywords\":[\"Artikkeli E1\",\"Design\",\"Kest\u00e4v\u00e4 muotoilu\",\"Muotoilu\",\"Sustainable design\"],\"articleSection\":[\"Design\",\"Muotoilu kest\u00e4v\u00e4n liiketoiminnan v\u00e4lineen\u00e4\"],\"inLanguage\":\"fi\",\"potentialAction\":[{\"@type\":\"CommentAction\",\"name\":\"Comment\",\"target\":[\"https:\\\/\\\/blogit.lab.fi\\\/labfocus\\\/kiertotalouden-mukainen-vaatesuunnittelu\\\/#respond\"]}]},{\"@type\":\"WebPage\",\"@id\":\"https:\\\/\\\/blogit.lab.fi\\\/labfocus\\\/kiertotalouden-mukainen-vaatesuunnittelu\\\/\",\"url\":\"https:\\\/\\\/blogit.lab.fi\\\/labfocus\\\/kiertotalouden-mukainen-vaatesuunnittelu\\\/\",\"name\":\"Kiertotalouden mukainen vaatesuunnittelu - LAB Focus\",\"isPartOf\":{\"@id\":\"https:\\\/\\\/blogit.lab.fi\\\/labfocus\\\/#website\"},\"primaryImageOfPage\":{\"@id\":\"https:\\\/\\\/blogit.lab.fi\\\/labfocus\\\/kiertotalouden-mukainen-vaatesuunnittelu\\\/#primaryimage\"},\"image\":{\"@id\":\"https:\\\/\\\/blogit.lab.fi\\\/labfocus\\\/kiertotalouden-mukainen-vaatesuunnittelu\\\/#primaryimage\"},\"thumbnailUrl\":\"https:\\\/\\\/blogit.lab.fi\\\/labfocus\\\/wp-content\\\/uploads\\\/sites\\\/8\\\/2020\\\/06\\\/48_2020_Tedsten1.png\",\"datePublished\":\"2020-06-09T08:18:54+00:00\",\"dateModified\":\"2020-06-09T08:18:56+00:00\",\"breadcrumb\":{\"@id\":\"https:\\\/\\\/blogit.lab.fi\\\/labfocus\\\/kiertotalouden-mukainen-vaatesuunnittelu\\\/#breadcrumb\"},\"inLanguage\":\"fi\",\"potentialAction\":[{\"@type\":\"ReadAction\",\"target\":[\"https:\\\/\\\/blogit.lab.fi\\\/labfocus\\\/kiertotalouden-mukainen-vaatesuunnittelu\\\/\"]}]},{\"@type\":\"ImageObject\",\"inLanguage\":\"fi\",\"@id\":\"https:\\\/\\\/blogit.lab.fi\\\/labfocus\\\/kiertotalouden-mukainen-vaatesuunnittelu\\\/#primaryimage\",\"url\":\"https:\\\/\\\/blogit.lab.fi\\\/labfocus\\\/wp-content\\\/uploads\\\/sites\\\/8\\\/2020\\\/06\\\/48_2020_Tedsten1.png\",\"contentUrl\":\"https:\\\/\\\/blogit.lab.fi\\\/labfocus\\\/wp-content\\\/uploads\\\/sites\\\/8\\\/2020\\\/06\\\/48_2020_Tedsten1.png\",\"width\":1280,\"height\":640},{\"@type\":\"BreadcrumbList\",\"@id\":\"https:\\\/\\\/blogit.lab.fi\\\/labfocus\\\/kiertotalouden-mukainen-vaatesuunnittelu\\\/#breadcrumb\",\"itemListElement\":[{\"@type\":\"ListItem\",\"position\":1,\"name\":\"Home\",\"item\":\"https:\\\/\\\/blogit.lab.fi\\\/labfocus\\\/\"},{\"@type\":\"ListItem\",\"position\":2,\"name\":\"Kiertotalouden mukainen vaatesuunnittelu\"}]},{\"@type\":\"WebSite\",\"@id\":\"https:\\\/\\\/blogit.lab.fi\\\/labfocus\\\/#website\",\"url\":\"https:\\\/\\\/blogit.lab.fi\\\/labfocus\\\/\",\"name\":\"LAB Focus\",\"description\":\"Focus Area blog | LAB University of Applied Sciences\",\"publisher\":{\"@id\":\"https:\\\/\\\/blogit.lab.fi\\\/labfocus\\\/#organization\"},\"potentialAction\":[{\"@type\":\"SearchAction\",\"target\":{\"@type\":\"EntryPoint\",\"urlTemplate\":\"https:\\\/\\\/blogit.lab.fi\\\/labfocus\\\/?s={search_term_string}\"},\"query-input\":{\"@type\":\"PropertyValueSpecification\",\"valueRequired\":true,\"valueName\":\"search_term_string\"}}],\"inLanguage\":\"fi\"},{\"@type\":\"Organization\",\"@id\":\"https:\\\/\\\/blogit.lab.fi\\\/labfocus\\\/#organization\",\"name\":\"LAB Focus\",\"url\":\"https:\\\/\\\/blogit.lab.fi\\\/labfocus\\\/\",\"logo\":{\"@type\":\"ImageObject\",\"inLanguage\":\"fi\",\"@id\":\"https:\\\/\\\/blogit.lab.fi\\\/labfocus\\\/#\\\/schema\\\/logo\\\/image\\\/\",\"url\":\"https:\\\/\\\/blogit.lab.fi\\\/labfocus\\\/wp-content\\\/uploads\\\/sites\\\/8\\\/2020\\\/04\\\/cropped-cropped-tunnus_blogi-01.png\",\"contentUrl\":\"https:\\\/\\\/blogit.lab.fi\\\/labfocus\\\/wp-content\\\/uploads\\\/sites\\\/8\\\/2020\\\/04\\\/cropped-cropped-tunnus_blogi-01.png\",\"width\":1342,\"height\":288,\"caption\":\"LAB Focus\"},\"image\":{\"@id\":\"https:\\\/\\\/blogit.lab.fi\\\/labfocus\\\/#\\\/schema\\\/logo\\\/image\\\/\"},\"sameAs\":[\"https:\\\/\\\/x.com\\\/LABfinland\"]},{\"@type\":\"Person\",\"@id\":\"https:\\\/\\\/blogit.lab.fi\\\/labfocus\\\/#\\\/schema\\\/person\\\/ffd2011d171b67ec63a881aabd314a78\",\"name\":\"anniinahar\",\"image\":{\"@type\":\"ImageObject\",\"inLanguage\":\"fi\",\"@id\":\"https:\\\/\\\/secure.gravatar.com\\\/avatar\\\/a3f0fc52bbe429cfd5795e4b2039590fcb0d61a1dad5f14a308893d1b49ed80e?s=96&d=mm&r=g\",\"url\":\"https:\\\/\\\/secure.gravatar.com\\\/avatar\\\/a3f0fc52bbe429cfd5795e4b2039590fcb0d61a1dad5f14a308893d1b49ed80e?s=96&d=mm&r=g\",\"contentUrl\":\"https:\\\/\\\/secure.gravatar.com\\\/avatar\\\/a3f0fc52bbe429cfd5795e4b2039590fcb0d61a1dad5f14a308893d1b49ed80e?s=96&d=mm&r=g\",\"caption\":\"anniinahar\"},\"url\":\"https:\\\/\\\/blogit.lab.fi\\\/labfocus\\\/author\\\/anniinahar\\\/\"}]}<\/script>\n<!-- \/ Yoast SEO plugin. -->","yoast_head_json":{"title":"Kiertotalouden mukainen vaatesuunnittelu - LAB Focus","robots":{"index":"index","follow":"follow","max-snippet":"max-snippet:-1","max-image-preview":"max-image-preview:large","max-video-preview":"max-video-preview:-1"},"canonical":"https:\/\/blogit.lab.fi\/labfocus\/kiertotalouden-mukainen-vaatesuunnittelu\/","og_locale":"fi_FI","og_type":"article","og_title":"Kiertotalouden mukainen vaatesuunnittelu - LAB Focus","og_description":"Telaketju 2 -hankkeessa on syksyn 2019 ja kev\u00e4\u00e4n 2020 aikana perehdytty tekstiilien kiertotalouteen muotoilijan n\u00e4k\u00f6kulmasta. Toukokuussa 2020 LAB-ammattikorkeakoulun Telaketju-verkostolle j\u00e4rjest\u00e4m\u00e4ss\u00e4 tuotesuunnittelup\u00e4iv\u00e4ss\u00e4 kartoitettiin muotoilijan osuutta kiertotalouden mukaisessa tuotesuunnittelussa. Yritysten edustajien lis\u00e4ksi tuotesuunnittelup\u00e4iv\u00e4n ty\u00f6pajoihin osallistui sek\u00e4 LABin ett\u00e4 Turun ammattikorkeakoulun opiskelijoita. Strategiset ty\u00f6kalut muotoiluprosessin apuna \u2013 ty\u00f6pajaty\u00f6skentelyn tuloksia Tuotesuunnittelun p\u00e4iv\u00e4ss\u00e4 jokaisessa ryhm\u00e4ss\u00e4 ty\u00f6skenneltiin hy\u00f6dynt\u00e4en Ted\u2019s Ten -strategiakortteja [&hellip;]","og_url":"https:\/\/blogit.lab.fi\/labfocus\/kiertotalouden-mukainen-vaatesuunnittelu\/","og_site_name":"LAB Focus","article_published_time":"2020-06-09T08:18:54+00:00","article_modified_time":"2020-06-09T08:18:56+00:00","og_image":[{"width":1280,"height":640,"url":"https:\/\/blogit.lab.fi\/labfocus\/wp-content\/uploads\/sites\/8\/2020\/06\/48_2020_Tedsten1.png","type":"image\/png"}],"author":"anniinahar","twitter_card":"summary_large_image","twitter_creator":"@LABfinland","twitter_site":"@LABfinland","twitter_misc":{"Kirjoittanut":"anniinahar","Arvioitu lukuaika":"3 minuuttia"},"schema":{"@context":"https:\/\/schema.org","@graph":[{"@type":"Article","@id":"https:\/\/blogit.lab.fi\/labfocus\/kiertotalouden-mukainen-vaatesuunnittelu\/#article","isPartOf":{"@id":"https:\/\/blogit.lab.fi\/labfocus\/kiertotalouden-mukainen-vaatesuunnittelu\/"},"author":{"name":"anniinahar","@id":"https:\/\/blogit.lab.fi\/labfocus\/#\/schema\/person\/ffd2011d171b67ec63a881aabd314a78"},"headline":"Kiertotalouden mukainen vaatesuunnittelu","datePublished":"2020-06-09T08:18:54+00:00","dateModified":"2020-06-09T08:18:56+00:00","mainEntityOfPage":{"@id":"https:\/\/blogit.lab.fi\/labfocus\/kiertotalouden-mukainen-vaatesuunnittelu\/"},"wordCount":513,"commentCount":0,"publisher":{"@id":"https:\/\/blogit.lab.fi\/labfocus\/#organization"},"image":{"@id":"https:\/\/blogit.lab.fi\/labfocus\/kiertotalouden-mukainen-vaatesuunnittelu\/#primaryimage"},"thumbnailUrl":"https:\/\/blogit.lab.fi\/labfocus\/wp-content\/uploads\/sites\/8\/2020\/06\/48_2020_Tedsten1.png","keywords":["Artikkeli E1","Design","Kest\u00e4v\u00e4 muotoilu","Muotoilu","Sustainable design"],"articleSection":["Design","Muotoilu kest\u00e4v\u00e4n liiketoiminnan v\u00e4lineen\u00e4"],"inLanguage":"fi","potentialAction":[{"@type":"CommentAction","name":"Comment","target":["https:\/\/blogit.lab.fi\/labfocus\/kiertotalouden-mukainen-vaatesuunnittelu\/#respond"]}]},{"@type":"WebPage","@id":"https:\/\/blogit.lab.fi\/labfocus\/kiertotalouden-mukainen-vaatesuunnittelu\/","url":"https:\/\/blogit.lab.fi\/labfocus\/kiertotalouden-mukainen-vaatesuunnittelu\/","name":"Kiertotalouden mukainen vaatesuunnittelu - LAB Focus","isPartOf":{"@id":"https:\/\/blogit.lab.fi\/labfocus\/#website"},"primaryImageOfPage":{"@id":"https:\/\/blogit.lab.fi\/labfocus\/kiertotalouden-mukainen-vaatesuunnittelu\/#primaryimage"},"image":{"@id":"https:\/\/blogit.lab.fi\/labfocus\/kiertotalouden-mukainen-vaatesuunnittelu\/#primaryimage"},"thumbnailUrl":"https:\/\/blogit.lab.fi\/labfocus\/wp-content\/uploads\/sites\/8\/2020\/06\/48_2020_Tedsten1.png","datePublished":"2020-06-09T08:18:54+00:00","dateModified":"2020-06-09T08:18:56+00:00","breadcrumb":{"@id":"https:\/\/blogit.lab.fi\/labfocus\/kiertotalouden-mukainen-vaatesuunnittelu\/#breadcrumb"},"inLanguage":"fi","potentialAction":[{"@type":"ReadAction","target":["https:\/\/blogit.lab.fi\/labfocus\/kiertotalouden-mukainen-vaatesuunnittelu\/"]}]},{"@type":"ImageObject","inLanguage":"fi","@id":"https:\/\/blogit.lab.fi\/labfocus\/kiertotalouden-mukainen-vaatesuunnittelu\/#primaryimage","url":"https:\/\/blogit.lab.fi\/labfocus\/wp-content\/uploads\/sites\/8\/2020\/06\/48_2020_Tedsten1.png","contentUrl":"https:\/\/blogit.lab.fi\/labfocus\/wp-content\/uploads\/sites\/8\/2020\/06\/48_2020_Tedsten1.png","width":1280,"height":640},{"@type":"BreadcrumbList","@id":"https:\/\/blogit.lab.fi\/labfocus\/kiertotalouden-mukainen-vaatesuunnittelu\/#breadcrumb","itemListElement":[{"@type":"ListItem","position":1,"name":"Home","item":"https:\/\/blogit.lab.fi\/labfocus\/"},{"@type":"ListItem","position":2,"name":"Kiertotalouden mukainen vaatesuunnittelu"}]},{"@type":"WebSite","@id":"https:\/\/blogit.lab.fi\/labfocus\/#website","url":"https:\/\/blogit.lab.fi\/labfocus\/","name":"LAB Focus","description":"Focus Area blog | LAB University of Applied Sciences","publisher":{"@id":"https:\/\/blogit.lab.fi\/labfocus\/#organization"},"potentialAction":[{"@type":"SearchAction","target":{"@type":"EntryPoint","urlTemplate":"https:\/\/blogit.lab.fi\/labfocus\/?s={search_term_string}"},"query-input":{"@type":"PropertyValueSpecification","valueRequired":true,"valueName":"search_term_string"}}],"inLanguage":"fi"},{"@type":"Organization","@id":"https:\/\/blogit.lab.fi\/labfocus\/#organization","name":"LAB Focus","url":"https:\/\/blogit.lab.fi\/labfocus\/","logo":{"@type":"ImageObject","inLanguage":"fi","@id":"https:\/\/blogit.lab.fi\/labfocus\/#\/schema\/logo\/image\/","url":"https:\/\/blogit.lab.fi\/labfocus\/wp-content\/uploads\/sites\/8\/2020\/04\/cropped-cropped-tunnus_blogi-01.png","contentUrl":"https:\/\/blogit.lab.fi\/labfocus\/wp-content\/uploads\/sites\/8\/2020\/04\/cropped-cropped-tunnus_blogi-01.png","width":1342,"height":288,"caption":"LAB Focus"},"image":{"@id":"https:\/\/blogit.lab.fi\/labfocus\/#\/schema\/logo\/image\/"},"sameAs":["https:\/\/x.com\/LABfinland"]},{"@type":"Person","@id":"https:\/\/blogit.lab.fi\/labfocus\/#\/schema\/person\/ffd2011d171b67ec63a881aabd314a78","name":"anniinahar","image":{"@type":"ImageObject","inLanguage":"fi","@id":"https:\/\/secure.gravatar.com\/avatar\/a3f0fc52bbe429cfd5795e4b2039590fcb0d61a1dad5f14a308893d1b49ed80e?s=96&d=mm&r=g","url":"https:\/\/secure.gravatar.com\/avatar\/a3f0fc52bbe429cfd5795e4b2039590fcb0d61a1dad5f14a308893d1b49ed80e?s=96&d=mm&r=g","contentUrl":"https:\/\/secure.gravatar.com\/avatar\/a3f0fc52bbe429cfd5795e4b2039590fcb0d61a1dad5f14a308893d1b49ed80e?s=96&d=mm&r=g","caption":"anniinahar"},"url":"https:\/\/blogit.lab.fi\/labfocus\/author\/anniinahar\/"}]}},"_links":{"self":[{"href":"https:\/\/blogit.lab.fi\/labfocus\/wp-json\/wp\/v2\/posts\/1383","targetHints":{"allow":["GET"]}}],"collection":[{"href":"https:\/\/blogit.lab.fi\/labfocus\/wp-json\/wp\/v2\/posts"}],"about":[{"href":"https:\/\/blogit.lab.fi\/labfocus\/wp-json\/wp\/v2\/types\/post"}],"author":[{"embeddable":true,"href":"https:\/\/blogit.lab.fi\/labfocus\/wp-json\/wp\/v2\/users\/9"}],"replies":[{"embeddable":true,"href":"https:\/\/blogit.lab.fi\/labfocus\/wp-json\/wp\/v2\/comments?post=1383"}],"version-history":[{"count":1,"href":"https:\/\/blogit.lab.fi\/labfocus\/wp-json\/wp\/v2\/posts\/1383\/revisions"}],"predecessor-version":[{"id":1385,"href":"https:\/\/blogit.lab.fi\/labfocus\/wp-json\/wp\/v2\/posts\/1383\/revisions\/1385"}],"wp:featuredmedia":[{"embeddable":true,"href":"https:\/\/blogit.lab.fi\/labfocus\/wp-json\/wp\/v2\/media\/1384"}],"wp:attachment":[{"href":"https:\/\/blogit.lab.fi\/labfocus\/wp-json\/wp\/v2\/media?parent=1383"}],"wp:term":[{"taxonomy":"category","embeddable":true,"href":"https:\/\/blogit.lab.fi\/labfocus\/wp-json\/wp\/v2\/categories?post=1383"},{"taxonomy":"post_tag","embeddable":true,"href":"https:\/\/blogit.lab.fi\/labfocus\/wp-json\/wp\/v2\/tags?post=1383"}],"curies":[{"name":"wp","href":"https:\/\/api.w.org\/{rel}","templated":true}]}}