{"id":14042,"date":"2023-06-20T08:46:28","date_gmt":"2023-06-20T05:46:28","guid":{"rendered":"https:\/\/blogit.lab.fi\/labfocus\/?p=14042"},"modified":"2023-06-20T08:46:30","modified_gmt":"2023-06-20T05:46:30","slug":"vastuullisuuden-palvelumalli-pk-yritysten-kayttoon","status":"publish","type":"post","link":"https:\/\/blogit.lab.fi\/labfocus\/vastuullisuuden-palvelumalli-pk-yritysten-kayttoon\/","title":{"rendered":"Vastuullisuuden palvelumalli pk-yritysten k\u00e4ytt\u00f6\u00f6n"},"content":{"rendered":"\n<p>LAB- ja Laurea-ammattikorkeakoulujen Vihre\u00e4 vastuu -hankkeessa on luotu viimeisen kahden vuoden aikana vastuullisuuden palvelumalli pk-tilitoimistoille ja heid\u00e4n asiakkailleen. (Vihre\u00e4 vastuu 2023; LAB 2023).<\/p>\n\n\n\n<p>Vastuullisuuden palvelumalli muotoiltiin yhteisty\u00f6ss\u00e4 seitsem\u00e4n pilottitilitoimiston kanssa: D-House, Eevan Tupa, Tilitoimisto Terhi Ruokolainen, Tilimix, Kirjausketju, JBB ja E-Profit.<\/p>\n\n\n\n<p><a>Palvelun muotoilussa hy\u00f6dynnettiin useita selvityksi\u00e4 ja tehtiin benchmarking-toimia k\u00e4ytt\u00e4m\u00e4ll\u00e4 esimerkiksi FIBS:n vastuullisuusraporttia, SDG-arviointity\u00f6kalua ja ESG-viitekehyst\u00e4. <\/a>N\u00e4iden k\u00e4yt\u00e4nn\u00f6nl\u00e4heisten ja tieteellisten viitekehysten avulla pyrittiin l\u00f6yt\u00e4m\u00e4\u00e4n ne vastuullisuuden tekij\u00e4t, jotka ovat mitattavissa pieniss\u00e4 yrityksiss\u00e4. Vastuullisuuteen liittyv\u00e4\u00e4 tausta- ja kehitysty\u00f6t\u00e4 on ollut tekem\u00e4ss\u00e4 LAB- ja Laurea-ammattikorkeakoulujen hanketiimist\u00e4 yhteens\u00e4 23 ty\u00f6ntekij\u00e4\u00e4 osa-aikaisesti (Siv\u00e9n <a>2022<\/a>; Siv\u00e9n 2023).\u00a0\u00a0<\/p>\n\n\n\n<figure class=\"wp-block-image size-large\"><img loading=\"lazy\" decoding=\"async\" width=\"1024\" height=\"652\" src=\"https:\/\/blogit.lab.fi\/labfocus\/wp-content\/uploads\/sites\/8\/2023\/06\/486_2023_Vastuullisuuden-palvelumalli-pk-yritysten-kayttoon-1024x652.jpg\" alt=\"\" class=\"wp-image-14044\" srcset=\"https:\/\/blogit.lab.fi\/labfocus\/wp-content\/uploads\/sites\/8\/2023\/06\/486_2023_Vastuullisuuden-palvelumalli-pk-yritysten-kayttoon-1024x652.jpg 1024w, https:\/\/blogit.lab.fi\/labfocus\/wp-content\/uploads\/sites\/8\/2023\/06\/486_2023_Vastuullisuuden-palvelumalli-pk-yritysten-kayttoon-300x191.jpg 300w, https:\/\/blogit.lab.fi\/labfocus\/wp-content\/uploads\/sites\/8\/2023\/06\/486_2023_Vastuullisuuden-palvelumalli-pk-yritysten-kayttoon-768x489.jpg 768w, https:\/\/blogit.lab.fi\/labfocus\/wp-content\/uploads\/sites\/8\/2023\/06\/486_2023_Vastuullisuuden-palvelumalli-pk-yritysten-kayttoon-570x363.jpg 570w, https:\/\/blogit.lab.fi\/labfocus\/wp-content\/uploads\/sites\/8\/2023\/06\/486_2023_Vastuullisuuden-palvelumalli-pk-yritysten-kayttoon.jpg 1280w\" sizes=\"auto, (max-width: 1024px) 100vw, 1024px\" \/><figcaption class=\"wp-element-caption\">Kuva 1. Vihre\u00e4 vastuu -hanke loi ty\u00f6v\u00e4lineit\u00e4 edist\u00e4m\u00e4\u00e4n yritysten vastuullisuutta. (LAB 2023)<\/figcaption><\/figure>\n\n\n\n<p>Vihre\u00e4 tilinp\u00e4\u00e4t\u00f6s- ja vastuullisuusraporttikysely yhdess\u00e4 muodostavat yritysvastuuraportin, jonka avulla pk-yritys voi arvioida yrityksens\u00e4 sosiaalisen-, taloudellisen- ja ymp\u00e4rist\u00f6vastuunsa toteutumista ja kehittymist\u00e4. Hankkeessa tehty vastuullisuuden eri osa-alueita mittaava yritysvastuukysely on saatavilla elokuusta 2023 l\u00e4htien hankkeen internetsivuilta (Vihre\u00e4 vastuu 2023).<\/p>\n\n\n\n<h2 class=\"wp-block-heading\">Yhteisty\u00f6ss\u00e4 mukana yli 40 pk-yrityst\u00e4<\/h2>\n\n\n\n<p>Ymp\u00e4rist\u00f6vastuussa keskeisiksi nousivat muun muassa energian, veden ja polttoaineiden kulutukset sek\u00e4 j\u00e4tteiden kierr\u00e4tys. Sosiaalisen vastuun osalta korostuivat tasa-arvo, ty\u00f6hyvinvointi, sairauspoissaolot, koulutusp\u00e4iv\u00e4t ja ty\u00f6suhteiden luonne. Taloudellisen vastuun osalta huomio kiinnittyi henkil\u00f6st\u00f6n osallistuminen yrityksen toimintaa koskeviin p\u00e4\u00e4t\u00f6ksiin, hallinnointitapoihin, kannattavuuteen sek\u00e4 vakavaraisuuteen suhteessa tulevaisuuteen. (<a>Vihre\u00e4 vastuu 2023<\/a>.)<\/p>\n\n\n\n<p>Vastuullisuuden palvelumallin luomisen lis\u00e4ksi hankkeessa on edistetty vastuullisuuteen liittyv\u00e4\u00e4 tiet\u00e4myst\u00e4 ja ymm\u00e4rryst\u00e4 yrityksille kohdistetun viestinn\u00e4n ja viestinn\u00e4n tukimateriaalien avulla. Materiaalit koostuvat yhteens\u00e4 noin 60:st\u00e4 vastuullisuuteen liittyv\u00e4st\u00e4 ammatillisista artikkelista ja blogista. T\u00e4m\u00e4n lis\u00e4ksi hankkeessa on tehty hanketiimin kesken sek\u00e4 yritysyhteisty\u00f6n\u00e4 noin kymmenen vastuullisuutta k\u00e4sittelev\u00e4\u00e4 podcastia (Laurea 2023; Vihre\u00e4 vastuu 2023).<\/p>\n\n\n\n<p>Yhteiskehitt\u00e4mist\u00e4 on toteutettu yhteens\u00e4 13:ssa vastuullisuutta eri n\u00e4k\u00f6kulmasta k\u00e4sittelev\u00e4ss\u00e4 ty\u00f6pajassa tai webinaarissa yritysten kanssa hankkeen aikana. Aiheina ovat olleet muun muassa tilitoimistojen muutoskyvykkyys ja tulevaisuus, riskienhallinta, viestint\u00e4 ja asiakastarpeet. T\u00e4t\u00e4 yhteisty\u00f6t\u00e4 on toteutettu yhteens\u00e4 yli 40 pk-yrityksen kanssa, joista suurin osa oli tilitoimistoja.<\/p>\n\n\n\n<h2 class=\"wp-block-heading\"><a>Kehitt\u00e4misty\u00f6 jatkuu<\/a>\u00a0<\/h2>\n\n\n\n<p>Vihre\u00e4 vastuu -hankkeessa on tehty laajaa opiskelijayhteisty\u00f6t\u00e4 hanketoimeksiantojen, opintointegrointien ja opinn\u00e4ytet\u00f6iden avulla sek\u00e4 AMK- ett\u00e4 YAMK-opinnoissa. Hankkeeseen on osallistunut noin 840 opiskelijaa, joille on kertynyt hanketoimeksiannoissa noin 3000 opintopistett\u00e4 Laurea- ja LAB-ammattikorkeakouluissa. <a>T\u00e4m\u00e4n vastuullisuusosaamisen lis\u00e4\u00e4ntymisens\u00e4 opiskelijat ovat pystyneet hy\u00f6dynt\u00e4m\u00e4\u00e4n niiss\u00e4 organisaatioissa, joissa ty\u00f6skentelev\u00e4t. <\/a><\/p>\n\n\n\n<p>Palvelumalli ja yritysvastuukysely sek\u00e4 niihin liittyv\u00e4t tukimateriaalit on otettu tilitoimistojen keskuudessa hyvin vastaan, ja osa mukana olleista tilitoimistoista muotoilee omaa palvelutarjontaansa hankkeessa tehdyn yhteisty\u00f6n pohjalta. Hanketuotoksista saadun positiivisen palautteen tuloksena vastuullisuuden ja liiketoiminnan osaamisen kehitt\u00e4misty\u00f6 jatkuu syksyll\u00e4 2023.<\/p>\n\n\n\n<div class=\"wp-block-group has-background\" style=\"background-color:#b3edfb\"><div class=\"wp-block-group__inner-container is-layout-constrained wp-block-group-is-layout-constrained\">\n<p>Kirjoittajat<\/p>\n\n\n\n<p><strong>Terhi Tuominen<\/strong> (KTT) toimii TKI-asiantuntijana ja projektip\u00e4\u00e4llikk\u00f6n\u00e4 Vihre\u00e4 vastuu -hankkeessa (LAB 2023) LAB-ammattikorkeakoulussa.<\/p>\n\n\n\n<p><strong>Suvi Siv\u00e9n<\/strong> (KTM) toimii lehtorina ja projektip\u00e4\u00e4llikk\u00f6n\u00e4 Vihre\u00e4 vastuu -hankkeessa Laurea-ammattikorkeakoulussa.<\/p>\n<\/div><\/div>\n\n\n<div class=\"wp-block-image\">\n<figure class=\"aligncenter size-full is-resized\"><img loading=\"lazy\" decoding=\"async\" src=\"https:\/\/blogit.lab.fi\/labfocus\/wp-content\/uploads\/sites\/8\/2023\/06\/elinkeino-liikenne-ja-ymparistokeskus-2.jpg\" alt=\"\" class=\"wp-image-14043\" width=\"279\" height=\"98\" srcset=\"https:\/\/blogit.lab.fi\/labfocus\/wp-content\/uploads\/sites\/8\/2023\/06\/elinkeino-liikenne-ja-ymparistokeskus-2.jpg 854w, https:\/\/blogit.lab.fi\/labfocus\/wp-content\/uploads\/sites\/8\/2023\/06\/elinkeino-liikenne-ja-ymparistokeskus-2-300x105.jpg 300w, https:\/\/blogit.lab.fi\/labfocus\/wp-content\/uploads\/sites\/8\/2023\/06\/elinkeino-liikenne-ja-ymparistokeskus-2-768x270.jpg 768w, https:\/\/blogit.lab.fi\/labfocus\/wp-content\/uploads\/sites\/8\/2023\/06\/elinkeino-liikenne-ja-ymparistokeskus-2-570x200.jpg 570w\" sizes=\"auto, (max-width: 279px) 100vw, 279px\" \/><\/figure>\n<\/div>\n\n\n<h2 class=\"wp-block-heading\">L\u00e4hteet<\/h2>\n\n\n\n<p>LAB. 2023. Vihre\u00e4 tilinp\u00e4\u00e4t\u00f6s ja vastuullisuus osana vihre\u00e4\u00e4 siirtym\u00e4\u00e4 \u2013 Vihre\u00e4 vastuu. Hanke. Viitattu 15.6.2023. Saatavissa <a href=\"https:\/\/www.lab.fi\/fi\/projekti\/vihrea-tilinpaatos-ja-vastuullisuus-osana-vihreaa-siirtymaa-vihrea-vastuu\" target=\"_blank\" rel=\"noreferrer noopener\">https:\/\/www.lab.fi\/fi\/projekti\/vihrea-tilinpaatos-ja-vastuullisuus-osana-vihreaa-siirtymaa-vihrea-vastuu<\/a><\/p>\n\n\n\n<p>Laurea. 2023. Yritysvastuuraportoinnin ABC. Podcast. Laurea SoundCloud. Viitattu 15.6. 2023. Saatavissa <a href=\"https:\/\/soundcloud.com\/laurea-ammattikorkeakoulu\/sets\/yritysvastuuraportoinnin-abc\" target=\"_blank\" rel=\"noreferrer noopener\">https:\/\/soundcloud.com\/laurea-ammattikorkeakoulu\/sets\/yritysvastuuraportoinnin-abc<\/a><\/p>\n\n\n\n<p>Siv\u00e9n, S. <a>2022.<\/a> Vastuullisuuden taustavaikuttajat. Laurea-julkaisut 194. Viitattu 15.6.2023. Saatavissa <a href=\"https:\/\/urn.fi\/URN:ISBN:978-951-799-658-7\" target=\"_blank\" rel=\"noreferrer noopener\">https:\/\/urn.fi\/URN:ISBN:978-951-799-658-7<\/a><\/p>\n\n\n\n<p>Siv\u00e9n, S. (toim.) 2023. Vastuullisuuden palvelumalli, yritysvastuukysely ja viestint\u00e4. <a>Laurea-<\/a>julkaisut 207. Viitattu 15.6.2023. Saatavissa <a href=\"https:\/\/urn.fi\/URN:ISBN:978-951-799-662-4\" target=\"_blank\" rel=\"noreferrer noopener\">https:\/\/urn.fi\/URN:ISBN:978-951-799-662-4<\/a><\/p>\n\n\n\n<p>Vihre\u00e4 vastuu. 2023. Hankkeen internetsivut. Viitattu 15.6.2023. Saatavissa <a href=\"http:\/\/www.vihreavastuu.fi\" target=\"_blank\" rel=\"noreferrer noopener\">www.vihreavastuu.fi<\/a><\/p>\n\n\n\n<p><a id=\"_msocom_1\"><\/a><\/p>\n\n\n\n<p>\u00a0<a id=\"_msocom_7\"><\/a><\/p>\n\n\n\n<p>\u00a0<\/p>\n\n\n\n<p><a id=\"_msocom_13\"><\/a><\/p>\n\n\n\n<p>\u00a0<\/p>\n","protected":false},"excerpt":{"rendered":"<p>LAB- ja Laurea-ammattikorkeakoulujen Vihre\u00e4 vastuu -hankkeessa on luotu viimeisen kahden vuoden aikana vastuullisuuden palvelumalli pk-tilitoimistoille ja heid\u00e4n asiakkailleen. (Vihre\u00e4 vastuu 2023; LAB 2023). Vastuullisuuden palvelumalli muotoiltiin yhteisty\u00f6ss\u00e4 seitsem\u00e4n pilottitilitoimiston kanssa: D-House, Eevan Tupa, Tilitoimisto Terhi Ruokolainen, Tilimix, Kirjausketju, JBB ja E-Profit. Palvelun muotoilussa hy\u00f6dynnettiin useita selvityksi\u00e4 ja tehtiin benchmarking-toimia k\u00e4ytt\u00e4m\u00e4ll\u00e4 esimerkiksi FIBS:n vastuullisuusraporttia, SDG-arviointity\u00f6kalua ja [&hellip;]<\/p>\n","protected":false},"author":17,"featured_media":14044,"comment_status":"closed","ping_status":"open","sticky":false,"template":"","format":"standard","meta":{"footnotes":""},"categories":[19,407],"tags":[29,3219,3547,502,2881,3904],"class_list":{"0":"post-14042","1":"post","2":"type-post","3":"status-publish","4":"format-standard","5":"has-post-thumbnail","7":"category-innovations_fi","8":"category-uudistuva-ja-kehittyva-yrittajyys","9":"tag-artikkeli-e1","10":"tag-pk-yritykset","11":"tag-tilitoimisto-fi","12":"tag-vastuullisuus","13":"tag-vihrea-vastuu","14":"tag-yritysvastuu-fi","15":"czr-hentry"},"yoast_head":"<!-- This site is optimized with the Yoast SEO plugin v27.4 - https:\/\/yoast.com\/product\/yoast-seo-wordpress\/ -->\n<title>Vastuullisuuden palvelumalli pk-yritysten k\u00e4ytt\u00f6\u00f6n - LAB Focus<\/title>\n<meta name=\"description\" content=\"Vihre\u00e4 vastuu -hanke toteutui LAB-ammattikorkeakoulun ja Laurean yhteisty\u00f6n\u00e4. Hankkeessa tehtiin kehitysty\u00f6t\u00e4 yli 40 pienen ja keskisuuren yrityksen kanssa.\" \/>\n<meta name=\"robots\" content=\"index, follow, max-snippet:-1, max-image-preview:large, max-video-preview:-1\" \/>\n<link rel=\"canonical\" href=\"https:\/\/blogit.lab.fi\/labfocus\/vastuullisuuden-palvelumalli-pk-yritysten-kayttoon\/\" \/>\n<meta property=\"og:locale\" content=\"fi_FI\" \/>\n<meta property=\"og:type\" content=\"article\" \/>\n<meta property=\"og:title\" content=\"Vastuullisuuden palvelumalli pk-yritysten k\u00e4ytt\u00f6\u00f6n - LAB Focus\" \/>\n<meta property=\"og:description\" content=\"Vihre\u00e4 vastuu -hanke toteutui LAB-ammattikorkeakoulun ja Laurean yhteisty\u00f6n\u00e4. Hankkeessa tehtiin kehitysty\u00f6t\u00e4 yli 40 pienen ja keskisuuren yrityksen kanssa.\" \/>\n<meta property=\"og:url\" content=\"https:\/\/blogit.lab.fi\/labfocus\/vastuullisuuden-palvelumalli-pk-yritysten-kayttoon\/\" \/>\n<meta property=\"og:site_name\" content=\"LAB Focus\" \/>\n<meta property=\"article:published_time\" content=\"2023-06-20T05:46:28+00:00\" \/>\n<meta property=\"article:modified_time\" content=\"2023-06-20T05:46:30+00:00\" \/>\n<meta property=\"og:image\" content=\"https:\/\/blogit.lab.fi\/labfocus\/wp-content\/uploads\/sites\/8\/2023\/06\/486_2023_Vastuullisuuden-palvelumalli-pk-yritysten-kayttoon.jpg\" \/>\n\t<meta property=\"og:image:width\" content=\"1280\" \/>\n\t<meta property=\"og:image:height\" content=\"815\" \/>\n\t<meta property=\"og:image:type\" content=\"image\/jpeg\" \/>\n<meta name=\"author\" content=\"tainask\" \/>\n<meta name=\"twitter:card\" content=\"summary_large_image\" \/>\n<meta name=\"twitter:creator\" content=\"@LABfinland\" \/>\n<meta name=\"twitter:site\" content=\"@LABfinland\" \/>\n<meta name=\"twitter:label1\" content=\"Kirjoittanut\" \/>\n\t<meta name=\"twitter:data1\" content=\"tainask\" \/>\n\t<meta name=\"twitter:label2\" content=\"Arvioitu lukuaika\" \/>\n\t<meta name=\"twitter:data2\" content=\"4 minuuttia\" \/>\n<script type=\"application\/ld+json\" class=\"yoast-schema-graph\">{\"@context\":\"https:\\\/\\\/schema.org\",\"@graph\":[{\"@type\":\"Article\",\"@id\":\"https:\\\/\\\/blogit.lab.fi\\\/labfocus\\\/vastuullisuuden-palvelumalli-pk-yritysten-kayttoon\\\/#article\",\"isPartOf\":{\"@id\":\"https:\\\/\\\/blogit.lab.fi\\\/labfocus\\\/vastuullisuuden-palvelumalli-pk-yritysten-kayttoon\\\/\"},\"author\":{\"name\":\"tainask\",\"@id\":\"https:\\\/\\\/blogit.lab.fi\\\/labfocus\\\/#\\\/schema\\\/person\\\/da729f65c4a2fb9fd8f0b1ec7a2ab7d0\"},\"headline\":\"Vastuullisuuden palvelumalli pk-yritysten k\u00e4ytt\u00f6\u00f6n\",\"datePublished\":\"2023-06-20T05:46:28+00:00\",\"dateModified\":\"2023-06-20T05:46:30+00:00\",\"mainEntityOfPage\":{\"@id\":\"https:\\\/\\\/blogit.lab.fi\\\/labfocus\\\/vastuullisuuden-palvelumalli-pk-yritysten-kayttoon\\\/\"},\"wordCount\":547,\"publisher\":{\"@id\":\"https:\\\/\\\/blogit.lab.fi\\\/labfocus\\\/#organization\"},\"image\":{\"@id\":\"https:\\\/\\\/blogit.lab.fi\\\/labfocus\\\/vastuullisuuden-palvelumalli-pk-yritysten-kayttoon\\\/#primaryimage\"},\"thumbnailUrl\":\"https:\\\/\\\/blogit.lab.fi\\\/labfocus\\\/wp-content\\\/uploads\\\/sites\\\/8\\\/2023\\\/06\\\/486_2023_Vastuullisuuden-palvelumalli-pk-yritysten-kayttoon.jpg\",\"keywords\":[\"Artikkeli E1\",\"pk-yritykset\",\"tilitoimisto\",\"vastuullisuus\",\"Vihre\u00e4 vastuu\",\"yritysvastuu\"],\"articleSection\":[\"Innovations\",\"Uudistuva ja kehittyv\u00e4 yritt\u00e4jyys\"],\"inLanguage\":\"fi\"},{\"@type\":\"WebPage\",\"@id\":\"https:\\\/\\\/blogit.lab.fi\\\/labfocus\\\/vastuullisuuden-palvelumalli-pk-yritysten-kayttoon\\\/\",\"url\":\"https:\\\/\\\/blogit.lab.fi\\\/labfocus\\\/vastuullisuuden-palvelumalli-pk-yritysten-kayttoon\\\/\",\"name\":\"Vastuullisuuden palvelumalli pk-yritysten k\u00e4ytt\u00f6\u00f6n - LAB Focus\",\"isPartOf\":{\"@id\":\"https:\\\/\\\/blogit.lab.fi\\\/labfocus\\\/#website\"},\"primaryImageOfPage\":{\"@id\":\"https:\\\/\\\/blogit.lab.fi\\\/labfocus\\\/vastuullisuuden-palvelumalli-pk-yritysten-kayttoon\\\/#primaryimage\"},\"image\":{\"@id\":\"https:\\\/\\\/blogit.lab.fi\\\/labfocus\\\/vastuullisuuden-palvelumalli-pk-yritysten-kayttoon\\\/#primaryimage\"},\"thumbnailUrl\":\"https:\\\/\\\/blogit.lab.fi\\\/labfocus\\\/wp-content\\\/uploads\\\/sites\\\/8\\\/2023\\\/06\\\/486_2023_Vastuullisuuden-palvelumalli-pk-yritysten-kayttoon.jpg\",\"datePublished\":\"2023-06-20T05:46:28+00:00\",\"dateModified\":\"2023-06-20T05:46:30+00:00\",\"description\":\"Vihre\u00e4 vastuu -hanke toteutui LAB-ammattikorkeakoulun ja Laurean yhteisty\u00f6n\u00e4. Hankkeessa tehtiin kehitysty\u00f6t\u00e4 yli 40 pienen ja keskisuuren yrityksen kanssa.\",\"breadcrumb\":{\"@id\":\"https:\\\/\\\/blogit.lab.fi\\\/labfocus\\\/vastuullisuuden-palvelumalli-pk-yritysten-kayttoon\\\/#breadcrumb\"},\"inLanguage\":\"fi\",\"potentialAction\":[{\"@type\":\"ReadAction\",\"target\":[\"https:\\\/\\\/blogit.lab.fi\\\/labfocus\\\/vastuullisuuden-palvelumalli-pk-yritysten-kayttoon\\\/\"]}]},{\"@type\":\"ImageObject\",\"inLanguage\":\"fi\",\"@id\":\"https:\\\/\\\/blogit.lab.fi\\\/labfocus\\\/vastuullisuuden-palvelumalli-pk-yritysten-kayttoon\\\/#primaryimage\",\"url\":\"https:\\\/\\\/blogit.lab.fi\\\/labfocus\\\/wp-content\\\/uploads\\\/sites\\\/8\\\/2023\\\/06\\\/486_2023_Vastuullisuuden-palvelumalli-pk-yritysten-kayttoon.jpg\",\"contentUrl\":\"https:\\\/\\\/blogit.lab.fi\\\/labfocus\\\/wp-content\\\/uploads\\\/sites\\\/8\\\/2023\\\/06\\\/486_2023_Vastuullisuuden-palvelumalli-pk-yritysten-kayttoon.jpg\",\"width\":1280,\"height\":815,\"caption\":\"5 rows of coins arranged in ascending order.Seedlings on coins.\"},{\"@type\":\"BreadcrumbList\",\"@id\":\"https:\\\/\\\/blogit.lab.fi\\\/labfocus\\\/vastuullisuuden-palvelumalli-pk-yritysten-kayttoon\\\/#breadcrumb\",\"itemListElement\":[{\"@type\":\"ListItem\",\"position\":1,\"name\":\"Home\",\"item\":\"https:\\\/\\\/blogit.lab.fi\\\/labfocus\\\/\"},{\"@type\":\"ListItem\",\"position\":2,\"name\":\"Vastuullisuuden palvelumalli pk-yritysten k\u00e4ytt\u00f6\u00f6n\"}]},{\"@type\":\"WebSite\",\"@id\":\"https:\\\/\\\/blogit.lab.fi\\\/labfocus\\\/#website\",\"url\":\"https:\\\/\\\/blogit.lab.fi\\\/labfocus\\\/\",\"name\":\"LAB Focus\",\"description\":\"Focus Area blog | LAB University of Applied Sciences\",\"publisher\":{\"@id\":\"https:\\\/\\\/blogit.lab.fi\\\/labfocus\\\/#organization\"},\"potentialAction\":[{\"@type\":\"SearchAction\",\"target\":{\"@type\":\"EntryPoint\",\"urlTemplate\":\"https:\\\/\\\/blogit.lab.fi\\\/labfocus\\\/?s={search_term_string}\"},\"query-input\":{\"@type\":\"PropertyValueSpecification\",\"valueRequired\":true,\"valueName\":\"search_term_string\"}}],\"inLanguage\":\"fi\"},{\"@type\":\"Organization\",\"@id\":\"https:\\\/\\\/blogit.lab.fi\\\/labfocus\\\/#organization\",\"name\":\"LAB Focus\",\"url\":\"https:\\\/\\\/blogit.lab.fi\\\/labfocus\\\/\",\"logo\":{\"@type\":\"ImageObject\",\"inLanguage\":\"fi\",\"@id\":\"https:\\\/\\\/blogit.lab.fi\\\/labfocus\\\/#\\\/schema\\\/logo\\\/image\\\/\",\"url\":\"https:\\\/\\\/blogit.lab.fi\\\/labfocus\\\/wp-content\\\/uploads\\\/sites\\\/8\\\/2020\\\/04\\\/cropped-cropped-tunnus_blogi-01.png\",\"contentUrl\":\"https:\\\/\\\/blogit.lab.fi\\\/labfocus\\\/wp-content\\\/uploads\\\/sites\\\/8\\\/2020\\\/04\\\/cropped-cropped-tunnus_blogi-01.png\",\"width\":1342,\"height\":288,\"caption\":\"LAB Focus\"},\"image\":{\"@id\":\"https:\\\/\\\/blogit.lab.fi\\\/labfocus\\\/#\\\/schema\\\/logo\\\/image\\\/\"},\"sameAs\":[\"https:\\\/\\\/x.com\\\/LABfinland\"]},{\"@type\":\"Person\",\"@id\":\"https:\\\/\\\/blogit.lab.fi\\\/labfocus\\\/#\\\/schema\\\/person\\\/da729f65c4a2fb9fd8f0b1ec7a2ab7d0\",\"name\":\"tainask\",\"image\":{\"@type\":\"ImageObject\",\"inLanguage\":\"fi\",\"@id\":\"https:\\\/\\\/secure.gravatar.com\\\/avatar\\\/4a96427877ef826b76e80c27f60b266128094f522551459346efcf14282febb3?s=96&d=mm&r=g\",\"url\":\"https:\\\/\\\/secure.gravatar.com\\\/avatar\\\/4a96427877ef826b76e80c27f60b266128094f522551459346efcf14282febb3?s=96&d=mm&r=g\",\"contentUrl\":\"https:\\\/\\\/secure.gravatar.com\\\/avatar\\\/4a96427877ef826b76e80c27f60b266128094f522551459346efcf14282febb3?s=96&d=mm&r=g\",\"caption\":\"tainask\"},\"url\":\"https:\\\/\\\/blogit.lab.fi\\\/labfocus\\\/author\\\/tainask\\\/\"}]}<\/script>\n<!-- \/ Yoast SEO plugin. -->","yoast_head_json":{"title":"Vastuullisuuden palvelumalli pk-yritysten k\u00e4ytt\u00f6\u00f6n - LAB Focus","description":"Vihre\u00e4 vastuu -hanke toteutui LAB-ammattikorkeakoulun ja Laurean yhteisty\u00f6n\u00e4. Hankkeessa tehtiin kehitysty\u00f6t\u00e4 yli 40 pienen ja keskisuuren yrityksen kanssa.","robots":{"index":"index","follow":"follow","max-snippet":"max-snippet:-1","max-image-preview":"max-image-preview:large","max-video-preview":"max-video-preview:-1"},"canonical":"https:\/\/blogit.lab.fi\/labfocus\/vastuullisuuden-palvelumalli-pk-yritysten-kayttoon\/","og_locale":"fi_FI","og_type":"article","og_title":"Vastuullisuuden palvelumalli pk-yritysten k\u00e4ytt\u00f6\u00f6n - LAB Focus","og_description":"Vihre\u00e4 vastuu -hanke toteutui LAB-ammattikorkeakoulun ja Laurean yhteisty\u00f6n\u00e4. Hankkeessa tehtiin kehitysty\u00f6t\u00e4 yli 40 pienen ja keskisuuren yrityksen kanssa.","og_url":"https:\/\/blogit.lab.fi\/labfocus\/vastuullisuuden-palvelumalli-pk-yritysten-kayttoon\/","og_site_name":"LAB Focus","article_published_time":"2023-06-20T05:46:28+00:00","article_modified_time":"2023-06-20T05:46:30+00:00","og_image":[{"width":1280,"height":815,"url":"https:\/\/blogit.lab.fi\/labfocus\/wp-content\/uploads\/sites\/8\/2023\/06\/486_2023_Vastuullisuuden-palvelumalli-pk-yritysten-kayttoon.jpg","type":"image\/jpeg"}],"author":"tainask","twitter_card":"summary_large_image","twitter_creator":"@LABfinland","twitter_site":"@LABfinland","twitter_misc":{"Kirjoittanut":"tainask","Arvioitu lukuaika":"4 minuuttia"},"schema":{"@context":"https:\/\/schema.org","@graph":[{"@type":"Article","@id":"https:\/\/blogit.lab.fi\/labfocus\/vastuullisuuden-palvelumalli-pk-yritysten-kayttoon\/#article","isPartOf":{"@id":"https:\/\/blogit.lab.fi\/labfocus\/vastuullisuuden-palvelumalli-pk-yritysten-kayttoon\/"},"author":{"name":"tainask","@id":"https:\/\/blogit.lab.fi\/labfocus\/#\/schema\/person\/da729f65c4a2fb9fd8f0b1ec7a2ab7d0"},"headline":"Vastuullisuuden palvelumalli pk-yritysten k\u00e4ytt\u00f6\u00f6n","datePublished":"2023-06-20T05:46:28+00:00","dateModified":"2023-06-20T05:46:30+00:00","mainEntityOfPage":{"@id":"https:\/\/blogit.lab.fi\/labfocus\/vastuullisuuden-palvelumalli-pk-yritysten-kayttoon\/"},"wordCount":547,"publisher":{"@id":"https:\/\/blogit.lab.fi\/labfocus\/#organization"},"image":{"@id":"https:\/\/blogit.lab.fi\/labfocus\/vastuullisuuden-palvelumalli-pk-yritysten-kayttoon\/#primaryimage"},"thumbnailUrl":"https:\/\/blogit.lab.fi\/labfocus\/wp-content\/uploads\/sites\/8\/2023\/06\/486_2023_Vastuullisuuden-palvelumalli-pk-yritysten-kayttoon.jpg","keywords":["Artikkeli E1","pk-yritykset","tilitoimisto","vastuullisuus","Vihre\u00e4 vastuu","yritysvastuu"],"articleSection":["Innovations","Uudistuva ja kehittyv\u00e4 yritt\u00e4jyys"],"inLanguage":"fi"},{"@type":"WebPage","@id":"https:\/\/blogit.lab.fi\/labfocus\/vastuullisuuden-palvelumalli-pk-yritysten-kayttoon\/","url":"https:\/\/blogit.lab.fi\/labfocus\/vastuullisuuden-palvelumalli-pk-yritysten-kayttoon\/","name":"Vastuullisuuden palvelumalli pk-yritysten k\u00e4ytt\u00f6\u00f6n - LAB Focus","isPartOf":{"@id":"https:\/\/blogit.lab.fi\/labfocus\/#website"},"primaryImageOfPage":{"@id":"https:\/\/blogit.lab.fi\/labfocus\/vastuullisuuden-palvelumalli-pk-yritysten-kayttoon\/#primaryimage"},"image":{"@id":"https:\/\/blogit.lab.fi\/labfocus\/vastuullisuuden-palvelumalli-pk-yritysten-kayttoon\/#primaryimage"},"thumbnailUrl":"https:\/\/blogit.lab.fi\/labfocus\/wp-content\/uploads\/sites\/8\/2023\/06\/486_2023_Vastuullisuuden-palvelumalli-pk-yritysten-kayttoon.jpg","datePublished":"2023-06-20T05:46:28+00:00","dateModified":"2023-06-20T05:46:30+00:00","description":"Vihre\u00e4 vastuu -hanke toteutui LAB-ammattikorkeakoulun ja Laurean yhteisty\u00f6n\u00e4. Hankkeessa tehtiin kehitysty\u00f6t\u00e4 yli 40 pienen ja keskisuuren yrityksen kanssa.","breadcrumb":{"@id":"https:\/\/blogit.lab.fi\/labfocus\/vastuullisuuden-palvelumalli-pk-yritysten-kayttoon\/#breadcrumb"},"inLanguage":"fi","potentialAction":[{"@type":"ReadAction","target":["https:\/\/blogit.lab.fi\/labfocus\/vastuullisuuden-palvelumalli-pk-yritysten-kayttoon\/"]}]},{"@type":"ImageObject","inLanguage":"fi","@id":"https:\/\/blogit.lab.fi\/labfocus\/vastuullisuuden-palvelumalli-pk-yritysten-kayttoon\/#primaryimage","url":"https:\/\/blogit.lab.fi\/labfocus\/wp-content\/uploads\/sites\/8\/2023\/06\/486_2023_Vastuullisuuden-palvelumalli-pk-yritysten-kayttoon.jpg","contentUrl":"https:\/\/blogit.lab.fi\/labfocus\/wp-content\/uploads\/sites\/8\/2023\/06\/486_2023_Vastuullisuuden-palvelumalli-pk-yritysten-kayttoon.jpg","width":1280,"height":815,"caption":"5 rows of coins arranged in ascending order.Seedlings on coins."},{"@type":"BreadcrumbList","@id":"https:\/\/blogit.lab.fi\/labfocus\/vastuullisuuden-palvelumalli-pk-yritysten-kayttoon\/#breadcrumb","itemListElement":[{"@type":"ListItem","position":1,"name":"Home","item":"https:\/\/blogit.lab.fi\/labfocus\/"},{"@type":"ListItem","position":2,"name":"Vastuullisuuden palvelumalli pk-yritysten k\u00e4ytt\u00f6\u00f6n"}]},{"@type":"WebSite","@id":"https:\/\/blogit.lab.fi\/labfocus\/#website","url":"https:\/\/blogit.lab.fi\/labfocus\/","name":"LAB Focus","description":"Focus Area blog | LAB University of Applied Sciences","publisher":{"@id":"https:\/\/blogit.lab.fi\/labfocus\/#organization"},"potentialAction":[{"@type":"SearchAction","target":{"@type":"EntryPoint","urlTemplate":"https:\/\/blogit.lab.fi\/labfocus\/?s={search_term_string}"},"query-input":{"@type":"PropertyValueSpecification","valueRequired":true,"valueName":"search_term_string"}}],"inLanguage":"fi"},{"@type":"Organization","@id":"https:\/\/blogit.lab.fi\/labfocus\/#organization","name":"LAB Focus","url":"https:\/\/blogit.lab.fi\/labfocus\/","logo":{"@type":"ImageObject","inLanguage":"fi","@id":"https:\/\/blogit.lab.fi\/labfocus\/#\/schema\/logo\/image\/","url":"https:\/\/blogit.lab.fi\/labfocus\/wp-content\/uploads\/sites\/8\/2020\/04\/cropped-cropped-tunnus_blogi-01.png","contentUrl":"https:\/\/blogit.lab.fi\/labfocus\/wp-content\/uploads\/sites\/8\/2020\/04\/cropped-cropped-tunnus_blogi-01.png","width":1342,"height":288,"caption":"LAB Focus"},"image":{"@id":"https:\/\/blogit.lab.fi\/labfocus\/#\/schema\/logo\/image\/"},"sameAs":["https:\/\/x.com\/LABfinland"]},{"@type":"Person","@id":"https:\/\/blogit.lab.fi\/labfocus\/#\/schema\/person\/da729f65c4a2fb9fd8f0b1ec7a2ab7d0","name":"tainask","image":{"@type":"ImageObject","inLanguage":"fi","@id":"https:\/\/secure.gravatar.com\/avatar\/4a96427877ef826b76e80c27f60b266128094f522551459346efcf14282febb3?s=96&d=mm&r=g","url":"https:\/\/secure.gravatar.com\/avatar\/4a96427877ef826b76e80c27f60b266128094f522551459346efcf14282febb3?s=96&d=mm&r=g","contentUrl":"https:\/\/secure.gravatar.com\/avatar\/4a96427877ef826b76e80c27f60b266128094f522551459346efcf14282febb3?s=96&d=mm&r=g","caption":"tainask"},"url":"https:\/\/blogit.lab.fi\/labfocus\/author\/tainask\/"}]}},"_links":{"self":[{"href":"https:\/\/blogit.lab.fi\/labfocus\/wp-json\/wp\/v2\/posts\/14042","targetHints":{"allow":["GET"]}}],"collection":[{"href":"https:\/\/blogit.lab.fi\/labfocus\/wp-json\/wp\/v2\/posts"}],"about":[{"href":"https:\/\/blogit.lab.fi\/labfocus\/wp-json\/wp\/v2\/types\/post"}],"author":[{"embeddable":true,"href":"https:\/\/blogit.lab.fi\/labfocus\/wp-json\/wp\/v2\/users\/17"}],"replies":[{"embeddable":true,"href":"https:\/\/blogit.lab.fi\/labfocus\/wp-json\/wp\/v2\/comments?post=14042"}],"version-history":[{"count":1,"href":"https:\/\/blogit.lab.fi\/labfocus\/wp-json\/wp\/v2\/posts\/14042\/revisions"}],"predecessor-version":[{"id":14045,"href":"https:\/\/blogit.lab.fi\/labfocus\/wp-json\/wp\/v2\/posts\/14042\/revisions\/14045"}],"wp:featuredmedia":[{"embeddable":true,"href":"https:\/\/blogit.lab.fi\/labfocus\/wp-json\/wp\/v2\/media\/14044"}],"wp:attachment":[{"href":"https:\/\/blogit.lab.fi\/labfocus\/wp-json\/wp\/v2\/media?parent=14042"}],"wp:term":[{"taxonomy":"category","embeddable":true,"href":"https:\/\/blogit.lab.fi\/labfocus\/wp-json\/wp\/v2\/categories?post=14042"},{"taxonomy":"post_tag","embeddable":true,"href":"https:\/\/blogit.lab.fi\/labfocus\/wp-json\/wp\/v2\/tags?post=14042"}],"curies":[{"name":"wp","href":"https:\/\/api.w.org\/{rel}","templated":true}]}}