{"id":14258,"date":"2023-08-10T13:41:12","date_gmt":"2023-08-10T10:41:12","guid":{"rendered":"https:\/\/blogit.lab.fi\/labfocus\/?p=14258"},"modified":"2023-08-10T13:41:14","modified_gmt":"2023-08-10T10:41:14","slug":"pienyritykset-ennakoimassa-tulevaisuutta","status":"publish","type":"post","link":"https:\/\/blogit.lab.fi\/labfocus\/pienyritykset-ennakoimassa-tulevaisuutta\/","title":{"rendered":"Pienyritykset ennakoimassa tulevaisuutta"},"content":{"rendered":"\n<p>KETTER\u00c4 \u2012 Ty\u00f6hyvinvoinnin, osaamisen ja ty\u00f6urien muutoskyvykkyytt\u00e4 mikro- ja pk-yrityksille (LAB 2023) -hankkeen yhten\u00e4 tavoitteena on lis\u00e4t\u00e4 Etel\u00e4-Karjalan mikro- ja pk-yritysten osaamista arvioida, ennakoida ja valita tarve- ja ihmisl\u00e4ht\u00f6isi\u00e4 ty\u00f6kaluja ty\u00f6hyvinvoinnin, osaamisen ja ty\u00f6urien kehitt\u00e4miseen tulevaisuudessa. Seuraavassa kuvataan kokemuksia hankkeen tulevaisuusty\u00f6skentelyty\u00f6pajasta pienyritysten johdolle.<\/p>\n\n\n\n<figure class=\"wp-block-image size-large\"><img loading=\"lazy\" decoding=\"async\" width=\"1024\" height=\"659\" src=\"https:\/\/blogit.lab.fi\/labfocus\/wp-content\/uploads\/sites\/8\/2023\/08\/532_2023_Pienyritykset-ennakoimassa-tulevaisuutta-1024x659.jpg\" alt=\"\" class=\"wp-image-14260\" srcset=\"https:\/\/blogit.lab.fi\/labfocus\/wp-content\/uploads\/sites\/8\/2023\/08\/532_2023_Pienyritykset-ennakoimassa-tulevaisuutta-1024x659.jpg 1024w, https:\/\/blogit.lab.fi\/labfocus\/wp-content\/uploads\/sites\/8\/2023\/08\/532_2023_Pienyritykset-ennakoimassa-tulevaisuutta-300x193.jpg 300w, https:\/\/blogit.lab.fi\/labfocus\/wp-content\/uploads\/sites\/8\/2023\/08\/532_2023_Pienyritykset-ennakoimassa-tulevaisuutta-768x494.jpg 768w, https:\/\/blogit.lab.fi\/labfocus\/wp-content\/uploads\/sites\/8\/2023\/08\/532_2023_Pienyritykset-ennakoimassa-tulevaisuutta-570x367.jpg 570w, https:\/\/blogit.lab.fi\/labfocus\/wp-content\/uploads\/sites\/8\/2023\/08\/532_2023_Pienyritykset-ennakoimassa-tulevaisuutta.jpg 1280w\" sizes=\"auto, (max-width: 1024px) 100vw, 1024px\" \/><figcaption class=\"wp-element-caption\">Kuva 1. Kirsi Kallioniemi ohjaamassa tulevaisuuden ennakointia KETTER\u00c4-hankkeen yrityksille toukokuun ty\u00f6pajassa. (Kuva: Annukka Heinonen)<\/figcaption><\/figure>\n\n\n\n<h2 class=\"wp-block-heading\">Muutoskyvyn vaaliminen on systemaattista ja johdettua toimintaa<\/h2>\n\n\n\n<p>Nopeissa muutoksissa ja lis\u00e4\u00e4ntyv\u00e4ss\u00e4 kompleksisuudessa, ep\u00e4varmuudessa ja monitulkintaisuudessa tarvitaan proaktiivista, ennakoivaa otetta muutoksiin. Ennakointi- ja muutoskyvykkyys syntyy, kun s\u00e4\u00e4nn\u00f6llisesti osataan nousta arjen haasteiden yl\u00e4puolelle katsomaan uhkia ja mahdollisuuksia. T\u00e4rke\u00e4\u00e4 on k\u00e4yt\u00e4nn\u00f6nl\u00e4heinen kokeilu ja muutosten toimeenpano yhdess\u00e4 asiakkaiden ja muiden sidosryhmien kanssa. (Koskinen 2017.)<\/p>\n\n\n\n<p>KETTER\u00c4-hankkeessa (LAB 2023) osallistujayritysten johdon mukaan muutoskyvyn vaaliminen esimerkiksi ennakoimalla tulevaa on osa yritysten arkea, mutta se ei usein n\u00e4ytt\u00e4ydy systemaattisena toimintana, jota johdettaisiin aktiivisesti. Ty\u00f6pajassa yritysten johto tunnisti tulevaisuuden n\u00e4kymiksi muun muassa jatkuvan oppimisen, vastuullisuuden ja kest\u00e4v\u00e4n kehityksen, v\u00e4est\u00f6n ik\u00e4\u00e4ntymisen, kaupungistumisen, digitalisaation ja automatisaation, ty\u00f6el\u00e4m\u00e4n pirstaloitumisen sek\u00e4 kustannusten nousun.<\/p>\n\n\n\n<p>Hankkeen asiantuntijat tarkastelivat yritysten tulevaisuuden n\u00e4kymi\u00e4 Sitran (2023) megatrendikorttien n\u00e4k\u00f6kulmasta. He tunnistivat johdon n\u00e4kymien lis\u00e4ksi ty\u00f6voiman saatavuuden heikkenemisen, terveysteknologian mahdollisuudet seurata ja tukea ty\u00f6hyvinvointia sek\u00e4 vihre\u00e4st\u00e4 siirtym\u00e4st\u00e4 johtuvien uudenlaisten materiaali- ja logistiikkaratkaisujen lis\u00e4\u00e4ntymisen.<\/p>\n\n\n\n<h2 class=\"wp-block-heading\">Tulevaisuusty\u00f6skentely koettiin haastavaksi mutta tarpeelliseksi<\/h2>\n\n\n\n<p>K\u00e4yt\u00e4nn\u00f6nl\u00e4heinen ennakointi on erilaisten tulevaisuuskuvien laatimista ja niiden avulla varautumista tulevaan. KETTER\u00c4-hankkeen (LAB 2023) ty\u00f6pajassa yritysten johtoa koulutettiin tulevaisuusty\u00f6h\u00f6n ja ennakointiin. Johto tunnisti toimintaymp\u00e4rist\u00f6ns\u00e4 muutostekij\u00f6it\u00e4 (megatrendej\u00e4, trendej\u00e4, heikkoja signaaleja ja mustia joutsenia) ja laati niiden avulla kolme erilaista vaihtoehtoista tulevaisuuskuvaa pohtien muutostekij\u00f6iden vaikutuksia omaan yritystoimintaansa. Johto hahmotteli my\u00f6s tavoitevisiota ty\u00f6hyvinvoinnista, osaamisesta ja ty\u00f6urista. Johto koki tulevaisuusty\u00f6skentelyn haasteelliseksi, mutta innostavaksi ja uusia ajatuksia her\u00e4tt\u00e4v\u00e4ksi.<\/p>\n\n\n\n<p>Tulevaisuuden n\u00e4kymien tunnistaminen ja ty\u00f6st\u00e4minen esimerkiksi ennakoiden on t\u00e4rke\u00e4 taito yrityksille, sill\u00e4 uudistuminen yll\u00e4pit\u00e4\u00e4 kilpailukyky\u00e4 (Malinen ym. 2023, 4). Tulevaisuusty\u00f6 tai ennakointi ei ole vain analyysej\u00e4 ja arviointia, vaan my\u00f6s toimintaa ja tekemist\u00e4 tulevaisuuden muokkaamiseksi (Aalto 2022). Ennakoivassa organisaatiossa ennakointitoiminta on jatkuvaa yhdess\u00e4 tekemist\u00e4. Lis\u00e4ksi ennakoinnissa hy\u00f6dynnet\u00e4\u00e4n useita erilaisia n\u00e4k\u00f6kulmia ja menetelmi\u00e4 oman toimialan ulkopuolelta. Tavoitteena on yhteinen jaettu ymm\u00e4rrys tulevaisuudesta, sill\u00e4 ei ole olemassa vain yht\u00e4 tulevaisuutta, vaan se luodaan yhdess\u00e4. (Koskinen &amp; Kaivo-oja 2017.)<\/p>\n\n\n\n<p>K\u00e4yt\u00e4nn\u00f6n ennakointity\u00f6n avuksi on laadittu useita oppaita, kuten Merimatka tulevaisuuteen: Ennakoinnin ty\u00f6kirja yrityksille ja elinkeinoel\u00e4m\u00e4n toimijoille (Heponiemi &amp; Suutari 2022). Ty\u00f6kirja on tarkoitettu yritysten ennakointity\u00f6n tueksi ja tulevaisuuteen liittyv\u00e4n ajattelun vahvistamiseksi.<\/p>\n\n\n\n<div class=\"wp-block-group has-background\" style=\"background-color:#b3edfb\"><div class=\"wp-block-group__inner-container is-layout-constrained wp-block-group-is-layout-constrained\">\n<p>Kirjoittajat<\/p>\n\n\n\n<p><strong>Annukka Heinonen<\/strong> (tradenomi YAMK) ty\u00f6skentelee LAB-ammattikorkeakoulussa TKI-asiantuntijana ja toimii KETTER\u00c4 \u2013 ty\u00f6hyvinvoinnin, osaamisen ja ty\u00f6urien muutoskyvykkyytt\u00e4 mikro- ja pk-yrityksille-hankkeessa asiantuntijana. H\u00e4n on k\u00e4yt\u00e4nn\u00f6nl\u00e4heinen pienyritysten muutoskyvyn kehitt\u00e4j\u00e4.<\/p>\n\n\n\n<p><strong>Kirsi Kallioniemi<\/strong> (HL) ty\u00f6skentelee LAB-ammattikorkeakoulussa lehtorina ja TKI-asiantuntijana. H\u00e4n on innostunut ennakoinnista ja pienyritysten osaamisen kehitt\u00e4misest\u00e4.&nbsp;<\/p>\n\n\n\n<p><strong>Sari Soutukorva<\/strong> (TtM, ft) on LABin hyvinvointiyksik\u00f6n lehtori ja toimii KETTER\u00c4 \u2013 ty\u00f6hyvinvoinnin, osaamisen ja ty\u00f6urien muutoskyvykkyytt\u00e4 mikro- ja pk-yrityksille-hankkeessa asiantuntijana. H\u00e4n on kiinnostunut kehitt\u00e4m\u00e4\u00e4n ja tutkimaan ty\u00f6el\u00e4m\u00e4\u00e4 ja ty\u00f6hyvinvointia.<\/p>\n<\/div><\/div>\n\n\n<div class=\"wp-block-image\">\n<figure class=\"aligncenter size-full is-resized\"><img loading=\"lazy\" decoding=\"async\" src=\"https:\/\/blogit.lab.fi\/labfocus\/wp-content\/uploads\/sites\/8\/2023\/08\/ESRvipu_217x100px.png\" alt=\"\" class=\"wp-image-14261\" style=\"width:284px;height:132px\" width=\"284\" height=\"132\" \/><\/figure>\n<\/div>\n\n\n<h2 class=\"wp-block-heading\">L\u00e4hteet<\/h2>\n\n\n\n<p>Aalto, H-K. 2022. Ennakointi \u2013 Tulevaisuuksiin varautumisen ja viritt\u00e4ytymisen n\u00e4k\u00f6kulma. Teoksessa H-K. Aalto, K. Heikkil\u00e4, P. Keski-Pukkila, M. M\u00e4ki &amp; M. P\u00f6ll\u00e4nen (toim.) Tulevaisuudentutkimus tutuksi \u2013 Perusteita ja menetelmi\u00e4. Tulevaisuudentutkimuksen Verkostoakatemian julkaisuja 1\/2022., Tulevaisuuden tutkimuskeskus, Turun yliopisto. 347\u2013358. Viitattu 9.5.2023. Saatavissa: <a href=\"https:\/\/urn.fi\/URN:ISBN:978-952-249-563-1\">https:\/\/urn.fi\/URN:ISBN:978-952-249-563-1<\/a><\/p>\n\n\n\n<p>Heponiemi, K. &amp; Suutari, H. 2022. Merimatka tulevaisuuteen: Ennakoinnin ty\u00f6kirja yrityksille ja elinkeinoel\u00e4m\u00e4n toimijoille. LAB-ammattikorkeakoulun julkaisusarja, osa 46. Viitattu 7.6.2023.&nbsp; Saatavissa <a href=\"https:\/\/www.theseus.fi\/handle\/10024\/756203\">https:\/\/www.theseus.fi\/handle\/10024\/756203<\/a><\/p>\n\n\n\n<p>Koskinen, J. 2017. Muutoksen fasilitisointi. Muutoksiin yhdess\u00e4 oppien. Tehy. Viitattu 22.5.2023. Saatavissa <a href=\"https:\/\/www.tehy.fi\/fi\/system\/files\/mfiles\/muu_dokumentti\/tehyn_tulevaisuusasiakirja_2017_id_9569.pdf\">https:\/\/www.tehy.fi\/fi\/system\/files\/mfiles\/muu_dokumentti\/tehyn_tulevaisuusasiakirja_2017_id_9569.pdf<\/a><\/p>\n\n\n\n<p>Koskinen, J. &amp; Kaivo-oja, J. 2017. Kohti maailmanluokan ennakointi- ja muutoskyvykkyytt\u00e4. Julkaisussa Muutoksiin yhdess\u00e4 oppien. Tehy. Viitattu 22.5.2023. Saatavissa <a href=\"https:\/\/www.tehy.fi\/fi\/system\/files\/mfiles\/muu_dokumentti\/tehyn_tulevaisuusasiakirja_2017_id_9569.pdf\">https:\/\/www.tehy.fi\/fi\/system\/files\/mfiles\/muu_dokumentti\/tehyn_tulevaisuusasiakirja_2017_id_9569.pdf<\/a>.<\/p>\n\n\n\n<p>LAB. 2023. KETTER\u00c4 &#8211; Ty\u00f6hyvinvoinnin, osaamisen ja ty\u00f6urien muutoskyvykkyytt\u00e4 mikro- ja pk-yrityksille. Hanke. Viitattu 9.5.2023. Saatavissa <a href=\"https:\/\/www.lab.fi\/fi\/projekti\/kettera-tyohyvinvoinnin-osaamisen-ja-tyourien-muutoskyvykkyytta-mikro-ja-pk-yrityksille\">https:\/\/www.lab.fi\/fi\/projekti\/kettera-tyohyvinvoinnin-osaamisen-ja-tyourien-muutoskyvykkyytta-mikro-ja-pk-yrityksille<\/a><\/p>\n\n\n\n<p>Malinen, P., Ohlsbom, R. &amp; Vehmanen, E-S. 2023. PK-Yritysbarometri \u2012 Kev\u00e4t 2023. Suomen Yritt\u00e4j\u00e4t, Finnvera Oyj &amp; Ty\u00f6- ja elinkeinoministeri\u00f6. Viitattu 9.5.2023. Saatavissa <a href=\"https:\/\/www.yrittajat.fi\/wp-content\/uploads\/2023\/02\/sy_pk_barometri_kevat2023_web.pdf\">https:\/\/www.yrittajat.fi\/wp-content\/uploads\/2023\/02\/sy_pk_barometri_kevat2023_web.pdf<\/a><\/p>\n\n\n\n<p>Sitra. 2023. Megatrendikortit. Tunne tulevaisuutesi. Viitattu 9.5.2023. Saatavissa <a href=\"https:\/\/www.sitra.fi\/julkaisut\/megatrendikortit-2023\/\">https:\/\/www.sitra.fi\/julkaisut\/megatrendikortit-2023\/<\/a><\/p>\n","protected":false},"excerpt":{"rendered":"<p>KETTER\u00c4 \u2012 Ty\u00f6hyvinvoinnin, osaamisen ja ty\u00f6urien muutoskyvykkyytt\u00e4 mikro- ja pk-yrityksille (LAB 2023) -hankkeen yhten\u00e4 tavoitteena on lis\u00e4t\u00e4 Etel\u00e4-Karjalan mikro- ja pk-yritysten osaamista arvioida, ennakoida ja valita tarve- ja ihmisl\u00e4ht\u00f6isi\u00e4 ty\u00f6kaluja ty\u00f6hyvinvoinnin, osaamisen ja ty\u00f6urien kehitt\u00e4miseen tulevaisuudessa. Seuraavassa kuvataan kokemuksia hankkeen tulevaisuusty\u00f6skentelyty\u00f6pajasta pienyritysten johdolle. Muutoskyvyn vaaliminen on systemaattista ja johdettua toimintaa Nopeissa muutoksissa ja lis\u00e4\u00e4ntyv\u00e4ss\u00e4 kompleksisuudessa, [&hellip;]<\/p>\n","protected":false},"author":17,"featured_media":14260,"comment_status":"closed","ping_status":"open","sticky":false,"template":"","format":"standard","meta":{"footnotes":""},"categories":[15,119],"tags":[29,2608,6308,7004,3330],"class_list":{"0":"post-14258","1":"post","2":"type-post","3":"status-publish","4":"format-standard","5":"has-post-thumbnail","7":"category-health_fi","8":"category-osallisuuden-edistaminen-ja-turvallinen-arki","9":"tag-artikkeli-e1","10":"tag-ennakointi","11":"tag-kettera","12":"tag-pienyritykset","13":"tag-tulevaisuustaidot","14":"czr-hentry"},"yoast_head":"<!-- This site is optimized with the Yoast SEO plugin v27.5 - https:\/\/yoast.com\/product\/yoast-seo-wordpress\/ -->\n<title>Pienyritykset ennakoimassa tulevaisuutta - LAB Focus<\/title>\n<meta name=\"robots\" content=\"index, follow, max-snippet:-1, max-image-preview:large, max-video-preview:-1\" \/>\n<link rel=\"canonical\" href=\"https:\/\/blogit.lab.fi\/labfocus\/pienyritykset-ennakoimassa-tulevaisuutta\/\" \/>\n<meta property=\"og:locale\" content=\"fi_FI\" \/>\n<meta property=\"og:type\" content=\"article\" \/>\n<meta property=\"og:title\" content=\"Pienyritykset ennakoimassa tulevaisuutta - LAB Focus\" \/>\n<meta property=\"og:description\" content=\"KETTER\u00c4 \u2012 Ty\u00f6hyvinvoinnin, osaamisen ja ty\u00f6urien muutoskyvykkyytt\u00e4 mikro- ja pk-yrityksille (LAB 2023) -hankkeen yhten\u00e4 tavoitteena on lis\u00e4t\u00e4 Etel\u00e4-Karjalan mikro- ja pk-yritysten osaamista arvioida, ennakoida ja valita tarve- ja ihmisl\u00e4ht\u00f6isi\u00e4 ty\u00f6kaluja ty\u00f6hyvinvoinnin, osaamisen ja ty\u00f6urien kehitt\u00e4miseen tulevaisuudessa. Seuraavassa kuvataan kokemuksia hankkeen tulevaisuusty\u00f6skentelyty\u00f6pajasta pienyritysten johdolle. Muutoskyvyn vaaliminen on systemaattista ja johdettua toimintaa Nopeissa muutoksissa ja lis\u00e4\u00e4ntyv\u00e4ss\u00e4 kompleksisuudessa, [&hellip;]\" \/>\n<meta property=\"og:url\" content=\"https:\/\/blogit.lab.fi\/labfocus\/pienyritykset-ennakoimassa-tulevaisuutta\/\" \/>\n<meta property=\"og:site_name\" content=\"LAB Focus\" \/>\n<meta property=\"article:published_time\" content=\"2023-08-10T10:41:12+00:00\" \/>\n<meta property=\"article:modified_time\" content=\"2023-08-10T10:41:14+00:00\" \/>\n<meta property=\"og:image\" content=\"https:\/\/blogit.lab.fi\/labfocus\/wp-content\/uploads\/sites\/8\/2023\/08\/532_2023_Pienyritykset-ennakoimassa-tulevaisuutta.jpg\" \/>\n\t<meta property=\"og:image:width\" content=\"1280\" \/>\n\t<meta property=\"og:image:height\" content=\"824\" \/>\n\t<meta property=\"og:image:type\" content=\"image\/jpeg\" \/>\n<meta name=\"author\" content=\"tainask\" \/>\n<meta name=\"twitter:card\" content=\"summary_large_image\" \/>\n<meta name=\"twitter:creator\" content=\"@LABfinland\" \/>\n<meta name=\"twitter:site\" content=\"@LABfinland\" \/>\n<meta name=\"twitter:label1\" content=\"Kirjoittanut\" \/>\n\t<meta name=\"twitter:data1\" content=\"tainask\" \/>\n\t<meta name=\"twitter:label2\" content=\"Arvioitu lukuaika\" \/>\n\t<meta name=\"twitter:data2\" content=\"4 minuuttia\" \/>\n<script type=\"application\/ld+json\" class=\"yoast-schema-graph\">{\"@context\":\"https:\\\/\\\/schema.org\",\"@graph\":[{\"@type\":\"Article\",\"@id\":\"https:\\\/\\\/blogit.lab.fi\\\/labfocus\\\/pienyritykset-ennakoimassa-tulevaisuutta\\\/#article\",\"isPartOf\":{\"@id\":\"https:\\\/\\\/blogit.lab.fi\\\/labfocus\\\/pienyritykset-ennakoimassa-tulevaisuutta\\\/\"},\"author\":{\"name\":\"tainask\",\"@id\":\"https:\\\/\\\/blogit.lab.fi\\\/labfocus\\\/#\\\/schema\\\/person\\\/da729f65c4a2fb9fd8f0b1ec7a2ab7d0\"},\"headline\":\"Pienyritykset ennakoimassa tulevaisuutta\",\"datePublished\":\"2023-08-10T10:41:12+00:00\",\"dateModified\":\"2023-08-10T10:41:14+00:00\",\"mainEntityOfPage\":{\"@id\":\"https:\\\/\\\/blogit.lab.fi\\\/labfocus\\\/pienyritykset-ennakoimassa-tulevaisuutta\\\/\"},\"wordCount\":743,\"publisher\":{\"@id\":\"https:\\\/\\\/blogit.lab.fi\\\/labfocus\\\/#organization\"},\"image\":{\"@id\":\"https:\\\/\\\/blogit.lab.fi\\\/labfocus\\\/pienyritykset-ennakoimassa-tulevaisuutta\\\/#primaryimage\"},\"thumbnailUrl\":\"https:\\\/\\\/blogit.lab.fi\\\/labfocus\\\/wp-content\\\/uploads\\\/sites\\\/8\\\/2023\\\/08\\\/532_2023_Pienyritykset-ennakoimassa-tulevaisuutta.jpg\",\"keywords\":[\"Artikkeli E1\",\"ennakointi\",\"KETTER\u00c4\",\"pienyritykset\",\"tulevaisuustaidot\"],\"articleSection\":[\"Health\",\"Osallisuus, ty\u00f6el\u00e4m\u00e4 ja turvallinen arki\"],\"inLanguage\":\"fi\"},{\"@type\":\"WebPage\",\"@id\":\"https:\\\/\\\/blogit.lab.fi\\\/labfocus\\\/pienyritykset-ennakoimassa-tulevaisuutta\\\/\",\"url\":\"https:\\\/\\\/blogit.lab.fi\\\/labfocus\\\/pienyritykset-ennakoimassa-tulevaisuutta\\\/\",\"name\":\"Pienyritykset ennakoimassa tulevaisuutta - LAB Focus\",\"isPartOf\":{\"@id\":\"https:\\\/\\\/blogit.lab.fi\\\/labfocus\\\/#website\"},\"primaryImageOfPage\":{\"@id\":\"https:\\\/\\\/blogit.lab.fi\\\/labfocus\\\/pienyritykset-ennakoimassa-tulevaisuutta\\\/#primaryimage\"},\"image\":{\"@id\":\"https:\\\/\\\/blogit.lab.fi\\\/labfocus\\\/pienyritykset-ennakoimassa-tulevaisuutta\\\/#primaryimage\"},\"thumbnailUrl\":\"https:\\\/\\\/blogit.lab.fi\\\/labfocus\\\/wp-content\\\/uploads\\\/sites\\\/8\\\/2023\\\/08\\\/532_2023_Pienyritykset-ennakoimassa-tulevaisuutta.jpg\",\"datePublished\":\"2023-08-10T10:41:12+00:00\",\"dateModified\":\"2023-08-10T10:41:14+00:00\",\"breadcrumb\":{\"@id\":\"https:\\\/\\\/blogit.lab.fi\\\/labfocus\\\/pienyritykset-ennakoimassa-tulevaisuutta\\\/#breadcrumb\"},\"inLanguage\":\"fi\",\"potentialAction\":[{\"@type\":\"ReadAction\",\"target\":[\"https:\\\/\\\/blogit.lab.fi\\\/labfocus\\\/pienyritykset-ennakoimassa-tulevaisuutta\\\/\"]}]},{\"@type\":\"ImageObject\",\"inLanguage\":\"fi\",\"@id\":\"https:\\\/\\\/blogit.lab.fi\\\/labfocus\\\/pienyritykset-ennakoimassa-tulevaisuutta\\\/#primaryimage\",\"url\":\"https:\\\/\\\/blogit.lab.fi\\\/labfocus\\\/wp-content\\\/uploads\\\/sites\\\/8\\\/2023\\\/08\\\/532_2023_Pienyritykset-ennakoimassa-tulevaisuutta.jpg\",\"contentUrl\":\"https:\\\/\\\/blogit.lab.fi\\\/labfocus\\\/wp-content\\\/uploads\\\/sites\\\/8\\\/2023\\\/08\\\/532_2023_Pienyritykset-ennakoimassa-tulevaisuutta.jpg\",\"width\":1280,\"height\":824},{\"@type\":\"BreadcrumbList\",\"@id\":\"https:\\\/\\\/blogit.lab.fi\\\/labfocus\\\/pienyritykset-ennakoimassa-tulevaisuutta\\\/#breadcrumb\",\"itemListElement\":[{\"@type\":\"ListItem\",\"position\":1,\"name\":\"Home\",\"item\":\"https:\\\/\\\/blogit.lab.fi\\\/labfocus\\\/\"},{\"@type\":\"ListItem\",\"position\":2,\"name\":\"Pienyritykset ennakoimassa tulevaisuutta\"}]},{\"@type\":\"WebSite\",\"@id\":\"https:\\\/\\\/blogit.lab.fi\\\/labfocus\\\/#website\",\"url\":\"https:\\\/\\\/blogit.lab.fi\\\/labfocus\\\/\",\"name\":\"LAB Focus\",\"description\":\"Focus Area blog | LAB University of Applied Sciences\",\"publisher\":{\"@id\":\"https:\\\/\\\/blogit.lab.fi\\\/labfocus\\\/#organization\"},\"potentialAction\":[{\"@type\":\"SearchAction\",\"target\":{\"@type\":\"EntryPoint\",\"urlTemplate\":\"https:\\\/\\\/blogit.lab.fi\\\/labfocus\\\/?s={search_term_string}\"},\"query-input\":{\"@type\":\"PropertyValueSpecification\",\"valueRequired\":true,\"valueName\":\"search_term_string\"}}],\"inLanguage\":\"fi\"},{\"@type\":\"Organization\",\"@id\":\"https:\\\/\\\/blogit.lab.fi\\\/labfocus\\\/#organization\",\"name\":\"LAB Focus\",\"url\":\"https:\\\/\\\/blogit.lab.fi\\\/labfocus\\\/\",\"logo\":{\"@type\":\"ImageObject\",\"inLanguage\":\"fi\",\"@id\":\"https:\\\/\\\/blogit.lab.fi\\\/labfocus\\\/#\\\/schema\\\/logo\\\/image\\\/\",\"url\":\"https:\\\/\\\/blogit.lab.fi\\\/labfocus\\\/wp-content\\\/uploads\\\/sites\\\/8\\\/2020\\\/04\\\/cropped-cropped-tunnus_blogi-01.png\",\"contentUrl\":\"https:\\\/\\\/blogit.lab.fi\\\/labfocus\\\/wp-content\\\/uploads\\\/sites\\\/8\\\/2020\\\/04\\\/cropped-cropped-tunnus_blogi-01.png\",\"width\":1342,\"height\":288,\"caption\":\"LAB Focus\"},\"image\":{\"@id\":\"https:\\\/\\\/blogit.lab.fi\\\/labfocus\\\/#\\\/schema\\\/logo\\\/image\\\/\"},\"sameAs\":[\"https:\\\/\\\/x.com\\\/LABfinland\"]},{\"@type\":\"Person\",\"@id\":\"https:\\\/\\\/blogit.lab.fi\\\/labfocus\\\/#\\\/schema\\\/person\\\/da729f65c4a2fb9fd8f0b1ec7a2ab7d0\",\"name\":\"tainask\",\"image\":{\"@type\":\"ImageObject\",\"inLanguage\":\"fi\",\"@id\":\"https:\\\/\\\/secure.gravatar.com\\\/avatar\\\/4a96427877ef826b76e80c27f60b266128094f522551459346efcf14282febb3?s=96&d=mm&r=g\",\"url\":\"https:\\\/\\\/secure.gravatar.com\\\/avatar\\\/4a96427877ef826b76e80c27f60b266128094f522551459346efcf14282febb3?s=96&d=mm&r=g\",\"contentUrl\":\"https:\\\/\\\/secure.gravatar.com\\\/avatar\\\/4a96427877ef826b76e80c27f60b266128094f522551459346efcf14282febb3?s=96&d=mm&r=g\",\"caption\":\"tainask\"},\"url\":\"https:\\\/\\\/blogit.lab.fi\\\/labfocus\\\/author\\\/tainask\\\/\"}]}<\/script>\n<!-- \/ Yoast SEO plugin. -->","yoast_head_json":{"title":"Pienyritykset ennakoimassa tulevaisuutta - LAB Focus","robots":{"index":"index","follow":"follow","max-snippet":"max-snippet:-1","max-image-preview":"max-image-preview:large","max-video-preview":"max-video-preview:-1"},"canonical":"https:\/\/blogit.lab.fi\/labfocus\/pienyritykset-ennakoimassa-tulevaisuutta\/","og_locale":"fi_FI","og_type":"article","og_title":"Pienyritykset ennakoimassa tulevaisuutta - LAB Focus","og_description":"KETTER\u00c4 \u2012 Ty\u00f6hyvinvoinnin, osaamisen ja ty\u00f6urien muutoskyvykkyytt\u00e4 mikro- ja pk-yrityksille (LAB 2023) -hankkeen yhten\u00e4 tavoitteena on lis\u00e4t\u00e4 Etel\u00e4-Karjalan mikro- ja pk-yritysten osaamista arvioida, ennakoida ja valita tarve- ja ihmisl\u00e4ht\u00f6isi\u00e4 ty\u00f6kaluja ty\u00f6hyvinvoinnin, osaamisen ja ty\u00f6urien kehitt\u00e4miseen tulevaisuudessa. Seuraavassa kuvataan kokemuksia hankkeen tulevaisuusty\u00f6skentelyty\u00f6pajasta pienyritysten johdolle. Muutoskyvyn vaaliminen on systemaattista ja johdettua toimintaa Nopeissa muutoksissa ja lis\u00e4\u00e4ntyv\u00e4ss\u00e4 kompleksisuudessa, [&hellip;]","og_url":"https:\/\/blogit.lab.fi\/labfocus\/pienyritykset-ennakoimassa-tulevaisuutta\/","og_site_name":"LAB Focus","article_published_time":"2023-08-10T10:41:12+00:00","article_modified_time":"2023-08-10T10:41:14+00:00","og_image":[{"width":1280,"height":824,"url":"https:\/\/blogit.lab.fi\/labfocus\/wp-content\/uploads\/sites\/8\/2023\/08\/532_2023_Pienyritykset-ennakoimassa-tulevaisuutta.jpg","type":"image\/jpeg"}],"author":"tainask","twitter_card":"summary_large_image","twitter_creator":"@LABfinland","twitter_site":"@LABfinland","twitter_misc":{"Kirjoittanut":"tainask","Arvioitu lukuaika":"4 minuuttia"},"schema":{"@context":"https:\/\/schema.org","@graph":[{"@type":"Article","@id":"https:\/\/blogit.lab.fi\/labfocus\/pienyritykset-ennakoimassa-tulevaisuutta\/#article","isPartOf":{"@id":"https:\/\/blogit.lab.fi\/labfocus\/pienyritykset-ennakoimassa-tulevaisuutta\/"},"author":{"name":"tainask","@id":"https:\/\/blogit.lab.fi\/labfocus\/#\/schema\/person\/da729f65c4a2fb9fd8f0b1ec7a2ab7d0"},"headline":"Pienyritykset ennakoimassa tulevaisuutta","datePublished":"2023-08-10T10:41:12+00:00","dateModified":"2023-08-10T10:41:14+00:00","mainEntityOfPage":{"@id":"https:\/\/blogit.lab.fi\/labfocus\/pienyritykset-ennakoimassa-tulevaisuutta\/"},"wordCount":743,"publisher":{"@id":"https:\/\/blogit.lab.fi\/labfocus\/#organization"},"image":{"@id":"https:\/\/blogit.lab.fi\/labfocus\/pienyritykset-ennakoimassa-tulevaisuutta\/#primaryimage"},"thumbnailUrl":"https:\/\/blogit.lab.fi\/labfocus\/wp-content\/uploads\/sites\/8\/2023\/08\/532_2023_Pienyritykset-ennakoimassa-tulevaisuutta.jpg","keywords":["Artikkeli E1","ennakointi","KETTER\u00c4","pienyritykset","tulevaisuustaidot"],"articleSection":["Health","Osallisuus, ty\u00f6el\u00e4m\u00e4 ja turvallinen arki"],"inLanguage":"fi"},{"@type":"WebPage","@id":"https:\/\/blogit.lab.fi\/labfocus\/pienyritykset-ennakoimassa-tulevaisuutta\/","url":"https:\/\/blogit.lab.fi\/labfocus\/pienyritykset-ennakoimassa-tulevaisuutta\/","name":"Pienyritykset ennakoimassa tulevaisuutta - LAB Focus","isPartOf":{"@id":"https:\/\/blogit.lab.fi\/labfocus\/#website"},"primaryImageOfPage":{"@id":"https:\/\/blogit.lab.fi\/labfocus\/pienyritykset-ennakoimassa-tulevaisuutta\/#primaryimage"},"image":{"@id":"https:\/\/blogit.lab.fi\/labfocus\/pienyritykset-ennakoimassa-tulevaisuutta\/#primaryimage"},"thumbnailUrl":"https:\/\/blogit.lab.fi\/labfocus\/wp-content\/uploads\/sites\/8\/2023\/08\/532_2023_Pienyritykset-ennakoimassa-tulevaisuutta.jpg","datePublished":"2023-08-10T10:41:12+00:00","dateModified":"2023-08-10T10:41:14+00:00","breadcrumb":{"@id":"https:\/\/blogit.lab.fi\/labfocus\/pienyritykset-ennakoimassa-tulevaisuutta\/#breadcrumb"},"inLanguage":"fi","potentialAction":[{"@type":"ReadAction","target":["https:\/\/blogit.lab.fi\/labfocus\/pienyritykset-ennakoimassa-tulevaisuutta\/"]}]},{"@type":"ImageObject","inLanguage":"fi","@id":"https:\/\/blogit.lab.fi\/labfocus\/pienyritykset-ennakoimassa-tulevaisuutta\/#primaryimage","url":"https:\/\/blogit.lab.fi\/labfocus\/wp-content\/uploads\/sites\/8\/2023\/08\/532_2023_Pienyritykset-ennakoimassa-tulevaisuutta.jpg","contentUrl":"https:\/\/blogit.lab.fi\/labfocus\/wp-content\/uploads\/sites\/8\/2023\/08\/532_2023_Pienyritykset-ennakoimassa-tulevaisuutta.jpg","width":1280,"height":824},{"@type":"BreadcrumbList","@id":"https:\/\/blogit.lab.fi\/labfocus\/pienyritykset-ennakoimassa-tulevaisuutta\/#breadcrumb","itemListElement":[{"@type":"ListItem","position":1,"name":"Home","item":"https:\/\/blogit.lab.fi\/labfocus\/"},{"@type":"ListItem","position":2,"name":"Pienyritykset ennakoimassa tulevaisuutta"}]},{"@type":"WebSite","@id":"https:\/\/blogit.lab.fi\/labfocus\/#website","url":"https:\/\/blogit.lab.fi\/labfocus\/","name":"LAB Focus","description":"Focus Area blog | LAB University of Applied Sciences","publisher":{"@id":"https:\/\/blogit.lab.fi\/labfocus\/#organization"},"potentialAction":[{"@type":"SearchAction","target":{"@type":"EntryPoint","urlTemplate":"https:\/\/blogit.lab.fi\/labfocus\/?s={search_term_string}"},"query-input":{"@type":"PropertyValueSpecification","valueRequired":true,"valueName":"search_term_string"}}],"inLanguage":"fi"},{"@type":"Organization","@id":"https:\/\/blogit.lab.fi\/labfocus\/#organization","name":"LAB Focus","url":"https:\/\/blogit.lab.fi\/labfocus\/","logo":{"@type":"ImageObject","inLanguage":"fi","@id":"https:\/\/blogit.lab.fi\/labfocus\/#\/schema\/logo\/image\/","url":"https:\/\/blogit.lab.fi\/labfocus\/wp-content\/uploads\/sites\/8\/2020\/04\/cropped-cropped-tunnus_blogi-01.png","contentUrl":"https:\/\/blogit.lab.fi\/labfocus\/wp-content\/uploads\/sites\/8\/2020\/04\/cropped-cropped-tunnus_blogi-01.png","width":1342,"height":288,"caption":"LAB Focus"},"image":{"@id":"https:\/\/blogit.lab.fi\/labfocus\/#\/schema\/logo\/image\/"},"sameAs":["https:\/\/x.com\/LABfinland"]},{"@type":"Person","@id":"https:\/\/blogit.lab.fi\/labfocus\/#\/schema\/person\/da729f65c4a2fb9fd8f0b1ec7a2ab7d0","name":"tainask","image":{"@type":"ImageObject","inLanguage":"fi","@id":"https:\/\/secure.gravatar.com\/avatar\/4a96427877ef826b76e80c27f60b266128094f522551459346efcf14282febb3?s=96&d=mm&r=g","url":"https:\/\/secure.gravatar.com\/avatar\/4a96427877ef826b76e80c27f60b266128094f522551459346efcf14282febb3?s=96&d=mm&r=g","contentUrl":"https:\/\/secure.gravatar.com\/avatar\/4a96427877ef826b76e80c27f60b266128094f522551459346efcf14282febb3?s=96&d=mm&r=g","caption":"tainask"},"url":"https:\/\/blogit.lab.fi\/labfocus\/author\/tainask\/"}]}},"_links":{"self":[{"href":"https:\/\/blogit.lab.fi\/labfocus\/wp-json\/wp\/v2\/posts\/14258","targetHints":{"allow":["GET"]}}],"collection":[{"href":"https:\/\/blogit.lab.fi\/labfocus\/wp-json\/wp\/v2\/posts"}],"about":[{"href":"https:\/\/blogit.lab.fi\/labfocus\/wp-json\/wp\/v2\/types\/post"}],"author":[{"embeddable":true,"href":"https:\/\/blogit.lab.fi\/labfocus\/wp-json\/wp\/v2\/users\/17"}],"replies":[{"embeddable":true,"href":"https:\/\/blogit.lab.fi\/labfocus\/wp-json\/wp\/v2\/comments?post=14258"}],"version-history":[{"count":1,"href":"https:\/\/blogit.lab.fi\/labfocus\/wp-json\/wp\/v2\/posts\/14258\/revisions"}],"predecessor-version":[{"id":14262,"href":"https:\/\/blogit.lab.fi\/labfocus\/wp-json\/wp\/v2\/posts\/14258\/revisions\/14262"}],"wp:featuredmedia":[{"embeddable":true,"href":"https:\/\/blogit.lab.fi\/labfocus\/wp-json\/wp\/v2\/media\/14260"}],"wp:attachment":[{"href":"https:\/\/blogit.lab.fi\/labfocus\/wp-json\/wp\/v2\/media?parent=14258"}],"wp:term":[{"taxonomy":"category","embeddable":true,"href":"https:\/\/blogit.lab.fi\/labfocus\/wp-json\/wp\/v2\/categories?post=14258"},{"taxonomy":"post_tag","embeddable":true,"href":"https:\/\/blogit.lab.fi\/labfocus\/wp-json\/wp\/v2\/tags?post=14258"}],"curies":[{"name":"wp","href":"https:\/\/api.w.org\/{rel}","templated":true}]}}