{"id":14546,"date":"2023-08-29T10:13:42","date_gmt":"2023-08-29T07:13:42","guid":{"rendered":"https:\/\/blogit.lab.fi\/labfocus\/?p=14546"},"modified":"2024-03-15T11:08:53","modified_gmt":"2024-03-15T09:08:53","slug":"tavoitteena-kansainvalinen-innovaatioekosysteemi","status":"publish","type":"post","link":"https:\/\/blogit.lab.fi\/labfocus\/tavoitteena-kansainvalinen-innovaatioekosysteemi\/","title":{"rendered":"Tavoitteena kansainv\u00e4linen innovaatioekosysteemi"},"content":{"rendered":"\n<p>Lappeenranta-Imatran kaupunkiseudun ekosysteemisopimuksen toimeenpanokohtaan on kirjattu yhdeksi kokonaisuudeksi TalentHUB Etel\u00e4-Karjala -toimintamallin k\u00e4ytt\u00f6\u00f6notto, oppimisen kytkeminen yritysten kehitt\u00e4miseen sek\u00e4 liikeideoiden kaupallistaminen (<a>TEM 2020, 6<\/a>). Kokonaisuutta on kehitetty viime vuosina muun muassa TalentHUB Etel\u00e4-Karjala sek\u00e4 LABeko1-hankkeissa.<\/p>\n\n\n\n<p>Syyskuussa 2023 alkava LAB-ammattikorkeakoulun LABeko2 \u2013 verkostoidu, kehit\u00e4, kansainv\u00e4listy, menesty -hanke (LAB 2023) kehitt\u00e4\u00e4 jo olemassaolevia toimintamalleja ja kasvattaa innovaatioekosysteemi\u00e4 kansainv\u00e4liseksi.<\/p>\n\n\n\n<h2 class=\"wp-block-heading\">Kansainv\u00e4lisilt\u00e4 opiskelijoilta osaamista<\/h2>\n\n\n\n<p>Yhten\u00e4 t\u00e4rkeimp\u00e4n\u00e4 kokonaisuutena hankkeessa yhdistet\u00e4\u00e4n yritysten ja opiskelijoiden tarpeet sek\u00e4 kehitt\u00e4misajatukset. Erityisen\u00e4 painopisteen\u00e4 on kansainv\u00e4listen opiskelijoiden osaamisen hy\u00f6dynt\u00e4minen yritysten kasvu- ja kansainv\u00e4listymistoimenpiteiss\u00e4.&nbsp; Opiskelijoiden saaminen mukaan alueen yritysten kehitt\u00e4misprojekteihin madaltaa kynnyst\u00e4 ty\u00f6llisty\u00e4 opintojen j\u00e4lkeen kyseiseen yritykseen. Aidot yritysten kanssa teht\u00e4v\u00e4t kehitt\u00e4misprojektit ovat my\u00f6s opiskelijoille mielenkiintoisempia, ja t\u00e4ll\u00e4 toivotaan olevan vaikutusta my\u00f6s hakijamarkkinointiin hankkeen j\u00e4lkeen.<\/p>\n\n\n\n<figure class=\"wp-block-image size-large\"><img loading=\"lazy\" decoding=\"async\" width=\"1024\" height=\"610\" src=\"https:\/\/blogit.lab.fi\/labfocus\/wp-content\/uploads\/sites\/8\/2023\/08\/535_2023_Tavoitteena-kansainvalinen-innovaatioekosysteemi-1024x610.jpg\" alt=\"\" class=\"wp-image-14547\" srcset=\"https:\/\/blogit.lab.fi\/labfocus\/wp-content\/uploads\/sites\/8\/2023\/08\/535_2023_Tavoitteena-kansainvalinen-innovaatioekosysteemi-1024x610.jpg 1024w, https:\/\/blogit.lab.fi\/labfocus\/wp-content\/uploads\/sites\/8\/2023\/08\/535_2023_Tavoitteena-kansainvalinen-innovaatioekosysteemi-300x179.jpg 300w, https:\/\/blogit.lab.fi\/labfocus\/wp-content\/uploads\/sites\/8\/2023\/08\/535_2023_Tavoitteena-kansainvalinen-innovaatioekosysteemi-768x458.jpg 768w, https:\/\/blogit.lab.fi\/labfocus\/wp-content\/uploads\/sites\/8\/2023\/08\/535_2023_Tavoitteena-kansainvalinen-innovaatioekosysteemi-570x340.jpg 570w, https:\/\/blogit.lab.fi\/labfocus\/wp-content\/uploads\/sites\/8\/2023\/08\/535_2023_Tavoitteena-kansainvalinen-innovaatioekosysteemi.jpg 1280w\" sizes=\"auto, (max-width: 1024px) 100vw, 1024px\" \/><figcaption class=\"wp-element-caption\">Kuva 1. Opiskelijoiden aktivointi yritysten kehitt\u00e4mistoimenpiteiss\u00e4 on t\u00e4rke\u00e4\u00e4. (Kuva: Eetu Karppinen)<\/figcaption><\/figure>\n\n\n\n<h2 class=\"wp-block-heading\">Euroopan laajuinen yritysverkosto tukena<\/h2>\n\n\n\n<p>Yhten\u00e4 tavoitteena on rakentaa kasvavia ja kehittyvi\u00e4 yrityksi\u00e4 palveleva kansainv\u00e4linen yritysverkosto. Hankkeen aikana selvitet\u00e4\u00e4n Euroopan tasolla \u201dBusiness Mill -tyyppiset toimijat\u201d ja vieraillaan n\u00e4ist\u00e4 yhdess\u00e4 tai kahdessa. Yritysverkoston tavoitteena on kehitt\u00e4\u00e4 etel\u00e4karjalaisten yritysten kansainv\u00e4listymissuunnitelmia ja sit\u00e4 kautta mahdollisuuksia ty\u00f6llist\u00e4\u00e4 kansainv\u00e4lisi\u00e4 opiskelijoita.<\/p>\n\n\n\n<p>Kansainv\u00e4lisess\u00e4 yritysverkostossa verkostot ja uudet yhteisty\u00f6avaukset ovat keski\u00f6ss\u00e4, samoin opiskelijoiden osallistaminen verkostoon. &nbsp;<\/p>\n\n\n\n<h2 class=\"wp-block-heading\">Mentoriverkosto osana ekosysteemi\u00e4<\/h2>\n\n\n\n<p>Hankkeen aikana luodaan mentoriverkosto, joka luo yhteen hankkeen kohderyhm\u00e4\u00e4n kuuluvat yritykset sek\u00e4 yritt\u00e4jyydest\u00e4 kiinnostuneet opiskelijat. Alueelta l\u00f6ytyy paljon yritt\u00e4ji\u00e4, joilla olisi korkeakouluopiskelijoille annettavaa mentoroinnin merkeiss\u00e4. Hy\u00f6dyn tulee olla molemminpuolista, ja siksi opiskelijat tekev\u00e4t kehitt\u00e4misprojekteja yrityksiin. Koko hankkeen tavoiteltavat tulokset voidaan kiteytt\u00e4\u00e4 kolmeen eri kokonaisuuteen:<\/p>\n\n\n\n<ol class=\"wp-block-list\" style=\"list-style-type:1\">\n<li>Etel\u00e4-Karjalan alueen yrityksi\u00e4 palveleva ja kansainv\u00e4lisi\u00e4 opiskelijoita houkutteleva innovaatioekosysteemi Lappeenranta-Imatra kaupunkiseudulla<\/li>\n\n\n\n<li>alueen yrityksill\u00e4 ja opiskelijoilla on k\u00e4yt\u00f6ss\u00e4 kansainv\u00e4linen yritysverkosto<\/li>\n\n\n\n<li>LAB-ammattikorkeakoulu on yksi Euroopan yritt\u00e4jyysmy\u00f6nteisimmist\u00e4 kampuksista.<\/li>\n<\/ol>\n\n\n\n<p>Tulosten saavuttamiseksi hankkeen suunnittelussa on mietitty tarkkaan opiskelija- ja yritysl\u00e4ht\u00f6isyys. Hankkeen ty\u00f6ryhm\u00e4 koostuu projektip\u00e4\u00e4llik\u00f6n lis\u00e4ksi kahdesta opiskelijasta sek\u00e4 yhdest\u00e4 osa-aikaisesta lehtorista, jolla on vahva yritt\u00e4j\u00e4tausta.<\/p>\n\n\n\n<p>Opiskelijaresurssien hy\u00f6dynt\u00e4minen mahdollistaa tarvel\u00e4ht\u00f6isen toiminnan sek\u00e4 luonnollisen viestinn\u00e4n hankkeesta ja siin\u00e4 vahvistuvien toimintamallien hy\u00f6dyist\u00e4. Projektip\u00e4\u00e4llik\u00f6n teht\u00e4v\u00e4n\u00e4 on toimia mentorin roolissa kohderyhmien suuntaan sek\u00e4 kooten yritysten sek\u00e4 opiskelijoiden tarpeita, kokemuksia ja onnistumisia yhteen.<\/p>\n\n\n\n<div class=\"wp-block-group has-background\" style=\"background-color:#b3edfb\"><div class=\"wp-block-group__inner-container is-layout-constrained wp-block-group-is-layout-constrained\">\n<p>Kirjoittaja<\/p>\n\n\n\n<p><strong>Kaisa Taina<\/strong>, tradenomi, toimii LAB-ammattikorkeakoulussa Business Mill -yrityshautomossa asiantuntijana sek\u00e4 LABeko2 -hankkeen projektip\u00e4\u00e4llikk\u00f6n\u00e4.<\/p>\n<\/div><\/div>\n\n\n<div class=\"wp-block-image\">\n<figure class=\"aligncenter size-full is-resized\"><img loading=\"lazy\" decoding=\"async\" width=\"1000\" height=\"165\" src=\"https:\/\/blogit.lab.fi\/labfocus\/wp-content\/uploads\/sites\/8\/2024\/03\/LABeko-2.png\" alt=\"\" class=\"wp-image-17969\" style=\"width:552px;height:auto\" srcset=\"https:\/\/blogit.lab.fi\/labfocus\/wp-content\/uploads\/sites\/8\/2024\/03\/LABeko-2.png 1000w, https:\/\/blogit.lab.fi\/labfocus\/wp-content\/uploads\/sites\/8\/2024\/03\/LABeko-2-300x50.png 300w, https:\/\/blogit.lab.fi\/labfocus\/wp-content\/uploads\/sites\/8\/2024\/03\/LABeko-2-768x127.png 768w, https:\/\/blogit.lab.fi\/labfocus\/wp-content\/uploads\/sites\/8\/2024\/03\/LABeko-2-570x94.png 570w\" sizes=\"auto, (max-width: 1000px) 100vw, 1000px\" \/><\/figure>\n<\/div>\n\n\n<h2 class=\"wp-block-heading\">L\u00e4hteet<\/h2>\n\n\n\n<p><a>LAB. <\/a>2023. LABeko2 \u2013 verkostoidu, kehit\u00e4, kansainv\u00e4listy, menesty. Hankesuunnitelma. LAB-ammattikorkeakoulu.<\/p>\n\n\n\n<p>TEM. 2020. Ty\u00f6voima- ja elinkeinoministeri\u00f6. Innovaatiotoiminnan ekosysteemisopimus Lappeenrannan-Imatran kaupunkiseudun ja valtion v\u00e4lill\u00e4 2021\u20132027. Viitattu 24.7.2023. Saatavissa <a href=\"https:\/\/tem.fi\/documents\/1410877\/0\/Lappeenranta+sopimus+FINAL+(1).pdf\/fb244766-72b5-9a7c-66ed-90a91888fd91\/Lappeenranta+sopimus+FINAL+(1).pdf?t=1615882018213\">https:\/\/tem.fi\/documents\/1410877\/0\/Lappeenranta+sopimus+FINAL+(1).pdf\/fb244766-72b5-9a7c-66ed-90a91888fd91\/Lappeenranta+sopimus+FINAL+(1).pdf?t=1615882018213<\/a><\/p>\n\n\n\n<p><a id=\"_msocom_1\"><\/a><\/p>\n\n\n\n<p>&nbsp;<\/p>\n","protected":false},"excerpt":{"rendered":"<p>Lappeenranta-Imatran kaupunkiseudun ekosysteemisopimuksen toimeenpanokohtaan on kirjattu yhdeksi kokonaisuudeksi TalentHUB Etel\u00e4-Karjala -toimintamallin k\u00e4ytt\u00f6\u00f6notto, oppimisen kytkeminen yritysten kehitt\u00e4miseen sek\u00e4 liikeideoiden kaupallistaminen (TEM 2020, 6). Kokonaisuutta on kehitetty viime vuosina muun muassa TalentHUB Etel\u00e4-Karjala sek\u00e4 LABeko1-hankkeissa. Syyskuussa 2023 alkava LAB-ammattikorkeakoulun LABeko2 \u2013 verkostoidu, kehit\u00e4, kansainv\u00e4listy, menesty -hanke (LAB 2023) kehitt\u00e4\u00e4 jo olemassaolevia toimintamalleja ja kasvattaa innovaatioekosysteemi\u00e4 kansainv\u00e4liseksi. Kansainv\u00e4lisilt\u00e4 [&hellip;]<\/p>\n","protected":false},"author":17,"featured_media":14547,"comment_status":"closed","ping_status":"open","sticky":false,"template":"","format":"standard","meta":{"footnotes":""},"categories":[19,407],"tags":[29,703,257,2049,696,203,7253],"class_list":{"0":"post-14546","1":"post","2":"type-post","3":"status-publish","4":"format-standard","5":"has-post-thumbnail","7":"category-innovations_fi","8":"category-uudistuva-ja-kehittyva-yrittajyys","9":"tag-artikkeli-e1","10":"tag-kansainvalisyys","11":"tag-kehittaminen","12":"tag-opiskelijat","13":"tag-tyollistyminen","14":"tag-yrittajyys","15":"tag-yritysverkosto","16":"czr-hentry"},"yoast_head":"<!-- This site is optimized with the Yoast SEO plugin v27.5 - https:\/\/yoast.com\/product\/yoast-seo-wordpress\/ -->\n<title>Tavoitteena kansainv\u00e4linen innovaatioekosysteemi - LAB Focus<\/title>\n<meta name=\"description\" content=\"LAB-ammattikorkeakoulun alkavassa hankkeessa luodaan kansainv\u00e4list\u00e4 oppilaitosten ja yritysten verkostoa.\" \/>\n<meta name=\"robots\" content=\"index, follow, max-snippet:-1, max-image-preview:large, max-video-preview:-1\" \/>\n<link rel=\"canonical\" href=\"https:\/\/blogit.lab.fi\/labfocus\/tavoitteena-kansainvalinen-innovaatioekosysteemi\/\" \/>\n<meta property=\"og:locale\" content=\"fi_FI\" \/>\n<meta property=\"og:type\" content=\"article\" \/>\n<meta property=\"og:title\" content=\"Tavoitteena kansainv\u00e4linen innovaatioekosysteemi - LAB Focus\" \/>\n<meta property=\"og:description\" content=\"LAB-ammattikorkeakoulun alkavassa hankkeessa luodaan kansainv\u00e4list\u00e4 oppilaitosten ja yritysten verkostoa.\" \/>\n<meta property=\"og:url\" content=\"https:\/\/blogit.lab.fi\/labfocus\/tavoitteena-kansainvalinen-innovaatioekosysteemi\/\" \/>\n<meta property=\"og:site_name\" content=\"LAB Focus\" \/>\n<meta property=\"article:published_time\" content=\"2023-08-29T07:13:42+00:00\" \/>\n<meta property=\"article:modified_time\" content=\"2024-03-15T09:08:53+00:00\" \/>\n<meta property=\"og:image\" content=\"https:\/\/blogit.lab.fi\/labfocus\/wp-content\/uploads\/sites\/8\/2023\/08\/535_2023_Tavoitteena-kansainvalinen-innovaatioekosysteemi.jpg\" \/>\n\t<meta property=\"og:image:width\" content=\"1280\" \/>\n\t<meta property=\"og:image:height\" content=\"763\" \/>\n\t<meta property=\"og:image:type\" content=\"image\/jpeg\" \/>\n<meta name=\"author\" content=\"tainask\" \/>\n<meta name=\"twitter:card\" content=\"summary_large_image\" \/>\n<meta name=\"twitter:creator\" content=\"@LABfinland\" \/>\n<meta name=\"twitter:site\" content=\"@LABfinland\" \/>\n<meta name=\"twitter:label1\" content=\"Kirjoittanut\" \/>\n\t<meta name=\"twitter:data1\" content=\"tainask\" \/>\n\t<meta name=\"twitter:label2\" content=\"Arvioitu lukuaika\" \/>\n\t<meta name=\"twitter:data2\" content=\"3 minuuttia\" \/>\n<script type=\"application\/ld+json\" class=\"yoast-schema-graph\">{\"@context\":\"https:\\\/\\\/schema.org\",\"@graph\":[{\"@type\":\"Article\",\"@id\":\"https:\\\/\\\/blogit.lab.fi\\\/labfocus\\\/tavoitteena-kansainvalinen-innovaatioekosysteemi\\\/#article\",\"isPartOf\":{\"@id\":\"https:\\\/\\\/blogit.lab.fi\\\/labfocus\\\/tavoitteena-kansainvalinen-innovaatioekosysteemi\\\/\"},\"author\":{\"name\":\"tainask\",\"@id\":\"https:\\\/\\\/blogit.lab.fi\\\/labfocus\\\/#\\\/schema\\\/person\\\/da729f65c4a2fb9fd8f0b1ec7a2ab7d0\"},\"headline\":\"Tavoitteena kansainv\u00e4linen innovaatioekosysteemi\",\"datePublished\":\"2023-08-29T07:13:42+00:00\",\"dateModified\":\"2024-03-15T09:08:53+00:00\",\"mainEntityOfPage\":{\"@id\":\"https:\\\/\\\/blogit.lab.fi\\\/labfocus\\\/tavoitteena-kansainvalinen-innovaatioekosysteemi\\\/\"},\"wordCount\":442,\"publisher\":{\"@id\":\"https:\\\/\\\/blogit.lab.fi\\\/labfocus\\\/#organization\"},\"image\":{\"@id\":\"https:\\\/\\\/blogit.lab.fi\\\/labfocus\\\/tavoitteena-kansainvalinen-innovaatioekosysteemi\\\/#primaryimage\"},\"thumbnailUrl\":\"https:\\\/\\\/blogit.lab.fi\\\/labfocus\\\/wp-content\\\/uploads\\\/sites\\\/8\\\/2023\\\/08\\\/535_2023_Tavoitteena-kansainvalinen-innovaatioekosysteemi.jpg\",\"keywords\":[\"Artikkeli E1\",\"kansainv\u00e4lisyys\",\"kehitt\u00e4minen\",\"opiskelijat\",\"ty\u00f6llistyminen\",\"yritt\u00e4jyys\",\"yritysverkosto\"],\"articleSection\":[\"Innovations\",\"Uudistuva ja kehittyv\u00e4 yritt\u00e4jyys\"],\"inLanguage\":\"fi\"},{\"@type\":\"WebPage\",\"@id\":\"https:\\\/\\\/blogit.lab.fi\\\/labfocus\\\/tavoitteena-kansainvalinen-innovaatioekosysteemi\\\/\",\"url\":\"https:\\\/\\\/blogit.lab.fi\\\/labfocus\\\/tavoitteena-kansainvalinen-innovaatioekosysteemi\\\/\",\"name\":\"Tavoitteena kansainv\u00e4linen innovaatioekosysteemi - LAB Focus\",\"isPartOf\":{\"@id\":\"https:\\\/\\\/blogit.lab.fi\\\/labfocus\\\/#website\"},\"primaryImageOfPage\":{\"@id\":\"https:\\\/\\\/blogit.lab.fi\\\/labfocus\\\/tavoitteena-kansainvalinen-innovaatioekosysteemi\\\/#primaryimage\"},\"image\":{\"@id\":\"https:\\\/\\\/blogit.lab.fi\\\/labfocus\\\/tavoitteena-kansainvalinen-innovaatioekosysteemi\\\/#primaryimage\"},\"thumbnailUrl\":\"https:\\\/\\\/blogit.lab.fi\\\/labfocus\\\/wp-content\\\/uploads\\\/sites\\\/8\\\/2023\\\/08\\\/535_2023_Tavoitteena-kansainvalinen-innovaatioekosysteemi.jpg\",\"datePublished\":\"2023-08-29T07:13:42+00:00\",\"dateModified\":\"2024-03-15T09:08:53+00:00\",\"description\":\"LAB-ammattikorkeakoulun alkavassa hankkeessa luodaan kansainv\u00e4list\u00e4 oppilaitosten ja yritysten verkostoa.\",\"breadcrumb\":{\"@id\":\"https:\\\/\\\/blogit.lab.fi\\\/labfocus\\\/tavoitteena-kansainvalinen-innovaatioekosysteemi\\\/#breadcrumb\"},\"inLanguage\":\"fi\",\"potentialAction\":[{\"@type\":\"ReadAction\",\"target\":[\"https:\\\/\\\/blogit.lab.fi\\\/labfocus\\\/tavoitteena-kansainvalinen-innovaatioekosysteemi\\\/\"]}]},{\"@type\":\"ImageObject\",\"inLanguage\":\"fi\",\"@id\":\"https:\\\/\\\/blogit.lab.fi\\\/labfocus\\\/tavoitteena-kansainvalinen-innovaatioekosysteemi\\\/#primaryimage\",\"url\":\"https:\\\/\\\/blogit.lab.fi\\\/labfocus\\\/wp-content\\\/uploads\\\/sites\\\/8\\\/2023\\\/08\\\/535_2023_Tavoitteena-kansainvalinen-innovaatioekosysteemi.jpg\",\"contentUrl\":\"https:\\\/\\\/blogit.lab.fi\\\/labfocus\\\/wp-content\\\/uploads\\\/sites\\\/8\\\/2023\\\/08\\\/535_2023_Tavoitteena-kansainvalinen-innovaatioekosysteemi.jpg\",\"width\":1280,\"height\":763},{\"@type\":\"BreadcrumbList\",\"@id\":\"https:\\\/\\\/blogit.lab.fi\\\/labfocus\\\/tavoitteena-kansainvalinen-innovaatioekosysteemi\\\/#breadcrumb\",\"itemListElement\":[{\"@type\":\"ListItem\",\"position\":1,\"name\":\"Home\",\"item\":\"https:\\\/\\\/blogit.lab.fi\\\/labfocus\\\/\"},{\"@type\":\"ListItem\",\"position\":2,\"name\":\"Tavoitteena kansainv\u00e4linen innovaatioekosysteemi\"}]},{\"@type\":\"WebSite\",\"@id\":\"https:\\\/\\\/blogit.lab.fi\\\/labfocus\\\/#website\",\"url\":\"https:\\\/\\\/blogit.lab.fi\\\/labfocus\\\/\",\"name\":\"LAB Focus\",\"description\":\"Focus Area blog | LAB University of Applied Sciences\",\"publisher\":{\"@id\":\"https:\\\/\\\/blogit.lab.fi\\\/labfocus\\\/#organization\"},\"potentialAction\":[{\"@type\":\"SearchAction\",\"target\":{\"@type\":\"EntryPoint\",\"urlTemplate\":\"https:\\\/\\\/blogit.lab.fi\\\/labfocus\\\/?s={search_term_string}\"},\"query-input\":{\"@type\":\"PropertyValueSpecification\",\"valueRequired\":true,\"valueName\":\"search_term_string\"}}],\"inLanguage\":\"fi\"},{\"@type\":\"Organization\",\"@id\":\"https:\\\/\\\/blogit.lab.fi\\\/labfocus\\\/#organization\",\"name\":\"LAB Focus\",\"url\":\"https:\\\/\\\/blogit.lab.fi\\\/labfocus\\\/\",\"logo\":{\"@type\":\"ImageObject\",\"inLanguage\":\"fi\",\"@id\":\"https:\\\/\\\/blogit.lab.fi\\\/labfocus\\\/#\\\/schema\\\/logo\\\/image\\\/\",\"url\":\"https:\\\/\\\/blogit.lab.fi\\\/labfocus\\\/wp-content\\\/uploads\\\/sites\\\/8\\\/2020\\\/04\\\/cropped-cropped-tunnus_blogi-01.png\",\"contentUrl\":\"https:\\\/\\\/blogit.lab.fi\\\/labfocus\\\/wp-content\\\/uploads\\\/sites\\\/8\\\/2020\\\/04\\\/cropped-cropped-tunnus_blogi-01.png\",\"width\":1342,\"height\":288,\"caption\":\"LAB Focus\"},\"image\":{\"@id\":\"https:\\\/\\\/blogit.lab.fi\\\/labfocus\\\/#\\\/schema\\\/logo\\\/image\\\/\"},\"sameAs\":[\"https:\\\/\\\/x.com\\\/LABfinland\"]},{\"@type\":\"Person\",\"@id\":\"https:\\\/\\\/blogit.lab.fi\\\/labfocus\\\/#\\\/schema\\\/person\\\/da729f65c4a2fb9fd8f0b1ec7a2ab7d0\",\"name\":\"tainask\",\"image\":{\"@type\":\"ImageObject\",\"inLanguage\":\"fi\",\"@id\":\"https:\\\/\\\/secure.gravatar.com\\\/avatar\\\/4a96427877ef826b76e80c27f60b266128094f522551459346efcf14282febb3?s=96&d=mm&r=g\",\"url\":\"https:\\\/\\\/secure.gravatar.com\\\/avatar\\\/4a96427877ef826b76e80c27f60b266128094f522551459346efcf14282febb3?s=96&d=mm&r=g\",\"contentUrl\":\"https:\\\/\\\/secure.gravatar.com\\\/avatar\\\/4a96427877ef826b76e80c27f60b266128094f522551459346efcf14282febb3?s=96&d=mm&r=g\",\"caption\":\"tainask\"},\"url\":\"https:\\\/\\\/blogit.lab.fi\\\/labfocus\\\/author\\\/tainask\\\/\"}]}<\/script>\n<!-- \/ Yoast SEO plugin. -->","yoast_head_json":{"title":"Tavoitteena kansainv\u00e4linen innovaatioekosysteemi - LAB Focus","description":"LAB-ammattikorkeakoulun alkavassa hankkeessa luodaan kansainv\u00e4list\u00e4 oppilaitosten ja yritysten verkostoa.","robots":{"index":"index","follow":"follow","max-snippet":"max-snippet:-1","max-image-preview":"max-image-preview:large","max-video-preview":"max-video-preview:-1"},"canonical":"https:\/\/blogit.lab.fi\/labfocus\/tavoitteena-kansainvalinen-innovaatioekosysteemi\/","og_locale":"fi_FI","og_type":"article","og_title":"Tavoitteena kansainv\u00e4linen innovaatioekosysteemi - LAB Focus","og_description":"LAB-ammattikorkeakoulun alkavassa hankkeessa luodaan kansainv\u00e4list\u00e4 oppilaitosten ja yritysten verkostoa.","og_url":"https:\/\/blogit.lab.fi\/labfocus\/tavoitteena-kansainvalinen-innovaatioekosysteemi\/","og_site_name":"LAB Focus","article_published_time":"2023-08-29T07:13:42+00:00","article_modified_time":"2024-03-15T09:08:53+00:00","og_image":[{"width":1280,"height":763,"url":"https:\/\/blogit.lab.fi\/labfocus\/wp-content\/uploads\/sites\/8\/2023\/08\/535_2023_Tavoitteena-kansainvalinen-innovaatioekosysteemi.jpg","type":"image\/jpeg"}],"author":"tainask","twitter_card":"summary_large_image","twitter_creator":"@LABfinland","twitter_site":"@LABfinland","twitter_misc":{"Kirjoittanut":"tainask","Arvioitu lukuaika":"3 minuuttia"},"schema":{"@context":"https:\/\/schema.org","@graph":[{"@type":"Article","@id":"https:\/\/blogit.lab.fi\/labfocus\/tavoitteena-kansainvalinen-innovaatioekosysteemi\/#article","isPartOf":{"@id":"https:\/\/blogit.lab.fi\/labfocus\/tavoitteena-kansainvalinen-innovaatioekosysteemi\/"},"author":{"name":"tainask","@id":"https:\/\/blogit.lab.fi\/labfocus\/#\/schema\/person\/da729f65c4a2fb9fd8f0b1ec7a2ab7d0"},"headline":"Tavoitteena kansainv\u00e4linen innovaatioekosysteemi","datePublished":"2023-08-29T07:13:42+00:00","dateModified":"2024-03-15T09:08:53+00:00","mainEntityOfPage":{"@id":"https:\/\/blogit.lab.fi\/labfocus\/tavoitteena-kansainvalinen-innovaatioekosysteemi\/"},"wordCount":442,"publisher":{"@id":"https:\/\/blogit.lab.fi\/labfocus\/#organization"},"image":{"@id":"https:\/\/blogit.lab.fi\/labfocus\/tavoitteena-kansainvalinen-innovaatioekosysteemi\/#primaryimage"},"thumbnailUrl":"https:\/\/blogit.lab.fi\/labfocus\/wp-content\/uploads\/sites\/8\/2023\/08\/535_2023_Tavoitteena-kansainvalinen-innovaatioekosysteemi.jpg","keywords":["Artikkeli E1","kansainv\u00e4lisyys","kehitt\u00e4minen","opiskelijat","ty\u00f6llistyminen","yritt\u00e4jyys","yritysverkosto"],"articleSection":["Innovations","Uudistuva ja kehittyv\u00e4 yritt\u00e4jyys"],"inLanguage":"fi"},{"@type":"WebPage","@id":"https:\/\/blogit.lab.fi\/labfocus\/tavoitteena-kansainvalinen-innovaatioekosysteemi\/","url":"https:\/\/blogit.lab.fi\/labfocus\/tavoitteena-kansainvalinen-innovaatioekosysteemi\/","name":"Tavoitteena kansainv\u00e4linen innovaatioekosysteemi - LAB Focus","isPartOf":{"@id":"https:\/\/blogit.lab.fi\/labfocus\/#website"},"primaryImageOfPage":{"@id":"https:\/\/blogit.lab.fi\/labfocus\/tavoitteena-kansainvalinen-innovaatioekosysteemi\/#primaryimage"},"image":{"@id":"https:\/\/blogit.lab.fi\/labfocus\/tavoitteena-kansainvalinen-innovaatioekosysteemi\/#primaryimage"},"thumbnailUrl":"https:\/\/blogit.lab.fi\/labfocus\/wp-content\/uploads\/sites\/8\/2023\/08\/535_2023_Tavoitteena-kansainvalinen-innovaatioekosysteemi.jpg","datePublished":"2023-08-29T07:13:42+00:00","dateModified":"2024-03-15T09:08:53+00:00","description":"LAB-ammattikorkeakoulun alkavassa hankkeessa luodaan kansainv\u00e4list\u00e4 oppilaitosten ja yritysten verkostoa.","breadcrumb":{"@id":"https:\/\/blogit.lab.fi\/labfocus\/tavoitteena-kansainvalinen-innovaatioekosysteemi\/#breadcrumb"},"inLanguage":"fi","potentialAction":[{"@type":"ReadAction","target":["https:\/\/blogit.lab.fi\/labfocus\/tavoitteena-kansainvalinen-innovaatioekosysteemi\/"]}]},{"@type":"ImageObject","inLanguage":"fi","@id":"https:\/\/blogit.lab.fi\/labfocus\/tavoitteena-kansainvalinen-innovaatioekosysteemi\/#primaryimage","url":"https:\/\/blogit.lab.fi\/labfocus\/wp-content\/uploads\/sites\/8\/2023\/08\/535_2023_Tavoitteena-kansainvalinen-innovaatioekosysteemi.jpg","contentUrl":"https:\/\/blogit.lab.fi\/labfocus\/wp-content\/uploads\/sites\/8\/2023\/08\/535_2023_Tavoitteena-kansainvalinen-innovaatioekosysteemi.jpg","width":1280,"height":763},{"@type":"BreadcrumbList","@id":"https:\/\/blogit.lab.fi\/labfocus\/tavoitteena-kansainvalinen-innovaatioekosysteemi\/#breadcrumb","itemListElement":[{"@type":"ListItem","position":1,"name":"Home","item":"https:\/\/blogit.lab.fi\/labfocus\/"},{"@type":"ListItem","position":2,"name":"Tavoitteena kansainv\u00e4linen innovaatioekosysteemi"}]},{"@type":"WebSite","@id":"https:\/\/blogit.lab.fi\/labfocus\/#website","url":"https:\/\/blogit.lab.fi\/labfocus\/","name":"LAB Focus","description":"Focus Area blog | LAB University of Applied Sciences","publisher":{"@id":"https:\/\/blogit.lab.fi\/labfocus\/#organization"},"potentialAction":[{"@type":"SearchAction","target":{"@type":"EntryPoint","urlTemplate":"https:\/\/blogit.lab.fi\/labfocus\/?s={search_term_string}"},"query-input":{"@type":"PropertyValueSpecification","valueRequired":true,"valueName":"search_term_string"}}],"inLanguage":"fi"},{"@type":"Organization","@id":"https:\/\/blogit.lab.fi\/labfocus\/#organization","name":"LAB Focus","url":"https:\/\/blogit.lab.fi\/labfocus\/","logo":{"@type":"ImageObject","inLanguage":"fi","@id":"https:\/\/blogit.lab.fi\/labfocus\/#\/schema\/logo\/image\/","url":"https:\/\/blogit.lab.fi\/labfocus\/wp-content\/uploads\/sites\/8\/2020\/04\/cropped-cropped-tunnus_blogi-01.png","contentUrl":"https:\/\/blogit.lab.fi\/labfocus\/wp-content\/uploads\/sites\/8\/2020\/04\/cropped-cropped-tunnus_blogi-01.png","width":1342,"height":288,"caption":"LAB Focus"},"image":{"@id":"https:\/\/blogit.lab.fi\/labfocus\/#\/schema\/logo\/image\/"},"sameAs":["https:\/\/x.com\/LABfinland"]},{"@type":"Person","@id":"https:\/\/blogit.lab.fi\/labfocus\/#\/schema\/person\/da729f65c4a2fb9fd8f0b1ec7a2ab7d0","name":"tainask","image":{"@type":"ImageObject","inLanguage":"fi","@id":"https:\/\/secure.gravatar.com\/avatar\/4a96427877ef826b76e80c27f60b266128094f522551459346efcf14282febb3?s=96&d=mm&r=g","url":"https:\/\/secure.gravatar.com\/avatar\/4a96427877ef826b76e80c27f60b266128094f522551459346efcf14282febb3?s=96&d=mm&r=g","contentUrl":"https:\/\/secure.gravatar.com\/avatar\/4a96427877ef826b76e80c27f60b266128094f522551459346efcf14282febb3?s=96&d=mm&r=g","caption":"tainask"},"url":"https:\/\/blogit.lab.fi\/labfocus\/author\/tainask\/"}]}},"_links":{"self":[{"href":"https:\/\/blogit.lab.fi\/labfocus\/wp-json\/wp\/v2\/posts\/14546","targetHints":{"allow":["GET"]}}],"collection":[{"href":"https:\/\/blogit.lab.fi\/labfocus\/wp-json\/wp\/v2\/posts"}],"about":[{"href":"https:\/\/blogit.lab.fi\/labfocus\/wp-json\/wp\/v2\/types\/post"}],"author":[{"embeddable":true,"href":"https:\/\/blogit.lab.fi\/labfocus\/wp-json\/wp\/v2\/users\/17"}],"replies":[{"embeddable":true,"href":"https:\/\/blogit.lab.fi\/labfocus\/wp-json\/wp\/v2\/comments?post=14546"}],"version-history":[{"count":3,"href":"https:\/\/blogit.lab.fi\/labfocus\/wp-json\/wp\/v2\/posts\/14546\/revisions"}],"predecessor-version":[{"id":17970,"href":"https:\/\/blogit.lab.fi\/labfocus\/wp-json\/wp\/v2\/posts\/14546\/revisions\/17970"}],"wp:featuredmedia":[{"embeddable":true,"href":"https:\/\/blogit.lab.fi\/labfocus\/wp-json\/wp\/v2\/media\/14547"}],"wp:attachment":[{"href":"https:\/\/blogit.lab.fi\/labfocus\/wp-json\/wp\/v2\/media?parent=14546"}],"wp:term":[{"taxonomy":"category","embeddable":true,"href":"https:\/\/blogit.lab.fi\/labfocus\/wp-json\/wp\/v2\/categories?post=14546"},{"taxonomy":"post_tag","embeddable":true,"href":"https:\/\/blogit.lab.fi\/labfocus\/wp-json\/wp\/v2\/tags?post=14546"}],"curies":[{"name":"wp","href":"https:\/\/api.w.org\/{rel}","templated":true}]}}