{"id":14564,"date":"2023-08-30T15:04:14","date_gmt":"2023-08-30T12:04:14","guid":{"rendered":"https:\/\/blogit.lab.fi\/labfocus\/?p=14564"},"modified":"2023-08-30T15:04:15","modified_gmt":"2023-08-30T12:04:15","slug":"perinnetapahtumat-elavoittavat-luontokohteiden-kulttuuriperintoa","status":"publish","type":"post","link":"https:\/\/blogit.lab.fi\/labfocus\/perinnetapahtumat-elavoittavat-luontokohteiden-kulttuuriperintoa\/","title":{"rendered":"Perinnetapahtumat el\u00e4v\u00f6itt\u00e4v\u00e4t luontokohteiden kulttuuriperint\u00f6\u00e4"},"content":{"rendered":"\n<p>Luonnon helmassa sijaitsevat kulttuuriymp\u00e4rist\u00f6t ovat kiinnostavia k\u00e4yntikohteita, joissa voi tehd\u00e4 aikamatkan satojen vuosien taakse. Hyvi\u00e4 esimerkkej\u00e4 t\u00e4st\u00e4 tarjoavat monet kansallispuistojemme sis\u00e4ll\u00e4 sijaitsevat kulttuuriymp\u00e4rist\u00f6t, jotka ovat usein helposti saavutettavissa, eik\u00e4 niihin tutustuminen vaadi pitk\u00e4\u00e4 k\u00e4vely\u00e4 tai erityisvarusteita. Kohteiden kiinnostavuutta lis\u00e4\u00e4 se, ett\u00e4 niihin liittyy tarinoita, joiden v\u00e4lityksell\u00e4 on mahdollista kokea ymp\u00e4rist\u00f6 syvemmin. Kulttuuriymp\u00e4rist\u00f6t toimivat my\u00f6s kiinnostavina tapahtuma-areenoina, joiden erikoistehosteet ovat paikalla ik\u00e4\u00e4n kuin luonnostaan. Matkailijalle kulttuuriymp\u00e4rist\u00f6jen kokeminen on arvokasta, koska se vahvistaa luonnosta saatavia kokemuksia ja tehostaa siten hyvinvointikokemusta (Museovirasto 2021).<\/p>\n\n\n\n<h2 class=\"wp-block-heading\">Ymp\u00e4rist\u00f6n arvon ymm\u00e4rt\u00e4minen innostaa vastuullisuuteen<\/h2>\n\n\n\n<p>Kulttuuriymp\u00e4rist\u00f6jen vastuullinen hy\u00f6dynt\u00e4minen matkailussa voi edist\u00e4\u00e4 sek\u00e4 niiden s\u00e4ilymist\u00e4 ett\u00e4 vastuullisen matkailun kasvua (Museovirasto 2021). Suomessa on jo muutamia alueensa matkailun huippukohteiksi nousseita kulttuuriymp\u00e4rist\u00f6j\u00e4, kuten Verlan maailmanperint\u00f6kohde Kouvolassa, mutta kokonaisuutena meill\u00e4 on viel\u00e4 paljon tekemist\u00e4 kulttuurikohteidemme vetovoimaisuuden hy\u00f6dynt\u00e4misess\u00e4. Matkailun kehitt\u00e4misen n\u00e4k\u00f6kulmasta t\u00e4ss\u00e4 on t\u00e4rke\u00e4\u00e4 n\u00e4hd\u00e4 kokonaisel\u00e4myksen rakentamisen n\u00e4k\u00f6kulma, jossa yhdistyy ymp\u00e4rist\u00f6n ja sille merkityst\u00e4 luovan sis\u00e4ll\u00f6n luoma vetovoima (Markkola 2020).<\/p>\n\n\n\n<p>LAB-ammattikorkeakoulun ja Mets\u00e4hallituksen yhteisess\u00e4 Luontokohteiden kulttuuriperint\u00f6 el\u00e4v\u00e4ksi -hankkeessa (LAB 2023) edistet\u00e4\u00e4n kulttuuriymp\u00e4rist\u00f6jen hy\u00f6dynt\u00e4mist\u00e4 vastuullisessa matkailussa muun muassa kulttuuriymp\u00e4rist\u00f6\u00e4 el\u00e4v\u00f6itt\u00e4vien teematapahtumien avulla. Hankkeessa on suunniteltu kaksi perinnetapahtumaa, joiden tarkoituksena on tehd\u00e4 n\u00e4kyv\u00e4ksi luontoymp\u00e4rist\u00f6\u00f6n liittyv\u00e4\u00e4 kulttuuriperint\u00f6\u00e4 ja auttaa matkailijoita ymm\u00e4rt\u00e4m\u00e4\u00e4n H\u00e4meen kulttuurimaisemien arvo.<\/p>\n\n\n\n<figure class=\"wp-block-image size-large\"><img loading=\"lazy\" decoding=\"async\" width=\"1024\" height=\"682\" src=\"https:\/\/blogit.lab.fi\/labfocus\/wp-content\/uploads\/sites\/8\/2023\/08\/576_2023_Perinnetapahtumat-elavoittavat-luontokohteiden-kulttuuriperintoa_1-1024x682.jpg\" alt=\"[Alt-teksti: lettip\u00e4inen nainen laatii saunavastaa hirsirakennuksen edustalla.]\" class=\"wp-image-14566\" srcset=\"https:\/\/blogit.lab.fi\/labfocus\/wp-content\/uploads\/sites\/8\/2023\/08\/576_2023_Perinnetapahtumat-elavoittavat-luontokohteiden-kulttuuriperintoa_1-1024x682.jpg 1024w, https:\/\/blogit.lab.fi\/labfocus\/wp-content\/uploads\/sites\/8\/2023\/08\/576_2023_Perinnetapahtumat-elavoittavat-luontokohteiden-kulttuuriperintoa_1-300x200.jpg 300w, https:\/\/blogit.lab.fi\/labfocus\/wp-content\/uploads\/sites\/8\/2023\/08\/576_2023_Perinnetapahtumat-elavoittavat-luontokohteiden-kulttuuriperintoa_1-768x512.jpg 768w, https:\/\/blogit.lab.fi\/labfocus\/wp-content\/uploads\/sites\/8\/2023\/08\/576_2023_Perinnetapahtumat-elavoittavat-luontokohteiden-kulttuuriperintoa_1-570x380.jpg 570w, https:\/\/blogit.lab.fi\/labfocus\/wp-content\/uploads\/sites\/8\/2023\/08\/576_2023_Perinnetapahtumat-elavoittavat-luontokohteiden-kulttuuriperintoa_1.jpg 1280w\" sizes=\"auto, (max-width: 1024px) 100vw, 1024px\" \/><figcaption class=\"wp-element-caption\">Kuva 1. Kyyn\u00e4rhajun perinnetapahtumassa p\u00e4\u00e4stiin nauttimaan savusaunan lempeist\u00e4 l\u00f6ylyist\u00e4. (Kuva: Lauri Salonen)<\/figcaption><\/figure>\n\n\n\n<h2 class=\"wp-block-heading\">Perinteit\u00e4 ja rentoutumista Liesj\u00e4rven kansallispuiston luonnossa<\/h2>\n\n\n\n<p>Ensimm\u00e4inen tapahtuma j\u00e4rjestettiin Liesj\u00e4rven kansallispuiston upealla Kyyn\u00e4rharjulla hein\u00e4kuussa. Tapahtumassa noudatettiin Euroopan Kulttuuriymp\u00e4rist\u00f6p\u00e4ivien vuoden 2023 el\u00e4v\u00e4 perint\u00f6 -teemaa. Tapahtuma oli samalla my\u00f6s osa laajempaa H\u00e4meen H\u00e4rk\u00e4tiep\u00e4iv\u00e4\u00e4, jossa tuotiin esille H\u00e4meen tunnetuimman matkailutien kulttuuria ja kohteita (Mets\u00e4hallitus 2023).<\/p>\n\n\n\n<p>Hyypi\u00f6n k\u00e4mp\u00e4n milj\u00f6\u00f6seen sijoittuvassa perinnetapahtumassa p\u00e4\u00e4stiin mm. testaamaan savusaunan l\u00f6ylyj\u00e4 ja nauttimaan Kyyn\u00e4rhajun upeista maisemista sek\u00e4 kokeilemaan mato-ongintaa. Tapahtumaan osallistui noin 200 luonnon ja kulttuurin yst\u00e4v\u00e4\u00e4. Tapahtuman toteuttamisessa oli mukana alueen matkailuyrityksi\u00e4 pilotoimassa teematuotteitaan.<\/p>\n\n\n\n<figure class=\"wp-block-image size-large\"><img loading=\"lazy\" decoding=\"async\" width=\"1024\" height=\"682\" src=\"https:\/\/blogit.lab.fi\/labfocus\/wp-content\/uploads\/sites\/8\/2023\/08\/576_2023_Perinnetapahtumat-elavoittavat-luontokohteiden-kulttuuriperintoa_2-1024x682.jpg\" alt=\"[Alt-teksti: pellavaisiin vaatteisiin pukeutunut i\u00e4k\u00e4s mies seisoo rantavedess\u00e4 kaislojen ja lumpeiden  keskell\u00e4 pidellen pitk\u00e4\u00e4 vanhanaikaista onkivapaa.]\" class=\"wp-image-14567\" srcset=\"https:\/\/blogit.lab.fi\/labfocus\/wp-content\/uploads\/sites\/8\/2023\/08\/576_2023_Perinnetapahtumat-elavoittavat-luontokohteiden-kulttuuriperintoa_2-1024x682.jpg 1024w, https:\/\/blogit.lab.fi\/labfocus\/wp-content\/uploads\/sites\/8\/2023\/08\/576_2023_Perinnetapahtumat-elavoittavat-luontokohteiden-kulttuuriperintoa_2-300x200.jpg 300w, https:\/\/blogit.lab.fi\/labfocus\/wp-content\/uploads\/sites\/8\/2023\/08\/576_2023_Perinnetapahtumat-elavoittavat-luontokohteiden-kulttuuriperintoa_2-768x512.jpg 768w, https:\/\/blogit.lab.fi\/labfocus\/wp-content\/uploads\/sites\/8\/2023\/08\/576_2023_Perinnetapahtumat-elavoittavat-luontokohteiden-kulttuuriperintoa_2-570x380.jpg 570w, https:\/\/blogit.lab.fi\/labfocus\/wp-content\/uploads\/sites\/8\/2023\/08\/576_2023_Perinnetapahtumat-elavoittavat-luontokohteiden-kulttuuriperintoa_2.jpg 1280w\" sizes=\"auto, (max-width: 1024px) 100vw, 1024px\" \/><figcaption class=\"wp-element-caption\">Kuva 2. Perinnetapahtumassa p\u00e4\u00e4si kokeilemaan my\u00f6s mato-ongintaa. (Kuva: Lauri Salonen)<\/figcaption><\/figure>\n\n\n\n<p>Luontokohteiden kulttuuriperint\u00f6 el\u00e4v\u00e4ksi -hankkeen toinen perinnetapahtuma j\u00e4rjestet\u00e4\u00e4n 9.9.23 Korteniemen perinnetilalla Liesj\u00e4rven kansallispuistossa. Silloin ohjelmassa on muun muassa tervahaudan polttoa, taontan\u00e4yt\u00f6s sek\u00e4 luontoaistiretki.<\/p>\n\n\n\n<div class=\"wp-block-group has-background\" style=\"background-color:#b3edfb\"><div class=\"wp-block-group__inner-container is-layout-constrained wp-block-group-is-layout-constrained\">\n<p>Kirjoittaja<\/p>\n\n\n\n<p><strong>P\u00e4ivi Tommola<\/strong> toimii LAB-ammattikorkeakoulussa projektip\u00e4\u00e4llikk\u00f6n\u00e4 Luontokohteiden kulttuuriperint\u00f6 el\u00e4v\u00e4ksi -hankkeessa (LAB 2023).<\/p>\n<\/div><\/div>\n\n\n<div class=\"wp-block-image\">\n<figure class=\"aligncenter size-large is-resized\"><img loading=\"lazy\" decoding=\"async\" src=\"https:\/\/blogit.lab.fi\/labfocus\/wp-content\/uploads\/sites\/8\/2023\/08\/maatalousrahasto_2014-2020_lippu-ja-lause_fi-3-1024x160.jpg\" alt=\"\" class=\"wp-image-14568\" style=\"width:486px;height:76px\" width=\"486\" height=\"76\" srcset=\"https:\/\/blogit.lab.fi\/labfocus\/wp-content\/uploads\/sites\/8\/2023\/08\/maatalousrahasto_2014-2020_lippu-ja-lause_fi-3-1024x160.jpg 1024w, https:\/\/blogit.lab.fi\/labfocus\/wp-content\/uploads\/sites\/8\/2023\/08\/maatalousrahasto_2014-2020_lippu-ja-lause_fi-3-300x47.jpg 300w, https:\/\/blogit.lab.fi\/labfocus\/wp-content\/uploads\/sites\/8\/2023\/08\/maatalousrahasto_2014-2020_lippu-ja-lause_fi-3-768x120.jpg 768w, https:\/\/blogit.lab.fi\/labfocus\/wp-content\/uploads\/sites\/8\/2023\/08\/maatalousrahasto_2014-2020_lippu-ja-lause_fi-3-570x89.jpg 570w, https:\/\/blogit.lab.fi\/labfocus\/wp-content\/uploads\/sites\/8\/2023\/08\/maatalousrahasto_2014-2020_lippu-ja-lause_fi-3.jpg 1200w\" sizes=\"auto, (max-width: 486px) 100vw, 486px\" \/><\/figure>\n<\/div>\n\n\n<h2 class=\"wp-block-heading\">L\u00e4hteet<\/h2>\n\n\n\n<p>LAB. 2023. Luontokohteiden kulttuuriperint\u00f6 el\u00e4v\u00e4ksi. Hanke. Viitattu 28.8.2023. Saatavissa <a href=\"https:\/\/lab.fi\/fi\/projekti\/luontokohteiden-kulttuuriperinto-elavaksi\">https:\/\/lab.fi\/fi\/projekti\/luontokohteiden-kulttuuriperinto-elavaksi<\/a><\/p>\n\n\n\n<p>Markkola, S. 2020. Suomalaisen kulttuurin vetovoima matkailussa ennen ja j\u00e4lkeen pandemian. Teoksessa: Syd\u00e4nmaanlakka, M. (toim.) N\u00e4k\u00f6kulmia kulttuurimatkailuun. Metropolia Ammattikorkeakoulun julkaisuja. TAITO-sarja 53. Helsinki: Metropolia. Viitattu 28.8.2023. Saatavissa <a href=\"https:\/\/www.theseus.fi\/bitstream\/handle\/10024\/343188\/2020%20TAITO%2053%20N%C3%A4k%C3%B6kulmia%20kulttuurimatkailuun.pdf?sequence=2&amp;isAllowed=y\">https:\/\/www.theseus.fi\/bitstream\/handle\/10024\/343188\/2020%20TAITO%2053%20N%C3%A4k%C3%B6kulmia%20kulttuurimatkailuun.pdf?sequence=2&amp;isAllowed=y<\/a><\/p>\n\n\n\n<p>Mets\u00e4hallitus. 2023. El\u00e4v\u00e4\u00e4 perint\u00f6\u00e4 Liesj\u00e4rven kansallispuistossa Kyyn\u00e4rhajun perinnep\u00e4iv\u00e4n\u00e4. Viitattu 28.8.2023. Saatavissa <a href=\"https:\/\/www.luontoon.fi\/-\/elavaa-perintoa-liesjarven-kansallispuistossa-kyynaranharjun-perinnepaivana-25.7.2023\">https:\/\/www.luontoon.fi\/-\/elavaa-perintoa-liesjarven-kansallispuistossa-kyynaranharjun-perinnepaivana-25.7.2023<\/a><\/p>\n\n\n\n<p>Museovirasto. 2023. Kest\u00e4v\u00e4sti yhdess\u00e4. Kulttuuriperint\u00f6 ja matkailu Suomen menestystekij\u00f6in\u00e4. Viitattu 28.8.2023. Saatavissa <a href=\"https:\/\/www.museovirasto.fi\/uploads\/Meista\/Julkaisut\/rev_FINAL_2021_Kestavasti_yhdessa.pdf\">https:\/\/www.museovirasto.fi\/uploads\/Meista\/Julkaisut\/rev_FINAL_2021_Kestavasti_yhdessa.pdf<\/a><\/p>\n","protected":false},"excerpt":{"rendered":"<p>Luonnon helmassa sijaitsevat kulttuuriymp\u00e4rist\u00f6t ovat kiinnostavia k\u00e4yntikohteita, joissa voi tehd\u00e4 aikamatkan satojen vuosien taakse. Hyvi\u00e4 esimerkkej\u00e4 t\u00e4st\u00e4 tarjoavat monet kansallispuistojemme sis\u00e4ll\u00e4 sijaitsevat kulttuuriymp\u00e4rist\u00f6t, jotka ovat usein helposti saavutettavissa, eik\u00e4 niihin tutustuminen vaadi pitk\u00e4\u00e4 k\u00e4vely\u00e4 tai erityisvarusteita. Kohteiden kiinnostavuutta lis\u00e4\u00e4 se, ett\u00e4 niihin liittyy tarinoita, joiden v\u00e4lityksell\u00e4 on mahdollista kokea ymp\u00e4rist\u00f6 syvemmin. Kulttuuriymp\u00e4rist\u00f6t toimivat my\u00f6s kiinnostavina [&hellip;]<\/p>\n","protected":false},"author":17,"featured_media":14566,"comment_status":"closed","ping_status":"open","sticky":false,"template":"","format":"standard","meta":{"footnotes":""},"categories":[15,147],"tags":[29,4105,7263,191,7265],"class_list":{"0":"post-14564","1":"post","2":"type-post","3":"status-publish","4":"format-standard","5":"has-post-thumbnail","7":"category-health_fi","8":"category-hyvinvointia-liikkumisesta-ja-elinymparistosta","9":"tag-artikkeli-e1","10":"tag-kulttuuriperinto","11":"tag-luontokohteiden-kulttuuriperinto-elavaksi","12":"tag-luontomatkailu","13":"tag-perinnetapahtumat","14":"czr-hentry"},"yoast_head":"<!-- This site is optimized with the Yoast SEO plugin v27.4 - https:\/\/yoast.com\/product\/yoast-seo-wordpress\/ -->\n<title>Perinnetapahtumat el\u00e4v\u00f6itt\u00e4v\u00e4t luontokohteiden kulttuuriperint\u00f6\u00e4 - LAB Focus<\/title>\n<meta name=\"description\" content=\"Savusaunomista, mato-ongintaa ja muuta perinteist\u00e4 puuhaa sis\u00e4ltyy perinnetapahtumiin. LAB-ammattikorkeakoulun hanke Luontokohteiden kulttuuriperint\u00f6 el\u00e4v\u00e4ksi.\" \/>\n<meta name=\"robots\" content=\"index, follow, max-snippet:-1, max-image-preview:large, max-video-preview:-1\" \/>\n<link rel=\"canonical\" href=\"https:\/\/blogit.lab.fi\/labfocus\/perinnetapahtumat-elavoittavat-luontokohteiden-kulttuuriperintoa\/\" \/>\n<meta property=\"og:locale\" content=\"fi_FI\" \/>\n<meta property=\"og:type\" content=\"article\" \/>\n<meta property=\"og:title\" content=\"Perinnetapahtumat el\u00e4v\u00f6itt\u00e4v\u00e4t luontokohteiden kulttuuriperint\u00f6\u00e4 - LAB Focus\" \/>\n<meta property=\"og:description\" content=\"Savusaunomista, mato-ongintaa ja muuta perinteist\u00e4 puuhaa sis\u00e4ltyy perinnetapahtumiin. LAB-ammattikorkeakoulun hanke Luontokohteiden kulttuuriperint\u00f6 el\u00e4v\u00e4ksi.\" \/>\n<meta property=\"og:url\" content=\"https:\/\/blogit.lab.fi\/labfocus\/perinnetapahtumat-elavoittavat-luontokohteiden-kulttuuriperintoa\/\" \/>\n<meta property=\"og:site_name\" content=\"LAB Focus\" \/>\n<meta property=\"article:published_time\" content=\"2023-08-30T12:04:14+00:00\" \/>\n<meta property=\"article:modified_time\" content=\"2023-08-30T12:04:15+00:00\" \/>\n<meta property=\"og:image\" content=\"https:\/\/blogit.lab.fi\/labfocus\/wp-content\/uploads\/sites\/8\/2023\/08\/576_2023_Perinnetapahtumat-elavoittavat-luontokohteiden-kulttuuriperintoa_1.jpg\" \/>\n\t<meta property=\"og:image:width\" content=\"1280\" \/>\n\t<meta property=\"og:image:height\" content=\"853\" \/>\n\t<meta property=\"og:image:type\" content=\"image\/jpeg\" \/>\n<meta name=\"author\" content=\"tainask\" \/>\n<meta name=\"twitter:card\" content=\"summary_large_image\" \/>\n<meta name=\"twitter:creator\" content=\"@LABfinland\" \/>\n<meta name=\"twitter:site\" content=\"@LABfinland\" \/>\n<meta name=\"twitter:label1\" content=\"Kirjoittanut\" \/>\n\t<meta name=\"twitter:data1\" content=\"tainask\" \/>\n\t<meta name=\"twitter:label2\" content=\"Arvioitu lukuaika\" \/>\n\t<meta name=\"twitter:data2\" content=\"3 minuuttia\" \/>\n<script type=\"application\/ld+json\" class=\"yoast-schema-graph\">{\"@context\":\"https:\\\/\\\/schema.org\",\"@graph\":[{\"@type\":\"Article\",\"@id\":\"https:\\\/\\\/blogit.lab.fi\\\/labfocus\\\/perinnetapahtumat-elavoittavat-luontokohteiden-kulttuuriperintoa\\\/#article\",\"isPartOf\":{\"@id\":\"https:\\\/\\\/blogit.lab.fi\\\/labfocus\\\/perinnetapahtumat-elavoittavat-luontokohteiden-kulttuuriperintoa\\\/\"},\"author\":{\"name\":\"tainask\",\"@id\":\"https:\\\/\\\/blogit.lab.fi\\\/labfocus\\\/#\\\/schema\\\/person\\\/da729f65c4a2fb9fd8f0b1ec7a2ab7d0\"},\"headline\":\"Perinnetapahtumat el\u00e4v\u00f6itt\u00e4v\u00e4t luontokohteiden kulttuuriperint\u00f6\u00e4\",\"datePublished\":\"2023-08-30T12:04:14+00:00\",\"dateModified\":\"2023-08-30T12:04:15+00:00\",\"mainEntityOfPage\":{\"@id\":\"https:\\\/\\\/blogit.lab.fi\\\/labfocus\\\/perinnetapahtumat-elavoittavat-luontokohteiden-kulttuuriperintoa\\\/\"},\"wordCount\":531,\"publisher\":{\"@id\":\"https:\\\/\\\/blogit.lab.fi\\\/labfocus\\\/#organization\"},\"image\":{\"@id\":\"https:\\\/\\\/blogit.lab.fi\\\/labfocus\\\/perinnetapahtumat-elavoittavat-luontokohteiden-kulttuuriperintoa\\\/#primaryimage\"},\"thumbnailUrl\":\"https:\\\/\\\/blogit.lab.fi\\\/labfocus\\\/wp-content\\\/uploads\\\/sites\\\/8\\\/2023\\\/08\\\/576_2023_Perinnetapahtumat-elavoittavat-luontokohteiden-kulttuuriperintoa_1.jpg\",\"keywords\":[\"Artikkeli E1\",\"kulttuuriperint\u00f6\",\"Luontokohteiden kulttuuriperint\u00f6 el\u00e4v\u00e4ksi\",\"luontomatkailu\",\"perinnetapahtumat\"],\"articleSection\":[\"Health\",\"Hyvinvointia elinymp\u00e4rist\u00f6st\u00e4, liikkumisesta ja matkailusta\"],\"inLanguage\":\"fi\"},{\"@type\":\"WebPage\",\"@id\":\"https:\\\/\\\/blogit.lab.fi\\\/labfocus\\\/perinnetapahtumat-elavoittavat-luontokohteiden-kulttuuriperintoa\\\/\",\"url\":\"https:\\\/\\\/blogit.lab.fi\\\/labfocus\\\/perinnetapahtumat-elavoittavat-luontokohteiden-kulttuuriperintoa\\\/\",\"name\":\"Perinnetapahtumat el\u00e4v\u00f6itt\u00e4v\u00e4t luontokohteiden kulttuuriperint\u00f6\u00e4 - LAB Focus\",\"isPartOf\":{\"@id\":\"https:\\\/\\\/blogit.lab.fi\\\/labfocus\\\/#website\"},\"primaryImageOfPage\":{\"@id\":\"https:\\\/\\\/blogit.lab.fi\\\/labfocus\\\/perinnetapahtumat-elavoittavat-luontokohteiden-kulttuuriperintoa\\\/#primaryimage\"},\"image\":{\"@id\":\"https:\\\/\\\/blogit.lab.fi\\\/labfocus\\\/perinnetapahtumat-elavoittavat-luontokohteiden-kulttuuriperintoa\\\/#primaryimage\"},\"thumbnailUrl\":\"https:\\\/\\\/blogit.lab.fi\\\/labfocus\\\/wp-content\\\/uploads\\\/sites\\\/8\\\/2023\\\/08\\\/576_2023_Perinnetapahtumat-elavoittavat-luontokohteiden-kulttuuriperintoa_1.jpg\",\"datePublished\":\"2023-08-30T12:04:14+00:00\",\"dateModified\":\"2023-08-30T12:04:15+00:00\",\"description\":\"Savusaunomista, mato-ongintaa ja muuta perinteist\u00e4 puuhaa sis\u00e4ltyy perinnetapahtumiin. LAB-ammattikorkeakoulun hanke Luontokohteiden kulttuuriperint\u00f6 el\u00e4v\u00e4ksi.\",\"breadcrumb\":{\"@id\":\"https:\\\/\\\/blogit.lab.fi\\\/labfocus\\\/perinnetapahtumat-elavoittavat-luontokohteiden-kulttuuriperintoa\\\/#breadcrumb\"},\"inLanguage\":\"fi\",\"potentialAction\":[{\"@type\":\"ReadAction\",\"target\":[\"https:\\\/\\\/blogit.lab.fi\\\/labfocus\\\/perinnetapahtumat-elavoittavat-luontokohteiden-kulttuuriperintoa\\\/\"]}]},{\"@type\":\"ImageObject\",\"inLanguage\":\"fi\",\"@id\":\"https:\\\/\\\/blogit.lab.fi\\\/labfocus\\\/perinnetapahtumat-elavoittavat-luontokohteiden-kulttuuriperintoa\\\/#primaryimage\",\"url\":\"https:\\\/\\\/blogit.lab.fi\\\/labfocus\\\/wp-content\\\/uploads\\\/sites\\\/8\\\/2023\\\/08\\\/576_2023_Perinnetapahtumat-elavoittavat-luontokohteiden-kulttuuriperintoa_1.jpg\",\"contentUrl\":\"https:\\\/\\\/blogit.lab.fi\\\/labfocus\\\/wp-content\\\/uploads\\\/sites\\\/8\\\/2023\\\/08\\\/576_2023_Perinnetapahtumat-elavoittavat-luontokohteiden-kulttuuriperintoa_1.jpg\",\"width\":1280,\"height\":853},{\"@type\":\"BreadcrumbList\",\"@id\":\"https:\\\/\\\/blogit.lab.fi\\\/labfocus\\\/perinnetapahtumat-elavoittavat-luontokohteiden-kulttuuriperintoa\\\/#breadcrumb\",\"itemListElement\":[{\"@type\":\"ListItem\",\"position\":1,\"name\":\"Home\",\"item\":\"https:\\\/\\\/blogit.lab.fi\\\/labfocus\\\/\"},{\"@type\":\"ListItem\",\"position\":2,\"name\":\"Perinnetapahtumat el\u00e4v\u00f6itt\u00e4v\u00e4t luontokohteiden kulttuuriperint\u00f6\u00e4\"}]},{\"@type\":\"WebSite\",\"@id\":\"https:\\\/\\\/blogit.lab.fi\\\/labfocus\\\/#website\",\"url\":\"https:\\\/\\\/blogit.lab.fi\\\/labfocus\\\/\",\"name\":\"LAB Focus\",\"description\":\"Focus Area blog | LAB University of Applied Sciences\",\"publisher\":{\"@id\":\"https:\\\/\\\/blogit.lab.fi\\\/labfocus\\\/#organization\"},\"potentialAction\":[{\"@type\":\"SearchAction\",\"target\":{\"@type\":\"EntryPoint\",\"urlTemplate\":\"https:\\\/\\\/blogit.lab.fi\\\/labfocus\\\/?s={search_term_string}\"},\"query-input\":{\"@type\":\"PropertyValueSpecification\",\"valueRequired\":true,\"valueName\":\"search_term_string\"}}],\"inLanguage\":\"fi\"},{\"@type\":\"Organization\",\"@id\":\"https:\\\/\\\/blogit.lab.fi\\\/labfocus\\\/#organization\",\"name\":\"LAB Focus\",\"url\":\"https:\\\/\\\/blogit.lab.fi\\\/labfocus\\\/\",\"logo\":{\"@type\":\"ImageObject\",\"inLanguage\":\"fi\",\"@id\":\"https:\\\/\\\/blogit.lab.fi\\\/labfocus\\\/#\\\/schema\\\/logo\\\/image\\\/\",\"url\":\"https:\\\/\\\/blogit.lab.fi\\\/labfocus\\\/wp-content\\\/uploads\\\/sites\\\/8\\\/2020\\\/04\\\/cropped-cropped-tunnus_blogi-01.png\",\"contentUrl\":\"https:\\\/\\\/blogit.lab.fi\\\/labfocus\\\/wp-content\\\/uploads\\\/sites\\\/8\\\/2020\\\/04\\\/cropped-cropped-tunnus_blogi-01.png\",\"width\":1342,\"height\":288,\"caption\":\"LAB Focus\"},\"image\":{\"@id\":\"https:\\\/\\\/blogit.lab.fi\\\/labfocus\\\/#\\\/schema\\\/logo\\\/image\\\/\"},\"sameAs\":[\"https:\\\/\\\/x.com\\\/LABfinland\"]},{\"@type\":\"Person\",\"@id\":\"https:\\\/\\\/blogit.lab.fi\\\/labfocus\\\/#\\\/schema\\\/person\\\/da729f65c4a2fb9fd8f0b1ec7a2ab7d0\",\"name\":\"tainask\",\"image\":{\"@type\":\"ImageObject\",\"inLanguage\":\"fi\",\"@id\":\"https:\\\/\\\/secure.gravatar.com\\\/avatar\\\/4a96427877ef826b76e80c27f60b266128094f522551459346efcf14282febb3?s=96&d=mm&r=g\",\"url\":\"https:\\\/\\\/secure.gravatar.com\\\/avatar\\\/4a96427877ef826b76e80c27f60b266128094f522551459346efcf14282febb3?s=96&d=mm&r=g\",\"contentUrl\":\"https:\\\/\\\/secure.gravatar.com\\\/avatar\\\/4a96427877ef826b76e80c27f60b266128094f522551459346efcf14282febb3?s=96&d=mm&r=g\",\"caption\":\"tainask\"},\"url\":\"https:\\\/\\\/blogit.lab.fi\\\/labfocus\\\/author\\\/tainask\\\/\"}]}<\/script>\n<!-- \/ Yoast SEO plugin. -->","yoast_head_json":{"title":"Perinnetapahtumat el\u00e4v\u00f6itt\u00e4v\u00e4t luontokohteiden kulttuuriperint\u00f6\u00e4 - LAB Focus","description":"Savusaunomista, mato-ongintaa ja muuta perinteist\u00e4 puuhaa sis\u00e4ltyy perinnetapahtumiin. LAB-ammattikorkeakoulun hanke Luontokohteiden kulttuuriperint\u00f6 el\u00e4v\u00e4ksi.","robots":{"index":"index","follow":"follow","max-snippet":"max-snippet:-1","max-image-preview":"max-image-preview:large","max-video-preview":"max-video-preview:-1"},"canonical":"https:\/\/blogit.lab.fi\/labfocus\/perinnetapahtumat-elavoittavat-luontokohteiden-kulttuuriperintoa\/","og_locale":"fi_FI","og_type":"article","og_title":"Perinnetapahtumat el\u00e4v\u00f6itt\u00e4v\u00e4t luontokohteiden kulttuuriperint\u00f6\u00e4 - LAB Focus","og_description":"Savusaunomista, mato-ongintaa ja muuta perinteist\u00e4 puuhaa sis\u00e4ltyy perinnetapahtumiin. LAB-ammattikorkeakoulun hanke Luontokohteiden kulttuuriperint\u00f6 el\u00e4v\u00e4ksi.","og_url":"https:\/\/blogit.lab.fi\/labfocus\/perinnetapahtumat-elavoittavat-luontokohteiden-kulttuuriperintoa\/","og_site_name":"LAB Focus","article_published_time":"2023-08-30T12:04:14+00:00","article_modified_time":"2023-08-30T12:04:15+00:00","og_image":[{"width":1280,"height":853,"url":"https:\/\/blogit.lab.fi\/labfocus\/wp-content\/uploads\/sites\/8\/2023\/08\/576_2023_Perinnetapahtumat-elavoittavat-luontokohteiden-kulttuuriperintoa_1.jpg","type":"image\/jpeg"}],"author":"tainask","twitter_card":"summary_large_image","twitter_creator":"@LABfinland","twitter_site":"@LABfinland","twitter_misc":{"Kirjoittanut":"tainask","Arvioitu lukuaika":"3 minuuttia"},"schema":{"@context":"https:\/\/schema.org","@graph":[{"@type":"Article","@id":"https:\/\/blogit.lab.fi\/labfocus\/perinnetapahtumat-elavoittavat-luontokohteiden-kulttuuriperintoa\/#article","isPartOf":{"@id":"https:\/\/blogit.lab.fi\/labfocus\/perinnetapahtumat-elavoittavat-luontokohteiden-kulttuuriperintoa\/"},"author":{"name":"tainask","@id":"https:\/\/blogit.lab.fi\/labfocus\/#\/schema\/person\/da729f65c4a2fb9fd8f0b1ec7a2ab7d0"},"headline":"Perinnetapahtumat el\u00e4v\u00f6itt\u00e4v\u00e4t luontokohteiden kulttuuriperint\u00f6\u00e4","datePublished":"2023-08-30T12:04:14+00:00","dateModified":"2023-08-30T12:04:15+00:00","mainEntityOfPage":{"@id":"https:\/\/blogit.lab.fi\/labfocus\/perinnetapahtumat-elavoittavat-luontokohteiden-kulttuuriperintoa\/"},"wordCount":531,"publisher":{"@id":"https:\/\/blogit.lab.fi\/labfocus\/#organization"},"image":{"@id":"https:\/\/blogit.lab.fi\/labfocus\/perinnetapahtumat-elavoittavat-luontokohteiden-kulttuuriperintoa\/#primaryimage"},"thumbnailUrl":"https:\/\/blogit.lab.fi\/labfocus\/wp-content\/uploads\/sites\/8\/2023\/08\/576_2023_Perinnetapahtumat-elavoittavat-luontokohteiden-kulttuuriperintoa_1.jpg","keywords":["Artikkeli E1","kulttuuriperint\u00f6","Luontokohteiden kulttuuriperint\u00f6 el\u00e4v\u00e4ksi","luontomatkailu","perinnetapahtumat"],"articleSection":["Health","Hyvinvointia elinymp\u00e4rist\u00f6st\u00e4, liikkumisesta ja matkailusta"],"inLanguage":"fi"},{"@type":"WebPage","@id":"https:\/\/blogit.lab.fi\/labfocus\/perinnetapahtumat-elavoittavat-luontokohteiden-kulttuuriperintoa\/","url":"https:\/\/blogit.lab.fi\/labfocus\/perinnetapahtumat-elavoittavat-luontokohteiden-kulttuuriperintoa\/","name":"Perinnetapahtumat el\u00e4v\u00f6itt\u00e4v\u00e4t luontokohteiden kulttuuriperint\u00f6\u00e4 - LAB Focus","isPartOf":{"@id":"https:\/\/blogit.lab.fi\/labfocus\/#website"},"primaryImageOfPage":{"@id":"https:\/\/blogit.lab.fi\/labfocus\/perinnetapahtumat-elavoittavat-luontokohteiden-kulttuuriperintoa\/#primaryimage"},"image":{"@id":"https:\/\/blogit.lab.fi\/labfocus\/perinnetapahtumat-elavoittavat-luontokohteiden-kulttuuriperintoa\/#primaryimage"},"thumbnailUrl":"https:\/\/blogit.lab.fi\/labfocus\/wp-content\/uploads\/sites\/8\/2023\/08\/576_2023_Perinnetapahtumat-elavoittavat-luontokohteiden-kulttuuriperintoa_1.jpg","datePublished":"2023-08-30T12:04:14+00:00","dateModified":"2023-08-30T12:04:15+00:00","description":"Savusaunomista, mato-ongintaa ja muuta perinteist\u00e4 puuhaa sis\u00e4ltyy perinnetapahtumiin. LAB-ammattikorkeakoulun hanke Luontokohteiden kulttuuriperint\u00f6 el\u00e4v\u00e4ksi.","breadcrumb":{"@id":"https:\/\/blogit.lab.fi\/labfocus\/perinnetapahtumat-elavoittavat-luontokohteiden-kulttuuriperintoa\/#breadcrumb"},"inLanguage":"fi","potentialAction":[{"@type":"ReadAction","target":["https:\/\/blogit.lab.fi\/labfocus\/perinnetapahtumat-elavoittavat-luontokohteiden-kulttuuriperintoa\/"]}]},{"@type":"ImageObject","inLanguage":"fi","@id":"https:\/\/blogit.lab.fi\/labfocus\/perinnetapahtumat-elavoittavat-luontokohteiden-kulttuuriperintoa\/#primaryimage","url":"https:\/\/blogit.lab.fi\/labfocus\/wp-content\/uploads\/sites\/8\/2023\/08\/576_2023_Perinnetapahtumat-elavoittavat-luontokohteiden-kulttuuriperintoa_1.jpg","contentUrl":"https:\/\/blogit.lab.fi\/labfocus\/wp-content\/uploads\/sites\/8\/2023\/08\/576_2023_Perinnetapahtumat-elavoittavat-luontokohteiden-kulttuuriperintoa_1.jpg","width":1280,"height":853},{"@type":"BreadcrumbList","@id":"https:\/\/blogit.lab.fi\/labfocus\/perinnetapahtumat-elavoittavat-luontokohteiden-kulttuuriperintoa\/#breadcrumb","itemListElement":[{"@type":"ListItem","position":1,"name":"Home","item":"https:\/\/blogit.lab.fi\/labfocus\/"},{"@type":"ListItem","position":2,"name":"Perinnetapahtumat el\u00e4v\u00f6itt\u00e4v\u00e4t luontokohteiden kulttuuriperint\u00f6\u00e4"}]},{"@type":"WebSite","@id":"https:\/\/blogit.lab.fi\/labfocus\/#website","url":"https:\/\/blogit.lab.fi\/labfocus\/","name":"LAB Focus","description":"Focus Area blog | LAB University of Applied Sciences","publisher":{"@id":"https:\/\/blogit.lab.fi\/labfocus\/#organization"},"potentialAction":[{"@type":"SearchAction","target":{"@type":"EntryPoint","urlTemplate":"https:\/\/blogit.lab.fi\/labfocus\/?s={search_term_string}"},"query-input":{"@type":"PropertyValueSpecification","valueRequired":true,"valueName":"search_term_string"}}],"inLanguage":"fi"},{"@type":"Organization","@id":"https:\/\/blogit.lab.fi\/labfocus\/#organization","name":"LAB Focus","url":"https:\/\/blogit.lab.fi\/labfocus\/","logo":{"@type":"ImageObject","inLanguage":"fi","@id":"https:\/\/blogit.lab.fi\/labfocus\/#\/schema\/logo\/image\/","url":"https:\/\/blogit.lab.fi\/labfocus\/wp-content\/uploads\/sites\/8\/2020\/04\/cropped-cropped-tunnus_blogi-01.png","contentUrl":"https:\/\/blogit.lab.fi\/labfocus\/wp-content\/uploads\/sites\/8\/2020\/04\/cropped-cropped-tunnus_blogi-01.png","width":1342,"height":288,"caption":"LAB Focus"},"image":{"@id":"https:\/\/blogit.lab.fi\/labfocus\/#\/schema\/logo\/image\/"},"sameAs":["https:\/\/x.com\/LABfinland"]},{"@type":"Person","@id":"https:\/\/blogit.lab.fi\/labfocus\/#\/schema\/person\/da729f65c4a2fb9fd8f0b1ec7a2ab7d0","name":"tainask","image":{"@type":"ImageObject","inLanguage":"fi","@id":"https:\/\/secure.gravatar.com\/avatar\/4a96427877ef826b76e80c27f60b266128094f522551459346efcf14282febb3?s=96&d=mm&r=g","url":"https:\/\/secure.gravatar.com\/avatar\/4a96427877ef826b76e80c27f60b266128094f522551459346efcf14282febb3?s=96&d=mm&r=g","contentUrl":"https:\/\/secure.gravatar.com\/avatar\/4a96427877ef826b76e80c27f60b266128094f522551459346efcf14282febb3?s=96&d=mm&r=g","caption":"tainask"},"url":"https:\/\/blogit.lab.fi\/labfocus\/author\/tainask\/"}]}},"_links":{"self":[{"href":"https:\/\/blogit.lab.fi\/labfocus\/wp-json\/wp\/v2\/posts\/14564","targetHints":{"allow":["GET"]}}],"collection":[{"href":"https:\/\/blogit.lab.fi\/labfocus\/wp-json\/wp\/v2\/posts"}],"about":[{"href":"https:\/\/blogit.lab.fi\/labfocus\/wp-json\/wp\/v2\/types\/post"}],"author":[{"embeddable":true,"href":"https:\/\/blogit.lab.fi\/labfocus\/wp-json\/wp\/v2\/users\/17"}],"replies":[{"embeddable":true,"href":"https:\/\/blogit.lab.fi\/labfocus\/wp-json\/wp\/v2\/comments?post=14564"}],"version-history":[{"count":1,"href":"https:\/\/blogit.lab.fi\/labfocus\/wp-json\/wp\/v2\/posts\/14564\/revisions"}],"predecessor-version":[{"id":14569,"href":"https:\/\/blogit.lab.fi\/labfocus\/wp-json\/wp\/v2\/posts\/14564\/revisions\/14569"}],"wp:featuredmedia":[{"embeddable":true,"href":"https:\/\/blogit.lab.fi\/labfocus\/wp-json\/wp\/v2\/media\/14566"}],"wp:attachment":[{"href":"https:\/\/blogit.lab.fi\/labfocus\/wp-json\/wp\/v2\/media?parent=14564"}],"wp:term":[{"taxonomy":"category","embeddable":true,"href":"https:\/\/blogit.lab.fi\/labfocus\/wp-json\/wp\/v2\/categories?post=14564"},{"taxonomy":"post_tag","embeddable":true,"href":"https:\/\/blogit.lab.fi\/labfocus\/wp-json\/wp\/v2\/tags?post=14564"}],"curies":[{"name":"wp","href":"https:\/\/api.w.org\/{rel}","templated":true}]}}