{"id":14570,"date":"2023-08-31T09:57:21","date_gmt":"2023-08-31T06:57:21","guid":{"rendered":"https:\/\/blogit.lab.fi\/labfocus\/?p=14570"},"modified":"2023-08-31T09:57:23","modified_gmt":"2023-08-31T06:57:23","slug":"terveydenhuollon-tyontekijat-avainasemassa-tekoalyteknologian-kayttoonotossa","status":"publish","type":"post","link":"https:\/\/blogit.lab.fi\/labfocus\/terveydenhuollon-tyontekijat-avainasemassa-tekoalyteknologian-kayttoonotossa\/","title":{"rendered":"Terveydenhuollon ty\u00f6ntekij\u00e4t avainasemassa teko\u00e4lyteknologian k\u00e4ytt\u00f6\u00f6notossa"},"content":{"rendered":"\n<p>Sosiaali- ja terveydenhuollossa Suomi on l\u00e4hitulevaisuudessa isojen haasteiden edess\u00e4, kun palveluiden tarve kasvaa. Palveluja digitalisoimalla pystyt\u00e4\u00e4n vastaamaan terveydenhuollon haasteisiin. (Sosiaali- ja terveysministeri\u00f6 2016, 4; Sosiaali- ja terveysministeri\u00f6 2020, 34.) Sairauksien ja muiden terveysongelmien ennakoimiseen ja havaitsemiseen tullaan hy\u00f6dynt\u00e4m\u00e4\u00e4n entist\u00e4 enemm\u00e4n teko\u00e4ly\u00e4 esimerkiksi erilaisten sensorien avulla. (Niemist\u00f6 2017, 21\u201322.)<\/p>\n\n\n\n<p>Teko\u00e4lyn k\u00e4ytt\u00f6 vaatii ammattilaisilta ajattelutavanmuutosta ja organisaatioilta selke\u00e4t toimintamallit uudenlaiseen ty\u00f6ntekoon. Ohjelmistojen k\u00e4ytett\u00e4vyyteen tulee kiinnitt\u00e4\u00e4 huomiota, jotta ne ovat sopivia ty\u00f6h\u00f6n, v\u00e4hent\u00e4v\u00e4t ty\u00f6m\u00e4\u00e4r\u00e4\u00e4 eiv\u00e4tk\u00e4 lis\u00e4\u00e4 sit\u00e4. (M\u00e4ntynen &amp; Tuovinen 2022, 54\u201356.)<\/p>\n\n\n\n<h2 class=\"wp-block-heading\">Henkil\u00f6st\u00f6n perehdytys on v\u00e4ltt\u00e4m\u00e4t\u00f6nt\u00e4<\/h2>\n\n\n\n<p>Hoitajien peruskoulutus ei t\u00e4ll\u00e4 hetkell\u00e4 edist\u00e4 teknologiavalmiuksia digitaaliseen ty\u00f6ntekemiseen. Teko\u00e4lypohjainen teknologia luo uusia osaamisvaatimuksia. Hoitajat ovat kokeneet omat tulevaisuudessa tarvittavat teknologiataitonsa heikoiksi. (Sepp\u00e4nen 2020, 29.) Organisaatiokulttuurin on oltava oppimista tukevaa. Ty\u00f6ntekij\u00f6iden osaamistason kartoittaminen on t\u00e4rke\u00e4\u00e4 ennen koulutuksia. Lis\u00e4koulutusten mahdollistaminen ja mentoroinnin jatkuvuus on merkityksellist\u00e4 osaamistasojen yll\u00e4pit\u00e4miselle. (Niskanen 2022, 50\u201353.) Positiivisella asenteella ja tietotekniikan perusosaamisella on suuri merkitys digitalisaatio-osaamiseen (J\u00e4kk\u00f6 2018, 74).<\/p>\n\n\n\n<p>Ammattilaisen saama koulutus ja j\u00e4rjestelmien k\u00e4ytt\u00f6tuki parantavat \u00e4lykk\u00e4iden teknologioiden hyv\u00e4ksynt\u00e4\u00e4 (Wang ym. 2020, 8). K\u00e4ytt\u00f6\u00f6noton ja koulutuksen hyv\u00e4 suunnittelu korostuvat teko\u00e4lyteknologian k\u00e4yt\u00e4nt\u00f6\u00f6n implementoinnissa. Ty\u00f6ntekij\u00f6ill\u00e4 tulee olla riitt\u00e4v\u00e4 tiet\u00e4mys laitteista, jotta he pystyv\u00e4t perehdytt\u00e4m\u00e4\u00e4n ja sitouttamaan asukkaat laitteiden k\u00e4ytt\u00f6\u00f6n. (M\u00e4kel\u00e4 2023, 42.) Teknologian k\u00e4ytt\u00f6\u00f6notto vaatii positiivista tukea kollegoilta ja organisaatiolta. Ty\u00f6ntekij\u00f6iden asenteella ja koulutusmahdollisuuksilla on merkityst\u00e4 teknologian k\u00e4ytt\u00f6halukkuuteen. (M\u00e4ntynen &amp; Tuovinen 2022, 59\u201361.)<\/p>\n\n\n\n<figure class=\"wp-block-image size-large\"><img loading=\"lazy\" decoding=\"async\" width=\"1024\" height=\"602\" src=\"https:\/\/blogit.lab.fi\/labfocus\/wp-content\/uploads\/sites\/8\/2023\/08\/579_2023_Terveydenhuollon-tyontekijat-avainasemassa-tekoalyteknologian-kayttoonotossa-1024x602.jpg\" alt=\"\" class=\"wp-image-14571\" srcset=\"https:\/\/blogit.lab.fi\/labfocus\/wp-content\/uploads\/sites\/8\/2023\/08\/579_2023_Terveydenhuollon-tyontekijat-avainasemassa-tekoalyteknologian-kayttoonotossa-1024x602.jpg 1024w, https:\/\/blogit.lab.fi\/labfocus\/wp-content\/uploads\/sites\/8\/2023\/08\/579_2023_Terveydenhuollon-tyontekijat-avainasemassa-tekoalyteknologian-kayttoonotossa-300x176.jpg 300w, https:\/\/blogit.lab.fi\/labfocus\/wp-content\/uploads\/sites\/8\/2023\/08\/579_2023_Terveydenhuollon-tyontekijat-avainasemassa-tekoalyteknologian-kayttoonotossa-768x452.jpg 768w, https:\/\/blogit.lab.fi\/labfocus\/wp-content\/uploads\/sites\/8\/2023\/08\/579_2023_Terveydenhuollon-tyontekijat-avainasemassa-tekoalyteknologian-kayttoonotossa-570x335.jpg 570w, https:\/\/blogit.lab.fi\/labfocus\/wp-content\/uploads\/sites\/8\/2023\/08\/579_2023_Terveydenhuollon-tyontekijat-avainasemassa-tekoalyteknologian-kayttoonotossa.jpg 1280w\" sizes=\"auto, (max-width: 1024px) 100vw, 1024px\" \/><figcaption class=\"wp-element-caption\">Kuva 1. Teko\u00e4lyn etujen tiedostaminen voi motivoida sek\u00e4 terveydenhuollon ammattilaisia ett\u00e4 asiakkaita hy\u00f6dynt\u00e4m\u00e4\u00e4n dataa ja laitteita. (geralt 2018)<\/figcaption><\/figure>\n\n\n\n<h2 class=\"wp-block-heading\">Ammattilaiset mukaan teko\u00e4lylaitteiden valintaprosessiin<\/h2>\n\n\n\n<p>M\u00e4kel\u00e4n (2023) soveltavassa tutkimuksessa selvitettiin Jyr\u00e4nk\u00f6l\u00e4n Setlementti ry:n ty\u00f6ntekij\u00f6iden ennakkon\u00e4kemyksist\u00e4 Predicell-alustan ja erilaisten sensorien k\u00e4ytt\u00f6\u00f6notosta hoiva- ja asumisyksik\u00f6iss\u00e4. Keskeisiksi edellytyksiksi teko\u00e4lyteknologian k\u00e4ytt\u00f6\u00f6notolle nousivat suunnitelmallinen perehdytys, toimivat ja moniammatillisesti valitut laitteet sek\u00e4 osallistujien jatkuva informointi.<\/p>\n\n\n\n<p>Teko\u00e4lylaitteiden valintaprosessissa tulee arvioida, kuinka paljon ja mink\u00e4laista dataa ker\u00e4t\u00e4\u00e4n sek\u00e4 kuinka montaa ammattiryhm\u00e4\u00e4 data voi palvella. Laitteiden hankintaprosessissa tulee olla mukana ammattilaisia, jotka tuntevat asiakkaat. Teko\u00e4lyn integrointi potilastietoj\u00e4rjestelmiin ja automaattinen tiedonsiirto ovat t\u00e4rkeit\u00e4 ominaisuuksia laitteiden valinnassa. Uuden teknologian k\u00e4yt\u00f6n ei tulisi aiheuttaa lis\u00e4ty\u00f6t\u00e4 hoitohenkil\u00f6kunnalle. Jos teknologian hy\u00f6tyj\u00e4 ei tunnisteta, tuo se lis\u00e4stressi\u00e4 ty\u00f6h\u00f6n, ja t\u00e4ll\u00f6in laitteita ei v\u00e4ltt\u00e4m\u00e4tt\u00e4 oteta osaksi ty\u00f6ntekoa. (M\u00e4kel\u00e4 2023, 49.)<\/p>\n\n\n\n<p>Informoinnin t\u00e4rkeys korostui my\u00f6s koko organisaation tasolla. Tiedottaminen teko\u00e4lyn p\u00e4\u00e4m\u00e4\u00e4rist\u00e4 hoitoty\u00f6ss\u00e4 motivoi ty\u00f6ntekij\u00f6it\u00e4 teko\u00e4lyn hy\u00f6dynt\u00e4miseen ja kannustaa asukkaita laitteiden k\u00e4ytt\u00f6\u00f6n. Kun ty\u00f6ntekij\u00e4t ja asukkaat ovat motivoituneita teko\u00e4lyn k\u00e4ytt\u00e4ji\u00e4, silloin kertyy dataa, jota pystyt\u00e4\u00e4n hy\u00f6dynt\u00e4m\u00e4\u00e4n. (M\u00e4kel\u00e4 2023, 49.)<\/p>\n\n\n\n<div class=\"wp-block-group has-background\" style=\"background-color:#b3edfb\"><div class=\"wp-block-group__inner-container is-layout-constrained wp-block-group-is-layout-constrained\">\n<p><a>Kirjoittajat<\/a><\/p>\n\n\n\n<p><strong>Anna M\u00e4kel\u00e4<\/strong> valmistui kes\u00e4ll\u00e4 2023 LAB-ammattikorkeakoulusta sosiaali- ja terveyspalvelujen digitaaliset ratkaisut -koulutusohjelmasta.<\/p>\n\n\n\n<p><strong>Tuija Rinkinen<\/strong> ty\u00f6skentelee LAB-ammattikorkeakoulun Hyvinvointi-yksik\u00f6n lehtorina.<\/p>\n<\/div><\/div>\n\n\n\n<h2 class=\"wp-block-heading\">L\u00e4hteet<\/h2>\n\n\n\n<p>geralt. 2018. Altmann, G. J\u00e4rjestelm\u00e4n, verkko, digitalisointi. Pixabay. Viitattu 29.8.2023. Saatavissa <a href=\"https:\/\/pixabay.com\/fi\/photos\/j%C3%A4rjestelm%C3%A4n-verkko-digitalisointi-3599932\/\">https:\/\/pixabay.com\/fi\/photos\/j%C3%A4rjestelm%C3%A4n-verkko-digitalisointi-3599932\/<\/a><\/p>\n\n\n\n<p>J\u00e4kk\u00f6, M. 2018. Digitalisaatio-osaaminen terveysalalla: Systemoitu kirjallisuuskatsaus. Metropolia ammattikorkeakoulu. Opinn\u00e4ytety\u00f6 (YAMK). Viitattu 29.8.2023. Saatavissa <a href=\"https:\/\/www.theseus.fi\/bitstream\/handle\/10024\/151531\/Jakko_Marika.pdf?sequence=1&amp;isAllowed=y\">https:\/\/www.theseus.fi\/bitstream\/handle\/10024\/151531\/Jakko_Marika.pdf?sequence=1&amp;isAllowed=y<\/a><\/p>\n\n\n\n<p>M\u00e4kel\u00e4, A. 2023. Predicell-alustan pilotointi Jyr\u00e4nk\u00f6l\u00e4n Setlementti ry:n asumis- ja hoivayksik\u00f6iss\u00e4. Opinn\u00e4ytety\u00f6 (YAMK). LAB-ammattikorkeakoulu. Viitattu 28.8.2023. Saatavissa <a href=\"https:\/\/urn.fi\/URN:NBN:fi:amk-2023060321013\">https:\/\/urn.fi\/URN:NBN:fi:amk-2023060321013<\/a><\/p>\n\n\n\n<p>M\u00e4ntynen, H. &amp; Tuovinen, E. 2022. Gillie.AI eNERO -ohjelmiston hy\u00f6dynt\u00e4minen ik\u00e4ihmisten kaatumisriskin tunnistamisessa ja kaatumisten ennaltaehk\u00e4isemisess\u00e4 kotihoidossa. Opinn\u00e4ytety\u00f6 (YAMK). LAB-ammattikorkeakoulu. Viitattu 27.5.2023. Saatavissa <a href=\"https:\/\/www.theseus.fi\/bitstream\/handle\/10024\/782978\/Mantynen_Tuovinen.pdf?sequence=2&amp;isAllowed=y\">https:\/\/www.theseus.fi\/bitstream\/handle\/10024\/782978\/Mantynen_Tuovinen.pdf?sequence=2&amp;isAllowed=y<\/a><\/p>\n\n\n\n<p>Niemist\u00f6, L. 2017. Datasta ja teko\u00e4lyst\u00e4 my\u00f6s terveysalalla liiketoiminnan ydin. Teoksessa Yrityskatsaus Suomi teko\u00e4lyn kynnyksell\u00e4. Ty\u00f6- ja elinkeinoministeri\u00f6n julkaisu nro 2\/2017. Viitattu 7.3.2023. Saatavissa <a href=\"https:\/\/julkaisut.valtioneuvosto.fi\/bitstream\/handle\/10024\/160388\/TEM_oppaat_11_2017_Yrityskatsaus_2_2017_14122017_web.pdf\">https:\/\/julkaisut.valtioneuvosto.fi\/bitstream\/handle\/10024\/160388\/TEM_oppaat_11_2017_Yrityskatsaus_2_2017_14122017_web.pdf<\/a><\/p>\n\n\n\n<p>Niskanen, M. 2022. Sote-hoitohenkil\u00f6kunnan digitaalisten valmiuksien edist\u00e4minen: selvitys koulutussuunnittelun l\u00e4ht\u00f6kohdista sy\u00f6p\u00e4sairaita hoitaville yksik\u00f6ille Tyksiss\u00e4. Opinn\u00e4ytety\u00f6 (YAMK). Turun ammattikorkeakoulu. Viitattu 29.8.2023. Saatavissa <a href=\"https:\/\/www.theseus.fi\/bitstream\/handle\/10024\/788046\/Niskanen_Mervi.pdf?sequence=2&amp;isAllowed=y\">https:\/\/www.theseus.fi\/bitstream\/handle\/10024\/788046\/Niskanen_Mervi.pdf?sequence=2&amp;isAllowed=y<\/a><\/p>\n\n\n\n<p>Sepp\u00e4nen, V. 2020. Kotihoidon hoitajien kokemuksia teknologian k\u00e4ytt\u00f6\u00f6notosta sek\u00e4 k\u00e4sityksi\u00e4 omasta teknologiaosaamisesta: Case Evendos. Opinn\u00e4ytety\u00f6 (YAMK). Oulun ammattikorkeakoulu. Viitattu 27.5.2023. Saatavissa <a href=\"https:\/\/www.theseus.fi\/bitstream\/handle\/10024\/339008\/Seppanen_Vappu.pdf?sequence=2&amp;isAllowed=y\">https:\/\/www.theseus.fi\/bitstream\/handle\/10024\/339008\/Seppanen_Vappu.pdf?sequence=2&amp;isAllowed=y<\/a><\/p>\n\n\n\n<p>Sosiaali- ja terveysministeri\u00f6. 2016. Digitalisaatio terveyden ja hyvinvoinnin tukena. Sosiaali- ja terveysministeri\u00f6n digitalisaatiolinjaukset 2025. Sosiaali- ja terveysministeri\u00f6n julkaisuja 2016:5. Helsinki: Sosiaali- ja terveysministeri\u00f6. Viitattu 29.8.2023. Saatavissa <a href=\"http:\/\/urn.fi\/URN:ISBN:978-952-00-3782-6\">http:\/\/urn.fi\/URN:ISBN:978-952-00-3782-6<\/a><\/p>\n\n\n\n<p>Sosiaali- ja terveysministeri\u00f6. 2020. Kansallinen ik\u00e4ohjelma vuoteen 2030. Tavoitteena ik\u00e4kyvyk\u00e4s Suomi. Sosiaali- ja terveysministeri\u00f6n julkaisuja 2020:31. Helsinki: Sosiaali- ja terveysministeri\u00f6. Viitattu 29.8.2023. Saatavissa <a href=\"https:\/\/julkaisut.valtioneuvosto.fi\/bitstream\/handle\/10024\/162462\/STM_2020_31_j.pdf?sequence=4\">https:\/\/julkaisut.valtioneuvosto.fi\/bitstream\/handle\/10024\/162462\/STM_2020_31_j.pdf?sequence=4<\/a><\/p>\n\n\n\n<p>Wang, H., Zhao, Y., Yu, L., Liu, J., Zwetsloot, I., Cabrera, J. &amp; Tsui, K-L. 2020. A Personalized Health Monitoring System for Community-Dwelling Elderly People in Hong Kong: Design, Implementation, and Evaluation Study. Journal of Medical Internet Research. Nro 9\/2020. Viitattu 29.8.2023. Saatavissa <a href=\"https:\/\/doi.org\/10.2196\/19223\">doi:10.2196\/19223<\/a><\/p>\n","protected":false},"excerpt":{"rendered":"<p>Sosiaali- ja terveydenhuollossa Suomi on l\u00e4hitulevaisuudessa isojen haasteiden edess\u00e4, kun palveluiden tarve kasvaa. Palveluja digitalisoimalla pystyt\u00e4\u00e4n vastaamaan terveydenhuollon haasteisiin. (Sosiaali- ja terveysministeri\u00f6 2016, 4; Sosiaali- ja terveysministeri\u00f6 2020, 34.) Sairauksien ja muiden terveysongelmien ennakoimiseen ja havaitsemiseen tullaan hy\u00f6dynt\u00e4m\u00e4\u00e4n entist\u00e4 enemm\u00e4n teko\u00e4ly\u00e4 esimerkiksi erilaisten sensorien avulla. (Niemist\u00f6 2017, 21\u201322.) Teko\u00e4lyn k\u00e4ytt\u00f6 vaatii ammattilaisilta ajattelutavanmuutosta ja organisaatioilta [&hellip;]<\/p>\n","protected":false},"author":17,"featured_media":14571,"comment_status":"closed","ping_status":"open","sticky":false,"template":"","format":"standard","meta":{"footnotes":""},"categories":[15],"tags":[29,107,111,633],"class_list":{"0":"post-14570","1":"post","2":"type-post","3":"status-publish","4":"format-standard","5":"has-post-thumbnail","7":"category-health_fi","8":"tag-artikkeli-e1","9":"tag-koulutus","10":"tag-tekoaly","11":"tag-terveydenhuolto","12":"czr-hentry"},"yoast_head":"<!-- This site is optimized with the Yoast SEO plugin v27.5 - https:\/\/yoast.com\/product\/yoast-seo-wordpress\/ -->\n<title>Terveydenhuollon ty\u00f6ntekij\u00e4t avainasemassa teko\u00e4lyteknologian k\u00e4ytt\u00f6\u00f6notossa - LAB Focus<\/title>\n<meta name=\"description\" content=\"Opinn\u00e4ytety\u00f6 selvitti teko\u00e4lyn k\u00e4ytt\u00f6\u00f6noton edellytyksi\u00e4 terveydenhuollossa. Henkil\u00f6st\u00f6 on otettava mukaan p\u00e4\u00e4t\u00f6ksentekoon ja perehdytys on v\u00e4ltt\u00e4m\u00e4t\u00f6nt\u00e4.\" \/>\n<meta name=\"robots\" content=\"index, follow, max-snippet:-1, max-image-preview:large, max-video-preview:-1\" \/>\n<link rel=\"canonical\" href=\"https:\/\/blogit.lab.fi\/labfocus\/terveydenhuollon-tyontekijat-avainasemassa-tekoalyteknologian-kayttoonotossa\/\" \/>\n<meta property=\"og:locale\" content=\"fi_FI\" \/>\n<meta property=\"og:type\" content=\"article\" \/>\n<meta property=\"og:title\" content=\"Terveydenhuollon ty\u00f6ntekij\u00e4t avainasemassa teko\u00e4lyteknologian k\u00e4ytt\u00f6\u00f6notossa - LAB Focus\" \/>\n<meta property=\"og:description\" content=\"Opinn\u00e4ytety\u00f6 selvitti teko\u00e4lyn k\u00e4ytt\u00f6\u00f6noton edellytyksi\u00e4 terveydenhuollossa. Henkil\u00f6st\u00f6 on otettava mukaan p\u00e4\u00e4t\u00f6ksentekoon ja perehdytys on v\u00e4ltt\u00e4m\u00e4t\u00f6nt\u00e4.\" \/>\n<meta property=\"og:url\" content=\"https:\/\/blogit.lab.fi\/labfocus\/terveydenhuollon-tyontekijat-avainasemassa-tekoalyteknologian-kayttoonotossa\/\" \/>\n<meta property=\"og:site_name\" content=\"LAB Focus\" \/>\n<meta property=\"article:published_time\" content=\"2023-08-31T06:57:21+00:00\" \/>\n<meta property=\"article:modified_time\" content=\"2023-08-31T06:57:23+00:00\" \/>\n<meta property=\"og:image\" content=\"https:\/\/blogit.lab.fi\/labfocus\/wp-content\/uploads\/sites\/8\/2023\/08\/579_2023_Terveydenhuollon-tyontekijat-avainasemassa-tekoalyteknologian-kayttoonotossa.jpg\" \/>\n\t<meta property=\"og:image:width\" content=\"1280\" \/>\n\t<meta property=\"og:image:height\" content=\"753\" \/>\n\t<meta property=\"og:image:type\" content=\"image\/jpeg\" \/>\n<meta name=\"author\" content=\"tainask\" \/>\n<meta name=\"twitter:card\" content=\"summary_large_image\" \/>\n<meta name=\"twitter:creator\" content=\"@LABfinland\" \/>\n<meta name=\"twitter:site\" content=\"@LABfinland\" \/>\n<meta name=\"twitter:label1\" content=\"Kirjoittanut\" \/>\n\t<meta name=\"twitter:data1\" content=\"tainask\" \/>\n\t<meta name=\"twitter:label2\" content=\"Arvioitu lukuaika\" \/>\n\t<meta name=\"twitter:data2\" content=\"5 minuuttia\" \/>\n<script type=\"application\/ld+json\" class=\"yoast-schema-graph\">{\"@context\":\"https:\\\/\\\/schema.org\",\"@graph\":[{\"@type\":\"Article\",\"@id\":\"https:\\\/\\\/blogit.lab.fi\\\/labfocus\\\/terveydenhuollon-tyontekijat-avainasemassa-tekoalyteknologian-kayttoonotossa\\\/#article\",\"isPartOf\":{\"@id\":\"https:\\\/\\\/blogit.lab.fi\\\/labfocus\\\/terveydenhuollon-tyontekijat-avainasemassa-tekoalyteknologian-kayttoonotossa\\\/\"},\"author\":{\"name\":\"tainask\",\"@id\":\"https:\\\/\\\/blogit.lab.fi\\\/labfocus\\\/#\\\/schema\\\/person\\\/da729f65c4a2fb9fd8f0b1ec7a2ab7d0\"},\"headline\":\"Terveydenhuollon ty\u00f6ntekij\u00e4t avainasemassa teko\u00e4lyteknologian k\u00e4ytt\u00f6\u00f6notossa\",\"datePublished\":\"2023-08-31T06:57:21+00:00\",\"dateModified\":\"2023-08-31T06:57:23+00:00\",\"mainEntityOfPage\":{\"@id\":\"https:\\\/\\\/blogit.lab.fi\\\/labfocus\\\/terveydenhuollon-tyontekijat-avainasemassa-tekoalyteknologian-kayttoonotossa\\\/\"},\"wordCount\":845,\"publisher\":{\"@id\":\"https:\\\/\\\/blogit.lab.fi\\\/labfocus\\\/#organization\"},\"image\":{\"@id\":\"https:\\\/\\\/blogit.lab.fi\\\/labfocus\\\/terveydenhuollon-tyontekijat-avainasemassa-tekoalyteknologian-kayttoonotossa\\\/#primaryimage\"},\"thumbnailUrl\":\"https:\\\/\\\/blogit.lab.fi\\\/labfocus\\\/wp-content\\\/uploads\\\/sites\\\/8\\\/2023\\\/08\\\/579_2023_Terveydenhuollon-tyontekijat-avainasemassa-tekoalyteknologian-kayttoonotossa.jpg\",\"keywords\":[\"Artikkeli E1\",\"koulutus\",\"teko\u00e4ly\",\"terveydenhuolto\"],\"articleSection\":[\"Health\"],\"inLanguage\":\"fi\"},{\"@type\":\"WebPage\",\"@id\":\"https:\\\/\\\/blogit.lab.fi\\\/labfocus\\\/terveydenhuollon-tyontekijat-avainasemassa-tekoalyteknologian-kayttoonotossa\\\/\",\"url\":\"https:\\\/\\\/blogit.lab.fi\\\/labfocus\\\/terveydenhuollon-tyontekijat-avainasemassa-tekoalyteknologian-kayttoonotossa\\\/\",\"name\":\"Terveydenhuollon ty\u00f6ntekij\u00e4t avainasemassa teko\u00e4lyteknologian k\u00e4ytt\u00f6\u00f6notossa - LAB Focus\",\"isPartOf\":{\"@id\":\"https:\\\/\\\/blogit.lab.fi\\\/labfocus\\\/#website\"},\"primaryImageOfPage\":{\"@id\":\"https:\\\/\\\/blogit.lab.fi\\\/labfocus\\\/terveydenhuollon-tyontekijat-avainasemassa-tekoalyteknologian-kayttoonotossa\\\/#primaryimage\"},\"image\":{\"@id\":\"https:\\\/\\\/blogit.lab.fi\\\/labfocus\\\/terveydenhuollon-tyontekijat-avainasemassa-tekoalyteknologian-kayttoonotossa\\\/#primaryimage\"},\"thumbnailUrl\":\"https:\\\/\\\/blogit.lab.fi\\\/labfocus\\\/wp-content\\\/uploads\\\/sites\\\/8\\\/2023\\\/08\\\/579_2023_Terveydenhuollon-tyontekijat-avainasemassa-tekoalyteknologian-kayttoonotossa.jpg\",\"datePublished\":\"2023-08-31T06:57:21+00:00\",\"dateModified\":\"2023-08-31T06:57:23+00:00\",\"description\":\"Opinn\u00e4ytety\u00f6 selvitti teko\u00e4lyn k\u00e4ytt\u00f6\u00f6noton edellytyksi\u00e4 terveydenhuollossa. Henkil\u00f6st\u00f6 on otettava mukaan p\u00e4\u00e4t\u00f6ksentekoon ja perehdytys on v\u00e4ltt\u00e4m\u00e4t\u00f6nt\u00e4.\",\"breadcrumb\":{\"@id\":\"https:\\\/\\\/blogit.lab.fi\\\/labfocus\\\/terveydenhuollon-tyontekijat-avainasemassa-tekoalyteknologian-kayttoonotossa\\\/#breadcrumb\"},\"inLanguage\":\"fi\",\"potentialAction\":[{\"@type\":\"ReadAction\",\"target\":[\"https:\\\/\\\/blogit.lab.fi\\\/labfocus\\\/terveydenhuollon-tyontekijat-avainasemassa-tekoalyteknologian-kayttoonotossa\\\/\"]}]},{\"@type\":\"ImageObject\",\"inLanguage\":\"fi\",\"@id\":\"https:\\\/\\\/blogit.lab.fi\\\/labfocus\\\/terveydenhuollon-tyontekijat-avainasemassa-tekoalyteknologian-kayttoonotossa\\\/#primaryimage\",\"url\":\"https:\\\/\\\/blogit.lab.fi\\\/labfocus\\\/wp-content\\\/uploads\\\/sites\\\/8\\\/2023\\\/08\\\/579_2023_Terveydenhuollon-tyontekijat-avainasemassa-tekoalyteknologian-kayttoonotossa.jpg\",\"contentUrl\":\"https:\\\/\\\/blogit.lab.fi\\\/labfocus\\\/wp-content\\\/uploads\\\/sites\\\/8\\\/2023\\\/08\\\/579_2023_Terveydenhuollon-tyontekijat-avainasemassa-tekoalyteknologian-kayttoonotossa.jpg\",\"width\":1280,\"height\":753},{\"@type\":\"BreadcrumbList\",\"@id\":\"https:\\\/\\\/blogit.lab.fi\\\/labfocus\\\/terveydenhuollon-tyontekijat-avainasemassa-tekoalyteknologian-kayttoonotossa\\\/#breadcrumb\",\"itemListElement\":[{\"@type\":\"ListItem\",\"position\":1,\"name\":\"Home\",\"item\":\"https:\\\/\\\/blogit.lab.fi\\\/labfocus\\\/\"},{\"@type\":\"ListItem\",\"position\":2,\"name\":\"Terveydenhuollon ty\u00f6ntekij\u00e4t avainasemassa teko\u00e4lyteknologian k\u00e4ytt\u00f6\u00f6notossa\"}]},{\"@type\":\"WebSite\",\"@id\":\"https:\\\/\\\/blogit.lab.fi\\\/labfocus\\\/#website\",\"url\":\"https:\\\/\\\/blogit.lab.fi\\\/labfocus\\\/\",\"name\":\"LAB Focus\",\"description\":\"Focus Area blog | LAB University of Applied Sciences\",\"publisher\":{\"@id\":\"https:\\\/\\\/blogit.lab.fi\\\/labfocus\\\/#organization\"},\"potentialAction\":[{\"@type\":\"SearchAction\",\"target\":{\"@type\":\"EntryPoint\",\"urlTemplate\":\"https:\\\/\\\/blogit.lab.fi\\\/labfocus\\\/?s={search_term_string}\"},\"query-input\":{\"@type\":\"PropertyValueSpecification\",\"valueRequired\":true,\"valueName\":\"search_term_string\"}}],\"inLanguage\":\"fi\"},{\"@type\":\"Organization\",\"@id\":\"https:\\\/\\\/blogit.lab.fi\\\/labfocus\\\/#organization\",\"name\":\"LAB Focus\",\"url\":\"https:\\\/\\\/blogit.lab.fi\\\/labfocus\\\/\",\"logo\":{\"@type\":\"ImageObject\",\"inLanguage\":\"fi\",\"@id\":\"https:\\\/\\\/blogit.lab.fi\\\/labfocus\\\/#\\\/schema\\\/logo\\\/image\\\/\",\"url\":\"https:\\\/\\\/blogit.lab.fi\\\/labfocus\\\/wp-content\\\/uploads\\\/sites\\\/8\\\/2020\\\/04\\\/cropped-cropped-tunnus_blogi-01.png\",\"contentUrl\":\"https:\\\/\\\/blogit.lab.fi\\\/labfocus\\\/wp-content\\\/uploads\\\/sites\\\/8\\\/2020\\\/04\\\/cropped-cropped-tunnus_blogi-01.png\",\"width\":1342,\"height\":288,\"caption\":\"LAB Focus\"},\"image\":{\"@id\":\"https:\\\/\\\/blogit.lab.fi\\\/labfocus\\\/#\\\/schema\\\/logo\\\/image\\\/\"},\"sameAs\":[\"https:\\\/\\\/x.com\\\/LABfinland\"]},{\"@type\":\"Person\",\"@id\":\"https:\\\/\\\/blogit.lab.fi\\\/labfocus\\\/#\\\/schema\\\/person\\\/da729f65c4a2fb9fd8f0b1ec7a2ab7d0\",\"name\":\"tainask\",\"image\":{\"@type\":\"ImageObject\",\"inLanguage\":\"fi\",\"@id\":\"https:\\\/\\\/secure.gravatar.com\\\/avatar\\\/4a96427877ef826b76e80c27f60b266128094f522551459346efcf14282febb3?s=96&d=mm&r=g\",\"url\":\"https:\\\/\\\/secure.gravatar.com\\\/avatar\\\/4a96427877ef826b76e80c27f60b266128094f522551459346efcf14282febb3?s=96&d=mm&r=g\",\"contentUrl\":\"https:\\\/\\\/secure.gravatar.com\\\/avatar\\\/4a96427877ef826b76e80c27f60b266128094f522551459346efcf14282febb3?s=96&d=mm&r=g\",\"caption\":\"tainask\"},\"url\":\"https:\\\/\\\/blogit.lab.fi\\\/labfocus\\\/author\\\/tainask\\\/\"}]}<\/script>\n<!-- \/ Yoast SEO plugin. -->","yoast_head_json":{"title":"Terveydenhuollon ty\u00f6ntekij\u00e4t avainasemassa teko\u00e4lyteknologian k\u00e4ytt\u00f6\u00f6notossa - LAB Focus","description":"Opinn\u00e4ytety\u00f6 selvitti teko\u00e4lyn k\u00e4ytt\u00f6\u00f6noton edellytyksi\u00e4 terveydenhuollossa. Henkil\u00f6st\u00f6 on otettava mukaan p\u00e4\u00e4t\u00f6ksentekoon ja perehdytys on v\u00e4ltt\u00e4m\u00e4t\u00f6nt\u00e4.","robots":{"index":"index","follow":"follow","max-snippet":"max-snippet:-1","max-image-preview":"max-image-preview:large","max-video-preview":"max-video-preview:-1"},"canonical":"https:\/\/blogit.lab.fi\/labfocus\/terveydenhuollon-tyontekijat-avainasemassa-tekoalyteknologian-kayttoonotossa\/","og_locale":"fi_FI","og_type":"article","og_title":"Terveydenhuollon ty\u00f6ntekij\u00e4t avainasemassa teko\u00e4lyteknologian k\u00e4ytt\u00f6\u00f6notossa - LAB Focus","og_description":"Opinn\u00e4ytety\u00f6 selvitti teko\u00e4lyn k\u00e4ytt\u00f6\u00f6noton edellytyksi\u00e4 terveydenhuollossa. Henkil\u00f6st\u00f6 on otettava mukaan p\u00e4\u00e4t\u00f6ksentekoon ja perehdytys on v\u00e4ltt\u00e4m\u00e4t\u00f6nt\u00e4.","og_url":"https:\/\/blogit.lab.fi\/labfocus\/terveydenhuollon-tyontekijat-avainasemassa-tekoalyteknologian-kayttoonotossa\/","og_site_name":"LAB Focus","article_published_time":"2023-08-31T06:57:21+00:00","article_modified_time":"2023-08-31T06:57:23+00:00","og_image":[{"width":1280,"height":753,"url":"https:\/\/blogit.lab.fi\/labfocus\/wp-content\/uploads\/sites\/8\/2023\/08\/579_2023_Terveydenhuollon-tyontekijat-avainasemassa-tekoalyteknologian-kayttoonotossa.jpg","type":"image\/jpeg"}],"author":"tainask","twitter_card":"summary_large_image","twitter_creator":"@LABfinland","twitter_site":"@LABfinland","twitter_misc":{"Kirjoittanut":"tainask","Arvioitu lukuaika":"5 minuuttia"},"schema":{"@context":"https:\/\/schema.org","@graph":[{"@type":"Article","@id":"https:\/\/blogit.lab.fi\/labfocus\/terveydenhuollon-tyontekijat-avainasemassa-tekoalyteknologian-kayttoonotossa\/#article","isPartOf":{"@id":"https:\/\/blogit.lab.fi\/labfocus\/terveydenhuollon-tyontekijat-avainasemassa-tekoalyteknologian-kayttoonotossa\/"},"author":{"name":"tainask","@id":"https:\/\/blogit.lab.fi\/labfocus\/#\/schema\/person\/da729f65c4a2fb9fd8f0b1ec7a2ab7d0"},"headline":"Terveydenhuollon ty\u00f6ntekij\u00e4t avainasemassa teko\u00e4lyteknologian k\u00e4ytt\u00f6\u00f6notossa","datePublished":"2023-08-31T06:57:21+00:00","dateModified":"2023-08-31T06:57:23+00:00","mainEntityOfPage":{"@id":"https:\/\/blogit.lab.fi\/labfocus\/terveydenhuollon-tyontekijat-avainasemassa-tekoalyteknologian-kayttoonotossa\/"},"wordCount":845,"publisher":{"@id":"https:\/\/blogit.lab.fi\/labfocus\/#organization"},"image":{"@id":"https:\/\/blogit.lab.fi\/labfocus\/terveydenhuollon-tyontekijat-avainasemassa-tekoalyteknologian-kayttoonotossa\/#primaryimage"},"thumbnailUrl":"https:\/\/blogit.lab.fi\/labfocus\/wp-content\/uploads\/sites\/8\/2023\/08\/579_2023_Terveydenhuollon-tyontekijat-avainasemassa-tekoalyteknologian-kayttoonotossa.jpg","keywords":["Artikkeli E1","koulutus","teko\u00e4ly","terveydenhuolto"],"articleSection":["Health"],"inLanguage":"fi"},{"@type":"WebPage","@id":"https:\/\/blogit.lab.fi\/labfocus\/terveydenhuollon-tyontekijat-avainasemassa-tekoalyteknologian-kayttoonotossa\/","url":"https:\/\/blogit.lab.fi\/labfocus\/terveydenhuollon-tyontekijat-avainasemassa-tekoalyteknologian-kayttoonotossa\/","name":"Terveydenhuollon ty\u00f6ntekij\u00e4t avainasemassa teko\u00e4lyteknologian k\u00e4ytt\u00f6\u00f6notossa - LAB Focus","isPartOf":{"@id":"https:\/\/blogit.lab.fi\/labfocus\/#website"},"primaryImageOfPage":{"@id":"https:\/\/blogit.lab.fi\/labfocus\/terveydenhuollon-tyontekijat-avainasemassa-tekoalyteknologian-kayttoonotossa\/#primaryimage"},"image":{"@id":"https:\/\/blogit.lab.fi\/labfocus\/terveydenhuollon-tyontekijat-avainasemassa-tekoalyteknologian-kayttoonotossa\/#primaryimage"},"thumbnailUrl":"https:\/\/blogit.lab.fi\/labfocus\/wp-content\/uploads\/sites\/8\/2023\/08\/579_2023_Terveydenhuollon-tyontekijat-avainasemassa-tekoalyteknologian-kayttoonotossa.jpg","datePublished":"2023-08-31T06:57:21+00:00","dateModified":"2023-08-31T06:57:23+00:00","description":"Opinn\u00e4ytety\u00f6 selvitti teko\u00e4lyn k\u00e4ytt\u00f6\u00f6noton edellytyksi\u00e4 terveydenhuollossa. Henkil\u00f6st\u00f6 on otettava mukaan p\u00e4\u00e4t\u00f6ksentekoon ja perehdytys on v\u00e4ltt\u00e4m\u00e4t\u00f6nt\u00e4.","breadcrumb":{"@id":"https:\/\/blogit.lab.fi\/labfocus\/terveydenhuollon-tyontekijat-avainasemassa-tekoalyteknologian-kayttoonotossa\/#breadcrumb"},"inLanguage":"fi","potentialAction":[{"@type":"ReadAction","target":["https:\/\/blogit.lab.fi\/labfocus\/terveydenhuollon-tyontekijat-avainasemassa-tekoalyteknologian-kayttoonotossa\/"]}]},{"@type":"ImageObject","inLanguage":"fi","@id":"https:\/\/blogit.lab.fi\/labfocus\/terveydenhuollon-tyontekijat-avainasemassa-tekoalyteknologian-kayttoonotossa\/#primaryimage","url":"https:\/\/blogit.lab.fi\/labfocus\/wp-content\/uploads\/sites\/8\/2023\/08\/579_2023_Terveydenhuollon-tyontekijat-avainasemassa-tekoalyteknologian-kayttoonotossa.jpg","contentUrl":"https:\/\/blogit.lab.fi\/labfocus\/wp-content\/uploads\/sites\/8\/2023\/08\/579_2023_Terveydenhuollon-tyontekijat-avainasemassa-tekoalyteknologian-kayttoonotossa.jpg","width":1280,"height":753},{"@type":"BreadcrumbList","@id":"https:\/\/blogit.lab.fi\/labfocus\/terveydenhuollon-tyontekijat-avainasemassa-tekoalyteknologian-kayttoonotossa\/#breadcrumb","itemListElement":[{"@type":"ListItem","position":1,"name":"Home","item":"https:\/\/blogit.lab.fi\/labfocus\/"},{"@type":"ListItem","position":2,"name":"Terveydenhuollon ty\u00f6ntekij\u00e4t avainasemassa teko\u00e4lyteknologian k\u00e4ytt\u00f6\u00f6notossa"}]},{"@type":"WebSite","@id":"https:\/\/blogit.lab.fi\/labfocus\/#website","url":"https:\/\/blogit.lab.fi\/labfocus\/","name":"LAB Focus","description":"Focus Area blog | LAB University of Applied Sciences","publisher":{"@id":"https:\/\/blogit.lab.fi\/labfocus\/#organization"},"potentialAction":[{"@type":"SearchAction","target":{"@type":"EntryPoint","urlTemplate":"https:\/\/blogit.lab.fi\/labfocus\/?s={search_term_string}"},"query-input":{"@type":"PropertyValueSpecification","valueRequired":true,"valueName":"search_term_string"}}],"inLanguage":"fi"},{"@type":"Organization","@id":"https:\/\/blogit.lab.fi\/labfocus\/#organization","name":"LAB Focus","url":"https:\/\/blogit.lab.fi\/labfocus\/","logo":{"@type":"ImageObject","inLanguage":"fi","@id":"https:\/\/blogit.lab.fi\/labfocus\/#\/schema\/logo\/image\/","url":"https:\/\/blogit.lab.fi\/labfocus\/wp-content\/uploads\/sites\/8\/2020\/04\/cropped-cropped-tunnus_blogi-01.png","contentUrl":"https:\/\/blogit.lab.fi\/labfocus\/wp-content\/uploads\/sites\/8\/2020\/04\/cropped-cropped-tunnus_blogi-01.png","width":1342,"height":288,"caption":"LAB Focus"},"image":{"@id":"https:\/\/blogit.lab.fi\/labfocus\/#\/schema\/logo\/image\/"},"sameAs":["https:\/\/x.com\/LABfinland"]},{"@type":"Person","@id":"https:\/\/blogit.lab.fi\/labfocus\/#\/schema\/person\/da729f65c4a2fb9fd8f0b1ec7a2ab7d0","name":"tainask","image":{"@type":"ImageObject","inLanguage":"fi","@id":"https:\/\/secure.gravatar.com\/avatar\/4a96427877ef826b76e80c27f60b266128094f522551459346efcf14282febb3?s=96&d=mm&r=g","url":"https:\/\/secure.gravatar.com\/avatar\/4a96427877ef826b76e80c27f60b266128094f522551459346efcf14282febb3?s=96&d=mm&r=g","contentUrl":"https:\/\/secure.gravatar.com\/avatar\/4a96427877ef826b76e80c27f60b266128094f522551459346efcf14282febb3?s=96&d=mm&r=g","caption":"tainask"},"url":"https:\/\/blogit.lab.fi\/labfocus\/author\/tainask\/"}]}},"_links":{"self":[{"href":"https:\/\/blogit.lab.fi\/labfocus\/wp-json\/wp\/v2\/posts\/14570","targetHints":{"allow":["GET"]}}],"collection":[{"href":"https:\/\/blogit.lab.fi\/labfocus\/wp-json\/wp\/v2\/posts"}],"about":[{"href":"https:\/\/blogit.lab.fi\/labfocus\/wp-json\/wp\/v2\/types\/post"}],"author":[{"embeddable":true,"href":"https:\/\/blogit.lab.fi\/labfocus\/wp-json\/wp\/v2\/users\/17"}],"replies":[{"embeddable":true,"href":"https:\/\/blogit.lab.fi\/labfocus\/wp-json\/wp\/v2\/comments?post=14570"}],"version-history":[{"count":4,"href":"https:\/\/blogit.lab.fi\/labfocus\/wp-json\/wp\/v2\/posts\/14570\/revisions"}],"predecessor-version":[{"id":14575,"href":"https:\/\/blogit.lab.fi\/labfocus\/wp-json\/wp\/v2\/posts\/14570\/revisions\/14575"}],"wp:featuredmedia":[{"embeddable":true,"href":"https:\/\/blogit.lab.fi\/labfocus\/wp-json\/wp\/v2\/media\/14571"}],"wp:attachment":[{"href":"https:\/\/blogit.lab.fi\/labfocus\/wp-json\/wp\/v2\/media?parent=14570"}],"wp:term":[{"taxonomy":"category","embeddable":true,"href":"https:\/\/blogit.lab.fi\/labfocus\/wp-json\/wp\/v2\/categories?post=14570"},{"taxonomy":"post_tag","embeddable":true,"href":"https:\/\/blogit.lab.fi\/labfocus\/wp-json\/wp\/v2\/tags?post=14570"}],"curies":[{"name":"wp","href":"https:\/\/api.w.org\/{rel}","templated":true}]}}