{"id":14683,"date":"2023-09-07T12:00:51","date_gmt":"2023-09-07T09:00:51","guid":{"rendered":"https:\/\/blogit.lab.fi\/labfocus\/?p=14683"},"modified":"2023-09-07T12:05:45","modified_gmt":"2023-09-07T09:05:45","slug":"kolmas-sektori-osatyokykyisten-nuorten-hyvinvoinnin-edistajana","status":"publish","type":"post","link":"https:\/\/blogit.lab.fi\/labfocus\/kolmas-sektori-osatyokykyisten-nuorten-hyvinvoinnin-edistajana\/","title":{"rendered":"Kolmas sektori osaty\u00f6kykyisten nuorten hyvinvoinnin edist\u00e4j\u00e4n\u00e4"},"content":{"rendered":"\n<p>Kolmas sektori tarkoittaa julkisen sektorin ja yksityisen sektorin ulkopuolista j\u00e4rjest\u00e4ytynytt\u00e4 kansalaistoimintaa (M\u00f6tt\u00f6nen 2014, 201). Kolmannen sektorin j\u00e4rjest\u00f6t ja yhdistykset tekev\u00e4t kuntien ja hyvinvointialueiden rinnalla hyvinvoinnin ja terveyden edist\u00e4misen ty\u00f6t\u00e4 (Soste 2021). Hyvinvoinnin ja terveyden edist\u00e4minen tarkoittaa toimintaa, joka pyrkii yll\u00e4pit\u00e4m\u00e4\u00e4n ja lis\u00e4\u00e4m\u00e4\u00e4n kansalaisten terveytt\u00e4, hyvinvointia ja toimintakyky\u00e4. Se k\u00e4sitt\u00e4\u00e4 sairauksien ja syrj\u00e4ytymisen ehk\u00e4isyn sek\u00e4 osallisuuden lis\u00e4\u00e4misen v\u00e4est\u00f6ss\u00e4. (Lyytik\u00e4inen ym. 2017, 7).<\/p>\n\n\n\n<p>Kolmannen sektorin toimijat ovat sek\u00e4 toteuttajia ett\u00e4 v\u00e4lineit\u00e4 ty\u00f6ss\u00e4, jossa ihmisten osallisuutta ja osallistumista oman elinymp\u00e4rist\u00f6ns\u00e4 ja arkensa parantamiseen halutaan tukea (Soste 2021). Sosiaalinen liittyminen muihin ihmisiin on perustarve, ja omassa vertaisyhteis\u00f6ss\u00e4 osalliseksi p\u00e4\u00e4seminen edist\u00e4\u00e4 sosiaalista hyvinvointia. Sosiaalinen hyvinvointi toimii perustana my\u00f6s muulle hyvinvoinnille. (Fadjukoff ym. 2022, 327\u2013328, 330.)<\/p>\n\n\n\n<p>Ty\u00f6el\u00e4m\u00e4\u00e4n mukaan p\u00e4\u00e4sy edist\u00e4\u00e4 ihmisen hyvinvointia monella tasolla (Sosiaali- ja terveysministeri\u00f6 2020, 13). Kuitenkin useat nuoret aikuiset k\u00e4rsiv\u00e4t heikentyneest\u00e4 hyvinvoinnista ja toimintakyvyst\u00e4, ja ty\u00f6kyvytt\u00f6myyden vuoksi ty\u00f6el\u00e4m\u00e4st\u00e4 syrj\u00e4\u00e4n j\u00e4\u00e4neiden nuorten m\u00e4\u00e4r\u00e4 on kasvanut 2000-luvulla (Shemeikka ym. 2014, 2, Koskenvuo 2017). Ongelmia on my\u00f6s osaty\u00f6kykyisen\u00e4 ty\u00f6el\u00e4m\u00e4\u00e4n sijoittumisessa (Koskenvuo 2017). <\/p>\n\n\n\n<p>Karim\u00e4en (2023) soveltavassa tutkimuksessa selvitettiin osaty\u00f6kykyisten nuorten kokemuksia, ty\u00f6- ja toimintakyky\u00e4 sek\u00e4 koulutukseen tai ty\u00f6el\u00e4m\u00e4\u00e4n sijoittumista tukevia palveluja. Pyrkimyksen\u00e4 oli muun muassa nostaa esiin hyvi\u00e4 toimintatapoja ty\u00f6- ja koulutuspolun tukemiseen asiakasn\u00e4k\u00f6kulmaan perustuen. Opinn\u00e4ytety\u00f6 valmistui LAB-ammattikorkeakoulun ja kolmannen sektorin ASKELMAT-hankkeeseen.<\/p>\n\n\n\n<figure class=\"wp-block-image size-large\"><img loading=\"lazy\" decoding=\"async\" width=\"1024\" height=\"590\" src=\"https:\/\/blogit.lab.fi\/labfocus\/wp-content\/uploads\/sites\/8\/2023\/09\/595_2023_Kolmas-sektori-osatyokykyisten-nuorten-hyvinvoinnin-edistajana-1024x590.jpg\" alt=\"\" class=\"wp-image-14684\" srcset=\"https:\/\/blogit.lab.fi\/labfocus\/wp-content\/uploads\/sites\/8\/2023\/09\/595_2023_Kolmas-sektori-osatyokykyisten-nuorten-hyvinvoinnin-edistajana-1024x590.jpg 1024w, https:\/\/blogit.lab.fi\/labfocus\/wp-content\/uploads\/sites\/8\/2023\/09\/595_2023_Kolmas-sektori-osatyokykyisten-nuorten-hyvinvoinnin-edistajana-300x173.jpg 300w, https:\/\/blogit.lab.fi\/labfocus\/wp-content\/uploads\/sites\/8\/2023\/09\/595_2023_Kolmas-sektori-osatyokykyisten-nuorten-hyvinvoinnin-edistajana-768x442.jpg 768w, https:\/\/blogit.lab.fi\/labfocus\/wp-content\/uploads\/sites\/8\/2023\/09\/595_2023_Kolmas-sektori-osatyokykyisten-nuorten-hyvinvoinnin-edistajana-570x328.jpg 570w, https:\/\/blogit.lab.fi\/labfocus\/wp-content\/uploads\/sites\/8\/2023\/09\/595_2023_Kolmas-sektori-osatyokykyisten-nuorten-hyvinvoinnin-edistajana.jpg 1280w\" sizes=\"auto, (max-width: 1024px) 100vw, 1024px\" \/><figcaption class=\"wp-element-caption\">Kuva 1. Hyvinvoiva nuori jaksaa kurottaa tulevaisuuteen (Min An 2018)<\/figcaption><\/figure>\n\n\n\n<h2 class=\"wp-block-heading\">Ryhm\u00e4- ja vertaistoiminta tuo kyvykkyytt\u00e4 arkeen<\/h2>\n\n\n\n<p>Tutkimuksessa nousi esiin kolmannen sektorin vertais- ja ryhm\u00e4toimintojen suuri merkitys nuorten kuntoutumisessa ja yleisen hyvinvoinnin sek\u00e4 toimintakyvyn yll\u00e4pit\u00e4misess\u00e4. Tutkimuksessa haastatellut nuoret olivat itse hakeutuneet kolmannen sektorin tarjoamiin avoimiin ryhmiin ja palveluihin, jotka olivat tarjonneet yhteis\u00f6llisyytt\u00e4 ja syyn l\u00e4hte\u00e4 kotoa. Nuoret tunnistivat ryhmien tarjoamat s\u00e4\u00e4nn\u00f6lliset sosiaaliset kontaktit ja arkea rytmitt\u00e4v\u00e4t kokoontumiset hyvinvointiaan tukeviksi elementeiksi. (Karim\u00e4ki 2023.)<\/p>\n\n\n\n<p>Kolmannen sektorin toiminta oli t\u00e4ydent\u00e4nyt julkisia palveluita tarjoamalla mielekk\u00e4it\u00e4 ja aktivoivia arjen sis\u00e4lt\u00f6j\u00e4 tukemaan toiminta- ja ty\u00f6kyvyn saavuttamista. Matalan kynnyksen avoin toiminta, kuten ryhm\u00e4t, valmennukset ja kurssit, tarjosi nuorille tilaisuuksia kartuttaa sosiaalista, tiedollista ja taidollista p\u00e4\u00e4omaansa. Tutkimuksen perusteella kolmannen sektorin vahvuutena on mahdollisuus vastata asiakasl\u00e4ht\u00f6isesti arjen tarpeisiin ja tarjota yhteis\u00f6 ja kuulumisen paikka heille, joita muutoin uhkaa syrj\u00e4\u00e4n j\u00e4\u00e4minen. (Karim\u00e4ki 2023.)<\/p>\n\n\n\n<div class=\"wp-block-group has-background\" style=\"background-color:#b3edfb\"><div class=\"wp-block-group__inner-container is-layout-constrained wp-block-group-is-layout-constrained\">\n<p>Kirjoittajat<\/p>\n\n\n\n<p><strong>Emma Karim\u00e4ki<\/strong> on sosiaali- ja terveysalan YAMK-opiskelija LAB-ammattikorkeakoulussa asiakasl\u00e4ht\u00f6isten palveluprosessien kehitt\u00e4j\u00e4 -koulutusohjelmassa. &nbsp;<\/p>\n\n\n\n<p><strong>Tuija Rinkinen<\/strong> ty\u00f6skentelee LAB-ammattikorkeakoulun Hyvinvointi-yksik\u00f6n lehtorina.<\/p>\n<\/div><\/div>\n\n\n\n<h2 class=\"wp-block-heading\">L\u00e4hteet<\/h2>\n\n\n\n<p>Fadjukoff, P., Kainulainen, S., Pirhonen, J., Saaranen, T., Valokivi, H., &amp; Vauhkonen, A. 2022. Sosiaalinen hyvinvointi turvaa terveytt\u00e4. Sosiaalil\u00e4\u00e4ketieteellinen Aikakauslehti. Vol. 59(3), 327\u2013335. Viitattu 29.5.2023. Saatavissa <a href=\"https:\/\/doi.org\/10.23990\/sa.111453\">https:\/\/doi.org\/10.23990\/sa.111453<\/a><\/p>\n\n\n\n<p>Karim\u00e4ki, E. 2023. Osaty\u00f6kykyisten nuorten aikuisten palvelukokemukset: kokemuksia ty\u00f6- ja toimintakyky\u00e4 sek\u00e4 koulutukseen tai ty\u00f6el\u00e4m\u00e4\u00e4n sijoittumista tukevista palveluista. YAMK-opinn\u00e4ytety\u00f6. LAB-ammattikorkeakoulu. Viitattu 5.9.2023. &nbsp;Saatavissa <a href=\"https:\/\/urn.fi\/URN:NBN:fi:amk-2023082825006\">https:\/\/urn.fi\/URN:NBN:fi:amk-2023082825006<\/a><\/p>\n\n\n\n<p>Koskenvuo, K. 2017. Yh\u00e4 useampi nuori p\u00e4\u00e4tyy ty\u00f6kyvytt\u00f6myysel\u00e4kkeelle. Kela. Tutkimus-blogi. Viitattu 29.5.2023. Saatavissa <a href=\"https:\/\/bit.ly\/3YIwYq4\">https:\/\/bit.ly\/3YIwYq4<\/a><\/p>\n\n\n\n<p>Lyytik\u00e4inen, M., Koivisto, J., Savolainen, N. &amp; Rotko, T. 2017. Hyvinvoinnin ja terveyden edist\u00e4misen keinoja. Innokyl\u00e4n innovaatiokatsaus. Terveyden ja hyvinvoinnin laitos: Ty\u00f6paperi 13\/2017. Viitattu 29.5.2023. Saatavissa <a href=\"http:\/\/urn.fi\/URN:ISBN:978-952-302-840-1\">http:\/\/urn.fi\/URN:ISBN:978-952-302-840-1<\/a><\/p>\n\n\n\n<p>Min An. 2018. People silhoutte during sunset. Pexels. Viitattu 5.9.2023. Saatavissa <a href=\"https:\/\/www.pexels.com\/photo\/people-silhouette-during-sunset-853168\/\">https:\/\/www.pexels.com\/photo\/people-silhouette-during-sunset-853168\/<\/a><\/p>\n\n\n\n<p>M\u00f6tt\u00f6nen, S. 2014. Kansalaisyhteiskunta, talous ja hyvinvointivaltio. Teoksessa S\u00e4rkel\u00e4, R., Siltaniemi, A., Rouvinen-Wilenius, P., Parviainen, H. &amp; Ahola, E. (toim.) Hyvinvointitalous. SOSTE Suomen sosiaali ja terveys ry, 200\u2013209. Viitattu 29.5.2023. Saatavissa <a href=\"https:\/\/www.soste.fi\/wp-content\/uploads\/2018\/11\/hyvinvointitalous_final.pdf\">https:\/\/www.soste.fi\/wp-content\/uploads\/2018\/11\/hyvinvointitalous_final.pdf<\/a><\/p>\n\n\n\n<p>Shemeikka, R., Rinne, H., Saares, A., Murto, J. &amp; Kaikkonen, R. 2014. Alueelliset erot nuorten aikuisten terveydess\u00e4 ja elintavoissa Suomessa 2012\u20132013. ATH-tutkimuksen tuloksia. Tutkimuksesta tiiviisti 9. Terveyden ja hyvinvoinnin laitos. Viitattu 29.5.2023. Saatavissa <a href=\"https:\/\/urn.fi\/URN:ISBN:978-952-302-209-6\">https:\/\/urn.fi\/URN:ISBN:978-952-302-209-6<\/a><\/p>\n\n\n\n<p>Sosiaali- ja terveysministeri\u00f6. 2020. Ty\u00f6kykyohjelma 2020\u20132022: Ohjelma ja hakuopas. Sosiaali- ja terveysministeri\u00f6n julkaisuja 2020:11. Viitattu 29.5.2023. Saatavissa <a href=\"http:\/\/urn.fi\/URN:ISBN:978-952-00-9866-7\">http:\/\/urn.fi\/URN:ISBN:978-952-00-9866-7<\/a><\/p>\n\n\n\n<p>Soste. 2021. J\u00e4rjest\u00f6jen rooli hyvinvoinnin ja terveyden edist\u00e4misess\u00e4. Suomen sosiaali ja terveys ry. Viitattu 29.5.2023. Saatavissa <a href=\"https:\/\/www.soste.fi\/jarjestojen-rooli-hyvinvoinnin-ja-terveyden-edistamisessa\/\">https:\/\/www.soste.fi\/jarjestojen-rooli-hyvinvoinnin-ja-terveyden-edistamisessa\/<\/a><\/p>\n","protected":false},"excerpt":{"rendered":"<p>Kolmas sektori tarkoittaa julkisen sektorin ja yksityisen sektorin ulkopuolista j\u00e4rjest\u00e4ytynytt\u00e4 kansalaistoimintaa (M\u00f6tt\u00f6nen 2014, 201). Kolmannen sektorin j\u00e4rjest\u00f6t ja yhdistykset tekev\u00e4t kuntien ja hyvinvointialueiden rinnalla hyvinvoinnin ja terveyden edist\u00e4misen ty\u00f6t\u00e4 (Soste 2021). Hyvinvoinnin ja terveyden edist\u00e4minen tarkoittaa toimintaa, joka pyrkii yll\u00e4pit\u00e4m\u00e4\u00e4n ja lis\u00e4\u00e4m\u00e4\u00e4n kansalaisten terveytt\u00e4, hyvinvointia ja toimintakyky\u00e4. Se k\u00e4sitt\u00e4\u00e4 sairauksien ja syrj\u00e4ytymisen ehk\u00e4isyn sek\u00e4 osallisuuden [&hellip;]<\/p>\n","protected":false},"author":17,"featured_media":14684,"comment_status":"closed","ping_status":"open","sticky":false,"template":"","format":"standard","meta":{"footnotes":""},"categories":[15,119],"tags":[29,2103,2274,7349],"class_list":{"0":"post-14683","1":"post","2":"type-post","3":"status-publish","4":"format-standard","5":"has-post-thumbnail","7":"category-health_fi","8":"category-osallisuuden-edistaminen-ja-turvallinen-arki","9":"tag-artikkeli-e1","10":"tag-kolmas-sektori","11":"tag-nuoret","12":"tag-osatyokykyisyys","13":"czr-hentry"},"yoast_head":"<!-- This site is optimized with the Yoast SEO plugin v27.5 - https:\/\/yoast.com\/product\/yoast-seo-wordpress\/ -->\n<title>Kolmas sektori osaty\u00f6kykyisten nuorten hyvinvoinnin edist\u00e4j\u00e4n\u00e4 - LAB Focus<\/title>\n<meta name=\"description\" content=\"Opinn\u00e4ytety\u00f6n tulosten mukaan kolmas sektori voi torjua syrj\u00e4ytymist\u00e4 ja edist\u00e4\u00e4 arjen hallintaa tarjoamalla yhteis\u00f6n, johon nuori liittyy. LAB-amk.\" \/>\n<meta name=\"robots\" content=\"index, follow, max-snippet:-1, max-image-preview:large, max-video-preview:-1\" \/>\n<link rel=\"canonical\" href=\"https:\/\/blogit.lab.fi\/labfocus\/kolmas-sektori-osatyokykyisten-nuorten-hyvinvoinnin-edistajana\/\" \/>\n<meta property=\"og:locale\" content=\"fi_FI\" \/>\n<meta property=\"og:type\" content=\"article\" \/>\n<meta property=\"og:title\" content=\"Kolmas sektori osaty\u00f6kykyisten nuorten hyvinvoinnin edist\u00e4j\u00e4n\u00e4 - LAB Focus\" \/>\n<meta property=\"og:description\" content=\"Opinn\u00e4ytety\u00f6n tulosten mukaan kolmas sektori voi torjua syrj\u00e4ytymist\u00e4 ja edist\u00e4\u00e4 arjen hallintaa tarjoamalla yhteis\u00f6n, johon nuori liittyy. LAB-amk.\" \/>\n<meta property=\"og:url\" content=\"https:\/\/blogit.lab.fi\/labfocus\/kolmas-sektori-osatyokykyisten-nuorten-hyvinvoinnin-edistajana\/\" \/>\n<meta property=\"og:site_name\" content=\"LAB Focus\" \/>\n<meta property=\"article:published_time\" content=\"2023-09-07T09:00:51+00:00\" \/>\n<meta property=\"article:modified_time\" content=\"2023-09-07T09:05:45+00:00\" \/>\n<meta property=\"og:image\" content=\"https:\/\/blogit.lab.fi\/labfocus\/wp-content\/uploads\/sites\/8\/2023\/09\/595_2023_Kolmas-sektori-osatyokykyisten-nuorten-hyvinvoinnin-edistajana.jpg\" \/>\n\t<meta property=\"og:image:width\" content=\"1280\" \/>\n\t<meta property=\"og:image:height\" content=\"737\" \/>\n\t<meta property=\"og:image:type\" content=\"image\/jpeg\" \/>\n<meta name=\"author\" content=\"tainask\" \/>\n<meta name=\"twitter:card\" content=\"summary_large_image\" \/>\n<meta name=\"twitter:creator\" content=\"@LABfinland\" \/>\n<meta name=\"twitter:site\" content=\"@LABfinland\" \/>\n<meta name=\"twitter:label1\" content=\"Kirjoittanut\" \/>\n\t<meta name=\"twitter:data1\" content=\"tainask\" \/>\n\t<meta name=\"twitter:label2\" content=\"Arvioitu lukuaika\" \/>\n\t<meta name=\"twitter:data2\" content=\"4 minuuttia\" \/>\n<script type=\"application\/ld+json\" class=\"yoast-schema-graph\">{\"@context\":\"https:\\\/\\\/schema.org\",\"@graph\":[{\"@type\":\"Article\",\"@id\":\"https:\\\/\\\/blogit.lab.fi\\\/labfocus\\\/kolmas-sektori-osatyokykyisten-nuorten-hyvinvoinnin-edistajana\\\/#article\",\"isPartOf\":{\"@id\":\"https:\\\/\\\/blogit.lab.fi\\\/labfocus\\\/kolmas-sektori-osatyokykyisten-nuorten-hyvinvoinnin-edistajana\\\/\"},\"author\":{\"name\":\"tainask\",\"@id\":\"https:\\\/\\\/blogit.lab.fi\\\/labfocus\\\/#\\\/schema\\\/person\\\/da729f65c4a2fb9fd8f0b1ec7a2ab7d0\"},\"headline\":\"Kolmas sektori osaty\u00f6kykyisten nuorten hyvinvoinnin edist\u00e4j\u00e4n\u00e4\",\"datePublished\":\"2023-09-07T09:00:51+00:00\",\"dateModified\":\"2023-09-07T09:05:45+00:00\",\"mainEntityOfPage\":{\"@id\":\"https:\\\/\\\/blogit.lab.fi\\\/labfocus\\\/kolmas-sektori-osatyokykyisten-nuorten-hyvinvoinnin-edistajana\\\/\"},\"wordCount\":684,\"publisher\":{\"@id\":\"https:\\\/\\\/blogit.lab.fi\\\/labfocus\\\/#organization\"},\"image\":{\"@id\":\"https:\\\/\\\/blogit.lab.fi\\\/labfocus\\\/kolmas-sektori-osatyokykyisten-nuorten-hyvinvoinnin-edistajana\\\/#primaryimage\"},\"thumbnailUrl\":\"https:\\\/\\\/blogit.lab.fi\\\/labfocus\\\/wp-content\\\/uploads\\\/sites\\\/8\\\/2023\\\/09\\\/595_2023_Kolmas-sektori-osatyokykyisten-nuorten-hyvinvoinnin-edistajana.jpg\",\"keywords\":[\"Artikkeli E1\",\"kolmas sektori\",\"nuoret\",\"osaty\u00f6kykyisyys\"],\"articleSection\":[\"Health\",\"Osallisuus, ty\u00f6el\u00e4m\u00e4 ja turvallinen arki\"],\"inLanguage\":\"fi\"},{\"@type\":\"WebPage\",\"@id\":\"https:\\\/\\\/blogit.lab.fi\\\/labfocus\\\/kolmas-sektori-osatyokykyisten-nuorten-hyvinvoinnin-edistajana\\\/\",\"url\":\"https:\\\/\\\/blogit.lab.fi\\\/labfocus\\\/kolmas-sektori-osatyokykyisten-nuorten-hyvinvoinnin-edistajana\\\/\",\"name\":\"Kolmas sektori osaty\u00f6kykyisten nuorten hyvinvoinnin edist\u00e4j\u00e4n\u00e4 - LAB Focus\",\"isPartOf\":{\"@id\":\"https:\\\/\\\/blogit.lab.fi\\\/labfocus\\\/#website\"},\"primaryImageOfPage\":{\"@id\":\"https:\\\/\\\/blogit.lab.fi\\\/labfocus\\\/kolmas-sektori-osatyokykyisten-nuorten-hyvinvoinnin-edistajana\\\/#primaryimage\"},\"image\":{\"@id\":\"https:\\\/\\\/blogit.lab.fi\\\/labfocus\\\/kolmas-sektori-osatyokykyisten-nuorten-hyvinvoinnin-edistajana\\\/#primaryimage\"},\"thumbnailUrl\":\"https:\\\/\\\/blogit.lab.fi\\\/labfocus\\\/wp-content\\\/uploads\\\/sites\\\/8\\\/2023\\\/09\\\/595_2023_Kolmas-sektori-osatyokykyisten-nuorten-hyvinvoinnin-edistajana.jpg\",\"datePublished\":\"2023-09-07T09:00:51+00:00\",\"dateModified\":\"2023-09-07T09:05:45+00:00\",\"description\":\"Opinn\u00e4ytety\u00f6n tulosten mukaan kolmas sektori voi torjua syrj\u00e4ytymist\u00e4 ja edist\u00e4\u00e4 arjen hallintaa tarjoamalla yhteis\u00f6n, johon nuori liittyy. LAB-amk.\",\"breadcrumb\":{\"@id\":\"https:\\\/\\\/blogit.lab.fi\\\/labfocus\\\/kolmas-sektori-osatyokykyisten-nuorten-hyvinvoinnin-edistajana\\\/#breadcrumb\"},\"inLanguage\":\"fi\",\"potentialAction\":[{\"@type\":\"ReadAction\",\"target\":[\"https:\\\/\\\/blogit.lab.fi\\\/labfocus\\\/kolmas-sektori-osatyokykyisten-nuorten-hyvinvoinnin-edistajana\\\/\"]}]},{\"@type\":\"ImageObject\",\"inLanguage\":\"fi\",\"@id\":\"https:\\\/\\\/blogit.lab.fi\\\/labfocus\\\/kolmas-sektori-osatyokykyisten-nuorten-hyvinvoinnin-edistajana\\\/#primaryimage\",\"url\":\"https:\\\/\\\/blogit.lab.fi\\\/labfocus\\\/wp-content\\\/uploads\\\/sites\\\/8\\\/2023\\\/09\\\/595_2023_Kolmas-sektori-osatyokykyisten-nuorten-hyvinvoinnin-edistajana.jpg\",\"contentUrl\":\"https:\\\/\\\/blogit.lab.fi\\\/labfocus\\\/wp-content\\\/uploads\\\/sites\\\/8\\\/2023\\\/09\\\/595_2023_Kolmas-sektori-osatyokykyisten-nuorten-hyvinvoinnin-edistajana.jpg\",\"width\":1280,\"height\":737},{\"@type\":\"BreadcrumbList\",\"@id\":\"https:\\\/\\\/blogit.lab.fi\\\/labfocus\\\/kolmas-sektori-osatyokykyisten-nuorten-hyvinvoinnin-edistajana\\\/#breadcrumb\",\"itemListElement\":[{\"@type\":\"ListItem\",\"position\":1,\"name\":\"Home\",\"item\":\"https:\\\/\\\/blogit.lab.fi\\\/labfocus\\\/\"},{\"@type\":\"ListItem\",\"position\":2,\"name\":\"Kolmas sektori osaty\u00f6kykyisten nuorten hyvinvoinnin edist\u00e4j\u00e4n\u00e4\"}]},{\"@type\":\"WebSite\",\"@id\":\"https:\\\/\\\/blogit.lab.fi\\\/labfocus\\\/#website\",\"url\":\"https:\\\/\\\/blogit.lab.fi\\\/labfocus\\\/\",\"name\":\"LAB Focus\",\"description\":\"Focus Area blog | LAB University of Applied Sciences\",\"publisher\":{\"@id\":\"https:\\\/\\\/blogit.lab.fi\\\/labfocus\\\/#organization\"},\"potentialAction\":[{\"@type\":\"SearchAction\",\"target\":{\"@type\":\"EntryPoint\",\"urlTemplate\":\"https:\\\/\\\/blogit.lab.fi\\\/labfocus\\\/?s={search_term_string}\"},\"query-input\":{\"@type\":\"PropertyValueSpecification\",\"valueRequired\":true,\"valueName\":\"search_term_string\"}}],\"inLanguage\":\"fi\"},{\"@type\":\"Organization\",\"@id\":\"https:\\\/\\\/blogit.lab.fi\\\/labfocus\\\/#organization\",\"name\":\"LAB Focus\",\"url\":\"https:\\\/\\\/blogit.lab.fi\\\/labfocus\\\/\",\"logo\":{\"@type\":\"ImageObject\",\"inLanguage\":\"fi\",\"@id\":\"https:\\\/\\\/blogit.lab.fi\\\/labfocus\\\/#\\\/schema\\\/logo\\\/image\\\/\",\"url\":\"https:\\\/\\\/blogit.lab.fi\\\/labfocus\\\/wp-content\\\/uploads\\\/sites\\\/8\\\/2020\\\/04\\\/cropped-cropped-tunnus_blogi-01.png\",\"contentUrl\":\"https:\\\/\\\/blogit.lab.fi\\\/labfocus\\\/wp-content\\\/uploads\\\/sites\\\/8\\\/2020\\\/04\\\/cropped-cropped-tunnus_blogi-01.png\",\"width\":1342,\"height\":288,\"caption\":\"LAB Focus\"},\"image\":{\"@id\":\"https:\\\/\\\/blogit.lab.fi\\\/labfocus\\\/#\\\/schema\\\/logo\\\/image\\\/\"},\"sameAs\":[\"https:\\\/\\\/x.com\\\/LABfinland\"]},{\"@type\":\"Person\",\"@id\":\"https:\\\/\\\/blogit.lab.fi\\\/labfocus\\\/#\\\/schema\\\/person\\\/da729f65c4a2fb9fd8f0b1ec7a2ab7d0\",\"name\":\"tainask\",\"image\":{\"@type\":\"ImageObject\",\"inLanguage\":\"fi\",\"@id\":\"https:\\\/\\\/secure.gravatar.com\\\/avatar\\\/4a96427877ef826b76e80c27f60b266128094f522551459346efcf14282febb3?s=96&d=mm&r=g\",\"url\":\"https:\\\/\\\/secure.gravatar.com\\\/avatar\\\/4a96427877ef826b76e80c27f60b266128094f522551459346efcf14282febb3?s=96&d=mm&r=g\",\"contentUrl\":\"https:\\\/\\\/secure.gravatar.com\\\/avatar\\\/4a96427877ef826b76e80c27f60b266128094f522551459346efcf14282febb3?s=96&d=mm&r=g\",\"caption\":\"tainask\"},\"url\":\"https:\\\/\\\/blogit.lab.fi\\\/labfocus\\\/author\\\/tainask\\\/\"}]}<\/script>\n<!-- \/ Yoast SEO plugin. -->","yoast_head_json":{"title":"Kolmas sektori osaty\u00f6kykyisten nuorten hyvinvoinnin edist\u00e4j\u00e4n\u00e4 - LAB Focus","description":"Opinn\u00e4ytety\u00f6n tulosten mukaan kolmas sektori voi torjua syrj\u00e4ytymist\u00e4 ja edist\u00e4\u00e4 arjen hallintaa tarjoamalla yhteis\u00f6n, johon nuori liittyy. LAB-amk.","robots":{"index":"index","follow":"follow","max-snippet":"max-snippet:-1","max-image-preview":"max-image-preview:large","max-video-preview":"max-video-preview:-1"},"canonical":"https:\/\/blogit.lab.fi\/labfocus\/kolmas-sektori-osatyokykyisten-nuorten-hyvinvoinnin-edistajana\/","og_locale":"fi_FI","og_type":"article","og_title":"Kolmas sektori osaty\u00f6kykyisten nuorten hyvinvoinnin edist\u00e4j\u00e4n\u00e4 - LAB Focus","og_description":"Opinn\u00e4ytety\u00f6n tulosten mukaan kolmas sektori voi torjua syrj\u00e4ytymist\u00e4 ja edist\u00e4\u00e4 arjen hallintaa tarjoamalla yhteis\u00f6n, johon nuori liittyy. LAB-amk.","og_url":"https:\/\/blogit.lab.fi\/labfocus\/kolmas-sektori-osatyokykyisten-nuorten-hyvinvoinnin-edistajana\/","og_site_name":"LAB Focus","article_published_time":"2023-09-07T09:00:51+00:00","article_modified_time":"2023-09-07T09:05:45+00:00","og_image":[{"width":1280,"height":737,"url":"https:\/\/blogit.lab.fi\/labfocus\/wp-content\/uploads\/sites\/8\/2023\/09\/595_2023_Kolmas-sektori-osatyokykyisten-nuorten-hyvinvoinnin-edistajana.jpg","type":"image\/jpeg"}],"author":"tainask","twitter_card":"summary_large_image","twitter_creator":"@LABfinland","twitter_site":"@LABfinland","twitter_misc":{"Kirjoittanut":"tainask","Arvioitu lukuaika":"4 minuuttia"},"schema":{"@context":"https:\/\/schema.org","@graph":[{"@type":"Article","@id":"https:\/\/blogit.lab.fi\/labfocus\/kolmas-sektori-osatyokykyisten-nuorten-hyvinvoinnin-edistajana\/#article","isPartOf":{"@id":"https:\/\/blogit.lab.fi\/labfocus\/kolmas-sektori-osatyokykyisten-nuorten-hyvinvoinnin-edistajana\/"},"author":{"name":"tainask","@id":"https:\/\/blogit.lab.fi\/labfocus\/#\/schema\/person\/da729f65c4a2fb9fd8f0b1ec7a2ab7d0"},"headline":"Kolmas sektori osaty\u00f6kykyisten nuorten hyvinvoinnin edist\u00e4j\u00e4n\u00e4","datePublished":"2023-09-07T09:00:51+00:00","dateModified":"2023-09-07T09:05:45+00:00","mainEntityOfPage":{"@id":"https:\/\/blogit.lab.fi\/labfocus\/kolmas-sektori-osatyokykyisten-nuorten-hyvinvoinnin-edistajana\/"},"wordCount":684,"publisher":{"@id":"https:\/\/blogit.lab.fi\/labfocus\/#organization"},"image":{"@id":"https:\/\/blogit.lab.fi\/labfocus\/kolmas-sektori-osatyokykyisten-nuorten-hyvinvoinnin-edistajana\/#primaryimage"},"thumbnailUrl":"https:\/\/blogit.lab.fi\/labfocus\/wp-content\/uploads\/sites\/8\/2023\/09\/595_2023_Kolmas-sektori-osatyokykyisten-nuorten-hyvinvoinnin-edistajana.jpg","keywords":["Artikkeli E1","kolmas sektori","nuoret","osaty\u00f6kykyisyys"],"articleSection":["Health","Osallisuus, ty\u00f6el\u00e4m\u00e4 ja turvallinen arki"],"inLanguage":"fi"},{"@type":"WebPage","@id":"https:\/\/blogit.lab.fi\/labfocus\/kolmas-sektori-osatyokykyisten-nuorten-hyvinvoinnin-edistajana\/","url":"https:\/\/blogit.lab.fi\/labfocus\/kolmas-sektori-osatyokykyisten-nuorten-hyvinvoinnin-edistajana\/","name":"Kolmas sektori osaty\u00f6kykyisten nuorten hyvinvoinnin edist\u00e4j\u00e4n\u00e4 - LAB Focus","isPartOf":{"@id":"https:\/\/blogit.lab.fi\/labfocus\/#website"},"primaryImageOfPage":{"@id":"https:\/\/blogit.lab.fi\/labfocus\/kolmas-sektori-osatyokykyisten-nuorten-hyvinvoinnin-edistajana\/#primaryimage"},"image":{"@id":"https:\/\/blogit.lab.fi\/labfocus\/kolmas-sektori-osatyokykyisten-nuorten-hyvinvoinnin-edistajana\/#primaryimage"},"thumbnailUrl":"https:\/\/blogit.lab.fi\/labfocus\/wp-content\/uploads\/sites\/8\/2023\/09\/595_2023_Kolmas-sektori-osatyokykyisten-nuorten-hyvinvoinnin-edistajana.jpg","datePublished":"2023-09-07T09:00:51+00:00","dateModified":"2023-09-07T09:05:45+00:00","description":"Opinn\u00e4ytety\u00f6n tulosten mukaan kolmas sektori voi torjua syrj\u00e4ytymist\u00e4 ja edist\u00e4\u00e4 arjen hallintaa tarjoamalla yhteis\u00f6n, johon nuori liittyy. LAB-amk.","breadcrumb":{"@id":"https:\/\/blogit.lab.fi\/labfocus\/kolmas-sektori-osatyokykyisten-nuorten-hyvinvoinnin-edistajana\/#breadcrumb"},"inLanguage":"fi","potentialAction":[{"@type":"ReadAction","target":["https:\/\/blogit.lab.fi\/labfocus\/kolmas-sektori-osatyokykyisten-nuorten-hyvinvoinnin-edistajana\/"]}]},{"@type":"ImageObject","inLanguage":"fi","@id":"https:\/\/blogit.lab.fi\/labfocus\/kolmas-sektori-osatyokykyisten-nuorten-hyvinvoinnin-edistajana\/#primaryimage","url":"https:\/\/blogit.lab.fi\/labfocus\/wp-content\/uploads\/sites\/8\/2023\/09\/595_2023_Kolmas-sektori-osatyokykyisten-nuorten-hyvinvoinnin-edistajana.jpg","contentUrl":"https:\/\/blogit.lab.fi\/labfocus\/wp-content\/uploads\/sites\/8\/2023\/09\/595_2023_Kolmas-sektori-osatyokykyisten-nuorten-hyvinvoinnin-edistajana.jpg","width":1280,"height":737},{"@type":"BreadcrumbList","@id":"https:\/\/blogit.lab.fi\/labfocus\/kolmas-sektori-osatyokykyisten-nuorten-hyvinvoinnin-edistajana\/#breadcrumb","itemListElement":[{"@type":"ListItem","position":1,"name":"Home","item":"https:\/\/blogit.lab.fi\/labfocus\/"},{"@type":"ListItem","position":2,"name":"Kolmas sektori osaty\u00f6kykyisten nuorten hyvinvoinnin edist\u00e4j\u00e4n\u00e4"}]},{"@type":"WebSite","@id":"https:\/\/blogit.lab.fi\/labfocus\/#website","url":"https:\/\/blogit.lab.fi\/labfocus\/","name":"LAB Focus","description":"Focus Area blog | LAB University of Applied Sciences","publisher":{"@id":"https:\/\/blogit.lab.fi\/labfocus\/#organization"},"potentialAction":[{"@type":"SearchAction","target":{"@type":"EntryPoint","urlTemplate":"https:\/\/blogit.lab.fi\/labfocus\/?s={search_term_string}"},"query-input":{"@type":"PropertyValueSpecification","valueRequired":true,"valueName":"search_term_string"}}],"inLanguage":"fi"},{"@type":"Organization","@id":"https:\/\/blogit.lab.fi\/labfocus\/#organization","name":"LAB Focus","url":"https:\/\/blogit.lab.fi\/labfocus\/","logo":{"@type":"ImageObject","inLanguage":"fi","@id":"https:\/\/blogit.lab.fi\/labfocus\/#\/schema\/logo\/image\/","url":"https:\/\/blogit.lab.fi\/labfocus\/wp-content\/uploads\/sites\/8\/2020\/04\/cropped-cropped-tunnus_blogi-01.png","contentUrl":"https:\/\/blogit.lab.fi\/labfocus\/wp-content\/uploads\/sites\/8\/2020\/04\/cropped-cropped-tunnus_blogi-01.png","width":1342,"height":288,"caption":"LAB Focus"},"image":{"@id":"https:\/\/blogit.lab.fi\/labfocus\/#\/schema\/logo\/image\/"},"sameAs":["https:\/\/x.com\/LABfinland"]},{"@type":"Person","@id":"https:\/\/blogit.lab.fi\/labfocus\/#\/schema\/person\/da729f65c4a2fb9fd8f0b1ec7a2ab7d0","name":"tainask","image":{"@type":"ImageObject","inLanguage":"fi","@id":"https:\/\/secure.gravatar.com\/avatar\/4a96427877ef826b76e80c27f60b266128094f522551459346efcf14282febb3?s=96&d=mm&r=g","url":"https:\/\/secure.gravatar.com\/avatar\/4a96427877ef826b76e80c27f60b266128094f522551459346efcf14282febb3?s=96&d=mm&r=g","contentUrl":"https:\/\/secure.gravatar.com\/avatar\/4a96427877ef826b76e80c27f60b266128094f522551459346efcf14282febb3?s=96&d=mm&r=g","caption":"tainask"},"url":"https:\/\/blogit.lab.fi\/labfocus\/author\/tainask\/"}]}},"_links":{"self":[{"href":"https:\/\/blogit.lab.fi\/labfocus\/wp-json\/wp\/v2\/posts\/14683","targetHints":{"allow":["GET"]}}],"collection":[{"href":"https:\/\/blogit.lab.fi\/labfocus\/wp-json\/wp\/v2\/posts"}],"about":[{"href":"https:\/\/blogit.lab.fi\/labfocus\/wp-json\/wp\/v2\/types\/post"}],"author":[{"embeddable":true,"href":"https:\/\/blogit.lab.fi\/labfocus\/wp-json\/wp\/v2\/users\/17"}],"replies":[{"embeddable":true,"href":"https:\/\/blogit.lab.fi\/labfocus\/wp-json\/wp\/v2\/comments?post=14683"}],"version-history":[{"count":3,"href":"https:\/\/blogit.lab.fi\/labfocus\/wp-json\/wp\/v2\/posts\/14683\/revisions"}],"predecessor-version":[{"id":14687,"href":"https:\/\/blogit.lab.fi\/labfocus\/wp-json\/wp\/v2\/posts\/14683\/revisions\/14687"}],"wp:featuredmedia":[{"embeddable":true,"href":"https:\/\/blogit.lab.fi\/labfocus\/wp-json\/wp\/v2\/media\/14684"}],"wp:attachment":[{"href":"https:\/\/blogit.lab.fi\/labfocus\/wp-json\/wp\/v2\/media?parent=14683"}],"wp:term":[{"taxonomy":"category","embeddable":true,"href":"https:\/\/blogit.lab.fi\/labfocus\/wp-json\/wp\/v2\/categories?post=14683"},{"taxonomy":"post_tag","embeddable":true,"href":"https:\/\/blogit.lab.fi\/labfocus\/wp-json\/wp\/v2\/tags?post=14683"}],"curies":[{"name":"wp","href":"https:\/\/api.w.org\/{rel}","templated":true}]}}