{"id":14710,"date":"2023-09-08T08:39:06","date_gmt":"2023-09-08T05:39:06","guid":{"rendered":"https:\/\/blogit.lab.fi\/labfocus\/?p=14710"},"modified":"2023-09-08T08:39:07","modified_gmt":"2023-09-08T05:39:07","slug":"lab-ammattikorkeakoulu-edistaa-esteettomyytta","status":"publish","type":"post","link":"https:\/\/blogit.lab.fi\/labfocus\/lab-ammattikorkeakoulu-edistaa-esteettomyytta\/","title":{"rendered":"LAB-ammattikorkeakoulu edist\u00e4\u00e4 esteett\u00f6myytt\u00e4"},"content":{"rendered":"\n<p>Hyvist\u00e4 aikeista huolimatta esteett\u00f6myytt\u00e4 ei ole aina huomioitu loppuun asti (Solja 2023). Usein ajatellaan niin, ett\u00e4 esteett\u00f6mien palveluiden tarvitsijoita on vain v\u00e4h\u00e4n ja ett\u00e4 n\u00e4iden palvelujen rakentaminen on hankalaa ja kallista.<\/p>\n\n\n\n<p>Esteett\u00f6m\u00e4t rakenteet vaativat suunnittelua ja rahaakin, mutta paljon on my\u00f6s kyse asenteesta esteett\u00f6mi\u00e4 palveluita tarjottaessa. Ajattelutavalla on v\u00e4li\u00e4. Se, ett\u00e4 palvelupolulla tai fyysisess\u00e4 ymp\u00e4rist\u00f6ss\u00e4 on rakenteellisia tekij\u00f6it\u00e4, jotka rajaavat pois potentiaalista asiakaskuntaa, ei rajaa mahdollisuutta ajatella toisin. Rakenteet eiv\u00e4t kerro tahtotilasta tai siit\u00e4, miten esimerkiksi oma asuinkunta tai organisaatio toimii palvellakseen jokaista ihmist\u00e4.<\/p>\n\n\n\n<h2 class=\"wp-block-heading\">Liikenteen esteett\u00f6myysvisio<\/h2>\n\n\n\n<p>Invalidiliitto antoi asiantuntijalausunnon liikenne- ja viestint\u00e4ministeri\u00f6lle esteett\u00f6myysvisiosta 22.8.2023. Lausunnossa todetaan, ett\u00e4 Invalidiliitto pit\u00e4\u00e4 t\u00e4rke\u00e4n\u00e4, ett\u00e4 esteett\u00f6myysvision taustalla on periaate siit\u00e4, ett\u00e4 se koskettaa kaikkia liikennemuotoja maassa, ilmassa ja vesill\u00e4. T\u00e4m\u00e4 tukee esteett\u00f6mien matkaketjujen tavoitetta. Invalidiliitto kannattaa esteett\u00f6m\u00e4n matkaketjun ohella esille nostettavina moniaistisuutta, k\u00e4ytt\u00e4j\u00e4kokemusta sek\u00e4 yhteisty\u00f6t\u00e4 eri toimijoiden kesken (Invalidiliitto 2023).<\/p>\n\n\n\n<p>Esteet\u00f6n matkaketju tarkoittaa muutakin kuin itse matkan paikasta toiseen. Esteet\u00f6n matkaketju sis\u00e4lt\u00e4\u00e4 matkalle valmistautumisen, lipun ostamisen, mahdolliset pys\u00e4k\u00f6intiratkaisut, siirtymisen pys\u00e4keille tai asemalaitureille, liikennev\u00e4lineenvaihtotilanteet ja m\u00e4\u00e4r\u00e4np\u00e4\u00e4h\u00e4n siirtymisen. Asianmukaiset matkustajapalvelut ovat osa esteet\u00f6nt\u00e4 matkaketjua ja tukevat eri tavoin vammaisten ihmisten itsen\u00e4ist\u00e4 liikkumista (Invalidiliitto 2023).<\/p>\n\n\n\n<figure class=\"wp-block-image size-large\"><img loading=\"lazy\" decoding=\"async\" width=\"1024\" height=\"629\" src=\"https:\/\/blogit.lab.fi\/labfocus\/wp-content\/uploads\/sites\/8\/2023\/09\/602_2023_LAB-edistaa-esteettomyytta-1024x629.jpg\" alt=\"\" class=\"wp-image-14711\" srcset=\"https:\/\/blogit.lab.fi\/labfocus\/wp-content\/uploads\/sites\/8\/2023\/09\/602_2023_LAB-edistaa-esteettomyytta-1024x629.jpg 1024w, https:\/\/blogit.lab.fi\/labfocus\/wp-content\/uploads\/sites\/8\/2023\/09\/602_2023_LAB-edistaa-esteettomyytta-300x184.jpg 300w, https:\/\/blogit.lab.fi\/labfocus\/wp-content\/uploads\/sites\/8\/2023\/09\/602_2023_LAB-edistaa-esteettomyytta-768x472.jpg 768w, https:\/\/blogit.lab.fi\/labfocus\/wp-content\/uploads\/sites\/8\/2023\/09\/602_2023_LAB-edistaa-esteettomyytta-570x350.jpg 570w, https:\/\/blogit.lab.fi\/labfocus\/wp-content\/uploads\/sites\/8\/2023\/09\/602_2023_LAB-edistaa-esteettomyytta.jpg 1280w\" sizes=\"auto, (max-width: 1024px) 100vw, 1024px\" \/><figcaption class=\"wp-element-caption\">Kuva 1. Yhdenvertaiset mahdollisuudet p\u00e4\u00e4st\u00e4 nauttimaan luonnosta oman kotikunnan alueella merkitsev\u00e4t paljon. (Kuva: Harri Sarjanoja)<\/figcaption><\/figure>\n\n\n\n<h2 class=\"wp-block-heading\">Asiaosaamista kaikkien k\u00e4ytt\u00f6\u00f6n<\/h2>\n\n\n\n<p>LAB-ammattikorkeakoulussa kehitet\u00e4\u00e4n esteett\u00f6myysosaamista monin eri tavoin. Esimerkeiksi k\u00e4yv\u00e4t kehitt\u00e4misprojektit, opiskelijoiden opinnot ja esteett\u00f6myysasiantuntijuuden palvelumyynti.<\/p>\n\n\n\n<p>Kuluneen vuoden aikana LAB on tehnyt Etel\u00e4-Karjalassa esteett\u00f6myyskartoitukset kahteen kuntaan. Kartoitusten avulla on pyritty antamaan kuntien p\u00e4\u00e4t\u00f6ksenteon tueksi ideoita, ajatuksia ja suosituksia siit\u00e4, kuinka esteett\u00f6myys toteutuisi paremmin koko kunnan alueella. Kyse ei siis ole vain yksitt\u00e4isen rakennuksen, kuten vaikkapa hyvinvointiaseman esteett\u00f6myyskartoituksesta, vaan laajemmasta kokonaisuudesta. Siis siit\u00e4, kuinka eri kuntoiset ja eri tavoin liikkuvat voivat k\u00e4ytt\u00e4\u00e4 kunnan tarjoamia palveluita ja kuinka hyvin kuntien alueella p\u00e4\u00e4see nauttimaan ymp\u00e4r\u00f6iv\u00e4st\u00e4 luonnosta ja muista ihmisist\u00e4.<\/p>\n\n\n\n<p>Tulevaisuuden visio voisi olla se, ett\u00e4 esteett\u00f6myys, niin palveluiden, liikenteen kuin rakentamisen osalta olisi jo suunnitteluvaiheessa l\u00e4ht\u00f6kohtana.<\/p>\n\n\n\n<div class=\"wp-block-group has-background\" style=\"background-color:#b3edfb\"><div class=\"wp-block-group__inner-container is-layout-constrained wp-block-group-is-layout-constrained\">\n<p>Kirjoittaja<\/p>\n\n\n\n<p><strong>Harri Sarjanoja<\/strong> toimii LAB-ammattikorkeakoulussa esteett\u00f6myysasiantuntijana ja esteett\u00f6myyskartoittajana.<\/p>\n<\/div><\/div>\n\n\n\n<h2 class=\"wp-block-heading\">L\u00e4hteet<\/h2>\n\n\n\n<p>Invalidiliitto. 2023. Invalidiliiton lausunto liikenne- ja viestint\u00e4ministeri\u00f6lle liikenteen esteett\u00f6myysvisiosta. Viitattu 6.9.203. Saatavissa <a href=\"https:\/\/www.invalidiliitto.fi\/sites\/default\/files\/2023-08\/Invalidiliiton%20lausunto%20liikenne-%20ja%20viestint%C3%A4ministeri%C3%B6lle%20liikenteen%20esteett%C3%B6myysvisiosta.pdf\">https:\/\/www.invalidiliitto.fi\/sites\/default\/files\/2023-08\/Invalidiliiton%20lausunto%20liikenne-%20ja%20viestint%C3%A4ministeri%C3%B6lle%20liikenteen%20esteett%C3%B6myysvisiosta.pdf<\/a><\/p>\n\n\n\n<p>Solja, P. 2023. Yyterin uimarannalle on tehty ramppi, joka ei johda veteen \u2013 osa kes\u00e4huveista j\u00e4\u00e4 v\u00e4liin, kun py\u00f6r\u00e4tuolin k\u00e4ytt\u00e4ji\u00e4 ei ole ajateltu kunnolla. Yle. Viitattu 6.9.2023. Saatavissa <a href=\"https:\/\/yle.fi\/a\/74-20040664\">https:\/\/yle.fi\/a\/74-20040664<\/a><\/p>\n","protected":false},"excerpt":{"rendered":"<p>Hyvist\u00e4 aikeista huolimatta esteett\u00f6myytt\u00e4 ei ole aina huomioitu loppuun asti (Solja 2023). Usein ajatellaan niin, ett\u00e4 esteett\u00f6mien palveluiden tarvitsijoita on vain v\u00e4h\u00e4n ja ett\u00e4 n\u00e4iden palvelujen rakentaminen on hankalaa ja kallista. Esteett\u00f6m\u00e4t rakenteet vaativat suunnittelua ja rahaakin, mutta paljon on my\u00f6s kyse asenteesta esteett\u00f6mi\u00e4 palveluita tarjottaessa. Ajattelutavalla on v\u00e4li\u00e4. Se, ett\u00e4 palvelupolulla tai fyysisess\u00e4 ymp\u00e4rist\u00f6ss\u00e4 [&hellip;]<\/p>\n","protected":false},"author":17,"featured_media":14711,"comment_status":"closed","ping_status":"open","sticky":false,"template":"","format":"standard","meta":{"footnotes":""},"categories":[15,147],"tags":[29,7397,189,3088],"class_list":{"0":"post-14710","1":"post","2":"type-post","3":"status-publish","4":"format-standard","5":"has-post-thumbnail","7":"category-health_fi","8":"category-hyvinvointia-liikkumisesta-ja-elinymparistosta","9":"tag-artikkeli-e1","10":"tag-esteeton-matkaketju","11":"tag-esteettomyys","12":"tag-matkailu","13":"czr-hentry"},"yoast_head":"<!-- This site is optimized with the Yoast SEO plugin v27.4 - https:\/\/yoast.com\/product\/yoast-seo-wordpress\/ -->\n<title>LAB-ammattikorkeakoulu edist\u00e4\u00e4 esteett\u00f6myytt\u00e4 - LAB Focus<\/title>\n<meta name=\"description\" content=\"LAB-ammattikorkeakoulu on tehnyt esteett\u00f6myysselvityksi\u00e4 kunnille. Esteett\u00f6myydess\u00e4 on kyse jo suunnittelusta l\u00e4htev\u00e4st\u00e4 asenteesta.\" \/>\n<meta name=\"robots\" content=\"index, follow, max-snippet:-1, max-image-preview:large, max-video-preview:-1\" \/>\n<link rel=\"canonical\" href=\"https:\/\/blogit.lab.fi\/labfocus\/lab-ammattikorkeakoulu-edistaa-esteettomyytta\/\" \/>\n<meta property=\"og:locale\" content=\"fi_FI\" \/>\n<meta property=\"og:type\" content=\"article\" \/>\n<meta property=\"og:title\" content=\"LAB-ammattikorkeakoulu edist\u00e4\u00e4 esteett\u00f6myytt\u00e4 - LAB Focus\" \/>\n<meta property=\"og:description\" content=\"LAB-ammattikorkeakoulu on tehnyt esteett\u00f6myysselvityksi\u00e4 kunnille. Esteett\u00f6myydess\u00e4 on kyse jo suunnittelusta l\u00e4htev\u00e4st\u00e4 asenteesta.\" \/>\n<meta property=\"og:url\" content=\"https:\/\/blogit.lab.fi\/labfocus\/lab-ammattikorkeakoulu-edistaa-esteettomyytta\/\" \/>\n<meta property=\"og:site_name\" content=\"LAB Focus\" \/>\n<meta property=\"article:published_time\" content=\"2023-09-08T05:39:06+00:00\" \/>\n<meta property=\"article:modified_time\" content=\"2023-09-08T05:39:07+00:00\" \/>\n<meta property=\"og:image\" content=\"https:\/\/blogit.lab.fi\/labfocus\/wp-content\/uploads\/sites\/8\/2023\/09\/602_2023_LAB-edistaa-esteettomyytta.jpg\" \/>\n\t<meta property=\"og:image:width\" content=\"1280\" \/>\n\t<meta property=\"og:image:height\" content=\"786\" \/>\n\t<meta property=\"og:image:type\" content=\"image\/jpeg\" \/>\n<meta name=\"author\" content=\"tainask\" \/>\n<meta name=\"twitter:card\" content=\"summary_large_image\" \/>\n<meta name=\"twitter:creator\" content=\"@LABfinland\" \/>\n<meta name=\"twitter:site\" content=\"@LABfinland\" \/>\n<meta name=\"twitter:label1\" content=\"Kirjoittanut\" \/>\n\t<meta name=\"twitter:data1\" content=\"tainask\" \/>\n\t<meta name=\"twitter:label2\" content=\"Arvioitu lukuaika\" \/>\n\t<meta name=\"twitter:data2\" content=\"3 minuuttia\" \/>\n<script type=\"application\/ld+json\" class=\"yoast-schema-graph\">{\"@context\":\"https:\\\/\\\/schema.org\",\"@graph\":[{\"@type\":\"Article\",\"@id\":\"https:\\\/\\\/blogit.lab.fi\\\/labfocus\\\/lab-ammattikorkeakoulu-edistaa-esteettomyytta\\\/#article\",\"isPartOf\":{\"@id\":\"https:\\\/\\\/blogit.lab.fi\\\/labfocus\\\/lab-ammattikorkeakoulu-edistaa-esteettomyytta\\\/\"},\"author\":{\"name\":\"tainask\",\"@id\":\"https:\\\/\\\/blogit.lab.fi\\\/labfocus\\\/#\\\/schema\\\/person\\\/da729f65c4a2fb9fd8f0b1ec7a2ab7d0\"},\"headline\":\"LAB-ammattikorkeakoulu edist\u00e4\u00e4 esteett\u00f6myytt\u00e4\",\"datePublished\":\"2023-09-08T05:39:06+00:00\",\"dateModified\":\"2023-09-08T05:39:07+00:00\",\"mainEntityOfPage\":{\"@id\":\"https:\\\/\\\/blogit.lab.fi\\\/labfocus\\\/lab-ammattikorkeakoulu-edistaa-esteettomyytta\\\/\"},\"wordCount\":449,\"publisher\":{\"@id\":\"https:\\\/\\\/blogit.lab.fi\\\/labfocus\\\/#organization\"},\"image\":{\"@id\":\"https:\\\/\\\/blogit.lab.fi\\\/labfocus\\\/lab-ammattikorkeakoulu-edistaa-esteettomyytta\\\/#primaryimage\"},\"thumbnailUrl\":\"https:\\\/\\\/blogit.lab.fi\\\/labfocus\\\/wp-content\\\/uploads\\\/sites\\\/8\\\/2023\\\/09\\\/602_2023_LAB-edistaa-esteettomyytta.jpg\",\"keywords\":[\"Artikkeli E1\",\"esteet\u00f6n matkaketju\",\"esteett\u00f6myys\",\"matkailu\"],\"articleSection\":[\"Health\",\"Hyvinvointia elinymp\u00e4rist\u00f6st\u00e4, liikkumisesta ja matkailusta\"],\"inLanguage\":\"fi\"},{\"@type\":\"WebPage\",\"@id\":\"https:\\\/\\\/blogit.lab.fi\\\/labfocus\\\/lab-ammattikorkeakoulu-edistaa-esteettomyytta\\\/\",\"url\":\"https:\\\/\\\/blogit.lab.fi\\\/labfocus\\\/lab-ammattikorkeakoulu-edistaa-esteettomyytta\\\/\",\"name\":\"LAB-ammattikorkeakoulu edist\u00e4\u00e4 esteett\u00f6myytt\u00e4 - LAB Focus\",\"isPartOf\":{\"@id\":\"https:\\\/\\\/blogit.lab.fi\\\/labfocus\\\/#website\"},\"primaryImageOfPage\":{\"@id\":\"https:\\\/\\\/blogit.lab.fi\\\/labfocus\\\/lab-ammattikorkeakoulu-edistaa-esteettomyytta\\\/#primaryimage\"},\"image\":{\"@id\":\"https:\\\/\\\/blogit.lab.fi\\\/labfocus\\\/lab-ammattikorkeakoulu-edistaa-esteettomyytta\\\/#primaryimage\"},\"thumbnailUrl\":\"https:\\\/\\\/blogit.lab.fi\\\/labfocus\\\/wp-content\\\/uploads\\\/sites\\\/8\\\/2023\\\/09\\\/602_2023_LAB-edistaa-esteettomyytta.jpg\",\"datePublished\":\"2023-09-08T05:39:06+00:00\",\"dateModified\":\"2023-09-08T05:39:07+00:00\",\"description\":\"LAB-ammattikorkeakoulu on tehnyt esteett\u00f6myysselvityksi\u00e4 kunnille. Esteett\u00f6myydess\u00e4 on kyse jo suunnittelusta l\u00e4htev\u00e4st\u00e4 asenteesta.\",\"breadcrumb\":{\"@id\":\"https:\\\/\\\/blogit.lab.fi\\\/labfocus\\\/lab-ammattikorkeakoulu-edistaa-esteettomyytta\\\/#breadcrumb\"},\"inLanguage\":\"fi\",\"potentialAction\":[{\"@type\":\"ReadAction\",\"target\":[\"https:\\\/\\\/blogit.lab.fi\\\/labfocus\\\/lab-ammattikorkeakoulu-edistaa-esteettomyytta\\\/\"]}]},{\"@type\":\"ImageObject\",\"inLanguage\":\"fi\",\"@id\":\"https:\\\/\\\/blogit.lab.fi\\\/labfocus\\\/lab-ammattikorkeakoulu-edistaa-esteettomyytta\\\/#primaryimage\",\"url\":\"https:\\\/\\\/blogit.lab.fi\\\/labfocus\\\/wp-content\\\/uploads\\\/sites\\\/8\\\/2023\\\/09\\\/602_2023_LAB-edistaa-esteettomyytta.jpg\",\"contentUrl\":\"https:\\\/\\\/blogit.lab.fi\\\/labfocus\\\/wp-content\\\/uploads\\\/sites\\\/8\\\/2023\\\/09\\\/602_2023_LAB-edistaa-esteettomyytta.jpg\",\"width\":1280,\"height\":786},{\"@type\":\"BreadcrumbList\",\"@id\":\"https:\\\/\\\/blogit.lab.fi\\\/labfocus\\\/lab-ammattikorkeakoulu-edistaa-esteettomyytta\\\/#breadcrumb\",\"itemListElement\":[{\"@type\":\"ListItem\",\"position\":1,\"name\":\"Home\",\"item\":\"https:\\\/\\\/blogit.lab.fi\\\/labfocus\\\/\"},{\"@type\":\"ListItem\",\"position\":2,\"name\":\"LAB-ammattikorkeakoulu edist\u00e4\u00e4 esteett\u00f6myytt\u00e4\"}]},{\"@type\":\"WebSite\",\"@id\":\"https:\\\/\\\/blogit.lab.fi\\\/labfocus\\\/#website\",\"url\":\"https:\\\/\\\/blogit.lab.fi\\\/labfocus\\\/\",\"name\":\"LAB Focus\",\"description\":\"Focus Area blog | LAB University of Applied Sciences\",\"publisher\":{\"@id\":\"https:\\\/\\\/blogit.lab.fi\\\/labfocus\\\/#organization\"},\"potentialAction\":[{\"@type\":\"SearchAction\",\"target\":{\"@type\":\"EntryPoint\",\"urlTemplate\":\"https:\\\/\\\/blogit.lab.fi\\\/labfocus\\\/?s={search_term_string}\"},\"query-input\":{\"@type\":\"PropertyValueSpecification\",\"valueRequired\":true,\"valueName\":\"search_term_string\"}}],\"inLanguage\":\"fi\"},{\"@type\":\"Organization\",\"@id\":\"https:\\\/\\\/blogit.lab.fi\\\/labfocus\\\/#organization\",\"name\":\"LAB Focus\",\"url\":\"https:\\\/\\\/blogit.lab.fi\\\/labfocus\\\/\",\"logo\":{\"@type\":\"ImageObject\",\"inLanguage\":\"fi\",\"@id\":\"https:\\\/\\\/blogit.lab.fi\\\/labfocus\\\/#\\\/schema\\\/logo\\\/image\\\/\",\"url\":\"https:\\\/\\\/blogit.lab.fi\\\/labfocus\\\/wp-content\\\/uploads\\\/sites\\\/8\\\/2020\\\/04\\\/cropped-cropped-tunnus_blogi-01.png\",\"contentUrl\":\"https:\\\/\\\/blogit.lab.fi\\\/labfocus\\\/wp-content\\\/uploads\\\/sites\\\/8\\\/2020\\\/04\\\/cropped-cropped-tunnus_blogi-01.png\",\"width\":1342,\"height\":288,\"caption\":\"LAB Focus\"},\"image\":{\"@id\":\"https:\\\/\\\/blogit.lab.fi\\\/labfocus\\\/#\\\/schema\\\/logo\\\/image\\\/\"},\"sameAs\":[\"https:\\\/\\\/x.com\\\/LABfinland\"]},{\"@type\":\"Person\",\"@id\":\"https:\\\/\\\/blogit.lab.fi\\\/labfocus\\\/#\\\/schema\\\/person\\\/da729f65c4a2fb9fd8f0b1ec7a2ab7d0\",\"name\":\"tainask\",\"image\":{\"@type\":\"ImageObject\",\"inLanguage\":\"fi\",\"@id\":\"https:\\\/\\\/secure.gravatar.com\\\/avatar\\\/4a96427877ef826b76e80c27f60b266128094f522551459346efcf14282febb3?s=96&d=mm&r=g\",\"url\":\"https:\\\/\\\/secure.gravatar.com\\\/avatar\\\/4a96427877ef826b76e80c27f60b266128094f522551459346efcf14282febb3?s=96&d=mm&r=g\",\"contentUrl\":\"https:\\\/\\\/secure.gravatar.com\\\/avatar\\\/4a96427877ef826b76e80c27f60b266128094f522551459346efcf14282febb3?s=96&d=mm&r=g\",\"caption\":\"tainask\"},\"url\":\"https:\\\/\\\/blogit.lab.fi\\\/labfocus\\\/author\\\/tainask\\\/\"}]}<\/script>\n<!-- \/ Yoast SEO plugin. -->","yoast_head_json":{"title":"LAB-ammattikorkeakoulu edist\u00e4\u00e4 esteett\u00f6myytt\u00e4 - LAB Focus","description":"LAB-ammattikorkeakoulu on tehnyt esteett\u00f6myysselvityksi\u00e4 kunnille. Esteett\u00f6myydess\u00e4 on kyse jo suunnittelusta l\u00e4htev\u00e4st\u00e4 asenteesta.","robots":{"index":"index","follow":"follow","max-snippet":"max-snippet:-1","max-image-preview":"max-image-preview:large","max-video-preview":"max-video-preview:-1"},"canonical":"https:\/\/blogit.lab.fi\/labfocus\/lab-ammattikorkeakoulu-edistaa-esteettomyytta\/","og_locale":"fi_FI","og_type":"article","og_title":"LAB-ammattikorkeakoulu edist\u00e4\u00e4 esteett\u00f6myytt\u00e4 - LAB Focus","og_description":"LAB-ammattikorkeakoulu on tehnyt esteett\u00f6myysselvityksi\u00e4 kunnille. Esteett\u00f6myydess\u00e4 on kyse jo suunnittelusta l\u00e4htev\u00e4st\u00e4 asenteesta.","og_url":"https:\/\/blogit.lab.fi\/labfocus\/lab-ammattikorkeakoulu-edistaa-esteettomyytta\/","og_site_name":"LAB Focus","article_published_time":"2023-09-08T05:39:06+00:00","article_modified_time":"2023-09-08T05:39:07+00:00","og_image":[{"width":1280,"height":786,"url":"https:\/\/blogit.lab.fi\/labfocus\/wp-content\/uploads\/sites\/8\/2023\/09\/602_2023_LAB-edistaa-esteettomyytta.jpg","type":"image\/jpeg"}],"author":"tainask","twitter_card":"summary_large_image","twitter_creator":"@LABfinland","twitter_site":"@LABfinland","twitter_misc":{"Kirjoittanut":"tainask","Arvioitu lukuaika":"3 minuuttia"},"schema":{"@context":"https:\/\/schema.org","@graph":[{"@type":"Article","@id":"https:\/\/blogit.lab.fi\/labfocus\/lab-ammattikorkeakoulu-edistaa-esteettomyytta\/#article","isPartOf":{"@id":"https:\/\/blogit.lab.fi\/labfocus\/lab-ammattikorkeakoulu-edistaa-esteettomyytta\/"},"author":{"name":"tainask","@id":"https:\/\/blogit.lab.fi\/labfocus\/#\/schema\/person\/da729f65c4a2fb9fd8f0b1ec7a2ab7d0"},"headline":"LAB-ammattikorkeakoulu edist\u00e4\u00e4 esteett\u00f6myytt\u00e4","datePublished":"2023-09-08T05:39:06+00:00","dateModified":"2023-09-08T05:39:07+00:00","mainEntityOfPage":{"@id":"https:\/\/blogit.lab.fi\/labfocus\/lab-ammattikorkeakoulu-edistaa-esteettomyytta\/"},"wordCount":449,"publisher":{"@id":"https:\/\/blogit.lab.fi\/labfocus\/#organization"},"image":{"@id":"https:\/\/blogit.lab.fi\/labfocus\/lab-ammattikorkeakoulu-edistaa-esteettomyytta\/#primaryimage"},"thumbnailUrl":"https:\/\/blogit.lab.fi\/labfocus\/wp-content\/uploads\/sites\/8\/2023\/09\/602_2023_LAB-edistaa-esteettomyytta.jpg","keywords":["Artikkeli E1","esteet\u00f6n matkaketju","esteett\u00f6myys","matkailu"],"articleSection":["Health","Hyvinvointia elinymp\u00e4rist\u00f6st\u00e4, liikkumisesta ja matkailusta"],"inLanguage":"fi"},{"@type":"WebPage","@id":"https:\/\/blogit.lab.fi\/labfocus\/lab-ammattikorkeakoulu-edistaa-esteettomyytta\/","url":"https:\/\/blogit.lab.fi\/labfocus\/lab-ammattikorkeakoulu-edistaa-esteettomyytta\/","name":"LAB-ammattikorkeakoulu edist\u00e4\u00e4 esteett\u00f6myytt\u00e4 - LAB Focus","isPartOf":{"@id":"https:\/\/blogit.lab.fi\/labfocus\/#website"},"primaryImageOfPage":{"@id":"https:\/\/blogit.lab.fi\/labfocus\/lab-ammattikorkeakoulu-edistaa-esteettomyytta\/#primaryimage"},"image":{"@id":"https:\/\/blogit.lab.fi\/labfocus\/lab-ammattikorkeakoulu-edistaa-esteettomyytta\/#primaryimage"},"thumbnailUrl":"https:\/\/blogit.lab.fi\/labfocus\/wp-content\/uploads\/sites\/8\/2023\/09\/602_2023_LAB-edistaa-esteettomyytta.jpg","datePublished":"2023-09-08T05:39:06+00:00","dateModified":"2023-09-08T05:39:07+00:00","description":"LAB-ammattikorkeakoulu on tehnyt esteett\u00f6myysselvityksi\u00e4 kunnille. Esteett\u00f6myydess\u00e4 on kyse jo suunnittelusta l\u00e4htev\u00e4st\u00e4 asenteesta.","breadcrumb":{"@id":"https:\/\/blogit.lab.fi\/labfocus\/lab-ammattikorkeakoulu-edistaa-esteettomyytta\/#breadcrumb"},"inLanguage":"fi","potentialAction":[{"@type":"ReadAction","target":["https:\/\/blogit.lab.fi\/labfocus\/lab-ammattikorkeakoulu-edistaa-esteettomyytta\/"]}]},{"@type":"ImageObject","inLanguage":"fi","@id":"https:\/\/blogit.lab.fi\/labfocus\/lab-ammattikorkeakoulu-edistaa-esteettomyytta\/#primaryimage","url":"https:\/\/blogit.lab.fi\/labfocus\/wp-content\/uploads\/sites\/8\/2023\/09\/602_2023_LAB-edistaa-esteettomyytta.jpg","contentUrl":"https:\/\/blogit.lab.fi\/labfocus\/wp-content\/uploads\/sites\/8\/2023\/09\/602_2023_LAB-edistaa-esteettomyytta.jpg","width":1280,"height":786},{"@type":"BreadcrumbList","@id":"https:\/\/blogit.lab.fi\/labfocus\/lab-ammattikorkeakoulu-edistaa-esteettomyytta\/#breadcrumb","itemListElement":[{"@type":"ListItem","position":1,"name":"Home","item":"https:\/\/blogit.lab.fi\/labfocus\/"},{"@type":"ListItem","position":2,"name":"LAB-ammattikorkeakoulu edist\u00e4\u00e4 esteett\u00f6myytt\u00e4"}]},{"@type":"WebSite","@id":"https:\/\/blogit.lab.fi\/labfocus\/#website","url":"https:\/\/blogit.lab.fi\/labfocus\/","name":"LAB Focus","description":"Focus Area blog | LAB University of Applied Sciences","publisher":{"@id":"https:\/\/blogit.lab.fi\/labfocus\/#organization"},"potentialAction":[{"@type":"SearchAction","target":{"@type":"EntryPoint","urlTemplate":"https:\/\/blogit.lab.fi\/labfocus\/?s={search_term_string}"},"query-input":{"@type":"PropertyValueSpecification","valueRequired":true,"valueName":"search_term_string"}}],"inLanguage":"fi"},{"@type":"Organization","@id":"https:\/\/blogit.lab.fi\/labfocus\/#organization","name":"LAB Focus","url":"https:\/\/blogit.lab.fi\/labfocus\/","logo":{"@type":"ImageObject","inLanguage":"fi","@id":"https:\/\/blogit.lab.fi\/labfocus\/#\/schema\/logo\/image\/","url":"https:\/\/blogit.lab.fi\/labfocus\/wp-content\/uploads\/sites\/8\/2020\/04\/cropped-cropped-tunnus_blogi-01.png","contentUrl":"https:\/\/blogit.lab.fi\/labfocus\/wp-content\/uploads\/sites\/8\/2020\/04\/cropped-cropped-tunnus_blogi-01.png","width":1342,"height":288,"caption":"LAB Focus"},"image":{"@id":"https:\/\/blogit.lab.fi\/labfocus\/#\/schema\/logo\/image\/"},"sameAs":["https:\/\/x.com\/LABfinland"]},{"@type":"Person","@id":"https:\/\/blogit.lab.fi\/labfocus\/#\/schema\/person\/da729f65c4a2fb9fd8f0b1ec7a2ab7d0","name":"tainask","image":{"@type":"ImageObject","inLanguage":"fi","@id":"https:\/\/secure.gravatar.com\/avatar\/4a96427877ef826b76e80c27f60b266128094f522551459346efcf14282febb3?s=96&d=mm&r=g","url":"https:\/\/secure.gravatar.com\/avatar\/4a96427877ef826b76e80c27f60b266128094f522551459346efcf14282febb3?s=96&d=mm&r=g","contentUrl":"https:\/\/secure.gravatar.com\/avatar\/4a96427877ef826b76e80c27f60b266128094f522551459346efcf14282febb3?s=96&d=mm&r=g","caption":"tainask"},"url":"https:\/\/blogit.lab.fi\/labfocus\/author\/tainask\/"}]}},"_links":{"self":[{"href":"https:\/\/blogit.lab.fi\/labfocus\/wp-json\/wp\/v2\/posts\/14710","targetHints":{"allow":["GET"]}}],"collection":[{"href":"https:\/\/blogit.lab.fi\/labfocus\/wp-json\/wp\/v2\/posts"}],"about":[{"href":"https:\/\/blogit.lab.fi\/labfocus\/wp-json\/wp\/v2\/types\/post"}],"author":[{"embeddable":true,"href":"https:\/\/blogit.lab.fi\/labfocus\/wp-json\/wp\/v2\/users\/17"}],"replies":[{"embeddable":true,"href":"https:\/\/blogit.lab.fi\/labfocus\/wp-json\/wp\/v2\/comments?post=14710"}],"version-history":[{"count":1,"href":"https:\/\/blogit.lab.fi\/labfocus\/wp-json\/wp\/v2\/posts\/14710\/revisions"}],"predecessor-version":[{"id":14712,"href":"https:\/\/blogit.lab.fi\/labfocus\/wp-json\/wp\/v2\/posts\/14710\/revisions\/14712"}],"wp:featuredmedia":[{"embeddable":true,"href":"https:\/\/blogit.lab.fi\/labfocus\/wp-json\/wp\/v2\/media\/14711"}],"wp:attachment":[{"href":"https:\/\/blogit.lab.fi\/labfocus\/wp-json\/wp\/v2\/media?parent=14710"}],"wp:term":[{"taxonomy":"category","embeddable":true,"href":"https:\/\/blogit.lab.fi\/labfocus\/wp-json\/wp\/v2\/categories?post=14710"},{"taxonomy":"post_tag","embeddable":true,"href":"https:\/\/blogit.lab.fi\/labfocus\/wp-json\/wp\/v2\/tags?post=14710"}],"curies":[{"name":"wp","href":"https:\/\/api.w.org\/{rel}","templated":true}]}}