{"id":15112,"date":"2023-09-29T09:56:18","date_gmt":"2023-09-29T06:56:18","guid":{"rendered":"https:\/\/blogit.lab.fi\/labfocus\/?p=15112"},"modified":"2023-09-29T11:09:34","modified_gmt":"2023-09-29T08:09:34","slug":"visuaalinen-malli-konkretisoi-hybridityota","status":"publish","type":"post","link":"https:\/\/blogit.lab.fi\/labfocus\/visuaalinen-malli-konkretisoi-hybridityota\/","title":{"rendered":"Visuaalinen malli konkretisoi hybridity\u00f6t\u00e4"},"content":{"rendered":"\n<p>Hybridity\u00f6 on ollut polttava puheenaihe koronapandemian j\u00e4lkeisess\u00e4 ty\u00f6kulttuurissa. Moni asiantuntija n\u00e4ki et\u00e4t\u00f6iss\u00e4 niin paljon hyvi\u00e4 puolia, ett\u00e4 tietoty\u00f6n tekemisen tavat ovat muuttuneet pysyv\u00e4sti my\u00f6s pandemian j\u00e4lkeen. Tulevaisuuden ty\u00f6 tuleekin olemaan entist\u00e4 enemm\u00e4n hybridi\u00e4. (Babapour Chafi ym. 2021, 18.) Useimmilla ty\u00f6paikoilla ei kuitenkaan ole pys\u00e4hdytty miettim\u00e4\u00e4n, mit\u00e4 hybridity\u00f6 merkitsee oman organisaation n\u00e4k\u00f6kulmasta ja kuinka sit\u00e4 tulisi johtaa.<\/p>\n\n\n\n<p>Elokuussa 2023 p\u00e4\u00e4ttynyt Hymy \u2013 Hybridity\u00f6ll\u00e4 muutoskyvykkyytt\u00e4 -hanke (LAB 2023a) vastasi t\u00e4h\u00e4n tarpeeseen luomalla hybridity\u00f6n visuaalisen mallin, joka auttaa organisaatioita, johtajia ja asiantuntijoita hahmottamaan, mit\u00e4 hybridity\u00f6 on ja mit\u00e4 se heille merkitsee.<\/p>\n\n\n\n<p>Hybridity\u00f6 on melko vaikea k\u00e4site sen abstraktin luonteen takia.&nbsp; Haasteena oli my\u00f6s aiheen laajuus, sill\u00e4 hybridity\u00f6st\u00e4 voisi kirjoittaa materiaalia l\u00e4hestulkoon loputtomasti. Mallista haluttiin tehd\u00e4 visuaalisesti miellytt\u00e4v\u00e4, selke\u00e4 ja interaktiivinen kokonaisuus, jotta kynnys pohtia aihetta madaltuisi. Mallintamisen ty\u00f6kaluksi valikoitui selainpohjainen Prezi, joka mahdollisti immersiivisen esityksen luomisen ja monipuoliset visuaaliset ty\u00f6kalut. (Prezi 2023)<\/p>\n\n\n\n<figure class=\"wp-block-image size-large\"><img loading=\"lazy\" decoding=\"async\" width=\"1024\" height=\"565\" src=\"https:\/\/blogit.lab.fi\/labfocus\/wp-content\/uploads\/sites\/8\/2023\/09\/649_2023_Visuaalinen-malli-konkretisoi-hybridityota_1-1024x565.png\" alt=\"[Alt-teksti: kaavakuva, jonka otsikkona on Hybridity\u00f6n malli tervetuloa tutustumaan hybridity\u00f6h\u00f6n.]\" class=\"wp-image-15114\" srcset=\"https:\/\/blogit.lab.fi\/labfocus\/wp-content\/uploads\/sites\/8\/2023\/09\/649_2023_Visuaalinen-malli-konkretisoi-hybridityota_1-1024x565.png 1024w, https:\/\/blogit.lab.fi\/labfocus\/wp-content\/uploads\/sites\/8\/2023\/09\/649_2023_Visuaalinen-malli-konkretisoi-hybridityota_1-300x165.png 300w, https:\/\/blogit.lab.fi\/labfocus\/wp-content\/uploads\/sites\/8\/2023\/09\/649_2023_Visuaalinen-malli-konkretisoi-hybridityota_1-768x424.png 768w, https:\/\/blogit.lab.fi\/labfocus\/wp-content\/uploads\/sites\/8\/2023\/09\/649_2023_Visuaalinen-malli-konkretisoi-hybridityota_1-570x314.png 570w, https:\/\/blogit.lab.fi\/labfocus\/wp-content\/uploads\/sites\/8\/2023\/09\/649_2023_Visuaalinen-malli-konkretisoi-hybridityota_1.png 1280w\" sizes=\"auto, (max-width: 1024px) 100vw, 1024px\" \/><figcaption class=\"wp-element-caption\">Kuva 1. Hybridity\u00f6n mallin etusivu. (LAB 2023b)<\/figcaption><\/figure>\n\n\n\n<p>Hybridity\u00f6n malliin saatiin tietoa hankkeen aikana yrityksille j\u00e4rjestetyist\u00e4 ty\u00f6pajoista, joissa asiantuntijat ja johtajat keskustelivat hybridity\u00f6st\u00e4 omasta n\u00e4k\u00f6kulmastaan. Ty\u00f6pajoissa ty\u00f6skentely havaittiin hankkeen aikana hyv\u00e4ksi tavaksi l\u00e4hesty\u00e4 hybridity\u00f6n tekemiseen liittyvi\u00e4 aiheita, ja yhdess\u00e4 keskustelemalla saatiin paljon uusia oivalluksia.<\/p>\n\n\n\n<p>Hankkeen asiantuntijat jakoivat saadun tiedon perusteella hybridity\u00f6n mallin organisaatio-, johtaja- ja asiantuntijatasoon ja tasojen sis\u00e4ll\u00e4 eri aihealueisiin. T\u00e4m\u00e4 j\u00e4sent\u00e4\u00e4 materiaalin selke\u00e4ksi kokonaisuudeksi ja auttaa hahmottamaan sen monia merkityksi\u00e4. Jokaiseen kolmesta tasosta nostettiin ty\u00f6pajoissa nousseita aihealueita, kuten luottamus ja ty\u00f6hyvinvointi. Asiantuntijat laativat aiheisiin lyhyen, mutta informatiivisen ja l\u00e4hteisiin perustuvan teoriaosuuden, jotta k\u00e4sitelt\u00e4v\u00e4\u00e4n aiheeseen p\u00e4\u00e4see sis\u00e4lle. Tasojen ja aihealueiden yhteydess\u00e4 on my\u00f6s l\u00e4hteet ja lis\u00e4materiaali, joiden avulla aiheeseen p\u00e4\u00e4see halutessaan tutustumaan syvemmin. (LAB 2023a; LAB 2023b.)<\/p>\n\n\n\n<figure class=\"wp-block-image size-large\"><img loading=\"lazy\" decoding=\"async\" width=\"1024\" height=\"576\" src=\"https:\/\/blogit.lab.fi\/labfocus\/wp-content\/uploads\/sites\/8\/2023\/09\/649_2023_Visuaalinen-malli-konkretisoi-hybridityota_2-1024x576.png\" alt=\"[Alt-teksti: kaavakuva, jossa johtajatason osiksi on nimetty luottamus, ty\u00f6hyvinvointi, yhteis\u00f6llisyys, vuorovaikutus, tavoitteellisuus ja suorituksen johtaminen.]\" class=\"wp-image-15115\" srcset=\"https:\/\/blogit.lab.fi\/labfocus\/wp-content\/uploads\/sites\/8\/2023\/09\/649_2023_Visuaalinen-malli-konkretisoi-hybridityota_2-1024x576.png 1024w, https:\/\/blogit.lab.fi\/labfocus\/wp-content\/uploads\/sites\/8\/2023\/09\/649_2023_Visuaalinen-malli-konkretisoi-hybridityota_2-300x169.png 300w, https:\/\/blogit.lab.fi\/labfocus\/wp-content\/uploads\/sites\/8\/2023\/09\/649_2023_Visuaalinen-malli-konkretisoi-hybridityota_2-768x432.png 768w, https:\/\/blogit.lab.fi\/labfocus\/wp-content\/uploads\/sites\/8\/2023\/09\/649_2023_Visuaalinen-malli-konkretisoi-hybridityota_2-570x321.png 570w, https:\/\/blogit.lab.fi\/labfocus\/wp-content\/uploads\/sites\/8\/2023\/09\/649_2023_Visuaalinen-malli-konkretisoi-hybridityota_2-1110x624.png 1110w, https:\/\/blogit.lab.fi\/labfocus\/wp-content\/uploads\/sites\/8\/2023\/09\/649_2023_Visuaalinen-malli-konkretisoi-hybridityota_2-528x297.png 528w, https:\/\/blogit.lab.fi\/labfocus\/wp-content\/uploads\/sites\/8\/2023\/09\/649_2023_Visuaalinen-malli-konkretisoi-hybridityota_2.png 1280w\" sizes=\"auto, (max-width: 1024px) 100vw, 1024px\" \/><figcaption class=\"wp-element-caption\">Kuva 2. Hybridity\u00f6n mallin johtajataso. (LAB 2023b)<\/figcaption><\/figure>\n\n\n\n<p>Interaktiivinen materiaali her\u00e4tt\u00e4\u00e4 mielenkiinnon ja pit\u00e4\u00e4 yll\u00e4 keskittymist\u00e4. Aiheesta kiinnostuneita haastetaan my\u00f6s miettim\u00e4\u00e4n hybridity\u00f6t\u00e4 omasta ja organisaationsa n\u00e4k\u00f6kulmasta materiaalin yhteyteen luotujen kysymysten avulla. Kaikkein arvokkain anti hybridity\u00f6n mallista tuleekin siihen perehtym\u00e4ss\u00e4 olevan omista oivalluksista, joita kysymysten pohtiminen her\u00e4ttelee. Mallin avulla hybridity\u00f6t\u00e4 voi my\u00f6s tutkia joko asiantuntijoiden tai johtajien ryhmiss\u00e4 tai laajemmin organisaation kesken. (LAB 2023b)<\/p>\n\n\n\n<p>Hybridity\u00f6t\u00e4 kannattaa pys\u00e4hty\u00e4 pohtimaan, sill\u00e4 ty\u00f6hyvinvointi ja selke\u00e4t yhdess\u00e4 sovitut toimintatavat ovat avain my\u00f6s entist\u00e4 tehokkaampaan ty\u00f6kulttuuriin. Tarvitaan kuitenkin viel\u00e4 paljon aikaa ja panostusta sek\u00e4 Hymyn tapaisia hankkeita vauhdittamaan muutosta yrityskent\u00e4lle. Hybridity\u00f6n malli on saatavissa hankkeen verkkosivuilta (LAB 2023a).<\/p>\n\n\n\n<div class=\"wp-block-group has-background\" style=\"background-color:#b3edfb\"><div class=\"wp-block-group__inner-container is-layout-constrained wp-block-group-is-layout-constrained\">\n<p>Kirjoittaja<\/p>\n\n\n\n<p><strong>Antti Tykkyl\u00e4inen<\/strong> ty\u00f6skentelee LAB-ammattikorkeakoulussa Hyvinvointi-yksik\u00f6ss\u00e4 projektisuunnittelijana hankkeessa HYMY \u2013 Hybridill\u00e4 muutoskyvykkyytt\u00e4 (LAB 2023a).<\/p>\n<\/div><\/div>\n\n\n\n<h2 class=\"wp-block-heading\">L\u00e4hteet<\/h2>\n\n\n\n<p>Babapour Chafi, M., Hultberg, A. &amp; Bozic Yams, N. 2021. Post-Pandemic Office Work: Perceived Challenges and Opportunities for a Sustainable Work Environment. Sustainability 2022, 14(1), 294. Viitattu 3.9.2023. Saatavissa <a href=\"https:\/\/doi.org\/10.3390\/su14010294\">https:\/\/doi.org\/10.3390\/su14010294<\/a><\/p>\n\n\n\n<p>LAB. 2023a. Hybridity\u00f6ll\u00e4 muutoskyvykkyytt\u00e4. HYMY. Hanke. Viitattu 2.9.2023. Saatavissa&nbsp;<a href=\"https:\/\/www.lab.fi\/fi\/projekti\/hybridityolla-muutoskyvykkyytta\" target=\"_blank\" rel=\"noreferrer noopener\">https:\/\/www.lab.fi\/fi\/projekti\/hybridityolla-muutoskyvykkyytta<\/a><\/p>\n\n\n\n<p>LAB. 2023b. HYMY &#8211; Hybridity\u00f6n malli. Viitattu 14.9.2023. Saatavissa <a href=\"https:\/\/www.lab.fi\/sites\/default\/files\/2023-09\/Hymy%20-%20hybridity%C3%B6n%20malli_0.pdf\">https:\/\/www.lab.fi\/sites\/default\/files\/2023-09\/Hymy%20-%20hybridity%C3%B6n%20malli_0.pdf<\/a><\/p>\n\n\n\n<p>Prezi. 2023. Present like a pro. Viitattu 2.9.2023. Saatavissa <a href=\"https:\/\/prezi.com\/business\/\">https:\/\/prezi.com\/business\/<\/a><\/p>\n","protected":false},"excerpt":{"rendered":"<p>Hybridity\u00f6 on ollut polttava puheenaihe koronapandemian j\u00e4lkeisess\u00e4 ty\u00f6kulttuurissa. Moni asiantuntija n\u00e4ki et\u00e4t\u00f6iss\u00e4 niin paljon hyvi\u00e4 puolia, ett\u00e4 tietoty\u00f6n tekemisen tavat ovat muuttuneet pysyv\u00e4sti my\u00f6s pandemian j\u00e4lkeen. Tulevaisuuden ty\u00f6 tuleekin olemaan entist\u00e4 enemm\u00e4n hybridi\u00e4. (Babapour Chafi ym. 2021, 18.) Useimmilla ty\u00f6paikoilla ei kuitenkaan ole pys\u00e4hdytty miettim\u00e4\u00e4n, mit\u00e4 hybridity\u00f6 merkitsee oman organisaation n\u00e4k\u00f6kulmasta ja kuinka sit\u00e4 tulisi [&hellip;]<\/p>\n","protected":false},"author":17,"featured_media":15115,"comment_status":"closed","ping_status":"open","sticky":false,"template":"","format":"standard","meta":{"footnotes":""},"categories":[15,119],"tags":[29,5072,7556,5070],"class_list":{"0":"post-15112","1":"post","2":"type-post","3":"status-publish","4":"format-standard","5":"has-post-thumbnail","7":"category-health_fi","8":"category-osallisuuden-edistaminen-ja-turvallinen-arki","9":"tag-artikkeli-e1","10":"tag-hybridityo","11":"tag-hybridityon-malli","12":"tag-hymy-hanke","13":"czr-hentry"},"yoast_head":"<!-- This site is optimized with the Yoast SEO plugin v27.5 - https:\/\/yoast.com\/product\/yoast-seo-wordpress\/ -->\n<title>Visuaalinen malli konkretisoi hybridity\u00f6t\u00e4 - LAB Focus<\/title>\n<meta name=\"description\" content=\"Hankkeessa luotiin visuaalinen malli auttamaan hybridity\u00f6n j\u00e4sent\u00e4mist\u00e4 ja kehitt\u00e4mist\u00e4. LAB-ammattikorkeakoulu.\" \/>\n<meta name=\"robots\" content=\"index, follow, max-snippet:-1, max-image-preview:large, max-video-preview:-1\" \/>\n<link rel=\"canonical\" href=\"https:\/\/blogit.lab.fi\/labfocus\/visuaalinen-malli-konkretisoi-hybridityota\/\" \/>\n<meta property=\"og:locale\" content=\"fi_FI\" \/>\n<meta property=\"og:type\" content=\"article\" \/>\n<meta property=\"og:title\" content=\"Visuaalinen malli konkretisoi hybridity\u00f6t\u00e4 - LAB Focus\" \/>\n<meta property=\"og:description\" content=\"Hankkeessa luotiin visuaalinen malli auttamaan hybridity\u00f6n j\u00e4sent\u00e4mist\u00e4 ja kehitt\u00e4mist\u00e4. LAB-ammattikorkeakoulu.\" \/>\n<meta property=\"og:url\" content=\"https:\/\/blogit.lab.fi\/labfocus\/visuaalinen-malli-konkretisoi-hybridityota\/\" \/>\n<meta property=\"og:site_name\" content=\"LAB Focus\" \/>\n<meta property=\"article:published_time\" content=\"2023-09-29T06:56:18+00:00\" \/>\n<meta property=\"article:modified_time\" content=\"2023-09-29T08:09:34+00:00\" \/>\n<meta property=\"og:image\" content=\"https:\/\/blogit.lab.fi\/labfocus\/wp-content\/uploads\/sites\/8\/2023\/09\/649_2023_Visuaalinen-malli-konkretisoi-hybridityota_2.png\" \/>\n\t<meta property=\"og:image:width\" content=\"1280\" \/>\n\t<meta property=\"og:image:height\" content=\"720\" \/>\n\t<meta property=\"og:image:type\" content=\"image\/png\" \/>\n<meta name=\"author\" content=\"tainask\" \/>\n<meta name=\"twitter:card\" content=\"summary_large_image\" \/>\n<meta name=\"twitter:creator\" content=\"@LABfinland\" \/>\n<meta name=\"twitter:site\" content=\"@LABfinland\" \/>\n<meta name=\"twitter:label1\" content=\"Kirjoittanut\" \/>\n\t<meta name=\"twitter:data1\" content=\"tainask\" \/>\n\t<meta name=\"twitter:label2\" content=\"Arvioitu lukuaika\" \/>\n\t<meta name=\"twitter:data2\" content=\"4 minuuttia\" \/>\n<script type=\"application\/ld+json\" class=\"yoast-schema-graph\">{\"@context\":\"https:\\\/\\\/schema.org\",\"@graph\":[{\"@type\":\"Article\",\"@id\":\"https:\\\/\\\/blogit.lab.fi\\\/labfocus\\\/visuaalinen-malli-konkretisoi-hybridityota\\\/#article\",\"isPartOf\":{\"@id\":\"https:\\\/\\\/blogit.lab.fi\\\/labfocus\\\/visuaalinen-malli-konkretisoi-hybridityota\\\/\"},\"author\":{\"name\":\"tainask\",\"@id\":\"https:\\\/\\\/blogit.lab.fi\\\/labfocus\\\/#\\\/schema\\\/person\\\/da729f65c4a2fb9fd8f0b1ec7a2ab7d0\"},\"headline\":\"Visuaalinen malli konkretisoi hybridity\u00f6t\u00e4\",\"datePublished\":\"2023-09-29T06:56:18+00:00\",\"dateModified\":\"2023-09-29T08:09:34+00:00\",\"mainEntityOfPage\":{\"@id\":\"https:\\\/\\\/blogit.lab.fi\\\/labfocus\\\/visuaalinen-malli-konkretisoi-hybridityota\\\/\"},\"wordCount\":531,\"publisher\":{\"@id\":\"https:\\\/\\\/blogit.lab.fi\\\/labfocus\\\/#organization\"},\"image\":{\"@id\":\"https:\\\/\\\/blogit.lab.fi\\\/labfocus\\\/visuaalinen-malli-konkretisoi-hybridityota\\\/#primaryimage\"},\"thumbnailUrl\":\"https:\\\/\\\/blogit.lab.fi\\\/labfocus\\\/wp-content\\\/uploads\\\/sites\\\/8\\\/2023\\\/09\\\/649_2023_Visuaalinen-malli-konkretisoi-hybridityota_2.png\",\"keywords\":[\"Artikkeli E1\",\"hybridity\u00f6\",\"hybridity\u00f6n malli\",\"HYMY-hanke\"],\"articleSection\":[\"Health\",\"Osallisuus, ty\u00f6el\u00e4m\u00e4 ja turvallinen arki\"],\"inLanguage\":\"fi\"},{\"@type\":\"WebPage\",\"@id\":\"https:\\\/\\\/blogit.lab.fi\\\/labfocus\\\/visuaalinen-malli-konkretisoi-hybridityota\\\/\",\"url\":\"https:\\\/\\\/blogit.lab.fi\\\/labfocus\\\/visuaalinen-malli-konkretisoi-hybridityota\\\/\",\"name\":\"Visuaalinen malli konkretisoi hybridity\u00f6t\u00e4 - LAB Focus\",\"isPartOf\":{\"@id\":\"https:\\\/\\\/blogit.lab.fi\\\/labfocus\\\/#website\"},\"primaryImageOfPage\":{\"@id\":\"https:\\\/\\\/blogit.lab.fi\\\/labfocus\\\/visuaalinen-malli-konkretisoi-hybridityota\\\/#primaryimage\"},\"image\":{\"@id\":\"https:\\\/\\\/blogit.lab.fi\\\/labfocus\\\/visuaalinen-malli-konkretisoi-hybridityota\\\/#primaryimage\"},\"thumbnailUrl\":\"https:\\\/\\\/blogit.lab.fi\\\/labfocus\\\/wp-content\\\/uploads\\\/sites\\\/8\\\/2023\\\/09\\\/649_2023_Visuaalinen-malli-konkretisoi-hybridityota_2.png\",\"datePublished\":\"2023-09-29T06:56:18+00:00\",\"dateModified\":\"2023-09-29T08:09:34+00:00\",\"description\":\"Hankkeessa luotiin visuaalinen malli auttamaan hybridity\u00f6n j\u00e4sent\u00e4mist\u00e4 ja kehitt\u00e4mist\u00e4. LAB-ammattikorkeakoulu.\",\"breadcrumb\":{\"@id\":\"https:\\\/\\\/blogit.lab.fi\\\/labfocus\\\/visuaalinen-malli-konkretisoi-hybridityota\\\/#breadcrumb\"},\"inLanguage\":\"fi\",\"potentialAction\":[{\"@type\":\"ReadAction\",\"target\":[\"https:\\\/\\\/blogit.lab.fi\\\/labfocus\\\/visuaalinen-malli-konkretisoi-hybridityota\\\/\"]}]},{\"@type\":\"ImageObject\",\"inLanguage\":\"fi\",\"@id\":\"https:\\\/\\\/blogit.lab.fi\\\/labfocus\\\/visuaalinen-malli-konkretisoi-hybridityota\\\/#primaryimage\",\"url\":\"https:\\\/\\\/blogit.lab.fi\\\/labfocus\\\/wp-content\\\/uploads\\\/sites\\\/8\\\/2023\\\/09\\\/649_2023_Visuaalinen-malli-konkretisoi-hybridityota_2.png\",\"contentUrl\":\"https:\\\/\\\/blogit.lab.fi\\\/labfocus\\\/wp-content\\\/uploads\\\/sites\\\/8\\\/2023\\\/09\\\/649_2023_Visuaalinen-malli-konkretisoi-hybridityota_2.png\",\"width\":1280,\"height\":720},{\"@type\":\"BreadcrumbList\",\"@id\":\"https:\\\/\\\/blogit.lab.fi\\\/labfocus\\\/visuaalinen-malli-konkretisoi-hybridityota\\\/#breadcrumb\",\"itemListElement\":[{\"@type\":\"ListItem\",\"position\":1,\"name\":\"Home\",\"item\":\"https:\\\/\\\/blogit.lab.fi\\\/labfocus\\\/\"},{\"@type\":\"ListItem\",\"position\":2,\"name\":\"Visuaalinen malli konkretisoi hybridity\u00f6t\u00e4\"}]},{\"@type\":\"WebSite\",\"@id\":\"https:\\\/\\\/blogit.lab.fi\\\/labfocus\\\/#website\",\"url\":\"https:\\\/\\\/blogit.lab.fi\\\/labfocus\\\/\",\"name\":\"LAB Focus\",\"description\":\"Focus Area blog | LAB University of Applied Sciences\",\"publisher\":{\"@id\":\"https:\\\/\\\/blogit.lab.fi\\\/labfocus\\\/#organization\"},\"potentialAction\":[{\"@type\":\"SearchAction\",\"target\":{\"@type\":\"EntryPoint\",\"urlTemplate\":\"https:\\\/\\\/blogit.lab.fi\\\/labfocus\\\/?s={search_term_string}\"},\"query-input\":{\"@type\":\"PropertyValueSpecification\",\"valueRequired\":true,\"valueName\":\"search_term_string\"}}],\"inLanguage\":\"fi\"},{\"@type\":\"Organization\",\"@id\":\"https:\\\/\\\/blogit.lab.fi\\\/labfocus\\\/#organization\",\"name\":\"LAB Focus\",\"url\":\"https:\\\/\\\/blogit.lab.fi\\\/labfocus\\\/\",\"logo\":{\"@type\":\"ImageObject\",\"inLanguage\":\"fi\",\"@id\":\"https:\\\/\\\/blogit.lab.fi\\\/labfocus\\\/#\\\/schema\\\/logo\\\/image\\\/\",\"url\":\"https:\\\/\\\/blogit.lab.fi\\\/labfocus\\\/wp-content\\\/uploads\\\/sites\\\/8\\\/2020\\\/04\\\/cropped-cropped-tunnus_blogi-01.png\",\"contentUrl\":\"https:\\\/\\\/blogit.lab.fi\\\/labfocus\\\/wp-content\\\/uploads\\\/sites\\\/8\\\/2020\\\/04\\\/cropped-cropped-tunnus_blogi-01.png\",\"width\":1342,\"height\":288,\"caption\":\"LAB Focus\"},\"image\":{\"@id\":\"https:\\\/\\\/blogit.lab.fi\\\/labfocus\\\/#\\\/schema\\\/logo\\\/image\\\/\"},\"sameAs\":[\"https:\\\/\\\/x.com\\\/LABfinland\"]},{\"@type\":\"Person\",\"@id\":\"https:\\\/\\\/blogit.lab.fi\\\/labfocus\\\/#\\\/schema\\\/person\\\/da729f65c4a2fb9fd8f0b1ec7a2ab7d0\",\"name\":\"tainask\",\"image\":{\"@type\":\"ImageObject\",\"inLanguage\":\"fi\",\"@id\":\"https:\\\/\\\/secure.gravatar.com\\\/avatar\\\/4a96427877ef826b76e80c27f60b266128094f522551459346efcf14282febb3?s=96&d=mm&r=g\",\"url\":\"https:\\\/\\\/secure.gravatar.com\\\/avatar\\\/4a96427877ef826b76e80c27f60b266128094f522551459346efcf14282febb3?s=96&d=mm&r=g\",\"contentUrl\":\"https:\\\/\\\/secure.gravatar.com\\\/avatar\\\/4a96427877ef826b76e80c27f60b266128094f522551459346efcf14282febb3?s=96&d=mm&r=g\",\"caption\":\"tainask\"},\"url\":\"https:\\\/\\\/blogit.lab.fi\\\/labfocus\\\/author\\\/tainask\\\/\"}]}<\/script>\n<!-- \/ Yoast SEO plugin. -->","yoast_head_json":{"title":"Visuaalinen malli konkretisoi hybridity\u00f6t\u00e4 - LAB Focus","description":"Hankkeessa luotiin visuaalinen malli auttamaan hybridity\u00f6n j\u00e4sent\u00e4mist\u00e4 ja kehitt\u00e4mist\u00e4. LAB-ammattikorkeakoulu.","robots":{"index":"index","follow":"follow","max-snippet":"max-snippet:-1","max-image-preview":"max-image-preview:large","max-video-preview":"max-video-preview:-1"},"canonical":"https:\/\/blogit.lab.fi\/labfocus\/visuaalinen-malli-konkretisoi-hybridityota\/","og_locale":"fi_FI","og_type":"article","og_title":"Visuaalinen malli konkretisoi hybridity\u00f6t\u00e4 - LAB Focus","og_description":"Hankkeessa luotiin visuaalinen malli auttamaan hybridity\u00f6n j\u00e4sent\u00e4mist\u00e4 ja kehitt\u00e4mist\u00e4. LAB-ammattikorkeakoulu.","og_url":"https:\/\/blogit.lab.fi\/labfocus\/visuaalinen-malli-konkretisoi-hybridityota\/","og_site_name":"LAB Focus","article_published_time":"2023-09-29T06:56:18+00:00","article_modified_time":"2023-09-29T08:09:34+00:00","og_image":[{"width":1280,"height":720,"url":"https:\/\/blogit.lab.fi\/labfocus\/wp-content\/uploads\/sites\/8\/2023\/09\/649_2023_Visuaalinen-malli-konkretisoi-hybridityota_2.png","type":"image\/png"}],"author":"tainask","twitter_card":"summary_large_image","twitter_creator":"@LABfinland","twitter_site":"@LABfinland","twitter_misc":{"Kirjoittanut":"tainask","Arvioitu lukuaika":"4 minuuttia"},"schema":{"@context":"https:\/\/schema.org","@graph":[{"@type":"Article","@id":"https:\/\/blogit.lab.fi\/labfocus\/visuaalinen-malli-konkretisoi-hybridityota\/#article","isPartOf":{"@id":"https:\/\/blogit.lab.fi\/labfocus\/visuaalinen-malli-konkretisoi-hybridityota\/"},"author":{"name":"tainask","@id":"https:\/\/blogit.lab.fi\/labfocus\/#\/schema\/person\/da729f65c4a2fb9fd8f0b1ec7a2ab7d0"},"headline":"Visuaalinen malli konkretisoi hybridity\u00f6t\u00e4","datePublished":"2023-09-29T06:56:18+00:00","dateModified":"2023-09-29T08:09:34+00:00","mainEntityOfPage":{"@id":"https:\/\/blogit.lab.fi\/labfocus\/visuaalinen-malli-konkretisoi-hybridityota\/"},"wordCount":531,"publisher":{"@id":"https:\/\/blogit.lab.fi\/labfocus\/#organization"},"image":{"@id":"https:\/\/blogit.lab.fi\/labfocus\/visuaalinen-malli-konkretisoi-hybridityota\/#primaryimage"},"thumbnailUrl":"https:\/\/blogit.lab.fi\/labfocus\/wp-content\/uploads\/sites\/8\/2023\/09\/649_2023_Visuaalinen-malli-konkretisoi-hybridityota_2.png","keywords":["Artikkeli E1","hybridity\u00f6","hybridity\u00f6n malli","HYMY-hanke"],"articleSection":["Health","Osallisuus, ty\u00f6el\u00e4m\u00e4 ja turvallinen arki"],"inLanguage":"fi"},{"@type":"WebPage","@id":"https:\/\/blogit.lab.fi\/labfocus\/visuaalinen-malli-konkretisoi-hybridityota\/","url":"https:\/\/blogit.lab.fi\/labfocus\/visuaalinen-malli-konkretisoi-hybridityota\/","name":"Visuaalinen malli konkretisoi hybridity\u00f6t\u00e4 - LAB Focus","isPartOf":{"@id":"https:\/\/blogit.lab.fi\/labfocus\/#website"},"primaryImageOfPage":{"@id":"https:\/\/blogit.lab.fi\/labfocus\/visuaalinen-malli-konkretisoi-hybridityota\/#primaryimage"},"image":{"@id":"https:\/\/blogit.lab.fi\/labfocus\/visuaalinen-malli-konkretisoi-hybridityota\/#primaryimage"},"thumbnailUrl":"https:\/\/blogit.lab.fi\/labfocus\/wp-content\/uploads\/sites\/8\/2023\/09\/649_2023_Visuaalinen-malli-konkretisoi-hybridityota_2.png","datePublished":"2023-09-29T06:56:18+00:00","dateModified":"2023-09-29T08:09:34+00:00","description":"Hankkeessa luotiin visuaalinen malli auttamaan hybridity\u00f6n j\u00e4sent\u00e4mist\u00e4 ja kehitt\u00e4mist\u00e4. LAB-ammattikorkeakoulu.","breadcrumb":{"@id":"https:\/\/blogit.lab.fi\/labfocus\/visuaalinen-malli-konkretisoi-hybridityota\/#breadcrumb"},"inLanguage":"fi","potentialAction":[{"@type":"ReadAction","target":["https:\/\/blogit.lab.fi\/labfocus\/visuaalinen-malli-konkretisoi-hybridityota\/"]}]},{"@type":"ImageObject","inLanguage":"fi","@id":"https:\/\/blogit.lab.fi\/labfocus\/visuaalinen-malli-konkretisoi-hybridityota\/#primaryimage","url":"https:\/\/blogit.lab.fi\/labfocus\/wp-content\/uploads\/sites\/8\/2023\/09\/649_2023_Visuaalinen-malli-konkretisoi-hybridityota_2.png","contentUrl":"https:\/\/blogit.lab.fi\/labfocus\/wp-content\/uploads\/sites\/8\/2023\/09\/649_2023_Visuaalinen-malli-konkretisoi-hybridityota_2.png","width":1280,"height":720},{"@type":"BreadcrumbList","@id":"https:\/\/blogit.lab.fi\/labfocus\/visuaalinen-malli-konkretisoi-hybridityota\/#breadcrumb","itemListElement":[{"@type":"ListItem","position":1,"name":"Home","item":"https:\/\/blogit.lab.fi\/labfocus\/"},{"@type":"ListItem","position":2,"name":"Visuaalinen malli konkretisoi hybridity\u00f6t\u00e4"}]},{"@type":"WebSite","@id":"https:\/\/blogit.lab.fi\/labfocus\/#website","url":"https:\/\/blogit.lab.fi\/labfocus\/","name":"LAB Focus","description":"Focus Area blog | LAB University of Applied Sciences","publisher":{"@id":"https:\/\/blogit.lab.fi\/labfocus\/#organization"},"potentialAction":[{"@type":"SearchAction","target":{"@type":"EntryPoint","urlTemplate":"https:\/\/blogit.lab.fi\/labfocus\/?s={search_term_string}"},"query-input":{"@type":"PropertyValueSpecification","valueRequired":true,"valueName":"search_term_string"}}],"inLanguage":"fi"},{"@type":"Organization","@id":"https:\/\/blogit.lab.fi\/labfocus\/#organization","name":"LAB Focus","url":"https:\/\/blogit.lab.fi\/labfocus\/","logo":{"@type":"ImageObject","inLanguage":"fi","@id":"https:\/\/blogit.lab.fi\/labfocus\/#\/schema\/logo\/image\/","url":"https:\/\/blogit.lab.fi\/labfocus\/wp-content\/uploads\/sites\/8\/2020\/04\/cropped-cropped-tunnus_blogi-01.png","contentUrl":"https:\/\/blogit.lab.fi\/labfocus\/wp-content\/uploads\/sites\/8\/2020\/04\/cropped-cropped-tunnus_blogi-01.png","width":1342,"height":288,"caption":"LAB Focus"},"image":{"@id":"https:\/\/blogit.lab.fi\/labfocus\/#\/schema\/logo\/image\/"},"sameAs":["https:\/\/x.com\/LABfinland"]},{"@type":"Person","@id":"https:\/\/blogit.lab.fi\/labfocus\/#\/schema\/person\/da729f65c4a2fb9fd8f0b1ec7a2ab7d0","name":"tainask","image":{"@type":"ImageObject","inLanguage":"fi","@id":"https:\/\/secure.gravatar.com\/avatar\/4a96427877ef826b76e80c27f60b266128094f522551459346efcf14282febb3?s=96&d=mm&r=g","url":"https:\/\/secure.gravatar.com\/avatar\/4a96427877ef826b76e80c27f60b266128094f522551459346efcf14282febb3?s=96&d=mm&r=g","contentUrl":"https:\/\/secure.gravatar.com\/avatar\/4a96427877ef826b76e80c27f60b266128094f522551459346efcf14282febb3?s=96&d=mm&r=g","caption":"tainask"},"url":"https:\/\/blogit.lab.fi\/labfocus\/author\/tainask\/"}]}},"_links":{"self":[{"href":"https:\/\/blogit.lab.fi\/labfocus\/wp-json\/wp\/v2\/posts\/15112","targetHints":{"allow":["GET"]}}],"collection":[{"href":"https:\/\/blogit.lab.fi\/labfocus\/wp-json\/wp\/v2\/posts"}],"about":[{"href":"https:\/\/blogit.lab.fi\/labfocus\/wp-json\/wp\/v2\/types\/post"}],"author":[{"embeddable":true,"href":"https:\/\/blogit.lab.fi\/labfocus\/wp-json\/wp\/v2\/users\/17"}],"replies":[{"embeddable":true,"href":"https:\/\/blogit.lab.fi\/labfocus\/wp-json\/wp\/v2\/comments?post=15112"}],"version-history":[{"count":3,"href":"https:\/\/blogit.lab.fi\/labfocus\/wp-json\/wp\/v2\/posts\/15112\/revisions"}],"predecessor-version":[{"id":15127,"href":"https:\/\/blogit.lab.fi\/labfocus\/wp-json\/wp\/v2\/posts\/15112\/revisions\/15127"}],"wp:featuredmedia":[{"embeddable":true,"href":"https:\/\/blogit.lab.fi\/labfocus\/wp-json\/wp\/v2\/media\/15115"}],"wp:attachment":[{"href":"https:\/\/blogit.lab.fi\/labfocus\/wp-json\/wp\/v2\/media?parent=15112"}],"wp:term":[{"taxonomy":"category","embeddable":true,"href":"https:\/\/blogit.lab.fi\/labfocus\/wp-json\/wp\/v2\/categories?post=15112"},{"taxonomy":"post_tag","embeddable":true,"href":"https:\/\/blogit.lab.fi\/labfocus\/wp-json\/wp\/v2\/tags?post=15112"}],"curies":[{"name":"wp","href":"https:\/\/api.w.org\/{rel}","templated":true}]}}