{"id":15252,"date":"2023-10-06T10:31:57","date_gmt":"2023-10-06T07:31:57","guid":{"rendered":"https:\/\/blogit.lab.fi\/labfocus\/?p=15252"},"modified":"2023-10-06T10:31:59","modified_gmt":"2023-10-06T07:31:59","slug":"kuulumisia-iemdc-2023-konferenssista","status":"publish","type":"post","link":"https:\/\/blogit.lab.fi\/labfocus\/kuulumisia-iemdc-2023-konferenssista\/","title":{"rendered":"Kuulumisia IEMDC 2023 -konferenssista"},"content":{"rendered":"\n<p>Toukokuussa 2023 San Franciscossa Yhdysvalloissa j\u00e4rjestetty International Electric Machines and Drives Conference 2023 (IEMDC 2023) -konferenssi houkutteli paikalle noin 400 s\u00e4hk\u00f6koneiden asiantuntijaa ymp\u00e4ri maailmaa. Konferenssi tarjosi foorumin tutkijoille ja alan ammattilaisille esitell\u00e4 tuoreimpia tutkimustuloksiaan ja keskustella s\u00e4hk\u00f6koneiden kehityksen ajankohtaisista teemoista. Yhteens\u00e4 noin 250 esityst\u00e4 kattoi laajan kirjon aiheita ja tarjosi monipuolisen katsauksen s\u00e4hk\u00f6koneiden nykytilanteeseen ja tulevaisuuden suuntauksiin.<\/p>\n\n\n\n<p>Konferenssin avauspuheenvuoroissa korostettiin erityisesti s\u00e4hk\u00f6isten liikennev\u00e4lineiden kasvavaa tarvetta. Tulevaisuuden trendin\u00e4 n\u00e4hd\u00e4\u00e4n vahva pyrkimys s\u00e4hk\u00f6ist\u00e4\u00e4 erilaisia liikkumismuotoja kest\u00e4v\u00e4n kehityksen periaatteiden mukaisesti. Puheenvuoroissa esiteltiin innostavia esimerkkej\u00e4, kuten ZeroAvianin ja Joby Aviationin saavutuksia s\u00e4hk\u00f6isten lentokoneiden kehityksess\u00e4. Molemmat yritykset ovat sitoutuneet edist\u00e4m\u00e4\u00e4n s\u00e4hk\u00f6ist\u00e4 lentoliikennett\u00e4 pitk\u00e4ll\u00e4 t\u00e4ht\u00e4imell\u00e4, jotta ilmailuala voi kehitty\u00e4 kest\u00e4v\u00e4sti ja vastata ymp\u00e4rist\u00f6haasteisiin.<\/p>\n\n\n\n<p>Konferenssiesityksiss\u00e4 painotettiin perinteisen s\u00e4hk\u00f6koneen optimoinnin ja suunnittelun lis\u00e4ksi my\u00f6s uusia suuntauksia tutkimuksessa. Erityinen kiinnostus kohdistuu s\u00e4hk\u00f6koneisiin, jotka eiv\u00e4t tarvitse harvinaisia maametalleja kestomagneettien valmistuksessa, mill\u00e4 pyrit\u00e4\u00e4n v\u00e4hent\u00e4m\u00e4\u00e4n riippuvuutta maista, jotka ovat keskittyneet kyseisten materiaalien tuottamiseen. Esitetyiss\u00e4 tutkimuksissa korostettiin my\u00f6s aineen lis\u00e4\u00e4v\u00e4n valmistuksen merkityst\u00e4 s\u00e4hk\u00f6koneiden eri komponenteissa. Teknologian kehittyminen on mahdollistanut uusien menetelmien k\u00e4yt\u00f6n, mik\u00e4 puolestaan parantaa s\u00e4hk\u00f6koneiden k\u00e4ytett\u00e4vyytt\u00e4 ja kest\u00e4vyytt\u00e4 erilaisissa sovelluksissa.<\/p>\n\n\n\n<h2 class=\"wp-block-heading\">Oman tutkimuksen esittely konferenssissa<\/h2>\n\n\n\n<p>Konferenssiesitykseni keskittyi aksiaalisesti laminoidun synkronireluktanssikoneen (ALASynRM) roottorirakenteeseen mekaanisista ja s\u00e4hk\u00f6teknisist\u00e4 n\u00e4k\u00f6kulmista (Scherman ym. 2023). ALASynRM-roottorirakenne on suunniteltu toimimaan ilman kestomagneetteja, mik\u00e4 helpottaa sen valmistusta verrattuna perinteiseen kuparih\u00e4kkirakenteiseen induktiokoneen roottoriin. Esityksess\u00e4ni esittelin tutkimustuloksia, jotka osoittavat, ett\u00e4 ALASynRM-roottorirakenne k\u00e4ytt\u00e4ytyy mekaanisesti odotetulla tavalla ja ett\u00e4 sen s\u00e4hk\u00f6magneettiset ominaisuudet vastaavat hyvin simulaatiomalleja.<\/p>\n\n\n\n<figure class=\"wp-block-image size-large\"><img loading=\"lazy\" decoding=\"async\" width=\"1024\" height=\"512\" src=\"https:\/\/blogit.lab.fi\/labfocus\/wp-content\/uploads\/sites\/8\/2023\/10\/636_2023_Kuulumisia-IEMDC2023-konferenssista_Kuva1-1024x512.jpg\" alt=\"Konferenssiesitys heijastettuna valkokankaalle esiintyj\u00e4n viereen, etualalla yleis\u00f6\u00e4.\" class=\"wp-image-15253\" srcset=\"https:\/\/blogit.lab.fi\/labfocus\/wp-content\/uploads\/sites\/8\/2023\/10\/636_2023_Kuulumisia-IEMDC2023-konferenssista_Kuva1-1024x512.jpg 1024w, https:\/\/blogit.lab.fi\/labfocus\/wp-content\/uploads\/sites\/8\/2023\/10\/636_2023_Kuulumisia-IEMDC2023-konferenssista_Kuva1-300x150.jpg 300w, https:\/\/blogit.lab.fi\/labfocus\/wp-content\/uploads\/sites\/8\/2023\/10\/636_2023_Kuulumisia-IEMDC2023-konferenssista_Kuva1-768x384.jpg 768w, https:\/\/blogit.lab.fi\/labfocus\/wp-content\/uploads\/sites\/8\/2023\/10\/636_2023_Kuulumisia-IEMDC2023-konferenssista_Kuva1-570x285.jpg 570w, https:\/\/blogit.lab.fi\/labfocus\/wp-content\/uploads\/sites\/8\/2023\/10\/636_2023_Kuulumisia-IEMDC2023-konferenssista_Kuva1.jpg 1280w\" sizes=\"auto, (max-width: 1024px) 100vw, 1024px\" \/><figcaption class=\"wp-element-caption\">Kuva 1. Konferenssiesitys (Kuva: Emil Kurvinen)<\/figcaption><\/figure>\n\n\n\n<p>Tutkimuksemme on t\u00e4h\u00e4n menness\u00e4 osoittanut, ett\u00e4 valmistamamme ALASynRM-roottorirakenne on mekaanisesti ja s\u00e4hk\u00f6teknisesti sopiva suurnopeusmoottoreiden roottoreiksi. Tutkimusta on tarkoitus jatkaa tutkimuksilla, jotka t\u00e4ydent\u00e4v\u00e4t ja jatkavat jo tehty\u00e4 tutkimusta kyseisille roottoreille. Tutkimusty\u00f6ni liittyy osallistumiseeni LAB-D-ohjelmaan, joka tarjoaa arvokkaan mahdollisuuden ty\u00f6nantajan tukemana valmistella omaa v\u00e4it\u00f6skirjaa kiinnostavasta aiheesta.<\/p>\n\n\n\n<p>Konferenssi tarjosi ainutlaatuisen ymp\u00e4rist\u00f6n alan ammattilaisten kohtaamiseen, ajatusten vaihtoon ja uusien tutkimustulosten esittelyyn. Tapahtuman monipuolinen ohjelma ja korkeatasoiset esitykset heijastivat s\u00e4hk\u00f6koneiden alalla tapahtuvaa jatkuvaa kehityst\u00e4 ja innovaatiota.<\/p>\n\n\n\n<div class=\"wp-block-group has-background\" style=\"background-color:#b3edfb\"><div class=\"wp-block-group__inner-container is-layout-constrained wp-block-group-is-layout-constrained\">\n<p>Kirjoittaja<\/p>\n\n\n\n<p><strong>Eero Scherman<\/strong> ty\u00f6skentelee LAB-ammattikorkeakoulussa konetekniikan lehtorina ja valmistelee v\u00e4it\u00f6skirjaansa LAB-D-ohjelmassa.<\/p>\n<\/div><\/div>\n\n\n\n<h3 class=\"wp-block-heading\">L\u00e4hteet<\/h3>\n\n\n\n<p>Scherman E., Credo A., Shehzad K., Petrov I., Kurvinen E., Sopanen J. &amp; Pyrh\u00f6nen J. 2023. Different Rotors of an Axially-Laminated-Rotor Synchronous Reluctance Machine \u2013 assessment of effects of materials and manufacturing methods. 2023 IEEE International Electric Machines &amp; Drives Conference (IEMDC): Conference Proceedings. San Fransisco, USA. 15\u201318 May 2023. 1\u20137. Viitattu 8.9.2023. Saatavissa doi.org\/10.1109\/IEMDC55163.2023.10238976 <\/p>\n","protected":false},"excerpt":{"rendered":"<p>Toukokuussa 2023 San Franciscossa Yhdysvalloissa j\u00e4rjestetty International Electric Machines and Drives Conference 2023 (IEMDC 2023) -konferenssi houkutteli paikalle noin 400 s\u00e4hk\u00f6koneiden asiantuntijaa ymp\u00e4ri maailmaa. Konferenssi tarjosi foorumin tutkijoille ja alan ammattilaisille esitell\u00e4 tuoreimpia tutkimustuloksiaan ja keskustella s\u00e4hk\u00f6koneiden kehityksen ajankohtaisista teemoista. Yhteens\u00e4 noin 250 esityst\u00e4 kattoi laajan kirjon aiheita ja tarjosi monipuolisen katsauksen s\u00e4hk\u00f6koneiden nykytilanteeseen ja [&hellip;]<\/p>\n","protected":false},"author":23,"featured_media":15253,"comment_status":"closed","ping_status":"open","sticky":false,"template":"","format":"standard","meta":{"footnotes":""},"categories":[23,7501],"tags":[29,1437,7637,7639],"class_list":{"0":"post-15252","1":"post","2":"type-post","3":"status-publish","4":"format-standard","5":"has-post-thumbnail","7":"category-circular-economy_fi","8":"category-hiilineutraali-yhdyskunta","9":"tag-artikkeli-e1","10":"tag-konferenssi","11":"tag-lab-d-ohjelma","12":"tag-sahkokoneet","13":"czr-hentry"},"yoast_head":"<!-- This site is optimized with the Yoast SEO plugin v27.5 - https:\/\/yoast.com\/product\/yoast-seo-wordpress\/ -->\n<title>Kuulumisia IEMDC 2023 -konferenssista - LAB Focus<\/title>\n<meta name=\"robots\" content=\"index, follow, max-snippet:-1, max-image-preview:large, max-video-preview:-1\" \/>\n<link rel=\"canonical\" href=\"https:\/\/blogit.lab.fi\/labfocus\/kuulumisia-iemdc-2023-konferenssista\/\" \/>\n<meta property=\"og:locale\" content=\"fi_FI\" \/>\n<meta property=\"og:type\" content=\"article\" \/>\n<meta property=\"og:title\" content=\"Kuulumisia IEMDC 2023 -konferenssista - LAB Focus\" \/>\n<meta property=\"og:description\" content=\"Toukokuussa 2023 San Franciscossa Yhdysvalloissa j\u00e4rjestetty International Electric Machines and Drives Conference 2023 (IEMDC 2023) -konferenssi houkutteli paikalle noin 400 s\u00e4hk\u00f6koneiden asiantuntijaa ymp\u00e4ri maailmaa. Konferenssi tarjosi foorumin tutkijoille ja alan ammattilaisille esitell\u00e4 tuoreimpia tutkimustuloksiaan ja keskustella s\u00e4hk\u00f6koneiden kehityksen ajankohtaisista teemoista. Yhteens\u00e4 noin 250 esityst\u00e4 kattoi laajan kirjon aiheita ja tarjosi monipuolisen katsauksen s\u00e4hk\u00f6koneiden nykytilanteeseen ja [&hellip;]\" \/>\n<meta property=\"og:url\" content=\"https:\/\/blogit.lab.fi\/labfocus\/kuulumisia-iemdc-2023-konferenssista\/\" \/>\n<meta property=\"og:site_name\" content=\"LAB Focus\" \/>\n<meta property=\"article:published_time\" content=\"2023-10-06T07:31:57+00:00\" \/>\n<meta property=\"article:modified_time\" content=\"2023-10-06T07:31:59+00:00\" \/>\n<meta property=\"og:image\" content=\"https:\/\/blogit.lab.fi\/labfocus\/wp-content\/uploads\/sites\/8\/2023\/10\/636_2023_Kuulumisia-IEMDC2023-konferenssista_Kuva1.jpg\" \/>\n\t<meta property=\"og:image:width\" content=\"1280\" \/>\n\t<meta property=\"og:image:height\" content=\"640\" \/>\n\t<meta property=\"og:image:type\" content=\"image\/jpeg\" \/>\n<meta name=\"author\" content=\"pvitie\" \/>\n<meta name=\"twitter:card\" content=\"summary_large_image\" \/>\n<meta name=\"twitter:creator\" content=\"@LABfinland\" \/>\n<meta name=\"twitter:site\" content=\"@LABfinland\" \/>\n<meta name=\"twitter:label1\" content=\"Kirjoittanut\" \/>\n\t<meta name=\"twitter:data1\" content=\"pvitie\" \/>\n\t<meta name=\"twitter:label2\" content=\"Arvioitu lukuaika\" \/>\n\t<meta name=\"twitter:data2\" content=\"3 minuuttia\" \/>\n<script type=\"application\/ld+json\" class=\"yoast-schema-graph\">{\"@context\":\"https:\\\/\\\/schema.org\",\"@graph\":[{\"@type\":\"Article\",\"@id\":\"https:\\\/\\\/blogit.lab.fi\\\/labfocus\\\/kuulumisia-iemdc-2023-konferenssista\\\/#article\",\"isPartOf\":{\"@id\":\"https:\\\/\\\/blogit.lab.fi\\\/labfocus\\\/kuulumisia-iemdc-2023-konferenssista\\\/\"},\"author\":{\"name\":\"pvitie\",\"@id\":\"https:\\\/\\\/blogit.lab.fi\\\/labfocus\\\/#\\\/schema\\\/person\\\/a88d96323a2687eb54cce42cea788799\"},\"headline\":\"Kuulumisia IEMDC 2023 -konferenssista\",\"datePublished\":\"2023-10-06T07:31:57+00:00\",\"dateModified\":\"2023-10-06T07:31:59+00:00\",\"mainEntityOfPage\":{\"@id\":\"https:\\\/\\\/blogit.lab.fi\\\/labfocus\\\/kuulumisia-iemdc-2023-konferenssista\\\/\"},\"wordCount\":438,\"publisher\":{\"@id\":\"https:\\\/\\\/blogit.lab.fi\\\/labfocus\\\/#organization\"},\"image\":{\"@id\":\"https:\\\/\\\/blogit.lab.fi\\\/labfocus\\\/kuulumisia-iemdc-2023-konferenssista\\\/#primaryimage\"},\"thumbnailUrl\":\"https:\\\/\\\/blogit.lab.fi\\\/labfocus\\\/wp-content\\\/uploads\\\/sites\\\/8\\\/2023\\\/10\\\/636_2023_Kuulumisia-IEMDC2023-konferenssista_Kuva1.jpg\",\"keywords\":[\"Artikkeli E1\",\"konferenssi\",\"LAB-D-ohjelma\",\"s\u00e4hk\u00f6koneet\"],\"articleSection\":[\"Circular Economy\",\"Hiilineutraali yhdyskunta\"],\"inLanguage\":\"fi\"},{\"@type\":\"WebPage\",\"@id\":\"https:\\\/\\\/blogit.lab.fi\\\/labfocus\\\/kuulumisia-iemdc-2023-konferenssista\\\/\",\"url\":\"https:\\\/\\\/blogit.lab.fi\\\/labfocus\\\/kuulumisia-iemdc-2023-konferenssista\\\/\",\"name\":\"Kuulumisia IEMDC 2023 -konferenssista - LAB Focus\",\"isPartOf\":{\"@id\":\"https:\\\/\\\/blogit.lab.fi\\\/labfocus\\\/#website\"},\"primaryImageOfPage\":{\"@id\":\"https:\\\/\\\/blogit.lab.fi\\\/labfocus\\\/kuulumisia-iemdc-2023-konferenssista\\\/#primaryimage\"},\"image\":{\"@id\":\"https:\\\/\\\/blogit.lab.fi\\\/labfocus\\\/kuulumisia-iemdc-2023-konferenssista\\\/#primaryimage\"},\"thumbnailUrl\":\"https:\\\/\\\/blogit.lab.fi\\\/labfocus\\\/wp-content\\\/uploads\\\/sites\\\/8\\\/2023\\\/10\\\/636_2023_Kuulumisia-IEMDC2023-konferenssista_Kuva1.jpg\",\"datePublished\":\"2023-10-06T07:31:57+00:00\",\"dateModified\":\"2023-10-06T07:31:59+00:00\",\"breadcrumb\":{\"@id\":\"https:\\\/\\\/blogit.lab.fi\\\/labfocus\\\/kuulumisia-iemdc-2023-konferenssista\\\/#breadcrumb\"},\"inLanguage\":\"fi\",\"potentialAction\":[{\"@type\":\"ReadAction\",\"target\":[\"https:\\\/\\\/blogit.lab.fi\\\/labfocus\\\/kuulumisia-iemdc-2023-konferenssista\\\/\"]}]},{\"@type\":\"ImageObject\",\"inLanguage\":\"fi\",\"@id\":\"https:\\\/\\\/blogit.lab.fi\\\/labfocus\\\/kuulumisia-iemdc-2023-konferenssista\\\/#primaryimage\",\"url\":\"https:\\\/\\\/blogit.lab.fi\\\/labfocus\\\/wp-content\\\/uploads\\\/sites\\\/8\\\/2023\\\/10\\\/636_2023_Kuulumisia-IEMDC2023-konferenssista_Kuva1.jpg\",\"contentUrl\":\"https:\\\/\\\/blogit.lab.fi\\\/labfocus\\\/wp-content\\\/uploads\\\/sites\\\/8\\\/2023\\\/10\\\/636_2023_Kuulumisia-IEMDC2023-konferenssista_Kuva1.jpg\",\"width\":1280,\"height\":640},{\"@type\":\"BreadcrumbList\",\"@id\":\"https:\\\/\\\/blogit.lab.fi\\\/labfocus\\\/kuulumisia-iemdc-2023-konferenssista\\\/#breadcrumb\",\"itemListElement\":[{\"@type\":\"ListItem\",\"position\":1,\"name\":\"Home\",\"item\":\"https:\\\/\\\/blogit.lab.fi\\\/labfocus\\\/\"},{\"@type\":\"ListItem\",\"position\":2,\"name\":\"Kuulumisia IEMDC 2023 -konferenssista\"}]},{\"@type\":\"WebSite\",\"@id\":\"https:\\\/\\\/blogit.lab.fi\\\/labfocus\\\/#website\",\"url\":\"https:\\\/\\\/blogit.lab.fi\\\/labfocus\\\/\",\"name\":\"LAB Focus\",\"description\":\"Focus Area blog | LAB University of Applied Sciences\",\"publisher\":{\"@id\":\"https:\\\/\\\/blogit.lab.fi\\\/labfocus\\\/#organization\"},\"potentialAction\":[{\"@type\":\"SearchAction\",\"target\":{\"@type\":\"EntryPoint\",\"urlTemplate\":\"https:\\\/\\\/blogit.lab.fi\\\/labfocus\\\/?s={search_term_string}\"},\"query-input\":{\"@type\":\"PropertyValueSpecification\",\"valueRequired\":true,\"valueName\":\"search_term_string\"}}],\"inLanguage\":\"fi\"},{\"@type\":\"Organization\",\"@id\":\"https:\\\/\\\/blogit.lab.fi\\\/labfocus\\\/#organization\",\"name\":\"LAB Focus\",\"url\":\"https:\\\/\\\/blogit.lab.fi\\\/labfocus\\\/\",\"logo\":{\"@type\":\"ImageObject\",\"inLanguage\":\"fi\",\"@id\":\"https:\\\/\\\/blogit.lab.fi\\\/labfocus\\\/#\\\/schema\\\/logo\\\/image\\\/\",\"url\":\"https:\\\/\\\/blogit.lab.fi\\\/labfocus\\\/wp-content\\\/uploads\\\/sites\\\/8\\\/2020\\\/04\\\/cropped-cropped-tunnus_blogi-01.png\",\"contentUrl\":\"https:\\\/\\\/blogit.lab.fi\\\/labfocus\\\/wp-content\\\/uploads\\\/sites\\\/8\\\/2020\\\/04\\\/cropped-cropped-tunnus_blogi-01.png\",\"width\":1342,\"height\":288,\"caption\":\"LAB Focus\"},\"image\":{\"@id\":\"https:\\\/\\\/blogit.lab.fi\\\/labfocus\\\/#\\\/schema\\\/logo\\\/image\\\/\"},\"sameAs\":[\"https:\\\/\\\/x.com\\\/LABfinland\"]},{\"@type\":\"Person\",\"@id\":\"https:\\\/\\\/blogit.lab.fi\\\/labfocus\\\/#\\\/schema\\\/person\\\/a88d96323a2687eb54cce42cea788799\",\"name\":\"pvitie\",\"image\":{\"@type\":\"ImageObject\",\"inLanguage\":\"fi\",\"@id\":\"https:\\\/\\\/secure.gravatar.com\\\/avatar\\\/c6efb3d583817a7d4044d9c74e15ee62bfc7174360a560f1ad3a04099475664a?s=96&d=mm&r=g\",\"url\":\"https:\\\/\\\/secure.gravatar.com\\\/avatar\\\/c6efb3d583817a7d4044d9c74e15ee62bfc7174360a560f1ad3a04099475664a?s=96&d=mm&r=g\",\"contentUrl\":\"https:\\\/\\\/secure.gravatar.com\\\/avatar\\\/c6efb3d583817a7d4044d9c74e15ee62bfc7174360a560f1ad3a04099475664a?s=96&d=mm&r=g\",\"caption\":\"pvitie\"},\"url\":\"https:\\\/\\\/blogit.lab.fi\\\/labfocus\\\/author\\\/pvitie\\\/\"}]}<\/script>\n<!-- \/ Yoast SEO plugin. -->","yoast_head_json":{"title":"Kuulumisia IEMDC 2023 -konferenssista - LAB Focus","robots":{"index":"index","follow":"follow","max-snippet":"max-snippet:-1","max-image-preview":"max-image-preview:large","max-video-preview":"max-video-preview:-1"},"canonical":"https:\/\/blogit.lab.fi\/labfocus\/kuulumisia-iemdc-2023-konferenssista\/","og_locale":"fi_FI","og_type":"article","og_title":"Kuulumisia IEMDC 2023 -konferenssista - LAB Focus","og_description":"Toukokuussa 2023 San Franciscossa Yhdysvalloissa j\u00e4rjestetty International Electric Machines and Drives Conference 2023 (IEMDC 2023) -konferenssi houkutteli paikalle noin 400 s\u00e4hk\u00f6koneiden asiantuntijaa ymp\u00e4ri maailmaa. Konferenssi tarjosi foorumin tutkijoille ja alan ammattilaisille esitell\u00e4 tuoreimpia tutkimustuloksiaan ja keskustella s\u00e4hk\u00f6koneiden kehityksen ajankohtaisista teemoista. Yhteens\u00e4 noin 250 esityst\u00e4 kattoi laajan kirjon aiheita ja tarjosi monipuolisen katsauksen s\u00e4hk\u00f6koneiden nykytilanteeseen ja [&hellip;]","og_url":"https:\/\/blogit.lab.fi\/labfocus\/kuulumisia-iemdc-2023-konferenssista\/","og_site_name":"LAB Focus","article_published_time":"2023-10-06T07:31:57+00:00","article_modified_time":"2023-10-06T07:31:59+00:00","og_image":[{"width":1280,"height":640,"url":"https:\/\/blogit.lab.fi\/labfocus\/wp-content\/uploads\/sites\/8\/2023\/10\/636_2023_Kuulumisia-IEMDC2023-konferenssista_Kuva1.jpg","type":"image\/jpeg"}],"author":"pvitie","twitter_card":"summary_large_image","twitter_creator":"@LABfinland","twitter_site":"@LABfinland","twitter_misc":{"Kirjoittanut":"pvitie","Arvioitu lukuaika":"3 minuuttia"},"schema":{"@context":"https:\/\/schema.org","@graph":[{"@type":"Article","@id":"https:\/\/blogit.lab.fi\/labfocus\/kuulumisia-iemdc-2023-konferenssista\/#article","isPartOf":{"@id":"https:\/\/blogit.lab.fi\/labfocus\/kuulumisia-iemdc-2023-konferenssista\/"},"author":{"name":"pvitie","@id":"https:\/\/blogit.lab.fi\/labfocus\/#\/schema\/person\/a88d96323a2687eb54cce42cea788799"},"headline":"Kuulumisia IEMDC 2023 -konferenssista","datePublished":"2023-10-06T07:31:57+00:00","dateModified":"2023-10-06T07:31:59+00:00","mainEntityOfPage":{"@id":"https:\/\/blogit.lab.fi\/labfocus\/kuulumisia-iemdc-2023-konferenssista\/"},"wordCount":438,"publisher":{"@id":"https:\/\/blogit.lab.fi\/labfocus\/#organization"},"image":{"@id":"https:\/\/blogit.lab.fi\/labfocus\/kuulumisia-iemdc-2023-konferenssista\/#primaryimage"},"thumbnailUrl":"https:\/\/blogit.lab.fi\/labfocus\/wp-content\/uploads\/sites\/8\/2023\/10\/636_2023_Kuulumisia-IEMDC2023-konferenssista_Kuva1.jpg","keywords":["Artikkeli E1","konferenssi","LAB-D-ohjelma","s\u00e4hk\u00f6koneet"],"articleSection":["Circular Economy","Hiilineutraali yhdyskunta"],"inLanguage":"fi"},{"@type":"WebPage","@id":"https:\/\/blogit.lab.fi\/labfocus\/kuulumisia-iemdc-2023-konferenssista\/","url":"https:\/\/blogit.lab.fi\/labfocus\/kuulumisia-iemdc-2023-konferenssista\/","name":"Kuulumisia IEMDC 2023 -konferenssista - LAB Focus","isPartOf":{"@id":"https:\/\/blogit.lab.fi\/labfocus\/#website"},"primaryImageOfPage":{"@id":"https:\/\/blogit.lab.fi\/labfocus\/kuulumisia-iemdc-2023-konferenssista\/#primaryimage"},"image":{"@id":"https:\/\/blogit.lab.fi\/labfocus\/kuulumisia-iemdc-2023-konferenssista\/#primaryimage"},"thumbnailUrl":"https:\/\/blogit.lab.fi\/labfocus\/wp-content\/uploads\/sites\/8\/2023\/10\/636_2023_Kuulumisia-IEMDC2023-konferenssista_Kuva1.jpg","datePublished":"2023-10-06T07:31:57+00:00","dateModified":"2023-10-06T07:31:59+00:00","breadcrumb":{"@id":"https:\/\/blogit.lab.fi\/labfocus\/kuulumisia-iemdc-2023-konferenssista\/#breadcrumb"},"inLanguage":"fi","potentialAction":[{"@type":"ReadAction","target":["https:\/\/blogit.lab.fi\/labfocus\/kuulumisia-iemdc-2023-konferenssista\/"]}]},{"@type":"ImageObject","inLanguage":"fi","@id":"https:\/\/blogit.lab.fi\/labfocus\/kuulumisia-iemdc-2023-konferenssista\/#primaryimage","url":"https:\/\/blogit.lab.fi\/labfocus\/wp-content\/uploads\/sites\/8\/2023\/10\/636_2023_Kuulumisia-IEMDC2023-konferenssista_Kuva1.jpg","contentUrl":"https:\/\/blogit.lab.fi\/labfocus\/wp-content\/uploads\/sites\/8\/2023\/10\/636_2023_Kuulumisia-IEMDC2023-konferenssista_Kuva1.jpg","width":1280,"height":640},{"@type":"BreadcrumbList","@id":"https:\/\/blogit.lab.fi\/labfocus\/kuulumisia-iemdc-2023-konferenssista\/#breadcrumb","itemListElement":[{"@type":"ListItem","position":1,"name":"Home","item":"https:\/\/blogit.lab.fi\/labfocus\/"},{"@type":"ListItem","position":2,"name":"Kuulumisia IEMDC 2023 -konferenssista"}]},{"@type":"WebSite","@id":"https:\/\/blogit.lab.fi\/labfocus\/#website","url":"https:\/\/blogit.lab.fi\/labfocus\/","name":"LAB Focus","description":"Focus Area blog | LAB University of Applied Sciences","publisher":{"@id":"https:\/\/blogit.lab.fi\/labfocus\/#organization"},"potentialAction":[{"@type":"SearchAction","target":{"@type":"EntryPoint","urlTemplate":"https:\/\/blogit.lab.fi\/labfocus\/?s={search_term_string}"},"query-input":{"@type":"PropertyValueSpecification","valueRequired":true,"valueName":"search_term_string"}}],"inLanguage":"fi"},{"@type":"Organization","@id":"https:\/\/blogit.lab.fi\/labfocus\/#organization","name":"LAB Focus","url":"https:\/\/blogit.lab.fi\/labfocus\/","logo":{"@type":"ImageObject","inLanguage":"fi","@id":"https:\/\/blogit.lab.fi\/labfocus\/#\/schema\/logo\/image\/","url":"https:\/\/blogit.lab.fi\/labfocus\/wp-content\/uploads\/sites\/8\/2020\/04\/cropped-cropped-tunnus_blogi-01.png","contentUrl":"https:\/\/blogit.lab.fi\/labfocus\/wp-content\/uploads\/sites\/8\/2020\/04\/cropped-cropped-tunnus_blogi-01.png","width":1342,"height":288,"caption":"LAB Focus"},"image":{"@id":"https:\/\/blogit.lab.fi\/labfocus\/#\/schema\/logo\/image\/"},"sameAs":["https:\/\/x.com\/LABfinland"]},{"@type":"Person","@id":"https:\/\/blogit.lab.fi\/labfocus\/#\/schema\/person\/a88d96323a2687eb54cce42cea788799","name":"pvitie","image":{"@type":"ImageObject","inLanguage":"fi","@id":"https:\/\/secure.gravatar.com\/avatar\/c6efb3d583817a7d4044d9c74e15ee62bfc7174360a560f1ad3a04099475664a?s=96&d=mm&r=g","url":"https:\/\/secure.gravatar.com\/avatar\/c6efb3d583817a7d4044d9c74e15ee62bfc7174360a560f1ad3a04099475664a?s=96&d=mm&r=g","contentUrl":"https:\/\/secure.gravatar.com\/avatar\/c6efb3d583817a7d4044d9c74e15ee62bfc7174360a560f1ad3a04099475664a?s=96&d=mm&r=g","caption":"pvitie"},"url":"https:\/\/blogit.lab.fi\/labfocus\/author\/pvitie\/"}]}},"_links":{"self":[{"href":"https:\/\/blogit.lab.fi\/labfocus\/wp-json\/wp\/v2\/posts\/15252","targetHints":{"allow":["GET"]}}],"collection":[{"href":"https:\/\/blogit.lab.fi\/labfocus\/wp-json\/wp\/v2\/posts"}],"about":[{"href":"https:\/\/blogit.lab.fi\/labfocus\/wp-json\/wp\/v2\/types\/post"}],"author":[{"embeddable":true,"href":"https:\/\/blogit.lab.fi\/labfocus\/wp-json\/wp\/v2\/users\/23"}],"replies":[{"embeddable":true,"href":"https:\/\/blogit.lab.fi\/labfocus\/wp-json\/wp\/v2\/comments?post=15252"}],"version-history":[{"count":2,"href":"https:\/\/blogit.lab.fi\/labfocus\/wp-json\/wp\/v2\/posts\/15252\/revisions"}],"predecessor-version":[{"id":15255,"href":"https:\/\/blogit.lab.fi\/labfocus\/wp-json\/wp\/v2\/posts\/15252\/revisions\/15255"}],"wp:featuredmedia":[{"embeddable":true,"href":"https:\/\/blogit.lab.fi\/labfocus\/wp-json\/wp\/v2\/media\/15253"}],"wp:attachment":[{"href":"https:\/\/blogit.lab.fi\/labfocus\/wp-json\/wp\/v2\/media?parent=15252"}],"wp:term":[{"taxonomy":"category","embeddable":true,"href":"https:\/\/blogit.lab.fi\/labfocus\/wp-json\/wp\/v2\/categories?post=15252"},{"taxonomy":"post_tag","embeddable":true,"href":"https:\/\/blogit.lab.fi\/labfocus\/wp-json\/wp\/v2\/tags?post=15252"}],"curies":[{"name":"wp","href":"https:\/\/api.w.org\/{rel}","templated":true}]}}