{"id":15416,"date":"2023-10-18T08:30:34","date_gmt":"2023-10-18T05:30:34","guid":{"rendered":"https:\/\/blogit.lab.fi\/labfocus\/?p=15416"},"modified":"2023-10-18T08:30:35","modified_gmt":"2023-10-18T05:30:35","slug":"innovatiiviset-ratkaisut-yritysten-nakyvyyden-lisaamiseksi-paaosassa-tekoaly","status":"publish","type":"post","link":"https:\/\/blogit.lab.fi\/labfocus\/innovatiiviset-ratkaisut-yritysten-nakyvyyden-lisaamiseksi-paaosassa-tekoaly\/","title":{"rendered":"Innovatiiviset ratkaisut yritysten n\u00e4kyvyyden lis\u00e4\u00e4miseksi \u2013 p\u00e4\u00e4osassa teko\u00e4ly"},"content":{"rendered":"\n<p>Digitaalisen maailman rooli yritysten n\u00e4kyvyyden tehostamisessa verkossa ja sosiaalisessa mediassa on merkitt\u00e4v\u00e4. Teko\u00e4lyn k\u00e4ytt\u00f6 verkkosivujen suunnittelussa ja n\u00e4kyvyyden optimoinnissa tuo uusia mahdollisuuksia liiketoiminnan parantamiseen. Lis\u00e4ksi eri sosiaalisen median kanavat tarjoavat yrityksille v\u00e4lineit\u00e4 kasvattaa online-l\u00e4sn\u00e4oloaan ja saavuttaa laajempaa asiakaskuntaa. Integroimalla n\u00e4m\u00e4 digitaaliset n\u00e4k\u00f6kulmat osaksi strategista suunnittelua yritykset voivat vahvistaa asemaansa kilpailluilla digitaalisilla markkinoilla. (Sorjonen 2023.)<\/p>\n\n\n\n<p>Lahdessa j\u00e4rjestettiin lokakuussa 2023 tapahtuma, jonka aiheena oli yrityksen n\u00e4kyvyyden parantaminen verkossa ja sosiaalisessa mediassa. Tilaisuus ker\u00e4si t\u00e4yden salin yritysten edustajia ja opiskelijoita kuulemaan asiantuntijapuheenvuoroja ja vinkkej\u00e4 verkkon\u00e4kyvyyden kehitt\u00e4misest\u00e4. Tarve tapahtumalle nousi LAB-ammattikorkeakoulun digitaalisen innovaatiokeskittym\u00e4n rakentamisen yhteydess\u00e4 esille nousseista aiheista, jotka ovat alueen yrityksille ajankohtaisia.&nbsp;<\/p>\n\n\n\n<p>J\u00e4rjest\u00e4j\u00e4n\u00e4 toimivat DIH 2.0 -projektit, joissa rakennetaan P\u00e4ij\u00e4t-H\u00e4meen ja Etel\u00e4-Karjalan alueille digitaalista innovaatiokeskittym\u00e4\u00e4. Sen ymp\u00e4rille rakentuvat palvelut tekev\u00e4t digitaaliset ratkaisut ja ty\u00f6kalut saavutettavammiksi pk-yritt\u00e4jille. (LAB 2023.) Tapahtuman sis\u00e4lt\u00f6 tarjosi palautteiden perusteella arvokasta sis\u00e4lt\u00f6\u00e4 yrityksille, jotka tavoittelevat parempaa n\u00e4kyvyytt\u00e4 digitaalisessa maailmassa.<\/p>\n\n\n\n<figure class=\"wp-block-image size-large\"><img loading=\"lazy\" decoding=\"async\" width=\"1024\" height=\"596\" src=\"https:\/\/blogit.lab.fi\/labfocus\/wp-content\/uploads\/sites\/8\/2023\/10\/699_2023_Innovatiiviset-ratkaisut-yritysten-nakyvyyden-lisaamiseksi-paaosassa-tekoaly-1024x596.jpg\" alt=\"[Alt-teksti: luentosali t\u00e4ynn\u00e4 v\u00e4ke\u00e4, edess\u00e4 henkil\u00f6 pit\u00e4\u00e4 esityst\u00e4.]\" class=\"wp-image-15418\" srcset=\"https:\/\/blogit.lab.fi\/labfocus\/wp-content\/uploads\/sites\/8\/2023\/10\/699_2023_Innovatiiviset-ratkaisut-yritysten-nakyvyyden-lisaamiseksi-paaosassa-tekoaly-1024x596.jpg 1024w, https:\/\/blogit.lab.fi\/labfocus\/wp-content\/uploads\/sites\/8\/2023\/10\/699_2023_Innovatiiviset-ratkaisut-yritysten-nakyvyyden-lisaamiseksi-paaosassa-tekoaly-300x175.jpg 300w, https:\/\/blogit.lab.fi\/labfocus\/wp-content\/uploads\/sites\/8\/2023\/10\/699_2023_Innovatiiviset-ratkaisut-yritysten-nakyvyyden-lisaamiseksi-paaosassa-tekoaly-768x447.jpg 768w, https:\/\/blogit.lab.fi\/labfocus\/wp-content\/uploads\/sites\/8\/2023\/10\/699_2023_Innovatiiviset-ratkaisut-yritysten-nakyvyyden-lisaamiseksi-paaosassa-tekoaly-570x332.jpg 570w, https:\/\/blogit.lab.fi\/labfocus\/wp-content\/uploads\/sites\/8\/2023\/10\/699_2023_Innovatiiviset-ratkaisut-yritysten-nakyvyyden-lisaamiseksi-paaosassa-tekoaly.jpg 1280w\" sizes=\"auto, (max-width: 1024px) 100vw, 1024px\" \/><figcaption class=\"wp-element-caption\">Kuva 1. Verkon kuningas vai verkonpaino -tapahtuma ker\u00e4si Lahden Seurahuoneelle t\u00e4yden salin osallistujia. (Kuva: Ninni Andelin)<\/figcaption><\/figure>\n\n\n\n<h2 class=\"wp-block-heading\">Teko\u00e4lyn hy\u00f6dynt\u00e4minen kiinnosti yrityksi\u00e4<\/h2>\n\n\n\n<p>Ohjelman keski\u00f6ss\u00e4 olivat verkkon\u00e4kyvyys, verkkosivut ja sosiaalinen media yrityksen strategisena osana. Tapahtumassa kuultiin asiantuntijapuheenvuoroja LAB-ammattikorkeakoulusta sek\u00e4 Labtic-digimarkkinointitoimiston opiskelijoilta, Timanttimedialta ja Avidly Oy:lt\u00e4.<\/p>\n\n\n\n<p>Esitykset tarjosivat syv\u00e4llisen katsauksen verkkosivun\u00e4kyvyyteen ja teko\u00e4lyn potentiaaliin verkkosivujen suunnittelussa sek\u00e4 yrityksen n\u00e4kyvyyden tehostamiseen verkossa. Osallistujat saivat my\u00f6s kuvan sosiaalisen median nykytilasta ja k\u00e4yt\u00e4nn\u00f6n vinkkej\u00e4 siit\u00e4, kuinka yritykset voivat kasvattaa liiketoimintaansa eri sosiaalisen median kanavien avulla.<\/p>\n\n\n\n<p>Tapahtumassa kiitettiin erityisesti lukuisia k\u00e4yt\u00e4nn\u00f6nl\u00e4heisi\u00e4 esimerkkej\u00e4 verkkon\u00e4kyvyyden parantamiseksi sek\u00e4 etenkin teko\u00e4lyn hy\u00f6dynt\u00e4miseksi. My\u00f6s LAB-ammattikorkeakoulun palvelut sek\u00e4 opiskelijayhteisty\u00f6n mahdollisuudet kiinnostivat mukana olleita yrityksi\u00e4.<\/p>\n\n\n\n<p>Tapahtuma huipentui keskusteluun ja kommentointiin, jossa k\u00e4ytiin aktiivista vuoropuhelua etenkin p\u00e4iv\u00e4npolttavasta aiheesta: teko\u00e4lyn hy\u00f6dyist\u00e4 ja haasteista k\u00e4ytt\u00e4jille. Osallistujilla oli my\u00f6s mahdollisuus tutustua LAB UX Centerin katseenseurantalaitteisiin, joilla voi seurata k\u00e4ytt\u00e4j\u00e4n katseen kohdistumista ja kulkemista esimerkiksi yrityksen verkkosivuilla.<\/p>\n\n\n\n<p>DIH 2.0 -hankkeet j\u00e4rjestiv\u00e4t lokakuussa vastaavan tilaisuuden my\u00f6s Etel\u00e4-Karjalassa. Tapahtumasarja saa jatkoa marraskuussa, jolloin aiheina kahden maakunnan tapahtumissa ovat verkkokaupan kehitt\u00e4miseen liittyv\u00e4t teemat.<\/p>\n\n\n\n<div class=\"wp-block-group has-background\" style=\"background-color:#b3edfb\"><div class=\"wp-block-group__inner-container is-layout-constrained wp-block-group-is-layout-constrained\">\n<p>Kirjoittaja<\/p>\n\n\n\n<p><strong>Ninni Andelin<\/strong> toimii LAB-ammattikorkeakoulussa TKI-asiantuntijana DIH 2.0 P\u00e4ij\u00e4t-H\u00e4me -hankkeessa.<\/p>\n<\/div><\/div>\n\n\n<div class=\"wp-block-image\">\n<figure class=\"aligncenter size-full is-resized\"><img loading=\"lazy\" decoding=\"async\" width=\"910\" height=\"922\" src=\"https:\/\/blogit.lab.fi\/labfocus\/wp-content\/uploads\/sites\/8\/2023\/10\/Euroopan-unionin-osarahoittama-3.jpg\" alt=\"\" class=\"wp-image-15419\" style=\"aspect-ratio:0.9869848156182213;width:189px;height:auto\" srcset=\"https:\/\/blogit.lab.fi\/labfocus\/wp-content\/uploads\/sites\/8\/2023\/10\/Euroopan-unionin-osarahoittama-3.jpg 910w, https:\/\/blogit.lab.fi\/labfocus\/wp-content\/uploads\/sites\/8\/2023\/10\/Euroopan-unionin-osarahoittama-3-296x300.jpg 296w, https:\/\/blogit.lab.fi\/labfocus\/wp-content\/uploads\/sites\/8\/2023\/10\/Euroopan-unionin-osarahoittama-3-768x778.jpg 768w, https:\/\/blogit.lab.fi\/labfocus\/wp-content\/uploads\/sites\/8\/2023\/10\/Euroopan-unionin-osarahoittama-3-570x578.jpg 570w\" sizes=\"auto, (max-width: 910px) 100vw, 910px\" \/><\/figure>\n<\/div>\n\n<div class=\"wp-block-image\">\n<figure class=\"aligncenter size-large is-resized\"><img loading=\"lazy\" decoding=\"async\" width=\"964\" height=\"1024\" src=\"https:\/\/blogit.lab.fi\/labfocus\/wp-content\/uploads\/sites\/8\/2023\/10\/Uudenmaan_liitto_pystylogo-964x1024.png\" alt=\"\" class=\"wp-image-15420\" style=\"aspect-ratio:0.94140625;width:174px;height:auto\" srcset=\"https:\/\/blogit.lab.fi\/labfocus\/wp-content\/uploads\/sites\/8\/2023\/10\/Uudenmaan_liitto_pystylogo-964x1024.png 964w, https:\/\/blogit.lab.fi\/labfocus\/wp-content\/uploads\/sites\/8\/2023\/10\/Uudenmaan_liitto_pystylogo-282x300.png 282w, https:\/\/blogit.lab.fi\/labfocus\/wp-content\/uploads\/sites\/8\/2023\/10\/Uudenmaan_liitto_pystylogo-768x816.png 768w, https:\/\/blogit.lab.fi\/labfocus\/wp-content\/uploads\/sites\/8\/2023\/10\/Uudenmaan_liitto_pystylogo-570x605.png 570w, https:\/\/blogit.lab.fi\/labfocus\/wp-content\/uploads\/sites\/8\/2023\/10\/Uudenmaan_liitto_pystylogo.png 1000w\" sizes=\"auto, (max-width: 964px) 100vw, 964px\" \/><\/figure>\n<\/div>\n\n\n<h2 class=\"wp-block-heading\">L\u00e4hteet<\/h2>\n\n\n\n<p>LAB. 2023. DIH 2.0 P\u00e4ij\u00e4t-H\u00e4me. Hanke. Viitattu 11.10.2023. Saatavissa <a href=\"https:\/\/lab.fi\/fi\/projekti\/dih-20-paijat-hame\">https:\/\/lab.fi\/fi\/projekti\/dih-20-paijat-hame<\/a><\/p>\n\n\n\n<p>Sorjonen, J. 2023. Avidly Oy. Kasvata liiketoimintaasi sosiaalisen median kanavissa. Esitys tapahtumassa Verkon kuningas vai verkonpaino? Lahti 10.10.2023.<\/p>\n","protected":false},"excerpt":{"rendered":"<p>Digitaalisen maailman rooli yritysten n\u00e4kyvyyden tehostamisessa verkossa ja sosiaalisessa mediassa on merkitt\u00e4v\u00e4. Teko\u00e4lyn k\u00e4ytt\u00f6 verkkosivujen suunnittelussa ja n\u00e4kyvyyden optimoinnissa tuo uusia mahdollisuuksia liiketoiminnan parantamiseen. Lis\u00e4ksi eri sosiaalisen median kanavat tarjoavat yrityksille v\u00e4lineit\u00e4 kasvattaa online-l\u00e4sn\u00e4oloaan ja saavuttaa laajempaa asiakaskuntaa. Integroimalla n\u00e4m\u00e4 digitaaliset n\u00e4k\u00f6kulmat osaksi strategista suunnittelua yritykset voivat vahvistaa asemaansa kilpailluilla digitaalisilla markkinoilla. (Sorjonen 2023.) Lahdessa [&hellip;]<\/p>\n","protected":false},"author":17,"featured_media":15418,"comment_status":"closed","ping_status":"open","sticky":false,"template":"","format":"standard","meta":{"footnotes":""},"categories":[19,407],"tags":[29,581,6295,111,794],"class_list":{"0":"post-15416","1":"post","2":"type-post","3":"status-publish","4":"format-standard","5":"has-post-thumbnail","7":"category-innovations_fi","8":"category-uudistuva-ja-kehittyva-yrittajyys","9":"tag-artikkeli-e1","10":"tag-digitaalisuus","11":"tag-dih-2-0","12":"tag-tekoaly","13":"tag-yritysyhteistyo","14":"czr-hentry"},"yoast_head":"<!-- This site is optimized with the Yoast SEO plugin v27.5 - https:\/\/yoast.com\/product\/yoast-seo-wordpress\/ -->\n<title>Innovatiiviset ratkaisut yritysten n\u00e4kyvyyden lis\u00e4\u00e4miseksi \u2013 p\u00e4\u00e4osassa teko\u00e4ly - LAB Focus<\/title>\n<meta name=\"description\" content=\"DIH 2.0 -hanke j\u00e4rjesti lokakuussa 2023 Lahdessa tapahtuman yrityksille aiheena innovatiiviset ratkaisut yritysten n\u00e4kyvyyden lis\u00e4\u00e4miseksi. LAB.\" \/>\n<meta name=\"robots\" content=\"index, follow, max-snippet:-1, max-image-preview:large, max-video-preview:-1\" \/>\n<link rel=\"canonical\" href=\"https:\/\/blogit.lab.fi\/labfocus\/innovatiiviset-ratkaisut-yritysten-nakyvyyden-lisaamiseksi-paaosassa-tekoaly\/\" \/>\n<meta property=\"og:locale\" content=\"fi_FI\" \/>\n<meta property=\"og:type\" content=\"article\" \/>\n<meta property=\"og:title\" content=\"Innovatiiviset ratkaisut yritysten n\u00e4kyvyyden lis\u00e4\u00e4miseksi \u2013 p\u00e4\u00e4osassa teko\u00e4ly - LAB Focus\" \/>\n<meta property=\"og:description\" content=\"DIH 2.0 -hanke j\u00e4rjesti lokakuussa 2023 Lahdessa tapahtuman yrityksille aiheena innovatiiviset ratkaisut yritysten n\u00e4kyvyyden lis\u00e4\u00e4miseksi. LAB.\" \/>\n<meta property=\"og:url\" content=\"https:\/\/blogit.lab.fi\/labfocus\/innovatiiviset-ratkaisut-yritysten-nakyvyyden-lisaamiseksi-paaosassa-tekoaly\/\" \/>\n<meta property=\"og:site_name\" content=\"LAB Focus\" \/>\n<meta property=\"article:published_time\" content=\"2023-10-18T05:30:34+00:00\" \/>\n<meta property=\"article:modified_time\" content=\"2023-10-18T05:30:35+00:00\" \/>\n<meta property=\"og:image\" content=\"https:\/\/blogit.lab.fi\/labfocus\/wp-content\/uploads\/sites\/8\/2023\/10\/699_2023_Innovatiiviset-ratkaisut-yritysten-nakyvyyden-lisaamiseksi-paaosassa-tekoaly.jpg\" \/>\n\t<meta property=\"og:image:width\" content=\"1280\" \/>\n\t<meta property=\"og:image:height\" content=\"745\" \/>\n\t<meta property=\"og:image:type\" content=\"image\/jpeg\" \/>\n<meta name=\"author\" content=\"tainask\" \/>\n<meta name=\"twitter:card\" content=\"summary_large_image\" \/>\n<meta name=\"twitter:creator\" content=\"@LABfinland\" \/>\n<meta name=\"twitter:site\" content=\"@LABfinland\" \/>\n<meta name=\"twitter:label1\" content=\"Kirjoittanut\" \/>\n\t<meta name=\"twitter:data1\" content=\"tainask\" \/>\n\t<meta name=\"twitter:label2\" content=\"Arvioitu lukuaika\" \/>\n\t<meta name=\"twitter:data2\" content=\"3 minuuttia\" \/>\n<script type=\"application\/ld+json\" class=\"yoast-schema-graph\">{\"@context\":\"https:\\\/\\\/schema.org\",\"@graph\":[{\"@type\":\"Article\",\"@id\":\"https:\\\/\\\/blogit.lab.fi\\\/labfocus\\\/innovatiiviset-ratkaisut-yritysten-nakyvyyden-lisaamiseksi-paaosassa-tekoaly\\\/#article\",\"isPartOf\":{\"@id\":\"https:\\\/\\\/blogit.lab.fi\\\/labfocus\\\/innovatiiviset-ratkaisut-yritysten-nakyvyyden-lisaamiseksi-paaosassa-tekoaly\\\/\"},\"author\":{\"name\":\"tainask\",\"@id\":\"https:\\\/\\\/blogit.lab.fi\\\/labfocus\\\/#\\\/schema\\\/person\\\/da729f65c4a2fb9fd8f0b1ec7a2ab7d0\"},\"headline\":\"Innovatiiviset ratkaisut yritysten n\u00e4kyvyyden lis\u00e4\u00e4miseksi \u2013 p\u00e4\u00e4osassa teko\u00e4ly\",\"datePublished\":\"2023-10-18T05:30:34+00:00\",\"dateModified\":\"2023-10-18T05:30:35+00:00\",\"mainEntityOfPage\":{\"@id\":\"https:\\\/\\\/blogit.lab.fi\\\/labfocus\\\/innovatiiviset-ratkaisut-yritysten-nakyvyyden-lisaamiseksi-paaosassa-tekoaly\\\/\"},\"wordCount\":427,\"publisher\":{\"@id\":\"https:\\\/\\\/blogit.lab.fi\\\/labfocus\\\/#organization\"},\"image\":{\"@id\":\"https:\\\/\\\/blogit.lab.fi\\\/labfocus\\\/innovatiiviset-ratkaisut-yritysten-nakyvyyden-lisaamiseksi-paaosassa-tekoaly\\\/#primaryimage\"},\"thumbnailUrl\":\"https:\\\/\\\/blogit.lab.fi\\\/labfocus\\\/wp-content\\\/uploads\\\/sites\\\/8\\\/2023\\\/10\\\/699_2023_Innovatiiviset-ratkaisut-yritysten-nakyvyyden-lisaamiseksi-paaosassa-tekoaly.jpg\",\"keywords\":[\"Artikkeli E1\",\"digitaalisuus\",\"DIH 2.0\",\"teko\u00e4ly\",\"yritysyhteisty\u00f6\"],\"articleSection\":[\"Innovations\",\"Uudistuva ja kehittyv\u00e4 yritt\u00e4jyys\"],\"inLanguage\":\"fi\"},{\"@type\":\"WebPage\",\"@id\":\"https:\\\/\\\/blogit.lab.fi\\\/labfocus\\\/innovatiiviset-ratkaisut-yritysten-nakyvyyden-lisaamiseksi-paaosassa-tekoaly\\\/\",\"url\":\"https:\\\/\\\/blogit.lab.fi\\\/labfocus\\\/innovatiiviset-ratkaisut-yritysten-nakyvyyden-lisaamiseksi-paaosassa-tekoaly\\\/\",\"name\":\"Innovatiiviset ratkaisut yritysten n\u00e4kyvyyden lis\u00e4\u00e4miseksi \u2013 p\u00e4\u00e4osassa teko\u00e4ly - LAB Focus\",\"isPartOf\":{\"@id\":\"https:\\\/\\\/blogit.lab.fi\\\/labfocus\\\/#website\"},\"primaryImageOfPage\":{\"@id\":\"https:\\\/\\\/blogit.lab.fi\\\/labfocus\\\/innovatiiviset-ratkaisut-yritysten-nakyvyyden-lisaamiseksi-paaosassa-tekoaly\\\/#primaryimage\"},\"image\":{\"@id\":\"https:\\\/\\\/blogit.lab.fi\\\/labfocus\\\/innovatiiviset-ratkaisut-yritysten-nakyvyyden-lisaamiseksi-paaosassa-tekoaly\\\/#primaryimage\"},\"thumbnailUrl\":\"https:\\\/\\\/blogit.lab.fi\\\/labfocus\\\/wp-content\\\/uploads\\\/sites\\\/8\\\/2023\\\/10\\\/699_2023_Innovatiiviset-ratkaisut-yritysten-nakyvyyden-lisaamiseksi-paaosassa-tekoaly.jpg\",\"datePublished\":\"2023-10-18T05:30:34+00:00\",\"dateModified\":\"2023-10-18T05:30:35+00:00\",\"description\":\"DIH 2.0 -hanke j\u00e4rjesti lokakuussa 2023 Lahdessa tapahtuman yrityksille aiheena innovatiiviset ratkaisut yritysten n\u00e4kyvyyden lis\u00e4\u00e4miseksi. LAB.\",\"breadcrumb\":{\"@id\":\"https:\\\/\\\/blogit.lab.fi\\\/labfocus\\\/innovatiiviset-ratkaisut-yritysten-nakyvyyden-lisaamiseksi-paaosassa-tekoaly\\\/#breadcrumb\"},\"inLanguage\":\"fi\",\"potentialAction\":[{\"@type\":\"ReadAction\",\"target\":[\"https:\\\/\\\/blogit.lab.fi\\\/labfocus\\\/innovatiiviset-ratkaisut-yritysten-nakyvyyden-lisaamiseksi-paaosassa-tekoaly\\\/\"]}]},{\"@type\":\"ImageObject\",\"inLanguage\":\"fi\",\"@id\":\"https:\\\/\\\/blogit.lab.fi\\\/labfocus\\\/innovatiiviset-ratkaisut-yritysten-nakyvyyden-lisaamiseksi-paaosassa-tekoaly\\\/#primaryimage\",\"url\":\"https:\\\/\\\/blogit.lab.fi\\\/labfocus\\\/wp-content\\\/uploads\\\/sites\\\/8\\\/2023\\\/10\\\/699_2023_Innovatiiviset-ratkaisut-yritysten-nakyvyyden-lisaamiseksi-paaosassa-tekoaly.jpg\",\"contentUrl\":\"https:\\\/\\\/blogit.lab.fi\\\/labfocus\\\/wp-content\\\/uploads\\\/sites\\\/8\\\/2023\\\/10\\\/699_2023_Innovatiiviset-ratkaisut-yritysten-nakyvyyden-lisaamiseksi-paaosassa-tekoaly.jpg\",\"width\":1280,\"height\":745},{\"@type\":\"BreadcrumbList\",\"@id\":\"https:\\\/\\\/blogit.lab.fi\\\/labfocus\\\/innovatiiviset-ratkaisut-yritysten-nakyvyyden-lisaamiseksi-paaosassa-tekoaly\\\/#breadcrumb\",\"itemListElement\":[{\"@type\":\"ListItem\",\"position\":1,\"name\":\"Home\",\"item\":\"https:\\\/\\\/blogit.lab.fi\\\/labfocus\\\/\"},{\"@type\":\"ListItem\",\"position\":2,\"name\":\"Innovatiiviset ratkaisut yritysten n\u00e4kyvyyden lis\u00e4\u00e4miseksi \u2013 p\u00e4\u00e4osassa teko\u00e4ly\"}]},{\"@type\":\"WebSite\",\"@id\":\"https:\\\/\\\/blogit.lab.fi\\\/labfocus\\\/#website\",\"url\":\"https:\\\/\\\/blogit.lab.fi\\\/labfocus\\\/\",\"name\":\"LAB Focus\",\"description\":\"Focus Area blog | LAB University of Applied Sciences\",\"publisher\":{\"@id\":\"https:\\\/\\\/blogit.lab.fi\\\/labfocus\\\/#organization\"},\"potentialAction\":[{\"@type\":\"SearchAction\",\"target\":{\"@type\":\"EntryPoint\",\"urlTemplate\":\"https:\\\/\\\/blogit.lab.fi\\\/labfocus\\\/?s={search_term_string}\"},\"query-input\":{\"@type\":\"PropertyValueSpecification\",\"valueRequired\":true,\"valueName\":\"search_term_string\"}}],\"inLanguage\":\"fi\"},{\"@type\":\"Organization\",\"@id\":\"https:\\\/\\\/blogit.lab.fi\\\/labfocus\\\/#organization\",\"name\":\"LAB Focus\",\"url\":\"https:\\\/\\\/blogit.lab.fi\\\/labfocus\\\/\",\"logo\":{\"@type\":\"ImageObject\",\"inLanguage\":\"fi\",\"@id\":\"https:\\\/\\\/blogit.lab.fi\\\/labfocus\\\/#\\\/schema\\\/logo\\\/image\\\/\",\"url\":\"https:\\\/\\\/blogit.lab.fi\\\/labfocus\\\/wp-content\\\/uploads\\\/sites\\\/8\\\/2020\\\/04\\\/cropped-cropped-tunnus_blogi-01.png\",\"contentUrl\":\"https:\\\/\\\/blogit.lab.fi\\\/labfocus\\\/wp-content\\\/uploads\\\/sites\\\/8\\\/2020\\\/04\\\/cropped-cropped-tunnus_blogi-01.png\",\"width\":1342,\"height\":288,\"caption\":\"LAB Focus\"},\"image\":{\"@id\":\"https:\\\/\\\/blogit.lab.fi\\\/labfocus\\\/#\\\/schema\\\/logo\\\/image\\\/\"},\"sameAs\":[\"https:\\\/\\\/x.com\\\/LABfinland\"]},{\"@type\":\"Person\",\"@id\":\"https:\\\/\\\/blogit.lab.fi\\\/labfocus\\\/#\\\/schema\\\/person\\\/da729f65c4a2fb9fd8f0b1ec7a2ab7d0\",\"name\":\"tainask\",\"image\":{\"@type\":\"ImageObject\",\"inLanguage\":\"fi\",\"@id\":\"https:\\\/\\\/secure.gravatar.com\\\/avatar\\\/4a96427877ef826b76e80c27f60b266128094f522551459346efcf14282febb3?s=96&d=mm&r=g\",\"url\":\"https:\\\/\\\/secure.gravatar.com\\\/avatar\\\/4a96427877ef826b76e80c27f60b266128094f522551459346efcf14282febb3?s=96&d=mm&r=g\",\"contentUrl\":\"https:\\\/\\\/secure.gravatar.com\\\/avatar\\\/4a96427877ef826b76e80c27f60b266128094f522551459346efcf14282febb3?s=96&d=mm&r=g\",\"caption\":\"tainask\"},\"url\":\"https:\\\/\\\/blogit.lab.fi\\\/labfocus\\\/author\\\/tainask\\\/\"}]}<\/script>\n<!-- \/ Yoast SEO plugin. -->","yoast_head_json":{"title":"Innovatiiviset ratkaisut yritysten n\u00e4kyvyyden lis\u00e4\u00e4miseksi \u2013 p\u00e4\u00e4osassa teko\u00e4ly - LAB Focus","description":"DIH 2.0 -hanke j\u00e4rjesti lokakuussa 2023 Lahdessa tapahtuman yrityksille aiheena innovatiiviset ratkaisut yritysten n\u00e4kyvyyden lis\u00e4\u00e4miseksi. LAB.","robots":{"index":"index","follow":"follow","max-snippet":"max-snippet:-1","max-image-preview":"max-image-preview:large","max-video-preview":"max-video-preview:-1"},"canonical":"https:\/\/blogit.lab.fi\/labfocus\/innovatiiviset-ratkaisut-yritysten-nakyvyyden-lisaamiseksi-paaosassa-tekoaly\/","og_locale":"fi_FI","og_type":"article","og_title":"Innovatiiviset ratkaisut yritysten n\u00e4kyvyyden lis\u00e4\u00e4miseksi \u2013 p\u00e4\u00e4osassa teko\u00e4ly - LAB Focus","og_description":"DIH 2.0 -hanke j\u00e4rjesti lokakuussa 2023 Lahdessa tapahtuman yrityksille aiheena innovatiiviset ratkaisut yritysten n\u00e4kyvyyden lis\u00e4\u00e4miseksi. LAB.","og_url":"https:\/\/blogit.lab.fi\/labfocus\/innovatiiviset-ratkaisut-yritysten-nakyvyyden-lisaamiseksi-paaosassa-tekoaly\/","og_site_name":"LAB Focus","article_published_time":"2023-10-18T05:30:34+00:00","article_modified_time":"2023-10-18T05:30:35+00:00","og_image":[{"width":1280,"height":745,"url":"https:\/\/blogit.lab.fi\/labfocus\/wp-content\/uploads\/sites\/8\/2023\/10\/699_2023_Innovatiiviset-ratkaisut-yritysten-nakyvyyden-lisaamiseksi-paaosassa-tekoaly.jpg","type":"image\/jpeg"}],"author":"tainask","twitter_card":"summary_large_image","twitter_creator":"@LABfinland","twitter_site":"@LABfinland","twitter_misc":{"Kirjoittanut":"tainask","Arvioitu lukuaika":"3 minuuttia"},"schema":{"@context":"https:\/\/schema.org","@graph":[{"@type":"Article","@id":"https:\/\/blogit.lab.fi\/labfocus\/innovatiiviset-ratkaisut-yritysten-nakyvyyden-lisaamiseksi-paaosassa-tekoaly\/#article","isPartOf":{"@id":"https:\/\/blogit.lab.fi\/labfocus\/innovatiiviset-ratkaisut-yritysten-nakyvyyden-lisaamiseksi-paaosassa-tekoaly\/"},"author":{"name":"tainask","@id":"https:\/\/blogit.lab.fi\/labfocus\/#\/schema\/person\/da729f65c4a2fb9fd8f0b1ec7a2ab7d0"},"headline":"Innovatiiviset ratkaisut yritysten n\u00e4kyvyyden lis\u00e4\u00e4miseksi \u2013 p\u00e4\u00e4osassa teko\u00e4ly","datePublished":"2023-10-18T05:30:34+00:00","dateModified":"2023-10-18T05:30:35+00:00","mainEntityOfPage":{"@id":"https:\/\/blogit.lab.fi\/labfocus\/innovatiiviset-ratkaisut-yritysten-nakyvyyden-lisaamiseksi-paaosassa-tekoaly\/"},"wordCount":427,"publisher":{"@id":"https:\/\/blogit.lab.fi\/labfocus\/#organization"},"image":{"@id":"https:\/\/blogit.lab.fi\/labfocus\/innovatiiviset-ratkaisut-yritysten-nakyvyyden-lisaamiseksi-paaosassa-tekoaly\/#primaryimage"},"thumbnailUrl":"https:\/\/blogit.lab.fi\/labfocus\/wp-content\/uploads\/sites\/8\/2023\/10\/699_2023_Innovatiiviset-ratkaisut-yritysten-nakyvyyden-lisaamiseksi-paaosassa-tekoaly.jpg","keywords":["Artikkeli E1","digitaalisuus","DIH 2.0","teko\u00e4ly","yritysyhteisty\u00f6"],"articleSection":["Innovations","Uudistuva ja kehittyv\u00e4 yritt\u00e4jyys"],"inLanguage":"fi"},{"@type":"WebPage","@id":"https:\/\/blogit.lab.fi\/labfocus\/innovatiiviset-ratkaisut-yritysten-nakyvyyden-lisaamiseksi-paaosassa-tekoaly\/","url":"https:\/\/blogit.lab.fi\/labfocus\/innovatiiviset-ratkaisut-yritysten-nakyvyyden-lisaamiseksi-paaosassa-tekoaly\/","name":"Innovatiiviset ratkaisut yritysten n\u00e4kyvyyden lis\u00e4\u00e4miseksi \u2013 p\u00e4\u00e4osassa teko\u00e4ly - LAB Focus","isPartOf":{"@id":"https:\/\/blogit.lab.fi\/labfocus\/#website"},"primaryImageOfPage":{"@id":"https:\/\/blogit.lab.fi\/labfocus\/innovatiiviset-ratkaisut-yritysten-nakyvyyden-lisaamiseksi-paaosassa-tekoaly\/#primaryimage"},"image":{"@id":"https:\/\/blogit.lab.fi\/labfocus\/innovatiiviset-ratkaisut-yritysten-nakyvyyden-lisaamiseksi-paaosassa-tekoaly\/#primaryimage"},"thumbnailUrl":"https:\/\/blogit.lab.fi\/labfocus\/wp-content\/uploads\/sites\/8\/2023\/10\/699_2023_Innovatiiviset-ratkaisut-yritysten-nakyvyyden-lisaamiseksi-paaosassa-tekoaly.jpg","datePublished":"2023-10-18T05:30:34+00:00","dateModified":"2023-10-18T05:30:35+00:00","description":"DIH 2.0 -hanke j\u00e4rjesti lokakuussa 2023 Lahdessa tapahtuman yrityksille aiheena innovatiiviset ratkaisut yritysten n\u00e4kyvyyden lis\u00e4\u00e4miseksi. LAB.","breadcrumb":{"@id":"https:\/\/blogit.lab.fi\/labfocus\/innovatiiviset-ratkaisut-yritysten-nakyvyyden-lisaamiseksi-paaosassa-tekoaly\/#breadcrumb"},"inLanguage":"fi","potentialAction":[{"@type":"ReadAction","target":["https:\/\/blogit.lab.fi\/labfocus\/innovatiiviset-ratkaisut-yritysten-nakyvyyden-lisaamiseksi-paaosassa-tekoaly\/"]}]},{"@type":"ImageObject","inLanguage":"fi","@id":"https:\/\/blogit.lab.fi\/labfocus\/innovatiiviset-ratkaisut-yritysten-nakyvyyden-lisaamiseksi-paaosassa-tekoaly\/#primaryimage","url":"https:\/\/blogit.lab.fi\/labfocus\/wp-content\/uploads\/sites\/8\/2023\/10\/699_2023_Innovatiiviset-ratkaisut-yritysten-nakyvyyden-lisaamiseksi-paaosassa-tekoaly.jpg","contentUrl":"https:\/\/blogit.lab.fi\/labfocus\/wp-content\/uploads\/sites\/8\/2023\/10\/699_2023_Innovatiiviset-ratkaisut-yritysten-nakyvyyden-lisaamiseksi-paaosassa-tekoaly.jpg","width":1280,"height":745},{"@type":"BreadcrumbList","@id":"https:\/\/blogit.lab.fi\/labfocus\/innovatiiviset-ratkaisut-yritysten-nakyvyyden-lisaamiseksi-paaosassa-tekoaly\/#breadcrumb","itemListElement":[{"@type":"ListItem","position":1,"name":"Home","item":"https:\/\/blogit.lab.fi\/labfocus\/"},{"@type":"ListItem","position":2,"name":"Innovatiiviset ratkaisut yritysten n\u00e4kyvyyden lis\u00e4\u00e4miseksi \u2013 p\u00e4\u00e4osassa teko\u00e4ly"}]},{"@type":"WebSite","@id":"https:\/\/blogit.lab.fi\/labfocus\/#website","url":"https:\/\/blogit.lab.fi\/labfocus\/","name":"LAB Focus","description":"Focus Area blog | LAB University of Applied Sciences","publisher":{"@id":"https:\/\/blogit.lab.fi\/labfocus\/#organization"},"potentialAction":[{"@type":"SearchAction","target":{"@type":"EntryPoint","urlTemplate":"https:\/\/blogit.lab.fi\/labfocus\/?s={search_term_string}"},"query-input":{"@type":"PropertyValueSpecification","valueRequired":true,"valueName":"search_term_string"}}],"inLanguage":"fi"},{"@type":"Organization","@id":"https:\/\/blogit.lab.fi\/labfocus\/#organization","name":"LAB Focus","url":"https:\/\/blogit.lab.fi\/labfocus\/","logo":{"@type":"ImageObject","inLanguage":"fi","@id":"https:\/\/blogit.lab.fi\/labfocus\/#\/schema\/logo\/image\/","url":"https:\/\/blogit.lab.fi\/labfocus\/wp-content\/uploads\/sites\/8\/2020\/04\/cropped-cropped-tunnus_blogi-01.png","contentUrl":"https:\/\/blogit.lab.fi\/labfocus\/wp-content\/uploads\/sites\/8\/2020\/04\/cropped-cropped-tunnus_blogi-01.png","width":1342,"height":288,"caption":"LAB Focus"},"image":{"@id":"https:\/\/blogit.lab.fi\/labfocus\/#\/schema\/logo\/image\/"},"sameAs":["https:\/\/x.com\/LABfinland"]},{"@type":"Person","@id":"https:\/\/blogit.lab.fi\/labfocus\/#\/schema\/person\/da729f65c4a2fb9fd8f0b1ec7a2ab7d0","name":"tainask","image":{"@type":"ImageObject","inLanguage":"fi","@id":"https:\/\/secure.gravatar.com\/avatar\/4a96427877ef826b76e80c27f60b266128094f522551459346efcf14282febb3?s=96&d=mm&r=g","url":"https:\/\/secure.gravatar.com\/avatar\/4a96427877ef826b76e80c27f60b266128094f522551459346efcf14282febb3?s=96&d=mm&r=g","contentUrl":"https:\/\/secure.gravatar.com\/avatar\/4a96427877ef826b76e80c27f60b266128094f522551459346efcf14282febb3?s=96&d=mm&r=g","caption":"tainask"},"url":"https:\/\/blogit.lab.fi\/labfocus\/author\/tainask\/"}]}},"_links":{"self":[{"href":"https:\/\/blogit.lab.fi\/labfocus\/wp-json\/wp\/v2\/posts\/15416","targetHints":{"allow":["GET"]}}],"collection":[{"href":"https:\/\/blogit.lab.fi\/labfocus\/wp-json\/wp\/v2\/posts"}],"about":[{"href":"https:\/\/blogit.lab.fi\/labfocus\/wp-json\/wp\/v2\/types\/post"}],"author":[{"embeddable":true,"href":"https:\/\/blogit.lab.fi\/labfocus\/wp-json\/wp\/v2\/users\/17"}],"replies":[{"embeddable":true,"href":"https:\/\/blogit.lab.fi\/labfocus\/wp-json\/wp\/v2\/comments?post=15416"}],"version-history":[{"count":1,"href":"https:\/\/blogit.lab.fi\/labfocus\/wp-json\/wp\/v2\/posts\/15416\/revisions"}],"predecessor-version":[{"id":15421,"href":"https:\/\/blogit.lab.fi\/labfocus\/wp-json\/wp\/v2\/posts\/15416\/revisions\/15421"}],"wp:featuredmedia":[{"embeddable":true,"href":"https:\/\/blogit.lab.fi\/labfocus\/wp-json\/wp\/v2\/media\/15418"}],"wp:attachment":[{"href":"https:\/\/blogit.lab.fi\/labfocus\/wp-json\/wp\/v2\/media?parent=15416"}],"wp:term":[{"taxonomy":"category","embeddable":true,"href":"https:\/\/blogit.lab.fi\/labfocus\/wp-json\/wp\/v2\/categories?post=15416"},{"taxonomy":"post_tag","embeddable":true,"href":"https:\/\/blogit.lab.fi\/labfocus\/wp-json\/wp\/v2\/tags?post=15416"}],"curies":[{"name":"wp","href":"https:\/\/api.w.org\/{rel}","templated":true}]}}