{"id":16021,"date":"2023-11-20T11:03:45","date_gmt":"2023-11-20T09:03:45","guid":{"rendered":"https:\/\/blogit.lab.fi\/labfocus\/?p=16021"},"modified":"2025-06-09T12:12:04","modified_gmt":"2025-06-09T09:12:04","slug":"lahden-mankeli-ja-tier-verkosto-lounaislahtelaisten-tyopaikkojen-ulottumattomissa","status":"publish","type":"post","link":"https:\/\/blogit.lab.fi\/labfocus\/lahden-mankeli-ja-tier-verkosto-lounaislahtelaisten-tyopaikkojen-ulottumattomissa\/","title":{"rendered":"Lahden Mankeli- ja Tier-verkosto lounaislahtelaisten ty\u00f6paikkojen ulottumattomissa"},"content":{"rendered":"\n<p>Systemic change towards sustainable commuting in Lahti eli Sycla on Lahteen sijoittuva pilottihanke, jossa selvitet\u00e4\u00e4n ty\u00f6matkaliikkumisen nykytilaa sek\u00e4 tunnistetaan kest\u00e4v\u00e4n ty\u00f6matkaliikkumisen yksil\u00f6llisi\u00e4 ja organisaatiokohtaisia esteit\u00e4 ja kannustimia lahtelaisissa pilottiorganisaatioissa. Ty\u00f6matkaliikkumista kartoitetaan henkil\u00f6st\u00f6kyselyin, haastatteluin ja havaintokierroksin. (LAB 2023.)<\/p>\n\n\n\n<p>T\u00e4ss\u00e4 blogikirjoituksessa k\u00e4sitell\u00e4\u00e4n havainnointikierroksia edelt\u00e4v\u00e4\u00e4 alustavaa kartoitusty\u00f6t\u00e4, jossa selvitettiin lahtelaisten pilottiorganisaatioiden henkil\u00f6st\u00f6n mahdollisuuksia k\u00e4ytt\u00e4\u00e4 kaupunkipy\u00f6ri\u00e4 ja yhteisk\u00e4ytt\u00f6s\u00e4hk\u00f6potkulautoja sek\u00e4 joukkoliikenneyhteyksi\u00e4 ty\u00f6matkoillaan. Kartoitusta tehtiin tarkastelemalla olemassa olevaa julkisen liikenteen ja yhteisk\u00e4ytt\u00f6isten kulkuv\u00e4lineiden t\u00e4m\u00e4nhetkist\u00e4 verkostoa.<\/p>\n\n\n\n<h2 class=\"wp-block-heading\">Kaupunkipy\u00f6r\u00e4- ja yhteisk\u00e4ytt\u00f6s\u00e4hk\u00f6potkulautaverkosto<\/h2>\n\n\n\n<p>Yhteisk\u00e4ytt\u00f6kulkuv\u00e4linekartoitusten perusteella varsinkaan lounaislahtelaiset ty\u00f6paikat eiv\u00e4t p\u00e4\u00e4se hy\u00f6dynt\u00e4m\u00e4\u00e4n ty\u00f6matkoillaan nykyist\u00e4 Mankeli- ja Tier-verkostoa, sill\u00e4 Mankeli-asemat ja Tierin k\u00e4ytt\u00f6alue eiv\u00e4t yll\u00e4 suureen osaan Lahden lounaisosia.<\/p>\n\n\n\n<p>Kest\u00e4v\u00e4n ty\u00f6matkaliikkumisen tukemiseksi Lounais-Lahdessa olisi tarvetta varsinkin Mankeli-asemille, sill\u00e4 Lounais-Lahden l\u00e4himm\u00e4t Mankeli-asemat sijaitsevat Hennalassa, K\u00e4rp\u00e4sess\u00e4 ja Renkom\u00e4ess\u00e4 eli jopa useiden kilometrien p\u00e4\u00e4ss\u00e4. Jos Lahden lounaisosiin ei saada suoriltaan vakituisia kaupunkipy\u00f6r\u00e4asemia, voitaisiin asemat toteuttaa niin kutsutulla pop up -mallilla, jotta niiden k\u00e4ytt\u00f6aste saadaan selvitetty\u00e4.<\/p>\n\n\n\n<p>Tierin k\u00e4ytt\u00f6alue p\u00e4\u00e4ttyy K\u00e4rp\u00e4sess\u00e4 Kiekkostenkadun ja K\u00e4rp\u00e4senkadun risteykseen sek\u00e4 Hennalassa Hennalankadun ja Seisakekadun risteykseen, mink\u00e4 seurauksena iso osa Lounais-Lahdesta on niin kutsuttua rajoitettua aluetta. Rajoitetulla alueella s\u00e4hk\u00f6potkulaudan nopeus voi olla hidastettu eik\u00e4 matkaa voi aloittaa tai p\u00e4\u00e4tt\u00e4\u00e4 (TIER 2023), joten ty\u00f6matkan taittaminen Tierill\u00e4 pidemm\u00e4lle Lounais-Lahteen ei t\u00e4ll\u00e4 hetkell\u00e4 onnistu.<\/p>\n\n\n\n<figure class=\"wp-block-image size-large\"><img loading=\"lazy\" decoding=\"async\" width=\"1024\" height=\"512\" src=\"https:\/\/blogit.lab.fi\/labfocus\/wp-content\/uploads\/sites\/8\/2023\/11\/802_2023_Lahden-Mankeli-ja-Tier-verkosto-lounaislahtelaisten-tyopaikkojen-ulottumattomissa-1024x512.jpg\" alt=\"[Alt-teksti: kastunut Mankeli-aseman merkki pimenev\u00e4ss\u00e4 illassa.]\" class=\"wp-image-16023\" srcset=\"https:\/\/blogit.lab.fi\/labfocus\/wp-content\/uploads\/sites\/8\/2023\/11\/802_2023_Lahden-Mankeli-ja-Tier-verkosto-lounaislahtelaisten-tyopaikkojen-ulottumattomissa-1024x512.jpg 1024w, https:\/\/blogit.lab.fi\/labfocus\/wp-content\/uploads\/sites\/8\/2023\/11\/802_2023_Lahden-Mankeli-ja-Tier-verkosto-lounaislahtelaisten-tyopaikkojen-ulottumattomissa-300x150.jpg 300w, https:\/\/blogit.lab.fi\/labfocus\/wp-content\/uploads\/sites\/8\/2023\/11\/802_2023_Lahden-Mankeli-ja-Tier-verkosto-lounaislahtelaisten-tyopaikkojen-ulottumattomissa-768x384.jpg 768w, https:\/\/blogit.lab.fi\/labfocus\/wp-content\/uploads\/sites\/8\/2023\/11\/802_2023_Lahden-Mankeli-ja-Tier-verkosto-lounaislahtelaisten-tyopaikkojen-ulottumattomissa-570x285.jpg 570w, https:\/\/blogit.lab.fi\/labfocus\/wp-content\/uploads\/sites\/8\/2023\/11\/802_2023_Lahden-Mankeli-ja-Tier-verkosto-lounaislahtelaisten-tyopaikkojen-ulottumattomissa.jpg 1280w\" sizes=\"auto, (max-width: 1024px) 100vw, 1024px\" \/><figcaption class=\"wp-element-caption\">Kuva 1. Kaupunkipy\u00f6r\u00e4t kulkevat Lahdessa nimell\u00e4 Mankeli, ja Mankeliasemat on merkitty kuvan mukaisella merkill\u00e4. (Kuva: Taru Mets\u00e4)<\/figcaption><\/figure>\n\n\n\n<h2 class=\"wp-block-heading\">Joukkoliikenneyhteydet vuoroty\u00f6t\u00e4 tekeville<\/h2>\n\n\n\n<p>Joukkoliikennekartoituksissa havaittiin, ett\u00e4 Lounais-Lahden joukkoliikenneyhteydet ovat vajaanlaiset etenkin vuoroty\u00f6t\u00e4 tekevien n\u00e4k\u00f6kulmasta, sill\u00e4 Lahden seudun liikenteen linja kulkee iltaisin vain joka toinen tunti, lauantaisin kerran tunnissa eik\u00e4 sunnuntaisin laisinkaan. Linja kulkee arkisin toimistoty\u00f6aikaan suhteellisen usein, noin puolen tunnin v\u00e4lein. Kartoituksissa ilmeni my\u00f6s, ett\u00e4 Lounais-Lahden linjareitti kattaa varsin suppean alueen, jolloin ty\u00f6paikan ja l\u00e4himm\u00e4n linja-autopys\u00e4kin v\u00e4lille saattaa j\u00e4\u00e4d\u00e4 jopa runsaan kilometrin mittainen k\u00e4velymatka.<\/p>\n\n\n\n<p>Lounais-Lahden nykyist\u00e4 Mankeli- ja Tier-verkostoa sek\u00e4 joukkoliikenneyhteyksi\u00e4 on kehitett\u00e4v\u00e4 ja etenkin laajennettava, jotta lounaislahtelaiset ty\u00f6paikat p\u00e4\u00e4sisiv\u00e4t hy\u00f6dynt\u00e4m\u00e4\u00e4n ty\u00f6matkoillansa kest\u00e4v\u00e4mpi\u00e4 kulkutapamuotoja.<\/p>\n\n\n\n<p>Sycla-projektin tavoitteena on l\u00f6yt\u00e4\u00e4 innovatiivisia ratkaisuja edist\u00e4\u00e4 kest\u00e4v\u00e4\u00e4 ty\u00f6matkaliikkumista ja v\u00e4hent\u00e4\u00e4 tieliikenteess\u00e4 syntyvi\u00e4 p\u00e4\u00e4st\u00f6j\u00e4. Kaupunkipilotin toteuttavat Lahden kaupunki (koordinaattori), LUT-yliopisto, LAB-ammattikorkeakoulu ja P\u00e4ij\u00e4t-H\u00e4meen hyvinvointialue.<\/p>\n\n\n\n<div class=\"wp-block-group has-background\" style=\"background-color:#b3edfb\"><div class=\"wp-block-group__inner-container is-layout-constrained wp-block-group-is-layout-constrained\">\n<p>Kirjoittaja<\/p>\n\n\n\n<p><strong>Taru Mets\u00e4<\/strong> opiskelee LAB-ammattikorkeakoulussa ymp\u00e4rist\u00f6tekniikkaa ja toimii Systemic Change Towards Sustainable Commuting (Sycla) -hankkeessa projektity\u00f6ntekij\u00e4n\u00e4. Projekti on osa 100 climate-neutral and smart cities by 2030 -EU-missiota ja saa rahoituksensa NetZeroCities-ohjelman kautta EU:n Horisontti2020 tutkimus- ja innovaatio-ohjelmasta (grant agreement No 101036519).<\/p>\n<\/div><\/div>\n\n\n\n<figure class=\"wp-block-image size-full\"><img loading=\"lazy\" decoding=\"async\" width=\"830\" height=\"99\" src=\"https:\/\/blogit.lab.fi\/labfocus\/wp-content\/uploads\/sites\/8\/2023\/11\/Sycla-logot-1.jpg\" alt=\"\" class=\"wp-image-24478\" srcset=\"https:\/\/blogit.lab.fi\/labfocus\/wp-content\/uploads\/sites\/8\/2023\/11\/Sycla-logot-1.jpg 830w, https:\/\/blogit.lab.fi\/labfocus\/wp-content\/uploads\/sites\/8\/2023\/11\/Sycla-logot-1-300x36.jpg 300w, https:\/\/blogit.lab.fi\/labfocus\/wp-content\/uploads\/sites\/8\/2023\/11\/Sycla-logot-1-768x92.jpg 768w, https:\/\/blogit.lab.fi\/labfocus\/wp-content\/uploads\/sites\/8\/2023\/11\/Sycla-logot-1-570x68.jpg 570w\" sizes=\"auto, (max-width: 830px) 100vw, 830px\" \/><\/figure>\n\n\n\n<h2 class=\"wp-block-heading\">L\u00e4hteet<\/h2>\n\n\n\n<p>LAB. 2023. Systemic change towards sustainable commuting in Lahti \u2013 Sycla. Hanke. Viitattu 25.10.2023. Saatavissa <a href=\"https:\/\/www.lab.fi\/fi\/projekti\/systemic-change-towards-sustainable-commuting-lahti-sycla\">https:\/\/www.lab.fi\/fi\/projekti\/systemic-change-towards-sustainable-commuting-lahti-sycla<\/a><\/p>\n\n\n\n<p>TIER. 2023. Punaiset, keltaiset ja harmaat alueet kartalla. Sovellus. <\/p>\n","protected":false},"excerpt":{"rendered":"<p>Systemic change towards sustainable commuting in Lahti eli Sycla on Lahteen sijoittuva pilottihanke, jossa selvitet\u00e4\u00e4n ty\u00f6matkaliikkumisen nykytilaa sek\u00e4 tunnistetaan kest\u00e4v\u00e4n ty\u00f6matkaliikkumisen yksil\u00f6llisi\u00e4 ja organisaatiokohtaisia esteit\u00e4 ja kannustimia lahtelaisissa pilottiorganisaatioissa. Ty\u00f6matkaliikkumista kartoitetaan henkil\u00f6st\u00f6kyselyin, haastatteluin ja havaintokierroksin. (LAB 2023.) T\u00e4ss\u00e4 blogikirjoituksessa k\u00e4sitell\u00e4\u00e4n havainnointikierroksia edelt\u00e4v\u00e4\u00e4 alustavaa kartoitusty\u00f6t\u00e4, jossa selvitettiin lahtelaisten pilottiorganisaatioiden henkil\u00f6st\u00f6n mahdollisuuksia k\u00e4ytt\u00e4\u00e4 kaupunkipy\u00f6ri\u00e4 ja yhteisk\u00e4ytt\u00f6s\u00e4hk\u00f6potkulautoja sek\u00e4 [&hellip;]<\/p>\n","protected":false},"author":17,"featured_media":16023,"comment_status":"closed","ping_status":"open","sticky":false,"template":"","format":"standard","meta":{"footnotes":""},"categories":[23,33],"tags":[29,7982,7980,4198],"class_list":{"0":"post-16021","1":"post","2":"type-post","3":"status-publish","4":"format-standard","5":"has-post-thumbnail","7":"category-circular-economy_fi","8":"category-kestavat-yhteisot","9":"tag-artikkeli-e1","10":"tag-kaupunkipilotti","11":"tag-sycla","12":"tag-tyomatkaliikkuminen","13":"czr-hentry"},"yoast_head":"<!-- This site is optimized with the Yoast SEO plugin v27.4 - https:\/\/yoast.com\/product\/yoast-seo-wordpress\/ -->\n<title>Lahden Mankeli- ja Tier-verkosto lounaislahtelaisten ty\u00f6paikkojen ulottumattomissa - LAB Focus<\/title>\n<meta name=\"description\" content=\"Lahtelaisessa Sycla-hankkeessa kehitet\u00e4\u00e4n ty\u00f6matkaliikkumista. Esiselvityksiss\u00e4 on havaittu Mankeli- ja Tier-verkkojen suppeutta. LAB-ammattikorkeakoulu.\" \/>\n<meta name=\"robots\" content=\"index, follow, max-snippet:-1, max-image-preview:large, max-video-preview:-1\" \/>\n<link rel=\"canonical\" href=\"https:\/\/blogit.lab.fi\/labfocus\/lahden-mankeli-ja-tier-verkosto-lounaislahtelaisten-tyopaikkojen-ulottumattomissa\/\" \/>\n<meta property=\"og:locale\" content=\"fi_FI\" \/>\n<meta property=\"og:type\" content=\"article\" \/>\n<meta property=\"og:title\" content=\"Lahden Mankeli- ja Tier-verkosto lounaislahtelaisten ty\u00f6paikkojen ulottumattomissa - LAB Focus\" \/>\n<meta property=\"og:description\" content=\"Lahtelaisessa Sycla-hankkeessa kehitet\u00e4\u00e4n ty\u00f6matkaliikkumista. Esiselvityksiss\u00e4 on havaittu Mankeli- ja Tier-verkkojen suppeutta. LAB-ammattikorkeakoulu.\" \/>\n<meta property=\"og:url\" content=\"https:\/\/blogit.lab.fi\/labfocus\/lahden-mankeli-ja-tier-verkosto-lounaislahtelaisten-tyopaikkojen-ulottumattomissa\/\" \/>\n<meta property=\"og:site_name\" content=\"LAB Focus\" \/>\n<meta property=\"article:published_time\" content=\"2023-11-20T09:03:45+00:00\" \/>\n<meta property=\"article:modified_time\" content=\"2025-06-09T09:12:04+00:00\" \/>\n<meta property=\"og:image\" content=\"https:\/\/blogit.lab.fi\/labfocus\/wp-content\/uploads\/sites\/8\/2023\/11\/802_2023_Lahden-Mankeli-ja-Tier-verkosto-lounaislahtelaisten-tyopaikkojen-ulottumattomissa.jpg\" \/>\n\t<meta property=\"og:image:width\" content=\"1280\" \/>\n\t<meta property=\"og:image:height\" content=\"640\" \/>\n\t<meta property=\"og:image:type\" content=\"image\/jpeg\" \/>\n<meta name=\"author\" content=\"tainask\" \/>\n<meta name=\"twitter:card\" content=\"summary_large_image\" \/>\n<meta name=\"twitter:creator\" content=\"@LABfinland\" \/>\n<meta name=\"twitter:site\" content=\"@LABfinland\" \/>\n<meta name=\"twitter:label1\" content=\"Kirjoittanut\" \/>\n\t<meta name=\"twitter:data1\" content=\"tainask\" \/>\n\t<meta name=\"twitter:label2\" content=\"Arvioitu lukuaika\" \/>\n\t<meta name=\"twitter:data2\" content=\"3 minuuttia\" \/>\n<script type=\"application\/ld+json\" class=\"yoast-schema-graph\">{\"@context\":\"https:\\\/\\\/schema.org\",\"@graph\":[{\"@type\":\"Article\",\"@id\":\"https:\\\/\\\/blogit.lab.fi\\\/labfocus\\\/lahden-mankeli-ja-tier-verkosto-lounaislahtelaisten-tyopaikkojen-ulottumattomissa\\\/#article\",\"isPartOf\":{\"@id\":\"https:\\\/\\\/blogit.lab.fi\\\/labfocus\\\/lahden-mankeli-ja-tier-verkosto-lounaislahtelaisten-tyopaikkojen-ulottumattomissa\\\/\"},\"author\":{\"name\":\"tainask\",\"@id\":\"https:\\\/\\\/blogit.lab.fi\\\/labfocus\\\/#\\\/schema\\\/person\\\/da729f65c4a2fb9fd8f0b1ec7a2ab7d0\"},\"headline\":\"Lahden Mankeli- ja Tier-verkosto lounaislahtelaisten ty\u00f6paikkojen ulottumattomissa\",\"datePublished\":\"2023-11-20T09:03:45+00:00\",\"dateModified\":\"2025-06-09T09:12:04+00:00\",\"mainEntityOfPage\":{\"@id\":\"https:\\\/\\\/blogit.lab.fi\\\/labfocus\\\/lahden-mankeli-ja-tier-verkosto-lounaislahtelaisten-tyopaikkojen-ulottumattomissa\\\/\"},\"wordCount\":498,\"publisher\":{\"@id\":\"https:\\\/\\\/blogit.lab.fi\\\/labfocus\\\/#organization\"},\"image\":{\"@id\":\"https:\\\/\\\/blogit.lab.fi\\\/labfocus\\\/lahden-mankeli-ja-tier-verkosto-lounaislahtelaisten-tyopaikkojen-ulottumattomissa\\\/#primaryimage\"},\"thumbnailUrl\":\"https:\\\/\\\/blogit.lab.fi\\\/labfocus\\\/wp-content\\\/uploads\\\/sites\\\/8\\\/2023\\\/11\\\/802_2023_Lahden-Mankeli-ja-Tier-verkosto-lounaislahtelaisten-tyopaikkojen-ulottumattomissa.jpg\",\"keywords\":[\"Artikkeli E1\",\"kaupunkipilotti\",\"Sycla\",\"ty\u00f6matkaliikkuminen\"],\"articleSection\":[\"Circular Economy\",\"Kest\u00e4v\u00e4t yhteis\u00f6t\"],\"inLanguage\":\"fi\"},{\"@type\":\"WebPage\",\"@id\":\"https:\\\/\\\/blogit.lab.fi\\\/labfocus\\\/lahden-mankeli-ja-tier-verkosto-lounaislahtelaisten-tyopaikkojen-ulottumattomissa\\\/\",\"url\":\"https:\\\/\\\/blogit.lab.fi\\\/labfocus\\\/lahden-mankeli-ja-tier-verkosto-lounaislahtelaisten-tyopaikkojen-ulottumattomissa\\\/\",\"name\":\"Lahden Mankeli- ja Tier-verkosto lounaislahtelaisten ty\u00f6paikkojen ulottumattomissa - LAB Focus\",\"isPartOf\":{\"@id\":\"https:\\\/\\\/blogit.lab.fi\\\/labfocus\\\/#website\"},\"primaryImageOfPage\":{\"@id\":\"https:\\\/\\\/blogit.lab.fi\\\/labfocus\\\/lahden-mankeli-ja-tier-verkosto-lounaislahtelaisten-tyopaikkojen-ulottumattomissa\\\/#primaryimage\"},\"image\":{\"@id\":\"https:\\\/\\\/blogit.lab.fi\\\/labfocus\\\/lahden-mankeli-ja-tier-verkosto-lounaislahtelaisten-tyopaikkojen-ulottumattomissa\\\/#primaryimage\"},\"thumbnailUrl\":\"https:\\\/\\\/blogit.lab.fi\\\/labfocus\\\/wp-content\\\/uploads\\\/sites\\\/8\\\/2023\\\/11\\\/802_2023_Lahden-Mankeli-ja-Tier-verkosto-lounaislahtelaisten-tyopaikkojen-ulottumattomissa.jpg\",\"datePublished\":\"2023-11-20T09:03:45+00:00\",\"dateModified\":\"2025-06-09T09:12:04+00:00\",\"description\":\"Lahtelaisessa Sycla-hankkeessa kehitet\u00e4\u00e4n ty\u00f6matkaliikkumista. Esiselvityksiss\u00e4 on havaittu Mankeli- ja Tier-verkkojen suppeutta. LAB-ammattikorkeakoulu.\",\"breadcrumb\":{\"@id\":\"https:\\\/\\\/blogit.lab.fi\\\/labfocus\\\/lahden-mankeli-ja-tier-verkosto-lounaislahtelaisten-tyopaikkojen-ulottumattomissa\\\/#breadcrumb\"},\"inLanguage\":\"fi\",\"potentialAction\":[{\"@type\":\"ReadAction\",\"target\":[\"https:\\\/\\\/blogit.lab.fi\\\/labfocus\\\/lahden-mankeli-ja-tier-verkosto-lounaislahtelaisten-tyopaikkojen-ulottumattomissa\\\/\"]}]},{\"@type\":\"ImageObject\",\"inLanguage\":\"fi\",\"@id\":\"https:\\\/\\\/blogit.lab.fi\\\/labfocus\\\/lahden-mankeli-ja-tier-verkosto-lounaislahtelaisten-tyopaikkojen-ulottumattomissa\\\/#primaryimage\",\"url\":\"https:\\\/\\\/blogit.lab.fi\\\/labfocus\\\/wp-content\\\/uploads\\\/sites\\\/8\\\/2023\\\/11\\\/802_2023_Lahden-Mankeli-ja-Tier-verkosto-lounaislahtelaisten-tyopaikkojen-ulottumattomissa.jpg\",\"contentUrl\":\"https:\\\/\\\/blogit.lab.fi\\\/labfocus\\\/wp-content\\\/uploads\\\/sites\\\/8\\\/2023\\\/11\\\/802_2023_Lahden-Mankeli-ja-Tier-verkosto-lounaislahtelaisten-tyopaikkojen-ulottumattomissa.jpg\",\"width\":1280,\"height\":640},{\"@type\":\"BreadcrumbList\",\"@id\":\"https:\\\/\\\/blogit.lab.fi\\\/labfocus\\\/lahden-mankeli-ja-tier-verkosto-lounaislahtelaisten-tyopaikkojen-ulottumattomissa\\\/#breadcrumb\",\"itemListElement\":[{\"@type\":\"ListItem\",\"position\":1,\"name\":\"Home\",\"item\":\"https:\\\/\\\/blogit.lab.fi\\\/labfocus\\\/\"},{\"@type\":\"ListItem\",\"position\":2,\"name\":\"Lahden Mankeli- ja Tier-verkosto lounaislahtelaisten ty\u00f6paikkojen ulottumattomissa\"}]},{\"@type\":\"WebSite\",\"@id\":\"https:\\\/\\\/blogit.lab.fi\\\/labfocus\\\/#website\",\"url\":\"https:\\\/\\\/blogit.lab.fi\\\/labfocus\\\/\",\"name\":\"LAB Focus\",\"description\":\"Focus Area blog | LAB University of Applied Sciences\",\"publisher\":{\"@id\":\"https:\\\/\\\/blogit.lab.fi\\\/labfocus\\\/#organization\"},\"potentialAction\":[{\"@type\":\"SearchAction\",\"target\":{\"@type\":\"EntryPoint\",\"urlTemplate\":\"https:\\\/\\\/blogit.lab.fi\\\/labfocus\\\/?s={search_term_string}\"},\"query-input\":{\"@type\":\"PropertyValueSpecification\",\"valueRequired\":true,\"valueName\":\"search_term_string\"}}],\"inLanguage\":\"fi\"},{\"@type\":\"Organization\",\"@id\":\"https:\\\/\\\/blogit.lab.fi\\\/labfocus\\\/#organization\",\"name\":\"LAB Focus\",\"url\":\"https:\\\/\\\/blogit.lab.fi\\\/labfocus\\\/\",\"logo\":{\"@type\":\"ImageObject\",\"inLanguage\":\"fi\",\"@id\":\"https:\\\/\\\/blogit.lab.fi\\\/labfocus\\\/#\\\/schema\\\/logo\\\/image\\\/\",\"url\":\"https:\\\/\\\/blogit.lab.fi\\\/labfocus\\\/wp-content\\\/uploads\\\/sites\\\/8\\\/2020\\\/04\\\/cropped-cropped-tunnus_blogi-01.png\",\"contentUrl\":\"https:\\\/\\\/blogit.lab.fi\\\/labfocus\\\/wp-content\\\/uploads\\\/sites\\\/8\\\/2020\\\/04\\\/cropped-cropped-tunnus_blogi-01.png\",\"width\":1342,\"height\":288,\"caption\":\"LAB Focus\"},\"image\":{\"@id\":\"https:\\\/\\\/blogit.lab.fi\\\/labfocus\\\/#\\\/schema\\\/logo\\\/image\\\/\"},\"sameAs\":[\"https:\\\/\\\/x.com\\\/LABfinland\"]},{\"@type\":\"Person\",\"@id\":\"https:\\\/\\\/blogit.lab.fi\\\/labfocus\\\/#\\\/schema\\\/person\\\/da729f65c4a2fb9fd8f0b1ec7a2ab7d0\",\"name\":\"tainask\",\"image\":{\"@type\":\"ImageObject\",\"inLanguage\":\"fi\",\"@id\":\"https:\\\/\\\/secure.gravatar.com\\\/avatar\\\/4a96427877ef826b76e80c27f60b266128094f522551459346efcf14282febb3?s=96&d=mm&r=g\",\"url\":\"https:\\\/\\\/secure.gravatar.com\\\/avatar\\\/4a96427877ef826b76e80c27f60b266128094f522551459346efcf14282febb3?s=96&d=mm&r=g\",\"contentUrl\":\"https:\\\/\\\/secure.gravatar.com\\\/avatar\\\/4a96427877ef826b76e80c27f60b266128094f522551459346efcf14282febb3?s=96&d=mm&r=g\",\"caption\":\"tainask\"},\"url\":\"https:\\\/\\\/blogit.lab.fi\\\/labfocus\\\/author\\\/tainask\\\/\"}]}<\/script>\n<!-- \/ Yoast SEO plugin. -->","yoast_head_json":{"title":"Lahden Mankeli- ja Tier-verkosto lounaislahtelaisten ty\u00f6paikkojen ulottumattomissa - LAB Focus","description":"Lahtelaisessa Sycla-hankkeessa kehitet\u00e4\u00e4n ty\u00f6matkaliikkumista. Esiselvityksiss\u00e4 on havaittu Mankeli- ja Tier-verkkojen suppeutta. LAB-ammattikorkeakoulu.","robots":{"index":"index","follow":"follow","max-snippet":"max-snippet:-1","max-image-preview":"max-image-preview:large","max-video-preview":"max-video-preview:-1"},"canonical":"https:\/\/blogit.lab.fi\/labfocus\/lahden-mankeli-ja-tier-verkosto-lounaislahtelaisten-tyopaikkojen-ulottumattomissa\/","og_locale":"fi_FI","og_type":"article","og_title":"Lahden Mankeli- ja Tier-verkosto lounaislahtelaisten ty\u00f6paikkojen ulottumattomissa - LAB Focus","og_description":"Lahtelaisessa Sycla-hankkeessa kehitet\u00e4\u00e4n ty\u00f6matkaliikkumista. Esiselvityksiss\u00e4 on havaittu Mankeli- ja Tier-verkkojen suppeutta. LAB-ammattikorkeakoulu.","og_url":"https:\/\/blogit.lab.fi\/labfocus\/lahden-mankeli-ja-tier-verkosto-lounaislahtelaisten-tyopaikkojen-ulottumattomissa\/","og_site_name":"LAB Focus","article_published_time":"2023-11-20T09:03:45+00:00","article_modified_time":"2025-06-09T09:12:04+00:00","og_image":[{"width":1280,"height":640,"url":"https:\/\/blogit.lab.fi\/labfocus\/wp-content\/uploads\/sites\/8\/2023\/11\/802_2023_Lahden-Mankeli-ja-Tier-verkosto-lounaislahtelaisten-tyopaikkojen-ulottumattomissa.jpg","type":"image\/jpeg"}],"author":"tainask","twitter_card":"summary_large_image","twitter_creator":"@LABfinland","twitter_site":"@LABfinland","twitter_misc":{"Kirjoittanut":"tainask","Arvioitu lukuaika":"3 minuuttia"},"schema":{"@context":"https:\/\/schema.org","@graph":[{"@type":"Article","@id":"https:\/\/blogit.lab.fi\/labfocus\/lahden-mankeli-ja-tier-verkosto-lounaislahtelaisten-tyopaikkojen-ulottumattomissa\/#article","isPartOf":{"@id":"https:\/\/blogit.lab.fi\/labfocus\/lahden-mankeli-ja-tier-verkosto-lounaislahtelaisten-tyopaikkojen-ulottumattomissa\/"},"author":{"name":"tainask","@id":"https:\/\/blogit.lab.fi\/labfocus\/#\/schema\/person\/da729f65c4a2fb9fd8f0b1ec7a2ab7d0"},"headline":"Lahden Mankeli- ja Tier-verkosto lounaislahtelaisten ty\u00f6paikkojen ulottumattomissa","datePublished":"2023-11-20T09:03:45+00:00","dateModified":"2025-06-09T09:12:04+00:00","mainEntityOfPage":{"@id":"https:\/\/blogit.lab.fi\/labfocus\/lahden-mankeli-ja-tier-verkosto-lounaislahtelaisten-tyopaikkojen-ulottumattomissa\/"},"wordCount":498,"publisher":{"@id":"https:\/\/blogit.lab.fi\/labfocus\/#organization"},"image":{"@id":"https:\/\/blogit.lab.fi\/labfocus\/lahden-mankeli-ja-tier-verkosto-lounaislahtelaisten-tyopaikkojen-ulottumattomissa\/#primaryimage"},"thumbnailUrl":"https:\/\/blogit.lab.fi\/labfocus\/wp-content\/uploads\/sites\/8\/2023\/11\/802_2023_Lahden-Mankeli-ja-Tier-verkosto-lounaislahtelaisten-tyopaikkojen-ulottumattomissa.jpg","keywords":["Artikkeli E1","kaupunkipilotti","Sycla","ty\u00f6matkaliikkuminen"],"articleSection":["Circular Economy","Kest\u00e4v\u00e4t yhteis\u00f6t"],"inLanguage":"fi"},{"@type":"WebPage","@id":"https:\/\/blogit.lab.fi\/labfocus\/lahden-mankeli-ja-tier-verkosto-lounaislahtelaisten-tyopaikkojen-ulottumattomissa\/","url":"https:\/\/blogit.lab.fi\/labfocus\/lahden-mankeli-ja-tier-verkosto-lounaislahtelaisten-tyopaikkojen-ulottumattomissa\/","name":"Lahden Mankeli- ja Tier-verkosto lounaislahtelaisten ty\u00f6paikkojen ulottumattomissa - LAB Focus","isPartOf":{"@id":"https:\/\/blogit.lab.fi\/labfocus\/#website"},"primaryImageOfPage":{"@id":"https:\/\/blogit.lab.fi\/labfocus\/lahden-mankeli-ja-tier-verkosto-lounaislahtelaisten-tyopaikkojen-ulottumattomissa\/#primaryimage"},"image":{"@id":"https:\/\/blogit.lab.fi\/labfocus\/lahden-mankeli-ja-tier-verkosto-lounaislahtelaisten-tyopaikkojen-ulottumattomissa\/#primaryimage"},"thumbnailUrl":"https:\/\/blogit.lab.fi\/labfocus\/wp-content\/uploads\/sites\/8\/2023\/11\/802_2023_Lahden-Mankeli-ja-Tier-verkosto-lounaislahtelaisten-tyopaikkojen-ulottumattomissa.jpg","datePublished":"2023-11-20T09:03:45+00:00","dateModified":"2025-06-09T09:12:04+00:00","description":"Lahtelaisessa Sycla-hankkeessa kehitet\u00e4\u00e4n ty\u00f6matkaliikkumista. Esiselvityksiss\u00e4 on havaittu Mankeli- ja Tier-verkkojen suppeutta. LAB-ammattikorkeakoulu.","breadcrumb":{"@id":"https:\/\/blogit.lab.fi\/labfocus\/lahden-mankeli-ja-tier-verkosto-lounaislahtelaisten-tyopaikkojen-ulottumattomissa\/#breadcrumb"},"inLanguage":"fi","potentialAction":[{"@type":"ReadAction","target":["https:\/\/blogit.lab.fi\/labfocus\/lahden-mankeli-ja-tier-verkosto-lounaislahtelaisten-tyopaikkojen-ulottumattomissa\/"]}]},{"@type":"ImageObject","inLanguage":"fi","@id":"https:\/\/blogit.lab.fi\/labfocus\/lahden-mankeli-ja-tier-verkosto-lounaislahtelaisten-tyopaikkojen-ulottumattomissa\/#primaryimage","url":"https:\/\/blogit.lab.fi\/labfocus\/wp-content\/uploads\/sites\/8\/2023\/11\/802_2023_Lahden-Mankeli-ja-Tier-verkosto-lounaislahtelaisten-tyopaikkojen-ulottumattomissa.jpg","contentUrl":"https:\/\/blogit.lab.fi\/labfocus\/wp-content\/uploads\/sites\/8\/2023\/11\/802_2023_Lahden-Mankeli-ja-Tier-verkosto-lounaislahtelaisten-tyopaikkojen-ulottumattomissa.jpg","width":1280,"height":640},{"@type":"BreadcrumbList","@id":"https:\/\/blogit.lab.fi\/labfocus\/lahden-mankeli-ja-tier-verkosto-lounaislahtelaisten-tyopaikkojen-ulottumattomissa\/#breadcrumb","itemListElement":[{"@type":"ListItem","position":1,"name":"Home","item":"https:\/\/blogit.lab.fi\/labfocus\/"},{"@type":"ListItem","position":2,"name":"Lahden Mankeli- ja Tier-verkosto lounaislahtelaisten ty\u00f6paikkojen ulottumattomissa"}]},{"@type":"WebSite","@id":"https:\/\/blogit.lab.fi\/labfocus\/#website","url":"https:\/\/blogit.lab.fi\/labfocus\/","name":"LAB Focus","description":"Focus Area blog | LAB University of Applied Sciences","publisher":{"@id":"https:\/\/blogit.lab.fi\/labfocus\/#organization"},"potentialAction":[{"@type":"SearchAction","target":{"@type":"EntryPoint","urlTemplate":"https:\/\/blogit.lab.fi\/labfocus\/?s={search_term_string}"},"query-input":{"@type":"PropertyValueSpecification","valueRequired":true,"valueName":"search_term_string"}}],"inLanguage":"fi"},{"@type":"Organization","@id":"https:\/\/blogit.lab.fi\/labfocus\/#organization","name":"LAB Focus","url":"https:\/\/blogit.lab.fi\/labfocus\/","logo":{"@type":"ImageObject","inLanguage":"fi","@id":"https:\/\/blogit.lab.fi\/labfocus\/#\/schema\/logo\/image\/","url":"https:\/\/blogit.lab.fi\/labfocus\/wp-content\/uploads\/sites\/8\/2020\/04\/cropped-cropped-tunnus_blogi-01.png","contentUrl":"https:\/\/blogit.lab.fi\/labfocus\/wp-content\/uploads\/sites\/8\/2020\/04\/cropped-cropped-tunnus_blogi-01.png","width":1342,"height":288,"caption":"LAB Focus"},"image":{"@id":"https:\/\/blogit.lab.fi\/labfocus\/#\/schema\/logo\/image\/"},"sameAs":["https:\/\/x.com\/LABfinland"]},{"@type":"Person","@id":"https:\/\/blogit.lab.fi\/labfocus\/#\/schema\/person\/da729f65c4a2fb9fd8f0b1ec7a2ab7d0","name":"tainask","image":{"@type":"ImageObject","inLanguage":"fi","@id":"https:\/\/secure.gravatar.com\/avatar\/4a96427877ef826b76e80c27f60b266128094f522551459346efcf14282febb3?s=96&d=mm&r=g","url":"https:\/\/secure.gravatar.com\/avatar\/4a96427877ef826b76e80c27f60b266128094f522551459346efcf14282febb3?s=96&d=mm&r=g","contentUrl":"https:\/\/secure.gravatar.com\/avatar\/4a96427877ef826b76e80c27f60b266128094f522551459346efcf14282febb3?s=96&d=mm&r=g","caption":"tainask"},"url":"https:\/\/blogit.lab.fi\/labfocus\/author\/tainask\/"}]}},"_links":{"self":[{"href":"https:\/\/blogit.lab.fi\/labfocus\/wp-json\/wp\/v2\/posts\/16021","targetHints":{"allow":["GET"]}}],"collection":[{"href":"https:\/\/blogit.lab.fi\/labfocus\/wp-json\/wp\/v2\/posts"}],"about":[{"href":"https:\/\/blogit.lab.fi\/labfocus\/wp-json\/wp\/v2\/types\/post"}],"author":[{"embeddable":true,"href":"https:\/\/blogit.lab.fi\/labfocus\/wp-json\/wp\/v2\/users\/17"}],"replies":[{"embeddable":true,"href":"https:\/\/blogit.lab.fi\/labfocus\/wp-json\/wp\/v2\/comments?post=16021"}],"version-history":[{"count":3,"href":"https:\/\/blogit.lab.fi\/labfocus\/wp-json\/wp\/v2\/posts\/16021\/revisions"}],"predecessor-version":[{"id":24481,"href":"https:\/\/blogit.lab.fi\/labfocus\/wp-json\/wp\/v2\/posts\/16021\/revisions\/24481"}],"wp:featuredmedia":[{"embeddable":true,"href":"https:\/\/blogit.lab.fi\/labfocus\/wp-json\/wp\/v2\/media\/16023"}],"wp:attachment":[{"href":"https:\/\/blogit.lab.fi\/labfocus\/wp-json\/wp\/v2\/media?parent=16021"}],"wp:term":[{"taxonomy":"category","embeddable":true,"href":"https:\/\/blogit.lab.fi\/labfocus\/wp-json\/wp\/v2\/categories?post=16021"},{"taxonomy":"post_tag","embeddable":true,"href":"https:\/\/blogit.lab.fi\/labfocus\/wp-json\/wp\/v2\/tags?post=16021"}],"curies":[{"name":"wp","href":"https:\/\/api.w.org\/{rel}","templated":true}]}}