{"id":16126,"date":"2023-11-24T12:02:06","date_gmt":"2023-11-24T10:02:06","guid":{"rendered":"https:\/\/blogit.lab.fi\/labfocus\/?p=16126"},"modified":"2023-11-24T12:02:08","modified_gmt":"2023-11-24T10:02:08","slug":"kasvua-ja-elinvoimaa-pk-yritysten-kansainvalistymisella","status":"publish","type":"post","link":"https:\/\/blogit.lab.fi\/labfocus\/kasvua-ja-elinvoimaa-pk-yritysten-kansainvalistymisella\/","title":{"rendered":"Kasvua ja elinvoimaa pk-yritysten kansainv\u00e4listymisell\u00e4"},"content":{"rendered":"\n<p>ELIVA-hankkeessa on haettu ja luotu konkreettisia keinoja kehitt\u00e4m\u00e4\u00e4n LAB-ammattikorkeakoulun ja elinkeinoel\u00e4m\u00e4n yhteyksi\u00e4 (LAB 2023a). Syyskes\u00e4ll\u00e4 2023 p\u00e4\u00e4ttyneess\u00e4 hankkeessa syntyi muun muassa kaikkien ulottuvilla olevaa valmennusta edist\u00e4m\u00e4\u00e4n opiskelijoiden ja yritysten kohtaamista sek\u00e4 yleisemmin elinvoiman vahvistamista Etel\u00e4-Karjalassa.<\/p>\n\n\n\n<p>Yksi ELIVA-hankkeen valmennusteemoista oli kansainv\u00e4listyminen ja siihen liittyv\u00e4t haasteet. Viiden videotallenteen valmennuskokonaisuutta l\u00e4hdettiin rakentamaan pilottiyritysten kuuntelemisella dialogitapaamisessa maaliskuussa 2023. Valmennuksen kummiyrityksen\u00e4 on kansainv\u00e4listymiseen omalla esimerkill\u00e4\u00e4n kannustava Sunrob Robotics Oy. Kummiyrityksen kansainv\u00e4listymismallin keski\u00f6ss\u00e4 on organisaation kulttuuri ja yhteinen kieli, englanti <a>(LAB 2023d<\/a>). Toimitusjohtaja Sami P\u00f6rsti on avannut ennakkoluulottomasti ovia projekteille ja edelleen LAB-ammattikorkeakoulun kansainv\u00e4lisille opiskelijoiden harjoitteluille ja rekrytoinneille.<\/p>\n\n\n\n<h2 class=\"wp-block-heading\"><a>Monikulttuurisuutta rohkeasti yrityksiin<\/a><\/h2>\n\n\n\n<p>Kieli- ja kulttuuriosaamisen puute nostetaan usein keskusteluun kansainv\u00e4listymisen esteist\u00e4 tai hidasteista niin paikallisesti kuin valtakunnallisestikin. Osaamisen puute koskee niin kansainv\u00e4lisi\u00e4 osaajia kuin yrityksi\u00e4kin. Elivan tuottamien videoiden asiantuntijapuheenvuoroissa k\u00e4sitell\u00e4\u00e4n kieli- ja kulttuurikysymyksi\u00e4 eri n\u00e4k\u00f6kulmista, k\u00e4yt\u00e4nn\u00f6n viestinn\u00e4st\u00e4 (LAB 2023b; LAB 2023c) sopimuskulttuuriin (LAB 2023e). Videovalmennussarjan tarkoitus on her\u00e4tt\u00e4\u00e4 kysymyksi\u00e4 ja oivalluksia, jotka osaltaan voisivat madaltaa kynnyst\u00e4 kansainv\u00e4listymisen mahdollisuuksien punnitsemiseen.<\/p>\n\n\n\n<p>Kansainv\u00e4listyminen ei ole pelk\u00e4st\u00e4\u00e4n uusille markkina-alueille pyrkimist\u00e4 ja viennin aloittamista, vaan my\u00f6s kotikansainv\u00e4listymist\u00e4 ja erilaisten bisneskulttuurien etikettien tuntemista. Yritysten ty\u00f6kulttuurin kehitt\u00e4minen avoimemmaksi kansainv\u00e4listen osaajien rekrytoimiseksi on yksi avainasioista, jossa kansainv\u00e4listen opiskelijoiden ottaminen mukaan projekteihin esimerkiksi harjoittelujen ja opinn\u00e4ytet\u00f6iden kautta on toimiva tapa testata opiskelijoiden soveltuvuutta yrityksen tarpeisiin ja kulttuuriin.<\/p>\n\n\n\n<figure class=\"wp-block-image size-large\"><img loading=\"lazy\" decoding=\"async\" width=\"1024\" height=\"571\" src=\"https:\/\/blogit.lab.fi\/labfocus\/wp-content\/uploads\/sites\/8\/2023\/11\/831_2023_Kasvua-ja-elinvoimaa-1024x571.jpg\" alt=\"[Alt-teksti: nuori tummahiuksinen mies puhumassa katse kohti kameraa.]\" class=\"wp-image-16128\" srcset=\"https:\/\/blogit.lab.fi\/labfocus\/wp-content\/uploads\/sites\/8\/2023\/11\/831_2023_Kasvua-ja-elinvoimaa-1024x571.jpg 1024w, https:\/\/blogit.lab.fi\/labfocus\/wp-content\/uploads\/sites\/8\/2023\/11\/831_2023_Kasvua-ja-elinvoimaa-300x167.jpg 300w, https:\/\/blogit.lab.fi\/labfocus\/wp-content\/uploads\/sites\/8\/2023\/11\/831_2023_Kasvua-ja-elinvoimaa-768x428.jpg 768w, https:\/\/blogit.lab.fi\/labfocus\/wp-content\/uploads\/sites\/8\/2023\/11\/831_2023_Kasvua-ja-elinvoimaa-570x318.jpg 570w, https:\/\/blogit.lab.fi\/labfocus\/wp-content\/uploads\/sites\/8\/2023\/11\/831_2023_Kasvua-ja-elinvoimaa.jpg 1280w\" sizes=\"auto, (max-width: 1024px) 100vw, 1024px\" \/><figcaption class=\"wp-element-caption\"><a>Kuva 1<\/a>. Videovalmennussarjassa my\u00f6s esiintyv\u00e4 Lappeenrannan elinvoimajohtaja Ding Ma rohkaisee yritt\u00e4ji\u00e4 kontaktoimaan LABin ja LUTin kansainv\u00e4lisi\u00e4 opiskelijoita. \u201dMit\u00e4 enemm\u00e4n annatte, sit\u00e4 enemm\u00e4n saatte takaisin kansainv\u00e4lisilt\u00e4 osaajilta\u201d, on h\u00e4nen viestins\u00e4 yritt\u00e4jille. (LAB 2023f)<\/figcaption><\/figure>\n\n\n\n<h2 class=\"wp-block-heading\">Videovalmennussarja kaikille<\/h2>\n\n\n\n<p>Videovalmennussarja julkaistiin dialogitilaisuudessa, jossa yritysten edustajat toivat esille omia kokemuksiaan ja tarpeitaan kansainv\u00e4listymisens\u00e4 edist\u00e4miseksi. Oppilaitosyhteisty\u00f6n ja alueen yritystoimintaa tukevien toimijoiden, kuten Wirman ja Kehyn, tarjoamien kansainv\u00e4listymist\u00e4 helpottavien palveluiden saatavuus ja niist\u00e4 tiedon saaminen osaltaan laskevat kynnyst\u00e4 harkita niin kansainv\u00e4listen osaajien palkkaamista kuin uusille markkina-alueille l\u00e4htemist\u00e4.<\/p>\n\n\n\n<p>Koska yksin pohtiminen voi muodostua kasvun esteeksi, kannattaa muistaa, ett\u00e4 asiantuntijaorganisaatioista voi saada tukea my\u00f6s kansainv\u00e4listymiskysymyksiin. Rohkeus kansainv\u00e4listymiskokeiluihin on ensimm\u00e4inen askel.<\/p>\n\n\n\n<div class=\"wp-block-group has-background\" style=\"background-color:#b3edfb\"><div class=\"wp-block-group__inner-container is-layout-constrained wp-block-group-is-layout-constrained\">\n<p>Kirjoittaja<\/p>\n\n\n\n<p><strong>Outi Katajam\u00e4ki<\/strong> on pitk\u00e4n kansainv\u00e4lisen kokemuksen omaava tiimivalmennuksen ammattilainen LAB-ammattikorkeakoulun liiketoimintayksik\u00f6ss\u00e4. <a>H\u00e4n toimi TKI-asiantuntijana ELIVA-hankkeessa.<\/a>\u00a0<\/p>\n<\/div><\/div>\n\n\n<div class=\"wp-block-image\">\n<figure class=\"aligncenter size-full is-resized\"><img loading=\"lazy\" decoding=\"async\" width=\"217\" height=\"100\" src=\"https:\/\/blogit.lab.fi\/labfocus\/wp-content\/uploads\/sites\/8\/2023\/11\/EAKRvipuetelakarjala_217x100px.png\" alt=\"\" class=\"wp-image-16129\" style=\"width:384px;height:auto\" \/><\/figure>\n<\/div>\n\n\n<h2 class=\"wp-block-heading\"><a>L\u00e4hteet<\/a><\/h2>\n\n\n\n<p>LAB. 2023a. Yritysten elinkaarivalmennushanke ELIVA. LAB-ammattikorkeakoulu. Viitattu 21.11.2023. Saatavissa <a href=\"https:\/\/www.lab.fi\/fi\/projekti\/yritysten-elinkaarivalmennushanke-eliva\">https:\/\/www.lab.fi\/fi\/projekti\/yritysten-elinkaarivalmennushanke-eliva<\/a><\/p>\n\n\n\n<p>LAB. 2023b. Kansainv\u00e4listyminen on kasvun mahdollisuus \u2013 osa 1: Johdanto. Video. YouTube. ELIVA-hanke. Viitattu 21.11.2023. Saatavissa <a href=\"https:\/\/youtu.be\/pUWYipoZ6lU\">https:\/\/youtu.be\/pUWYipoZ6lU<\/a><\/p>\n\n\n\n<p>LAB. 2023c. Kansainv\u00e4listyminen on kasvun mahdollisuus \u2013 osa 2: Kieli ja kulttuuri. Video. YouTube. ELIVA-hanke. Viitattu 21.11.2023. Saatavissa <a href=\"https:\/\/youtu.be\/RVHrUSqwd68\">https:\/\/youtu.be\/RVHrUSqwd68<\/a><\/p>\n\n\n\n<p>LAB. 2023d. Kansainv\u00e4listyminen on kasvun mahdollisuus \u2013 osa 3: Sunrob Roboticsin kansainv\u00e4listymismalli. Video. YouTube. ELIVA-hanke. Viitattu 21.11.2023. Saatavissa <a href=\"https:\/\/youtu.be\/sZULimloZnY\">https:\/\/youtu.be\/sZULimloZnY<\/a><\/p>\n\n\n\n<p>LAB. 2023e. Kansainv\u00e4listyminen on kasvun mahdollisuus \u2013 osa 4: Sopimuskulttuureissa on eroja. Video. YouTube. ELIVA-hanke. Viitattu 21.11.2023. Saatavissa <a href=\"https:\/\/youtu.be\/1y6jmUC8cic\">https:\/\/youtu.be\/1y6jmUC8cic<\/a><\/p>\n\n\n\n<p>LAB. 2023f. Kansainv\u00e4listyminen on kasvun mahdollisuus \u2013 osa 5: Elinvoimaa kansainv\u00e4listymisest\u00e4. Video. YouTube. ELIVA-hanke. Viitattu 21.11.2023. Saatavissa <a href=\"https:\/\/youtu.be\/6BwXm1H8D4U\">https:\/\/youtu.be\/6BwXm1H8D4U<\/a><\/p>\n\n\n\n<p><a id=\"_msocom_1\"><\/a><\/p>\n\n\n\n<p>\u00a0<\/p>\n\n\n\n<p><a id=\"_msocom_4\"><\/a><\/p>\n\n\n\n<p><\/p>\n","protected":false},"excerpt":{"rendered":"<p>ELIVA-hankkeessa on haettu ja luotu konkreettisia keinoja kehitt\u00e4m\u00e4\u00e4n LAB-ammattikorkeakoulun ja elinkeinoel\u00e4m\u00e4n yhteyksi\u00e4 (LAB 2023a). Syyskes\u00e4ll\u00e4 2023 p\u00e4\u00e4ttyneess\u00e4 hankkeessa syntyi muun muassa kaikkien ulottuvilla olevaa valmennusta edist\u00e4m\u00e4\u00e4n opiskelijoiden ja yritysten kohtaamista sek\u00e4 yleisemmin elinvoiman vahvistamista Etel\u00e4-Karjalassa. Yksi ELIVA-hankkeen valmennusteemoista oli kansainv\u00e4listyminen ja siihen liittyv\u00e4t haasteet. Viiden videotallenteen valmennuskokonaisuutta l\u00e4hdettiin rakentamaan pilottiyritysten kuuntelemisella dialogitapaamisessa maaliskuussa 2023. Valmennuksen [&hellip;]<\/p>\n","protected":false},"author":17,"featured_media":16128,"comment_status":"closed","ping_status":"open","sticky":false,"template":"","format":"standard","meta":{"footnotes":""},"categories":[19,407],"tags":[29,2029,6158,3219,6287],"class_list":{"0":"post-16126","1":"post","2":"type-post","3":"status-publish","4":"format-standard","5":"has-post-thumbnail","7":"category-innovations_fi","8":"category-uudistuva-ja-kehittyva-yrittajyys","9":"tag-artikkeli-e1","10":"tag-business-mill","11":"tag-eliva","12":"tag-pk-yritykset","13":"tag-valmennus","14":"czr-hentry"},"yoast_head":"<!-- This site is optimized with the Yoast SEO plugin v27.4 - https:\/\/yoast.com\/product\/yoast-seo-wordpress\/ -->\n<title>Kasvua ja elinvoimaa pk-yritysten kansainv\u00e4listymisell\u00e4 - LAB Focus<\/title>\n<meta name=\"description\" content=\"LAB-ammattikorkeakoulun ELIVA-hankkeessa tuotettiin viiden valmennusvideon sarja yritysel\u00e4m\u00e4n kehitt\u00e4misen tueksi.\" \/>\n<meta name=\"robots\" content=\"index, follow, max-snippet:-1, max-image-preview:large, max-video-preview:-1\" \/>\n<link rel=\"canonical\" href=\"https:\/\/blogit.lab.fi\/labfocus\/kasvua-ja-elinvoimaa-pk-yritysten-kansainvalistymisella\/\" \/>\n<meta property=\"og:locale\" content=\"fi_FI\" \/>\n<meta property=\"og:type\" content=\"article\" \/>\n<meta property=\"og:title\" content=\"Kasvua ja elinvoimaa pk-yritysten kansainv\u00e4listymisell\u00e4 - LAB Focus\" \/>\n<meta property=\"og:description\" content=\"LAB-ammattikorkeakoulun ELIVA-hankkeessa tuotettiin viiden valmennusvideon sarja yritysel\u00e4m\u00e4n kehitt\u00e4misen tueksi.\" \/>\n<meta property=\"og:url\" content=\"https:\/\/blogit.lab.fi\/labfocus\/kasvua-ja-elinvoimaa-pk-yritysten-kansainvalistymisella\/\" \/>\n<meta property=\"og:site_name\" content=\"LAB Focus\" \/>\n<meta property=\"article:published_time\" content=\"2023-11-24T10:02:06+00:00\" \/>\n<meta property=\"article:modified_time\" content=\"2023-11-24T10:02:08+00:00\" \/>\n<meta property=\"og:image\" content=\"https:\/\/blogit.lab.fi\/labfocus\/wp-content\/uploads\/sites\/8\/2023\/11\/831_2023_Kasvua-ja-elinvoimaa.jpg\" \/>\n\t<meta property=\"og:image:width\" content=\"1280\" \/>\n\t<meta property=\"og:image:height\" content=\"714\" \/>\n\t<meta property=\"og:image:type\" content=\"image\/jpeg\" \/>\n<meta name=\"author\" content=\"tainask\" \/>\n<meta name=\"twitter:card\" content=\"summary_large_image\" \/>\n<meta name=\"twitter:creator\" content=\"@LABfinland\" \/>\n<meta name=\"twitter:site\" content=\"@LABfinland\" \/>\n<meta name=\"twitter:label1\" content=\"Kirjoittanut\" \/>\n\t<meta name=\"twitter:data1\" content=\"tainask\" \/>\n\t<meta name=\"twitter:label2\" content=\"Arvioitu lukuaika\" \/>\n\t<meta name=\"twitter:data2\" content=\"3 minuuttia\" \/>\n<script type=\"application\/ld+json\" class=\"yoast-schema-graph\">{\"@context\":\"https:\\\/\\\/schema.org\",\"@graph\":[{\"@type\":\"Article\",\"@id\":\"https:\\\/\\\/blogit.lab.fi\\\/labfocus\\\/kasvua-ja-elinvoimaa-pk-yritysten-kansainvalistymisella\\\/#article\",\"isPartOf\":{\"@id\":\"https:\\\/\\\/blogit.lab.fi\\\/labfocus\\\/kasvua-ja-elinvoimaa-pk-yritysten-kansainvalistymisella\\\/\"},\"author\":{\"name\":\"tainask\",\"@id\":\"https:\\\/\\\/blogit.lab.fi\\\/labfocus\\\/#\\\/schema\\\/person\\\/da729f65c4a2fb9fd8f0b1ec7a2ab7d0\"},\"headline\":\"Kasvua ja elinvoimaa pk-yritysten kansainv\u00e4listymisell\u00e4\",\"datePublished\":\"2023-11-24T10:02:06+00:00\",\"dateModified\":\"2023-11-24T10:02:08+00:00\",\"mainEntityOfPage\":{\"@id\":\"https:\\\/\\\/blogit.lab.fi\\\/labfocus\\\/kasvua-ja-elinvoimaa-pk-yritysten-kansainvalistymisella\\\/\"},\"wordCount\":507,\"publisher\":{\"@id\":\"https:\\\/\\\/blogit.lab.fi\\\/labfocus\\\/#organization\"},\"image\":{\"@id\":\"https:\\\/\\\/blogit.lab.fi\\\/labfocus\\\/kasvua-ja-elinvoimaa-pk-yritysten-kansainvalistymisella\\\/#primaryimage\"},\"thumbnailUrl\":\"https:\\\/\\\/blogit.lab.fi\\\/labfocus\\\/wp-content\\\/uploads\\\/sites\\\/8\\\/2023\\\/11\\\/831_2023_Kasvua-ja-elinvoimaa.jpg\",\"keywords\":[\"Artikkeli E1\",\"Business Mill\",\"ELIVA\",\"pk-yritykset\",\"valmennus\"],\"articleSection\":[\"Innovations\",\"Uudistuva ja kehittyv\u00e4 yritt\u00e4jyys\"],\"inLanguage\":\"fi\"},{\"@type\":\"WebPage\",\"@id\":\"https:\\\/\\\/blogit.lab.fi\\\/labfocus\\\/kasvua-ja-elinvoimaa-pk-yritysten-kansainvalistymisella\\\/\",\"url\":\"https:\\\/\\\/blogit.lab.fi\\\/labfocus\\\/kasvua-ja-elinvoimaa-pk-yritysten-kansainvalistymisella\\\/\",\"name\":\"Kasvua ja elinvoimaa pk-yritysten kansainv\u00e4listymisell\u00e4 - LAB Focus\",\"isPartOf\":{\"@id\":\"https:\\\/\\\/blogit.lab.fi\\\/labfocus\\\/#website\"},\"primaryImageOfPage\":{\"@id\":\"https:\\\/\\\/blogit.lab.fi\\\/labfocus\\\/kasvua-ja-elinvoimaa-pk-yritysten-kansainvalistymisella\\\/#primaryimage\"},\"image\":{\"@id\":\"https:\\\/\\\/blogit.lab.fi\\\/labfocus\\\/kasvua-ja-elinvoimaa-pk-yritysten-kansainvalistymisella\\\/#primaryimage\"},\"thumbnailUrl\":\"https:\\\/\\\/blogit.lab.fi\\\/labfocus\\\/wp-content\\\/uploads\\\/sites\\\/8\\\/2023\\\/11\\\/831_2023_Kasvua-ja-elinvoimaa.jpg\",\"datePublished\":\"2023-11-24T10:02:06+00:00\",\"dateModified\":\"2023-11-24T10:02:08+00:00\",\"description\":\"LAB-ammattikorkeakoulun ELIVA-hankkeessa tuotettiin viiden valmennusvideon sarja yritysel\u00e4m\u00e4n kehitt\u00e4misen tueksi.\",\"breadcrumb\":{\"@id\":\"https:\\\/\\\/blogit.lab.fi\\\/labfocus\\\/kasvua-ja-elinvoimaa-pk-yritysten-kansainvalistymisella\\\/#breadcrumb\"},\"inLanguage\":\"fi\",\"potentialAction\":[{\"@type\":\"ReadAction\",\"target\":[\"https:\\\/\\\/blogit.lab.fi\\\/labfocus\\\/kasvua-ja-elinvoimaa-pk-yritysten-kansainvalistymisella\\\/\"]}]},{\"@type\":\"ImageObject\",\"inLanguage\":\"fi\",\"@id\":\"https:\\\/\\\/blogit.lab.fi\\\/labfocus\\\/kasvua-ja-elinvoimaa-pk-yritysten-kansainvalistymisella\\\/#primaryimage\",\"url\":\"https:\\\/\\\/blogit.lab.fi\\\/labfocus\\\/wp-content\\\/uploads\\\/sites\\\/8\\\/2023\\\/11\\\/831_2023_Kasvua-ja-elinvoimaa.jpg\",\"contentUrl\":\"https:\\\/\\\/blogit.lab.fi\\\/labfocus\\\/wp-content\\\/uploads\\\/sites\\\/8\\\/2023\\\/11\\\/831_2023_Kasvua-ja-elinvoimaa.jpg\",\"width\":1280,\"height\":714},{\"@type\":\"BreadcrumbList\",\"@id\":\"https:\\\/\\\/blogit.lab.fi\\\/labfocus\\\/kasvua-ja-elinvoimaa-pk-yritysten-kansainvalistymisella\\\/#breadcrumb\",\"itemListElement\":[{\"@type\":\"ListItem\",\"position\":1,\"name\":\"Home\",\"item\":\"https:\\\/\\\/blogit.lab.fi\\\/labfocus\\\/\"},{\"@type\":\"ListItem\",\"position\":2,\"name\":\"Kasvua ja elinvoimaa pk-yritysten kansainv\u00e4listymisell\u00e4\"}]},{\"@type\":\"WebSite\",\"@id\":\"https:\\\/\\\/blogit.lab.fi\\\/labfocus\\\/#website\",\"url\":\"https:\\\/\\\/blogit.lab.fi\\\/labfocus\\\/\",\"name\":\"LAB Focus\",\"description\":\"Focus Area blog | LAB University of Applied Sciences\",\"publisher\":{\"@id\":\"https:\\\/\\\/blogit.lab.fi\\\/labfocus\\\/#organization\"},\"potentialAction\":[{\"@type\":\"SearchAction\",\"target\":{\"@type\":\"EntryPoint\",\"urlTemplate\":\"https:\\\/\\\/blogit.lab.fi\\\/labfocus\\\/?s={search_term_string}\"},\"query-input\":{\"@type\":\"PropertyValueSpecification\",\"valueRequired\":true,\"valueName\":\"search_term_string\"}}],\"inLanguage\":\"fi\"},{\"@type\":\"Organization\",\"@id\":\"https:\\\/\\\/blogit.lab.fi\\\/labfocus\\\/#organization\",\"name\":\"LAB Focus\",\"url\":\"https:\\\/\\\/blogit.lab.fi\\\/labfocus\\\/\",\"logo\":{\"@type\":\"ImageObject\",\"inLanguage\":\"fi\",\"@id\":\"https:\\\/\\\/blogit.lab.fi\\\/labfocus\\\/#\\\/schema\\\/logo\\\/image\\\/\",\"url\":\"https:\\\/\\\/blogit.lab.fi\\\/labfocus\\\/wp-content\\\/uploads\\\/sites\\\/8\\\/2020\\\/04\\\/cropped-cropped-tunnus_blogi-01.png\",\"contentUrl\":\"https:\\\/\\\/blogit.lab.fi\\\/labfocus\\\/wp-content\\\/uploads\\\/sites\\\/8\\\/2020\\\/04\\\/cropped-cropped-tunnus_blogi-01.png\",\"width\":1342,\"height\":288,\"caption\":\"LAB Focus\"},\"image\":{\"@id\":\"https:\\\/\\\/blogit.lab.fi\\\/labfocus\\\/#\\\/schema\\\/logo\\\/image\\\/\"},\"sameAs\":[\"https:\\\/\\\/x.com\\\/LABfinland\"]},{\"@type\":\"Person\",\"@id\":\"https:\\\/\\\/blogit.lab.fi\\\/labfocus\\\/#\\\/schema\\\/person\\\/da729f65c4a2fb9fd8f0b1ec7a2ab7d0\",\"name\":\"tainask\",\"image\":{\"@type\":\"ImageObject\",\"inLanguage\":\"fi\",\"@id\":\"https:\\\/\\\/secure.gravatar.com\\\/avatar\\\/4a96427877ef826b76e80c27f60b266128094f522551459346efcf14282febb3?s=96&d=mm&r=g\",\"url\":\"https:\\\/\\\/secure.gravatar.com\\\/avatar\\\/4a96427877ef826b76e80c27f60b266128094f522551459346efcf14282febb3?s=96&d=mm&r=g\",\"contentUrl\":\"https:\\\/\\\/secure.gravatar.com\\\/avatar\\\/4a96427877ef826b76e80c27f60b266128094f522551459346efcf14282febb3?s=96&d=mm&r=g\",\"caption\":\"tainask\"},\"url\":\"https:\\\/\\\/blogit.lab.fi\\\/labfocus\\\/author\\\/tainask\\\/\"}]}<\/script>\n<!-- \/ Yoast SEO plugin. -->","yoast_head_json":{"title":"Kasvua ja elinvoimaa pk-yritysten kansainv\u00e4listymisell\u00e4 - LAB Focus","description":"LAB-ammattikorkeakoulun ELIVA-hankkeessa tuotettiin viiden valmennusvideon sarja yritysel\u00e4m\u00e4n kehitt\u00e4misen tueksi.","robots":{"index":"index","follow":"follow","max-snippet":"max-snippet:-1","max-image-preview":"max-image-preview:large","max-video-preview":"max-video-preview:-1"},"canonical":"https:\/\/blogit.lab.fi\/labfocus\/kasvua-ja-elinvoimaa-pk-yritysten-kansainvalistymisella\/","og_locale":"fi_FI","og_type":"article","og_title":"Kasvua ja elinvoimaa pk-yritysten kansainv\u00e4listymisell\u00e4 - LAB Focus","og_description":"LAB-ammattikorkeakoulun ELIVA-hankkeessa tuotettiin viiden valmennusvideon sarja yritysel\u00e4m\u00e4n kehitt\u00e4misen tueksi.","og_url":"https:\/\/blogit.lab.fi\/labfocus\/kasvua-ja-elinvoimaa-pk-yritysten-kansainvalistymisella\/","og_site_name":"LAB Focus","article_published_time":"2023-11-24T10:02:06+00:00","article_modified_time":"2023-11-24T10:02:08+00:00","og_image":[{"width":1280,"height":714,"url":"https:\/\/blogit.lab.fi\/labfocus\/wp-content\/uploads\/sites\/8\/2023\/11\/831_2023_Kasvua-ja-elinvoimaa.jpg","type":"image\/jpeg"}],"author":"tainask","twitter_card":"summary_large_image","twitter_creator":"@LABfinland","twitter_site":"@LABfinland","twitter_misc":{"Kirjoittanut":"tainask","Arvioitu lukuaika":"3 minuuttia"},"schema":{"@context":"https:\/\/schema.org","@graph":[{"@type":"Article","@id":"https:\/\/blogit.lab.fi\/labfocus\/kasvua-ja-elinvoimaa-pk-yritysten-kansainvalistymisella\/#article","isPartOf":{"@id":"https:\/\/blogit.lab.fi\/labfocus\/kasvua-ja-elinvoimaa-pk-yritysten-kansainvalistymisella\/"},"author":{"name":"tainask","@id":"https:\/\/blogit.lab.fi\/labfocus\/#\/schema\/person\/da729f65c4a2fb9fd8f0b1ec7a2ab7d0"},"headline":"Kasvua ja elinvoimaa pk-yritysten kansainv\u00e4listymisell\u00e4","datePublished":"2023-11-24T10:02:06+00:00","dateModified":"2023-11-24T10:02:08+00:00","mainEntityOfPage":{"@id":"https:\/\/blogit.lab.fi\/labfocus\/kasvua-ja-elinvoimaa-pk-yritysten-kansainvalistymisella\/"},"wordCount":507,"publisher":{"@id":"https:\/\/blogit.lab.fi\/labfocus\/#organization"},"image":{"@id":"https:\/\/blogit.lab.fi\/labfocus\/kasvua-ja-elinvoimaa-pk-yritysten-kansainvalistymisella\/#primaryimage"},"thumbnailUrl":"https:\/\/blogit.lab.fi\/labfocus\/wp-content\/uploads\/sites\/8\/2023\/11\/831_2023_Kasvua-ja-elinvoimaa.jpg","keywords":["Artikkeli E1","Business Mill","ELIVA","pk-yritykset","valmennus"],"articleSection":["Innovations","Uudistuva ja kehittyv\u00e4 yritt\u00e4jyys"],"inLanguage":"fi"},{"@type":"WebPage","@id":"https:\/\/blogit.lab.fi\/labfocus\/kasvua-ja-elinvoimaa-pk-yritysten-kansainvalistymisella\/","url":"https:\/\/blogit.lab.fi\/labfocus\/kasvua-ja-elinvoimaa-pk-yritysten-kansainvalistymisella\/","name":"Kasvua ja elinvoimaa pk-yritysten kansainv\u00e4listymisell\u00e4 - LAB Focus","isPartOf":{"@id":"https:\/\/blogit.lab.fi\/labfocus\/#website"},"primaryImageOfPage":{"@id":"https:\/\/blogit.lab.fi\/labfocus\/kasvua-ja-elinvoimaa-pk-yritysten-kansainvalistymisella\/#primaryimage"},"image":{"@id":"https:\/\/blogit.lab.fi\/labfocus\/kasvua-ja-elinvoimaa-pk-yritysten-kansainvalistymisella\/#primaryimage"},"thumbnailUrl":"https:\/\/blogit.lab.fi\/labfocus\/wp-content\/uploads\/sites\/8\/2023\/11\/831_2023_Kasvua-ja-elinvoimaa.jpg","datePublished":"2023-11-24T10:02:06+00:00","dateModified":"2023-11-24T10:02:08+00:00","description":"LAB-ammattikorkeakoulun ELIVA-hankkeessa tuotettiin viiden valmennusvideon sarja yritysel\u00e4m\u00e4n kehitt\u00e4misen tueksi.","breadcrumb":{"@id":"https:\/\/blogit.lab.fi\/labfocus\/kasvua-ja-elinvoimaa-pk-yritysten-kansainvalistymisella\/#breadcrumb"},"inLanguage":"fi","potentialAction":[{"@type":"ReadAction","target":["https:\/\/blogit.lab.fi\/labfocus\/kasvua-ja-elinvoimaa-pk-yritysten-kansainvalistymisella\/"]}]},{"@type":"ImageObject","inLanguage":"fi","@id":"https:\/\/blogit.lab.fi\/labfocus\/kasvua-ja-elinvoimaa-pk-yritysten-kansainvalistymisella\/#primaryimage","url":"https:\/\/blogit.lab.fi\/labfocus\/wp-content\/uploads\/sites\/8\/2023\/11\/831_2023_Kasvua-ja-elinvoimaa.jpg","contentUrl":"https:\/\/blogit.lab.fi\/labfocus\/wp-content\/uploads\/sites\/8\/2023\/11\/831_2023_Kasvua-ja-elinvoimaa.jpg","width":1280,"height":714},{"@type":"BreadcrumbList","@id":"https:\/\/blogit.lab.fi\/labfocus\/kasvua-ja-elinvoimaa-pk-yritysten-kansainvalistymisella\/#breadcrumb","itemListElement":[{"@type":"ListItem","position":1,"name":"Home","item":"https:\/\/blogit.lab.fi\/labfocus\/"},{"@type":"ListItem","position":2,"name":"Kasvua ja elinvoimaa pk-yritysten kansainv\u00e4listymisell\u00e4"}]},{"@type":"WebSite","@id":"https:\/\/blogit.lab.fi\/labfocus\/#website","url":"https:\/\/blogit.lab.fi\/labfocus\/","name":"LAB Focus","description":"Focus Area blog | LAB University of Applied Sciences","publisher":{"@id":"https:\/\/blogit.lab.fi\/labfocus\/#organization"},"potentialAction":[{"@type":"SearchAction","target":{"@type":"EntryPoint","urlTemplate":"https:\/\/blogit.lab.fi\/labfocus\/?s={search_term_string}"},"query-input":{"@type":"PropertyValueSpecification","valueRequired":true,"valueName":"search_term_string"}}],"inLanguage":"fi"},{"@type":"Organization","@id":"https:\/\/blogit.lab.fi\/labfocus\/#organization","name":"LAB Focus","url":"https:\/\/blogit.lab.fi\/labfocus\/","logo":{"@type":"ImageObject","inLanguage":"fi","@id":"https:\/\/blogit.lab.fi\/labfocus\/#\/schema\/logo\/image\/","url":"https:\/\/blogit.lab.fi\/labfocus\/wp-content\/uploads\/sites\/8\/2020\/04\/cropped-cropped-tunnus_blogi-01.png","contentUrl":"https:\/\/blogit.lab.fi\/labfocus\/wp-content\/uploads\/sites\/8\/2020\/04\/cropped-cropped-tunnus_blogi-01.png","width":1342,"height":288,"caption":"LAB Focus"},"image":{"@id":"https:\/\/blogit.lab.fi\/labfocus\/#\/schema\/logo\/image\/"},"sameAs":["https:\/\/x.com\/LABfinland"]},{"@type":"Person","@id":"https:\/\/blogit.lab.fi\/labfocus\/#\/schema\/person\/da729f65c4a2fb9fd8f0b1ec7a2ab7d0","name":"tainask","image":{"@type":"ImageObject","inLanguage":"fi","@id":"https:\/\/secure.gravatar.com\/avatar\/4a96427877ef826b76e80c27f60b266128094f522551459346efcf14282febb3?s=96&d=mm&r=g","url":"https:\/\/secure.gravatar.com\/avatar\/4a96427877ef826b76e80c27f60b266128094f522551459346efcf14282febb3?s=96&d=mm&r=g","contentUrl":"https:\/\/secure.gravatar.com\/avatar\/4a96427877ef826b76e80c27f60b266128094f522551459346efcf14282febb3?s=96&d=mm&r=g","caption":"tainask"},"url":"https:\/\/blogit.lab.fi\/labfocus\/author\/tainask\/"}]}},"_links":{"self":[{"href":"https:\/\/blogit.lab.fi\/labfocus\/wp-json\/wp\/v2\/posts\/16126","targetHints":{"allow":["GET"]}}],"collection":[{"href":"https:\/\/blogit.lab.fi\/labfocus\/wp-json\/wp\/v2\/posts"}],"about":[{"href":"https:\/\/blogit.lab.fi\/labfocus\/wp-json\/wp\/v2\/types\/post"}],"author":[{"embeddable":true,"href":"https:\/\/blogit.lab.fi\/labfocus\/wp-json\/wp\/v2\/users\/17"}],"replies":[{"embeddable":true,"href":"https:\/\/blogit.lab.fi\/labfocus\/wp-json\/wp\/v2\/comments?post=16126"}],"version-history":[{"count":1,"href":"https:\/\/blogit.lab.fi\/labfocus\/wp-json\/wp\/v2\/posts\/16126\/revisions"}],"predecessor-version":[{"id":16130,"href":"https:\/\/blogit.lab.fi\/labfocus\/wp-json\/wp\/v2\/posts\/16126\/revisions\/16130"}],"wp:featuredmedia":[{"embeddable":true,"href":"https:\/\/blogit.lab.fi\/labfocus\/wp-json\/wp\/v2\/media\/16128"}],"wp:attachment":[{"href":"https:\/\/blogit.lab.fi\/labfocus\/wp-json\/wp\/v2\/media?parent=16126"}],"wp:term":[{"taxonomy":"category","embeddable":true,"href":"https:\/\/blogit.lab.fi\/labfocus\/wp-json\/wp\/v2\/categories?post=16126"},{"taxonomy":"post_tag","embeddable":true,"href":"https:\/\/blogit.lab.fi\/labfocus\/wp-json\/wp\/v2\/tags?post=16126"}],"curies":[{"name":"wp","href":"https:\/\/api.w.org\/{rel}","templated":true}]}}