{"id":16162,"date":"2023-11-28T10:13:42","date_gmt":"2023-11-28T08:13:42","guid":{"rendered":"https:\/\/blogit.lab.fi\/labfocus\/?p=16162"},"modified":"2023-11-28T10:13:44","modified_gmt":"2023-11-28T08:13:44","slug":"hyvinvointialan-brandista-kilpailukykytekija","status":"publish","type":"post","link":"https:\/\/blogit.lab.fi\/labfocus\/hyvinvointialan-brandista-kilpailukykytekija\/","title":{"rendered":"Hyvinvointialan br\u00e4ndist\u00e4 kilpailukykytekij\u00e4"},"content":{"rendered":"\n<p>Br\u00e4ndiin liittyv\u00e4t kehitt\u00e4mistoimenpiteet on perinteisesti ymm\u00e4rretty markkinointiviestinn\u00e4n keinoina, joilla asiakkaat pyrit\u00e4\u00e4n sitouttamaan tuotteen tai palvelun k\u00e4ytt\u00f6\u00f6n (Stolz &amp; Usunier 2016). Taustalla on n\u00e4hty markkinaistumiseen ja konsumerismiin liitettyj\u00e4 kehityskulkuja, jotka on otettu kaupallisten yritysten lis\u00e4ksi my\u00f6s osaksi julkisten toimijoiden markkinointiviestint\u00e4\u00e4 (ks. Kokkonen 2019; Heikkinen &amp; Lassning 2015; Gauthier ym. 2013). Lis\u00e4\u00e4ntyv\u00e4ss\u00e4 m\u00e4\u00e4rin br\u00e4nd\u00e4yksell\u00e4 pyrit\u00e4\u00e4n edist\u00e4m\u00e4\u00e4n my\u00f6s ty\u00f6nantajamielikuvaa, mill\u00e4 voi olla vaikutusta my\u00f6s hyvinvointialan veto- ja pitovoimalle kansallisella tasolla.<\/p>\n\n\n\n<figure class=\"wp-block-image size-large\"><img loading=\"lazy\" decoding=\"async\" width=\"1024\" height=\"674\" src=\"https:\/\/blogit.lab.fi\/labfocus\/wp-content\/uploads\/sites\/8\/2023\/11\/839_2023_Hyvinvointialan-brandista-kilpailukykytekija-1024x674.jpg\" alt=\"\" class=\"wp-image-16164\" srcset=\"https:\/\/blogit.lab.fi\/labfocus\/wp-content\/uploads\/sites\/8\/2023\/11\/839_2023_Hyvinvointialan-brandista-kilpailukykytekija-1024x674.jpg 1024w, https:\/\/blogit.lab.fi\/labfocus\/wp-content\/uploads\/sites\/8\/2023\/11\/839_2023_Hyvinvointialan-brandista-kilpailukykytekija-300x198.jpg 300w, https:\/\/blogit.lab.fi\/labfocus\/wp-content\/uploads\/sites\/8\/2023\/11\/839_2023_Hyvinvointialan-brandista-kilpailukykytekija-768x506.jpg 768w, https:\/\/blogit.lab.fi\/labfocus\/wp-content\/uploads\/sites\/8\/2023\/11\/839_2023_Hyvinvointialan-brandista-kilpailukykytekija-570x375.jpg 570w, https:\/\/blogit.lab.fi\/labfocus\/wp-content\/uploads\/sites\/8\/2023\/11\/839_2023_Hyvinvointialan-brandista-kilpailukykytekija.jpg 1280w\" sizes=\"auto, (max-width: 1024px) 100vw, 1024px\" \/><figcaption class=\"wp-element-caption\">Kuva 1. Br\u00e4nd\u00e4ys strategian ja markkinoinnin yhdist\u00e4misen\u00e4. (geralt 2014)<\/figcaption><\/figure>\n\n\n\n<h2 class=\"wp-block-heading\">Ty\u00f6el\u00e4m\u00e4br\u00e4ndin vahvistaminen<\/h2>\n\n\n\n<p>Osaavan ty\u00f6voiman saatavuus ja pysyvyys ovat keskeisi\u00e4 ratkaistavia haasteita varsinkin hyvinvointialalla (Tevameri 2023; STM 2023a). P\u00e4\u00e4ministeri Petteri Orpon hallitusohjelmassa on kiinnitetty huomiota t\u00e4h\u00e4n haasteeseen vaikuttamistoimenpiteill\u00e4, jotka kohdistuvat muun muassa koulutukseen ja ty\u00f6olojen parantamiseen (STM 2023b). Hyvinvointialan br\u00e4nd\u00e4ykseen liittyv\u00e4 samanaikainen kehitt\u00e4misty\u00f6 voisi my\u00f6s osaltaan tuottaa positiivisia tuloksia. T\u00e4ss\u00e4 voitaisiin hy\u00f6dynt\u00e4\u00e4 Ty\u00f6el\u00e4m\u00e4 2020 -br\u00e4ndity\u00f6ryhm\u00e4n esityksi\u00e4 suomalaisen ty\u00f6el\u00e4m\u00e4br\u00e4ndin vahvistamiseksi (Alasoini ym. 2016).<\/p>\n\n\n\n<p>Ty\u00f6el\u00e4m\u00e4br\u00e4ndin on n\u00e4hty muodostuvan tunnettuudesta, laadukkuudesta ja positiivisista mielleyhtymist\u00e4 (Alasoini ym. 2016). Julkisen keskustelun perusteella voidaan helposti todeta, ett\u00e4 hyvinvointialalla br\u00e4ndin kehitt\u00e4miskohteeksi n\u00e4ytt\u00e4ytyy varsinkin mielleyhtym\u00e4t. Ty\u00f6ryhm\u00e4n esityksess\u00e4 yhdeksi ensisijaiseksi asiakasryhm\u00e4ksi n\u00e4htiin ulkomainen ty\u00f6voima, jota vahva ty\u00f6el\u00e4m\u00e4br\u00e4ndi houkuttelisi Suomeen (Alasoini ym. 2016). Positiivinen hyvinvointialan ty\u00f6el\u00e4m\u00e4br\u00e4ndi voisi yht\u00e4 lailla edist\u00e4\u00e4 alan veto- ja pitovoimaa kotimaiselle ty\u00f6voimalle suunnattuna.<\/p>\n\n\n\n<h2 class=\"wp-block-heading\">Sanoista tekoihin<\/h2>\n\n\n\n<p>Suurin osa hyvinvointialueista pyrkii luomaan positiivista henkil\u00f6st\u00f6kokemusta l\u00e4pileikkaavilla toimenpiteill\u00e4 ja tavoittelevat \u201dpaikkaa\u201d Suomen parhaimpana ty\u00f6paikkana. N\u00e4m\u00e4 ovat elementtej\u00e4 positiivisen ty\u00f6el\u00e4m\u00e4br\u00e4ndin rakentamisessa. Positiivisen br\u00e4ndin rakentamista heikent\u00e4\u00e4 v\u00e4ist\u00e4m\u00e4tt\u00e4 median v\u00e4litt\u00e4m\u00e4t mielikuvat, joissa henkil\u00f6st\u00f6\u00e4 ja palveluita uhataan v\u00e4hent\u00e4\u00e4 kovalla k\u00e4dell\u00e4 taloustavoitteiden saavuttamiseksi. Positiivisen ty\u00f6el\u00e4m\u00e4br\u00e4ndin muodostamisessa voitaisiin hy\u00f6dynt\u00e4\u00e4 jo muodostettuja osaamisen, yhteisty\u00f6n ja turvallisuuden br\u00e4nditarinoita (ks. Alasoini ym. 2016).<\/p>\n\n\n\n<p>Br\u00e4ndi\u00e4 voidaan muotoilla tietoisilla kehitt\u00e4mistoimenpiteill\u00e4, joissa l\u00e4ht\u00f6kohdaksi otetaan tavoiteltavan vision lis\u00e4ksi my\u00f6s nykytilanteen onnistumiset ja haasteet. Ty\u00f6el\u00e4m\u00e4br\u00e4ndi\u00e4 on syyt\u00e4 kehitt\u00e4\u00e4 kansallisesti monialaisissa ekosysteemeiss\u00e4, joihin voisivat liitty\u00e4 my\u00f6s sosiaali-ja terveyspalveluiden markkinointiviestint\u00e4 ja br\u00e4nd\u00e4ys -opintojakson opiskelijat. LAB-ammattikorkeakoulu tarjoaa t\u00e4t\u00e4 opetusta (ylempi AMK) kev\u00e4\u00e4ll\u00e4 2024.<\/p>\n\n\n\n<div class=\"wp-block-group has-background\" style=\"background-color:#b3edfb\"><div class=\"wp-block-group__inner-container is-layout-constrained wp-block-group-is-layout-constrained\">\n<p>Kirjoittaja<\/p>\n\n\n\n<p><strong>Arja-Tuulikki Malin<\/strong> on LAB-ammattikorkeakoulun opettaja hyvinvointiyksik\u00f6ss\u00e4.<\/p>\n<\/div><\/div>\n\n\n\n<h2 class=\"wp-block-heading\">L\u00e4hteet<\/h2>\n\n\n\n<p>Alasoini, T., Antila, J., Hakonen, H., Hasu, M., Lyly-Yrj\u00e4n\u00e4inen, M., Niemi, M., Pakarinen, T., Ramstad, E. &amp; St\u00e5lhammar, H. 2016. Hyv\u00e4 ty\u00f6el\u00e4m\u00e4 Suomen kilpailukykytekij\u00e4n\u00e4. Ty\u00f6el\u00e4m\u00e4br\u00e4ndiryhm\u00e4n raportti. Ty\u00f6- ja elinkeinoministeri\u00f6n julkaisuja. Ty\u00f6el\u00e4m\u00e4 42\/2016. Ty\u00f6- ja elinkeinoministeri\u00f6. Viitattu 22.11.2023. Saatavissa <a href=\"https:\/\/julkaisut.valtioneuvosto.fi\/handle\/10024\/79146\">https:\/\/julkaisut.valtioneuvosto.fi\/handle\/10024\/79146<\/a><\/p>\n\n\n\n<p>Gauthier, F., Woodhead, L. &amp; Martikainen, T. 2013. Consumerism as the Ethos of Consumer Society. Teoksessa F. Gauthier &amp; T. Martikainen (eds.). Religion in Consumer Society: Brands, Consumers and Markets. Farnham: Ashgate. 1\u201326.<\/p>\n\n\n\n<p>geralt. 2014. Altmann, G. Street sign, road. Pixabay. Viitattu 22.11.2023. Saatavissa <a href=\"https:\/\/pixabay.com\/illustrations\/street-sign-road-antique-a-notice-562573\/\">https:\/\/pixabay.com\/illustrations\/street-sign-road-antique-a-notice-562573\/<\/a><\/p>\n\n\n\n<p>Heikkinen, A., &amp; Lassnigg, L. 2015. Myths and Brands in Vocational Education (1st ed.). Cambridge Scholars Publishing.<\/p>\n\n\n\n<p>Kokkonen, L. 2019. Kirkko br\u00e4ndin\u00e4? Suomen evankelis-luterilaisen kirkon br\u00e4nd\u00e4ys viestint\u00e4strategioissa vuosina 1992-2020. Uskonnontutkija, 8(2). Viitattu 22.11.2023. Saatavissa <a href=\"https:\/\/doi.org\/10.24291\/uskonnontutkija.v8i2.88535\">https:\/\/doi.org\/10.24291\/uskonnontutkija.v8i2.88535<\/a><\/p>\n\n\n\n<p>STM. 2023a. Tiekartta 2022\u20132027: Sosiaali- ja terveysalan henkil\u00f6st\u00f6n riitt\u00e4vyyden ja saatavuuden turvaaminen. Sosiaali- ja terveysministeri\u00f6n julkaisuja 2023:8. Helsinki: Sosiaali- ja terveysministeri\u00f6. Viitattu 22.11.2023. Saatavissa. <a href=\"https:\/\/julkaisut.valtioneuvosto.fi\/handle\/10024\/164634\">https:\/\/julkaisut.valtioneuvosto.fi\/handle\/10024\/164634<\/a><\/p>\n\n\n\n<p>STM. 2023b. Sosiaali- ja terveysalan henkil\u00f6st\u00f6n riitt\u00e4vyys ja saatavuus. Hankkeet ja s\u00e4\u00e4d\u00f6svalmistelu. Helsinki: Sosiaali- ja terveysministeri\u00f6. Viitattu 22.11.2023. Saatavissa <a href=\"https:\/\/stm.fi\/sotehenkilosto\/ohjelma\">https:\/\/stm.fi\/sotehenkilosto\/ohjelma<\/a><\/p>\n\n\n\n<p>Tevameri, T. 2023. Sote-palveluala : Ty\u00f6voima, yksityisen sektorin rooli ja kansainv\u00e4listyminen. TEM toimialaraportit 2023:2. Helsinki: Ty\u00f6- ja elinkeinoministeri\u00f6. Viitattu 22.11.2023. Saatavissa <a href=\"https:\/\/julkaisut.valtioneuvosto.fi\/handle\/10024\/164805\">https:\/\/julkaisut.valtioneuvosto.fi\/handle\/10024\/164805<\/a><\/p>\n","protected":false},"excerpt":{"rendered":"<p>Br\u00e4ndiin liittyv\u00e4t kehitt\u00e4mistoimenpiteet on perinteisesti ymm\u00e4rretty markkinointiviestinn\u00e4n keinoina, joilla asiakkaat pyrit\u00e4\u00e4n sitouttamaan tuotteen tai palvelun k\u00e4ytt\u00f6\u00f6n (Stolz &amp; Usunier 2016). Taustalla on n\u00e4hty markkinaistumiseen ja konsumerismiin liitettyj\u00e4 kehityskulkuja, jotka on otettu kaupallisten yritysten lis\u00e4ksi my\u00f6s osaksi julkisten toimijoiden markkinointiviestint\u00e4\u00e4 (ks. Kokkonen 2019; Heikkinen &amp; Lassning 2015; Gauthier ym. 2013). Lis\u00e4\u00e4ntyv\u00e4ss\u00e4 m\u00e4\u00e4rin br\u00e4nd\u00e4yksell\u00e4 pyrit\u00e4\u00e4n edist\u00e4m\u00e4\u00e4n my\u00f6s [&hellip;]<\/p>\n","protected":false},"author":17,"featured_media":16164,"comment_status":"closed","ping_status":"open","sticky":false,"template":"","format":"standard","meta":{"footnotes":""},"categories":[15],"tags":[29,4091,4103,509,5213],"class_list":{"0":"post-16162","1":"post","2":"type-post","3":"status-publish","4":"format-standard","5":"has-post-thumbnail","7":"category-health_fi","8":"tag-artikkeli-e1","9":"tag-brandays-fi","10":"tag-hyvinvointiala","11":"tag-tyoelama","12":"tag-tyonantajamielikuva-fi","13":"czr-hentry"},"yoast_head":"<!-- This site is optimized with the Yoast SEO plugin v27.4 - https:\/\/yoast.com\/product\/yoast-seo-wordpress\/ -->\n<title>Hyvinvointialan br\u00e4ndist\u00e4 kilpailukykytekij\u00e4 - LAB Focus<\/title>\n<meta name=\"description\" content=\"Hyvinvointiala hy\u00f6tyisi tietoisesta ty\u00f6el\u00e4m\u00e4br\u00e4ndin kehitt\u00e4misest\u00e4, joka onnistuisi parhaiten kehitt\u00e4viss\u00e4 ekosysteemeiss\u00e4.\" \/>\n<meta name=\"robots\" content=\"index, follow, max-snippet:-1, max-image-preview:large, max-video-preview:-1\" \/>\n<link rel=\"canonical\" href=\"https:\/\/blogit.lab.fi\/labfocus\/hyvinvointialan-brandista-kilpailukykytekija\/\" \/>\n<meta property=\"og:locale\" content=\"fi_FI\" \/>\n<meta property=\"og:type\" content=\"article\" \/>\n<meta property=\"og:title\" content=\"Hyvinvointialan br\u00e4ndist\u00e4 kilpailukykytekij\u00e4 - LAB Focus\" \/>\n<meta property=\"og:description\" content=\"Hyvinvointiala hy\u00f6tyisi tietoisesta ty\u00f6el\u00e4m\u00e4br\u00e4ndin kehitt\u00e4misest\u00e4, joka onnistuisi parhaiten kehitt\u00e4viss\u00e4 ekosysteemeiss\u00e4.\" \/>\n<meta property=\"og:url\" content=\"https:\/\/blogit.lab.fi\/labfocus\/hyvinvointialan-brandista-kilpailukykytekija\/\" \/>\n<meta property=\"og:site_name\" content=\"LAB Focus\" \/>\n<meta property=\"article:published_time\" content=\"2023-11-28T08:13:42+00:00\" \/>\n<meta property=\"article:modified_time\" content=\"2023-11-28T08:13:44+00:00\" \/>\n<meta property=\"og:image\" content=\"https:\/\/blogit.lab.fi\/labfocus\/wp-content\/uploads\/sites\/8\/2023\/11\/839_2023_Hyvinvointialan-brandista-kilpailukykytekija.jpg\" \/>\n\t<meta property=\"og:image:width\" content=\"1280\" \/>\n\t<meta property=\"og:image:height\" content=\"843\" \/>\n\t<meta property=\"og:image:type\" content=\"image\/jpeg\" \/>\n<meta name=\"author\" content=\"tainask\" \/>\n<meta name=\"twitter:card\" content=\"summary_large_image\" \/>\n<meta name=\"twitter:creator\" content=\"@LABfinland\" \/>\n<meta name=\"twitter:site\" content=\"@LABfinland\" \/>\n<meta name=\"twitter:label1\" content=\"Kirjoittanut\" \/>\n\t<meta name=\"twitter:data1\" content=\"tainask\" \/>\n\t<meta name=\"twitter:label2\" content=\"Arvioitu lukuaika\" \/>\n\t<meta name=\"twitter:data2\" content=\"4 minuuttia\" \/>\n<script type=\"application\/ld+json\" class=\"yoast-schema-graph\">{\"@context\":\"https:\\\/\\\/schema.org\",\"@graph\":[{\"@type\":\"Article\",\"@id\":\"https:\\\/\\\/blogit.lab.fi\\\/labfocus\\\/hyvinvointialan-brandista-kilpailukykytekija\\\/#article\",\"isPartOf\":{\"@id\":\"https:\\\/\\\/blogit.lab.fi\\\/labfocus\\\/hyvinvointialan-brandista-kilpailukykytekija\\\/\"},\"author\":{\"name\":\"tainask\",\"@id\":\"https:\\\/\\\/blogit.lab.fi\\\/labfocus\\\/#\\\/schema\\\/person\\\/da729f65c4a2fb9fd8f0b1ec7a2ab7d0\"},\"headline\":\"Hyvinvointialan br\u00e4ndist\u00e4 kilpailukykytekij\u00e4\",\"datePublished\":\"2023-11-28T08:13:42+00:00\",\"dateModified\":\"2023-11-28T08:13:44+00:00\",\"mainEntityOfPage\":{\"@id\":\"https:\\\/\\\/blogit.lab.fi\\\/labfocus\\\/hyvinvointialan-brandista-kilpailukykytekija\\\/\"},\"wordCount\":630,\"publisher\":{\"@id\":\"https:\\\/\\\/blogit.lab.fi\\\/labfocus\\\/#organization\"},\"image\":{\"@id\":\"https:\\\/\\\/blogit.lab.fi\\\/labfocus\\\/hyvinvointialan-brandista-kilpailukykytekija\\\/#primaryimage\"},\"thumbnailUrl\":\"https:\\\/\\\/blogit.lab.fi\\\/labfocus\\\/wp-content\\\/uploads\\\/sites\\\/8\\\/2023\\\/11\\\/839_2023_Hyvinvointialan-brandista-kilpailukykytekija.jpg\",\"keywords\":[\"Artikkeli E1\",\"br\u00e4nd\u00e4ys\",\"hyvinvointiala\",\"ty\u00f6el\u00e4m\u00e4\",\"ty\u00f6nantajamielikuva\"],\"articleSection\":[\"Health\"],\"inLanguage\":\"fi\"},{\"@type\":\"WebPage\",\"@id\":\"https:\\\/\\\/blogit.lab.fi\\\/labfocus\\\/hyvinvointialan-brandista-kilpailukykytekija\\\/\",\"url\":\"https:\\\/\\\/blogit.lab.fi\\\/labfocus\\\/hyvinvointialan-brandista-kilpailukykytekija\\\/\",\"name\":\"Hyvinvointialan br\u00e4ndist\u00e4 kilpailukykytekij\u00e4 - LAB Focus\",\"isPartOf\":{\"@id\":\"https:\\\/\\\/blogit.lab.fi\\\/labfocus\\\/#website\"},\"primaryImageOfPage\":{\"@id\":\"https:\\\/\\\/blogit.lab.fi\\\/labfocus\\\/hyvinvointialan-brandista-kilpailukykytekija\\\/#primaryimage\"},\"image\":{\"@id\":\"https:\\\/\\\/blogit.lab.fi\\\/labfocus\\\/hyvinvointialan-brandista-kilpailukykytekija\\\/#primaryimage\"},\"thumbnailUrl\":\"https:\\\/\\\/blogit.lab.fi\\\/labfocus\\\/wp-content\\\/uploads\\\/sites\\\/8\\\/2023\\\/11\\\/839_2023_Hyvinvointialan-brandista-kilpailukykytekija.jpg\",\"datePublished\":\"2023-11-28T08:13:42+00:00\",\"dateModified\":\"2023-11-28T08:13:44+00:00\",\"description\":\"Hyvinvointiala hy\u00f6tyisi tietoisesta ty\u00f6el\u00e4m\u00e4br\u00e4ndin kehitt\u00e4misest\u00e4, joka onnistuisi parhaiten kehitt\u00e4viss\u00e4 ekosysteemeiss\u00e4.\",\"breadcrumb\":{\"@id\":\"https:\\\/\\\/blogit.lab.fi\\\/labfocus\\\/hyvinvointialan-brandista-kilpailukykytekija\\\/#breadcrumb\"},\"inLanguage\":\"fi\",\"potentialAction\":[{\"@type\":\"ReadAction\",\"target\":[\"https:\\\/\\\/blogit.lab.fi\\\/labfocus\\\/hyvinvointialan-brandista-kilpailukykytekija\\\/\"]}]},{\"@type\":\"ImageObject\",\"inLanguage\":\"fi\",\"@id\":\"https:\\\/\\\/blogit.lab.fi\\\/labfocus\\\/hyvinvointialan-brandista-kilpailukykytekija\\\/#primaryimage\",\"url\":\"https:\\\/\\\/blogit.lab.fi\\\/labfocus\\\/wp-content\\\/uploads\\\/sites\\\/8\\\/2023\\\/11\\\/839_2023_Hyvinvointialan-brandista-kilpailukykytekija.jpg\",\"contentUrl\":\"https:\\\/\\\/blogit.lab.fi\\\/labfocus\\\/wp-content\\\/uploads\\\/sites\\\/8\\\/2023\\\/11\\\/839_2023_Hyvinvointialan-brandista-kilpailukykytekija.jpg\",\"width\":1280,\"height\":843},{\"@type\":\"BreadcrumbList\",\"@id\":\"https:\\\/\\\/blogit.lab.fi\\\/labfocus\\\/hyvinvointialan-brandista-kilpailukykytekija\\\/#breadcrumb\",\"itemListElement\":[{\"@type\":\"ListItem\",\"position\":1,\"name\":\"Home\",\"item\":\"https:\\\/\\\/blogit.lab.fi\\\/labfocus\\\/\"},{\"@type\":\"ListItem\",\"position\":2,\"name\":\"Hyvinvointialan br\u00e4ndist\u00e4 kilpailukykytekij\u00e4\"}]},{\"@type\":\"WebSite\",\"@id\":\"https:\\\/\\\/blogit.lab.fi\\\/labfocus\\\/#website\",\"url\":\"https:\\\/\\\/blogit.lab.fi\\\/labfocus\\\/\",\"name\":\"LAB Focus\",\"description\":\"Focus Area blog | LAB University of Applied Sciences\",\"publisher\":{\"@id\":\"https:\\\/\\\/blogit.lab.fi\\\/labfocus\\\/#organization\"},\"potentialAction\":[{\"@type\":\"SearchAction\",\"target\":{\"@type\":\"EntryPoint\",\"urlTemplate\":\"https:\\\/\\\/blogit.lab.fi\\\/labfocus\\\/?s={search_term_string}\"},\"query-input\":{\"@type\":\"PropertyValueSpecification\",\"valueRequired\":true,\"valueName\":\"search_term_string\"}}],\"inLanguage\":\"fi\"},{\"@type\":\"Organization\",\"@id\":\"https:\\\/\\\/blogit.lab.fi\\\/labfocus\\\/#organization\",\"name\":\"LAB Focus\",\"url\":\"https:\\\/\\\/blogit.lab.fi\\\/labfocus\\\/\",\"logo\":{\"@type\":\"ImageObject\",\"inLanguage\":\"fi\",\"@id\":\"https:\\\/\\\/blogit.lab.fi\\\/labfocus\\\/#\\\/schema\\\/logo\\\/image\\\/\",\"url\":\"https:\\\/\\\/blogit.lab.fi\\\/labfocus\\\/wp-content\\\/uploads\\\/sites\\\/8\\\/2020\\\/04\\\/cropped-cropped-tunnus_blogi-01.png\",\"contentUrl\":\"https:\\\/\\\/blogit.lab.fi\\\/labfocus\\\/wp-content\\\/uploads\\\/sites\\\/8\\\/2020\\\/04\\\/cropped-cropped-tunnus_blogi-01.png\",\"width\":1342,\"height\":288,\"caption\":\"LAB Focus\"},\"image\":{\"@id\":\"https:\\\/\\\/blogit.lab.fi\\\/labfocus\\\/#\\\/schema\\\/logo\\\/image\\\/\"},\"sameAs\":[\"https:\\\/\\\/x.com\\\/LABfinland\"]},{\"@type\":\"Person\",\"@id\":\"https:\\\/\\\/blogit.lab.fi\\\/labfocus\\\/#\\\/schema\\\/person\\\/da729f65c4a2fb9fd8f0b1ec7a2ab7d0\",\"name\":\"tainask\",\"image\":{\"@type\":\"ImageObject\",\"inLanguage\":\"fi\",\"@id\":\"https:\\\/\\\/secure.gravatar.com\\\/avatar\\\/4a96427877ef826b76e80c27f60b266128094f522551459346efcf14282febb3?s=96&d=mm&r=g\",\"url\":\"https:\\\/\\\/secure.gravatar.com\\\/avatar\\\/4a96427877ef826b76e80c27f60b266128094f522551459346efcf14282febb3?s=96&d=mm&r=g\",\"contentUrl\":\"https:\\\/\\\/secure.gravatar.com\\\/avatar\\\/4a96427877ef826b76e80c27f60b266128094f522551459346efcf14282febb3?s=96&d=mm&r=g\",\"caption\":\"tainask\"},\"url\":\"https:\\\/\\\/blogit.lab.fi\\\/labfocus\\\/author\\\/tainask\\\/\"}]}<\/script>\n<!-- \/ Yoast SEO plugin. -->","yoast_head_json":{"title":"Hyvinvointialan br\u00e4ndist\u00e4 kilpailukykytekij\u00e4 - LAB Focus","description":"Hyvinvointiala hy\u00f6tyisi tietoisesta ty\u00f6el\u00e4m\u00e4br\u00e4ndin kehitt\u00e4misest\u00e4, joka onnistuisi parhaiten kehitt\u00e4viss\u00e4 ekosysteemeiss\u00e4.","robots":{"index":"index","follow":"follow","max-snippet":"max-snippet:-1","max-image-preview":"max-image-preview:large","max-video-preview":"max-video-preview:-1"},"canonical":"https:\/\/blogit.lab.fi\/labfocus\/hyvinvointialan-brandista-kilpailukykytekija\/","og_locale":"fi_FI","og_type":"article","og_title":"Hyvinvointialan br\u00e4ndist\u00e4 kilpailukykytekij\u00e4 - LAB Focus","og_description":"Hyvinvointiala hy\u00f6tyisi tietoisesta ty\u00f6el\u00e4m\u00e4br\u00e4ndin kehitt\u00e4misest\u00e4, joka onnistuisi parhaiten kehitt\u00e4viss\u00e4 ekosysteemeiss\u00e4.","og_url":"https:\/\/blogit.lab.fi\/labfocus\/hyvinvointialan-brandista-kilpailukykytekija\/","og_site_name":"LAB Focus","article_published_time":"2023-11-28T08:13:42+00:00","article_modified_time":"2023-11-28T08:13:44+00:00","og_image":[{"width":1280,"height":843,"url":"https:\/\/blogit.lab.fi\/labfocus\/wp-content\/uploads\/sites\/8\/2023\/11\/839_2023_Hyvinvointialan-brandista-kilpailukykytekija.jpg","type":"image\/jpeg"}],"author":"tainask","twitter_card":"summary_large_image","twitter_creator":"@LABfinland","twitter_site":"@LABfinland","twitter_misc":{"Kirjoittanut":"tainask","Arvioitu lukuaika":"4 minuuttia"},"schema":{"@context":"https:\/\/schema.org","@graph":[{"@type":"Article","@id":"https:\/\/blogit.lab.fi\/labfocus\/hyvinvointialan-brandista-kilpailukykytekija\/#article","isPartOf":{"@id":"https:\/\/blogit.lab.fi\/labfocus\/hyvinvointialan-brandista-kilpailukykytekija\/"},"author":{"name":"tainask","@id":"https:\/\/blogit.lab.fi\/labfocus\/#\/schema\/person\/da729f65c4a2fb9fd8f0b1ec7a2ab7d0"},"headline":"Hyvinvointialan br\u00e4ndist\u00e4 kilpailukykytekij\u00e4","datePublished":"2023-11-28T08:13:42+00:00","dateModified":"2023-11-28T08:13:44+00:00","mainEntityOfPage":{"@id":"https:\/\/blogit.lab.fi\/labfocus\/hyvinvointialan-brandista-kilpailukykytekija\/"},"wordCount":630,"publisher":{"@id":"https:\/\/blogit.lab.fi\/labfocus\/#organization"},"image":{"@id":"https:\/\/blogit.lab.fi\/labfocus\/hyvinvointialan-brandista-kilpailukykytekija\/#primaryimage"},"thumbnailUrl":"https:\/\/blogit.lab.fi\/labfocus\/wp-content\/uploads\/sites\/8\/2023\/11\/839_2023_Hyvinvointialan-brandista-kilpailukykytekija.jpg","keywords":["Artikkeli E1","br\u00e4nd\u00e4ys","hyvinvointiala","ty\u00f6el\u00e4m\u00e4","ty\u00f6nantajamielikuva"],"articleSection":["Health"],"inLanguage":"fi"},{"@type":"WebPage","@id":"https:\/\/blogit.lab.fi\/labfocus\/hyvinvointialan-brandista-kilpailukykytekija\/","url":"https:\/\/blogit.lab.fi\/labfocus\/hyvinvointialan-brandista-kilpailukykytekija\/","name":"Hyvinvointialan br\u00e4ndist\u00e4 kilpailukykytekij\u00e4 - LAB Focus","isPartOf":{"@id":"https:\/\/blogit.lab.fi\/labfocus\/#website"},"primaryImageOfPage":{"@id":"https:\/\/blogit.lab.fi\/labfocus\/hyvinvointialan-brandista-kilpailukykytekija\/#primaryimage"},"image":{"@id":"https:\/\/blogit.lab.fi\/labfocus\/hyvinvointialan-brandista-kilpailukykytekija\/#primaryimage"},"thumbnailUrl":"https:\/\/blogit.lab.fi\/labfocus\/wp-content\/uploads\/sites\/8\/2023\/11\/839_2023_Hyvinvointialan-brandista-kilpailukykytekija.jpg","datePublished":"2023-11-28T08:13:42+00:00","dateModified":"2023-11-28T08:13:44+00:00","description":"Hyvinvointiala hy\u00f6tyisi tietoisesta ty\u00f6el\u00e4m\u00e4br\u00e4ndin kehitt\u00e4misest\u00e4, joka onnistuisi parhaiten kehitt\u00e4viss\u00e4 ekosysteemeiss\u00e4.","breadcrumb":{"@id":"https:\/\/blogit.lab.fi\/labfocus\/hyvinvointialan-brandista-kilpailukykytekija\/#breadcrumb"},"inLanguage":"fi","potentialAction":[{"@type":"ReadAction","target":["https:\/\/blogit.lab.fi\/labfocus\/hyvinvointialan-brandista-kilpailukykytekija\/"]}]},{"@type":"ImageObject","inLanguage":"fi","@id":"https:\/\/blogit.lab.fi\/labfocus\/hyvinvointialan-brandista-kilpailukykytekija\/#primaryimage","url":"https:\/\/blogit.lab.fi\/labfocus\/wp-content\/uploads\/sites\/8\/2023\/11\/839_2023_Hyvinvointialan-brandista-kilpailukykytekija.jpg","contentUrl":"https:\/\/blogit.lab.fi\/labfocus\/wp-content\/uploads\/sites\/8\/2023\/11\/839_2023_Hyvinvointialan-brandista-kilpailukykytekija.jpg","width":1280,"height":843},{"@type":"BreadcrumbList","@id":"https:\/\/blogit.lab.fi\/labfocus\/hyvinvointialan-brandista-kilpailukykytekija\/#breadcrumb","itemListElement":[{"@type":"ListItem","position":1,"name":"Home","item":"https:\/\/blogit.lab.fi\/labfocus\/"},{"@type":"ListItem","position":2,"name":"Hyvinvointialan br\u00e4ndist\u00e4 kilpailukykytekij\u00e4"}]},{"@type":"WebSite","@id":"https:\/\/blogit.lab.fi\/labfocus\/#website","url":"https:\/\/blogit.lab.fi\/labfocus\/","name":"LAB Focus","description":"Focus Area blog | LAB University of Applied Sciences","publisher":{"@id":"https:\/\/blogit.lab.fi\/labfocus\/#organization"},"potentialAction":[{"@type":"SearchAction","target":{"@type":"EntryPoint","urlTemplate":"https:\/\/blogit.lab.fi\/labfocus\/?s={search_term_string}"},"query-input":{"@type":"PropertyValueSpecification","valueRequired":true,"valueName":"search_term_string"}}],"inLanguage":"fi"},{"@type":"Organization","@id":"https:\/\/blogit.lab.fi\/labfocus\/#organization","name":"LAB Focus","url":"https:\/\/blogit.lab.fi\/labfocus\/","logo":{"@type":"ImageObject","inLanguage":"fi","@id":"https:\/\/blogit.lab.fi\/labfocus\/#\/schema\/logo\/image\/","url":"https:\/\/blogit.lab.fi\/labfocus\/wp-content\/uploads\/sites\/8\/2020\/04\/cropped-cropped-tunnus_blogi-01.png","contentUrl":"https:\/\/blogit.lab.fi\/labfocus\/wp-content\/uploads\/sites\/8\/2020\/04\/cropped-cropped-tunnus_blogi-01.png","width":1342,"height":288,"caption":"LAB Focus"},"image":{"@id":"https:\/\/blogit.lab.fi\/labfocus\/#\/schema\/logo\/image\/"},"sameAs":["https:\/\/x.com\/LABfinland"]},{"@type":"Person","@id":"https:\/\/blogit.lab.fi\/labfocus\/#\/schema\/person\/da729f65c4a2fb9fd8f0b1ec7a2ab7d0","name":"tainask","image":{"@type":"ImageObject","inLanguage":"fi","@id":"https:\/\/secure.gravatar.com\/avatar\/4a96427877ef826b76e80c27f60b266128094f522551459346efcf14282febb3?s=96&d=mm&r=g","url":"https:\/\/secure.gravatar.com\/avatar\/4a96427877ef826b76e80c27f60b266128094f522551459346efcf14282febb3?s=96&d=mm&r=g","contentUrl":"https:\/\/secure.gravatar.com\/avatar\/4a96427877ef826b76e80c27f60b266128094f522551459346efcf14282febb3?s=96&d=mm&r=g","caption":"tainask"},"url":"https:\/\/blogit.lab.fi\/labfocus\/author\/tainask\/"}]}},"_links":{"self":[{"href":"https:\/\/blogit.lab.fi\/labfocus\/wp-json\/wp\/v2\/posts\/16162","targetHints":{"allow":["GET"]}}],"collection":[{"href":"https:\/\/blogit.lab.fi\/labfocus\/wp-json\/wp\/v2\/posts"}],"about":[{"href":"https:\/\/blogit.lab.fi\/labfocus\/wp-json\/wp\/v2\/types\/post"}],"author":[{"embeddable":true,"href":"https:\/\/blogit.lab.fi\/labfocus\/wp-json\/wp\/v2\/users\/17"}],"replies":[{"embeddable":true,"href":"https:\/\/blogit.lab.fi\/labfocus\/wp-json\/wp\/v2\/comments?post=16162"}],"version-history":[{"count":2,"href":"https:\/\/blogit.lab.fi\/labfocus\/wp-json\/wp\/v2\/posts\/16162\/revisions"}],"predecessor-version":[{"id":16166,"href":"https:\/\/blogit.lab.fi\/labfocus\/wp-json\/wp\/v2\/posts\/16162\/revisions\/16166"}],"wp:featuredmedia":[{"embeddable":true,"href":"https:\/\/blogit.lab.fi\/labfocus\/wp-json\/wp\/v2\/media\/16164"}],"wp:attachment":[{"href":"https:\/\/blogit.lab.fi\/labfocus\/wp-json\/wp\/v2\/media?parent=16162"}],"wp:term":[{"taxonomy":"category","embeddable":true,"href":"https:\/\/blogit.lab.fi\/labfocus\/wp-json\/wp\/v2\/categories?post=16162"},{"taxonomy":"post_tag","embeddable":true,"href":"https:\/\/blogit.lab.fi\/labfocus\/wp-json\/wp\/v2\/tags?post=16162"}],"curies":[{"name":"wp","href":"https:\/\/api.w.org\/{rel}","templated":true}]}}