{"id":16342,"date":"2023-12-08T08:50:42","date_gmt":"2023-12-08T06:50:42","guid":{"rendered":"https:\/\/blogit.lab.fi\/labfocus\/?p=16342"},"modified":"2023-12-08T08:50:43","modified_gmt":"2023-12-08T06:50:43","slug":"otetaanko-tapahtumien-vapaaehtoiset-itsestaanselvyytena","status":"publish","type":"post","link":"https:\/\/blogit.lab.fi\/labfocus\/otetaanko-tapahtumien-vapaaehtoiset-itsestaanselvyytena\/","title":{"rendered":"Otetaanko tapahtumien vapaaehtoiset itsest\u00e4\u00e4nselvyyten\u00e4?"},"content":{"rendered":"\n<p>Vapaaehtoiset auttavat tapahtumaorganisaatioita olemalla yleens\u00e4 suurin ty\u00f6t\u00e4 tekev\u00e4 ryhm\u00e4 koko tapahtumassa. Iso m\u00e4\u00e4r\u00e4 vapaaehtoisia k\u00e4ytt\u00e4\u00e4 omaa vapaa-aikaansa ja tekee t\u00f6it\u00e4 t\u00e4ysin ilmaiseksi, jotta tapahtumaorganisaatiot saavat j\u00e4rjestetty\u00e4 hyv\u00e4n ja toimivan tapahtuman. Mit\u00e4 n\u00e4m\u00e4 organisaatiot antavat vapaaehtoisille vastalahjaksi? Eiv\u00e4t ainakaan riitt\u00e4v\u00e4n hyv\u00e4\u00e4 ohjausta kaikkien mielest\u00e4.<\/p>\n\n\n\n<p>Vaikka vapaaehtoiset toimivat omasta vapaasta tahdostaan ilman mit\u00e4\u00e4n korvausta, tulisi heit\u00e4kin huomioida, sill\u00e4 ilman heit\u00e4 ei olisi tapahtumia. Kansalaisareena ry (2022) esittelee keinoja vapaaehtoisten motivoimiseen ja esiin nousevat esimerkiksi vapaaehtoisten perehdytt\u00e4minen teht\u00e4v\u00e4\u00e4n sek\u00e4 selke\u00e4n toimenkuvan luominen. My\u00f6s mielek\u00e4s tekeminen ja erilaiset ty\u00f6teht\u00e4v\u00e4t ovat keinoja motivoida vapaaehtoisia. Mit\u00e4 paremmin tapahtumaorganisaatio tuntee vapaaehtoistensa motiivit, sit\u00e4 helpompaa on suunnitella toiminta mahdollisimman palkitsevaksi.<\/p>\n\n\n\n<figure class=\"wp-block-image size-large\"><img loading=\"lazy\" decoding=\"async\" width=\"1024\" height=\"590\" src=\"https:\/\/blogit.lab.fi\/labfocus\/wp-content\/uploads\/sites\/8\/2023\/12\/875_2023_Otetaanko-tapahtumien-vapaaehtoiset-itsestaanselvyytena-1024x590.jpg\" alt=\"\" class=\"wp-image-16344\" srcset=\"https:\/\/blogit.lab.fi\/labfocus\/wp-content\/uploads\/sites\/8\/2023\/12\/875_2023_Otetaanko-tapahtumien-vapaaehtoiset-itsestaanselvyytena-1024x590.jpg 1024w, https:\/\/blogit.lab.fi\/labfocus\/wp-content\/uploads\/sites\/8\/2023\/12\/875_2023_Otetaanko-tapahtumien-vapaaehtoiset-itsestaanselvyytena-300x173.jpg 300w, https:\/\/blogit.lab.fi\/labfocus\/wp-content\/uploads\/sites\/8\/2023\/12\/875_2023_Otetaanko-tapahtumien-vapaaehtoiset-itsestaanselvyytena-768x442.jpg 768w, https:\/\/blogit.lab.fi\/labfocus\/wp-content\/uploads\/sites\/8\/2023\/12\/875_2023_Otetaanko-tapahtumien-vapaaehtoiset-itsestaanselvyytena-570x328.jpg 570w, https:\/\/blogit.lab.fi\/labfocus\/wp-content\/uploads\/sites\/8\/2023\/12\/875_2023_Otetaanko-tapahtumien-vapaaehtoiset-itsestaanselvyytena.jpg 1280w\" sizes=\"auto, (max-width: 1024px) 100vw, 1024px\" \/><figcaption class=\"wp-element-caption\">Kuva 1. Ilman vapaaehtoisia ei olisi tapahtumia. (90970, 2017)<\/figcaption><\/figure>\n\n\n\n<p>Vapaaehtoisten ohjaaminen on t\u00e4rke\u00e4 osa vapaaehtoisten kanssa ty\u00f6skentely\u00e4. Kuitenkin liian usein se unohdetaan, ja vapaaehtoisia kannustetaan vain ottamaan yhteytt\u00e4 organisaatioon ongelmien ilmetess\u00e4. (Laimio &amp; V\u00e4lim\u00e4ki 2011, 34.) Yhteydenottamisessa ei sin\u00e4ns\u00e4 ole ongelmaa, paitsi jos vapaaehtoinen ei tied\u00e4, keneen yhteys otetaan. Yhteydenottopyynn\u00f6t my\u00f6s kuormittavat organisaatiota. Eik\u00f6 siis olisi kaikkien kannalta parasta, ett\u00e4 tapahtumaorganisaatiot panostaisivat hyv\u00e4\u00e4n ohjaukseen, jotta v\u00e4ltytt\u00e4isiin vapaaehtoisten ep\u00e4tietoisuudelta ja aikaa vievilt\u00e4 selvittelyilt\u00e4?<\/p>\n\n\n\n<h2 class=\"wp-block-heading\">Ensikertalaiset kaipaavat lis\u00e4\u00e4 ohjausta<\/h2>\n\n\n\n<p>Lahdessa j\u00e4rjestetyiss\u00e4 suurtapahtumissa vapaaehtoisten perehdytys ja selke\u00e4n toimenkuvan antaminen eiv\u00e4t ole aina sujuneet parhaalla mahdollisella tavalla, selvi\u00e4\u00e4 Hatamaan (2023, 19, 22, 30) opinn\u00e4ytety\u00f6st\u00e4. Opinn\u00e4ytety\u00f6ss\u00e4 kartoitettiin kyselylomakkeen avulla vapaaehtoisten kokemuksia esihenkil\u00f6toiminnasta kes\u00e4n 2023 suurtapahtumissa Lahdessa. Kyselyyn vastasi yhteens\u00e4 329 vapaaehtoista.<\/p>\n\n\n\n<p>Hatamaan (2023, 24, 27) mukaan etenkin ensikertalaiset kokivat j\u00e4\u00e4v\u00e4ns\u00e4 ilman riitt\u00e4v\u00e4\u00e4 ohjausta, jota kaivattiin selke\u00e4sti enemm\u00e4n. Uusien vapaaehtoisten huomioiminen ja opastaminen sek\u00e4 yleens\u00e4kin vapaaehtoisten kouluttaminen ja selke\u00e4 ohjeistaminen, niiss\u00e4 kaikissa oli parannettavaa. Osa vapaaehtoisista ei edes tiennyt, kenelt\u00e4 olisi voinut pyyt\u00e4\u00e4 apua.<\/p>\n\n\n\n<p>Kysymys kuuluukin: palaavatko kes\u00e4n 2023 ensikertalaiset uudestaan vapaaehtoist\u00f6ihin? Joka tapauksessa tapahtumaorganisaatioiden kannattaisi jatkossa panostaa enemm\u00e4n vapaaehtoisten ohjaukseen, eik\u00e4 pit\u00e4\u00e4 t\u00e4rke\u00e4\u00e4 ryhm\u00e4\u00e4 itsest\u00e4\u00e4nselvyyten\u00e4.<\/p>\n\n\n\n<div class=\"wp-block-group has-background\" style=\"background-color:#b3edfb\"><div class=\"wp-block-group__inner-container is-layout-constrained wp-block-group-is-layout-constrained\">\n<p>Kirjoittajat<\/p>\n\n\n\n<p><strong>Reetta Hatamaa<\/strong> on valmistumassa restonomiksi (AMK) LAB-ammattikorkeakoulun matkailu- ja tapahtumaliiketoiminnan koulutuksesta.<\/p>\n\n\n\n<p><strong>Sari Suominen<\/strong> toimii johtamisen ja yritt\u00e4jyyden lehtorina LAB-ammattikorkeakoulun liiketoimintayksik\u00f6ss\u00e4 Lahdessa.<\/p>\n<\/div><\/div>\n\n\n\n<h2 class=\"wp-block-heading\">L\u00e4hteet<\/h2>\n\n\n\n<p>90970. 2017. Urheilu, marathon, juosta, kisan alku. Pixabay. Viitattu 29.11.2023. Saatavissa <a href=\"https:\/\/pixabay.com\/fi\/photos\/urheilu-marathon-juosta-kisan-alku-210661\/\">https:\/\/pixabay.com\/fi\/photos\/urheilu-marathon-juosta-kisan-alku-210661\/<\/a><\/p>\n\n\n\n<p>Hatamaa, R. 2023. Vapaaehtoisten kokemuksia esihenkil\u00f6toiminnasta. Case: Lahden suurtapahtumat, kes\u00e4 2023. AMK-opinn\u00e4ytety\u00f6. LAB-ammattikorkeakoulu, liiketalouden ala. Lahti. Viitattu 23.11.2023. Saatavissa <a href=\"https:\/\/urn.fi\/URN:NBN:fi:amk-2023112531622\">https:\/\/urn.fi\/URN:NBN:fi:amk-2023112531622<\/a><\/p>\n\n\n\n<p>Kansalaisareena ry. 2022. Vapaaehtoisten motiivit ja motivointi. Viitattu 22.11.2023. Saatavissa <a href=\"https:\/\/kansalaisareena.fi\/aloittavan-vapaaehtoistoiminnan-koordinaattorin-opas\/vapaaehtoisten-motiivit-ja-motivointi\/\">https:\/\/kansalaisareena.fi\/aloittavan-vapaaehtoistoiminnan-koordinaattorin-opas\/vapaaehtoisten-motiivit-ja-motivointi\/<\/a><\/p>\n\n\n\n<p>Laimio, A. &amp; V\u00e4lim\u00e4ki, S. 2011. Vapaaehtoistoiminta kehittyy. Keski-Suomen Sosiaaliturvayhdistys. Viitattu 23.11.2023. Saatavissa <a href=\"https:\/\/kansalaisareena.fi\/wp-content\/uploads\/2022\/03\/Vapaaehtoistoiminta-KEHITTYY.pdf\">https:\/\/kansalaisareena.fi\/wp-content\/uploads\/2022\/03\/Vapaaehtoistoiminta-KEHITTYY.pdf<\/a><\/p>\n","protected":false},"excerpt":{"rendered":"<p>Vapaaehtoiset auttavat tapahtumaorganisaatioita olemalla yleens\u00e4 suurin ty\u00f6t\u00e4 tekev\u00e4 ryhm\u00e4 koko tapahtumassa. Iso m\u00e4\u00e4r\u00e4 vapaaehtoisia k\u00e4ytt\u00e4\u00e4 omaa vapaa-aikaansa ja tekee t\u00f6it\u00e4 t\u00e4ysin ilmaiseksi, jotta tapahtumaorganisaatiot saavat j\u00e4rjestetty\u00e4 hyv\u00e4n ja toimivan tapahtuman. Mit\u00e4 n\u00e4m\u00e4 organisaatiot antavat vapaaehtoisille vastalahjaksi? Eiv\u00e4t ainakaan riitt\u00e4v\u00e4n hyv\u00e4\u00e4 ohjausta kaikkien mielest\u00e4. Vaikka vapaaehtoiset toimivat omasta vapaasta tahdostaan ilman mit\u00e4\u00e4n korvausta, tulisi heit\u00e4kin huomioida, [&hellip;]<\/p>\n","protected":false},"author":17,"featured_media":16344,"comment_status":"closed","ping_status":"open","sticky":false,"template":"","format":"standard","meta":{"footnotes":""},"categories":[43],"tags":[29,2136,8136,845],"class_list":{"0":"post-16342","1":"post","2":"type-post","3":"status-publish","4":"format-standard","5":"has-post-thumbnail","7":"category-yleinen-fi","8":"tag-artikkeli-e1","9":"tag-tapahtumat","10":"tag-vapaaehtoinen","11":"tag-vapaaehtoistyo","12":"czr-hentry"},"yoast_head":"<!-- This site is optimized with the Yoast SEO plugin v27.4 - https:\/\/yoast.com\/product\/yoast-seo-wordpress\/ -->\n<title>Otetaanko tapahtumien vapaaehtoiset itsest\u00e4\u00e4nselvyyten\u00e4? - LAB Focus<\/title>\n<meta name=\"description\" content=\"Vapaaehtoiset haluaisivat huomiota ja kunnon opastusta, selvi\u00e4\u00e4 opinn\u00e4ytety\u00f6st\u00e4. LAB-ammattikorkeakoulu.\" \/>\n<meta name=\"robots\" content=\"index, follow, max-snippet:-1, max-image-preview:large, max-video-preview:-1\" \/>\n<link rel=\"canonical\" href=\"https:\/\/blogit.lab.fi\/labfocus\/otetaanko-tapahtumien-vapaaehtoiset-itsestaanselvyytena\/\" \/>\n<meta property=\"og:locale\" content=\"fi_FI\" \/>\n<meta property=\"og:type\" content=\"article\" \/>\n<meta property=\"og:title\" content=\"Otetaanko tapahtumien vapaaehtoiset itsest\u00e4\u00e4nselvyyten\u00e4? - LAB Focus\" \/>\n<meta property=\"og:description\" content=\"Vapaaehtoiset haluaisivat huomiota ja kunnon opastusta, selvi\u00e4\u00e4 opinn\u00e4ytety\u00f6st\u00e4. LAB-ammattikorkeakoulu.\" \/>\n<meta property=\"og:url\" content=\"https:\/\/blogit.lab.fi\/labfocus\/otetaanko-tapahtumien-vapaaehtoiset-itsestaanselvyytena\/\" \/>\n<meta property=\"og:site_name\" content=\"LAB Focus\" \/>\n<meta property=\"article:published_time\" content=\"2023-12-08T06:50:42+00:00\" \/>\n<meta property=\"article:modified_time\" content=\"2023-12-08T06:50:43+00:00\" \/>\n<meta property=\"og:image\" content=\"https:\/\/blogit.lab.fi\/labfocus\/wp-content\/uploads\/sites\/8\/2023\/12\/875_2023_Otetaanko-tapahtumien-vapaaehtoiset-itsestaanselvyytena.jpg\" \/>\n\t<meta property=\"og:image:width\" content=\"1280\" \/>\n\t<meta property=\"og:image:height\" content=\"737\" \/>\n\t<meta property=\"og:image:type\" content=\"image\/jpeg\" \/>\n<meta name=\"author\" content=\"tainask\" \/>\n<meta name=\"twitter:card\" content=\"summary_large_image\" \/>\n<meta name=\"twitter:creator\" content=\"@LABfinland\" \/>\n<meta name=\"twitter:site\" content=\"@LABfinland\" \/>\n<meta name=\"twitter:label1\" content=\"Kirjoittanut\" \/>\n\t<meta name=\"twitter:data1\" content=\"tainask\" \/>\n\t<meta name=\"twitter:label2\" content=\"Arvioitu lukuaika\" \/>\n\t<meta name=\"twitter:data2\" content=\"3 minuuttia\" \/>\n<script type=\"application\/ld+json\" class=\"yoast-schema-graph\">{\"@context\":\"https:\\\/\\\/schema.org\",\"@graph\":[{\"@type\":\"Article\",\"@id\":\"https:\\\/\\\/blogit.lab.fi\\\/labfocus\\\/otetaanko-tapahtumien-vapaaehtoiset-itsestaanselvyytena\\\/#article\",\"isPartOf\":{\"@id\":\"https:\\\/\\\/blogit.lab.fi\\\/labfocus\\\/otetaanko-tapahtumien-vapaaehtoiset-itsestaanselvyytena\\\/\"},\"author\":{\"name\":\"tainask\",\"@id\":\"https:\\\/\\\/blogit.lab.fi\\\/labfocus\\\/#\\\/schema\\\/person\\\/da729f65c4a2fb9fd8f0b1ec7a2ab7d0\"},\"headline\":\"Otetaanko tapahtumien vapaaehtoiset itsest\u00e4\u00e4nselvyyten\u00e4?\",\"datePublished\":\"2023-12-08T06:50:42+00:00\",\"dateModified\":\"2023-12-08T06:50:43+00:00\",\"mainEntityOfPage\":{\"@id\":\"https:\\\/\\\/blogit.lab.fi\\\/labfocus\\\/otetaanko-tapahtumien-vapaaehtoiset-itsestaanselvyytena\\\/\"},\"wordCount\":421,\"publisher\":{\"@id\":\"https:\\\/\\\/blogit.lab.fi\\\/labfocus\\\/#organization\"},\"image\":{\"@id\":\"https:\\\/\\\/blogit.lab.fi\\\/labfocus\\\/otetaanko-tapahtumien-vapaaehtoiset-itsestaanselvyytena\\\/#primaryimage\"},\"thumbnailUrl\":\"https:\\\/\\\/blogit.lab.fi\\\/labfocus\\\/wp-content\\\/uploads\\\/sites\\\/8\\\/2023\\\/12\\\/875_2023_Otetaanko-tapahtumien-vapaaehtoiset-itsestaanselvyytena.jpg\",\"keywords\":[\"Artikkeli E1\",\"tapahtumat\",\"vapaaehtoinen\",\"vapaaehtoisty\u00f6\"],\"inLanguage\":\"fi\"},{\"@type\":\"WebPage\",\"@id\":\"https:\\\/\\\/blogit.lab.fi\\\/labfocus\\\/otetaanko-tapahtumien-vapaaehtoiset-itsestaanselvyytena\\\/\",\"url\":\"https:\\\/\\\/blogit.lab.fi\\\/labfocus\\\/otetaanko-tapahtumien-vapaaehtoiset-itsestaanselvyytena\\\/\",\"name\":\"Otetaanko tapahtumien vapaaehtoiset itsest\u00e4\u00e4nselvyyten\u00e4? - LAB Focus\",\"isPartOf\":{\"@id\":\"https:\\\/\\\/blogit.lab.fi\\\/labfocus\\\/#website\"},\"primaryImageOfPage\":{\"@id\":\"https:\\\/\\\/blogit.lab.fi\\\/labfocus\\\/otetaanko-tapahtumien-vapaaehtoiset-itsestaanselvyytena\\\/#primaryimage\"},\"image\":{\"@id\":\"https:\\\/\\\/blogit.lab.fi\\\/labfocus\\\/otetaanko-tapahtumien-vapaaehtoiset-itsestaanselvyytena\\\/#primaryimage\"},\"thumbnailUrl\":\"https:\\\/\\\/blogit.lab.fi\\\/labfocus\\\/wp-content\\\/uploads\\\/sites\\\/8\\\/2023\\\/12\\\/875_2023_Otetaanko-tapahtumien-vapaaehtoiset-itsestaanselvyytena.jpg\",\"datePublished\":\"2023-12-08T06:50:42+00:00\",\"dateModified\":\"2023-12-08T06:50:43+00:00\",\"description\":\"Vapaaehtoiset haluaisivat huomiota ja kunnon opastusta, selvi\u00e4\u00e4 opinn\u00e4ytety\u00f6st\u00e4. LAB-ammattikorkeakoulu.\",\"breadcrumb\":{\"@id\":\"https:\\\/\\\/blogit.lab.fi\\\/labfocus\\\/otetaanko-tapahtumien-vapaaehtoiset-itsestaanselvyytena\\\/#breadcrumb\"},\"inLanguage\":\"fi\",\"potentialAction\":[{\"@type\":\"ReadAction\",\"target\":[\"https:\\\/\\\/blogit.lab.fi\\\/labfocus\\\/otetaanko-tapahtumien-vapaaehtoiset-itsestaanselvyytena\\\/\"]}]},{\"@type\":\"ImageObject\",\"inLanguage\":\"fi\",\"@id\":\"https:\\\/\\\/blogit.lab.fi\\\/labfocus\\\/otetaanko-tapahtumien-vapaaehtoiset-itsestaanselvyytena\\\/#primaryimage\",\"url\":\"https:\\\/\\\/blogit.lab.fi\\\/labfocus\\\/wp-content\\\/uploads\\\/sites\\\/8\\\/2023\\\/12\\\/875_2023_Otetaanko-tapahtumien-vapaaehtoiset-itsestaanselvyytena.jpg\",\"contentUrl\":\"https:\\\/\\\/blogit.lab.fi\\\/labfocus\\\/wp-content\\\/uploads\\\/sites\\\/8\\\/2023\\\/12\\\/875_2023_Otetaanko-tapahtumien-vapaaehtoiset-itsestaanselvyytena.jpg\",\"width\":1280,\"height\":737},{\"@type\":\"BreadcrumbList\",\"@id\":\"https:\\\/\\\/blogit.lab.fi\\\/labfocus\\\/otetaanko-tapahtumien-vapaaehtoiset-itsestaanselvyytena\\\/#breadcrumb\",\"itemListElement\":[{\"@type\":\"ListItem\",\"position\":1,\"name\":\"Home\",\"item\":\"https:\\\/\\\/blogit.lab.fi\\\/labfocus\\\/\"},{\"@type\":\"ListItem\",\"position\":2,\"name\":\"Otetaanko tapahtumien vapaaehtoiset itsest\u00e4\u00e4nselvyyten\u00e4?\"}]},{\"@type\":\"WebSite\",\"@id\":\"https:\\\/\\\/blogit.lab.fi\\\/labfocus\\\/#website\",\"url\":\"https:\\\/\\\/blogit.lab.fi\\\/labfocus\\\/\",\"name\":\"LAB Focus\",\"description\":\"Focus Area blog | LAB University of Applied Sciences\",\"publisher\":{\"@id\":\"https:\\\/\\\/blogit.lab.fi\\\/labfocus\\\/#organization\"},\"potentialAction\":[{\"@type\":\"SearchAction\",\"target\":{\"@type\":\"EntryPoint\",\"urlTemplate\":\"https:\\\/\\\/blogit.lab.fi\\\/labfocus\\\/?s={search_term_string}\"},\"query-input\":{\"@type\":\"PropertyValueSpecification\",\"valueRequired\":true,\"valueName\":\"search_term_string\"}}],\"inLanguage\":\"fi\"},{\"@type\":\"Organization\",\"@id\":\"https:\\\/\\\/blogit.lab.fi\\\/labfocus\\\/#organization\",\"name\":\"LAB Focus\",\"url\":\"https:\\\/\\\/blogit.lab.fi\\\/labfocus\\\/\",\"logo\":{\"@type\":\"ImageObject\",\"inLanguage\":\"fi\",\"@id\":\"https:\\\/\\\/blogit.lab.fi\\\/labfocus\\\/#\\\/schema\\\/logo\\\/image\\\/\",\"url\":\"https:\\\/\\\/blogit.lab.fi\\\/labfocus\\\/wp-content\\\/uploads\\\/sites\\\/8\\\/2020\\\/04\\\/cropped-cropped-tunnus_blogi-01.png\",\"contentUrl\":\"https:\\\/\\\/blogit.lab.fi\\\/labfocus\\\/wp-content\\\/uploads\\\/sites\\\/8\\\/2020\\\/04\\\/cropped-cropped-tunnus_blogi-01.png\",\"width\":1342,\"height\":288,\"caption\":\"LAB Focus\"},\"image\":{\"@id\":\"https:\\\/\\\/blogit.lab.fi\\\/labfocus\\\/#\\\/schema\\\/logo\\\/image\\\/\"},\"sameAs\":[\"https:\\\/\\\/x.com\\\/LABfinland\"]},{\"@type\":\"Person\",\"@id\":\"https:\\\/\\\/blogit.lab.fi\\\/labfocus\\\/#\\\/schema\\\/person\\\/da729f65c4a2fb9fd8f0b1ec7a2ab7d0\",\"name\":\"tainask\",\"image\":{\"@type\":\"ImageObject\",\"inLanguage\":\"fi\",\"@id\":\"https:\\\/\\\/secure.gravatar.com\\\/avatar\\\/4a96427877ef826b76e80c27f60b266128094f522551459346efcf14282febb3?s=96&d=mm&r=g\",\"url\":\"https:\\\/\\\/secure.gravatar.com\\\/avatar\\\/4a96427877ef826b76e80c27f60b266128094f522551459346efcf14282febb3?s=96&d=mm&r=g\",\"contentUrl\":\"https:\\\/\\\/secure.gravatar.com\\\/avatar\\\/4a96427877ef826b76e80c27f60b266128094f522551459346efcf14282febb3?s=96&d=mm&r=g\",\"caption\":\"tainask\"},\"url\":\"https:\\\/\\\/blogit.lab.fi\\\/labfocus\\\/author\\\/tainask\\\/\"}]}<\/script>\n<!-- \/ Yoast SEO plugin. -->","yoast_head_json":{"title":"Otetaanko tapahtumien vapaaehtoiset itsest\u00e4\u00e4nselvyyten\u00e4? - LAB Focus","description":"Vapaaehtoiset haluaisivat huomiota ja kunnon opastusta, selvi\u00e4\u00e4 opinn\u00e4ytety\u00f6st\u00e4. LAB-ammattikorkeakoulu.","robots":{"index":"index","follow":"follow","max-snippet":"max-snippet:-1","max-image-preview":"max-image-preview:large","max-video-preview":"max-video-preview:-1"},"canonical":"https:\/\/blogit.lab.fi\/labfocus\/otetaanko-tapahtumien-vapaaehtoiset-itsestaanselvyytena\/","og_locale":"fi_FI","og_type":"article","og_title":"Otetaanko tapahtumien vapaaehtoiset itsest\u00e4\u00e4nselvyyten\u00e4? - LAB Focus","og_description":"Vapaaehtoiset haluaisivat huomiota ja kunnon opastusta, selvi\u00e4\u00e4 opinn\u00e4ytety\u00f6st\u00e4. LAB-ammattikorkeakoulu.","og_url":"https:\/\/blogit.lab.fi\/labfocus\/otetaanko-tapahtumien-vapaaehtoiset-itsestaanselvyytena\/","og_site_name":"LAB Focus","article_published_time":"2023-12-08T06:50:42+00:00","article_modified_time":"2023-12-08T06:50:43+00:00","og_image":[{"width":1280,"height":737,"url":"https:\/\/blogit.lab.fi\/labfocus\/wp-content\/uploads\/sites\/8\/2023\/12\/875_2023_Otetaanko-tapahtumien-vapaaehtoiset-itsestaanselvyytena.jpg","type":"image\/jpeg"}],"author":"tainask","twitter_card":"summary_large_image","twitter_creator":"@LABfinland","twitter_site":"@LABfinland","twitter_misc":{"Kirjoittanut":"tainask","Arvioitu lukuaika":"3 minuuttia"},"schema":{"@context":"https:\/\/schema.org","@graph":[{"@type":"Article","@id":"https:\/\/blogit.lab.fi\/labfocus\/otetaanko-tapahtumien-vapaaehtoiset-itsestaanselvyytena\/#article","isPartOf":{"@id":"https:\/\/blogit.lab.fi\/labfocus\/otetaanko-tapahtumien-vapaaehtoiset-itsestaanselvyytena\/"},"author":{"name":"tainask","@id":"https:\/\/blogit.lab.fi\/labfocus\/#\/schema\/person\/da729f65c4a2fb9fd8f0b1ec7a2ab7d0"},"headline":"Otetaanko tapahtumien vapaaehtoiset itsest\u00e4\u00e4nselvyyten\u00e4?","datePublished":"2023-12-08T06:50:42+00:00","dateModified":"2023-12-08T06:50:43+00:00","mainEntityOfPage":{"@id":"https:\/\/blogit.lab.fi\/labfocus\/otetaanko-tapahtumien-vapaaehtoiset-itsestaanselvyytena\/"},"wordCount":421,"publisher":{"@id":"https:\/\/blogit.lab.fi\/labfocus\/#organization"},"image":{"@id":"https:\/\/blogit.lab.fi\/labfocus\/otetaanko-tapahtumien-vapaaehtoiset-itsestaanselvyytena\/#primaryimage"},"thumbnailUrl":"https:\/\/blogit.lab.fi\/labfocus\/wp-content\/uploads\/sites\/8\/2023\/12\/875_2023_Otetaanko-tapahtumien-vapaaehtoiset-itsestaanselvyytena.jpg","keywords":["Artikkeli E1","tapahtumat","vapaaehtoinen","vapaaehtoisty\u00f6"],"inLanguage":"fi"},{"@type":"WebPage","@id":"https:\/\/blogit.lab.fi\/labfocus\/otetaanko-tapahtumien-vapaaehtoiset-itsestaanselvyytena\/","url":"https:\/\/blogit.lab.fi\/labfocus\/otetaanko-tapahtumien-vapaaehtoiset-itsestaanselvyytena\/","name":"Otetaanko tapahtumien vapaaehtoiset itsest\u00e4\u00e4nselvyyten\u00e4? - LAB Focus","isPartOf":{"@id":"https:\/\/blogit.lab.fi\/labfocus\/#website"},"primaryImageOfPage":{"@id":"https:\/\/blogit.lab.fi\/labfocus\/otetaanko-tapahtumien-vapaaehtoiset-itsestaanselvyytena\/#primaryimage"},"image":{"@id":"https:\/\/blogit.lab.fi\/labfocus\/otetaanko-tapahtumien-vapaaehtoiset-itsestaanselvyytena\/#primaryimage"},"thumbnailUrl":"https:\/\/blogit.lab.fi\/labfocus\/wp-content\/uploads\/sites\/8\/2023\/12\/875_2023_Otetaanko-tapahtumien-vapaaehtoiset-itsestaanselvyytena.jpg","datePublished":"2023-12-08T06:50:42+00:00","dateModified":"2023-12-08T06:50:43+00:00","description":"Vapaaehtoiset haluaisivat huomiota ja kunnon opastusta, selvi\u00e4\u00e4 opinn\u00e4ytety\u00f6st\u00e4. LAB-ammattikorkeakoulu.","breadcrumb":{"@id":"https:\/\/blogit.lab.fi\/labfocus\/otetaanko-tapahtumien-vapaaehtoiset-itsestaanselvyytena\/#breadcrumb"},"inLanguage":"fi","potentialAction":[{"@type":"ReadAction","target":["https:\/\/blogit.lab.fi\/labfocus\/otetaanko-tapahtumien-vapaaehtoiset-itsestaanselvyytena\/"]}]},{"@type":"ImageObject","inLanguage":"fi","@id":"https:\/\/blogit.lab.fi\/labfocus\/otetaanko-tapahtumien-vapaaehtoiset-itsestaanselvyytena\/#primaryimage","url":"https:\/\/blogit.lab.fi\/labfocus\/wp-content\/uploads\/sites\/8\/2023\/12\/875_2023_Otetaanko-tapahtumien-vapaaehtoiset-itsestaanselvyytena.jpg","contentUrl":"https:\/\/blogit.lab.fi\/labfocus\/wp-content\/uploads\/sites\/8\/2023\/12\/875_2023_Otetaanko-tapahtumien-vapaaehtoiset-itsestaanselvyytena.jpg","width":1280,"height":737},{"@type":"BreadcrumbList","@id":"https:\/\/blogit.lab.fi\/labfocus\/otetaanko-tapahtumien-vapaaehtoiset-itsestaanselvyytena\/#breadcrumb","itemListElement":[{"@type":"ListItem","position":1,"name":"Home","item":"https:\/\/blogit.lab.fi\/labfocus\/"},{"@type":"ListItem","position":2,"name":"Otetaanko tapahtumien vapaaehtoiset itsest\u00e4\u00e4nselvyyten\u00e4?"}]},{"@type":"WebSite","@id":"https:\/\/blogit.lab.fi\/labfocus\/#website","url":"https:\/\/blogit.lab.fi\/labfocus\/","name":"LAB Focus","description":"Focus Area blog | LAB University of Applied Sciences","publisher":{"@id":"https:\/\/blogit.lab.fi\/labfocus\/#organization"},"potentialAction":[{"@type":"SearchAction","target":{"@type":"EntryPoint","urlTemplate":"https:\/\/blogit.lab.fi\/labfocus\/?s={search_term_string}"},"query-input":{"@type":"PropertyValueSpecification","valueRequired":true,"valueName":"search_term_string"}}],"inLanguage":"fi"},{"@type":"Organization","@id":"https:\/\/blogit.lab.fi\/labfocus\/#organization","name":"LAB Focus","url":"https:\/\/blogit.lab.fi\/labfocus\/","logo":{"@type":"ImageObject","inLanguage":"fi","@id":"https:\/\/blogit.lab.fi\/labfocus\/#\/schema\/logo\/image\/","url":"https:\/\/blogit.lab.fi\/labfocus\/wp-content\/uploads\/sites\/8\/2020\/04\/cropped-cropped-tunnus_blogi-01.png","contentUrl":"https:\/\/blogit.lab.fi\/labfocus\/wp-content\/uploads\/sites\/8\/2020\/04\/cropped-cropped-tunnus_blogi-01.png","width":1342,"height":288,"caption":"LAB Focus"},"image":{"@id":"https:\/\/blogit.lab.fi\/labfocus\/#\/schema\/logo\/image\/"},"sameAs":["https:\/\/x.com\/LABfinland"]},{"@type":"Person","@id":"https:\/\/blogit.lab.fi\/labfocus\/#\/schema\/person\/da729f65c4a2fb9fd8f0b1ec7a2ab7d0","name":"tainask","image":{"@type":"ImageObject","inLanguage":"fi","@id":"https:\/\/secure.gravatar.com\/avatar\/4a96427877ef826b76e80c27f60b266128094f522551459346efcf14282febb3?s=96&d=mm&r=g","url":"https:\/\/secure.gravatar.com\/avatar\/4a96427877ef826b76e80c27f60b266128094f522551459346efcf14282febb3?s=96&d=mm&r=g","contentUrl":"https:\/\/secure.gravatar.com\/avatar\/4a96427877ef826b76e80c27f60b266128094f522551459346efcf14282febb3?s=96&d=mm&r=g","caption":"tainask"},"url":"https:\/\/blogit.lab.fi\/labfocus\/author\/tainask\/"}]}},"_links":{"self":[{"href":"https:\/\/blogit.lab.fi\/labfocus\/wp-json\/wp\/v2\/posts\/16342","targetHints":{"allow":["GET"]}}],"collection":[{"href":"https:\/\/blogit.lab.fi\/labfocus\/wp-json\/wp\/v2\/posts"}],"about":[{"href":"https:\/\/blogit.lab.fi\/labfocus\/wp-json\/wp\/v2\/types\/post"}],"author":[{"embeddable":true,"href":"https:\/\/blogit.lab.fi\/labfocus\/wp-json\/wp\/v2\/users\/17"}],"replies":[{"embeddable":true,"href":"https:\/\/blogit.lab.fi\/labfocus\/wp-json\/wp\/v2\/comments?post=16342"}],"version-history":[{"count":1,"href":"https:\/\/blogit.lab.fi\/labfocus\/wp-json\/wp\/v2\/posts\/16342\/revisions"}],"predecessor-version":[{"id":16345,"href":"https:\/\/blogit.lab.fi\/labfocus\/wp-json\/wp\/v2\/posts\/16342\/revisions\/16345"}],"wp:featuredmedia":[{"embeddable":true,"href":"https:\/\/blogit.lab.fi\/labfocus\/wp-json\/wp\/v2\/media\/16344"}],"wp:attachment":[{"href":"https:\/\/blogit.lab.fi\/labfocus\/wp-json\/wp\/v2\/media?parent=16342"}],"wp:term":[{"taxonomy":"category","embeddable":true,"href":"https:\/\/blogit.lab.fi\/labfocus\/wp-json\/wp\/v2\/categories?post=16342"},{"taxonomy":"post_tag","embeddable":true,"href":"https:\/\/blogit.lab.fi\/labfocus\/wp-json\/wp\/v2\/tags?post=16342"}],"curies":[{"name":"wp","href":"https:\/\/api.w.org\/{rel}","templated":true}]}}