{"id":16904,"date":"2023-12-27T10:59:07","date_gmt":"2023-12-27T08:59:07","guid":{"rendered":"https:\/\/blogit.lab.fi\/labfocus\/?p=16904"},"modified":"2023-12-27T10:59:09","modified_gmt":"2023-12-27T08:59:09","slug":"ikaantyneen-osallisuus-edistaa-hanen-hyvinvointiaan","status":"publish","type":"post","link":"https:\/\/blogit.lab.fi\/labfocus\/ikaantyneen-osallisuus-edistaa-hanen-hyvinvointiaan\/","title":{"rendered":"Ik\u00e4\u00e4ntyneen osallisuus edist\u00e4\u00e4 h\u00e4nen hyvinvointiaan"},"content":{"rendered":"\n<p>Ik\u00e4\u00e4ntyneiden ihmisten hyvinvointiin vaikuttavat kokemukset osallisuudesta ja merkityksellisyydest\u00e4. Jokainen ihminen on voimavara, jonka toimintakyvyst\u00e4, hyvinvoinnista ja osallisuudesta huolehtimalla voidaan vahvistaa my\u00f6s yhteiskunnan vakautta ja kest\u00e4vyytt\u00e4. Osallisuus on kuulumista ja kuulluksi tulemisen kokemusta (Soste 2018). Osallisena ihminen kokee olevansa merkityksellinen osa kokonaisuutta ja h\u00e4n voi vaikuttaa el\u00e4m\u00e4ns\u00e4 kulkuun ja yhteisiin asioihin<a>. <\/a>(THL 2023.)<\/p>\n\n\n\n<p>Ihminen tulee n\u00e4hdyksi ja kuulluksi usein toiminnan kautta. El\u00e4m\u00e4n mieli ja merkityksellisyys rakentuvat vuorovaikutuksessa muiden ihmisten, luonnon tai taiteen kautta. Merkitykset ovat esimerkiksi muistoina ja sanoina, kuvina, s\u00e4velin\u00e4, tunteina ja aistimuksina. Osallisuuden kokemus vaikuttaa siihen, miten suuren osan potentiaalisesta toimintakyvyst\u00e4\u00e4n ihminen ik\u00e4\u00e4ntyess\u00e4\u00e4n s\u00e4ilytt\u00e4\u00e4. Osallisuus omassa el\u00e4m\u00e4ss\u00e4 tarkoittaa mahdollisuutta el\u00e4\u00e4 omann\u00e4k\u00f6ist\u00e4 el\u00e4m\u00e4\u00e4 ja m\u00e4\u00e4ritell\u00e4, mihin toimintaan tai palveluun haluaa osallistua. Yhteis\u00f6iss\u00e4 osallisuus tarkoittaa mahdollisuutta kuulua itselle t\u00e4rkeisiin ryhmiin, vaikuttaa itselleen t\u00e4rkeisiin asioihin tai osallistua yhteisen hyv\u00e4n tuottamiseen ja jakamiseen. (THL 2023.)<\/p>\n\n\n\n<h2 class=\"wp-block-heading\">Hoiva-avustajat ik\u00e4\u00e4ntyneiden osallisuutta edist\u00e4m\u00e4ss\u00e4<\/h2>\n\n\n\n<p>V\u00e4est\u00f6n ik\u00e4\u00e4ntyess\u00e4 hoivan ja p\u00e4ivitt\u00e4isen avun tarve kasvaa. Hoivaty\u00f6ss\u00e4 podetaan kroonista resurssipulaa. T\u00e4h\u00e4n tilanteeseen on pyritty vaikuttamaan muun muassa koulutusta lis\u00e4\u00e4m\u00e4ll\u00e4. Henkil\u00f6st\u00f6mitoituksen muutos vuonna 2020 mahdollisti hoiva-avustajien palkkaamisen hoivaty\u00f6h\u00f6n. (Valvira 2020.) Samalla heid\u00e4n koulutustaan on lis\u00e4tty. Hoiva-avustajat opiskelevat sosiaali- ja terveysalan perustutkinnon kaksi osiota. Koulutus on muutoksen ja kehitysty\u00f6n kohteena vuonna 2024 voimaan tulevan ammatillisen koulutuksen uudistuksen my\u00f6t\u00e4. (Koppanen 2022.)<\/p>\n\n\n\n<p>Nukari-Dufva &amp; Salmela (2023) kartoittivat opinn\u00e4ytety\u00f6ss\u00e4\u00e4n hoiva-avustajaopiskelijoiden kokemuksia osallisuuden edist\u00e4misest\u00e4 ty\u00f6el\u00e4m\u00e4ss\u00e4 oppimisen jaksolla. Opiskelijoilta kysyttiin, olivatko he saaneet tarvittavat tiedot teoriajaksolla, jotta pystyiv\u00e4t edist\u00e4m\u00e4\u00e4n ik\u00e4\u00e4ntyneiden osallisuutta. Tulosten mukaan hoiva-avustajaopiskelijat olivat edist\u00e4neet asiakkaiden osallisuutta ja hyvinvointia laaja-alaisesti k\u00e4ytt\u00e4en erilaisia virikkeit\u00e4. Menetelmin\u00e4 oli k\u00e4ytetty keskustelua, pelaamista sek\u00e4 musiikin kuuntelua ja erilaista liikuntaa.<\/p>\n\n\n\n<figure class=\"wp-block-image size-large\"><img loading=\"lazy\" decoding=\"async\" width=\"1024\" height=\"642\" src=\"https:\/\/blogit.lab.fi\/labfocus\/wp-content\/uploads\/sites\/8\/2023\/12\/986_2023_Ikaantyneen-osallisuus-edistaa-hanen-hyvinvointiaan-1024x642.jpg\" alt=\"\" class=\"wp-image-16906\" srcset=\"https:\/\/blogit.lab.fi\/labfocus\/wp-content\/uploads\/sites\/8\/2023\/12\/986_2023_Ikaantyneen-osallisuus-edistaa-hanen-hyvinvointiaan-1024x642.jpg 1024w, https:\/\/blogit.lab.fi\/labfocus\/wp-content\/uploads\/sites\/8\/2023\/12\/986_2023_Ikaantyneen-osallisuus-edistaa-hanen-hyvinvointiaan-300x188.jpg 300w, https:\/\/blogit.lab.fi\/labfocus\/wp-content\/uploads\/sites\/8\/2023\/12\/986_2023_Ikaantyneen-osallisuus-edistaa-hanen-hyvinvointiaan-768x481.jpg 768w, https:\/\/blogit.lab.fi\/labfocus\/wp-content\/uploads\/sites\/8\/2023\/12\/986_2023_Ikaantyneen-osallisuus-edistaa-hanen-hyvinvointiaan-570x357.jpg 570w, https:\/\/blogit.lab.fi\/labfocus\/wp-content\/uploads\/sites\/8\/2023\/12\/986_2023_Ikaantyneen-osallisuus-edistaa-hanen-hyvinvointiaan.jpg 1280w\" sizes=\"auto, (max-width: 1024px) 100vw, 1024px\" \/><figcaption class=\"wp-element-caption\">Kuva 1. J\u00e4\u00e4v\u00e4tk\u00f6 virikkeet hoivaty\u00f6n jalkoihin? (Istock.com 2023)<\/figcaption><\/figure>\n\n\n\n<p>Hoiva-avustajaopiskelijat valmistavat opinnoissaan my\u00f6s toiminnallisen ohjaamisen v\u00e4lineen. T\u00e4llaisena voivat toimia keskustelu- tai muistelukortit. Osalla opiskelijoista ne ovat aktiivisessa k\u00e4yt\u00f6ss\u00e4, ja niiden valmistamisessa on n\u00e4hty vaivaa. Joku kokee kortit turhiksi eik\u00e4 k\u00e4yt\u00e4 niit\u00e4 virikkeen\u00e4. T\u00e4m\u00e4 osoittaa, miten opiskelija ajattelee osallisuudesta. Hoiva-avustaja on kuitenkin se henkil\u00f6, joka teht\u00e4v\u00e4n\u00e4 on edist\u00e4\u00e4 ik\u00e4\u00e4ntyneen osallisuutta. (Nukari-Dufva &amp; Salmela 2023.)<\/p>\n\n\n\n<div class=\"wp-block-group has-background\" style=\"background-color:#b3edfb\"><div class=\"wp-block-group__inner-container is-layout-constrained wp-block-group-is-layout-constrained\">\n<p>Kirjoittajat<\/p>\n\n\n\n<p><strong>Anita Nukari-Dufva<\/strong> opiskelee LAB-ammattikorkeakoulussa integroitujen hyvinvointipalvelujen kehitt\u00e4j\u00e4 ja johtaja (YAMK) -koulutuksessa.<\/p>\n\n\n\n<p><strong>Minna Salmela<\/strong> opiskelee Kaakkois-Suomen ammattikorkeakoulussa terveyden edist\u00e4misen (YAMK) koulutuksessa.<\/p>\n\n\n\n<p><strong>Anne Suikkanen<\/strong> toimii lehtorina LAB-ammattikorkeakoulun hyvinvointiyksik\u00f6ss\u00e4.<\/p>\n<\/div><\/div>\n\n\n\n<h2 class=\"wp-block-heading\">L\u00e4hteet<\/h2>\n\n\n\n<p>Istock.com. 2023. Vanhus saa kukkia. Viitattu 10.12.2023. Saatavissa rajoitetusti <a href=\"https:\/\/www.istockphoto.com\/fi\/search\/2\/image?numberofpeople=two&amp;phrase=vanhus%20saa%20kukkia\">https:\/\/www.istockphoto.com\/fi\/search\/2\/image?numberofpeople=two&amp;phrase=vanhus%20saa%20kukkia<\/a><\/p>\n\n\n\n<p>Koppanen, M. 2022. Lis\u00e4k\u00e4det hoitoty\u00f6ss\u00e4. Suositus l\u00e4hihoitajien ja hoiva-avustajien ty\u00f6ss\u00e4jaksamista tukevasta hoiva-avustajan ty\u00f6nkuvasta ik\u00e4\u00e4ntyneiden asumispalveluissa. Diak YAMK -opinn\u00e4ytety\u00f6. Viitattu 14.12.2023. Saatavissa <a href=\"https:\/\/www.theseus.fi\/bitstream\/handle\/10024\/783176\/Koppanen_Mari.pdf?sequence=2&amp;isAllowed=y\">https:\/\/www.theseus.fi\/bitstream\/handle\/10024\/783176\/Koppanen_Mari.pdf?sequence=2&amp;isAllowed=y<\/a><\/p>\n\n\n\n<p>Nukari-Dufva, A. &amp; Salmela, M. 2023. Osallisuuden ja hyvinvoinnin edist\u00e4misen toteutuminen ty\u00f6el\u00e4m\u00e4ss\u00e4 j\u00e4rjestett\u00e4v\u00e4n oppimisen jaksolla hoiva-avustajaopiskelijan n\u00e4k\u00f6kulmasta. YAMK-opinn\u00e4ytety\u00f6. LAB-ammattikorkeakoulu. Viitattu 14.12.2023. Saatavissa rajoitetusti <a href=\"https:\/\/urn.fi\/URN:NBN:fi:amk-2023121236475\">https:\/\/urn.fi\/URN:NBN:fi:amk-2023121236475<\/a><\/p>\n\n\n\n<p>Soste. 2018. Suomen sosiaali- ja terveys ry. Verkkosivut. Viitattu 14.12.2023. Saatavissa <a href=\"https:\/\/www.soste.fi\/osallisuus-on-tunne-siita-etta-kuuluu-johonkin\/\">https:\/\/www.soste.fi\/osallisuus-on-tunne-siita-etta-kuuluu-johonkin\/<\/a><\/p>\n\n\n\n<p>THL. 2023. Osallisuuden edist\u00e4j\u00e4n opas. Terveyden ja hyvinvoinnin laitos. Julkari. STM:n hallinnonalan avoin julkaisuarkisto. 2023_010. Viitattu 9.12.2023. Saatavissa <a href=\"https:\/\/urn.fi\/URN:ISBN:978-952-408-088-0\">https:\/\/urn.fi\/URN:ISBN:978-952-408-088-0<\/a><\/p>\n\n\n\n<p>Valvira. 2022. Hoiva-avustajat vanhustenhuollon ymp\u00e4rivuorokautisten toimintayksik\u00f6iden henkil\u00f6st\u00f6ss\u00e4-valvontaviranomaisten lupa- ja valvontak\u00e4yt\u00e4nn\u00f6n uudelleenarviointi. Ohje V\/13869\/2022. Helsinki. Viitattu 14.12.2023. Saatavissa &nbsp;<a href=\"https:\/\/valvira.fi\/documents\/152634019\/171676878\/Hoiva-avustajat-vanhustenhuollon-ymparivuorokautisten-toimintayksikoiden-henkilostossa.pdf\/84b6c24a-d23c-9f9f-8141-fce5e4f1b044\/Hoiva-avustajat-vanhustenhuollon-ymparivuorokautisten-toimintayksikoiden-henkilostossa.pdf?t=1693316910403\">https:\/\/valvira.fi\/documents\/152634019\/171676878\/Hoiva-avustajat-vanhustenhuollon-ymparivuorokautisten-toimintayksikoiden-henkilostossa.pdf\/84b6c24a-d23c-9f9f-8141-fce5e4f1b044\/Hoiva-avustajat-vanhustenhuollon-ymparivuorokautisten-toimintayksikoiden-henkilostossa.pdf?t=1693316910403<\/a><\/p>\n","protected":false},"excerpt":{"rendered":"<p>Ik\u00e4\u00e4ntyneiden ihmisten hyvinvointiin vaikuttavat kokemukset osallisuudesta ja merkityksellisyydest\u00e4. Jokainen ihminen on voimavara, jonka toimintakyvyst\u00e4, hyvinvoinnista ja osallisuudesta huolehtimalla voidaan vahvistaa my\u00f6s yhteiskunnan vakautta ja kest\u00e4vyytt\u00e4. Osallisuus on kuulumista ja kuulluksi tulemisen kokemusta (Soste 2018). Osallisena ihminen kokee olevansa merkityksellinen osa kokonaisuutta ja h\u00e4n voi vaikuttaa el\u00e4m\u00e4ns\u00e4 kulkuun ja yhteisiin asioihin. (THL 2023.) Ihminen tulee n\u00e4hdyksi [&hellip;]<\/p>\n","protected":false},"author":17,"featured_media":16906,"comment_status":"closed","ping_status":"open","sticky":false,"template":"","format":"standard","meta":{"footnotes":""},"categories":[15,119],"tags":[29,8413,1985,259],"class_list":{"0":"post-16904","1":"post","2":"type-post","3":"status-publish","4":"format-standard","5":"has-post-thumbnail","7":"category-health_fi","8":"category-osallisuuden-edistaminen-ja-turvallinen-arki","9":"tag-artikkeli-e1","10":"tag-hoiva-avustajakoulutus","11":"tag-ikaantyneet","12":"tag-osallisuus","13":"czr-hentry"},"yoast_head":"<!-- This site is optimized with the Yoast SEO plugin v27.4 - https:\/\/yoast.com\/product\/yoast-seo-wordpress\/ -->\n<title>Ik\u00e4\u00e4ntyneen osallisuus edist\u00e4\u00e4 h\u00e4nen hyvinvointiaan - LAB Focus<\/title>\n<meta name=\"description\" content=\"Hoiva-avustajilla on yh\u00e4 keskeisempi rooli ik\u00e4\u00e4ntyneiden henkil\u00f6iden osallisuuden ja el\u00e4m\u00e4nlaadun kohentamisessa.\" \/>\n<meta name=\"robots\" content=\"index, follow, max-snippet:-1, max-image-preview:large, max-video-preview:-1\" \/>\n<link rel=\"canonical\" href=\"https:\/\/blogit.lab.fi\/labfocus\/ikaantyneen-osallisuus-edistaa-hanen-hyvinvointiaan\/\" \/>\n<meta property=\"og:locale\" content=\"fi_FI\" \/>\n<meta property=\"og:type\" content=\"article\" \/>\n<meta property=\"og:title\" content=\"Ik\u00e4\u00e4ntyneen osallisuus edist\u00e4\u00e4 h\u00e4nen hyvinvointiaan - LAB Focus\" \/>\n<meta property=\"og:description\" content=\"Hoiva-avustajilla on yh\u00e4 keskeisempi rooli ik\u00e4\u00e4ntyneiden henkil\u00f6iden osallisuuden ja el\u00e4m\u00e4nlaadun kohentamisessa.\" \/>\n<meta property=\"og:url\" content=\"https:\/\/blogit.lab.fi\/labfocus\/ikaantyneen-osallisuus-edistaa-hanen-hyvinvointiaan\/\" \/>\n<meta property=\"og:site_name\" content=\"LAB Focus\" \/>\n<meta property=\"article:published_time\" content=\"2023-12-27T08:59:07+00:00\" \/>\n<meta property=\"article:modified_time\" content=\"2023-12-27T08:59:09+00:00\" \/>\n<meta property=\"og:image\" content=\"https:\/\/blogit.lab.fi\/labfocus\/wp-content\/uploads\/sites\/8\/2023\/12\/986_2023_Ikaantyneen-osallisuus-edistaa-hanen-hyvinvointiaan.jpg\" \/>\n\t<meta property=\"og:image:width\" content=\"1280\" \/>\n\t<meta property=\"og:image:height\" content=\"802\" \/>\n\t<meta property=\"og:image:type\" content=\"image\/jpeg\" \/>\n<meta name=\"author\" content=\"tainask\" \/>\n<meta name=\"twitter:card\" content=\"summary_large_image\" \/>\n<meta name=\"twitter:creator\" content=\"@LABfinland\" \/>\n<meta name=\"twitter:site\" content=\"@LABfinland\" \/>\n<meta name=\"twitter:label1\" content=\"Kirjoittanut\" \/>\n\t<meta name=\"twitter:data1\" content=\"tainask\" \/>\n\t<meta name=\"twitter:label2\" content=\"Arvioitu lukuaika\" \/>\n\t<meta name=\"twitter:data2\" content=\"4 minuuttia\" \/>\n<script type=\"application\/ld+json\" class=\"yoast-schema-graph\">{\"@context\":\"https:\\\/\\\/schema.org\",\"@graph\":[{\"@type\":\"Article\",\"@id\":\"https:\\\/\\\/blogit.lab.fi\\\/labfocus\\\/ikaantyneen-osallisuus-edistaa-hanen-hyvinvointiaan\\\/#article\",\"isPartOf\":{\"@id\":\"https:\\\/\\\/blogit.lab.fi\\\/labfocus\\\/ikaantyneen-osallisuus-edistaa-hanen-hyvinvointiaan\\\/\"},\"author\":{\"name\":\"tainask\",\"@id\":\"https:\\\/\\\/blogit.lab.fi\\\/labfocus\\\/#\\\/schema\\\/person\\\/da729f65c4a2fb9fd8f0b1ec7a2ab7d0\"},\"headline\":\"Ik\u00e4\u00e4ntyneen osallisuus edist\u00e4\u00e4 h\u00e4nen hyvinvointiaan\",\"datePublished\":\"2023-12-27T08:59:07+00:00\",\"dateModified\":\"2023-12-27T08:59:09+00:00\",\"mainEntityOfPage\":{\"@id\":\"https:\\\/\\\/blogit.lab.fi\\\/labfocus\\\/ikaantyneen-osallisuus-edistaa-hanen-hyvinvointiaan\\\/\"},\"wordCount\":596,\"publisher\":{\"@id\":\"https:\\\/\\\/blogit.lab.fi\\\/labfocus\\\/#organization\"},\"image\":{\"@id\":\"https:\\\/\\\/blogit.lab.fi\\\/labfocus\\\/ikaantyneen-osallisuus-edistaa-hanen-hyvinvointiaan\\\/#primaryimage\"},\"thumbnailUrl\":\"https:\\\/\\\/blogit.lab.fi\\\/labfocus\\\/wp-content\\\/uploads\\\/sites\\\/8\\\/2023\\\/12\\\/986_2023_Ikaantyneen-osallisuus-edistaa-hanen-hyvinvointiaan.jpg\",\"keywords\":[\"Artikkeli E1\",\"hoiva-avustajakoulutus\",\"ik\u00e4\u00e4ntyneet\",\"osallisuus\"],\"articleSection\":[\"Health\",\"Osallisuus, ty\u00f6el\u00e4m\u00e4 ja turvallinen arki\"],\"inLanguage\":\"fi\"},{\"@type\":\"WebPage\",\"@id\":\"https:\\\/\\\/blogit.lab.fi\\\/labfocus\\\/ikaantyneen-osallisuus-edistaa-hanen-hyvinvointiaan\\\/\",\"url\":\"https:\\\/\\\/blogit.lab.fi\\\/labfocus\\\/ikaantyneen-osallisuus-edistaa-hanen-hyvinvointiaan\\\/\",\"name\":\"Ik\u00e4\u00e4ntyneen osallisuus edist\u00e4\u00e4 h\u00e4nen hyvinvointiaan - LAB Focus\",\"isPartOf\":{\"@id\":\"https:\\\/\\\/blogit.lab.fi\\\/labfocus\\\/#website\"},\"primaryImageOfPage\":{\"@id\":\"https:\\\/\\\/blogit.lab.fi\\\/labfocus\\\/ikaantyneen-osallisuus-edistaa-hanen-hyvinvointiaan\\\/#primaryimage\"},\"image\":{\"@id\":\"https:\\\/\\\/blogit.lab.fi\\\/labfocus\\\/ikaantyneen-osallisuus-edistaa-hanen-hyvinvointiaan\\\/#primaryimage\"},\"thumbnailUrl\":\"https:\\\/\\\/blogit.lab.fi\\\/labfocus\\\/wp-content\\\/uploads\\\/sites\\\/8\\\/2023\\\/12\\\/986_2023_Ikaantyneen-osallisuus-edistaa-hanen-hyvinvointiaan.jpg\",\"datePublished\":\"2023-12-27T08:59:07+00:00\",\"dateModified\":\"2023-12-27T08:59:09+00:00\",\"description\":\"Hoiva-avustajilla on yh\u00e4 keskeisempi rooli ik\u00e4\u00e4ntyneiden henkil\u00f6iden osallisuuden ja el\u00e4m\u00e4nlaadun kohentamisessa.\",\"breadcrumb\":{\"@id\":\"https:\\\/\\\/blogit.lab.fi\\\/labfocus\\\/ikaantyneen-osallisuus-edistaa-hanen-hyvinvointiaan\\\/#breadcrumb\"},\"inLanguage\":\"fi\",\"potentialAction\":[{\"@type\":\"ReadAction\",\"target\":[\"https:\\\/\\\/blogit.lab.fi\\\/labfocus\\\/ikaantyneen-osallisuus-edistaa-hanen-hyvinvointiaan\\\/\"]}]},{\"@type\":\"ImageObject\",\"inLanguage\":\"fi\",\"@id\":\"https:\\\/\\\/blogit.lab.fi\\\/labfocus\\\/ikaantyneen-osallisuus-edistaa-hanen-hyvinvointiaan\\\/#primaryimage\",\"url\":\"https:\\\/\\\/blogit.lab.fi\\\/labfocus\\\/wp-content\\\/uploads\\\/sites\\\/8\\\/2023\\\/12\\\/986_2023_Ikaantyneen-osallisuus-edistaa-hanen-hyvinvointiaan.jpg\",\"contentUrl\":\"https:\\\/\\\/blogit.lab.fi\\\/labfocus\\\/wp-content\\\/uploads\\\/sites\\\/8\\\/2023\\\/12\\\/986_2023_Ikaantyneen-osallisuus-edistaa-hanen-hyvinvointiaan.jpg\",\"width\":1280,\"height\":802},{\"@type\":\"BreadcrumbList\",\"@id\":\"https:\\\/\\\/blogit.lab.fi\\\/labfocus\\\/ikaantyneen-osallisuus-edistaa-hanen-hyvinvointiaan\\\/#breadcrumb\",\"itemListElement\":[{\"@type\":\"ListItem\",\"position\":1,\"name\":\"Home\",\"item\":\"https:\\\/\\\/blogit.lab.fi\\\/labfocus\\\/\"},{\"@type\":\"ListItem\",\"position\":2,\"name\":\"Ik\u00e4\u00e4ntyneen osallisuus edist\u00e4\u00e4 h\u00e4nen hyvinvointiaan\"}]},{\"@type\":\"WebSite\",\"@id\":\"https:\\\/\\\/blogit.lab.fi\\\/labfocus\\\/#website\",\"url\":\"https:\\\/\\\/blogit.lab.fi\\\/labfocus\\\/\",\"name\":\"LAB Focus\",\"description\":\"Focus Area blog | LAB University of Applied Sciences\",\"publisher\":{\"@id\":\"https:\\\/\\\/blogit.lab.fi\\\/labfocus\\\/#organization\"},\"potentialAction\":[{\"@type\":\"SearchAction\",\"target\":{\"@type\":\"EntryPoint\",\"urlTemplate\":\"https:\\\/\\\/blogit.lab.fi\\\/labfocus\\\/?s={search_term_string}\"},\"query-input\":{\"@type\":\"PropertyValueSpecification\",\"valueRequired\":true,\"valueName\":\"search_term_string\"}}],\"inLanguage\":\"fi\"},{\"@type\":\"Organization\",\"@id\":\"https:\\\/\\\/blogit.lab.fi\\\/labfocus\\\/#organization\",\"name\":\"LAB Focus\",\"url\":\"https:\\\/\\\/blogit.lab.fi\\\/labfocus\\\/\",\"logo\":{\"@type\":\"ImageObject\",\"inLanguage\":\"fi\",\"@id\":\"https:\\\/\\\/blogit.lab.fi\\\/labfocus\\\/#\\\/schema\\\/logo\\\/image\\\/\",\"url\":\"https:\\\/\\\/blogit.lab.fi\\\/labfocus\\\/wp-content\\\/uploads\\\/sites\\\/8\\\/2020\\\/04\\\/cropped-cropped-tunnus_blogi-01.png\",\"contentUrl\":\"https:\\\/\\\/blogit.lab.fi\\\/labfocus\\\/wp-content\\\/uploads\\\/sites\\\/8\\\/2020\\\/04\\\/cropped-cropped-tunnus_blogi-01.png\",\"width\":1342,\"height\":288,\"caption\":\"LAB Focus\"},\"image\":{\"@id\":\"https:\\\/\\\/blogit.lab.fi\\\/labfocus\\\/#\\\/schema\\\/logo\\\/image\\\/\"},\"sameAs\":[\"https:\\\/\\\/x.com\\\/LABfinland\"]},{\"@type\":\"Person\",\"@id\":\"https:\\\/\\\/blogit.lab.fi\\\/labfocus\\\/#\\\/schema\\\/person\\\/da729f65c4a2fb9fd8f0b1ec7a2ab7d0\",\"name\":\"tainask\",\"image\":{\"@type\":\"ImageObject\",\"inLanguage\":\"fi\",\"@id\":\"https:\\\/\\\/secure.gravatar.com\\\/avatar\\\/4a96427877ef826b76e80c27f60b266128094f522551459346efcf14282febb3?s=96&d=mm&r=g\",\"url\":\"https:\\\/\\\/secure.gravatar.com\\\/avatar\\\/4a96427877ef826b76e80c27f60b266128094f522551459346efcf14282febb3?s=96&d=mm&r=g\",\"contentUrl\":\"https:\\\/\\\/secure.gravatar.com\\\/avatar\\\/4a96427877ef826b76e80c27f60b266128094f522551459346efcf14282febb3?s=96&d=mm&r=g\",\"caption\":\"tainask\"},\"url\":\"https:\\\/\\\/blogit.lab.fi\\\/labfocus\\\/author\\\/tainask\\\/\"}]}<\/script>\n<!-- \/ Yoast SEO plugin. -->","yoast_head_json":{"title":"Ik\u00e4\u00e4ntyneen osallisuus edist\u00e4\u00e4 h\u00e4nen hyvinvointiaan - LAB Focus","description":"Hoiva-avustajilla on yh\u00e4 keskeisempi rooli ik\u00e4\u00e4ntyneiden henkil\u00f6iden osallisuuden ja el\u00e4m\u00e4nlaadun kohentamisessa.","robots":{"index":"index","follow":"follow","max-snippet":"max-snippet:-1","max-image-preview":"max-image-preview:large","max-video-preview":"max-video-preview:-1"},"canonical":"https:\/\/blogit.lab.fi\/labfocus\/ikaantyneen-osallisuus-edistaa-hanen-hyvinvointiaan\/","og_locale":"fi_FI","og_type":"article","og_title":"Ik\u00e4\u00e4ntyneen osallisuus edist\u00e4\u00e4 h\u00e4nen hyvinvointiaan - LAB Focus","og_description":"Hoiva-avustajilla on yh\u00e4 keskeisempi rooli ik\u00e4\u00e4ntyneiden henkil\u00f6iden osallisuuden ja el\u00e4m\u00e4nlaadun kohentamisessa.","og_url":"https:\/\/blogit.lab.fi\/labfocus\/ikaantyneen-osallisuus-edistaa-hanen-hyvinvointiaan\/","og_site_name":"LAB Focus","article_published_time":"2023-12-27T08:59:07+00:00","article_modified_time":"2023-12-27T08:59:09+00:00","og_image":[{"width":1280,"height":802,"url":"https:\/\/blogit.lab.fi\/labfocus\/wp-content\/uploads\/sites\/8\/2023\/12\/986_2023_Ikaantyneen-osallisuus-edistaa-hanen-hyvinvointiaan.jpg","type":"image\/jpeg"}],"author":"tainask","twitter_card":"summary_large_image","twitter_creator":"@LABfinland","twitter_site":"@LABfinland","twitter_misc":{"Kirjoittanut":"tainask","Arvioitu lukuaika":"4 minuuttia"},"schema":{"@context":"https:\/\/schema.org","@graph":[{"@type":"Article","@id":"https:\/\/blogit.lab.fi\/labfocus\/ikaantyneen-osallisuus-edistaa-hanen-hyvinvointiaan\/#article","isPartOf":{"@id":"https:\/\/blogit.lab.fi\/labfocus\/ikaantyneen-osallisuus-edistaa-hanen-hyvinvointiaan\/"},"author":{"name":"tainask","@id":"https:\/\/blogit.lab.fi\/labfocus\/#\/schema\/person\/da729f65c4a2fb9fd8f0b1ec7a2ab7d0"},"headline":"Ik\u00e4\u00e4ntyneen osallisuus edist\u00e4\u00e4 h\u00e4nen hyvinvointiaan","datePublished":"2023-12-27T08:59:07+00:00","dateModified":"2023-12-27T08:59:09+00:00","mainEntityOfPage":{"@id":"https:\/\/blogit.lab.fi\/labfocus\/ikaantyneen-osallisuus-edistaa-hanen-hyvinvointiaan\/"},"wordCount":596,"publisher":{"@id":"https:\/\/blogit.lab.fi\/labfocus\/#organization"},"image":{"@id":"https:\/\/blogit.lab.fi\/labfocus\/ikaantyneen-osallisuus-edistaa-hanen-hyvinvointiaan\/#primaryimage"},"thumbnailUrl":"https:\/\/blogit.lab.fi\/labfocus\/wp-content\/uploads\/sites\/8\/2023\/12\/986_2023_Ikaantyneen-osallisuus-edistaa-hanen-hyvinvointiaan.jpg","keywords":["Artikkeli E1","hoiva-avustajakoulutus","ik\u00e4\u00e4ntyneet","osallisuus"],"articleSection":["Health","Osallisuus, ty\u00f6el\u00e4m\u00e4 ja turvallinen arki"],"inLanguage":"fi"},{"@type":"WebPage","@id":"https:\/\/blogit.lab.fi\/labfocus\/ikaantyneen-osallisuus-edistaa-hanen-hyvinvointiaan\/","url":"https:\/\/blogit.lab.fi\/labfocus\/ikaantyneen-osallisuus-edistaa-hanen-hyvinvointiaan\/","name":"Ik\u00e4\u00e4ntyneen osallisuus edist\u00e4\u00e4 h\u00e4nen hyvinvointiaan - LAB Focus","isPartOf":{"@id":"https:\/\/blogit.lab.fi\/labfocus\/#website"},"primaryImageOfPage":{"@id":"https:\/\/blogit.lab.fi\/labfocus\/ikaantyneen-osallisuus-edistaa-hanen-hyvinvointiaan\/#primaryimage"},"image":{"@id":"https:\/\/blogit.lab.fi\/labfocus\/ikaantyneen-osallisuus-edistaa-hanen-hyvinvointiaan\/#primaryimage"},"thumbnailUrl":"https:\/\/blogit.lab.fi\/labfocus\/wp-content\/uploads\/sites\/8\/2023\/12\/986_2023_Ikaantyneen-osallisuus-edistaa-hanen-hyvinvointiaan.jpg","datePublished":"2023-12-27T08:59:07+00:00","dateModified":"2023-12-27T08:59:09+00:00","description":"Hoiva-avustajilla on yh\u00e4 keskeisempi rooli ik\u00e4\u00e4ntyneiden henkil\u00f6iden osallisuuden ja el\u00e4m\u00e4nlaadun kohentamisessa.","breadcrumb":{"@id":"https:\/\/blogit.lab.fi\/labfocus\/ikaantyneen-osallisuus-edistaa-hanen-hyvinvointiaan\/#breadcrumb"},"inLanguage":"fi","potentialAction":[{"@type":"ReadAction","target":["https:\/\/blogit.lab.fi\/labfocus\/ikaantyneen-osallisuus-edistaa-hanen-hyvinvointiaan\/"]}]},{"@type":"ImageObject","inLanguage":"fi","@id":"https:\/\/blogit.lab.fi\/labfocus\/ikaantyneen-osallisuus-edistaa-hanen-hyvinvointiaan\/#primaryimage","url":"https:\/\/blogit.lab.fi\/labfocus\/wp-content\/uploads\/sites\/8\/2023\/12\/986_2023_Ikaantyneen-osallisuus-edistaa-hanen-hyvinvointiaan.jpg","contentUrl":"https:\/\/blogit.lab.fi\/labfocus\/wp-content\/uploads\/sites\/8\/2023\/12\/986_2023_Ikaantyneen-osallisuus-edistaa-hanen-hyvinvointiaan.jpg","width":1280,"height":802},{"@type":"BreadcrumbList","@id":"https:\/\/blogit.lab.fi\/labfocus\/ikaantyneen-osallisuus-edistaa-hanen-hyvinvointiaan\/#breadcrumb","itemListElement":[{"@type":"ListItem","position":1,"name":"Home","item":"https:\/\/blogit.lab.fi\/labfocus\/"},{"@type":"ListItem","position":2,"name":"Ik\u00e4\u00e4ntyneen osallisuus edist\u00e4\u00e4 h\u00e4nen hyvinvointiaan"}]},{"@type":"WebSite","@id":"https:\/\/blogit.lab.fi\/labfocus\/#website","url":"https:\/\/blogit.lab.fi\/labfocus\/","name":"LAB Focus","description":"Focus Area blog | LAB University of Applied Sciences","publisher":{"@id":"https:\/\/blogit.lab.fi\/labfocus\/#organization"},"potentialAction":[{"@type":"SearchAction","target":{"@type":"EntryPoint","urlTemplate":"https:\/\/blogit.lab.fi\/labfocus\/?s={search_term_string}"},"query-input":{"@type":"PropertyValueSpecification","valueRequired":true,"valueName":"search_term_string"}}],"inLanguage":"fi"},{"@type":"Organization","@id":"https:\/\/blogit.lab.fi\/labfocus\/#organization","name":"LAB Focus","url":"https:\/\/blogit.lab.fi\/labfocus\/","logo":{"@type":"ImageObject","inLanguage":"fi","@id":"https:\/\/blogit.lab.fi\/labfocus\/#\/schema\/logo\/image\/","url":"https:\/\/blogit.lab.fi\/labfocus\/wp-content\/uploads\/sites\/8\/2020\/04\/cropped-cropped-tunnus_blogi-01.png","contentUrl":"https:\/\/blogit.lab.fi\/labfocus\/wp-content\/uploads\/sites\/8\/2020\/04\/cropped-cropped-tunnus_blogi-01.png","width":1342,"height":288,"caption":"LAB Focus"},"image":{"@id":"https:\/\/blogit.lab.fi\/labfocus\/#\/schema\/logo\/image\/"},"sameAs":["https:\/\/x.com\/LABfinland"]},{"@type":"Person","@id":"https:\/\/blogit.lab.fi\/labfocus\/#\/schema\/person\/da729f65c4a2fb9fd8f0b1ec7a2ab7d0","name":"tainask","image":{"@type":"ImageObject","inLanguage":"fi","@id":"https:\/\/secure.gravatar.com\/avatar\/4a96427877ef826b76e80c27f60b266128094f522551459346efcf14282febb3?s=96&d=mm&r=g","url":"https:\/\/secure.gravatar.com\/avatar\/4a96427877ef826b76e80c27f60b266128094f522551459346efcf14282febb3?s=96&d=mm&r=g","contentUrl":"https:\/\/secure.gravatar.com\/avatar\/4a96427877ef826b76e80c27f60b266128094f522551459346efcf14282febb3?s=96&d=mm&r=g","caption":"tainask"},"url":"https:\/\/blogit.lab.fi\/labfocus\/author\/tainask\/"}]}},"_links":{"self":[{"href":"https:\/\/blogit.lab.fi\/labfocus\/wp-json\/wp\/v2\/posts\/16904","targetHints":{"allow":["GET"]}}],"collection":[{"href":"https:\/\/blogit.lab.fi\/labfocus\/wp-json\/wp\/v2\/posts"}],"about":[{"href":"https:\/\/blogit.lab.fi\/labfocus\/wp-json\/wp\/v2\/types\/post"}],"author":[{"embeddable":true,"href":"https:\/\/blogit.lab.fi\/labfocus\/wp-json\/wp\/v2\/users\/17"}],"replies":[{"embeddable":true,"href":"https:\/\/blogit.lab.fi\/labfocus\/wp-json\/wp\/v2\/comments?post=16904"}],"version-history":[{"count":1,"href":"https:\/\/blogit.lab.fi\/labfocus\/wp-json\/wp\/v2\/posts\/16904\/revisions"}],"predecessor-version":[{"id":16907,"href":"https:\/\/blogit.lab.fi\/labfocus\/wp-json\/wp\/v2\/posts\/16904\/revisions\/16907"}],"wp:featuredmedia":[{"embeddable":true,"href":"https:\/\/blogit.lab.fi\/labfocus\/wp-json\/wp\/v2\/media\/16906"}],"wp:attachment":[{"href":"https:\/\/blogit.lab.fi\/labfocus\/wp-json\/wp\/v2\/media?parent=16904"}],"wp:term":[{"taxonomy":"category","embeddable":true,"href":"https:\/\/blogit.lab.fi\/labfocus\/wp-json\/wp\/v2\/categories?post=16904"},{"taxonomy":"post_tag","embeddable":true,"href":"https:\/\/blogit.lab.fi\/labfocus\/wp-json\/wp\/v2\/tags?post=16904"}],"curies":[{"name":"wp","href":"https:\/\/api.w.org\/{rel}","templated":true}]}}