{"id":16950,"date":"2023-12-29T09:11:15","date_gmt":"2023-12-29T07:11:15","guid":{"rendered":"https:\/\/blogit.lab.fi\/labfocus\/?p=16950"},"modified":"2023-12-29T09:18:33","modified_gmt":"2023-12-29T07:18:33","slug":"tyontekija-ja-pienyrittaja-yhteistyossa-energiansaastotalkoisiin","status":"publish","type":"post","link":"https:\/\/blogit.lab.fi\/labfocus\/tyontekija-ja-pienyrittaja-yhteistyossa-energiansaastotalkoisiin\/","title":{"rendered":"Ty\u00f6ntekij\u00e4 ja pienyritt\u00e4j\u00e4 yhteisty\u00f6ss\u00e4 energians\u00e4\u00e4st\u00f6talkoisiin"},"content":{"rendered":"\n<p>LAB-ammattikorkeakoulun koordinoimassa Maaseudun palveluyritysten v\u00e4h\u00e4hiiliset energiaratkaisut -hankkeessa on tehty yrityksille energiakatselmuksia, joissa on k\u00e4yty l\u00e4pi, mihin energiaa yrityksess\u00e4 kuluu. Suurin osa ty\u00f6paikan energiasta kuluu l\u00e4mmitykseen. My\u00f6s ty\u00f6ntekij\u00e4 voi ehdottaa l\u00e4mp\u00f6tilan laskemista ty\u00f6tiloista tai varastoista ja huoneista, joita ei k\u00e4ytet\u00e4. L\u00e4mmitys vie suuren osan energiakuluista, ja jo astetta alempi sis\u00e4l\u00e4mp\u00f6tila kuluttaa viisi prosenttia v\u00e4hemm\u00e4n l\u00e4mmitysenergiaa. Termostaattien s\u00e4\u00e4d\u00f6n yhteydess\u00e4 kannattaa varmistaa, etteiv\u00e4t termostaatit j\u00e4\u00e4 esimerkiksi verhojen tai huonekalujen taakse. My\u00f6s ovien ja ikkunoiden tiivisteet kannattaa tarkistaa. (Motiva 2022.)<\/p>\n\n\n\n<p><a href=\"https:\/\/www.lab.fi\/fi\/projekti\/maaseudun-palveluyritysten-vahahiiliset-energiaratkaisut\">Linkki Maaseudun v\u00e4h\u00e4hiiliset energiaratkaisut -hankkeen nettisivuille.<\/a><\/p>\n\n\n\n<figure class=\"wp-block-image size-large\"><img loading=\"lazy\" decoding=\"async\" width=\"1024\" height=\"512\" src=\"https:\/\/blogit.lab.fi\/labfocus\/wp-content\/uploads\/sites\/8\/2023\/12\/727_2023_Tyontekija-ja-pienyrittaja-yhteistyossa-energiansaastotalkoisiin_Kuva1-1024x512.jpg\" alt=\"L\u00e4mp\u00f6mittari, joka osoittaa 10 l\u00e4mp\u00f6astetta.\" class=\"wp-image-16952\" srcset=\"https:\/\/blogit.lab.fi\/labfocus\/wp-content\/uploads\/sites\/8\/2023\/12\/727_2023_Tyontekija-ja-pienyrittaja-yhteistyossa-energiansaastotalkoisiin_Kuva1-1024x512.jpg 1024w, https:\/\/blogit.lab.fi\/labfocus\/wp-content\/uploads\/sites\/8\/2023\/12\/727_2023_Tyontekija-ja-pienyrittaja-yhteistyossa-energiansaastotalkoisiin_Kuva1-300x150.jpg 300w, https:\/\/blogit.lab.fi\/labfocus\/wp-content\/uploads\/sites\/8\/2023\/12\/727_2023_Tyontekija-ja-pienyrittaja-yhteistyossa-energiansaastotalkoisiin_Kuva1-768x384.jpg 768w, https:\/\/blogit.lab.fi\/labfocus\/wp-content\/uploads\/sites\/8\/2023\/12\/727_2023_Tyontekija-ja-pienyrittaja-yhteistyossa-energiansaastotalkoisiin_Kuva1-570x285.jpg 570w, https:\/\/blogit.lab.fi\/labfocus\/wp-content\/uploads\/sites\/8\/2023\/12\/727_2023_Tyontekija-ja-pienyrittaja-yhteistyossa-energiansaastotalkoisiin_Kuva1.jpg 1280w\" sizes=\"auto, (max-width: 1024px) 100vw, 1024px\" \/><figcaption class=\"wp-element-caption\">Kuva 1. L\u00e4mp\u00f6tilan laskeminen s\u00e4\u00e4st\u00e4\u00e4 energiaa. (geralt 2022)<\/figcaption><\/figure>\n\n\n\n<h2 class=\"wp-block-heading\">Ilmal\u00e4mp\u00f6pumppu energian s\u00e4\u00e4st\u00f6ss\u00e4<\/h2>\n\n\n\n<p>Ilma-ilmal\u00e4mp\u00f6pumppu on lis\u00e4l\u00e4mmityslaite, mutta ilma-vesil\u00e4mp\u00f6pumppu ja poistoilmal\u00e4mp\u00f6pumppu hoitavat l\u00e4mmityksen kokonaisuudessaan. Motivan tekem\u00e4n selvityksen mukaan ilmal\u00e4mp\u00f6pumpun k\u00e4ytt\u00f6\u00f6notolla suurimmat s\u00e4\u00e4st\u00f6t keskim\u00e4\u00e4rin saatiin s\u00e4hk\u00f6l\u00e4mmitystaloissa, joissa energiaa kului paljon neli\u00f6t\u00e4 kohden ennen ilmal\u00e4mp\u00f6pumpun k\u00e4ytt\u00f6\u00f6nottoa. Ilmal\u00e4mp\u00f6pumppu auttaa l\u00e4mmityksess\u00e4, mutta se voi my\u00f6s vied\u00e4 turhaan energiaa viilennyksess\u00e4 kes\u00e4ll\u00e4, joten sit\u00e4 kannattaa kes\u00e4ll\u00e4 k\u00e4ytt\u00e4\u00e4 vain, jos sis\u00e4ll\u00e4 on ihmisi\u00e4. Mik\u00e4li viilennyst\u00e4 tarvitaan vain johonkin osaan rakennuksesta, viilennett\u00e4v\u00e4\u00e4 tilaa voi rajata. Kes\u00e4ll\u00e4 kannattaa hy\u00f6dynt\u00e4\u00e4 luonnollista j\u00e4\u00e4hdytyst\u00e4 tuulettamalla varjon puolelta. (Motiva.)<\/p>\n\n\n\n<p>Suomen l\u00e4mp\u00f6pumppuyhdistyksen toiminnanjohtaja Jussi Hirvonen totesi METE-hankkeen j\u00e4rjest\u00e4m\u00e4ss\u00e4 webinaarissa, ett\u00e4 l\u00e4mp\u00f6pumppu on siltatekniikka s\u00e4hk\u00f6n ja l\u00e4mmityksen v\u00e4lill\u00e4. Ilma-vesil\u00e4mp\u00f6pumppu toimii niin, ett\u00e4 se siirt\u00e4\u00e4 l\u00e4mp\u00f6\u00e4 ulkoilmasta vesikiertoiseen l\u00e4mm\u00f6njakoj\u00e4rjestelm\u00e4\u00e4n l\u00e4mmitt\u00e4en my\u00f6s k\u00e4ytt\u00f6veden. Poistoilmal\u00e4mp\u00f6pumpulla on mahdollisuus ottaa hukkal\u00e4mp\u00f6j\u00e4 talteen, sill\u00e4 se siirt\u00e4\u00e4 talosta poistettavasta l\u00e4mpim\u00e4st\u00e4 sis\u00e4ilmasta l\u00e4mp\u00f6\u00e4 vesikiertoiseen l\u00e4mm\u00f6njakoj\u00e4rjestelm\u00e4\u00e4n. (Hirvonen 2022.)<\/p>\n\n\n\n<figure class=\"wp-block-image size-large\"><img loading=\"lazy\" decoding=\"async\" width=\"1024\" height=\"512\" src=\"https:\/\/blogit.lab.fi\/labfocus\/wp-content\/uploads\/sites\/8\/2023\/12\/727_2023_Tyontekija-ja-pienyrittaja-yhteistyossa-energiansaastotalkoisiin_Kuva2-1024x512.jpg\" alt=\"Kaksi virtajohtoa, joista toinen on kiinni pistorasiassa.\" class=\"wp-image-16953\" srcset=\"https:\/\/blogit.lab.fi\/labfocus\/wp-content\/uploads\/sites\/8\/2023\/12\/727_2023_Tyontekija-ja-pienyrittaja-yhteistyossa-energiansaastotalkoisiin_Kuva2-1024x512.jpg 1024w, https:\/\/blogit.lab.fi\/labfocus\/wp-content\/uploads\/sites\/8\/2023\/12\/727_2023_Tyontekija-ja-pienyrittaja-yhteistyossa-energiansaastotalkoisiin_Kuva2-300x150.jpg 300w, https:\/\/blogit.lab.fi\/labfocus\/wp-content\/uploads\/sites\/8\/2023\/12\/727_2023_Tyontekija-ja-pienyrittaja-yhteistyossa-energiansaastotalkoisiin_Kuva2-768x384.jpg 768w, https:\/\/blogit.lab.fi\/labfocus\/wp-content\/uploads\/sites\/8\/2023\/12\/727_2023_Tyontekija-ja-pienyrittaja-yhteistyossa-energiansaastotalkoisiin_Kuva2-570x285.jpg 570w, https:\/\/blogit.lab.fi\/labfocus\/wp-content\/uploads\/sites\/8\/2023\/12\/727_2023_Tyontekija-ja-pienyrittaja-yhteistyossa-energiansaastotalkoisiin_Kuva2.jpg 1280w\" sizes=\"auto, (max-width: 1024px) 100vw, 1024px\" \/><figcaption class=\"wp-element-caption\">Kuva 2. Laitteet kuluttavat s\u00e4hk\u00f6\u00e4. (Alexandra_Koch 2022)<\/figcaption><\/figure>\n\n\n\n<h2 class=\"wp-block-heading\">Laitteet kuluttavat s\u00e4hk\u00f6\u00e4<\/h2>\n\n\n\n<p>Ty\u00f6ntekij\u00e4 tilan k\u00e4ytt\u00e4j\u00e4n\u00e4 voi vaikuttaa erityisesti toimistolaitteiden k\u00e4yt\u00f6n energiankulutukseen. Ty\u00f6ntekij\u00f6iden pit\u00e4\u00e4 huolehtia siit\u00e4, ett\u00e4 laitteet, joita ei k\u00e4ytet\u00e4, ovat sammutettuina ja laturit irrotetaan verkkovirrasta latauksen p\u00e4\u00e4tytty\u00e4. Tyhj\u00e4 n\u00e4ytt\u00f6 n\u00e4yt\u00f6ns\u00e4\u00e4st\u00e4j\u00e4n\u00e4 kuluttaa energiaa v\u00e4hiten, samoin lyhyet viiveet valmiustiloille ja sammutukselle. Virrans\u00e4\u00e4st\u00f6automatiikalla voi pienent\u00e4\u00e4 s\u00e4hk\u00f6nkulutusta yksitt\u00e4isiss\u00e4 laitteissa jopa 50\u201380 prosenttia. (Helen.)<\/p>\n\n\n\n<h2 class=\"wp-block-heading\">Valaistukseen kannattaa kiinnitt\u00e4\u00e4 huomiota<\/h2>\n\n\n\n<p>Mika Keski-Luopa puhui METE-hankkeen webinaarissa valaistuksen muuttamisesta energians\u00e4\u00e4st\u00f6toimena. Valaistuksen muuttaminen energiatehokkaammaksi on energiakatselmuksissa yleisin yrityksille ehdotettu energians\u00e4\u00e4st\u00f6toimi, ja yrityksiss\u00e4 onkin vaihdettu hehkulamppuja ja halogeenilamppuja led-lampuiksi. Loisteputkia on viel\u00e4 k\u00e4yt\u00f6ss\u00e4, mutta nekin kannattaa vaihtaa led-putkiksi. Esimerkiksi vanhoissa yksiputkisissa valaisimissa riitt\u00e4\u00e4 led-putken ja sytyttimen vaihto loisteputken ja sen sytyttimen tilalle. Kaikkiin valaisimiin led-putket eiv\u00e4t kuitenkaan sovellu. (Keski-Luopa 2022.) <\/p>\n\n\n\n<p>Mik\u00e4li loisteputkia on k\u00e4yt\u00f6ss\u00e4, ne kannattaa sammuttaa aina, kun l\u00e4htee tilasta pois, sill\u00e4 loisteputkivalaisin kuluttaa jo muutaman minuutin p\u00e4\u00e4ll\u00e4 olon aikana sata kertaa enemm\u00e4n s\u00e4hk\u00f6\u00e4 kuin sen p\u00e4\u00e4lle laittamiseen kuluu (Helen). Yritysten ty\u00f6ntekij\u00f6it\u00e4kin kannattaa muistuttaa valojen sammuttamisesta aina, kun l\u00e4htee huoneesta pois.<\/p>\n\n\n\n<div class=\"wp-block-group has-background\" style=\"background-color:#b3edfb\"><div class=\"wp-block-group__inner-container is-layout-constrained wp-block-group-is-layout-constrained\">\n<p>Kirjoittaja<br><br><strong>Eija\u202fLantta<\/strong>\u202fty\u00f6skentelee\u202fLAB-ammattikorkeakoulussa TKI-asiantuntijana Maaseudun palveluyritysten v\u00e4h\u00e4hiiliset energiaratkaisut -hankkeessa ja projektip\u00e4\u00e4llikk\u00f6n\u00e4 KoKo \u2013 Kohti Koulutusta -hankkeessa.<\/p>\n<\/div><\/div>\n\n\n\n<h3 class=\"wp-block-heading\">L\u00e4hteet<\/h3>\n\n\n\n<p>Alexandra_Koch. 2022. Virtal\u00e4hde, s\u00e4hk\u00f6\u00e4, energiaa. Pixabay, CC0. Viitattu 17.10.2023. Saatavissa <a href=\"https:\/\/pixabay.com\/fi\/photos\/virtal%C3%A4hde-s%C3%A4hk%C3%B6%C3%A4-energiaa-7658432\/\">https:\/\/pixabay.com\/fi\/photos\/virtal%C3%A4hde-s%C3%A4hk%C3%B6%C3%A4-energiaa-7658432\/<\/a><\/p>\n\n\n\n<p>geralt. 2022. Energiaa, energians\u00e4\u00e4st\u00f6. Pixabay, CC0. Viitattu 17.10.2023. Saatavissa <a href=\"https:\/\/pixabay.com\/fi\/illustrations\/energiaa-energians%C3%A4%C3%A4st%C3%B6-7464554\/\">https:\/\/pixabay.com\/fi\/illustrations\/energiaa-energians%C3%A4%C3%A4st%C3%B6-7464554\/<\/a><\/p>\n\n\n\n<p>Helen. Energians\u00e4\u00e4st\u00f6 ty\u00f6paikalla. Viitattu 17.10.2023. Saatavissa <a href=\"https:\/\/www.ekotuki.fi\/files\/2015\/02\/Energiansaasto_tyopaikalla.pdf\">https:\/\/www.ekotuki.fi\/files\/2015\/02\/Energiansaasto_tyopaikalla.pdf<\/a><\/p>\n\n\n\n<p>Hirvonen, J. 2022. L\u00e4mp\u00f6pumput ja niiden hy\u00f6dynt\u00e4minen mikro- ja pk-yrityksiss\u00e4. Esitys METE \u2013 Maaseudun v\u00e4h\u00e4hiiliset energiaratkaisut -hankkeen webinaarissa 18.5.2022. Viitattu 4.12.2023. Saatavissa <a href=\"https:\/\/www.maaseudunmete.fi\/infovideot\/\">https:\/\/www.maaseudunmete.fi\/infovideot\/<\/a><\/p>\n\n\n\n<p>Keski-Luopa, M. 2022. Energiatehokas ja tarkoituksenmukainen valaistus. Esitys METE \u2013 Maaseudun v\u00e4h\u00e4hiiliset energiaratkaisut -hankkeen webinaarissa 6.4.2022. Viitattu 4.12.2023. Saatavissa <a href=\"https:\/\/www.maaseudunmete.fi\/infovideot\/\">https:\/\/www.maaseudunmete.fi\/infovideot\/<\/a> &nbsp;<\/p>\n\n\n\n<p>Motiva. Tutkittua energians\u00e4\u00e4st\u00f6\u00e4 ilmal\u00e4mp\u00f6pumpulla.&nbsp; Viitattu 30.11.2023. Saatavissa <a href=\"https:\/\/www.motiva.fi\/files\/5427\/Tutkittua_energiansaastoa_ilmalampopumpulla.pdf\">https:\/\/www.motiva.fi\/files\/5427\/Tutkittua_energiansaastoa_ilmalampopumpulla.pdf<\/a><\/p>\n\n\n\n<p>Motiva 2022. Astetta alemmas. Viitattu 17.10.2023. Saatavissa <a href=\"https:\/\/www.motiva.fi\/koti_ja_asuminen\/energiansaasto_on_varautumista\">https:\/\/www.motiva.fi\/koti_ja_asuminen\/energiansaasto_on_varautumista<\/a><\/p>\n\n\n\n<h3 class=\"wp-block-heading\">Linkit<\/h3>\n\n\n\n<p>Linkki 1. LAB-ammattikorkeakoulu. Maaseudun palveluyritysten v\u00e4h\u00e4hiiliset energiaratkaisut. Viitattu 17.10.2023. Saatavissa <a href=\"https:\/\/www.lab.fi\/fi\/projekti\/maaseudun-palveluyritysten-vahahiiliset-energiaratkaisut\">https:\/\/www.lab.fi\/fi\/projekti\/maaseudun-palveluyritysten-vahahiiliset-energiaratkaisut<\/a> &nbsp;<\/p>\n","protected":false},"excerpt":{"rendered":"<p>LAB-ammattikorkeakoulun koordinoimassa Maaseudun palveluyritysten v\u00e4h\u00e4hiiliset energiaratkaisut -hankkeessa on tehty yrityksille energiakatselmuksia, joissa on k\u00e4yty l\u00e4pi, mihin energiaa yrityksess\u00e4 kuluu. Suurin osa ty\u00f6paikan energiasta kuluu l\u00e4mmitykseen. My\u00f6s ty\u00f6ntekij\u00e4 voi ehdottaa l\u00e4mp\u00f6tilan laskemista ty\u00f6tiloista tai varastoista ja huoneista, joita ei k\u00e4ytet\u00e4. L\u00e4mmitys vie suuren osan energiakuluista, ja jo astetta alempi sis\u00e4l\u00e4mp\u00f6tila kuluttaa viisi prosenttia v\u00e4hemm\u00e4n l\u00e4mmitysenergiaa. Termostaattien [&hellip;]<\/p>\n","protected":false},"author":23,"featured_media":16953,"comment_status":"closed","ping_status":"open","sticky":false,"template":"","format":"standard","meta":{"footnotes":""},"categories":[23,33],"tags":[29,8450,8452,8454,8456],"class_list":{"0":"post-16950","1":"post","2":"type-post","3":"status-publish","4":"format-standard","5":"has-post-thumbnail","7":"category-circular-economy_fi","8":"category-kestavat-yhteisot","9":"tag-artikkeli-e1","10":"tag-energia","11":"tag-energiansaasto","12":"tag-lammitys","13":"tag-valaistus","14":"czr-hentry"},"yoast_head":"<!-- This site is optimized with the Yoast SEO plugin v27.4 - https:\/\/yoast.com\/product\/yoast-seo-wordpress\/ -->\n<title>Ty\u00f6ntekij\u00e4 ja pienyritt\u00e4j\u00e4 yhteisty\u00f6ss\u00e4 energians\u00e4\u00e4st\u00f6talkoisiin - LAB Focus<\/title>\n<meta name=\"robots\" content=\"index, follow, max-snippet:-1, max-image-preview:large, max-video-preview:-1\" \/>\n<link rel=\"canonical\" href=\"https:\/\/blogit.lab.fi\/labfocus\/tyontekija-ja-pienyrittaja-yhteistyossa-energiansaastotalkoisiin\/\" \/>\n<meta property=\"og:locale\" content=\"fi_FI\" \/>\n<meta property=\"og:type\" content=\"article\" \/>\n<meta property=\"og:title\" content=\"Ty\u00f6ntekij\u00e4 ja pienyritt\u00e4j\u00e4 yhteisty\u00f6ss\u00e4 energians\u00e4\u00e4st\u00f6talkoisiin - LAB Focus\" \/>\n<meta property=\"og:description\" content=\"LAB-ammattikorkeakoulun koordinoimassa Maaseudun palveluyritysten v\u00e4h\u00e4hiiliset energiaratkaisut -hankkeessa on tehty yrityksille energiakatselmuksia, joissa on k\u00e4yty l\u00e4pi, mihin energiaa yrityksess\u00e4 kuluu. Suurin osa ty\u00f6paikan energiasta kuluu l\u00e4mmitykseen. My\u00f6s ty\u00f6ntekij\u00e4 voi ehdottaa l\u00e4mp\u00f6tilan laskemista ty\u00f6tiloista tai varastoista ja huoneista, joita ei k\u00e4ytet\u00e4. L\u00e4mmitys vie suuren osan energiakuluista, ja jo astetta alempi sis\u00e4l\u00e4mp\u00f6tila kuluttaa viisi prosenttia v\u00e4hemm\u00e4n l\u00e4mmitysenergiaa. Termostaattien [&hellip;]\" \/>\n<meta property=\"og:url\" content=\"https:\/\/blogit.lab.fi\/labfocus\/tyontekija-ja-pienyrittaja-yhteistyossa-energiansaastotalkoisiin\/\" \/>\n<meta property=\"og:site_name\" content=\"LAB Focus\" \/>\n<meta property=\"article:published_time\" content=\"2023-12-29T07:11:15+00:00\" \/>\n<meta property=\"article:modified_time\" content=\"2023-12-29T07:18:33+00:00\" \/>\n<meta property=\"og:image\" content=\"https:\/\/blogit.lab.fi\/labfocus\/wp-content\/uploads\/sites\/8\/2023\/12\/727_2023_Tyontekija-ja-pienyrittaja-yhteistyossa-energiansaastotalkoisiin_Kuva2.jpg\" \/>\n\t<meta property=\"og:image:width\" content=\"1280\" \/>\n\t<meta property=\"og:image:height\" content=\"640\" \/>\n\t<meta property=\"og:image:type\" content=\"image\/jpeg\" \/>\n<meta name=\"author\" content=\"pvitie\" \/>\n<meta name=\"twitter:card\" content=\"summary_large_image\" \/>\n<meta name=\"twitter:creator\" content=\"@LABfinland\" \/>\n<meta name=\"twitter:site\" content=\"@LABfinland\" \/>\n<meta name=\"twitter:label1\" content=\"Kirjoittanut\" \/>\n\t<meta name=\"twitter:data1\" content=\"pvitie\" \/>\n\t<meta name=\"twitter:label2\" content=\"Arvioitu lukuaika\" \/>\n\t<meta name=\"twitter:data2\" content=\"4 minuuttia\" \/>\n<script type=\"application\/ld+json\" class=\"yoast-schema-graph\">{\"@context\":\"https:\\\/\\\/schema.org\",\"@graph\":[{\"@type\":\"Article\",\"@id\":\"https:\\\/\\\/blogit.lab.fi\\\/labfocus\\\/tyontekija-ja-pienyrittaja-yhteistyossa-energiansaastotalkoisiin\\\/#article\",\"isPartOf\":{\"@id\":\"https:\\\/\\\/blogit.lab.fi\\\/labfocus\\\/tyontekija-ja-pienyrittaja-yhteistyossa-energiansaastotalkoisiin\\\/\"},\"author\":{\"name\":\"pvitie\",\"@id\":\"https:\\\/\\\/blogit.lab.fi\\\/labfocus\\\/#\\\/schema\\\/person\\\/a88d96323a2687eb54cce42cea788799\"},\"headline\":\"Ty\u00f6ntekij\u00e4 ja pienyritt\u00e4j\u00e4 yhteisty\u00f6ss\u00e4 energians\u00e4\u00e4st\u00f6talkoisiin\",\"datePublished\":\"2023-12-29T07:11:15+00:00\",\"dateModified\":\"2023-12-29T07:18:33+00:00\",\"mainEntityOfPage\":{\"@id\":\"https:\\\/\\\/blogit.lab.fi\\\/labfocus\\\/tyontekija-ja-pienyrittaja-yhteistyossa-energiansaastotalkoisiin\\\/\"},\"wordCount\":718,\"publisher\":{\"@id\":\"https:\\\/\\\/blogit.lab.fi\\\/labfocus\\\/#organization\"},\"image\":{\"@id\":\"https:\\\/\\\/blogit.lab.fi\\\/labfocus\\\/tyontekija-ja-pienyrittaja-yhteistyossa-energiansaastotalkoisiin\\\/#primaryimage\"},\"thumbnailUrl\":\"https:\\\/\\\/blogit.lab.fi\\\/labfocus\\\/wp-content\\\/uploads\\\/sites\\\/8\\\/2023\\\/12\\\/727_2023_Tyontekija-ja-pienyrittaja-yhteistyossa-energiansaastotalkoisiin_Kuva2.jpg\",\"keywords\":[\"Artikkeli E1\",\"energia\",\"energians\u00e4\u00e4st\u00f6\",\"l\u00e4mmitys\",\"valaistus\"],\"articleSection\":[\"Circular Economy\",\"Kest\u00e4v\u00e4t yhteis\u00f6t\"],\"inLanguage\":\"fi\"},{\"@type\":\"WebPage\",\"@id\":\"https:\\\/\\\/blogit.lab.fi\\\/labfocus\\\/tyontekija-ja-pienyrittaja-yhteistyossa-energiansaastotalkoisiin\\\/\",\"url\":\"https:\\\/\\\/blogit.lab.fi\\\/labfocus\\\/tyontekija-ja-pienyrittaja-yhteistyossa-energiansaastotalkoisiin\\\/\",\"name\":\"Ty\u00f6ntekij\u00e4 ja pienyritt\u00e4j\u00e4 yhteisty\u00f6ss\u00e4 energians\u00e4\u00e4st\u00f6talkoisiin - LAB Focus\",\"isPartOf\":{\"@id\":\"https:\\\/\\\/blogit.lab.fi\\\/labfocus\\\/#website\"},\"primaryImageOfPage\":{\"@id\":\"https:\\\/\\\/blogit.lab.fi\\\/labfocus\\\/tyontekija-ja-pienyrittaja-yhteistyossa-energiansaastotalkoisiin\\\/#primaryimage\"},\"image\":{\"@id\":\"https:\\\/\\\/blogit.lab.fi\\\/labfocus\\\/tyontekija-ja-pienyrittaja-yhteistyossa-energiansaastotalkoisiin\\\/#primaryimage\"},\"thumbnailUrl\":\"https:\\\/\\\/blogit.lab.fi\\\/labfocus\\\/wp-content\\\/uploads\\\/sites\\\/8\\\/2023\\\/12\\\/727_2023_Tyontekija-ja-pienyrittaja-yhteistyossa-energiansaastotalkoisiin_Kuva2.jpg\",\"datePublished\":\"2023-12-29T07:11:15+00:00\",\"dateModified\":\"2023-12-29T07:18:33+00:00\",\"breadcrumb\":{\"@id\":\"https:\\\/\\\/blogit.lab.fi\\\/labfocus\\\/tyontekija-ja-pienyrittaja-yhteistyossa-energiansaastotalkoisiin\\\/#breadcrumb\"},\"inLanguage\":\"fi\",\"potentialAction\":[{\"@type\":\"ReadAction\",\"target\":[\"https:\\\/\\\/blogit.lab.fi\\\/labfocus\\\/tyontekija-ja-pienyrittaja-yhteistyossa-energiansaastotalkoisiin\\\/\"]}]},{\"@type\":\"ImageObject\",\"inLanguage\":\"fi\",\"@id\":\"https:\\\/\\\/blogit.lab.fi\\\/labfocus\\\/tyontekija-ja-pienyrittaja-yhteistyossa-energiansaastotalkoisiin\\\/#primaryimage\",\"url\":\"https:\\\/\\\/blogit.lab.fi\\\/labfocus\\\/wp-content\\\/uploads\\\/sites\\\/8\\\/2023\\\/12\\\/727_2023_Tyontekija-ja-pienyrittaja-yhteistyossa-energiansaastotalkoisiin_Kuva2.jpg\",\"contentUrl\":\"https:\\\/\\\/blogit.lab.fi\\\/labfocus\\\/wp-content\\\/uploads\\\/sites\\\/8\\\/2023\\\/12\\\/727_2023_Tyontekija-ja-pienyrittaja-yhteistyossa-energiansaastotalkoisiin_Kuva2.jpg\",\"width\":1280,\"height\":640},{\"@type\":\"BreadcrumbList\",\"@id\":\"https:\\\/\\\/blogit.lab.fi\\\/labfocus\\\/tyontekija-ja-pienyrittaja-yhteistyossa-energiansaastotalkoisiin\\\/#breadcrumb\",\"itemListElement\":[{\"@type\":\"ListItem\",\"position\":1,\"name\":\"Home\",\"item\":\"https:\\\/\\\/blogit.lab.fi\\\/labfocus\\\/\"},{\"@type\":\"ListItem\",\"position\":2,\"name\":\"Ty\u00f6ntekij\u00e4 ja pienyritt\u00e4j\u00e4 yhteisty\u00f6ss\u00e4 energians\u00e4\u00e4st\u00f6talkoisiin\"}]},{\"@type\":\"WebSite\",\"@id\":\"https:\\\/\\\/blogit.lab.fi\\\/labfocus\\\/#website\",\"url\":\"https:\\\/\\\/blogit.lab.fi\\\/labfocus\\\/\",\"name\":\"LAB Focus\",\"description\":\"Focus Area blog | LAB University of Applied Sciences\",\"publisher\":{\"@id\":\"https:\\\/\\\/blogit.lab.fi\\\/labfocus\\\/#organization\"},\"potentialAction\":[{\"@type\":\"SearchAction\",\"target\":{\"@type\":\"EntryPoint\",\"urlTemplate\":\"https:\\\/\\\/blogit.lab.fi\\\/labfocus\\\/?s={search_term_string}\"},\"query-input\":{\"@type\":\"PropertyValueSpecification\",\"valueRequired\":true,\"valueName\":\"search_term_string\"}}],\"inLanguage\":\"fi\"},{\"@type\":\"Organization\",\"@id\":\"https:\\\/\\\/blogit.lab.fi\\\/labfocus\\\/#organization\",\"name\":\"LAB Focus\",\"url\":\"https:\\\/\\\/blogit.lab.fi\\\/labfocus\\\/\",\"logo\":{\"@type\":\"ImageObject\",\"inLanguage\":\"fi\",\"@id\":\"https:\\\/\\\/blogit.lab.fi\\\/labfocus\\\/#\\\/schema\\\/logo\\\/image\\\/\",\"url\":\"https:\\\/\\\/blogit.lab.fi\\\/labfocus\\\/wp-content\\\/uploads\\\/sites\\\/8\\\/2020\\\/04\\\/cropped-cropped-tunnus_blogi-01.png\",\"contentUrl\":\"https:\\\/\\\/blogit.lab.fi\\\/labfocus\\\/wp-content\\\/uploads\\\/sites\\\/8\\\/2020\\\/04\\\/cropped-cropped-tunnus_blogi-01.png\",\"width\":1342,\"height\":288,\"caption\":\"LAB Focus\"},\"image\":{\"@id\":\"https:\\\/\\\/blogit.lab.fi\\\/labfocus\\\/#\\\/schema\\\/logo\\\/image\\\/\"},\"sameAs\":[\"https:\\\/\\\/x.com\\\/LABfinland\"]},{\"@type\":\"Person\",\"@id\":\"https:\\\/\\\/blogit.lab.fi\\\/labfocus\\\/#\\\/schema\\\/person\\\/a88d96323a2687eb54cce42cea788799\",\"name\":\"pvitie\",\"image\":{\"@type\":\"ImageObject\",\"inLanguage\":\"fi\",\"@id\":\"https:\\\/\\\/secure.gravatar.com\\\/avatar\\\/c6efb3d583817a7d4044d9c74e15ee62bfc7174360a560f1ad3a04099475664a?s=96&d=mm&r=g\",\"url\":\"https:\\\/\\\/secure.gravatar.com\\\/avatar\\\/c6efb3d583817a7d4044d9c74e15ee62bfc7174360a560f1ad3a04099475664a?s=96&d=mm&r=g\",\"contentUrl\":\"https:\\\/\\\/secure.gravatar.com\\\/avatar\\\/c6efb3d583817a7d4044d9c74e15ee62bfc7174360a560f1ad3a04099475664a?s=96&d=mm&r=g\",\"caption\":\"pvitie\"},\"url\":\"https:\\\/\\\/blogit.lab.fi\\\/labfocus\\\/author\\\/pvitie\\\/\"}]}<\/script>\n<!-- \/ Yoast SEO plugin. -->","yoast_head_json":{"title":"Ty\u00f6ntekij\u00e4 ja pienyritt\u00e4j\u00e4 yhteisty\u00f6ss\u00e4 energians\u00e4\u00e4st\u00f6talkoisiin - LAB Focus","robots":{"index":"index","follow":"follow","max-snippet":"max-snippet:-1","max-image-preview":"max-image-preview:large","max-video-preview":"max-video-preview:-1"},"canonical":"https:\/\/blogit.lab.fi\/labfocus\/tyontekija-ja-pienyrittaja-yhteistyossa-energiansaastotalkoisiin\/","og_locale":"fi_FI","og_type":"article","og_title":"Ty\u00f6ntekij\u00e4 ja pienyritt\u00e4j\u00e4 yhteisty\u00f6ss\u00e4 energians\u00e4\u00e4st\u00f6talkoisiin - LAB Focus","og_description":"LAB-ammattikorkeakoulun koordinoimassa Maaseudun palveluyritysten v\u00e4h\u00e4hiiliset energiaratkaisut -hankkeessa on tehty yrityksille energiakatselmuksia, joissa on k\u00e4yty l\u00e4pi, mihin energiaa yrityksess\u00e4 kuluu. Suurin osa ty\u00f6paikan energiasta kuluu l\u00e4mmitykseen. My\u00f6s ty\u00f6ntekij\u00e4 voi ehdottaa l\u00e4mp\u00f6tilan laskemista ty\u00f6tiloista tai varastoista ja huoneista, joita ei k\u00e4ytet\u00e4. L\u00e4mmitys vie suuren osan energiakuluista, ja jo astetta alempi sis\u00e4l\u00e4mp\u00f6tila kuluttaa viisi prosenttia v\u00e4hemm\u00e4n l\u00e4mmitysenergiaa. Termostaattien [&hellip;]","og_url":"https:\/\/blogit.lab.fi\/labfocus\/tyontekija-ja-pienyrittaja-yhteistyossa-energiansaastotalkoisiin\/","og_site_name":"LAB Focus","article_published_time":"2023-12-29T07:11:15+00:00","article_modified_time":"2023-12-29T07:18:33+00:00","og_image":[{"width":1280,"height":640,"url":"https:\/\/blogit.lab.fi\/labfocus\/wp-content\/uploads\/sites\/8\/2023\/12\/727_2023_Tyontekija-ja-pienyrittaja-yhteistyossa-energiansaastotalkoisiin_Kuva2.jpg","type":"image\/jpeg"}],"author":"pvitie","twitter_card":"summary_large_image","twitter_creator":"@LABfinland","twitter_site":"@LABfinland","twitter_misc":{"Kirjoittanut":"pvitie","Arvioitu lukuaika":"4 minuuttia"},"schema":{"@context":"https:\/\/schema.org","@graph":[{"@type":"Article","@id":"https:\/\/blogit.lab.fi\/labfocus\/tyontekija-ja-pienyrittaja-yhteistyossa-energiansaastotalkoisiin\/#article","isPartOf":{"@id":"https:\/\/blogit.lab.fi\/labfocus\/tyontekija-ja-pienyrittaja-yhteistyossa-energiansaastotalkoisiin\/"},"author":{"name":"pvitie","@id":"https:\/\/blogit.lab.fi\/labfocus\/#\/schema\/person\/a88d96323a2687eb54cce42cea788799"},"headline":"Ty\u00f6ntekij\u00e4 ja pienyritt\u00e4j\u00e4 yhteisty\u00f6ss\u00e4 energians\u00e4\u00e4st\u00f6talkoisiin","datePublished":"2023-12-29T07:11:15+00:00","dateModified":"2023-12-29T07:18:33+00:00","mainEntityOfPage":{"@id":"https:\/\/blogit.lab.fi\/labfocus\/tyontekija-ja-pienyrittaja-yhteistyossa-energiansaastotalkoisiin\/"},"wordCount":718,"publisher":{"@id":"https:\/\/blogit.lab.fi\/labfocus\/#organization"},"image":{"@id":"https:\/\/blogit.lab.fi\/labfocus\/tyontekija-ja-pienyrittaja-yhteistyossa-energiansaastotalkoisiin\/#primaryimage"},"thumbnailUrl":"https:\/\/blogit.lab.fi\/labfocus\/wp-content\/uploads\/sites\/8\/2023\/12\/727_2023_Tyontekija-ja-pienyrittaja-yhteistyossa-energiansaastotalkoisiin_Kuva2.jpg","keywords":["Artikkeli E1","energia","energians\u00e4\u00e4st\u00f6","l\u00e4mmitys","valaistus"],"articleSection":["Circular Economy","Kest\u00e4v\u00e4t yhteis\u00f6t"],"inLanguage":"fi"},{"@type":"WebPage","@id":"https:\/\/blogit.lab.fi\/labfocus\/tyontekija-ja-pienyrittaja-yhteistyossa-energiansaastotalkoisiin\/","url":"https:\/\/blogit.lab.fi\/labfocus\/tyontekija-ja-pienyrittaja-yhteistyossa-energiansaastotalkoisiin\/","name":"Ty\u00f6ntekij\u00e4 ja pienyritt\u00e4j\u00e4 yhteisty\u00f6ss\u00e4 energians\u00e4\u00e4st\u00f6talkoisiin - LAB Focus","isPartOf":{"@id":"https:\/\/blogit.lab.fi\/labfocus\/#website"},"primaryImageOfPage":{"@id":"https:\/\/blogit.lab.fi\/labfocus\/tyontekija-ja-pienyrittaja-yhteistyossa-energiansaastotalkoisiin\/#primaryimage"},"image":{"@id":"https:\/\/blogit.lab.fi\/labfocus\/tyontekija-ja-pienyrittaja-yhteistyossa-energiansaastotalkoisiin\/#primaryimage"},"thumbnailUrl":"https:\/\/blogit.lab.fi\/labfocus\/wp-content\/uploads\/sites\/8\/2023\/12\/727_2023_Tyontekija-ja-pienyrittaja-yhteistyossa-energiansaastotalkoisiin_Kuva2.jpg","datePublished":"2023-12-29T07:11:15+00:00","dateModified":"2023-12-29T07:18:33+00:00","breadcrumb":{"@id":"https:\/\/blogit.lab.fi\/labfocus\/tyontekija-ja-pienyrittaja-yhteistyossa-energiansaastotalkoisiin\/#breadcrumb"},"inLanguage":"fi","potentialAction":[{"@type":"ReadAction","target":["https:\/\/blogit.lab.fi\/labfocus\/tyontekija-ja-pienyrittaja-yhteistyossa-energiansaastotalkoisiin\/"]}]},{"@type":"ImageObject","inLanguage":"fi","@id":"https:\/\/blogit.lab.fi\/labfocus\/tyontekija-ja-pienyrittaja-yhteistyossa-energiansaastotalkoisiin\/#primaryimage","url":"https:\/\/blogit.lab.fi\/labfocus\/wp-content\/uploads\/sites\/8\/2023\/12\/727_2023_Tyontekija-ja-pienyrittaja-yhteistyossa-energiansaastotalkoisiin_Kuva2.jpg","contentUrl":"https:\/\/blogit.lab.fi\/labfocus\/wp-content\/uploads\/sites\/8\/2023\/12\/727_2023_Tyontekija-ja-pienyrittaja-yhteistyossa-energiansaastotalkoisiin_Kuva2.jpg","width":1280,"height":640},{"@type":"BreadcrumbList","@id":"https:\/\/blogit.lab.fi\/labfocus\/tyontekija-ja-pienyrittaja-yhteistyossa-energiansaastotalkoisiin\/#breadcrumb","itemListElement":[{"@type":"ListItem","position":1,"name":"Home","item":"https:\/\/blogit.lab.fi\/labfocus\/"},{"@type":"ListItem","position":2,"name":"Ty\u00f6ntekij\u00e4 ja pienyritt\u00e4j\u00e4 yhteisty\u00f6ss\u00e4 energians\u00e4\u00e4st\u00f6talkoisiin"}]},{"@type":"WebSite","@id":"https:\/\/blogit.lab.fi\/labfocus\/#website","url":"https:\/\/blogit.lab.fi\/labfocus\/","name":"LAB Focus","description":"Focus Area blog | LAB University of Applied Sciences","publisher":{"@id":"https:\/\/blogit.lab.fi\/labfocus\/#organization"},"potentialAction":[{"@type":"SearchAction","target":{"@type":"EntryPoint","urlTemplate":"https:\/\/blogit.lab.fi\/labfocus\/?s={search_term_string}"},"query-input":{"@type":"PropertyValueSpecification","valueRequired":true,"valueName":"search_term_string"}}],"inLanguage":"fi"},{"@type":"Organization","@id":"https:\/\/blogit.lab.fi\/labfocus\/#organization","name":"LAB Focus","url":"https:\/\/blogit.lab.fi\/labfocus\/","logo":{"@type":"ImageObject","inLanguage":"fi","@id":"https:\/\/blogit.lab.fi\/labfocus\/#\/schema\/logo\/image\/","url":"https:\/\/blogit.lab.fi\/labfocus\/wp-content\/uploads\/sites\/8\/2020\/04\/cropped-cropped-tunnus_blogi-01.png","contentUrl":"https:\/\/blogit.lab.fi\/labfocus\/wp-content\/uploads\/sites\/8\/2020\/04\/cropped-cropped-tunnus_blogi-01.png","width":1342,"height":288,"caption":"LAB Focus"},"image":{"@id":"https:\/\/blogit.lab.fi\/labfocus\/#\/schema\/logo\/image\/"},"sameAs":["https:\/\/x.com\/LABfinland"]},{"@type":"Person","@id":"https:\/\/blogit.lab.fi\/labfocus\/#\/schema\/person\/a88d96323a2687eb54cce42cea788799","name":"pvitie","image":{"@type":"ImageObject","inLanguage":"fi","@id":"https:\/\/secure.gravatar.com\/avatar\/c6efb3d583817a7d4044d9c74e15ee62bfc7174360a560f1ad3a04099475664a?s=96&d=mm&r=g","url":"https:\/\/secure.gravatar.com\/avatar\/c6efb3d583817a7d4044d9c74e15ee62bfc7174360a560f1ad3a04099475664a?s=96&d=mm&r=g","contentUrl":"https:\/\/secure.gravatar.com\/avatar\/c6efb3d583817a7d4044d9c74e15ee62bfc7174360a560f1ad3a04099475664a?s=96&d=mm&r=g","caption":"pvitie"},"url":"https:\/\/blogit.lab.fi\/labfocus\/author\/pvitie\/"}]}},"_links":{"self":[{"href":"https:\/\/blogit.lab.fi\/labfocus\/wp-json\/wp\/v2\/posts\/16950","targetHints":{"allow":["GET"]}}],"collection":[{"href":"https:\/\/blogit.lab.fi\/labfocus\/wp-json\/wp\/v2\/posts"}],"about":[{"href":"https:\/\/blogit.lab.fi\/labfocus\/wp-json\/wp\/v2\/types\/post"}],"author":[{"embeddable":true,"href":"https:\/\/blogit.lab.fi\/labfocus\/wp-json\/wp\/v2\/users\/23"}],"replies":[{"embeddable":true,"href":"https:\/\/blogit.lab.fi\/labfocus\/wp-json\/wp\/v2\/comments?post=16950"}],"version-history":[{"count":6,"href":"https:\/\/blogit.lab.fi\/labfocus\/wp-json\/wp\/v2\/posts\/16950\/revisions"}],"predecessor-version":[{"id":16959,"href":"https:\/\/blogit.lab.fi\/labfocus\/wp-json\/wp\/v2\/posts\/16950\/revisions\/16959"}],"wp:featuredmedia":[{"embeddable":true,"href":"https:\/\/blogit.lab.fi\/labfocus\/wp-json\/wp\/v2\/media\/16953"}],"wp:attachment":[{"href":"https:\/\/blogit.lab.fi\/labfocus\/wp-json\/wp\/v2\/media?parent=16950"}],"wp:term":[{"taxonomy":"category","embeddable":true,"href":"https:\/\/blogit.lab.fi\/labfocus\/wp-json\/wp\/v2\/categories?post=16950"},{"taxonomy":"post_tag","embeddable":true,"href":"https:\/\/blogit.lab.fi\/labfocus\/wp-json\/wp\/v2\/tags?post=16950"}],"curies":[{"name":"wp","href":"https:\/\/api.w.org\/{rel}","templated":true}]}}