{"id":1736,"date":"2020-06-30T17:10:47","date_gmt":"2020-06-30T14:10:47","guid":{"rendered":"https:\/\/blogit.lab.fi\/labfocus\/?p=1736"},"modified":"2020-09-01T14:08:17","modified_gmt":"2020-09-01T11:08:17","slug":"yhta-kyytia-webinaarissa-pureuduttiin-henkiloliikenteen-jakamistalouteen","status":"publish","type":"post","link":"https:\/\/blogit.lab.fi\/labfocus\/yhta-kyytia-webinaarissa-pureuduttiin-henkiloliikenteen-jakamistalouteen\/","title":{"rendered":"Yht\u00e4 kyyti\u00e4! -webinaarissa pureuduttiin henkil\u00f6liikenteen jakamistalouteen"},"content":{"rendered":"\n<p>Liikenne on yksi suurimmista ja resurssi-intensiivisimmist\u00e4 arvoketjuista Euroopassa. Se tarjoaa suuren potentiaalin muun muassa kasvihuonekaasup\u00e4\u00e4st\u00f6jen v\u00e4hent\u00e4misess\u00e4 ja kiertotalouden mukaisissa liiketoimintamalleissa, jos kierto- ja jakamistalouden mukaisiin toimiin siirryt\u00e4\u00e4n. Esimerkiksi Euroopassa auto on pys\u00e4k\u00f6ityn\u00e4 92 prosenttia ajasta, ja kun sit\u00e4 k\u00e4ytet\u00e4\u00e4n, vain 1,5 viidest\u00e4 istuimesta on k\u00e4yt\u00f6ss\u00e4. (Ellen MacArthur Foundation 2015.) N\u00e4iden lukujen valossa huomataan, ett\u00e4 henkil\u00f6liikenteess\u00e4 on paljon mahdollisuuksia tehostamiseen, ajoneuvojen jakamiseen ja kimppakyyteihin.<\/p>\n\n\n\n<figure class=\"wp-block-image size-large\"><img loading=\"lazy\" decoding=\"async\" width=\"1024\" height=\"512\" src=\"https:\/\/blogit.lab.fi\/labfocus\/wp-content\/uploads\/sites\/8\/2020\/06\/123_2020_Yht\u00e4-kyyti\u00e4_1-1024x512.jpg\" alt=\"\" class=\"wp-image-1737\" srcset=\"https:\/\/blogit.lab.fi\/labfocus\/wp-content\/uploads\/sites\/8\/2020\/06\/123_2020_Yht\u00e4-kyyti\u00e4_1-1024x512.jpg 1024w, https:\/\/blogit.lab.fi\/labfocus\/wp-content\/uploads\/sites\/8\/2020\/06\/123_2020_Yht\u00e4-kyyti\u00e4_1-300x150.jpg 300w, https:\/\/blogit.lab.fi\/labfocus\/wp-content\/uploads\/sites\/8\/2020\/06\/123_2020_Yht\u00e4-kyyti\u00e4_1-768x384.jpg 768w, https:\/\/blogit.lab.fi\/labfocus\/wp-content\/uploads\/sites\/8\/2020\/06\/123_2020_Yht\u00e4-kyyti\u00e4_1.jpg 1280w\" sizes=\"auto, (max-width: 1024px) 100vw, 1024px\" \/><figcaption>Kuva 1. Euroopassa auto on parkissa 92 prosenttia ajasta. Kuva: Pexels. Muokkaus: Katerina Medkova.<\/figcaption><\/figure>\n\n\n\n<h2 class=\"wp-block-heading\"><strong>Jakamispalveluita on jo olemassa<\/strong><\/h2>\n\n\n\n<p>Kolme LAB-ammattikorkeakoulun hanketta, <a href=\"https:\/\/lab.fi\/fi\/projekti\/maallemuuttajat2030\">Maallemuuttajat 2030<\/a>, <a href=\"https:\/\/www.interregeurope.eu\/ceci\/\">CECI<\/a> ja <a href=\"https:\/\/lab.fi\/fi\/projekti\/askel\">ASKEL<\/a> suunnittelivat yhteisen webinaarin henkil\u00f6liikenteen jakamistalouden mahdollisuuksista tiedottamiseksi.<\/p>\n\n\n\n<p>Yht\u00e4 kyyti\u00e4! -webinaari j\u00e4rjestettiin toukokuun 19. p\u00e4iv\u00e4 ja siihen osallistui 24 henke\u00e4. Webinaarin aiheena oli liikenne osana jakamistaloutta. Kutsuttuina puhujina oli kolmen yrityksen edustajia, jotka kertoivat autojen ja veneiden jakamistalouteen liittyvist\u00e4 palveluista.<\/p>\n\n\n\n<figure class=\"wp-block-image size-large\"><img loading=\"lazy\" decoding=\"async\" width=\"1024\" height=\"512\" src=\"https:\/\/blogit.lab.fi\/labfocus\/wp-content\/uploads\/sites\/8\/2020\/06\/123_2020_Yht\u00e4-kyyti\u00e4_2-1024x512.jpg\" alt=\"\" class=\"wp-image-1738\" srcset=\"https:\/\/blogit.lab.fi\/labfocus\/wp-content\/uploads\/sites\/8\/2020\/06\/123_2020_Yht\u00e4-kyyti\u00e4_2-1024x512.jpg 1024w, https:\/\/blogit.lab.fi\/labfocus\/wp-content\/uploads\/sites\/8\/2020\/06\/123_2020_Yht\u00e4-kyyti\u00e4_2-300x150.jpg 300w, https:\/\/blogit.lab.fi\/labfocus\/wp-content\/uploads\/sites\/8\/2020\/06\/123_2020_Yht\u00e4-kyyti\u00e4_2-768x384.jpg 768w, https:\/\/blogit.lab.fi\/labfocus\/wp-content\/uploads\/sites\/8\/2020\/06\/123_2020_Yht\u00e4-kyyti\u00e4_2.jpg 1280w\" sizes=\"auto, (max-width: 1024px) 100vw, 1024px\" \/><figcaption>Kuva 2. Yht\u00e4 kyyti! -verkkoseminaari ker\u00e4si yli 20 osallistujaa. Kuva: Mervi Koistinen.<\/figcaption><\/figure>\n\n\n\n<p>Ensimm\u00e4isen\u00e4 webinaarissa kuultiin <a href=\"https:\/\/piggybaggy.com\/home#\/app\/dashboard\">PiggyBaggy-nimisest\u00e4 kimppakyytisovelluksesta<\/a>, joka on ollut toiminnassa nyt joitain vuosia. Verkkoselaimessa toimiva alusta tarjoaa mahdollisuuden ilmoittaa esimerkiksi k\u00e4ytt\u00e4j\u00e4n p\u00e4ivitt\u00e4iset ty\u00f6matkat kartalle, mink\u00e4 j\u00e4lkeen muut palvelun k\u00e4ytt\u00e4j\u00e4t voivat pyyt\u00e4\u00e4 kyyti\u00e4 reitill\u00e4si. Webinaariyleis\u00f6\u00e4 kiinnosti muun muassa se, miss\u00e4 kaupungeissa palvelu toimii ja miten voi varmistua kyytiin otettavan henkil\u00f6n turvallisuudesta. PiggyBaggy, kuten monet muutkin alustat, toimii koko Suomessa, mutta koska k\u00e4ytt\u00e4j\u00e4t luovat kysynn\u00e4n ja tarjonnan, pit\u00e4\u00e4 tietyll\u00e4 alueella olla riitt\u00e4v\u00e4 m\u00e4\u00e4r\u00e4 kyydin tarjoajia ja tarvitsijoita, jotta alusta toimisi halutulla tavalla.<\/p>\n\n\n\n<p><a href=\"https:\/\/bloxcar.fi\/\">BloxCar -vertaisvuokrauspalvelu<\/a> tarjoaa mahdollisuuden tienata omalla autollaan, silloin kun sit\u00e4 ei itse tarvitse. Verkkoalustan kautta voi ilmoittaa oman autonsa vuokrattavaksi, jolloin muut l\u00e4hiseudun asukkaat voivat autoa vuokrata. Auton omistaja hyv\u00e4ksyy erikseen vuokrauspyynn\u00f6t, joten autoaan voi k\u00e4ytt\u00e4\u00e4, kun sit\u00e4 itse tarvitsee. Verkkoalustalle voi ilmoittaa my\u00f6s per\u00e4k\u00e4rryn tai matkailuauton. Palvelu toimii koko Suomessa. Toukokuun puoliv\u00e4liin menness\u00e4 palvelusta l\u00f6ytyi viisi autoa P\u00e4ij\u00e4t-H\u00e4meess\u00e4. Yleis\u00f6\u00e4 kiinnosti, miten mahdolliset vahingot autolle korvataan. Vahingonkorvaukset menev\u00e4t omistajan vakuutuksista. Auton vuokraaja maksaa n\u00e4iss\u00e4 tapauksissa omavastuun, joka on noin 1000-1500 euroa.<\/p>\n\n\n\n<p><a href=\"https:\/\/www.skipperi.fi\/\">Skipperi.fi<\/a> toimii Blox Car -palvelun tavoin vuokrausalustana veneille. Lis\u00e4ksi Skipperi.fi-palvelu tarjoaa kaupunkivenepalvelua ja veneilykoulutusta. Kaupunkivenepalvelussa Skipperin tarjoamaa yhteisk\u00e4ytt\u00f6venett\u00e4 voi vuokrata suoraan yritykselt\u00e4. Kaupunkivenepalvelu toimii jo muun muassa Helsingiss\u00e4 ja Lappeenrannassa, ja on tulossa Lahteen tulevina vuosina.<\/p>\n\n\n\n<p>Webinaarin voit kuunnella kokonaisuudessaan <a href=\"https:\/\/youtu.be\/0BKmQ4AJHgo\">t\u00e4st\u00e4<\/a><\/p>\n\n\n\n<figure class=\"wp-block-image size-large\"><img loading=\"lazy\" decoding=\"async\" width=\"1024\" height=\"512\" src=\"https:\/\/blogit.lab.fi\/labfocus\/wp-content\/uploads\/sites\/8\/2020\/06\/123_2020_Yht\u00e4-kyyti\u00e4_3-1024x512.jpg\" alt=\"\" class=\"wp-image-1739\" srcset=\"https:\/\/blogit.lab.fi\/labfocus\/wp-content\/uploads\/sites\/8\/2020\/06\/123_2020_Yht\u00e4-kyyti\u00e4_3-1024x512.jpg 1024w, https:\/\/blogit.lab.fi\/labfocus\/wp-content\/uploads\/sites\/8\/2020\/06\/123_2020_Yht\u00e4-kyyti\u00e4_3-300x150.jpg 300w, https:\/\/blogit.lab.fi\/labfocus\/wp-content\/uploads\/sites\/8\/2020\/06\/123_2020_Yht\u00e4-kyyti\u00e4_3-768x384.jpg 768w, https:\/\/blogit.lab.fi\/labfocus\/wp-content\/uploads\/sites\/8\/2020\/06\/123_2020_Yht\u00e4-kyyti\u00e4_3.jpg 1280w\" sizes=\"auto, (max-width: 1024px) 100vw, 1024px\" \/><figcaption>Kuva 3. J\u00e4rjest\u00e4j\u00e4t vasemmalta oikealle: Anna Claudelin (Maallemuuttajat, LUT), Kaisa Tuominen (Maallemuuttajat, LAB), Carita Tanskanen (ASKEL ja CECI, LAB), Marjut Villanen (CECI, LAB) ja Katerina Medkova (CECI, LAB). Kuva: Katerina Medkova.<\/figcaption><\/figure>\n\n\n\n<p style=\"background-color:#b3edfb\" class=\"has-background\">Kirjoittajat<br><br><strong>Kaisa Tuominen<\/strong> toimii LAB-ammattikorkeakoulussa Maallemuuttajat 2030 -hankkeen projektip\u00e4\u00e4llikk\u00f6n\u00e4 ja on vuokrannut autoja tuttaviltaan <br><br><strong>Katerina Medkova <\/strong>ty\u00f6skentelee LAB-ammattikorkeakoulun Teknologia-yksik\u00f6ss\u00e4 TKI-asiantuntijana ja toimii CECI-hankeen viestint\u00e4p\u00e4\u00e4llikk\u00f6n\u00e4.<\/p>\n\n\n\n<h3 class=\"wp-block-heading\">L\u00e4hteet<\/h3>\n\n\n\n<p>Ellen MacArthur Foundation. 2015. Growth Within: A Circular Economy Vision for a Competitive Europe. [Viitattu 31.5.2020]. Saatavissa: <a href=\"https:\/\/www.ellenmacarthurfoundation.org\/assets\/downloads\/publications\/EllenMacArthurFoundation_Growth-Within_July15.pdf\">https:\/\/www.ellenmacarthurfoundation.org\/assets\/downloads\/publications\/EllenMacArthurFoundation_Growth-Within_July15.pdf<\/a><\/p>\n\n\n\n<h3 class=\"wp-block-heading\">Linkit<\/h3>\n\n\n\n<p>Linkki 1. LAB. 2020. Maallemuuttajat 2030. [Viitattu 31.5.2020]. Saatavissa: <a href=\"https:\/\/lab.fi\/fi\/projekti\/maallemuuttajat2030\">https:\/\/lab.fi\/fi\/projekti\/maallemuuttajat2030<\/a><\/p>\n\n\n\n<p>Linkki 2. Interreg Europe. 2020. Project Summary. CECI. [Viitattu 31.5.2020]. Saatavissa: <a href=\"https:\/\/www.interregeurope.eu\/ceci\/\">https:\/\/www.interregeurope.eu\/ceci\/<\/a><\/p>\n\n\n\n<p>Linkki 3. LAB. 2020. Askel \u2013 Kest\u00e4v\u00e4n asumisen palvelut yhdess\u00e4 kehitt\u00e4en. [Viitattu 31.5.2020]. Saatavissa: <a href=\"https:\/\/lab.fi\/fi\/projekti\/askel\">https:\/\/lab.fi\/fi\/projekti\/askel<\/a><\/p>\n\n\n\n<p>Linkki 4. PiggyBaggy. 2020. [Viitattu 22.6.2020]. Saatavissa: <a href=\"https:\/\/piggybaggy.com\/home#\/app\/dashboard\">https:\/\/piggybaggy.com\/home#\/app\/dashboard<\/a><\/p>\n\n\n\n<p>Linkki 5. Bloxcar. 2017. [Viitattu 22.6.2020]. Saatavissa: <a href=\"https:\/\/bloxcar.fi\/\">https:\/\/bloxcar.fi\/<\/a><\/p>\n\n\n\n<p>Linkki 6. Skipperi. 2020. [Viitattu 31.5.2020]. Saatavissa: <a href=\"https:\/\/www.skipperi.fi\/\">https:\/\/www.skipperi.fi\/<\/a><\/p>\n\n\n\n<p>Linkki 7. LAB Focus. 2020. Yht\u00e4 kyyti\u00e4! -webinaaritallenne. [Viitattu 26.6.2020]. Saatavissa: <a href=\"https:\/\/www.youtube.com\/watch?v=0BKmQ4AJHgo&amp;feature=youtu.be\">https:\/\/www.youtube.com\/watch?v=0BKmQ4AJHgo&amp;feature=youtu.be<\/a><\/p>\n\n\n\n<h3 class=\"wp-block-heading\">Kuvat<\/h3>\n\n\n\n<p>Kuva 1. Nubia Navarro: Selective Focus Photography of Yellow School Bus Die-cast. 2017. Pexels. [Viitattu 25.5.2020]. Saatavissa: <a href=\"https:\/\/www.pexels.com\/photo\/action-blur-car-child-386009\/\">https:\/\/www.pexels.com\/photo\/action-blur-car-child-386009\/<\/a><\/p>\n\n\n\n<p>Kuva 2. Mervi Koistinen: Kutsu Yht\u00e4 kyyti\u00e4! -webinaariin2020). Maallemuutajat 2030.<\/p>\n\n\n\n<p>Kuva 3: Katerina Medkova: Webinaarin j\u00e4rjest\u00e4j\u00e4t (2020). CECI-hanke.<\/p>\n","protected":false},"excerpt":{"rendered":"<p>Liikenne on yksi suurimmista ja resurssi-intensiivisimmist\u00e4 arvoketjuista Euroopassa. Se tarjoaa suuren potentiaalin muun muassa kasvihuonekaasup\u00e4\u00e4st\u00f6jen v\u00e4hent\u00e4misess\u00e4 ja kiertotalouden mukaisissa liiketoimintamalleissa, jos kierto- ja jakamistalouden mukaisiin toimiin siirryt\u00e4\u00e4n. Esimerkiksi Euroopassa auto on pys\u00e4k\u00f6ityn\u00e4 92 prosenttia ajasta, ja kun sit\u00e4 k\u00e4ytet\u00e4\u00e4n, vain 1,5 viidest\u00e4 istuimesta on k\u00e4yt\u00f6ss\u00e4. (Ellen MacArthur Foundation 2015.) N\u00e4iden lukujen valossa huomataan, ett\u00e4 henkil\u00f6liikenteess\u00e4 [&hellip;]<\/p>\n","protected":false},"author":9,"featured_media":1738,"comment_status":"open","ping_status":"open","sticky":false,"template":"","format":"standard","meta":{"footnotes":""},"categories":[23,33],"tags":[29,553,53,802,835,834,37],"class_list":{"0":"post-1736","1":"post","2":"type-post","3":"status-publish","4":"format-standard","5":"has-post-thumbnail","7":"category-circular-economy_fi","8":"category-kestavat-yhteisot","9":"tag-artikkeli-e1","10":"tag-askel","11":"tag-ceci","12":"tag-jakamistalous","13":"tag-kestavyys","14":"tag-liikkuvuus","15":"tag-maallemuuttajat-2030","16":"czr-hentry"},"yoast_head":"<!-- This site is optimized with the Yoast SEO plugin v27.5 - https:\/\/yoast.com\/product\/yoast-seo-wordpress\/ -->\n<title>Yht\u00e4 kyyti\u00e4! -webinaarissa pureuduttiin henkil\u00f6liikenteen jakamistalouteen - LAB Focus<\/title>\n<meta name=\"robots\" content=\"index, follow, max-snippet:-1, max-image-preview:large, max-video-preview:-1\" \/>\n<link rel=\"canonical\" href=\"https:\/\/blogit.lab.fi\/labfocus\/yhta-kyytia-webinaarissa-pureuduttiin-henkiloliikenteen-jakamistalouteen\/\" \/>\n<meta property=\"og:locale\" content=\"fi_FI\" \/>\n<meta property=\"og:type\" content=\"article\" \/>\n<meta property=\"og:title\" content=\"Yht\u00e4 kyyti\u00e4! -webinaarissa pureuduttiin henkil\u00f6liikenteen jakamistalouteen - LAB Focus\" \/>\n<meta property=\"og:description\" content=\"Liikenne on yksi suurimmista ja resurssi-intensiivisimmist\u00e4 arvoketjuista Euroopassa. Se tarjoaa suuren potentiaalin muun muassa kasvihuonekaasup\u00e4\u00e4st\u00f6jen v\u00e4hent\u00e4misess\u00e4 ja kiertotalouden mukaisissa liiketoimintamalleissa, jos kierto- ja jakamistalouden mukaisiin toimiin siirryt\u00e4\u00e4n. Esimerkiksi Euroopassa auto on pys\u00e4k\u00f6ityn\u00e4 92 prosenttia ajasta, ja kun sit\u00e4 k\u00e4ytet\u00e4\u00e4n, vain 1,5 viidest\u00e4 istuimesta on k\u00e4yt\u00f6ss\u00e4. (Ellen MacArthur Foundation 2015.) N\u00e4iden lukujen valossa huomataan, ett\u00e4 henkil\u00f6liikenteess\u00e4 [&hellip;]\" \/>\n<meta property=\"og:url\" content=\"https:\/\/blogit.lab.fi\/labfocus\/yhta-kyytia-webinaarissa-pureuduttiin-henkiloliikenteen-jakamistalouteen\/\" \/>\n<meta property=\"og:site_name\" content=\"LAB Focus\" \/>\n<meta property=\"article:published_time\" content=\"2020-06-30T14:10:47+00:00\" \/>\n<meta property=\"article:modified_time\" content=\"2020-09-01T11:08:17+00:00\" \/>\n<meta property=\"og:image\" content=\"https:\/\/blogit.lab.fi\/labfocus\/wp-content\/uploads\/sites\/8\/2020\/06\/123_2020_Yht\u00e4-kyyti\u00e4_2.jpg\" \/>\n\t<meta property=\"og:image:width\" content=\"1280\" \/>\n\t<meta property=\"og:image:height\" content=\"640\" \/>\n\t<meta property=\"og:image:type\" content=\"image\/jpeg\" \/>\n<meta name=\"author\" content=\"anniinahar\" \/>\n<meta name=\"twitter:card\" content=\"summary_large_image\" \/>\n<meta name=\"twitter:creator\" content=\"@LABfinland\" \/>\n<meta name=\"twitter:site\" content=\"@LABfinland\" \/>\n<meta name=\"twitter:label1\" content=\"Kirjoittanut\" \/>\n\t<meta name=\"twitter:data1\" content=\"anniinahar\" \/>\n\t<meta name=\"twitter:label2\" content=\"Arvioitu lukuaika\" \/>\n\t<meta name=\"twitter:data2\" content=\"3 minuuttia\" \/>\n<script type=\"application\/ld+json\" class=\"yoast-schema-graph\">{\"@context\":\"https:\\\/\\\/schema.org\",\"@graph\":[{\"@type\":\"Article\",\"@id\":\"https:\\\/\\\/blogit.lab.fi\\\/labfocus\\\/yhta-kyytia-webinaarissa-pureuduttiin-henkiloliikenteen-jakamistalouteen\\\/#article\",\"isPartOf\":{\"@id\":\"https:\\\/\\\/blogit.lab.fi\\\/labfocus\\\/yhta-kyytia-webinaarissa-pureuduttiin-henkiloliikenteen-jakamistalouteen\\\/\"},\"author\":{\"name\":\"anniinahar\",\"@id\":\"https:\\\/\\\/blogit.lab.fi\\\/labfocus\\\/#\\\/schema\\\/person\\\/ffd2011d171b67ec63a881aabd314a78\"},\"headline\":\"Yht\u00e4 kyyti\u00e4! -webinaarissa pureuduttiin henkil\u00f6liikenteen jakamistalouteen\",\"datePublished\":\"2020-06-30T14:10:47+00:00\",\"dateModified\":\"2020-09-01T11:08:17+00:00\",\"mainEntityOfPage\":{\"@id\":\"https:\\\/\\\/blogit.lab.fi\\\/labfocus\\\/yhta-kyytia-webinaarissa-pureuduttiin-henkiloliikenteen-jakamistalouteen\\\/\"},\"wordCount\":612,\"commentCount\":0,\"publisher\":{\"@id\":\"https:\\\/\\\/blogit.lab.fi\\\/labfocus\\\/#organization\"},\"image\":{\"@id\":\"https:\\\/\\\/blogit.lab.fi\\\/labfocus\\\/yhta-kyytia-webinaarissa-pureuduttiin-henkiloliikenteen-jakamistalouteen\\\/#primaryimage\"},\"thumbnailUrl\":\"https:\\\/\\\/blogit.lab.fi\\\/labfocus\\\/wp-content\\\/uploads\\\/sites\\\/8\\\/2020\\\/06\\\/123_2020_Yht\u00e4-kyyti\u00e4_2.jpg\",\"keywords\":[\"Artikkeli E1\",\"ASKEL\",\"CECI\",\"jakamistalous\",\"kest\u00e4vyys\",\"liikkuvuus\",\"Maallemuuttajat 2030\"],\"articleSection\":[\"Circular Economy\",\"Kest\u00e4v\u00e4t yhteis\u00f6t\"],\"inLanguage\":\"fi\",\"potentialAction\":[{\"@type\":\"CommentAction\",\"name\":\"Comment\",\"target\":[\"https:\\\/\\\/blogit.lab.fi\\\/labfocus\\\/yhta-kyytia-webinaarissa-pureuduttiin-henkiloliikenteen-jakamistalouteen\\\/#respond\"]}]},{\"@type\":\"WebPage\",\"@id\":\"https:\\\/\\\/blogit.lab.fi\\\/labfocus\\\/yhta-kyytia-webinaarissa-pureuduttiin-henkiloliikenteen-jakamistalouteen\\\/\",\"url\":\"https:\\\/\\\/blogit.lab.fi\\\/labfocus\\\/yhta-kyytia-webinaarissa-pureuduttiin-henkiloliikenteen-jakamistalouteen\\\/\",\"name\":\"Yht\u00e4 kyyti\u00e4! -webinaarissa pureuduttiin henkil\u00f6liikenteen jakamistalouteen - LAB Focus\",\"isPartOf\":{\"@id\":\"https:\\\/\\\/blogit.lab.fi\\\/labfocus\\\/#website\"},\"primaryImageOfPage\":{\"@id\":\"https:\\\/\\\/blogit.lab.fi\\\/labfocus\\\/yhta-kyytia-webinaarissa-pureuduttiin-henkiloliikenteen-jakamistalouteen\\\/#primaryimage\"},\"image\":{\"@id\":\"https:\\\/\\\/blogit.lab.fi\\\/labfocus\\\/yhta-kyytia-webinaarissa-pureuduttiin-henkiloliikenteen-jakamistalouteen\\\/#primaryimage\"},\"thumbnailUrl\":\"https:\\\/\\\/blogit.lab.fi\\\/labfocus\\\/wp-content\\\/uploads\\\/sites\\\/8\\\/2020\\\/06\\\/123_2020_Yht\u00e4-kyyti\u00e4_2.jpg\",\"datePublished\":\"2020-06-30T14:10:47+00:00\",\"dateModified\":\"2020-09-01T11:08:17+00:00\",\"breadcrumb\":{\"@id\":\"https:\\\/\\\/blogit.lab.fi\\\/labfocus\\\/yhta-kyytia-webinaarissa-pureuduttiin-henkiloliikenteen-jakamistalouteen\\\/#breadcrumb\"},\"inLanguage\":\"fi\",\"potentialAction\":[{\"@type\":\"ReadAction\",\"target\":[\"https:\\\/\\\/blogit.lab.fi\\\/labfocus\\\/yhta-kyytia-webinaarissa-pureuduttiin-henkiloliikenteen-jakamistalouteen\\\/\"]}]},{\"@type\":\"ImageObject\",\"inLanguage\":\"fi\",\"@id\":\"https:\\\/\\\/blogit.lab.fi\\\/labfocus\\\/yhta-kyytia-webinaarissa-pureuduttiin-henkiloliikenteen-jakamistalouteen\\\/#primaryimage\",\"url\":\"https:\\\/\\\/blogit.lab.fi\\\/labfocus\\\/wp-content\\\/uploads\\\/sites\\\/8\\\/2020\\\/06\\\/123_2020_Yht\u00e4-kyyti\u00e4_2.jpg\",\"contentUrl\":\"https:\\\/\\\/blogit.lab.fi\\\/labfocus\\\/wp-content\\\/uploads\\\/sites\\\/8\\\/2020\\\/06\\\/123_2020_Yht\u00e4-kyyti\u00e4_2.jpg\",\"width\":1280,\"height\":640},{\"@type\":\"BreadcrumbList\",\"@id\":\"https:\\\/\\\/blogit.lab.fi\\\/labfocus\\\/yhta-kyytia-webinaarissa-pureuduttiin-henkiloliikenteen-jakamistalouteen\\\/#breadcrumb\",\"itemListElement\":[{\"@type\":\"ListItem\",\"position\":1,\"name\":\"Home\",\"item\":\"https:\\\/\\\/blogit.lab.fi\\\/labfocus\\\/\"},{\"@type\":\"ListItem\",\"position\":2,\"name\":\"Yht\u00e4 kyyti\u00e4! -webinaarissa pureuduttiin henkil\u00f6liikenteen jakamistalouteen\"}]},{\"@type\":\"WebSite\",\"@id\":\"https:\\\/\\\/blogit.lab.fi\\\/labfocus\\\/#website\",\"url\":\"https:\\\/\\\/blogit.lab.fi\\\/labfocus\\\/\",\"name\":\"LAB Focus\",\"description\":\"Focus Area blog | LAB University of Applied Sciences\",\"publisher\":{\"@id\":\"https:\\\/\\\/blogit.lab.fi\\\/labfocus\\\/#organization\"},\"potentialAction\":[{\"@type\":\"SearchAction\",\"target\":{\"@type\":\"EntryPoint\",\"urlTemplate\":\"https:\\\/\\\/blogit.lab.fi\\\/labfocus\\\/?s={search_term_string}\"},\"query-input\":{\"@type\":\"PropertyValueSpecification\",\"valueRequired\":true,\"valueName\":\"search_term_string\"}}],\"inLanguage\":\"fi\"},{\"@type\":\"Organization\",\"@id\":\"https:\\\/\\\/blogit.lab.fi\\\/labfocus\\\/#organization\",\"name\":\"LAB Focus\",\"url\":\"https:\\\/\\\/blogit.lab.fi\\\/labfocus\\\/\",\"logo\":{\"@type\":\"ImageObject\",\"inLanguage\":\"fi\",\"@id\":\"https:\\\/\\\/blogit.lab.fi\\\/labfocus\\\/#\\\/schema\\\/logo\\\/image\\\/\",\"url\":\"https:\\\/\\\/blogit.lab.fi\\\/labfocus\\\/wp-content\\\/uploads\\\/sites\\\/8\\\/2020\\\/04\\\/cropped-cropped-tunnus_blogi-01.png\",\"contentUrl\":\"https:\\\/\\\/blogit.lab.fi\\\/labfocus\\\/wp-content\\\/uploads\\\/sites\\\/8\\\/2020\\\/04\\\/cropped-cropped-tunnus_blogi-01.png\",\"width\":1342,\"height\":288,\"caption\":\"LAB Focus\"},\"image\":{\"@id\":\"https:\\\/\\\/blogit.lab.fi\\\/labfocus\\\/#\\\/schema\\\/logo\\\/image\\\/\"},\"sameAs\":[\"https:\\\/\\\/x.com\\\/LABfinland\"]},{\"@type\":\"Person\",\"@id\":\"https:\\\/\\\/blogit.lab.fi\\\/labfocus\\\/#\\\/schema\\\/person\\\/ffd2011d171b67ec63a881aabd314a78\",\"name\":\"anniinahar\",\"image\":{\"@type\":\"ImageObject\",\"inLanguage\":\"fi\",\"@id\":\"https:\\\/\\\/secure.gravatar.com\\\/avatar\\\/a3f0fc52bbe429cfd5795e4b2039590fcb0d61a1dad5f14a308893d1b49ed80e?s=96&d=mm&r=g\",\"url\":\"https:\\\/\\\/secure.gravatar.com\\\/avatar\\\/a3f0fc52bbe429cfd5795e4b2039590fcb0d61a1dad5f14a308893d1b49ed80e?s=96&d=mm&r=g\",\"contentUrl\":\"https:\\\/\\\/secure.gravatar.com\\\/avatar\\\/a3f0fc52bbe429cfd5795e4b2039590fcb0d61a1dad5f14a308893d1b49ed80e?s=96&d=mm&r=g\",\"caption\":\"anniinahar\"},\"url\":\"https:\\\/\\\/blogit.lab.fi\\\/labfocus\\\/author\\\/anniinahar\\\/\"}]}<\/script>\n<!-- \/ Yoast SEO plugin. -->","yoast_head_json":{"title":"Yht\u00e4 kyyti\u00e4! -webinaarissa pureuduttiin henkil\u00f6liikenteen jakamistalouteen - LAB Focus","robots":{"index":"index","follow":"follow","max-snippet":"max-snippet:-1","max-image-preview":"max-image-preview:large","max-video-preview":"max-video-preview:-1"},"canonical":"https:\/\/blogit.lab.fi\/labfocus\/yhta-kyytia-webinaarissa-pureuduttiin-henkiloliikenteen-jakamistalouteen\/","og_locale":"fi_FI","og_type":"article","og_title":"Yht\u00e4 kyyti\u00e4! -webinaarissa pureuduttiin henkil\u00f6liikenteen jakamistalouteen - LAB Focus","og_description":"Liikenne on yksi suurimmista ja resurssi-intensiivisimmist\u00e4 arvoketjuista Euroopassa. Se tarjoaa suuren potentiaalin muun muassa kasvihuonekaasup\u00e4\u00e4st\u00f6jen v\u00e4hent\u00e4misess\u00e4 ja kiertotalouden mukaisissa liiketoimintamalleissa, jos kierto- ja jakamistalouden mukaisiin toimiin siirryt\u00e4\u00e4n. Esimerkiksi Euroopassa auto on pys\u00e4k\u00f6ityn\u00e4 92 prosenttia ajasta, ja kun sit\u00e4 k\u00e4ytet\u00e4\u00e4n, vain 1,5 viidest\u00e4 istuimesta on k\u00e4yt\u00f6ss\u00e4. (Ellen MacArthur Foundation 2015.) N\u00e4iden lukujen valossa huomataan, ett\u00e4 henkil\u00f6liikenteess\u00e4 [&hellip;]","og_url":"https:\/\/blogit.lab.fi\/labfocus\/yhta-kyytia-webinaarissa-pureuduttiin-henkiloliikenteen-jakamistalouteen\/","og_site_name":"LAB Focus","article_published_time":"2020-06-30T14:10:47+00:00","article_modified_time":"2020-09-01T11:08:17+00:00","og_image":[{"width":1280,"height":640,"url":"https:\/\/blogit.lab.fi\/labfocus\/wp-content\/uploads\/sites\/8\/2020\/06\/123_2020_Yht\u00e4-kyyti\u00e4_2.jpg","type":"image\/jpeg"}],"author":"anniinahar","twitter_card":"summary_large_image","twitter_creator":"@LABfinland","twitter_site":"@LABfinland","twitter_misc":{"Kirjoittanut":"anniinahar","Arvioitu lukuaika":"3 minuuttia"},"schema":{"@context":"https:\/\/schema.org","@graph":[{"@type":"Article","@id":"https:\/\/blogit.lab.fi\/labfocus\/yhta-kyytia-webinaarissa-pureuduttiin-henkiloliikenteen-jakamistalouteen\/#article","isPartOf":{"@id":"https:\/\/blogit.lab.fi\/labfocus\/yhta-kyytia-webinaarissa-pureuduttiin-henkiloliikenteen-jakamistalouteen\/"},"author":{"name":"anniinahar","@id":"https:\/\/blogit.lab.fi\/labfocus\/#\/schema\/person\/ffd2011d171b67ec63a881aabd314a78"},"headline":"Yht\u00e4 kyyti\u00e4! -webinaarissa pureuduttiin henkil\u00f6liikenteen jakamistalouteen","datePublished":"2020-06-30T14:10:47+00:00","dateModified":"2020-09-01T11:08:17+00:00","mainEntityOfPage":{"@id":"https:\/\/blogit.lab.fi\/labfocus\/yhta-kyytia-webinaarissa-pureuduttiin-henkiloliikenteen-jakamistalouteen\/"},"wordCount":612,"commentCount":0,"publisher":{"@id":"https:\/\/blogit.lab.fi\/labfocus\/#organization"},"image":{"@id":"https:\/\/blogit.lab.fi\/labfocus\/yhta-kyytia-webinaarissa-pureuduttiin-henkiloliikenteen-jakamistalouteen\/#primaryimage"},"thumbnailUrl":"https:\/\/blogit.lab.fi\/labfocus\/wp-content\/uploads\/sites\/8\/2020\/06\/123_2020_Yht\u00e4-kyyti\u00e4_2.jpg","keywords":["Artikkeli E1","ASKEL","CECI","jakamistalous","kest\u00e4vyys","liikkuvuus","Maallemuuttajat 2030"],"articleSection":["Circular Economy","Kest\u00e4v\u00e4t yhteis\u00f6t"],"inLanguage":"fi","potentialAction":[{"@type":"CommentAction","name":"Comment","target":["https:\/\/blogit.lab.fi\/labfocus\/yhta-kyytia-webinaarissa-pureuduttiin-henkiloliikenteen-jakamistalouteen\/#respond"]}]},{"@type":"WebPage","@id":"https:\/\/blogit.lab.fi\/labfocus\/yhta-kyytia-webinaarissa-pureuduttiin-henkiloliikenteen-jakamistalouteen\/","url":"https:\/\/blogit.lab.fi\/labfocus\/yhta-kyytia-webinaarissa-pureuduttiin-henkiloliikenteen-jakamistalouteen\/","name":"Yht\u00e4 kyyti\u00e4! -webinaarissa pureuduttiin henkil\u00f6liikenteen jakamistalouteen - LAB Focus","isPartOf":{"@id":"https:\/\/blogit.lab.fi\/labfocus\/#website"},"primaryImageOfPage":{"@id":"https:\/\/blogit.lab.fi\/labfocus\/yhta-kyytia-webinaarissa-pureuduttiin-henkiloliikenteen-jakamistalouteen\/#primaryimage"},"image":{"@id":"https:\/\/blogit.lab.fi\/labfocus\/yhta-kyytia-webinaarissa-pureuduttiin-henkiloliikenteen-jakamistalouteen\/#primaryimage"},"thumbnailUrl":"https:\/\/blogit.lab.fi\/labfocus\/wp-content\/uploads\/sites\/8\/2020\/06\/123_2020_Yht\u00e4-kyyti\u00e4_2.jpg","datePublished":"2020-06-30T14:10:47+00:00","dateModified":"2020-09-01T11:08:17+00:00","breadcrumb":{"@id":"https:\/\/blogit.lab.fi\/labfocus\/yhta-kyytia-webinaarissa-pureuduttiin-henkiloliikenteen-jakamistalouteen\/#breadcrumb"},"inLanguage":"fi","potentialAction":[{"@type":"ReadAction","target":["https:\/\/blogit.lab.fi\/labfocus\/yhta-kyytia-webinaarissa-pureuduttiin-henkiloliikenteen-jakamistalouteen\/"]}]},{"@type":"ImageObject","inLanguage":"fi","@id":"https:\/\/blogit.lab.fi\/labfocus\/yhta-kyytia-webinaarissa-pureuduttiin-henkiloliikenteen-jakamistalouteen\/#primaryimage","url":"https:\/\/blogit.lab.fi\/labfocus\/wp-content\/uploads\/sites\/8\/2020\/06\/123_2020_Yht\u00e4-kyyti\u00e4_2.jpg","contentUrl":"https:\/\/blogit.lab.fi\/labfocus\/wp-content\/uploads\/sites\/8\/2020\/06\/123_2020_Yht\u00e4-kyyti\u00e4_2.jpg","width":1280,"height":640},{"@type":"BreadcrumbList","@id":"https:\/\/blogit.lab.fi\/labfocus\/yhta-kyytia-webinaarissa-pureuduttiin-henkiloliikenteen-jakamistalouteen\/#breadcrumb","itemListElement":[{"@type":"ListItem","position":1,"name":"Home","item":"https:\/\/blogit.lab.fi\/labfocus\/"},{"@type":"ListItem","position":2,"name":"Yht\u00e4 kyyti\u00e4! -webinaarissa pureuduttiin henkil\u00f6liikenteen jakamistalouteen"}]},{"@type":"WebSite","@id":"https:\/\/blogit.lab.fi\/labfocus\/#website","url":"https:\/\/blogit.lab.fi\/labfocus\/","name":"LAB Focus","description":"Focus Area blog | LAB University of Applied Sciences","publisher":{"@id":"https:\/\/blogit.lab.fi\/labfocus\/#organization"},"potentialAction":[{"@type":"SearchAction","target":{"@type":"EntryPoint","urlTemplate":"https:\/\/blogit.lab.fi\/labfocus\/?s={search_term_string}"},"query-input":{"@type":"PropertyValueSpecification","valueRequired":true,"valueName":"search_term_string"}}],"inLanguage":"fi"},{"@type":"Organization","@id":"https:\/\/blogit.lab.fi\/labfocus\/#organization","name":"LAB Focus","url":"https:\/\/blogit.lab.fi\/labfocus\/","logo":{"@type":"ImageObject","inLanguage":"fi","@id":"https:\/\/blogit.lab.fi\/labfocus\/#\/schema\/logo\/image\/","url":"https:\/\/blogit.lab.fi\/labfocus\/wp-content\/uploads\/sites\/8\/2020\/04\/cropped-cropped-tunnus_blogi-01.png","contentUrl":"https:\/\/blogit.lab.fi\/labfocus\/wp-content\/uploads\/sites\/8\/2020\/04\/cropped-cropped-tunnus_blogi-01.png","width":1342,"height":288,"caption":"LAB Focus"},"image":{"@id":"https:\/\/blogit.lab.fi\/labfocus\/#\/schema\/logo\/image\/"},"sameAs":["https:\/\/x.com\/LABfinland"]},{"@type":"Person","@id":"https:\/\/blogit.lab.fi\/labfocus\/#\/schema\/person\/ffd2011d171b67ec63a881aabd314a78","name":"anniinahar","image":{"@type":"ImageObject","inLanguage":"fi","@id":"https:\/\/secure.gravatar.com\/avatar\/a3f0fc52bbe429cfd5795e4b2039590fcb0d61a1dad5f14a308893d1b49ed80e?s=96&d=mm&r=g","url":"https:\/\/secure.gravatar.com\/avatar\/a3f0fc52bbe429cfd5795e4b2039590fcb0d61a1dad5f14a308893d1b49ed80e?s=96&d=mm&r=g","contentUrl":"https:\/\/secure.gravatar.com\/avatar\/a3f0fc52bbe429cfd5795e4b2039590fcb0d61a1dad5f14a308893d1b49ed80e?s=96&d=mm&r=g","caption":"anniinahar"},"url":"https:\/\/blogit.lab.fi\/labfocus\/author\/anniinahar\/"}]}},"_links":{"self":[{"href":"https:\/\/blogit.lab.fi\/labfocus\/wp-json\/wp\/v2\/posts\/1736","targetHints":{"allow":["GET"]}}],"collection":[{"href":"https:\/\/blogit.lab.fi\/labfocus\/wp-json\/wp\/v2\/posts"}],"about":[{"href":"https:\/\/blogit.lab.fi\/labfocus\/wp-json\/wp\/v2\/types\/post"}],"author":[{"embeddable":true,"href":"https:\/\/blogit.lab.fi\/labfocus\/wp-json\/wp\/v2\/users\/9"}],"replies":[{"embeddable":true,"href":"https:\/\/blogit.lab.fi\/labfocus\/wp-json\/wp\/v2\/comments?post=1736"}],"version-history":[{"count":1,"href":"https:\/\/blogit.lab.fi\/labfocus\/wp-json\/wp\/v2\/posts\/1736\/revisions"}],"predecessor-version":[{"id":1740,"href":"https:\/\/blogit.lab.fi\/labfocus\/wp-json\/wp\/v2\/posts\/1736\/revisions\/1740"}],"wp:featuredmedia":[{"embeddable":true,"href":"https:\/\/blogit.lab.fi\/labfocus\/wp-json\/wp\/v2\/media\/1738"}],"wp:attachment":[{"href":"https:\/\/blogit.lab.fi\/labfocus\/wp-json\/wp\/v2\/media?parent=1736"}],"wp:term":[{"taxonomy":"category","embeddable":true,"href":"https:\/\/blogit.lab.fi\/labfocus\/wp-json\/wp\/v2\/categories?post=1736"},{"taxonomy":"post_tag","embeddable":true,"href":"https:\/\/blogit.lab.fi\/labfocus\/wp-json\/wp\/v2\/tags?post=1736"}],"curies":[{"name":"wp","href":"https:\/\/api.w.org\/{rel}","templated":true}]}}