{"id":17722,"date":"2024-02-28T10:39:42","date_gmt":"2024-02-28T08:39:42","guid":{"rendered":"https:\/\/blogit.lab.fi\/labfocus\/?p=17722"},"modified":"2024-02-28T10:39:43","modified_gmt":"2024-02-28T08:39:43","slug":"loma-asunnosta-pysyva-asunto-muuttaako-uusi-lainsaadanto-kuntien-kaytantoja","status":"publish","type":"post","link":"https:\/\/blogit.lab.fi\/labfocus\/loma-asunnosta-pysyva-asunto-muuttaako-uusi-lainsaadanto-kuntien-kaytantoja\/","title":{"rendered":"Loma-asunnosta pysyv\u00e4 asunto \u2013 muuttaako uusi lains\u00e4\u00e4d\u00e4nt\u00f6 kuntien k\u00e4yt\u00e4nt\u00f6j\u00e4?"},"content":{"rendered":"\n<p>Viime vuosina on lis\u00e4\u00e4ntynyt vapaa-ajan asuntojen muuttaminen pysyviksi asunnoiksi, mit\u00e4 koronapandemia osaltaan edisti. Monipaikkaisesta asumisesta on tullut arkip\u00e4iv\u00e4\u00e4 sellaisille asukkaille, jotka voivat helposti asua osan aikaa m\u00f6kkipaikkakunnallaan ja esimerkiksi tehd\u00e4 siell\u00e4 et\u00e4t\u00f6it\u00e4.<\/p>\n\n\n\n<p>K\u00e4ytt\u00f6tarkoituksen muutoksiin suhtaudutaan nykyisin kuntakohtaisesti jo hyvin vaihtelevasti. T\u00e4m\u00e4 ilmeni Pelto-Timperin (2023) opinn\u00e4ytety\u00f6n kyselyss\u00e4, jossa selvitettiin vapaa-ajan asuntojen k\u00e4ytt\u00f6tarkoituksen muutoksia eri alueilla. Osa kunnista ja kaupungeista suosii k\u00e4ytt\u00f6tarkoituksen muutoksia, kun taas toiset haluavat yhdyskuntarakenteen s\u00e4ilyv\u00e4n ehe\u00e4n\u00e4 ja v\u00e4ltt\u00e4v\u00e4t siksi n\u00e4iden my\u00f6nt\u00e4mist\u00e4. Rakentamislaki saattaa jatkossa johtaa entist\u00e4 suurempiin eroihin kuntien v\u00e4lill\u00e4. Uuden lain tulkinta ja oikeusk\u00e4yt\u00e4nt\u00f6jen vakiintuminen vie aikaa.&nbsp;<\/p>\n\n\n\n<p>Nykyinen maank\u00e4ytt\u00f6- ja rakennuslaki on jakautumassa alueidenk\u00e4ytt\u00f6laiksi ja rakentamislaiksi, joista j\u00e4lkimm\u00e4isen on tarkoitus astua voimaan 1.1.2025 alkaen. Uuden lain my\u00f6t\u00e4 rakennusten k\u00e4ytt\u00f6tarkoituksen muutoksia vakituiseen asumiseen koskevia poikkeamisp\u00e4\u00e4t\u00f6ksi\u00e4 olisi jatkossa helpommin sallittavissa, mik\u00e4li hanke tukee kiertotaloutta ja v\u00e4h\u00e4hiilisyytt\u00e4. Poikkeamisp\u00e4\u00e4t\u00f6sten edellytyksiin tulisi lainuudistuksen my\u00f6t\u00e4 my\u00f6s kevennyksi\u00e4. (Ymp\u00e4rist\u00f6ministeri\u00f6 2023).<\/p>\n\n\n\n<h2 class=\"wp-block-heading\"><strong>K\u00e4ytt\u00f6tarkoituksen muutokset helpommiksi<\/strong><\/h2>\n\n\n\n<p>Viime vuosina kaavojen kaavamerkinn\u00e4t ja -m\u00e4\u00e4r\u00e4ykset ovat sis\u00e4lt\u00e4neet yh\u00e4 yksityiskohtaisempia ja tarkempia m\u00e4\u00e4r\u00e4yksi\u00e4, mist\u00e4 on seurannut merkitt\u00e4v\u00e4mp\u00e4\u00e4 tarvetta poiketa kaavoissa asetetuista rakennuksen k\u00e4ytt\u00f6tarkoituksista. Uuden rakentamislain tarkoituksena on mahdollistaa paremmin rakennuksen tai sen osan k\u00e4ytt\u00f6tarkoituksen muuttaminen ymp\u00e4rivuotiseen asumiseen. Lains\u00e4\u00e4d\u00e4nn\u00f6n uudistamisen my\u00f6t\u00e4 oikeudelliset edellytykset k\u00e4ytt\u00f6tarkoituksen muutokselle ovat helpommin perusteltavissa. Jatkossa voitaneen my\u00f6s vedota erityiseen syyhyn, jota on sis\u00e4llytetty s\u00e4\u00e4nn\u00f6kseen. Rakentamislaki tulee lis\u00e4\u00e4m\u00e4\u00e4n kunnan viranomaisten harkintavaltaa k\u00e4ytt\u00f6tarkoituksen muutoksien k\u00e4sittelyss\u00e4. (Ojanen 2023). \u00a0<\/p>\n\n\n\n<h2 class=\"wp-block-heading\"><strong>Muutos yhdyskuntarakenteen ohjauksen n\u00e4k\u00f6kulmasta<\/strong><\/h2>\n\n\n\n<p>Uuden s\u00e4\u00e4nn\u00f6ksen tarkoituksena on ollut m\u00e4\u00e4ritell\u00e4 k\u00e4ytt\u00f6tarkoituksen muutoksia koskeville poikkeamisp\u00e4\u00e4t\u00f6ksille valtakunnallisesti yhten\u00e4iset perusteet. Jatkossa lains\u00e4\u00e4d\u00e4nt\u00f6 mahdollistaa helpommin vapaa-ajan rakennuksen k\u00e4ytt\u00f6tarkoituksen muutoksen asumiseen. K\u00e4yt\u00e4nn\u00f6ss\u00e4 kuntien harkintavalta laajenee, ja samalla poikkeamisp\u00e4\u00e4t\u00f6sten perusteluiden merkitys korostuu. Kuntaliiton mukaan joidenkin poikkeamishakemusten valmistelu tulee jatkossa olemaan haasteellista. Hanke ei saisi aiheuttaa haittaa kaavoitukselle tai kaavan toteuttamiselle, ja lis\u00e4ksi p\u00e4\u00e4t\u00f6ksenteossa tulee ottaa maanomistajien tasapuolisuusn\u00e4k\u00f6kulmat huomioon, kuten nykyisess\u00e4kin s\u00e4\u00e4telyss\u00e4 on ollut periaatteena. (Ojanen 2023.) &nbsp;&nbsp;<\/p>\n\n\n\n<figure class=\"wp-block-image size-large\"><img loading=\"lazy\" decoding=\"async\" width=\"1024\" height=\"512\" src=\"https:\/\/blogit.lab.fi\/labfocus\/wp-content\/uploads\/sites\/8\/2024\/02\/168_2024_Loma-asunnosta-pysyva-asunto-\u2013-muuttaako-uusi-lainsaadanto-kuntien-kaytantoja-1024x512.jpg\" alt=\"J\u00e4rvelt\u00e4 rantaan p\u00e4in otettu kuva, jossa n\u00e4kyy taloja ja laitureita.\" class=\"wp-image-17724\" srcset=\"https:\/\/blogit.lab.fi\/labfocus\/wp-content\/uploads\/sites\/8\/2024\/02\/168_2024_Loma-asunnosta-pysyva-asunto-\u2013-muuttaako-uusi-lainsaadanto-kuntien-kaytantoja-1024x512.jpg 1024w, https:\/\/blogit.lab.fi\/labfocus\/wp-content\/uploads\/sites\/8\/2024\/02\/168_2024_Loma-asunnosta-pysyva-asunto-\u2013-muuttaako-uusi-lainsaadanto-kuntien-kaytantoja-300x150.jpg 300w, https:\/\/blogit.lab.fi\/labfocus\/wp-content\/uploads\/sites\/8\/2024\/02\/168_2024_Loma-asunnosta-pysyva-asunto-\u2013-muuttaako-uusi-lainsaadanto-kuntien-kaytantoja-768x384.jpg 768w, https:\/\/blogit.lab.fi\/labfocus\/wp-content\/uploads\/sites\/8\/2024\/02\/168_2024_Loma-asunnosta-pysyva-asunto-\u2013-muuttaako-uusi-lainsaadanto-kuntien-kaytantoja-570x285.jpg 570w, https:\/\/blogit.lab.fi\/labfocus\/wp-content\/uploads\/sites\/8\/2024\/02\/168_2024_Loma-asunnosta-pysyva-asunto-\u2013-muuttaako-uusi-lainsaadanto-kuntien-kaytantoja.jpg 1280w\" sizes=\"auto, (max-width: 1024px) 100vw, 1024px\" \/><figcaption class=\"wp-element-caption\">Kuva 1. Vakituista asutusta ranta-alueella. (Kuva: Lotta Pelto-Timperi)<\/figcaption><\/figure>\n\n\n\n<div class=\"wp-block-group has-background\" style=\"background-color:#b3edfb\"><div class=\"wp-block-group__inner-container is-layout-constrained wp-block-group-is-layout-constrained\">\n<p>Kirjoittajat<\/p>\n\n\n\n<p><strong>Lotta Pelto-Timperi<\/strong> on suorittanut LAB-ammattikorkeakoulun koulutusohjelman Kest\u00e4v\u00e4 kaupunkiymp\u00e4rist\u00f6 (YAMK) ja toiminut Salon kaupungissa opinn\u00e4ytety\u00f6n aihepiiriin liittyviss\u00e4 teht\u00e4viss\u00e4.<\/p>\n\n\n\n<p><strong>Eeva Aarrevaara<\/strong> toimii yliopettajana LAB-ammattikorkeakoulussa yhdyskuntasuunnittelun opetuksen ja kehitt\u00e4misen teht\u00e4viss\u00e4 ja on ohjannut Pelto-Timperin opinn\u00e4ytety\u00f6n. \u00a0<\/p>\n<\/div><\/div>\n\n\n\n<h3 class=\"wp-block-heading\">L\u00e4hteet<\/h3>\n\n\n\n<p>Ojanen, V. 2023. Uusi rakentamislaki ja k\u00e4ytt\u00f6tarkoituksen muutos lupas\u00e4\u00e4ntelyss\u00e4. Viitattu 19.11.2023. Saatavissa <a href=\"https:\/\/haglex.fi\/uusi-rakentamislaki-ja-kayttotarkoituksen-muutos-lupasaantelyssa\/\">https:\/\/haglex.fi\/uusi-rakentamislaki-ja-kayttotarkoituksen-muutos-lupasaantelyssa\/<\/a><\/p>\n\n\n\n<p>Pelto-Timperi, L. 2023. Vakituinen asuminen rannoilla Salossa hy\u00f6dyt ja haasteet. YAMK-opinn\u00e4ytety\u00f6. LAB-ammattikorkeakoulu, tekniikan ala. Lahti. Viitattu 18.12.2023. Saatavissa <a href=\"https:\/\/urn.fi\/URN:NBN:fi:amk-2023121136189\">https:\/\/urn.fi\/URN:NBN:fi:amk-2023121136189<\/a><\/p>\n\n\n\n<p>Ymp\u00e4rist\u00f6ministeri\u00f6. 2023. Eduskunta hyv\u00e4ksyi rakentamisen p\u00e4\u00e4st\u00f6j\u00e4 pienent\u00e4v\u00e4t ja digitalisaatiota edist\u00e4v\u00e4t lait. Viitattu 19.11.2023. Saatavissa <a href=\"https:\/\/valtioneuvosto.fi\/-\/1410903\/eduskunta-hyvaksyi-rakentamisen-paastoja-pienentavat-ja-digitalisaatiota-edistavat-lait\">https:\/\/valtioneuvosto.fi\/-\/\/1410903\/eduskunta-hyvaksyi-rakentamisen-paastoja-pienentavat-ja-digitalisaatiota-edistavat-lait<\/a><\/p>\n","protected":false},"excerpt":{"rendered":"<p>Viime vuosina on lis\u00e4\u00e4ntynyt vapaa-ajan asuntojen muuttaminen pysyviksi asunnoiksi, mit\u00e4 koronapandemia osaltaan edisti. Monipaikkaisesta asumisesta on tullut arkip\u00e4iv\u00e4\u00e4 sellaisille asukkaille, jotka voivat helposti asua osan aikaa m\u00f6kkipaikkakunnallaan ja esimerkiksi tehd\u00e4 siell\u00e4 et\u00e4t\u00f6it\u00e4. K\u00e4ytt\u00f6tarkoituksen muutoksiin suhtaudutaan nykyisin kuntakohtaisesti jo hyvin vaihtelevasti. T\u00e4m\u00e4 ilmeni Pelto-Timperin (2023) opinn\u00e4ytety\u00f6n kyselyss\u00e4, jossa selvitettiin vapaa-ajan asuntojen k\u00e4ytt\u00f6tarkoituksen muutoksia eri alueilla. Osa [&hellip;]<\/p>\n","protected":false},"author":23,"featured_media":17724,"comment_status":"closed","ping_status":"open","sticky":false,"template":"","format":"standard","meta":{"footnotes":""},"categories":[23,33],"tags":[29,4477,8825,8823],"class_list":{"0":"post-17722","1":"post","2":"type-post","3":"status-publish","4":"format-standard","5":"has-post-thumbnail","7":"category-circular-economy_fi","8":"category-kestavat-yhteisot","9":"tag-artikkeli-e1","10":"tag-jatelainsaadanto","11":"tag-kayttotarkoitus","12":"tag-vapaa-ajan-asutus","13":"czr-hentry"},"yoast_head":"<!-- This site is optimized with the Yoast SEO plugin v27.4 - https:\/\/yoast.com\/product\/yoast-seo-wordpress\/ -->\n<title>Loma-asunnosta pysyv\u00e4 asunto \u2013 muuttaako uusi lains\u00e4\u00e4d\u00e4nt\u00f6 kuntien k\u00e4yt\u00e4nt\u00f6j\u00e4? - LAB Focus<\/title>\n<meta name=\"robots\" content=\"index, follow, max-snippet:-1, max-image-preview:large, max-video-preview:-1\" \/>\n<link rel=\"canonical\" href=\"https:\/\/blogit.lab.fi\/labfocus\/loma-asunnosta-pysyva-asunto-muuttaako-uusi-lainsaadanto-kuntien-kaytantoja\/\" \/>\n<meta property=\"og:locale\" content=\"fi_FI\" \/>\n<meta property=\"og:type\" content=\"article\" \/>\n<meta property=\"og:title\" content=\"Loma-asunnosta pysyv\u00e4 asunto \u2013 muuttaako uusi lains\u00e4\u00e4d\u00e4nt\u00f6 kuntien k\u00e4yt\u00e4nt\u00f6j\u00e4? - LAB Focus\" \/>\n<meta property=\"og:description\" content=\"Viime vuosina on lis\u00e4\u00e4ntynyt vapaa-ajan asuntojen muuttaminen pysyviksi asunnoiksi, mit\u00e4 koronapandemia osaltaan edisti. Monipaikkaisesta asumisesta on tullut arkip\u00e4iv\u00e4\u00e4 sellaisille asukkaille, jotka voivat helposti asua osan aikaa m\u00f6kkipaikkakunnallaan ja esimerkiksi tehd\u00e4 siell\u00e4 et\u00e4t\u00f6it\u00e4. K\u00e4ytt\u00f6tarkoituksen muutoksiin suhtaudutaan nykyisin kuntakohtaisesti jo hyvin vaihtelevasti. T\u00e4m\u00e4 ilmeni Pelto-Timperin (2023) opinn\u00e4ytety\u00f6n kyselyss\u00e4, jossa selvitettiin vapaa-ajan asuntojen k\u00e4ytt\u00f6tarkoituksen muutoksia eri alueilla. Osa [&hellip;]\" \/>\n<meta property=\"og:url\" content=\"https:\/\/blogit.lab.fi\/labfocus\/loma-asunnosta-pysyva-asunto-muuttaako-uusi-lainsaadanto-kuntien-kaytantoja\/\" \/>\n<meta property=\"og:site_name\" content=\"LAB Focus\" \/>\n<meta property=\"article:published_time\" content=\"2024-02-28T08:39:42+00:00\" \/>\n<meta property=\"article:modified_time\" content=\"2024-02-28T08:39:43+00:00\" \/>\n<meta property=\"og:image\" content=\"https:\/\/blogit.lab.fi\/labfocus\/wp-content\/uploads\/sites\/8\/2024\/02\/168_2024_Loma-asunnosta-pysyva-asunto-\u2013-muuttaako-uusi-lainsaadanto-kuntien-kaytantoja.jpg\" \/>\n\t<meta property=\"og:image:width\" content=\"1280\" \/>\n\t<meta property=\"og:image:height\" content=\"640\" \/>\n\t<meta property=\"og:image:type\" content=\"image\/jpeg\" \/>\n<meta name=\"author\" content=\"pvitie\" \/>\n<meta name=\"twitter:card\" content=\"summary_large_image\" \/>\n<meta name=\"twitter:creator\" content=\"@LABfinland\" \/>\n<meta name=\"twitter:site\" content=\"@LABfinland\" \/>\n<meta name=\"twitter:label1\" content=\"Kirjoittanut\" \/>\n\t<meta name=\"twitter:data1\" content=\"pvitie\" \/>\n\t<meta name=\"twitter:label2\" content=\"Arvioitu lukuaika\" \/>\n\t<meta name=\"twitter:data2\" content=\"1 minuutti\" \/>\n<script type=\"application\/ld+json\" class=\"yoast-schema-graph\">{\"@context\":\"https:\\\/\\\/schema.org\",\"@graph\":[{\"@type\":\"Article\",\"@id\":\"https:\\\/\\\/blogit.lab.fi\\\/labfocus\\\/loma-asunnosta-pysyva-asunto-muuttaako-uusi-lainsaadanto-kuntien-kaytantoja\\\/#article\",\"isPartOf\":{\"@id\":\"https:\\\/\\\/blogit.lab.fi\\\/labfocus\\\/loma-asunnosta-pysyva-asunto-muuttaako-uusi-lainsaadanto-kuntien-kaytantoja\\\/\"},\"author\":{\"name\":\"pvitie\",\"@id\":\"https:\\\/\\\/blogit.lab.fi\\\/labfocus\\\/#\\\/schema\\\/person\\\/a88d96323a2687eb54cce42cea788799\"},\"headline\":\"Loma-asunnosta pysyv\u00e4 asunto \u2013 muuttaako uusi lains\u00e4\u00e4d\u00e4nt\u00f6 kuntien k\u00e4yt\u00e4nt\u00f6j\u00e4?\",\"datePublished\":\"2024-02-28T08:39:42+00:00\",\"dateModified\":\"2024-02-28T08:39:43+00:00\",\"mainEntityOfPage\":{\"@id\":\"https:\\\/\\\/blogit.lab.fi\\\/labfocus\\\/loma-asunnosta-pysyva-asunto-muuttaako-uusi-lainsaadanto-kuntien-kaytantoja\\\/\"},\"wordCount\":511,\"publisher\":{\"@id\":\"https:\\\/\\\/blogit.lab.fi\\\/labfocus\\\/#organization\"},\"image\":{\"@id\":\"https:\\\/\\\/blogit.lab.fi\\\/labfocus\\\/loma-asunnosta-pysyva-asunto-muuttaako-uusi-lainsaadanto-kuntien-kaytantoja\\\/#primaryimage\"},\"thumbnailUrl\":\"https:\\\/\\\/blogit.lab.fi\\\/labfocus\\\/wp-content\\\/uploads\\\/sites\\\/8\\\/2024\\\/02\\\/168_2024_Loma-asunnosta-pysyva-asunto-\u2013-muuttaako-uusi-lainsaadanto-kuntien-kaytantoja.jpg\",\"keywords\":[\"Artikkeli E1\",\"j\u00e4telains\u00e4\u00e4d\u00e4nt\u00f6\",\"k\u00e4ytt\u00f6tarkoitus\",\"vapaa-ajan asutus\"],\"articleSection\":[\"Circular Economy\",\"Kest\u00e4v\u00e4t yhteis\u00f6t\"],\"inLanguage\":\"fi\"},{\"@type\":\"WebPage\",\"@id\":\"https:\\\/\\\/blogit.lab.fi\\\/labfocus\\\/loma-asunnosta-pysyva-asunto-muuttaako-uusi-lainsaadanto-kuntien-kaytantoja\\\/\",\"url\":\"https:\\\/\\\/blogit.lab.fi\\\/labfocus\\\/loma-asunnosta-pysyva-asunto-muuttaako-uusi-lainsaadanto-kuntien-kaytantoja\\\/\",\"name\":\"Loma-asunnosta pysyv\u00e4 asunto \u2013 muuttaako uusi lains\u00e4\u00e4d\u00e4nt\u00f6 kuntien k\u00e4yt\u00e4nt\u00f6j\u00e4? - LAB Focus\",\"isPartOf\":{\"@id\":\"https:\\\/\\\/blogit.lab.fi\\\/labfocus\\\/#website\"},\"primaryImageOfPage\":{\"@id\":\"https:\\\/\\\/blogit.lab.fi\\\/labfocus\\\/loma-asunnosta-pysyva-asunto-muuttaako-uusi-lainsaadanto-kuntien-kaytantoja\\\/#primaryimage\"},\"image\":{\"@id\":\"https:\\\/\\\/blogit.lab.fi\\\/labfocus\\\/loma-asunnosta-pysyva-asunto-muuttaako-uusi-lainsaadanto-kuntien-kaytantoja\\\/#primaryimage\"},\"thumbnailUrl\":\"https:\\\/\\\/blogit.lab.fi\\\/labfocus\\\/wp-content\\\/uploads\\\/sites\\\/8\\\/2024\\\/02\\\/168_2024_Loma-asunnosta-pysyva-asunto-\u2013-muuttaako-uusi-lainsaadanto-kuntien-kaytantoja.jpg\",\"datePublished\":\"2024-02-28T08:39:42+00:00\",\"dateModified\":\"2024-02-28T08:39:43+00:00\",\"breadcrumb\":{\"@id\":\"https:\\\/\\\/blogit.lab.fi\\\/labfocus\\\/loma-asunnosta-pysyva-asunto-muuttaako-uusi-lainsaadanto-kuntien-kaytantoja\\\/#breadcrumb\"},\"inLanguage\":\"fi\",\"potentialAction\":[{\"@type\":\"ReadAction\",\"target\":[\"https:\\\/\\\/blogit.lab.fi\\\/labfocus\\\/loma-asunnosta-pysyva-asunto-muuttaako-uusi-lainsaadanto-kuntien-kaytantoja\\\/\"]}]},{\"@type\":\"ImageObject\",\"inLanguage\":\"fi\",\"@id\":\"https:\\\/\\\/blogit.lab.fi\\\/labfocus\\\/loma-asunnosta-pysyva-asunto-muuttaako-uusi-lainsaadanto-kuntien-kaytantoja\\\/#primaryimage\",\"url\":\"https:\\\/\\\/blogit.lab.fi\\\/labfocus\\\/wp-content\\\/uploads\\\/sites\\\/8\\\/2024\\\/02\\\/168_2024_Loma-asunnosta-pysyva-asunto-\u2013-muuttaako-uusi-lainsaadanto-kuntien-kaytantoja.jpg\",\"contentUrl\":\"https:\\\/\\\/blogit.lab.fi\\\/labfocus\\\/wp-content\\\/uploads\\\/sites\\\/8\\\/2024\\\/02\\\/168_2024_Loma-asunnosta-pysyva-asunto-\u2013-muuttaako-uusi-lainsaadanto-kuntien-kaytantoja.jpg\",\"width\":1280,\"height\":640},{\"@type\":\"BreadcrumbList\",\"@id\":\"https:\\\/\\\/blogit.lab.fi\\\/labfocus\\\/loma-asunnosta-pysyva-asunto-muuttaako-uusi-lainsaadanto-kuntien-kaytantoja\\\/#breadcrumb\",\"itemListElement\":[{\"@type\":\"ListItem\",\"position\":1,\"name\":\"Home\",\"item\":\"https:\\\/\\\/blogit.lab.fi\\\/labfocus\\\/\"},{\"@type\":\"ListItem\",\"position\":2,\"name\":\"Loma-asunnosta pysyv\u00e4 asunto \u2013 muuttaako uusi lains\u00e4\u00e4d\u00e4nt\u00f6 kuntien k\u00e4yt\u00e4nt\u00f6j\u00e4?\"}]},{\"@type\":\"WebSite\",\"@id\":\"https:\\\/\\\/blogit.lab.fi\\\/labfocus\\\/#website\",\"url\":\"https:\\\/\\\/blogit.lab.fi\\\/labfocus\\\/\",\"name\":\"LAB Focus\",\"description\":\"Focus Area blog | LAB University of Applied Sciences\",\"publisher\":{\"@id\":\"https:\\\/\\\/blogit.lab.fi\\\/labfocus\\\/#organization\"},\"potentialAction\":[{\"@type\":\"SearchAction\",\"target\":{\"@type\":\"EntryPoint\",\"urlTemplate\":\"https:\\\/\\\/blogit.lab.fi\\\/labfocus\\\/?s={search_term_string}\"},\"query-input\":{\"@type\":\"PropertyValueSpecification\",\"valueRequired\":true,\"valueName\":\"search_term_string\"}}],\"inLanguage\":\"fi\"},{\"@type\":\"Organization\",\"@id\":\"https:\\\/\\\/blogit.lab.fi\\\/labfocus\\\/#organization\",\"name\":\"LAB Focus\",\"url\":\"https:\\\/\\\/blogit.lab.fi\\\/labfocus\\\/\",\"logo\":{\"@type\":\"ImageObject\",\"inLanguage\":\"fi\",\"@id\":\"https:\\\/\\\/blogit.lab.fi\\\/labfocus\\\/#\\\/schema\\\/logo\\\/image\\\/\",\"url\":\"https:\\\/\\\/blogit.lab.fi\\\/labfocus\\\/wp-content\\\/uploads\\\/sites\\\/8\\\/2020\\\/04\\\/cropped-cropped-tunnus_blogi-01.png\",\"contentUrl\":\"https:\\\/\\\/blogit.lab.fi\\\/labfocus\\\/wp-content\\\/uploads\\\/sites\\\/8\\\/2020\\\/04\\\/cropped-cropped-tunnus_blogi-01.png\",\"width\":1342,\"height\":288,\"caption\":\"LAB Focus\"},\"image\":{\"@id\":\"https:\\\/\\\/blogit.lab.fi\\\/labfocus\\\/#\\\/schema\\\/logo\\\/image\\\/\"},\"sameAs\":[\"https:\\\/\\\/x.com\\\/LABfinland\"]},{\"@type\":\"Person\",\"@id\":\"https:\\\/\\\/blogit.lab.fi\\\/labfocus\\\/#\\\/schema\\\/person\\\/a88d96323a2687eb54cce42cea788799\",\"name\":\"pvitie\",\"image\":{\"@type\":\"ImageObject\",\"inLanguage\":\"fi\",\"@id\":\"https:\\\/\\\/secure.gravatar.com\\\/avatar\\\/c6efb3d583817a7d4044d9c74e15ee62bfc7174360a560f1ad3a04099475664a?s=96&d=mm&r=g\",\"url\":\"https:\\\/\\\/secure.gravatar.com\\\/avatar\\\/c6efb3d583817a7d4044d9c74e15ee62bfc7174360a560f1ad3a04099475664a?s=96&d=mm&r=g\",\"contentUrl\":\"https:\\\/\\\/secure.gravatar.com\\\/avatar\\\/c6efb3d583817a7d4044d9c74e15ee62bfc7174360a560f1ad3a04099475664a?s=96&d=mm&r=g\",\"caption\":\"pvitie\"},\"url\":\"https:\\\/\\\/blogit.lab.fi\\\/labfocus\\\/author\\\/pvitie\\\/\"}]}<\/script>\n<!-- \/ Yoast SEO plugin. -->","yoast_head_json":{"title":"Loma-asunnosta pysyv\u00e4 asunto \u2013 muuttaako uusi lains\u00e4\u00e4d\u00e4nt\u00f6 kuntien k\u00e4yt\u00e4nt\u00f6j\u00e4? - LAB Focus","robots":{"index":"index","follow":"follow","max-snippet":"max-snippet:-1","max-image-preview":"max-image-preview:large","max-video-preview":"max-video-preview:-1"},"canonical":"https:\/\/blogit.lab.fi\/labfocus\/loma-asunnosta-pysyva-asunto-muuttaako-uusi-lainsaadanto-kuntien-kaytantoja\/","og_locale":"fi_FI","og_type":"article","og_title":"Loma-asunnosta pysyv\u00e4 asunto \u2013 muuttaako uusi lains\u00e4\u00e4d\u00e4nt\u00f6 kuntien k\u00e4yt\u00e4nt\u00f6j\u00e4? - LAB Focus","og_description":"Viime vuosina on lis\u00e4\u00e4ntynyt vapaa-ajan asuntojen muuttaminen pysyviksi asunnoiksi, mit\u00e4 koronapandemia osaltaan edisti. Monipaikkaisesta asumisesta on tullut arkip\u00e4iv\u00e4\u00e4 sellaisille asukkaille, jotka voivat helposti asua osan aikaa m\u00f6kkipaikkakunnallaan ja esimerkiksi tehd\u00e4 siell\u00e4 et\u00e4t\u00f6it\u00e4. K\u00e4ytt\u00f6tarkoituksen muutoksiin suhtaudutaan nykyisin kuntakohtaisesti jo hyvin vaihtelevasti. T\u00e4m\u00e4 ilmeni Pelto-Timperin (2023) opinn\u00e4ytety\u00f6n kyselyss\u00e4, jossa selvitettiin vapaa-ajan asuntojen k\u00e4ytt\u00f6tarkoituksen muutoksia eri alueilla. Osa [&hellip;]","og_url":"https:\/\/blogit.lab.fi\/labfocus\/loma-asunnosta-pysyva-asunto-muuttaako-uusi-lainsaadanto-kuntien-kaytantoja\/","og_site_name":"LAB Focus","article_published_time":"2024-02-28T08:39:42+00:00","article_modified_time":"2024-02-28T08:39:43+00:00","og_image":[{"width":1280,"height":640,"url":"https:\/\/blogit.lab.fi\/labfocus\/wp-content\/uploads\/sites\/8\/2024\/02\/168_2024_Loma-asunnosta-pysyva-asunto-\u2013-muuttaako-uusi-lainsaadanto-kuntien-kaytantoja.jpg","type":"image\/jpeg"}],"author":"pvitie","twitter_card":"summary_large_image","twitter_creator":"@LABfinland","twitter_site":"@LABfinland","twitter_misc":{"Kirjoittanut":"pvitie","Arvioitu lukuaika":"1 minuutti"},"schema":{"@context":"https:\/\/schema.org","@graph":[{"@type":"Article","@id":"https:\/\/blogit.lab.fi\/labfocus\/loma-asunnosta-pysyva-asunto-muuttaako-uusi-lainsaadanto-kuntien-kaytantoja\/#article","isPartOf":{"@id":"https:\/\/blogit.lab.fi\/labfocus\/loma-asunnosta-pysyva-asunto-muuttaako-uusi-lainsaadanto-kuntien-kaytantoja\/"},"author":{"name":"pvitie","@id":"https:\/\/blogit.lab.fi\/labfocus\/#\/schema\/person\/a88d96323a2687eb54cce42cea788799"},"headline":"Loma-asunnosta pysyv\u00e4 asunto \u2013 muuttaako uusi lains\u00e4\u00e4d\u00e4nt\u00f6 kuntien k\u00e4yt\u00e4nt\u00f6j\u00e4?","datePublished":"2024-02-28T08:39:42+00:00","dateModified":"2024-02-28T08:39:43+00:00","mainEntityOfPage":{"@id":"https:\/\/blogit.lab.fi\/labfocus\/loma-asunnosta-pysyva-asunto-muuttaako-uusi-lainsaadanto-kuntien-kaytantoja\/"},"wordCount":511,"publisher":{"@id":"https:\/\/blogit.lab.fi\/labfocus\/#organization"},"image":{"@id":"https:\/\/blogit.lab.fi\/labfocus\/loma-asunnosta-pysyva-asunto-muuttaako-uusi-lainsaadanto-kuntien-kaytantoja\/#primaryimage"},"thumbnailUrl":"https:\/\/blogit.lab.fi\/labfocus\/wp-content\/uploads\/sites\/8\/2024\/02\/168_2024_Loma-asunnosta-pysyva-asunto-\u2013-muuttaako-uusi-lainsaadanto-kuntien-kaytantoja.jpg","keywords":["Artikkeli E1","j\u00e4telains\u00e4\u00e4d\u00e4nt\u00f6","k\u00e4ytt\u00f6tarkoitus","vapaa-ajan asutus"],"articleSection":["Circular Economy","Kest\u00e4v\u00e4t yhteis\u00f6t"],"inLanguage":"fi"},{"@type":"WebPage","@id":"https:\/\/blogit.lab.fi\/labfocus\/loma-asunnosta-pysyva-asunto-muuttaako-uusi-lainsaadanto-kuntien-kaytantoja\/","url":"https:\/\/blogit.lab.fi\/labfocus\/loma-asunnosta-pysyva-asunto-muuttaako-uusi-lainsaadanto-kuntien-kaytantoja\/","name":"Loma-asunnosta pysyv\u00e4 asunto \u2013 muuttaako uusi lains\u00e4\u00e4d\u00e4nt\u00f6 kuntien k\u00e4yt\u00e4nt\u00f6j\u00e4? - LAB Focus","isPartOf":{"@id":"https:\/\/blogit.lab.fi\/labfocus\/#website"},"primaryImageOfPage":{"@id":"https:\/\/blogit.lab.fi\/labfocus\/loma-asunnosta-pysyva-asunto-muuttaako-uusi-lainsaadanto-kuntien-kaytantoja\/#primaryimage"},"image":{"@id":"https:\/\/blogit.lab.fi\/labfocus\/loma-asunnosta-pysyva-asunto-muuttaako-uusi-lainsaadanto-kuntien-kaytantoja\/#primaryimage"},"thumbnailUrl":"https:\/\/blogit.lab.fi\/labfocus\/wp-content\/uploads\/sites\/8\/2024\/02\/168_2024_Loma-asunnosta-pysyva-asunto-\u2013-muuttaako-uusi-lainsaadanto-kuntien-kaytantoja.jpg","datePublished":"2024-02-28T08:39:42+00:00","dateModified":"2024-02-28T08:39:43+00:00","breadcrumb":{"@id":"https:\/\/blogit.lab.fi\/labfocus\/loma-asunnosta-pysyva-asunto-muuttaako-uusi-lainsaadanto-kuntien-kaytantoja\/#breadcrumb"},"inLanguage":"fi","potentialAction":[{"@type":"ReadAction","target":["https:\/\/blogit.lab.fi\/labfocus\/loma-asunnosta-pysyva-asunto-muuttaako-uusi-lainsaadanto-kuntien-kaytantoja\/"]}]},{"@type":"ImageObject","inLanguage":"fi","@id":"https:\/\/blogit.lab.fi\/labfocus\/loma-asunnosta-pysyva-asunto-muuttaako-uusi-lainsaadanto-kuntien-kaytantoja\/#primaryimage","url":"https:\/\/blogit.lab.fi\/labfocus\/wp-content\/uploads\/sites\/8\/2024\/02\/168_2024_Loma-asunnosta-pysyva-asunto-\u2013-muuttaako-uusi-lainsaadanto-kuntien-kaytantoja.jpg","contentUrl":"https:\/\/blogit.lab.fi\/labfocus\/wp-content\/uploads\/sites\/8\/2024\/02\/168_2024_Loma-asunnosta-pysyva-asunto-\u2013-muuttaako-uusi-lainsaadanto-kuntien-kaytantoja.jpg","width":1280,"height":640},{"@type":"BreadcrumbList","@id":"https:\/\/blogit.lab.fi\/labfocus\/loma-asunnosta-pysyva-asunto-muuttaako-uusi-lainsaadanto-kuntien-kaytantoja\/#breadcrumb","itemListElement":[{"@type":"ListItem","position":1,"name":"Home","item":"https:\/\/blogit.lab.fi\/labfocus\/"},{"@type":"ListItem","position":2,"name":"Loma-asunnosta pysyv\u00e4 asunto \u2013 muuttaako uusi lains\u00e4\u00e4d\u00e4nt\u00f6 kuntien k\u00e4yt\u00e4nt\u00f6j\u00e4?"}]},{"@type":"WebSite","@id":"https:\/\/blogit.lab.fi\/labfocus\/#website","url":"https:\/\/blogit.lab.fi\/labfocus\/","name":"LAB Focus","description":"Focus Area blog | LAB University of Applied Sciences","publisher":{"@id":"https:\/\/blogit.lab.fi\/labfocus\/#organization"},"potentialAction":[{"@type":"SearchAction","target":{"@type":"EntryPoint","urlTemplate":"https:\/\/blogit.lab.fi\/labfocus\/?s={search_term_string}"},"query-input":{"@type":"PropertyValueSpecification","valueRequired":true,"valueName":"search_term_string"}}],"inLanguage":"fi"},{"@type":"Organization","@id":"https:\/\/blogit.lab.fi\/labfocus\/#organization","name":"LAB Focus","url":"https:\/\/blogit.lab.fi\/labfocus\/","logo":{"@type":"ImageObject","inLanguage":"fi","@id":"https:\/\/blogit.lab.fi\/labfocus\/#\/schema\/logo\/image\/","url":"https:\/\/blogit.lab.fi\/labfocus\/wp-content\/uploads\/sites\/8\/2020\/04\/cropped-cropped-tunnus_blogi-01.png","contentUrl":"https:\/\/blogit.lab.fi\/labfocus\/wp-content\/uploads\/sites\/8\/2020\/04\/cropped-cropped-tunnus_blogi-01.png","width":1342,"height":288,"caption":"LAB Focus"},"image":{"@id":"https:\/\/blogit.lab.fi\/labfocus\/#\/schema\/logo\/image\/"},"sameAs":["https:\/\/x.com\/LABfinland"]},{"@type":"Person","@id":"https:\/\/blogit.lab.fi\/labfocus\/#\/schema\/person\/a88d96323a2687eb54cce42cea788799","name":"pvitie","image":{"@type":"ImageObject","inLanguage":"fi","@id":"https:\/\/secure.gravatar.com\/avatar\/c6efb3d583817a7d4044d9c74e15ee62bfc7174360a560f1ad3a04099475664a?s=96&d=mm&r=g","url":"https:\/\/secure.gravatar.com\/avatar\/c6efb3d583817a7d4044d9c74e15ee62bfc7174360a560f1ad3a04099475664a?s=96&d=mm&r=g","contentUrl":"https:\/\/secure.gravatar.com\/avatar\/c6efb3d583817a7d4044d9c74e15ee62bfc7174360a560f1ad3a04099475664a?s=96&d=mm&r=g","caption":"pvitie"},"url":"https:\/\/blogit.lab.fi\/labfocus\/author\/pvitie\/"}]}},"_links":{"self":[{"href":"https:\/\/blogit.lab.fi\/labfocus\/wp-json\/wp\/v2\/posts\/17722","targetHints":{"allow":["GET"]}}],"collection":[{"href":"https:\/\/blogit.lab.fi\/labfocus\/wp-json\/wp\/v2\/posts"}],"about":[{"href":"https:\/\/blogit.lab.fi\/labfocus\/wp-json\/wp\/v2\/types\/post"}],"author":[{"embeddable":true,"href":"https:\/\/blogit.lab.fi\/labfocus\/wp-json\/wp\/v2\/users\/23"}],"replies":[{"embeddable":true,"href":"https:\/\/blogit.lab.fi\/labfocus\/wp-json\/wp\/v2\/comments?post=17722"}],"version-history":[{"count":1,"href":"https:\/\/blogit.lab.fi\/labfocus\/wp-json\/wp\/v2\/posts\/17722\/revisions"}],"predecessor-version":[{"id":17725,"href":"https:\/\/blogit.lab.fi\/labfocus\/wp-json\/wp\/v2\/posts\/17722\/revisions\/17725"}],"wp:featuredmedia":[{"embeddable":true,"href":"https:\/\/blogit.lab.fi\/labfocus\/wp-json\/wp\/v2\/media\/17724"}],"wp:attachment":[{"href":"https:\/\/blogit.lab.fi\/labfocus\/wp-json\/wp\/v2\/media?parent=17722"}],"wp:term":[{"taxonomy":"category","embeddable":true,"href":"https:\/\/blogit.lab.fi\/labfocus\/wp-json\/wp\/v2\/categories?post=17722"},{"taxonomy":"post_tag","embeddable":true,"href":"https:\/\/blogit.lab.fi\/labfocus\/wp-json\/wp\/v2\/tags?post=17722"}],"curies":[{"name":"wp","href":"https:\/\/api.w.org\/{rel}","templated":true}]}}