{"id":18215,"date":"2024-04-08T13:56:07","date_gmt":"2024-04-08T10:56:07","guid":{"rendered":"https:\/\/blogit.lab.fi\/labfocus\/?p=18215"},"modified":"2024-04-08T13:56:55","modified_gmt":"2024-04-08T10:56:55","slug":"suuntaviivoja-tekstiili-ja-vaatealan-yritysten-digiarkeen","status":"publish","type":"post","link":"https:\/\/blogit.lab.fi\/labfocus\/suuntaviivoja-tekstiili-ja-vaatealan-yritysten-digiarkeen\/","title":{"rendered":"Suuntaviivoja tekstiili- ja vaatealan yritysten digiarkeen"},"content":{"rendered":"\n<p>Lains\u00e4\u00e4d\u00e4nn\u00f6n vaatimukset, l\u00e4pin\u00e4kyvyyden edist\u00e4minen ja muuttuva kulutuskulttuuri tuovat haasteita murroksessa olevalle tekstiili- ja vaatealalle. Yritysten digiarki voi olla varovaista peruskauraa, hallitun kaaoksen taltuttamista tai suunnitelmallista etenemist\u00e4 toimintaymp\u00e4rist\u00f6n muutokset huomioiden. Digitaalisuuden mahdollisuudet ovat kiistattomat, mutta niit\u00e4 saatetaan my\u00f6s vierastaa, vaikka t\u00e4ss\u00e4 ajassa se koskee jokaista yrityst\u00e4. Euroopan Unionin tekstiilej\u00e4 koskevassa strategiassa n\u00e4hd\u00e4\u00e4n, ett\u00e4 vihre\u00e4n ja digitaalisen siirtym\u00e4n avulla voidaan rakentaa edell\u00e4k\u00e4vijyytt\u00e4 maailmanlaajuisesti (Euroopan komissio 2022).<\/p>\n\n\n\n<p>Suomen Tekstiili ja Muodin (2023) mukaan alan yritysten ongelma ei ole teknologioiden puute, vaan digitaalisuuden tavoitteellinen hy\u00f6dynt\u00e4minen liiketoiminnan tavoitteiden saavuttamiseksi. Muotialan toimintatavat ovat syv\u00e4\u00e4n juurtuneita ja alalla tarvitaan kulttuurista muutosta ja oppimista (STJM 2023). Digitaalisuuden hallitseminen edellytt\u00e4\u00e4 yrityksilt\u00e4 digistrategian luomista tai sellaisen p\u00e4ivitt\u00e4mist\u00e4 ajan tasalle.<\/p>\n\n\n\n<h2 class=\"wp-block-heading\">Digitaalisuuden tiekartta yritysten strategiaty\u00f6n tueksi<\/h2>\n\n\n\n<p>LAB-ammattikorkeakoulun projektissa sukelletaan digitaalisuuden kokonaisuuteen tekstiili- ja vaatealalla. SADE (Sustainable and Digital Environments) \u2013 Tekstiili- ja vaatealan digistrategiatiekartta -projekti k\u00e4ynnistyi helmikuussa 2024. Projektin tavoitteena on kartoittaa yritysten nykytilaa ja tarpeita digitaalisuuden saralla, pilotoida digistrategian toteutusta ja lopulta luoda digitaalisuuden tiekartta, joka hy\u00f6dytt\u00e4\u00e4 kanta- ja p\u00e4ij\u00e4th\u00e4m\u00e4l\u00e4isi\u00e4 tekstiili- ja vaatealan yrityksi\u00e4.<\/p>\n\n\n\n<figure class=\"wp-block-image size-large\"><img loading=\"lazy\" decoding=\"async\" width=\"1024\" height=\"512\" src=\"https:\/\/blogit.lab.fi\/labfocus\/wp-content\/uploads\/sites\/8\/2024\/04\/237_2024_kuva1-1024x512.png\" alt=\"Alt: Lainaus Suomen Tekstiili ja Muodin julkaisusta: Digitalisaatio ei ole \u201dyksi koko sopii kaikille\u201d \u2013ratkaisu, se vaatii yrityksilt\u00e4 oman ainutlaatuisen strategian kehitt\u00e4mist\u00e4. \" class=\"wp-image-18216\" srcset=\"https:\/\/blogit.lab.fi\/labfocus\/wp-content\/uploads\/sites\/8\/2024\/04\/237_2024_kuva1-1024x512.png 1024w, https:\/\/blogit.lab.fi\/labfocus\/wp-content\/uploads\/sites\/8\/2024\/04\/237_2024_kuva1-300x150.png 300w, https:\/\/blogit.lab.fi\/labfocus\/wp-content\/uploads\/sites\/8\/2024\/04\/237_2024_kuva1-768x384.png 768w, https:\/\/blogit.lab.fi\/labfocus\/wp-content\/uploads\/sites\/8\/2024\/04\/237_2024_kuva1-570x285.png 570w, https:\/\/blogit.lab.fi\/labfocus\/wp-content\/uploads\/sites\/8\/2024\/04\/237_2024_kuva1.png 1281w\" sizes=\"auto, (max-width: 1024px) 100vw, 1024px\" \/><figcaption class=\"wp-element-caption\">Kuva 1. STJM on selvitt\u00e4nyt digitalisaation vaikutuksia muotialaan. (Kuva: Mervi Koistinen)<\/figcaption><\/figure>\n\n\n\n<p>Syksyll\u00e4 2024 starttaa yritysten digitaalisuuden haasteita selvitt\u00e4v\u00e4 koulutuksellinen Digi Bootcamp, joka auttaa yrityksi\u00e4 digihaasteidensa sel\u00e4tt\u00e4misess\u00e4. Digi Bootcampilla yritykset p\u00e4\u00e4sev\u00e4t kehitt\u00e4m\u00e4\u00e4n omaa digiprofiiliaan ja kilpailukyky\u00e4\u00e4n muuttuvassa maailmassa. Monialaisten asiantuntijoiden johdolla yrityksille tarjotaan ideoita ja ty\u00f6kaluja muun muassa ennakointiin sek\u00e4 asiakaskokemuksen ja digistrategian kehitt\u00e4miseen, yritysten omia tarpeita unohtamatta.<\/p>\n\n\n\n<h2 class=\"wp-block-heading\">Strategiapiloteista case-esimerkkej\u00e4 <\/h2>\n\n\n\n<p>Projektissa toteutetaan lis\u00e4ksi kahden yrityksen tarpeisiin r\u00e4\u00e4t\u00e4l\u00f6ity\u00e4 ja syv\u00e4luotaavaa Strategiapilottia, joissa pureudutaan yrityksen digitaalisen toiminnan kokonaisuuteen ja kehitet\u00e4\u00e4n valikoitua digitaalisuuteen liittyv\u00e4\u00e4 haastetta asiantuntijoiden johdolla.\u00a0Strategiapilotin tarkoituksena on luoda konkreettinen ratkaisu tukemaan pilottiyrityksen digistrategiaa.<\/p>\n\n\n\n<figure class=\"wp-block-image size-large\"><img loading=\"lazy\" decoding=\"async\" width=\"1024\" height=\"341\" src=\"https:\/\/blogit.lab.fi\/labfocus\/wp-content\/uploads\/sites\/8\/2024\/04\/237_2024_kuva2-1024x341.png\" alt=\"ALT: Aikajana syksyst\u00e4 2024 kev\u00e4\u00e4seen 2025, johon on sijoitettu Digi Bootcampin ja Strategiapilotin ajankohdat.\" class=\"wp-image-18217\" srcset=\"https:\/\/blogit.lab.fi\/labfocus\/wp-content\/uploads\/sites\/8\/2024\/04\/237_2024_kuva2-1024x341.png 1024w, https:\/\/blogit.lab.fi\/labfocus\/wp-content\/uploads\/sites\/8\/2024\/04\/237_2024_kuva2-300x100.png 300w, https:\/\/blogit.lab.fi\/labfocus\/wp-content\/uploads\/sites\/8\/2024\/04\/237_2024_kuva2-768x256.png 768w, https:\/\/blogit.lab.fi\/labfocus\/wp-content\/uploads\/sites\/8\/2024\/04\/237_2024_kuva2-1536x512.png 1536w, https:\/\/blogit.lab.fi\/labfocus\/wp-content\/uploads\/sites\/8\/2024\/04\/237_2024_kuva2-2048x683.png 2048w, https:\/\/blogit.lab.fi\/labfocus\/wp-content\/uploads\/sites\/8\/2024\/04\/237_2024_kuva2-570x190.png 570w\" sizes=\"auto, (max-width: 1024px) 100vw, 1024px\" \/><figcaption class=\"wp-element-caption\">Kuva 2. SADE-projektin toimenpiteiden aikajana. (Kuva: Mervi Koistinen)<\/figcaption><\/figure>\n\n\n\n<p>Konkreettisia tuloksia projektissa ovat pilottiyritysten kanssa kehitett\u00e4v\u00e4t kest\u00e4v\u00e4\u00e4 liiketoimintaa tukevat toimintamallit. N\u00e4m\u00e4 toimintamallit voivat liitty\u00e4 esimerkiksi digitaalisen tuotepassin kehitykseen tai haltuunottoon. \u00a0Toimenpiteiden tuloksena laaditaan alkukartoituksen sek\u00e4 ty\u00f6pajojen ja pilottien pohjalta muotoiltava digistrategian tiekartta tekstiili- ja vaatealalle, joka on erilaisten yritysten tarpeisiin skaalautuva toimintamalli digistrategian kehitt\u00e4mist\u00e4 varten.\u00a0<\/p>\n\n\n\n<p><em>SADE (Sustainable and Digital Environments) \u2013 Tekstiili- ja vaatealan digistrategiatiekartta -projekti on Euroopan unionin osarahoittama <\/em><a href=\"https:\/\/lab.fi\/fi\/projekti\/SADE\"><em>(linkki projektin nettisivuille)<\/em><\/a><em>.&nbsp;<\/em><em>&nbsp;<\/em><em><\/em><\/p>\n\n\n\n<p class=\"has-background\" style=\"background-color:#b3edfb\">Kirjoittajat<br><br><strong>Annariina Ruokamo <\/strong>ty\u00f6skentelee LAB-ammattikorkeakoulun Muotoiluinstituutissa TKI-asiantuntijana ja sivutoimisena puettavan muotoilun opettajana. H\u00e4n on ammatiltaan vaatesuunnittelija (TaM) ja on erikoistunut muoti- ja tekstiilialan vastuullisuuteen ja kiertotalouteen.<br><br><strong>Mervi Koistinen <\/strong>ty\u00f6skentelee LAB-ammattikorkeakoulun Muotoiluinstituutissa TKI-asiantuntijana. H\u00e4n on ammatiltaan muotoilija (AMK) ja ty\u00f6skentelee visuaalisen viestinn\u00e4n parissa.<\/p>\n\n\n\n<h3 class=\"wp-block-heading\">L\u00e4hteet<\/h3>\n\n\n\n<p>Euroopan Komissio. 2022. Komission tiedonanto euroopan parlamentille, neuvostolle, euroopan talous- ja sosiaalikomitealle ja alueiden komitealle. Kest\u00e4vi\u00e4 ja kiertotalouteen perustuvia tekstiilej\u00e4 koskeva EU:n strategia. Viittattu 20.03.2024. Saatavissa <a href=\"https:\/\/eur-lex.europa.eu\/resource.html?uri=cellar:9d2e47d1-b0f3-11ec-83e1-01aa75ed71a1.0008.02\/DOC_1&amp;format=PDF\">https:\/\/eur-lex.europa.eu\/resource.html?uri=cellar:9d2e47d1-b0f3-11ec-83e1-01aa75ed71a1.0008.02\/DOC_1&amp;format=PDF<\/a><\/p>\n\n\n\n<p>Suomen Tekstiili ja Muoti. 2023. Digitalisaation vaikutukset muotialaan. Viittattu 20.03.2024. Saatavissa <a href=\"https:\/\/www.stjm.fi\/wp-content\/uploads\/2023\/11\/STJM_Digi_vaik_muotialaan_taitto_v2.pdf\">https:\/\/www.stjm.fi\/wp-content\/uploads\/2023\/11\/STJM_Digi_vaik_muotialaan_taitto_v2.pdf<\/a><\/p>\n\n\n\n<h3 class=\"wp-block-heading\">Linkit<\/h3>\n\n\n\n<p>Linkki 1. LAB-ammattikorkeakoulu. 2024. SADE (Sustainable and Digital Environments) \u2013 Tekstiili- ja vaatealan digistrategiatiekartta.Viittattu 20.03.2024. Saatavissa <a href=\"https:\/\/lab.fi\/fi\/projekti\/SADE\">https:\/\/lab.fi\/fi\/projekti\/SADE<\/a><\/p>\n","protected":false},"excerpt":{"rendered":"<p>Lains\u00e4\u00e4d\u00e4nn\u00f6n vaatimukset, l\u00e4pin\u00e4kyvyyden edist\u00e4minen ja muuttuva kulutuskulttuuri tuovat haasteita murroksessa olevalle tekstiili- ja vaatealalle. Yritysten digiarki voi olla varovaista peruskauraa, hallitun kaaoksen taltuttamista tai suunnitelmallista etenemist\u00e4 toimintaymp\u00e4rist\u00f6n muutokset huomioiden. Digitaalisuuden mahdollisuudet ovat kiistattomat, mutta niit\u00e4 saatetaan my\u00f6s vierastaa, vaikka t\u00e4ss\u00e4 ajassa se koskee jokaista yrityst\u00e4. Euroopan Unionin tekstiilej\u00e4 koskevassa strategiassa n\u00e4hd\u00e4\u00e4n, ett\u00e4 vihre\u00e4n ja digitaalisen [&hellip;]<\/p>\n","protected":false},"author":9,"featured_media":18216,"comment_status":"closed","ping_status":"open","sticky":false,"template":"","format":"standard","meta":{"footnotes":""},"categories":[4297,11],"tags":[29,9013,137,494,4268],"class_list":{"0":"post-18215","1":"post","2":"type-post","3":"status-publish","4":"format-standard","5":"has-post-thumbnail","7":"category-asiakaskokemus-ja-ihmislahtoinen-muotoilu","8":"category-design_fi","9":"tag-artikkeli-e1","10":"tag-digistrategia","11":"tag-digitalisaatio","12":"tag-muoti","13":"tag-vaateala","14":"czr-hentry"},"yoast_head":"<!-- This site is optimized with the Yoast SEO plugin v27.4 - https:\/\/yoast.com\/product\/yoast-seo-wordpress\/ -->\n<title>Suuntaviivoja tekstiili- ja vaatealan yritysten digiarkeen - LAB Focus<\/title>\n<meta name=\"robots\" content=\"index, follow, max-snippet:-1, max-image-preview:large, max-video-preview:-1\" \/>\n<link rel=\"canonical\" href=\"https:\/\/blogit.lab.fi\/labfocus\/suuntaviivoja-tekstiili-ja-vaatealan-yritysten-digiarkeen\/\" \/>\n<meta property=\"og:locale\" content=\"fi_FI\" \/>\n<meta property=\"og:type\" content=\"article\" \/>\n<meta property=\"og:title\" content=\"Suuntaviivoja tekstiili- ja vaatealan yritysten digiarkeen - LAB Focus\" \/>\n<meta property=\"og:description\" content=\"Lains\u00e4\u00e4d\u00e4nn\u00f6n vaatimukset, l\u00e4pin\u00e4kyvyyden edist\u00e4minen ja muuttuva kulutuskulttuuri tuovat haasteita murroksessa olevalle tekstiili- ja vaatealalle. Yritysten digiarki voi olla varovaista peruskauraa, hallitun kaaoksen taltuttamista tai suunnitelmallista etenemist\u00e4 toimintaymp\u00e4rist\u00f6n muutokset huomioiden. Digitaalisuuden mahdollisuudet ovat kiistattomat, mutta niit\u00e4 saatetaan my\u00f6s vierastaa, vaikka t\u00e4ss\u00e4 ajassa se koskee jokaista yrityst\u00e4. Euroopan Unionin tekstiilej\u00e4 koskevassa strategiassa n\u00e4hd\u00e4\u00e4n, ett\u00e4 vihre\u00e4n ja digitaalisen [&hellip;]\" \/>\n<meta property=\"og:url\" content=\"https:\/\/blogit.lab.fi\/labfocus\/suuntaviivoja-tekstiili-ja-vaatealan-yritysten-digiarkeen\/\" \/>\n<meta property=\"og:site_name\" content=\"LAB Focus\" \/>\n<meta property=\"article:published_time\" content=\"2024-04-08T10:56:07+00:00\" \/>\n<meta property=\"article:modified_time\" content=\"2024-04-08T10:56:55+00:00\" \/>\n<meta property=\"og:image\" content=\"https:\/\/blogit.lab.fi\/labfocus\/wp-content\/uploads\/sites\/8\/2024\/04\/237_2024_kuva1.png\" \/>\n\t<meta property=\"og:image:width\" content=\"1281\" \/>\n\t<meta property=\"og:image:height\" content=\"641\" \/>\n\t<meta property=\"og:image:type\" content=\"image\/png\" \/>\n<meta name=\"author\" content=\"anniinahar\" \/>\n<meta name=\"twitter:card\" content=\"summary_large_image\" \/>\n<meta name=\"twitter:creator\" content=\"@LABfinland\" \/>\n<meta name=\"twitter:site\" content=\"@LABfinland\" \/>\n<meta name=\"twitter:label1\" content=\"Kirjoittanut\" \/>\n\t<meta name=\"twitter:data1\" content=\"anniinahar\" \/>\n\t<meta name=\"twitter:label2\" content=\"Arvioitu lukuaika\" \/>\n\t<meta name=\"twitter:data2\" content=\"4 minuuttia\" \/>\n<script type=\"application\/ld+json\" class=\"yoast-schema-graph\">{\"@context\":\"https:\\\/\\\/schema.org\",\"@graph\":[{\"@type\":\"Article\",\"@id\":\"https:\\\/\\\/blogit.lab.fi\\\/labfocus\\\/suuntaviivoja-tekstiili-ja-vaatealan-yritysten-digiarkeen\\\/#article\",\"isPartOf\":{\"@id\":\"https:\\\/\\\/blogit.lab.fi\\\/labfocus\\\/suuntaviivoja-tekstiili-ja-vaatealan-yritysten-digiarkeen\\\/\"},\"author\":{\"name\":\"anniinahar\",\"@id\":\"https:\\\/\\\/blogit.lab.fi\\\/labfocus\\\/#\\\/schema\\\/person\\\/ffd2011d171b67ec63a881aabd314a78\"},\"headline\":\"Suuntaviivoja tekstiili- ja vaatealan yritysten digiarkeen\",\"datePublished\":\"2024-04-08T10:56:07+00:00\",\"dateModified\":\"2024-04-08T10:56:55+00:00\",\"mainEntityOfPage\":{\"@id\":\"https:\\\/\\\/blogit.lab.fi\\\/labfocus\\\/suuntaviivoja-tekstiili-ja-vaatealan-yritysten-digiarkeen\\\/\"},\"wordCount\":520,\"publisher\":{\"@id\":\"https:\\\/\\\/blogit.lab.fi\\\/labfocus\\\/#organization\"},\"image\":{\"@id\":\"https:\\\/\\\/blogit.lab.fi\\\/labfocus\\\/suuntaviivoja-tekstiili-ja-vaatealan-yritysten-digiarkeen\\\/#primaryimage\"},\"thumbnailUrl\":\"https:\\\/\\\/blogit.lab.fi\\\/labfocus\\\/wp-content\\\/uploads\\\/sites\\\/8\\\/2024\\\/04\\\/237_2024_kuva1.png\",\"keywords\":[\"Artikkeli E1\",\"digistrategia\",\"digitalisaatio\",\"muoti\",\"vaateala\"],\"articleSection\":[\"Asiakaskokemus ja ihmisl\u00e4ht\u00f6inen muotoilu\",\"Design\"],\"inLanguage\":\"fi\"},{\"@type\":\"WebPage\",\"@id\":\"https:\\\/\\\/blogit.lab.fi\\\/labfocus\\\/suuntaviivoja-tekstiili-ja-vaatealan-yritysten-digiarkeen\\\/\",\"url\":\"https:\\\/\\\/blogit.lab.fi\\\/labfocus\\\/suuntaviivoja-tekstiili-ja-vaatealan-yritysten-digiarkeen\\\/\",\"name\":\"Suuntaviivoja tekstiili- ja vaatealan yritysten digiarkeen - LAB Focus\",\"isPartOf\":{\"@id\":\"https:\\\/\\\/blogit.lab.fi\\\/labfocus\\\/#website\"},\"primaryImageOfPage\":{\"@id\":\"https:\\\/\\\/blogit.lab.fi\\\/labfocus\\\/suuntaviivoja-tekstiili-ja-vaatealan-yritysten-digiarkeen\\\/#primaryimage\"},\"image\":{\"@id\":\"https:\\\/\\\/blogit.lab.fi\\\/labfocus\\\/suuntaviivoja-tekstiili-ja-vaatealan-yritysten-digiarkeen\\\/#primaryimage\"},\"thumbnailUrl\":\"https:\\\/\\\/blogit.lab.fi\\\/labfocus\\\/wp-content\\\/uploads\\\/sites\\\/8\\\/2024\\\/04\\\/237_2024_kuva1.png\",\"datePublished\":\"2024-04-08T10:56:07+00:00\",\"dateModified\":\"2024-04-08T10:56:55+00:00\",\"breadcrumb\":{\"@id\":\"https:\\\/\\\/blogit.lab.fi\\\/labfocus\\\/suuntaviivoja-tekstiili-ja-vaatealan-yritysten-digiarkeen\\\/#breadcrumb\"},\"inLanguage\":\"fi\",\"potentialAction\":[{\"@type\":\"ReadAction\",\"target\":[\"https:\\\/\\\/blogit.lab.fi\\\/labfocus\\\/suuntaviivoja-tekstiili-ja-vaatealan-yritysten-digiarkeen\\\/\"]}]},{\"@type\":\"ImageObject\",\"inLanguage\":\"fi\",\"@id\":\"https:\\\/\\\/blogit.lab.fi\\\/labfocus\\\/suuntaviivoja-tekstiili-ja-vaatealan-yritysten-digiarkeen\\\/#primaryimage\",\"url\":\"https:\\\/\\\/blogit.lab.fi\\\/labfocus\\\/wp-content\\\/uploads\\\/sites\\\/8\\\/2024\\\/04\\\/237_2024_kuva1.png\",\"contentUrl\":\"https:\\\/\\\/blogit.lab.fi\\\/labfocus\\\/wp-content\\\/uploads\\\/sites\\\/8\\\/2024\\\/04\\\/237_2024_kuva1.png\",\"width\":1281,\"height\":641},{\"@type\":\"BreadcrumbList\",\"@id\":\"https:\\\/\\\/blogit.lab.fi\\\/labfocus\\\/suuntaviivoja-tekstiili-ja-vaatealan-yritysten-digiarkeen\\\/#breadcrumb\",\"itemListElement\":[{\"@type\":\"ListItem\",\"position\":1,\"name\":\"Home\",\"item\":\"https:\\\/\\\/blogit.lab.fi\\\/labfocus\\\/\"},{\"@type\":\"ListItem\",\"position\":2,\"name\":\"Suuntaviivoja tekstiili- ja vaatealan yritysten digiarkeen\"}]},{\"@type\":\"WebSite\",\"@id\":\"https:\\\/\\\/blogit.lab.fi\\\/labfocus\\\/#website\",\"url\":\"https:\\\/\\\/blogit.lab.fi\\\/labfocus\\\/\",\"name\":\"LAB Focus\",\"description\":\"Focus Area blog | LAB University of Applied Sciences\",\"publisher\":{\"@id\":\"https:\\\/\\\/blogit.lab.fi\\\/labfocus\\\/#organization\"},\"potentialAction\":[{\"@type\":\"SearchAction\",\"target\":{\"@type\":\"EntryPoint\",\"urlTemplate\":\"https:\\\/\\\/blogit.lab.fi\\\/labfocus\\\/?s={search_term_string}\"},\"query-input\":{\"@type\":\"PropertyValueSpecification\",\"valueRequired\":true,\"valueName\":\"search_term_string\"}}],\"inLanguage\":\"fi\"},{\"@type\":\"Organization\",\"@id\":\"https:\\\/\\\/blogit.lab.fi\\\/labfocus\\\/#organization\",\"name\":\"LAB Focus\",\"url\":\"https:\\\/\\\/blogit.lab.fi\\\/labfocus\\\/\",\"logo\":{\"@type\":\"ImageObject\",\"inLanguage\":\"fi\",\"@id\":\"https:\\\/\\\/blogit.lab.fi\\\/labfocus\\\/#\\\/schema\\\/logo\\\/image\\\/\",\"url\":\"https:\\\/\\\/blogit.lab.fi\\\/labfocus\\\/wp-content\\\/uploads\\\/sites\\\/8\\\/2020\\\/04\\\/cropped-cropped-tunnus_blogi-01.png\",\"contentUrl\":\"https:\\\/\\\/blogit.lab.fi\\\/labfocus\\\/wp-content\\\/uploads\\\/sites\\\/8\\\/2020\\\/04\\\/cropped-cropped-tunnus_blogi-01.png\",\"width\":1342,\"height\":288,\"caption\":\"LAB Focus\"},\"image\":{\"@id\":\"https:\\\/\\\/blogit.lab.fi\\\/labfocus\\\/#\\\/schema\\\/logo\\\/image\\\/\"},\"sameAs\":[\"https:\\\/\\\/x.com\\\/LABfinland\"]},{\"@type\":\"Person\",\"@id\":\"https:\\\/\\\/blogit.lab.fi\\\/labfocus\\\/#\\\/schema\\\/person\\\/ffd2011d171b67ec63a881aabd314a78\",\"name\":\"anniinahar\",\"image\":{\"@type\":\"ImageObject\",\"inLanguage\":\"fi\",\"@id\":\"https:\\\/\\\/secure.gravatar.com\\\/avatar\\\/a3f0fc52bbe429cfd5795e4b2039590fcb0d61a1dad5f14a308893d1b49ed80e?s=96&d=mm&r=g\",\"url\":\"https:\\\/\\\/secure.gravatar.com\\\/avatar\\\/a3f0fc52bbe429cfd5795e4b2039590fcb0d61a1dad5f14a308893d1b49ed80e?s=96&d=mm&r=g\",\"contentUrl\":\"https:\\\/\\\/secure.gravatar.com\\\/avatar\\\/a3f0fc52bbe429cfd5795e4b2039590fcb0d61a1dad5f14a308893d1b49ed80e?s=96&d=mm&r=g\",\"caption\":\"anniinahar\"},\"url\":\"https:\\\/\\\/blogit.lab.fi\\\/labfocus\\\/author\\\/anniinahar\\\/\"}]}<\/script>\n<!-- \/ Yoast SEO plugin. -->","yoast_head_json":{"title":"Suuntaviivoja tekstiili- ja vaatealan yritysten digiarkeen - LAB Focus","robots":{"index":"index","follow":"follow","max-snippet":"max-snippet:-1","max-image-preview":"max-image-preview:large","max-video-preview":"max-video-preview:-1"},"canonical":"https:\/\/blogit.lab.fi\/labfocus\/suuntaviivoja-tekstiili-ja-vaatealan-yritysten-digiarkeen\/","og_locale":"fi_FI","og_type":"article","og_title":"Suuntaviivoja tekstiili- ja vaatealan yritysten digiarkeen - LAB Focus","og_description":"Lains\u00e4\u00e4d\u00e4nn\u00f6n vaatimukset, l\u00e4pin\u00e4kyvyyden edist\u00e4minen ja muuttuva kulutuskulttuuri tuovat haasteita murroksessa olevalle tekstiili- ja vaatealalle. Yritysten digiarki voi olla varovaista peruskauraa, hallitun kaaoksen taltuttamista tai suunnitelmallista etenemist\u00e4 toimintaymp\u00e4rist\u00f6n muutokset huomioiden. Digitaalisuuden mahdollisuudet ovat kiistattomat, mutta niit\u00e4 saatetaan my\u00f6s vierastaa, vaikka t\u00e4ss\u00e4 ajassa se koskee jokaista yrityst\u00e4. Euroopan Unionin tekstiilej\u00e4 koskevassa strategiassa n\u00e4hd\u00e4\u00e4n, ett\u00e4 vihre\u00e4n ja digitaalisen [&hellip;]","og_url":"https:\/\/blogit.lab.fi\/labfocus\/suuntaviivoja-tekstiili-ja-vaatealan-yritysten-digiarkeen\/","og_site_name":"LAB Focus","article_published_time":"2024-04-08T10:56:07+00:00","article_modified_time":"2024-04-08T10:56:55+00:00","og_image":[{"width":1281,"height":641,"url":"https:\/\/blogit.lab.fi\/labfocus\/wp-content\/uploads\/sites\/8\/2024\/04\/237_2024_kuva1.png","type":"image\/png"}],"author":"anniinahar","twitter_card":"summary_large_image","twitter_creator":"@LABfinland","twitter_site":"@LABfinland","twitter_misc":{"Kirjoittanut":"anniinahar","Arvioitu lukuaika":"4 minuuttia"},"schema":{"@context":"https:\/\/schema.org","@graph":[{"@type":"Article","@id":"https:\/\/blogit.lab.fi\/labfocus\/suuntaviivoja-tekstiili-ja-vaatealan-yritysten-digiarkeen\/#article","isPartOf":{"@id":"https:\/\/blogit.lab.fi\/labfocus\/suuntaviivoja-tekstiili-ja-vaatealan-yritysten-digiarkeen\/"},"author":{"name":"anniinahar","@id":"https:\/\/blogit.lab.fi\/labfocus\/#\/schema\/person\/ffd2011d171b67ec63a881aabd314a78"},"headline":"Suuntaviivoja tekstiili- ja vaatealan yritysten digiarkeen","datePublished":"2024-04-08T10:56:07+00:00","dateModified":"2024-04-08T10:56:55+00:00","mainEntityOfPage":{"@id":"https:\/\/blogit.lab.fi\/labfocus\/suuntaviivoja-tekstiili-ja-vaatealan-yritysten-digiarkeen\/"},"wordCount":520,"publisher":{"@id":"https:\/\/blogit.lab.fi\/labfocus\/#organization"},"image":{"@id":"https:\/\/blogit.lab.fi\/labfocus\/suuntaviivoja-tekstiili-ja-vaatealan-yritysten-digiarkeen\/#primaryimage"},"thumbnailUrl":"https:\/\/blogit.lab.fi\/labfocus\/wp-content\/uploads\/sites\/8\/2024\/04\/237_2024_kuva1.png","keywords":["Artikkeli E1","digistrategia","digitalisaatio","muoti","vaateala"],"articleSection":["Asiakaskokemus ja ihmisl\u00e4ht\u00f6inen muotoilu","Design"],"inLanguage":"fi"},{"@type":"WebPage","@id":"https:\/\/blogit.lab.fi\/labfocus\/suuntaviivoja-tekstiili-ja-vaatealan-yritysten-digiarkeen\/","url":"https:\/\/blogit.lab.fi\/labfocus\/suuntaviivoja-tekstiili-ja-vaatealan-yritysten-digiarkeen\/","name":"Suuntaviivoja tekstiili- ja vaatealan yritysten digiarkeen - LAB Focus","isPartOf":{"@id":"https:\/\/blogit.lab.fi\/labfocus\/#website"},"primaryImageOfPage":{"@id":"https:\/\/blogit.lab.fi\/labfocus\/suuntaviivoja-tekstiili-ja-vaatealan-yritysten-digiarkeen\/#primaryimage"},"image":{"@id":"https:\/\/blogit.lab.fi\/labfocus\/suuntaviivoja-tekstiili-ja-vaatealan-yritysten-digiarkeen\/#primaryimage"},"thumbnailUrl":"https:\/\/blogit.lab.fi\/labfocus\/wp-content\/uploads\/sites\/8\/2024\/04\/237_2024_kuva1.png","datePublished":"2024-04-08T10:56:07+00:00","dateModified":"2024-04-08T10:56:55+00:00","breadcrumb":{"@id":"https:\/\/blogit.lab.fi\/labfocus\/suuntaviivoja-tekstiili-ja-vaatealan-yritysten-digiarkeen\/#breadcrumb"},"inLanguage":"fi","potentialAction":[{"@type":"ReadAction","target":["https:\/\/blogit.lab.fi\/labfocus\/suuntaviivoja-tekstiili-ja-vaatealan-yritysten-digiarkeen\/"]}]},{"@type":"ImageObject","inLanguage":"fi","@id":"https:\/\/blogit.lab.fi\/labfocus\/suuntaviivoja-tekstiili-ja-vaatealan-yritysten-digiarkeen\/#primaryimage","url":"https:\/\/blogit.lab.fi\/labfocus\/wp-content\/uploads\/sites\/8\/2024\/04\/237_2024_kuva1.png","contentUrl":"https:\/\/blogit.lab.fi\/labfocus\/wp-content\/uploads\/sites\/8\/2024\/04\/237_2024_kuva1.png","width":1281,"height":641},{"@type":"BreadcrumbList","@id":"https:\/\/blogit.lab.fi\/labfocus\/suuntaviivoja-tekstiili-ja-vaatealan-yritysten-digiarkeen\/#breadcrumb","itemListElement":[{"@type":"ListItem","position":1,"name":"Home","item":"https:\/\/blogit.lab.fi\/labfocus\/"},{"@type":"ListItem","position":2,"name":"Suuntaviivoja tekstiili- ja vaatealan yritysten digiarkeen"}]},{"@type":"WebSite","@id":"https:\/\/blogit.lab.fi\/labfocus\/#website","url":"https:\/\/blogit.lab.fi\/labfocus\/","name":"LAB Focus","description":"Focus Area blog | LAB University of Applied Sciences","publisher":{"@id":"https:\/\/blogit.lab.fi\/labfocus\/#organization"},"potentialAction":[{"@type":"SearchAction","target":{"@type":"EntryPoint","urlTemplate":"https:\/\/blogit.lab.fi\/labfocus\/?s={search_term_string}"},"query-input":{"@type":"PropertyValueSpecification","valueRequired":true,"valueName":"search_term_string"}}],"inLanguage":"fi"},{"@type":"Organization","@id":"https:\/\/blogit.lab.fi\/labfocus\/#organization","name":"LAB Focus","url":"https:\/\/blogit.lab.fi\/labfocus\/","logo":{"@type":"ImageObject","inLanguage":"fi","@id":"https:\/\/blogit.lab.fi\/labfocus\/#\/schema\/logo\/image\/","url":"https:\/\/blogit.lab.fi\/labfocus\/wp-content\/uploads\/sites\/8\/2020\/04\/cropped-cropped-tunnus_blogi-01.png","contentUrl":"https:\/\/blogit.lab.fi\/labfocus\/wp-content\/uploads\/sites\/8\/2020\/04\/cropped-cropped-tunnus_blogi-01.png","width":1342,"height":288,"caption":"LAB Focus"},"image":{"@id":"https:\/\/blogit.lab.fi\/labfocus\/#\/schema\/logo\/image\/"},"sameAs":["https:\/\/x.com\/LABfinland"]},{"@type":"Person","@id":"https:\/\/blogit.lab.fi\/labfocus\/#\/schema\/person\/ffd2011d171b67ec63a881aabd314a78","name":"anniinahar","image":{"@type":"ImageObject","inLanguage":"fi","@id":"https:\/\/secure.gravatar.com\/avatar\/a3f0fc52bbe429cfd5795e4b2039590fcb0d61a1dad5f14a308893d1b49ed80e?s=96&d=mm&r=g","url":"https:\/\/secure.gravatar.com\/avatar\/a3f0fc52bbe429cfd5795e4b2039590fcb0d61a1dad5f14a308893d1b49ed80e?s=96&d=mm&r=g","contentUrl":"https:\/\/secure.gravatar.com\/avatar\/a3f0fc52bbe429cfd5795e4b2039590fcb0d61a1dad5f14a308893d1b49ed80e?s=96&d=mm&r=g","caption":"anniinahar"},"url":"https:\/\/blogit.lab.fi\/labfocus\/author\/anniinahar\/"}]}},"_links":{"self":[{"href":"https:\/\/blogit.lab.fi\/labfocus\/wp-json\/wp\/v2\/posts\/18215","targetHints":{"allow":["GET"]}}],"collection":[{"href":"https:\/\/blogit.lab.fi\/labfocus\/wp-json\/wp\/v2\/posts"}],"about":[{"href":"https:\/\/blogit.lab.fi\/labfocus\/wp-json\/wp\/v2\/types\/post"}],"author":[{"embeddable":true,"href":"https:\/\/blogit.lab.fi\/labfocus\/wp-json\/wp\/v2\/users\/9"}],"replies":[{"embeddable":true,"href":"https:\/\/blogit.lab.fi\/labfocus\/wp-json\/wp\/v2\/comments?post=18215"}],"version-history":[{"count":1,"href":"https:\/\/blogit.lab.fi\/labfocus\/wp-json\/wp\/v2\/posts\/18215\/revisions"}],"predecessor-version":[{"id":18218,"href":"https:\/\/blogit.lab.fi\/labfocus\/wp-json\/wp\/v2\/posts\/18215\/revisions\/18218"}],"wp:featuredmedia":[{"embeddable":true,"href":"https:\/\/blogit.lab.fi\/labfocus\/wp-json\/wp\/v2\/media\/18216"}],"wp:attachment":[{"href":"https:\/\/blogit.lab.fi\/labfocus\/wp-json\/wp\/v2\/media?parent=18215"}],"wp:term":[{"taxonomy":"category","embeddable":true,"href":"https:\/\/blogit.lab.fi\/labfocus\/wp-json\/wp\/v2\/categories?post=18215"},{"taxonomy":"post_tag","embeddable":true,"href":"https:\/\/blogit.lab.fi\/labfocus\/wp-json\/wp\/v2\/tags?post=18215"}],"curies":[{"name":"wp","href":"https:\/\/api.w.org\/{rel}","templated":true}]}}