{"id":18479,"date":"2024-04-22T09:06:34","date_gmt":"2024-04-22T06:06:34","guid":{"rendered":"https:\/\/blogit.lab.fi\/labfocus\/?p=18479"},"modified":"2024-04-22T09:06:35","modified_gmt":"2024-04-22T06:06:35","slug":"synnytysvakivallan-torjunta-on-ihmisoikeuskysymys","status":"publish","type":"post","link":"https:\/\/blogit.lab.fi\/labfocus\/synnytysvakivallan-torjunta-on-ihmisoikeuskysymys\/","title":{"rendered":"Synnytysv\u00e4kivallan torjunta on ihmisoikeuskysymys"},"content":{"rendered":"\n<p>Synnytysv\u00e4kivalta tuntuu nousseen kuluneiden vuosien aikana yh\u00e4 enemm\u00e4n pinnalle synnytt\u00e4vien jakaessa kokemuksiaan aikaisempaa laajemmin internetin ja sosiaalisen median v\u00e4lityksell\u00e4. Synnytysv\u00e4kivalta viittaa tilanteeseen, jossa synnytyksen yhteydess\u00e4 synnytt\u00e4v\u00e4n itsem\u00e4\u00e4r\u00e4\u00e4misoikeutta ja ihmisoikeuksia loukataan fyysisell\u00e4, psyykkisell\u00e4 tai emotionaalisella tasolla (M\u00e4kel\u00e4 ym. 2021). &nbsp;Vaikka suurelle osalle j\u00e4\u00e4 synnytyksest\u00e4 positiivinen kokemus, niin negatiiviset synnytyskokemukset j\u00e4tt\u00e4v\u00e4t trauman, joka voi \u00e4\u00e4rimm\u00e4isiss\u00e4 tapauksissa oireilla traumaper\u00e4isen\u00e4 stressih\u00e4iri\u00f6n\u00e4 (PTSD) synnytyksen j\u00e4lkeen. On t\u00e4rke\u00e4 muistaa, ett\u00e4 PTSD voi ilmet\u00e4, vaikka synnytys olisi onnistunut ilman komplikaatioita eik\u00e4 synnytysv\u00e4kivaltaa olisi koettu. (M\u00e4kel\u00e4 ym. 2021.)<\/p>\n\n\n\n<h2 class=\"wp-block-heading\">Kuinka tunnistaa synnytysv\u00e4kivalta<\/h2>\n\n\n\n<p>Synnytysv\u00e4kivalta k\u00e4sitteen\u00e4 miellet\u00e4\u00e4n usein tapahtuvaksi kehittyviss\u00e4 maissa, joissa ei ole yht\u00e4 edistynytt\u00e4 ja kattavaa terveydenhuoltoa kuin Suomessa. Ajatellaan, ett\u00e4 terveydenalan ammattilaisten matalampi koulutustaso ja puutteelliset resurssit altistavat synnytysv\u00e4kivallalle. Kuitenkin synnytysv\u00e4kivaltaa tapahtuu \u00e4itiyshuollossa p\u00e4ivitt\u00e4in, ymp\u00e4ri maailman, mutta tilanteet ehk\u00e4 ilmenev\u00e4t hienovaraisemmin ja ovat vaikeammin tunnistettavia. (Sandstr\u00f6m 2023.)<\/p>\n\n\n\n<p>Jotta synnytysv\u00e4kivaltaa voidaan ehk\u00e4ist\u00e4, se pit\u00e4\u00e4 osata tunnistaa. Sandstr\u00f6m viittaa teoksessaan englantilaisen v\u00e4it\u00f6skirjatutkijan Anna-Marie Madeley (The Open University) tutkimukseen, jonka mukaan synnytysv\u00e4kivalta voi ilmet\u00e4 painostuksena l\u00e4\u00e4ketieteellisiin toimenpiteisiin ja hoitoihin, synnytt\u00e4v\u00e4n p\u00e4\u00e4t\u00f6sten sivuuttamisena tai h\u00e4nen toiveidensa ja tarpeidensa huomiotta j\u00e4tt\u00e4misen\u00e4, sek\u00e4 liiallisena kovakouraisuutena tutkimuksia tehdess\u00e4. (Sandstr\u00f6m 2023.) Synnytt\u00e4j\u00e4lt\u00e4 voidaan ev\u00e4t\u00e4 hyv\u00e4 vuorovaikutus ja riitt\u00e4v\u00e4 informointi tilanteissa, joka aiheuttaa ahdistusta ja ep\u00e4varmuutta. (Str\u00f6mberg 2021). Kuten muukin v\u00e4kivalta, synnytysv\u00e4kivalta voi siis ilmet\u00e4 fyysisen\u00e4, henkisen\u00e4 ja psyykkisen\u00e4 v\u00e4kivaltana (Ruonela ym. 2021).<\/p>\n\n\n\n<figure class=\"wp-block-image size-large\"><img loading=\"lazy\" decoding=\"async\" width=\"1024\" height=\"572\" src=\"https:\/\/blogit.lab.fi\/labfocus\/wp-content\/uploads\/sites\/8\/2024\/04\/295_2024_Synnytysvakivallan-torjunta-on-ihmisoikeuskysymys-1024x572.jpg\" alt=\"\" class=\"wp-image-18481\" srcset=\"https:\/\/blogit.lab.fi\/labfocus\/wp-content\/uploads\/sites\/8\/2024\/04\/295_2024_Synnytysvakivallan-torjunta-on-ihmisoikeuskysymys-1024x572.jpg 1024w, https:\/\/blogit.lab.fi\/labfocus\/wp-content\/uploads\/sites\/8\/2024\/04\/295_2024_Synnytysvakivallan-torjunta-on-ihmisoikeuskysymys-300x168.jpg 300w, https:\/\/blogit.lab.fi\/labfocus\/wp-content\/uploads\/sites\/8\/2024\/04\/295_2024_Synnytysvakivallan-torjunta-on-ihmisoikeuskysymys-768x429.jpg 768w, https:\/\/blogit.lab.fi\/labfocus\/wp-content\/uploads\/sites\/8\/2024\/04\/295_2024_Synnytysvakivallan-torjunta-on-ihmisoikeuskysymys-570x318.jpg 570w, https:\/\/blogit.lab.fi\/labfocus\/wp-content\/uploads\/sites\/8\/2024\/04\/295_2024_Synnytysvakivallan-torjunta-on-ihmisoikeuskysymys.jpg 1280w\" sizes=\"auto, (max-width: 1024px) 100vw, 1024px\" \/><figcaption class=\"wp-element-caption\">Kuva 1. Terveydenhoitajan rooli raskauden aikana on t\u00e4rke\u00e4; terveydenhoitajalta odottaja saa esimerkiksi tietoa synnytyksen kivunlievitysmenetelmist\u00e4. \u00a0(Choi 2017)<\/figcaption><\/figure>\n\n\n\n<h2 class=\"wp-block-heading\">Terveydenhuollon ammattilaisten n\u00e4k\u00f6kulma<\/h2>\n\n\n\n<p>Synnytysv\u00e4kivallan ymm\u00e4rt\u00e4minen terveydenhuollon ammattilaisena on t\u00e4rke\u00e4\u00e4 ennaltaehk\u00e4isyn ja kattavan tuen tarjoamisen kannalta. (Sandstr\u00f6m 2023.) Terveydenhoitajana neuvolassa ennaltaehk\u00e4isev\u00e4 ty\u00f6 on avainasemassa. Terveydenhoitajan tulee tarjota tietoa synnytykseen liittyvist\u00e4 asioista, kuten erilaisista kivunlievitysmenetelmist\u00e4. Synnytystoivelista auttaa hahmottamaan synnytt\u00e4j\u00e4n omia toiveita synnytyksest\u00e4 ja vahvistaa odottajan itsevarmuutta synnytykseen liittyen. K\u00e4til\u00f6 rakentaa luottamusta synnytt\u00e4j\u00e4n kanssa, tarjoaa tukea ja turvaa sek\u00e4 opastusta synnytyksess\u00e4.<\/p>\n\n\n\n<p>Synnytyksen ollessa jokaiselle henkil\u00f6kohtainen ainutlaatuinen kokemus hyv\u00e4 k\u00e4til\u00f6 toimii ammattitaitoisesti samalla kohdaten jokaisen synnytt\u00e4j\u00e4n yksil\u00f6n\u00e4. (Str\u00f6mberg 2021.) Synnytyskokemuksen kartoittaminen j\u00e4lkik\u00e4teen k\u00e4til\u00f6n avulla sek\u00e4 my\u00f6hemmin neuvolassa auttaa synnytt\u00e4j\u00e4\u00e4 k\u00e4sittelem\u00e4\u00e4n synnytyst\u00e4 kokonaisuutena ja ammattilaisia tunnistamaan trauman. (Duodecim 2013.) Terveydenhuollon ammattilaisena t\u00e4ytyy ymm\u00e4rt\u00e4\u00e4, ett\u00e4 menetetty\u00e4 luottamusta voi olla hankala saada takaisin, joten on teht\u00e4v\u00e4 parhaansa sen vaalimisessa.<\/p>\n\n\n\n<div class=\"wp-block-group\"><div class=\"wp-block-group__inner-container is-layout-constrained wp-block-group-is-layout-constrained\">\n<div class=\"wp-block-group has-background\" style=\"background-color:#b3edfb\"><div class=\"wp-block-group__inner-container is-layout-constrained wp-block-group-is-layout-constrained\">\n<p>Kirjoittajat<\/p>\n\n\n\n<p><strong>Nanna Vaara<\/strong> on nelj\u00e4nnen vuoden terveydenhoitajaopiskelija LAB-ammattikorkeakoulussa. Kirjoitus kuuluu osaksi Human Rights in Social Work and Health Care HTW Saar -intensiiviviikkoa.<\/p>\n\n\n\n<p><strong>Teija Maukonen<\/strong> on LAB-ammattikorkeakoulun hoitoty\u00f6n lehtori, joka on ty\u00f6skennellyt aiemmin k\u00e4til\u00f6n\u00e4.<\/p>\n<\/div><\/div>\n<\/div><\/div>\n\n\n\n<h2 class=\"wp-block-heading\">L\u00e4hteet<\/h2>\n\n\n\n<p>Choi, S. 2017. Person holding belly. Unsplash. Viitattu 15.4.2024. Saatavissa <a href=\"https:\/\/unsplash.com\/photos\/person-holding-belly-photo-NIZeg731LxM\">https:\/\/unsplash.com\/photos\/person-holding-belly-photo-NIZeg731LxM<\/a><\/p>\n\n\n\n<p>Duodecim. 2021. Traumaattisesta synnytyksest\u00e4 toipuminen. Viitattu 4.3.2024. Saatavissa <a href=\"https:\/\/www.duodecimlehti.fi\/duo16006\">https:\/\/www.duodecimlehti.fi\/duo16006<\/a><\/p>\n\n\n\n<p>Duodecim. 2013. Synnytyspelko. Viitattu 7.3.2024. Saatavissa <a href=\"https:\/\/www.duodecimlehti.fi\/lehti\/2013\/5\/duo10849#s4\">https:\/\/www.duodecimlehti.fi\/lehti\/2013\/5\/duo10849#s4<\/a><\/p>\n\n\n\n<p>Ruonela, H. Tuomainen, A. Vasama, J. 2021. Synnytysv\u00e4kivalta. Opinn\u00e4ytety\u00f6. Metropolia ammattikorkeakoulu. Viitattu 4.3.2024. Saatavissa <a href=\"https:\/\/www.theseus.fi\/bitstream\/handle\/10024\/494304\/Ruonela_Hanna_Tuomainen_Aino_Vasama_Johanna.pdf?sequence=2&amp;isAllowed=y\">https:\/\/www.theseus.fi\/bitstream\/handle\/10024\/494304\/Ruonela_Hanna_Tuomainen_Aino_Vasama_Johanna.pdf?sequence=2&amp;isAllowed=y<\/a><\/p>\n\n\n\n<p>Sandstr\u00f6m, L. 2023. Synnytt\u00e4j\u00e4n oikeudet ja hoidon yksil\u00f6llisyys. K\u00e4til\u00f6lehti. 12\u201316. Viitattu 4.3.2024. Saatavissa <a href=\"https:\/\/trepo.tuni.fi\/bitstream\/handle\/10024\/150142\/Synnytt_j_n_oikeudet_ja_hoidon_yksil_llisyys.pdf?sequence=1\">https:\/\/trepo.tuni.fi\/bitstream\/handle\/10024\/150142\/Synnytt_j_n_oikeudet_ja_hoidon_yksil_llisyys.pdf?sequence=1<\/a><\/p>\n\n\n\n<p>Str\u00f6mberg, M. 2021. \u00c4itien kokemuksia synnytysv\u00e4kivallasta Suomessa. Opinn\u00e4ytety\u00f6. Metropolia ammattikorkeakoulu, hoitoty\u00f6, k\u00e4til\u00f6ty\u00f6n tutkinto-ohjelma. Viitattu 7.3.2024. Saatavissa <a href=\"https:\/\/www.theseus.fi\/bitstream\/handle\/10024\/353795\/Str%c3%b6mberg_Zoho.pdf?sequence=2&amp;isAllowed=y\">https:\/\/www.theseus.fi\/bitstream\/handle\/10024\/353795\/Str%c3%b6mberg_Zoho.pdf?sequence=2&amp;isAllowed=y<\/a><\/p>\n","protected":false},"excerpt":{"rendered":"<p>Synnytysv\u00e4kivalta tuntuu nousseen kuluneiden vuosien aikana yh\u00e4 enemm\u00e4n pinnalle synnytt\u00e4vien jakaessa kokemuksiaan aikaisempaa laajemmin internetin ja sosiaalisen median v\u00e4lityksell\u00e4. Synnytysv\u00e4kivalta viittaa tilanteeseen, jossa synnytyksen yhteydess\u00e4 synnytt\u00e4v\u00e4n itsem\u00e4\u00e4r\u00e4\u00e4misoikeutta ja ihmisoikeuksia loukataan fyysisell\u00e4, psyykkisell\u00e4 tai emotionaalisella tasolla (M\u00e4kel\u00e4 ym. 2021). &nbsp;Vaikka suurelle osalle j\u00e4\u00e4 synnytyksest\u00e4 positiivinen kokemus, niin negatiiviset synnytyskokemukset j\u00e4tt\u00e4v\u00e4t trauman, joka voi \u00e4\u00e4rimm\u00e4isiss\u00e4 tapauksissa oireilla [&hellip;]<\/p>\n","protected":false},"author":17,"featured_media":18481,"comment_status":"closed","ping_status":"open","sticky":false,"template":"","format":"standard","meta":{"footnotes":""},"categories":[15],"tags":[9144,29,5247,1348,9142],"class_list":{"0":"post-18479","1":"post","2":"type-post","3":"status-publish","4":"format-standard","5":"has-post-thumbnail","7":"category-health_fi","8":"tag-aitiyshuolto","9":"tag-artikkeli-e1","10":"tag-ihmisoikeudet","11":"tag-raskaus","12":"tag-synnytysvakivalta","13":"czr-hentry"},"yoast_head":"<!-- This site is optimized with the Yoast SEO plugin v27.4 - https:\/\/yoast.com\/product\/yoast-seo-wordpress\/ -->\n<title>Synnytysv\u00e4kivallan torjunta on ihmisoikeuskysymys - LAB Focus<\/title>\n<meta name=\"description\" content=\"Synnytysv\u00e4kivaltaa voidaan ehk\u00e4ist\u00e4 ennalta, ja raskauden aikana terveydenhoitaja on t\u00e4rke\u00e4ss\u00e4 roolissa.\" \/>\n<meta name=\"robots\" content=\"index, follow, max-snippet:-1, max-image-preview:large, max-video-preview:-1\" \/>\n<link rel=\"canonical\" href=\"https:\/\/blogit.lab.fi\/labfocus\/synnytysvakivallan-torjunta-on-ihmisoikeuskysymys\/\" \/>\n<meta property=\"og:locale\" content=\"fi_FI\" \/>\n<meta property=\"og:type\" content=\"article\" \/>\n<meta property=\"og:title\" content=\"Synnytysv\u00e4kivallan torjunta on ihmisoikeuskysymys - LAB Focus\" \/>\n<meta property=\"og:description\" content=\"Synnytysv\u00e4kivaltaa voidaan ehk\u00e4ist\u00e4 ennalta, ja raskauden aikana terveydenhoitaja on t\u00e4rke\u00e4ss\u00e4 roolissa.\" \/>\n<meta property=\"og:url\" content=\"https:\/\/blogit.lab.fi\/labfocus\/synnytysvakivallan-torjunta-on-ihmisoikeuskysymys\/\" \/>\n<meta property=\"og:site_name\" content=\"LAB Focus\" \/>\n<meta property=\"article:published_time\" content=\"2024-04-22T06:06:34+00:00\" \/>\n<meta property=\"article:modified_time\" content=\"2024-04-22T06:06:35+00:00\" \/>\n<meta property=\"og:image\" content=\"https:\/\/blogit.lab.fi\/labfocus\/wp-content\/uploads\/sites\/8\/2024\/04\/295_2024_Synnytysvakivallan-torjunta-on-ihmisoikeuskysymys.jpg\" \/>\n\t<meta property=\"og:image:width\" content=\"1280\" \/>\n\t<meta property=\"og:image:height\" content=\"715\" \/>\n\t<meta property=\"og:image:type\" content=\"image\/jpeg\" \/>\n<meta name=\"author\" content=\"tainask\" \/>\n<meta name=\"twitter:card\" content=\"summary_large_image\" \/>\n<meta name=\"twitter:creator\" content=\"@LABfinland\" \/>\n<meta name=\"twitter:site\" content=\"@LABfinland\" \/>\n<meta name=\"twitter:label1\" content=\"Kirjoittanut\" \/>\n\t<meta name=\"twitter:data1\" content=\"tainask\" \/>\n\t<meta name=\"twitter:label2\" content=\"Arvioitu lukuaika\" \/>\n\t<meta name=\"twitter:data2\" content=\"4 minuuttia\" \/>\n<script type=\"application\/ld+json\" class=\"yoast-schema-graph\">{\"@context\":\"https:\\\/\\\/schema.org\",\"@graph\":[{\"@type\":\"Article\",\"@id\":\"https:\\\/\\\/blogit.lab.fi\\\/labfocus\\\/synnytysvakivallan-torjunta-on-ihmisoikeuskysymys\\\/#article\",\"isPartOf\":{\"@id\":\"https:\\\/\\\/blogit.lab.fi\\\/labfocus\\\/synnytysvakivallan-torjunta-on-ihmisoikeuskysymys\\\/\"},\"author\":{\"name\":\"tainask\",\"@id\":\"https:\\\/\\\/blogit.lab.fi\\\/labfocus\\\/#\\\/schema\\\/person\\\/da729f65c4a2fb9fd8f0b1ec7a2ab7d0\"},\"headline\":\"Synnytysv\u00e4kivallan torjunta on ihmisoikeuskysymys\",\"datePublished\":\"2024-04-22T06:06:34+00:00\",\"dateModified\":\"2024-04-22T06:06:35+00:00\",\"mainEntityOfPage\":{\"@id\":\"https:\\\/\\\/blogit.lab.fi\\\/labfocus\\\/synnytysvakivallan-torjunta-on-ihmisoikeuskysymys\\\/\"},\"wordCount\":593,\"publisher\":{\"@id\":\"https:\\\/\\\/blogit.lab.fi\\\/labfocus\\\/#organization\"},\"image\":{\"@id\":\"https:\\\/\\\/blogit.lab.fi\\\/labfocus\\\/synnytysvakivallan-torjunta-on-ihmisoikeuskysymys\\\/#primaryimage\"},\"thumbnailUrl\":\"https:\\\/\\\/blogit.lab.fi\\\/labfocus\\\/wp-content\\\/uploads\\\/sites\\\/8\\\/2024\\\/04\\\/295_2024_Synnytysvakivallan-torjunta-on-ihmisoikeuskysymys.jpg\",\"keywords\":[\"\u00e4itiyshuolto\",\"Artikkeli E1\",\"ihmisoikeudet\",\"raskaus\",\"synnytysv\u00e4kivalta\"],\"articleSection\":[\"Health\"],\"inLanguage\":\"fi\"},{\"@type\":\"WebPage\",\"@id\":\"https:\\\/\\\/blogit.lab.fi\\\/labfocus\\\/synnytysvakivallan-torjunta-on-ihmisoikeuskysymys\\\/\",\"url\":\"https:\\\/\\\/blogit.lab.fi\\\/labfocus\\\/synnytysvakivallan-torjunta-on-ihmisoikeuskysymys\\\/\",\"name\":\"Synnytysv\u00e4kivallan torjunta on ihmisoikeuskysymys - LAB Focus\",\"isPartOf\":{\"@id\":\"https:\\\/\\\/blogit.lab.fi\\\/labfocus\\\/#website\"},\"primaryImageOfPage\":{\"@id\":\"https:\\\/\\\/blogit.lab.fi\\\/labfocus\\\/synnytysvakivallan-torjunta-on-ihmisoikeuskysymys\\\/#primaryimage\"},\"image\":{\"@id\":\"https:\\\/\\\/blogit.lab.fi\\\/labfocus\\\/synnytysvakivallan-torjunta-on-ihmisoikeuskysymys\\\/#primaryimage\"},\"thumbnailUrl\":\"https:\\\/\\\/blogit.lab.fi\\\/labfocus\\\/wp-content\\\/uploads\\\/sites\\\/8\\\/2024\\\/04\\\/295_2024_Synnytysvakivallan-torjunta-on-ihmisoikeuskysymys.jpg\",\"datePublished\":\"2024-04-22T06:06:34+00:00\",\"dateModified\":\"2024-04-22T06:06:35+00:00\",\"description\":\"Synnytysv\u00e4kivaltaa voidaan ehk\u00e4ist\u00e4 ennalta, ja raskauden aikana terveydenhoitaja on t\u00e4rke\u00e4ss\u00e4 roolissa.\",\"breadcrumb\":{\"@id\":\"https:\\\/\\\/blogit.lab.fi\\\/labfocus\\\/synnytysvakivallan-torjunta-on-ihmisoikeuskysymys\\\/#breadcrumb\"},\"inLanguage\":\"fi\",\"potentialAction\":[{\"@type\":\"ReadAction\",\"target\":[\"https:\\\/\\\/blogit.lab.fi\\\/labfocus\\\/synnytysvakivallan-torjunta-on-ihmisoikeuskysymys\\\/\"]}]},{\"@type\":\"ImageObject\",\"inLanguage\":\"fi\",\"@id\":\"https:\\\/\\\/blogit.lab.fi\\\/labfocus\\\/synnytysvakivallan-torjunta-on-ihmisoikeuskysymys\\\/#primaryimage\",\"url\":\"https:\\\/\\\/blogit.lab.fi\\\/labfocus\\\/wp-content\\\/uploads\\\/sites\\\/8\\\/2024\\\/04\\\/295_2024_Synnytysvakivallan-torjunta-on-ihmisoikeuskysymys.jpg\",\"contentUrl\":\"https:\\\/\\\/blogit.lab.fi\\\/labfocus\\\/wp-content\\\/uploads\\\/sites\\\/8\\\/2024\\\/04\\\/295_2024_Synnytysvakivallan-torjunta-on-ihmisoikeuskysymys.jpg\",\"width\":1280,\"height\":715},{\"@type\":\"BreadcrumbList\",\"@id\":\"https:\\\/\\\/blogit.lab.fi\\\/labfocus\\\/synnytysvakivallan-torjunta-on-ihmisoikeuskysymys\\\/#breadcrumb\",\"itemListElement\":[{\"@type\":\"ListItem\",\"position\":1,\"name\":\"Home\",\"item\":\"https:\\\/\\\/blogit.lab.fi\\\/labfocus\\\/\"},{\"@type\":\"ListItem\",\"position\":2,\"name\":\"Synnytysv\u00e4kivallan torjunta on ihmisoikeuskysymys\"}]},{\"@type\":\"WebSite\",\"@id\":\"https:\\\/\\\/blogit.lab.fi\\\/labfocus\\\/#website\",\"url\":\"https:\\\/\\\/blogit.lab.fi\\\/labfocus\\\/\",\"name\":\"LAB Focus\",\"description\":\"Focus Area blog | LAB University of Applied Sciences\",\"publisher\":{\"@id\":\"https:\\\/\\\/blogit.lab.fi\\\/labfocus\\\/#organization\"},\"potentialAction\":[{\"@type\":\"SearchAction\",\"target\":{\"@type\":\"EntryPoint\",\"urlTemplate\":\"https:\\\/\\\/blogit.lab.fi\\\/labfocus\\\/?s={search_term_string}\"},\"query-input\":{\"@type\":\"PropertyValueSpecification\",\"valueRequired\":true,\"valueName\":\"search_term_string\"}}],\"inLanguage\":\"fi\"},{\"@type\":\"Organization\",\"@id\":\"https:\\\/\\\/blogit.lab.fi\\\/labfocus\\\/#organization\",\"name\":\"LAB Focus\",\"url\":\"https:\\\/\\\/blogit.lab.fi\\\/labfocus\\\/\",\"logo\":{\"@type\":\"ImageObject\",\"inLanguage\":\"fi\",\"@id\":\"https:\\\/\\\/blogit.lab.fi\\\/labfocus\\\/#\\\/schema\\\/logo\\\/image\\\/\",\"url\":\"https:\\\/\\\/blogit.lab.fi\\\/labfocus\\\/wp-content\\\/uploads\\\/sites\\\/8\\\/2020\\\/04\\\/cropped-cropped-tunnus_blogi-01.png\",\"contentUrl\":\"https:\\\/\\\/blogit.lab.fi\\\/labfocus\\\/wp-content\\\/uploads\\\/sites\\\/8\\\/2020\\\/04\\\/cropped-cropped-tunnus_blogi-01.png\",\"width\":1342,\"height\":288,\"caption\":\"LAB Focus\"},\"image\":{\"@id\":\"https:\\\/\\\/blogit.lab.fi\\\/labfocus\\\/#\\\/schema\\\/logo\\\/image\\\/\"},\"sameAs\":[\"https:\\\/\\\/x.com\\\/LABfinland\"]},{\"@type\":\"Person\",\"@id\":\"https:\\\/\\\/blogit.lab.fi\\\/labfocus\\\/#\\\/schema\\\/person\\\/da729f65c4a2fb9fd8f0b1ec7a2ab7d0\",\"name\":\"tainask\",\"image\":{\"@type\":\"ImageObject\",\"inLanguage\":\"fi\",\"@id\":\"https:\\\/\\\/secure.gravatar.com\\\/avatar\\\/4a96427877ef826b76e80c27f60b266128094f522551459346efcf14282febb3?s=96&d=mm&r=g\",\"url\":\"https:\\\/\\\/secure.gravatar.com\\\/avatar\\\/4a96427877ef826b76e80c27f60b266128094f522551459346efcf14282febb3?s=96&d=mm&r=g\",\"contentUrl\":\"https:\\\/\\\/secure.gravatar.com\\\/avatar\\\/4a96427877ef826b76e80c27f60b266128094f522551459346efcf14282febb3?s=96&d=mm&r=g\",\"caption\":\"tainask\"},\"url\":\"https:\\\/\\\/blogit.lab.fi\\\/labfocus\\\/author\\\/tainask\\\/\"}]}<\/script>\n<!-- \/ Yoast SEO plugin. -->","yoast_head_json":{"title":"Synnytysv\u00e4kivallan torjunta on ihmisoikeuskysymys - LAB Focus","description":"Synnytysv\u00e4kivaltaa voidaan ehk\u00e4ist\u00e4 ennalta, ja raskauden aikana terveydenhoitaja on t\u00e4rke\u00e4ss\u00e4 roolissa.","robots":{"index":"index","follow":"follow","max-snippet":"max-snippet:-1","max-image-preview":"max-image-preview:large","max-video-preview":"max-video-preview:-1"},"canonical":"https:\/\/blogit.lab.fi\/labfocus\/synnytysvakivallan-torjunta-on-ihmisoikeuskysymys\/","og_locale":"fi_FI","og_type":"article","og_title":"Synnytysv\u00e4kivallan torjunta on ihmisoikeuskysymys - LAB Focus","og_description":"Synnytysv\u00e4kivaltaa voidaan ehk\u00e4ist\u00e4 ennalta, ja raskauden aikana terveydenhoitaja on t\u00e4rke\u00e4ss\u00e4 roolissa.","og_url":"https:\/\/blogit.lab.fi\/labfocus\/synnytysvakivallan-torjunta-on-ihmisoikeuskysymys\/","og_site_name":"LAB Focus","article_published_time":"2024-04-22T06:06:34+00:00","article_modified_time":"2024-04-22T06:06:35+00:00","og_image":[{"width":1280,"height":715,"url":"https:\/\/blogit.lab.fi\/labfocus\/wp-content\/uploads\/sites\/8\/2024\/04\/295_2024_Synnytysvakivallan-torjunta-on-ihmisoikeuskysymys.jpg","type":"image\/jpeg"}],"author":"tainask","twitter_card":"summary_large_image","twitter_creator":"@LABfinland","twitter_site":"@LABfinland","twitter_misc":{"Kirjoittanut":"tainask","Arvioitu lukuaika":"4 minuuttia"},"schema":{"@context":"https:\/\/schema.org","@graph":[{"@type":"Article","@id":"https:\/\/blogit.lab.fi\/labfocus\/synnytysvakivallan-torjunta-on-ihmisoikeuskysymys\/#article","isPartOf":{"@id":"https:\/\/blogit.lab.fi\/labfocus\/synnytysvakivallan-torjunta-on-ihmisoikeuskysymys\/"},"author":{"name":"tainask","@id":"https:\/\/blogit.lab.fi\/labfocus\/#\/schema\/person\/da729f65c4a2fb9fd8f0b1ec7a2ab7d0"},"headline":"Synnytysv\u00e4kivallan torjunta on ihmisoikeuskysymys","datePublished":"2024-04-22T06:06:34+00:00","dateModified":"2024-04-22T06:06:35+00:00","mainEntityOfPage":{"@id":"https:\/\/blogit.lab.fi\/labfocus\/synnytysvakivallan-torjunta-on-ihmisoikeuskysymys\/"},"wordCount":593,"publisher":{"@id":"https:\/\/blogit.lab.fi\/labfocus\/#organization"},"image":{"@id":"https:\/\/blogit.lab.fi\/labfocus\/synnytysvakivallan-torjunta-on-ihmisoikeuskysymys\/#primaryimage"},"thumbnailUrl":"https:\/\/blogit.lab.fi\/labfocus\/wp-content\/uploads\/sites\/8\/2024\/04\/295_2024_Synnytysvakivallan-torjunta-on-ihmisoikeuskysymys.jpg","keywords":["\u00e4itiyshuolto","Artikkeli E1","ihmisoikeudet","raskaus","synnytysv\u00e4kivalta"],"articleSection":["Health"],"inLanguage":"fi"},{"@type":"WebPage","@id":"https:\/\/blogit.lab.fi\/labfocus\/synnytysvakivallan-torjunta-on-ihmisoikeuskysymys\/","url":"https:\/\/blogit.lab.fi\/labfocus\/synnytysvakivallan-torjunta-on-ihmisoikeuskysymys\/","name":"Synnytysv\u00e4kivallan torjunta on ihmisoikeuskysymys - LAB Focus","isPartOf":{"@id":"https:\/\/blogit.lab.fi\/labfocus\/#website"},"primaryImageOfPage":{"@id":"https:\/\/blogit.lab.fi\/labfocus\/synnytysvakivallan-torjunta-on-ihmisoikeuskysymys\/#primaryimage"},"image":{"@id":"https:\/\/blogit.lab.fi\/labfocus\/synnytysvakivallan-torjunta-on-ihmisoikeuskysymys\/#primaryimage"},"thumbnailUrl":"https:\/\/blogit.lab.fi\/labfocus\/wp-content\/uploads\/sites\/8\/2024\/04\/295_2024_Synnytysvakivallan-torjunta-on-ihmisoikeuskysymys.jpg","datePublished":"2024-04-22T06:06:34+00:00","dateModified":"2024-04-22T06:06:35+00:00","description":"Synnytysv\u00e4kivaltaa voidaan ehk\u00e4ist\u00e4 ennalta, ja raskauden aikana terveydenhoitaja on t\u00e4rke\u00e4ss\u00e4 roolissa.","breadcrumb":{"@id":"https:\/\/blogit.lab.fi\/labfocus\/synnytysvakivallan-torjunta-on-ihmisoikeuskysymys\/#breadcrumb"},"inLanguage":"fi","potentialAction":[{"@type":"ReadAction","target":["https:\/\/blogit.lab.fi\/labfocus\/synnytysvakivallan-torjunta-on-ihmisoikeuskysymys\/"]}]},{"@type":"ImageObject","inLanguage":"fi","@id":"https:\/\/blogit.lab.fi\/labfocus\/synnytysvakivallan-torjunta-on-ihmisoikeuskysymys\/#primaryimage","url":"https:\/\/blogit.lab.fi\/labfocus\/wp-content\/uploads\/sites\/8\/2024\/04\/295_2024_Synnytysvakivallan-torjunta-on-ihmisoikeuskysymys.jpg","contentUrl":"https:\/\/blogit.lab.fi\/labfocus\/wp-content\/uploads\/sites\/8\/2024\/04\/295_2024_Synnytysvakivallan-torjunta-on-ihmisoikeuskysymys.jpg","width":1280,"height":715},{"@type":"BreadcrumbList","@id":"https:\/\/blogit.lab.fi\/labfocus\/synnytysvakivallan-torjunta-on-ihmisoikeuskysymys\/#breadcrumb","itemListElement":[{"@type":"ListItem","position":1,"name":"Home","item":"https:\/\/blogit.lab.fi\/labfocus\/"},{"@type":"ListItem","position":2,"name":"Synnytysv\u00e4kivallan torjunta on ihmisoikeuskysymys"}]},{"@type":"WebSite","@id":"https:\/\/blogit.lab.fi\/labfocus\/#website","url":"https:\/\/blogit.lab.fi\/labfocus\/","name":"LAB Focus","description":"Focus Area blog | LAB University of Applied Sciences","publisher":{"@id":"https:\/\/blogit.lab.fi\/labfocus\/#organization"},"potentialAction":[{"@type":"SearchAction","target":{"@type":"EntryPoint","urlTemplate":"https:\/\/blogit.lab.fi\/labfocus\/?s={search_term_string}"},"query-input":{"@type":"PropertyValueSpecification","valueRequired":true,"valueName":"search_term_string"}}],"inLanguage":"fi"},{"@type":"Organization","@id":"https:\/\/blogit.lab.fi\/labfocus\/#organization","name":"LAB Focus","url":"https:\/\/blogit.lab.fi\/labfocus\/","logo":{"@type":"ImageObject","inLanguage":"fi","@id":"https:\/\/blogit.lab.fi\/labfocus\/#\/schema\/logo\/image\/","url":"https:\/\/blogit.lab.fi\/labfocus\/wp-content\/uploads\/sites\/8\/2020\/04\/cropped-cropped-tunnus_blogi-01.png","contentUrl":"https:\/\/blogit.lab.fi\/labfocus\/wp-content\/uploads\/sites\/8\/2020\/04\/cropped-cropped-tunnus_blogi-01.png","width":1342,"height":288,"caption":"LAB Focus"},"image":{"@id":"https:\/\/blogit.lab.fi\/labfocus\/#\/schema\/logo\/image\/"},"sameAs":["https:\/\/x.com\/LABfinland"]},{"@type":"Person","@id":"https:\/\/blogit.lab.fi\/labfocus\/#\/schema\/person\/da729f65c4a2fb9fd8f0b1ec7a2ab7d0","name":"tainask","image":{"@type":"ImageObject","inLanguage":"fi","@id":"https:\/\/secure.gravatar.com\/avatar\/4a96427877ef826b76e80c27f60b266128094f522551459346efcf14282febb3?s=96&d=mm&r=g","url":"https:\/\/secure.gravatar.com\/avatar\/4a96427877ef826b76e80c27f60b266128094f522551459346efcf14282febb3?s=96&d=mm&r=g","contentUrl":"https:\/\/secure.gravatar.com\/avatar\/4a96427877ef826b76e80c27f60b266128094f522551459346efcf14282febb3?s=96&d=mm&r=g","caption":"tainask"},"url":"https:\/\/blogit.lab.fi\/labfocus\/author\/tainask\/"}]}},"_links":{"self":[{"href":"https:\/\/blogit.lab.fi\/labfocus\/wp-json\/wp\/v2\/posts\/18479","targetHints":{"allow":["GET"]}}],"collection":[{"href":"https:\/\/blogit.lab.fi\/labfocus\/wp-json\/wp\/v2\/posts"}],"about":[{"href":"https:\/\/blogit.lab.fi\/labfocus\/wp-json\/wp\/v2\/types\/post"}],"author":[{"embeddable":true,"href":"https:\/\/blogit.lab.fi\/labfocus\/wp-json\/wp\/v2\/users\/17"}],"replies":[{"embeddable":true,"href":"https:\/\/blogit.lab.fi\/labfocus\/wp-json\/wp\/v2\/comments?post=18479"}],"version-history":[{"count":1,"href":"https:\/\/blogit.lab.fi\/labfocus\/wp-json\/wp\/v2\/posts\/18479\/revisions"}],"predecessor-version":[{"id":18482,"href":"https:\/\/blogit.lab.fi\/labfocus\/wp-json\/wp\/v2\/posts\/18479\/revisions\/18482"}],"wp:featuredmedia":[{"embeddable":true,"href":"https:\/\/blogit.lab.fi\/labfocus\/wp-json\/wp\/v2\/media\/18481"}],"wp:attachment":[{"href":"https:\/\/blogit.lab.fi\/labfocus\/wp-json\/wp\/v2\/media?parent=18479"}],"wp:term":[{"taxonomy":"category","embeddable":true,"href":"https:\/\/blogit.lab.fi\/labfocus\/wp-json\/wp\/v2\/categories?post=18479"},{"taxonomy":"post_tag","embeddable":true,"href":"https:\/\/blogit.lab.fi\/labfocus\/wp-json\/wp\/v2\/tags?post=18479"}],"curies":[{"name":"wp","href":"https:\/\/api.w.org\/{rel}","templated":true}]}}