{"id":19104,"date":"2024-05-14T11:07:36","date_gmt":"2024-05-14T08:07:36","guid":{"rendered":"https:\/\/blogit.lab.fi\/labfocus\/?p=19104"},"modified":"2024-05-14T11:07:37","modified_gmt":"2024-05-14T08:07:37","slug":"vastuullisuusteot-ja-suunnitelmat-nakyviksi-vastuullisuusklinikalla","status":"publish","type":"post","link":"https:\/\/blogit.lab.fi\/labfocus\/vastuullisuusteot-ja-suunnitelmat-nakyviksi-vastuullisuusklinikalla\/","title":{"rendered":"Vastuullisuusteot ja -suunnitelmat n\u00e4kyviksi vastuullisuusklinikalla"},"content":{"rendered":"\n<p><br>Kokonaisvaltaisen vastuullisuuden ja erityisesti vastuullisen viestinn\u00e4n teemoihin ja kysymyksiin pureuduttiin VALVE \u2013 Vastuullisuusosaamista ja -verkostoja Etel\u00e4-Karjalaan -hankkeen ensimm\u00e4isell\u00e4 vastuullisuusklinikalla Lappeenrannan kampuksella huhtikuussa. Hankkeen aikana tullaan j\u00e4rjest\u00e4m\u00e4\u00e4n useampia eriteemaisia vastuullisuusklinikoita. (LAB 2024.)<\/p>\n\n\n\n<p>Tarkoituksena on, ett\u00e4 hankkeessa luotava vastuullisuusklinikan toimintamalli j\u00e4\u00e4 hankkeen j\u00e4lkeen osaksi LABin ja LUT-yliopiston kest\u00e4v\u00e4n liiketoiminnan koulutustarjontaan. Siten alueen yritykset hy\u00f6tyv\u00e4t my\u00f6s jatkossa oppilaitos- ja opiskelijayhteisty\u00f6st\u00e4, mik\u00e4 tarjoaa mahdollisuuden tiiviimp\u00e4\u00e4n yhteisty\u00f6h\u00f6n ja verkostoitumiseen, potentiaalisen ja osaavan ty\u00f6voiman l\u00f6yt\u00e4miseen sek\u00e4 tuo jatkuvuutta vastuullisuuden kehitt\u00e4misty\u00f6h\u00f6n.<\/p>\n\n\n\n<figure class=\"wp-block-image size-large\"><img loading=\"lazy\" decoding=\"async\" width=\"1024\" height=\"595\" src=\"https:\/\/blogit.lab.fi\/labfocus\/wp-content\/uploads\/sites\/8\/2024\/05\/424_2024_Vastuullisuusklinikka_1-1024x595.jpg\" alt=\"[alt-teksti henkil\u00f6it\u00e4 kokoontuneena ja istumassa luokkatilassa.]\" class=\"wp-image-19106\" srcset=\"https:\/\/blogit.lab.fi\/labfocus\/wp-content\/uploads\/sites\/8\/2024\/05\/424_2024_Vastuullisuusklinikka_1-1024x595.jpg 1024w, https:\/\/blogit.lab.fi\/labfocus\/wp-content\/uploads\/sites\/8\/2024\/05\/424_2024_Vastuullisuusklinikka_1-300x174.jpg 300w, https:\/\/blogit.lab.fi\/labfocus\/wp-content\/uploads\/sites\/8\/2024\/05\/424_2024_Vastuullisuusklinikka_1-768x446.jpg 768w, https:\/\/blogit.lab.fi\/labfocus\/wp-content\/uploads\/sites\/8\/2024\/05\/424_2024_Vastuullisuusklinikka_1-570x331.jpg 570w, https:\/\/blogit.lab.fi\/labfocus\/wp-content\/uploads\/sites\/8\/2024\/05\/424_2024_Vastuullisuusklinikka_1.jpg 1280w\" sizes=\"auto, (max-width: 1024px) 100vw, 1024px\" \/><figcaption class=\"wp-element-caption\">Kuva 1. Vastuullisuusviestint\u00e4 kiinnosti useiden etel\u00e4karjalaisten yritysten edustajia. (Kuva: Teija Launiainen)<\/figcaption><\/figure>\n\n\n\n<h2 class=\"wp-block-heading\">LABin opiskelijat tuottivat yrityskohtaiset vastuullisuusviestinn\u00e4n kehitt\u00e4missuunnitelmat<\/h2>\n\n\n\n<p>Vastuullisuusklinikalle osallistuvat pk-yritykset saivat tukea vastuullisuusviestint\u00e4ns\u00e4 kehitt\u00e4miseen ja vastuullisuustekojen ja -suunnitelmiensa n\u00e4kyv\u00e4ksi tekemiseen omille sidosryhmilleen. Ty\u00f6pajaty\u00f6skentelyss\u00e4 oli mukana LABin opiskelijoita kartoittamassa yritysten vastuullisuusviestinn\u00e4n haasteita ja mahdollisuuksia.<\/p>\n\n\n\n<p>Opiskelijoiden ty\u00f6 jatkui yritysten parissa vastuullisuusklinikan j\u00e4lkeen, ja toukokuussa oli vuorossa yrityskohtaisten raporttien purkutilaisuudet. Tapaamiset poikivat my\u00f6s lis\u00e4\u00e4 yhteisty\u00f6t\u00e4, ja yhteiskehitt\u00e4minen saa jatkoa muun muassa tulevan syksyn opintojaksoilla.<\/p>\n\n\n\n<figure class=\"wp-block-image size-large\"><img loading=\"lazy\" decoding=\"async\" width=\"1024\" height=\"583\" src=\"https:\/\/blogit.lab.fi\/labfocus\/wp-content\/uploads\/sites\/8\/2024\/05\/424_2024_Vastuullisuusklinikka_2-1024x583.jpg\" alt=\"[Alt-teksti LAB-ammattikorkeakoulun opiskelijoita istumassa luokkatilassa.]\" class=\"wp-image-19107\" srcset=\"https:\/\/blogit.lab.fi\/labfocus\/wp-content\/uploads\/sites\/8\/2024\/05\/424_2024_Vastuullisuusklinikka_2-1024x583.jpg 1024w, https:\/\/blogit.lab.fi\/labfocus\/wp-content\/uploads\/sites\/8\/2024\/05\/424_2024_Vastuullisuusklinikka_2-300x171.jpg 300w, https:\/\/blogit.lab.fi\/labfocus\/wp-content\/uploads\/sites\/8\/2024\/05\/424_2024_Vastuullisuusklinikka_2-768x437.jpg 768w, https:\/\/blogit.lab.fi\/labfocus\/wp-content\/uploads\/sites\/8\/2024\/05\/424_2024_Vastuullisuusklinikka_2-570x325.jpg 570w, https:\/\/blogit.lab.fi\/labfocus\/wp-content\/uploads\/sites\/8\/2024\/05\/424_2024_Vastuullisuusklinikka_2.jpg 1280w\" sizes=\"auto, (max-width: 1024px) 100vw, 1024px\" \/><figcaption class=\"wp-element-caption\">Kuva 2. LABin opiskelijoiden ty\u00f6panos oli merkitt\u00e4v\u00e4 vastuullisuusklinikan toteutuksessa. (Kuva: Teija Launiainen)<\/figcaption><\/figure>\n\n\n\n<h2 class=\"wp-block-heading\">Vastuullisuudesta ei voi olla viestim\u00e4tt\u00e4<\/h2>\n\n\n\n<p>Apulaisprofessori Laura Olkkonen LUT-kauppakorkeakoulusta piti vastuullisuusklinikalla esityksen aiheesta Miten rakentaa vastuullisuusty\u00f6t\u00e4 kest\u00e4v\u00e4lle pohjalle ja miten sidosryhm\u00e4t arvioivat vastuullisuustekoja? H\u00e4nen vahva n\u00e4kemyksens\u00e4 oli, ett\u00e4 vastuullisuudesta ei voi olla viestim\u00e4tt\u00e4.<\/p>\n\n\n\n<p>Asiakkailla ja yhteisty\u00f6kumppaneilla on todenn\u00e4k\u00f6isesti jo jokin mielikuva yrityksen vastuullisuudesta, ja jos vastuullisuusmielikuvaan haluaa vaikuttaa, kannattaa toimia ja viesti\u00e4 suunnitelmallisesti. Yritys viestii aina jo pelk\u00e4ll\u00e4 olemassaolollaan ja visuaalisesti esimerkiksi toimitiloillaan: mist\u00e4 materiaaleista toimitila on rakennettu ja miten suuri tai pieni rakennus on. (Olkkonen 2024.)<\/p>\n\n\n\n<p>On selv\u00e4\u00e4, ett\u00e4 vastuullisuusviestinn\u00e4n takana tulee olla aitoja vastuullisuustekoja ja\/tai -suunnitelmia. Vastuullisuudesta tulee osa yrityksen normaalia toimintaa ja toimintaa ohjaava arvo, kun vastuullinen viestint\u00e4 ja toiminta kytkeytyv\u00e4t tiiviisti toisiinsa.<\/p>\n\n\n\n<p>Puhutaanko viiden vuoden p\u00e4\u00e4st\u00e4 en\u00e4\u00e4 erikseen vastuullisuusviestinn\u00e4st\u00e4? Onko se silloin business as usual? Samaa voidaan kysy\u00e4 kokonaisvaltaisen vastuullisuuden kohdalla. Vastuullisuuteen ohjaa vahvasti EU:n lains\u00e4\u00e4d\u00e4nt\u00f6, ja sidosryhm\u00e4t odottavat vastuullisia tekoja ja viestinn\u00e4llisesti l\u00e4pin\u00e4kyv\u00e4\u00e4 toimintaa. K\u00e4ynniss\u00e4 on vahvoja muutosvoimia, jotka puoltavat strategisen ja toiminnallisen vastuullisuuden kehityst\u00e4 kohti normaalia liiketoimintaa. VALVE-hanke toimijoineen ja sidosryhmineen on omalta osaltaan kiritt\u00e4m\u00e4ss\u00e4 muutosta kohti vastuullisia ja kest\u00e4vi\u00e4 toimintatapoja.<\/p>\n\n\n\n<div class=\"wp-block-group has-background\" style=\"background-color:#b3edfb\"><div class=\"wp-block-group__inner-container is-layout-constrained wp-block-group-is-layout-constrained\">\n<p>Kirjoittaja<\/p>\n\n\n\n<p><strong>Niina Ihalainen<\/strong>, VTM, MBA, TKI-asiantuntija, ty\u00f6skentelee LAB-ammattikorkeakoulussa VALVE \u2013 Vastuullisuusosaamista ja -verkostoja Etel\u00e4-Karjalaan -hankkeen projektip\u00e4\u00e4llikk\u00f6n\u00e4. &nbsp;<\/p>\n<\/div><\/div>\n\n\n<div class=\"wp-block-image\">\n<figure class=\"aligncenter size-full is-resized\"><img loading=\"lazy\" decoding=\"async\" width=\"910\" height=\"922\" src=\"https:\/\/blogit.lab.fi\/labfocus\/wp-content\/uploads\/sites\/8\/2024\/05\/Euroopan-unionin-osarahoittama-1.jpg\" alt=\"\" class=\"wp-image-19111\" style=\"width:179px;height:auto\" srcset=\"https:\/\/blogit.lab.fi\/labfocus\/wp-content\/uploads\/sites\/8\/2024\/05\/Euroopan-unionin-osarahoittama-1.jpg 910w, https:\/\/blogit.lab.fi\/labfocus\/wp-content\/uploads\/sites\/8\/2024\/05\/Euroopan-unionin-osarahoittama-1-296x300.jpg 296w, https:\/\/blogit.lab.fi\/labfocus\/wp-content\/uploads\/sites\/8\/2024\/05\/Euroopan-unionin-osarahoittama-1-768x778.jpg 768w, https:\/\/blogit.lab.fi\/labfocus\/wp-content\/uploads\/sites\/8\/2024\/05\/Euroopan-unionin-osarahoittama-1-570x578.jpg 570w\" sizes=\"auto, (max-width: 910px) 100vw, 910px\" \/><\/figure>\n<\/div>\n\n\n<h2 class=\"wp-block-heading\">L\u00e4hteet<\/h2>\n\n\n\n<p><br>LAB. 2024. VALVE \u2013 Vastuullisuusosaamista ja -verkostoja Etel\u00e4-Karjalaan. Hanke. <a>LAB-ammattikorkeakoulu. Viitattu 8.5.2024. Saatavissa<\/a> <a href=\"https:\/\/lab.fi\/fi\/projekti\/valve-vastuullisuusosaamista-ja-verkostoja-etela-karjalaan\">https:\/\/lab.fi\/fi\/projekti\/valve-vastuullisuusosaamista-ja-verkostoja-etela-karjalaan<\/a><\/p>\n\n\n\n<p>Olkkonen, L. 2024. Miten rakentaa vastuullisuusty\u00f6t\u00e4 kest\u00e4v\u00e4lle pohjalle ja miten sidosryhm\u00e4t arvioivat vastuullisuustekoja? Esitys VALVE-hankkeen vastuullisuusklinikalla Lappeenrannassa. 16.4.2024.<\/p>\n","protected":false},"excerpt":{"rendered":"<p>Kokonaisvaltaisen vastuullisuuden ja erityisesti vastuullisen viestinn\u00e4n teemoihin ja kysymyksiin pureuduttiin VALVE \u2013 Vastuullisuusosaamista ja -verkostoja Etel\u00e4-Karjalaan -hankkeen ensimm\u00e4isell\u00e4 vastuullisuusklinikalla Lappeenrannan kampuksella huhtikuussa. Hankkeen aikana tullaan j\u00e4rjest\u00e4m\u00e4\u00e4n useampia eriteemaisia vastuullisuusklinikoita. (LAB 2024.) Tarkoituksena on, ett\u00e4 hankkeessa luotava vastuullisuusklinikan toimintamalli j\u00e4\u00e4 hankkeen j\u00e4lkeen osaksi LABin ja LUT-yliopiston kest\u00e4v\u00e4n liiketoiminnan koulutustarjontaan. Siten alueen yritykset hy\u00f6tyv\u00e4t my\u00f6s jatkossa oppilaitos- [&hellip;]<\/p>\n","protected":false},"author":17,"featured_media":19106,"comment_status":"closed","ping_status":"open","sticky":false,"template":"","format":"standard","meta":{"footnotes":""},"categories":[19,407],"tags":[29,5102,795,3219,8298,502,7805],"class_list":{"0":"post-19104","1":"post","2":"type-post","3":"status-publish","4":"format-standard","5":"has-post-thumbnail","7":"category-innovations_fi","8":"category-uudistuva-ja-kehittyva-yrittajyys","9":"tag-artikkeli-e1","10":"tag-liiketoiminta-fi","11":"tag-opiskelijayhteistyo","12":"tag-pk-yritykset","13":"tag-valve","14":"tag-vastuullisuus","15":"tag-vastuullisuusviestinta","16":"czr-hentry"},"yoast_head":"<!-- This site is optimized with the Yoast SEO plugin v27.5 - https:\/\/yoast.com\/product\/yoast-seo-wordpress\/ -->\n<title>Vastuullisuusteot ja -suunnitelmat n\u00e4kyviksi vastuullisuusklinikalla - LAB Focus<\/title>\n<meta name=\"description\" content=\"VALVE-hankkeessa j\u00e4rjestetyss\u00e4 tilaisuudessa pk-yritykset suunnittelivat vastuullisuusviestint\u00e4\u00e4ns\u00e4. LAB-ammattikorkeakoulu.\" \/>\n<meta name=\"robots\" content=\"index, follow, max-snippet:-1, max-image-preview:large, max-video-preview:-1\" \/>\n<link rel=\"canonical\" href=\"https:\/\/blogit.lab.fi\/labfocus\/vastuullisuusteot-ja-suunnitelmat-nakyviksi-vastuullisuusklinikalla\/\" \/>\n<meta property=\"og:locale\" content=\"fi_FI\" \/>\n<meta property=\"og:type\" content=\"article\" \/>\n<meta property=\"og:title\" content=\"Vastuullisuusteot ja -suunnitelmat n\u00e4kyviksi vastuullisuusklinikalla - LAB Focus\" \/>\n<meta property=\"og:description\" content=\"VALVE-hankkeessa j\u00e4rjestetyss\u00e4 tilaisuudessa pk-yritykset suunnittelivat vastuullisuusviestint\u00e4\u00e4ns\u00e4. LAB-ammattikorkeakoulu.\" \/>\n<meta property=\"og:url\" content=\"https:\/\/blogit.lab.fi\/labfocus\/vastuullisuusteot-ja-suunnitelmat-nakyviksi-vastuullisuusklinikalla\/\" \/>\n<meta property=\"og:site_name\" content=\"LAB Focus\" \/>\n<meta property=\"article:published_time\" content=\"2024-05-14T08:07:36+00:00\" \/>\n<meta property=\"article:modified_time\" content=\"2024-05-14T08:07:37+00:00\" \/>\n<meta property=\"og:image\" content=\"https:\/\/blogit.lab.fi\/labfocus\/wp-content\/uploads\/sites\/8\/2024\/05\/424_2024_Vastuullisuusklinikka_1.jpg\" \/>\n\t<meta property=\"og:image:width\" content=\"1280\" \/>\n\t<meta property=\"og:image:height\" content=\"744\" \/>\n\t<meta property=\"og:image:type\" content=\"image\/jpeg\" \/>\n<meta name=\"author\" content=\"tainask\" \/>\n<meta name=\"twitter:card\" content=\"summary_large_image\" \/>\n<meta name=\"twitter:creator\" content=\"@LABfinland\" \/>\n<meta name=\"twitter:site\" content=\"@LABfinland\" \/>\n<meta name=\"twitter:label1\" content=\"Kirjoittanut\" \/>\n\t<meta name=\"twitter:data1\" content=\"tainask\" \/>\n\t<meta name=\"twitter:label2\" content=\"Arvioitu lukuaika\" \/>\n\t<meta name=\"twitter:data2\" content=\"4 minuuttia\" \/>\n<script type=\"application\/ld+json\" class=\"yoast-schema-graph\">{\"@context\":\"https:\\\/\\\/schema.org\",\"@graph\":[{\"@type\":\"Article\",\"@id\":\"https:\\\/\\\/blogit.lab.fi\\\/labfocus\\\/vastuullisuusteot-ja-suunnitelmat-nakyviksi-vastuullisuusklinikalla\\\/#article\",\"isPartOf\":{\"@id\":\"https:\\\/\\\/blogit.lab.fi\\\/labfocus\\\/vastuullisuusteot-ja-suunnitelmat-nakyviksi-vastuullisuusklinikalla\\\/\"},\"author\":{\"name\":\"tainask\",\"@id\":\"https:\\\/\\\/blogit.lab.fi\\\/labfocus\\\/#\\\/schema\\\/person\\\/da729f65c4a2fb9fd8f0b1ec7a2ab7d0\"},\"headline\":\"Vastuullisuusteot ja -suunnitelmat n\u00e4kyviksi vastuullisuusklinikalla\",\"datePublished\":\"2024-05-14T08:07:36+00:00\",\"dateModified\":\"2024-05-14T08:07:37+00:00\",\"mainEntityOfPage\":{\"@id\":\"https:\\\/\\\/blogit.lab.fi\\\/labfocus\\\/vastuullisuusteot-ja-suunnitelmat-nakyviksi-vastuullisuusklinikalla\\\/\"},\"wordCount\":450,\"publisher\":{\"@id\":\"https:\\\/\\\/blogit.lab.fi\\\/labfocus\\\/#organization\"},\"image\":{\"@id\":\"https:\\\/\\\/blogit.lab.fi\\\/labfocus\\\/vastuullisuusteot-ja-suunnitelmat-nakyviksi-vastuullisuusklinikalla\\\/#primaryimage\"},\"thumbnailUrl\":\"https:\\\/\\\/blogit.lab.fi\\\/labfocus\\\/wp-content\\\/uploads\\\/sites\\\/8\\\/2024\\\/05\\\/424_2024_Vastuullisuusklinikka_1.jpg\",\"keywords\":[\"Artikkeli E1\",\"liiketoiminta\",\"opiskelijayhteisty\u00f6\",\"pk-yritykset\",\"VALVE\",\"vastuullisuus\",\"vastuullisuusviestint\u00e4\"],\"articleSection\":[\"Innovations\",\"Uudistuva ja kehittyv\u00e4 yritt\u00e4jyys\"],\"inLanguage\":\"fi\"},{\"@type\":\"WebPage\",\"@id\":\"https:\\\/\\\/blogit.lab.fi\\\/labfocus\\\/vastuullisuusteot-ja-suunnitelmat-nakyviksi-vastuullisuusklinikalla\\\/\",\"url\":\"https:\\\/\\\/blogit.lab.fi\\\/labfocus\\\/vastuullisuusteot-ja-suunnitelmat-nakyviksi-vastuullisuusklinikalla\\\/\",\"name\":\"Vastuullisuusteot ja -suunnitelmat n\u00e4kyviksi vastuullisuusklinikalla - LAB Focus\",\"isPartOf\":{\"@id\":\"https:\\\/\\\/blogit.lab.fi\\\/labfocus\\\/#website\"},\"primaryImageOfPage\":{\"@id\":\"https:\\\/\\\/blogit.lab.fi\\\/labfocus\\\/vastuullisuusteot-ja-suunnitelmat-nakyviksi-vastuullisuusklinikalla\\\/#primaryimage\"},\"image\":{\"@id\":\"https:\\\/\\\/blogit.lab.fi\\\/labfocus\\\/vastuullisuusteot-ja-suunnitelmat-nakyviksi-vastuullisuusklinikalla\\\/#primaryimage\"},\"thumbnailUrl\":\"https:\\\/\\\/blogit.lab.fi\\\/labfocus\\\/wp-content\\\/uploads\\\/sites\\\/8\\\/2024\\\/05\\\/424_2024_Vastuullisuusklinikka_1.jpg\",\"datePublished\":\"2024-05-14T08:07:36+00:00\",\"dateModified\":\"2024-05-14T08:07:37+00:00\",\"description\":\"VALVE-hankkeessa j\u00e4rjestetyss\u00e4 tilaisuudessa pk-yritykset suunnittelivat vastuullisuusviestint\u00e4\u00e4ns\u00e4. LAB-ammattikorkeakoulu.\",\"breadcrumb\":{\"@id\":\"https:\\\/\\\/blogit.lab.fi\\\/labfocus\\\/vastuullisuusteot-ja-suunnitelmat-nakyviksi-vastuullisuusklinikalla\\\/#breadcrumb\"},\"inLanguage\":\"fi\",\"potentialAction\":[{\"@type\":\"ReadAction\",\"target\":[\"https:\\\/\\\/blogit.lab.fi\\\/labfocus\\\/vastuullisuusteot-ja-suunnitelmat-nakyviksi-vastuullisuusklinikalla\\\/\"]}]},{\"@type\":\"ImageObject\",\"inLanguage\":\"fi\",\"@id\":\"https:\\\/\\\/blogit.lab.fi\\\/labfocus\\\/vastuullisuusteot-ja-suunnitelmat-nakyviksi-vastuullisuusklinikalla\\\/#primaryimage\",\"url\":\"https:\\\/\\\/blogit.lab.fi\\\/labfocus\\\/wp-content\\\/uploads\\\/sites\\\/8\\\/2024\\\/05\\\/424_2024_Vastuullisuusklinikka_1.jpg\",\"contentUrl\":\"https:\\\/\\\/blogit.lab.fi\\\/labfocus\\\/wp-content\\\/uploads\\\/sites\\\/8\\\/2024\\\/05\\\/424_2024_Vastuullisuusklinikka_1.jpg\",\"width\":1280,\"height\":744},{\"@type\":\"BreadcrumbList\",\"@id\":\"https:\\\/\\\/blogit.lab.fi\\\/labfocus\\\/vastuullisuusteot-ja-suunnitelmat-nakyviksi-vastuullisuusklinikalla\\\/#breadcrumb\",\"itemListElement\":[{\"@type\":\"ListItem\",\"position\":1,\"name\":\"Home\",\"item\":\"https:\\\/\\\/blogit.lab.fi\\\/labfocus\\\/\"},{\"@type\":\"ListItem\",\"position\":2,\"name\":\"Vastuullisuusteot ja -suunnitelmat n\u00e4kyviksi vastuullisuusklinikalla\"}]},{\"@type\":\"WebSite\",\"@id\":\"https:\\\/\\\/blogit.lab.fi\\\/labfocus\\\/#website\",\"url\":\"https:\\\/\\\/blogit.lab.fi\\\/labfocus\\\/\",\"name\":\"LAB Focus\",\"description\":\"Focus Area blog | LAB University of Applied Sciences\",\"publisher\":{\"@id\":\"https:\\\/\\\/blogit.lab.fi\\\/labfocus\\\/#organization\"},\"potentialAction\":[{\"@type\":\"SearchAction\",\"target\":{\"@type\":\"EntryPoint\",\"urlTemplate\":\"https:\\\/\\\/blogit.lab.fi\\\/labfocus\\\/?s={search_term_string}\"},\"query-input\":{\"@type\":\"PropertyValueSpecification\",\"valueRequired\":true,\"valueName\":\"search_term_string\"}}],\"inLanguage\":\"fi\"},{\"@type\":\"Organization\",\"@id\":\"https:\\\/\\\/blogit.lab.fi\\\/labfocus\\\/#organization\",\"name\":\"LAB Focus\",\"url\":\"https:\\\/\\\/blogit.lab.fi\\\/labfocus\\\/\",\"logo\":{\"@type\":\"ImageObject\",\"inLanguage\":\"fi\",\"@id\":\"https:\\\/\\\/blogit.lab.fi\\\/labfocus\\\/#\\\/schema\\\/logo\\\/image\\\/\",\"url\":\"https:\\\/\\\/blogit.lab.fi\\\/labfocus\\\/wp-content\\\/uploads\\\/sites\\\/8\\\/2020\\\/04\\\/cropped-cropped-tunnus_blogi-01.png\",\"contentUrl\":\"https:\\\/\\\/blogit.lab.fi\\\/labfocus\\\/wp-content\\\/uploads\\\/sites\\\/8\\\/2020\\\/04\\\/cropped-cropped-tunnus_blogi-01.png\",\"width\":1342,\"height\":288,\"caption\":\"LAB Focus\"},\"image\":{\"@id\":\"https:\\\/\\\/blogit.lab.fi\\\/labfocus\\\/#\\\/schema\\\/logo\\\/image\\\/\"},\"sameAs\":[\"https:\\\/\\\/x.com\\\/LABfinland\"]},{\"@type\":\"Person\",\"@id\":\"https:\\\/\\\/blogit.lab.fi\\\/labfocus\\\/#\\\/schema\\\/person\\\/da729f65c4a2fb9fd8f0b1ec7a2ab7d0\",\"name\":\"tainask\",\"image\":{\"@type\":\"ImageObject\",\"inLanguage\":\"fi\",\"@id\":\"https:\\\/\\\/secure.gravatar.com\\\/avatar\\\/4a96427877ef826b76e80c27f60b266128094f522551459346efcf14282febb3?s=96&d=mm&r=g\",\"url\":\"https:\\\/\\\/secure.gravatar.com\\\/avatar\\\/4a96427877ef826b76e80c27f60b266128094f522551459346efcf14282febb3?s=96&d=mm&r=g\",\"contentUrl\":\"https:\\\/\\\/secure.gravatar.com\\\/avatar\\\/4a96427877ef826b76e80c27f60b266128094f522551459346efcf14282febb3?s=96&d=mm&r=g\",\"caption\":\"tainask\"},\"url\":\"https:\\\/\\\/blogit.lab.fi\\\/labfocus\\\/author\\\/tainask\\\/\"}]}<\/script>\n<!-- \/ Yoast SEO plugin. -->","yoast_head_json":{"title":"Vastuullisuusteot ja -suunnitelmat n\u00e4kyviksi vastuullisuusklinikalla - LAB Focus","description":"VALVE-hankkeessa j\u00e4rjestetyss\u00e4 tilaisuudessa pk-yritykset suunnittelivat vastuullisuusviestint\u00e4\u00e4ns\u00e4. LAB-ammattikorkeakoulu.","robots":{"index":"index","follow":"follow","max-snippet":"max-snippet:-1","max-image-preview":"max-image-preview:large","max-video-preview":"max-video-preview:-1"},"canonical":"https:\/\/blogit.lab.fi\/labfocus\/vastuullisuusteot-ja-suunnitelmat-nakyviksi-vastuullisuusklinikalla\/","og_locale":"fi_FI","og_type":"article","og_title":"Vastuullisuusteot ja -suunnitelmat n\u00e4kyviksi vastuullisuusklinikalla - LAB Focus","og_description":"VALVE-hankkeessa j\u00e4rjestetyss\u00e4 tilaisuudessa pk-yritykset suunnittelivat vastuullisuusviestint\u00e4\u00e4ns\u00e4. LAB-ammattikorkeakoulu.","og_url":"https:\/\/blogit.lab.fi\/labfocus\/vastuullisuusteot-ja-suunnitelmat-nakyviksi-vastuullisuusklinikalla\/","og_site_name":"LAB Focus","article_published_time":"2024-05-14T08:07:36+00:00","article_modified_time":"2024-05-14T08:07:37+00:00","og_image":[{"width":1280,"height":744,"url":"https:\/\/blogit.lab.fi\/labfocus\/wp-content\/uploads\/sites\/8\/2024\/05\/424_2024_Vastuullisuusklinikka_1.jpg","type":"image\/jpeg"}],"author":"tainask","twitter_card":"summary_large_image","twitter_creator":"@LABfinland","twitter_site":"@LABfinland","twitter_misc":{"Kirjoittanut":"tainask","Arvioitu lukuaika":"4 minuuttia"},"schema":{"@context":"https:\/\/schema.org","@graph":[{"@type":"Article","@id":"https:\/\/blogit.lab.fi\/labfocus\/vastuullisuusteot-ja-suunnitelmat-nakyviksi-vastuullisuusklinikalla\/#article","isPartOf":{"@id":"https:\/\/blogit.lab.fi\/labfocus\/vastuullisuusteot-ja-suunnitelmat-nakyviksi-vastuullisuusklinikalla\/"},"author":{"name":"tainask","@id":"https:\/\/blogit.lab.fi\/labfocus\/#\/schema\/person\/da729f65c4a2fb9fd8f0b1ec7a2ab7d0"},"headline":"Vastuullisuusteot ja -suunnitelmat n\u00e4kyviksi vastuullisuusklinikalla","datePublished":"2024-05-14T08:07:36+00:00","dateModified":"2024-05-14T08:07:37+00:00","mainEntityOfPage":{"@id":"https:\/\/blogit.lab.fi\/labfocus\/vastuullisuusteot-ja-suunnitelmat-nakyviksi-vastuullisuusklinikalla\/"},"wordCount":450,"publisher":{"@id":"https:\/\/blogit.lab.fi\/labfocus\/#organization"},"image":{"@id":"https:\/\/blogit.lab.fi\/labfocus\/vastuullisuusteot-ja-suunnitelmat-nakyviksi-vastuullisuusklinikalla\/#primaryimage"},"thumbnailUrl":"https:\/\/blogit.lab.fi\/labfocus\/wp-content\/uploads\/sites\/8\/2024\/05\/424_2024_Vastuullisuusklinikka_1.jpg","keywords":["Artikkeli E1","liiketoiminta","opiskelijayhteisty\u00f6","pk-yritykset","VALVE","vastuullisuus","vastuullisuusviestint\u00e4"],"articleSection":["Innovations","Uudistuva ja kehittyv\u00e4 yritt\u00e4jyys"],"inLanguage":"fi"},{"@type":"WebPage","@id":"https:\/\/blogit.lab.fi\/labfocus\/vastuullisuusteot-ja-suunnitelmat-nakyviksi-vastuullisuusklinikalla\/","url":"https:\/\/blogit.lab.fi\/labfocus\/vastuullisuusteot-ja-suunnitelmat-nakyviksi-vastuullisuusklinikalla\/","name":"Vastuullisuusteot ja -suunnitelmat n\u00e4kyviksi vastuullisuusklinikalla - LAB Focus","isPartOf":{"@id":"https:\/\/blogit.lab.fi\/labfocus\/#website"},"primaryImageOfPage":{"@id":"https:\/\/blogit.lab.fi\/labfocus\/vastuullisuusteot-ja-suunnitelmat-nakyviksi-vastuullisuusklinikalla\/#primaryimage"},"image":{"@id":"https:\/\/blogit.lab.fi\/labfocus\/vastuullisuusteot-ja-suunnitelmat-nakyviksi-vastuullisuusklinikalla\/#primaryimage"},"thumbnailUrl":"https:\/\/blogit.lab.fi\/labfocus\/wp-content\/uploads\/sites\/8\/2024\/05\/424_2024_Vastuullisuusklinikka_1.jpg","datePublished":"2024-05-14T08:07:36+00:00","dateModified":"2024-05-14T08:07:37+00:00","description":"VALVE-hankkeessa j\u00e4rjestetyss\u00e4 tilaisuudessa pk-yritykset suunnittelivat vastuullisuusviestint\u00e4\u00e4ns\u00e4. LAB-ammattikorkeakoulu.","breadcrumb":{"@id":"https:\/\/blogit.lab.fi\/labfocus\/vastuullisuusteot-ja-suunnitelmat-nakyviksi-vastuullisuusklinikalla\/#breadcrumb"},"inLanguage":"fi","potentialAction":[{"@type":"ReadAction","target":["https:\/\/blogit.lab.fi\/labfocus\/vastuullisuusteot-ja-suunnitelmat-nakyviksi-vastuullisuusklinikalla\/"]}]},{"@type":"ImageObject","inLanguage":"fi","@id":"https:\/\/blogit.lab.fi\/labfocus\/vastuullisuusteot-ja-suunnitelmat-nakyviksi-vastuullisuusklinikalla\/#primaryimage","url":"https:\/\/blogit.lab.fi\/labfocus\/wp-content\/uploads\/sites\/8\/2024\/05\/424_2024_Vastuullisuusklinikka_1.jpg","contentUrl":"https:\/\/blogit.lab.fi\/labfocus\/wp-content\/uploads\/sites\/8\/2024\/05\/424_2024_Vastuullisuusklinikka_1.jpg","width":1280,"height":744},{"@type":"BreadcrumbList","@id":"https:\/\/blogit.lab.fi\/labfocus\/vastuullisuusteot-ja-suunnitelmat-nakyviksi-vastuullisuusklinikalla\/#breadcrumb","itemListElement":[{"@type":"ListItem","position":1,"name":"Home","item":"https:\/\/blogit.lab.fi\/labfocus\/"},{"@type":"ListItem","position":2,"name":"Vastuullisuusteot ja -suunnitelmat n\u00e4kyviksi vastuullisuusklinikalla"}]},{"@type":"WebSite","@id":"https:\/\/blogit.lab.fi\/labfocus\/#website","url":"https:\/\/blogit.lab.fi\/labfocus\/","name":"LAB Focus","description":"Focus Area blog | LAB University of Applied Sciences","publisher":{"@id":"https:\/\/blogit.lab.fi\/labfocus\/#organization"},"potentialAction":[{"@type":"SearchAction","target":{"@type":"EntryPoint","urlTemplate":"https:\/\/blogit.lab.fi\/labfocus\/?s={search_term_string}"},"query-input":{"@type":"PropertyValueSpecification","valueRequired":true,"valueName":"search_term_string"}}],"inLanguage":"fi"},{"@type":"Organization","@id":"https:\/\/blogit.lab.fi\/labfocus\/#organization","name":"LAB Focus","url":"https:\/\/blogit.lab.fi\/labfocus\/","logo":{"@type":"ImageObject","inLanguage":"fi","@id":"https:\/\/blogit.lab.fi\/labfocus\/#\/schema\/logo\/image\/","url":"https:\/\/blogit.lab.fi\/labfocus\/wp-content\/uploads\/sites\/8\/2020\/04\/cropped-cropped-tunnus_blogi-01.png","contentUrl":"https:\/\/blogit.lab.fi\/labfocus\/wp-content\/uploads\/sites\/8\/2020\/04\/cropped-cropped-tunnus_blogi-01.png","width":1342,"height":288,"caption":"LAB Focus"},"image":{"@id":"https:\/\/blogit.lab.fi\/labfocus\/#\/schema\/logo\/image\/"},"sameAs":["https:\/\/x.com\/LABfinland"]},{"@type":"Person","@id":"https:\/\/blogit.lab.fi\/labfocus\/#\/schema\/person\/da729f65c4a2fb9fd8f0b1ec7a2ab7d0","name":"tainask","image":{"@type":"ImageObject","inLanguage":"fi","@id":"https:\/\/secure.gravatar.com\/avatar\/4a96427877ef826b76e80c27f60b266128094f522551459346efcf14282febb3?s=96&d=mm&r=g","url":"https:\/\/secure.gravatar.com\/avatar\/4a96427877ef826b76e80c27f60b266128094f522551459346efcf14282febb3?s=96&d=mm&r=g","contentUrl":"https:\/\/secure.gravatar.com\/avatar\/4a96427877ef826b76e80c27f60b266128094f522551459346efcf14282febb3?s=96&d=mm&r=g","caption":"tainask"},"url":"https:\/\/blogit.lab.fi\/labfocus\/author\/tainask\/"}]}},"_links":{"self":[{"href":"https:\/\/blogit.lab.fi\/labfocus\/wp-json\/wp\/v2\/posts\/19104","targetHints":{"allow":["GET"]}}],"collection":[{"href":"https:\/\/blogit.lab.fi\/labfocus\/wp-json\/wp\/v2\/posts"}],"about":[{"href":"https:\/\/blogit.lab.fi\/labfocus\/wp-json\/wp\/v2\/types\/post"}],"author":[{"embeddable":true,"href":"https:\/\/blogit.lab.fi\/labfocus\/wp-json\/wp\/v2\/users\/17"}],"replies":[{"embeddable":true,"href":"https:\/\/blogit.lab.fi\/labfocus\/wp-json\/wp\/v2\/comments?post=19104"}],"version-history":[{"count":3,"href":"https:\/\/blogit.lab.fi\/labfocus\/wp-json\/wp\/v2\/posts\/19104\/revisions"}],"predecessor-version":[{"id":19112,"href":"https:\/\/blogit.lab.fi\/labfocus\/wp-json\/wp\/v2\/posts\/19104\/revisions\/19112"}],"wp:featuredmedia":[{"embeddable":true,"href":"https:\/\/blogit.lab.fi\/labfocus\/wp-json\/wp\/v2\/media\/19106"}],"wp:attachment":[{"href":"https:\/\/blogit.lab.fi\/labfocus\/wp-json\/wp\/v2\/media?parent=19104"}],"wp:term":[{"taxonomy":"category","embeddable":true,"href":"https:\/\/blogit.lab.fi\/labfocus\/wp-json\/wp\/v2\/categories?post=19104"},{"taxonomy":"post_tag","embeddable":true,"href":"https:\/\/blogit.lab.fi\/labfocus\/wp-json\/wp\/v2\/tags?post=19104"}],"curies":[{"name":"wp","href":"https:\/\/api.w.org\/{rel}","templated":true}]}}