{"id":19431,"date":"2024-05-29T10:05:08","date_gmt":"2024-05-29T07:05:08","guid":{"rendered":"https:\/\/blogit.lab.fi\/labfocus\/?p=19431"},"modified":"2025-06-09T12:08:17","modified_gmt":"2025-06-09T09:08:17","slug":"kehittyvat-toimitilat-kestavan-tyomatkaliikkumisen-mahdollistajana","status":"publish","type":"post","link":"https:\/\/blogit.lab.fi\/labfocus\/kehittyvat-toimitilat-kestavan-tyomatkaliikkumisen-mahdollistajana\/","title":{"rendered":"Kehittyv\u00e4t toimitilat kest\u00e4v\u00e4n ty\u00f6matkaliikkumisen mahdollistajana"},"content":{"rendered":"\n<p>Yrityksen toimitiloilla on monta t\u00e4rke\u00e4\u00e4 teht\u00e4v\u00e4\u00e4. Ne mahdollistavat yrityksen toiminnan, luovat yrityskuvaa, vaikuttavat ty\u00f6ntekij\u00f6iden arjen sujuvuuteen ja ty\u00f6hyvinvointiin sek\u00e4 yrityksen kannattavuuteen. Tiloilta haetaankin nykyisin monipuolisia ominaisuuksia \u2012 toiminnallisuutta, tehokkuutta ja vetovoimaa, kun et\u00e4ty\u00f6h\u00f6n mieltyneit\u00e4 ty\u00f6ntekij\u00f6it\u00e4 halutaan kannustaa yhteis\u00f6jens\u00e4 pariin.<\/p>\n\n\n\n<p>Toimitilojen koko m\u00e4\u00e4rittyy yrityksen toiminnan ja sen tuomien tarpeiden mukaan, mutta tilaratkaisuissa kannattaa katse suunnata my\u00f6s tulevaan. Onko syyt\u00e4 asettua keskeiselle paikalle vai kenties syrj\u00e4isemp\u00e4\u00e4n osoitteeseen? Toimitilojen valintaan vaikuttavat muun muassa, millaisia ovat liikennevirrat alueella, millainen logistiikka yrityksell\u00e4 on, p\u00e4\u00e4seek\u00f6 paikalle julkisilla liikenneyhteyksill\u00e4 tai asettaako yrityksen toiminta erityisvaatimuksia ilmanvaihdolle tai \u00e4\u00e4nieristykselle (Suomen Yritt\u00e4j\u00e4t 2024).<\/p>\n\n\n\n<p>My\u00f6s kest\u00e4v\u00e4n kehityksen n\u00e4k\u00f6kulmat ovat monille yrityksille merkityksellisi\u00e4 tekij\u00f6it\u00e4 toimitiloja valittaessa. Yksi vaikuttava tekij\u00e4 on tilojen saavutettavuus \u2013 oli kyse sitten tuotantoymp\u00e4rist\u00f6st\u00e4, jossa etusijalla on tavaralogistiikka tai tietoty\u00f6st\u00e4, jossa yrityksen sijainti voi olla kilpailuetu tai jopa ty\u00f6voiman saatavuuden tulppa. (Anttila 2022.) Yritysten sijainnilla on my\u00f6s laajempaa vaikutusta alueen kest\u00e4vyystavoitteisiin ja niiden saavuttamiseen. Liikenteen ollessa merkitt\u00e4v\u00e4 p\u00e4\u00e4st\u00f6jen aiheuttaja on syyt\u00e4 mietti\u00e4, kuinka ty\u00f6ntekij\u00e4t voivat kulkea ty\u00f6matkansa kest\u00e4v\u00e4sti. Kest\u00e4v\u00e4n ty\u00f6matkaliikkumisen mahdollistaminen haastaa paitsi yrityksi\u00e4 my\u00f6s toimitilojen omistajia<\/p>\n\n\n\n<figure class=\"wp-block-image size-large\"><img loading=\"lazy\" decoding=\"async\" width=\"1024\" height=\"646\" src=\"https:\/\/blogit.lab.fi\/labfocus\/wp-content\/uploads\/sites\/8\/2024\/05\/429_2024_Kestavat-tyomatkaliikkumisen-ratkaisut-osana-toimitilojen-kiinnostavuutta-1024x646.jpg\" alt=\"\" class=\"wp-image-19432\" srcset=\"https:\/\/blogit.lab.fi\/labfocus\/wp-content\/uploads\/sites\/8\/2024\/05\/429_2024_Kestavat-tyomatkaliikkumisen-ratkaisut-osana-toimitilojen-kiinnostavuutta-1024x646.jpg 1024w, https:\/\/blogit.lab.fi\/labfocus\/wp-content\/uploads\/sites\/8\/2024\/05\/429_2024_Kestavat-tyomatkaliikkumisen-ratkaisut-osana-toimitilojen-kiinnostavuutta-300x189.jpg 300w, https:\/\/blogit.lab.fi\/labfocus\/wp-content\/uploads\/sites\/8\/2024\/05\/429_2024_Kestavat-tyomatkaliikkumisen-ratkaisut-osana-toimitilojen-kiinnostavuutta-768x484.jpg 768w, https:\/\/blogit.lab.fi\/labfocus\/wp-content\/uploads\/sites\/8\/2024\/05\/429_2024_Kestavat-tyomatkaliikkumisen-ratkaisut-osana-toimitilojen-kiinnostavuutta-570x359.jpg 570w, https:\/\/blogit.lab.fi\/labfocus\/wp-content\/uploads\/sites\/8\/2024\/05\/429_2024_Kestavat-tyomatkaliikkumisen-ratkaisut-osana-toimitilojen-kiinnostavuutta.jpg 1280w\" sizes=\"auto, (max-width: 1024px) 100vw, 1024px\" \/><figcaption class=\"wp-element-caption\">Kuva 1. Toimivat tilat kannustavat kest\u00e4v\u00e4\u00e4n ty\u00f6matkaliikkumiseen. (Kuva: Annukka Heinonen)<\/figcaption><\/figure>\n\n\n\n<h2 class=\"wp-block-heading\">Ratkaisuja nykyaikaisten ty\u00f6matkaliikkujien tarpeisiin<\/h2>\n\n\n\n<p>Lahtelaisorganisaatioiden kest\u00e4v\u00e4\u00e4 ty\u00f6matkaliikkumista tutkitaan ja kehitet\u00e4\u00e4n parhaillaan Lahden kaupungin, P\u00e4ij\u00e4t-H\u00e4meen hyvinvointialueen, LUT-yliopiston ja LAB-ammattikorkeakoulun yhteisess\u00e4 Systemic change towards sustainable commuting in Lahti \u2013 Sycla -hankkeessa. Siin\u00e4 ker\u00e4tty kyselyaineisto ja ty\u00f6paikkahavainnoinnit tukevat aiempien tutkimusten tuloksia siit\u00e4, ett\u00e4 kest\u00e4v\u00e4 ty\u00f6paikkaliikkuminen vaatii ty\u00f6nantajayrityksilt\u00e4 kest\u00e4v\u00e4n liikkumisen mahdollistamista ja tukemista (LAB 2024; Mujunen 2021). Ty\u00f6nantajien tulisikin tarjota erilaisilla kulkutavoilla liikkuville edellytykset kest\u00e4v\u00e4\u00e4n ty\u00f6matkaliikkumiseen.<\/p>\n\n\n\n<p>Isku Centerin toimitiloissa sijaitseva LABin ja LUTin Lahden kampus on yksi Sycla-hankkeen pilottiorganisaatioista, jossa kest\u00e4v\u00e4\u00e4 ty\u00f6matkaliikkumista pyrit\u00e4\u00e4n lis\u00e4\u00e4m\u00e4\u00e4n erilaisilla toimenpiteill\u00e4. Tiloja hallinnoivan Isku Oy:n kiinteist\u00f6p\u00e4\u00e4llikk\u00f6 Rauli Majuri (2024) kertoo, ett\u00e4 kest\u00e4vyysasioita on heill\u00e4 pohdittu etukenossa. Kiinteist\u00f6ss\u00e4 muun muassa hy\u00f6dynnet\u00e4\u00e4n osin oman aurinkos\u00e4hk\u00f6puiston tuottamaa s\u00e4hk\u00f6\u00e4 (Tapiom\u00e4ki 2021). Kest\u00e4v\u00e4\u00e4n ty\u00f6matkaliikkumiseen kannustavat jo olemassa olevat olosuhteet: julkisen liikenteen yhteydet ovat Isku Centerille hyv\u00e4t, yhteisk\u00e4ytt\u00f6s\u00e4hk\u00f6potkulautoja ja -kaupunkipy\u00f6ri\u00e4 voi vuokrata rakennuksen nurkalta, ja pihalla on s\u00e4hk\u00f6autojen latausasemia sek\u00e4 polkupy\u00f6r\u00e4parkki.<\/p>\n\n\n\n<p>Viime aikoina erityist\u00e4 kiinnostusta vuokralaisten keskuudessa on kuitenkin her\u00e4tt\u00e4nyt sis\u00e4tilojen 90-paikkainen polkupy\u00f6r\u00e4parkki. L\u00e4mmin ja turvallinen halli, josta l\u00f6ytyy pesupaikka ja huoltopiste py\u00f6rille, palvelee ymp\u00e4rivuotisia ty\u00f6matkapy\u00f6r\u00e4ilij\u00f6it\u00e4 tai kalliiden py\u00f6rien omistajia (Majuri 2024). Kehittyv\u00e4n kiinteist\u00f6n monipuoliset ratkaisut mahdollistavat yksil\u00f6lliset ty\u00f6matkaliikkumisen valinnat, kest\u00e4vyys huomioiden.<\/p>\n\n\n\n<div class=\"wp-block-group\"><div class=\"wp-block-group__inner-container is-layout-constrained wp-block-group-is-layout-constrained\">\n<div class=\"wp-block-group has-background\" style=\"background-color:#b3edfb\"><div class=\"wp-block-group__inner-container is-layout-constrained wp-block-group-is-layout-constrained\">\n<p>Kirjoittaja<\/p>\n\n\n\n<p><strong>Annukka Heinonen<\/strong> (tradenomi YAMK) ty\u00f6skentelee LAB-ammattikorkeakoulussa TKI-asiantuntijana ja on mukana Systemic change towards sustainable commuting in Lahti \u2013 Sycla -hankkeessa (LAB 2024), joka on osa 100 climate-neutral and smart cities by 2030-EU-missiota. Projekti saa rahoituksensa NetZeroCities-ohjelman kautta EU:n Horisontti2020 tutkimus- ja innovaatio-ohjelmasta (grant agreement No 101036519).<\/p>\n<\/div><\/div>\n<\/div><\/div>\n\n\n\n<figure class=\"wp-block-image size-full\"><img loading=\"lazy\" decoding=\"async\" width=\"830\" height=\"99\" src=\"https:\/\/blogit.lab.fi\/labfocus\/wp-content\/uploads\/sites\/8\/2024\/05\/Sycla-logot.jpg\" alt=\"\" class=\"wp-image-24472\" srcset=\"https:\/\/blogit.lab.fi\/labfocus\/wp-content\/uploads\/sites\/8\/2024\/05\/Sycla-logot.jpg 830w, https:\/\/blogit.lab.fi\/labfocus\/wp-content\/uploads\/sites\/8\/2024\/05\/Sycla-logot-300x36.jpg 300w, https:\/\/blogit.lab.fi\/labfocus\/wp-content\/uploads\/sites\/8\/2024\/05\/Sycla-logot-768x92.jpg 768w, https:\/\/blogit.lab.fi\/labfocus\/wp-content\/uploads\/sites\/8\/2024\/05\/Sycla-logot-570x68.jpg 570w\" sizes=\"auto, (max-width: 830px) 100vw, 830px\" \/><\/figure>\n\n\n\n<h2 class=\"wp-block-heading\">L\u00e4hteet<\/h2>\n\n\n\n<p>Anttila, J. 2022. Toimitilakehitt\u00e4misen trendit ja lis\u00e4arvo k\u00e4ytt\u00e4j\u00e4organisaatiolle. Diplomity\u00f6. Tampereen yliopisto, rakennustekniikan tutkinto-ohjelma. Viitattu 10.5.2024. Saatavissa <a href=\"https:\/\/trepo.tuni.fi\/bitstream\/handle\/10024\/142800\/AnttilaJuhana.pdf?sequence=2&amp;isAllowed=y\">https:\/\/trepo.tuni.fi\/bitstream\/handle\/10024\/142800\/AnttilaJuhana.pdf?sequence=2&amp;isAllowed=y<\/a><\/p>\n\n\n\n<p>LAB. 2024.Sycla. Systemic change towards sustainable commuting in Lahti \u2013 Sycla. Hanke. LAB-ammattikorkeakoulu<strong>. <\/strong>Viitattu 10.5.2024. Saatavissa <a href=\"https:\/\/lab.fi\/fi\/projekti\/sycla\">https:\/\/lab.fi\/fi\/projekti\/sycla<\/a><\/p>\n\n\n\n<p>Majuri, R. 2024. Haastattelu. 11.4.2024.<\/p>\n\n\n\n<p>Mujunen, M. 2021. Kest\u00e4v\u00e4n ja joustavan ty\u00f6matkaliikkumisen edist\u00e4minen henkil\u00f6st\u00f6eduin. Tapaustutkimus Tampereen kaupungin kehityshankkeesta . Diplomity\u00f6. Aalto-yliopisto. Viitattu 16.5.2024. Saatavissa <a href=\"https:\/\/aaltodoc.aalto.fi\/server\/api\/core\/bitstreams\/b7dc1fd3-aec8-4197-a0df-10d8a2dde080\/content\">https:\/\/aaltodoc.aalto.fi\/server\/api\/core\/bitstreams\/b7dc1fd3-aec8-4197-a0df-10d8a2dde080\/content<\/a><\/p>\n\n\n\n<p>Suomen Yritt\u00e4j\u00e4t. 2024. Yrityksen toimitilat. Viitattu 10.5.2024. Saatavissa <a href=\"https:\/\/www.yrittajat.fi\/tietopankki\/liiketoiminta\/tilat-ja-tyovalineet\/yrityksen-toimitilat\/\">https:\/\/www.yrittajat.fi\/tietopankki\/liiketoiminta\/tilat-ja-tyovalineet\/yrityksen-toimitilat\/<\/a><\/p>\n\n\n\n<p>Tapiom\u00e4ki, R. 2021. Lahteen rakennetaan yksi Suomen suurimmista aurinkos\u00e4hk\u00f6puistoista \u2013 6&nbsp;000 aurinkopaneelia Iskun tehtaan yhteyteen. Yle. Viitattu 10.5.2024. Saatavissa <a href=\"https:\/\/yle.fi\/a\/3-12120446\">https:\/\/yle.fi\/a\/3-12120446<\/a><\/p>\n\n\n\n<h1 class=\"wp-block-heading\">&nbsp;<\/h1>\n","protected":false},"excerpt":{"rendered":"<p>Yrityksen toimitiloilla on monta t\u00e4rke\u00e4\u00e4 teht\u00e4v\u00e4\u00e4. Ne mahdollistavat yrityksen toiminnan, luovat yrityskuvaa, vaikuttavat ty\u00f6ntekij\u00f6iden arjen sujuvuuteen ja ty\u00f6hyvinvointiin sek\u00e4 yrityksen kannattavuuteen. Tiloilta haetaankin nykyisin monipuolisia ominaisuuksia \u2012 toiminnallisuutta, tehokkuutta ja vetovoimaa, kun et\u00e4ty\u00f6h\u00f6n mieltyneit\u00e4 ty\u00f6ntekij\u00f6it\u00e4 halutaan kannustaa yhteis\u00f6jens\u00e4 pariin. Toimitilojen koko m\u00e4\u00e4rittyy yrityksen toiminnan ja sen tuomien tarpeiden mukaan, mutta tilaratkaisuissa kannattaa katse suunnata my\u00f6s [&hellip;]<\/p>\n","protected":false},"author":17,"featured_media":19432,"comment_status":"closed","ping_status":"open","sticky":false,"template":"","format":"standard","meta":{"footnotes":""},"categories":[19,407],"tags":[29,9551,7980,9553],"class_list":{"0":"post-19431","1":"post","2":"type-post","3":"status-publish","4":"format-standard","5":"has-post-thumbnail","7":"category-innovations_fi","8":"category-uudistuva-ja-kehittyva-yrittajyys","9":"tag-artikkeli-e1","10":"tag-kestava-tyomatkaliikkuminen","11":"tag-sycla","12":"tag-toimitilat","13":"czr-hentry"},"yoast_head":"<!-- This site is optimized with the Yoast SEO plugin v27.5 - https:\/\/yoast.com\/product\/yoast-seo-wordpress\/ -->\n<title>Kehittyv\u00e4t toimitilat kest\u00e4v\u00e4n ty\u00f6matkaliikkumisen mahdollistajana - LAB Focus<\/title>\n<meta name=\"description\" content=\"Sycla-hankkeessa edistet\u00e4\u00e4n kest\u00e4v\u00e4\u00e4 ty\u00f6matkaliikkumista. Lahdessa Isku Center on vastannut haasteisiin muun muassa polkupy\u00f6rien parkkihallilla.\" \/>\n<meta name=\"robots\" content=\"index, follow, max-snippet:-1, max-image-preview:large, max-video-preview:-1\" \/>\n<link rel=\"canonical\" href=\"https:\/\/blogit.lab.fi\/labfocus\/kehittyvat-toimitilat-kestavan-tyomatkaliikkumisen-mahdollistajana\/\" \/>\n<meta property=\"og:locale\" content=\"fi_FI\" \/>\n<meta property=\"og:type\" content=\"article\" \/>\n<meta property=\"og:title\" content=\"Kehittyv\u00e4t toimitilat kest\u00e4v\u00e4n ty\u00f6matkaliikkumisen mahdollistajana - LAB Focus\" \/>\n<meta property=\"og:description\" content=\"Sycla-hankkeessa edistet\u00e4\u00e4n kest\u00e4v\u00e4\u00e4 ty\u00f6matkaliikkumista. Lahdessa Isku Center on vastannut haasteisiin muun muassa polkupy\u00f6rien parkkihallilla.\" \/>\n<meta property=\"og:url\" content=\"https:\/\/blogit.lab.fi\/labfocus\/kehittyvat-toimitilat-kestavan-tyomatkaliikkumisen-mahdollistajana\/\" \/>\n<meta property=\"og:site_name\" content=\"LAB Focus\" \/>\n<meta property=\"article:published_time\" content=\"2024-05-29T07:05:08+00:00\" \/>\n<meta property=\"article:modified_time\" content=\"2025-06-09T09:08:17+00:00\" \/>\n<meta property=\"og:image\" content=\"https:\/\/blogit.lab.fi\/labfocus\/wp-content\/uploads\/sites\/8\/2024\/05\/429_2024_Kestavat-tyomatkaliikkumisen-ratkaisut-osana-toimitilojen-kiinnostavuutta.jpg\" \/>\n\t<meta property=\"og:image:width\" content=\"1280\" \/>\n\t<meta property=\"og:image:height\" content=\"807\" \/>\n\t<meta property=\"og:image:type\" content=\"image\/jpeg\" \/>\n<meta name=\"author\" content=\"tainask\" \/>\n<meta name=\"twitter:card\" content=\"summary_large_image\" \/>\n<meta name=\"twitter:creator\" content=\"@LABfinland\" \/>\n<meta name=\"twitter:site\" content=\"@LABfinland\" \/>\n<meta name=\"twitter:label1\" content=\"Kirjoittanut\" \/>\n\t<meta name=\"twitter:data1\" content=\"tainask\" \/>\n\t<meta name=\"twitter:label2\" content=\"Arvioitu lukuaika\" \/>\n\t<meta name=\"twitter:data2\" content=\"4 minuuttia\" \/>\n<script type=\"application\/ld+json\" class=\"yoast-schema-graph\">{\"@context\":\"https:\\\/\\\/schema.org\",\"@graph\":[{\"@type\":\"Article\",\"@id\":\"https:\\\/\\\/blogit.lab.fi\\\/labfocus\\\/kehittyvat-toimitilat-kestavan-tyomatkaliikkumisen-mahdollistajana\\\/#article\",\"isPartOf\":{\"@id\":\"https:\\\/\\\/blogit.lab.fi\\\/labfocus\\\/kehittyvat-toimitilat-kestavan-tyomatkaliikkumisen-mahdollistajana\\\/\"},\"author\":{\"name\":\"tainask\",\"@id\":\"https:\\\/\\\/blogit.lab.fi\\\/labfocus\\\/#\\\/schema\\\/person\\\/da729f65c4a2fb9fd8f0b1ec7a2ab7d0\"},\"headline\":\"Kehittyv\u00e4t toimitilat kest\u00e4v\u00e4n ty\u00f6matkaliikkumisen mahdollistajana\",\"datePublished\":\"2024-05-29T07:05:08+00:00\",\"dateModified\":\"2025-06-09T09:08:17+00:00\",\"mainEntityOfPage\":{\"@id\":\"https:\\\/\\\/blogit.lab.fi\\\/labfocus\\\/kehittyvat-toimitilat-kestavan-tyomatkaliikkumisen-mahdollistajana\\\/\"},\"wordCount\":647,\"publisher\":{\"@id\":\"https:\\\/\\\/blogit.lab.fi\\\/labfocus\\\/#organization\"},\"image\":{\"@id\":\"https:\\\/\\\/blogit.lab.fi\\\/labfocus\\\/kehittyvat-toimitilat-kestavan-tyomatkaliikkumisen-mahdollistajana\\\/#primaryimage\"},\"thumbnailUrl\":\"https:\\\/\\\/blogit.lab.fi\\\/labfocus\\\/wp-content\\\/uploads\\\/sites\\\/8\\\/2024\\\/05\\\/429_2024_Kestavat-tyomatkaliikkumisen-ratkaisut-osana-toimitilojen-kiinnostavuutta.jpg\",\"keywords\":[\"Artikkeli E1\",\"kest\u00e4v\u00e4 ty\u00f6matkaliikkuminen\",\"Sycla\",\"toimitilat\"],\"articleSection\":[\"Innovations\",\"Uudistuva ja kehittyv\u00e4 yritt\u00e4jyys\"],\"inLanguage\":\"fi\"},{\"@type\":\"WebPage\",\"@id\":\"https:\\\/\\\/blogit.lab.fi\\\/labfocus\\\/kehittyvat-toimitilat-kestavan-tyomatkaliikkumisen-mahdollistajana\\\/\",\"url\":\"https:\\\/\\\/blogit.lab.fi\\\/labfocus\\\/kehittyvat-toimitilat-kestavan-tyomatkaliikkumisen-mahdollistajana\\\/\",\"name\":\"Kehittyv\u00e4t toimitilat kest\u00e4v\u00e4n ty\u00f6matkaliikkumisen mahdollistajana - LAB Focus\",\"isPartOf\":{\"@id\":\"https:\\\/\\\/blogit.lab.fi\\\/labfocus\\\/#website\"},\"primaryImageOfPage\":{\"@id\":\"https:\\\/\\\/blogit.lab.fi\\\/labfocus\\\/kehittyvat-toimitilat-kestavan-tyomatkaliikkumisen-mahdollistajana\\\/#primaryimage\"},\"image\":{\"@id\":\"https:\\\/\\\/blogit.lab.fi\\\/labfocus\\\/kehittyvat-toimitilat-kestavan-tyomatkaliikkumisen-mahdollistajana\\\/#primaryimage\"},\"thumbnailUrl\":\"https:\\\/\\\/blogit.lab.fi\\\/labfocus\\\/wp-content\\\/uploads\\\/sites\\\/8\\\/2024\\\/05\\\/429_2024_Kestavat-tyomatkaliikkumisen-ratkaisut-osana-toimitilojen-kiinnostavuutta.jpg\",\"datePublished\":\"2024-05-29T07:05:08+00:00\",\"dateModified\":\"2025-06-09T09:08:17+00:00\",\"description\":\"Sycla-hankkeessa edistet\u00e4\u00e4n kest\u00e4v\u00e4\u00e4 ty\u00f6matkaliikkumista. Lahdessa Isku Center on vastannut haasteisiin muun muassa polkupy\u00f6rien parkkihallilla.\",\"breadcrumb\":{\"@id\":\"https:\\\/\\\/blogit.lab.fi\\\/labfocus\\\/kehittyvat-toimitilat-kestavan-tyomatkaliikkumisen-mahdollistajana\\\/#breadcrumb\"},\"inLanguage\":\"fi\",\"potentialAction\":[{\"@type\":\"ReadAction\",\"target\":[\"https:\\\/\\\/blogit.lab.fi\\\/labfocus\\\/kehittyvat-toimitilat-kestavan-tyomatkaliikkumisen-mahdollistajana\\\/\"]}]},{\"@type\":\"ImageObject\",\"inLanguage\":\"fi\",\"@id\":\"https:\\\/\\\/blogit.lab.fi\\\/labfocus\\\/kehittyvat-toimitilat-kestavan-tyomatkaliikkumisen-mahdollistajana\\\/#primaryimage\",\"url\":\"https:\\\/\\\/blogit.lab.fi\\\/labfocus\\\/wp-content\\\/uploads\\\/sites\\\/8\\\/2024\\\/05\\\/429_2024_Kestavat-tyomatkaliikkumisen-ratkaisut-osana-toimitilojen-kiinnostavuutta.jpg\",\"contentUrl\":\"https:\\\/\\\/blogit.lab.fi\\\/labfocus\\\/wp-content\\\/uploads\\\/sites\\\/8\\\/2024\\\/05\\\/429_2024_Kestavat-tyomatkaliikkumisen-ratkaisut-osana-toimitilojen-kiinnostavuutta.jpg\",\"width\":1280,\"height\":807},{\"@type\":\"BreadcrumbList\",\"@id\":\"https:\\\/\\\/blogit.lab.fi\\\/labfocus\\\/kehittyvat-toimitilat-kestavan-tyomatkaliikkumisen-mahdollistajana\\\/#breadcrumb\",\"itemListElement\":[{\"@type\":\"ListItem\",\"position\":1,\"name\":\"Home\",\"item\":\"https:\\\/\\\/blogit.lab.fi\\\/labfocus\\\/\"},{\"@type\":\"ListItem\",\"position\":2,\"name\":\"Kehittyv\u00e4t toimitilat kest\u00e4v\u00e4n ty\u00f6matkaliikkumisen mahdollistajana\"}]},{\"@type\":\"WebSite\",\"@id\":\"https:\\\/\\\/blogit.lab.fi\\\/labfocus\\\/#website\",\"url\":\"https:\\\/\\\/blogit.lab.fi\\\/labfocus\\\/\",\"name\":\"LAB Focus\",\"description\":\"Focus Area blog | LAB University of Applied Sciences\",\"publisher\":{\"@id\":\"https:\\\/\\\/blogit.lab.fi\\\/labfocus\\\/#organization\"},\"potentialAction\":[{\"@type\":\"SearchAction\",\"target\":{\"@type\":\"EntryPoint\",\"urlTemplate\":\"https:\\\/\\\/blogit.lab.fi\\\/labfocus\\\/?s={search_term_string}\"},\"query-input\":{\"@type\":\"PropertyValueSpecification\",\"valueRequired\":true,\"valueName\":\"search_term_string\"}}],\"inLanguage\":\"fi\"},{\"@type\":\"Organization\",\"@id\":\"https:\\\/\\\/blogit.lab.fi\\\/labfocus\\\/#organization\",\"name\":\"LAB Focus\",\"url\":\"https:\\\/\\\/blogit.lab.fi\\\/labfocus\\\/\",\"logo\":{\"@type\":\"ImageObject\",\"inLanguage\":\"fi\",\"@id\":\"https:\\\/\\\/blogit.lab.fi\\\/labfocus\\\/#\\\/schema\\\/logo\\\/image\\\/\",\"url\":\"https:\\\/\\\/blogit.lab.fi\\\/labfocus\\\/wp-content\\\/uploads\\\/sites\\\/8\\\/2020\\\/04\\\/cropped-cropped-tunnus_blogi-01.png\",\"contentUrl\":\"https:\\\/\\\/blogit.lab.fi\\\/labfocus\\\/wp-content\\\/uploads\\\/sites\\\/8\\\/2020\\\/04\\\/cropped-cropped-tunnus_blogi-01.png\",\"width\":1342,\"height\":288,\"caption\":\"LAB Focus\"},\"image\":{\"@id\":\"https:\\\/\\\/blogit.lab.fi\\\/labfocus\\\/#\\\/schema\\\/logo\\\/image\\\/\"},\"sameAs\":[\"https:\\\/\\\/x.com\\\/LABfinland\"]},{\"@type\":\"Person\",\"@id\":\"https:\\\/\\\/blogit.lab.fi\\\/labfocus\\\/#\\\/schema\\\/person\\\/da729f65c4a2fb9fd8f0b1ec7a2ab7d0\",\"name\":\"tainask\",\"image\":{\"@type\":\"ImageObject\",\"inLanguage\":\"fi\",\"@id\":\"https:\\\/\\\/secure.gravatar.com\\\/avatar\\\/4a96427877ef826b76e80c27f60b266128094f522551459346efcf14282febb3?s=96&d=mm&r=g\",\"url\":\"https:\\\/\\\/secure.gravatar.com\\\/avatar\\\/4a96427877ef826b76e80c27f60b266128094f522551459346efcf14282febb3?s=96&d=mm&r=g\",\"contentUrl\":\"https:\\\/\\\/secure.gravatar.com\\\/avatar\\\/4a96427877ef826b76e80c27f60b266128094f522551459346efcf14282febb3?s=96&d=mm&r=g\",\"caption\":\"tainask\"},\"url\":\"https:\\\/\\\/blogit.lab.fi\\\/labfocus\\\/author\\\/tainask\\\/\"}]}<\/script>\n<!-- \/ Yoast SEO plugin. -->","yoast_head_json":{"title":"Kehittyv\u00e4t toimitilat kest\u00e4v\u00e4n ty\u00f6matkaliikkumisen mahdollistajana - LAB Focus","description":"Sycla-hankkeessa edistet\u00e4\u00e4n kest\u00e4v\u00e4\u00e4 ty\u00f6matkaliikkumista. Lahdessa Isku Center on vastannut haasteisiin muun muassa polkupy\u00f6rien parkkihallilla.","robots":{"index":"index","follow":"follow","max-snippet":"max-snippet:-1","max-image-preview":"max-image-preview:large","max-video-preview":"max-video-preview:-1"},"canonical":"https:\/\/blogit.lab.fi\/labfocus\/kehittyvat-toimitilat-kestavan-tyomatkaliikkumisen-mahdollistajana\/","og_locale":"fi_FI","og_type":"article","og_title":"Kehittyv\u00e4t toimitilat kest\u00e4v\u00e4n ty\u00f6matkaliikkumisen mahdollistajana - LAB Focus","og_description":"Sycla-hankkeessa edistet\u00e4\u00e4n kest\u00e4v\u00e4\u00e4 ty\u00f6matkaliikkumista. Lahdessa Isku Center on vastannut haasteisiin muun muassa polkupy\u00f6rien parkkihallilla.","og_url":"https:\/\/blogit.lab.fi\/labfocus\/kehittyvat-toimitilat-kestavan-tyomatkaliikkumisen-mahdollistajana\/","og_site_name":"LAB Focus","article_published_time":"2024-05-29T07:05:08+00:00","article_modified_time":"2025-06-09T09:08:17+00:00","og_image":[{"width":1280,"height":807,"url":"https:\/\/blogit.lab.fi\/labfocus\/wp-content\/uploads\/sites\/8\/2024\/05\/429_2024_Kestavat-tyomatkaliikkumisen-ratkaisut-osana-toimitilojen-kiinnostavuutta.jpg","type":"image\/jpeg"}],"author":"tainask","twitter_card":"summary_large_image","twitter_creator":"@LABfinland","twitter_site":"@LABfinland","twitter_misc":{"Kirjoittanut":"tainask","Arvioitu lukuaika":"4 minuuttia"},"schema":{"@context":"https:\/\/schema.org","@graph":[{"@type":"Article","@id":"https:\/\/blogit.lab.fi\/labfocus\/kehittyvat-toimitilat-kestavan-tyomatkaliikkumisen-mahdollistajana\/#article","isPartOf":{"@id":"https:\/\/blogit.lab.fi\/labfocus\/kehittyvat-toimitilat-kestavan-tyomatkaliikkumisen-mahdollistajana\/"},"author":{"name":"tainask","@id":"https:\/\/blogit.lab.fi\/labfocus\/#\/schema\/person\/da729f65c4a2fb9fd8f0b1ec7a2ab7d0"},"headline":"Kehittyv\u00e4t toimitilat kest\u00e4v\u00e4n ty\u00f6matkaliikkumisen mahdollistajana","datePublished":"2024-05-29T07:05:08+00:00","dateModified":"2025-06-09T09:08:17+00:00","mainEntityOfPage":{"@id":"https:\/\/blogit.lab.fi\/labfocus\/kehittyvat-toimitilat-kestavan-tyomatkaliikkumisen-mahdollistajana\/"},"wordCount":647,"publisher":{"@id":"https:\/\/blogit.lab.fi\/labfocus\/#organization"},"image":{"@id":"https:\/\/blogit.lab.fi\/labfocus\/kehittyvat-toimitilat-kestavan-tyomatkaliikkumisen-mahdollistajana\/#primaryimage"},"thumbnailUrl":"https:\/\/blogit.lab.fi\/labfocus\/wp-content\/uploads\/sites\/8\/2024\/05\/429_2024_Kestavat-tyomatkaliikkumisen-ratkaisut-osana-toimitilojen-kiinnostavuutta.jpg","keywords":["Artikkeli E1","kest\u00e4v\u00e4 ty\u00f6matkaliikkuminen","Sycla","toimitilat"],"articleSection":["Innovations","Uudistuva ja kehittyv\u00e4 yritt\u00e4jyys"],"inLanguage":"fi"},{"@type":"WebPage","@id":"https:\/\/blogit.lab.fi\/labfocus\/kehittyvat-toimitilat-kestavan-tyomatkaliikkumisen-mahdollistajana\/","url":"https:\/\/blogit.lab.fi\/labfocus\/kehittyvat-toimitilat-kestavan-tyomatkaliikkumisen-mahdollistajana\/","name":"Kehittyv\u00e4t toimitilat kest\u00e4v\u00e4n ty\u00f6matkaliikkumisen mahdollistajana - LAB Focus","isPartOf":{"@id":"https:\/\/blogit.lab.fi\/labfocus\/#website"},"primaryImageOfPage":{"@id":"https:\/\/blogit.lab.fi\/labfocus\/kehittyvat-toimitilat-kestavan-tyomatkaliikkumisen-mahdollistajana\/#primaryimage"},"image":{"@id":"https:\/\/blogit.lab.fi\/labfocus\/kehittyvat-toimitilat-kestavan-tyomatkaliikkumisen-mahdollistajana\/#primaryimage"},"thumbnailUrl":"https:\/\/blogit.lab.fi\/labfocus\/wp-content\/uploads\/sites\/8\/2024\/05\/429_2024_Kestavat-tyomatkaliikkumisen-ratkaisut-osana-toimitilojen-kiinnostavuutta.jpg","datePublished":"2024-05-29T07:05:08+00:00","dateModified":"2025-06-09T09:08:17+00:00","description":"Sycla-hankkeessa edistet\u00e4\u00e4n kest\u00e4v\u00e4\u00e4 ty\u00f6matkaliikkumista. Lahdessa Isku Center on vastannut haasteisiin muun muassa polkupy\u00f6rien parkkihallilla.","breadcrumb":{"@id":"https:\/\/blogit.lab.fi\/labfocus\/kehittyvat-toimitilat-kestavan-tyomatkaliikkumisen-mahdollistajana\/#breadcrumb"},"inLanguage":"fi","potentialAction":[{"@type":"ReadAction","target":["https:\/\/blogit.lab.fi\/labfocus\/kehittyvat-toimitilat-kestavan-tyomatkaliikkumisen-mahdollistajana\/"]}]},{"@type":"ImageObject","inLanguage":"fi","@id":"https:\/\/blogit.lab.fi\/labfocus\/kehittyvat-toimitilat-kestavan-tyomatkaliikkumisen-mahdollistajana\/#primaryimage","url":"https:\/\/blogit.lab.fi\/labfocus\/wp-content\/uploads\/sites\/8\/2024\/05\/429_2024_Kestavat-tyomatkaliikkumisen-ratkaisut-osana-toimitilojen-kiinnostavuutta.jpg","contentUrl":"https:\/\/blogit.lab.fi\/labfocus\/wp-content\/uploads\/sites\/8\/2024\/05\/429_2024_Kestavat-tyomatkaliikkumisen-ratkaisut-osana-toimitilojen-kiinnostavuutta.jpg","width":1280,"height":807},{"@type":"BreadcrumbList","@id":"https:\/\/blogit.lab.fi\/labfocus\/kehittyvat-toimitilat-kestavan-tyomatkaliikkumisen-mahdollistajana\/#breadcrumb","itemListElement":[{"@type":"ListItem","position":1,"name":"Home","item":"https:\/\/blogit.lab.fi\/labfocus\/"},{"@type":"ListItem","position":2,"name":"Kehittyv\u00e4t toimitilat kest\u00e4v\u00e4n ty\u00f6matkaliikkumisen mahdollistajana"}]},{"@type":"WebSite","@id":"https:\/\/blogit.lab.fi\/labfocus\/#website","url":"https:\/\/blogit.lab.fi\/labfocus\/","name":"LAB Focus","description":"Focus Area blog | LAB University of Applied Sciences","publisher":{"@id":"https:\/\/blogit.lab.fi\/labfocus\/#organization"},"potentialAction":[{"@type":"SearchAction","target":{"@type":"EntryPoint","urlTemplate":"https:\/\/blogit.lab.fi\/labfocus\/?s={search_term_string}"},"query-input":{"@type":"PropertyValueSpecification","valueRequired":true,"valueName":"search_term_string"}}],"inLanguage":"fi"},{"@type":"Organization","@id":"https:\/\/blogit.lab.fi\/labfocus\/#organization","name":"LAB Focus","url":"https:\/\/blogit.lab.fi\/labfocus\/","logo":{"@type":"ImageObject","inLanguage":"fi","@id":"https:\/\/blogit.lab.fi\/labfocus\/#\/schema\/logo\/image\/","url":"https:\/\/blogit.lab.fi\/labfocus\/wp-content\/uploads\/sites\/8\/2020\/04\/cropped-cropped-tunnus_blogi-01.png","contentUrl":"https:\/\/blogit.lab.fi\/labfocus\/wp-content\/uploads\/sites\/8\/2020\/04\/cropped-cropped-tunnus_blogi-01.png","width":1342,"height":288,"caption":"LAB Focus"},"image":{"@id":"https:\/\/blogit.lab.fi\/labfocus\/#\/schema\/logo\/image\/"},"sameAs":["https:\/\/x.com\/LABfinland"]},{"@type":"Person","@id":"https:\/\/blogit.lab.fi\/labfocus\/#\/schema\/person\/da729f65c4a2fb9fd8f0b1ec7a2ab7d0","name":"tainask","image":{"@type":"ImageObject","inLanguage":"fi","@id":"https:\/\/secure.gravatar.com\/avatar\/4a96427877ef826b76e80c27f60b266128094f522551459346efcf14282febb3?s=96&d=mm&r=g","url":"https:\/\/secure.gravatar.com\/avatar\/4a96427877ef826b76e80c27f60b266128094f522551459346efcf14282febb3?s=96&d=mm&r=g","contentUrl":"https:\/\/secure.gravatar.com\/avatar\/4a96427877ef826b76e80c27f60b266128094f522551459346efcf14282febb3?s=96&d=mm&r=g","caption":"tainask"},"url":"https:\/\/blogit.lab.fi\/labfocus\/author\/tainask\/"}]}},"_links":{"self":[{"href":"https:\/\/blogit.lab.fi\/labfocus\/wp-json\/wp\/v2\/posts\/19431","targetHints":{"allow":["GET"]}}],"collection":[{"href":"https:\/\/blogit.lab.fi\/labfocus\/wp-json\/wp\/v2\/posts"}],"about":[{"href":"https:\/\/blogit.lab.fi\/labfocus\/wp-json\/wp\/v2\/types\/post"}],"author":[{"embeddable":true,"href":"https:\/\/blogit.lab.fi\/labfocus\/wp-json\/wp\/v2\/users\/17"}],"replies":[{"embeddable":true,"href":"https:\/\/blogit.lab.fi\/labfocus\/wp-json\/wp\/v2\/comments?post=19431"}],"version-history":[{"count":3,"href":"https:\/\/blogit.lab.fi\/labfocus\/wp-json\/wp\/v2\/posts\/19431\/revisions"}],"predecessor-version":[{"id":24473,"href":"https:\/\/blogit.lab.fi\/labfocus\/wp-json\/wp\/v2\/posts\/19431\/revisions\/24473"}],"wp:featuredmedia":[{"embeddable":true,"href":"https:\/\/blogit.lab.fi\/labfocus\/wp-json\/wp\/v2\/media\/19432"}],"wp:attachment":[{"href":"https:\/\/blogit.lab.fi\/labfocus\/wp-json\/wp\/v2\/media?parent=19431"}],"wp:term":[{"taxonomy":"category","embeddable":true,"href":"https:\/\/blogit.lab.fi\/labfocus\/wp-json\/wp\/v2\/categories?post=19431"},{"taxonomy":"post_tag","embeddable":true,"href":"https:\/\/blogit.lab.fi\/labfocus\/wp-json\/wp\/v2\/tags?post=19431"}],"curies":[{"name":"wp","href":"https:\/\/api.w.org\/{rel}","templated":true}]}}