{"id":20018,"date":"2024-06-19T14:59:27","date_gmt":"2024-06-19T11:59:27","guid":{"rendered":"https:\/\/blogit.lab.fi\/labfocus\/?p=20018"},"modified":"2024-06-19T14:59:29","modified_gmt":"2024-06-19T11:59:29","slug":"paikallisista-tarinoista-sisaltoa-etela-karjalan-matkailuun","status":"publish","type":"post","link":"https:\/\/blogit.lab.fi\/labfocus\/paikallisista-tarinoista-sisaltoa-etela-karjalan-matkailuun\/","title":{"rendered":"Paikallisista tarinoista sis\u00e4lt\u00f6\u00e4 Etel\u00e4-Karjalan matkailuun"},"content":{"rendered":"\n<p>Kulttuurimatkailun kansallisen kehitt\u00e4misen tiekartassa ennakoidaan aineettoman kulttuuriperinn\u00f6n merkityksen kasvua matkailussa. Etel\u00e4-Karjalassa on runsaasti linnavuoria, kalliomaalauksia ja luontoymp\u00e4rist\u00f6ss\u00e4 sijaitsevia rakennettuja kulttuuriymp\u00e4rist\u00f6j\u00e4, jotka tunnetaan my\u00f6s matkailun\u00e4ht\u00e4vyyksin\u00e4. Fyysisten rakenteiden lis\u00e4ksi alueen historiankirjoista l\u00f6ytyy runsaasti ihmisen ja luonnon suhteeseen liittyv\u00e4\u00e4 aineetonta kulttuuriperint\u00f6\u00e4, kuten er\u00e4nk\u00e4ynnin sek\u00e4 maa- ja mets\u00e4talouden perinteit\u00e4. N\u00e4iden tarinoiden n\u00e4kyv\u00e4ksi tekeminen voisi avata uusia mahdollisuuksia matkailun kehitt\u00e4miseen.<\/p>\n\n\n\n<p>Luonto ja kulttuuri ovat merkitt\u00e4vi\u00e4 vetovoimatekij\u00f6it\u00e4 matkailussa. Vaikka tietoa on runsaasti, se on hajanaista ja vaikeasti hy\u00f6dynnett\u00e4viss\u00e4 matkailuyritt\u00e4jien n\u00e4k\u00f6kulmasta. Luonnon kulttuuriperint\u00f6 on aina ainutlaatuista ja matkakohteesta riippuvaa, mik\u00e4 tarjoaa kilpailuedun muihin kohteisiin verrattuna. Etel\u00e4-Karjalassa sijaitseva Kummakivi on t\u00e4st\u00e4 hyv\u00e4 esimerkki. T\u00e4m\u00e4 vaikuttava lohkare on j\u00e4\u00e4nyt kallion p\u00e4\u00e4lle keikkumaan j\u00e4\u00e4kauden j\u00e4lkeisen\u00e4 aikana, ja se on yksi monista alueen geologisista n\u00e4ht\u00e4vyyksist\u00e4. Kummakivi on noin seitsem\u00e4n metrin pituinen siirtolohkare, joka lep\u00e4\u00e4 kapealla kallioalustalla niin pienell\u00e4 pinta-alalla, ett\u00e4 se n\u00e4ytt\u00e4\u00e4 miltei liikkuvan (GoSaimaa 2024).<\/p>\n\n\n\n<figure class=\"wp-block-image size-large\"><img loading=\"lazy\" decoding=\"async\" width=\"1024\" height=\"584\" src=\"https:\/\/blogit.lab.fi\/labfocus\/wp-content\/uploads\/sites\/8\/2024\/06\/611_2024_Paikallisista-tarinoista-sisaltoa-Etela-Karjalan-matkailuun_1-1024x584.jpg\" alt=\"[Alt-teksti: piirroskuva kuperan kallion p\u00e4\u00e4ll\u00e4 kuin tyhj\u00e4n p\u00e4\u00e4ll\u00e4 lep\u00e4\u00e4v\u00e4st\u00e4 suuresta lohkareesta, vierell\u00e4 retkeilij\u00f6it\u00e4 ihmettelem\u00e4ss\u00e4 n\u00e4kym\u00e4\u00e4.]\" class=\"wp-image-20019\" srcset=\"https:\/\/blogit.lab.fi\/labfocus\/wp-content\/uploads\/sites\/8\/2024\/06\/611_2024_Paikallisista-tarinoista-sisaltoa-Etela-Karjalan-matkailuun_1-1024x584.jpg 1024w, https:\/\/blogit.lab.fi\/labfocus\/wp-content\/uploads\/sites\/8\/2024\/06\/611_2024_Paikallisista-tarinoista-sisaltoa-Etela-Karjalan-matkailuun_1-300x171.jpg 300w, https:\/\/blogit.lab.fi\/labfocus\/wp-content\/uploads\/sites\/8\/2024\/06\/611_2024_Paikallisista-tarinoista-sisaltoa-Etela-Karjalan-matkailuun_1-768x438.jpg 768w, https:\/\/blogit.lab.fi\/labfocus\/wp-content\/uploads\/sites\/8\/2024\/06\/611_2024_Paikallisista-tarinoista-sisaltoa-Etela-Karjalan-matkailuun_1-570x325.jpg 570w, https:\/\/blogit.lab.fi\/labfocus\/wp-content\/uploads\/sites\/8\/2024\/06\/611_2024_Paikallisista-tarinoista-sisaltoa-Etela-Karjalan-matkailuun_1.jpg 1280w\" sizes=\"auto, (max-width: 1024px) 100vw, 1024px\" \/><figcaption class=\"wp-element-caption\">Kuva 1. Kummakivi Ruokolahdella Haukonsalossa. (Kuva: Lara Dawood)<\/figcaption><\/figure>\n\n\n\n<p>Luontokohteiden kulttuuriperinn\u00f6st\u00e4 vetovoimaa rajaseudun matkailuun -hankkeemme (LAB 2024) pyrkii her\u00e4tt\u00e4m\u00e4\u00e4n kiinnostusta paikalliseen perint\u00f6\u00f6mme. J\u00e4rjestimme tarinailtoja, joissa osallistujat saivat jakaa tarinoitaan ja kokemuksiaan luonnon ja kulttuurin yhtym\u00e4kohdista. Tapahtumien tarkoituksena oli koota paikalliset tarinat yhteen tarinapankkiin ja tuottaa niist\u00e4 julkaisuja hankkeen aikana. Tarinaillat j\u00e4rjestettiin 8.6.2024 Hiitolanjoen avajaisten yhteydess\u00e4 sek\u00e4 18.6.2024 Ruokolahden tiistaitarinoissa.<\/p>\n\n\n\n<p>Etel\u00e4-Karjalan luonnon kulttuuriperint\u00f6 muistuttaa, miten luonto ja ihmiset ovat kulkeneet k\u00e4si k\u00e4dess\u00e4 vuosituhansien ajan. Se on my\u00f6s osa Etel\u00e4-Karjalan paikallisidentiteetti\u00e4, jossa korostuvat aitous, reiluus ja rempse\u00e4 ote el\u00e4m\u00e4\u00e4n. Paikallisidentiteettiin sis\u00e4ltyv\u00e4t my\u00f6s hienovaraisemmat tarinat ihmisten ja luonnon kanssak\u00e4ymisest\u00e4, joita hankkeessamme nyt ker\u00e4t\u00e4\u00e4n. Kulttuuriperinn\u00f6n n\u00e4kyv\u00e4ksi tekeminen vaikuttaa alueen koettuun viihtyisyyteen asumisen n\u00e4k\u00f6kulmasta. Pitk\u00e4ll\u00e4 t\u00e4ht\u00e4imell\u00e4 t\u00e4m\u00e4 koettu viihtyisyys hy\u00f6dytt\u00e4\u00e4 alueen elinkeinoel\u00e4m\u00e4\u00e4 esimerkiksi ty\u00f6voiman saatavuuden sek\u00e4 matkailua tukevien paikallisten palvelujen kehittymisen kautta.<\/p>\n\n\n\n<h2 class=\"wp-block-heading\">Valttikortti Saimaa<\/h2>\n\n\n\n<p>Etel\u00e4-Karjalan pinta-alasta noin 20 % on vett\u00e4, ja alueen vahvin vetovoimatekij\u00e4 on maamme suurin j\u00e4rvi Saimaa hiekkarantoineen, kanavineen ja saaristoineen. Vesill\u00e4 liikkumiseen ja veteen liittyviin elinkeinoihin liittyy runsaasti kulttuuriperint\u00f6\u00e4 ja tarinoita, jotka ovat matkailun kannalta eritt\u00e4in vetovoimaisia. Esimerkiksi Saimaan kehityshistoria ja Hiitolanjoen monet vaiheet voitaisiin popularisoimalla ja visualisoimalla tuoda paremmin esille alueen matkailussa. Digitalisaation avulla Saimaan vaikeasti saavutettavien saarikohteiden perinnemaisemat ja tarinat voitaisiin tarjota virtuaaliymp\u00e4rist\u00f6in\u00e4, jolloin ne olisivat saavutettavissa vaikka kotisohvalta k\u00e4sin.<\/p>\n\n\n\n<figure class=\"wp-block-image size-large\"><img loading=\"lazy\" decoding=\"async\" width=\"1024\" height=\"542\" src=\"https:\/\/blogit.lab.fi\/labfocus\/wp-content\/uploads\/sites\/8\/2024\/06\/611_2024_Paikallisista-tarinoista-sisaltoa-Etela-Karjalan-matkailuun_2-1024x542.jpg\" alt=\"[Alt-teksti: piirroskuva jokimaisemasta ja kuohuvan joen ylitt\u00e4v\u00e4st\u00e4 puusillasta, jolla k\u00e4velee kaksi reppuselk\u00e4ist\u00e4 retkeilij\u00e4\u00e4.]\" class=\"wp-image-20020\" srcset=\"https:\/\/blogit.lab.fi\/labfocus\/wp-content\/uploads\/sites\/8\/2024\/06\/611_2024_Paikallisista-tarinoista-sisaltoa-Etela-Karjalan-matkailuun_2-1024x542.jpg 1024w, https:\/\/blogit.lab.fi\/labfocus\/wp-content\/uploads\/sites\/8\/2024\/06\/611_2024_Paikallisista-tarinoista-sisaltoa-Etela-Karjalan-matkailuun_2-300x159.jpg 300w, https:\/\/blogit.lab.fi\/labfocus\/wp-content\/uploads\/sites\/8\/2024\/06\/611_2024_Paikallisista-tarinoista-sisaltoa-Etela-Karjalan-matkailuun_2-768x407.jpg 768w, https:\/\/blogit.lab.fi\/labfocus\/wp-content\/uploads\/sites\/8\/2024\/06\/611_2024_Paikallisista-tarinoista-sisaltoa-Etela-Karjalan-matkailuun_2-570x302.jpg 570w, https:\/\/blogit.lab.fi\/labfocus\/wp-content\/uploads\/sites\/8\/2024\/06\/611_2024_Paikallisista-tarinoista-sisaltoa-Etela-Karjalan-matkailuun_2.jpg 1280w\" sizes=\"auto, (max-width: 1024px) 100vw, 1024px\" \/><figcaption class=\"wp-element-caption\">Kuva 2. Maisemaa Hiitolanjoelta. (Kuva: Lara Dawood)<\/figcaption><\/figure>\n\n\n\n<p>Hanke tulee jakamaan tarinailloissa ker\u00e4ttyj\u00e4 tarinoita eri muodoissa alueen matkailuelinkeinon k\u00e4ytt\u00f6\u00f6n. Tarinoita popularisoidaan ja visualisoidaan helposti kulutettavaan muotoon suurelle yleis\u00f6lle. Tarinapankki tulee olemaan avoin kaikille, tarjoten uusia mahdollisuuksia my\u00f6s hankkeen j\u00e4lkeen (Tommola 2024).<\/p>\n\n\n\n<div class=\"wp-block-group\"><div class=\"wp-block-group__inner-container is-layout-constrained wp-block-group-is-layout-constrained\">\n<div class=\"wp-block-group has-background\" style=\"background-color:#b3edfb\"><div class=\"wp-block-group__inner-container is-layout-constrained wp-block-group-is-layout-constrained\">\n<p>Kirjoittaja<\/p>\n\n\n\n<p><strong>Minna Ahlst\u00e9n<\/strong> ty\u00f6skentelee TKI-asiantuntijana LAB-ammattikorkeakoulussa p\u00e4\u00e4osin matkailun hankkeiden parissa. Luontokohteiden kulttuuriperinn\u00f6st\u00e4 vetovoimaa rajaseudun matkailuun -hankkeessa pyrit\u00e4\u00e4n tuottamaan kallisarvoista tietoa luonnon kulttuuriperinn\u00f6n tuotteistamisesta ja soveltamaan sit\u00e4 Etel\u00e4-Karjalan alueelle yhteisty\u00f6ss\u00e4 paikallisten toimijoiden kanssa.<\/p>\n<\/div><\/div>\n<\/div><\/div>\n\n\n<div class=\"wp-block-image\">\n<figure class=\"aligncenter size-full is-resized\"><img loading=\"lazy\" decoding=\"async\" width=\"1000\" height=\"210\" src=\"https:\/\/blogit.lab.fi\/labfocus\/wp-content\/uploads\/sites\/8\/2024\/06\/Euroopan-unionin-osarahoittama-vaaka-keltatahdet_fi-7.jpg\" alt=\"\" class=\"wp-image-20021\" style=\"width:405px;height:auto\" srcset=\"https:\/\/blogit.lab.fi\/labfocus\/wp-content\/uploads\/sites\/8\/2024\/06\/Euroopan-unionin-osarahoittama-vaaka-keltatahdet_fi-7.jpg 1000w, https:\/\/blogit.lab.fi\/labfocus\/wp-content\/uploads\/sites\/8\/2024\/06\/Euroopan-unionin-osarahoittama-vaaka-keltatahdet_fi-7-300x63.jpg 300w, https:\/\/blogit.lab.fi\/labfocus\/wp-content\/uploads\/sites\/8\/2024\/06\/Euroopan-unionin-osarahoittama-vaaka-keltatahdet_fi-7-768x161.jpg 768w, https:\/\/blogit.lab.fi\/labfocus\/wp-content\/uploads\/sites\/8\/2024\/06\/Euroopan-unionin-osarahoittama-vaaka-keltatahdet_fi-7-570x120.jpg 570w\" sizes=\"auto, (max-width: 1000px) 100vw, 1000px\" \/><\/figure>\n<\/div>\n\n\n<h2 class=\"wp-block-heading\">L\u00e4hteet<\/h2>\n\n\n\n<p>GoSaimaa. 2024. Kummakivi. Viitattu 11.6.2024. Saatavissa <a href=\"https:\/\/gosaimaa.com\/kummakivi\/\">https:\/\/gosaimaa.com\/kummakivi\/<\/a><\/p>\n\n\n\n<p>LAB. 2024. Luontokohteiden kulttuuriperinn\u00f6st\u00e4 vetovoimaa rajaseudun matkailuun -hanke. Projektin kotisivut. LAB-ammattikorkeakoulu. Viitattu 24.4.2024. Saatavissa <a href=\"https:\/\/lab.fi\/fi\/projekti\/luontokohteiden-kulttuuriperinnosta-vetovoimaa-rajaseudun-matkailuun\">https:\/\/lab.fi\/fi\/projekti\/luontokohteiden-kulttuuriperinnosta-vetovoimaa-rajaseudun-matkailuun<\/a><\/p>\n\n\n\n<p>Tommola, P. 2024. Kulttuuriperinn\u00f6n popularisoinnista ja visualisoinnista vetovoimaa matkailuun. LAB Focus. Viitattu 17.6.2024. Saatavissa <a href=\"https:\/\/blogit.lab.fi\/labfocus\/kulttuuriperinnon-popularisoinnista-ja-visualisoinnista-vetovoimaa-matkailuun\/\">Kulttuuriperinn\u00f6n popularisoinnista ja visualisoinnista vetovoimaa matkailuun &#8211; LAB Focus<\/a><\/p>\n","protected":false},"excerpt":{"rendered":"<p>Kulttuurimatkailun kansallisen kehitt\u00e4misen tiekartassa ennakoidaan aineettoman kulttuuriperinn\u00f6n merkityksen kasvua matkailussa. Etel\u00e4-Karjalassa on runsaasti linnavuoria, kalliomaalauksia ja luontoymp\u00e4rist\u00f6ss\u00e4 sijaitsevia rakennettuja kulttuuriymp\u00e4rist\u00f6j\u00e4, jotka tunnetaan my\u00f6s matkailun\u00e4ht\u00e4vyyksin\u00e4. Fyysisten rakenteiden lis\u00e4ksi alueen historiankirjoista l\u00f6ytyy runsaasti ihmisen ja luonnon suhteeseen liittyv\u00e4\u00e4 aineetonta kulttuuriperint\u00f6\u00e4, kuten er\u00e4nk\u00e4ynnin sek\u00e4 maa- ja mets\u00e4talouden perinteit\u00e4. N\u00e4iden tarinoiden n\u00e4kyv\u00e4ksi tekeminen voisi avata uusia mahdollisuuksia matkailun kehitt\u00e4miseen. [&hellip;]<\/p>\n","protected":false},"author":17,"featured_media":20019,"comment_status":"closed","ping_status":"open","sticky":false,"template":"","format":"standard","meta":{"footnotes":""},"categories":[19,407],"tags":[29,8701,191,9412],"class_list":{"0":"post-20018","1":"post","2":"type-post","3":"status-publish","4":"format-standard","5":"has-post-thumbnail","7":"category-innovations_fi","8":"category-uudistuva-ja-kehittyva-yrittajyys","9":"tag-artikkeli-e1","10":"tag-luontokohteiden-kulttuuriperinnosta-vetovoimaa-rajaseudun-matkailuun","11":"tag-luontomatkailu","12":"tag-tarinat-fi","13":"czr-hentry"},"yoast_head":"<!-- This site is optimized with the Yoast SEO plugin v27.4 - https:\/\/yoast.com\/product\/yoast-seo-wordpress\/ -->\n<title>Paikallisista tarinoista sis\u00e4lt\u00f6\u00e4 Etel\u00e4-Karjalan matkailuun - LAB Focus<\/title>\n<meta name=\"description\" content=\"Luontokohteiden kulttuuriperint\u00f6\u00e4 tutkivassa hankkeessa on ker\u00e4tty talteen etel\u00e4karjalaisia tarinoita, jotka el\u00e4v\u00f6itt\u00e4v\u00e4t luontomatkailua.\" \/>\n<meta name=\"robots\" content=\"index, follow, max-snippet:-1, max-image-preview:large, max-video-preview:-1\" \/>\n<link rel=\"canonical\" href=\"https:\/\/blogit.lab.fi\/labfocus\/paikallisista-tarinoista-sisaltoa-etela-karjalan-matkailuun\/\" \/>\n<meta property=\"og:locale\" content=\"fi_FI\" \/>\n<meta property=\"og:type\" content=\"article\" \/>\n<meta property=\"og:title\" content=\"Paikallisista tarinoista sis\u00e4lt\u00f6\u00e4 Etel\u00e4-Karjalan matkailuun - LAB Focus\" \/>\n<meta property=\"og:description\" content=\"Luontokohteiden kulttuuriperint\u00f6\u00e4 tutkivassa hankkeessa on ker\u00e4tty talteen etel\u00e4karjalaisia tarinoita, jotka el\u00e4v\u00f6itt\u00e4v\u00e4t luontomatkailua.\" \/>\n<meta property=\"og:url\" content=\"https:\/\/blogit.lab.fi\/labfocus\/paikallisista-tarinoista-sisaltoa-etela-karjalan-matkailuun\/\" \/>\n<meta property=\"og:site_name\" content=\"LAB Focus\" \/>\n<meta property=\"article:published_time\" content=\"2024-06-19T11:59:27+00:00\" \/>\n<meta property=\"article:modified_time\" content=\"2024-06-19T11:59:29+00:00\" \/>\n<meta property=\"og:image\" content=\"https:\/\/blogit.lab.fi\/labfocus\/wp-content\/uploads\/sites\/8\/2024\/06\/611_2024_Paikallisista-tarinoista-sisaltoa-Etela-Karjalan-matkailuun_1.jpg\" \/>\n\t<meta property=\"og:image:width\" content=\"1280\" \/>\n\t<meta property=\"og:image:height\" content=\"730\" \/>\n\t<meta property=\"og:image:type\" content=\"image\/jpeg\" \/>\n<meta name=\"author\" content=\"tainask\" \/>\n<meta name=\"twitter:card\" content=\"summary_large_image\" \/>\n<meta name=\"twitter:creator\" content=\"@LABfinland\" \/>\n<meta name=\"twitter:site\" content=\"@LABfinland\" \/>\n<meta name=\"twitter:label1\" content=\"Kirjoittanut\" \/>\n\t<meta name=\"twitter:data1\" content=\"tainask\" \/>\n\t<meta name=\"twitter:label2\" content=\"Arvioitu lukuaika\" \/>\n\t<meta name=\"twitter:data2\" content=\"4 minuuttia\" \/>\n<script type=\"application\/ld+json\" class=\"yoast-schema-graph\">{\"@context\":\"https:\\\/\\\/schema.org\",\"@graph\":[{\"@type\":\"Article\",\"@id\":\"https:\\\/\\\/blogit.lab.fi\\\/labfocus\\\/paikallisista-tarinoista-sisaltoa-etela-karjalan-matkailuun\\\/#article\",\"isPartOf\":{\"@id\":\"https:\\\/\\\/blogit.lab.fi\\\/labfocus\\\/paikallisista-tarinoista-sisaltoa-etela-karjalan-matkailuun\\\/\"},\"author\":{\"name\":\"tainask\",\"@id\":\"https:\\\/\\\/blogit.lab.fi\\\/labfocus\\\/#\\\/schema\\\/person\\\/da729f65c4a2fb9fd8f0b1ec7a2ab7d0\"},\"headline\":\"Paikallisista tarinoista sis\u00e4lt\u00f6\u00e4 Etel\u00e4-Karjalan matkailuun\",\"datePublished\":\"2024-06-19T11:59:27+00:00\",\"dateModified\":\"2024-06-19T11:59:29+00:00\",\"mainEntityOfPage\":{\"@id\":\"https:\\\/\\\/blogit.lab.fi\\\/labfocus\\\/paikallisista-tarinoista-sisaltoa-etela-karjalan-matkailuun\\\/\"},\"wordCount\":547,\"publisher\":{\"@id\":\"https:\\\/\\\/blogit.lab.fi\\\/labfocus\\\/#organization\"},\"image\":{\"@id\":\"https:\\\/\\\/blogit.lab.fi\\\/labfocus\\\/paikallisista-tarinoista-sisaltoa-etela-karjalan-matkailuun\\\/#primaryimage\"},\"thumbnailUrl\":\"https:\\\/\\\/blogit.lab.fi\\\/labfocus\\\/wp-content\\\/uploads\\\/sites\\\/8\\\/2024\\\/06\\\/611_2024_Paikallisista-tarinoista-sisaltoa-Etela-Karjalan-matkailuun_1.jpg\",\"keywords\":[\"Artikkeli E1\",\"Luontokohteiden kulttuuriperinn\u00f6st\u00e4 vetovoimaa rajaseudun matkailuun\",\"luontomatkailu\",\"tarinat\"],\"articleSection\":[\"Innovations\",\"Uudistuva ja kehittyv\u00e4 yritt\u00e4jyys\"],\"inLanguage\":\"fi\"},{\"@type\":\"WebPage\",\"@id\":\"https:\\\/\\\/blogit.lab.fi\\\/labfocus\\\/paikallisista-tarinoista-sisaltoa-etela-karjalan-matkailuun\\\/\",\"url\":\"https:\\\/\\\/blogit.lab.fi\\\/labfocus\\\/paikallisista-tarinoista-sisaltoa-etela-karjalan-matkailuun\\\/\",\"name\":\"Paikallisista tarinoista sis\u00e4lt\u00f6\u00e4 Etel\u00e4-Karjalan matkailuun - LAB Focus\",\"isPartOf\":{\"@id\":\"https:\\\/\\\/blogit.lab.fi\\\/labfocus\\\/#website\"},\"primaryImageOfPage\":{\"@id\":\"https:\\\/\\\/blogit.lab.fi\\\/labfocus\\\/paikallisista-tarinoista-sisaltoa-etela-karjalan-matkailuun\\\/#primaryimage\"},\"image\":{\"@id\":\"https:\\\/\\\/blogit.lab.fi\\\/labfocus\\\/paikallisista-tarinoista-sisaltoa-etela-karjalan-matkailuun\\\/#primaryimage\"},\"thumbnailUrl\":\"https:\\\/\\\/blogit.lab.fi\\\/labfocus\\\/wp-content\\\/uploads\\\/sites\\\/8\\\/2024\\\/06\\\/611_2024_Paikallisista-tarinoista-sisaltoa-Etela-Karjalan-matkailuun_1.jpg\",\"datePublished\":\"2024-06-19T11:59:27+00:00\",\"dateModified\":\"2024-06-19T11:59:29+00:00\",\"description\":\"Luontokohteiden kulttuuriperint\u00f6\u00e4 tutkivassa hankkeessa on ker\u00e4tty talteen etel\u00e4karjalaisia tarinoita, jotka el\u00e4v\u00f6itt\u00e4v\u00e4t luontomatkailua.\",\"breadcrumb\":{\"@id\":\"https:\\\/\\\/blogit.lab.fi\\\/labfocus\\\/paikallisista-tarinoista-sisaltoa-etela-karjalan-matkailuun\\\/#breadcrumb\"},\"inLanguage\":\"fi\",\"potentialAction\":[{\"@type\":\"ReadAction\",\"target\":[\"https:\\\/\\\/blogit.lab.fi\\\/labfocus\\\/paikallisista-tarinoista-sisaltoa-etela-karjalan-matkailuun\\\/\"]}]},{\"@type\":\"ImageObject\",\"inLanguage\":\"fi\",\"@id\":\"https:\\\/\\\/blogit.lab.fi\\\/labfocus\\\/paikallisista-tarinoista-sisaltoa-etela-karjalan-matkailuun\\\/#primaryimage\",\"url\":\"https:\\\/\\\/blogit.lab.fi\\\/labfocus\\\/wp-content\\\/uploads\\\/sites\\\/8\\\/2024\\\/06\\\/611_2024_Paikallisista-tarinoista-sisaltoa-Etela-Karjalan-matkailuun_1.jpg\",\"contentUrl\":\"https:\\\/\\\/blogit.lab.fi\\\/labfocus\\\/wp-content\\\/uploads\\\/sites\\\/8\\\/2024\\\/06\\\/611_2024_Paikallisista-tarinoista-sisaltoa-Etela-Karjalan-matkailuun_1.jpg\",\"width\":1280,\"height\":730},{\"@type\":\"BreadcrumbList\",\"@id\":\"https:\\\/\\\/blogit.lab.fi\\\/labfocus\\\/paikallisista-tarinoista-sisaltoa-etela-karjalan-matkailuun\\\/#breadcrumb\",\"itemListElement\":[{\"@type\":\"ListItem\",\"position\":1,\"name\":\"Home\",\"item\":\"https:\\\/\\\/blogit.lab.fi\\\/labfocus\\\/\"},{\"@type\":\"ListItem\",\"position\":2,\"name\":\"Paikallisista tarinoista sis\u00e4lt\u00f6\u00e4 Etel\u00e4-Karjalan matkailuun\"}]},{\"@type\":\"WebSite\",\"@id\":\"https:\\\/\\\/blogit.lab.fi\\\/labfocus\\\/#website\",\"url\":\"https:\\\/\\\/blogit.lab.fi\\\/labfocus\\\/\",\"name\":\"LAB Focus\",\"description\":\"Focus Area blog | LAB University of Applied Sciences\",\"publisher\":{\"@id\":\"https:\\\/\\\/blogit.lab.fi\\\/labfocus\\\/#organization\"},\"potentialAction\":[{\"@type\":\"SearchAction\",\"target\":{\"@type\":\"EntryPoint\",\"urlTemplate\":\"https:\\\/\\\/blogit.lab.fi\\\/labfocus\\\/?s={search_term_string}\"},\"query-input\":{\"@type\":\"PropertyValueSpecification\",\"valueRequired\":true,\"valueName\":\"search_term_string\"}}],\"inLanguage\":\"fi\"},{\"@type\":\"Organization\",\"@id\":\"https:\\\/\\\/blogit.lab.fi\\\/labfocus\\\/#organization\",\"name\":\"LAB Focus\",\"url\":\"https:\\\/\\\/blogit.lab.fi\\\/labfocus\\\/\",\"logo\":{\"@type\":\"ImageObject\",\"inLanguage\":\"fi\",\"@id\":\"https:\\\/\\\/blogit.lab.fi\\\/labfocus\\\/#\\\/schema\\\/logo\\\/image\\\/\",\"url\":\"https:\\\/\\\/blogit.lab.fi\\\/labfocus\\\/wp-content\\\/uploads\\\/sites\\\/8\\\/2020\\\/04\\\/cropped-cropped-tunnus_blogi-01.png\",\"contentUrl\":\"https:\\\/\\\/blogit.lab.fi\\\/labfocus\\\/wp-content\\\/uploads\\\/sites\\\/8\\\/2020\\\/04\\\/cropped-cropped-tunnus_blogi-01.png\",\"width\":1342,\"height\":288,\"caption\":\"LAB Focus\"},\"image\":{\"@id\":\"https:\\\/\\\/blogit.lab.fi\\\/labfocus\\\/#\\\/schema\\\/logo\\\/image\\\/\"},\"sameAs\":[\"https:\\\/\\\/x.com\\\/LABfinland\"]},{\"@type\":\"Person\",\"@id\":\"https:\\\/\\\/blogit.lab.fi\\\/labfocus\\\/#\\\/schema\\\/person\\\/da729f65c4a2fb9fd8f0b1ec7a2ab7d0\",\"name\":\"tainask\",\"image\":{\"@type\":\"ImageObject\",\"inLanguage\":\"fi\",\"@id\":\"https:\\\/\\\/secure.gravatar.com\\\/avatar\\\/4a96427877ef826b76e80c27f60b266128094f522551459346efcf14282febb3?s=96&d=mm&r=g\",\"url\":\"https:\\\/\\\/secure.gravatar.com\\\/avatar\\\/4a96427877ef826b76e80c27f60b266128094f522551459346efcf14282febb3?s=96&d=mm&r=g\",\"contentUrl\":\"https:\\\/\\\/secure.gravatar.com\\\/avatar\\\/4a96427877ef826b76e80c27f60b266128094f522551459346efcf14282febb3?s=96&d=mm&r=g\",\"caption\":\"tainask\"},\"url\":\"https:\\\/\\\/blogit.lab.fi\\\/labfocus\\\/author\\\/tainask\\\/\"}]}<\/script>\n<!-- \/ Yoast SEO plugin. -->","yoast_head_json":{"title":"Paikallisista tarinoista sis\u00e4lt\u00f6\u00e4 Etel\u00e4-Karjalan matkailuun - LAB Focus","description":"Luontokohteiden kulttuuriperint\u00f6\u00e4 tutkivassa hankkeessa on ker\u00e4tty talteen etel\u00e4karjalaisia tarinoita, jotka el\u00e4v\u00f6itt\u00e4v\u00e4t luontomatkailua.","robots":{"index":"index","follow":"follow","max-snippet":"max-snippet:-1","max-image-preview":"max-image-preview:large","max-video-preview":"max-video-preview:-1"},"canonical":"https:\/\/blogit.lab.fi\/labfocus\/paikallisista-tarinoista-sisaltoa-etela-karjalan-matkailuun\/","og_locale":"fi_FI","og_type":"article","og_title":"Paikallisista tarinoista sis\u00e4lt\u00f6\u00e4 Etel\u00e4-Karjalan matkailuun - LAB Focus","og_description":"Luontokohteiden kulttuuriperint\u00f6\u00e4 tutkivassa hankkeessa on ker\u00e4tty talteen etel\u00e4karjalaisia tarinoita, jotka el\u00e4v\u00f6itt\u00e4v\u00e4t luontomatkailua.","og_url":"https:\/\/blogit.lab.fi\/labfocus\/paikallisista-tarinoista-sisaltoa-etela-karjalan-matkailuun\/","og_site_name":"LAB Focus","article_published_time":"2024-06-19T11:59:27+00:00","article_modified_time":"2024-06-19T11:59:29+00:00","og_image":[{"width":1280,"height":730,"url":"https:\/\/blogit.lab.fi\/labfocus\/wp-content\/uploads\/sites\/8\/2024\/06\/611_2024_Paikallisista-tarinoista-sisaltoa-Etela-Karjalan-matkailuun_1.jpg","type":"image\/jpeg"}],"author":"tainask","twitter_card":"summary_large_image","twitter_creator":"@LABfinland","twitter_site":"@LABfinland","twitter_misc":{"Kirjoittanut":"tainask","Arvioitu lukuaika":"4 minuuttia"},"schema":{"@context":"https:\/\/schema.org","@graph":[{"@type":"Article","@id":"https:\/\/blogit.lab.fi\/labfocus\/paikallisista-tarinoista-sisaltoa-etela-karjalan-matkailuun\/#article","isPartOf":{"@id":"https:\/\/blogit.lab.fi\/labfocus\/paikallisista-tarinoista-sisaltoa-etela-karjalan-matkailuun\/"},"author":{"name":"tainask","@id":"https:\/\/blogit.lab.fi\/labfocus\/#\/schema\/person\/da729f65c4a2fb9fd8f0b1ec7a2ab7d0"},"headline":"Paikallisista tarinoista sis\u00e4lt\u00f6\u00e4 Etel\u00e4-Karjalan matkailuun","datePublished":"2024-06-19T11:59:27+00:00","dateModified":"2024-06-19T11:59:29+00:00","mainEntityOfPage":{"@id":"https:\/\/blogit.lab.fi\/labfocus\/paikallisista-tarinoista-sisaltoa-etela-karjalan-matkailuun\/"},"wordCount":547,"publisher":{"@id":"https:\/\/blogit.lab.fi\/labfocus\/#organization"},"image":{"@id":"https:\/\/blogit.lab.fi\/labfocus\/paikallisista-tarinoista-sisaltoa-etela-karjalan-matkailuun\/#primaryimage"},"thumbnailUrl":"https:\/\/blogit.lab.fi\/labfocus\/wp-content\/uploads\/sites\/8\/2024\/06\/611_2024_Paikallisista-tarinoista-sisaltoa-Etela-Karjalan-matkailuun_1.jpg","keywords":["Artikkeli E1","Luontokohteiden kulttuuriperinn\u00f6st\u00e4 vetovoimaa rajaseudun matkailuun","luontomatkailu","tarinat"],"articleSection":["Innovations","Uudistuva ja kehittyv\u00e4 yritt\u00e4jyys"],"inLanguage":"fi"},{"@type":"WebPage","@id":"https:\/\/blogit.lab.fi\/labfocus\/paikallisista-tarinoista-sisaltoa-etela-karjalan-matkailuun\/","url":"https:\/\/blogit.lab.fi\/labfocus\/paikallisista-tarinoista-sisaltoa-etela-karjalan-matkailuun\/","name":"Paikallisista tarinoista sis\u00e4lt\u00f6\u00e4 Etel\u00e4-Karjalan matkailuun - LAB Focus","isPartOf":{"@id":"https:\/\/blogit.lab.fi\/labfocus\/#website"},"primaryImageOfPage":{"@id":"https:\/\/blogit.lab.fi\/labfocus\/paikallisista-tarinoista-sisaltoa-etela-karjalan-matkailuun\/#primaryimage"},"image":{"@id":"https:\/\/blogit.lab.fi\/labfocus\/paikallisista-tarinoista-sisaltoa-etela-karjalan-matkailuun\/#primaryimage"},"thumbnailUrl":"https:\/\/blogit.lab.fi\/labfocus\/wp-content\/uploads\/sites\/8\/2024\/06\/611_2024_Paikallisista-tarinoista-sisaltoa-Etela-Karjalan-matkailuun_1.jpg","datePublished":"2024-06-19T11:59:27+00:00","dateModified":"2024-06-19T11:59:29+00:00","description":"Luontokohteiden kulttuuriperint\u00f6\u00e4 tutkivassa hankkeessa on ker\u00e4tty talteen etel\u00e4karjalaisia tarinoita, jotka el\u00e4v\u00f6itt\u00e4v\u00e4t luontomatkailua.","breadcrumb":{"@id":"https:\/\/blogit.lab.fi\/labfocus\/paikallisista-tarinoista-sisaltoa-etela-karjalan-matkailuun\/#breadcrumb"},"inLanguage":"fi","potentialAction":[{"@type":"ReadAction","target":["https:\/\/blogit.lab.fi\/labfocus\/paikallisista-tarinoista-sisaltoa-etela-karjalan-matkailuun\/"]}]},{"@type":"ImageObject","inLanguage":"fi","@id":"https:\/\/blogit.lab.fi\/labfocus\/paikallisista-tarinoista-sisaltoa-etela-karjalan-matkailuun\/#primaryimage","url":"https:\/\/blogit.lab.fi\/labfocus\/wp-content\/uploads\/sites\/8\/2024\/06\/611_2024_Paikallisista-tarinoista-sisaltoa-Etela-Karjalan-matkailuun_1.jpg","contentUrl":"https:\/\/blogit.lab.fi\/labfocus\/wp-content\/uploads\/sites\/8\/2024\/06\/611_2024_Paikallisista-tarinoista-sisaltoa-Etela-Karjalan-matkailuun_1.jpg","width":1280,"height":730},{"@type":"BreadcrumbList","@id":"https:\/\/blogit.lab.fi\/labfocus\/paikallisista-tarinoista-sisaltoa-etela-karjalan-matkailuun\/#breadcrumb","itemListElement":[{"@type":"ListItem","position":1,"name":"Home","item":"https:\/\/blogit.lab.fi\/labfocus\/"},{"@type":"ListItem","position":2,"name":"Paikallisista tarinoista sis\u00e4lt\u00f6\u00e4 Etel\u00e4-Karjalan matkailuun"}]},{"@type":"WebSite","@id":"https:\/\/blogit.lab.fi\/labfocus\/#website","url":"https:\/\/blogit.lab.fi\/labfocus\/","name":"LAB Focus","description":"Focus Area blog | LAB University of Applied Sciences","publisher":{"@id":"https:\/\/blogit.lab.fi\/labfocus\/#organization"},"potentialAction":[{"@type":"SearchAction","target":{"@type":"EntryPoint","urlTemplate":"https:\/\/blogit.lab.fi\/labfocus\/?s={search_term_string}"},"query-input":{"@type":"PropertyValueSpecification","valueRequired":true,"valueName":"search_term_string"}}],"inLanguage":"fi"},{"@type":"Organization","@id":"https:\/\/blogit.lab.fi\/labfocus\/#organization","name":"LAB Focus","url":"https:\/\/blogit.lab.fi\/labfocus\/","logo":{"@type":"ImageObject","inLanguage":"fi","@id":"https:\/\/blogit.lab.fi\/labfocus\/#\/schema\/logo\/image\/","url":"https:\/\/blogit.lab.fi\/labfocus\/wp-content\/uploads\/sites\/8\/2020\/04\/cropped-cropped-tunnus_blogi-01.png","contentUrl":"https:\/\/blogit.lab.fi\/labfocus\/wp-content\/uploads\/sites\/8\/2020\/04\/cropped-cropped-tunnus_blogi-01.png","width":1342,"height":288,"caption":"LAB Focus"},"image":{"@id":"https:\/\/blogit.lab.fi\/labfocus\/#\/schema\/logo\/image\/"},"sameAs":["https:\/\/x.com\/LABfinland"]},{"@type":"Person","@id":"https:\/\/blogit.lab.fi\/labfocus\/#\/schema\/person\/da729f65c4a2fb9fd8f0b1ec7a2ab7d0","name":"tainask","image":{"@type":"ImageObject","inLanguage":"fi","@id":"https:\/\/secure.gravatar.com\/avatar\/4a96427877ef826b76e80c27f60b266128094f522551459346efcf14282febb3?s=96&d=mm&r=g","url":"https:\/\/secure.gravatar.com\/avatar\/4a96427877ef826b76e80c27f60b266128094f522551459346efcf14282febb3?s=96&d=mm&r=g","contentUrl":"https:\/\/secure.gravatar.com\/avatar\/4a96427877ef826b76e80c27f60b266128094f522551459346efcf14282febb3?s=96&d=mm&r=g","caption":"tainask"},"url":"https:\/\/blogit.lab.fi\/labfocus\/author\/tainask\/"}]}},"_links":{"self":[{"href":"https:\/\/blogit.lab.fi\/labfocus\/wp-json\/wp\/v2\/posts\/20018","targetHints":{"allow":["GET"]}}],"collection":[{"href":"https:\/\/blogit.lab.fi\/labfocus\/wp-json\/wp\/v2\/posts"}],"about":[{"href":"https:\/\/blogit.lab.fi\/labfocus\/wp-json\/wp\/v2\/types\/post"}],"author":[{"embeddable":true,"href":"https:\/\/blogit.lab.fi\/labfocus\/wp-json\/wp\/v2\/users\/17"}],"replies":[{"embeddable":true,"href":"https:\/\/blogit.lab.fi\/labfocus\/wp-json\/wp\/v2\/comments?post=20018"}],"version-history":[{"count":3,"href":"https:\/\/blogit.lab.fi\/labfocus\/wp-json\/wp\/v2\/posts\/20018\/revisions"}],"predecessor-version":[{"id":20024,"href":"https:\/\/blogit.lab.fi\/labfocus\/wp-json\/wp\/v2\/posts\/20018\/revisions\/20024"}],"wp:featuredmedia":[{"embeddable":true,"href":"https:\/\/blogit.lab.fi\/labfocus\/wp-json\/wp\/v2\/media\/20019"}],"wp:attachment":[{"href":"https:\/\/blogit.lab.fi\/labfocus\/wp-json\/wp\/v2\/media?parent=20018"}],"wp:term":[{"taxonomy":"category","embeddable":true,"href":"https:\/\/blogit.lab.fi\/labfocus\/wp-json\/wp\/v2\/categories?post=20018"},{"taxonomy":"post_tag","embeddable":true,"href":"https:\/\/blogit.lab.fi\/labfocus\/wp-json\/wp\/v2\/tags?post=20018"}],"curies":[{"name":"wp","href":"https:\/\/api.w.org\/{rel}","templated":true}]}}