{"id":20121,"date":"2024-06-28T10:13:13","date_gmt":"2024-06-28T07:13:13","guid":{"rendered":"https:\/\/blogit.lab.fi\/labfocus\/?p=20121"},"modified":"2024-06-28T10:54:21","modified_gmt":"2024-06-28T07:54:21","slug":"nuorten-valinnat-toisen-asteen-koulutuksen-ja-maaseudun-yrittajyyden-vetovoimaisuus-etela-karjalassa","status":"publish","type":"post","link":"https:\/\/blogit.lab.fi\/labfocus\/nuorten-valinnat-toisen-asteen-koulutuksen-ja-maaseudun-yrittajyyden-vetovoimaisuus-etela-karjalassa\/","title":{"rendered":"Nuorten valinnat: toisen asteen koulutuksen ja maaseudun yritt\u00e4jyyden vetovoimaisuus Etel\u00e4-Karjalassa"},"content":{"rendered":"\n<p>Maaseudun ammattien ja yritt\u00e4jyyden roolia kest\u00e4vyyssiirtym\u00e4ss\u00e4 tulee tarkastella my\u00f6s nuorten n\u00e4k\u00f6kulmasta. MAMIKSA \u2012 Maaseudun mikroyritykset kest\u00e4vyyssiirtym\u00e4n ajureina -hankkeessa (LAB 2024) on perehdytty nuorten yritt\u00e4jyysasenteisiin, ammatillisiin toiveisiin ja tulevaisuuden haaveisiin huomioiden ty\u00f6llistymist\u00e4 ja toisen asteen koulutuksen vetovoimaisuutta omassa maakunnassa.&nbsp;<\/p>\n\n\n\n<p>Oman paikkakunnan lukio kiinnostaa, ja se on monelle ensisijainen vaihtoehto ammatillisten oppilaitosten sijoittuessa kasvukeskuksiin. Savitaipaleen lukiolaisilla on positiivinen n\u00e4kemys my\u00f6s yritt\u00e4jyydest\u00e4, ja erilaiset ammatilliset haaveet vaikuttavat siihen, minne tulevaisuudessa sijoittua. Nuorten ratkaisuilla on merkityst\u00e4 paikkakuntien elinvoimaisuudelle. (LAB 2024)<\/p>\n\n\n\n<figure class=\"wp-block-image size-large\"><img loading=\"lazy\" decoding=\"async\" width=\"1024\" height=\"633\" src=\"https:\/\/blogit.lab.fi\/labfocus\/wp-content\/uploads\/sites\/8\/2024\/06\/621_2024_Nuorten-valinnat-etc-1024x633.jpg\" alt=\"[Alt-teksti: suuri luentosalitila, jossa nuoret kuuntelevat esityst\u00e4, heijastettuna sein\u00e4ll\u00e4 on teksti mik\u00e4 motivoi.]\" class=\"wp-image-20123\" srcset=\"https:\/\/blogit.lab.fi\/labfocus\/wp-content\/uploads\/sites\/8\/2024\/06\/621_2024_Nuorten-valinnat-etc-1024x633.jpg 1024w, https:\/\/blogit.lab.fi\/labfocus\/wp-content\/uploads\/sites\/8\/2024\/06\/621_2024_Nuorten-valinnat-etc-300x185.jpg 300w, https:\/\/blogit.lab.fi\/labfocus\/wp-content\/uploads\/sites\/8\/2024\/06\/621_2024_Nuorten-valinnat-etc-768x475.jpg 768w, https:\/\/blogit.lab.fi\/labfocus\/wp-content\/uploads\/sites\/8\/2024\/06\/621_2024_Nuorten-valinnat-etc-570x352.jpg 570w, https:\/\/blogit.lab.fi\/labfocus\/wp-content\/uploads\/sites\/8\/2024\/06\/621_2024_Nuorten-valinnat-etc.jpg 1280w\" sizes=\"auto, (max-width: 1024px) 100vw, 1024px\" \/><figcaption class=\"wp-element-caption\">Kuva 1. Savitaipaleen 1. ja 2. luokan lukiolaisia Mahdollisuuksia ja vaihtoehtoja yritt\u00e4jyydest\u00e4&nbsp;-tilaisuudessa maaliskuussa 2024. (Kuva: Mirja Harvistola)<\/figcaption><\/figure>\n\n\n\n<h2 class=\"wp-block-heading\">Ammatillisen koulutuksen trendit tilastojen valossa<\/h2>\n\n\n\n<p>Ammatillisen koulutuksen trendit Etel\u00e4-Karjalassa kertovat osaltaan nuorten n\u00e4kemyksist\u00e4 toisen asteen opintojen tuottamista mahdollisuuksista sijoittua ty\u00f6el\u00e4m\u00e4\u00e4n kotipaikkakunnallaan.<\/p>\n\n\n\n<p>Kone- ja tuotantotekniikka on noussut suosituksi, mik\u00e4 kertoo teknologisen kehityksen ja teollisuuden kasvavasta merkityksest\u00e4. T\u00e4m\u00e4 ala houkuttelee opiskelijoita lupaavilla uran\u00e4kymill\u00e4 sek\u00e4 yritt\u00e4jyyden mahdollisuuksilla. Vipusen (2024) tilastojen mukaan kone- ja tuotantotekniikan perustutkinnon aloituspaikkojen ja hakijoiden suhde osoittaa alan vetovoimaisuutta. Toisaalta logistiikka ei n\u00e4yt\u00e4 vuonna 2024 kiinnostavan samalla tavalla. T\u00e4h\u00e4n voi vaikuttaa moni asia, kuten alalla tapahtuvat muutokset tai nuorten arvojen ja kiinnostuksen kohteiden muuttuminen.&nbsp;<\/p>\n\n\n\n<p>Mets\u00e4talous on ala, joka kiinnostaa vuosittain pient\u00e4 joukkoa opiskelijoita, maatalous ja puutarhatalous on sen sijaan kiinnostanut vain muutamia nuoria vuosittain. T\u00e4m\u00e4 voi heijastaa alojen vaatimusta tietyntyyppiselle omistautumiselle. N\u00e4m\u00e4 havainnot peilaavat suoraan Vipusen (2024) tilastoihin perusopetuksen j\u00e4lkeisen koulutuksen yhteishaussa. (Vipunen 2024)<\/p>\n\n\n\n<h2 class=\"wp-block-heading\">Tulevaisuuden ammatilliset polut<\/h2>\n\n\n\n<p>Elinvoima, ty\u00f6llistyminen ja yritt\u00e4jyys osaamisen ohella ovat keskeisi\u00e4 tuloksentekij\u00f6it\u00e4 Etel\u00e4-Karjalassa. Tarvitaan toiminnan joustoja my\u00f6s koulutuspaikkoihin sek\u00e4 aloihin. (Vainio 2024)<\/p>\n\n\n\n<p>Tulevaisuuden polut kohti yritt\u00e4jyytt\u00e4 ja ty\u00f6llistymist\u00e4 maaseudulla eiv\u00e4t en\u00e4\u00e4 v\u00e4ltt\u00e4m\u00e4tt\u00e4 rakennu perinteisten maaseudun alojen varaan. Maaseudun elinvoimaisuutta edist\u00e4\u00e4 uudistuva yritt\u00e4jyys, maaseudulla ollen v\u00e4hemm\u00e4n ty\u00f6llistymisen ja toimeentulon mahdollisuuksia kuin kaupunkialueilla. Maaseudulla toimiikin merkitt\u00e4v\u00e4sti muuta kuin maa -ja mets\u00e4talouden elinkeinotoimintaa. (Maa- ja mets\u00e4talousministeri\u00f6 2024)<\/p>\n\n\n\n<p>Maaseudulla toimivien mikroyritysten liikeideoiden kehitt\u00e4mist\u00e4 tuleekin tukea ja kannustaa nuoria ammatinvalintaan ja koulutuspoluille, jotka tukevat maaseudulle ty\u00f6llistymist\u00e4 ja yritt\u00e4jyytt\u00e4.<\/p>\n\n\n\n<div class=\"wp-block-group\"><div class=\"wp-block-group__inner-container is-layout-constrained wp-block-group-is-layout-constrained\">\n<div class=\"wp-block-group has-background\" style=\"background-color:#b3edfb\"><div class=\"wp-block-group__inner-container is-layout-constrained wp-block-group-is-layout-constrained\">\n<p>Kirjoittaja<\/p>\n\n\n\n<p><strong>Marja Jordberg-Gilabert<\/strong> on LAB-ammattikorkeakoulun liiketoimintayksik\u00f6n lehtori ja toimii asiantuntijana MAMIKSA \u2012 maaseudun mikroyritykset kest\u00e4vyyssiirtym\u00e4n ajureina&nbsp; -hankkeessa (LAB 2024).<\/p>\n<\/div><\/div>\n<\/div><\/div>\n\n\n<div class=\"wp-block-image\">\n<figure class=\"aligncenter size-full is-resized\"><img loading=\"lazy\" decoding=\"async\" width=\"1000\" height=\"210\" src=\"https:\/\/blogit.lab.fi\/labfocus\/wp-content\/uploads\/sites\/8\/2024\/06\/Euroopan-unionin-osarahoittama-vaaka-keltatahdet_fi-15.jpg\" alt=\"\" class=\"wp-image-20124\" style=\"width:341px;height:auto\" srcset=\"https:\/\/blogit.lab.fi\/labfocus\/wp-content\/uploads\/sites\/8\/2024\/06\/Euroopan-unionin-osarahoittama-vaaka-keltatahdet_fi-15.jpg 1000w, https:\/\/blogit.lab.fi\/labfocus\/wp-content\/uploads\/sites\/8\/2024\/06\/Euroopan-unionin-osarahoittama-vaaka-keltatahdet_fi-15-300x63.jpg 300w, https:\/\/blogit.lab.fi\/labfocus\/wp-content\/uploads\/sites\/8\/2024\/06\/Euroopan-unionin-osarahoittama-vaaka-keltatahdet_fi-15-768x161.jpg 768w, https:\/\/blogit.lab.fi\/labfocus\/wp-content\/uploads\/sites\/8\/2024\/06\/Euroopan-unionin-osarahoittama-vaaka-keltatahdet_fi-15-570x120.jpg 570w\" sizes=\"auto, (max-width: 1000px) 100vw, 1000px\" \/><\/figure>\n<\/div>\n\n\n<h2 class=\"wp-block-heading\">L\u00e4hteet<\/h2>\n\n\n\n<p>LAB. 2024. MAMIKSA \u2013 maaseudun mikroyritykset kest\u00e4vyyssiirtym\u00e4n ajureina. Hanke. LAB-ammattikorkeakoulu. Viitattu 27.6.2024. Saatavissa&nbsp;<a href=\"https:\/\/lab.fi\/fi\/projekti\/mamiksa-maaseudun-mikroyritykset-kestavyyssiirtyman-ajureina\">https:\/\/lab.fi\/fi\/projekti\/mamiksa-maaseudun-mikroyritykset-kestavyyssiirtyman-ajureina<\/a><\/p>\n\n\n\n<p>Maa- ja mets\u00e4talousministeri\u00f6. 2024. Yritt\u00e4jyys maaseudulla. Viitattu 27.6.2024. Saatavissa <a href=\"https:\/\/mmm.fi\/yrittajyys\">https:\/\/mmm.fi\/yrittajyys<\/a><\/p>\n\n\n\n<p>Vainio, K. 2024. Etel\u00e4-Karjalan maakuntaohjelma ja valtiolta \/EU:lta tarvittavat lyhyen aikav\u00e4lin toimet kest\u00e4v\u00e4n kasvun ja hyvinvoinnin rakentumiseksi. Esitys Taipalsaaren elinkeinotapahtumassa. 4.6.2024.<\/p>\n\n\n\n<p>Vipunen. 2024. Ammatillisen koulutuksen ja lukiokoulutuksen yhteishaku. Opetushallinnon tilastopalvelu. Viitattu 27.6.2024. Saatavissa <a href=\"https:\/\/vipunen.fi\/fi-fi\/_layouts\/15\/xlviewer.aspx?id=\/fi-fi\/Raportit\/Ammatillisen%20koulutuksen%20ja%20lukiokoulutuksen%20yhteishaku%20-%20Hakukohteet.xlsb\">https:\/\/vipunen.fi\/fi-fi\/_layouts\/15\/xlviewer.aspx?id=\/fi-fi\/Raportit\/Ammatillisen%20koulutuksen%20ja%20lukiokoulutuksen%20yhteishaku%20-%20Hakukohteet.xlsb<\/a><\/p>\n\n\n\n<p><\/p>\n","protected":false},"excerpt":{"rendered":"<p>Maaseudun ammattien ja yritt\u00e4jyyden roolia kest\u00e4vyyssiirtym\u00e4ss\u00e4 tulee tarkastella my\u00f6s nuorten n\u00e4k\u00f6kulmasta. MAMIKSA \u2012 Maaseudun mikroyritykset kest\u00e4vyyssiirtym\u00e4n ajureina -hankkeessa (LAB 2024) on perehdytty nuorten yritt\u00e4jyysasenteisiin, ammatillisiin toiveisiin ja tulevaisuuden haaveisiin huomioiden ty\u00f6llistymist\u00e4 ja toisen asteen koulutuksen vetovoimaisuutta omassa maakunnassa.&nbsp; Oman paikkakunnan lukio kiinnostaa, ja se on monelle ensisijainen vaihtoehto ammatillisten oppilaitosten sijoittuessa kasvukeskuksiin. Savitaipaleen lukiolaisilla on [&hellip;]<\/p>\n","protected":false},"author":17,"featured_media":20123,"comment_status":"closed","ping_status":"open","sticky":false,"template":"","format":"standard","meta":{"footnotes":""},"categories":[19,407],"tags":[29,2025,107,9306,3514,203],"class_list":{"0":"post-20121","1":"post","2":"type-post","3":"status-publish","4":"format-standard","5":"has-post-thumbnail","7":"category-innovations_fi","8":"category-uudistuva-ja-kehittyva-yrittajyys","9":"tag-artikkeli-e1","10":"tag-etela-karjala","11":"tag-koulutus","12":"tag-mamiksa","13":"tag-nuoret-fi","14":"tag-yrittajyys","15":"czr-hentry"},"yoast_head":"<!-- This site is optimized with the Yoast SEO plugin v27.4 - https:\/\/yoast.com\/product\/yoast-seo-wordpress\/ -->\n<title>Nuorten valinnat: toisen asteen koulutuksen ja maaseudun yritt\u00e4jyyden vetovoimaisuus Etel\u00e4-Karjalassa - LAB Focus<\/title>\n<meta name=\"description\" content=\"Maaseudun mikroyritt\u00e4jyytt\u00e4 tulee tukea ja luoda n\u00e4in maaseudun nuorisolle tulevaisuudenn\u00e4kymi\u00e4. MAMIKSA-hanke, LAB-amk.\" \/>\n<meta name=\"robots\" content=\"index, follow, max-snippet:-1, max-image-preview:large, max-video-preview:-1\" \/>\n<link rel=\"canonical\" href=\"https:\/\/blogit.lab.fi\/labfocus\/nuorten-valinnat-toisen-asteen-koulutuksen-ja-maaseudun-yrittajyyden-vetovoimaisuus-etela-karjalassa\/\" \/>\n<meta property=\"og:locale\" content=\"fi_FI\" \/>\n<meta property=\"og:type\" content=\"article\" \/>\n<meta property=\"og:title\" content=\"Nuorten valinnat: toisen asteen koulutuksen ja maaseudun yritt\u00e4jyyden vetovoimaisuus Etel\u00e4-Karjalassa - LAB Focus\" \/>\n<meta property=\"og:description\" content=\"Maaseudun mikroyritt\u00e4jyytt\u00e4 tulee tukea ja luoda n\u00e4in maaseudun nuorisolle tulevaisuudenn\u00e4kymi\u00e4. MAMIKSA-hanke, LAB-amk.\" \/>\n<meta property=\"og:url\" content=\"https:\/\/blogit.lab.fi\/labfocus\/nuorten-valinnat-toisen-asteen-koulutuksen-ja-maaseudun-yrittajyyden-vetovoimaisuus-etela-karjalassa\/\" \/>\n<meta property=\"og:site_name\" content=\"LAB Focus\" \/>\n<meta property=\"article:published_time\" content=\"2024-06-28T07:13:13+00:00\" \/>\n<meta property=\"article:modified_time\" content=\"2024-06-28T07:54:21+00:00\" \/>\n<meta property=\"og:image\" content=\"https:\/\/blogit.lab.fi\/labfocus\/wp-content\/uploads\/sites\/8\/2024\/06\/621_2024_Nuorten-valinnat-etc.jpg\" \/>\n\t<meta property=\"og:image:width\" content=\"1280\" \/>\n\t<meta property=\"og:image:height\" content=\"791\" \/>\n\t<meta property=\"og:image:type\" content=\"image\/jpeg\" \/>\n<meta name=\"author\" content=\"tainask\" \/>\n<meta name=\"twitter:card\" content=\"summary_large_image\" \/>\n<meta name=\"twitter:creator\" content=\"@LABfinland\" \/>\n<meta name=\"twitter:site\" content=\"@LABfinland\" \/>\n<meta name=\"twitter:label1\" content=\"Kirjoittanut\" \/>\n\t<meta name=\"twitter:data1\" content=\"tainask\" \/>\n\t<meta name=\"twitter:label2\" content=\"Arvioitu lukuaika\" \/>\n\t<meta name=\"twitter:data2\" content=\"3 minuuttia\" \/>\n<script type=\"application\/ld+json\" class=\"yoast-schema-graph\">{\"@context\":\"https:\\\/\\\/schema.org\",\"@graph\":[{\"@type\":\"Article\",\"@id\":\"https:\\\/\\\/blogit.lab.fi\\\/labfocus\\\/nuorten-valinnat-toisen-asteen-koulutuksen-ja-maaseudun-yrittajyyden-vetovoimaisuus-etela-karjalassa\\\/#article\",\"isPartOf\":{\"@id\":\"https:\\\/\\\/blogit.lab.fi\\\/labfocus\\\/nuorten-valinnat-toisen-asteen-koulutuksen-ja-maaseudun-yrittajyyden-vetovoimaisuus-etela-karjalassa\\\/\"},\"author\":{\"name\":\"tainask\",\"@id\":\"https:\\\/\\\/blogit.lab.fi\\\/labfocus\\\/#\\\/schema\\\/person\\\/da729f65c4a2fb9fd8f0b1ec7a2ab7d0\"},\"headline\":\"Nuorten valinnat: toisen asteen koulutuksen ja maaseudun yritt\u00e4jyyden vetovoimaisuus Etel\u00e4-Karjalassa\",\"datePublished\":\"2024-06-28T07:13:13+00:00\",\"dateModified\":\"2024-06-28T07:54:21+00:00\",\"mainEntityOfPage\":{\"@id\":\"https:\\\/\\\/blogit.lab.fi\\\/labfocus\\\/nuorten-valinnat-toisen-asteen-koulutuksen-ja-maaseudun-yrittajyyden-vetovoimaisuus-etela-karjalassa\\\/\"},\"wordCount\":461,\"publisher\":{\"@id\":\"https:\\\/\\\/blogit.lab.fi\\\/labfocus\\\/#organization\"},\"image\":{\"@id\":\"https:\\\/\\\/blogit.lab.fi\\\/labfocus\\\/nuorten-valinnat-toisen-asteen-koulutuksen-ja-maaseudun-yrittajyyden-vetovoimaisuus-etela-karjalassa\\\/#primaryimage\"},\"thumbnailUrl\":\"https:\\\/\\\/blogit.lab.fi\\\/labfocus\\\/wp-content\\\/uploads\\\/sites\\\/8\\\/2024\\\/06\\\/621_2024_Nuorten-valinnat-etc.jpg\",\"keywords\":[\"Artikkeli E1\",\"Etel\u00e4-Karjala\",\"koulutus\",\"MAMIKSA\",\"nuoret\",\"yritt\u00e4jyys\"],\"articleSection\":[\"Innovations\",\"Uudistuva ja kehittyv\u00e4 yritt\u00e4jyys\"],\"inLanguage\":\"fi\"},{\"@type\":\"WebPage\",\"@id\":\"https:\\\/\\\/blogit.lab.fi\\\/labfocus\\\/nuorten-valinnat-toisen-asteen-koulutuksen-ja-maaseudun-yrittajyyden-vetovoimaisuus-etela-karjalassa\\\/\",\"url\":\"https:\\\/\\\/blogit.lab.fi\\\/labfocus\\\/nuorten-valinnat-toisen-asteen-koulutuksen-ja-maaseudun-yrittajyyden-vetovoimaisuus-etela-karjalassa\\\/\",\"name\":\"Nuorten valinnat: toisen asteen koulutuksen ja maaseudun yritt\u00e4jyyden vetovoimaisuus Etel\u00e4-Karjalassa - LAB Focus\",\"isPartOf\":{\"@id\":\"https:\\\/\\\/blogit.lab.fi\\\/labfocus\\\/#website\"},\"primaryImageOfPage\":{\"@id\":\"https:\\\/\\\/blogit.lab.fi\\\/labfocus\\\/nuorten-valinnat-toisen-asteen-koulutuksen-ja-maaseudun-yrittajyyden-vetovoimaisuus-etela-karjalassa\\\/#primaryimage\"},\"image\":{\"@id\":\"https:\\\/\\\/blogit.lab.fi\\\/labfocus\\\/nuorten-valinnat-toisen-asteen-koulutuksen-ja-maaseudun-yrittajyyden-vetovoimaisuus-etela-karjalassa\\\/#primaryimage\"},\"thumbnailUrl\":\"https:\\\/\\\/blogit.lab.fi\\\/labfocus\\\/wp-content\\\/uploads\\\/sites\\\/8\\\/2024\\\/06\\\/621_2024_Nuorten-valinnat-etc.jpg\",\"datePublished\":\"2024-06-28T07:13:13+00:00\",\"dateModified\":\"2024-06-28T07:54:21+00:00\",\"description\":\"Maaseudun mikroyritt\u00e4jyytt\u00e4 tulee tukea ja luoda n\u00e4in maaseudun nuorisolle tulevaisuudenn\u00e4kymi\u00e4. MAMIKSA-hanke, LAB-amk.\",\"breadcrumb\":{\"@id\":\"https:\\\/\\\/blogit.lab.fi\\\/labfocus\\\/nuorten-valinnat-toisen-asteen-koulutuksen-ja-maaseudun-yrittajyyden-vetovoimaisuus-etela-karjalassa\\\/#breadcrumb\"},\"inLanguage\":\"fi\",\"potentialAction\":[{\"@type\":\"ReadAction\",\"target\":[\"https:\\\/\\\/blogit.lab.fi\\\/labfocus\\\/nuorten-valinnat-toisen-asteen-koulutuksen-ja-maaseudun-yrittajyyden-vetovoimaisuus-etela-karjalassa\\\/\"]}]},{\"@type\":\"ImageObject\",\"inLanguage\":\"fi\",\"@id\":\"https:\\\/\\\/blogit.lab.fi\\\/labfocus\\\/nuorten-valinnat-toisen-asteen-koulutuksen-ja-maaseudun-yrittajyyden-vetovoimaisuus-etela-karjalassa\\\/#primaryimage\",\"url\":\"https:\\\/\\\/blogit.lab.fi\\\/labfocus\\\/wp-content\\\/uploads\\\/sites\\\/8\\\/2024\\\/06\\\/621_2024_Nuorten-valinnat-etc.jpg\",\"contentUrl\":\"https:\\\/\\\/blogit.lab.fi\\\/labfocus\\\/wp-content\\\/uploads\\\/sites\\\/8\\\/2024\\\/06\\\/621_2024_Nuorten-valinnat-etc.jpg\",\"width\":1280,\"height\":791},{\"@type\":\"BreadcrumbList\",\"@id\":\"https:\\\/\\\/blogit.lab.fi\\\/labfocus\\\/nuorten-valinnat-toisen-asteen-koulutuksen-ja-maaseudun-yrittajyyden-vetovoimaisuus-etela-karjalassa\\\/#breadcrumb\",\"itemListElement\":[{\"@type\":\"ListItem\",\"position\":1,\"name\":\"Home\",\"item\":\"https:\\\/\\\/blogit.lab.fi\\\/labfocus\\\/\"},{\"@type\":\"ListItem\",\"position\":2,\"name\":\"Nuorten valinnat: toisen asteen koulutuksen ja maaseudun yritt\u00e4jyyden vetovoimaisuus Etel\u00e4-Karjalassa\"}]},{\"@type\":\"WebSite\",\"@id\":\"https:\\\/\\\/blogit.lab.fi\\\/labfocus\\\/#website\",\"url\":\"https:\\\/\\\/blogit.lab.fi\\\/labfocus\\\/\",\"name\":\"LAB Focus\",\"description\":\"Focus Area blog | LAB University of Applied Sciences\",\"publisher\":{\"@id\":\"https:\\\/\\\/blogit.lab.fi\\\/labfocus\\\/#organization\"},\"potentialAction\":[{\"@type\":\"SearchAction\",\"target\":{\"@type\":\"EntryPoint\",\"urlTemplate\":\"https:\\\/\\\/blogit.lab.fi\\\/labfocus\\\/?s={search_term_string}\"},\"query-input\":{\"@type\":\"PropertyValueSpecification\",\"valueRequired\":true,\"valueName\":\"search_term_string\"}}],\"inLanguage\":\"fi\"},{\"@type\":\"Organization\",\"@id\":\"https:\\\/\\\/blogit.lab.fi\\\/labfocus\\\/#organization\",\"name\":\"LAB Focus\",\"url\":\"https:\\\/\\\/blogit.lab.fi\\\/labfocus\\\/\",\"logo\":{\"@type\":\"ImageObject\",\"inLanguage\":\"fi\",\"@id\":\"https:\\\/\\\/blogit.lab.fi\\\/labfocus\\\/#\\\/schema\\\/logo\\\/image\\\/\",\"url\":\"https:\\\/\\\/blogit.lab.fi\\\/labfocus\\\/wp-content\\\/uploads\\\/sites\\\/8\\\/2020\\\/04\\\/cropped-cropped-tunnus_blogi-01.png\",\"contentUrl\":\"https:\\\/\\\/blogit.lab.fi\\\/labfocus\\\/wp-content\\\/uploads\\\/sites\\\/8\\\/2020\\\/04\\\/cropped-cropped-tunnus_blogi-01.png\",\"width\":1342,\"height\":288,\"caption\":\"LAB Focus\"},\"image\":{\"@id\":\"https:\\\/\\\/blogit.lab.fi\\\/labfocus\\\/#\\\/schema\\\/logo\\\/image\\\/\"},\"sameAs\":[\"https:\\\/\\\/x.com\\\/LABfinland\"]},{\"@type\":\"Person\",\"@id\":\"https:\\\/\\\/blogit.lab.fi\\\/labfocus\\\/#\\\/schema\\\/person\\\/da729f65c4a2fb9fd8f0b1ec7a2ab7d0\",\"name\":\"tainask\",\"image\":{\"@type\":\"ImageObject\",\"inLanguage\":\"fi\",\"@id\":\"https:\\\/\\\/secure.gravatar.com\\\/avatar\\\/4a96427877ef826b76e80c27f60b266128094f522551459346efcf14282febb3?s=96&d=mm&r=g\",\"url\":\"https:\\\/\\\/secure.gravatar.com\\\/avatar\\\/4a96427877ef826b76e80c27f60b266128094f522551459346efcf14282febb3?s=96&d=mm&r=g\",\"contentUrl\":\"https:\\\/\\\/secure.gravatar.com\\\/avatar\\\/4a96427877ef826b76e80c27f60b266128094f522551459346efcf14282febb3?s=96&d=mm&r=g\",\"caption\":\"tainask\"},\"url\":\"https:\\\/\\\/blogit.lab.fi\\\/labfocus\\\/author\\\/tainask\\\/\"}]}<\/script>\n<!-- \/ Yoast SEO plugin. -->","yoast_head_json":{"title":"Nuorten valinnat: toisen asteen koulutuksen ja maaseudun yritt\u00e4jyyden vetovoimaisuus Etel\u00e4-Karjalassa - LAB Focus","description":"Maaseudun mikroyritt\u00e4jyytt\u00e4 tulee tukea ja luoda n\u00e4in maaseudun nuorisolle tulevaisuudenn\u00e4kymi\u00e4. MAMIKSA-hanke, LAB-amk.","robots":{"index":"index","follow":"follow","max-snippet":"max-snippet:-1","max-image-preview":"max-image-preview:large","max-video-preview":"max-video-preview:-1"},"canonical":"https:\/\/blogit.lab.fi\/labfocus\/nuorten-valinnat-toisen-asteen-koulutuksen-ja-maaseudun-yrittajyyden-vetovoimaisuus-etela-karjalassa\/","og_locale":"fi_FI","og_type":"article","og_title":"Nuorten valinnat: toisen asteen koulutuksen ja maaseudun yritt\u00e4jyyden vetovoimaisuus Etel\u00e4-Karjalassa - LAB Focus","og_description":"Maaseudun mikroyritt\u00e4jyytt\u00e4 tulee tukea ja luoda n\u00e4in maaseudun nuorisolle tulevaisuudenn\u00e4kymi\u00e4. MAMIKSA-hanke, LAB-amk.","og_url":"https:\/\/blogit.lab.fi\/labfocus\/nuorten-valinnat-toisen-asteen-koulutuksen-ja-maaseudun-yrittajyyden-vetovoimaisuus-etela-karjalassa\/","og_site_name":"LAB Focus","article_published_time":"2024-06-28T07:13:13+00:00","article_modified_time":"2024-06-28T07:54:21+00:00","og_image":[{"width":1280,"height":791,"url":"https:\/\/blogit.lab.fi\/labfocus\/wp-content\/uploads\/sites\/8\/2024\/06\/621_2024_Nuorten-valinnat-etc.jpg","type":"image\/jpeg"}],"author":"tainask","twitter_card":"summary_large_image","twitter_creator":"@LABfinland","twitter_site":"@LABfinland","twitter_misc":{"Kirjoittanut":"tainask","Arvioitu lukuaika":"3 minuuttia"},"schema":{"@context":"https:\/\/schema.org","@graph":[{"@type":"Article","@id":"https:\/\/blogit.lab.fi\/labfocus\/nuorten-valinnat-toisen-asteen-koulutuksen-ja-maaseudun-yrittajyyden-vetovoimaisuus-etela-karjalassa\/#article","isPartOf":{"@id":"https:\/\/blogit.lab.fi\/labfocus\/nuorten-valinnat-toisen-asteen-koulutuksen-ja-maaseudun-yrittajyyden-vetovoimaisuus-etela-karjalassa\/"},"author":{"name":"tainask","@id":"https:\/\/blogit.lab.fi\/labfocus\/#\/schema\/person\/da729f65c4a2fb9fd8f0b1ec7a2ab7d0"},"headline":"Nuorten valinnat: toisen asteen koulutuksen ja maaseudun yritt\u00e4jyyden vetovoimaisuus Etel\u00e4-Karjalassa","datePublished":"2024-06-28T07:13:13+00:00","dateModified":"2024-06-28T07:54:21+00:00","mainEntityOfPage":{"@id":"https:\/\/blogit.lab.fi\/labfocus\/nuorten-valinnat-toisen-asteen-koulutuksen-ja-maaseudun-yrittajyyden-vetovoimaisuus-etela-karjalassa\/"},"wordCount":461,"publisher":{"@id":"https:\/\/blogit.lab.fi\/labfocus\/#organization"},"image":{"@id":"https:\/\/blogit.lab.fi\/labfocus\/nuorten-valinnat-toisen-asteen-koulutuksen-ja-maaseudun-yrittajyyden-vetovoimaisuus-etela-karjalassa\/#primaryimage"},"thumbnailUrl":"https:\/\/blogit.lab.fi\/labfocus\/wp-content\/uploads\/sites\/8\/2024\/06\/621_2024_Nuorten-valinnat-etc.jpg","keywords":["Artikkeli E1","Etel\u00e4-Karjala","koulutus","MAMIKSA","nuoret","yritt\u00e4jyys"],"articleSection":["Innovations","Uudistuva ja kehittyv\u00e4 yritt\u00e4jyys"],"inLanguage":"fi"},{"@type":"WebPage","@id":"https:\/\/blogit.lab.fi\/labfocus\/nuorten-valinnat-toisen-asteen-koulutuksen-ja-maaseudun-yrittajyyden-vetovoimaisuus-etela-karjalassa\/","url":"https:\/\/blogit.lab.fi\/labfocus\/nuorten-valinnat-toisen-asteen-koulutuksen-ja-maaseudun-yrittajyyden-vetovoimaisuus-etela-karjalassa\/","name":"Nuorten valinnat: toisen asteen koulutuksen ja maaseudun yritt\u00e4jyyden vetovoimaisuus Etel\u00e4-Karjalassa - LAB Focus","isPartOf":{"@id":"https:\/\/blogit.lab.fi\/labfocus\/#website"},"primaryImageOfPage":{"@id":"https:\/\/blogit.lab.fi\/labfocus\/nuorten-valinnat-toisen-asteen-koulutuksen-ja-maaseudun-yrittajyyden-vetovoimaisuus-etela-karjalassa\/#primaryimage"},"image":{"@id":"https:\/\/blogit.lab.fi\/labfocus\/nuorten-valinnat-toisen-asteen-koulutuksen-ja-maaseudun-yrittajyyden-vetovoimaisuus-etela-karjalassa\/#primaryimage"},"thumbnailUrl":"https:\/\/blogit.lab.fi\/labfocus\/wp-content\/uploads\/sites\/8\/2024\/06\/621_2024_Nuorten-valinnat-etc.jpg","datePublished":"2024-06-28T07:13:13+00:00","dateModified":"2024-06-28T07:54:21+00:00","description":"Maaseudun mikroyritt\u00e4jyytt\u00e4 tulee tukea ja luoda n\u00e4in maaseudun nuorisolle tulevaisuudenn\u00e4kymi\u00e4. MAMIKSA-hanke, LAB-amk.","breadcrumb":{"@id":"https:\/\/blogit.lab.fi\/labfocus\/nuorten-valinnat-toisen-asteen-koulutuksen-ja-maaseudun-yrittajyyden-vetovoimaisuus-etela-karjalassa\/#breadcrumb"},"inLanguage":"fi","potentialAction":[{"@type":"ReadAction","target":["https:\/\/blogit.lab.fi\/labfocus\/nuorten-valinnat-toisen-asteen-koulutuksen-ja-maaseudun-yrittajyyden-vetovoimaisuus-etela-karjalassa\/"]}]},{"@type":"ImageObject","inLanguage":"fi","@id":"https:\/\/blogit.lab.fi\/labfocus\/nuorten-valinnat-toisen-asteen-koulutuksen-ja-maaseudun-yrittajyyden-vetovoimaisuus-etela-karjalassa\/#primaryimage","url":"https:\/\/blogit.lab.fi\/labfocus\/wp-content\/uploads\/sites\/8\/2024\/06\/621_2024_Nuorten-valinnat-etc.jpg","contentUrl":"https:\/\/blogit.lab.fi\/labfocus\/wp-content\/uploads\/sites\/8\/2024\/06\/621_2024_Nuorten-valinnat-etc.jpg","width":1280,"height":791},{"@type":"BreadcrumbList","@id":"https:\/\/blogit.lab.fi\/labfocus\/nuorten-valinnat-toisen-asteen-koulutuksen-ja-maaseudun-yrittajyyden-vetovoimaisuus-etela-karjalassa\/#breadcrumb","itemListElement":[{"@type":"ListItem","position":1,"name":"Home","item":"https:\/\/blogit.lab.fi\/labfocus\/"},{"@type":"ListItem","position":2,"name":"Nuorten valinnat: toisen asteen koulutuksen ja maaseudun yritt\u00e4jyyden vetovoimaisuus Etel\u00e4-Karjalassa"}]},{"@type":"WebSite","@id":"https:\/\/blogit.lab.fi\/labfocus\/#website","url":"https:\/\/blogit.lab.fi\/labfocus\/","name":"LAB Focus","description":"Focus Area blog | LAB University of Applied Sciences","publisher":{"@id":"https:\/\/blogit.lab.fi\/labfocus\/#organization"},"potentialAction":[{"@type":"SearchAction","target":{"@type":"EntryPoint","urlTemplate":"https:\/\/blogit.lab.fi\/labfocus\/?s={search_term_string}"},"query-input":{"@type":"PropertyValueSpecification","valueRequired":true,"valueName":"search_term_string"}}],"inLanguage":"fi"},{"@type":"Organization","@id":"https:\/\/blogit.lab.fi\/labfocus\/#organization","name":"LAB Focus","url":"https:\/\/blogit.lab.fi\/labfocus\/","logo":{"@type":"ImageObject","inLanguage":"fi","@id":"https:\/\/blogit.lab.fi\/labfocus\/#\/schema\/logo\/image\/","url":"https:\/\/blogit.lab.fi\/labfocus\/wp-content\/uploads\/sites\/8\/2020\/04\/cropped-cropped-tunnus_blogi-01.png","contentUrl":"https:\/\/blogit.lab.fi\/labfocus\/wp-content\/uploads\/sites\/8\/2020\/04\/cropped-cropped-tunnus_blogi-01.png","width":1342,"height":288,"caption":"LAB Focus"},"image":{"@id":"https:\/\/blogit.lab.fi\/labfocus\/#\/schema\/logo\/image\/"},"sameAs":["https:\/\/x.com\/LABfinland"]},{"@type":"Person","@id":"https:\/\/blogit.lab.fi\/labfocus\/#\/schema\/person\/da729f65c4a2fb9fd8f0b1ec7a2ab7d0","name":"tainask","image":{"@type":"ImageObject","inLanguage":"fi","@id":"https:\/\/secure.gravatar.com\/avatar\/4a96427877ef826b76e80c27f60b266128094f522551459346efcf14282febb3?s=96&d=mm&r=g","url":"https:\/\/secure.gravatar.com\/avatar\/4a96427877ef826b76e80c27f60b266128094f522551459346efcf14282febb3?s=96&d=mm&r=g","contentUrl":"https:\/\/secure.gravatar.com\/avatar\/4a96427877ef826b76e80c27f60b266128094f522551459346efcf14282febb3?s=96&d=mm&r=g","caption":"tainask"},"url":"https:\/\/blogit.lab.fi\/labfocus\/author\/tainask\/"}]}},"_links":{"self":[{"href":"https:\/\/blogit.lab.fi\/labfocus\/wp-json\/wp\/v2\/posts\/20121","targetHints":{"allow":["GET"]}}],"collection":[{"href":"https:\/\/blogit.lab.fi\/labfocus\/wp-json\/wp\/v2\/posts"}],"about":[{"href":"https:\/\/blogit.lab.fi\/labfocus\/wp-json\/wp\/v2\/types\/post"}],"author":[{"embeddable":true,"href":"https:\/\/blogit.lab.fi\/labfocus\/wp-json\/wp\/v2\/users\/17"}],"replies":[{"embeddable":true,"href":"https:\/\/blogit.lab.fi\/labfocus\/wp-json\/wp\/v2\/comments?post=20121"}],"version-history":[{"count":4,"href":"https:\/\/blogit.lab.fi\/labfocus\/wp-json\/wp\/v2\/posts\/20121\/revisions"}],"predecessor-version":[{"id":20135,"href":"https:\/\/blogit.lab.fi\/labfocus\/wp-json\/wp\/v2\/posts\/20121\/revisions\/20135"}],"wp:featuredmedia":[{"embeddable":true,"href":"https:\/\/blogit.lab.fi\/labfocus\/wp-json\/wp\/v2\/media\/20123"}],"wp:attachment":[{"href":"https:\/\/blogit.lab.fi\/labfocus\/wp-json\/wp\/v2\/media?parent=20121"}],"wp:term":[{"taxonomy":"category","embeddable":true,"href":"https:\/\/blogit.lab.fi\/labfocus\/wp-json\/wp\/v2\/categories?post=20121"},{"taxonomy":"post_tag","embeddable":true,"href":"https:\/\/blogit.lab.fi\/labfocus\/wp-json\/wp\/v2\/tags?post=20121"}],"curies":[{"name":"wp","href":"https:\/\/api.w.org\/{rel}","templated":true}]}}