{"id":20194,"date":"2024-07-31T13:46:16","date_gmt":"2024-07-31T10:46:16","guid":{"rendered":"https:\/\/blogit.lab.fi\/labfocus\/?p=20194"},"modified":"2024-07-31T13:46:18","modified_gmt":"2024-07-31T10:46:18","slug":"tekstiilit-kiertoon-tapahtuma-toi-ihmiset-tekstiilien-kiertotalouden-pariin","status":"publish","type":"post","link":"https:\/\/blogit.lab.fi\/labfocus\/tekstiilit-kiertoon-tapahtuma-toi-ihmiset-tekstiilien-kiertotalouden-pariin\/","title":{"rendered":"Tekstiilit kiertoon! -tapahtuma toi ihmiset tekstiilien kiertotalouden pariin"},"content":{"rendered":"\n<p>Tietoisuuden lis\u00e4\u00e4minen on avainasemassa, kun kuljetaan kohti tekstiilien kiertotaloutta. Pelkk\u00e4 vaatteiden kierr\u00e4tt\u00e4minen ei riit\u00e4, koska se ei poista tekstiilien haitallisten ymp\u00e4rist\u00f6vaikutusten juurisyyt\u00e4 eli ylikulutusta. Kierr\u00e4tt\u00e4misen tueksi tarvitaankin kulutuksen v\u00e4hent\u00e4mist\u00e4, vastuullisempaa tekstiiliteollisuutta sek\u00e4 helposti saavutettavissa olevia korjaus- ja huoltopalveluja.<\/p>\n\n\n\n<h2 class=\"wp-block-heading\">Hankkeilla on t\u00e4rke\u00e4 rooli tietoisuuden lis\u00e4\u00e4misess\u00e4<\/h2>\n\n\n\n<p>Tekstiilit kiertoon 2.0 -hankkeessa edistet\u00e4\u00e4n tekstiilien kiertoa erilaisten toimenpiteiden avulla. Hankkeessa on muun muassa pilotoitu erillisker\u00e4yst\u00e4, tehty kysely poistotekstiiliker\u00e4yksest\u00e4 sek\u00e4 j\u00e4rjestetty ty\u00f6pajoja, joissa on kartoitettu poistotekstiilien hy\u00f6dynt\u00e4mismahdollisuuksia ja alueellista materiaalitarvetta.<\/p>\n\n\n\n<p><a href=\"https:\/\/lab.fi\/fi\/projekti\/tekstiilit-kiertoon-20\">Linkki Tekstiilit kiertoon 2.0 -hankkeen verkkosivustolle<\/a>.<\/p>\n\n\n\n<p>Hanke j\u00e4rjesti tekstiilien kiertotalousaiheisen tapahtuman Lahden Palvelutorilla Kauppakeskus Triossa toukokuussa 2024. Tavoitteena oli tuoda esille alueen kierr\u00e4tysmateriaaleista valmistettujen tuotteiden tarjontaa sek\u00e4 mahdollisuuksia korjata ja huoltaa tekstiilej\u00e4. Tapahtumassa pidettiin vaatteidenvaihtopistett\u00e4, lanseerattiin Kierr\u00e4tyskeskus Patinan K\u00e4tin\u00e4 &amp; Patinappi -k\u00e4dentaitojenosasto ja materiaalipankki sek\u00e4 annettiin ohjausta tekstiilien korjaukseen ja tuunaukseen. Lis\u00e4ksi tapahtumassa oli esill\u00e4 alueen korjaus- ja huoltotoimijoita ja kierr\u00e4tysmateriaaleja hy\u00f6dynt\u00e4vi\u00e4 toimijoita: Neppinappi, Huhta Design, Painovoima ry, M\u00f6ys\u00e4n lanka, Keltainen lanka, Kankurin Ilo, Lahden MLL:n Mukava Second Hand Shop ja Ansa Rajakangas. Mukana oli my\u00f6s Tyyki-hanke, jossa pilotoidaan muun muassa erilaisia koulutuskokonaisuuksia tekstiilien kiertotalouteen liittyen. &nbsp;<\/p>\n\n\n\n<figure class=\"wp-block-image size-large\"><img loading=\"lazy\" decoding=\"async\" width=\"1024\" height=\"512\" src=\"https:\/\/blogit.lab.fi\/labfocus\/wp-content\/uploads\/sites\/8\/2024\/07\/635_2024_Tekstiilit-kiertoon-tapahtuma-toi-ihmiset-tekstiilien-kiertotalouden-pariin_Kuva1-1024x512.png\" alt=\"Kuvassa esiintymislava, jonka edess\u00e4 istuimia, sek\u00e4 toisessa kuvan osassa kyltti tapahtumasta, ohjelmasta ja nuoli osoittamassa tapahtuman paikan suuntaan.\" class=\"wp-image-20195\" srcset=\"https:\/\/blogit.lab.fi\/labfocus\/wp-content\/uploads\/sites\/8\/2024\/07\/635_2024_Tekstiilit-kiertoon-tapahtuma-toi-ihmiset-tekstiilien-kiertotalouden-pariin_Kuva1-1024x512.png 1024w, https:\/\/blogit.lab.fi\/labfocus\/wp-content\/uploads\/sites\/8\/2024\/07\/635_2024_Tekstiilit-kiertoon-tapahtuma-toi-ihmiset-tekstiilien-kiertotalouden-pariin_Kuva1-300x150.png 300w, https:\/\/blogit.lab.fi\/labfocus\/wp-content\/uploads\/sites\/8\/2024\/07\/635_2024_Tekstiilit-kiertoon-tapahtuma-toi-ihmiset-tekstiilien-kiertotalouden-pariin_Kuva1-768x384.png 768w, https:\/\/blogit.lab.fi\/labfocus\/wp-content\/uploads\/sites\/8\/2024\/07\/635_2024_Tekstiilit-kiertoon-tapahtuma-toi-ihmiset-tekstiilien-kiertotalouden-pariin_Kuva1-570x285.png 570w, https:\/\/blogit.lab.fi\/labfocus\/wp-content\/uploads\/sites\/8\/2024\/07\/635_2024_Tekstiilit-kiertoon-tapahtuma-toi-ihmiset-tekstiilien-kiertotalouden-pariin_Kuva1.png 1280w\" sizes=\"auto, (max-width: 1024px) 100vw, 1024px\" \/><figcaption class=\"wp-element-caption\">Kuva 1. Tekstiilit kiertoon! -tapahtuma j\u00e4rjestettiin Lahden Palvelutorin tiloissa. (Kuva: Kierr\u00e4tyskeskus Patina)<\/figcaption><\/figure>\n\n\n\n<h2 class=\"wp-block-heading\">Ihmisvilin\u00e4\u00e4 vaaterekkien keskell\u00e4<\/h2>\n\n\n\n<p>Tapahtumaa varten j\u00e4rjestetty vaatteidenvaihtopiste oli hyvin suosittu, ja vaatteet vaihtoivatkin ripe\u00e4sti omistajaa, mik\u00e4 oli ilo huomata. Pisteell\u00e4 sijainnut poistotekstiilin erillisker\u00e4ysrullakko t\u00e4yttyi my\u00f6s mukavasti illan kuluessa. K\u00e4vij\u00f6ilt\u00e4 tuli paljon tiedusteluja tekstiilien kierr\u00e4tykseen liittyen, ja varsinkin ker\u00e4tyn poistotekstiilin jatkok\u00e4sittely ja hy\u00f6dynt\u00e4mismahdollisuudet kiinnostivat. Suomessa poistotekstiili\u00e4 on erillisker\u00e4tty jo yli vuoden verran, mutta t\u00e4ll\u00e4 hetkell\u00e4 haasteen tuo varsinkin synteettisten kierr\u00e4tyskuitujen v\u00e4h\u00e4inen kysynt\u00e4 (Etel\u00e4-Karjalan J\u00e4tehuolto 2024). Toisaalta Euroopan komissiolta on tulossa ekosuunnitteluvaatimuksia, jotka velvoittaisivat tuottajat k\u00e4ytt\u00e4m\u00e4\u00e4n tekstiilituotteissaan kierr\u00e4tyskuituja (Euroopan komissio 2022). T\u00e4m\u00e4 voi omalta osaltaan vilkastuttaa kierr\u00e4tyskuidun k\u00e4ytt\u00f6\u00e4 tekstiiliteollisuudessa. &nbsp;<\/p>\n\n\n\n<figure class=\"wp-block-image size-large\"><img loading=\"lazy\" decoding=\"async\" width=\"1024\" height=\"512\" src=\"https:\/\/blogit.lab.fi\/labfocus\/wp-content\/uploads\/sites\/8\/2024\/07\/635_2024_Tekstiilit-kiertoon-tapahtuma-toi-ihmiset-tekstiilien-kiertotalouden-pariin_Kuva2-1024x512.png\" alt=\"Kuvassa vaatteidenvaihtopiste, joka koostuu kolmesta vaatteilla t\u00e4ytetyst\u00e4 p\u00f6yd\u00e4st\u00e4 ja muutamasta vaaterekist\u00e4. Toisessa osassa kuvaa erin\u00e4isi\u00e4 tekstiilej\u00e4 ja puulatikoita, joissa irtotavaroita.\" class=\"wp-image-20196\" srcset=\"https:\/\/blogit.lab.fi\/labfocus\/wp-content\/uploads\/sites\/8\/2024\/07\/635_2024_Tekstiilit-kiertoon-tapahtuma-toi-ihmiset-tekstiilien-kiertotalouden-pariin_Kuva2-1024x512.png 1024w, https:\/\/blogit.lab.fi\/labfocus\/wp-content\/uploads\/sites\/8\/2024\/07\/635_2024_Tekstiilit-kiertoon-tapahtuma-toi-ihmiset-tekstiilien-kiertotalouden-pariin_Kuva2-300x150.png 300w, https:\/\/blogit.lab.fi\/labfocus\/wp-content\/uploads\/sites\/8\/2024\/07\/635_2024_Tekstiilit-kiertoon-tapahtuma-toi-ihmiset-tekstiilien-kiertotalouden-pariin_Kuva2-768x384.png 768w, https:\/\/blogit.lab.fi\/labfocus\/wp-content\/uploads\/sites\/8\/2024\/07\/635_2024_Tekstiilit-kiertoon-tapahtuma-toi-ihmiset-tekstiilien-kiertotalouden-pariin_Kuva2-570x285.png 570w, https:\/\/blogit.lab.fi\/labfocus\/wp-content\/uploads\/sites\/8\/2024\/07\/635_2024_Tekstiilit-kiertoon-tapahtuma-toi-ihmiset-tekstiilien-kiertotalouden-pariin_Kuva2.png 1280w\" sizes=\"auto, (max-width: 1024px) 100vw, 1024px\" \/><figcaption class=\"wp-element-caption\">Kuva 2. Vaatteidenvaihtopisteelle tuotiin paljon hyvi\u00e4 ja uniikkeja vaatteita. (Kuva: Kierr\u00e4tyskeskus Patina)<\/figcaption><\/figure>\n\n\n\n<p>Tapahtumaan osallistuneiden toimijoiden kautta k\u00e4vij\u00e4t pystyiv\u00e4t tutustumaan erilaisiin kierr\u00e4tysmateriaaleista valmistettuihin tuotteisiin, kuten kierr\u00e4tyslaukkuihin ja r\u00e4symattoihin. Lis\u00e4ksi k\u00e4vij\u00e4t p\u00e4\u00e4siv\u00e4t kuulemaan, mink\u00e4laista korjaustoimintaa alueella on ja mist\u00e4 tekstiilien korjaamiseen tarvittavia materiaaleja voi hankkia. Mahdollisuutta omien vaatteiden korjaamiseen ohjatusti hy\u00f6dynnettiin harmillisen v\u00e4h\u00e4n, vaikkakin keskustelujen perusteella kiinnostusta t\u00e4m\u00e4nkaltaiseen toimintaan selke\u00e4sti olisi. Parasta antia tapahtumassa oli se, ett\u00e4 saatiin ker\u00e4tty\u00e4 yhteen sek\u00e4 alueellisia toimijoita ett\u00e4 asukkaita. N\u00e4in tekstiilien kiertotaloutta pystyttiin edist\u00e4m\u00e4\u00e4n ruohonjuuritasolla. &nbsp;<\/p>\n\n\n\n<p>Moninainen osallistujakunta osoitti vaatteiden vaihdon olevan t\u00e4rke\u00e4\u00e4 kaikille kuluttajille, ja suurta kiinnostusta esiintyy kest\u00e4v\u00e4n kehityksen mukaisten tottumusten omaksumiseen. T\u00e4llaiset tapahtumat ovat havainnollistavia ja tehokkaita viestinvieji\u00e4, joissa tieto voidaan vied\u00e4 l\u00e4helle ihmist\u00e4.<\/p>\n\n\n\n<figure class=\"wp-block-image size-large is-resized\"><img loading=\"lazy\" decoding=\"async\" width=\"1024\" height=\"512\" src=\"https:\/\/blogit.lab.fi\/labfocus\/wp-content\/uploads\/sites\/8\/2024\/07\/635_2024_Tekstiilit-kiertoon-tapahtuma-toi-ihmiset-tekstiilien-kiertotalouden-pariin_Kuva3.png-1024x512.jpg\" alt=\"Laukkuja, tekstiilej\u00e4 ja irtotavaroita p\u00f6yd\u00e4ll\u00e4 ja laatikoissa.\" class=\"wp-image-20197\" style=\"width:640px;height:auto\" srcset=\"https:\/\/blogit.lab.fi\/labfocus\/wp-content\/uploads\/sites\/8\/2024\/07\/635_2024_Tekstiilit-kiertoon-tapahtuma-toi-ihmiset-tekstiilien-kiertotalouden-pariin_Kuva3.png-1024x512.jpg 1024w, https:\/\/blogit.lab.fi\/labfocus\/wp-content\/uploads\/sites\/8\/2024\/07\/635_2024_Tekstiilit-kiertoon-tapahtuma-toi-ihmiset-tekstiilien-kiertotalouden-pariin_Kuva3.png-300x150.jpg 300w, https:\/\/blogit.lab.fi\/labfocus\/wp-content\/uploads\/sites\/8\/2024\/07\/635_2024_Tekstiilit-kiertoon-tapahtuma-toi-ihmiset-tekstiilien-kiertotalouden-pariin_Kuva3.png-768x384.jpg 768w, https:\/\/blogit.lab.fi\/labfocus\/wp-content\/uploads\/sites\/8\/2024\/07\/635_2024_Tekstiilit-kiertoon-tapahtuma-toi-ihmiset-tekstiilien-kiertotalouden-pariin_Kuva3.png-570x285.jpg 570w, https:\/\/blogit.lab.fi\/labfocus\/wp-content\/uploads\/sites\/8\/2024\/07\/635_2024_Tekstiilit-kiertoon-tapahtuma-toi-ihmiset-tekstiilien-kiertotalouden-pariin_Kuva3.png.jpg 1280w\" sizes=\"auto, (max-width: 1024px) 100vw, 1024px\" \/><figcaption class=\"wp-element-caption\">Kuva 3. Kierr\u00e4tyskeskus Patinan piste, jossa esiteltiin K\u00e4tin\u00e4 &amp; Patinappi -k\u00e4dentaitojenosastoa ja materiaalipankkia. (Kuva: Kierr\u00e4tyskeskus Patina)<\/figcaption><\/figure>\n\n\n\n<div class=\"wp-block-group has-background\" style=\"background-color:#b3edfb\"><div class=\"wp-block-group__inner-container is-layout-constrained wp-block-group-is-layout-constrained\">\n<p>Kirjoittajat\u202f\u202f\u202f&nbsp;<\/p>\n\n\n\n<p><strong>Enni Arvez<\/strong> ty\u00f6skentelee LAB-ammattikorkeakoulun teknologiayksik\u00f6ss\u00e4 TKI-asiantuntijana ja toimii asiantuntijana Tekstiilit kiertoon 2.0 -hankkeessa.&nbsp;<\/p>\n\n\n\n<p><strong>Niko Rintala<\/strong> ty\u00f6skentelee LAB-ammattikorkeakoulun kiertotalouslaboratorion ja -hankkeiden kehitysinsin\u00f6\u00f6rin\u00e4 ja materiaalitekniikan asiantuntijana.&nbsp;<\/p>\n<\/div><\/div>\n\n\n\n<figure class=\"wp-block-image size-full\"><img loading=\"lazy\" decoding=\"async\" width=\"936\" height=\"158\" src=\"https:\/\/blogit.lab.fi\/labfocus\/wp-content\/uploads\/sites\/8\/2024\/07\/635_Tekstiilit-kiertoon-tapahtuma-toi-ihmiset-tekstiilien-kiertotalouden-pariin_Logot.png\" alt=\"\" class=\"wp-image-20198\" srcset=\"https:\/\/blogit.lab.fi\/labfocus\/wp-content\/uploads\/sites\/8\/2024\/07\/635_Tekstiilit-kiertoon-tapahtuma-toi-ihmiset-tekstiilien-kiertotalouden-pariin_Logot.png 936w, https:\/\/blogit.lab.fi\/labfocus\/wp-content\/uploads\/sites\/8\/2024\/07\/635_Tekstiilit-kiertoon-tapahtuma-toi-ihmiset-tekstiilien-kiertotalouden-pariin_Logot-300x51.png 300w, https:\/\/blogit.lab.fi\/labfocus\/wp-content\/uploads\/sites\/8\/2024\/07\/635_Tekstiilit-kiertoon-tapahtuma-toi-ihmiset-tekstiilien-kiertotalouden-pariin_Logot-768x130.png 768w, https:\/\/blogit.lab.fi\/labfocus\/wp-content\/uploads\/sites\/8\/2024\/07\/635_Tekstiilit-kiertoon-tapahtuma-toi-ihmiset-tekstiilien-kiertotalouden-pariin_Logot-570x96.png 570w\" sizes=\"auto, (max-width: 936px) 100vw, 936px\" \/><\/figure>\n\n\n\n<h3 class=\"wp-block-heading\">L\u00e4hteet&nbsp;<\/h3>\n\n\n\n<p>Etel\u00e4-Karjalan J\u00e4tehuolto. 2024. Tekstiilit. Viitattu 5.6.2024. Saatavissa <a href=\"https:\/\/ekjh.fi\/tietopankki\/lajittelu\/tekstiilit\/\">https:\/\/ekjh.fi\/tietopankki\/lajittelu\/tekstiilit\/<\/a><\/p>\n\n\n\n<p>Euroopan komissio. 2022. Communication from the Commission to the European Parliament, the Council, the European Economic and Social Committee and the Committee of the Regions: EU strategy for sustainable and circular textiles. Document 52022DC0141. COM\/2022\/141 final. Viitattu 5.6.2024. Saatavissa <a href=\"https:\/\/eur-lex.europa.eu\/legal-content\/EN\/TXT\/?uri=CELEX:52022DC0141\">https:\/\/eur-lex.europa.eu\/legal-content\/EN\/TXT\/?uri=CELEX:52022DC0141<\/a><\/p>\n\n\n\n<h3 class=\"wp-block-heading\">Linkit<\/h3>\n\n\n\n<p>Linkki 1. LAB-ammattikorkeakoulu. Tekstiilit kiertoon 2.0. Viitattu 5.6.2024. Saatavissa <a href=\"https:\/\/lab.fi\/fi\/projekti\/tekstiilit-kiertoon-20\">https:\/\/lab.fi\/fi\/projekti\/tekstiilit-kiertoon-20<\/a><\/p>\n","protected":false},"excerpt":{"rendered":"<p>Tietoisuuden lis\u00e4\u00e4minen on avainasemassa, kun kuljetaan kohti tekstiilien kiertotaloutta. Pelkk\u00e4 vaatteiden kierr\u00e4tt\u00e4minen ei riit\u00e4, koska se ei poista tekstiilien haitallisten ymp\u00e4rist\u00f6vaikutusten juurisyyt\u00e4 eli ylikulutusta. Kierr\u00e4tt\u00e4misen tueksi tarvitaankin kulutuksen v\u00e4hent\u00e4mist\u00e4, vastuullisempaa tekstiiliteollisuutta sek\u00e4 helposti saavutettavissa olevia korjaus- ja huoltopalveluja. Hankkeilla on t\u00e4rke\u00e4 rooli tietoisuuden lis\u00e4\u00e4misess\u00e4 Tekstiilit kiertoon 2.0 -hankkeessa edistet\u00e4\u00e4n tekstiilien kiertoa erilaisten toimenpiteiden avulla. Hankkeessa [&hellip;]<\/p>\n","protected":false},"author":23,"featured_media":20195,"comment_status":"closed","ping_status":"open","sticky":false,"template":"","format":"standard","meta":{"footnotes":""},"categories":[23,33],"tags":[29,1245,9846,496],"class_list":{"0":"post-20194","1":"post","2":"type-post","3":"status-publish","4":"format-standard","5":"has-post-thumbnail","7":"category-circular-economy_fi","8":"category-kestavat-yhteisot","9":"tag-artikkeli-e1","10":"tag-kierratys","11":"tag-tekstiilien-kiertotalous","12":"tag-tekstiilit","13":"czr-hentry"},"yoast_head":"<!-- This site is optimized with the Yoast SEO plugin v27.4 - https:\/\/yoast.com\/product\/yoast-seo-wordpress\/ -->\n<title>Tekstiilit kiertoon! -tapahtuma toi ihmiset tekstiilien kiertotalouden pariin - LAB Focus<\/title>\n<meta name=\"robots\" content=\"index, follow, max-snippet:-1, max-image-preview:large, max-video-preview:-1\" \/>\n<link rel=\"canonical\" href=\"https:\/\/blogit.lab.fi\/labfocus\/tekstiilit-kiertoon-tapahtuma-toi-ihmiset-tekstiilien-kiertotalouden-pariin\/\" \/>\n<meta property=\"og:locale\" content=\"fi_FI\" \/>\n<meta property=\"og:type\" content=\"article\" \/>\n<meta property=\"og:title\" content=\"Tekstiilit kiertoon! -tapahtuma toi ihmiset tekstiilien kiertotalouden pariin - LAB Focus\" \/>\n<meta property=\"og:description\" content=\"Tietoisuuden lis\u00e4\u00e4minen on avainasemassa, kun kuljetaan kohti tekstiilien kiertotaloutta. Pelkk\u00e4 vaatteiden kierr\u00e4tt\u00e4minen ei riit\u00e4, koska se ei poista tekstiilien haitallisten ymp\u00e4rist\u00f6vaikutusten juurisyyt\u00e4 eli ylikulutusta. Kierr\u00e4tt\u00e4misen tueksi tarvitaankin kulutuksen v\u00e4hent\u00e4mist\u00e4, vastuullisempaa tekstiiliteollisuutta sek\u00e4 helposti saavutettavissa olevia korjaus- ja huoltopalveluja. Hankkeilla on t\u00e4rke\u00e4 rooli tietoisuuden lis\u00e4\u00e4misess\u00e4 Tekstiilit kiertoon 2.0 -hankkeessa edistet\u00e4\u00e4n tekstiilien kiertoa erilaisten toimenpiteiden avulla. Hankkeessa [&hellip;]\" \/>\n<meta property=\"og:url\" content=\"https:\/\/blogit.lab.fi\/labfocus\/tekstiilit-kiertoon-tapahtuma-toi-ihmiset-tekstiilien-kiertotalouden-pariin\/\" \/>\n<meta property=\"og:site_name\" content=\"LAB Focus\" \/>\n<meta property=\"article:published_time\" content=\"2024-07-31T10:46:16+00:00\" \/>\n<meta property=\"article:modified_time\" content=\"2024-07-31T10:46:18+00:00\" \/>\n<meta property=\"og:image\" content=\"https:\/\/blogit.lab.fi\/labfocus\/wp-content\/uploads\/sites\/8\/2024\/07\/635_2024_Tekstiilit-kiertoon-tapahtuma-toi-ihmiset-tekstiilien-kiertotalouden-pariin_Kuva1.png\" \/>\n\t<meta property=\"og:image:width\" content=\"1280\" \/>\n\t<meta property=\"og:image:height\" content=\"640\" \/>\n\t<meta property=\"og:image:type\" content=\"image\/png\" \/>\n<meta name=\"author\" content=\"pvitie\" \/>\n<meta name=\"twitter:card\" content=\"summary_large_image\" \/>\n<meta name=\"twitter:creator\" content=\"@LABfinland\" \/>\n<meta name=\"twitter:site\" content=\"@LABfinland\" \/>\n<meta name=\"twitter:label1\" content=\"Kirjoittanut\" \/>\n\t<meta name=\"twitter:data1\" content=\"pvitie\" \/>\n\t<meta name=\"twitter:label2\" content=\"Arvioitu lukuaika\" \/>\n\t<meta name=\"twitter:data2\" content=\"4 minuuttia\" \/>\n<script type=\"application\/ld+json\" class=\"yoast-schema-graph\">{\"@context\":\"https:\\\/\\\/schema.org\",\"@graph\":[{\"@type\":\"Article\",\"@id\":\"https:\\\/\\\/blogit.lab.fi\\\/labfocus\\\/tekstiilit-kiertoon-tapahtuma-toi-ihmiset-tekstiilien-kiertotalouden-pariin\\\/#article\",\"isPartOf\":{\"@id\":\"https:\\\/\\\/blogit.lab.fi\\\/labfocus\\\/tekstiilit-kiertoon-tapahtuma-toi-ihmiset-tekstiilien-kiertotalouden-pariin\\\/\"},\"author\":{\"name\":\"pvitie\",\"@id\":\"https:\\\/\\\/blogit.lab.fi\\\/labfocus\\\/#\\\/schema\\\/person\\\/a88d96323a2687eb54cce42cea788799\"},\"headline\":\"Tekstiilit kiertoon! -tapahtuma toi ihmiset tekstiilien kiertotalouden pariin\",\"datePublished\":\"2024-07-31T10:46:16+00:00\",\"dateModified\":\"2024-07-31T10:46:18+00:00\",\"mainEntityOfPage\":{\"@id\":\"https:\\\/\\\/blogit.lab.fi\\\/labfocus\\\/tekstiilit-kiertoon-tapahtuma-toi-ihmiset-tekstiilien-kiertotalouden-pariin\\\/\"},\"wordCount\":596,\"publisher\":{\"@id\":\"https:\\\/\\\/blogit.lab.fi\\\/labfocus\\\/#organization\"},\"image\":{\"@id\":\"https:\\\/\\\/blogit.lab.fi\\\/labfocus\\\/tekstiilit-kiertoon-tapahtuma-toi-ihmiset-tekstiilien-kiertotalouden-pariin\\\/#primaryimage\"},\"thumbnailUrl\":\"https:\\\/\\\/blogit.lab.fi\\\/labfocus\\\/wp-content\\\/uploads\\\/sites\\\/8\\\/2024\\\/07\\\/635_2024_Tekstiilit-kiertoon-tapahtuma-toi-ihmiset-tekstiilien-kiertotalouden-pariin_Kuva1.png\",\"keywords\":[\"Artikkeli E1\",\"kierr\u00e4tys\",\"tekstiilien kiertotalous\",\"tekstiilit\"],\"articleSection\":[\"Circular Economy\",\"Kest\u00e4v\u00e4t yhteis\u00f6t\"],\"inLanguage\":\"fi\"},{\"@type\":\"WebPage\",\"@id\":\"https:\\\/\\\/blogit.lab.fi\\\/labfocus\\\/tekstiilit-kiertoon-tapahtuma-toi-ihmiset-tekstiilien-kiertotalouden-pariin\\\/\",\"url\":\"https:\\\/\\\/blogit.lab.fi\\\/labfocus\\\/tekstiilit-kiertoon-tapahtuma-toi-ihmiset-tekstiilien-kiertotalouden-pariin\\\/\",\"name\":\"Tekstiilit kiertoon! -tapahtuma toi ihmiset tekstiilien kiertotalouden pariin - LAB Focus\",\"isPartOf\":{\"@id\":\"https:\\\/\\\/blogit.lab.fi\\\/labfocus\\\/#website\"},\"primaryImageOfPage\":{\"@id\":\"https:\\\/\\\/blogit.lab.fi\\\/labfocus\\\/tekstiilit-kiertoon-tapahtuma-toi-ihmiset-tekstiilien-kiertotalouden-pariin\\\/#primaryimage\"},\"image\":{\"@id\":\"https:\\\/\\\/blogit.lab.fi\\\/labfocus\\\/tekstiilit-kiertoon-tapahtuma-toi-ihmiset-tekstiilien-kiertotalouden-pariin\\\/#primaryimage\"},\"thumbnailUrl\":\"https:\\\/\\\/blogit.lab.fi\\\/labfocus\\\/wp-content\\\/uploads\\\/sites\\\/8\\\/2024\\\/07\\\/635_2024_Tekstiilit-kiertoon-tapahtuma-toi-ihmiset-tekstiilien-kiertotalouden-pariin_Kuva1.png\",\"datePublished\":\"2024-07-31T10:46:16+00:00\",\"dateModified\":\"2024-07-31T10:46:18+00:00\",\"breadcrumb\":{\"@id\":\"https:\\\/\\\/blogit.lab.fi\\\/labfocus\\\/tekstiilit-kiertoon-tapahtuma-toi-ihmiset-tekstiilien-kiertotalouden-pariin\\\/#breadcrumb\"},\"inLanguage\":\"fi\",\"potentialAction\":[{\"@type\":\"ReadAction\",\"target\":[\"https:\\\/\\\/blogit.lab.fi\\\/labfocus\\\/tekstiilit-kiertoon-tapahtuma-toi-ihmiset-tekstiilien-kiertotalouden-pariin\\\/\"]}]},{\"@type\":\"ImageObject\",\"inLanguage\":\"fi\",\"@id\":\"https:\\\/\\\/blogit.lab.fi\\\/labfocus\\\/tekstiilit-kiertoon-tapahtuma-toi-ihmiset-tekstiilien-kiertotalouden-pariin\\\/#primaryimage\",\"url\":\"https:\\\/\\\/blogit.lab.fi\\\/labfocus\\\/wp-content\\\/uploads\\\/sites\\\/8\\\/2024\\\/07\\\/635_2024_Tekstiilit-kiertoon-tapahtuma-toi-ihmiset-tekstiilien-kiertotalouden-pariin_Kuva1.png\",\"contentUrl\":\"https:\\\/\\\/blogit.lab.fi\\\/labfocus\\\/wp-content\\\/uploads\\\/sites\\\/8\\\/2024\\\/07\\\/635_2024_Tekstiilit-kiertoon-tapahtuma-toi-ihmiset-tekstiilien-kiertotalouden-pariin_Kuva1.png\",\"width\":1280,\"height\":640},{\"@type\":\"BreadcrumbList\",\"@id\":\"https:\\\/\\\/blogit.lab.fi\\\/labfocus\\\/tekstiilit-kiertoon-tapahtuma-toi-ihmiset-tekstiilien-kiertotalouden-pariin\\\/#breadcrumb\",\"itemListElement\":[{\"@type\":\"ListItem\",\"position\":1,\"name\":\"Home\",\"item\":\"https:\\\/\\\/blogit.lab.fi\\\/labfocus\\\/\"},{\"@type\":\"ListItem\",\"position\":2,\"name\":\"Tekstiilit kiertoon! -tapahtuma toi ihmiset tekstiilien kiertotalouden pariin\"}]},{\"@type\":\"WebSite\",\"@id\":\"https:\\\/\\\/blogit.lab.fi\\\/labfocus\\\/#website\",\"url\":\"https:\\\/\\\/blogit.lab.fi\\\/labfocus\\\/\",\"name\":\"LAB Focus\",\"description\":\"Focus Area blog | LAB University of Applied Sciences\",\"publisher\":{\"@id\":\"https:\\\/\\\/blogit.lab.fi\\\/labfocus\\\/#organization\"},\"potentialAction\":[{\"@type\":\"SearchAction\",\"target\":{\"@type\":\"EntryPoint\",\"urlTemplate\":\"https:\\\/\\\/blogit.lab.fi\\\/labfocus\\\/?s={search_term_string}\"},\"query-input\":{\"@type\":\"PropertyValueSpecification\",\"valueRequired\":true,\"valueName\":\"search_term_string\"}}],\"inLanguage\":\"fi\"},{\"@type\":\"Organization\",\"@id\":\"https:\\\/\\\/blogit.lab.fi\\\/labfocus\\\/#organization\",\"name\":\"LAB Focus\",\"url\":\"https:\\\/\\\/blogit.lab.fi\\\/labfocus\\\/\",\"logo\":{\"@type\":\"ImageObject\",\"inLanguage\":\"fi\",\"@id\":\"https:\\\/\\\/blogit.lab.fi\\\/labfocus\\\/#\\\/schema\\\/logo\\\/image\\\/\",\"url\":\"https:\\\/\\\/blogit.lab.fi\\\/labfocus\\\/wp-content\\\/uploads\\\/sites\\\/8\\\/2020\\\/04\\\/cropped-cropped-tunnus_blogi-01.png\",\"contentUrl\":\"https:\\\/\\\/blogit.lab.fi\\\/labfocus\\\/wp-content\\\/uploads\\\/sites\\\/8\\\/2020\\\/04\\\/cropped-cropped-tunnus_blogi-01.png\",\"width\":1342,\"height\":288,\"caption\":\"LAB Focus\"},\"image\":{\"@id\":\"https:\\\/\\\/blogit.lab.fi\\\/labfocus\\\/#\\\/schema\\\/logo\\\/image\\\/\"},\"sameAs\":[\"https:\\\/\\\/x.com\\\/LABfinland\"]},{\"@type\":\"Person\",\"@id\":\"https:\\\/\\\/blogit.lab.fi\\\/labfocus\\\/#\\\/schema\\\/person\\\/a88d96323a2687eb54cce42cea788799\",\"name\":\"pvitie\",\"image\":{\"@type\":\"ImageObject\",\"inLanguage\":\"fi\",\"@id\":\"https:\\\/\\\/secure.gravatar.com\\\/avatar\\\/c6efb3d583817a7d4044d9c74e15ee62bfc7174360a560f1ad3a04099475664a?s=96&d=mm&r=g\",\"url\":\"https:\\\/\\\/secure.gravatar.com\\\/avatar\\\/c6efb3d583817a7d4044d9c74e15ee62bfc7174360a560f1ad3a04099475664a?s=96&d=mm&r=g\",\"contentUrl\":\"https:\\\/\\\/secure.gravatar.com\\\/avatar\\\/c6efb3d583817a7d4044d9c74e15ee62bfc7174360a560f1ad3a04099475664a?s=96&d=mm&r=g\",\"caption\":\"pvitie\"},\"url\":\"https:\\\/\\\/blogit.lab.fi\\\/labfocus\\\/author\\\/pvitie\\\/\"}]}<\/script>\n<!-- \/ Yoast SEO plugin. -->","yoast_head_json":{"title":"Tekstiilit kiertoon! -tapahtuma toi ihmiset tekstiilien kiertotalouden pariin - LAB Focus","robots":{"index":"index","follow":"follow","max-snippet":"max-snippet:-1","max-image-preview":"max-image-preview:large","max-video-preview":"max-video-preview:-1"},"canonical":"https:\/\/blogit.lab.fi\/labfocus\/tekstiilit-kiertoon-tapahtuma-toi-ihmiset-tekstiilien-kiertotalouden-pariin\/","og_locale":"fi_FI","og_type":"article","og_title":"Tekstiilit kiertoon! -tapahtuma toi ihmiset tekstiilien kiertotalouden pariin - LAB Focus","og_description":"Tietoisuuden lis\u00e4\u00e4minen on avainasemassa, kun kuljetaan kohti tekstiilien kiertotaloutta. Pelkk\u00e4 vaatteiden kierr\u00e4tt\u00e4minen ei riit\u00e4, koska se ei poista tekstiilien haitallisten ymp\u00e4rist\u00f6vaikutusten juurisyyt\u00e4 eli ylikulutusta. Kierr\u00e4tt\u00e4misen tueksi tarvitaankin kulutuksen v\u00e4hent\u00e4mist\u00e4, vastuullisempaa tekstiiliteollisuutta sek\u00e4 helposti saavutettavissa olevia korjaus- ja huoltopalveluja. Hankkeilla on t\u00e4rke\u00e4 rooli tietoisuuden lis\u00e4\u00e4misess\u00e4 Tekstiilit kiertoon 2.0 -hankkeessa edistet\u00e4\u00e4n tekstiilien kiertoa erilaisten toimenpiteiden avulla. Hankkeessa [&hellip;]","og_url":"https:\/\/blogit.lab.fi\/labfocus\/tekstiilit-kiertoon-tapahtuma-toi-ihmiset-tekstiilien-kiertotalouden-pariin\/","og_site_name":"LAB Focus","article_published_time":"2024-07-31T10:46:16+00:00","article_modified_time":"2024-07-31T10:46:18+00:00","og_image":[{"width":1280,"height":640,"url":"https:\/\/blogit.lab.fi\/labfocus\/wp-content\/uploads\/sites\/8\/2024\/07\/635_2024_Tekstiilit-kiertoon-tapahtuma-toi-ihmiset-tekstiilien-kiertotalouden-pariin_Kuva1.png","type":"image\/png"}],"author":"pvitie","twitter_card":"summary_large_image","twitter_creator":"@LABfinland","twitter_site":"@LABfinland","twitter_misc":{"Kirjoittanut":"pvitie","Arvioitu lukuaika":"4 minuuttia"},"schema":{"@context":"https:\/\/schema.org","@graph":[{"@type":"Article","@id":"https:\/\/blogit.lab.fi\/labfocus\/tekstiilit-kiertoon-tapahtuma-toi-ihmiset-tekstiilien-kiertotalouden-pariin\/#article","isPartOf":{"@id":"https:\/\/blogit.lab.fi\/labfocus\/tekstiilit-kiertoon-tapahtuma-toi-ihmiset-tekstiilien-kiertotalouden-pariin\/"},"author":{"name":"pvitie","@id":"https:\/\/blogit.lab.fi\/labfocus\/#\/schema\/person\/a88d96323a2687eb54cce42cea788799"},"headline":"Tekstiilit kiertoon! -tapahtuma toi ihmiset tekstiilien kiertotalouden pariin","datePublished":"2024-07-31T10:46:16+00:00","dateModified":"2024-07-31T10:46:18+00:00","mainEntityOfPage":{"@id":"https:\/\/blogit.lab.fi\/labfocus\/tekstiilit-kiertoon-tapahtuma-toi-ihmiset-tekstiilien-kiertotalouden-pariin\/"},"wordCount":596,"publisher":{"@id":"https:\/\/blogit.lab.fi\/labfocus\/#organization"},"image":{"@id":"https:\/\/blogit.lab.fi\/labfocus\/tekstiilit-kiertoon-tapahtuma-toi-ihmiset-tekstiilien-kiertotalouden-pariin\/#primaryimage"},"thumbnailUrl":"https:\/\/blogit.lab.fi\/labfocus\/wp-content\/uploads\/sites\/8\/2024\/07\/635_2024_Tekstiilit-kiertoon-tapahtuma-toi-ihmiset-tekstiilien-kiertotalouden-pariin_Kuva1.png","keywords":["Artikkeli E1","kierr\u00e4tys","tekstiilien kiertotalous","tekstiilit"],"articleSection":["Circular Economy","Kest\u00e4v\u00e4t yhteis\u00f6t"],"inLanguage":"fi"},{"@type":"WebPage","@id":"https:\/\/blogit.lab.fi\/labfocus\/tekstiilit-kiertoon-tapahtuma-toi-ihmiset-tekstiilien-kiertotalouden-pariin\/","url":"https:\/\/blogit.lab.fi\/labfocus\/tekstiilit-kiertoon-tapahtuma-toi-ihmiset-tekstiilien-kiertotalouden-pariin\/","name":"Tekstiilit kiertoon! -tapahtuma toi ihmiset tekstiilien kiertotalouden pariin - LAB Focus","isPartOf":{"@id":"https:\/\/blogit.lab.fi\/labfocus\/#website"},"primaryImageOfPage":{"@id":"https:\/\/blogit.lab.fi\/labfocus\/tekstiilit-kiertoon-tapahtuma-toi-ihmiset-tekstiilien-kiertotalouden-pariin\/#primaryimage"},"image":{"@id":"https:\/\/blogit.lab.fi\/labfocus\/tekstiilit-kiertoon-tapahtuma-toi-ihmiset-tekstiilien-kiertotalouden-pariin\/#primaryimage"},"thumbnailUrl":"https:\/\/blogit.lab.fi\/labfocus\/wp-content\/uploads\/sites\/8\/2024\/07\/635_2024_Tekstiilit-kiertoon-tapahtuma-toi-ihmiset-tekstiilien-kiertotalouden-pariin_Kuva1.png","datePublished":"2024-07-31T10:46:16+00:00","dateModified":"2024-07-31T10:46:18+00:00","breadcrumb":{"@id":"https:\/\/blogit.lab.fi\/labfocus\/tekstiilit-kiertoon-tapahtuma-toi-ihmiset-tekstiilien-kiertotalouden-pariin\/#breadcrumb"},"inLanguage":"fi","potentialAction":[{"@type":"ReadAction","target":["https:\/\/blogit.lab.fi\/labfocus\/tekstiilit-kiertoon-tapahtuma-toi-ihmiset-tekstiilien-kiertotalouden-pariin\/"]}]},{"@type":"ImageObject","inLanguage":"fi","@id":"https:\/\/blogit.lab.fi\/labfocus\/tekstiilit-kiertoon-tapahtuma-toi-ihmiset-tekstiilien-kiertotalouden-pariin\/#primaryimage","url":"https:\/\/blogit.lab.fi\/labfocus\/wp-content\/uploads\/sites\/8\/2024\/07\/635_2024_Tekstiilit-kiertoon-tapahtuma-toi-ihmiset-tekstiilien-kiertotalouden-pariin_Kuva1.png","contentUrl":"https:\/\/blogit.lab.fi\/labfocus\/wp-content\/uploads\/sites\/8\/2024\/07\/635_2024_Tekstiilit-kiertoon-tapahtuma-toi-ihmiset-tekstiilien-kiertotalouden-pariin_Kuva1.png","width":1280,"height":640},{"@type":"BreadcrumbList","@id":"https:\/\/blogit.lab.fi\/labfocus\/tekstiilit-kiertoon-tapahtuma-toi-ihmiset-tekstiilien-kiertotalouden-pariin\/#breadcrumb","itemListElement":[{"@type":"ListItem","position":1,"name":"Home","item":"https:\/\/blogit.lab.fi\/labfocus\/"},{"@type":"ListItem","position":2,"name":"Tekstiilit kiertoon! -tapahtuma toi ihmiset tekstiilien kiertotalouden pariin"}]},{"@type":"WebSite","@id":"https:\/\/blogit.lab.fi\/labfocus\/#website","url":"https:\/\/blogit.lab.fi\/labfocus\/","name":"LAB Focus","description":"Focus Area blog | LAB University of Applied Sciences","publisher":{"@id":"https:\/\/blogit.lab.fi\/labfocus\/#organization"},"potentialAction":[{"@type":"SearchAction","target":{"@type":"EntryPoint","urlTemplate":"https:\/\/blogit.lab.fi\/labfocus\/?s={search_term_string}"},"query-input":{"@type":"PropertyValueSpecification","valueRequired":true,"valueName":"search_term_string"}}],"inLanguage":"fi"},{"@type":"Organization","@id":"https:\/\/blogit.lab.fi\/labfocus\/#organization","name":"LAB Focus","url":"https:\/\/blogit.lab.fi\/labfocus\/","logo":{"@type":"ImageObject","inLanguage":"fi","@id":"https:\/\/blogit.lab.fi\/labfocus\/#\/schema\/logo\/image\/","url":"https:\/\/blogit.lab.fi\/labfocus\/wp-content\/uploads\/sites\/8\/2020\/04\/cropped-cropped-tunnus_blogi-01.png","contentUrl":"https:\/\/blogit.lab.fi\/labfocus\/wp-content\/uploads\/sites\/8\/2020\/04\/cropped-cropped-tunnus_blogi-01.png","width":1342,"height":288,"caption":"LAB Focus"},"image":{"@id":"https:\/\/blogit.lab.fi\/labfocus\/#\/schema\/logo\/image\/"},"sameAs":["https:\/\/x.com\/LABfinland"]},{"@type":"Person","@id":"https:\/\/blogit.lab.fi\/labfocus\/#\/schema\/person\/a88d96323a2687eb54cce42cea788799","name":"pvitie","image":{"@type":"ImageObject","inLanguage":"fi","@id":"https:\/\/secure.gravatar.com\/avatar\/c6efb3d583817a7d4044d9c74e15ee62bfc7174360a560f1ad3a04099475664a?s=96&d=mm&r=g","url":"https:\/\/secure.gravatar.com\/avatar\/c6efb3d583817a7d4044d9c74e15ee62bfc7174360a560f1ad3a04099475664a?s=96&d=mm&r=g","contentUrl":"https:\/\/secure.gravatar.com\/avatar\/c6efb3d583817a7d4044d9c74e15ee62bfc7174360a560f1ad3a04099475664a?s=96&d=mm&r=g","caption":"pvitie"},"url":"https:\/\/blogit.lab.fi\/labfocus\/author\/pvitie\/"}]}},"_links":{"self":[{"href":"https:\/\/blogit.lab.fi\/labfocus\/wp-json\/wp\/v2\/posts\/20194","targetHints":{"allow":["GET"]}}],"collection":[{"href":"https:\/\/blogit.lab.fi\/labfocus\/wp-json\/wp\/v2\/posts"}],"about":[{"href":"https:\/\/blogit.lab.fi\/labfocus\/wp-json\/wp\/v2\/types\/post"}],"author":[{"embeddable":true,"href":"https:\/\/blogit.lab.fi\/labfocus\/wp-json\/wp\/v2\/users\/23"}],"replies":[{"embeddable":true,"href":"https:\/\/blogit.lab.fi\/labfocus\/wp-json\/wp\/v2\/comments?post=20194"}],"version-history":[{"count":1,"href":"https:\/\/blogit.lab.fi\/labfocus\/wp-json\/wp\/v2\/posts\/20194\/revisions"}],"predecessor-version":[{"id":20199,"href":"https:\/\/blogit.lab.fi\/labfocus\/wp-json\/wp\/v2\/posts\/20194\/revisions\/20199"}],"wp:featuredmedia":[{"embeddable":true,"href":"https:\/\/blogit.lab.fi\/labfocus\/wp-json\/wp\/v2\/media\/20195"}],"wp:attachment":[{"href":"https:\/\/blogit.lab.fi\/labfocus\/wp-json\/wp\/v2\/media?parent=20194"}],"wp:term":[{"taxonomy":"category","embeddable":true,"href":"https:\/\/blogit.lab.fi\/labfocus\/wp-json\/wp\/v2\/categories?post=20194"},{"taxonomy":"post_tag","embeddable":true,"href":"https:\/\/blogit.lab.fi\/labfocus\/wp-json\/wp\/v2\/tags?post=20194"}],"curies":[{"name":"wp","href":"https:\/\/api.w.org\/{rel}","templated":true}]}}