{"id":20446,"date":"2024-08-27T13:29:01","date_gmt":"2024-08-27T10:29:01","guid":{"rendered":"https:\/\/blogit.lab.fi\/labfocus\/?p=20446"},"modified":"2024-08-27T13:29:02","modified_gmt":"2024-08-27T10:29:02","slug":"muistisairaan-ihmisen-kohtaamisessa-korostuu-tunnetyoskentelyn-tukeminen","status":"publish","type":"post","link":"https:\/\/blogit.lab.fi\/labfocus\/muistisairaan-ihmisen-kohtaamisessa-korostuu-tunnetyoskentelyn-tukeminen\/","title":{"rendered":"Muistisairaan ihmisen kohtaamisessa korostuu tunnety\u00f6skentelyn tukeminen"},"content":{"rendered":"\n<p>Muistisairaus vaikuttaa kognitiivisten taitojen heikkenemisen lis\u00e4ksi my\u00f6s sairastuneen ihmisen tunne-el\u00e4m\u00e4\u00e4n. Sairastuneella tunteiden ilmaiseminen ja jakaminen on haasteellista sek\u00e4 voi esiinty\u00e4 haasteita tulkita ymp\u00e4rist\u00f6st\u00e4 saatuja sanattomia viestej\u00e4. Sosiaali- ja terveysalan ammattilainen kohtaa yh\u00e4 useammin muistisairaan ty\u00f6ss\u00e4\u00e4n, jossa muistisairaan henkil\u00f6n tunne-el\u00e4m\u00e4n tukeminen kuuluu osana sosionomin asiantuntijuuteen.<\/p>\n\n\n\n<h2 class=\"wp-block-heading\">Muistisairaus yleistyy<\/h2>\n\n\n\n<p>Suomessa muistisairausdiagnoosin saa vuosittain 23&nbsp;000 ihmist\u00e4 ja ennusteiden mukaan vuonna 2040 sairastuneita on l\u00e4hes nelj\u00e4nnesmiljoona kansalaista. T\u00e4m\u00e4 tarkoittaa sit\u00e4, ett\u00e4 muistisairauksien m\u00e4\u00e4r\u00e4 tulee kasvamaan 64 % tulevien kahden vuosikymmenen aikana. &nbsp;(THL 2024.)<\/p>\n\n\n\n<p>Ik\u00e4\u00e4ntyneiden m\u00e4\u00e4r\u00e4n lis\u00e4\u00e4ntyess\u00e4 ja keski-i\u00e4n noustessa my\u00f6s muistisairauksien m\u00e4\u00e4r\u00e4 on kasvamassa. Diagnosoitujen muistisairauksien lis\u00e4ksi ik\u00e4\u00e4ntyvien joukossa on heit\u00e4, joilta vasta huomataan muistisairauksien oireita. Muistisairaus vaikuttaa ihmisen kognitiivisiin taitoihin, kuten ajatteluun ja tavoitteelliseen ty\u00f6skentelyyn, kykyyn ilmaista itse\u00e4\u00e4n sek\u00e4 arjen toimintojen heikkenemiseen. My\u00f6s k\u00e4ytt\u00e4ytymisen muutokset ovat yleisi\u00e4. Muistisairaus vaikuttaa siis ihmiseen kokonaisvaltaisesti. (K\u00e4yp\u00e4 hoito 2023.)<\/p>\n\n\n\n<h2 class=\"wp-block-heading\">Muistisairaan tunnety\u00f6skentelyn tukeminen<\/h2>\n\n\n\n<p>Muistisairaan henkil\u00f6n k\u00e4ytt\u00e4ytyminen voi muuttua, n\u00e4it\u00e4 muutoksia sanottiin aiemmin k\u00e4yt\u00f6soireiksi, nyky\u00e4\u00e4n k\u00e4ytet\u00e4\u00e4n k\u00e4sitett\u00e4 muuttunut k\u00e4yt\u00f6s. Sairastunut ihminen ei ole tarkoituksella toisille ilke\u00e4, vaan muistisairaus on voinut vahingoittaa aivojen otsalohkon toimintaa, eli kohtaa, jossa tunnereaktiot, toiminnanohjaus sek\u00e4 havainnot ymp\u00e4rist\u00f6st\u00e4 kohtaavat (Muistiliitto 2024). &nbsp;Muistisairaalla henkil\u00f6ll\u00e4 s\u00e4ilyy kuitenkin tarve olla vuorovaikutuksessa my\u00f6s tunnetasolla, vaikka hallitsemattomia tunteita esiintyykin (Koivistoinen &amp; Behm 2022). Sairastuneen ihmisen k\u00e4ytt\u00e4ytymisen takaa l\u00f6ytyv\u00e4t usein haasteet tunteiden k\u00e4sittelyss\u00e4: tunteiden tunnistamisessa, ilmaisemisessa ja jakamisessa.<\/p>\n\n\n\n<p>Uhkaavaksi koetussa tilanteessa pelko tarttuu my\u00f6s sanattomien viestien kautta. Kielteiseksi koetut tunteet, kuten pelko, viha, h\u00e4pe\u00e4, syyllisyys ja suru tarttuvat herk\u00e4sti ihmisest\u00e4 toiseen (Peltola 2024). Muistisairas ihminen yli tulkitsee ymp\u00e4rist\u00f6\u00e4\u00e4n, jolloin virhetulkintojen m\u00e4\u00e4r\u00e4 kasvaa. Ammattilaisen tulee osata vahvistaa muistisairaan ihmisen kielteisen tunnetartunnan aikana turvan tunnetta, jolloin tunteilla v\u00e4litetty empatia ja levollisuus rauhoittavat muistisairasta ihmist\u00e4. Tunteiden kuvataankin olevan t\u00e4ynn\u00e4 sanattomia viestej\u00e4, ja siten tunteet ovat merkityksellisi\u00e4 ja voimaannuttavia.<\/p>\n\n\n\n<figure class=\"wp-block-image size-large\"><img loading=\"lazy\" decoding=\"async\" width=\"1024\" height=\"585\" src=\"https:\/\/blogit.lab.fi\/labfocus\/wp-content\/uploads\/sites\/8\/2024\/08\/685_2024_Muistisairaan-ihmisen-kohtaamisessa-korostuu-tunnetyoskentelyn-tukeminen-1024x585.jpg\" alt=\"\" class=\"wp-image-20448\" srcset=\"https:\/\/blogit.lab.fi\/labfocus\/wp-content\/uploads\/sites\/8\/2024\/08\/685_2024_Muistisairaan-ihmisen-kohtaamisessa-korostuu-tunnetyoskentelyn-tukeminen-1024x585.jpg 1024w, https:\/\/blogit.lab.fi\/labfocus\/wp-content\/uploads\/sites\/8\/2024\/08\/685_2024_Muistisairaan-ihmisen-kohtaamisessa-korostuu-tunnetyoskentelyn-tukeminen-300x171.jpg 300w, https:\/\/blogit.lab.fi\/labfocus\/wp-content\/uploads\/sites\/8\/2024\/08\/685_2024_Muistisairaan-ihmisen-kohtaamisessa-korostuu-tunnetyoskentelyn-tukeminen-768x439.jpg 768w, https:\/\/blogit.lab.fi\/labfocus\/wp-content\/uploads\/sites\/8\/2024\/08\/685_2024_Muistisairaan-ihmisen-kohtaamisessa-korostuu-tunnetyoskentelyn-tukeminen-570x326.jpg 570w, https:\/\/blogit.lab.fi\/labfocus\/wp-content\/uploads\/sites\/8\/2024\/08\/685_2024_Muistisairaan-ihmisen-kohtaamisessa-korostuu-tunnetyoskentelyn-tukeminen.jpg 1280w\" sizes=\"auto, (max-width: 1024px) 100vw, 1024px\" \/><figcaption class=\"wp-element-caption\">Kuva 1. Tunteiden tunnistaminen on ammatillista kohtaamista. (Polifoto 2020)<\/figcaption><\/figure>\n\n\n\n<p>Sosionomi k\u00e4ytt\u00e4\u00e4 ty\u00f6ss\u00e4\u00e4n erityisosaamista kohdatessaan muistisairaan ihmisen. Kohtaamisessa korostuu ammattilaisen tunnes\u00e4\u00e4telytaitojen merkitys, vastavuoroisuus, ohjaamisosaaminen sek\u00e4 arvostava vuorovaikutus. Empatia saa ammattilaisen valppaaksi toisen ihmisen tarpeille, tavoittelemaan hyvinvointia ihmisen el\u00e4m\u00e4ss\u00e4 (Peltola 2024). Jokainen meist\u00e4 haluaa tulla n\u00e4hdyksi, kuulluksi ja ymm\u00e4rretyksi el\u00e4m\u00e4n kaikissa vaiheissa. Tunnetartunnat vahvistavat asiantuntijan ja asiakkaan v\u00e4list\u00e4 vuorovaikutusta, keskin\u00e4ist\u00e4 ymm\u00e4rryst\u00e4 sek\u00e4 luottamusta.<\/p>\n\n\n\n<div class=\"wp-block-group\"><div class=\"wp-block-group__inner-container is-layout-constrained wp-block-group-is-layout-constrained\">\n<div class=\"wp-block-group has-background\" style=\"background-color:#b3edfb\"><div class=\"wp-block-group__inner-container is-layout-constrained wp-block-group-is-layout-constrained\">\n<p>Kirjoittaja<\/p>\n\n\n\n<p><strong>Sanna Nurmiainen<\/strong> toimii sosiaalialan lehtorina LAB-ammattikorkeakoulussa.<\/p>\n<\/div><\/div>\n<\/div><\/div>\n\n\n\n<h2 class=\"wp-block-heading\">L\u00e4hteet<\/h2>\n\n\n\n<p>Koivistoinen, V. &amp; Behm, M-M. 2022. Muuttaako muistisairaus ihmist\u00e4? LAB Focus. Viitattu 11.8.2024. Saatavissa <a href=\"https:\/\/blogit.lab.fi\/labfocus\/muuttaako-muistisairaus-ihmista\/\">https:\/\/blogit.lab.fi\/labfocus\/muuttaako-muistisairaus-ihmista\/<\/a><\/p>\n\n\n\n<p>K\u00e4yp\u00e4 hoito. 2023. Muistisairaudet. K\u00e4yp\u00e4 hoito \u2013 suositukset. Suomalaisen l\u00e4\u00e4k\u00e4riseura Duodecimin ja Suomen palliatiivisen l\u00e4\u00e4ketieteen yhdistyksen asettama ty\u00f6ryhm\u00e4. Suomalainen l\u00e4\u00e4k\u00e4riseura Duodecim, 2023. Viitattu 11.8.2024. Saatavissa <a href=\"https:\/\/www.kaypahoito.fi\/hoi50044\">https:\/\/www.kaypahoito.fi\/hoi50044<\/a><\/p>\n\n\n\n<p>Muistiliitto. 2024. Vaikeat tilanteet. Viitattu 21.8.2024. Saatavissa&nbsp; <a href=\"https:\/\/www.muistiliitto.fi\/fi\/muistisairaudet\/muistisairaan-ihmisen-kohtaaminen\/vaikeat-tilanteet\">https:\/\/www.muistiliitto.fi\/fi\/muistisairaudet\/muistisairaan-ihmisen-kohtaaminen\/vaikeat-tilanteet<\/a><\/p>\n\n\n\n<p>Peltola, A. 2024. Tunnetartunta. Jyv\u00e4skyl\u00e4: Tuuma-kustannus.<\/p>\n\n\n\n<p>Polifoto. 2020. Leonardi, G. Omaksua, halata, vanhat ihmiset. Pixabay. Viitattu 21.8.2024. Saatavissa <a href=\"https:\/\/pixabay.com\/fi\/photos\/omaksua-halata-vanhat-ihmiset-4788167\/\">https:\/\/pixabay.com\/fi\/photos\/omaksua-halata-vanhat-ihmiset-4788167\/<\/a><\/p>\n\n\n\n<p>THL. 2024. Muistisairauteen sairastuu huomattavasti aiempaa arvioitua useampi \u2013 Sairastuneita on vuonna 2040 l\u00e4hes 250000. Viitattu 11.8.2024. Saatavissa <a href=\"https:\/\/thl.fi\/-\/muistisairauteen-sairastuu-huomattavasti-aiempaa-arvioitua-useampi-sairastuneita-on-vuonna-2040-lahes-250-000\">https:\/\/thl.fi\/-\/muistisairauteen-sairastuu-huomattavasti-aiempaa-arvioitua-useampi-sairastuneita-on-vuonna-2040-lahes-250-000<\/a><\/p>\n","protected":false},"excerpt":{"rendered":"<p>Muistisairaus vaikuttaa kognitiivisten taitojen heikkenemisen lis\u00e4ksi my\u00f6s sairastuneen ihmisen tunne-el\u00e4m\u00e4\u00e4n. Sairastuneella tunteiden ilmaiseminen ja jakaminen on haasteellista sek\u00e4 voi esiinty\u00e4 haasteita tulkita ymp\u00e4rist\u00f6st\u00e4 saatuja sanattomia viestej\u00e4. Sosiaali- ja terveysalan ammattilainen kohtaa yh\u00e4 useammin muistisairaan ty\u00f6ss\u00e4\u00e4n, jossa muistisairaan henkil\u00f6n tunne-el\u00e4m\u00e4n tukeminen kuuluu osana sosionomin asiantuntijuuteen. Muistisairaus yleistyy Suomessa muistisairausdiagnoosin saa vuosittain 23&nbsp;000 ihmist\u00e4 ja ennusteiden mukaan [&hellip;]<\/p>\n","protected":false},"author":17,"featured_media":20448,"comment_status":"closed","ping_status":"open","sticky":false,"template":"","format":"standard","meta":{"footnotes":""},"categories":[15,119],"tags":[10016,29,4689,773,10018],"class_list":{"0":"post-20446","1":"post","2":"type-post","3":"status-publish","4":"format-standard","5":"has-post-thumbnail","7":"category-health_fi","8":"category-osallisuuden-edistaminen-ja-turvallinen-arki","9":"tag-ammatillinen-kohtaaminen","10":"tag-artikkeli-e1","11":"tag-muistisairaus","12":"tag-sosionomi","13":"tag-tunnetyoskentely-fi","14":"czr-hentry"},"yoast_head":"<!-- This site is optimized with the Yoast SEO plugin v27.4 - https:\/\/yoast.com\/product\/yoast-seo-wordpress\/ -->\n<title>Muistisairaan ihmisen kohtaamisessa korostuu tunnety\u00f6skentelyn tukeminen - LAB Focus<\/title>\n<meta name=\"description\" content=\"Muistisairaus yleistyy. Sosionomien ty\u00f6nkentt\u00e4\u00e4n kuuluu muistisairaiden kohtaamista, jolloin tunnety\u00f6skentelyn taidot korostuvat. LAB-amk.\" \/>\n<meta name=\"robots\" content=\"index, follow, max-snippet:-1, max-image-preview:large, max-video-preview:-1\" \/>\n<link rel=\"canonical\" href=\"https:\/\/blogit.lab.fi\/labfocus\/muistisairaan-ihmisen-kohtaamisessa-korostuu-tunnetyoskentelyn-tukeminen\/\" \/>\n<meta property=\"og:locale\" content=\"fi_FI\" \/>\n<meta property=\"og:type\" content=\"article\" \/>\n<meta property=\"og:title\" content=\"Muistisairaan ihmisen kohtaamisessa korostuu tunnety\u00f6skentelyn tukeminen - LAB Focus\" \/>\n<meta property=\"og:description\" content=\"Muistisairaus yleistyy. Sosionomien ty\u00f6nkentt\u00e4\u00e4n kuuluu muistisairaiden kohtaamista, jolloin tunnety\u00f6skentelyn taidot korostuvat. LAB-amk.\" \/>\n<meta property=\"og:url\" content=\"https:\/\/blogit.lab.fi\/labfocus\/muistisairaan-ihmisen-kohtaamisessa-korostuu-tunnetyoskentelyn-tukeminen\/\" \/>\n<meta property=\"og:site_name\" content=\"LAB Focus\" \/>\n<meta property=\"article:published_time\" content=\"2024-08-27T10:29:01+00:00\" \/>\n<meta property=\"article:modified_time\" content=\"2024-08-27T10:29:02+00:00\" \/>\n<meta property=\"og:image\" content=\"https:\/\/blogit.lab.fi\/labfocus\/wp-content\/uploads\/sites\/8\/2024\/08\/685_2024_Muistisairaan-ihmisen-kohtaamisessa-korostuu-tunnetyoskentelyn-tukeminen.jpg\" \/>\n\t<meta property=\"og:image:width\" content=\"1280\" \/>\n\t<meta property=\"og:image:height\" content=\"731\" \/>\n\t<meta property=\"og:image:type\" content=\"image\/jpeg\" \/>\n<meta name=\"author\" content=\"tainask\" \/>\n<meta name=\"twitter:card\" content=\"summary_large_image\" \/>\n<meta name=\"twitter:creator\" content=\"@LABfinland\" \/>\n<meta name=\"twitter:site\" content=\"@LABfinland\" \/>\n<meta name=\"twitter:label1\" content=\"Kirjoittanut\" \/>\n\t<meta name=\"twitter:data1\" content=\"tainask\" \/>\n\t<meta name=\"twitter:label2\" content=\"Arvioitu lukuaika\" \/>\n\t<meta name=\"twitter:data2\" content=\"4 minuuttia\" \/>\n<script type=\"application\/ld+json\" class=\"yoast-schema-graph\">{\"@context\":\"https:\\\/\\\/schema.org\",\"@graph\":[{\"@type\":\"Article\",\"@id\":\"https:\\\/\\\/blogit.lab.fi\\\/labfocus\\\/muistisairaan-ihmisen-kohtaamisessa-korostuu-tunnetyoskentelyn-tukeminen\\\/#article\",\"isPartOf\":{\"@id\":\"https:\\\/\\\/blogit.lab.fi\\\/labfocus\\\/muistisairaan-ihmisen-kohtaamisessa-korostuu-tunnetyoskentelyn-tukeminen\\\/\"},\"author\":{\"name\":\"tainask\",\"@id\":\"https:\\\/\\\/blogit.lab.fi\\\/labfocus\\\/#\\\/schema\\\/person\\\/da729f65c4a2fb9fd8f0b1ec7a2ab7d0\"},\"headline\":\"Muistisairaan ihmisen kohtaamisessa korostuu tunnety\u00f6skentelyn tukeminen\",\"datePublished\":\"2024-08-27T10:29:01+00:00\",\"dateModified\":\"2024-08-27T10:29:02+00:00\",\"mainEntityOfPage\":{\"@id\":\"https:\\\/\\\/blogit.lab.fi\\\/labfocus\\\/muistisairaan-ihmisen-kohtaamisessa-korostuu-tunnetyoskentelyn-tukeminen\\\/\"},\"wordCount\":524,\"publisher\":{\"@id\":\"https:\\\/\\\/blogit.lab.fi\\\/labfocus\\\/#organization\"},\"image\":{\"@id\":\"https:\\\/\\\/blogit.lab.fi\\\/labfocus\\\/muistisairaan-ihmisen-kohtaamisessa-korostuu-tunnetyoskentelyn-tukeminen\\\/#primaryimage\"},\"thumbnailUrl\":\"https:\\\/\\\/blogit.lab.fi\\\/labfocus\\\/wp-content\\\/uploads\\\/sites\\\/8\\\/2024\\\/08\\\/685_2024_Muistisairaan-ihmisen-kohtaamisessa-korostuu-tunnetyoskentelyn-tukeminen.jpg\",\"keywords\":[\"ammatillinen kohtaaminen\",\"Artikkeli E1\",\"muistisairaus\",\"sosionomi\",\"tunnety\u00f6skentely\"],\"articleSection\":[\"Health\",\"Osallisuus, ty\u00f6el\u00e4m\u00e4 ja turvallinen arki\"],\"inLanguage\":\"fi\"},{\"@type\":\"WebPage\",\"@id\":\"https:\\\/\\\/blogit.lab.fi\\\/labfocus\\\/muistisairaan-ihmisen-kohtaamisessa-korostuu-tunnetyoskentelyn-tukeminen\\\/\",\"url\":\"https:\\\/\\\/blogit.lab.fi\\\/labfocus\\\/muistisairaan-ihmisen-kohtaamisessa-korostuu-tunnetyoskentelyn-tukeminen\\\/\",\"name\":\"Muistisairaan ihmisen kohtaamisessa korostuu tunnety\u00f6skentelyn tukeminen - LAB Focus\",\"isPartOf\":{\"@id\":\"https:\\\/\\\/blogit.lab.fi\\\/labfocus\\\/#website\"},\"primaryImageOfPage\":{\"@id\":\"https:\\\/\\\/blogit.lab.fi\\\/labfocus\\\/muistisairaan-ihmisen-kohtaamisessa-korostuu-tunnetyoskentelyn-tukeminen\\\/#primaryimage\"},\"image\":{\"@id\":\"https:\\\/\\\/blogit.lab.fi\\\/labfocus\\\/muistisairaan-ihmisen-kohtaamisessa-korostuu-tunnetyoskentelyn-tukeminen\\\/#primaryimage\"},\"thumbnailUrl\":\"https:\\\/\\\/blogit.lab.fi\\\/labfocus\\\/wp-content\\\/uploads\\\/sites\\\/8\\\/2024\\\/08\\\/685_2024_Muistisairaan-ihmisen-kohtaamisessa-korostuu-tunnetyoskentelyn-tukeminen.jpg\",\"datePublished\":\"2024-08-27T10:29:01+00:00\",\"dateModified\":\"2024-08-27T10:29:02+00:00\",\"description\":\"Muistisairaus yleistyy. Sosionomien ty\u00f6nkentt\u00e4\u00e4n kuuluu muistisairaiden kohtaamista, jolloin tunnety\u00f6skentelyn taidot korostuvat. LAB-amk.\",\"breadcrumb\":{\"@id\":\"https:\\\/\\\/blogit.lab.fi\\\/labfocus\\\/muistisairaan-ihmisen-kohtaamisessa-korostuu-tunnetyoskentelyn-tukeminen\\\/#breadcrumb\"},\"inLanguage\":\"fi\",\"potentialAction\":[{\"@type\":\"ReadAction\",\"target\":[\"https:\\\/\\\/blogit.lab.fi\\\/labfocus\\\/muistisairaan-ihmisen-kohtaamisessa-korostuu-tunnetyoskentelyn-tukeminen\\\/\"]}]},{\"@type\":\"ImageObject\",\"inLanguage\":\"fi\",\"@id\":\"https:\\\/\\\/blogit.lab.fi\\\/labfocus\\\/muistisairaan-ihmisen-kohtaamisessa-korostuu-tunnetyoskentelyn-tukeminen\\\/#primaryimage\",\"url\":\"https:\\\/\\\/blogit.lab.fi\\\/labfocus\\\/wp-content\\\/uploads\\\/sites\\\/8\\\/2024\\\/08\\\/685_2024_Muistisairaan-ihmisen-kohtaamisessa-korostuu-tunnetyoskentelyn-tukeminen.jpg\",\"contentUrl\":\"https:\\\/\\\/blogit.lab.fi\\\/labfocus\\\/wp-content\\\/uploads\\\/sites\\\/8\\\/2024\\\/08\\\/685_2024_Muistisairaan-ihmisen-kohtaamisessa-korostuu-tunnetyoskentelyn-tukeminen.jpg\",\"width\":1280,\"height\":731},{\"@type\":\"BreadcrumbList\",\"@id\":\"https:\\\/\\\/blogit.lab.fi\\\/labfocus\\\/muistisairaan-ihmisen-kohtaamisessa-korostuu-tunnetyoskentelyn-tukeminen\\\/#breadcrumb\",\"itemListElement\":[{\"@type\":\"ListItem\",\"position\":1,\"name\":\"Home\",\"item\":\"https:\\\/\\\/blogit.lab.fi\\\/labfocus\\\/\"},{\"@type\":\"ListItem\",\"position\":2,\"name\":\"Muistisairaan ihmisen kohtaamisessa korostuu tunnety\u00f6skentelyn tukeminen\"}]},{\"@type\":\"WebSite\",\"@id\":\"https:\\\/\\\/blogit.lab.fi\\\/labfocus\\\/#website\",\"url\":\"https:\\\/\\\/blogit.lab.fi\\\/labfocus\\\/\",\"name\":\"LAB Focus\",\"description\":\"Focus Area blog | LAB University of Applied Sciences\",\"publisher\":{\"@id\":\"https:\\\/\\\/blogit.lab.fi\\\/labfocus\\\/#organization\"},\"potentialAction\":[{\"@type\":\"SearchAction\",\"target\":{\"@type\":\"EntryPoint\",\"urlTemplate\":\"https:\\\/\\\/blogit.lab.fi\\\/labfocus\\\/?s={search_term_string}\"},\"query-input\":{\"@type\":\"PropertyValueSpecification\",\"valueRequired\":true,\"valueName\":\"search_term_string\"}}],\"inLanguage\":\"fi\"},{\"@type\":\"Organization\",\"@id\":\"https:\\\/\\\/blogit.lab.fi\\\/labfocus\\\/#organization\",\"name\":\"LAB Focus\",\"url\":\"https:\\\/\\\/blogit.lab.fi\\\/labfocus\\\/\",\"logo\":{\"@type\":\"ImageObject\",\"inLanguage\":\"fi\",\"@id\":\"https:\\\/\\\/blogit.lab.fi\\\/labfocus\\\/#\\\/schema\\\/logo\\\/image\\\/\",\"url\":\"https:\\\/\\\/blogit.lab.fi\\\/labfocus\\\/wp-content\\\/uploads\\\/sites\\\/8\\\/2020\\\/04\\\/cropped-cropped-tunnus_blogi-01.png\",\"contentUrl\":\"https:\\\/\\\/blogit.lab.fi\\\/labfocus\\\/wp-content\\\/uploads\\\/sites\\\/8\\\/2020\\\/04\\\/cropped-cropped-tunnus_blogi-01.png\",\"width\":1342,\"height\":288,\"caption\":\"LAB Focus\"},\"image\":{\"@id\":\"https:\\\/\\\/blogit.lab.fi\\\/labfocus\\\/#\\\/schema\\\/logo\\\/image\\\/\"},\"sameAs\":[\"https:\\\/\\\/x.com\\\/LABfinland\"]},{\"@type\":\"Person\",\"@id\":\"https:\\\/\\\/blogit.lab.fi\\\/labfocus\\\/#\\\/schema\\\/person\\\/da729f65c4a2fb9fd8f0b1ec7a2ab7d0\",\"name\":\"tainask\",\"image\":{\"@type\":\"ImageObject\",\"inLanguage\":\"fi\",\"@id\":\"https:\\\/\\\/secure.gravatar.com\\\/avatar\\\/4a96427877ef826b76e80c27f60b266128094f522551459346efcf14282febb3?s=96&d=mm&r=g\",\"url\":\"https:\\\/\\\/secure.gravatar.com\\\/avatar\\\/4a96427877ef826b76e80c27f60b266128094f522551459346efcf14282febb3?s=96&d=mm&r=g\",\"contentUrl\":\"https:\\\/\\\/secure.gravatar.com\\\/avatar\\\/4a96427877ef826b76e80c27f60b266128094f522551459346efcf14282febb3?s=96&d=mm&r=g\",\"caption\":\"tainask\"},\"url\":\"https:\\\/\\\/blogit.lab.fi\\\/labfocus\\\/author\\\/tainask\\\/\"}]}<\/script>\n<!-- \/ Yoast SEO plugin. -->","yoast_head_json":{"title":"Muistisairaan ihmisen kohtaamisessa korostuu tunnety\u00f6skentelyn tukeminen - LAB Focus","description":"Muistisairaus yleistyy. Sosionomien ty\u00f6nkentt\u00e4\u00e4n kuuluu muistisairaiden kohtaamista, jolloin tunnety\u00f6skentelyn taidot korostuvat. LAB-amk.","robots":{"index":"index","follow":"follow","max-snippet":"max-snippet:-1","max-image-preview":"max-image-preview:large","max-video-preview":"max-video-preview:-1"},"canonical":"https:\/\/blogit.lab.fi\/labfocus\/muistisairaan-ihmisen-kohtaamisessa-korostuu-tunnetyoskentelyn-tukeminen\/","og_locale":"fi_FI","og_type":"article","og_title":"Muistisairaan ihmisen kohtaamisessa korostuu tunnety\u00f6skentelyn tukeminen - LAB Focus","og_description":"Muistisairaus yleistyy. Sosionomien ty\u00f6nkentt\u00e4\u00e4n kuuluu muistisairaiden kohtaamista, jolloin tunnety\u00f6skentelyn taidot korostuvat. LAB-amk.","og_url":"https:\/\/blogit.lab.fi\/labfocus\/muistisairaan-ihmisen-kohtaamisessa-korostuu-tunnetyoskentelyn-tukeminen\/","og_site_name":"LAB Focus","article_published_time":"2024-08-27T10:29:01+00:00","article_modified_time":"2024-08-27T10:29:02+00:00","og_image":[{"width":1280,"height":731,"url":"https:\/\/blogit.lab.fi\/labfocus\/wp-content\/uploads\/sites\/8\/2024\/08\/685_2024_Muistisairaan-ihmisen-kohtaamisessa-korostuu-tunnetyoskentelyn-tukeminen.jpg","type":"image\/jpeg"}],"author":"tainask","twitter_card":"summary_large_image","twitter_creator":"@LABfinland","twitter_site":"@LABfinland","twitter_misc":{"Kirjoittanut":"tainask","Arvioitu lukuaika":"4 minuuttia"},"schema":{"@context":"https:\/\/schema.org","@graph":[{"@type":"Article","@id":"https:\/\/blogit.lab.fi\/labfocus\/muistisairaan-ihmisen-kohtaamisessa-korostuu-tunnetyoskentelyn-tukeminen\/#article","isPartOf":{"@id":"https:\/\/blogit.lab.fi\/labfocus\/muistisairaan-ihmisen-kohtaamisessa-korostuu-tunnetyoskentelyn-tukeminen\/"},"author":{"name":"tainask","@id":"https:\/\/blogit.lab.fi\/labfocus\/#\/schema\/person\/da729f65c4a2fb9fd8f0b1ec7a2ab7d0"},"headline":"Muistisairaan ihmisen kohtaamisessa korostuu tunnety\u00f6skentelyn tukeminen","datePublished":"2024-08-27T10:29:01+00:00","dateModified":"2024-08-27T10:29:02+00:00","mainEntityOfPage":{"@id":"https:\/\/blogit.lab.fi\/labfocus\/muistisairaan-ihmisen-kohtaamisessa-korostuu-tunnetyoskentelyn-tukeminen\/"},"wordCount":524,"publisher":{"@id":"https:\/\/blogit.lab.fi\/labfocus\/#organization"},"image":{"@id":"https:\/\/blogit.lab.fi\/labfocus\/muistisairaan-ihmisen-kohtaamisessa-korostuu-tunnetyoskentelyn-tukeminen\/#primaryimage"},"thumbnailUrl":"https:\/\/blogit.lab.fi\/labfocus\/wp-content\/uploads\/sites\/8\/2024\/08\/685_2024_Muistisairaan-ihmisen-kohtaamisessa-korostuu-tunnetyoskentelyn-tukeminen.jpg","keywords":["ammatillinen kohtaaminen","Artikkeli E1","muistisairaus","sosionomi","tunnety\u00f6skentely"],"articleSection":["Health","Osallisuus, ty\u00f6el\u00e4m\u00e4 ja turvallinen arki"],"inLanguage":"fi"},{"@type":"WebPage","@id":"https:\/\/blogit.lab.fi\/labfocus\/muistisairaan-ihmisen-kohtaamisessa-korostuu-tunnetyoskentelyn-tukeminen\/","url":"https:\/\/blogit.lab.fi\/labfocus\/muistisairaan-ihmisen-kohtaamisessa-korostuu-tunnetyoskentelyn-tukeminen\/","name":"Muistisairaan ihmisen kohtaamisessa korostuu tunnety\u00f6skentelyn tukeminen - LAB Focus","isPartOf":{"@id":"https:\/\/blogit.lab.fi\/labfocus\/#website"},"primaryImageOfPage":{"@id":"https:\/\/blogit.lab.fi\/labfocus\/muistisairaan-ihmisen-kohtaamisessa-korostuu-tunnetyoskentelyn-tukeminen\/#primaryimage"},"image":{"@id":"https:\/\/blogit.lab.fi\/labfocus\/muistisairaan-ihmisen-kohtaamisessa-korostuu-tunnetyoskentelyn-tukeminen\/#primaryimage"},"thumbnailUrl":"https:\/\/blogit.lab.fi\/labfocus\/wp-content\/uploads\/sites\/8\/2024\/08\/685_2024_Muistisairaan-ihmisen-kohtaamisessa-korostuu-tunnetyoskentelyn-tukeminen.jpg","datePublished":"2024-08-27T10:29:01+00:00","dateModified":"2024-08-27T10:29:02+00:00","description":"Muistisairaus yleistyy. Sosionomien ty\u00f6nkentt\u00e4\u00e4n kuuluu muistisairaiden kohtaamista, jolloin tunnety\u00f6skentelyn taidot korostuvat. LAB-amk.","breadcrumb":{"@id":"https:\/\/blogit.lab.fi\/labfocus\/muistisairaan-ihmisen-kohtaamisessa-korostuu-tunnetyoskentelyn-tukeminen\/#breadcrumb"},"inLanguage":"fi","potentialAction":[{"@type":"ReadAction","target":["https:\/\/blogit.lab.fi\/labfocus\/muistisairaan-ihmisen-kohtaamisessa-korostuu-tunnetyoskentelyn-tukeminen\/"]}]},{"@type":"ImageObject","inLanguage":"fi","@id":"https:\/\/blogit.lab.fi\/labfocus\/muistisairaan-ihmisen-kohtaamisessa-korostuu-tunnetyoskentelyn-tukeminen\/#primaryimage","url":"https:\/\/blogit.lab.fi\/labfocus\/wp-content\/uploads\/sites\/8\/2024\/08\/685_2024_Muistisairaan-ihmisen-kohtaamisessa-korostuu-tunnetyoskentelyn-tukeminen.jpg","contentUrl":"https:\/\/blogit.lab.fi\/labfocus\/wp-content\/uploads\/sites\/8\/2024\/08\/685_2024_Muistisairaan-ihmisen-kohtaamisessa-korostuu-tunnetyoskentelyn-tukeminen.jpg","width":1280,"height":731},{"@type":"BreadcrumbList","@id":"https:\/\/blogit.lab.fi\/labfocus\/muistisairaan-ihmisen-kohtaamisessa-korostuu-tunnetyoskentelyn-tukeminen\/#breadcrumb","itemListElement":[{"@type":"ListItem","position":1,"name":"Home","item":"https:\/\/blogit.lab.fi\/labfocus\/"},{"@type":"ListItem","position":2,"name":"Muistisairaan ihmisen kohtaamisessa korostuu tunnety\u00f6skentelyn tukeminen"}]},{"@type":"WebSite","@id":"https:\/\/blogit.lab.fi\/labfocus\/#website","url":"https:\/\/blogit.lab.fi\/labfocus\/","name":"LAB Focus","description":"Focus Area blog | LAB University of Applied Sciences","publisher":{"@id":"https:\/\/blogit.lab.fi\/labfocus\/#organization"},"potentialAction":[{"@type":"SearchAction","target":{"@type":"EntryPoint","urlTemplate":"https:\/\/blogit.lab.fi\/labfocus\/?s={search_term_string}"},"query-input":{"@type":"PropertyValueSpecification","valueRequired":true,"valueName":"search_term_string"}}],"inLanguage":"fi"},{"@type":"Organization","@id":"https:\/\/blogit.lab.fi\/labfocus\/#organization","name":"LAB Focus","url":"https:\/\/blogit.lab.fi\/labfocus\/","logo":{"@type":"ImageObject","inLanguage":"fi","@id":"https:\/\/blogit.lab.fi\/labfocus\/#\/schema\/logo\/image\/","url":"https:\/\/blogit.lab.fi\/labfocus\/wp-content\/uploads\/sites\/8\/2020\/04\/cropped-cropped-tunnus_blogi-01.png","contentUrl":"https:\/\/blogit.lab.fi\/labfocus\/wp-content\/uploads\/sites\/8\/2020\/04\/cropped-cropped-tunnus_blogi-01.png","width":1342,"height":288,"caption":"LAB Focus"},"image":{"@id":"https:\/\/blogit.lab.fi\/labfocus\/#\/schema\/logo\/image\/"},"sameAs":["https:\/\/x.com\/LABfinland"]},{"@type":"Person","@id":"https:\/\/blogit.lab.fi\/labfocus\/#\/schema\/person\/da729f65c4a2fb9fd8f0b1ec7a2ab7d0","name":"tainask","image":{"@type":"ImageObject","inLanguage":"fi","@id":"https:\/\/secure.gravatar.com\/avatar\/4a96427877ef826b76e80c27f60b266128094f522551459346efcf14282febb3?s=96&d=mm&r=g","url":"https:\/\/secure.gravatar.com\/avatar\/4a96427877ef826b76e80c27f60b266128094f522551459346efcf14282febb3?s=96&d=mm&r=g","contentUrl":"https:\/\/secure.gravatar.com\/avatar\/4a96427877ef826b76e80c27f60b266128094f522551459346efcf14282febb3?s=96&d=mm&r=g","caption":"tainask"},"url":"https:\/\/blogit.lab.fi\/labfocus\/author\/tainask\/"}]}},"_links":{"self":[{"href":"https:\/\/blogit.lab.fi\/labfocus\/wp-json\/wp\/v2\/posts\/20446","targetHints":{"allow":["GET"]}}],"collection":[{"href":"https:\/\/blogit.lab.fi\/labfocus\/wp-json\/wp\/v2\/posts"}],"about":[{"href":"https:\/\/blogit.lab.fi\/labfocus\/wp-json\/wp\/v2\/types\/post"}],"author":[{"embeddable":true,"href":"https:\/\/blogit.lab.fi\/labfocus\/wp-json\/wp\/v2\/users\/17"}],"replies":[{"embeddable":true,"href":"https:\/\/blogit.lab.fi\/labfocus\/wp-json\/wp\/v2\/comments?post=20446"}],"version-history":[{"count":1,"href":"https:\/\/blogit.lab.fi\/labfocus\/wp-json\/wp\/v2\/posts\/20446\/revisions"}],"predecessor-version":[{"id":20449,"href":"https:\/\/blogit.lab.fi\/labfocus\/wp-json\/wp\/v2\/posts\/20446\/revisions\/20449"}],"wp:featuredmedia":[{"embeddable":true,"href":"https:\/\/blogit.lab.fi\/labfocus\/wp-json\/wp\/v2\/media\/20448"}],"wp:attachment":[{"href":"https:\/\/blogit.lab.fi\/labfocus\/wp-json\/wp\/v2\/media?parent=20446"}],"wp:term":[{"taxonomy":"category","embeddable":true,"href":"https:\/\/blogit.lab.fi\/labfocus\/wp-json\/wp\/v2\/categories?post=20446"},{"taxonomy":"post_tag","embeddable":true,"href":"https:\/\/blogit.lab.fi\/labfocus\/wp-json\/wp\/v2\/tags?post=20446"}],"curies":[{"name":"wp","href":"https:\/\/api.w.org\/{rel}","templated":true}]}}