{"id":20473,"date":"2024-08-28T08:59:27","date_gmt":"2024-08-28T05:59:27","guid":{"rendered":"https:\/\/blogit.lab.fi\/labfocus\/?p=20473"},"modified":"2024-08-28T08:59:28","modified_gmt":"2024-08-28T05:59:28","slug":"nff-konferenssissa-nousi-esiin-merkityksellinen-oppimiskokemus","status":"publish","type":"post","link":"https:\/\/blogit.lab.fi\/labfocus\/nff-konferenssissa-nousi-esiin-merkityksellinen-oppimiskokemus\/","title":{"rendered":"NFF-konferenssissa nousi esiin merkityksellinen oppimiskokemus"},"content":{"rendered":"\n<p>15.\u201217.8.2024 j\u00e4rjestettiin Islannissa j\u00e4rjestyksess\u00e4\u00e4n 27. NFF-konferenssi. Pohjoismaisen johtamisakatemian tarkoituksena on edist\u00e4\u00e4 johtamisalan tutkimusta, koulutusta ja k\u00e4yt\u00e4nt\u00f6\u00e4 Pohjoismaissa: Tanskassa, Suomessa, Islannissa, Norjassa ja Ruotsissa (NFF 2024). LAB-ammattikorkeakoulusta paikalla oli per\u00e4ti kuusi liiketoimintojen asiantuntijaa.<\/p>\n\n\n\n<p>Kongressissa esitetty kirjoittajan artikkeli Focusing on the beginnings k\u00e4sittelee korkeakoulujen yritt\u00e4jyyskasvatustoimia; teksti kirjoitettiin yhdess\u00e4 LABin liiketoimintayksik\u00f6n TKI- johtajan Pasi Juvosen kanssa. Tutkimusartikkelia varten haastateltiin asiantuntijoita, jotka joko opettavat tai valmentavat opiskelijoita yritt\u00e4jyyden polulle. Korkeakoulujen yritt\u00e4jyystoimilla on suuri vaikutus alueen elinvoimaan sek\u00e4 koulujen itsens\u00e4 saamaan opiskelijapalautteeseen. (Latvala &amp; Juvonen 2024.)<\/p>\n\n\n\n<h2 class=\"wp-block-heading\">Opiskelumotivaatiosta elinik\u00e4iseen oppimiseen<\/h2>\n\n\n\n<p>Opiskelijoiden kokemaa merkityksellisyytt\u00e4 selvitettiin monissa <a>esityksiss\u00e4<\/a>. P\u00e4ivi Borisov Vaasan yliopistosta esitteli elinik\u00e4isen oppimisen tutkimuksen tuloksiaan. Borisovin mukaan avoimen yliopiston opiskelijoiden opiskelumotivaatio on huomattavasti korkeampi kuin tutkinto-opiskelijoiden (Borisov 2024). Niin ik\u00e4\u00e4n Vaasan yliopistosta tulevat Henna Syrj\u00e4l\u00e4, Hanna Leip\u00e4maa-Leskinen sek\u00e4 Minna-Maarit Jaskari kuvasivat artikkelissaan, kuinka merkityksellist\u00e4 oppimiskokemusta voidaan luoda flippaamalla. Heid\u00e4n artikkelinsa Collaborative and online: Creating meanful learning experience in flipped classroom esitti opintojaksopalautteeseen perustuen, kuinka opiskelijoiden merkityksellisyyden kokemus parani, kun he saivat tehd\u00e4 t\u00f6it\u00e4 yhdess\u00e4 ryhm\u00e4ss\u00e4 l\u00e4sn\u00e4 sek\u00e4 verkossa. (Jaskari ym. 2024)<\/p>\n\n\n\n<figure class=\"wp-block-image size-large\"><img loading=\"lazy\" decoding=\"async\" width=\"1024\" height=\"543\" src=\"https:\/\/blogit.lab.fi\/labfocus\/wp-content\/uploads\/sites\/8\/2024\/08\/691_2024._NFF-konferenssissa-nousi-esiin-merkityksellinen-oppimiskokemus-1024x543.jpg\" alt=\"\" class=\"wp-image-20475\" srcset=\"https:\/\/blogit.lab.fi\/labfocus\/wp-content\/uploads\/sites\/8\/2024\/08\/691_2024._NFF-konferenssissa-nousi-esiin-merkityksellinen-oppimiskokemus-1024x543.jpg 1024w, https:\/\/blogit.lab.fi\/labfocus\/wp-content\/uploads\/sites\/8\/2024\/08\/691_2024._NFF-konferenssissa-nousi-esiin-merkityksellinen-oppimiskokemus-300x159.jpg 300w, https:\/\/blogit.lab.fi\/labfocus\/wp-content\/uploads\/sites\/8\/2024\/08\/691_2024._NFF-konferenssissa-nousi-esiin-merkityksellinen-oppimiskokemus-768x407.jpg 768w, https:\/\/blogit.lab.fi\/labfocus\/wp-content\/uploads\/sites\/8\/2024\/08\/691_2024._NFF-konferenssissa-nousi-esiin-merkityksellinen-oppimiskokemus-570x302.jpg 570w, https:\/\/blogit.lab.fi\/labfocus\/wp-content\/uploads\/sites\/8\/2024\/08\/691_2024._NFF-konferenssissa-nousi-esiin-merkityksellinen-oppimiskokemus.jpg 1280w\" sizes=\"auto, (max-width: 1024px) 100vw, 1024px\" \/><figcaption class=\"wp-element-caption\"><a>Kuv<\/a>a 1. Tiedeyhteis\u00f6n tapaamisista saa aina virikkeit\u00e4 tutkimusty\u00f6h\u00f6n. (fill 2015)<\/figcaption><\/figure>\n\n\n\n<h2 class=\"wp-block-heading\">Ensikertalaisen vinkit konferenssiin<\/h2>\n\n\n\n<p>Konferenssissa oli liki 400 osallistujaa, joista suurin osa oli kokeneita tutkijoita. Joukkoon mahtui kuitenkin my\u00f6s <a>meit\u00e4 ensikertalaisia. Muutama huomio ja vinkki<\/a>:<\/p>\n\n\n\n<p>1. Konferenssiin osallistuminen on monin verroin helpompaa kokeneempien kollegoiden seurassa. Yleisi\u00e4 k\u00e4yt\u00e4nt\u00f6j\u00e4 ei esitelty alkupuheenvuorossa lainkaan, joten oli hyv\u00e4, ett\u00e4 vierell\u00e4 oli joku, jota seurata.<\/p>\n\n\n\n<p>2. Konferenssiesitys vaatii valmistautumista. Vaikka on itse kirjoittanut tutkimusartikkelin, ei se tarkoita, ett\u00e4 esitt\u00e4m\u00e4\u00e4n voisi menn\u00e4 valmistautumatta. T\u00e4m\u00e4 kaikki vaatii aikaa.<\/p>\n\n\n\n<p>3. Osallistujat tukivat toistensa onnistumista. Vaikka esityksen j\u00e4lkeen vilisi kommentteja ja kysymyksi\u00e4, suurin osa osallistujista pyrki kommentillaan tukemaan ja kannustamaan esitt\u00e4j\u00e4\u00e4 kohti parasta mahdollista suoritusta. On siis turha pel\u00e4t\u00e4 arvostelua.<\/p>\n\n\n\n<p>4. Toisten esitykset viritt\u00e4v\u00e4t ajatuksesi aivan uudelle tasolle. Esitysten j\u00e4lkeen uusien tutkimusartikkeleiden ideoita sinkoilee aivoissa.<\/p>\n\n\n\n<p>5. Kysy kaikkea mit\u00e4 mielesi ihmettelee. Usein totumme rutiineihin, mutta niiden aukijuttelu antaa paljon kummallekin osapuolelle.<\/p>\n\n\n\n<p>6. Verkostoidu. Kokeneemmat kollegasi tuntevat jo oman tieteenalasi verkostoa, verkostoidu ja tutustu uusiin ihmisiin aluksi porukalla. Ole avoin kuuntelemaan muiden kommentteja, usein niist\u00e4 saa paitsi vinkkej\u00e4 jatkoon my\u00f6s hyvi\u00e4 aasinsiltoja keskusteluille tauoilla ja iltatilaisuuksissa.<\/p>\n\n\n\n<p>7. J\u00e4nnityksest\u00e4 huolimatta koeta malttaa kuunnella muiden esityksi\u00e4. Keskity vain kuulemaan, \u00e4l\u00e4 valmistaudu omaan esitykseesi samalla.<\/p>\n\n\n\n<div class=\"wp-block-group\"><div class=\"wp-block-group__inner-container is-layout-constrained wp-block-group-is-layout-constrained\">\n<div class=\"wp-block-group has-background\" style=\"background-color:#b3edfb\"><div class=\"wp-block-group__inner-container is-layout-constrained wp-block-group-is-layout-constrained\">\n<p>Kirjoittaja<\/p>\n\n\n\n<p><strong>Emma Latvala<\/strong> ty\u00f6skentelee LAB-ammattikorkeakoulussa Business Mill -tiimin tiiminvet\u00e4j\u00e4n\u00e4. Yritystoiminnan kehitt\u00e4minen, muutosvalmiuksien parantaminen sek\u00e4 elinvoimaty\u00f6 kuuluvat h\u00e4nen teht\u00e4viins\u00e4 LABin yrityshautomossa Business Milliss\u00e4.<\/p>\n<\/div><\/div>\n<\/div><\/div>\n\n\n\n<h2 class=\"wp-block-heading\">L\u00e4hteet<\/h2>\n\n\n\n<p>Borisov, P. 2024. Navigating Tomorrow: Anticipated Futures in Lifelong Learning. Esitys Nordiska F\u00f6retagsekonomiska F\u00f6reningen -konferenssissa. 15.8.2024. Reykjavik.<\/p>\n\n\n\n<p>fill. 2015. Pircher, F. Mikrofoni, aktiivinen, puhua. Saatavissa <a href=\"https:\/\/pixabay.com\/fi\/photos\/mikrofoni-aktiivinen-puhua-704255\/\">https:\/\/pixabay.com\/fi\/photos\/mikrofoni-aktiivinen-puhua-704255\/<\/a><\/p>\n\n\n\n<p>Jaskari, M-M., Leip\u00e4maa-Leskinen, H. &amp; Syrj\u00e4l\u00e4, H. 2024. Collaborative and online: Creating meanful learning experience in flipped classroom. Esitys NFF-konferenssissa. 15.8.2024. Reykjavik.<\/p>\n\n\n\n<p>Latvala, E. &amp; Juvonen, P. 2024. Focusing on the beginnings. Esitys NFF-konferenssissa. 15.8.2024. Reykjavik.<\/p>\n\n\n\n<p>NFF. 2024. What is NFF Nordic Academy of Management. Nordiska F\u00f6retagsekonomiska F\u00f6reningen. Viitattu 23.8.2024. Saatavissa <a href=\"https:\/\/nff2024.is\/what-is-nff\">https:\/\/nff2024.is\/what-is-nff<\/a><\/p>\n","protected":false},"excerpt":{"rendered":"<p>15.\u201217.8.2024 j\u00e4rjestettiin Islannissa j\u00e4rjestyksess\u00e4\u00e4n 27. NFF-konferenssi. Pohjoismaisen johtamisakatemian tarkoituksena on edist\u00e4\u00e4 johtamisalan tutkimusta, koulutusta ja k\u00e4yt\u00e4nt\u00f6\u00e4 Pohjoismaissa: Tanskassa, Suomessa, Islannissa, Norjassa ja Ruotsissa (NFF 2024). LAB-ammattikorkeakoulusta paikalla oli per\u00e4ti kuusi liiketoimintojen asiantuntijaa. Kongressissa esitetty kirjoittajan artikkeli Focusing on the beginnings k\u00e4sittelee korkeakoulujen yritt\u00e4jyyskasvatustoimia; teksti kirjoitettiin yhdess\u00e4 LABin liiketoimintayksik\u00f6n TKI- johtajan Pasi Juvosen kanssa. Tutkimusartikkelia varten [&hellip;]<\/p>\n","protected":false},"author":17,"featured_media":20475,"comment_status":"closed","ping_status":"open","sticky":false,"template":"","format":"standard","meta":{"footnotes":""},"categories":[19,407],"tags":[29,1437,10030,10032,569],"class_list":{"0":"post-20473","1":"post","2":"type-post","3":"status-publish","4":"format-standard","5":"has-post-thumbnail","7":"category-innovations_fi","8":"category-uudistuva-ja-kehittyva-yrittajyys","9":"tag-artikkeli-e1","10":"tag-konferenssi","11":"tag-nff","12":"tag-nordiska-foretagsekonomiska-foreningen","13":"tag-oppiminen","14":"czr-hentry"},"yoast_head":"<!-- This site is optimized with the Yoast SEO plugin v27.5 - https:\/\/yoast.com\/product\/yoast-seo-wordpress\/ -->\n<title>NFF-konferenssissa nousi esiin merkityksellinen oppimiskokemus - LAB Focus<\/title>\n<meta name=\"description\" content=\"Kokemuksia Nordiska F\u00f6retagninsekonomiska F\u00f6reningenin j\u00e4rjest\u00e4m\u00e4st\u00e4 liiketalouskonferenssista Reykjavikista kes\u00e4ll\u00e4 2024.\" \/>\n<meta name=\"robots\" content=\"index, follow, max-snippet:-1, max-image-preview:large, max-video-preview:-1\" \/>\n<link rel=\"canonical\" href=\"https:\/\/blogit.lab.fi\/labfocus\/nff-konferenssissa-nousi-esiin-merkityksellinen-oppimiskokemus\/\" \/>\n<meta property=\"og:locale\" content=\"fi_FI\" \/>\n<meta property=\"og:type\" content=\"article\" \/>\n<meta property=\"og:title\" content=\"NFF-konferenssissa nousi esiin merkityksellinen oppimiskokemus - LAB Focus\" \/>\n<meta property=\"og:description\" content=\"Kokemuksia Nordiska F\u00f6retagninsekonomiska F\u00f6reningenin j\u00e4rjest\u00e4m\u00e4st\u00e4 liiketalouskonferenssista Reykjavikista kes\u00e4ll\u00e4 2024.\" \/>\n<meta property=\"og:url\" content=\"https:\/\/blogit.lab.fi\/labfocus\/nff-konferenssissa-nousi-esiin-merkityksellinen-oppimiskokemus\/\" \/>\n<meta property=\"og:site_name\" content=\"LAB Focus\" \/>\n<meta property=\"article:published_time\" content=\"2024-08-28T05:59:27+00:00\" \/>\n<meta property=\"article:modified_time\" content=\"2024-08-28T05:59:28+00:00\" \/>\n<meta property=\"og:image\" content=\"https:\/\/blogit.lab.fi\/labfocus\/wp-content\/uploads\/sites\/8\/2024\/08\/691_2024._NFF-konferenssissa-nousi-esiin-merkityksellinen-oppimiskokemus.jpg\" \/>\n\t<meta property=\"og:image:width\" content=\"1280\" \/>\n\t<meta property=\"og:image:height\" content=\"679\" \/>\n\t<meta property=\"og:image:type\" content=\"image\/jpeg\" \/>\n<meta name=\"author\" content=\"tainask\" \/>\n<meta name=\"twitter:card\" content=\"summary_large_image\" \/>\n<meta name=\"twitter:creator\" content=\"@LABfinland\" \/>\n<meta name=\"twitter:site\" content=\"@LABfinland\" \/>\n<meta name=\"twitter:label1\" content=\"Kirjoittanut\" \/>\n\t<meta name=\"twitter:data1\" content=\"tainask\" \/>\n\t<meta name=\"twitter:label2\" content=\"Arvioitu lukuaika\" \/>\n\t<meta name=\"twitter:data2\" content=\"4 minuuttia\" \/>\n<script type=\"application\/ld+json\" class=\"yoast-schema-graph\">{\"@context\":\"https:\\\/\\\/schema.org\",\"@graph\":[{\"@type\":\"Article\",\"@id\":\"https:\\\/\\\/blogit.lab.fi\\\/labfocus\\\/nff-konferenssissa-nousi-esiin-merkityksellinen-oppimiskokemus\\\/#article\",\"isPartOf\":{\"@id\":\"https:\\\/\\\/blogit.lab.fi\\\/labfocus\\\/nff-konferenssissa-nousi-esiin-merkityksellinen-oppimiskokemus\\\/\"},\"author\":{\"name\":\"tainask\",\"@id\":\"https:\\\/\\\/blogit.lab.fi\\\/labfocus\\\/#\\\/schema\\\/person\\\/da729f65c4a2fb9fd8f0b1ec7a2ab7d0\"},\"headline\":\"NFF-konferenssissa nousi esiin merkityksellinen oppimiskokemus\",\"datePublished\":\"2024-08-28T05:59:27+00:00\",\"dateModified\":\"2024-08-28T05:59:28+00:00\",\"mainEntityOfPage\":{\"@id\":\"https:\\\/\\\/blogit.lab.fi\\\/labfocus\\\/nff-konferenssissa-nousi-esiin-merkityksellinen-oppimiskokemus\\\/\"},\"wordCount\":497,\"publisher\":{\"@id\":\"https:\\\/\\\/blogit.lab.fi\\\/labfocus\\\/#organization\"},\"image\":{\"@id\":\"https:\\\/\\\/blogit.lab.fi\\\/labfocus\\\/nff-konferenssissa-nousi-esiin-merkityksellinen-oppimiskokemus\\\/#primaryimage\"},\"thumbnailUrl\":\"https:\\\/\\\/blogit.lab.fi\\\/labfocus\\\/wp-content\\\/uploads\\\/sites\\\/8\\\/2024\\\/08\\\/691_2024._NFF-konferenssissa-nousi-esiin-merkityksellinen-oppimiskokemus.jpg\",\"keywords\":[\"Artikkeli E1\",\"konferenssi\",\"NFF\",\"Nordiska F\u00f6retagsekonomiska F\u00f6reningen\",\"oppiminen\"],\"articleSection\":[\"Innovations\",\"Uudistuva ja kehittyv\u00e4 yritt\u00e4jyys\"],\"inLanguage\":\"fi\"},{\"@type\":\"WebPage\",\"@id\":\"https:\\\/\\\/blogit.lab.fi\\\/labfocus\\\/nff-konferenssissa-nousi-esiin-merkityksellinen-oppimiskokemus\\\/\",\"url\":\"https:\\\/\\\/blogit.lab.fi\\\/labfocus\\\/nff-konferenssissa-nousi-esiin-merkityksellinen-oppimiskokemus\\\/\",\"name\":\"NFF-konferenssissa nousi esiin merkityksellinen oppimiskokemus - LAB Focus\",\"isPartOf\":{\"@id\":\"https:\\\/\\\/blogit.lab.fi\\\/labfocus\\\/#website\"},\"primaryImageOfPage\":{\"@id\":\"https:\\\/\\\/blogit.lab.fi\\\/labfocus\\\/nff-konferenssissa-nousi-esiin-merkityksellinen-oppimiskokemus\\\/#primaryimage\"},\"image\":{\"@id\":\"https:\\\/\\\/blogit.lab.fi\\\/labfocus\\\/nff-konferenssissa-nousi-esiin-merkityksellinen-oppimiskokemus\\\/#primaryimage\"},\"thumbnailUrl\":\"https:\\\/\\\/blogit.lab.fi\\\/labfocus\\\/wp-content\\\/uploads\\\/sites\\\/8\\\/2024\\\/08\\\/691_2024._NFF-konferenssissa-nousi-esiin-merkityksellinen-oppimiskokemus.jpg\",\"datePublished\":\"2024-08-28T05:59:27+00:00\",\"dateModified\":\"2024-08-28T05:59:28+00:00\",\"description\":\"Kokemuksia Nordiska F\u00f6retagninsekonomiska F\u00f6reningenin j\u00e4rjest\u00e4m\u00e4st\u00e4 liiketalouskonferenssista Reykjavikista kes\u00e4ll\u00e4 2024.\",\"breadcrumb\":{\"@id\":\"https:\\\/\\\/blogit.lab.fi\\\/labfocus\\\/nff-konferenssissa-nousi-esiin-merkityksellinen-oppimiskokemus\\\/#breadcrumb\"},\"inLanguage\":\"fi\",\"potentialAction\":[{\"@type\":\"ReadAction\",\"target\":[\"https:\\\/\\\/blogit.lab.fi\\\/labfocus\\\/nff-konferenssissa-nousi-esiin-merkityksellinen-oppimiskokemus\\\/\"]}]},{\"@type\":\"ImageObject\",\"inLanguage\":\"fi\",\"@id\":\"https:\\\/\\\/blogit.lab.fi\\\/labfocus\\\/nff-konferenssissa-nousi-esiin-merkityksellinen-oppimiskokemus\\\/#primaryimage\",\"url\":\"https:\\\/\\\/blogit.lab.fi\\\/labfocus\\\/wp-content\\\/uploads\\\/sites\\\/8\\\/2024\\\/08\\\/691_2024._NFF-konferenssissa-nousi-esiin-merkityksellinen-oppimiskokemus.jpg\",\"contentUrl\":\"https:\\\/\\\/blogit.lab.fi\\\/labfocus\\\/wp-content\\\/uploads\\\/sites\\\/8\\\/2024\\\/08\\\/691_2024._NFF-konferenssissa-nousi-esiin-merkityksellinen-oppimiskokemus.jpg\",\"width\":1280,\"height\":679},{\"@type\":\"BreadcrumbList\",\"@id\":\"https:\\\/\\\/blogit.lab.fi\\\/labfocus\\\/nff-konferenssissa-nousi-esiin-merkityksellinen-oppimiskokemus\\\/#breadcrumb\",\"itemListElement\":[{\"@type\":\"ListItem\",\"position\":1,\"name\":\"Home\",\"item\":\"https:\\\/\\\/blogit.lab.fi\\\/labfocus\\\/\"},{\"@type\":\"ListItem\",\"position\":2,\"name\":\"NFF-konferenssissa nousi esiin merkityksellinen oppimiskokemus\"}]},{\"@type\":\"WebSite\",\"@id\":\"https:\\\/\\\/blogit.lab.fi\\\/labfocus\\\/#website\",\"url\":\"https:\\\/\\\/blogit.lab.fi\\\/labfocus\\\/\",\"name\":\"LAB Focus\",\"description\":\"Focus Area blog | LAB University of Applied Sciences\",\"publisher\":{\"@id\":\"https:\\\/\\\/blogit.lab.fi\\\/labfocus\\\/#organization\"},\"potentialAction\":[{\"@type\":\"SearchAction\",\"target\":{\"@type\":\"EntryPoint\",\"urlTemplate\":\"https:\\\/\\\/blogit.lab.fi\\\/labfocus\\\/?s={search_term_string}\"},\"query-input\":{\"@type\":\"PropertyValueSpecification\",\"valueRequired\":true,\"valueName\":\"search_term_string\"}}],\"inLanguage\":\"fi\"},{\"@type\":\"Organization\",\"@id\":\"https:\\\/\\\/blogit.lab.fi\\\/labfocus\\\/#organization\",\"name\":\"LAB Focus\",\"url\":\"https:\\\/\\\/blogit.lab.fi\\\/labfocus\\\/\",\"logo\":{\"@type\":\"ImageObject\",\"inLanguage\":\"fi\",\"@id\":\"https:\\\/\\\/blogit.lab.fi\\\/labfocus\\\/#\\\/schema\\\/logo\\\/image\\\/\",\"url\":\"https:\\\/\\\/blogit.lab.fi\\\/labfocus\\\/wp-content\\\/uploads\\\/sites\\\/8\\\/2020\\\/04\\\/cropped-cropped-tunnus_blogi-01.png\",\"contentUrl\":\"https:\\\/\\\/blogit.lab.fi\\\/labfocus\\\/wp-content\\\/uploads\\\/sites\\\/8\\\/2020\\\/04\\\/cropped-cropped-tunnus_blogi-01.png\",\"width\":1342,\"height\":288,\"caption\":\"LAB Focus\"},\"image\":{\"@id\":\"https:\\\/\\\/blogit.lab.fi\\\/labfocus\\\/#\\\/schema\\\/logo\\\/image\\\/\"},\"sameAs\":[\"https:\\\/\\\/x.com\\\/LABfinland\"]},{\"@type\":\"Person\",\"@id\":\"https:\\\/\\\/blogit.lab.fi\\\/labfocus\\\/#\\\/schema\\\/person\\\/da729f65c4a2fb9fd8f0b1ec7a2ab7d0\",\"name\":\"tainask\",\"image\":{\"@type\":\"ImageObject\",\"inLanguage\":\"fi\",\"@id\":\"https:\\\/\\\/secure.gravatar.com\\\/avatar\\\/4a96427877ef826b76e80c27f60b266128094f522551459346efcf14282febb3?s=96&d=mm&r=g\",\"url\":\"https:\\\/\\\/secure.gravatar.com\\\/avatar\\\/4a96427877ef826b76e80c27f60b266128094f522551459346efcf14282febb3?s=96&d=mm&r=g\",\"contentUrl\":\"https:\\\/\\\/secure.gravatar.com\\\/avatar\\\/4a96427877ef826b76e80c27f60b266128094f522551459346efcf14282febb3?s=96&d=mm&r=g\",\"caption\":\"tainask\"},\"url\":\"https:\\\/\\\/blogit.lab.fi\\\/labfocus\\\/author\\\/tainask\\\/\"}]}<\/script>\n<!-- \/ Yoast SEO plugin. -->","yoast_head_json":{"title":"NFF-konferenssissa nousi esiin merkityksellinen oppimiskokemus - LAB Focus","description":"Kokemuksia Nordiska F\u00f6retagninsekonomiska F\u00f6reningenin j\u00e4rjest\u00e4m\u00e4st\u00e4 liiketalouskonferenssista Reykjavikista kes\u00e4ll\u00e4 2024.","robots":{"index":"index","follow":"follow","max-snippet":"max-snippet:-1","max-image-preview":"max-image-preview:large","max-video-preview":"max-video-preview:-1"},"canonical":"https:\/\/blogit.lab.fi\/labfocus\/nff-konferenssissa-nousi-esiin-merkityksellinen-oppimiskokemus\/","og_locale":"fi_FI","og_type":"article","og_title":"NFF-konferenssissa nousi esiin merkityksellinen oppimiskokemus - LAB Focus","og_description":"Kokemuksia Nordiska F\u00f6retagninsekonomiska F\u00f6reningenin j\u00e4rjest\u00e4m\u00e4st\u00e4 liiketalouskonferenssista Reykjavikista kes\u00e4ll\u00e4 2024.","og_url":"https:\/\/blogit.lab.fi\/labfocus\/nff-konferenssissa-nousi-esiin-merkityksellinen-oppimiskokemus\/","og_site_name":"LAB Focus","article_published_time":"2024-08-28T05:59:27+00:00","article_modified_time":"2024-08-28T05:59:28+00:00","og_image":[{"width":1280,"height":679,"url":"https:\/\/blogit.lab.fi\/labfocus\/wp-content\/uploads\/sites\/8\/2024\/08\/691_2024._NFF-konferenssissa-nousi-esiin-merkityksellinen-oppimiskokemus.jpg","type":"image\/jpeg"}],"author":"tainask","twitter_card":"summary_large_image","twitter_creator":"@LABfinland","twitter_site":"@LABfinland","twitter_misc":{"Kirjoittanut":"tainask","Arvioitu lukuaika":"4 minuuttia"},"schema":{"@context":"https:\/\/schema.org","@graph":[{"@type":"Article","@id":"https:\/\/blogit.lab.fi\/labfocus\/nff-konferenssissa-nousi-esiin-merkityksellinen-oppimiskokemus\/#article","isPartOf":{"@id":"https:\/\/blogit.lab.fi\/labfocus\/nff-konferenssissa-nousi-esiin-merkityksellinen-oppimiskokemus\/"},"author":{"name":"tainask","@id":"https:\/\/blogit.lab.fi\/labfocus\/#\/schema\/person\/da729f65c4a2fb9fd8f0b1ec7a2ab7d0"},"headline":"NFF-konferenssissa nousi esiin merkityksellinen oppimiskokemus","datePublished":"2024-08-28T05:59:27+00:00","dateModified":"2024-08-28T05:59:28+00:00","mainEntityOfPage":{"@id":"https:\/\/blogit.lab.fi\/labfocus\/nff-konferenssissa-nousi-esiin-merkityksellinen-oppimiskokemus\/"},"wordCount":497,"publisher":{"@id":"https:\/\/blogit.lab.fi\/labfocus\/#organization"},"image":{"@id":"https:\/\/blogit.lab.fi\/labfocus\/nff-konferenssissa-nousi-esiin-merkityksellinen-oppimiskokemus\/#primaryimage"},"thumbnailUrl":"https:\/\/blogit.lab.fi\/labfocus\/wp-content\/uploads\/sites\/8\/2024\/08\/691_2024._NFF-konferenssissa-nousi-esiin-merkityksellinen-oppimiskokemus.jpg","keywords":["Artikkeli E1","konferenssi","NFF","Nordiska F\u00f6retagsekonomiska F\u00f6reningen","oppiminen"],"articleSection":["Innovations","Uudistuva ja kehittyv\u00e4 yritt\u00e4jyys"],"inLanguage":"fi"},{"@type":"WebPage","@id":"https:\/\/blogit.lab.fi\/labfocus\/nff-konferenssissa-nousi-esiin-merkityksellinen-oppimiskokemus\/","url":"https:\/\/blogit.lab.fi\/labfocus\/nff-konferenssissa-nousi-esiin-merkityksellinen-oppimiskokemus\/","name":"NFF-konferenssissa nousi esiin merkityksellinen oppimiskokemus - LAB Focus","isPartOf":{"@id":"https:\/\/blogit.lab.fi\/labfocus\/#website"},"primaryImageOfPage":{"@id":"https:\/\/blogit.lab.fi\/labfocus\/nff-konferenssissa-nousi-esiin-merkityksellinen-oppimiskokemus\/#primaryimage"},"image":{"@id":"https:\/\/blogit.lab.fi\/labfocus\/nff-konferenssissa-nousi-esiin-merkityksellinen-oppimiskokemus\/#primaryimage"},"thumbnailUrl":"https:\/\/blogit.lab.fi\/labfocus\/wp-content\/uploads\/sites\/8\/2024\/08\/691_2024._NFF-konferenssissa-nousi-esiin-merkityksellinen-oppimiskokemus.jpg","datePublished":"2024-08-28T05:59:27+00:00","dateModified":"2024-08-28T05:59:28+00:00","description":"Kokemuksia Nordiska F\u00f6retagninsekonomiska F\u00f6reningenin j\u00e4rjest\u00e4m\u00e4st\u00e4 liiketalouskonferenssista Reykjavikista kes\u00e4ll\u00e4 2024.","breadcrumb":{"@id":"https:\/\/blogit.lab.fi\/labfocus\/nff-konferenssissa-nousi-esiin-merkityksellinen-oppimiskokemus\/#breadcrumb"},"inLanguage":"fi","potentialAction":[{"@type":"ReadAction","target":["https:\/\/blogit.lab.fi\/labfocus\/nff-konferenssissa-nousi-esiin-merkityksellinen-oppimiskokemus\/"]}]},{"@type":"ImageObject","inLanguage":"fi","@id":"https:\/\/blogit.lab.fi\/labfocus\/nff-konferenssissa-nousi-esiin-merkityksellinen-oppimiskokemus\/#primaryimage","url":"https:\/\/blogit.lab.fi\/labfocus\/wp-content\/uploads\/sites\/8\/2024\/08\/691_2024._NFF-konferenssissa-nousi-esiin-merkityksellinen-oppimiskokemus.jpg","contentUrl":"https:\/\/blogit.lab.fi\/labfocus\/wp-content\/uploads\/sites\/8\/2024\/08\/691_2024._NFF-konferenssissa-nousi-esiin-merkityksellinen-oppimiskokemus.jpg","width":1280,"height":679},{"@type":"BreadcrumbList","@id":"https:\/\/blogit.lab.fi\/labfocus\/nff-konferenssissa-nousi-esiin-merkityksellinen-oppimiskokemus\/#breadcrumb","itemListElement":[{"@type":"ListItem","position":1,"name":"Home","item":"https:\/\/blogit.lab.fi\/labfocus\/"},{"@type":"ListItem","position":2,"name":"NFF-konferenssissa nousi esiin merkityksellinen oppimiskokemus"}]},{"@type":"WebSite","@id":"https:\/\/blogit.lab.fi\/labfocus\/#website","url":"https:\/\/blogit.lab.fi\/labfocus\/","name":"LAB Focus","description":"Focus Area blog | LAB University of Applied Sciences","publisher":{"@id":"https:\/\/blogit.lab.fi\/labfocus\/#organization"},"potentialAction":[{"@type":"SearchAction","target":{"@type":"EntryPoint","urlTemplate":"https:\/\/blogit.lab.fi\/labfocus\/?s={search_term_string}"},"query-input":{"@type":"PropertyValueSpecification","valueRequired":true,"valueName":"search_term_string"}}],"inLanguage":"fi"},{"@type":"Organization","@id":"https:\/\/blogit.lab.fi\/labfocus\/#organization","name":"LAB Focus","url":"https:\/\/blogit.lab.fi\/labfocus\/","logo":{"@type":"ImageObject","inLanguage":"fi","@id":"https:\/\/blogit.lab.fi\/labfocus\/#\/schema\/logo\/image\/","url":"https:\/\/blogit.lab.fi\/labfocus\/wp-content\/uploads\/sites\/8\/2020\/04\/cropped-cropped-tunnus_blogi-01.png","contentUrl":"https:\/\/blogit.lab.fi\/labfocus\/wp-content\/uploads\/sites\/8\/2020\/04\/cropped-cropped-tunnus_blogi-01.png","width":1342,"height":288,"caption":"LAB Focus"},"image":{"@id":"https:\/\/blogit.lab.fi\/labfocus\/#\/schema\/logo\/image\/"},"sameAs":["https:\/\/x.com\/LABfinland"]},{"@type":"Person","@id":"https:\/\/blogit.lab.fi\/labfocus\/#\/schema\/person\/da729f65c4a2fb9fd8f0b1ec7a2ab7d0","name":"tainask","image":{"@type":"ImageObject","inLanguage":"fi","@id":"https:\/\/secure.gravatar.com\/avatar\/4a96427877ef826b76e80c27f60b266128094f522551459346efcf14282febb3?s=96&d=mm&r=g","url":"https:\/\/secure.gravatar.com\/avatar\/4a96427877ef826b76e80c27f60b266128094f522551459346efcf14282febb3?s=96&d=mm&r=g","contentUrl":"https:\/\/secure.gravatar.com\/avatar\/4a96427877ef826b76e80c27f60b266128094f522551459346efcf14282febb3?s=96&d=mm&r=g","caption":"tainask"},"url":"https:\/\/blogit.lab.fi\/labfocus\/author\/tainask\/"}]}},"_links":{"self":[{"href":"https:\/\/blogit.lab.fi\/labfocus\/wp-json\/wp\/v2\/posts\/20473","targetHints":{"allow":["GET"]}}],"collection":[{"href":"https:\/\/blogit.lab.fi\/labfocus\/wp-json\/wp\/v2\/posts"}],"about":[{"href":"https:\/\/blogit.lab.fi\/labfocus\/wp-json\/wp\/v2\/types\/post"}],"author":[{"embeddable":true,"href":"https:\/\/blogit.lab.fi\/labfocus\/wp-json\/wp\/v2\/users\/17"}],"replies":[{"embeddable":true,"href":"https:\/\/blogit.lab.fi\/labfocus\/wp-json\/wp\/v2\/comments?post=20473"}],"version-history":[{"count":1,"href":"https:\/\/blogit.lab.fi\/labfocus\/wp-json\/wp\/v2\/posts\/20473\/revisions"}],"predecessor-version":[{"id":20476,"href":"https:\/\/blogit.lab.fi\/labfocus\/wp-json\/wp\/v2\/posts\/20473\/revisions\/20476"}],"wp:featuredmedia":[{"embeddable":true,"href":"https:\/\/blogit.lab.fi\/labfocus\/wp-json\/wp\/v2\/media\/20475"}],"wp:attachment":[{"href":"https:\/\/blogit.lab.fi\/labfocus\/wp-json\/wp\/v2\/media?parent=20473"}],"wp:term":[{"taxonomy":"category","embeddable":true,"href":"https:\/\/blogit.lab.fi\/labfocus\/wp-json\/wp\/v2\/categories?post=20473"},{"taxonomy":"post_tag","embeddable":true,"href":"https:\/\/blogit.lab.fi\/labfocus\/wp-json\/wp\/v2\/tags?post=20473"}],"curies":[{"name":"wp","href":"https:\/\/api.w.org\/{rel}","templated":true}]}}