{"id":20830,"date":"2024-09-20T10:37:29","date_gmt":"2024-09-20T07:37:29","guid":{"rendered":"https:\/\/blogit.lab.fi\/labfocus\/?p=20830"},"modified":"2024-09-20T10:37:30","modified_gmt":"2024-09-20T07:37:30","slug":"mielen-hyvinvointi-ja-ikaantyminen","status":"publish","type":"post","link":"https:\/\/blogit.lab.fi\/labfocus\/mielen-hyvinvointi-ja-ikaantyminen\/","title":{"rendered":"Mielen hyvinvointi ja ik\u00e4\u00e4ntyminen"},"content":{"rendered":"\n<p>Ik\u00e4\u00e4ntyneiden mielenterveyden haasteet koskettavat yh\u00e4 suurempaa osaa v\u00e4est\u00f6st\u00e4 ja on siksi ajankohtainen ja t\u00e4rke\u00e4 aihe. Yh\u00e4 useammat ihmiset el\u00e4v\u00e4t pidemp\u00e4\u00e4n ja kohtaavat ik\u00e4\u00e4ntymisen tuomia muutoksia. N\u00e4m\u00e4 voivat vaikuttaa heid\u00e4n mielenterveyteens\u00e4 positiivisesti tai negatiivisesti.<\/p>\n\n\n\n<p>LAB-ammattikorkeakoulu on jo muutaman vuoden ajan kouluttanut sote-ammattilaisia P\u00e4ij\u00e4t-H\u00e4meen hyvinvointialueella ik\u00e4\u00e4ntyneiden mielenterveyden ja p\u00e4ihdeongelmien haasteista. Koulutuksen tavoitteena on ollut henkil\u00f6st\u00f6n osaamisen lis\u00e4\u00e4minen ik\u00e4\u00e4ntyneiden mielenterveys- ja p\u00e4ihdehaittojen tunnistamisessa ja hoidossa. Tarkoitus on ollut lis\u00e4t\u00e4 valmiuksia kohdata ja ty\u00f6skennell\u00e4 mielenterveys- ja p\u00e4ihdeasiakkaiden parissa erilaisissa toimintaymp\u00e4rist\u00f6iss\u00e4 sek\u00e4 moniammatillisessa ty\u00f6yhteis\u00f6ss\u00e4.<\/p>\n\n\n\n<p>Ik\u00e4\u00e4ntyneen mielen hyvinvointia voivat haastaa toimintakyvyn heikkeneminen ja sairaudet, sosiaalisen verkoston kutistuminen tai taloudelliset huolet. Vaikka ik\u00e4\u00e4ntymiseen liittyv\u00e4t prosessit kuten fyysiset ja terveydentilan muutokset ovat yksil\u00f6llisi\u00e4, nykytilanne viittaa siihen, ett\u00e4 mielenterveysongelmat ik\u00e4\u00e4ntyneiden parissa ovat kasvussa, ja moni k\u00e4rsii esimerkiksi masennuksesta tai ahdistuksesta (Mielenterveystalo 2024).<\/p>\n\n\n\n<h2 class=\"wp-block-heading\">Riskitekij\u00f6it\u00e4 vanhetessa<\/h2>\n\n\n\n<p>Ik\u00e4\u00e4ntymiseen liittyv\u00e4t el\u00e4m\u00e4ntilanteet haurastuttavat mielen hyvinvointia helposti. Fyysiset ja kognitiiviset heikentym\u00e4t voivat aiheuttaa stressi\u00e4 ja mielialan laskua. L\u00e4heisten ihmisten menetykset tai ihmissuhteisiin liittyv\u00e4t haasteet ja ongelmat saattavat lis\u00e4t\u00e4 sosiaalista erist\u00e4ytymist\u00e4 ja yksin\u00e4isyyden tunnetta, joka vaikuttaa mielenterveyteen negatiivisesti. Itsen\u00e4isen selviytymisen ja itsem\u00e4\u00e4r\u00e4\u00e4misoikeuden menett\u00e4minen tai kielteiset asenteet ik\u00e4ihmisi\u00e4 kohtaan yhteiskunnassa voivat vied\u00e4 tunteen el\u00e4m\u00e4nhallinnasta ja aiheuttaa identiteettikriisej\u00e4, mik\u00e4 puolestaan voi johtaa masennukseen ja ahdistukseen.<\/p>\n\n\n\n<p>My\u00f6s ik\u00e4\u00e4ntyneiden p\u00e4ihteiden k\u00e4ytt\u00f6 on kasvava huolenaihe, joka vaikuttaa el\u00e4m\u00e4nlaatuun ja terveyteen. Monet ik\u00e4\u00e4ntyneet k\u00e4rsiv\u00e4t jatkuvasta kivusta, mik\u00e4 saattaa johtaa reseptil\u00e4\u00e4kkeiden v\u00e4\u00e4rink\u00e4ytt\u00f6\u00f6n. Kun l\u00e4\u00e4kkeit\u00e4 k\u00e4ytet\u00e4\u00e4n pidemm\u00e4n aikaa, riippuvuusriski kasvaa. Mielenterveyshaasteet voivat my\u00f6s johtaa p\u00e4ihteiden pariin. P\u00e4ihteit\u00e4 usein k\u00e4ytet\u00e4\u00e4n itsehoitokeinona lievitt\u00e4m\u00e4\u00e4n alakuloisuutta, henkist\u00e4 kipua, stressi\u00e4 ja yksin\u00e4isyytt\u00e4 (Mieli Suomen Mielenterveysseura 2017).<\/p>\n\n\n\n<figure class=\"wp-block-image size-large\"><img loading=\"lazy\" decoding=\"async\" width=\"1024\" height=\"582\" src=\"https:\/\/blogit.lab.fi\/labfocus\/wp-content\/uploads\/sites\/8\/2024\/09\/759_2024_Mielen-hyvinvointi-ja-ikaantyminen-1024x582.jpg\" alt=\"\" class=\"wp-image-20832\" srcset=\"https:\/\/blogit.lab.fi\/labfocus\/wp-content\/uploads\/sites\/8\/2024\/09\/759_2024_Mielen-hyvinvointi-ja-ikaantyminen-1024x582.jpg 1024w, https:\/\/blogit.lab.fi\/labfocus\/wp-content\/uploads\/sites\/8\/2024\/09\/759_2024_Mielen-hyvinvointi-ja-ikaantyminen-300x170.jpg 300w, https:\/\/blogit.lab.fi\/labfocus\/wp-content\/uploads\/sites\/8\/2024\/09\/759_2024_Mielen-hyvinvointi-ja-ikaantyminen-768x436.jpg 768w, https:\/\/blogit.lab.fi\/labfocus\/wp-content\/uploads\/sites\/8\/2024\/09\/759_2024_Mielen-hyvinvointi-ja-ikaantyminen-570x324.jpg 570w, https:\/\/blogit.lab.fi\/labfocus\/wp-content\/uploads\/sites\/8\/2024\/09\/759_2024_Mielen-hyvinvointi-ja-ikaantyminen.jpg 1280w\" sizes=\"auto, (max-width: 1024px) 100vw, 1024px\" \/><figcaption class=\"wp-element-caption\">Kuva 1. Hyv\u00e4\u00e4 vanhuutta tukevat el\u00e4m\u00e4n aikana hankitut voimavarat. (sabinevanerp 2018)<\/figcaption><\/figure>\n\n\n\n<h2 class=\"wp-block-heading\">Hyv\u00e4n vanhuuden toteutuminen<\/h2>\n\n\n\n<p>Toisin kuin saatetaan ajatella, masennus tai alakulo eiv\u00e4t ole luonnollinen osa vanhenemista. Mielen hyvinvoinnilla on t\u00e4rke\u00e4 rooli hyv\u00e4n vanhuuden toteutumisessa, ja mielen voimavaroja tarvitaan muutoksien sopeutumiseen ja jaksamisen yll\u00e4pit\u00e4miseen. Samaan aikaan kun ei-my\u00f6nteiset muutokset lis\u00e4\u00e4ntyv\u00e4t, my\u00f6s erilaiset taidot ja el\u00e4m\u00e4nkokemuksen kautta saatu viisaus vahvistuvat. El\u00e4m\u00e4nkokemus on yleens\u00e4 kartuttanut itsetuntemusta ja el\u00e4m\u00e4n ymm\u00e4rryst\u00e4 sek\u00e4 my\u00f6s taitoja s\u00e4\u00e4dell\u00e4 tunteita ja siten lis\u00e4nnyt kyky\u00e4 p\u00e4rj\u00e4t\u00e4 muutoksissa.<\/p>\n\n\n\n<p>Mielen voimavarat ovat vastaavanlainen hyvinvoinnin puskuri kuin fyysinen terveys, ja on hyv\u00e4 muistaa, ett\u00e4 voimavaroja voi tukea, vahvistaa ja kartuttaa i\u00e4n my\u00f6t\u00e4 yh\u00e4 uudelleen (Fried et al. 2017).<\/p>\n\n\n\n<h2 class=\"wp-block-heading\">Auttamismahdollisuudet<\/h2>\n\n\n\n<p>Terveydenhuollon ammattilaisten jatkuva kouluttaminen ik\u00e4\u00e4ntyneiden mielenterveys- ja p\u00e4ihdeongelmien tunnistamisessa on keskeist\u00e4, jotta voidaan tarjota asianmukaista tukea. Tietoisuuden kasvattaminen auttaa my\u00f6s v\u00e4hent\u00e4m\u00e4\u00e4n stigmaa ja kannustaa ik\u00e4ihmisi\u00e4 hakemaan apua. <\/p>\n\n\n\n<p>Ik\u00e4\u00e4ntyneiden mielenterveys on monisyinen, ja haasteiden ratkaisemiseksi tarvitaan ymm\u00e4rryst\u00e4 ik\u00e4\u00e4ntyneiden mielenterveys- ja p\u00e4ihdeongelmien erityispiirteist\u00e4. \u00a0Mielialan kartoitus ja p\u00e4ihteiden k\u00e4yt\u00f6n puheeksiotto ja seuranta auttavat havaitsemaan ongelmat varhaisessa vaiheessa. S\u00e4\u00e4nn\u00f6lliset l\u00e4\u00e4kityksien tarkastukset, sosiaalisen yhteyden tukeminen, tietoisuuden lis\u00e4\u00e4minen, el\u00e4m\u00e4nlaadun parantaminen ja psykososiaalinen tuki ovat esimerkkej\u00e4 muutamista t\u00e4rkeist\u00e4 keinoista, joilla voidaan edist\u00e4\u00e4 ik\u00e4\u00e4ntyneiden mielenterveytt\u00e4 ja hyvinvointia (THL 2024).<\/p>\n\n\n\n<div class=\"wp-block-group\"><div class=\"wp-block-group__inner-container is-layout-constrained wp-block-group-is-layout-constrained\">\n<div class=\"wp-block-group has-background\" style=\"background-color:#b3edfb\"><div class=\"wp-block-group__inner-container is-layout-constrained wp-block-group-is-layout-constrained\">\n<p>Kirjoittaja<\/p>\n\n\n\n<p><strong>Mia Kr\u00f6neck<\/strong> on mielenterveys- ja p\u00e4ihdehoitoty\u00f6n lehtori LAB-ammattikorkeakoulun hyvinvointiyksik\u00f6ss\u00e4.<\/p>\n<\/div><\/div>\n<\/div><\/div>\n\n\n\n<h2 class=\"wp-block-heading\"><a>L\u00e4hteet<\/a><\/h2>\n\n\n\n<p>Fried, S., Heimonen, S. &amp; Jokinen, P. 2013. Ik\u00e4\u00e4ntyminen ja mielen hyvinvointi. Ik\u00e4instituutti. Viitattu 17.9.2024. Saatavissa <a href=\"https:\/\/www.ikainstituutti.fi\/content\/uploads\/2016\/08\/ik%C3%A4%C3%A4ntyminen-ja-mielen-hyvinvointi.pdf\">https:\/\/www.ikainstituutti.fi\/content\/uploads\/2016\/08\/ik%C3%A4%C3%A4ntyminen-ja-mielen-hyvinvointi.pdf<\/a><\/p>\n\n\n\n<p>Mielenterveystalo. 2024. Ik\u00e4\u00e4ntyminen ja mielen hyvinvointi. Viitattu 17.9.2024. Saatavissa <a href=\"https:\/\/www.mielenterveystalo.fi\/fi\/elamankaari-ja-mielenterveys\/ikaantyminen-ja-mielen-hyvinvointi\">https:\/\/www.mielenterveystalo.fi\/fi\/elamankaari-ja-mielenterveys\/ikaantyminen-ja-mielen-hyvinvointi<\/a><\/p>\n\n\n\n<p>Mieli Suomen Mielenterveysseura. 2017. Ik\u00e4\u00e4ntyv\u00e4 mieli. Mielen hyvinvointia vanhetessa. Viitattu 17.9.2024. Saatavissa <a href=\"https:\/\/mieli.fi\/wp-content\/uploads\/2021\/08\/Ikaantyva-mieli-_kirja.pdf\">https:\/\/mieli.fi\/wp-content\/uploads\/2021\/08\/Ikaantyva-mieli-_kirja.pdf<\/a><\/p>\n\n\n\n<p>sabinevanerp. 2018. van Erp, S. K\u00e4si, ihmisen, nainen, aikuinen. Pixabay. Viitattu 17.9.2024. Saatavissa <a href=\"https:\/\/pixabay.com\/fi\/photos\/k%C3%A4si-ihmisen-nainen-aikuinen-k%C3%A4det-3672932\">https:\/\/pixabay.com\/fi\/photos\/k%C3%A4si-ihmisen-nainen-aikuinen-k%C3%A4det-3672932<\/a><\/p>\n\n\n\n<p>THL. 2024. Ik\u00e4\u00e4ntyneiden mielen hyvinvointi. Terveyden ja hyvinvoinnin laitos. Viitattu 17.9.2024. Saatavissa <a href=\"https:\/\/thl.fi\/aiheet\/mielenterveys\/mielenterveyden-edistaminen\/ikaantyneiden-mielen-hyvinvointi\">https:\/\/thl.fi\/aiheet\/mielenterveys\/mielenterveyden-edistaminen\/ikaantyneiden-mielen-hyvinvointi<\/a><\/p>\n","protected":false},"excerpt":{"rendered":"<p>Ik\u00e4\u00e4ntyneiden mielenterveyden haasteet koskettavat yh\u00e4 suurempaa osaa v\u00e4est\u00f6st\u00e4 ja on siksi ajankohtainen ja t\u00e4rke\u00e4 aihe. Yh\u00e4 useammat ihmiset el\u00e4v\u00e4t pidemp\u00e4\u00e4n ja kohtaavat ik\u00e4\u00e4ntymisen tuomia muutoksia. N\u00e4m\u00e4 voivat vaikuttaa heid\u00e4n mielenterveyteens\u00e4 positiivisesti tai negatiivisesti. LAB-ammattikorkeakoulu on jo muutaman vuoden ajan kouluttanut sote-ammattilaisia P\u00e4ij\u00e4t-H\u00e4meen hyvinvointialueella ik\u00e4\u00e4ntyneiden mielenterveyden ja p\u00e4ihdeongelmien haasteista. Koulutuksen tavoitteena on ollut henkil\u00f6st\u00f6n osaamisen lis\u00e4\u00e4minen [&hellip;]<\/p>\n","protected":false},"author":17,"featured_media":20832,"comment_status":"closed","ping_status":"open","sticky":false,"template":"","format":"standard","meta":{"footnotes":""},"categories":[15],"tags":[9904,1120,10167,837],"class_list":{"0":"post-20830","1":"post","2":"type-post","3":"status-publish","4":"format-standard","5":"has-post-thumbnail","7":"category-health_fi","8":"tag-artikkeli-d1","9":"tag-ikaantyminen","10":"tag-mielen-hyvinvointi","11":"tag-mielenterveys","12":"czr-hentry"},"yoast_head":"<!-- This site is optimized with the Yoast SEO plugin v27.4 - https:\/\/yoast.com\/product\/yoast-seo-wordpress\/ -->\n<title>Mielen hyvinvointi ja ik\u00e4\u00e4ntyminen - LAB Focus<\/title>\n<meta name=\"description\" content=\"Huomiota ik\u00e4\u00e4ntyvien ihmisten mielen hyvinvointiin. LAB-ammattikorkeakoulussa koulutetaan hyvinvointialan osaajia tiedostamaan haasteet.\" \/>\n<meta name=\"robots\" content=\"index, follow, max-snippet:-1, max-image-preview:large, max-video-preview:-1\" \/>\n<link rel=\"canonical\" href=\"https:\/\/blogit.lab.fi\/labfocus\/mielen-hyvinvointi-ja-ikaantyminen\/\" \/>\n<meta property=\"og:locale\" content=\"fi_FI\" \/>\n<meta property=\"og:type\" content=\"article\" \/>\n<meta property=\"og:title\" content=\"Mielen hyvinvointi ja ik\u00e4\u00e4ntyminen - LAB Focus\" \/>\n<meta property=\"og:description\" content=\"Huomiota ik\u00e4\u00e4ntyvien ihmisten mielen hyvinvointiin. LAB-ammattikorkeakoulussa koulutetaan hyvinvointialan osaajia tiedostamaan haasteet.\" \/>\n<meta property=\"og:url\" content=\"https:\/\/blogit.lab.fi\/labfocus\/mielen-hyvinvointi-ja-ikaantyminen\/\" \/>\n<meta property=\"og:site_name\" content=\"LAB Focus\" \/>\n<meta property=\"article:published_time\" content=\"2024-09-20T07:37:29+00:00\" \/>\n<meta property=\"article:modified_time\" content=\"2024-09-20T07:37:30+00:00\" \/>\n<meta property=\"og:image\" content=\"https:\/\/blogit.lab.fi\/labfocus\/wp-content\/uploads\/sites\/8\/2024\/09\/759_2024_Mielen-hyvinvointi-ja-ikaantyminen.jpg\" \/>\n\t<meta property=\"og:image:width\" content=\"1280\" \/>\n\t<meta property=\"og:image:height\" content=\"727\" \/>\n\t<meta property=\"og:image:type\" content=\"image\/jpeg\" \/>\n<meta name=\"author\" content=\"tainask\" \/>\n<meta name=\"twitter:card\" content=\"summary_large_image\" \/>\n<meta name=\"twitter:creator\" content=\"@LABfinland\" \/>\n<meta name=\"twitter:site\" content=\"@LABfinland\" \/>\n<meta name=\"twitter:label1\" content=\"Kirjoittanut\" \/>\n\t<meta name=\"twitter:data1\" content=\"tainask\" \/>\n\t<meta name=\"twitter:label2\" content=\"Arvioitu lukuaika\" \/>\n\t<meta name=\"twitter:data2\" content=\"4 minuuttia\" \/>\n<script type=\"application\/ld+json\" class=\"yoast-schema-graph\">{\"@context\":\"https:\\\/\\\/schema.org\",\"@graph\":[{\"@type\":\"Article\",\"@id\":\"https:\\\/\\\/blogit.lab.fi\\\/labfocus\\\/mielen-hyvinvointi-ja-ikaantyminen\\\/#article\",\"isPartOf\":{\"@id\":\"https:\\\/\\\/blogit.lab.fi\\\/labfocus\\\/mielen-hyvinvointi-ja-ikaantyminen\\\/\"},\"author\":{\"name\":\"tainask\",\"@id\":\"https:\\\/\\\/blogit.lab.fi\\\/labfocus\\\/#\\\/schema\\\/person\\\/da729f65c4a2fb9fd8f0b1ec7a2ab7d0\"},\"headline\":\"Mielen hyvinvointi ja ik\u00e4\u00e4ntyminen\",\"datePublished\":\"2024-09-20T07:37:29+00:00\",\"dateModified\":\"2024-09-20T07:37:30+00:00\",\"mainEntityOfPage\":{\"@id\":\"https:\\\/\\\/blogit.lab.fi\\\/labfocus\\\/mielen-hyvinvointi-ja-ikaantyminen\\\/\"},\"wordCount\":668,\"publisher\":{\"@id\":\"https:\\\/\\\/blogit.lab.fi\\\/labfocus\\\/#organization\"},\"image\":{\"@id\":\"https:\\\/\\\/blogit.lab.fi\\\/labfocus\\\/mielen-hyvinvointi-ja-ikaantyminen\\\/#primaryimage\"},\"thumbnailUrl\":\"https:\\\/\\\/blogit.lab.fi\\\/labfocus\\\/wp-content\\\/uploads\\\/sites\\\/8\\\/2024\\\/09\\\/759_2024_Mielen-hyvinvointi-ja-ikaantyminen.jpg\",\"keywords\":[\"Artikkeli D1\",\"ik\u00e4\u00e4ntyminen\",\"mielen hyvinvointi\",\"mielenterveys\"],\"articleSection\":[\"Health\"],\"inLanguage\":\"fi\"},{\"@type\":\"WebPage\",\"@id\":\"https:\\\/\\\/blogit.lab.fi\\\/labfocus\\\/mielen-hyvinvointi-ja-ikaantyminen\\\/\",\"url\":\"https:\\\/\\\/blogit.lab.fi\\\/labfocus\\\/mielen-hyvinvointi-ja-ikaantyminen\\\/\",\"name\":\"Mielen hyvinvointi ja ik\u00e4\u00e4ntyminen - LAB Focus\",\"isPartOf\":{\"@id\":\"https:\\\/\\\/blogit.lab.fi\\\/labfocus\\\/#website\"},\"primaryImageOfPage\":{\"@id\":\"https:\\\/\\\/blogit.lab.fi\\\/labfocus\\\/mielen-hyvinvointi-ja-ikaantyminen\\\/#primaryimage\"},\"image\":{\"@id\":\"https:\\\/\\\/blogit.lab.fi\\\/labfocus\\\/mielen-hyvinvointi-ja-ikaantyminen\\\/#primaryimage\"},\"thumbnailUrl\":\"https:\\\/\\\/blogit.lab.fi\\\/labfocus\\\/wp-content\\\/uploads\\\/sites\\\/8\\\/2024\\\/09\\\/759_2024_Mielen-hyvinvointi-ja-ikaantyminen.jpg\",\"datePublished\":\"2024-09-20T07:37:29+00:00\",\"dateModified\":\"2024-09-20T07:37:30+00:00\",\"description\":\"Huomiota ik\u00e4\u00e4ntyvien ihmisten mielen hyvinvointiin. LAB-ammattikorkeakoulussa koulutetaan hyvinvointialan osaajia tiedostamaan haasteet.\",\"breadcrumb\":{\"@id\":\"https:\\\/\\\/blogit.lab.fi\\\/labfocus\\\/mielen-hyvinvointi-ja-ikaantyminen\\\/#breadcrumb\"},\"inLanguage\":\"fi\",\"potentialAction\":[{\"@type\":\"ReadAction\",\"target\":[\"https:\\\/\\\/blogit.lab.fi\\\/labfocus\\\/mielen-hyvinvointi-ja-ikaantyminen\\\/\"]}]},{\"@type\":\"ImageObject\",\"inLanguage\":\"fi\",\"@id\":\"https:\\\/\\\/blogit.lab.fi\\\/labfocus\\\/mielen-hyvinvointi-ja-ikaantyminen\\\/#primaryimage\",\"url\":\"https:\\\/\\\/blogit.lab.fi\\\/labfocus\\\/wp-content\\\/uploads\\\/sites\\\/8\\\/2024\\\/09\\\/759_2024_Mielen-hyvinvointi-ja-ikaantyminen.jpg\",\"contentUrl\":\"https:\\\/\\\/blogit.lab.fi\\\/labfocus\\\/wp-content\\\/uploads\\\/sites\\\/8\\\/2024\\\/09\\\/759_2024_Mielen-hyvinvointi-ja-ikaantyminen.jpg\",\"width\":1280,\"height\":727},{\"@type\":\"BreadcrumbList\",\"@id\":\"https:\\\/\\\/blogit.lab.fi\\\/labfocus\\\/mielen-hyvinvointi-ja-ikaantyminen\\\/#breadcrumb\",\"itemListElement\":[{\"@type\":\"ListItem\",\"position\":1,\"name\":\"Home\",\"item\":\"https:\\\/\\\/blogit.lab.fi\\\/labfocus\\\/\"},{\"@type\":\"ListItem\",\"position\":2,\"name\":\"Mielen hyvinvointi ja ik\u00e4\u00e4ntyminen\"}]},{\"@type\":\"WebSite\",\"@id\":\"https:\\\/\\\/blogit.lab.fi\\\/labfocus\\\/#website\",\"url\":\"https:\\\/\\\/blogit.lab.fi\\\/labfocus\\\/\",\"name\":\"LAB Focus\",\"description\":\"Focus Area blog | LAB University of Applied Sciences\",\"publisher\":{\"@id\":\"https:\\\/\\\/blogit.lab.fi\\\/labfocus\\\/#organization\"},\"potentialAction\":[{\"@type\":\"SearchAction\",\"target\":{\"@type\":\"EntryPoint\",\"urlTemplate\":\"https:\\\/\\\/blogit.lab.fi\\\/labfocus\\\/?s={search_term_string}\"},\"query-input\":{\"@type\":\"PropertyValueSpecification\",\"valueRequired\":true,\"valueName\":\"search_term_string\"}}],\"inLanguage\":\"fi\"},{\"@type\":\"Organization\",\"@id\":\"https:\\\/\\\/blogit.lab.fi\\\/labfocus\\\/#organization\",\"name\":\"LAB Focus\",\"url\":\"https:\\\/\\\/blogit.lab.fi\\\/labfocus\\\/\",\"logo\":{\"@type\":\"ImageObject\",\"inLanguage\":\"fi\",\"@id\":\"https:\\\/\\\/blogit.lab.fi\\\/labfocus\\\/#\\\/schema\\\/logo\\\/image\\\/\",\"url\":\"https:\\\/\\\/blogit.lab.fi\\\/labfocus\\\/wp-content\\\/uploads\\\/sites\\\/8\\\/2020\\\/04\\\/cropped-cropped-tunnus_blogi-01.png\",\"contentUrl\":\"https:\\\/\\\/blogit.lab.fi\\\/labfocus\\\/wp-content\\\/uploads\\\/sites\\\/8\\\/2020\\\/04\\\/cropped-cropped-tunnus_blogi-01.png\",\"width\":1342,\"height\":288,\"caption\":\"LAB Focus\"},\"image\":{\"@id\":\"https:\\\/\\\/blogit.lab.fi\\\/labfocus\\\/#\\\/schema\\\/logo\\\/image\\\/\"},\"sameAs\":[\"https:\\\/\\\/x.com\\\/LABfinland\"]},{\"@type\":\"Person\",\"@id\":\"https:\\\/\\\/blogit.lab.fi\\\/labfocus\\\/#\\\/schema\\\/person\\\/da729f65c4a2fb9fd8f0b1ec7a2ab7d0\",\"name\":\"tainask\",\"image\":{\"@type\":\"ImageObject\",\"inLanguage\":\"fi\",\"@id\":\"https:\\\/\\\/secure.gravatar.com\\\/avatar\\\/4a96427877ef826b76e80c27f60b266128094f522551459346efcf14282febb3?s=96&d=mm&r=g\",\"url\":\"https:\\\/\\\/secure.gravatar.com\\\/avatar\\\/4a96427877ef826b76e80c27f60b266128094f522551459346efcf14282febb3?s=96&d=mm&r=g\",\"contentUrl\":\"https:\\\/\\\/secure.gravatar.com\\\/avatar\\\/4a96427877ef826b76e80c27f60b266128094f522551459346efcf14282febb3?s=96&d=mm&r=g\",\"caption\":\"tainask\"},\"url\":\"https:\\\/\\\/blogit.lab.fi\\\/labfocus\\\/author\\\/tainask\\\/\"}]}<\/script>\n<!-- \/ Yoast SEO plugin. -->","yoast_head_json":{"title":"Mielen hyvinvointi ja ik\u00e4\u00e4ntyminen - LAB Focus","description":"Huomiota ik\u00e4\u00e4ntyvien ihmisten mielen hyvinvointiin. LAB-ammattikorkeakoulussa koulutetaan hyvinvointialan osaajia tiedostamaan haasteet.","robots":{"index":"index","follow":"follow","max-snippet":"max-snippet:-1","max-image-preview":"max-image-preview:large","max-video-preview":"max-video-preview:-1"},"canonical":"https:\/\/blogit.lab.fi\/labfocus\/mielen-hyvinvointi-ja-ikaantyminen\/","og_locale":"fi_FI","og_type":"article","og_title":"Mielen hyvinvointi ja ik\u00e4\u00e4ntyminen - LAB Focus","og_description":"Huomiota ik\u00e4\u00e4ntyvien ihmisten mielen hyvinvointiin. LAB-ammattikorkeakoulussa koulutetaan hyvinvointialan osaajia tiedostamaan haasteet.","og_url":"https:\/\/blogit.lab.fi\/labfocus\/mielen-hyvinvointi-ja-ikaantyminen\/","og_site_name":"LAB Focus","article_published_time":"2024-09-20T07:37:29+00:00","article_modified_time":"2024-09-20T07:37:30+00:00","og_image":[{"width":1280,"height":727,"url":"https:\/\/blogit.lab.fi\/labfocus\/wp-content\/uploads\/sites\/8\/2024\/09\/759_2024_Mielen-hyvinvointi-ja-ikaantyminen.jpg","type":"image\/jpeg"}],"author":"tainask","twitter_card":"summary_large_image","twitter_creator":"@LABfinland","twitter_site":"@LABfinland","twitter_misc":{"Kirjoittanut":"tainask","Arvioitu lukuaika":"4 minuuttia"},"schema":{"@context":"https:\/\/schema.org","@graph":[{"@type":"Article","@id":"https:\/\/blogit.lab.fi\/labfocus\/mielen-hyvinvointi-ja-ikaantyminen\/#article","isPartOf":{"@id":"https:\/\/blogit.lab.fi\/labfocus\/mielen-hyvinvointi-ja-ikaantyminen\/"},"author":{"name":"tainask","@id":"https:\/\/blogit.lab.fi\/labfocus\/#\/schema\/person\/da729f65c4a2fb9fd8f0b1ec7a2ab7d0"},"headline":"Mielen hyvinvointi ja ik\u00e4\u00e4ntyminen","datePublished":"2024-09-20T07:37:29+00:00","dateModified":"2024-09-20T07:37:30+00:00","mainEntityOfPage":{"@id":"https:\/\/blogit.lab.fi\/labfocus\/mielen-hyvinvointi-ja-ikaantyminen\/"},"wordCount":668,"publisher":{"@id":"https:\/\/blogit.lab.fi\/labfocus\/#organization"},"image":{"@id":"https:\/\/blogit.lab.fi\/labfocus\/mielen-hyvinvointi-ja-ikaantyminen\/#primaryimage"},"thumbnailUrl":"https:\/\/blogit.lab.fi\/labfocus\/wp-content\/uploads\/sites\/8\/2024\/09\/759_2024_Mielen-hyvinvointi-ja-ikaantyminen.jpg","keywords":["Artikkeli D1","ik\u00e4\u00e4ntyminen","mielen hyvinvointi","mielenterveys"],"articleSection":["Health"],"inLanguage":"fi"},{"@type":"WebPage","@id":"https:\/\/blogit.lab.fi\/labfocus\/mielen-hyvinvointi-ja-ikaantyminen\/","url":"https:\/\/blogit.lab.fi\/labfocus\/mielen-hyvinvointi-ja-ikaantyminen\/","name":"Mielen hyvinvointi ja ik\u00e4\u00e4ntyminen - LAB Focus","isPartOf":{"@id":"https:\/\/blogit.lab.fi\/labfocus\/#website"},"primaryImageOfPage":{"@id":"https:\/\/blogit.lab.fi\/labfocus\/mielen-hyvinvointi-ja-ikaantyminen\/#primaryimage"},"image":{"@id":"https:\/\/blogit.lab.fi\/labfocus\/mielen-hyvinvointi-ja-ikaantyminen\/#primaryimage"},"thumbnailUrl":"https:\/\/blogit.lab.fi\/labfocus\/wp-content\/uploads\/sites\/8\/2024\/09\/759_2024_Mielen-hyvinvointi-ja-ikaantyminen.jpg","datePublished":"2024-09-20T07:37:29+00:00","dateModified":"2024-09-20T07:37:30+00:00","description":"Huomiota ik\u00e4\u00e4ntyvien ihmisten mielen hyvinvointiin. LAB-ammattikorkeakoulussa koulutetaan hyvinvointialan osaajia tiedostamaan haasteet.","breadcrumb":{"@id":"https:\/\/blogit.lab.fi\/labfocus\/mielen-hyvinvointi-ja-ikaantyminen\/#breadcrumb"},"inLanguage":"fi","potentialAction":[{"@type":"ReadAction","target":["https:\/\/blogit.lab.fi\/labfocus\/mielen-hyvinvointi-ja-ikaantyminen\/"]}]},{"@type":"ImageObject","inLanguage":"fi","@id":"https:\/\/blogit.lab.fi\/labfocus\/mielen-hyvinvointi-ja-ikaantyminen\/#primaryimage","url":"https:\/\/blogit.lab.fi\/labfocus\/wp-content\/uploads\/sites\/8\/2024\/09\/759_2024_Mielen-hyvinvointi-ja-ikaantyminen.jpg","contentUrl":"https:\/\/blogit.lab.fi\/labfocus\/wp-content\/uploads\/sites\/8\/2024\/09\/759_2024_Mielen-hyvinvointi-ja-ikaantyminen.jpg","width":1280,"height":727},{"@type":"BreadcrumbList","@id":"https:\/\/blogit.lab.fi\/labfocus\/mielen-hyvinvointi-ja-ikaantyminen\/#breadcrumb","itemListElement":[{"@type":"ListItem","position":1,"name":"Home","item":"https:\/\/blogit.lab.fi\/labfocus\/"},{"@type":"ListItem","position":2,"name":"Mielen hyvinvointi ja ik\u00e4\u00e4ntyminen"}]},{"@type":"WebSite","@id":"https:\/\/blogit.lab.fi\/labfocus\/#website","url":"https:\/\/blogit.lab.fi\/labfocus\/","name":"LAB Focus","description":"Focus Area blog | LAB University of Applied Sciences","publisher":{"@id":"https:\/\/blogit.lab.fi\/labfocus\/#organization"},"potentialAction":[{"@type":"SearchAction","target":{"@type":"EntryPoint","urlTemplate":"https:\/\/blogit.lab.fi\/labfocus\/?s={search_term_string}"},"query-input":{"@type":"PropertyValueSpecification","valueRequired":true,"valueName":"search_term_string"}}],"inLanguage":"fi"},{"@type":"Organization","@id":"https:\/\/blogit.lab.fi\/labfocus\/#organization","name":"LAB Focus","url":"https:\/\/blogit.lab.fi\/labfocus\/","logo":{"@type":"ImageObject","inLanguage":"fi","@id":"https:\/\/blogit.lab.fi\/labfocus\/#\/schema\/logo\/image\/","url":"https:\/\/blogit.lab.fi\/labfocus\/wp-content\/uploads\/sites\/8\/2020\/04\/cropped-cropped-tunnus_blogi-01.png","contentUrl":"https:\/\/blogit.lab.fi\/labfocus\/wp-content\/uploads\/sites\/8\/2020\/04\/cropped-cropped-tunnus_blogi-01.png","width":1342,"height":288,"caption":"LAB Focus"},"image":{"@id":"https:\/\/blogit.lab.fi\/labfocus\/#\/schema\/logo\/image\/"},"sameAs":["https:\/\/x.com\/LABfinland"]},{"@type":"Person","@id":"https:\/\/blogit.lab.fi\/labfocus\/#\/schema\/person\/da729f65c4a2fb9fd8f0b1ec7a2ab7d0","name":"tainask","image":{"@type":"ImageObject","inLanguage":"fi","@id":"https:\/\/secure.gravatar.com\/avatar\/4a96427877ef826b76e80c27f60b266128094f522551459346efcf14282febb3?s=96&d=mm&r=g","url":"https:\/\/secure.gravatar.com\/avatar\/4a96427877ef826b76e80c27f60b266128094f522551459346efcf14282febb3?s=96&d=mm&r=g","contentUrl":"https:\/\/secure.gravatar.com\/avatar\/4a96427877ef826b76e80c27f60b266128094f522551459346efcf14282febb3?s=96&d=mm&r=g","caption":"tainask"},"url":"https:\/\/blogit.lab.fi\/labfocus\/author\/tainask\/"}]}},"_links":{"self":[{"href":"https:\/\/blogit.lab.fi\/labfocus\/wp-json\/wp\/v2\/posts\/20830","targetHints":{"allow":["GET"]}}],"collection":[{"href":"https:\/\/blogit.lab.fi\/labfocus\/wp-json\/wp\/v2\/posts"}],"about":[{"href":"https:\/\/blogit.lab.fi\/labfocus\/wp-json\/wp\/v2\/types\/post"}],"author":[{"embeddable":true,"href":"https:\/\/blogit.lab.fi\/labfocus\/wp-json\/wp\/v2\/users\/17"}],"replies":[{"embeddable":true,"href":"https:\/\/blogit.lab.fi\/labfocus\/wp-json\/wp\/v2\/comments?post=20830"}],"version-history":[{"count":5,"href":"https:\/\/blogit.lab.fi\/labfocus\/wp-json\/wp\/v2\/posts\/20830\/revisions"}],"predecessor-version":[{"id":20837,"href":"https:\/\/blogit.lab.fi\/labfocus\/wp-json\/wp\/v2\/posts\/20830\/revisions\/20837"}],"wp:featuredmedia":[{"embeddable":true,"href":"https:\/\/blogit.lab.fi\/labfocus\/wp-json\/wp\/v2\/media\/20832"}],"wp:attachment":[{"href":"https:\/\/blogit.lab.fi\/labfocus\/wp-json\/wp\/v2\/media?parent=20830"}],"wp:term":[{"taxonomy":"category","embeddable":true,"href":"https:\/\/blogit.lab.fi\/labfocus\/wp-json\/wp\/v2\/categories?post=20830"},{"taxonomy":"post_tag","embeddable":true,"href":"https:\/\/blogit.lab.fi\/labfocus\/wp-json\/wp\/v2\/tags?post=20830"}],"curies":[{"name":"wp","href":"https:\/\/api.w.org\/{rel}","templated":true}]}}