{"id":21223,"date":"2024-10-15T09:50:54","date_gmt":"2024-10-15T06:50:54","guid":{"rendered":"https:\/\/blogit.lab.fi\/labfocus\/?p=21223"},"modified":"2024-10-15T09:50:55","modified_gmt":"2024-10-15T06:50:55","slug":"sydamen-vajaatoimintaa-sairastavan-potilaan-palliatiivinen-hoito","status":"publish","type":"post","link":"https:\/\/blogit.lab.fi\/labfocus\/sydamen-vajaatoimintaa-sairastavan-potilaan-palliatiivinen-hoito\/","title":{"rendered":"Syd\u00e4men vajaatoimintaa sairastavan potilaan palliatiivinen hoito"},"content":{"rendered":"\n<p>Palliatiivisella hoidolla\u00a0tarkoitetaan parantumattomasti sairaan oireenmukaista hoitoa siin\u00e4 vaiheessa, kun sairauden etenemiseen ei en\u00e4\u00e4 voida vaikuttaa.\u00a0Hoidon ensisijainen p\u00e4\u00e4m\u00e4\u00e4r\u00e4 on lievitt\u00e4\u00e4 k\u00e4rsimyst\u00e4 ja vaalia el\u00e4m\u00e4nlaatua. Palliatiivisen hoidon tulisi kuulua kaikkiin sairauden vaiheisiin hoitolinjasta riippumatta, ja se tulisi aloittaa riitt\u00e4v\u00e4n varhain pitk\u00e4aikaisen sairauden hoidon rinnalle (Saarto ym. 2022).<\/p>\n\n\n\n<p>Syd\u00e4men vajaatoiminta on oireyhtym\u00e4, jonka taustalla voi olla useampia syd\u00e4n- ja verenkiertoelimist\u00f6n sairauksia, kuten sepelvaltimotauti ja verenpainetauti. Sairauden tyypilliset oireet aiheutuvat elimist\u00f6n riitt\u00e4m\u00e4tt\u00f6m\u00e4st\u00e4 verenkierrosta, kun syd\u00e4men pumppaustoiminta on heikentynyt. Potilaan hyv\u00e4n loppuvaiheen hoidon on todettu lis\u00e4\u00e4v\u00e4n sek\u00e4 potilaan ett\u00e4 h\u00e4nen omaistensa tyytyv\u00e4isyytt\u00e4 sek\u00e4 v\u00e4hent\u00e4v\u00e4n vajaatoiminnasta aiheutuvaa oireilua ja sairaalahoidon tarvetta. (Syd\u00e4men vajaatoiminta &nbsp;2023.)<\/p>\n\n\n\n<p>Syd\u00e4men vajaatoimintaa sairastavan potilaan l\u00e4hestyv\u00e4\u00e4 kuolemaa on yksil\u00f6tasolla vaikea ennakoida.\u00a0 Oirekuva on vaihteleva, sill\u00e4 vaikeidenkin sairaalahoitoa vaativien pahenemisvaiheiden ja v\u00e4h\u00e4oireisempien jaksojen v\u00e4liss\u00e4 potilas voi el\u00e4\u00e4 kotona hyv\u00e4kuntoisena pitk\u00e4\u00e4n.\u00a0 (Mustonen 2015.) Viimeisten kuuden kuukauden aikana ennen kuolemaa syd\u00e4men vajaatoimintapotilaat viett\u00e4v\u00e4t 25 % ajasta sairaalahoidossa (Syd\u00e4men vajaatoiminta 2023). Merkillepantavaa on, ett\u00e4 palliatiivisessa hoidossa olevien syd\u00e4men vajaatoimintapotilaiden oirehoidon on tutkittu toteutuvan heikommin sairaalassa kuin hoivakodeissa tai palliatiiviseen hoitoon erikoistuneissa yksik\u00f6iss\u00e4. T\u00e4m\u00e4n on ajateltu johtuvan siit\u00e4, ett\u00e4 sairaaloissa hoidon fokus on enemm\u00e4n el\u00e4m\u00e4\u00e4 yll\u00e4pit\u00e4v\u00e4\u00e4. (\u00c5restedt ym. 2021.)<\/p>\n\n\n\n<figure class=\"wp-block-image size-large\"><img loading=\"lazy\" decoding=\"async\" width=\"1024\" height=\"631\" src=\"https:\/\/blogit.lab.fi\/labfocus\/wp-content\/uploads\/sites\/8\/2024\/10\/819_2024_Sydamen-vajaatoimintaa-sairastavan-potilaan-palliatiivinen-hoito-1024x631.jpg\" alt=\"[Alt-teksti: s\u00e4rkynytsyd\u00e4n-kasvi l\u00e4hikuvassa.]\" class=\"wp-image-21225\" srcset=\"https:\/\/blogit.lab.fi\/labfocus\/wp-content\/uploads\/sites\/8\/2024\/10\/819_2024_Sydamen-vajaatoimintaa-sairastavan-potilaan-palliatiivinen-hoito-1024x631.jpg 1024w, https:\/\/blogit.lab.fi\/labfocus\/wp-content\/uploads\/sites\/8\/2024\/10\/819_2024_Sydamen-vajaatoimintaa-sairastavan-potilaan-palliatiivinen-hoito-300x185.jpg 300w, https:\/\/blogit.lab.fi\/labfocus\/wp-content\/uploads\/sites\/8\/2024\/10\/819_2024_Sydamen-vajaatoimintaa-sairastavan-potilaan-palliatiivinen-hoito-768x473.jpg 768w, https:\/\/blogit.lab.fi\/labfocus\/wp-content\/uploads\/sites\/8\/2024\/10\/819_2024_Sydamen-vajaatoimintaa-sairastavan-potilaan-palliatiivinen-hoito-570x350.jpg 570w, https:\/\/blogit.lab.fi\/labfocus\/wp-content\/uploads\/sites\/8\/2024\/10\/819_2024_Sydamen-vajaatoimintaa-sairastavan-potilaan-palliatiivinen-hoito.jpg 1280w\" sizes=\"auto, (max-width: 1024px) 100vw, 1024px\" \/><figcaption class=\"wp-element-caption\">Kuva 1. Syd\u00e4men vajaatoimintaa sairastavan oirehoitoon on kiinnitett\u00e4v\u00e4 huomiota. (Bru-nO 2016)<\/figcaption><\/figure>\n\n\n\n<h2 class=\"wp-block-heading\">Oirehoidon kehitt\u00e4misell\u00e4 parannetaan potilaan el\u00e4m\u00e4nlaatua<\/h2>\n\n\n\n<p>El\u00e4m\u00e4n loppuvaiheessa syd\u00e4men vajaatoimintaa sairastavan potilaan tyypillisimpi\u00e4 oireita ovat hengenahdistus, kipu, kakeksia ja voimakas uupumus (Lee &amp; Hwang 2022).&nbsp; Potilaan el\u00e4m\u00e4ss\u00e4 on runsaasti fyysist\u00e4 oiretaakkaa, jotka voivat lis\u00e4ksi aiheuttaa my\u00f6s psyykkisi\u00e4 oireita, kuten masennusta, ahdistusta ja k\u00e4rsimyst\u00e4. &nbsp;Huonosti hoidetut oireet \u2012 fyysiset ja psyykkiset \u2012 heikent\u00e4v\u00e4t potilaan el\u00e4m\u00e4nlaatua ja el\u00e4m\u00e4nhalua sek\u00e4 saattavat altistaa potilaan toivomaan omaa kuolemaansa. (H\u00e4nninen 2015; Hill ym. 2020.)<\/p>\n\n\n\n<p>Palliatiivisen syd\u00e4men vajaatoimintapotilaan oirehoito koostuu niin l\u00e4\u00e4kkeellisist\u00e4 kuin l\u00e4\u00e4kkeett\u00f6mist\u00e4kin hoitomuodoista. Hoitohenkil\u00f6kunnan taidot tunnistaa potilaan oireita ja laaja n\u00e4ytt\u00f6\u00f6n perustuva oirehoidon osaaminen ovat olennaisia hyv\u00e4n palliatiivisen hoidon toteutumiseksi. Sipil\u00e4 (2024) perehtyi palliatiivisen hoidon erikoistumisopintojen kehitt\u00e4misteht\u00e4v\u00e4ss\u00e4 palliatiivista syd\u00e4men vajaatoimintaa sairastavan potilaan oireisiin ja oirehoitoon. Kehitt\u00e4misteht\u00e4v\u00e4n tuotoksena syntyi opas perusterveydenhuollon vuodeosastojen hoitohenkil\u00f6kunnan ty\u00f6n tueksi.<\/p>\n\n\n\n<div class=\"wp-block-group\"><div class=\"wp-block-group__inner-container is-layout-constrained wp-block-group-is-layout-constrained\">\n<div class=\"wp-block-group has-background\" style=\"background-color:#b3edfb\"><div class=\"wp-block-group__inner-container is-layout-constrained wp-block-group-is-layout-constrained\">\n<p>Kirjoittajat<\/p>\n\n\n\n<p><strong>Eeva Sipil\u00e4<\/strong> toimii Kanta-H\u00e4meen hyvinvointialueella perusterveydenhuollon vuodeosastolla sairaanhoitajana. H\u00e4n on opiskellut LAB-ammattikorkeakoulussa palliatiivisen hoidon asiantuntija -erikoistumiskoulutuksessa.<\/p>\n\n\n\n<p><strong>Titta Sainio<\/strong> on hoitoty\u00f6n lehtori LAB-ammattikorkeakoulun hyvinvointiyksik\u00f6ss\u00e4 Lappeenrannan kampuksella. H\u00e4n on muun muassa l\u00e4\u00e4kehoidon sek\u00e4 palliatiivisen hoidon asiantuntija -erikoistumiskoulutuksen opettaja. &nbsp;<\/p>\n<\/div><\/div>\n<\/div><\/div>\n\n\n\n<h2 class=\"wp-block-heading\">L\u00e4hteet<\/h2>\n\n\n\n<p>Bru-nO. 2016. S\u00e4rkynyt syd\u00e4n, kukat, kasvi. Pixabay. Viitattu 4.9.2024. Saatavissa https:\/\/pixabay.com\/fi\/photos\/s%C3%A4rkynyt-syd%C3%A4n-kukat-kasvi-1425870\/<\/p>\n\n\n\n<p>Hill, L., Geller, P., Baruah, R., Beattie, M., Boyne, J., de Stoutz, N., Di Stolfo, G., Lambrinou, E., Skibelund, K., Uchmanowicz, I., Rutten, H., \u010celutkien\u00e9, J., Piepoli, F., Jankowska, A., Chioncel, O., Ben Gal, T., Seferovic, M., Ruschitzka, F., Coats, S., Str\u00f6mberg, A. &amp; Jaarsma, T. 2020. Integration of a palliative approach into heart failure care: a European Society of Cardiology Heart Failure Association position paper. European Journal of Heart Failure.Viitattu 16.8.2024. Saatavissa <a href=\"https:\/\/onlinelibrary.wiley.com\/doi\/10.1002\/ejhf.1994\">https:\/\/onlinelibrary.wiley.com\/doi\/10.1002\/ejhf.1994<\/a><\/p>\n\n\n\n<p>H\u00e4nninen, J. 2015. Oireiden esiintyvyys palliatiivisessa hoidossa. Teoksessa Saarto, T., H\u00e4nninen J., Antikainen R. &amp; Vainio A. (toim.) Palliatiivinen hoito.&nbsp; 3. painos. Helsinki: Kustannus Oy Duodecim. Viitattu 7.7. 2024. Saatavissa <a href=\"https:\/\/www.oppiportti.fi\/oppikirjat\/pli00015?q=oireiden%20esiintyvyys%20palliatiivisessa%20hoidossa\">Oireiden esiintyvyys palliatiivisessa hoidossa &#8211; Duodecim Oppiportti<\/a><\/p>\n\n\n\n<p>Lee, J-U. &amp; <a href=\"https:\/\/pubmed.ncbi.nlm.nih.gov\/?term=Hwang%20KK%5BAuthor%5D\">Hwang<\/a>, K-K. 2022. End-of-Life Care for End-stage Heart Failure Patients. Korean Circulation Journal, 2022 Sep; 52(9). Viitattu 24.8.2024. Saatavissa <a href=\"https:\/\/www.ncbi.nlm.nih.gov\/pmc\/articles\/PMC9470494\/\">https:\/\/www.ncbi.nlm.nih.gov\/pmc\/articles\/PMC9470494\/<\/a><\/p>\n\n\n\n<p>Mustonen, P. 2015. Syd\u00e4men vajaatoiminnan etiologia, esiintyvyys ja ennuste. Teoksessa Saarto, T., H\u00e4nninen, J., Antikainen, R. &amp; Vainio, A. (toim.) Palliatiivinen hoito. 3. painos. Helsinki: Kustannus Oy Duodecim. Viitattu 7.7. 2024. Saatavissa <a href=\"https:\/\/www.oppiportti.fi\/oppikirjat\/pli00185\">Syd\u00e4men vajaatoiminnan oireet, diagnostiikka ja erotusdiagnostiikka &#8211; Duodecim Oppiportti<\/a><\/p>\n\n\n\n<p>Saarto, T., Lyytik\u00e4inen, M., Ahtiluoto, S., Junttila, K., Lehto, J., Finne-Soveri, H., Hammar.T. &amp; Forsius, P. 2022. Palliatiivisen hoidon ja saattohoidon kansallinen laatusuositus. Terveyden ja hyvinvoinnin laitos. Viitattu 7.7.24. Saatavissa <a href=\"https:\/\/urn.fi\/URN:ISBN:978-952-343-824-8\">https:\/\/urn.fi\/URN:ISBN:978-952-343-824-8<\/a><\/p>\n\n\n\n<p>Sipil\u00e4, E. 2024. Palliatiivisen syd\u00e4men vajaatoimintapotilaan oireet ja oirehoito. Opas Vanajaveden sairaalan hoitohenkil\u00f6kunnalle. Erikoistumiskoulutuksen kehitt\u00e4misteht\u00e4v\u00e4.<\/p>\n\n\n\n<p>Syd\u00e4men vajaatoiminta. 2023. K\u00e4yp\u00e4 hoito -suositus. Suomalaisen L\u00e4\u00e4k\u00e4riseura Duodecimin ja Suomen Kardiologisen Seuran asettama ty\u00f6ryhm\u00e4. Helsinki: Suomalainen L\u00e4\u00e4k\u00e4riseura Duodecim, 2023. Viitattu 7.7.2024.&nbsp; Saatavissa <a href=\"https:\/\/www.kaypahoito.fi\/hoi50113\">https:\/\/www.kaypahoito.fi\/hoi50113<\/a><\/p>\n\n\n\n<p>\u00c5restedt, K., Br\u00e4nnstr\u00f6m, M., Evangelista, L.S., Str\u00f6mberg, A. &amp; Alvariza, A. 2021. Palliative key aspects are of importance for symptom relief during the last week of life in patients with heart failure. ESC Heart Failure. Vol. 8, Issue 3. 2202\u20122209. Viitattu 16.8.2024. \u00a0Saatavissa <a href=\"https:\/\/onlinelibrary.wiley.com\/doi\/10.1002\/ehf2.13312\">https:\/\/onlinelibrary.wiley.com\/doi\/10.1002\/ehf2.13312<\/a><\/p>\n\n\n\n<p><\/p>\n","protected":false},"excerpt":{"rendered":"<p>Palliatiivisella hoidolla\u00a0tarkoitetaan parantumattomasti sairaan oireenmukaista hoitoa siin\u00e4 vaiheessa, kun sairauden etenemiseen ei en\u00e4\u00e4 voida vaikuttaa.\u00a0Hoidon ensisijainen p\u00e4\u00e4m\u00e4\u00e4r\u00e4 on lievitt\u00e4\u00e4 k\u00e4rsimyst\u00e4 ja vaalia el\u00e4m\u00e4nlaatua. Palliatiivisen hoidon tulisi kuulua kaikkiin sairauden vaiheisiin hoitolinjasta riippumatta, ja se tulisi aloittaa riitt\u00e4v\u00e4n varhain pitk\u00e4aikaisen sairauden hoidon rinnalle (Saarto ym. 2022). Syd\u00e4men vajaatoiminta on oireyhtym\u00e4, jonka taustalla voi olla useampia syd\u00e4n- [&hellip;]<\/p>\n","protected":false},"author":17,"featured_media":21225,"comment_status":"closed","ping_status":"open","sticky":false,"template":"","format":"standard","meta":{"footnotes":""},"categories":[15],"tags":[29,10279,297,10277],"class_list":{"0":"post-21223","1":"post","2":"type-post","3":"status-publish","4":"format-standard","5":"has-post-thumbnail","7":"category-health_fi","8":"tag-artikkeli-e1","9":"tag-oirehoito","10":"tag-palliatiivinen-hoito","11":"tag-sydamen-vajaatoiminta","12":"czr-hentry"},"yoast_head":"<!-- This site is optimized with the Yoast SEO plugin v27.4 - https:\/\/yoast.com\/product\/yoast-seo-wordpress\/ -->\n<title>Syd\u00e4men vajaatoimintaa sairastavan potilaan palliatiivinen hoito - LAB Focus<\/title>\n<meta name=\"description\" content=\"Palliatiivisen hoidon erikoistumiskoulutuksessa syntyi opastusta syd\u00e4men vajaatoimintapotilaan loppuvaiheiden hyv\u00e4\u00e4n hoitoon.\" \/>\n<meta name=\"robots\" content=\"index, follow, max-snippet:-1, max-image-preview:large, max-video-preview:-1\" \/>\n<link rel=\"canonical\" href=\"https:\/\/blogit.lab.fi\/labfocus\/sydamen-vajaatoimintaa-sairastavan-potilaan-palliatiivinen-hoito\/\" \/>\n<meta property=\"og:locale\" content=\"fi_FI\" \/>\n<meta property=\"og:type\" content=\"article\" \/>\n<meta property=\"og:title\" content=\"Syd\u00e4men vajaatoimintaa sairastavan potilaan palliatiivinen hoito - LAB Focus\" \/>\n<meta property=\"og:description\" content=\"Palliatiivisen hoidon erikoistumiskoulutuksessa syntyi opastusta syd\u00e4men vajaatoimintapotilaan loppuvaiheiden hyv\u00e4\u00e4n hoitoon.\" \/>\n<meta property=\"og:url\" content=\"https:\/\/blogit.lab.fi\/labfocus\/sydamen-vajaatoimintaa-sairastavan-potilaan-palliatiivinen-hoito\/\" \/>\n<meta property=\"og:site_name\" content=\"LAB Focus\" \/>\n<meta property=\"article:published_time\" content=\"2024-10-15T06:50:54+00:00\" \/>\n<meta property=\"article:modified_time\" content=\"2024-10-15T06:50:55+00:00\" \/>\n<meta property=\"og:image\" content=\"https:\/\/blogit.lab.fi\/labfocus\/wp-content\/uploads\/sites\/8\/2024\/10\/819_2024_Sydamen-vajaatoimintaa-sairastavan-potilaan-palliatiivinen-hoito.jpg\" \/>\n\t<meta property=\"og:image:width\" content=\"1280\" \/>\n\t<meta property=\"og:image:height\" content=\"789\" \/>\n\t<meta property=\"og:image:type\" content=\"image\/jpeg\" \/>\n<meta name=\"author\" content=\"tainask\" \/>\n<meta name=\"twitter:card\" content=\"summary_large_image\" \/>\n<meta name=\"twitter:creator\" content=\"@LABfinland\" \/>\n<meta name=\"twitter:site\" content=\"@LABfinland\" \/>\n<meta name=\"twitter:label1\" content=\"Kirjoittanut\" \/>\n\t<meta name=\"twitter:data1\" content=\"tainask\" \/>\n\t<meta name=\"twitter:label2\" content=\"Arvioitu lukuaika\" \/>\n\t<meta name=\"twitter:data2\" content=\"5 minuuttia\" \/>\n<script type=\"application\/ld+json\" class=\"yoast-schema-graph\">{\"@context\":\"https:\\\/\\\/schema.org\",\"@graph\":[{\"@type\":\"Article\",\"@id\":\"https:\\\/\\\/blogit.lab.fi\\\/labfocus\\\/sydamen-vajaatoimintaa-sairastavan-potilaan-palliatiivinen-hoito\\\/#article\",\"isPartOf\":{\"@id\":\"https:\\\/\\\/blogit.lab.fi\\\/labfocus\\\/sydamen-vajaatoimintaa-sairastavan-potilaan-palliatiivinen-hoito\\\/\"},\"author\":{\"name\":\"tainask\",\"@id\":\"https:\\\/\\\/blogit.lab.fi\\\/labfocus\\\/#\\\/schema\\\/person\\\/da729f65c4a2fb9fd8f0b1ec7a2ab7d0\"},\"headline\":\"Syd\u00e4men vajaatoimintaa sairastavan potilaan palliatiivinen hoito\",\"datePublished\":\"2024-10-15T06:50:54+00:00\",\"dateModified\":\"2024-10-15T06:50:55+00:00\",\"mainEntityOfPage\":{\"@id\":\"https:\\\/\\\/blogit.lab.fi\\\/labfocus\\\/sydamen-vajaatoimintaa-sairastavan-potilaan-palliatiivinen-hoito\\\/\"},\"wordCount\":779,\"publisher\":{\"@id\":\"https:\\\/\\\/blogit.lab.fi\\\/labfocus\\\/#organization\"},\"image\":{\"@id\":\"https:\\\/\\\/blogit.lab.fi\\\/labfocus\\\/sydamen-vajaatoimintaa-sairastavan-potilaan-palliatiivinen-hoito\\\/#primaryimage\"},\"thumbnailUrl\":\"https:\\\/\\\/blogit.lab.fi\\\/labfocus\\\/wp-content\\\/uploads\\\/sites\\\/8\\\/2024\\\/10\\\/819_2024_Sydamen-vajaatoimintaa-sairastavan-potilaan-palliatiivinen-hoito.jpg\",\"keywords\":[\"Artikkeli E1\",\"oirehoito\",\"palliatiivinen hoito\",\"syd\u00e4men vajaatoiminta\"],\"articleSection\":[\"Health\"],\"inLanguage\":\"fi\"},{\"@type\":\"WebPage\",\"@id\":\"https:\\\/\\\/blogit.lab.fi\\\/labfocus\\\/sydamen-vajaatoimintaa-sairastavan-potilaan-palliatiivinen-hoito\\\/\",\"url\":\"https:\\\/\\\/blogit.lab.fi\\\/labfocus\\\/sydamen-vajaatoimintaa-sairastavan-potilaan-palliatiivinen-hoito\\\/\",\"name\":\"Syd\u00e4men vajaatoimintaa sairastavan potilaan palliatiivinen hoito - LAB Focus\",\"isPartOf\":{\"@id\":\"https:\\\/\\\/blogit.lab.fi\\\/labfocus\\\/#website\"},\"primaryImageOfPage\":{\"@id\":\"https:\\\/\\\/blogit.lab.fi\\\/labfocus\\\/sydamen-vajaatoimintaa-sairastavan-potilaan-palliatiivinen-hoito\\\/#primaryimage\"},\"image\":{\"@id\":\"https:\\\/\\\/blogit.lab.fi\\\/labfocus\\\/sydamen-vajaatoimintaa-sairastavan-potilaan-palliatiivinen-hoito\\\/#primaryimage\"},\"thumbnailUrl\":\"https:\\\/\\\/blogit.lab.fi\\\/labfocus\\\/wp-content\\\/uploads\\\/sites\\\/8\\\/2024\\\/10\\\/819_2024_Sydamen-vajaatoimintaa-sairastavan-potilaan-palliatiivinen-hoito.jpg\",\"datePublished\":\"2024-10-15T06:50:54+00:00\",\"dateModified\":\"2024-10-15T06:50:55+00:00\",\"description\":\"Palliatiivisen hoidon erikoistumiskoulutuksessa syntyi opastusta syd\u00e4men vajaatoimintapotilaan loppuvaiheiden hyv\u00e4\u00e4n hoitoon.\",\"breadcrumb\":{\"@id\":\"https:\\\/\\\/blogit.lab.fi\\\/labfocus\\\/sydamen-vajaatoimintaa-sairastavan-potilaan-palliatiivinen-hoito\\\/#breadcrumb\"},\"inLanguage\":\"fi\",\"potentialAction\":[{\"@type\":\"ReadAction\",\"target\":[\"https:\\\/\\\/blogit.lab.fi\\\/labfocus\\\/sydamen-vajaatoimintaa-sairastavan-potilaan-palliatiivinen-hoito\\\/\"]}]},{\"@type\":\"ImageObject\",\"inLanguage\":\"fi\",\"@id\":\"https:\\\/\\\/blogit.lab.fi\\\/labfocus\\\/sydamen-vajaatoimintaa-sairastavan-potilaan-palliatiivinen-hoito\\\/#primaryimage\",\"url\":\"https:\\\/\\\/blogit.lab.fi\\\/labfocus\\\/wp-content\\\/uploads\\\/sites\\\/8\\\/2024\\\/10\\\/819_2024_Sydamen-vajaatoimintaa-sairastavan-potilaan-palliatiivinen-hoito.jpg\",\"contentUrl\":\"https:\\\/\\\/blogit.lab.fi\\\/labfocus\\\/wp-content\\\/uploads\\\/sites\\\/8\\\/2024\\\/10\\\/819_2024_Sydamen-vajaatoimintaa-sairastavan-potilaan-palliatiivinen-hoito.jpg\",\"width\":1280,\"height\":789},{\"@type\":\"BreadcrumbList\",\"@id\":\"https:\\\/\\\/blogit.lab.fi\\\/labfocus\\\/sydamen-vajaatoimintaa-sairastavan-potilaan-palliatiivinen-hoito\\\/#breadcrumb\",\"itemListElement\":[{\"@type\":\"ListItem\",\"position\":1,\"name\":\"Home\",\"item\":\"https:\\\/\\\/blogit.lab.fi\\\/labfocus\\\/\"},{\"@type\":\"ListItem\",\"position\":2,\"name\":\"Syd\u00e4men vajaatoimintaa sairastavan potilaan palliatiivinen hoito\"}]},{\"@type\":\"WebSite\",\"@id\":\"https:\\\/\\\/blogit.lab.fi\\\/labfocus\\\/#website\",\"url\":\"https:\\\/\\\/blogit.lab.fi\\\/labfocus\\\/\",\"name\":\"LAB Focus\",\"description\":\"Focus Area blog | LAB University of Applied Sciences\",\"publisher\":{\"@id\":\"https:\\\/\\\/blogit.lab.fi\\\/labfocus\\\/#organization\"},\"potentialAction\":[{\"@type\":\"SearchAction\",\"target\":{\"@type\":\"EntryPoint\",\"urlTemplate\":\"https:\\\/\\\/blogit.lab.fi\\\/labfocus\\\/?s={search_term_string}\"},\"query-input\":{\"@type\":\"PropertyValueSpecification\",\"valueRequired\":true,\"valueName\":\"search_term_string\"}}],\"inLanguage\":\"fi\"},{\"@type\":\"Organization\",\"@id\":\"https:\\\/\\\/blogit.lab.fi\\\/labfocus\\\/#organization\",\"name\":\"LAB Focus\",\"url\":\"https:\\\/\\\/blogit.lab.fi\\\/labfocus\\\/\",\"logo\":{\"@type\":\"ImageObject\",\"inLanguage\":\"fi\",\"@id\":\"https:\\\/\\\/blogit.lab.fi\\\/labfocus\\\/#\\\/schema\\\/logo\\\/image\\\/\",\"url\":\"https:\\\/\\\/blogit.lab.fi\\\/labfocus\\\/wp-content\\\/uploads\\\/sites\\\/8\\\/2020\\\/04\\\/cropped-cropped-tunnus_blogi-01.png\",\"contentUrl\":\"https:\\\/\\\/blogit.lab.fi\\\/labfocus\\\/wp-content\\\/uploads\\\/sites\\\/8\\\/2020\\\/04\\\/cropped-cropped-tunnus_blogi-01.png\",\"width\":1342,\"height\":288,\"caption\":\"LAB Focus\"},\"image\":{\"@id\":\"https:\\\/\\\/blogit.lab.fi\\\/labfocus\\\/#\\\/schema\\\/logo\\\/image\\\/\"},\"sameAs\":[\"https:\\\/\\\/x.com\\\/LABfinland\"]},{\"@type\":\"Person\",\"@id\":\"https:\\\/\\\/blogit.lab.fi\\\/labfocus\\\/#\\\/schema\\\/person\\\/da729f65c4a2fb9fd8f0b1ec7a2ab7d0\",\"name\":\"tainask\",\"image\":{\"@type\":\"ImageObject\",\"inLanguage\":\"fi\",\"@id\":\"https:\\\/\\\/secure.gravatar.com\\\/avatar\\\/4a96427877ef826b76e80c27f60b266128094f522551459346efcf14282febb3?s=96&d=mm&r=g\",\"url\":\"https:\\\/\\\/secure.gravatar.com\\\/avatar\\\/4a96427877ef826b76e80c27f60b266128094f522551459346efcf14282febb3?s=96&d=mm&r=g\",\"contentUrl\":\"https:\\\/\\\/secure.gravatar.com\\\/avatar\\\/4a96427877ef826b76e80c27f60b266128094f522551459346efcf14282febb3?s=96&d=mm&r=g\",\"caption\":\"tainask\"},\"url\":\"https:\\\/\\\/blogit.lab.fi\\\/labfocus\\\/author\\\/tainask\\\/\"}]}<\/script>\n<!-- \/ Yoast SEO plugin. -->","yoast_head_json":{"title":"Syd\u00e4men vajaatoimintaa sairastavan potilaan palliatiivinen hoito - LAB Focus","description":"Palliatiivisen hoidon erikoistumiskoulutuksessa syntyi opastusta syd\u00e4men vajaatoimintapotilaan loppuvaiheiden hyv\u00e4\u00e4n hoitoon.","robots":{"index":"index","follow":"follow","max-snippet":"max-snippet:-1","max-image-preview":"max-image-preview:large","max-video-preview":"max-video-preview:-1"},"canonical":"https:\/\/blogit.lab.fi\/labfocus\/sydamen-vajaatoimintaa-sairastavan-potilaan-palliatiivinen-hoito\/","og_locale":"fi_FI","og_type":"article","og_title":"Syd\u00e4men vajaatoimintaa sairastavan potilaan palliatiivinen hoito - LAB Focus","og_description":"Palliatiivisen hoidon erikoistumiskoulutuksessa syntyi opastusta syd\u00e4men vajaatoimintapotilaan loppuvaiheiden hyv\u00e4\u00e4n hoitoon.","og_url":"https:\/\/blogit.lab.fi\/labfocus\/sydamen-vajaatoimintaa-sairastavan-potilaan-palliatiivinen-hoito\/","og_site_name":"LAB Focus","article_published_time":"2024-10-15T06:50:54+00:00","article_modified_time":"2024-10-15T06:50:55+00:00","og_image":[{"width":1280,"height":789,"url":"https:\/\/blogit.lab.fi\/labfocus\/wp-content\/uploads\/sites\/8\/2024\/10\/819_2024_Sydamen-vajaatoimintaa-sairastavan-potilaan-palliatiivinen-hoito.jpg","type":"image\/jpeg"}],"author":"tainask","twitter_card":"summary_large_image","twitter_creator":"@LABfinland","twitter_site":"@LABfinland","twitter_misc":{"Kirjoittanut":"tainask","Arvioitu lukuaika":"5 minuuttia"},"schema":{"@context":"https:\/\/schema.org","@graph":[{"@type":"Article","@id":"https:\/\/blogit.lab.fi\/labfocus\/sydamen-vajaatoimintaa-sairastavan-potilaan-palliatiivinen-hoito\/#article","isPartOf":{"@id":"https:\/\/blogit.lab.fi\/labfocus\/sydamen-vajaatoimintaa-sairastavan-potilaan-palliatiivinen-hoito\/"},"author":{"name":"tainask","@id":"https:\/\/blogit.lab.fi\/labfocus\/#\/schema\/person\/da729f65c4a2fb9fd8f0b1ec7a2ab7d0"},"headline":"Syd\u00e4men vajaatoimintaa sairastavan potilaan palliatiivinen hoito","datePublished":"2024-10-15T06:50:54+00:00","dateModified":"2024-10-15T06:50:55+00:00","mainEntityOfPage":{"@id":"https:\/\/blogit.lab.fi\/labfocus\/sydamen-vajaatoimintaa-sairastavan-potilaan-palliatiivinen-hoito\/"},"wordCount":779,"publisher":{"@id":"https:\/\/blogit.lab.fi\/labfocus\/#organization"},"image":{"@id":"https:\/\/blogit.lab.fi\/labfocus\/sydamen-vajaatoimintaa-sairastavan-potilaan-palliatiivinen-hoito\/#primaryimage"},"thumbnailUrl":"https:\/\/blogit.lab.fi\/labfocus\/wp-content\/uploads\/sites\/8\/2024\/10\/819_2024_Sydamen-vajaatoimintaa-sairastavan-potilaan-palliatiivinen-hoito.jpg","keywords":["Artikkeli E1","oirehoito","palliatiivinen hoito","syd\u00e4men vajaatoiminta"],"articleSection":["Health"],"inLanguage":"fi"},{"@type":"WebPage","@id":"https:\/\/blogit.lab.fi\/labfocus\/sydamen-vajaatoimintaa-sairastavan-potilaan-palliatiivinen-hoito\/","url":"https:\/\/blogit.lab.fi\/labfocus\/sydamen-vajaatoimintaa-sairastavan-potilaan-palliatiivinen-hoito\/","name":"Syd\u00e4men vajaatoimintaa sairastavan potilaan palliatiivinen hoito - LAB Focus","isPartOf":{"@id":"https:\/\/blogit.lab.fi\/labfocus\/#website"},"primaryImageOfPage":{"@id":"https:\/\/blogit.lab.fi\/labfocus\/sydamen-vajaatoimintaa-sairastavan-potilaan-palliatiivinen-hoito\/#primaryimage"},"image":{"@id":"https:\/\/blogit.lab.fi\/labfocus\/sydamen-vajaatoimintaa-sairastavan-potilaan-palliatiivinen-hoito\/#primaryimage"},"thumbnailUrl":"https:\/\/blogit.lab.fi\/labfocus\/wp-content\/uploads\/sites\/8\/2024\/10\/819_2024_Sydamen-vajaatoimintaa-sairastavan-potilaan-palliatiivinen-hoito.jpg","datePublished":"2024-10-15T06:50:54+00:00","dateModified":"2024-10-15T06:50:55+00:00","description":"Palliatiivisen hoidon erikoistumiskoulutuksessa syntyi opastusta syd\u00e4men vajaatoimintapotilaan loppuvaiheiden hyv\u00e4\u00e4n hoitoon.","breadcrumb":{"@id":"https:\/\/blogit.lab.fi\/labfocus\/sydamen-vajaatoimintaa-sairastavan-potilaan-palliatiivinen-hoito\/#breadcrumb"},"inLanguage":"fi","potentialAction":[{"@type":"ReadAction","target":["https:\/\/blogit.lab.fi\/labfocus\/sydamen-vajaatoimintaa-sairastavan-potilaan-palliatiivinen-hoito\/"]}]},{"@type":"ImageObject","inLanguage":"fi","@id":"https:\/\/blogit.lab.fi\/labfocus\/sydamen-vajaatoimintaa-sairastavan-potilaan-palliatiivinen-hoito\/#primaryimage","url":"https:\/\/blogit.lab.fi\/labfocus\/wp-content\/uploads\/sites\/8\/2024\/10\/819_2024_Sydamen-vajaatoimintaa-sairastavan-potilaan-palliatiivinen-hoito.jpg","contentUrl":"https:\/\/blogit.lab.fi\/labfocus\/wp-content\/uploads\/sites\/8\/2024\/10\/819_2024_Sydamen-vajaatoimintaa-sairastavan-potilaan-palliatiivinen-hoito.jpg","width":1280,"height":789},{"@type":"BreadcrumbList","@id":"https:\/\/blogit.lab.fi\/labfocus\/sydamen-vajaatoimintaa-sairastavan-potilaan-palliatiivinen-hoito\/#breadcrumb","itemListElement":[{"@type":"ListItem","position":1,"name":"Home","item":"https:\/\/blogit.lab.fi\/labfocus\/"},{"@type":"ListItem","position":2,"name":"Syd\u00e4men vajaatoimintaa sairastavan potilaan palliatiivinen hoito"}]},{"@type":"WebSite","@id":"https:\/\/blogit.lab.fi\/labfocus\/#website","url":"https:\/\/blogit.lab.fi\/labfocus\/","name":"LAB Focus","description":"Focus Area blog | LAB University of Applied Sciences","publisher":{"@id":"https:\/\/blogit.lab.fi\/labfocus\/#organization"},"potentialAction":[{"@type":"SearchAction","target":{"@type":"EntryPoint","urlTemplate":"https:\/\/blogit.lab.fi\/labfocus\/?s={search_term_string}"},"query-input":{"@type":"PropertyValueSpecification","valueRequired":true,"valueName":"search_term_string"}}],"inLanguage":"fi"},{"@type":"Organization","@id":"https:\/\/blogit.lab.fi\/labfocus\/#organization","name":"LAB Focus","url":"https:\/\/blogit.lab.fi\/labfocus\/","logo":{"@type":"ImageObject","inLanguage":"fi","@id":"https:\/\/blogit.lab.fi\/labfocus\/#\/schema\/logo\/image\/","url":"https:\/\/blogit.lab.fi\/labfocus\/wp-content\/uploads\/sites\/8\/2020\/04\/cropped-cropped-tunnus_blogi-01.png","contentUrl":"https:\/\/blogit.lab.fi\/labfocus\/wp-content\/uploads\/sites\/8\/2020\/04\/cropped-cropped-tunnus_blogi-01.png","width":1342,"height":288,"caption":"LAB Focus"},"image":{"@id":"https:\/\/blogit.lab.fi\/labfocus\/#\/schema\/logo\/image\/"},"sameAs":["https:\/\/x.com\/LABfinland"]},{"@type":"Person","@id":"https:\/\/blogit.lab.fi\/labfocus\/#\/schema\/person\/da729f65c4a2fb9fd8f0b1ec7a2ab7d0","name":"tainask","image":{"@type":"ImageObject","inLanguage":"fi","@id":"https:\/\/secure.gravatar.com\/avatar\/4a96427877ef826b76e80c27f60b266128094f522551459346efcf14282febb3?s=96&d=mm&r=g","url":"https:\/\/secure.gravatar.com\/avatar\/4a96427877ef826b76e80c27f60b266128094f522551459346efcf14282febb3?s=96&d=mm&r=g","contentUrl":"https:\/\/secure.gravatar.com\/avatar\/4a96427877ef826b76e80c27f60b266128094f522551459346efcf14282febb3?s=96&d=mm&r=g","caption":"tainask"},"url":"https:\/\/blogit.lab.fi\/labfocus\/author\/tainask\/"}]}},"_links":{"self":[{"href":"https:\/\/blogit.lab.fi\/labfocus\/wp-json\/wp\/v2\/posts\/21223","targetHints":{"allow":["GET"]}}],"collection":[{"href":"https:\/\/blogit.lab.fi\/labfocus\/wp-json\/wp\/v2\/posts"}],"about":[{"href":"https:\/\/blogit.lab.fi\/labfocus\/wp-json\/wp\/v2\/types\/post"}],"author":[{"embeddable":true,"href":"https:\/\/blogit.lab.fi\/labfocus\/wp-json\/wp\/v2\/users\/17"}],"replies":[{"embeddable":true,"href":"https:\/\/blogit.lab.fi\/labfocus\/wp-json\/wp\/v2\/comments?post=21223"}],"version-history":[{"count":3,"href":"https:\/\/blogit.lab.fi\/labfocus\/wp-json\/wp\/v2\/posts\/21223\/revisions"}],"predecessor-version":[{"id":21228,"href":"https:\/\/blogit.lab.fi\/labfocus\/wp-json\/wp\/v2\/posts\/21223\/revisions\/21228"}],"wp:featuredmedia":[{"embeddable":true,"href":"https:\/\/blogit.lab.fi\/labfocus\/wp-json\/wp\/v2\/media\/21225"}],"wp:attachment":[{"href":"https:\/\/blogit.lab.fi\/labfocus\/wp-json\/wp\/v2\/media?parent=21223"}],"wp:term":[{"taxonomy":"category","embeddable":true,"href":"https:\/\/blogit.lab.fi\/labfocus\/wp-json\/wp\/v2\/categories?post=21223"},{"taxonomy":"post_tag","embeddable":true,"href":"https:\/\/blogit.lab.fi\/labfocus\/wp-json\/wp\/v2\/tags?post=21223"}],"curies":[{"name":"wp","href":"https:\/\/api.w.org\/{rel}","templated":true}]}}