{"id":21265,"date":"2024-10-17T13:27:41","date_gmt":"2024-10-17T10:27:41","guid":{"rendered":"https:\/\/blogit.lab.fi\/labfocus\/?p=21265"},"modified":"2024-10-17T13:27:42","modified_gmt":"2024-10-17T10:27:42","slug":"yrittajyyskaytava-osana-lut-kampuksen-yrittajalahtoista-ekosysteemia","status":"publish","type":"post","link":"https:\/\/blogit.lab.fi\/labfocus\/yrittajyyskaytava-osana-lut-kampuksen-yrittajalahtoista-ekosysteemia\/","title":{"rendered":"Yritt\u00e4jyysk\u00e4yt\u00e4v\u00e4 osana LUT-kampuksen yritt\u00e4j\u00e4l\u00e4ht\u00f6ist\u00e4 ekosysteemi\u00e4"},"content":{"rendered":"\n<p>LABeko2-hanke on osa EU:n Uudistuva ja osaava Suomi 2021\u20132027-ohjelmaa. Se keskittyy alueellisen innovaatioekosysteemin kehitt\u00e4miseen. Hankkeen tavoitteena on yhdist\u00e4\u00e4 yritysten ja opiskelijoiden tarpeet, luoden samalla pohjaa sek\u00e4 paikallisille ett\u00e4 Euroopan laajuisille kansainv\u00e4listymist\u00e4 tukeville verkostoille (LAB 2024).<\/p>\n\n\n\n<p>Syyskuussa 2024 LUT-kampukselle syntynyt yritt\u00e4jyysk\u00e4yt\u00e4v\u00e4 konkretisoi yritt\u00e4j\u00e4l\u00e4ht\u00f6ist\u00e4 ekosysteemi\u00e4. Ekosysteemi on luonnontieteen k\u00e4site, joka korostaa ilmi\u00f6n systeemist\u00e4 luonnetta. Se on enemm\u00e4n kuin osiensa summa (Sorama ym. 2018).<\/p>\n\n\n\n<figure class=\"wp-block-image size-large\"><img loading=\"lazy\" decoding=\"async\" width=\"1024\" height=\"602\" src=\"https:\/\/blogit.lab.fi\/labfocus\/wp-content\/uploads\/sites\/8\/2024\/10\/837_2024_Yrittajyyskaytava_1-1024x602.jpg\" alt=\"[Alt-teksti: kolme hymyilev\u00e4\u00e4 nuorta miest\u00e4 aulassa seisomassa, takana n\u00e4kyy teksti lutes.]\" class=\"wp-image-21267\" srcset=\"https:\/\/blogit.lab.fi\/labfocus\/wp-content\/uploads\/sites\/8\/2024\/10\/837_2024_Yrittajyyskaytava_1-1024x602.jpg 1024w, https:\/\/blogit.lab.fi\/labfocus\/wp-content\/uploads\/sites\/8\/2024\/10\/837_2024_Yrittajyyskaytava_1-300x176.jpg 300w, https:\/\/blogit.lab.fi\/labfocus\/wp-content\/uploads\/sites\/8\/2024\/10\/837_2024_Yrittajyyskaytava_1-768x451.jpg 768w, https:\/\/blogit.lab.fi\/labfocus\/wp-content\/uploads\/sites\/8\/2024\/10\/837_2024_Yrittajyyskaytava_1-570x335.jpg 570w, https:\/\/blogit.lab.fi\/labfocus\/wp-content\/uploads\/sites\/8\/2024\/10\/837_2024_Yrittajyyskaytava_1.jpg 1280w\" sizes=\"auto, (max-width: 1024px) 100vw, 1024px\" \/><figcaption class=\"wp-element-caption\">Kuva 1. Markkinoinnin tiimiyritt\u00e4j\u00e4t esittelem\u00e4ss\u00e4 tiloja yritt\u00e4jyysk\u00e4yt\u00e4v\u00e4n avajaisissa 25.9.2024. (Kuva: Jyri H\u00e4nninen)<\/figcaption><\/figure>\n\n\n\n<p><a>Yri<\/a>tt\u00e4jyysk\u00e4yt\u00e4v\u00e4n tiloissa toimiva LUTES, LUT Entrepreneurship Society ry, on LUT-yliopiston ja LAB-ammattikorkeakoulun yritt\u00e4j\u00e4henkisten opiskelijoiden yhteis\u00f6. Lis\u00e4ksi kasvuyritt\u00e4jyyspalvelua tarjoava Business Mill sek\u00e4 LAB-ammattikorkeakoulun tiimiyritt\u00e4jyysopiskelijat toimivat samassa yhteydess\u00e4.<\/p>\n\n\n\n<p>Korkeakoulut voivat toimia merkitt\u00e4vin\u00e4 katalysaattoreina, jotka edist\u00e4v\u00e4t yritysekosysteemej\u00e4 erityisesti tutkimuksen ja koulutuksen kautta (Sorama ym. 2018). Yritt\u00e4jyysk\u00e4yt\u00e4v\u00e4n my\u00f6t\u00e4 erityisesti pk-yrityksill\u00e4 on mahdollisuus hakea tarvel\u00e4ht\u00f6isesti apua, kun palvelut l\u00f6ytyv\u00e4t samasta paikasta niin sanotun yhden luukun periaatteella.<\/p>\n\n\n\n<h2 class=\"wp-block-heading\">Opiskelijat innovaatioiden moottorina<\/h2>\n\n\n\n<p>Fyysisten tilojen merkitys yritt\u00e4j\u00e4m\u00e4isen toiminnan edist\u00e4misess\u00e4 on todettu eritt\u00e4in t\u00e4rke\u00e4ksi. Yritykset ja opiskelijat kohtaavat spontaanisti, ja t\u00e4m\u00e4 on tutkimusten mukaan yksi keskeisist\u00e4 elementeist\u00e4 innovaatioiden synnyss\u00e4. (Bouncken ym. 2018)<\/p>\n\n\n\n<p>Yritykset ovat LABeko2-hankkeen haastatteluissa tuoneet aiemmin esille tarpeen rekrytoida uusia osaajia suoraan korkeakouluista. Yritt\u00e4jyysk\u00e4yt\u00e4v\u00e4n tavoitteena on tarjota yrityksille konkreettisia keinoja liiketoiminnan kehitt\u00e4miseen. LABeko2-hankkeen kartoittamat yritykset kaipaavat k\u00e4yt\u00e4nn\u00f6n ratkaisuja markkinointiin, digitalisaatioon ja osaamisen kehitt\u00e4miseen. Uuden yritt\u00e4jyysk\u00e4yt\u00e4v\u00e4n my\u00f6t\u00e4 yritykset p\u00e4\u00e4sev\u00e4t entist\u00e4 tiiviimmin osaksi LUT-kampuksen ekosysteemi\u00e4, jossa yhdistet\u00e4\u00e4n teoreettinen oppi ja k\u00e4yt\u00e4nn\u00f6n liiketoiminta.<\/p>\n\n\n\n<figure class=\"wp-block-image size-large\"><img loading=\"lazy\" decoding=\"async\" width=\"1024\" height=\"587\" src=\"https:\/\/blogit.lab.fi\/labfocus\/wp-content\/uploads\/sites\/8\/2024\/10\/837_2024_Yrittajyyskaytava_2-1024x587.jpg\" alt=\"[Alt-teksti: mies n\u00e4ytt\u00f6skriinin edess\u00e4, skriinill\u00e4 lukee entrepreneurship experience.]\" class=\"wp-image-21268\" srcset=\"https:\/\/blogit.lab.fi\/labfocus\/wp-content\/uploads\/sites\/8\/2024\/10\/837_2024_Yrittajyyskaytava_2-1024x587.jpg 1024w, https:\/\/blogit.lab.fi\/labfocus\/wp-content\/uploads\/sites\/8\/2024\/10\/837_2024_Yrittajyyskaytava_2-300x172.jpg 300w, https:\/\/blogit.lab.fi\/labfocus\/wp-content\/uploads\/sites\/8\/2024\/10\/837_2024_Yrittajyyskaytava_2-768x440.jpg 768w, https:\/\/blogit.lab.fi\/labfocus\/wp-content\/uploads\/sites\/8\/2024\/10\/837_2024_Yrittajyyskaytava_2-570x327.jpg 570w, https:\/\/blogit.lab.fi\/labfocus\/wp-content\/uploads\/sites\/8\/2024\/10\/837_2024_Yrittajyyskaytava_2.jpg 1280w\" sizes=\"auto, (max-width: 1024px) 100vw, 1024px\" \/><figcaption class=\"wp-element-caption\">Kuva 2. LabEko2-hankkeen projektity\u00f6ntekij\u00e4 Karl Osborne kertoi  yritt\u00e4jyyskoulutusmahdollisuuksista. (Kuva: Jyri H\u00e4nninen)<\/figcaption><\/figure>\n\n\n\n<p>Yritt\u00e4jyysk\u00e4yt\u00e4v\u00e4 on mahdollisuus vuorovaikutukseen, jonka lis\u00e4\u00e4mist\u00e4 selke\u00e4sti kaivataan yritysten suunnalta. Se tarjoaa my\u00f6s opiskelijoille mahdollisuuden kehitt\u00e4\u00e4 ty\u00f6el\u00e4m\u00e4ss\u00e4 tarvittavia taitoja ja kehitt\u00e4\u00e4 urapolkua jo opintojen aikana. T\u00e4m\u00e4 kaikki edist\u00e4\u00e4 alueellista kehityst\u00e4 ja vahvistaa Lappeenrannan ja Imatran seutua innovaatioiden keskuksena LabEko2-hankkeen tavoitteiden mukaisesti.<\/p>\n\n\n\n<div class=\"wp-block-group\"><div class=\"wp-block-group__inner-container is-layout-constrained wp-block-group-is-layout-constrained\">\n<div class=\"wp-block-group has-background\" style=\"background-color:#b3edfb\"><div class=\"wp-block-group__inner-container is-layout-constrained wp-block-group-is-layout-constrained\">\n<p>Kirjoittaja<\/p>\n\n\n\n<p><strong>Jyri H\u00e4nninen<\/strong> on liiketalouden lehtori LAB-ammattikorkeakoulussa. H\u00e4n toimii LABeko2-hankkeessa yritysasiantuntijana.<\/p>\n<\/div><\/div>\n<\/div><\/div>\n\n\n<div class=\"wp-block-image\">\n<figure class=\"aligncenter size-full is-resized\"><img loading=\"lazy\" decoding=\"async\" width=\"1000\" height=\"210\" src=\"https:\/\/blogit.lab.fi\/labfocus\/wp-content\/uploads\/sites\/8\/2024\/10\/Euroopan-unionin-osarahoittama-vaaka-keltatahdet_fi-2.jpg\" alt=\"\" class=\"wp-image-21269\" style=\"width:349px;height:auto\" srcset=\"https:\/\/blogit.lab.fi\/labfocus\/wp-content\/uploads\/sites\/8\/2024\/10\/Euroopan-unionin-osarahoittama-vaaka-keltatahdet_fi-2.jpg 1000w, https:\/\/blogit.lab.fi\/labfocus\/wp-content\/uploads\/sites\/8\/2024\/10\/Euroopan-unionin-osarahoittama-vaaka-keltatahdet_fi-2-300x63.jpg 300w, https:\/\/blogit.lab.fi\/labfocus\/wp-content\/uploads\/sites\/8\/2024\/10\/Euroopan-unionin-osarahoittama-vaaka-keltatahdet_fi-2-768x161.jpg 768w, https:\/\/blogit.lab.fi\/labfocus\/wp-content\/uploads\/sites\/8\/2024\/10\/Euroopan-unionin-osarahoittama-vaaka-keltatahdet_fi-2-570x120.jpg 570w\" sizes=\"auto, (max-width: 1000px) 100vw, 1000px\" \/><\/figure>\n<\/div>\n\n<div class=\"wp-block-image\">\n<figure class=\"aligncenter size-large is-resized\"><img loading=\"lazy\" decoding=\"async\" width=\"1024\" height=\"361\" src=\"https:\/\/blogit.lab.fi\/labfocus\/wp-content\/uploads\/sites\/8\/2024\/10\/etela-karjalan-liitto-1-1024x361.jpg\" alt=\"\" class=\"wp-image-21270\" style=\"width:295px;height:auto\" srcset=\"https:\/\/blogit.lab.fi\/labfocus\/wp-content\/uploads\/sites\/8\/2024\/10\/etela-karjalan-liitto-1-1024x361.jpg 1024w, https:\/\/blogit.lab.fi\/labfocus\/wp-content\/uploads\/sites\/8\/2024\/10\/etela-karjalan-liitto-1-300x106.jpg 300w, https:\/\/blogit.lab.fi\/labfocus\/wp-content\/uploads\/sites\/8\/2024\/10\/etela-karjalan-liitto-1-768x270.jpg 768w, https:\/\/blogit.lab.fi\/labfocus\/wp-content\/uploads\/sites\/8\/2024\/10\/etela-karjalan-liitto-1-570x201.jpg 570w, https:\/\/blogit.lab.fi\/labfocus\/wp-content\/uploads\/sites\/8\/2024\/10\/etela-karjalan-liitto-1.jpg 1082w\" sizes=\"auto, (max-width: 1024px) 100vw, 1024px\" \/><\/figure>\n<\/div>\n\n\n<h2 class=\"wp-block-heading\">L\u00e4hteet<\/h2>\n\n\n\n<p>Bouncken, R.B. &amp; Reuschl, A. 2018.Coworking-spaces: how a phenomenon of the sharing economy builds a novel trend for the workplace and for entrepreneurship. Review of managerial science.<\/p>\n\n\n\n<p>LAB. 2024. LABeko2 \u2013 verkostoidu, kehit\u00e4, kansainv\u00e4listy, menesty. Hanke. LAB-ammattikorkeakoulu. Viitattu 22.4.2024. Saatavissa <a href=\"https:\/\/lab.fi\/fi\/projekti\/labeko2-verkostoidu-kehita-kansainvalisty-menesty\">https:\/\/lab.fi\/fi\/projekti\/labeko2-verkostoidu-kehita-kansainvalisty-menesty<\/a><\/p>\n\n\n\n<p>Sorama, K., Joensuu-Salo, S. Viljamaa, A. &amp; Varam\u00e4ki, E. 2018. Ammattikorkeakoulu vaikuttajana alueellisessa kasvuyritt\u00e4jyysekosysteemiss\u00e4. Ammattikasvatuksen aikakauskirja, 20(3), 8\u201324. Viitattu 14.10.2024. Saatavissa <a href=\"https:\/\/www.theseus.fi\/bitstream\/handle\/10024\/160236\/Sorama_%20Ammattikorkeakoulu.pdf?sequence=1&amp;isAllowed=y\">https:\/\/www.theseus.fi\/bitstream\/handle\/10024\/160236\/Sorama_%20Ammattikorkeakoulu.pdf?sequence=1&amp;isAllowed=y<\/a><\/p>\n\n\n\n<p><a id=\"_msocom_1\"><\/a><\/p>\n\n\n\n<p><\/p>\n","protected":false},"excerpt":{"rendered":"<p>LABeko2-hanke on osa EU:n Uudistuva ja osaava Suomi 2021\u20132027-ohjelmaa. Se keskittyy alueellisen innovaatioekosysteemin kehitt\u00e4miseen. Hankkeen tavoitteena on yhdist\u00e4\u00e4 yritysten ja opiskelijoiden tarpeet, luoden samalla pohjaa sek\u00e4 paikallisille ett\u00e4 Euroopan laajuisille kansainv\u00e4listymist\u00e4 tukeville verkostoille (LAB 2024). Syyskuussa 2024 LUT-kampukselle syntynyt yritt\u00e4jyysk\u00e4yt\u00e4v\u00e4 konkretisoi yritt\u00e4j\u00e4l\u00e4ht\u00f6ist\u00e4 ekosysteemi\u00e4. Ekosysteemi on luonnontieteen k\u00e4site, joka korostaa ilmi\u00f6n systeemist\u00e4 luonnetta. Se on enemm\u00e4n [&hellip;]<\/p>\n","protected":false},"author":17,"featured_media":21267,"comment_status":"closed","ping_status":"open","sticky":false,"template":"","format":"standard","meta":{"footnotes":""},"categories":[19,407],"tags":[29,5371,8180,203],"class_list":{"0":"post-21265","1":"post","2":"type-post","3":"status-publish","4":"format-standard","5":"has-post-thumbnail","7":"category-innovations_fi","8":"category-uudistuva-ja-kehittyva-yrittajyys","9":"tag-artikkeli-e1","10":"tag-ekosysteemit","11":"tag-labeko2-fi","12":"tag-yrittajyys","13":"czr-hentry"},"yoast_head":"<!-- This site is optimized with the Yoast SEO plugin v27.5 - https:\/\/yoast.com\/product\/yoast-seo-wordpress\/ -->\n<title>Yritt\u00e4jyysk\u00e4yt\u00e4v\u00e4 osana LUT-kampuksen yritt\u00e4j\u00e4l\u00e4ht\u00f6ist\u00e4 ekosysteemi\u00e4 - LAB Focus<\/title>\n<meta name=\"description\" content=\"Skinnarilan kampukselle Lappeenrantaan rakentunut yritt\u00e4jyysk\u00e4yt\u00e4v\u00e4 kokoaa yhteen yritt\u00e4j\u00e4t, markkinoijat ja yritt\u00e4j\u00e4henkiset opiskelijat.\" \/>\n<meta name=\"robots\" content=\"index, follow, max-snippet:-1, max-image-preview:large, max-video-preview:-1\" \/>\n<link rel=\"canonical\" href=\"https:\/\/blogit.lab.fi\/labfocus\/yrittajyyskaytava-osana-lut-kampuksen-yrittajalahtoista-ekosysteemia\/\" \/>\n<meta property=\"og:locale\" content=\"fi_FI\" \/>\n<meta property=\"og:type\" content=\"article\" \/>\n<meta property=\"og:title\" content=\"Yritt\u00e4jyysk\u00e4yt\u00e4v\u00e4 osana LUT-kampuksen yritt\u00e4j\u00e4l\u00e4ht\u00f6ist\u00e4 ekosysteemi\u00e4 - LAB Focus\" \/>\n<meta property=\"og:description\" content=\"Skinnarilan kampukselle Lappeenrantaan rakentunut yritt\u00e4jyysk\u00e4yt\u00e4v\u00e4 kokoaa yhteen yritt\u00e4j\u00e4t, markkinoijat ja yritt\u00e4j\u00e4henkiset opiskelijat.\" \/>\n<meta property=\"og:url\" content=\"https:\/\/blogit.lab.fi\/labfocus\/yrittajyyskaytava-osana-lut-kampuksen-yrittajalahtoista-ekosysteemia\/\" \/>\n<meta property=\"og:site_name\" content=\"LAB Focus\" \/>\n<meta property=\"article:published_time\" content=\"2024-10-17T10:27:41+00:00\" \/>\n<meta property=\"article:modified_time\" content=\"2024-10-17T10:27:42+00:00\" \/>\n<meta property=\"og:image\" content=\"https:\/\/blogit.lab.fi\/labfocus\/wp-content\/uploads\/sites\/8\/2024\/10\/837_2024_Yrittajyyskaytava_1.jpg\" \/>\n\t<meta property=\"og:image:width\" content=\"1280\" \/>\n\t<meta property=\"og:image:height\" content=\"752\" \/>\n\t<meta property=\"og:image:type\" content=\"image\/jpeg\" \/>\n<meta name=\"author\" content=\"tainask\" \/>\n<meta name=\"twitter:card\" content=\"summary_large_image\" \/>\n<meta name=\"twitter:creator\" content=\"@LABfinland\" \/>\n<meta name=\"twitter:site\" content=\"@LABfinland\" \/>\n<meta name=\"twitter:label1\" content=\"Kirjoittanut\" \/>\n\t<meta name=\"twitter:data1\" content=\"tainask\" \/>\n\t<meta name=\"twitter:label2\" content=\"Arvioitu lukuaika\" \/>\n\t<meta name=\"twitter:data2\" content=\"4 minuuttia\" \/>\n<script type=\"application\/ld+json\" class=\"yoast-schema-graph\">{\"@context\":\"https:\\\/\\\/schema.org\",\"@graph\":[{\"@type\":\"Article\",\"@id\":\"https:\\\/\\\/blogit.lab.fi\\\/labfocus\\\/yrittajyyskaytava-osana-lut-kampuksen-yrittajalahtoista-ekosysteemia\\\/#article\",\"isPartOf\":{\"@id\":\"https:\\\/\\\/blogit.lab.fi\\\/labfocus\\\/yrittajyyskaytava-osana-lut-kampuksen-yrittajalahtoista-ekosysteemia\\\/\"},\"author\":{\"name\":\"tainask\",\"@id\":\"https:\\\/\\\/blogit.lab.fi\\\/labfocus\\\/#\\\/schema\\\/person\\\/da729f65c4a2fb9fd8f0b1ec7a2ab7d0\"},\"headline\":\"Yritt\u00e4jyysk\u00e4yt\u00e4v\u00e4 osana LUT-kampuksen yritt\u00e4j\u00e4l\u00e4ht\u00f6ist\u00e4 ekosysteemi\u00e4\",\"datePublished\":\"2024-10-17T10:27:41+00:00\",\"dateModified\":\"2024-10-17T10:27:42+00:00\",\"mainEntityOfPage\":{\"@id\":\"https:\\\/\\\/blogit.lab.fi\\\/labfocus\\\/yrittajyyskaytava-osana-lut-kampuksen-yrittajalahtoista-ekosysteemia\\\/\"},\"wordCount\":453,\"publisher\":{\"@id\":\"https:\\\/\\\/blogit.lab.fi\\\/labfocus\\\/#organization\"},\"image\":{\"@id\":\"https:\\\/\\\/blogit.lab.fi\\\/labfocus\\\/yrittajyyskaytava-osana-lut-kampuksen-yrittajalahtoista-ekosysteemia\\\/#primaryimage\"},\"thumbnailUrl\":\"https:\\\/\\\/blogit.lab.fi\\\/labfocus\\\/wp-content\\\/uploads\\\/sites\\\/8\\\/2024\\\/10\\\/837_2024_Yrittajyyskaytava_1.jpg\",\"keywords\":[\"Artikkeli E1\",\"ekosysteemit\",\"LABeko2\",\"yritt\u00e4jyys\"],\"articleSection\":[\"Innovations\",\"Uudistuva ja kehittyv\u00e4 yritt\u00e4jyys\"],\"inLanguage\":\"fi\"},{\"@type\":\"WebPage\",\"@id\":\"https:\\\/\\\/blogit.lab.fi\\\/labfocus\\\/yrittajyyskaytava-osana-lut-kampuksen-yrittajalahtoista-ekosysteemia\\\/\",\"url\":\"https:\\\/\\\/blogit.lab.fi\\\/labfocus\\\/yrittajyyskaytava-osana-lut-kampuksen-yrittajalahtoista-ekosysteemia\\\/\",\"name\":\"Yritt\u00e4jyysk\u00e4yt\u00e4v\u00e4 osana LUT-kampuksen yritt\u00e4j\u00e4l\u00e4ht\u00f6ist\u00e4 ekosysteemi\u00e4 - LAB Focus\",\"isPartOf\":{\"@id\":\"https:\\\/\\\/blogit.lab.fi\\\/labfocus\\\/#website\"},\"primaryImageOfPage\":{\"@id\":\"https:\\\/\\\/blogit.lab.fi\\\/labfocus\\\/yrittajyyskaytava-osana-lut-kampuksen-yrittajalahtoista-ekosysteemia\\\/#primaryimage\"},\"image\":{\"@id\":\"https:\\\/\\\/blogit.lab.fi\\\/labfocus\\\/yrittajyyskaytava-osana-lut-kampuksen-yrittajalahtoista-ekosysteemia\\\/#primaryimage\"},\"thumbnailUrl\":\"https:\\\/\\\/blogit.lab.fi\\\/labfocus\\\/wp-content\\\/uploads\\\/sites\\\/8\\\/2024\\\/10\\\/837_2024_Yrittajyyskaytava_1.jpg\",\"datePublished\":\"2024-10-17T10:27:41+00:00\",\"dateModified\":\"2024-10-17T10:27:42+00:00\",\"description\":\"Skinnarilan kampukselle Lappeenrantaan rakentunut yritt\u00e4jyysk\u00e4yt\u00e4v\u00e4 kokoaa yhteen yritt\u00e4j\u00e4t, markkinoijat ja yritt\u00e4j\u00e4henkiset opiskelijat.\",\"breadcrumb\":{\"@id\":\"https:\\\/\\\/blogit.lab.fi\\\/labfocus\\\/yrittajyyskaytava-osana-lut-kampuksen-yrittajalahtoista-ekosysteemia\\\/#breadcrumb\"},\"inLanguage\":\"fi\",\"potentialAction\":[{\"@type\":\"ReadAction\",\"target\":[\"https:\\\/\\\/blogit.lab.fi\\\/labfocus\\\/yrittajyyskaytava-osana-lut-kampuksen-yrittajalahtoista-ekosysteemia\\\/\"]}]},{\"@type\":\"ImageObject\",\"inLanguage\":\"fi\",\"@id\":\"https:\\\/\\\/blogit.lab.fi\\\/labfocus\\\/yrittajyyskaytava-osana-lut-kampuksen-yrittajalahtoista-ekosysteemia\\\/#primaryimage\",\"url\":\"https:\\\/\\\/blogit.lab.fi\\\/labfocus\\\/wp-content\\\/uploads\\\/sites\\\/8\\\/2024\\\/10\\\/837_2024_Yrittajyyskaytava_1.jpg\",\"contentUrl\":\"https:\\\/\\\/blogit.lab.fi\\\/labfocus\\\/wp-content\\\/uploads\\\/sites\\\/8\\\/2024\\\/10\\\/837_2024_Yrittajyyskaytava_1.jpg\",\"width\":1280,\"height\":752},{\"@type\":\"BreadcrumbList\",\"@id\":\"https:\\\/\\\/blogit.lab.fi\\\/labfocus\\\/yrittajyyskaytava-osana-lut-kampuksen-yrittajalahtoista-ekosysteemia\\\/#breadcrumb\",\"itemListElement\":[{\"@type\":\"ListItem\",\"position\":1,\"name\":\"Home\",\"item\":\"https:\\\/\\\/blogit.lab.fi\\\/labfocus\\\/\"},{\"@type\":\"ListItem\",\"position\":2,\"name\":\"Yritt\u00e4jyysk\u00e4yt\u00e4v\u00e4 osana LUT-kampuksen yritt\u00e4j\u00e4l\u00e4ht\u00f6ist\u00e4 ekosysteemi\u00e4\"}]},{\"@type\":\"WebSite\",\"@id\":\"https:\\\/\\\/blogit.lab.fi\\\/labfocus\\\/#website\",\"url\":\"https:\\\/\\\/blogit.lab.fi\\\/labfocus\\\/\",\"name\":\"LAB Focus\",\"description\":\"Focus Area blog | LAB University of Applied Sciences\",\"publisher\":{\"@id\":\"https:\\\/\\\/blogit.lab.fi\\\/labfocus\\\/#organization\"},\"potentialAction\":[{\"@type\":\"SearchAction\",\"target\":{\"@type\":\"EntryPoint\",\"urlTemplate\":\"https:\\\/\\\/blogit.lab.fi\\\/labfocus\\\/?s={search_term_string}\"},\"query-input\":{\"@type\":\"PropertyValueSpecification\",\"valueRequired\":true,\"valueName\":\"search_term_string\"}}],\"inLanguage\":\"fi\"},{\"@type\":\"Organization\",\"@id\":\"https:\\\/\\\/blogit.lab.fi\\\/labfocus\\\/#organization\",\"name\":\"LAB Focus\",\"url\":\"https:\\\/\\\/blogit.lab.fi\\\/labfocus\\\/\",\"logo\":{\"@type\":\"ImageObject\",\"inLanguage\":\"fi\",\"@id\":\"https:\\\/\\\/blogit.lab.fi\\\/labfocus\\\/#\\\/schema\\\/logo\\\/image\\\/\",\"url\":\"https:\\\/\\\/blogit.lab.fi\\\/labfocus\\\/wp-content\\\/uploads\\\/sites\\\/8\\\/2020\\\/04\\\/cropped-cropped-tunnus_blogi-01.png\",\"contentUrl\":\"https:\\\/\\\/blogit.lab.fi\\\/labfocus\\\/wp-content\\\/uploads\\\/sites\\\/8\\\/2020\\\/04\\\/cropped-cropped-tunnus_blogi-01.png\",\"width\":1342,\"height\":288,\"caption\":\"LAB Focus\"},\"image\":{\"@id\":\"https:\\\/\\\/blogit.lab.fi\\\/labfocus\\\/#\\\/schema\\\/logo\\\/image\\\/\"},\"sameAs\":[\"https:\\\/\\\/x.com\\\/LABfinland\"]},{\"@type\":\"Person\",\"@id\":\"https:\\\/\\\/blogit.lab.fi\\\/labfocus\\\/#\\\/schema\\\/person\\\/da729f65c4a2fb9fd8f0b1ec7a2ab7d0\",\"name\":\"tainask\",\"image\":{\"@type\":\"ImageObject\",\"inLanguage\":\"fi\",\"@id\":\"https:\\\/\\\/secure.gravatar.com\\\/avatar\\\/4a96427877ef826b76e80c27f60b266128094f522551459346efcf14282febb3?s=96&d=mm&r=g\",\"url\":\"https:\\\/\\\/secure.gravatar.com\\\/avatar\\\/4a96427877ef826b76e80c27f60b266128094f522551459346efcf14282febb3?s=96&d=mm&r=g\",\"contentUrl\":\"https:\\\/\\\/secure.gravatar.com\\\/avatar\\\/4a96427877ef826b76e80c27f60b266128094f522551459346efcf14282febb3?s=96&d=mm&r=g\",\"caption\":\"tainask\"},\"url\":\"https:\\\/\\\/blogit.lab.fi\\\/labfocus\\\/author\\\/tainask\\\/\"}]}<\/script>\n<!-- \/ Yoast SEO plugin. -->","yoast_head_json":{"title":"Yritt\u00e4jyysk\u00e4yt\u00e4v\u00e4 osana LUT-kampuksen yritt\u00e4j\u00e4l\u00e4ht\u00f6ist\u00e4 ekosysteemi\u00e4 - LAB Focus","description":"Skinnarilan kampukselle Lappeenrantaan rakentunut yritt\u00e4jyysk\u00e4yt\u00e4v\u00e4 kokoaa yhteen yritt\u00e4j\u00e4t, markkinoijat ja yritt\u00e4j\u00e4henkiset opiskelijat.","robots":{"index":"index","follow":"follow","max-snippet":"max-snippet:-1","max-image-preview":"max-image-preview:large","max-video-preview":"max-video-preview:-1"},"canonical":"https:\/\/blogit.lab.fi\/labfocus\/yrittajyyskaytava-osana-lut-kampuksen-yrittajalahtoista-ekosysteemia\/","og_locale":"fi_FI","og_type":"article","og_title":"Yritt\u00e4jyysk\u00e4yt\u00e4v\u00e4 osana LUT-kampuksen yritt\u00e4j\u00e4l\u00e4ht\u00f6ist\u00e4 ekosysteemi\u00e4 - LAB Focus","og_description":"Skinnarilan kampukselle Lappeenrantaan rakentunut yritt\u00e4jyysk\u00e4yt\u00e4v\u00e4 kokoaa yhteen yritt\u00e4j\u00e4t, markkinoijat ja yritt\u00e4j\u00e4henkiset opiskelijat.","og_url":"https:\/\/blogit.lab.fi\/labfocus\/yrittajyyskaytava-osana-lut-kampuksen-yrittajalahtoista-ekosysteemia\/","og_site_name":"LAB Focus","article_published_time":"2024-10-17T10:27:41+00:00","article_modified_time":"2024-10-17T10:27:42+00:00","og_image":[{"width":1280,"height":752,"url":"https:\/\/blogit.lab.fi\/labfocus\/wp-content\/uploads\/sites\/8\/2024\/10\/837_2024_Yrittajyyskaytava_1.jpg","type":"image\/jpeg"}],"author":"tainask","twitter_card":"summary_large_image","twitter_creator":"@LABfinland","twitter_site":"@LABfinland","twitter_misc":{"Kirjoittanut":"tainask","Arvioitu lukuaika":"4 minuuttia"},"schema":{"@context":"https:\/\/schema.org","@graph":[{"@type":"Article","@id":"https:\/\/blogit.lab.fi\/labfocus\/yrittajyyskaytava-osana-lut-kampuksen-yrittajalahtoista-ekosysteemia\/#article","isPartOf":{"@id":"https:\/\/blogit.lab.fi\/labfocus\/yrittajyyskaytava-osana-lut-kampuksen-yrittajalahtoista-ekosysteemia\/"},"author":{"name":"tainask","@id":"https:\/\/blogit.lab.fi\/labfocus\/#\/schema\/person\/da729f65c4a2fb9fd8f0b1ec7a2ab7d0"},"headline":"Yritt\u00e4jyysk\u00e4yt\u00e4v\u00e4 osana LUT-kampuksen yritt\u00e4j\u00e4l\u00e4ht\u00f6ist\u00e4 ekosysteemi\u00e4","datePublished":"2024-10-17T10:27:41+00:00","dateModified":"2024-10-17T10:27:42+00:00","mainEntityOfPage":{"@id":"https:\/\/blogit.lab.fi\/labfocus\/yrittajyyskaytava-osana-lut-kampuksen-yrittajalahtoista-ekosysteemia\/"},"wordCount":453,"publisher":{"@id":"https:\/\/blogit.lab.fi\/labfocus\/#organization"},"image":{"@id":"https:\/\/blogit.lab.fi\/labfocus\/yrittajyyskaytava-osana-lut-kampuksen-yrittajalahtoista-ekosysteemia\/#primaryimage"},"thumbnailUrl":"https:\/\/blogit.lab.fi\/labfocus\/wp-content\/uploads\/sites\/8\/2024\/10\/837_2024_Yrittajyyskaytava_1.jpg","keywords":["Artikkeli E1","ekosysteemit","LABeko2","yritt\u00e4jyys"],"articleSection":["Innovations","Uudistuva ja kehittyv\u00e4 yritt\u00e4jyys"],"inLanguage":"fi"},{"@type":"WebPage","@id":"https:\/\/blogit.lab.fi\/labfocus\/yrittajyyskaytava-osana-lut-kampuksen-yrittajalahtoista-ekosysteemia\/","url":"https:\/\/blogit.lab.fi\/labfocus\/yrittajyyskaytava-osana-lut-kampuksen-yrittajalahtoista-ekosysteemia\/","name":"Yritt\u00e4jyysk\u00e4yt\u00e4v\u00e4 osana LUT-kampuksen yritt\u00e4j\u00e4l\u00e4ht\u00f6ist\u00e4 ekosysteemi\u00e4 - LAB Focus","isPartOf":{"@id":"https:\/\/blogit.lab.fi\/labfocus\/#website"},"primaryImageOfPage":{"@id":"https:\/\/blogit.lab.fi\/labfocus\/yrittajyyskaytava-osana-lut-kampuksen-yrittajalahtoista-ekosysteemia\/#primaryimage"},"image":{"@id":"https:\/\/blogit.lab.fi\/labfocus\/yrittajyyskaytava-osana-lut-kampuksen-yrittajalahtoista-ekosysteemia\/#primaryimage"},"thumbnailUrl":"https:\/\/blogit.lab.fi\/labfocus\/wp-content\/uploads\/sites\/8\/2024\/10\/837_2024_Yrittajyyskaytava_1.jpg","datePublished":"2024-10-17T10:27:41+00:00","dateModified":"2024-10-17T10:27:42+00:00","description":"Skinnarilan kampukselle Lappeenrantaan rakentunut yritt\u00e4jyysk\u00e4yt\u00e4v\u00e4 kokoaa yhteen yritt\u00e4j\u00e4t, markkinoijat ja yritt\u00e4j\u00e4henkiset opiskelijat.","breadcrumb":{"@id":"https:\/\/blogit.lab.fi\/labfocus\/yrittajyyskaytava-osana-lut-kampuksen-yrittajalahtoista-ekosysteemia\/#breadcrumb"},"inLanguage":"fi","potentialAction":[{"@type":"ReadAction","target":["https:\/\/blogit.lab.fi\/labfocus\/yrittajyyskaytava-osana-lut-kampuksen-yrittajalahtoista-ekosysteemia\/"]}]},{"@type":"ImageObject","inLanguage":"fi","@id":"https:\/\/blogit.lab.fi\/labfocus\/yrittajyyskaytava-osana-lut-kampuksen-yrittajalahtoista-ekosysteemia\/#primaryimage","url":"https:\/\/blogit.lab.fi\/labfocus\/wp-content\/uploads\/sites\/8\/2024\/10\/837_2024_Yrittajyyskaytava_1.jpg","contentUrl":"https:\/\/blogit.lab.fi\/labfocus\/wp-content\/uploads\/sites\/8\/2024\/10\/837_2024_Yrittajyyskaytava_1.jpg","width":1280,"height":752},{"@type":"BreadcrumbList","@id":"https:\/\/blogit.lab.fi\/labfocus\/yrittajyyskaytava-osana-lut-kampuksen-yrittajalahtoista-ekosysteemia\/#breadcrumb","itemListElement":[{"@type":"ListItem","position":1,"name":"Home","item":"https:\/\/blogit.lab.fi\/labfocus\/"},{"@type":"ListItem","position":2,"name":"Yritt\u00e4jyysk\u00e4yt\u00e4v\u00e4 osana LUT-kampuksen yritt\u00e4j\u00e4l\u00e4ht\u00f6ist\u00e4 ekosysteemi\u00e4"}]},{"@type":"WebSite","@id":"https:\/\/blogit.lab.fi\/labfocus\/#website","url":"https:\/\/blogit.lab.fi\/labfocus\/","name":"LAB Focus","description":"Focus Area blog | LAB University of Applied Sciences","publisher":{"@id":"https:\/\/blogit.lab.fi\/labfocus\/#organization"},"potentialAction":[{"@type":"SearchAction","target":{"@type":"EntryPoint","urlTemplate":"https:\/\/blogit.lab.fi\/labfocus\/?s={search_term_string}"},"query-input":{"@type":"PropertyValueSpecification","valueRequired":true,"valueName":"search_term_string"}}],"inLanguage":"fi"},{"@type":"Organization","@id":"https:\/\/blogit.lab.fi\/labfocus\/#organization","name":"LAB Focus","url":"https:\/\/blogit.lab.fi\/labfocus\/","logo":{"@type":"ImageObject","inLanguage":"fi","@id":"https:\/\/blogit.lab.fi\/labfocus\/#\/schema\/logo\/image\/","url":"https:\/\/blogit.lab.fi\/labfocus\/wp-content\/uploads\/sites\/8\/2020\/04\/cropped-cropped-tunnus_blogi-01.png","contentUrl":"https:\/\/blogit.lab.fi\/labfocus\/wp-content\/uploads\/sites\/8\/2020\/04\/cropped-cropped-tunnus_blogi-01.png","width":1342,"height":288,"caption":"LAB Focus"},"image":{"@id":"https:\/\/blogit.lab.fi\/labfocus\/#\/schema\/logo\/image\/"},"sameAs":["https:\/\/x.com\/LABfinland"]},{"@type":"Person","@id":"https:\/\/blogit.lab.fi\/labfocus\/#\/schema\/person\/da729f65c4a2fb9fd8f0b1ec7a2ab7d0","name":"tainask","image":{"@type":"ImageObject","inLanguage":"fi","@id":"https:\/\/secure.gravatar.com\/avatar\/4a96427877ef826b76e80c27f60b266128094f522551459346efcf14282febb3?s=96&d=mm&r=g","url":"https:\/\/secure.gravatar.com\/avatar\/4a96427877ef826b76e80c27f60b266128094f522551459346efcf14282febb3?s=96&d=mm&r=g","contentUrl":"https:\/\/secure.gravatar.com\/avatar\/4a96427877ef826b76e80c27f60b266128094f522551459346efcf14282febb3?s=96&d=mm&r=g","caption":"tainask"},"url":"https:\/\/blogit.lab.fi\/labfocus\/author\/tainask\/"}]}},"_links":{"self":[{"href":"https:\/\/blogit.lab.fi\/labfocus\/wp-json\/wp\/v2\/posts\/21265","targetHints":{"allow":["GET"]}}],"collection":[{"href":"https:\/\/blogit.lab.fi\/labfocus\/wp-json\/wp\/v2\/posts"}],"about":[{"href":"https:\/\/blogit.lab.fi\/labfocus\/wp-json\/wp\/v2\/types\/post"}],"author":[{"embeddable":true,"href":"https:\/\/blogit.lab.fi\/labfocus\/wp-json\/wp\/v2\/users\/17"}],"replies":[{"embeddable":true,"href":"https:\/\/blogit.lab.fi\/labfocus\/wp-json\/wp\/v2\/comments?post=21265"}],"version-history":[{"count":1,"href":"https:\/\/blogit.lab.fi\/labfocus\/wp-json\/wp\/v2\/posts\/21265\/revisions"}],"predecessor-version":[{"id":21271,"href":"https:\/\/blogit.lab.fi\/labfocus\/wp-json\/wp\/v2\/posts\/21265\/revisions\/21271"}],"wp:featuredmedia":[{"embeddable":true,"href":"https:\/\/blogit.lab.fi\/labfocus\/wp-json\/wp\/v2\/media\/21267"}],"wp:attachment":[{"href":"https:\/\/blogit.lab.fi\/labfocus\/wp-json\/wp\/v2\/media?parent=21265"}],"wp:term":[{"taxonomy":"category","embeddable":true,"href":"https:\/\/blogit.lab.fi\/labfocus\/wp-json\/wp\/v2\/categories?post=21265"},{"taxonomy":"post_tag","embeddable":true,"href":"https:\/\/blogit.lab.fi\/labfocus\/wp-json\/wp\/v2\/tags?post=21265"}],"curies":[{"name":"wp","href":"https:\/\/api.w.org\/{rel}","templated":true}]}}