{"id":21432,"date":"2024-11-01T11:02:03","date_gmt":"2024-11-01T09:02:03","guid":{"rendered":"https:\/\/blogit.lab.fi\/labfocus\/?p=21432"},"modified":"2024-11-01T11:02:04","modified_gmt":"2024-11-01T09:02:04","slug":"belgiasta-valineita-ja-uusia-ideoita-yksilolahtoiseen-ja-yhteisolliseen-tyohon","status":"publish","type":"post","link":"https:\/\/blogit.lab.fi\/labfocus\/belgiasta-valineita-ja-uusia-ideoita-yksilolahtoiseen-ja-yhteisolliseen-tyohon\/","title":{"rendered":"Belgiasta v\u00e4lineit\u00e4 ja uusia ideoita yksil\u00f6l\u00e4ht\u00f6iseen ja yhteis\u00f6lliseen ty\u00f6h\u00f6n"},"content":{"rendered":"\n<p>P\u00e4ij\u00e4t-H\u00e4meest\u00e4 matkustettiin 14.\u201217.10.2024 Belgian Mecheleniin tutustumaan paikalliseen sosiaali- ja terveyspalveluj\u00e4rjestelm\u00e4\u00e4n, palveluihin ja innovaatioihin, jotka edist\u00e4v\u00e4t yksil\u00f6l\u00e4ht\u00f6isi\u00e4 ja yhteis\u00f6llisi\u00e4 toimintatapoja. Opintovierailuun osallistui edustajia LAB-ammattikorkeakoulusta ja P\u00e4ij\u00e4t-H\u00e4meen hyvinvointialueelta sek\u00e4 sidosryhm\u00e4edustajat Lahden Diakonialaitokselta ja Mente-palveluista (kuva 1).<\/p>\n\n\n\n<figure class=\"wp-block-image size-large\"><img loading=\"lazy\" decoding=\"async\" width=\"1024\" height=\"572\" src=\"https:\/\/blogit.lab.fi\/labfocus\/wp-content\/uploads\/sites\/8\/2024\/11\/857_2024_Belgiasta-valineita-ja-uusia-ideoita_1-1024x572.jpg\" alt=\"[Alt-teksti: viisi henkil\u00f6\u00e4 syksyisell\u00e4 piha-alueella katsoo kameraan hymyillen.]\" class=\"wp-image-21434\" srcset=\"https:\/\/blogit.lab.fi\/labfocus\/wp-content\/uploads\/sites\/8\/2024\/11\/857_2024_Belgiasta-valineita-ja-uusia-ideoita_1-1024x572.jpg 1024w, https:\/\/blogit.lab.fi\/labfocus\/wp-content\/uploads\/sites\/8\/2024\/11\/857_2024_Belgiasta-valineita-ja-uusia-ideoita_1-300x168.jpg 300w, https:\/\/blogit.lab.fi\/labfocus\/wp-content\/uploads\/sites\/8\/2024\/11\/857_2024_Belgiasta-valineita-ja-uusia-ideoita_1-768x429.jpg 768w, https:\/\/blogit.lab.fi\/labfocus\/wp-content\/uploads\/sites\/8\/2024\/11\/857_2024_Belgiasta-valineita-ja-uusia-ideoita_1-570x318.jpg 570w, https:\/\/blogit.lab.fi\/labfocus\/wp-content\/uploads\/sites\/8\/2024\/11\/857_2024_Belgiasta-valineita-ja-uusia-ideoita_1.jpg 1280w\" sizes=\"auto, (max-width: 1024px) 100vw, 1024px\" \/><figcaption class=\"wp-element-caption\">Kuva 1. Suomen opintovierailijat vasemmalta Outi Jokinen (LAB-ammattikorkeakoulu), Nicola Kettunen (P\u00e4ij\u00e4t-H\u00e4meen hyvinvointialue), Kaisa Rikkonen (Lahden Diakonialaitos), Virpi Penna (Mente-palvelut) ja Emma Rautava (P\u00e4ij\u00e4t-H\u00e4meen hyvinvointialue). (Kuva: Outi Jokinen)<\/figcaption><\/figure>\n\n\n\n<h2 class=\"wp-block-heading\">P\u00e4ivien t\u00e4ydelt\u00e4 luentoja, vierailuja ja esittelyj\u00e4<\/h2>\n\n\n\n<p>Intensiivinen nelip\u00e4iv\u00e4inen ohjelma tarjosi luentoja ja esittelyj\u00e4 sek\u00e4 vierailuja eri toimijoiden tiloihin. Vierailulla esiteltiin useampi konkreettinen ty\u00f6v\u00e4line, joista esimerkkin\u00e4 UPC Duffelin yliopistollisen psykiatrisen keskuksen kehitt\u00e4m\u00e4t kengurupehmolelu ja hoitokompassi (kuva 2). Kengurupehmolelu on osa ty\u00f6otetta, joka edist\u00e4\u00e4 vanhemmuutta ja lasten mukaan ottamista osaksi vanhemman psykiatrista hoitoa. Hoitokompassi koostuu kymmenest\u00e4 kysymyksest\u00e4, joiden avulla hoitoa suunnitellaan yhdess\u00e4 asiakkaan ja h\u00e4nen omaistensa kanssa. Menetelm\u00e4n kehitt\u00e4misess\u00e4 on hy\u00f6dynnetty kokemusasiantuntijoiden asiantuntijuutta.<\/p>\n\n\n\n<figure class=\"wp-block-image size-large\"><img loading=\"lazy\" decoding=\"async\" width=\"1024\" height=\"635\" src=\"https:\/\/blogit.lab.fi\/labfocus\/wp-content\/uploads\/sites\/8\/2024\/11\/857_2024_Belgiasta-valineita-ja-uusia-ideoita_2-1024x635.jpg\" alt=\"[Alt-teksti: kokouspaikka, yhdell\u00e4 p\u00f6yd\u00e4ll\u00e4 n\u00e4kyviss\u00e4 vaaleansininen pehmolelu sek\u00e4 kyltti, jossa lukee behandel kompas.]\" class=\"wp-image-21435\" srcset=\"https:\/\/blogit.lab.fi\/labfocus\/wp-content\/uploads\/sites\/8\/2024\/11\/857_2024_Belgiasta-valineita-ja-uusia-ideoita_2-1024x635.jpg 1024w, https:\/\/blogit.lab.fi\/labfocus\/wp-content\/uploads\/sites\/8\/2024\/11\/857_2024_Belgiasta-valineita-ja-uusia-ideoita_2-300x186.jpg 300w, https:\/\/blogit.lab.fi\/labfocus\/wp-content\/uploads\/sites\/8\/2024\/11\/857_2024_Belgiasta-valineita-ja-uusia-ideoita_2-768x476.jpg 768w, https:\/\/blogit.lab.fi\/labfocus\/wp-content\/uploads\/sites\/8\/2024\/11\/857_2024_Belgiasta-valineita-ja-uusia-ideoita_2-570x354.jpg 570w, https:\/\/blogit.lab.fi\/labfocus\/wp-content\/uploads\/sites\/8\/2024\/11\/857_2024_Belgiasta-valineita-ja-uusia-ideoita_2.jpg 1280w\" sizes=\"auto, (max-width: 1024px) 100vw, 1024px\" \/><figcaption class=\"wp-element-caption\">Kuva 2. Kengurupehmolelu ja hoitokompassi olivat konkreettisi\u00e4 ty\u00f6v\u00e4lineit\u00e4, joihin Belgian vierailulla tutustuttiin. (Kuva: Outi Jokinen)<\/figcaption><\/figure>\n\n\n\n<p>Yksi vierailukohde oli Ten Kerselaere Residential Care Center vanhustenhoitoyksikk\u00f6, joka tarjoaa kokonaisvaltaista hoitoa ja tukea ik\u00e4\u00e4ntyneille eri muodoissa. Caring Neighborhood -konsepti mahdollistaa sen, ett\u00e4 ihmiset voivat i\u00e4st\u00e4 ja tuen tarpeista riippumatta asua omassa kodissaan tai tutussa ymp\u00e4rist\u00f6ss\u00e4. Naapurusto, jossa nuoret ja vanhat el\u00e4v\u00e4t yhdess\u00e4, teki erityisen vaikutuksen suomalaisiin vierailijoihin. Samassa yhteydess\u00e4 esiteltiin y\u00f6hoito-konsepti (Night Care, I-mens), joka mahdollistaa kotona asumisen pidemp\u00e4\u00e4n. Hoitajat ja koulututetut vapaaehtoiset mahdollistavat y\u00f6hoidon ik\u00e4\u00e4ntyneen kotona, helpottaen omaishoitajien ty\u00f6t\u00e4.<\/p>\n\n\n\n<p>Vierailulla esiteltiin digitaalisia alustoja, kuten ALIVIA<strong>. <\/strong>Se tarjoaa hoitajille ja asiakkaille alustan, jossa asiakkaan tavoitteiden pohjalta voidaan laatia monialainen palvelusuunnitelma, suunnitella teht\u00e4v\u00e4t ja k\u00e4yd\u00e4 vuoropuhelua eri ammattilaisten ja asiakkaan kesken. Tukea tarvitseva henkil\u00f6 on aina keski\u00f6ss\u00e4 ja p\u00e4\u00e4see my\u00f6s itse k\u00e4ytt\u00e4m\u00e4\u00e4n alustaa ja muokkaamaan tietojaan.<\/p>\n\n\n\n<p>Lis\u00e4ksi esiteltiin liikkuvia tiimej\u00e4, jotka keskittyv\u00e4t aikuisiin ja senioreihin (65+), joilla on akuutteja tai pitk\u00e4aikaisia psykiatrisia haasteita. Asiakasta hoidetaan ja tuetaan h\u00e4nen omassa asuinymp\u00e4rist\u00f6ss\u00e4\u00e4n mahdollisimman pitk\u00e4\u00e4n tavoitteena v\u00e4ltt\u00e4\u00e4 tai lyhent\u00e4\u00e4 sairaalahoitoa ja ehk\u00e4ist\u00e4 mielenterveyden h\u00e4iri\u00f6iden pahentumista.<\/p>\n\n\n\n<p>Belgian palveluj\u00e4rjestelm\u00e4n kehitt\u00e4misess\u00e4 korostuivat kautta linjan erilaiset yhteisty\u00f6n ja yhdess\u00e4 tekemisen tavat ja muodot ammattilaisten, asiakkaan ja l\u00e4heisten kesken.<\/p>\n\n\n\n<h2 class=\"wp-block-heading\">Tuliaisina uusia ideoita ja kehitett\u00e4v\u00e4\u00e4<\/h2>\n\n\n\n<p>Vierailukohteet v\u00e4littiv\u00e4t kehitt\u00e4mismy\u00f6nteisyytt\u00e4 ja yhdess\u00e4 tekemist\u00e4 sek\u00e4 nostivat ihmisen ja asiakkaan keski\u00f6\u00f6n. Seuraavaksi k\u00e4ymme keskusteluja yhdess\u00e4 sidosryhm\u00e4l\u00e4isten kanssa siit\u00e4, mit\u00e4 n\u00e4kem\u00e4st\u00e4mme ja oppimastamme voisi mahdollisesti soveltaa P\u00e4ij\u00e4t-H\u00e4meess\u00e4.<br><br>Reissun aikana erityisesti puhututtamaan j\u00e4i terveyden lukutaidon kehitt\u00e4minen (Health Literacy) organisaation\u00e4k\u00f6kulmasta. T\u00e4m\u00e4n avulla organisaatiot voivat kehitt\u00e4\u00e4 toimintaansa saavutettavavammaksi ja tarjota asiakkaille helposti l\u00f6ydett\u00e4v\u00e4\u00e4 tietoa.<\/p>\n\n\n\n<p>Matka toteutettiin osana Euroopan unionin Interreg Europe-ohjelman rahoittamaa NEAR \u2013 NEw sociAl seRvices: innovative tools and skills for person-centered and community-based social models -hanketta (2023\u20132027). Hankkeessa on tarkoituksena tunnistaa ja siirt\u00e4\u00e4 kumppanimaiden kesken yksil\u00f6l\u00e4ht\u00f6isi\u00e4 ja yhteis\u00f6llisi\u00e4 toimintatapoja. Toimintatavoilla pyrit\u00e4\u00e4n vastaamaan holistiseen asiakastarpeeseen ja lis\u00e4\u00e4m\u00e4\u00e4n asiakkaan osallisuutta palveluissa. (LAB 2024.) Jokainen kumppanimaa vuorollaan j\u00e4rjest\u00e4\u00e4 opintovierailun. Aiemmat vierailut ovat olleet Espanjassa, T\u0161ekiss\u00e4 ja Suomessa (ks. Jokinen 2023a ja 2023b; Jokinen &amp; Rautava 2024).<\/p>\n\n\n\n<div class=\"wp-block-group\"><div class=\"wp-block-group__inner-container is-layout-constrained wp-block-group-is-layout-constrained\">\n<div class=\"wp-block-group has-background\" style=\"background-color:#b3edfb\"><div class=\"wp-block-group__inner-container is-layout-constrained wp-block-group-is-layout-constrained\">\n<p>Kirjoittaja<\/p>\n\n\n\n<p><strong>Outi Jokinen<\/strong> toimii TKI-asiantuntijana LAB-ammattikorkeakoulun hyvinvointiyksik\u00f6ss\u00e4 ja NEAR-hankkeessa (LAB 2024) osatoteutuksen projektip\u00e4\u00e4llikk\u00f6n\u00e4.<\/p>\n<\/div><\/div>\n<\/div><\/div>\n\n\n<div class=\"wp-block-image\">\n<figure class=\"aligncenter size-full is-resized\"><img loading=\"lazy\" decoding=\"async\" width=\"800\" height=\"380\" src=\"https:\/\/blogit.lab.fi\/labfocus\/wp-content\/uploads\/sites\/8\/2024\/11\/NEAR-hanke.png\" alt=\"\" class=\"wp-image-21436\" style=\"width:361px;height:auto\" srcset=\"https:\/\/blogit.lab.fi\/labfocus\/wp-content\/uploads\/sites\/8\/2024\/11\/NEAR-hanke.png 800w, https:\/\/blogit.lab.fi\/labfocus\/wp-content\/uploads\/sites\/8\/2024\/11\/NEAR-hanke-300x143.png 300w, https:\/\/blogit.lab.fi\/labfocus\/wp-content\/uploads\/sites\/8\/2024\/11\/NEAR-hanke-768x365.png 768w, https:\/\/blogit.lab.fi\/labfocus\/wp-content\/uploads\/sites\/8\/2024\/11\/NEAR-hanke-570x271.png 570w\" sizes=\"auto, (max-width: 800px) 100vw, 800px\" \/><\/figure>\n<\/div>\n\n\n<h2 class=\"wp-block-heading\">L\u00e4hteet<\/h2>\n\n\n\n<p>Jokinen, O. 2023a. Case Pamplona: uusia l\u00e4hestymistapoja sosiaalipalveluihin. LAB Focus. Viitattu 21.10.2024. Saatavissa <a href=\"https:\/\/protect.checkpoint.com\/v2\/___https:\/blogit.lab.fi\/labfocus\/case-pamplona-uusia-lahestymistapoja-sosiaalipalveluihin\/___.YzJlOnBhaWphdGh2YTpjOm86ZTdkMDFmMjM3OWE3MDczYWIwNmNkNzJkMjI3YTdjZWI6NjphMzc1OjEwMThkMGQ0MWViMTFkZDBiYjZmYmFkMTgwYTBlZmU2Njk5MjQ5ZWU5OTYwYjM1NmE5Zjc0YTdmOWNkYTBmYjI6cDpUOkY\">https:\/\/blogit.lab.fi\/labfocus\/case-pamplona-uusia-lahestymistapoja-sosiaalipalveluihin\/<\/a><\/p>\n\n\n\n<p>Jokinen, O. 2023b. L\u00e4hiyhteis\u00f6t mukaan sosiaaliseen ja osallisuutta edist\u00e4v\u00e4\u00e4n ty\u00f6h\u00f6n. LAB Focus. Viitattu 21.10.2024. Saatavissa <a href=\"https:\/\/protect.checkpoint.com\/v2\/___https:\/blogit.lab.fi\/labfocus\/lahiyhteisot-mukaan-sosiaaliseen-ja-osallisuutta-edistavaan-tyohon\/___.YzJlOnBhaWphdGh2YTpjOm86ZTdkMDFmMjM3OWE3MDczYWIwNmNkNzJkMjI3YTdjZWI6Njo1NjNkOmU0ZTdhYTBjNjBjYWQwYTk1ZmU2ODUxNTA5NTRjNDc2ZGNiZGQ3Y2EwNjVmMjhlYjk5ZWY0MjYyYmFjOGM1NzY6cDpUOkY\">https:\/\/blogit.lab.fi\/labfocus\/lahiyhteisot-mukaan-sosiaaliseen-ja-osallisuutta-edistavaan-tyohon\/<\/a><\/p>\n\n\n\n<p>Jokinen, O. &amp; Rautava, E. 2024. New social services \u2013 Lahdesta Eurooppaan hyvi\u00e4 k\u00e4yt\u00e4nt\u00f6j\u00e4 ja yhteisty\u00f6malleja. LAB Focus. Viitattu 21.10.2024. Saatavissa <a href=\"https:\/\/protect.checkpoint.com\/v2\/___https:\/blogit.lab.fi\/labfocus\/new-social-services-lahdesta-eurooppaan-hyvia-kaytantoja-ja-yhteistyomalleja\/___.YzJlOnBhaWphdGh2YTpjOm86ZTdkMDFmMjM3OWE3MDczYWIwNmNkNzJkMjI3YTdjZWI6Njo1NmU4OmJhM2Y2YWU1MTE3NDkwYTViYzI5NThhOGNkZjhhMjYzMzgwYzU5MzMzMjI0ZjVkNzVlOWRiYTMyNDI1Yjg5N2E6cDpUOkY\">https:\/\/blogit.lab.fi\/labfocus\/new-social-services-lahdesta-eurooppaan-hyvia-kaytantoja-ja-yhteistyomalleja\/<\/a>&nbsp;<\/p>\n\n\n\n<p>LAB. 2024. NEAR \u2013 NEw sociAl seRvices: innovative tools and skills for person-centred and community-based social models. Hanke. LAB-ammattikorkeakoulu. Viitattu 21.10.2024. Saatavissa <a href=\"https:\/\/protect.checkpoint.com\/v2\/___https:\/www.lab.fi\/en\/project\/near___.YzJlOnBhaWphdGh2YTpjOm86ZTdkMDFmMjM3OWE3MDczYWIwNmNkNzJkMjI3YTdjZWI6Njo4MDRiOjZmOGEwNTRkMWVhZWZhMDI3NGQyMDY5OWEwOTkzZWJlYTk4ZGU2ZWQ1MDdlZmU2MDRiMTdlZjJlOGExYzgxMTE6cDpUOkY\">https:\/\/www.lab.fi\/en\/project\/near<\/a><\/p>\n","protected":false},"excerpt":{"rendered":"<p>P\u00e4ij\u00e4t-H\u00e4meest\u00e4 matkustettiin 14.\u201217.10.2024 Belgian Mecheleniin tutustumaan paikalliseen sosiaali- ja terveyspalveluj\u00e4rjestelm\u00e4\u00e4n, palveluihin ja innovaatioihin, jotka edist\u00e4v\u00e4t yksil\u00f6l\u00e4ht\u00f6isi\u00e4 ja yhteis\u00f6llisi\u00e4 toimintatapoja. Opintovierailuun osallistui edustajia LAB-ammattikorkeakoulusta ja P\u00e4ij\u00e4t-H\u00e4meen hyvinvointialueelta sek\u00e4 sidosryhm\u00e4edustajat Lahden Diakonialaitokselta ja Mente-palveluista (kuva 1). P\u00e4ivien t\u00e4ydelt\u00e4 luentoja, vierailuja ja esittelyj\u00e4 Intensiivinen nelip\u00e4iv\u00e4inen ohjelma tarjosi luentoja ja esittelyj\u00e4 sek\u00e4 vierailuja eri toimijoiden tiloihin. Vierailulla esiteltiin useampi [&hellip;]<\/p>\n","protected":false},"author":17,"featured_media":21435,"comment_status":"closed","ping_status":"open","sticky":false,"template":"","format":"standard","meta":{"footnotes":""},"categories":[15],"tags":[9904,6823,6821,3721],"class_list":{"0":"post-21432","1":"post","2":"type-post","3":"status-publish","4":"format-standard","5":"has-post-thumbnail","7":"category-health_fi","8":"tag-artikkeli-d1","9":"tag-kansainvalinen-yhteistyo","10":"tag-near","11":"tag-sote-palvelut-fi","12":"czr-hentry"},"yoast_head":"<!-- This site is optimized with the Yoast SEO plugin v27.4 - https:\/\/yoast.com\/product\/yoast-seo-wordpress\/ -->\n<title>Belgiasta v\u00e4lineit\u00e4 ja uusia ideoita yksil\u00f6l\u00e4ht\u00f6iseen ja yhteis\u00f6lliseen ty\u00f6h\u00f6n - LAB Focus<\/title>\n<meta name=\"description\" content=\"NEAR-hankkeen edustajat tutustuivat Belgiassa uudenlaisiin sosiaali- ja terveyspalveluihin lokakuussa 2024.\" \/>\n<meta name=\"robots\" content=\"index, follow, max-snippet:-1, max-image-preview:large, max-video-preview:-1\" \/>\n<link rel=\"canonical\" href=\"https:\/\/blogit.lab.fi\/labfocus\/belgiasta-valineita-ja-uusia-ideoita-yksilolahtoiseen-ja-yhteisolliseen-tyohon\/\" \/>\n<meta property=\"og:locale\" content=\"fi_FI\" \/>\n<meta property=\"og:type\" content=\"article\" \/>\n<meta property=\"og:title\" content=\"Belgiasta v\u00e4lineit\u00e4 ja uusia ideoita yksil\u00f6l\u00e4ht\u00f6iseen ja yhteis\u00f6lliseen ty\u00f6h\u00f6n - LAB Focus\" \/>\n<meta property=\"og:description\" content=\"NEAR-hankkeen edustajat tutustuivat Belgiassa uudenlaisiin sosiaali- ja terveyspalveluihin lokakuussa 2024.\" \/>\n<meta property=\"og:url\" content=\"https:\/\/blogit.lab.fi\/labfocus\/belgiasta-valineita-ja-uusia-ideoita-yksilolahtoiseen-ja-yhteisolliseen-tyohon\/\" \/>\n<meta property=\"og:site_name\" content=\"LAB Focus\" \/>\n<meta property=\"article:published_time\" content=\"2024-11-01T09:02:03+00:00\" \/>\n<meta property=\"article:modified_time\" content=\"2024-11-01T09:02:04+00:00\" \/>\n<meta property=\"og:image\" content=\"https:\/\/blogit.lab.fi\/labfocus\/wp-content\/uploads\/sites\/8\/2024\/11\/857_2024_Belgiasta-valineita-ja-uusia-ideoita_2.jpg\" \/>\n\t<meta property=\"og:image:width\" content=\"1280\" \/>\n\t<meta property=\"og:image:height\" content=\"794\" \/>\n\t<meta property=\"og:image:type\" content=\"image\/jpeg\" \/>\n<meta name=\"author\" content=\"tainask\" \/>\n<meta name=\"twitter:card\" content=\"summary_large_image\" \/>\n<meta name=\"twitter:creator\" content=\"@LABfinland\" \/>\n<meta name=\"twitter:site\" content=\"@LABfinland\" \/>\n<meta name=\"twitter:label1\" content=\"Kirjoittanut\" \/>\n\t<meta name=\"twitter:data1\" content=\"tainask\" \/>\n\t<meta name=\"twitter:label2\" content=\"Arvioitu lukuaika\" \/>\n\t<meta name=\"twitter:data2\" content=\"5 minuuttia\" \/>\n<script type=\"application\/ld+json\" class=\"yoast-schema-graph\">{\"@context\":\"https:\\\/\\\/schema.org\",\"@graph\":[{\"@type\":\"Article\",\"@id\":\"https:\\\/\\\/blogit.lab.fi\\\/labfocus\\\/belgiasta-valineita-ja-uusia-ideoita-yksilolahtoiseen-ja-yhteisolliseen-tyohon\\\/#article\",\"isPartOf\":{\"@id\":\"https:\\\/\\\/blogit.lab.fi\\\/labfocus\\\/belgiasta-valineita-ja-uusia-ideoita-yksilolahtoiseen-ja-yhteisolliseen-tyohon\\\/\"},\"author\":{\"name\":\"tainask\",\"@id\":\"https:\\\/\\\/blogit.lab.fi\\\/labfocus\\\/#\\\/schema\\\/person\\\/da729f65c4a2fb9fd8f0b1ec7a2ab7d0\"},\"headline\":\"Belgiasta v\u00e4lineit\u00e4 ja uusia ideoita yksil\u00f6l\u00e4ht\u00f6iseen ja yhteis\u00f6lliseen ty\u00f6h\u00f6n\",\"datePublished\":\"2024-11-01T09:02:03+00:00\",\"dateModified\":\"2024-11-01T09:02:04+00:00\",\"mainEntityOfPage\":{\"@id\":\"https:\\\/\\\/blogit.lab.fi\\\/labfocus\\\/belgiasta-valineita-ja-uusia-ideoita-yksilolahtoiseen-ja-yhteisolliseen-tyohon\\\/\"},\"wordCount\":674,\"publisher\":{\"@id\":\"https:\\\/\\\/blogit.lab.fi\\\/labfocus\\\/#organization\"},\"image\":{\"@id\":\"https:\\\/\\\/blogit.lab.fi\\\/labfocus\\\/belgiasta-valineita-ja-uusia-ideoita-yksilolahtoiseen-ja-yhteisolliseen-tyohon\\\/#primaryimage\"},\"thumbnailUrl\":\"https:\\\/\\\/blogit.lab.fi\\\/labfocus\\\/wp-content\\\/uploads\\\/sites\\\/8\\\/2024\\\/11\\\/857_2024_Belgiasta-valineita-ja-uusia-ideoita_2.jpg\",\"keywords\":[\"Artikkeli D1\",\"kansainv\u00e4linen yhteisty\u00f6\",\"NEAR\",\"sote-palvelut\"],\"articleSection\":[\"Health\"],\"inLanguage\":\"fi\"},{\"@type\":\"WebPage\",\"@id\":\"https:\\\/\\\/blogit.lab.fi\\\/labfocus\\\/belgiasta-valineita-ja-uusia-ideoita-yksilolahtoiseen-ja-yhteisolliseen-tyohon\\\/\",\"url\":\"https:\\\/\\\/blogit.lab.fi\\\/labfocus\\\/belgiasta-valineita-ja-uusia-ideoita-yksilolahtoiseen-ja-yhteisolliseen-tyohon\\\/\",\"name\":\"Belgiasta v\u00e4lineit\u00e4 ja uusia ideoita yksil\u00f6l\u00e4ht\u00f6iseen ja yhteis\u00f6lliseen ty\u00f6h\u00f6n - LAB Focus\",\"isPartOf\":{\"@id\":\"https:\\\/\\\/blogit.lab.fi\\\/labfocus\\\/#website\"},\"primaryImageOfPage\":{\"@id\":\"https:\\\/\\\/blogit.lab.fi\\\/labfocus\\\/belgiasta-valineita-ja-uusia-ideoita-yksilolahtoiseen-ja-yhteisolliseen-tyohon\\\/#primaryimage\"},\"image\":{\"@id\":\"https:\\\/\\\/blogit.lab.fi\\\/labfocus\\\/belgiasta-valineita-ja-uusia-ideoita-yksilolahtoiseen-ja-yhteisolliseen-tyohon\\\/#primaryimage\"},\"thumbnailUrl\":\"https:\\\/\\\/blogit.lab.fi\\\/labfocus\\\/wp-content\\\/uploads\\\/sites\\\/8\\\/2024\\\/11\\\/857_2024_Belgiasta-valineita-ja-uusia-ideoita_2.jpg\",\"datePublished\":\"2024-11-01T09:02:03+00:00\",\"dateModified\":\"2024-11-01T09:02:04+00:00\",\"description\":\"NEAR-hankkeen edustajat tutustuivat Belgiassa uudenlaisiin sosiaali- ja terveyspalveluihin lokakuussa 2024.\",\"breadcrumb\":{\"@id\":\"https:\\\/\\\/blogit.lab.fi\\\/labfocus\\\/belgiasta-valineita-ja-uusia-ideoita-yksilolahtoiseen-ja-yhteisolliseen-tyohon\\\/#breadcrumb\"},\"inLanguage\":\"fi\",\"potentialAction\":[{\"@type\":\"ReadAction\",\"target\":[\"https:\\\/\\\/blogit.lab.fi\\\/labfocus\\\/belgiasta-valineita-ja-uusia-ideoita-yksilolahtoiseen-ja-yhteisolliseen-tyohon\\\/\"]}]},{\"@type\":\"ImageObject\",\"inLanguage\":\"fi\",\"@id\":\"https:\\\/\\\/blogit.lab.fi\\\/labfocus\\\/belgiasta-valineita-ja-uusia-ideoita-yksilolahtoiseen-ja-yhteisolliseen-tyohon\\\/#primaryimage\",\"url\":\"https:\\\/\\\/blogit.lab.fi\\\/labfocus\\\/wp-content\\\/uploads\\\/sites\\\/8\\\/2024\\\/11\\\/857_2024_Belgiasta-valineita-ja-uusia-ideoita_2.jpg\",\"contentUrl\":\"https:\\\/\\\/blogit.lab.fi\\\/labfocus\\\/wp-content\\\/uploads\\\/sites\\\/8\\\/2024\\\/11\\\/857_2024_Belgiasta-valineita-ja-uusia-ideoita_2.jpg\",\"width\":1280,\"height\":794},{\"@type\":\"BreadcrumbList\",\"@id\":\"https:\\\/\\\/blogit.lab.fi\\\/labfocus\\\/belgiasta-valineita-ja-uusia-ideoita-yksilolahtoiseen-ja-yhteisolliseen-tyohon\\\/#breadcrumb\",\"itemListElement\":[{\"@type\":\"ListItem\",\"position\":1,\"name\":\"Home\",\"item\":\"https:\\\/\\\/blogit.lab.fi\\\/labfocus\\\/\"},{\"@type\":\"ListItem\",\"position\":2,\"name\":\"Belgiasta v\u00e4lineit\u00e4 ja uusia ideoita yksil\u00f6l\u00e4ht\u00f6iseen ja yhteis\u00f6lliseen ty\u00f6h\u00f6n\"}]},{\"@type\":\"WebSite\",\"@id\":\"https:\\\/\\\/blogit.lab.fi\\\/labfocus\\\/#website\",\"url\":\"https:\\\/\\\/blogit.lab.fi\\\/labfocus\\\/\",\"name\":\"LAB Focus\",\"description\":\"Focus Area blog | LAB University of Applied Sciences\",\"publisher\":{\"@id\":\"https:\\\/\\\/blogit.lab.fi\\\/labfocus\\\/#organization\"},\"potentialAction\":[{\"@type\":\"SearchAction\",\"target\":{\"@type\":\"EntryPoint\",\"urlTemplate\":\"https:\\\/\\\/blogit.lab.fi\\\/labfocus\\\/?s={search_term_string}\"},\"query-input\":{\"@type\":\"PropertyValueSpecification\",\"valueRequired\":true,\"valueName\":\"search_term_string\"}}],\"inLanguage\":\"fi\"},{\"@type\":\"Organization\",\"@id\":\"https:\\\/\\\/blogit.lab.fi\\\/labfocus\\\/#organization\",\"name\":\"LAB Focus\",\"url\":\"https:\\\/\\\/blogit.lab.fi\\\/labfocus\\\/\",\"logo\":{\"@type\":\"ImageObject\",\"inLanguage\":\"fi\",\"@id\":\"https:\\\/\\\/blogit.lab.fi\\\/labfocus\\\/#\\\/schema\\\/logo\\\/image\\\/\",\"url\":\"https:\\\/\\\/blogit.lab.fi\\\/labfocus\\\/wp-content\\\/uploads\\\/sites\\\/8\\\/2020\\\/04\\\/cropped-cropped-tunnus_blogi-01.png\",\"contentUrl\":\"https:\\\/\\\/blogit.lab.fi\\\/labfocus\\\/wp-content\\\/uploads\\\/sites\\\/8\\\/2020\\\/04\\\/cropped-cropped-tunnus_blogi-01.png\",\"width\":1342,\"height\":288,\"caption\":\"LAB Focus\"},\"image\":{\"@id\":\"https:\\\/\\\/blogit.lab.fi\\\/labfocus\\\/#\\\/schema\\\/logo\\\/image\\\/\"},\"sameAs\":[\"https:\\\/\\\/x.com\\\/LABfinland\"]},{\"@type\":\"Person\",\"@id\":\"https:\\\/\\\/blogit.lab.fi\\\/labfocus\\\/#\\\/schema\\\/person\\\/da729f65c4a2fb9fd8f0b1ec7a2ab7d0\",\"name\":\"tainask\",\"image\":{\"@type\":\"ImageObject\",\"inLanguage\":\"fi\",\"@id\":\"https:\\\/\\\/secure.gravatar.com\\\/avatar\\\/4a96427877ef826b76e80c27f60b266128094f522551459346efcf14282febb3?s=96&d=mm&r=g\",\"url\":\"https:\\\/\\\/secure.gravatar.com\\\/avatar\\\/4a96427877ef826b76e80c27f60b266128094f522551459346efcf14282febb3?s=96&d=mm&r=g\",\"contentUrl\":\"https:\\\/\\\/secure.gravatar.com\\\/avatar\\\/4a96427877ef826b76e80c27f60b266128094f522551459346efcf14282febb3?s=96&d=mm&r=g\",\"caption\":\"tainask\"},\"url\":\"https:\\\/\\\/blogit.lab.fi\\\/labfocus\\\/author\\\/tainask\\\/\"}]}<\/script>\n<!-- \/ Yoast SEO plugin. -->","yoast_head_json":{"title":"Belgiasta v\u00e4lineit\u00e4 ja uusia ideoita yksil\u00f6l\u00e4ht\u00f6iseen ja yhteis\u00f6lliseen ty\u00f6h\u00f6n - LAB Focus","description":"NEAR-hankkeen edustajat tutustuivat Belgiassa uudenlaisiin sosiaali- ja terveyspalveluihin lokakuussa 2024.","robots":{"index":"index","follow":"follow","max-snippet":"max-snippet:-1","max-image-preview":"max-image-preview:large","max-video-preview":"max-video-preview:-1"},"canonical":"https:\/\/blogit.lab.fi\/labfocus\/belgiasta-valineita-ja-uusia-ideoita-yksilolahtoiseen-ja-yhteisolliseen-tyohon\/","og_locale":"fi_FI","og_type":"article","og_title":"Belgiasta v\u00e4lineit\u00e4 ja uusia ideoita yksil\u00f6l\u00e4ht\u00f6iseen ja yhteis\u00f6lliseen ty\u00f6h\u00f6n - LAB Focus","og_description":"NEAR-hankkeen edustajat tutustuivat Belgiassa uudenlaisiin sosiaali- ja terveyspalveluihin lokakuussa 2024.","og_url":"https:\/\/blogit.lab.fi\/labfocus\/belgiasta-valineita-ja-uusia-ideoita-yksilolahtoiseen-ja-yhteisolliseen-tyohon\/","og_site_name":"LAB Focus","article_published_time":"2024-11-01T09:02:03+00:00","article_modified_time":"2024-11-01T09:02:04+00:00","og_image":[{"width":1280,"height":794,"url":"https:\/\/blogit.lab.fi\/labfocus\/wp-content\/uploads\/sites\/8\/2024\/11\/857_2024_Belgiasta-valineita-ja-uusia-ideoita_2.jpg","type":"image\/jpeg"}],"author":"tainask","twitter_card":"summary_large_image","twitter_creator":"@LABfinland","twitter_site":"@LABfinland","twitter_misc":{"Kirjoittanut":"tainask","Arvioitu lukuaika":"5 minuuttia"},"schema":{"@context":"https:\/\/schema.org","@graph":[{"@type":"Article","@id":"https:\/\/blogit.lab.fi\/labfocus\/belgiasta-valineita-ja-uusia-ideoita-yksilolahtoiseen-ja-yhteisolliseen-tyohon\/#article","isPartOf":{"@id":"https:\/\/blogit.lab.fi\/labfocus\/belgiasta-valineita-ja-uusia-ideoita-yksilolahtoiseen-ja-yhteisolliseen-tyohon\/"},"author":{"name":"tainask","@id":"https:\/\/blogit.lab.fi\/labfocus\/#\/schema\/person\/da729f65c4a2fb9fd8f0b1ec7a2ab7d0"},"headline":"Belgiasta v\u00e4lineit\u00e4 ja uusia ideoita yksil\u00f6l\u00e4ht\u00f6iseen ja yhteis\u00f6lliseen ty\u00f6h\u00f6n","datePublished":"2024-11-01T09:02:03+00:00","dateModified":"2024-11-01T09:02:04+00:00","mainEntityOfPage":{"@id":"https:\/\/blogit.lab.fi\/labfocus\/belgiasta-valineita-ja-uusia-ideoita-yksilolahtoiseen-ja-yhteisolliseen-tyohon\/"},"wordCount":674,"publisher":{"@id":"https:\/\/blogit.lab.fi\/labfocus\/#organization"},"image":{"@id":"https:\/\/blogit.lab.fi\/labfocus\/belgiasta-valineita-ja-uusia-ideoita-yksilolahtoiseen-ja-yhteisolliseen-tyohon\/#primaryimage"},"thumbnailUrl":"https:\/\/blogit.lab.fi\/labfocus\/wp-content\/uploads\/sites\/8\/2024\/11\/857_2024_Belgiasta-valineita-ja-uusia-ideoita_2.jpg","keywords":["Artikkeli D1","kansainv\u00e4linen yhteisty\u00f6","NEAR","sote-palvelut"],"articleSection":["Health"],"inLanguage":"fi"},{"@type":"WebPage","@id":"https:\/\/blogit.lab.fi\/labfocus\/belgiasta-valineita-ja-uusia-ideoita-yksilolahtoiseen-ja-yhteisolliseen-tyohon\/","url":"https:\/\/blogit.lab.fi\/labfocus\/belgiasta-valineita-ja-uusia-ideoita-yksilolahtoiseen-ja-yhteisolliseen-tyohon\/","name":"Belgiasta v\u00e4lineit\u00e4 ja uusia ideoita yksil\u00f6l\u00e4ht\u00f6iseen ja yhteis\u00f6lliseen ty\u00f6h\u00f6n - LAB Focus","isPartOf":{"@id":"https:\/\/blogit.lab.fi\/labfocus\/#website"},"primaryImageOfPage":{"@id":"https:\/\/blogit.lab.fi\/labfocus\/belgiasta-valineita-ja-uusia-ideoita-yksilolahtoiseen-ja-yhteisolliseen-tyohon\/#primaryimage"},"image":{"@id":"https:\/\/blogit.lab.fi\/labfocus\/belgiasta-valineita-ja-uusia-ideoita-yksilolahtoiseen-ja-yhteisolliseen-tyohon\/#primaryimage"},"thumbnailUrl":"https:\/\/blogit.lab.fi\/labfocus\/wp-content\/uploads\/sites\/8\/2024\/11\/857_2024_Belgiasta-valineita-ja-uusia-ideoita_2.jpg","datePublished":"2024-11-01T09:02:03+00:00","dateModified":"2024-11-01T09:02:04+00:00","description":"NEAR-hankkeen edustajat tutustuivat Belgiassa uudenlaisiin sosiaali- ja terveyspalveluihin lokakuussa 2024.","breadcrumb":{"@id":"https:\/\/blogit.lab.fi\/labfocus\/belgiasta-valineita-ja-uusia-ideoita-yksilolahtoiseen-ja-yhteisolliseen-tyohon\/#breadcrumb"},"inLanguage":"fi","potentialAction":[{"@type":"ReadAction","target":["https:\/\/blogit.lab.fi\/labfocus\/belgiasta-valineita-ja-uusia-ideoita-yksilolahtoiseen-ja-yhteisolliseen-tyohon\/"]}]},{"@type":"ImageObject","inLanguage":"fi","@id":"https:\/\/blogit.lab.fi\/labfocus\/belgiasta-valineita-ja-uusia-ideoita-yksilolahtoiseen-ja-yhteisolliseen-tyohon\/#primaryimage","url":"https:\/\/blogit.lab.fi\/labfocus\/wp-content\/uploads\/sites\/8\/2024\/11\/857_2024_Belgiasta-valineita-ja-uusia-ideoita_2.jpg","contentUrl":"https:\/\/blogit.lab.fi\/labfocus\/wp-content\/uploads\/sites\/8\/2024\/11\/857_2024_Belgiasta-valineita-ja-uusia-ideoita_2.jpg","width":1280,"height":794},{"@type":"BreadcrumbList","@id":"https:\/\/blogit.lab.fi\/labfocus\/belgiasta-valineita-ja-uusia-ideoita-yksilolahtoiseen-ja-yhteisolliseen-tyohon\/#breadcrumb","itemListElement":[{"@type":"ListItem","position":1,"name":"Home","item":"https:\/\/blogit.lab.fi\/labfocus\/"},{"@type":"ListItem","position":2,"name":"Belgiasta v\u00e4lineit\u00e4 ja uusia ideoita yksil\u00f6l\u00e4ht\u00f6iseen ja yhteis\u00f6lliseen ty\u00f6h\u00f6n"}]},{"@type":"WebSite","@id":"https:\/\/blogit.lab.fi\/labfocus\/#website","url":"https:\/\/blogit.lab.fi\/labfocus\/","name":"LAB Focus","description":"Focus Area blog | LAB University of Applied Sciences","publisher":{"@id":"https:\/\/blogit.lab.fi\/labfocus\/#organization"},"potentialAction":[{"@type":"SearchAction","target":{"@type":"EntryPoint","urlTemplate":"https:\/\/blogit.lab.fi\/labfocus\/?s={search_term_string}"},"query-input":{"@type":"PropertyValueSpecification","valueRequired":true,"valueName":"search_term_string"}}],"inLanguage":"fi"},{"@type":"Organization","@id":"https:\/\/blogit.lab.fi\/labfocus\/#organization","name":"LAB Focus","url":"https:\/\/blogit.lab.fi\/labfocus\/","logo":{"@type":"ImageObject","inLanguage":"fi","@id":"https:\/\/blogit.lab.fi\/labfocus\/#\/schema\/logo\/image\/","url":"https:\/\/blogit.lab.fi\/labfocus\/wp-content\/uploads\/sites\/8\/2020\/04\/cropped-cropped-tunnus_blogi-01.png","contentUrl":"https:\/\/blogit.lab.fi\/labfocus\/wp-content\/uploads\/sites\/8\/2020\/04\/cropped-cropped-tunnus_blogi-01.png","width":1342,"height":288,"caption":"LAB Focus"},"image":{"@id":"https:\/\/blogit.lab.fi\/labfocus\/#\/schema\/logo\/image\/"},"sameAs":["https:\/\/x.com\/LABfinland"]},{"@type":"Person","@id":"https:\/\/blogit.lab.fi\/labfocus\/#\/schema\/person\/da729f65c4a2fb9fd8f0b1ec7a2ab7d0","name":"tainask","image":{"@type":"ImageObject","inLanguage":"fi","@id":"https:\/\/secure.gravatar.com\/avatar\/4a96427877ef826b76e80c27f60b266128094f522551459346efcf14282febb3?s=96&d=mm&r=g","url":"https:\/\/secure.gravatar.com\/avatar\/4a96427877ef826b76e80c27f60b266128094f522551459346efcf14282febb3?s=96&d=mm&r=g","contentUrl":"https:\/\/secure.gravatar.com\/avatar\/4a96427877ef826b76e80c27f60b266128094f522551459346efcf14282febb3?s=96&d=mm&r=g","caption":"tainask"},"url":"https:\/\/blogit.lab.fi\/labfocus\/author\/tainask\/"}]}},"_links":{"self":[{"href":"https:\/\/blogit.lab.fi\/labfocus\/wp-json\/wp\/v2\/posts\/21432","targetHints":{"allow":["GET"]}}],"collection":[{"href":"https:\/\/blogit.lab.fi\/labfocus\/wp-json\/wp\/v2\/posts"}],"about":[{"href":"https:\/\/blogit.lab.fi\/labfocus\/wp-json\/wp\/v2\/types\/post"}],"author":[{"embeddable":true,"href":"https:\/\/blogit.lab.fi\/labfocus\/wp-json\/wp\/v2\/users\/17"}],"replies":[{"embeddable":true,"href":"https:\/\/blogit.lab.fi\/labfocus\/wp-json\/wp\/v2\/comments?post=21432"}],"version-history":[{"count":3,"href":"https:\/\/blogit.lab.fi\/labfocus\/wp-json\/wp\/v2\/posts\/21432\/revisions"}],"predecessor-version":[{"id":21439,"href":"https:\/\/blogit.lab.fi\/labfocus\/wp-json\/wp\/v2\/posts\/21432\/revisions\/21439"}],"wp:featuredmedia":[{"embeddable":true,"href":"https:\/\/blogit.lab.fi\/labfocus\/wp-json\/wp\/v2\/media\/21435"}],"wp:attachment":[{"href":"https:\/\/blogit.lab.fi\/labfocus\/wp-json\/wp\/v2\/media?parent=21432"}],"wp:term":[{"taxonomy":"category","embeddable":true,"href":"https:\/\/blogit.lab.fi\/labfocus\/wp-json\/wp\/v2\/categories?post=21432"},{"taxonomy":"post_tag","embeddable":true,"href":"https:\/\/blogit.lab.fi\/labfocus\/wp-json\/wp\/v2\/tags?post=21432"}],"curies":[{"name":"wp","href":"https:\/\/api.w.org\/{rel}","templated":true}]}}